{"id":131299,"date":"2019-03-05T02:03:22","date_gmt":"2019-03-05T01:03:22","guid":{"rendered":"https:\/\/www.24gliwice.pl\/wiadomosci\/?p=131299"},"modified":"2020-05-01T19:34:12","modified_gmt":"2020-05-01T17:34:12","slug":"15-lecie-kabaretu-skeczow-meczacych-w-gliwicach-nie-przegapcie-16-marca-w-bajce","status":"publish","type":"post","link":"https:\/\/www.24gliwice.pl\/wiadomosci\/15-lecie-kabaretu-skeczow-meczacych-w-gliwicach-nie-przegapcie-16-marca-w-bajce\/","title":{"rendered":"15-lecie Kabaretu Skecz\u00f3w M\u0119cz\u0105cych w Gliwicach. Nie przegapcie, 16 marca w Bajce"},"content":{"rendered":"<div class=\"gliwi-a6-nad-leadem-artykulow gliwi-entity-placement\" id=\"gliwi-1568060871\"><div class=\"gliwi-adlabel\"><span style=\"font-size: 9px\">REKLAMA<\/span><\/div><div id=\"gliwi-479119816\" style=\"margin-bottom: 30px;margin-left: auto;margin-right: auto;text-align: center;\"><a data-no-instant=\"1\" href=\"https:\/\/przedszkole.halogen.org.pl\/\" rel=\"noopener\" class=\"a2t-link\" target=\"_blank\" aria-label=\"20260402-ANIMATOR-przedszkole_grafika_750x200\"><img loading=\"lazy\" decoding=\"async\" src=\"https:\/\/www.24gliwice.pl\/wiadomosci\/wp-content\/uploads\/2026\/04\/20260402-ANIMATOR-przedszkole_grafika_750x200.webp\" alt=\"\"  srcset=\"https:\/\/www.24gliwice.pl\/wiadomosci\/wp-content\/uploads\/2026\/04\/20260402-ANIMATOR-przedszkole_grafika_750x200.webp 750w, https:\/\/www.24gliwice.pl\/wiadomosci\/wp-content\/uploads\/2026\/04\/20260402-ANIMATOR-przedszkole_grafika_750x200-410x109.webp 410w\" sizes=\"(max-width: 750px) 100vw, 750px\" class=\"no-lazyload\" width=\"750\" height=\"200\"  style=\"display: inline-block; max-width: 100%; height: auto;\" \/><\/a><\/div><\/div><h3>Od 15 lat na scenie. O drodze na kabaretowy szczyt, urokach \u017cycia w trasie oraz o dawnych i obecnych marzeniach opowiada obchodz\u0105cy sw\u00f3j jubileusz Kabaret Skecz\u00f3w M\u0119cz\u0105cych, kt\u00f3ry ju\u017c 16 marca wyst\u0105pi w Gliwicach.<\/h3>\n<p><iframe loading=\"lazy\" src=\"https:\/\/www.youtube.com\/embed\/ZHN4rIiUnuc\" width=\"810\" height=\"456\" frameborder=\"0\" allowfullscreen=\"allowfullscreen\"><\/iframe><\/p>\n<h4>15 lat.. Pami\u0119tacie jacy byli\u015bcie maj\u0105c 15 lat?<\/h4>\n<p>Na pewno byli\u015bmy du\u017co szczuplejsi. 15 lat to bardzo trudny wiek. Nieustaj\u0105ca walka z tr\u0105dzikiem, premierowe golenie w\u0105s\u00f3w, kt\u00f3re zaczynaj\u0105 wygl\u0105da\u0107 \u017cenuj\u0105co, pierwsze kroki ku wchodzeniu w doros\u0142o\u015b\u0107, w zasadzie ka\u017cdy wtedy marzy\u0142 \u017ceby mie\u0107 ju\u017c 18 lat. Maj\u0105c 15 lat poznali\u015bmy si\u0119 w liceum (Karol, Micha\u0142, Marcin) i okaza\u0142o si\u0119, \u017ce jeste\u015bmy grup\u0105 ludzi, kt\u00f3ra uwielbia si\u0119 \u015bmia\u0107, bawi\u0107 i absolutnie nie bierze \u015bwiata na powa\u017cnie. Du\u017co p\u00f3\u017aniej poznali\u015bmy Jarka, kt\u00f3ry to wra\u017cenie pog\u0142\u0119bi\u0142 i znowu poczuli\u015bmy si\u0119 jakby\u015bmy mieli 15 lat, z t\u0105 r\u00f3\u017cnic\u0105, \u017ce mogli\u015bmy legalnie kupowa\u0107 alkohol.<\/p>\n<h4>A 15 lat temu, kiedy powstawa\u0142 KSM, jakie by\u0142y Wasze marzenia, wyobra\u017cenia o przysz\u0142o\u015bci?<\/h4>\n<p>Byli\u015bmy studentami, na drugim czy trzecim roku studi\u00f3w, nie mieli\u015bmy czasu wyobra\u017ca\u0107 sobie przysz\u0142o\u015bci, to pi\u0119kny czas, gdy jeszcze nic nie musisz. Zda\u0142e\u015b te kilka sesji, a jednocze\u015bnie do ko\u0144ca jest daleko. To by\u0142 idealny moment na realizacj\u0119 swoich marze\u0144 artystycznych. Czerpali\u015bmy ogromn\u0105 rado\u015b\u0107 z samego faktu, \u017ce mo\u017cesz zrobi\u0107 co\u015b, co sprawia przyjemno\u015b\u0107 i pokaza\u0107 to ludziom, a ci ludzie potrafi\u0105 si\u0119 przy tym bawi\u0107, co najwa\u017cniejsze lepiej ni\u017c tw\u00f3rcy. W przypadku KSM nie by\u0142o kalkulacji, nie by\u0142o wyobra\u017ce\u0144 o przysz\u0142o\u015bci, by\u0142o spontanicznie i z maksymalnym ryzykiem, a naszym marzeniem zawsze by\u0142o zosta\u0107 drugim najlepszym kabaretem w Polsce. Dlaczego drugim? \u017beby zawsze mo\u017cna by\u0142o co\u015b jeszcze osi\u0105gn\u0105\u0107.<\/p><div class=\"gliwi-a3-w-tresci-artykulow gliwi-entity-placement\" id=\"gliwi-2714578405\"><div class=\"gliwi-adlabel\"><span style=\"font-size: 9px\">REKLAMA<\/span><\/div><div id=\"gliwi-103331995\" style=\"margin-bottom: 30px;margin-left: auto;margin-right: auto;text-align: center;\"><a data-no-instant=\"1\" href=\"https:\/\/ogrodyandersa.pl\/\" rel=\"noopener\" class=\"a2t-link\" target=\"_blank\" aria-label=\"20260415 Ogrody Andersa KUP TERAZ D\"><img loading=\"lazy\" decoding=\"async\" src=\"https:\/\/www.24gliwice.pl\/wiadomosci\/wp-content\/uploads\/2026\/04\/20260415-Ogrody-Andersa-KUP-TERAZ-D.jpg\" alt=\"\"  srcset=\"https:\/\/www.24gliwice.pl\/wiadomosci\/wp-content\/uploads\/2026\/04\/20260415-Ogrody-Andersa-KUP-TERAZ-D.jpg 750w, https:\/\/www.24gliwice.pl\/wiadomosci\/wp-content\/uploads\/2026\/04\/20260415-Ogrody-Andersa-KUP-TERAZ-D-410x109.jpg 410w\" sizes=\"(max-width: 750px) 100vw, 750px\" class=\"no-lazyload\" width=\"750\" height=\"200\"  style=\"display: inline-block; max-width: 100%; height: auto;\" \/><\/a><\/div><\/div>\n<p><img loading=\"lazy\" decoding=\"async\" src=\"https:\/\/www.24gliwice.pl\/wiadomosci\/wp-content\/uploads\/2015\/03\/KSM-15-lecie-plakat.jpg\" alt=\"\" width=\"571\" height=\"800\" class=\"aligncenter size-full wp-image-131407\" srcset=\"https:\/\/www.24gliwice.pl\/wiadomosci\/wp-content\/uploads\/2015\/03\/KSM-15-lecie-plakat.jpg 571w, https:\/\/www.24gliwice.pl\/wiadomosci\/wp-content\/uploads\/2015\/03\/KSM-15-lecie-plakat-166x232.jpg 166w, https:\/\/www.24gliwice.pl\/wiadomosci\/wp-content\/uploads\/2015\/03\/KSM-15-lecie-plakat-325x455.jpg 325w\" sizes=\"auto, (max-width: 571px) 100vw, 571px\" \/><\/p>\n<h4>&#8230;a\u017c tu nagle mamy 2018 rok, Kabaret Skecz\u00f3w M\u0119cz\u0105cych jest jednym z najbardziej rozpoznawalnych i lubianych kabaret\u00f3w w Polsce. Jak pracuje si\u0119 na tak\u0105 pozycj\u0119? Czemu to zawdzi\u0119czacie?<\/h4>\n<p>Troch\u0119 jak z Cristiano Ronaldo, ci\u0119\u017cka praca, troch\u0119 talentu i mn\u00f3stwo szcz\u0119\u015bcia. Mamy \u015bwiadomo\u015b\u0107, \u017ce jak przestaniemy pracowa\u0107, to gdzie\u015b tam jest Messi. Niepowodzenia tylko nas nakr\u0119caj\u0105. Do tej pory z ka\u017cdej pora\u017cki wychodzili\u015bmy silniejsi. Na pewno pomog\u0142o nam to, \u017ce si\u0119 przyja\u017animy, no i mo\u017ce banalnie to zabrzmi, ale kochamy to, co robimy. Nawet jak jeste\u015bmy zm\u0119czeni, troch\u0119 mniej chce nam si\u0119 wyj\u015b\u0107 na scen\u0119 po raz osiemnasty w tym miesi\u0105cu, to wystarczy, \u017ce poczujemy krew, t\u0119 energi\u0119, kt\u00f3r\u0105 daje publiczno\u015b\u0107 i wychodzi z nas sceniczna bestia.<\/p>\n<h4>Po 15 latach na scenie z pewno\u015bci\u0105 mo\u017cna powiedzie\u0107, \u017ce osi\u0105gn\u0119li\u015bcie artystyczn\u0105 dojrza\u0142o\u015b\u0107. Czy to oznacza, ze teraz lepiej wiecie, co chcecie przekaza\u0107 i jak to osi\u0105gn\u0105\u0107? Co da\u0142 Wam ten czas?<\/h4>\n<p>Na pewno wiemy, \u017ce Kabaret Skecz\u00f3w M\u0119cz\u0105cych ma sw\u00f3j charakter, sw\u00f3j styl. Widz te\u017c wie, czego mo\u017ce si\u0119 spodziewa\u0107 kupuj\u0105c bilet na nasz spektakl. Nasza filozofia kabaretu nie zmieni\u0142a si\u0119 od pocz\u0105tku istnienia, parafrazuj\u0105c Hipokratejskie \u201ePo pierwsze nie szkodzi\u0107\u201d nasza zasada to \u201ePo pierwsze roz\u015bmieszy\u0107\u201d. Zmieniaj\u0105 si\u0119 jedynie sposoby jej osi\u0105gni\u0119cia, zmienia si\u0119 scena kabaretowa, jest stand-up, mo\u017ce troszk\u0119 inne rzeczy bawi\u0105 widza teraz, ni\u017c 15 lat temu. Czerpiemy z tego wszystkiego, staraj\u0105c si\u0119 za tym nad\u0105\u017ca\u0107. Proponowa\u0107 tre\u015bci uniwersalne, ale nie pozbawione pikanterii, kontrowersji, odwa\u017cne. Nie chcemy podoba\u0107 si\u0119 wszystkim. Chcemy robi\u0107 swoje i przekonywa\u0107 do tego widza.<\/p>\n<h4>Ten czas pewnie te\u017c widoczny jest w waszych wzajemnych relacjach. W ko\u0144cu sp\u0119dzacie ze sob\u0105 wi\u0119kszo\u015b\u0107 swojego czasu.<\/h4>\n<p>15 lat to ju\u017c takie dojrza\u0142e ma\u0142\u017ce\u0144stwo. Tak si\u0119 te\u017c czujemy, wiemy o sobie wszystko, mo\u017ce w\u0142a\u015bnie to pozwala nam ze sob\u0105 w miar\u0119 spokojnie \u017cy\u0107. Jak w ma\u0142\u017ce\u0144stwie zdarzaj\u0105 si\u0119 przepi\u0119cia, k\u0142\u00f3tnie, r\u00f3\u017cnice zda\u0144, ale potem idziemy do \u0142\u00f3\u017cka, godzimy si\u0119 i nikt si\u0119 nie chce rozwodzi\u0107. Chcieliby\u015bmy podkre\u015bli\u0107, \u017ce to z p\u00f3j\u015bciem do \u0142\u00f3\u017cka to metafora sceny &#8211; tak naprawd\u0119 sypiamy w osobnych pokojach, a tym samym w osobnych \u0142\u00f3\u017ckach&#8230; przynajmniej na razie.<\/p>\n<h4>Rodzaj\u00f3w humoru oraz typ\u00f3w kabaretu mamy w Polsce na p\u0119czki. Gdyby\u015bcie mieli okre\u015bli\u0107 jakim kabaretem jest Kabaret Skecz\u00f3w M\u0119cz\u0105cych co by\u015bcie powiedzieli?<\/h4>\n<p>Staramy si\u0119 by\u0107 kabaretem nowoczesnym, cho\u0107 nie odcinaj\u0105cym si\u0119 te\u017c od klasycznych form kabaretowych. Lubimy by\u0107 aktualni, energiczni i kreatywnie obserwowa\u0107 otaczaj\u0105c\u0105 nas rzeczywisto\u015b\u0107. Silne postacie, spontaniczno\u015b\u0107 i du\u017ca doza improwizacji to ju\u017c nasze znaki rozpoznawcze. \u017badnej z tych cech nie zabraknie w naszym najnowszym spektaklu. B\u0119dzie r\u00f3wnie\u017c mn\u00f3stwo interakcji w Wami, widzami, wi\u0119c&#8230;zapraszamy serdecznie do pierwszych rz\u0119d\u00f3w :)<\/p>\n<h4>Co jeszcze przygotowali\u015bcie w ramach jubileuszowego programu? Czego fani mog\u0105 si\u0119 spodziewa\u0107 po tej trasie?<\/h4>\n<p>B\u0119dzie premierowo. Powr\u00f3ci plejada naszych najbardziej rozpoznawalnych postaci, tych kt\u00f3re pojawia\u0142y si\u0119 przez lata w najpopularniejszych KSMowych hitach. Pojawi\u0105 si\u0119 one jednak w zupe\u0142nie nowych, zaskakuj\u0105cych premierowych ods\u0142onach. Spotkacie wi\u0119c mi\u0119dzy innymi ekip\u0119 z legendarnych <a href=\"http:\/\/prezentnachrzciny.pl\/\" rel=\"noopener noreferrer\" target=\"_blank\">Chrzcin<\/a> podczas pr\u00f3by zorganizowania kolejnej bardzo wa\u017cnej rodzinnej uroczysto\u015bci, Jadwig\u0119 Pa\u017adzierz uwik\u0142an\u0105 w kolejn\u0105 sytuacj\u0119 bez wyj\u015bcia, Bu\u017ak\u0119 i Z\u0119ba podczas kolejnej brawurowej pr\u00f3by zorganizowania got\u00f3wki, Buni\u0119 wspomagaj\u0105c\u0105 Marka w nowej potyczce z pracownikem MOPS czy nieprzewidywalny wywiad z zespo\u0142em Puerto Rico ods\u0142aniaj\u0105cy kulisy bran\u017cy disco i wiele wiele wi\u0119cej. Nie mo\u017ce Was tam zabrakn\u0105\u0107!<\/p>\n<p><img loading=\"lazy\" decoding=\"async\" src=\"https:\/\/www.24gliwice.pl\/wiadomosci\/wp-content\/uploads\/2019\/03\/1-kabaretskeczowmeczacych2.jpg\" alt=\"\" width=\"810\" height=\"540\" class=\"aligncenter size-full wp-image-131302\" srcset=\"https:\/\/www.24gliwice.pl\/wiadomosci\/wp-content\/uploads\/2019\/03\/1-kabaretskeczowmeczacych2.jpg 810w, https:\/\/www.24gliwice.pl\/wiadomosci\/wp-content\/uploads\/2019\/03\/1-kabaretskeczowmeczacych2-348x232.jpg 348w, https:\/\/www.24gliwice.pl\/wiadomosci\/wp-content\/uploads\/2019\/03\/1-kabaretskeczowmeczacych2-768x512.jpg 768w, https:\/\/www.24gliwice.pl\/wiadomosci\/wp-content\/uploads\/2019\/03\/1-kabaretskeczowmeczacych2-683x455.jpg 683w\" sizes=\"auto, (max-width: 810px) 100vw, 810px\" \/><\/p>\n<h4>Urodziny b\u0119d\u0105 bezalkoholowe;)?<\/h4>\n<p>Zdania na ten temat, dok\u0142adnie tak jak w naszych Chrzcinach s\u0105 podzielone;) Ale jak to nasz Andrzej mawia, alkohol to nie problem, to jest hobby :) Jeste\u015bmy pewni \u017ce znajdziemy jakie\u015b rozs\u0105dne wyj\u015bcie z tego sporu.<\/p>\n<h4>W ramach jubileuszowej trasy odwiedzicie tak\u017ce Gliwice. Czego spodziewacie si\u0119 po publiczno\u015bci w tym mie\u015bcie?<\/h4>\n<p>Gliwic nie mog\u0142o zabrakn\u0105\u0107 na naszym jubileuszowym szlaku. Wszystkie nasze dotychczasowe spektakle prezentowane tutaj spotyka\u0142y si\u0119 z niesamowitym odbiorem i niezapomnianymi chwilami. B\u0105d\u017acie gotowi, bo my z pewno\u015bci\u0105 przygotujemy si\u0119 do tego spotkania. Nie oszcz\u0119dzimy nawet lokalnych wydarze\u0144, ciekawostek czy afer, pod\u0105\u017caj\u0105c za star\u0105 prawd\u0105, i\u017c bez ryzyka nie ma zabawy. W Gliwicach zawsze by\u0142o fantastycznie, i tym razem r\u00f3wnie\u017c, ze \u015bwie\u017cutkim materia\u0142em, postaramy si\u0119 tego nie.. spasteryzowa\u0107 :).<\/p>\n<h4>Czego \u017cyczy\u0107 KSMom na 15 urodziny?<\/h4>\n<p>Zdrowia, szcz\u0119\u015bcia, pomy\u015blno\u015bci ;)\u2026 troszk\u0119 lepszych wynik\u00f3w bada\u0144 (no dobrze, chocia\u017c \u017ceby si\u0119 nie pogarsza\u0142y) pe\u0142nych sal, mn\u00f3stwa pomys\u0142\u00f3w, i kolejnych takich szalonych, niezapomnianych pi\u0119tnastu lat.<\/p>\n<h4>Aha, i najwa\u017cniejsze&#8230; Wy, nasi fani i sympatycy wci\u0105\u017c b\u0105d\u017acie tak genialni i fantastyczni jak teraz, to b\u0119dzie dla Nas najwspanialszy prezent.<\/h4>\n<p>Przez 15 lat na scenie Kabaret Skecz\u00f3w M\u0119cz\u0105cych zd\u0105\u017cy\u0142 udowodni\u0107, \u017ce jest jedn\u0105 z najja\u015bniejszych gwiazd polskiego kabaretu. To w\u0142a\u015bnie KSM wprowadzi\u0142 na scen\u0119, a potem w codzienne anegdoty ca\u0142\u0105 mas\u0119 charakterystycznych postaci, powiedze\u0144 i \u017cart\u00f3w. I w\u0142a\u015bnie niepowtarzalni bohaterowie ich skecz\u00f3w b\u0119d\u0105 motywem przewodnim spektaklu z okazji 15-lecia zespo\u0142u. Zupe\u0142nie nowe perypetie tych, dzi\u0119ki kt\u00f3rym pokochali\u015bcie Kabaret Skecz\u00f3w M\u0119cz\u0105cych. Najbardziej lubiane postaci w niespotykanych dot\u0105d ods\u0142onach. Premierowy program, pe\u0142en nowych skeczy, kt\u00f3re ju\u017c zaraz stan\u0105 si\u0119 absolutnymi hitami.<\/p>\n<p>Pami\u0119tasz jak to by\u0142o mie\u0107 15 lat? \u2013 taki w\u0142a\u015bnie jest program Kabaretu Skecz\u00f3w M\u0119cz\u0105cych \u2013 pe\u0142en entuzjazmu, lekko\u015bci i niepohamowanej rado\u015bci. W po\u0142\u0105czeniu ze scenicznym do\u015bwiadczeniem i niepowtarzalnym stylem KSM powsta\u0142 legendarny spektakl, kt\u00f3rego nie mo\u017cesz przegapi\u0107.<\/p>\n<h4><span style=\"color: #ff0000;\"><strong>Data i godzina: sobota, 16 marca 2019, godz. 17:00<\/strong><\/span><br \/>\n<span style=\"color: #ff0000;\"><strong>Gdzie: Scena Bajka &#8211; Kino Amok<\/strong><\/span><br \/>\n<span style=\"color: #ff0000;\"><strong>Gliwice, ul. Dolnych Wa\u0142\u00f3w 3<\/strong><\/span><\/h4>\n<p>Informacje i bilety kupisz on-line: <a href=\"https:\/\/kabaretowebilety.pl\/gliwice-kabaret-skeczow-meczacych-15-lecie-kabaretu\/wydarzenie\/766\">https:\/\/kabaretowebilety.pl\/gliwice-kabaret-skeczow-meczacych-15-lecie-kabaretu\/wydarzenie\/766<\/a><br \/>\noraz w kasie Kina Amok i Teatru Miejskiego w Gliwicach.<\/p>\n<p><em>(materia\u0142 partnera)<\/em><\/p>\n<div class=\"gliwi-a5-na-koncu-artykulow gliwi-entity-placement\" id=\"gliwi-2069401293\"><div class=\"gliwi-adlabel\"><span style=\"font-size: 9px\">REKLAMA<\/span><\/div><div id=\"gliwi-395391160\" style=\"margin-left: auto;margin-right: auto;text-align: center;\"><a data-no-instant=\"1\" href=\"https:\/\/prezeroarenagliwice.pl\/\" rel=\"noopener\" class=\"a2t-link\" target=\"_blank\" aria-label=\"20260309-PREZERO-WIOSNA-D\"><img loading=\"lazy\" decoding=\"async\" src=\"https:\/\/www.24gliwice.pl\/wiadomosci\/wp-content\/uploads\/2026\/03\/20260309-PREZERO-WIOSNA-D.webp\" alt=\"\"  srcset=\"https:\/\/www.24gliwice.pl\/wiadomosci\/wp-content\/uploads\/2026\/03\/20260309-PREZERO-WIOSNA-D.webp 750w, https:\/\/www.24gliwice.pl\/wiadomosci\/wp-content\/uploads\/2026\/03\/20260309-PREZERO-WIOSNA-D-410x109.webp 410w\" sizes=\"(max-width: 750px) 100vw, 750px\" class=\"no-lazyload\" width=\"750\" height=\"200\"  style=\"display: inline-block; max-width: 100%; height: auto;\" \/><\/a><\/div><\/div>","protected":false},"excerpt":{"rendered":"<p>Od 15 lat na scenie. O drodze na kabaretowy szczyt, urokach \u017cycia w trasie oraz o dawnych i obecnych marzeniach opowiada obchodz\u0105cy sw\u00f3j jubileusz Kabaret Skecz\u00f3w M\u0119cz\u0105cych, kt\u00f3ry ju\u017c 16 marca wyst\u0105pi w Gliwicach. 15 lat.. Pami\u0119tacie jacy byli\u015bcie maj\u0105c 15 lat? Na pewno byli\u015bmy du\u017co szczuplejsi. 15 lat to bardzo trudny wiek. Nieustaj\u0105ca walka [&hellip;]<\/p>\n","protected":false},"author":4,"featured_media":131301,"comment_status":"closed","ping_status":"closed","sticky":false,"template":"","format":"standard","meta":{"_monsterinsights_skip_tracking":false,"_monsterinsights_sitenote_active":false,"_monsterinsights_sitenote_note":"","_monsterinsights_sitenote_category":0,"footnotes":"","_links_to":"","_links_to_target":""},"categories":[3,6,1,1129],"tags":[7242],"class_list":["post-131299","post","type-post","status-publish","format-standard","has-post-thumbnail","hentry","category-gliwice","category-kultura","category-wszystko","category-polecamy","tag-kabaret"],"yoast_head":"<!-- This site is optimized with the Yoast SEO plugin v27.5 - https:\/\/yoast.com\/product\/yoast-seo-wordpress\/ -->\n<title>15-lecie Kabaretu Skecz\u00f3w M\u0119cz\u0105cych w Gliwicach. Nie przegapcie, 16 marca w Bajce - 24GLIWICE - Portal Gliwice | codziennie nowe informacje<\/title>\n<meta name=\"robots\" content=\"index, follow, max-snippet:-1, max-image-preview:large, max-video-preview:-1\" \/>\n<link rel=\"canonical\" href=\"https:\/\/www.24gliwice.pl\/wiadomosci\/15-lecie-kabaretu-skeczow-meczacych-w-gliwicach-nie-przegapcie-16-marca-w-bajce\/\" \/>\n<meta property=\"og:locale\" content=\"pl_PL\" \/>\n<meta property=\"og:type\" content=\"article\" \/>\n<meta property=\"og:title\" content=\"15-lecie Kabaretu Skecz\u00f3w M\u0119cz\u0105cych w Gliwicach. Nie przegapcie, 16 marca w Bajce - 24GLIWICE - Portal Gliwice | codziennie nowe informacje\" \/>\n<meta property=\"og:description\" content=\"Od 15 lat na scenie. O drodze na kabaretowy szczyt, urokach \u017cycia w trasie oraz o dawnych i obecnych marzeniach opowiada obchodz\u0105cy sw\u00f3j jubileusz Kabaret Skecz\u00f3w M\u0119cz\u0105cych, kt\u00f3ry ju\u017c 16 marca wyst\u0105pi w Gliwicach. 15 lat.. Pami\u0119tacie jacy byli\u015bcie maj\u0105c 15 lat? Na pewno byli\u015bmy du\u017co szczuplejsi. 15 lat to bardzo trudny wiek. Nieustaj\u0105ca walka [&hellip;]\" \/>\n<meta property=\"og:url\" content=\"https:\/\/www.24gliwice.pl\/wiadomosci\/15-lecie-kabaretu-skeczow-meczacych-w-gliwicach-nie-przegapcie-16-marca-w-bajce\/\" \/>\n<meta property=\"og:site_name\" content=\"24GLIWICE - Portal Gliwice | codziennie nowe informacje\" \/>\n<meta property=\"article:publisher\" content=\"https:\/\/www.facebook.com\/24gliwice\" \/>\n<meta property=\"article:author\" content=\"https:\/\/www.facebook.com\/marcin.fabrykowski\" \/>\n<meta property=\"article:published_time\" content=\"2019-03-05T01:03:22+00:00\" \/>\n<meta property=\"article:modified_time\" content=\"2020-05-01T17:34:12+00:00\" \/>\n<meta property=\"og:image\" content=\"https:\/\/www.24gliwice.pl\/wiadomosci\/wp-content\/uploads\/2019\/03\/1-kabaretskeczowmeczacych1.jpg\" \/>\n\t<meta property=\"og:image:width\" content=\"1140\" \/>\n\t<meta property=\"og:image:height\" content=\"643\" \/>\n\t<meta property=\"og:image:type\" content=\"image\/jpeg\" \/>\n<meta name=\"author\" content=\"Marcin Fabrykowski\" \/>\n<meta name=\"twitter:card\" content=\"summary_large_image\" \/>\n<meta name=\"twitter:creator\" content=\"@24gliwice\" \/>\n<meta name=\"twitter:site\" content=\"@24gliwice\" \/>\n<meta name=\"twitter:label1\" content=\"Napisane przez\" \/>\n\t<meta name=\"twitter:data1\" content=\"Marcin Fabrykowski\" \/>\n\t<meta name=\"twitter:label2\" content=\"Szacowany czas czytania\" \/>\n\t<meta name=\"twitter:data2\" content=\"7 minut\" \/>\n<script type=\"application\/ld+json\" class=\"yoast-schema-graph\">{\"@context\":\"https:\\\/\\\/schema.org\",\"@graph\":[{\"@type\":\"Article\",\"@id\":\"https:\\\/\\\/www.24gliwice.pl\\\/wiadomosci\\\/15-lecie-kabaretu-skeczow-meczacych-w-gliwicach-nie-przegapcie-16-marca-w-bajce\\\/#article\",\"isPartOf\":{\"@id\":\"https:\\\/\\\/www.24gliwice.pl\\\/wiadomosci\\\/15-lecie-kabaretu-skeczow-meczacych-w-gliwicach-nie-przegapcie-16-marca-w-bajce\\\/\"},\"author\":{\"name\":\"Marcin Fabrykowski\",\"@id\":\"https:\\\/\\\/www.24gliwice.pl\\\/wiadomosci\\\/#\\\/schema\\\/person\\\/cb5857e4a4d048c15984c1edcc8ef0c0\"},\"headline\":\"15-lecie Kabaretu Skecz\u00f3w M\u0119cz\u0105cych w Gliwicach. Nie przegapcie, 16 marca w Bajce\",\"datePublished\":\"2019-03-05T01:03:22+00:00\",\"dateModified\":\"2020-05-01T17:34:12+00:00\",\"mainEntityOfPage\":{\"@id\":\"https:\\\/\\\/www.24gliwice.pl\\\/wiadomosci\\\/15-lecie-kabaretu-skeczow-meczacych-w-gliwicach-nie-przegapcie-16-marca-w-bajce\\\/\"},\"wordCount\":1351,\"publisher\":{\"@id\":\"https:\\\/\\\/www.24gliwice.pl\\\/wiadomosci\\\/#organization\"},\"image\":{\"@id\":\"https:\\\/\\\/www.24gliwice.pl\\\/wiadomosci\\\/15-lecie-kabaretu-skeczow-meczacych-w-gliwicach-nie-przegapcie-16-marca-w-bajce\\\/#primaryimage\"},\"thumbnailUrl\":\"https:\\\/\\\/www.24gliwice.pl\\\/wiadomosci\\\/wp-content\\\/uploads\\\/2019\\\/03\\\/1-kabaretskeczowmeczacych1.jpg\",\"keywords\":[\"KABARET\"],\"articleSection\":[\"Gliwice\",\"Kultura, wydarzenia, imprezy\",\"Najnowsze wiadomo\u015bci\",\"Polecamy\"],\"inLanguage\":\"pl-PL\"},{\"@type\":\"WebPage\",\"@id\":\"https:\\\/\\\/www.24gliwice.pl\\\/wiadomosci\\\/15-lecie-kabaretu-skeczow-meczacych-w-gliwicach-nie-przegapcie-16-marca-w-bajce\\\/\",\"url\":\"https:\\\/\\\/www.24gliwice.pl\\\/wiadomosci\\\/15-lecie-kabaretu-skeczow-meczacych-w-gliwicach-nie-przegapcie-16-marca-w-bajce\\\/\",\"name\":\"15-lecie Kabaretu Skecz\u00f3w M\u0119cz\u0105cych w Gliwicach. Nie przegapcie, 16 marca w Bajce - 24GLIWICE - Portal Gliwice | codziennie nowe informacje\",\"isPartOf\":{\"@id\":\"https:\\\/\\\/www.24gliwice.pl\\\/wiadomosci\\\/#website\"},\"primaryImageOfPage\":{\"@id\":\"https:\\\/\\\/www.24gliwice.pl\\\/wiadomosci\\\/15-lecie-kabaretu-skeczow-meczacych-w-gliwicach-nie-przegapcie-16-marca-w-bajce\\\/#primaryimage\"},\"image\":{\"@id\":\"https:\\\/\\\/www.24gliwice.pl\\\/wiadomosci\\\/15-lecie-kabaretu-skeczow-meczacych-w-gliwicach-nie-przegapcie-16-marca-w-bajce\\\/#primaryimage\"},\"thumbnailUrl\":\"https:\\\/\\\/www.24gliwice.pl\\\/wiadomosci\\\/wp-content\\\/uploads\\\/2019\\\/03\\\/1-kabaretskeczowmeczacych1.jpg\",\"datePublished\":\"2019-03-05T01:03:22+00:00\",\"dateModified\":\"2020-05-01T17:34:12+00:00\",\"breadcrumb\":{\"@id\":\"https:\\\/\\\/www.24gliwice.pl\\\/wiadomosci\\\/15-lecie-kabaretu-skeczow-meczacych-w-gliwicach-nie-przegapcie-16-marca-w-bajce\\\/#breadcrumb\"},\"inLanguage\":\"pl-PL\",\"potentialAction\":[{\"@type\":\"ReadAction\",\"target\":[\"https:\\\/\\\/www.24gliwice.pl\\\/wiadomosci\\\/15-lecie-kabaretu-skeczow-meczacych-w-gliwicach-nie-przegapcie-16-marca-w-bajce\\\/\"]}]},{\"@type\":\"ImageObject\",\"inLanguage\":\"pl-PL\",\"@id\":\"https:\\\/\\\/www.24gliwice.pl\\\/wiadomosci\\\/15-lecie-kabaretu-skeczow-meczacych-w-gliwicach-nie-przegapcie-16-marca-w-bajce\\\/#primaryimage\",\"url\":\"https:\\\/\\\/www.24gliwice.pl\\\/wiadomosci\\\/wp-content\\\/uploads\\\/2019\\\/03\\\/1-kabaretskeczowmeczacych1.jpg\",\"contentUrl\":\"https:\\\/\\\/www.24gliwice.pl\\\/wiadomosci\\\/wp-content\\\/uploads\\\/2019\\\/03\\\/1-kabaretskeczowmeczacych1.jpg\",\"width\":1140,\"height\":643},{\"@type\":\"BreadcrumbList\",\"@id\":\"https:\\\/\\\/www.24gliwice.pl\\\/wiadomosci\\\/15-lecie-kabaretu-skeczow-meczacych-w-gliwicach-nie-przegapcie-16-marca-w-bajce\\\/#breadcrumb\",\"itemListElement\":[{\"@type\":\"ListItem\",\"position\":1,\"name\":\"Strona g\u0142\u00f3wna\",\"item\":\"https:\\\/\\\/www.24gliwice.pl\\\/wiadomosci\\\/\"},{\"@type\":\"ListItem\",\"position\":2,\"name\":\"15-lecie Kabaretu Skecz\u00f3w M\u0119cz\u0105cych w Gliwicach. Nie przegapcie, 16 marca w Bajce\"}]},{\"@type\":\"WebSite\",\"@id\":\"https:\\\/\\\/www.24gliwice.pl\\\/wiadomosci\\\/#website\",\"url\":\"https:\\\/\\\/www.24gliwice.pl\\\/wiadomosci\\\/\",\"name\":\"24GLIWICE - Portal Gliwice | codziennie nowe wiadomo\u015bci\",\"description\":\"Portal Miejski Gliwice\",\"publisher\":{\"@id\":\"https:\\\/\\\/www.24gliwice.pl\\\/wiadomosci\\\/#organization\"},\"potentialAction\":[{\"@type\":\"SearchAction\",\"target\":{\"@type\":\"EntryPoint\",\"urlTemplate\":\"https:\\\/\\\/www.24gliwice.pl\\\/wiadomosci\\\/?s={search_term_string}\"},\"query-input\":{\"@type\":\"PropertyValueSpecification\",\"valueRequired\":true,\"valueName\":\"search_term_string\"}}],\"inLanguage\":\"pl-PL\"},{\"@type\":\"Organization\",\"@id\":\"https:\\\/\\\/www.24gliwice.pl\\\/wiadomosci\\\/#organization\",\"name\":\"24gliwice\",\"url\":\"https:\\\/\\\/www.24gliwice.pl\\\/wiadomosci\\\/\",\"logo\":{\"@type\":\"ImageObject\",\"inLanguage\":\"pl-PL\",\"@id\":\"https:\\\/\\\/www.24gliwice.pl\\\/wiadomosci\\\/#\\\/schema\\\/logo\\\/image\\\/\",\"url\":\"https:\\\/\\\/www.24gliwice.pl\\\/wiadomosci\\\/wp-content\\\/uploads\\\/2024\\\/10\\\/24gliwice-logo-696.jpg\",\"contentUrl\":\"https:\\\/\\\/www.24gliwice.pl\\\/wiadomosci\\\/wp-content\\\/uploads\\\/2024\\\/10\\\/24gliwice-logo-696.jpg\",\"width\":696,\"height\":696,\"caption\":\"24gliwice\"},\"image\":{\"@id\":\"https:\\\/\\\/www.24gliwice.pl\\\/wiadomosci\\\/#\\\/schema\\\/logo\\\/image\\\/\"},\"sameAs\":[\"https:\\\/\\\/www.facebook.com\\\/24gliwice\",\"https:\\\/\\\/x.com\\\/24gliwice\",\"https:\\\/\\\/www.youtube.com\\\/@24gliwice\"]},{\"@type\":\"Person\",\"@id\":\"https:\\\/\\\/www.24gliwice.pl\\\/wiadomosci\\\/#\\\/schema\\\/person\\\/cb5857e4a4d048c15984c1edcc8ef0c0\",\"name\":\"Marcin Fabrykowski\",\"image\":{\"@type\":\"ImageObject\",\"inLanguage\":\"pl-PL\",\"@id\":\"https:\\\/\\\/www.24gliwice.pl\\\/wiadomosci\\\/wp-content\\\/uploads\\\/2025\\\/11\\\/zdjecie-moje-marcin-300-96x96.jpg\",\"url\":\"https:\\\/\\\/www.24gliwice.pl\\\/wiadomosci\\\/wp-content\\\/uploads\\\/2025\\\/11\\\/zdjecie-moje-marcin-300-96x96.jpg\",\"contentUrl\":\"https:\\\/\\\/www.24gliwice.pl\\\/wiadomosci\\\/wp-content\\\/uploads\\\/2025\\\/11\\\/zdjecie-moje-marcin-300-96x96.jpg\",\"caption\":\"Marcin Fabrykowski\"},\"sameAs\":[\"http:\\\/\\\/24gliwice.pl\",\"https:\\\/\\\/www.facebook.com\\\/marcin.fabrykowski\"],\"url\":\"https:\\\/\\\/www.24gliwice.pl\\\/wiadomosci\\\/author\\\/marcin-fabrykowski\\\/\"}]}<\/script>\n<!-- \/ Yoast SEO plugin. -->","yoast_head_json":{"title":"15-lecie Kabaretu Skecz\u00f3w M\u0119cz\u0105cych w Gliwicach. Nie przegapcie, 16 marca w Bajce - 24GLIWICE - Portal Gliwice | codziennie nowe informacje","robots":{"index":"index","follow":"follow","max-snippet":"max-snippet:-1","max-image-preview":"max-image-preview:large","max-video-preview":"max-video-preview:-1"},"canonical":"https:\/\/www.24gliwice.pl\/wiadomosci\/15-lecie-kabaretu-skeczow-meczacych-w-gliwicach-nie-przegapcie-16-marca-w-bajce\/","og_locale":"pl_PL","og_type":"article","og_title":"15-lecie Kabaretu Skecz\u00f3w M\u0119cz\u0105cych w Gliwicach. Nie przegapcie, 16 marca w Bajce - 24GLIWICE - Portal Gliwice | codziennie nowe informacje","og_description":"Od 15 lat na scenie. O drodze na kabaretowy szczyt, urokach \u017cycia w trasie oraz o dawnych i obecnych marzeniach opowiada obchodz\u0105cy sw\u00f3j jubileusz Kabaret Skecz\u00f3w M\u0119cz\u0105cych, kt\u00f3ry ju\u017c 16 marca wyst\u0105pi w Gliwicach. 15 lat.. Pami\u0119tacie jacy byli\u015bcie maj\u0105c 15 lat? Na pewno byli\u015bmy du\u017co szczuplejsi. 15 lat to bardzo trudny wiek. Nieustaj\u0105ca walka [&hellip;]","og_url":"https:\/\/www.24gliwice.pl\/wiadomosci\/15-lecie-kabaretu-skeczow-meczacych-w-gliwicach-nie-przegapcie-16-marca-w-bajce\/","og_site_name":"24GLIWICE - Portal Gliwice | codziennie nowe informacje","article_publisher":"https:\/\/www.facebook.com\/24gliwice","article_author":"https:\/\/www.facebook.com\/marcin.fabrykowski","article_published_time":"2019-03-05T01:03:22+00:00","article_modified_time":"2020-05-01T17:34:12+00:00","og_image":[{"width":1140,"height":643,"url":"https:\/\/www.24gliwice.pl\/wiadomosci\/wp-content\/uploads\/2019\/03\/1-kabaretskeczowmeczacych1.jpg","type":"image\/jpeg"}],"author":"Marcin Fabrykowski","twitter_card":"summary_large_image","twitter_creator":"@24gliwice","twitter_site":"@24gliwice","twitter_misc":{"Napisane przez":"Marcin Fabrykowski","Szacowany czas czytania":"7 minut"},"schema":{"@context":"https:\/\/schema.org","@graph":[{"@type":"Article","@id":"https:\/\/www.24gliwice.pl\/wiadomosci\/15-lecie-kabaretu-skeczow-meczacych-w-gliwicach-nie-przegapcie-16-marca-w-bajce\/#article","isPartOf":{"@id":"https:\/\/www.24gliwice.pl\/wiadomosci\/15-lecie-kabaretu-skeczow-meczacych-w-gliwicach-nie-przegapcie-16-marca-w-bajce\/"},"author":{"name":"Marcin Fabrykowski","@id":"https:\/\/www.24gliwice.pl\/wiadomosci\/#\/schema\/person\/cb5857e4a4d048c15984c1edcc8ef0c0"},"headline":"15-lecie Kabaretu Skecz\u00f3w M\u0119cz\u0105cych w Gliwicach. Nie przegapcie, 16 marca w Bajce","datePublished":"2019-03-05T01:03:22+00:00","dateModified":"2020-05-01T17:34:12+00:00","mainEntityOfPage":{"@id":"https:\/\/www.24gliwice.pl\/wiadomosci\/15-lecie-kabaretu-skeczow-meczacych-w-gliwicach-nie-przegapcie-16-marca-w-bajce\/"},"wordCount":1351,"publisher":{"@id":"https:\/\/www.24gliwice.pl\/wiadomosci\/#organization"},"image":{"@id":"https:\/\/www.24gliwice.pl\/wiadomosci\/15-lecie-kabaretu-skeczow-meczacych-w-gliwicach-nie-przegapcie-16-marca-w-bajce\/#primaryimage"},"thumbnailUrl":"https:\/\/www.24gliwice.pl\/wiadomosci\/wp-content\/uploads\/2019\/03\/1-kabaretskeczowmeczacych1.jpg","keywords":["KABARET"],"articleSection":["Gliwice","Kultura, wydarzenia, imprezy","Najnowsze wiadomo\u015bci","Polecamy"],"inLanguage":"pl-PL"},{"@type":"WebPage","@id":"https:\/\/www.24gliwice.pl\/wiadomosci\/15-lecie-kabaretu-skeczow-meczacych-w-gliwicach-nie-przegapcie-16-marca-w-bajce\/","url":"https:\/\/www.24gliwice.pl\/wiadomosci\/15-lecie-kabaretu-skeczow-meczacych-w-gliwicach-nie-przegapcie-16-marca-w-bajce\/","name":"15-lecie Kabaretu Skecz\u00f3w M\u0119cz\u0105cych w Gliwicach. Nie przegapcie, 16 marca w Bajce - 24GLIWICE - Portal Gliwice | codziennie nowe informacje","isPartOf":{"@id":"https:\/\/www.24gliwice.pl\/wiadomosci\/#website"},"primaryImageOfPage":{"@id":"https:\/\/www.24gliwice.pl\/wiadomosci\/15-lecie-kabaretu-skeczow-meczacych-w-gliwicach-nie-przegapcie-16-marca-w-bajce\/#primaryimage"},"image":{"@id":"https:\/\/www.24gliwice.pl\/wiadomosci\/15-lecie-kabaretu-skeczow-meczacych-w-gliwicach-nie-przegapcie-16-marca-w-bajce\/#primaryimage"},"thumbnailUrl":"https:\/\/www.24gliwice.pl\/wiadomosci\/wp-content\/uploads\/2019\/03\/1-kabaretskeczowmeczacych1.jpg","datePublished":"2019-03-05T01:03:22+00:00","dateModified":"2020-05-01T17:34:12+00:00","breadcrumb":{"@id":"https:\/\/www.24gliwice.pl\/wiadomosci\/15-lecie-kabaretu-skeczow-meczacych-w-gliwicach-nie-przegapcie-16-marca-w-bajce\/#breadcrumb"},"inLanguage":"pl-PL","potentialAction":[{"@type":"ReadAction","target":["https:\/\/www.24gliwice.pl\/wiadomosci\/15-lecie-kabaretu-skeczow-meczacych-w-gliwicach-nie-przegapcie-16-marca-w-bajce\/"]}]},{"@type":"ImageObject","inLanguage":"pl-PL","@id":"https:\/\/www.24gliwice.pl\/wiadomosci\/15-lecie-kabaretu-skeczow-meczacych-w-gliwicach-nie-przegapcie-16-marca-w-bajce\/#primaryimage","url":"https:\/\/www.24gliwice.pl\/wiadomosci\/wp-content\/uploads\/2019\/03\/1-kabaretskeczowmeczacych1.jpg","contentUrl":"https:\/\/www.24gliwice.pl\/wiadomosci\/wp-content\/uploads\/2019\/03\/1-kabaretskeczowmeczacych1.jpg","width":1140,"height":643},{"@type":"BreadcrumbList","@id":"https:\/\/www.24gliwice.pl\/wiadomosci\/15-lecie-kabaretu-skeczow-meczacych-w-gliwicach-nie-przegapcie-16-marca-w-bajce\/#breadcrumb","itemListElement":[{"@type":"ListItem","position":1,"name":"Strona g\u0142\u00f3wna","item":"https:\/\/www.24gliwice.pl\/wiadomosci\/"},{"@type":"ListItem","position":2,"name":"15-lecie Kabaretu Skecz\u00f3w M\u0119cz\u0105cych w Gliwicach. Nie przegapcie, 16 marca w Bajce"}]},{"@type":"WebSite","@id":"https:\/\/www.24gliwice.pl\/wiadomosci\/#website","url":"https:\/\/www.24gliwice.pl\/wiadomosci\/","name":"24GLIWICE - Portal Gliwice | codziennie nowe wiadomo\u015bci","description":"Portal Miejski Gliwice","publisher":{"@id":"https:\/\/www.24gliwice.pl\/wiadomosci\/#organization"},"potentialAction":[{"@type":"SearchAction","target":{"@type":"EntryPoint","urlTemplate":"https:\/\/www.24gliwice.pl\/wiadomosci\/?s={search_term_string}"},"query-input":{"@type":"PropertyValueSpecification","valueRequired":true,"valueName":"search_term_string"}}],"inLanguage":"pl-PL"},{"@type":"Organization","@id":"https:\/\/www.24gliwice.pl\/wiadomosci\/#organization","name":"24gliwice","url":"https:\/\/www.24gliwice.pl\/wiadomosci\/","logo":{"@type":"ImageObject","inLanguage":"pl-PL","@id":"https:\/\/www.24gliwice.pl\/wiadomosci\/#\/schema\/logo\/image\/","url":"https:\/\/www.24gliwice.pl\/wiadomosci\/wp-content\/uploads\/2024\/10\/24gliwice-logo-696.jpg","contentUrl":"https:\/\/www.24gliwice.pl\/wiadomosci\/wp-content\/uploads\/2024\/10\/24gliwice-logo-696.jpg","width":696,"height":696,"caption":"24gliwice"},"image":{"@id":"https:\/\/www.24gliwice.pl\/wiadomosci\/#\/schema\/logo\/image\/"},"sameAs":["https:\/\/www.facebook.com\/24gliwice","https:\/\/x.com\/24gliwice","https:\/\/www.youtube.com\/@24gliwice"]},{"@type":"Person","@id":"https:\/\/www.24gliwice.pl\/wiadomosci\/#\/schema\/person\/cb5857e4a4d048c15984c1edcc8ef0c0","name":"Marcin Fabrykowski","image":{"@type":"ImageObject","inLanguage":"pl-PL","@id":"https:\/\/www.24gliwice.pl\/wiadomosci\/wp-content\/uploads\/2025\/11\/zdjecie-moje-marcin-300-96x96.jpg","url":"https:\/\/www.24gliwice.pl\/wiadomosci\/wp-content\/uploads\/2025\/11\/zdjecie-moje-marcin-300-96x96.jpg","contentUrl":"https:\/\/www.24gliwice.pl\/wiadomosci\/wp-content\/uploads\/2025\/11\/zdjecie-moje-marcin-300-96x96.jpg","caption":"Marcin Fabrykowski"},"sameAs":["http:\/\/24gliwice.pl","https:\/\/www.facebook.com\/marcin.fabrykowski"],"url":"https:\/\/www.24gliwice.pl\/wiadomosci\/author\/marcin-fabrykowski\/"}]}},"_links":{"self":[{"href":"https:\/\/www.24gliwice.pl\/wiadomosci\/wp-json\/wp\/v2\/posts\/131299","targetHints":{"allow":["GET"]}}],"collection":[{"href":"https:\/\/www.24gliwice.pl\/wiadomosci\/wp-json\/wp\/v2\/posts"}],"about":[{"href":"https:\/\/www.24gliwice.pl\/wiadomosci\/wp-json\/wp\/v2\/types\/post"}],"author":[{"embeddable":true,"href":"https:\/\/www.24gliwice.pl\/wiadomosci\/wp-json\/wp\/v2\/users\/4"}],"replies":[{"embeddable":true,"href":"https:\/\/www.24gliwice.pl\/wiadomosci\/wp-json\/wp\/v2\/comments?post=131299"}],"version-history":[{"count":0,"href":"https:\/\/www.24gliwice.pl\/wiadomosci\/wp-json\/wp\/v2\/posts\/131299\/revisions"}],"wp:featuredmedia":[{"embeddable":true,"href":"https:\/\/www.24gliwice.pl\/wiadomosci\/wp-json\/wp\/v2\/media\/131301"}],"wp:attachment":[{"href":"https:\/\/www.24gliwice.pl\/wiadomosci\/wp-json\/wp\/v2\/media?parent=131299"}],"wp:term":[{"taxonomy":"category","embeddable":true,"href":"https:\/\/www.24gliwice.pl\/wiadomosci\/wp-json\/wp\/v2\/categories?post=131299"},{"taxonomy":"post_tag","embeddable":true,"href":"https:\/\/www.24gliwice.pl\/wiadomosci\/wp-json\/wp\/v2\/tags?post=131299"}],"curies":[{"name":"wp","href":"https:\/\/api.w.org\/{rel}","templated":true}]}}