{"id":131348,"date":"2019-03-07T01:14:17","date_gmt":"2019-03-07T00:14:17","guid":{"rendered":"https:\/\/www.24gliwice.pl\/wiadomosci\/?p=131348"},"modified":"2019-03-07T09:41:24","modified_gmt":"2019-03-07T08:41:24","slug":"zaklad-przetwarzajacy-odpady-obok-duzego-osiedla-mieszkaniowego-mieszkancy-maja-watpliwosci","status":"publish","type":"post","link":"https:\/\/www.24gliwice.pl\/wiadomosci\/zaklad-przetwarzajacy-odpady-obok-duzego-osiedla-mieszkaniowego-mieszkancy-maja-watpliwosci\/","title":{"rendered":"Zak\u0142ad przetwarzaj\u0105cy odpady obok du\u017cego osiedla mieszkaniowego. Mieszka\u0144cy maj\u0105 w\u0105tpliwo\u015bci"},"content":{"rendered":"<div class=\"gliwi-a6-nad-leadem-artykulow gliwi-entity-placement\" id=\"gliwi-2377351325\"><div class=\"gliwi-adlabel\"><span style=\"font-size: 9px\">REKLAMA<\/span><\/div><div id=\"gliwi-1222608977\" style=\"margin-bottom: 25px;margin-left: auto;margin-right: auto;text-align: center;\"><a data-no-instant=\"1\" href=\"https:\/\/dom100.eu\/\" rel=\"noopener\" class=\"a2t-link\" target=\"_blank\" aria-label=\"20260415 DOM100 D\"><img loading=\"lazy\" decoding=\"async\" src=\"https:\/\/www.24gliwice.pl\/wiadomosci\/wp-content\/uploads\/2026\/04\/20260415-DOM100-D.jpg\" alt=\"\"  srcset=\"https:\/\/www.24gliwice.pl\/wiadomosci\/wp-content\/uploads\/2026\/04\/20260415-DOM100-D.jpg 750w, https:\/\/www.24gliwice.pl\/wiadomosci\/wp-content\/uploads\/2026\/04\/20260415-DOM100-D-410x109.jpg 410w\" sizes=\"(max-width: 750px) 100vw, 750px\" class=\"no-lazyload\" width=\"750\" height=\"200\"  style=\"display: inline-block; max-width: 100%; height: auto;\" \/><\/a><\/div><\/div><h3>Nieopodal osiedla Kopernika w Gliwicach wybudowano zak\u0142ad przer\u00f3bki t\u0142uczki szklanej. Mieszka\u0144cy obawiaj\u0105 si\u0119, \u017ce inwestycja ta &#8211; ju\u017c po uruchomieniu &#8211; pogorszy ich warunki \u017cyciowe, czyni\u0105c je mniej komfortowymi m.in. ze wzgl\u0119du na mo\u017cliwy ha\u0142as i zapylenie.<\/h3>\n<p>Ta kwestia by\u0142a poruszana podczas posiedzenia Komisji Bezpiecze\u0144stwa i Ochrony \u015arodowiska Rady Miasta Gliwice. Go\u015bci\u0142a na nim <strong>Agnieszka Setnik<\/strong>, naczelniczka wydzia\u0142u \u015arodowiska Urz\u0119du Miasta.<\/p>\n[perfectpullquote align=&#8221;full&#8221; bordertop=&#8221;false&#8221; cite=&#8221;&#8221; link=&#8221;&#8221; color=&#8221;&#8221; class=&#8221;&#8221; size=&#8221;&#8221;]Podczas spotkania podniesiono temat obaw gliwiczan mieszkaj\u0105cych na osiedlu Kopernika. Oko\u0142o 650 metr\u00f3w od ich domostw, przy ulicy Portowej ko\u0144czy si\u0119 budowa inwestycji zwi\u0105zanej z przer\u00f3bk\u0105 szk\u0142a.[\/perfectpullquote]\n<p>Mieszka\u0144cy martwi\u0105 si\u0119, \u017ce w zwi\u0105zku z rozpocz\u0119ciem dzia\u0142alno\u015bci zak\u0142adu pojawi\u0105 si\u0119 dla nich na sta\u0142e dwa rodzaje uci\u0105\u017cliwo\u015bci. Pierwsza mia\u0142aby by\u0107 zwi\u0105zana z ha\u0142asem, jaki mo\u017ce powstawa\u0107 podczas t\u0142uczenia szk\u0142a w procesie technologicznym. Druga dotyczy potencjalnej emisji py\u0142u szklanego do atmosfery.<\/p><div class=\"gliwi-a3-w-tresci-artykulow gliwi-entity-placement\" id=\"gliwi-3607300790\"><div class=\"gliwi-adlabel\"><span style=\"font-size: 9px\">REKLAMA<\/span><\/div><div id=\"gliwi-1361697768\" style=\"margin-bottom: 30px;margin-left: auto;margin-right: auto;text-align: center;\"><a data-no-instant=\"1\" href=\"https:\/\/ogrodyandersa.pl\/\" rel=\"noopener\" class=\"a2t-link\" target=\"_blank\" aria-label=\"20260415 Ogrody Andersa KUP TERAZ D\"><img loading=\"lazy\" decoding=\"async\" src=\"https:\/\/www.24gliwice.pl\/wiadomosci\/wp-content\/uploads\/2026\/04\/20260415-Ogrody-Andersa-KUP-TERAZ-D.jpg\" alt=\"\"  srcset=\"https:\/\/www.24gliwice.pl\/wiadomosci\/wp-content\/uploads\/2026\/04\/20260415-Ogrody-Andersa-KUP-TERAZ-D.jpg 750w, https:\/\/www.24gliwice.pl\/wiadomosci\/wp-content\/uploads\/2026\/04\/20260415-Ogrody-Andersa-KUP-TERAZ-D-410x109.jpg 410w\" sizes=\"(max-width: 750px) 100vw, 750px\" class=\"no-lazyload\" width=\"750\" height=\"200\"  style=\"display: inline-block; max-width: 100%; height: auto;\" \/><\/a><\/div><\/div>\n<blockquote><p>Ze wzgl\u0119du na liczne obawy mieszka\u0144c\u00f3w b\u0119dzie dochowana wszelka staranno\u015b\u0107 w kwestii podj\u0119cia decyzji co do oddania do u\u017cytku inwestycji przer\u00f3bki szk\u0142a<\/p><\/blockquote>\n<p>\u2013 zapewnia\u0142 podczas prac komisji radnych zast\u0119pca prezydenta\u00a0<strong>Adam Neumann<\/strong>. Wydzia\u0142 \u015arodowiska gliwickiego magistratu wspomina natomiast o mo\u017cliwo\u015bci przeprowadzenia kontroli ju\u017c po uruchomieniu przedsi\u0119biorstwa.<\/p>\n<p>&#8211; Celem sprawdzenia dotrzymania warunk\u00f3w z zakresu korzystania ze \u015brodowiska (okre\u015blonych w pozwoleniach) przez sp\u00f3\u0142k\u0119 tut. organ mo\u017ce wyst\u0105pi\u0107 do Wojew\u00f3dzkiego Inspektoratu Ochrony \u015arodowiska w Katowicach o przeprowadzenie pomiar\u00f3w kontrolnych eksploatowanych instalacji po rozpocz\u0119ciu dzia\u0142alno\u015bci zak\u0142adu &#8211; poinformowa\u0142a w pierwszej po\u0142owie lutego Agnieszka Setnik. Czy urz\u0119dnicy skorzystaj\u0105 z takiej mo\u017cliwo\u015bci na razie nie wiadomo.<\/p>\n<div id=\"attachment_131428\" style=\"width: 813px\" class=\"wp-caption alignnone\"><img loading=\"lazy\" decoding=\"async\" aria-describedby=\"caption-attachment-131428\" class=\"size-full wp-image-131428\" src=\"https:\/\/www.24gliwice.pl\/wiadomosci\/wp-content\/uploads\/2019\/03\/zak\u0142ad-przer\u00f3bki-t\u0142uczki-szklanej.jpg\" alt=\"\" width=\"803\" height=\"451\" srcset=\"https:\/\/www.24gliwice.pl\/wiadomosci\/wp-content\/uploads\/2019\/03\/zak\u0142ad-przer\u00f3bki-t\u0142uczki-szklanej.jpg 803w, https:\/\/www.24gliwice.pl\/wiadomosci\/wp-content\/uploads\/2019\/03\/zak\u0142ad-przer\u00f3bki-t\u0142uczki-szklanej-410x230.jpg 410w, https:\/\/www.24gliwice.pl\/wiadomosci\/wp-content\/uploads\/2019\/03\/zak\u0142ad-przer\u00f3bki-t\u0142uczki-szklanej-768x431.jpg 768w\" sizes=\"auto, (max-width: 803px) 100vw, 803px\" \/><p id=\"caption-attachment-131428\" class=\"wp-caption-text\">Na przybli\u017ceniu wida\u0107 bloki usytuowane na osiedlu Kopernika<\/p><\/div>\n<p>Budowa zak\u0142adu jest zgodna z miejscowym planem zagospodarowania przestrzennego dla miasta Gliwice. Za inwestycj\u0105 stoi firma Rhenus Recycling Polska Sp. z o.o. (aktualnie Remondis Glass Recycling Polska Sp. z o.o.).<\/p>\n<p>Przedsi\u0119biorstwo niedawno rekrutowa\u0142o pracownik\u00f3w. W Internecie mo\u017cna znale\u017a\u0107 nieaktywne ju\u017c og\u0142oszenie o prac\u0119 w tym miejscu na stanowisku sortowaczki (oferta dla kobiet), kt\u00f3re opublikowano w po\u0142owie lutego. Praca ma przebiega\u0107 w systemie trzyzmianowym.<\/p>\n<p>(\u017cms)<br \/>\nfot. M.S., google maps<\/p>\n<div id=\"attachment_131432\" style=\"width: 1118px\" class=\"wp-caption alignnone\"><img loading=\"lazy\" decoding=\"async\" aria-describedby=\"caption-attachment-131432\" class=\"wp-image-131432 size-full\" src=\"https:\/\/www.24gliwice.pl\/wiadomosci\/wp-content\/uploads\/2019\/03\/zak\u0142ad-przer\u00f3bki-t\u0142uczki-mapa.jpg\" alt=\"\" width=\"1108\" height=\"622\" srcset=\"https:\/\/www.24gliwice.pl\/wiadomosci\/wp-content\/uploads\/2019\/03\/zak\u0142ad-przer\u00f3bki-t\u0142uczki-mapa.jpg 1108w, https:\/\/www.24gliwice.pl\/wiadomosci\/wp-content\/uploads\/2019\/03\/zak\u0142ad-przer\u00f3bki-t\u0142uczki-mapa-410x230.jpg 410w, https:\/\/www.24gliwice.pl\/wiadomosci\/wp-content\/uploads\/2019\/03\/zak\u0142ad-przer\u00f3bki-t\u0142uczki-mapa-768x431.jpg 768w, https:\/\/www.24gliwice.pl\/wiadomosci\/wp-content\/uploads\/2019\/03\/zak\u0142ad-przer\u00f3bki-t\u0142uczki-mapa-810x455.jpg 810w\" sizes=\"auto, (max-width: 1108px) 100vw, 1108px\" \/><p id=\"caption-attachment-131432\" class=\"wp-caption-text\">Na zdj\u0119ciach satelitarnych google wida\u0107 pas zieleni oddzielaj\u0105cy osiedle Kopernika od uprzemys\u0142owionej ulicy Portowej. Drzewa te zosta\u0142y usuni\u0119te przez PKP podczas realizacji inwestycji zwi\u0105zanej z przebudow\u0105 torowiska w rejonie portu. Mieszka\u0144cy uwa\u017caj\u0105, \u017ce po wycince poziom docieraj\u0105cego do ich mieszka\u0144 ha\u0142asu wzr\u00f3s\u0142<\/p><\/div>\n<p><iframe loading=\"lazy\" style=\"border: 0;\" src=\"https:\/\/www.google.com\/maps\/embed?pb=!1m18!1m12!1m3!1d2956.042944148366!2d18.64614434751013!3d50.32226158857985!2m3!1f0!2f0!3f0!3m2!1i1024!2i768!4f13.1!3m3!1m2!1s0x47113074c83875ed%3A0xdd51872eec2bfd2a!2sPortowa%2C+44-100+Gliwice!5e1!3m2!1spl!2spl!4v1551786562664\" width=\"810\" height=\"455\" frameborder=\"0\" allowfullscreen=\"allowfullscreen\"><\/iframe><\/p>\n<div class=\"gliwi-a5-na-koncu-artykulow gliwi-entity-placement\" id=\"gliwi-3561946041\"><div class=\"gliwi-adlabel\"><span style=\"font-size: 9px\">REKLAMA<\/span><\/div><div id=\"gliwi-3006292842\" style=\"margin-left: auto;margin-right: auto;text-align: center;\"><a data-no-instant=\"1\" href=\"https:\/\/prezeroarenagliwice.pl\/\" rel=\"noopener\" class=\"a2t-link\" target=\"_blank\" aria-label=\"20260309-PREZERO-WIOSNA-D\"><img loading=\"lazy\" decoding=\"async\" src=\"https:\/\/www.24gliwice.pl\/wiadomosci\/wp-content\/uploads\/2026\/03\/20260309-PREZERO-WIOSNA-D.webp\" alt=\"\"  srcset=\"https:\/\/www.24gliwice.pl\/wiadomosci\/wp-content\/uploads\/2026\/03\/20260309-PREZERO-WIOSNA-D.webp 750w, https:\/\/www.24gliwice.pl\/wiadomosci\/wp-content\/uploads\/2026\/03\/20260309-PREZERO-WIOSNA-D-410x109.webp 410w\" sizes=\"(max-width: 750px) 100vw, 750px\" class=\"no-lazyload\" width=\"750\" height=\"200\"  style=\"display: inline-block; max-width: 100%; height: auto;\" \/><\/a><\/div><\/div>","protected":false},"excerpt":{"rendered":"<p>Nieopodal osiedla Kopernika w Gliwicach wybudowano zak\u0142ad przer\u00f3bki t\u0142uczki szklanej. Mieszka\u0144cy obawiaj\u0105 si\u0119, \u017ce inwestycja ta &#8211; ju\u017c po uruchomieniu &#8211; pogorszy ich warunki \u017cyciowe, czyni\u0105c je mniej komfortowymi m.in. ze wzgl\u0119du na mo\u017cliwy ha\u0142as i zapylenie. Ta kwestia by\u0142a poruszana podczas posiedzenia Komisji Bezpiecze\u0144stwa i Ochrony \u015arodowiska Rady Miasta Gliwice. Go\u015bci\u0142a na nim Agnieszka [&hellip;]<\/p>\n","protected":false},"author":15,"featured_media":131429,"comment_status":"open","ping_status":"closed","sticky":false,"template":"","format":"standard","meta":{"_monsterinsights_skip_tracking":false,"_monsterinsights_sitenote_active":false,"_monsterinsights_sitenote_note":"","_monsterinsights_sitenote_category":0,"footnotes":"","_links_to":"","_links_to_target":""},"categories":[3,1,9],"tags":[883,882,15007,1438],"class_list":["post-131348","post","type-post","status-publish","format-standard","has-post-thumbnail","hentry","category-gliwice","category-wszystko","category-aktualnosci_lokalne","tag-kopernik","tag-portowa","tag-recycling","tag-labedy"],"yoast_head":"<!-- This site is optimized with the Yoast SEO plugin v27.5 - https:\/\/yoast.com\/product\/yoast-seo-wordpress\/ -->\n<title>Zak\u0142ad przetwarzaj\u0105cy odpady obok du\u017cego osiedla mieszkaniowego. Mieszka\u0144cy maj\u0105 w\u0105tpliwo\u015bci - 24GLIWICE - Portal Gliwice | codziennie nowe informacje<\/title>\n<meta name=\"robots\" content=\"index, follow, max-snippet:-1, max-image-preview:large, max-video-preview:-1\" \/>\n<link rel=\"canonical\" href=\"https:\/\/www.24gliwice.pl\/wiadomosci\/zaklad-przetwarzajacy-odpady-obok-duzego-osiedla-mieszkaniowego-mieszkancy-maja-watpliwosci\/\" \/>\n<meta property=\"og:locale\" content=\"pl_PL\" \/>\n<meta property=\"og:type\" content=\"article\" \/>\n<meta property=\"og:title\" content=\"Zak\u0142ad przetwarzaj\u0105cy odpady obok du\u017cego osiedla mieszkaniowego. Mieszka\u0144cy maj\u0105 w\u0105tpliwo\u015bci - 24GLIWICE - Portal Gliwice | codziennie nowe informacje\" \/>\n<meta property=\"og:description\" content=\"Nieopodal osiedla Kopernika w Gliwicach wybudowano zak\u0142ad przer\u00f3bki t\u0142uczki szklanej. Mieszka\u0144cy obawiaj\u0105 si\u0119, \u017ce inwestycja ta &#8211; ju\u017c po uruchomieniu &#8211; pogorszy ich warunki \u017cyciowe, czyni\u0105c je mniej komfortowymi m.in. ze wzgl\u0119du na mo\u017cliwy ha\u0142as i zapylenie. Ta kwestia by\u0142a poruszana podczas posiedzenia Komisji Bezpiecze\u0144stwa i Ochrony \u015arodowiska Rady Miasta Gliwice. Go\u015bci\u0142a na nim Agnieszka [&hellip;]\" \/>\n<meta property=\"og:url\" content=\"https:\/\/www.24gliwice.pl\/wiadomosci\/zaklad-przetwarzajacy-odpady-obok-duzego-osiedla-mieszkaniowego-mieszkancy-maja-watpliwosci\/\" \/>\n<meta property=\"og:site_name\" content=\"24GLIWICE - Portal Gliwice | codziennie nowe informacje\" \/>\n<meta property=\"article:publisher\" content=\"https:\/\/www.facebook.com\/24gliwice\" \/>\n<meta property=\"article:published_time\" content=\"2019-03-07T00:14:17+00:00\" \/>\n<meta property=\"article:modified_time\" content=\"2019-03-07T08:41:24+00:00\" \/>\n<meta property=\"og:image\" content=\"https:\/\/www.24gliwice.pl\/wiadomosci\/wp-content\/uploads\/2019\/03\/zak\u0142ad-przer\u00f3bki-t\u0142uczki-szklanej1-e1551786218951.jpg\" \/>\n\t<meta property=\"og:image:width\" content=\"810\" \/>\n\t<meta property=\"og:image:height\" content=\"456\" \/>\n\t<meta property=\"og:image:type\" content=\"image\/jpeg\" \/>\n<meta name=\"author\" content=\"\u017baneta Mrozek-Siewierska\" \/>\n<meta name=\"twitter:card\" content=\"summary_large_image\" \/>\n<meta name=\"twitter:creator\" content=\"@24gliwice\" \/>\n<meta name=\"twitter:site\" content=\"@24gliwice\" \/>\n<meta name=\"twitter:label1\" content=\"Napisane przez\" \/>\n\t<meta name=\"twitter:data1\" content=\"\u017baneta Mrozek-Siewierska\" \/>\n\t<meta name=\"twitter:label2\" content=\"Szacowany czas czytania\" \/>\n\t<meta name=\"twitter:data2\" content=\"2 minuty\" \/>\n<script type=\"application\/ld+json\" class=\"yoast-schema-graph\">{\"@context\":\"https:\\\/\\\/schema.org\",\"@graph\":[{\"@type\":\"Article\",\"@id\":\"https:\\\/\\\/www.24gliwice.pl\\\/wiadomosci\\\/zaklad-przetwarzajacy-odpady-obok-duzego-osiedla-mieszkaniowego-mieszkancy-maja-watpliwosci\\\/#article\",\"isPartOf\":{\"@id\":\"https:\\\/\\\/www.24gliwice.pl\\\/wiadomosci\\\/zaklad-przetwarzajacy-odpady-obok-duzego-osiedla-mieszkaniowego-mieszkancy-maja-watpliwosci\\\/\"},\"author\":{\"name\":\"\u017baneta Mrozek-Siewierska\",\"@id\":\"https:\\\/\\\/www.24gliwice.pl\\\/wiadomosci\\\/#\\\/schema\\\/person\\\/e42c650edd7f2fa332be3811fb166b6e\"},\"headline\":\"Zak\u0142ad przetwarzaj\u0105cy odpady obok du\u017cego osiedla mieszkaniowego. Mieszka\u0144cy maj\u0105 w\u0105tpliwo\u015bci\",\"datePublished\":\"2019-03-07T00:14:17+00:00\",\"dateModified\":\"2019-03-07T08:41:24+00:00\",\"mainEntityOfPage\":{\"@id\":\"https:\\\/\\\/www.24gliwice.pl\\\/wiadomosci\\\/zaklad-przetwarzajacy-odpady-obok-duzego-osiedla-mieszkaniowego-mieszkancy-maja-watpliwosci\\\/\"},\"wordCount\":476,\"commentCount\":0,\"publisher\":{\"@id\":\"https:\\\/\\\/www.24gliwice.pl\\\/wiadomosci\\\/#organization\"},\"image\":{\"@id\":\"https:\\\/\\\/www.24gliwice.pl\\\/wiadomosci\\\/zaklad-przetwarzajacy-odpady-obok-duzego-osiedla-mieszkaniowego-mieszkancy-maja-watpliwosci\\\/#primaryimage\"},\"thumbnailUrl\":\"https:\\\/\\\/www.24gliwice.pl\\\/wiadomosci\\\/wp-content\\\/uploads\\\/2019\\\/03\\\/zak\u0142ad-przer\u00f3bki-t\u0142uczki-szklanej1-e1551786218951.jpg\",\"keywords\":[\"kopernik\",\"PORTOWA\",\"recycling\",\"\u0141AB\u0118DY\"],\"articleSection\":[\"Gliwice\",\"Najnowsze wiadomo\u015bci\",\"Portal Gliwice - Wiadomo\u015bci lokalne\"],\"inLanguage\":\"pl-PL\",\"potentialAction\":[{\"@type\":\"CommentAction\",\"name\":\"Comment\",\"target\":[\"https:\\\/\\\/www.24gliwice.pl\\\/wiadomosci\\\/zaklad-przetwarzajacy-odpady-obok-duzego-osiedla-mieszkaniowego-mieszkancy-maja-watpliwosci\\\/#respond\"]}]},{\"@type\":\"WebPage\",\"@id\":\"https:\\\/\\\/www.24gliwice.pl\\\/wiadomosci\\\/zaklad-przetwarzajacy-odpady-obok-duzego-osiedla-mieszkaniowego-mieszkancy-maja-watpliwosci\\\/\",\"url\":\"https:\\\/\\\/www.24gliwice.pl\\\/wiadomosci\\\/zaklad-przetwarzajacy-odpady-obok-duzego-osiedla-mieszkaniowego-mieszkancy-maja-watpliwosci\\\/\",\"name\":\"Zak\u0142ad przetwarzaj\u0105cy odpady obok du\u017cego osiedla mieszkaniowego. Mieszka\u0144cy maj\u0105 w\u0105tpliwo\u015bci - 24GLIWICE - Portal Gliwice | codziennie nowe informacje\",\"isPartOf\":{\"@id\":\"https:\\\/\\\/www.24gliwice.pl\\\/wiadomosci\\\/#website\"},\"primaryImageOfPage\":{\"@id\":\"https:\\\/\\\/www.24gliwice.pl\\\/wiadomosci\\\/zaklad-przetwarzajacy-odpady-obok-duzego-osiedla-mieszkaniowego-mieszkancy-maja-watpliwosci\\\/#primaryimage\"},\"image\":{\"@id\":\"https:\\\/\\\/www.24gliwice.pl\\\/wiadomosci\\\/zaklad-przetwarzajacy-odpady-obok-duzego-osiedla-mieszkaniowego-mieszkancy-maja-watpliwosci\\\/#primaryimage\"},\"thumbnailUrl\":\"https:\\\/\\\/www.24gliwice.pl\\\/wiadomosci\\\/wp-content\\\/uploads\\\/2019\\\/03\\\/zak\u0142ad-przer\u00f3bki-t\u0142uczki-szklanej1-e1551786218951.jpg\",\"datePublished\":\"2019-03-07T00:14:17+00:00\",\"dateModified\":\"2019-03-07T08:41:24+00:00\",\"breadcrumb\":{\"@id\":\"https:\\\/\\\/www.24gliwice.pl\\\/wiadomosci\\\/zaklad-przetwarzajacy-odpady-obok-duzego-osiedla-mieszkaniowego-mieszkancy-maja-watpliwosci\\\/#breadcrumb\"},\"inLanguage\":\"pl-PL\",\"potentialAction\":[{\"@type\":\"ReadAction\",\"target\":[\"https:\\\/\\\/www.24gliwice.pl\\\/wiadomosci\\\/zaklad-przetwarzajacy-odpady-obok-duzego-osiedla-mieszkaniowego-mieszkancy-maja-watpliwosci\\\/\"]}]},{\"@type\":\"ImageObject\",\"inLanguage\":\"pl-PL\",\"@id\":\"https:\\\/\\\/www.24gliwice.pl\\\/wiadomosci\\\/zaklad-przetwarzajacy-odpady-obok-duzego-osiedla-mieszkaniowego-mieszkancy-maja-watpliwosci\\\/#primaryimage\",\"url\":\"https:\\\/\\\/www.24gliwice.pl\\\/wiadomosci\\\/wp-content\\\/uploads\\\/2019\\\/03\\\/zak\u0142ad-przer\u00f3bki-t\u0142uczki-szklanej1-e1551786218951.jpg\",\"contentUrl\":\"https:\\\/\\\/www.24gliwice.pl\\\/wiadomosci\\\/wp-content\\\/uploads\\\/2019\\\/03\\\/zak\u0142ad-przer\u00f3bki-t\u0142uczki-szklanej1-e1551786218951.jpg\",\"width\":810,\"height\":456},{\"@type\":\"BreadcrumbList\",\"@id\":\"https:\\\/\\\/www.24gliwice.pl\\\/wiadomosci\\\/zaklad-przetwarzajacy-odpady-obok-duzego-osiedla-mieszkaniowego-mieszkancy-maja-watpliwosci\\\/#breadcrumb\",\"itemListElement\":[{\"@type\":\"ListItem\",\"position\":1,\"name\":\"Strona g\u0142\u00f3wna\",\"item\":\"https:\\\/\\\/www.24gliwice.pl\\\/wiadomosci\\\/\"},{\"@type\":\"ListItem\",\"position\":2,\"name\":\"Zak\u0142ad przetwarzaj\u0105cy odpady obok du\u017cego osiedla mieszkaniowego. Mieszka\u0144cy maj\u0105 w\u0105tpliwo\u015bci\"}]},{\"@type\":\"WebSite\",\"@id\":\"https:\\\/\\\/www.24gliwice.pl\\\/wiadomosci\\\/#website\",\"url\":\"https:\\\/\\\/www.24gliwice.pl\\\/wiadomosci\\\/\",\"name\":\"24GLIWICE - Portal Gliwice | codziennie nowe wiadomo\u015bci\",\"description\":\"Portal Miejski Gliwice\",\"publisher\":{\"@id\":\"https:\\\/\\\/www.24gliwice.pl\\\/wiadomosci\\\/#organization\"},\"potentialAction\":[{\"@type\":\"SearchAction\",\"target\":{\"@type\":\"EntryPoint\",\"urlTemplate\":\"https:\\\/\\\/www.24gliwice.pl\\\/wiadomosci\\\/?s={search_term_string}\"},\"query-input\":{\"@type\":\"PropertyValueSpecification\",\"valueRequired\":true,\"valueName\":\"search_term_string\"}}],\"inLanguage\":\"pl-PL\"},{\"@type\":\"Organization\",\"@id\":\"https:\\\/\\\/www.24gliwice.pl\\\/wiadomosci\\\/#organization\",\"name\":\"24gliwice\",\"url\":\"https:\\\/\\\/www.24gliwice.pl\\\/wiadomosci\\\/\",\"logo\":{\"@type\":\"ImageObject\",\"inLanguage\":\"pl-PL\",\"@id\":\"https:\\\/\\\/www.24gliwice.pl\\\/wiadomosci\\\/#\\\/schema\\\/logo\\\/image\\\/\",\"url\":\"https:\\\/\\\/www.24gliwice.pl\\\/wiadomosci\\\/wp-content\\\/uploads\\\/2024\\\/10\\\/24gliwice-logo-696.jpg\",\"contentUrl\":\"https:\\\/\\\/www.24gliwice.pl\\\/wiadomosci\\\/wp-content\\\/uploads\\\/2024\\\/10\\\/24gliwice-logo-696.jpg\",\"width\":696,\"height\":696,\"caption\":\"24gliwice\"},\"image\":{\"@id\":\"https:\\\/\\\/www.24gliwice.pl\\\/wiadomosci\\\/#\\\/schema\\\/logo\\\/image\\\/\"},\"sameAs\":[\"https:\\\/\\\/www.facebook.com\\\/24gliwice\",\"https:\\\/\\\/x.com\\\/24gliwice\",\"https:\\\/\\\/www.youtube.com\\\/@24gliwice\"]},{\"@type\":\"Person\",\"@id\":\"https:\\\/\\\/www.24gliwice.pl\\\/wiadomosci\\\/#\\\/schema\\\/person\\\/e42c650edd7f2fa332be3811fb166b6e\",\"name\":\"\u017baneta Mrozek-Siewierska\",\"image\":{\"@type\":\"ImageObject\",\"inLanguage\":\"pl-PL\",\"@id\":\"https:\\\/\\\/secure.gravatar.com\\\/avatar\\\/1881429e9c64597c77ad7aef2d0a19be69a3253e57534d16aa15bf3a4d34a0a3?s=96&d=mm&r=g\",\"url\":\"https:\\\/\\\/secure.gravatar.com\\\/avatar\\\/1881429e9c64597c77ad7aef2d0a19be69a3253e57534d16aa15bf3a4d34a0a3?s=96&d=mm&r=g\",\"contentUrl\":\"https:\\\/\\\/secure.gravatar.com\\\/avatar\\\/1881429e9c64597c77ad7aef2d0a19be69a3253e57534d16aa15bf3a4d34a0a3?s=96&d=mm&r=g\",\"caption\":\"\u017baneta Mrozek-Siewierska\"},\"url\":\"https:\\\/\\\/www.24gliwice.pl\\\/wiadomosci\\\/author\\\/zms\\\/\"}]}<\/script>\n<!-- \/ Yoast SEO plugin. -->","yoast_head_json":{"title":"Zak\u0142ad przetwarzaj\u0105cy odpady obok du\u017cego osiedla mieszkaniowego. Mieszka\u0144cy maj\u0105 w\u0105tpliwo\u015bci - 24GLIWICE - Portal Gliwice | codziennie nowe informacje","robots":{"index":"index","follow":"follow","max-snippet":"max-snippet:-1","max-image-preview":"max-image-preview:large","max-video-preview":"max-video-preview:-1"},"canonical":"https:\/\/www.24gliwice.pl\/wiadomosci\/zaklad-przetwarzajacy-odpady-obok-duzego-osiedla-mieszkaniowego-mieszkancy-maja-watpliwosci\/","og_locale":"pl_PL","og_type":"article","og_title":"Zak\u0142ad przetwarzaj\u0105cy odpady obok du\u017cego osiedla mieszkaniowego. Mieszka\u0144cy maj\u0105 w\u0105tpliwo\u015bci - 24GLIWICE - Portal Gliwice | codziennie nowe informacje","og_description":"Nieopodal osiedla Kopernika w Gliwicach wybudowano zak\u0142ad przer\u00f3bki t\u0142uczki szklanej. Mieszka\u0144cy obawiaj\u0105 si\u0119, \u017ce inwestycja ta &#8211; ju\u017c po uruchomieniu &#8211; pogorszy ich warunki \u017cyciowe, czyni\u0105c je mniej komfortowymi m.in. ze wzgl\u0119du na mo\u017cliwy ha\u0142as i zapylenie. Ta kwestia by\u0142a poruszana podczas posiedzenia Komisji Bezpiecze\u0144stwa i Ochrony \u015arodowiska Rady Miasta Gliwice. Go\u015bci\u0142a na nim Agnieszka [&hellip;]","og_url":"https:\/\/www.24gliwice.pl\/wiadomosci\/zaklad-przetwarzajacy-odpady-obok-duzego-osiedla-mieszkaniowego-mieszkancy-maja-watpliwosci\/","og_site_name":"24GLIWICE - Portal Gliwice | codziennie nowe informacje","article_publisher":"https:\/\/www.facebook.com\/24gliwice","article_published_time":"2019-03-07T00:14:17+00:00","article_modified_time":"2019-03-07T08:41:24+00:00","og_image":[{"width":810,"height":456,"url":"https:\/\/www.24gliwice.pl\/wiadomosci\/wp-content\/uploads\/2019\/03\/zak\u0142ad-przer\u00f3bki-t\u0142uczki-szklanej1-e1551786218951.jpg","type":"image\/jpeg"}],"author":"\u017baneta Mrozek-Siewierska","twitter_card":"summary_large_image","twitter_creator":"@24gliwice","twitter_site":"@24gliwice","twitter_misc":{"Napisane przez":"\u017baneta Mrozek-Siewierska","Szacowany czas czytania":"2 minuty"},"schema":{"@context":"https:\/\/schema.org","@graph":[{"@type":"Article","@id":"https:\/\/www.24gliwice.pl\/wiadomosci\/zaklad-przetwarzajacy-odpady-obok-duzego-osiedla-mieszkaniowego-mieszkancy-maja-watpliwosci\/#article","isPartOf":{"@id":"https:\/\/www.24gliwice.pl\/wiadomosci\/zaklad-przetwarzajacy-odpady-obok-duzego-osiedla-mieszkaniowego-mieszkancy-maja-watpliwosci\/"},"author":{"name":"\u017baneta Mrozek-Siewierska","@id":"https:\/\/www.24gliwice.pl\/wiadomosci\/#\/schema\/person\/e42c650edd7f2fa332be3811fb166b6e"},"headline":"Zak\u0142ad przetwarzaj\u0105cy odpady obok du\u017cego osiedla mieszkaniowego. Mieszka\u0144cy maj\u0105 w\u0105tpliwo\u015bci","datePublished":"2019-03-07T00:14:17+00:00","dateModified":"2019-03-07T08:41:24+00:00","mainEntityOfPage":{"@id":"https:\/\/www.24gliwice.pl\/wiadomosci\/zaklad-przetwarzajacy-odpady-obok-duzego-osiedla-mieszkaniowego-mieszkancy-maja-watpliwosci\/"},"wordCount":476,"commentCount":0,"publisher":{"@id":"https:\/\/www.24gliwice.pl\/wiadomosci\/#organization"},"image":{"@id":"https:\/\/www.24gliwice.pl\/wiadomosci\/zaklad-przetwarzajacy-odpady-obok-duzego-osiedla-mieszkaniowego-mieszkancy-maja-watpliwosci\/#primaryimage"},"thumbnailUrl":"https:\/\/www.24gliwice.pl\/wiadomosci\/wp-content\/uploads\/2019\/03\/zak\u0142ad-przer\u00f3bki-t\u0142uczki-szklanej1-e1551786218951.jpg","keywords":["kopernik","PORTOWA","recycling","\u0141AB\u0118DY"],"articleSection":["Gliwice","Najnowsze wiadomo\u015bci","Portal Gliwice - Wiadomo\u015bci lokalne"],"inLanguage":"pl-PL","potentialAction":[{"@type":"CommentAction","name":"Comment","target":["https:\/\/www.24gliwice.pl\/wiadomosci\/zaklad-przetwarzajacy-odpady-obok-duzego-osiedla-mieszkaniowego-mieszkancy-maja-watpliwosci\/#respond"]}]},{"@type":"WebPage","@id":"https:\/\/www.24gliwice.pl\/wiadomosci\/zaklad-przetwarzajacy-odpady-obok-duzego-osiedla-mieszkaniowego-mieszkancy-maja-watpliwosci\/","url":"https:\/\/www.24gliwice.pl\/wiadomosci\/zaklad-przetwarzajacy-odpady-obok-duzego-osiedla-mieszkaniowego-mieszkancy-maja-watpliwosci\/","name":"Zak\u0142ad przetwarzaj\u0105cy odpady obok du\u017cego osiedla mieszkaniowego. Mieszka\u0144cy maj\u0105 w\u0105tpliwo\u015bci - 24GLIWICE - Portal Gliwice | codziennie nowe informacje","isPartOf":{"@id":"https:\/\/www.24gliwice.pl\/wiadomosci\/#website"},"primaryImageOfPage":{"@id":"https:\/\/www.24gliwice.pl\/wiadomosci\/zaklad-przetwarzajacy-odpady-obok-duzego-osiedla-mieszkaniowego-mieszkancy-maja-watpliwosci\/#primaryimage"},"image":{"@id":"https:\/\/www.24gliwice.pl\/wiadomosci\/zaklad-przetwarzajacy-odpady-obok-duzego-osiedla-mieszkaniowego-mieszkancy-maja-watpliwosci\/#primaryimage"},"thumbnailUrl":"https:\/\/www.24gliwice.pl\/wiadomosci\/wp-content\/uploads\/2019\/03\/zak\u0142ad-przer\u00f3bki-t\u0142uczki-szklanej1-e1551786218951.jpg","datePublished":"2019-03-07T00:14:17+00:00","dateModified":"2019-03-07T08:41:24+00:00","breadcrumb":{"@id":"https:\/\/www.24gliwice.pl\/wiadomosci\/zaklad-przetwarzajacy-odpady-obok-duzego-osiedla-mieszkaniowego-mieszkancy-maja-watpliwosci\/#breadcrumb"},"inLanguage":"pl-PL","potentialAction":[{"@type":"ReadAction","target":["https:\/\/www.24gliwice.pl\/wiadomosci\/zaklad-przetwarzajacy-odpady-obok-duzego-osiedla-mieszkaniowego-mieszkancy-maja-watpliwosci\/"]}]},{"@type":"ImageObject","inLanguage":"pl-PL","@id":"https:\/\/www.24gliwice.pl\/wiadomosci\/zaklad-przetwarzajacy-odpady-obok-duzego-osiedla-mieszkaniowego-mieszkancy-maja-watpliwosci\/#primaryimage","url":"https:\/\/www.24gliwice.pl\/wiadomosci\/wp-content\/uploads\/2019\/03\/zak\u0142ad-przer\u00f3bki-t\u0142uczki-szklanej1-e1551786218951.jpg","contentUrl":"https:\/\/www.24gliwice.pl\/wiadomosci\/wp-content\/uploads\/2019\/03\/zak\u0142ad-przer\u00f3bki-t\u0142uczki-szklanej1-e1551786218951.jpg","width":810,"height":456},{"@type":"BreadcrumbList","@id":"https:\/\/www.24gliwice.pl\/wiadomosci\/zaklad-przetwarzajacy-odpady-obok-duzego-osiedla-mieszkaniowego-mieszkancy-maja-watpliwosci\/#breadcrumb","itemListElement":[{"@type":"ListItem","position":1,"name":"Strona g\u0142\u00f3wna","item":"https:\/\/www.24gliwice.pl\/wiadomosci\/"},{"@type":"ListItem","position":2,"name":"Zak\u0142ad przetwarzaj\u0105cy odpady obok du\u017cego osiedla mieszkaniowego. Mieszka\u0144cy maj\u0105 w\u0105tpliwo\u015bci"}]},{"@type":"WebSite","@id":"https:\/\/www.24gliwice.pl\/wiadomosci\/#website","url":"https:\/\/www.24gliwice.pl\/wiadomosci\/","name":"24GLIWICE - Portal Gliwice | codziennie nowe wiadomo\u015bci","description":"Portal Miejski Gliwice","publisher":{"@id":"https:\/\/www.24gliwice.pl\/wiadomosci\/#organization"},"potentialAction":[{"@type":"SearchAction","target":{"@type":"EntryPoint","urlTemplate":"https:\/\/www.24gliwice.pl\/wiadomosci\/?s={search_term_string}"},"query-input":{"@type":"PropertyValueSpecification","valueRequired":true,"valueName":"search_term_string"}}],"inLanguage":"pl-PL"},{"@type":"Organization","@id":"https:\/\/www.24gliwice.pl\/wiadomosci\/#organization","name":"24gliwice","url":"https:\/\/www.24gliwice.pl\/wiadomosci\/","logo":{"@type":"ImageObject","inLanguage":"pl-PL","@id":"https:\/\/www.24gliwice.pl\/wiadomosci\/#\/schema\/logo\/image\/","url":"https:\/\/www.24gliwice.pl\/wiadomosci\/wp-content\/uploads\/2024\/10\/24gliwice-logo-696.jpg","contentUrl":"https:\/\/www.24gliwice.pl\/wiadomosci\/wp-content\/uploads\/2024\/10\/24gliwice-logo-696.jpg","width":696,"height":696,"caption":"24gliwice"},"image":{"@id":"https:\/\/www.24gliwice.pl\/wiadomosci\/#\/schema\/logo\/image\/"},"sameAs":["https:\/\/www.facebook.com\/24gliwice","https:\/\/x.com\/24gliwice","https:\/\/www.youtube.com\/@24gliwice"]},{"@type":"Person","@id":"https:\/\/www.24gliwice.pl\/wiadomosci\/#\/schema\/person\/e42c650edd7f2fa332be3811fb166b6e","name":"\u017baneta Mrozek-Siewierska","image":{"@type":"ImageObject","inLanguage":"pl-PL","@id":"https:\/\/secure.gravatar.com\/avatar\/1881429e9c64597c77ad7aef2d0a19be69a3253e57534d16aa15bf3a4d34a0a3?s=96&d=mm&r=g","url":"https:\/\/secure.gravatar.com\/avatar\/1881429e9c64597c77ad7aef2d0a19be69a3253e57534d16aa15bf3a4d34a0a3?s=96&d=mm&r=g","contentUrl":"https:\/\/secure.gravatar.com\/avatar\/1881429e9c64597c77ad7aef2d0a19be69a3253e57534d16aa15bf3a4d34a0a3?s=96&d=mm&r=g","caption":"\u017baneta Mrozek-Siewierska"},"url":"https:\/\/www.24gliwice.pl\/wiadomosci\/author\/zms\/"}]}},"_links":{"self":[{"href":"https:\/\/www.24gliwice.pl\/wiadomosci\/wp-json\/wp\/v2\/posts\/131348","targetHints":{"allow":["GET"]}}],"collection":[{"href":"https:\/\/www.24gliwice.pl\/wiadomosci\/wp-json\/wp\/v2\/posts"}],"about":[{"href":"https:\/\/www.24gliwice.pl\/wiadomosci\/wp-json\/wp\/v2\/types\/post"}],"author":[{"embeddable":true,"href":"https:\/\/www.24gliwice.pl\/wiadomosci\/wp-json\/wp\/v2\/users\/15"}],"replies":[{"embeddable":true,"href":"https:\/\/www.24gliwice.pl\/wiadomosci\/wp-json\/wp\/v2\/comments?post=131348"}],"version-history":[{"count":0,"href":"https:\/\/www.24gliwice.pl\/wiadomosci\/wp-json\/wp\/v2\/posts\/131348\/revisions"}],"wp:featuredmedia":[{"embeddable":true,"href":"https:\/\/www.24gliwice.pl\/wiadomosci\/wp-json\/wp\/v2\/media\/131429"}],"wp:attachment":[{"href":"https:\/\/www.24gliwice.pl\/wiadomosci\/wp-json\/wp\/v2\/media?parent=131348"}],"wp:term":[{"taxonomy":"category","embeddable":true,"href":"https:\/\/www.24gliwice.pl\/wiadomosci\/wp-json\/wp\/v2\/categories?post=131348"},{"taxonomy":"post_tag","embeddable":true,"href":"https:\/\/www.24gliwice.pl\/wiadomosci\/wp-json\/wp\/v2\/tags?post=131348"}],"curies":[{"name":"wp","href":"https:\/\/api.w.org\/{rel}","templated":true}]}}