{"id":131361,"date":"2019-03-05T10:48:52","date_gmt":"2019-03-05T09:48:52","guid":{"rendered":"https:\/\/www.24gliwice.pl\/wiadomosci\/?p=131361"},"modified":"2019-03-05T21:49:06","modified_gmt":"2019-03-05T20:49:06","slug":"zbliza-setna-rocznica-tragicznego-pozaru-w-kinie-miejskim-zginelo-wtedy-76-dzieci","status":"publish","type":"post","link":"https:\/\/www.24gliwice.pl\/wiadomosci\/zbliza-setna-rocznica-tragicznego-pozaru-w-kinie-miejskim-zginelo-wtedy-76-dzieci\/","title":{"rendered":"Niebawem setna rocznica tragicznego po\u017caru w &#8220;Kinie Miejskim&#8221;. Zgin\u0119\u0142o wtedy 76 dzieci"},"content":{"rendered":"<div class=\"gliwi-a6-nad-leadem-artykulow gliwi-entity-placement\" id=\"gliwi-1015044675\"><div class=\"gliwi-adlabel\"><span style=\"font-size: 9px\">REKLAMA<\/span><\/div><div id=\"gliwi-2784482199\" style=\"margin-bottom: 30px;margin-left: auto;margin-right: auto;text-align: center;\"><a data-no-instant=\"1\" href=\"https:\/\/przedszkole.halogen.org.pl\/\" rel=\"noopener\" class=\"a2t-link\" target=\"_blank\" aria-label=\"20260402-ANIMATOR-przedszkole_grafika_750x200\"><img loading=\"lazy\" decoding=\"async\" src=\"https:\/\/www.24gliwice.pl\/wiadomosci\/wp-content\/uploads\/2026\/04\/20260402-ANIMATOR-przedszkole_grafika_750x200.webp\" alt=\"\"  srcset=\"https:\/\/www.24gliwice.pl\/wiadomosci\/wp-content\/uploads\/2026\/04\/20260402-ANIMATOR-przedszkole_grafika_750x200.webp 750w, https:\/\/www.24gliwice.pl\/wiadomosci\/wp-content\/uploads\/2026\/04\/20260402-ANIMATOR-przedszkole_grafika_750x200-410x109.webp 410w\" sizes=\"(max-width: 750px) 100vw, 750px\" class=\"no-lazyload\" width=\"750\" height=\"200\"  style=\"display: inline-block; max-width: 100%; height: auto;\" \/><\/a><\/div><\/div><h3><a href=\"https:\/\/www.24gliwice.pl\/wiadomosci\/kompleks-rozrywkowy-tragiczny-pozar-cmentarz-znacie-historie-tego-placu\/\" target=\"_blank\" rel=\"noopener\">W marcu przypada 100 rocznica tragicznego po\u017caru w &#8220;Kinie Miejskim&#8221; (\u201cSt\u00e4dlische Lichtspiele\u201d).<\/a> Nieistniej\u0105cy ju\u017c budynek znajdowa\u0142 si\u0119 przy obecnej ul. o. Jana Siemie\u0144skiego \/ G\u00f3rnych Wa\u0142\u00f3w w Gliwicach &#8211; na terenie obecnego placu Adama Mickiewicza.<\/h3>\n<p>24 marca 1919 roku oko\u0142o godziny 15:30 w g\u00f3rnej Sali, w trakcie przedstawienia dla grupy oko\u0142o 500 gliwickich dzieci, od rozgrzanej \u017car\u00f3wki zapali\u0142a si\u0119 kotara. Dzieci w panice pr\u00f3bowa\u0142y wydosta\u0107 si\u0119 z budynku jednak drzwi by\u0142y zamkni\u0119te od zewn\u0105trz.<\/p>\n[perfectpullquote align=&#8221;full&#8221; bordertop=&#8221;false&#8221; cite=&#8221;&#8221; link=&#8221;&#8221; color=&#8221;&#8221; class=&#8221;&#8221; size=&#8221;&#8221;]W wyniku uduszenia i stratowania, \u015bmier\u0107 ponios\u0142o ponad 70 dzieci, nadto du\u017ca ilo\u015b\u0107 zosta\u0142a ci\u0119\u017cko ranna.[\/perfectpullquote]\n<p>Rocznic\u0119 tego tragicznego wydarzenia pragn\u0105 uczci\u0107 gliwiccy stra\u017cacy, Centrum Edukacyjne im. Jana Paw\u0142a II, Parafia p.w. Wszystkich \u015awi\u0119tych, Parafia Ewangelicka, Ko\u0142o DFK z Gliwic oraz sympatycy historii.<\/p><div class=\"gliwi-a3-w-tresci-artykulow gliwi-entity-placement\" id=\"gliwi-3397983062\"><div class=\"gliwi-adlabel\"><span style=\"font-size: 9px\">REKLAMA<\/span><\/div><div id=\"gliwi-1042558390\" style=\"margin-bottom: 30px;margin-left: auto;margin-right: auto;text-align: center;\"><a data-no-instant=\"1\" href=\"https:\/\/zlobek.halogen.org.pl\/\" rel=\"noopener\" class=\"a2t-link\" target=\"_blank\" aria-label=\"animator-zlobek_750x200\"><img loading=\"lazy\" decoding=\"async\" src=\"https:\/\/www.24gliwice.pl\/wiadomosci\/wp-content\/uploads\/2026\/02\/animator-zlobek_750x200.webp\" alt=\"\"  srcset=\"https:\/\/www.24gliwice.pl\/wiadomosci\/wp-content\/uploads\/2026\/02\/animator-zlobek_750x200.webp 750w, https:\/\/www.24gliwice.pl\/wiadomosci\/wp-content\/uploads\/2026\/02\/animator-zlobek_750x200-410x109.webp 410w\" sizes=\"(max-width: 750px) 100vw, 750px\" class=\"no-lazyload\" width=\"750\" height=\"200\"  style=\"display: inline-block; max-width: 100%; height: auto;\" \/><\/a><\/div><\/div>\n<p><iframe loading=\"lazy\" src=\"https:\/\/www.facebook.com\/plugins\/post.php?href=https%3A%2F%2Fwww.facebook.com%2Fdiecezja.gliwicka%2Fposts%2F1997797087014301&#038;width=500\" width=\"500\" height=\"550\" style=\"border:none;overflow:hidden\" scrolling=\"no\" frameborder=\"0\" allowTransparency=\"true\" allow=\"encrypted-media\"><\/iframe><\/p>\n<p>Obchody rozpoczn\u0105 si\u0119 24 marca (niedziela) o godzinie 10:15 przy zbiorowej mogile dzieci na Cmentarzu Lipowym w Gliwicach (obelisk znajduje si\u0119 na lewo od domu pogrzebowego, ko\u0142o muru od ul. Okrzei).<\/p>\n[perfectpullquote align=&#8221;full&#8221; bordertop=&#8221;false&#8221; cite=&#8221;&#8221; link=&#8221;&#8221; color=&#8221;&#8221; class=&#8221;&#8221; size=&#8221;&#8221;]Nast\u0119pnie o godzinie 11:00 w ko\u015bciele p.w. Wszystkich \u015awi\u0119tych zostanie oprawiona Msza \u015bw. w intencji ofiar po\u017caru.[\/perfectpullquote]\n<p>O godzinie 16:00 w Centrum Edukacyjnym im. Jana Paw\u0142a II przy katedrze rozpocznie si\u0119 wiecz\u00f3r upami\u0119tniaj\u0105cy dzieci \u2013 ofiary po\u017caru. W programie: wyk\u0142ad historyczny prof. <strong>Wilhelma G\u00f3reckiego<\/strong>, wyst\u0119p poetycko \u2013 muzyczny w wykonaniu uczni\u00f3w: Szko\u0142y Muzycznej I i II stopnia w Gliwicach, IV LO i Szko\u0142y Podstawowej ETE im. Alberta Schweitzera w Gliwicach.<\/p>\n<p>(\u017cms)<\/p>\n<p><img loading=\"lazy\" decoding=\"async\" class=\"alignnone wp-image-50151\" src=\"https:\/\/www.24gliwice.pl\/wiadomosci\/wp-content\/uploads\/2013\/04\/stadtgarten-widok-z-poczatku-xx-wieku-001.jpg\" alt=\"\" width=\"1402\" height=\"869\" srcset=\"https:\/\/www.24gliwice.pl\/wiadomosci\/wp-content\/uploads\/2013\/04\/stadtgarten-widok-z-poczatku-xx-wieku-001.jpg 660w, https:\/\/www.24gliwice.pl\/wiadomosci\/wp-content\/uploads\/2013\/04\/stadtgarten-widok-z-poczatku-xx-wieku-001-462x286.jpg 462w\" sizes=\"auto, (max-width: 1402px) 100vw, 1402px\" \/><\/p>\n<div class=\"gliwi-a5-na-koncu-artykulow gliwi-entity-placement\" id=\"gliwi-2839446876\"><div class=\"gliwi-adlabel\"><span style=\"font-size: 9px\">REKLAMA<\/span><\/div><div id=\"gliwi-1231209866\" style=\"margin-left: auto;margin-right: auto;text-align: center;\"><a data-no-instant=\"1\" href=\"https:\/\/prezeroarenagliwice.pl\/\" rel=\"noopener\" class=\"a2t-link\" target=\"_blank\" aria-label=\"20260309-PREZERO-WIOSNA-D\"><img loading=\"lazy\" decoding=\"async\" src=\"https:\/\/www.24gliwice.pl\/wiadomosci\/wp-content\/uploads\/2026\/03\/20260309-PREZERO-WIOSNA-D.webp\" alt=\"\"  srcset=\"https:\/\/www.24gliwice.pl\/wiadomosci\/wp-content\/uploads\/2026\/03\/20260309-PREZERO-WIOSNA-D.webp 750w, https:\/\/www.24gliwice.pl\/wiadomosci\/wp-content\/uploads\/2026\/03\/20260309-PREZERO-WIOSNA-D-410x109.webp 410w\" sizes=\"(max-width: 750px) 100vw, 750px\" class=\"no-lazyload\" width=\"750\" height=\"200\"  style=\"display: inline-block; max-width: 100%; height: auto;\" \/><\/a><\/div><\/div>","protected":false},"excerpt":{"rendered":"<p>W marcu przypada 100 rocznica tragicznego po\u017caru w &#8220;Kinie Miejskim&#8221; (\u201cSt\u00e4dlische Lichtspiele\u201d). Nieistniej\u0105cy ju\u017c budynek znajdowa\u0142 si\u0119 przy obecnej ul. o. Jana Siemie\u0144skiego \/ G\u00f3rnych Wa\u0142\u00f3w w Gliwicach &#8211; na terenie obecnego placu Adama Mickiewicza. 24 marca 1919 roku oko\u0142o godziny 15:30 w g\u00f3rnej Sali, w trakcie przedstawienia dla grupy oko\u0142o 500 gliwickich dzieci, od [&hellip;]<\/p>\n","protected":false},"author":15,"featured_media":110386,"comment_status":"open","ping_status":"closed","sticky":false,"template":"","format":"standard","meta":{"_monsterinsights_skip_tracking":false,"_monsterinsights_sitenote_active":false,"_monsterinsights_sitenote_note":"","_monsterinsights_sitenote_category":0,"footnotes":"","_links_to":"","_links_to_target":""},"categories":[3,6,1],"tags":[4549,11590,4967],"class_list":["post-131361","post","type-post","status-publish","format-standard","has-post-thumbnail","hentry","category-gliwice","category-kultura","category-wszystko","tag-gornych-walow","tag-sieminskiego","tag-wieczorka"],"yoast_head":"<!-- This site is optimized with the Yoast SEO plugin v27.5 - https:\/\/yoast.com\/product\/yoast-seo-wordpress\/ -->\n<title>Niebawem setna rocznica tragicznego po\u017caru w &quot;Kinie Miejskim&quot;. Zgin\u0119\u0142o wtedy 76 dzieci - 24GLIWICE - Portal Gliwice | codziennie nowe informacje<\/title>\n<meta name=\"robots\" content=\"index, follow, max-snippet:-1, max-image-preview:large, max-video-preview:-1\" \/>\n<link rel=\"canonical\" href=\"https:\/\/www.24gliwice.pl\/wiadomosci\/zbliza-setna-rocznica-tragicznego-pozaru-w-kinie-miejskim-zginelo-wtedy-76-dzieci\/\" \/>\n<meta property=\"og:locale\" content=\"pl_PL\" \/>\n<meta property=\"og:type\" content=\"article\" \/>\n<meta property=\"og:title\" content=\"Niebawem setna rocznica tragicznego po\u017caru w &quot;Kinie Miejskim&quot;. Zgin\u0119\u0142o wtedy 76 dzieci - 24GLIWICE - Portal Gliwice | codziennie nowe informacje\" \/>\n<meta property=\"og:description\" content=\"W marcu przypada 100 rocznica tragicznego po\u017caru w &#8220;Kinie Miejskim&#8221; (\u201cSt\u00e4dlische Lichtspiele\u201d). Nieistniej\u0105cy ju\u017c budynek znajdowa\u0142 si\u0119 przy obecnej ul. o. Jana Siemie\u0144skiego \/ G\u00f3rnych Wa\u0142\u00f3w w Gliwicach &#8211; na terenie obecnego placu Adama Mickiewicza. 24 marca 1919 roku oko\u0142o godziny 15:30 w g\u00f3rnej Sali, w trakcie przedstawienia dla grupy oko\u0142o 500 gliwickich dzieci, od [&hellip;]\" \/>\n<meta property=\"og:url\" content=\"https:\/\/www.24gliwice.pl\/wiadomosci\/zbliza-setna-rocznica-tragicznego-pozaru-w-kinie-miejskim-zginelo-wtedy-76-dzieci\/\" \/>\n<meta property=\"og:site_name\" content=\"24GLIWICE - Portal Gliwice | codziennie nowe informacje\" \/>\n<meta property=\"article:publisher\" content=\"https:\/\/www.facebook.com\/24gliwice\" \/>\n<meta property=\"article:published_time\" content=\"2019-03-05T09:48:52+00:00\" \/>\n<meta property=\"article:modified_time\" content=\"2019-03-05T20:49:06+00:00\" \/>\n<meta property=\"og:image\" content=\"https:\/\/www.24gliwice.pl\/wiadomosci\/wp-content\/uploads\/2018\/01\/cmentarz-lipowy-pomnik.jpg\" \/>\n\t<meta property=\"og:image:width\" content=\"810\" \/>\n\t<meta property=\"og:image:height\" content=\"456\" \/>\n\t<meta property=\"og:image:type\" content=\"image\/jpeg\" \/>\n<meta name=\"author\" content=\"\u017baneta Mrozek-Siewierska\" \/>\n<meta name=\"twitter:card\" content=\"summary_large_image\" \/>\n<meta name=\"twitter:creator\" content=\"@24gliwice\" \/>\n<meta name=\"twitter:site\" content=\"@24gliwice\" \/>\n<meta name=\"twitter:label1\" content=\"Napisane przez\" \/>\n\t<meta name=\"twitter:data1\" content=\"\u017baneta Mrozek-Siewierska\" \/>\n\t<meta name=\"twitter:label2\" content=\"Szacowany czas czytania\" \/>\n\t<meta name=\"twitter:data2\" content=\"1 minuta\" \/>\n<script type=\"application\/ld+json\" class=\"yoast-schema-graph\">{\"@context\":\"https:\\\/\\\/schema.org\",\"@graph\":[{\"@type\":\"Article\",\"@id\":\"https:\\\/\\\/www.24gliwice.pl\\\/wiadomosci\\\/zbliza-setna-rocznica-tragicznego-pozaru-w-kinie-miejskim-zginelo-wtedy-76-dzieci\\\/#article\",\"isPartOf\":{\"@id\":\"https:\\\/\\\/www.24gliwice.pl\\\/wiadomosci\\\/zbliza-setna-rocznica-tragicznego-pozaru-w-kinie-miejskim-zginelo-wtedy-76-dzieci\\\/\"},\"author\":{\"name\":\"\u017baneta Mrozek-Siewierska\",\"@id\":\"https:\\\/\\\/www.24gliwice.pl\\\/wiadomosci\\\/#\\\/schema\\\/person\\\/e42c650edd7f2fa332be3811fb166b6e\"},\"headline\":\"Niebawem setna rocznica tragicznego po\u017caru w &#8220;Kinie Miejskim&#8221;. Zgin\u0119\u0142o wtedy 76 dzieci\",\"datePublished\":\"2019-03-05T09:48:52+00:00\",\"dateModified\":\"2019-03-05T20:49:06+00:00\",\"mainEntityOfPage\":{\"@id\":\"https:\\\/\\\/www.24gliwice.pl\\\/wiadomosci\\\/zbliza-setna-rocznica-tragicznego-pozaru-w-kinie-miejskim-zginelo-wtedy-76-dzieci\\\/\"},\"wordCount\":283,\"commentCount\":0,\"publisher\":{\"@id\":\"https:\\\/\\\/www.24gliwice.pl\\\/wiadomosci\\\/#organization\"},\"image\":{\"@id\":\"https:\\\/\\\/www.24gliwice.pl\\\/wiadomosci\\\/zbliza-setna-rocznica-tragicznego-pozaru-w-kinie-miejskim-zginelo-wtedy-76-dzieci\\\/#primaryimage\"},\"thumbnailUrl\":\"https:\\\/\\\/www.24gliwice.pl\\\/wiadomosci\\\/wp-content\\\/uploads\\\/2018\\\/01\\\/cmentarz-lipowy-pomnik.jpg\",\"keywords\":[\"G\u00f3rnych Wa\u0142\u00f3w\",\"SIEMI\u0143SKIEGO\",\"WIECZORKA\"],\"articleSection\":[\"Gliwice\",\"Kultura, wydarzenia, imprezy\",\"Najnowsze wiadomo\u015bci\"],\"inLanguage\":\"pl-PL\",\"potentialAction\":[{\"@type\":\"CommentAction\",\"name\":\"Comment\",\"target\":[\"https:\\\/\\\/www.24gliwice.pl\\\/wiadomosci\\\/zbliza-setna-rocznica-tragicznego-pozaru-w-kinie-miejskim-zginelo-wtedy-76-dzieci\\\/#respond\"]}]},{\"@type\":\"WebPage\",\"@id\":\"https:\\\/\\\/www.24gliwice.pl\\\/wiadomosci\\\/zbliza-setna-rocznica-tragicznego-pozaru-w-kinie-miejskim-zginelo-wtedy-76-dzieci\\\/\",\"url\":\"https:\\\/\\\/www.24gliwice.pl\\\/wiadomosci\\\/zbliza-setna-rocznica-tragicznego-pozaru-w-kinie-miejskim-zginelo-wtedy-76-dzieci\\\/\",\"name\":\"Niebawem setna rocznica tragicznego po\u017caru w \\\"Kinie Miejskim\\\". Zgin\u0119\u0142o wtedy 76 dzieci - 24GLIWICE - Portal Gliwice | codziennie nowe informacje\",\"isPartOf\":{\"@id\":\"https:\\\/\\\/www.24gliwice.pl\\\/wiadomosci\\\/#website\"},\"primaryImageOfPage\":{\"@id\":\"https:\\\/\\\/www.24gliwice.pl\\\/wiadomosci\\\/zbliza-setna-rocznica-tragicznego-pozaru-w-kinie-miejskim-zginelo-wtedy-76-dzieci\\\/#primaryimage\"},\"image\":{\"@id\":\"https:\\\/\\\/www.24gliwice.pl\\\/wiadomosci\\\/zbliza-setna-rocznica-tragicznego-pozaru-w-kinie-miejskim-zginelo-wtedy-76-dzieci\\\/#primaryimage\"},\"thumbnailUrl\":\"https:\\\/\\\/www.24gliwice.pl\\\/wiadomosci\\\/wp-content\\\/uploads\\\/2018\\\/01\\\/cmentarz-lipowy-pomnik.jpg\",\"datePublished\":\"2019-03-05T09:48:52+00:00\",\"dateModified\":\"2019-03-05T20:49:06+00:00\",\"breadcrumb\":{\"@id\":\"https:\\\/\\\/www.24gliwice.pl\\\/wiadomosci\\\/zbliza-setna-rocznica-tragicznego-pozaru-w-kinie-miejskim-zginelo-wtedy-76-dzieci\\\/#breadcrumb\"},\"inLanguage\":\"pl-PL\",\"potentialAction\":[{\"@type\":\"ReadAction\",\"target\":[\"https:\\\/\\\/www.24gliwice.pl\\\/wiadomosci\\\/zbliza-setna-rocznica-tragicznego-pozaru-w-kinie-miejskim-zginelo-wtedy-76-dzieci\\\/\"]}]},{\"@type\":\"ImageObject\",\"inLanguage\":\"pl-PL\",\"@id\":\"https:\\\/\\\/www.24gliwice.pl\\\/wiadomosci\\\/zbliza-setna-rocznica-tragicznego-pozaru-w-kinie-miejskim-zginelo-wtedy-76-dzieci\\\/#primaryimage\",\"url\":\"https:\\\/\\\/www.24gliwice.pl\\\/wiadomosci\\\/wp-content\\\/uploads\\\/2018\\\/01\\\/cmentarz-lipowy-pomnik.jpg\",\"contentUrl\":\"https:\\\/\\\/www.24gliwice.pl\\\/wiadomosci\\\/wp-content\\\/uploads\\\/2018\\\/01\\\/cmentarz-lipowy-pomnik.jpg\",\"width\":810,\"height\":456},{\"@type\":\"BreadcrumbList\",\"@id\":\"https:\\\/\\\/www.24gliwice.pl\\\/wiadomosci\\\/zbliza-setna-rocznica-tragicznego-pozaru-w-kinie-miejskim-zginelo-wtedy-76-dzieci\\\/#breadcrumb\",\"itemListElement\":[{\"@type\":\"ListItem\",\"position\":1,\"name\":\"Strona g\u0142\u00f3wna\",\"item\":\"https:\\\/\\\/www.24gliwice.pl\\\/wiadomosci\\\/\"},{\"@type\":\"ListItem\",\"position\":2,\"name\":\"Niebawem setna rocznica tragicznego po\u017caru w &#8222;Kinie Miejskim&#8221;. Zgin\u0119\u0142o wtedy 76 dzieci\"}]},{\"@type\":\"WebSite\",\"@id\":\"https:\\\/\\\/www.24gliwice.pl\\\/wiadomosci\\\/#website\",\"url\":\"https:\\\/\\\/www.24gliwice.pl\\\/wiadomosci\\\/\",\"name\":\"24GLIWICE - Portal Gliwice | codziennie nowe wiadomo\u015bci\",\"description\":\"Portal Miejski Gliwice\",\"publisher\":{\"@id\":\"https:\\\/\\\/www.24gliwice.pl\\\/wiadomosci\\\/#organization\"},\"potentialAction\":[{\"@type\":\"SearchAction\",\"target\":{\"@type\":\"EntryPoint\",\"urlTemplate\":\"https:\\\/\\\/www.24gliwice.pl\\\/wiadomosci\\\/?s={search_term_string}\"},\"query-input\":{\"@type\":\"PropertyValueSpecification\",\"valueRequired\":true,\"valueName\":\"search_term_string\"}}],\"inLanguage\":\"pl-PL\"},{\"@type\":\"Organization\",\"@id\":\"https:\\\/\\\/www.24gliwice.pl\\\/wiadomosci\\\/#organization\",\"name\":\"24gliwice\",\"url\":\"https:\\\/\\\/www.24gliwice.pl\\\/wiadomosci\\\/\",\"logo\":{\"@type\":\"ImageObject\",\"inLanguage\":\"pl-PL\",\"@id\":\"https:\\\/\\\/www.24gliwice.pl\\\/wiadomosci\\\/#\\\/schema\\\/logo\\\/image\\\/\",\"url\":\"https:\\\/\\\/www.24gliwice.pl\\\/wiadomosci\\\/wp-content\\\/uploads\\\/2024\\\/10\\\/24gliwice-logo-696.jpg\",\"contentUrl\":\"https:\\\/\\\/www.24gliwice.pl\\\/wiadomosci\\\/wp-content\\\/uploads\\\/2024\\\/10\\\/24gliwice-logo-696.jpg\",\"width\":696,\"height\":696,\"caption\":\"24gliwice\"},\"image\":{\"@id\":\"https:\\\/\\\/www.24gliwice.pl\\\/wiadomosci\\\/#\\\/schema\\\/logo\\\/image\\\/\"},\"sameAs\":[\"https:\\\/\\\/www.facebook.com\\\/24gliwice\",\"https:\\\/\\\/x.com\\\/24gliwice\",\"https:\\\/\\\/www.youtube.com\\\/@24gliwice\"]},{\"@type\":\"Person\",\"@id\":\"https:\\\/\\\/www.24gliwice.pl\\\/wiadomosci\\\/#\\\/schema\\\/person\\\/e42c650edd7f2fa332be3811fb166b6e\",\"name\":\"\u017baneta Mrozek-Siewierska\",\"image\":{\"@type\":\"ImageObject\",\"inLanguage\":\"pl-PL\",\"@id\":\"https:\\\/\\\/secure.gravatar.com\\\/avatar\\\/1881429e9c64597c77ad7aef2d0a19be69a3253e57534d16aa15bf3a4d34a0a3?s=96&d=mm&r=g\",\"url\":\"https:\\\/\\\/secure.gravatar.com\\\/avatar\\\/1881429e9c64597c77ad7aef2d0a19be69a3253e57534d16aa15bf3a4d34a0a3?s=96&d=mm&r=g\",\"contentUrl\":\"https:\\\/\\\/secure.gravatar.com\\\/avatar\\\/1881429e9c64597c77ad7aef2d0a19be69a3253e57534d16aa15bf3a4d34a0a3?s=96&d=mm&r=g\",\"caption\":\"\u017baneta Mrozek-Siewierska\"},\"url\":\"https:\\\/\\\/www.24gliwice.pl\\\/wiadomosci\\\/author\\\/zms\\\/\"}]}<\/script>\n<!-- \/ Yoast SEO plugin. -->","yoast_head_json":{"title":"Niebawem setna rocznica tragicznego po\u017caru w \"Kinie Miejskim\". Zgin\u0119\u0142o wtedy 76 dzieci - 24GLIWICE - Portal Gliwice | codziennie nowe informacje","robots":{"index":"index","follow":"follow","max-snippet":"max-snippet:-1","max-image-preview":"max-image-preview:large","max-video-preview":"max-video-preview:-1"},"canonical":"https:\/\/www.24gliwice.pl\/wiadomosci\/zbliza-setna-rocznica-tragicznego-pozaru-w-kinie-miejskim-zginelo-wtedy-76-dzieci\/","og_locale":"pl_PL","og_type":"article","og_title":"Niebawem setna rocznica tragicznego po\u017caru w \"Kinie Miejskim\". Zgin\u0119\u0142o wtedy 76 dzieci - 24GLIWICE - Portal Gliwice | codziennie nowe informacje","og_description":"W marcu przypada 100 rocznica tragicznego po\u017caru w &#8220;Kinie Miejskim&#8221; (\u201cSt\u00e4dlische Lichtspiele\u201d). Nieistniej\u0105cy ju\u017c budynek znajdowa\u0142 si\u0119 przy obecnej ul. o. Jana Siemie\u0144skiego \/ G\u00f3rnych Wa\u0142\u00f3w w Gliwicach &#8211; na terenie obecnego placu Adama Mickiewicza. 24 marca 1919 roku oko\u0142o godziny 15:30 w g\u00f3rnej Sali, w trakcie przedstawienia dla grupy oko\u0142o 500 gliwickich dzieci, od [&hellip;]","og_url":"https:\/\/www.24gliwice.pl\/wiadomosci\/zbliza-setna-rocznica-tragicznego-pozaru-w-kinie-miejskim-zginelo-wtedy-76-dzieci\/","og_site_name":"24GLIWICE - Portal Gliwice | codziennie nowe informacje","article_publisher":"https:\/\/www.facebook.com\/24gliwice","article_published_time":"2019-03-05T09:48:52+00:00","article_modified_time":"2019-03-05T20:49:06+00:00","og_image":[{"width":810,"height":456,"url":"https:\/\/www.24gliwice.pl\/wiadomosci\/wp-content\/uploads\/2018\/01\/cmentarz-lipowy-pomnik.jpg","type":"image\/jpeg"}],"author":"\u017baneta Mrozek-Siewierska","twitter_card":"summary_large_image","twitter_creator":"@24gliwice","twitter_site":"@24gliwice","twitter_misc":{"Napisane przez":"\u017baneta Mrozek-Siewierska","Szacowany czas czytania":"1 minuta"},"schema":{"@context":"https:\/\/schema.org","@graph":[{"@type":"Article","@id":"https:\/\/www.24gliwice.pl\/wiadomosci\/zbliza-setna-rocznica-tragicznego-pozaru-w-kinie-miejskim-zginelo-wtedy-76-dzieci\/#article","isPartOf":{"@id":"https:\/\/www.24gliwice.pl\/wiadomosci\/zbliza-setna-rocznica-tragicznego-pozaru-w-kinie-miejskim-zginelo-wtedy-76-dzieci\/"},"author":{"name":"\u017baneta Mrozek-Siewierska","@id":"https:\/\/www.24gliwice.pl\/wiadomosci\/#\/schema\/person\/e42c650edd7f2fa332be3811fb166b6e"},"headline":"Niebawem setna rocznica tragicznego po\u017caru w &#8220;Kinie Miejskim&#8221;. Zgin\u0119\u0142o wtedy 76 dzieci","datePublished":"2019-03-05T09:48:52+00:00","dateModified":"2019-03-05T20:49:06+00:00","mainEntityOfPage":{"@id":"https:\/\/www.24gliwice.pl\/wiadomosci\/zbliza-setna-rocznica-tragicznego-pozaru-w-kinie-miejskim-zginelo-wtedy-76-dzieci\/"},"wordCount":283,"commentCount":0,"publisher":{"@id":"https:\/\/www.24gliwice.pl\/wiadomosci\/#organization"},"image":{"@id":"https:\/\/www.24gliwice.pl\/wiadomosci\/zbliza-setna-rocznica-tragicznego-pozaru-w-kinie-miejskim-zginelo-wtedy-76-dzieci\/#primaryimage"},"thumbnailUrl":"https:\/\/www.24gliwice.pl\/wiadomosci\/wp-content\/uploads\/2018\/01\/cmentarz-lipowy-pomnik.jpg","keywords":["G\u00f3rnych Wa\u0142\u00f3w","SIEMI\u0143SKIEGO","WIECZORKA"],"articleSection":["Gliwice","Kultura, wydarzenia, imprezy","Najnowsze wiadomo\u015bci"],"inLanguage":"pl-PL","potentialAction":[{"@type":"CommentAction","name":"Comment","target":["https:\/\/www.24gliwice.pl\/wiadomosci\/zbliza-setna-rocznica-tragicznego-pozaru-w-kinie-miejskim-zginelo-wtedy-76-dzieci\/#respond"]}]},{"@type":"WebPage","@id":"https:\/\/www.24gliwice.pl\/wiadomosci\/zbliza-setna-rocznica-tragicznego-pozaru-w-kinie-miejskim-zginelo-wtedy-76-dzieci\/","url":"https:\/\/www.24gliwice.pl\/wiadomosci\/zbliza-setna-rocznica-tragicznego-pozaru-w-kinie-miejskim-zginelo-wtedy-76-dzieci\/","name":"Niebawem setna rocznica tragicznego po\u017caru w \"Kinie Miejskim\". Zgin\u0119\u0142o wtedy 76 dzieci - 24GLIWICE - Portal Gliwice | codziennie nowe informacje","isPartOf":{"@id":"https:\/\/www.24gliwice.pl\/wiadomosci\/#website"},"primaryImageOfPage":{"@id":"https:\/\/www.24gliwice.pl\/wiadomosci\/zbliza-setna-rocznica-tragicznego-pozaru-w-kinie-miejskim-zginelo-wtedy-76-dzieci\/#primaryimage"},"image":{"@id":"https:\/\/www.24gliwice.pl\/wiadomosci\/zbliza-setna-rocznica-tragicznego-pozaru-w-kinie-miejskim-zginelo-wtedy-76-dzieci\/#primaryimage"},"thumbnailUrl":"https:\/\/www.24gliwice.pl\/wiadomosci\/wp-content\/uploads\/2018\/01\/cmentarz-lipowy-pomnik.jpg","datePublished":"2019-03-05T09:48:52+00:00","dateModified":"2019-03-05T20:49:06+00:00","breadcrumb":{"@id":"https:\/\/www.24gliwice.pl\/wiadomosci\/zbliza-setna-rocznica-tragicznego-pozaru-w-kinie-miejskim-zginelo-wtedy-76-dzieci\/#breadcrumb"},"inLanguage":"pl-PL","potentialAction":[{"@type":"ReadAction","target":["https:\/\/www.24gliwice.pl\/wiadomosci\/zbliza-setna-rocznica-tragicznego-pozaru-w-kinie-miejskim-zginelo-wtedy-76-dzieci\/"]}]},{"@type":"ImageObject","inLanguage":"pl-PL","@id":"https:\/\/www.24gliwice.pl\/wiadomosci\/zbliza-setna-rocznica-tragicznego-pozaru-w-kinie-miejskim-zginelo-wtedy-76-dzieci\/#primaryimage","url":"https:\/\/www.24gliwice.pl\/wiadomosci\/wp-content\/uploads\/2018\/01\/cmentarz-lipowy-pomnik.jpg","contentUrl":"https:\/\/www.24gliwice.pl\/wiadomosci\/wp-content\/uploads\/2018\/01\/cmentarz-lipowy-pomnik.jpg","width":810,"height":456},{"@type":"BreadcrumbList","@id":"https:\/\/www.24gliwice.pl\/wiadomosci\/zbliza-setna-rocznica-tragicznego-pozaru-w-kinie-miejskim-zginelo-wtedy-76-dzieci\/#breadcrumb","itemListElement":[{"@type":"ListItem","position":1,"name":"Strona g\u0142\u00f3wna","item":"https:\/\/www.24gliwice.pl\/wiadomosci\/"},{"@type":"ListItem","position":2,"name":"Niebawem setna rocznica tragicznego po\u017caru w &#8222;Kinie Miejskim&#8221;. Zgin\u0119\u0142o wtedy 76 dzieci"}]},{"@type":"WebSite","@id":"https:\/\/www.24gliwice.pl\/wiadomosci\/#website","url":"https:\/\/www.24gliwice.pl\/wiadomosci\/","name":"24GLIWICE - Portal Gliwice | codziennie nowe wiadomo\u015bci","description":"Portal Miejski Gliwice","publisher":{"@id":"https:\/\/www.24gliwice.pl\/wiadomosci\/#organization"},"potentialAction":[{"@type":"SearchAction","target":{"@type":"EntryPoint","urlTemplate":"https:\/\/www.24gliwice.pl\/wiadomosci\/?s={search_term_string}"},"query-input":{"@type":"PropertyValueSpecification","valueRequired":true,"valueName":"search_term_string"}}],"inLanguage":"pl-PL"},{"@type":"Organization","@id":"https:\/\/www.24gliwice.pl\/wiadomosci\/#organization","name":"24gliwice","url":"https:\/\/www.24gliwice.pl\/wiadomosci\/","logo":{"@type":"ImageObject","inLanguage":"pl-PL","@id":"https:\/\/www.24gliwice.pl\/wiadomosci\/#\/schema\/logo\/image\/","url":"https:\/\/www.24gliwice.pl\/wiadomosci\/wp-content\/uploads\/2024\/10\/24gliwice-logo-696.jpg","contentUrl":"https:\/\/www.24gliwice.pl\/wiadomosci\/wp-content\/uploads\/2024\/10\/24gliwice-logo-696.jpg","width":696,"height":696,"caption":"24gliwice"},"image":{"@id":"https:\/\/www.24gliwice.pl\/wiadomosci\/#\/schema\/logo\/image\/"},"sameAs":["https:\/\/www.facebook.com\/24gliwice","https:\/\/x.com\/24gliwice","https:\/\/www.youtube.com\/@24gliwice"]},{"@type":"Person","@id":"https:\/\/www.24gliwice.pl\/wiadomosci\/#\/schema\/person\/e42c650edd7f2fa332be3811fb166b6e","name":"\u017baneta Mrozek-Siewierska","image":{"@type":"ImageObject","inLanguage":"pl-PL","@id":"https:\/\/secure.gravatar.com\/avatar\/1881429e9c64597c77ad7aef2d0a19be69a3253e57534d16aa15bf3a4d34a0a3?s=96&d=mm&r=g","url":"https:\/\/secure.gravatar.com\/avatar\/1881429e9c64597c77ad7aef2d0a19be69a3253e57534d16aa15bf3a4d34a0a3?s=96&d=mm&r=g","contentUrl":"https:\/\/secure.gravatar.com\/avatar\/1881429e9c64597c77ad7aef2d0a19be69a3253e57534d16aa15bf3a4d34a0a3?s=96&d=mm&r=g","caption":"\u017baneta Mrozek-Siewierska"},"url":"https:\/\/www.24gliwice.pl\/wiadomosci\/author\/zms\/"}]}},"_links":{"self":[{"href":"https:\/\/www.24gliwice.pl\/wiadomosci\/wp-json\/wp\/v2\/posts\/131361","targetHints":{"allow":["GET"]}}],"collection":[{"href":"https:\/\/www.24gliwice.pl\/wiadomosci\/wp-json\/wp\/v2\/posts"}],"about":[{"href":"https:\/\/www.24gliwice.pl\/wiadomosci\/wp-json\/wp\/v2\/types\/post"}],"author":[{"embeddable":true,"href":"https:\/\/www.24gliwice.pl\/wiadomosci\/wp-json\/wp\/v2\/users\/15"}],"replies":[{"embeddable":true,"href":"https:\/\/www.24gliwice.pl\/wiadomosci\/wp-json\/wp\/v2\/comments?post=131361"}],"version-history":[{"count":0,"href":"https:\/\/www.24gliwice.pl\/wiadomosci\/wp-json\/wp\/v2\/posts\/131361\/revisions"}],"wp:featuredmedia":[{"embeddable":true,"href":"https:\/\/www.24gliwice.pl\/wiadomosci\/wp-json\/wp\/v2\/media\/110386"}],"wp:attachment":[{"href":"https:\/\/www.24gliwice.pl\/wiadomosci\/wp-json\/wp\/v2\/media?parent=131361"}],"wp:term":[{"taxonomy":"category","embeddable":true,"href":"https:\/\/www.24gliwice.pl\/wiadomosci\/wp-json\/wp\/v2\/categories?post=131361"},{"taxonomy":"post_tag","embeddable":true,"href":"https:\/\/www.24gliwice.pl\/wiadomosci\/wp-json\/wp\/v2\/tags?post=131361"}],"curies":[{"name":"wp","href":"https:\/\/api.w.org\/{rel}","templated":true}]}}