{"id":131454,"date":"2019-03-06T01:52:15","date_gmt":"2019-03-06T00:52:15","guid":{"rendered":"https:\/\/www.24gliwice.pl\/wiadomosci\/?p=131454"},"modified":"2019-03-06T01:52:15","modified_gmt":"2019-03-06T00:52:15","slug":"kola-tylnej-osi-prawie-szuraly-po-nadkolu-z-dostawczakiem-ewidentnie-bylo-cos-nie-tak","status":"publish","type":"post","link":"https:\/\/www.24gliwice.pl\/wiadomosci\/kola-tylnej-osi-prawie-szuraly-po-nadkolu-z-dostawczakiem-ewidentnie-bylo-cos-nie-tak\/","title":{"rendered":"&#8220;Ko\u0142a tylnej osi prawie szura\u0142y po nadkolu.&#8221;  Z &#8220;dostawczakiem&#8221; ewidentnie by\u0142o co\u015b nie tak"},"content":{"rendered":"<div class=\"gliwi-a6-nad-leadem-artykulow gliwi-entity-placement\" id=\"gliwi-2168404921\"><div class=\"gliwi-adlabel\"><span style=\"font-size: 9px\">REKLAMA<\/span><\/div><div id=\"gliwi-2723439633\" style=\"margin-bottom: 25px;margin-left: auto;margin-right: auto;text-align: center;\"><a data-no-instant=\"1\" href=\"https:\/\/dom100.eu\/\" rel=\"noopener\" class=\"a2t-link\" target=\"_blank\" aria-label=\"20260415 DOM100 D\"><img loading=\"lazy\" decoding=\"async\" src=\"https:\/\/www.24gliwice.pl\/wiadomosci\/wp-content\/uploads\/2026\/04\/20260415-DOM100-D.jpg\" alt=\"\"  srcset=\"https:\/\/www.24gliwice.pl\/wiadomosci\/wp-content\/uploads\/2026\/04\/20260415-DOM100-D.jpg 750w, https:\/\/www.24gliwice.pl\/wiadomosci\/wp-content\/uploads\/2026\/04\/20260415-DOM100-D-410x109.jpg 410w\" sizes=\"(max-width: 750px) 100vw, 750px\" class=\"no-lazyload\" width=\"750\" height=\"200\"  style=\"display: inline-block; max-width: 100%; height: auto;\" \/><\/a><\/div><\/div><h3>We wtorek w ca\u0142ym mie\u015bcie prowadzono kontrole samochod\u00f3w z silnikiem diesla, w zwi\u0105zku z tym na ulicach mo\u017cna by\u0142o spotka\u0107 wiele policyjnych patroli. Uwag\u0119 jednego z nich przyku\u0142o auto dostawcze, ewidentnie prze\u0142adowane.<\/h3>\n<p>&#8211; Jak wykazuj\u0105 kontrole drogowe, niekt\u00f3rzy kierowcy (..) z ch\u0119ci zaoszcz\u0119dzenia, prze\u0142adowuj\u0105 swoje pojazdy i nadmiernie je eksploatuj\u0105. Dzi\u015b przed po\u0142udniem, podczas kontroli zwi\u0105zanej z akcj\u0105 \u201eSmog\u201d, przy ul. Chorzowskiej uwag\u0119 policjant\u00f3w zwr\u00f3ci\u0142 do\u015b\u0107 mocno obci\u0105\u017cony samoch\u00f3d. Ko\u0142a tylnej osi prawie szura\u0142y po nadkolu &#8211; poinformowa\u0142 we wtorek podinspektor <strong>Marek S\u0142omski<\/strong>, oficer prasowy gliwickiej komendy policji.<\/p>\n[perfectpullquote align=&#8221;full&#8221; bordertop=&#8221;false&#8221; cite=&#8221;&#8221; link=&#8221;&#8221; color=&#8221;&#8221; class=&#8221;&#8221; size=&#8221;&#8221;]Po zatrzymaniu okaza\u0142o si\u0119, \u017ce na poje\u017adzie o \u0142adowno\u015bci 900 kg wiezione s\u0105\u2026 trzy tony w\u0119gla. Kierowca zosta\u0142 ukarany mandatem w wysoko\u015bci 500 z\u0142. Zakazano mu dalszej jazdy, by\u0142 te\u017c zmuszony r\u0119cznie roz\u0142adowa\u0107 auto.[\/perfectpullquote]\n<p>Zgodnie z ustaw\u0105 Prawo o Ruchu Drogowym z 20 czerwca 1997 r., w nawi\u0105zaniu do art. 97 Kodeksu wykrocze\u0144, kierowanie pojazdem do 3,5 tony DMC w przypadku przekroczenia dopuszczalnej masy ca\u0142kowitej tego pojazdu jest zagro\u017cone mandatem karnym w wysoko\u015bci 500 z\u0142. <\/p><div class=\"gliwi-a3-w-tresci-artykulow gliwi-entity-placement\" id=\"gliwi-1654481315\"><div class=\"gliwi-adlabel\"><span style=\"font-size: 9px\">REKLAMA<\/span><\/div><div id=\"gliwi-4053749185\" style=\"margin-bottom: 30px;margin-left: auto;margin-right: auto;text-align: center;\"><a data-no-instant=\"1\" href=\"https:\/\/zlobek.halogen.org.pl\/\" rel=\"noopener\" class=\"a2t-link\" target=\"_blank\" aria-label=\"animator-zlobek_750x200\"><img loading=\"lazy\" decoding=\"async\" src=\"https:\/\/www.24gliwice.pl\/wiadomosci\/wp-content\/uploads\/2026\/02\/animator-zlobek_750x200.webp\" alt=\"\"  srcset=\"https:\/\/www.24gliwice.pl\/wiadomosci\/wp-content\/uploads\/2026\/02\/animator-zlobek_750x200.webp 750w, https:\/\/www.24gliwice.pl\/wiadomosci\/wp-content\/uploads\/2026\/02\/animator-zlobek_750x200-410x109.webp 410w\" sizes=\"(max-width: 750px) 100vw, 750px\" class=\"no-lazyload\" width=\"750\" height=\"200\"  style=\"display: inline-block; max-width: 100%; height: auto;\" \/><\/a><\/div><\/div>\n<p>Ponadto, w przypadku przekroczenia DMC, osoba kontroluj\u0105ca ma prawo nie dopu\u015bci\u0107 samochodu do ruchu do momentu ustania przyczyny zatrzymania, czyli \u201epozbycia\u201d si\u0119 \u0142adunku w takim stopniu, \u017ce DMC nie b\u0119dzie w \u017caden spos\u00f3b przekroczone.<\/p>\n<p>Wspomniana druga \u201edolegliwo\u015b\u0107\u201d jest szczeg\u00f3ln\u0105 niedogodno\u015bci\u0105 dla kierowc\u00f3w, kt\u00f3rzy, zgodnie z prawem, nie mog\u0105 kontynuowa\u0107 jazdy, a doprowadzenie obci\u0105\u017cenia pojazdu do norm wykazanych w dowodzie mo\u017ce potrwa\u0107 kilka godzin.<\/p>\n<p>(\u017cms)\/KMP Gliwice<br \/>\nfot. sier\u017c. sztab. Marcin Rytel<\/p>\n<p><img loading=\"lazy\" decoding=\"async\" src=\"https:\/\/www.24gliwice.pl\/wiadomosci\/wp-content\/uploads\/2019\/03\/prze\u0142adowane-auto2.jpg\" alt=\"\" width=\"749\" height=\"475\" class=\"alignnone size-full wp-image-131464\" srcset=\"https:\/\/www.24gliwice.pl\/wiadomosci\/wp-content\/uploads\/2019\/03\/prze\u0142adowane-auto2.jpg 749w, https:\/\/www.24gliwice.pl\/wiadomosci\/wp-content\/uploads\/2019\/03\/prze\u0142adowane-auto2-366x232.jpg 366w, https:\/\/www.24gliwice.pl\/wiadomosci\/wp-content\/uploads\/2019\/03\/prze\u0142adowane-auto2-717x455.jpg 717w\" sizes=\"auto, (max-width: 749px) 100vw, 749px\" \/><\/p>\n<p><img loading=\"lazy\" decoding=\"async\" src=\"https:\/\/www.24gliwice.pl\/wiadomosci\/wp-content\/uploads\/2019\/03\/prze\u0142adowane-auto.jpg\" alt=\"\" width=\"968\" height=\"545\" class=\"alignnone size-full wp-image-131463\" srcset=\"https:\/\/www.24gliwice.pl\/wiadomosci\/wp-content\/uploads\/2019\/03\/prze\u0142adowane-auto.jpg 968w, https:\/\/www.24gliwice.pl\/wiadomosci\/wp-content\/uploads\/2019\/03\/prze\u0142adowane-auto-410x232.jpg 410w, https:\/\/www.24gliwice.pl\/wiadomosci\/wp-content\/uploads\/2019\/03\/prze\u0142adowane-auto-768x432.jpg 768w, https:\/\/www.24gliwice.pl\/wiadomosci\/wp-content\/uploads\/2019\/03\/prze\u0142adowane-auto-808x455.jpg 808w, https:\/\/www.24gliwice.pl\/wiadomosci\/wp-content\/uploads\/2019\/03\/prze\u0142adowane-auto-810x456.jpg 810w\" sizes=\"auto, (max-width: 968px) 100vw, 968px\" \/><\/p>\n<div class=\"gliwi-a5-na-koncu-artykulow gliwi-entity-placement\" id=\"gliwi-4138715546\"><div class=\"gliwi-adlabel\"><span style=\"font-size: 9px\">REKLAMA<\/span><\/div><div id=\"gliwi-796689364\" style=\"margin-left: auto;margin-right: auto;text-align: center;\"><a data-no-instant=\"1\" href=\"https:\/\/prezeroarenagliwice.pl\/\" rel=\"noopener\" class=\"a2t-link\" target=\"_blank\" aria-label=\"20260309-PREZERO-WIOSNA-D\"><img loading=\"lazy\" decoding=\"async\" src=\"https:\/\/www.24gliwice.pl\/wiadomosci\/wp-content\/uploads\/2026\/03\/20260309-PREZERO-WIOSNA-D.webp\" alt=\"\"  srcset=\"https:\/\/www.24gliwice.pl\/wiadomosci\/wp-content\/uploads\/2026\/03\/20260309-PREZERO-WIOSNA-D.webp 750w, https:\/\/www.24gliwice.pl\/wiadomosci\/wp-content\/uploads\/2026\/03\/20260309-PREZERO-WIOSNA-D-410x109.webp 410w\" sizes=\"(max-width: 750px) 100vw, 750px\" class=\"no-lazyload\" width=\"750\" height=\"200\"  style=\"display: inline-block; max-width: 100%; height: auto;\" \/><\/a><\/div><\/div>","protected":false},"excerpt":{"rendered":"<p>We wtorek w ca\u0142ym mie\u015bcie prowadzono kontrole samochod\u00f3w z silnikiem diesla, w zwi\u0105zku z tym na ulicach mo\u017cna by\u0142o spotka\u0107 wiele policyjnych patroli. Uwag\u0119 jednego z nich przyku\u0142o auto dostawcze, ewidentnie prze\u0142adowane. &#8211; Jak wykazuj\u0105 kontrole drogowe, niekt\u00f3rzy kierowcy (..) z ch\u0119ci zaoszcz\u0119dzenia, prze\u0142adowuj\u0105 swoje pojazdy i nadmiernie je eksploatuj\u0105. Dzi\u015b przed po\u0142udniem, podczas kontroli [&hellip;]<\/p>\n","protected":false},"author":15,"featured_media":131468,"comment_status":"open","ping_status":"closed","sticky":false,"template":"","format":"standard","meta":{"_monsterinsights_skip_tracking":false,"_monsterinsights_sitenote_active":false,"_monsterinsights_sitenote_note":"","_monsterinsights_sitenote_category":0,"footnotes":"","_links_to":"","_links_to_target":""},"categories":[3,1,5],"tags":[3617,733],"class_list":["post-131454","post","type-post","status-publish","format-standard","has-post-thumbnail","hentry","category-gliwice","category-wszystko","category-kryminalki","tag-kmp","tag-policja"],"yoast_head":"<!-- This site is optimized with the Yoast SEO plugin v27.5 - https:\/\/yoast.com\/product\/yoast-seo-wordpress\/ -->\n<title>&quot;Ko\u0142a tylnej osi prawie szura\u0142y po nadkolu.&quot; Z &quot;dostawczakiem&quot; ewidentnie by\u0142o co\u015b nie tak - 24GLIWICE - Portal Gliwice | codziennie nowe informacje<\/title>\n<meta name=\"robots\" content=\"index, follow, max-snippet:-1, max-image-preview:large, max-video-preview:-1\" \/>\n<link rel=\"canonical\" href=\"https:\/\/www.24gliwice.pl\/wiadomosci\/kola-tylnej-osi-prawie-szuraly-po-nadkolu-z-dostawczakiem-ewidentnie-bylo-cos-nie-tak\/\" \/>\n<meta property=\"og:locale\" content=\"pl_PL\" \/>\n<meta property=\"og:type\" content=\"article\" \/>\n<meta property=\"og:title\" content=\"&quot;Ko\u0142a tylnej osi prawie szura\u0142y po nadkolu.&quot; Z &quot;dostawczakiem&quot; ewidentnie by\u0142o co\u015b nie tak - 24GLIWICE - Portal Gliwice | codziennie nowe informacje\" \/>\n<meta property=\"og:description\" content=\"We wtorek w ca\u0142ym mie\u015bcie prowadzono kontrole samochod\u00f3w z silnikiem diesla, w zwi\u0105zku z tym na ulicach mo\u017cna by\u0142o spotka\u0107 wiele policyjnych patroli. Uwag\u0119 jednego z nich przyku\u0142o auto dostawcze, ewidentnie prze\u0142adowane. &#8211; Jak wykazuj\u0105 kontrole drogowe, niekt\u00f3rzy kierowcy (..) z ch\u0119ci zaoszcz\u0119dzenia, prze\u0142adowuj\u0105 swoje pojazdy i nadmiernie je eksploatuj\u0105. Dzi\u015b przed po\u0142udniem, podczas kontroli [&hellip;]\" \/>\n<meta property=\"og:url\" content=\"https:\/\/www.24gliwice.pl\/wiadomosci\/kola-tylnej-osi-prawie-szuraly-po-nadkolu-z-dostawczakiem-ewidentnie-bylo-cos-nie-tak\/\" \/>\n<meta property=\"og:site_name\" content=\"24GLIWICE - Portal Gliwice | codziennie nowe informacje\" \/>\n<meta property=\"article:publisher\" content=\"https:\/\/www.facebook.com\/24gliwice\" \/>\n<meta property=\"article:published_time\" content=\"2019-03-06T00:52:15+00:00\" \/>\n<meta property=\"og:image\" content=\"https:\/\/www.24gliwice.pl\/wiadomosci\/wp-content\/uploads\/2019\/03\/prze\u0142adowane-auto.3-1.jpg\" \/>\n\t<meta property=\"og:image:width\" content=\"810\" \/>\n\t<meta property=\"og:image:height\" content=\"456\" \/>\n\t<meta property=\"og:image:type\" content=\"image\/jpeg\" \/>\n<meta name=\"author\" content=\"\u017baneta Mrozek-Siewierska\" \/>\n<meta name=\"twitter:card\" content=\"summary_large_image\" \/>\n<meta name=\"twitter:creator\" content=\"@24gliwice\" \/>\n<meta name=\"twitter:site\" content=\"@24gliwice\" \/>\n<meta name=\"twitter:label1\" content=\"Napisane przez\" \/>\n\t<meta name=\"twitter:data1\" content=\"\u017baneta Mrozek-Siewierska\" \/>\n\t<meta name=\"twitter:label2\" content=\"Szacowany czas czytania\" \/>\n\t<meta name=\"twitter:data2\" content=\"1 minuta\" \/>\n<script type=\"application\/ld+json\" class=\"yoast-schema-graph\">{\"@context\":\"https:\\\/\\\/schema.org\",\"@graph\":[{\"@type\":\"Article\",\"@id\":\"https:\\\/\\\/www.24gliwice.pl\\\/wiadomosci\\\/kola-tylnej-osi-prawie-szuraly-po-nadkolu-z-dostawczakiem-ewidentnie-bylo-cos-nie-tak\\\/#article\",\"isPartOf\":{\"@id\":\"https:\\\/\\\/www.24gliwice.pl\\\/wiadomosci\\\/kola-tylnej-osi-prawie-szuraly-po-nadkolu-z-dostawczakiem-ewidentnie-bylo-cos-nie-tak\\\/\"},\"author\":{\"name\":\"\u017baneta Mrozek-Siewierska\",\"@id\":\"https:\\\/\\\/www.24gliwice.pl\\\/wiadomosci\\\/#\\\/schema\\\/person\\\/e42c650edd7f2fa332be3811fb166b6e\"},\"headline\":\"&#8220;Ko\u0142a tylnej osi prawie szura\u0142y po nadkolu.&#8221; Z &#8220;dostawczakiem&#8221; ewidentnie by\u0142o co\u015b nie tak\",\"datePublished\":\"2019-03-06T00:52:15+00:00\",\"mainEntityOfPage\":{\"@id\":\"https:\\\/\\\/www.24gliwice.pl\\\/wiadomosci\\\/kola-tylnej-osi-prawie-szuraly-po-nadkolu-z-dostawczakiem-ewidentnie-bylo-cos-nie-tak\\\/\"},\"wordCount\":296,\"commentCount\":0,\"publisher\":{\"@id\":\"https:\\\/\\\/www.24gliwice.pl\\\/wiadomosci\\\/#organization\"},\"image\":{\"@id\":\"https:\\\/\\\/www.24gliwice.pl\\\/wiadomosci\\\/kola-tylnej-osi-prawie-szuraly-po-nadkolu-z-dostawczakiem-ewidentnie-bylo-cos-nie-tak\\\/#primaryimage\"},\"thumbnailUrl\":\"https:\\\/\\\/www.24gliwice.pl\\\/wiadomosci\\\/wp-content\\\/uploads\\\/2019\\\/03\\\/prze\u0142adowane-auto.3-1.jpg\",\"keywords\":[\"KMP\",\"POLICJA\"],\"articleSection\":[\"Gliwice\",\"Najnowsze wiadomo\u015bci\",\"Prawo\"],\"inLanguage\":\"pl-PL\",\"potentialAction\":[{\"@type\":\"CommentAction\",\"name\":\"Comment\",\"target\":[\"https:\\\/\\\/www.24gliwice.pl\\\/wiadomosci\\\/kola-tylnej-osi-prawie-szuraly-po-nadkolu-z-dostawczakiem-ewidentnie-bylo-cos-nie-tak\\\/#respond\"]}]},{\"@type\":\"WebPage\",\"@id\":\"https:\\\/\\\/www.24gliwice.pl\\\/wiadomosci\\\/kola-tylnej-osi-prawie-szuraly-po-nadkolu-z-dostawczakiem-ewidentnie-bylo-cos-nie-tak\\\/\",\"url\":\"https:\\\/\\\/www.24gliwice.pl\\\/wiadomosci\\\/kola-tylnej-osi-prawie-szuraly-po-nadkolu-z-dostawczakiem-ewidentnie-bylo-cos-nie-tak\\\/\",\"name\":\"\\\"Ko\u0142a tylnej osi prawie szura\u0142y po nadkolu.\\\" Z \\\"dostawczakiem\\\" ewidentnie by\u0142o co\u015b nie tak - 24GLIWICE - Portal Gliwice | codziennie nowe informacje\",\"isPartOf\":{\"@id\":\"https:\\\/\\\/www.24gliwice.pl\\\/wiadomosci\\\/#website\"},\"primaryImageOfPage\":{\"@id\":\"https:\\\/\\\/www.24gliwice.pl\\\/wiadomosci\\\/kola-tylnej-osi-prawie-szuraly-po-nadkolu-z-dostawczakiem-ewidentnie-bylo-cos-nie-tak\\\/#primaryimage\"},\"image\":{\"@id\":\"https:\\\/\\\/www.24gliwice.pl\\\/wiadomosci\\\/kola-tylnej-osi-prawie-szuraly-po-nadkolu-z-dostawczakiem-ewidentnie-bylo-cos-nie-tak\\\/#primaryimage\"},\"thumbnailUrl\":\"https:\\\/\\\/www.24gliwice.pl\\\/wiadomosci\\\/wp-content\\\/uploads\\\/2019\\\/03\\\/prze\u0142adowane-auto.3-1.jpg\",\"datePublished\":\"2019-03-06T00:52:15+00:00\",\"breadcrumb\":{\"@id\":\"https:\\\/\\\/www.24gliwice.pl\\\/wiadomosci\\\/kola-tylnej-osi-prawie-szuraly-po-nadkolu-z-dostawczakiem-ewidentnie-bylo-cos-nie-tak\\\/#breadcrumb\"},\"inLanguage\":\"pl-PL\",\"potentialAction\":[{\"@type\":\"ReadAction\",\"target\":[\"https:\\\/\\\/www.24gliwice.pl\\\/wiadomosci\\\/kola-tylnej-osi-prawie-szuraly-po-nadkolu-z-dostawczakiem-ewidentnie-bylo-cos-nie-tak\\\/\"]}]},{\"@type\":\"ImageObject\",\"inLanguage\":\"pl-PL\",\"@id\":\"https:\\\/\\\/www.24gliwice.pl\\\/wiadomosci\\\/kola-tylnej-osi-prawie-szuraly-po-nadkolu-z-dostawczakiem-ewidentnie-bylo-cos-nie-tak\\\/#primaryimage\",\"url\":\"https:\\\/\\\/www.24gliwice.pl\\\/wiadomosci\\\/wp-content\\\/uploads\\\/2019\\\/03\\\/prze\u0142adowane-auto.3-1.jpg\",\"contentUrl\":\"https:\\\/\\\/www.24gliwice.pl\\\/wiadomosci\\\/wp-content\\\/uploads\\\/2019\\\/03\\\/prze\u0142adowane-auto.3-1.jpg\",\"width\":810,\"height\":456},{\"@type\":\"BreadcrumbList\",\"@id\":\"https:\\\/\\\/www.24gliwice.pl\\\/wiadomosci\\\/kola-tylnej-osi-prawie-szuraly-po-nadkolu-z-dostawczakiem-ewidentnie-bylo-cos-nie-tak\\\/#breadcrumb\",\"itemListElement\":[{\"@type\":\"ListItem\",\"position\":1,\"name\":\"Strona g\u0142\u00f3wna\",\"item\":\"https:\\\/\\\/www.24gliwice.pl\\\/wiadomosci\\\/\"},{\"@type\":\"ListItem\",\"position\":2,\"name\":\"&#8222;Ko\u0142a tylnej osi prawie szura\u0142y po nadkolu.&#8221; Z &#8222;dostawczakiem&#8221; ewidentnie by\u0142o co\u015b nie tak\"}]},{\"@type\":\"WebSite\",\"@id\":\"https:\\\/\\\/www.24gliwice.pl\\\/wiadomosci\\\/#website\",\"url\":\"https:\\\/\\\/www.24gliwice.pl\\\/wiadomosci\\\/\",\"name\":\"24GLIWICE - Portal Gliwice | codziennie nowe wiadomo\u015bci\",\"description\":\"Portal Miejski Gliwice\",\"publisher\":{\"@id\":\"https:\\\/\\\/www.24gliwice.pl\\\/wiadomosci\\\/#organization\"},\"potentialAction\":[{\"@type\":\"SearchAction\",\"target\":{\"@type\":\"EntryPoint\",\"urlTemplate\":\"https:\\\/\\\/www.24gliwice.pl\\\/wiadomosci\\\/?s={search_term_string}\"},\"query-input\":{\"@type\":\"PropertyValueSpecification\",\"valueRequired\":true,\"valueName\":\"search_term_string\"}}],\"inLanguage\":\"pl-PL\"},{\"@type\":\"Organization\",\"@id\":\"https:\\\/\\\/www.24gliwice.pl\\\/wiadomosci\\\/#organization\",\"name\":\"24gliwice\",\"url\":\"https:\\\/\\\/www.24gliwice.pl\\\/wiadomosci\\\/\",\"logo\":{\"@type\":\"ImageObject\",\"inLanguage\":\"pl-PL\",\"@id\":\"https:\\\/\\\/www.24gliwice.pl\\\/wiadomosci\\\/#\\\/schema\\\/logo\\\/image\\\/\",\"url\":\"https:\\\/\\\/www.24gliwice.pl\\\/wiadomosci\\\/wp-content\\\/uploads\\\/2024\\\/10\\\/24gliwice-logo-696.jpg\",\"contentUrl\":\"https:\\\/\\\/www.24gliwice.pl\\\/wiadomosci\\\/wp-content\\\/uploads\\\/2024\\\/10\\\/24gliwice-logo-696.jpg\",\"width\":696,\"height\":696,\"caption\":\"24gliwice\"},\"image\":{\"@id\":\"https:\\\/\\\/www.24gliwice.pl\\\/wiadomosci\\\/#\\\/schema\\\/logo\\\/image\\\/\"},\"sameAs\":[\"https:\\\/\\\/www.facebook.com\\\/24gliwice\",\"https:\\\/\\\/x.com\\\/24gliwice\",\"https:\\\/\\\/www.youtube.com\\\/@24gliwice\"]},{\"@type\":\"Person\",\"@id\":\"https:\\\/\\\/www.24gliwice.pl\\\/wiadomosci\\\/#\\\/schema\\\/person\\\/e42c650edd7f2fa332be3811fb166b6e\",\"name\":\"\u017baneta Mrozek-Siewierska\",\"image\":{\"@type\":\"ImageObject\",\"inLanguage\":\"pl-PL\",\"@id\":\"https:\\\/\\\/secure.gravatar.com\\\/avatar\\\/1881429e9c64597c77ad7aef2d0a19be69a3253e57534d16aa15bf3a4d34a0a3?s=96&d=mm&r=g\",\"url\":\"https:\\\/\\\/secure.gravatar.com\\\/avatar\\\/1881429e9c64597c77ad7aef2d0a19be69a3253e57534d16aa15bf3a4d34a0a3?s=96&d=mm&r=g\",\"contentUrl\":\"https:\\\/\\\/secure.gravatar.com\\\/avatar\\\/1881429e9c64597c77ad7aef2d0a19be69a3253e57534d16aa15bf3a4d34a0a3?s=96&d=mm&r=g\",\"caption\":\"\u017baneta Mrozek-Siewierska\"},\"url\":\"https:\\\/\\\/www.24gliwice.pl\\\/wiadomosci\\\/author\\\/zms\\\/\"}]}<\/script>\n<!-- \/ Yoast SEO plugin. -->","yoast_head_json":{"title":"\"Ko\u0142a tylnej osi prawie szura\u0142y po nadkolu.\" Z \"dostawczakiem\" ewidentnie by\u0142o co\u015b nie tak - 24GLIWICE - Portal Gliwice | codziennie nowe informacje","robots":{"index":"index","follow":"follow","max-snippet":"max-snippet:-1","max-image-preview":"max-image-preview:large","max-video-preview":"max-video-preview:-1"},"canonical":"https:\/\/www.24gliwice.pl\/wiadomosci\/kola-tylnej-osi-prawie-szuraly-po-nadkolu-z-dostawczakiem-ewidentnie-bylo-cos-nie-tak\/","og_locale":"pl_PL","og_type":"article","og_title":"\"Ko\u0142a tylnej osi prawie szura\u0142y po nadkolu.\" Z \"dostawczakiem\" ewidentnie by\u0142o co\u015b nie tak - 24GLIWICE - Portal Gliwice | codziennie nowe informacje","og_description":"We wtorek w ca\u0142ym mie\u015bcie prowadzono kontrole samochod\u00f3w z silnikiem diesla, w zwi\u0105zku z tym na ulicach mo\u017cna by\u0142o spotka\u0107 wiele policyjnych patroli. Uwag\u0119 jednego z nich przyku\u0142o auto dostawcze, ewidentnie prze\u0142adowane. &#8211; Jak wykazuj\u0105 kontrole drogowe, niekt\u00f3rzy kierowcy (..) z ch\u0119ci zaoszcz\u0119dzenia, prze\u0142adowuj\u0105 swoje pojazdy i nadmiernie je eksploatuj\u0105. Dzi\u015b przed po\u0142udniem, podczas kontroli [&hellip;]","og_url":"https:\/\/www.24gliwice.pl\/wiadomosci\/kola-tylnej-osi-prawie-szuraly-po-nadkolu-z-dostawczakiem-ewidentnie-bylo-cos-nie-tak\/","og_site_name":"24GLIWICE - Portal Gliwice | codziennie nowe informacje","article_publisher":"https:\/\/www.facebook.com\/24gliwice","article_published_time":"2019-03-06T00:52:15+00:00","og_image":[{"width":810,"height":456,"url":"https:\/\/www.24gliwice.pl\/wiadomosci\/wp-content\/uploads\/2019\/03\/prze\u0142adowane-auto.3-1.jpg","type":"image\/jpeg"}],"author":"\u017baneta Mrozek-Siewierska","twitter_card":"summary_large_image","twitter_creator":"@24gliwice","twitter_site":"@24gliwice","twitter_misc":{"Napisane przez":"\u017baneta Mrozek-Siewierska","Szacowany czas czytania":"1 minuta"},"schema":{"@context":"https:\/\/schema.org","@graph":[{"@type":"Article","@id":"https:\/\/www.24gliwice.pl\/wiadomosci\/kola-tylnej-osi-prawie-szuraly-po-nadkolu-z-dostawczakiem-ewidentnie-bylo-cos-nie-tak\/#article","isPartOf":{"@id":"https:\/\/www.24gliwice.pl\/wiadomosci\/kola-tylnej-osi-prawie-szuraly-po-nadkolu-z-dostawczakiem-ewidentnie-bylo-cos-nie-tak\/"},"author":{"name":"\u017baneta Mrozek-Siewierska","@id":"https:\/\/www.24gliwice.pl\/wiadomosci\/#\/schema\/person\/e42c650edd7f2fa332be3811fb166b6e"},"headline":"&#8220;Ko\u0142a tylnej osi prawie szura\u0142y po nadkolu.&#8221; Z &#8220;dostawczakiem&#8221; ewidentnie by\u0142o co\u015b nie tak","datePublished":"2019-03-06T00:52:15+00:00","mainEntityOfPage":{"@id":"https:\/\/www.24gliwice.pl\/wiadomosci\/kola-tylnej-osi-prawie-szuraly-po-nadkolu-z-dostawczakiem-ewidentnie-bylo-cos-nie-tak\/"},"wordCount":296,"commentCount":0,"publisher":{"@id":"https:\/\/www.24gliwice.pl\/wiadomosci\/#organization"},"image":{"@id":"https:\/\/www.24gliwice.pl\/wiadomosci\/kola-tylnej-osi-prawie-szuraly-po-nadkolu-z-dostawczakiem-ewidentnie-bylo-cos-nie-tak\/#primaryimage"},"thumbnailUrl":"https:\/\/www.24gliwice.pl\/wiadomosci\/wp-content\/uploads\/2019\/03\/prze\u0142adowane-auto.3-1.jpg","keywords":["KMP","POLICJA"],"articleSection":["Gliwice","Najnowsze wiadomo\u015bci","Prawo"],"inLanguage":"pl-PL","potentialAction":[{"@type":"CommentAction","name":"Comment","target":["https:\/\/www.24gliwice.pl\/wiadomosci\/kola-tylnej-osi-prawie-szuraly-po-nadkolu-z-dostawczakiem-ewidentnie-bylo-cos-nie-tak\/#respond"]}]},{"@type":"WebPage","@id":"https:\/\/www.24gliwice.pl\/wiadomosci\/kola-tylnej-osi-prawie-szuraly-po-nadkolu-z-dostawczakiem-ewidentnie-bylo-cos-nie-tak\/","url":"https:\/\/www.24gliwice.pl\/wiadomosci\/kola-tylnej-osi-prawie-szuraly-po-nadkolu-z-dostawczakiem-ewidentnie-bylo-cos-nie-tak\/","name":"\"Ko\u0142a tylnej osi prawie szura\u0142y po nadkolu.\" Z \"dostawczakiem\" ewidentnie by\u0142o co\u015b nie tak - 24GLIWICE - Portal Gliwice | codziennie nowe informacje","isPartOf":{"@id":"https:\/\/www.24gliwice.pl\/wiadomosci\/#website"},"primaryImageOfPage":{"@id":"https:\/\/www.24gliwice.pl\/wiadomosci\/kola-tylnej-osi-prawie-szuraly-po-nadkolu-z-dostawczakiem-ewidentnie-bylo-cos-nie-tak\/#primaryimage"},"image":{"@id":"https:\/\/www.24gliwice.pl\/wiadomosci\/kola-tylnej-osi-prawie-szuraly-po-nadkolu-z-dostawczakiem-ewidentnie-bylo-cos-nie-tak\/#primaryimage"},"thumbnailUrl":"https:\/\/www.24gliwice.pl\/wiadomosci\/wp-content\/uploads\/2019\/03\/prze\u0142adowane-auto.3-1.jpg","datePublished":"2019-03-06T00:52:15+00:00","breadcrumb":{"@id":"https:\/\/www.24gliwice.pl\/wiadomosci\/kola-tylnej-osi-prawie-szuraly-po-nadkolu-z-dostawczakiem-ewidentnie-bylo-cos-nie-tak\/#breadcrumb"},"inLanguage":"pl-PL","potentialAction":[{"@type":"ReadAction","target":["https:\/\/www.24gliwice.pl\/wiadomosci\/kola-tylnej-osi-prawie-szuraly-po-nadkolu-z-dostawczakiem-ewidentnie-bylo-cos-nie-tak\/"]}]},{"@type":"ImageObject","inLanguage":"pl-PL","@id":"https:\/\/www.24gliwice.pl\/wiadomosci\/kola-tylnej-osi-prawie-szuraly-po-nadkolu-z-dostawczakiem-ewidentnie-bylo-cos-nie-tak\/#primaryimage","url":"https:\/\/www.24gliwice.pl\/wiadomosci\/wp-content\/uploads\/2019\/03\/prze\u0142adowane-auto.3-1.jpg","contentUrl":"https:\/\/www.24gliwice.pl\/wiadomosci\/wp-content\/uploads\/2019\/03\/prze\u0142adowane-auto.3-1.jpg","width":810,"height":456},{"@type":"BreadcrumbList","@id":"https:\/\/www.24gliwice.pl\/wiadomosci\/kola-tylnej-osi-prawie-szuraly-po-nadkolu-z-dostawczakiem-ewidentnie-bylo-cos-nie-tak\/#breadcrumb","itemListElement":[{"@type":"ListItem","position":1,"name":"Strona g\u0142\u00f3wna","item":"https:\/\/www.24gliwice.pl\/wiadomosci\/"},{"@type":"ListItem","position":2,"name":"&#8222;Ko\u0142a tylnej osi prawie szura\u0142y po nadkolu.&#8221; Z &#8222;dostawczakiem&#8221; ewidentnie by\u0142o co\u015b nie tak"}]},{"@type":"WebSite","@id":"https:\/\/www.24gliwice.pl\/wiadomosci\/#website","url":"https:\/\/www.24gliwice.pl\/wiadomosci\/","name":"24GLIWICE - Portal Gliwice | codziennie nowe wiadomo\u015bci","description":"Portal Miejski Gliwice","publisher":{"@id":"https:\/\/www.24gliwice.pl\/wiadomosci\/#organization"},"potentialAction":[{"@type":"SearchAction","target":{"@type":"EntryPoint","urlTemplate":"https:\/\/www.24gliwice.pl\/wiadomosci\/?s={search_term_string}"},"query-input":{"@type":"PropertyValueSpecification","valueRequired":true,"valueName":"search_term_string"}}],"inLanguage":"pl-PL"},{"@type":"Organization","@id":"https:\/\/www.24gliwice.pl\/wiadomosci\/#organization","name":"24gliwice","url":"https:\/\/www.24gliwice.pl\/wiadomosci\/","logo":{"@type":"ImageObject","inLanguage":"pl-PL","@id":"https:\/\/www.24gliwice.pl\/wiadomosci\/#\/schema\/logo\/image\/","url":"https:\/\/www.24gliwice.pl\/wiadomosci\/wp-content\/uploads\/2024\/10\/24gliwice-logo-696.jpg","contentUrl":"https:\/\/www.24gliwice.pl\/wiadomosci\/wp-content\/uploads\/2024\/10\/24gliwice-logo-696.jpg","width":696,"height":696,"caption":"24gliwice"},"image":{"@id":"https:\/\/www.24gliwice.pl\/wiadomosci\/#\/schema\/logo\/image\/"},"sameAs":["https:\/\/www.facebook.com\/24gliwice","https:\/\/x.com\/24gliwice","https:\/\/www.youtube.com\/@24gliwice"]},{"@type":"Person","@id":"https:\/\/www.24gliwice.pl\/wiadomosci\/#\/schema\/person\/e42c650edd7f2fa332be3811fb166b6e","name":"\u017baneta Mrozek-Siewierska","image":{"@type":"ImageObject","inLanguage":"pl-PL","@id":"https:\/\/secure.gravatar.com\/avatar\/1881429e9c64597c77ad7aef2d0a19be69a3253e57534d16aa15bf3a4d34a0a3?s=96&d=mm&r=g","url":"https:\/\/secure.gravatar.com\/avatar\/1881429e9c64597c77ad7aef2d0a19be69a3253e57534d16aa15bf3a4d34a0a3?s=96&d=mm&r=g","contentUrl":"https:\/\/secure.gravatar.com\/avatar\/1881429e9c64597c77ad7aef2d0a19be69a3253e57534d16aa15bf3a4d34a0a3?s=96&d=mm&r=g","caption":"\u017baneta Mrozek-Siewierska"},"url":"https:\/\/www.24gliwice.pl\/wiadomosci\/author\/zms\/"}]}},"_links":{"self":[{"href":"https:\/\/www.24gliwice.pl\/wiadomosci\/wp-json\/wp\/v2\/posts\/131454","targetHints":{"allow":["GET"]}}],"collection":[{"href":"https:\/\/www.24gliwice.pl\/wiadomosci\/wp-json\/wp\/v2\/posts"}],"about":[{"href":"https:\/\/www.24gliwice.pl\/wiadomosci\/wp-json\/wp\/v2\/types\/post"}],"author":[{"embeddable":true,"href":"https:\/\/www.24gliwice.pl\/wiadomosci\/wp-json\/wp\/v2\/users\/15"}],"replies":[{"embeddable":true,"href":"https:\/\/www.24gliwice.pl\/wiadomosci\/wp-json\/wp\/v2\/comments?post=131454"}],"version-history":[{"count":0,"href":"https:\/\/www.24gliwice.pl\/wiadomosci\/wp-json\/wp\/v2\/posts\/131454\/revisions"}],"wp:featuredmedia":[{"embeddable":true,"href":"https:\/\/www.24gliwice.pl\/wiadomosci\/wp-json\/wp\/v2\/media\/131468"}],"wp:attachment":[{"href":"https:\/\/www.24gliwice.pl\/wiadomosci\/wp-json\/wp\/v2\/media?parent=131454"}],"wp:term":[{"taxonomy":"category","embeddable":true,"href":"https:\/\/www.24gliwice.pl\/wiadomosci\/wp-json\/wp\/v2\/categories?post=131454"},{"taxonomy":"post_tag","embeddable":true,"href":"https:\/\/www.24gliwice.pl\/wiadomosci\/wp-json\/wp\/v2\/tags?post=131454"}],"curies":[{"name":"wp","href":"https:\/\/api.w.org\/{rel}","templated":true}]}}