{"id":131518,"date":"2019-03-06T15:56:25","date_gmt":"2019-03-06T14:56:25","guid":{"rendered":"https:\/\/www.24gliwice.pl\/wiadomosci\/?p=131518"},"modified":"2019-03-07T22:19:05","modified_gmt":"2019-03-07T21:19:05","slug":"tak-wyglada-budowana-obwodnica-zachodnia-utrudnien-dla-kierowcow-na-razie-nie-nalezy-sie-spodziewac","status":"publish","type":"post","link":"https:\/\/www.24gliwice.pl\/wiadomosci\/tak-wyglada-budowana-obwodnica-zachodnia-utrudnien-dla-kierowcow-na-razie-nie-nalezy-sie-spodziewac\/","title":{"rendered":"Tak wygl\u0105da budowana obwodnica zachodnia. Utrudnie\u0144 dla kierowc\u00f3w na razie nie nale\u017cy si\u0119 spodziewa\u0107"},"content":{"rendered":"<div class=\"gliwi-a6-nad-leadem-artykulow gliwi-entity-placement\" id=\"gliwi-2941768942\"><div class=\"gliwi-adlabel\"><span style=\"font-size: 9px\">REKLAMA<\/span><\/div><div id=\"gliwi-2071147125\" style=\"margin-bottom: 25px;margin-left: auto;margin-right: auto;text-align: center;\"><a data-no-instant=\"1\" href=\"https:\/\/dom100.eu\/\" rel=\"noopener\" class=\"a2t-link\" target=\"_blank\" aria-label=\"20260415 DOM100 D\"><img loading=\"lazy\" decoding=\"async\" src=\"https:\/\/www.24gliwice.pl\/wiadomosci\/wp-content\/uploads\/2026\/04\/20260415-DOM100-D.jpg\" alt=\"\"  srcset=\"https:\/\/www.24gliwice.pl\/wiadomosci\/wp-content\/uploads\/2026\/04\/20260415-DOM100-D.jpg 750w, https:\/\/www.24gliwice.pl\/wiadomosci\/wp-content\/uploads\/2026\/04\/20260415-DOM100-D-410x109.jpg 410w\" sizes=\"(max-width: 750px) 100vw, 750px\" class=\"no-lazyload\" width=\"750\" height=\"200\"  style=\"display: inline-block; max-width: 100%; height: auto;\" \/><\/a><\/div><\/div><div id='gallery-1' class='vce-gallery gallery galleryid-131518 gallery-columns-3 gallery-size-vce-lay-b'><div class=\"vce-gallery-big\"><div class=\"big-gallery-item item-0\" >\n\t\t\t<div class='gallery-icon'>\n\t\t\t\t<a href='https:\/\/www.24gliwice.pl\/wiadomosci\/wp-content\/uploads\/2019\/03\/1-e1551871615647.jpg'><img loading=\"lazy\" decoding=\"async\" width=\"810\" height=\"456\" src=\"https:\/\/www.24gliwice.pl\/wiadomosci\/wp-content\/uploads\/2019\/03\/1-810x456.jpg\" class=\"attachment-vce-lay-a size-vce-lay-a\" alt=\"\" srcset=\"https:\/\/www.24gliwice.pl\/wiadomosci\/wp-content\/uploads\/2019\/03\/1-810x456.jpg 810w, https:\/\/www.24gliwice.pl\/wiadomosci\/wp-content\/uploads\/2019\/03\/1-410x232.jpg 410w, https:\/\/www.24gliwice.pl\/wiadomosci\/wp-content\/uploads\/2019\/03\/1-768x432.jpg 768w, https:\/\/www.24gliwice.pl\/wiadomosci\/wp-content\/uploads\/2019\/03\/1-808x455.jpg 808w, https:\/\/www.24gliwice.pl\/wiadomosci\/wp-content\/uploads\/2019\/03\/1-1140x642.jpg 1140w, https:\/\/www.24gliwice.pl\/wiadomosci\/wp-content\/uploads\/2019\/03\/1-e1551871615647.jpg 1200w\" sizes=\"auto, (max-width: 810px) 100vw, 810px\" \/><\/a>\n\t\t\t<\/div><\/div><div class=\"big-gallery-item item-1\" style=\"display:none;\">\n\t\t\t<div class='gallery-icon'>\n\t\t\t\t<a href='https:\/\/www.24gliwice.pl\/wiadomosci\/wp-content\/uploads\/2019\/03\/5-e1551871668560.jpg'><img loading=\"lazy\" decoding=\"async\" width=\"810\" height=\"456\" src=\"https:\/\/www.24gliwice.pl\/wiadomosci\/wp-content\/uploads\/2019\/03\/5-810x456.jpg\" class=\"attachment-vce-lay-a size-vce-lay-a\" alt=\"\" srcset=\"https:\/\/www.24gliwice.pl\/wiadomosci\/wp-content\/uploads\/2019\/03\/5-810x456.jpg 810w, https:\/\/www.24gliwice.pl\/wiadomosci\/wp-content\/uploads\/2019\/03\/5-410x232.jpg 410w, https:\/\/www.24gliwice.pl\/wiadomosci\/wp-content\/uploads\/2019\/03\/5-768x432.jpg 768w, https:\/\/www.24gliwice.pl\/wiadomosci\/wp-content\/uploads\/2019\/03\/5-1140x641.jpg 1140w, https:\/\/www.24gliwice.pl\/wiadomosci\/wp-content\/uploads\/2019\/03\/5-e1551871668560.jpg 1200w\" sizes=\"auto, (max-width: 810px) 100vw, 810px\" \/><\/a>\n\t\t\t<\/div><\/div><div class=\"big-gallery-item item-2\" style=\"display:none;\">\n\t\t\t<div class='gallery-icon'>\n\t\t\t\t<a href='https:\/\/www.24gliwice.pl\/wiadomosci\/wp-content\/uploads\/2019\/03\/4-e1551871651847.jpg'><img loading=\"lazy\" decoding=\"async\" width=\"810\" height=\"456\" src=\"https:\/\/www.24gliwice.pl\/wiadomosci\/wp-content\/uploads\/2019\/03\/4-810x456.jpg\" class=\"attachment-vce-lay-a size-vce-lay-a\" alt=\"\" srcset=\"https:\/\/www.24gliwice.pl\/wiadomosci\/wp-content\/uploads\/2019\/03\/4-810x456.jpg 810w, https:\/\/www.24gliwice.pl\/wiadomosci\/wp-content\/uploads\/2019\/03\/4-410x232.jpg 410w, https:\/\/www.24gliwice.pl\/wiadomosci\/wp-content\/uploads\/2019\/03\/4-768x432.jpg 768w, https:\/\/www.24gliwice.pl\/wiadomosci\/wp-content\/uploads\/2019\/03\/4-1140x641.jpg 1140w, https:\/\/www.24gliwice.pl\/wiadomosci\/wp-content\/uploads\/2019\/03\/4-e1551871651847.jpg 1200w\" sizes=\"auto, (max-width: 810px) 100vw, 810px\" \/><\/a>\n\t\t\t<\/div><\/div><div class=\"big-gallery-item item-3\" style=\"display:none;\">\n\t\t\t<div class='gallery-icon'>\n\t\t\t\t<a href='https:\/\/www.24gliwice.pl\/wiadomosci\/wp-content\/uploads\/2019\/03\/3-e1551871684267.jpg'><img loading=\"lazy\" decoding=\"async\" width=\"810\" height=\"456\" src=\"https:\/\/www.24gliwice.pl\/wiadomosci\/wp-content\/uploads\/2019\/03\/3-810x456.jpg\" class=\"attachment-vce-lay-a size-vce-lay-a\" alt=\"\" srcset=\"https:\/\/www.24gliwice.pl\/wiadomosci\/wp-content\/uploads\/2019\/03\/3-810x456.jpg 810w, https:\/\/www.24gliwice.pl\/wiadomosci\/wp-content\/uploads\/2019\/03\/3-410x232.jpg 410w, https:\/\/www.24gliwice.pl\/wiadomosci\/wp-content\/uploads\/2019\/03\/3-768x432.jpg 768w, https:\/\/www.24gliwice.pl\/wiadomosci\/wp-content\/uploads\/2019\/03\/3-1140x641.jpg 1140w, https:\/\/www.24gliwice.pl\/wiadomosci\/wp-content\/uploads\/2019\/03\/3-e1551871684267.jpg 1200w\" sizes=\"auto, (max-width: 810px) 100vw, 810px\" \/><\/a>\n\t\t\t<\/div><\/div><div class=\"big-gallery-item item-4\" style=\"display:none;\">\n\t\t\t<div class='gallery-icon'>\n\t\t\t\t<a href='https:\/\/www.24gliwice.pl\/wiadomosci\/wp-content\/uploads\/2019\/03\/2-e1551871699236.jpg'><img loading=\"lazy\" decoding=\"async\" width=\"810\" height=\"456\" src=\"https:\/\/www.24gliwice.pl\/wiadomosci\/wp-content\/uploads\/2019\/03\/2-810x456.jpg\" class=\"attachment-vce-lay-a size-vce-lay-a\" alt=\"\" srcset=\"https:\/\/www.24gliwice.pl\/wiadomosci\/wp-content\/uploads\/2019\/03\/2-810x456.jpg 810w, https:\/\/www.24gliwice.pl\/wiadomosci\/wp-content\/uploads\/2019\/03\/2-410x232.jpg 410w, https:\/\/www.24gliwice.pl\/wiadomosci\/wp-content\/uploads\/2019\/03\/2-768x432.jpg 768w, https:\/\/www.24gliwice.pl\/wiadomosci\/wp-content\/uploads\/2019\/03\/2-1140x641.jpg 1140w, https:\/\/www.24gliwice.pl\/wiadomosci\/wp-content\/uploads\/2019\/03\/2-e1551871699236.jpg 1200w\" sizes=\"auto, (max-width: 810px) 100vw, 810px\" \/><\/a>\n\t\t\t<\/div><\/div><\/div><div class=\"vce-gallery-slider\" data-columns=\"3\"><figure class='gallery-item' data-item='0'>\n\t\t\t<div class='gallery-icon landscape'>\n\t\t\t\t<a href='https:\/\/www.24gliwice.pl\/wiadomosci\/wp-content\/uploads\/2019\/03\/1-e1551871615647.jpg'><img loading=\"lazy\" decoding=\"async\" width=\"375\" height=\"195\" src=\"https:\/\/www.24gliwice.pl\/wiadomosci\/wp-content\/uploads\/2019\/03\/1-375x195.jpg\" class=\"attachment-vce-lay-b size-vce-lay-b\" alt=\"\" \/><\/a>\n\t\t\t<\/div><\/figure><figure class='gallery-item' data-item='1'>\n\t\t\t<div class='gallery-icon landscape'>\n\t\t\t\t<a href='https:\/\/www.24gliwice.pl\/wiadomosci\/wp-content\/uploads\/2019\/03\/5-e1551871668560.jpg'><img loading=\"lazy\" decoding=\"async\" width=\"375\" height=\"195\" src=\"https:\/\/www.24gliwice.pl\/wiadomosci\/wp-content\/uploads\/2019\/03\/5-375x195.jpg\" class=\"attachment-vce-lay-b size-vce-lay-b\" alt=\"\" \/><\/a>\n\t\t\t<\/div><\/figure><figure class='gallery-item' data-item='2'>\n\t\t\t<div class='gallery-icon landscape'>\n\t\t\t\t<a href='https:\/\/www.24gliwice.pl\/wiadomosci\/wp-content\/uploads\/2019\/03\/4-e1551871651847.jpg'><img loading=\"lazy\" decoding=\"async\" width=\"375\" height=\"195\" src=\"https:\/\/www.24gliwice.pl\/wiadomosci\/wp-content\/uploads\/2019\/03\/4-375x195.jpg\" class=\"attachment-vce-lay-b size-vce-lay-b\" alt=\"\" \/><\/a>\n\t\t\t<\/div><\/figure><figure class='gallery-item' data-item='3'>\n\t\t\t<div class='gallery-icon landscape'>\n\t\t\t\t<a href='https:\/\/www.24gliwice.pl\/wiadomosci\/wp-content\/uploads\/2019\/03\/3-e1551871684267.jpg'><img loading=\"lazy\" decoding=\"async\" width=\"375\" height=\"195\" src=\"https:\/\/www.24gliwice.pl\/wiadomosci\/wp-content\/uploads\/2019\/03\/3-375x195.jpg\" class=\"attachment-vce-lay-b size-vce-lay-b\" alt=\"\" \/><\/a>\n\t\t\t<\/div><\/figure><figure class='gallery-item' data-item='4'>\n\t\t\t<div class='gallery-icon landscape'>\n\t\t\t\t<a href='https:\/\/www.24gliwice.pl\/wiadomosci\/wp-content\/uploads\/2019\/03\/2-e1551871699236.jpg'><img loading=\"lazy\" decoding=\"async\" width=\"375\" height=\"195\" src=\"https:\/\/www.24gliwice.pl\/wiadomosci\/wp-content\/uploads\/2019\/03\/2-375x195.jpg\" class=\"attachment-vce-lay-b size-vce-lay-b\" alt=\"\" \/><\/a>\n\t\t\t<\/div><\/figure><\/div><\/div>\n\n<h3>Budowa fragmentu zachodniej obwodnicy Gliwic, na odcinku od ul. Daszy\u0144skiego do ul. Rybnickiej, idzie ju\u017c pe\u0142n\u0105 par\u0105. Obecnie prowadzone s\u0105 roboty ziemne, kt\u00f3re wykonawca rozpocz\u0105\u0142 od strony ul. Daszy\u0144skiego.<\/h3>\n<p>\u2013 Dot\u0105d prace skupia\u0142y si\u0119 na wytyczeniu pasa obwodnicy i pracach przygotowawczych. Obecnie od strony ul. Rybnickiej trwa usuwanie warstwy humusu i przygotowanie dr\u00f3g serwisowych, pozwalaj\u0105cych na dojazd do miejsc, gdzie prowadzona jest budowa \u2013 informuje <strong>Jadwiga Jagie\u0142\u0142o-Stiborska<\/strong>, rzecznik prasowy Zarz\u0105du Dr\u00f3g Miejskich w Gliwicach.<\/p>\n[perfectpullquote align=&#8221;full&#8221; bordertop=&#8221;false&#8221; cite=&#8221;&#8221; link=&#8221;&#8221; color=&#8221;&#8221; class=&#8221;&#8221; size=&#8221;&#8221;]W najbli\u017cszym czasie, jak zapewnia wykonawca (konsorcjum firm Eurovia Polska i PRUIM), realizacja rob\u00f3t nie spowoduje wi\u0119kszych utrudnie\u0144 dla kierowc\u00f3w.[\/perfectpullquote]\n<p>Budowany odcinek zachodniej obwodnicy miasta b\u0119dzie mia\u0142 jedn\u0105 jezdni\u0119 z dwoma pasami ruchu. Powstanie tak\u017ce infrastruktura dla pieszych i rowerzyst\u00f3w. Droga b\u0119dzie o\u015bwietlona i wyposa\u017cona w tablice zmiennej tre\u015bci. Koszt budowy to oko\u0142o 82,6 mln z\u0142.<\/p><div class=\"gliwi-a3-w-tresci-artykulow gliwi-entity-placement\" id=\"gliwi-2469266240\"><div class=\"gliwi-adlabel\"><span style=\"font-size: 9px\">REKLAMA<\/span><\/div><div id=\"gliwi-1291591849\" style=\"margin-bottom: 30px;margin-left: auto;margin-right: auto;text-align: center;\"><a data-no-instant=\"1\" href=\"https:\/\/zlobek.halogen.org.pl\/\" rel=\"noopener\" class=\"a2t-link\" target=\"_blank\" aria-label=\"animator-zlobek_750x200\"><img loading=\"lazy\" decoding=\"async\" src=\"https:\/\/www.24gliwice.pl\/wiadomosci\/wp-content\/uploads\/2026\/02\/animator-zlobek_750x200.webp\" alt=\"\"  srcset=\"https:\/\/www.24gliwice.pl\/wiadomosci\/wp-content\/uploads\/2026\/02\/animator-zlobek_750x200.webp 750w, https:\/\/www.24gliwice.pl\/wiadomosci\/wp-content\/uploads\/2026\/02\/animator-zlobek_750x200-410x109.webp 410w\" sizes=\"(max-width: 750px) 100vw, 750px\" class=\"no-lazyload\" width=\"750\" height=\"200\"  style=\"display: inline-block; max-width: 100%; height: auto;\" \/><\/a><\/div><\/div>\n<p><img loading=\"lazy\" decoding=\"async\" class=\"alignnone wp-image-131531\" src=\"https:\/\/www.24gliwice.pl\/wiadomosci\/wp-content\/uploads\/2019\/03\/obwodnica_zach_mapa_mniejsza_0.jpg\" alt=\"\" width=\"1373\" height=\"970\" srcset=\"https:\/\/www.24gliwice.pl\/wiadomosci\/wp-content\/uploads\/2019\/03\/obwodnica_zach_mapa_mniejsza_0.jpg 882w, https:\/\/www.24gliwice.pl\/wiadomosci\/wp-content\/uploads\/2019\/03\/obwodnica_zach_mapa_mniejsza_0-328x232.jpg 328w, https:\/\/www.24gliwice.pl\/wiadomosci\/wp-content\/uploads\/2019\/03\/obwodnica_zach_mapa_mniejsza_0-768x542.jpg 768w, https:\/\/www.24gliwice.pl\/wiadomosci\/wp-content\/uploads\/2019\/03\/obwodnica_zach_mapa_mniejsza_0-644x455.jpg 644w, https:\/\/www.24gliwice.pl\/wiadomosci\/wp-content\/uploads\/2019\/03\/obwodnica_zach_mapa_mniejsza_0-810x572.jpg 810w\" sizes=\"auto, (max-width: 1373px) 100vw, 1373px\" \/><\/p>\n<p>Inwestycja powstaje dzi\u0119ki unijnemu wsparciu. 85% dofinansowania uzyskano w ramach Programu Operacyjnego Infrastruktura i \u015arodowisko na lata 2014\u20132020 (Dzia\u0142anie 4.2: Zwi\u0119kszenie dost\u0119pno\u015bci transportowej o\u015brodk\u00f3w miejskich le\u017c\u0105cych poza sieci\u0105 drogow\u0105 TEN-T i odci\u0105\u017cenie miast od nadmiernego ruchu drogowego).<\/p>\n<p>(\u017cms)\/MSI<br \/>\nfot. (Mosquidron, ZDM)\/MSI<\/p>\n<div class=\"gliwi-a5-na-koncu-artykulow gliwi-entity-placement\" id=\"gliwi-3181981945\"><div class=\"gliwi-adlabel\"><span style=\"font-size: 9px\">REKLAMA<\/span><\/div><div id=\"gliwi-1302292091\" style=\"margin-left: auto;margin-right: auto;text-align: center;\"><a data-no-instant=\"1\" href=\"https:\/\/www.jasek.pl\/\" rel=\"noopener\" class=\"a2t-link\" target=\"_blank\" aria-label=\"20200401-jasek 600\"><img loading=\"lazy\" decoding=\"async\" src=\"https:\/\/www.24gliwice.pl\/wiadomosci\/wp-content\/uploads\/2020\/04\/20200401-jasek-600.jpg\" alt=\"\"  srcset=\"https:\/\/www.24gliwice.pl\/wiadomosci\/wp-content\/uploads\/2020\/04\/20200401-jasek-600.jpg 600w, https:\/\/www.24gliwice.pl\/wiadomosci\/wp-content\/uploads\/2020\/04\/20200401-jasek-600-410x109.jpg 410w\" sizes=\"(max-width: 600px) 100vw, 600px\" class=\"no-lazyload\" width=\"600\" height=\"160\"  style=\"display: inline-block; max-width: 100%; height: auto;\" \/><\/a><\/div><\/div>","protected":false},"excerpt":{"rendered":"<p>Budowa fragmentu zachodniej obwodnicy Gliwic, na odcinku od ul. Daszy\u0144skiego do ul. Rybnickiej, idzie ju\u017c pe\u0142n\u0105 par\u0105. Obecnie prowadzone s\u0105 roboty ziemne, kt\u00f3re wykonawca rozpocz\u0105\u0142 od strony ul. Daszy\u0144skiego. \u2013 Dot\u0105d prace skupia\u0142y si\u0119 na wytyczeniu pasa obwodnicy i pracach przygotowawczych. Obecnie od strony ul. Rybnickiej trwa usuwanie warstwy humusu i przygotowanie dr\u00f3g serwisowych, pozwalaj\u0105cych [&hellip;]<\/p>\n","protected":false},"author":15,"featured_media":131539,"comment_status":"open","ping_status":"closed","sticky":false,"template":"","format":"gallery","meta":{"_monsterinsights_skip_tracking":false,"_monsterinsights_sitenote_active":false,"_monsterinsights_sitenote_note":"","_monsterinsights_sitenote_category":0,"footnotes":"","_links_to":"","_links_to_target":""},"categories":[3,1,9],"tags":[990,8330,5809,15011,8658],"class_list":["post-131518","post","type-post","status-publish","format-gallery","has-post-thumbnail","hentry","category-gliwice","category-wszystko","category-aktualnosci_lokalne","tag-daszynskiego","tag-obwodnica","tag-rybnicka","tag-wilcze-doly","tag-zachodnia-obwodnica","post_format-post-format-gallery"],"yoast_head":"<!-- This site is optimized with the Yoast SEO plugin v27.5 - https:\/\/yoast.com\/product\/yoast-seo-wordpress\/ -->\n<title>Tak wygl\u0105da budowana obwodnica zachodnia. Utrudnie\u0144 dla kierowc\u00f3w na razie nie nale\u017cy si\u0119 spodziewa\u0107 - 24GLIWICE - Portal Gliwice | codziennie nowe informacje<\/title>\n<meta name=\"robots\" content=\"index, follow, max-snippet:-1, max-image-preview:large, max-video-preview:-1\" \/>\n<link rel=\"canonical\" href=\"https:\/\/www.24gliwice.pl\/wiadomosci\/tak-wyglada-budowana-obwodnica-zachodnia-utrudnien-dla-kierowcow-na-razie-nie-nalezy-sie-spodziewac\/\" \/>\n<meta property=\"og:locale\" content=\"pl_PL\" \/>\n<meta property=\"og:type\" content=\"article\" \/>\n<meta property=\"og:title\" content=\"Tak wygl\u0105da budowana obwodnica zachodnia. Utrudnie\u0144 dla kierowc\u00f3w na razie nie nale\u017cy si\u0119 spodziewa\u0107 - 24GLIWICE - Portal Gliwice | codziennie nowe informacje\" \/>\n<meta property=\"og:description\" content=\"Budowa fragmentu zachodniej obwodnicy Gliwic, na odcinku od ul. Daszy\u0144skiego do ul. Rybnickiej, idzie ju\u017c pe\u0142n\u0105 par\u0105. Obecnie prowadzone s\u0105 roboty ziemne, kt\u00f3re wykonawca rozpocz\u0105\u0142 od strony ul. Daszy\u0144skiego. \u2013 Dot\u0105d prace skupia\u0142y si\u0119 na wytyczeniu pasa obwodnicy i pracach przygotowawczych. Obecnie od strony ul. Rybnickiej trwa usuwanie warstwy humusu i przygotowanie dr\u00f3g serwisowych, pozwalaj\u0105cych [&hellip;]\" \/>\n<meta property=\"og:url\" content=\"https:\/\/www.24gliwice.pl\/wiadomosci\/tak-wyglada-budowana-obwodnica-zachodnia-utrudnien-dla-kierowcow-na-razie-nie-nalezy-sie-spodziewac\/\" \/>\n<meta property=\"og:site_name\" content=\"24GLIWICE - Portal Gliwice | codziennie nowe informacje\" \/>\n<meta property=\"article:publisher\" content=\"https:\/\/www.facebook.com\/24gliwice\" \/>\n<meta property=\"article:published_time\" content=\"2019-03-06T14:56:25+00:00\" \/>\n<meta property=\"article:modified_time\" content=\"2019-03-07T21:19:05+00:00\" \/>\n<meta property=\"og:image\" content=\"https:\/\/www.24gliwice.pl\/wiadomosci\/wp-content\/uploads\/2019\/03\/1-e1551871615647.jpg\" \/>\n\t<meta property=\"og:image:width\" content=\"1200\" \/>\n\t<meta property=\"og:image:height\" content=\"675\" \/>\n\t<meta property=\"og:image:type\" content=\"image\/jpeg\" \/>\n<meta name=\"author\" content=\"\u017baneta Mrozek-Siewierska\" \/>\n<meta name=\"twitter:card\" content=\"summary_large_image\" \/>\n<meta name=\"twitter:creator\" content=\"@24gliwice\" \/>\n<meta name=\"twitter:site\" content=\"@24gliwice\" \/>\n<meta name=\"twitter:label1\" content=\"Napisane przez\" \/>\n\t<meta name=\"twitter:data1\" content=\"\u017baneta Mrozek-Siewierska\" \/>\n\t<meta name=\"twitter:label2\" content=\"Szacowany czas czytania\" \/>\n\t<meta name=\"twitter:data2\" content=\"1 minuta\" \/>\n<script type=\"application\/ld+json\" class=\"yoast-schema-graph\">{\"@context\":\"https:\\\/\\\/schema.org\",\"@graph\":[{\"@type\":\"Article\",\"@id\":\"https:\\\/\\\/www.24gliwice.pl\\\/wiadomosci\\\/tak-wyglada-budowana-obwodnica-zachodnia-utrudnien-dla-kierowcow-na-razie-nie-nalezy-sie-spodziewac\\\/#article\",\"isPartOf\":{\"@id\":\"https:\\\/\\\/www.24gliwice.pl\\\/wiadomosci\\\/tak-wyglada-budowana-obwodnica-zachodnia-utrudnien-dla-kierowcow-na-razie-nie-nalezy-sie-spodziewac\\\/\"},\"author\":{\"name\":\"\u017baneta Mrozek-Siewierska\",\"@id\":\"https:\\\/\\\/www.24gliwice.pl\\\/wiadomosci\\\/#\\\/schema\\\/person\\\/e42c650edd7f2fa332be3811fb166b6e\"},\"headline\":\"Tak wygl\u0105da budowana obwodnica zachodnia. Utrudnie\u0144 dla kierowc\u00f3w na razie nie nale\u017cy si\u0119 spodziewa\u0107\",\"datePublished\":\"2019-03-06T14:56:25+00:00\",\"dateModified\":\"2019-03-07T21:19:05+00:00\",\"mainEntityOfPage\":{\"@id\":\"https:\\\/\\\/www.24gliwice.pl\\\/wiadomosci\\\/tak-wyglada-budowana-obwodnica-zachodnia-utrudnien-dla-kierowcow-na-razie-nie-nalezy-sie-spodziewac\\\/\"},\"wordCount\":229,\"commentCount\":0,\"publisher\":{\"@id\":\"https:\\\/\\\/www.24gliwice.pl\\\/wiadomosci\\\/#organization\"},\"image\":{\"@id\":\"https:\\\/\\\/www.24gliwice.pl\\\/wiadomosci\\\/tak-wyglada-budowana-obwodnica-zachodnia-utrudnien-dla-kierowcow-na-razie-nie-nalezy-sie-spodziewac\\\/#primaryimage\"},\"thumbnailUrl\":\"https:\\\/\\\/www.24gliwice.pl\\\/wiadomosci\\\/wp-content\\\/uploads\\\/2019\\\/03\\\/1-e1551871615647.jpg\",\"keywords\":[\"DASZY\u0143SKIEGO\",\"OBWODNICA\",\"RYBNICKA\",\"WILCZE DO\u0141Y\",\"zachodnia obwodnica\"],\"articleSection\":[\"Gliwice\",\"Najnowsze wiadomo\u015bci\",\"Portal Gliwice - Wiadomo\u015bci lokalne\"],\"inLanguage\":\"pl-PL\",\"potentialAction\":[{\"@type\":\"CommentAction\",\"name\":\"Comment\",\"target\":[\"https:\\\/\\\/www.24gliwice.pl\\\/wiadomosci\\\/tak-wyglada-budowana-obwodnica-zachodnia-utrudnien-dla-kierowcow-na-razie-nie-nalezy-sie-spodziewac\\\/#respond\"]}]},{\"@type\":\"WebPage\",\"@id\":\"https:\\\/\\\/www.24gliwice.pl\\\/wiadomosci\\\/tak-wyglada-budowana-obwodnica-zachodnia-utrudnien-dla-kierowcow-na-razie-nie-nalezy-sie-spodziewac\\\/\",\"url\":\"https:\\\/\\\/www.24gliwice.pl\\\/wiadomosci\\\/tak-wyglada-budowana-obwodnica-zachodnia-utrudnien-dla-kierowcow-na-razie-nie-nalezy-sie-spodziewac\\\/\",\"name\":\"Tak wygl\u0105da budowana obwodnica zachodnia. Utrudnie\u0144 dla kierowc\u00f3w na razie nie nale\u017cy si\u0119 spodziewa\u0107 - 24GLIWICE - Portal Gliwice | codziennie nowe informacje\",\"isPartOf\":{\"@id\":\"https:\\\/\\\/www.24gliwice.pl\\\/wiadomosci\\\/#website\"},\"primaryImageOfPage\":{\"@id\":\"https:\\\/\\\/www.24gliwice.pl\\\/wiadomosci\\\/tak-wyglada-budowana-obwodnica-zachodnia-utrudnien-dla-kierowcow-na-razie-nie-nalezy-sie-spodziewac\\\/#primaryimage\"},\"image\":{\"@id\":\"https:\\\/\\\/www.24gliwice.pl\\\/wiadomosci\\\/tak-wyglada-budowana-obwodnica-zachodnia-utrudnien-dla-kierowcow-na-razie-nie-nalezy-sie-spodziewac\\\/#primaryimage\"},\"thumbnailUrl\":\"https:\\\/\\\/www.24gliwice.pl\\\/wiadomosci\\\/wp-content\\\/uploads\\\/2019\\\/03\\\/1-e1551871615647.jpg\",\"datePublished\":\"2019-03-06T14:56:25+00:00\",\"dateModified\":\"2019-03-07T21:19:05+00:00\",\"breadcrumb\":{\"@id\":\"https:\\\/\\\/www.24gliwice.pl\\\/wiadomosci\\\/tak-wyglada-budowana-obwodnica-zachodnia-utrudnien-dla-kierowcow-na-razie-nie-nalezy-sie-spodziewac\\\/#breadcrumb\"},\"inLanguage\":\"pl-PL\",\"potentialAction\":[{\"@type\":\"ReadAction\",\"target\":[\"https:\\\/\\\/www.24gliwice.pl\\\/wiadomosci\\\/tak-wyglada-budowana-obwodnica-zachodnia-utrudnien-dla-kierowcow-na-razie-nie-nalezy-sie-spodziewac\\\/\"]}]},{\"@type\":\"ImageObject\",\"inLanguage\":\"pl-PL\",\"@id\":\"https:\\\/\\\/www.24gliwice.pl\\\/wiadomosci\\\/tak-wyglada-budowana-obwodnica-zachodnia-utrudnien-dla-kierowcow-na-razie-nie-nalezy-sie-spodziewac\\\/#primaryimage\",\"url\":\"https:\\\/\\\/www.24gliwice.pl\\\/wiadomosci\\\/wp-content\\\/uploads\\\/2019\\\/03\\\/1-e1551871615647.jpg\",\"contentUrl\":\"https:\\\/\\\/www.24gliwice.pl\\\/wiadomosci\\\/wp-content\\\/uploads\\\/2019\\\/03\\\/1-e1551871615647.jpg\",\"width\":1200,\"height\":675},{\"@type\":\"BreadcrumbList\",\"@id\":\"https:\\\/\\\/www.24gliwice.pl\\\/wiadomosci\\\/tak-wyglada-budowana-obwodnica-zachodnia-utrudnien-dla-kierowcow-na-razie-nie-nalezy-sie-spodziewac\\\/#breadcrumb\",\"itemListElement\":[{\"@type\":\"ListItem\",\"position\":1,\"name\":\"Strona g\u0142\u00f3wna\",\"item\":\"https:\\\/\\\/www.24gliwice.pl\\\/wiadomosci\\\/\"},{\"@type\":\"ListItem\",\"position\":2,\"name\":\"Tak wygl\u0105da budowana obwodnica zachodnia. Utrudnie\u0144 dla kierowc\u00f3w na razie nie nale\u017cy si\u0119 spodziewa\u0107\"}]},{\"@type\":\"WebSite\",\"@id\":\"https:\\\/\\\/www.24gliwice.pl\\\/wiadomosci\\\/#website\",\"url\":\"https:\\\/\\\/www.24gliwice.pl\\\/wiadomosci\\\/\",\"name\":\"24GLIWICE - Portal Gliwice | codziennie nowe wiadomo\u015bci\",\"description\":\"Portal Miejski Gliwice\",\"publisher\":{\"@id\":\"https:\\\/\\\/www.24gliwice.pl\\\/wiadomosci\\\/#organization\"},\"potentialAction\":[{\"@type\":\"SearchAction\",\"target\":{\"@type\":\"EntryPoint\",\"urlTemplate\":\"https:\\\/\\\/www.24gliwice.pl\\\/wiadomosci\\\/?s={search_term_string}\"},\"query-input\":{\"@type\":\"PropertyValueSpecification\",\"valueRequired\":true,\"valueName\":\"search_term_string\"}}],\"inLanguage\":\"pl-PL\"},{\"@type\":\"Organization\",\"@id\":\"https:\\\/\\\/www.24gliwice.pl\\\/wiadomosci\\\/#organization\",\"name\":\"24gliwice\",\"url\":\"https:\\\/\\\/www.24gliwice.pl\\\/wiadomosci\\\/\",\"logo\":{\"@type\":\"ImageObject\",\"inLanguage\":\"pl-PL\",\"@id\":\"https:\\\/\\\/www.24gliwice.pl\\\/wiadomosci\\\/#\\\/schema\\\/logo\\\/image\\\/\",\"url\":\"https:\\\/\\\/www.24gliwice.pl\\\/wiadomosci\\\/wp-content\\\/uploads\\\/2024\\\/10\\\/24gliwice-logo-696.jpg\",\"contentUrl\":\"https:\\\/\\\/www.24gliwice.pl\\\/wiadomosci\\\/wp-content\\\/uploads\\\/2024\\\/10\\\/24gliwice-logo-696.jpg\",\"width\":696,\"height\":696,\"caption\":\"24gliwice\"},\"image\":{\"@id\":\"https:\\\/\\\/www.24gliwice.pl\\\/wiadomosci\\\/#\\\/schema\\\/logo\\\/image\\\/\"},\"sameAs\":[\"https:\\\/\\\/www.facebook.com\\\/24gliwice\",\"https:\\\/\\\/x.com\\\/24gliwice\",\"https:\\\/\\\/www.youtube.com\\\/@24gliwice\"]},{\"@type\":\"Person\",\"@id\":\"https:\\\/\\\/www.24gliwice.pl\\\/wiadomosci\\\/#\\\/schema\\\/person\\\/e42c650edd7f2fa332be3811fb166b6e\",\"name\":\"\u017baneta Mrozek-Siewierska\",\"image\":{\"@type\":\"ImageObject\",\"inLanguage\":\"pl-PL\",\"@id\":\"https:\\\/\\\/secure.gravatar.com\\\/avatar\\\/1881429e9c64597c77ad7aef2d0a19be69a3253e57534d16aa15bf3a4d34a0a3?s=96&d=mm&r=g\",\"url\":\"https:\\\/\\\/secure.gravatar.com\\\/avatar\\\/1881429e9c64597c77ad7aef2d0a19be69a3253e57534d16aa15bf3a4d34a0a3?s=96&d=mm&r=g\",\"contentUrl\":\"https:\\\/\\\/secure.gravatar.com\\\/avatar\\\/1881429e9c64597c77ad7aef2d0a19be69a3253e57534d16aa15bf3a4d34a0a3?s=96&d=mm&r=g\",\"caption\":\"\u017baneta Mrozek-Siewierska\"},\"url\":\"https:\\\/\\\/www.24gliwice.pl\\\/wiadomosci\\\/author\\\/zms\\\/\"}]}<\/script>\n<!-- \/ Yoast SEO plugin. -->","yoast_head_json":{"title":"Tak wygl\u0105da budowana obwodnica zachodnia. Utrudnie\u0144 dla kierowc\u00f3w na razie nie nale\u017cy si\u0119 spodziewa\u0107 - 24GLIWICE - Portal Gliwice | codziennie nowe informacje","robots":{"index":"index","follow":"follow","max-snippet":"max-snippet:-1","max-image-preview":"max-image-preview:large","max-video-preview":"max-video-preview:-1"},"canonical":"https:\/\/www.24gliwice.pl\/wiadomosci\/tak-wyglada-budowana-obwodnica-zachodnia-utrudnien-dla-kierowcow-na-razie-nie-nalezy-sie-spodziewac\/","og_locale":"pl_PL","og_type":"article","og_title":"Tak wygl\u0105da budowana obwodnica zachodnia. Utrudnie\u0144 dla kierowc\u00f3w na razie nie nale\u017cy si\u0119 spodziewa\u0107 - 24GLIWICE - Portal Gliwice | codziennie nowe informacje","og_description":"Budowa fragmentu zachodniej obwodnicy Gliwic, na odcinku od ul. Daszy\u0144skiego do ul. Rybnickiej, idzie ju\u017c pe\u0142n\u0105 par\u0105. Obecnie prowadzone s\u0105 roboty ziemne, kt\u00f3re wykonawca rozpocz\u0105\u0142 od strony ul. Daszy\u0144skiego. \u2013 Dot\u0105d prace skupia\u0142y si\u0119 na wytyczeniu pasa obwodnicy i pracach przygotowawczych. Obecnie od strony ul. Rybnickiej trwa usuwanie warstwy humusu i przygotowanie dr\u00f3g serwisowych, pozwalaj\u0105cych [&hellip;]","og_url":"https:\/\/www.24gliwice.pl\/wiadomosci\/tak-wyglada-budowana-obwodnica-zachodnia-utrudnien-dla-kierowcow-na-razie-nie-nalezy-sie-spodziewac\/","og_site_name":"24GLIWICE - Portal Gliwice | codziennie nowe informacje","article_publisher":"https:\/\/www.facebook.com\/24gliwice","article_published_time":"2019-03-06T14:56:25+00:00","article_modified_time":"2019-03-07T21:19:05+00:00","og_image":[{"width":1200,"height":675,"url":"https:\/\/www.24gliwice.pl\/wiadomosci\/wp-content\/uploads\/2019\/03\/1-e1551871615647.jpg","type":"image\/jpeg"}],"author":"\u017baneta Mrozek-Siewierska","twitter_card":"summary_large_image","twitter_creator":"@24gliwice","twitter_site":"@24gliwice","twitter_misc":{"Napisane przez":"\u017baneta Mrozek-Siewierska","Szacowany czas czytania":"1 minuta"},"schema":{"@context":"https:\/\/schema.org","@graph":[{"@type":"Article","@id":"https:\/\/www.24gliwice.pl\/wiadomosci\/tak-wyglada-budowana-obwodnica-zachodnia-utrudnien-dla-kierowcow-na-razie-nie-nalezy-sie-spodziewac\/#article","isPartOf":{"@id":"https:\/\/www.24gliwice.pl\/wiadomosci\/tak-wyglada-budowana-obwodnica-zachodnia-utrudnien-dla-kierowcow-na-razie-nie-nalezy-sie-spodziewac\/"},"author":{"name":"\u017baneta Mrozek-Siewierska","@id":"https:\/\/www.24gliwice.pl\/wiadomosci\/#\/schema\/person\/e42c650edd7f2fa332be3811fb166b6e"},"headline":"Tak wygl\u0105da budowana obwodnica zachodnia. Utrudnie\u0144 dla kierowc\u00f3w na razie nie nale\u017cy si\u0119 spodziewa\u0107","datePublished":"2019-03-06T14:56:25+00:00","dateModified":"2019-03-07T21:19:05+00:00","mainEntityOfPage":{"@id":"https:\/\/www.24gliwice.pl\/wiadomosci\/tak-wyglada-budowana-obwodnica-zachodnia-utrudnien-dla-kierowcow-na-razie-nie-nalezy-sie-spodziewac\/"},"wordCount":229,"commentCount":0,"publisher":{"@id":"https:\/\/www.24gliwice.pl\/wiadomosci\/#organization"},"image":{"@id":"https:\/\/www.24gliwice.pl\/wiadomosci\/tak-wyglada-budowana-obwodnica-zachodnia-utrudnien-dla-kierowcow-na-razie-nie-nalezy-sie-spodziewac\/#primaryimage"},"thumbnailUrl":"https:\/\/www.24gliwice.pl\/wiadomosci\/wp-content\/uploads\/2019\/03\/1-e1551871615647.jpg","keywords":["DASZY\u0143SKIEGO","OBWODNICA","RYBNICKA","WILCZE DO\u0141Y","zachodnia obwodnica"],"articleSection":["Gliwice","Najnowsze wiadomo\u015bci","Portal Gliwice - Wiadomo\u015bci lokalne"],"inLanguage":"pl-PL","potentialAction":[{"@type":"CommentAction","name":"Comment","target":["https:\/\/www.24gliwice.pl\/wiadomosci\/tak-wyglada-budowana-obwodnica-zachodnia-utrudnien-dla-kierowcow-na-razie-nie-nalezy-sie-spodziewac\/#respond"]}]},{"@type":"WebPage","@id":"https:\/\/www.24gliwice.pl\/wiadomosci\/tak-wyglada-budowana-obwodnica-zachodnia-utrudnien-dla-kierowcow-na-razie-nie-nalezy-sie-spodziewac\/","url":"https:\/\/www.24gliwice.pl\/wiadomosci\/tak-wyglada-budowana-obwodnica-zachodnia-utrudnien-dla-kierowcow-na-razie-nie-nalezy-sie-spodziewac\/","name":"Tak wygl\u0105da budowana obwodnica zachodnia. Utrudnie\u0144 dla kierowc\u00f3w na razie nie nale\u017cy si\u0119 spodziewa\u0107 - 24GLIWICE - Portal Gliwice | codziennie nowe informacje","isPartOf":{"@id":"https:\/\/www.24gliwice.pl\/wiadomosci\/#website"},"primaryImageOfPage":{"@id":"https:\/\/www.24gliwice.pl\/wiadomosci\/tak-wyglada-budowana-obwodnica-zachodnia-utrudnien-dla-kierowcow-na-razie-nie-nalezy-sie-spodziewac\/#primaryimage"},"image":{"@id":"https:\/\/www.24gliwice.pl\/wiadomosci\/tak-wyglada-budowana-obwodnica-zachodnia-utrudnien-dla-kierowcow-na-razie-nie-nalezy-sie-spodziewac\/#primaryimage"},"thumbnailUrl":"https:\/\/www.24gliwice.pl\/wiadomosci\/wp-content\/uploads\/2019\/03\/1-e1551871615647.jpg","datePublished":"2019-03-06T14:56:25+00:00","dateModified":"2019-03-07T21:19:05+00:00","breadcrumb":{"@id":"https:\/\/www.24gliwice.pl\/wiadomosci\/tak-wyglada-budowana-obwodnica-zachodnia-utrudnien-dla-kierowcow-na-razie-nie-nalezy-sie-spodziewac\/#breadcrumb"},"inLanguage":"pl-PL","potentialAction":[{"@type":"ReadAction","target":["https:\/\/www.24gliwice.pl\/wiadomosci\/tak-wyglada-budowana-obwodnica-zachodnia-utrudnien-dla-kierowcow-na-razie-nie-nalezy-sie-spodziewac\/"]}]},{"@type":"ImageObject","inLanguage":"pl-PL","@id":"https:\/\/www.24gliwice.pl\/wiadomosci\/tak-wyglada-budowana-obwodnica-zachodnia-utrudnien-dla-kierowcow-na-razie-nie-nalezy-sie-spodziewac\/#primaryimage","url":"https:\/\/www.24gliwice.pl\/wiadomosci\/wp-content\/uploads\/2019\/03\/1-e1551871615647.jpg","contentUrl":"https:\/\/www.24gliwice.pl\/wiadomosci\/wp-content\/uploads\/2019\/03\/1-e1551871615647.jpg","width":1200,"height":675},{"@type":"BreadcrumbList","@id":"https:\/\/www.24gliwice.pl\/wiadomosci\/tak-wyglada-budowana-obwodnica-zachodnia-utrudnien-dla-kierowcow-na-razie-nie-nalezy-sie-spodziewac\/#breadcrumb","itemListElement":[{"@type":"ListItem","position":1,"name":"Strona g\u0142\u00f3wna","item":"https:\/\/www.24gliwice.pl\/wiadomosci\/"},{"@type":"ListItem","position":2,"name":"Tak wygl\u0105da budowana obwodnica zachodnia. Utrudnie\u0144 dla kierowc\u00f3w na razie nie nale\u017cy si\u0119 spodziewa\u0107"}]},{"@type":"WebSite","@id":"https:\/\/www.24gliwice.pl\/wiadomosci\/#website","url":"https:\/\/www.24gliwice.pl\/wiadomosci\/","name":"24GLIWICE - Portal Gliwice | codziennie nowe wiadomo\u015bci","description":"Portal Miejski Gliwice","publisher":{"@id":"https:\/\/www.24gliwice.pl\/wiadomosci\/#organization"},"potentialAction":[{"@type":"SearchAction","target":{"@type":"EntryPoint","urlTemplate":"https:\/\/www.24gliwice.pl\/wiadomosci\/?s={search_term_string}"},"query-input":{"@type":"PropertyValueSpecification","valueRequired":true,"valueName":"search_term_string"}}],"inLanguage":"pl-PL"},{"@type":"Organization","@id":"https:\/\/www.24gliwice.pl\/wiadomosci\/#organization","name":"24gliwice","url":"https:\/\/www.24gliwice.pl\/wiadomosci\/","logo":{"@type":"ImageObject","inLanguage":"pl-PL","@id":"https:\/\/www.24gliwice.pl\/wiadomosci\/#\/schema\/logo\/image\/","url":"https:\/\/www.24gliwice.pl\/wiadomosci\/wp-content\/uploads\/2024\/10\/24gliwice-logo-696.jpg","contentUrl":"https:\/\/www.24gliwice.pl\/wiadomosci\/wp-content\/uploads\/2024\/10\/24gliwice-logo-696.jpg","width":696,"height":696,"caption":"24gliwice"},"image":{"@id":"https:\/\/www.24gliwice.pl\/wiadomosci\/#\/schema\/logo\/image\/"},"sameAs":["https:\/\/www.facebook.com\/24gliwice","https:\/\/x.com\/24gliwice","https:\/\/www.youtube.com\/@24gliwice"]},{"@type":"Person","@id":"https:\/\/www.24gliwice.pl\/wiadomosci\/#\/schema\/person\/e42c650edd7f2fa332be3811fb166b6e","name":"\u017baneta Mrozek-Siewierska","image":{"@type":"ImageObject","inLanguage":"pl-PL","@id":"https:\/\/secure.gravatar.com\/avatar\/1881429e9c64597c77ad7aef2d0a19be69a3253e57534d16aa15bf3a4d34a0a3?s=96&d=mm&r=g","url":"https:\/\/secure.gravatar.com\/avatar\/1881429e9c64597c77ad7aef2d0a19be69a3253e57534d16aa15bf3a4d34a0a3?s=96&d=mm&r=g","contentUrl":"https:\/\/secure.gravatar.com\/avatar\/1881429e9c64597c77ad7aef2d0a19be69a3253e57534d16aa15bf3a4d34a0a3?s=96&d=mm&r=g","caption":"\u017baneta Mrozek-Siewierska"},"url":"https:\/\/www.24gliwice.pl\/wiadomosci\/author\/zms\/"}]}},"_links":{"self":[{"href":"https:\/\/www.24gliwice.pl\/wiadomosci\/wp-json\/wp\/v2\/posts\/131518","targetHints":{"allow":["GET"]}}],"collection":[{"href":"https:\/\/www.24gliwice.pl\/wiadomosci\/wp-json\/wp\/v2\/posts"}],"about":[{"href":"https:\/\/www.24gliwice.pl\/wiadomosci\/wp-json\/wp\/v2\/types\/post"}],"author":[{"embeddable":true,"href":"https:\/\/www.24gliwice.pl\/wiadomosci\/wp-json\/wp\/v2\/users\/15"}],"replies":[{"embeddable":true,"href":"https:\/\/www.24gliwice.pl\/wiadomosci\/wp-json\/wp\/v2\/comments?post=131518"}],"version-history":[{"count":0,"href":"https:\/\/www.24gliwice.pl\/wiadomosci\/wp-json\/wp\/v2\/posts\/131518\/revisions"}],"wp:featuredmedia":[{"embeddable":true,"href":"https:\/\/www.24gliwice.pl\/wiadomosci\/wp-json\/wp\/v2\/media\/131539"}],"wp:attachment":[{"href":"https:\/\/www.24gliwice.pl\/wiadomosci\/wp-json\/wp\/v2\/media?parent=131518"}],"wp:term":[{"taxonomy":"category","embeddable":true,"href":"https:\/\/www.24gliwice.pl\/wiadomosci\/wp-json\/wp\/v2\/categories?post=131518"},{"taxonomy":"post_tag","embeddable":true,"href":"https:\/\/www.24gliwice.pl\/wiadomosci\/wp-json\/wp\/v2\/tags?post=131518"}],"curies":[{"name":"wp","href":"https:\/\/api.w.org\/{rel}","templated":true}]}}