{"id":131524,"date":"2019-03-07T01:09:07","date_gmt":"2019-03-07T00:09:07","guid":{"rendered":"https:\/\/www.24gliwice.pl\/wiadomosci\/?p=131524"},"modified":"2019-03-07T01:09:07","modified_gmt":"2019-03-07T00:09:07","slug":"korekta-rozkladow-jazdy-kolei-slaskich-i-komunikacja-zastepcza-pkp-plk-modernizuje-infrastrukture","status":"publish","type":"post","link":"https:\/\/www.24gliwice.pl\/wiadomosci\/korekta-rozkladow-jazdy-kolei-slaskich-i-komunikacja-zastepcza-pkp-plk-modernizuje-infrastrukture\/","title":{"rendered":"Korekta rozk\u0142ad\u00f3w jazdy Kolei \u015al\u0105skich i komunikacja zast\u0119pcza. PKP PLK modernizuje infrastruktur\u0119"},"content":{"rendered":"<div class=\"gliwi-a6-nad-leadem-artykulow gliwi-entity-placement\" id=\"gliwi-3077802734\"><div class=\"gliwi-adlabel\"><span style=\"font-size: 9px\">REKLAMA<\/span><\/div><div id=\"gliwi-137221259\" style=\"margin-bottom: 30px;margin-left: auto;margin-right: auto;text-align: center;\"><a data-no-instant=\"1\" href=\"https:\/\/przedszkole.halogen.org.pl\/\" rel=\"noopener\" class=\"a2t-link\" target=\"_blank\" aria-label=\"20260402-ANIMATOR-przedszkole_grafika_750x200\"><img loading=\"lazy\" decoding=\"async\" src=\"https:\/\/www.24gliwice.pl\/wiadomosci\/wp-content\/uploads\/2026\/04\/20260402-ANIMATOR-przedszkole_grafika_750x200.webp\" alt=\"\"  srcset=\"https:\/\/www.24gliwice.pl\/wiadomosci\/wp-content\/uploads\/2026\/04\/20260402-ANIMATOR-przedszkole_grafika_750x200.webp 750w, https:\/\/www.24gliwice.pl\/wiadomosci\/wp-content\/uploads\/2026\/04\/20260402-ANIMATOR-przedszkole_grafika_750x200-410x109.webp 410w\" sizes=\"(max-width: 750px) 100vw, 750px\" class=\"no-lazyload\" width=\"750\" height=\"200\"  style=\"display: inline-block; max-width: 100%; height: auto;\" \/><\/a><\/div><\/div><h3>W najbli\u017csz\u0105 niedziel\u0119 (10 marca) wejdzie w \u017cycie korekta rozk\u0142adu jazdy wynikaj\u0105ca z prac remontowo-modernizacyjnych prowadzonych przez PKP Polskie Linie Kolejowe.<\/h3>\n<p>W zwi\u0105zku z tym, \u017ce wraz z nadej\u015bciem wiosny prowadzone prace przybieraj\u0105 na sile, podr\u00f3\u017cni kilku linii b\u0119d\u0105 si\u0119 musieli liczy\u0107 z utrudnieniami.<\/p>\n[perfectpullquote align=&#8221;full&#8221; bordertop=&#8221;false&#8221; cite=&#8221;&#8221; link=&#8221;&#8221; color=&#8221;&#8221; class=&#8221;&#8221; size=&#8221;&#8221;]Najwi\u0119kszej liczby zmian i dni z zast\u0119pcz\u0105 komunikacj\u0105 autobusow\u0105 spodziewa\u0107 si\u0119 mog\u0105 podr\u00f3\u017cni z okolic Rybnika.[\/perfectpullquote]\n<p>Du\u017ce utrudnienia b\u0119dzie generowa\u0107 r\u00f3wnie\u017c modernizacja odcinka Cz\u0119stochowa &#8211; Zawiercie i zwi\u0105zany z tym ruch jednotorowy. W pojedynczych terminach autobusy zast\u0119pcze b\u0119dzie mo\u017cna spotka\u0107 r\u00f3wnie\u017c m.in. na odcinku Zebrzydowice \u2013 Cieszyn, przy czym w tym przypadku wstrzymanie ruchu nast\u0105pi poza godzinami szczytowymi, tj. od godziny 8:20 do 15:00.<\/p><div class=\"gliwi-a3-w-tresci-artykulow gliwi-entity-placement\" id=\"gliwi-1940711586\"><div class=\"gliwi-adlabel\"><span style=\"font-size: 9px\">REKLAMA<\/span><\/div><div id=\"gliwi-1222316772\" style=\"margin-bottom: 30px;margin-left: auto;margin-right: auto;text-align: center;\"><a data-no-instant=\"1\" href=\"https:\/\/zlobek.halogen.org.pl\/\" rel=\"noopener\" class=\"a2t-link\" target=\"_blank\" aria-label=\"animator-zlobek_750x200\"><img loading=\"lazy\" decoding=\"async\" src=\"https:\/\/www.24gliwice.pl\/wiadomosci\/wp-content\/uploads\/2026\/02\/animator-zlobek_750x200.webp\" alt=\"\"  srcset=\"https:\/\/www.24gliwice.pl\/wiadomosci\/wp-content\/uploads\/2026\/02\/animator-zlobek_750x200.webp 750w, https:\/\/www.24gliwice.pl\/wiadomosci\/wp-content\/uploads\/2026\/02\/animator-zlobek_750x200-410x109.webp 410w\" sizes=\"(max-width: 750px) 100vw, 750px\" class=\"no-lazyload\" width=\"750\" height=\"200\"  style=\"display: inline-block; max-width: 100%; height: auto;\" \/><\/a><\/div><\/div>\n<h4>Linia S1: Cz\u0119stochowa \u2013 Katowice \u2013 Gliwice<\/h4>\n<p>Ze wzgl\u0119du na prace prowadzone pomi\u0119dzy Cz\u0119stochow\u0105 a Zawierciem, podobnie jak w okresie zimowym, tak i tym razem cz\u0119\u015b\u0107 poci\u0105g\u00f3w b\u0119dzie musia\u0142a kursowa\u0107 w skr\u00f3conej relacji, ko\u0144cz\u0105c kurs w Zawierciu zamiast w Cz\u0119stochowie. Taka sytuacja b\u0119dzie dotyczy\u0107 czterech poci\u0105g\u00f3w w wybranych okresach maja i czerwca.<br \/>\nW pojedynczych przypadkach na powy\u017cszym odcinku b\u0119dzie mo\u017cna spotka\u0107 r\u00f3wnie\u017c zast\u0119pcz\u0105 komunikacj\u0119 autobusow\u0105 (ZKA). Taka sytuacja b\u0119dzie mia\u0142a miejsce np. 26 maja w przypadku poci\u0105gu numer 40644 (wyjazd z Gliwic o 22:11, przyjazd do Myszkowa o 23:45) oraz w nocy z 2 na 3 i 7 na 8 czerwca \u2013 w\u00f3wczas ZKA b\u0119dzie dotyczy\u0107 ostatnich wieczornych i pierwszych porannych kurs\u00f3w. Dodatkowo warto zwr\u00f3ci\u0107 uwag\u0119 na to, \u017ce cz\u0119\u015b\u0107 poci\u0105g\u00f3w b\u0119dzie kursowa\u0107 objazdem przez Mir\u00f3w, z pomini\u0119ciem stacji Korwin\u00f3w.<\/p>\n<h4>Istotne prace w okolicach Rybnika \u2013 linie S7, S71 i S72<\/h4>\n<p>Z najwi\u0119ksz\u0105 liczb\u0105 utrudnie\u0144 b\u0119d\u0105 si\u0119 musieli liczy\u0107 pasa\u017cerowie korzystaj\u0105cy z linii w kierunku Rybnika. W pierwszej kolejno\u015bci nast\u0105pi wstrzymanie ruchu w godzinach nocnych w dniach 14-15 marca na odcinku na odcinku Leszczyny \u2013 Rybnik. Nast\u0119pnie, od 18 marca do 18 kwietnia zamkni\u0119cie b\u0119dzie dotyczy\u0107 odcinka Miko\u0142\u00f3w \u2013 Leszczyny. Pomi\u0119dzy tymi stacjami zamiast poci\u0105g\u00f3w b\u0119d\u0105 musia\u0142y kursowa\u0107 autobusy zast\u0119pcze.<br \/>\n[perfectpullquote align=&#8221;full&#8221; bordertop=&#8221;false&#8221; cite=&#8221;&#8221; link=&#8221;&#8221; color=&#8221;&#8221; class=&#8221;&#8221; size=&#8221;&#8221;]Od 23 kwietnia do 28 maja nieprzejezdny b\u0119dzie r\u00f3wnie\u017c odcinek Rydu\u0142towy \u2013 Sumina.[\/perfectpullquote]\n<p>Poci\u0105gi Kolei \u015al\u0105skich b\u0119d\u0105 w\u00f3wczas kursowa\u0107 drog\u0105 okr\u0119\u017cn\u0105 przez Jejkowice, a na odcinku G\u00f3rki \u015al\u0105skie \u2013 Rybnik transport b\u0119dzie realizowany przez autobusy zast\u0119pcze. W pojedynczych dniach w okresie maja i kwietnia zast\u0119pcza komunikacja autobusowa zostanie r\u00f3wnie\u017c wprowadzona na odcinku Rybnik \u2013 Racib\u00f3rz oraz Rybnik \u2013 Rybnik Towarowy.<\/p>\n<p>Warto r\u00f3wnie\u017c zwr\u00f3ci\u0107 uwag\u0119 na zmiany na linii S72 czyli Rybnik \u2013 Pszczyna \u2013 Czechowice-Dziedzice \u2013 Bielsko-Bia\u0142a. W tym wypadku zast\u0119pcze autobusy b\u0119dzie mo\u017cna spotka\u0107 na odcinku Pszczyna &#8211; Rybnik w okresie od 11 do 15 maja.<\/p>\n<p>Prace prowadzone na wy\u017cej wymienionych odcinkach b\u0119d\u0105 mia\u0142y te\u017c wp\u0142yw na kursowanie poci\u0105gu Kubalonka, kt\u00f3ry niedawno zosta\u0142 wprowadzony jako nowo\u015b\u0107 do rozk\u0142adu jazdy Kolei \u015al\u0105skich, z my\u015bl\u0105 o turystycznych kursach z Gliwic do Wis\u0142y przez Knur\u00f3w, Rybnik, \u017bory i Strumie\u0144.<\/p>\n[perfectpullquote align=&#8221;full&#8221; bordertop=&#8221;false&#8221; cite=&#8221;&#8221; link=&#8221;&#8221; color=&#8221;&#8221; class=&#8221;&#8221; size=&#8221;&#8221;]W dniach 25 i 26 maja poci\u0105g ten b\u0119dzie kursowa\u0142 z wykorzystaniem zast\u0119pczej komunikacji autobusowej na odcinku Leszczyny \u2013 Rybnik (pozosta\u0142a cz\u0119\u015b\u0107 trasy w obu kierunkach b\u0119dzie obs\u0142ugiwana transportem kolejowym).[\/perfectpullquote]\n<p>W przypadku wy\u017cej wymienionych linii Koleje \u015al\u0105skie szczeg\u00f3lnie zach\u0119caj\u0105 do uwa\u017cnego zapoznania si\u0119 z liniowym rozk\u0142adem jazdy, poniewa\u017c b\u0119dziemy mieli niestety do czynienia z wielo\u015bci\u0105 wariant\u00f3w kursowania poszczeg\u00f3lnych poci\u0105g\u00f3w.<\/p>\n<h4>Honorowanie bilet\u00f3w w poci\u0105gach innych przewo\u017anik\u00f3w<\/h4>\n<p>Aby maksymalnie zniwelowa\u0107 powsta\u0142e niedogodno\u015bci, sp\u00f3\u0142ka podj\u0119\u0142a wsp\u00f3\u0142prac\u0119 w zakresie dodatkowego honorowania bilet\u00f3w Kolei \u015al\u0105skich w poci\u0105gach Przewoz\u00f3w Regionalnych i PKP Intercity. Oznacza to, \u017ce na najbardziej newralgicznych odcinkach podr\u00f3\u017cni b\u0119d\u0105 mogli korzysta\u0107 z poci\u0105g\u00f3w tych przewo\u017anik\u00f3w na podstawie bilet\u00f3w K\u015a.<\/p>\n<p>W przypadku linii S1 taka mo\u017cliwo\u015b\u0107 b\u0119dzie na odcinku Cz\u0119stochowa &#8211; Zawiercie w poci\u0105gach PKP IC o numerach: 4116 (wyjazd z Zawiercia o 8:53, przyjazd do Cz\u0119stochowy o 9:51), 1411 (wyjazd z Cz\u0119stochowy o 8:33, przyjazd do Zawiercia o 9:26), 4110 (wyjazd z Zawiercia o 18:45, przyjazd do Cz\u0119stochowy o 19:45), 1417 (wyjazd z Cz\u0119stochowy o 18:26, przyjazd do Zawiercia o 19:19) w dni robocze w terminie od 27 maja do 7 czerwca. Z kolei w niedziele 26 maja i 2 czerwca podr\u00f3\u017cni na tym odcinku b\u0119d\u0105 mogli korzysta\u0107 z poci\u0105g\u00f3w numer 4154 (wyjazd z Zawiercia o 18:45, przyjazd do Cz\u0119stochowy o 19:45) i 1417 (wyjazd z Cz\u0119stochowy o 18:26, przyjazd do Zawiercia o 19:19).<\/p>\n<p>Na podobnych zasadach honorowanie bilet\u00f3w zostanie wprowadzone w poci\u0105gach Przewoz\u00f3w Regionalnych na odcinku Katowice \u2013 Rybnik \u2013 Wodzis\u0142aw \u015al\u0105ski \u2013 Cha\u0142upki (w obu kierunkach) w terminach 18.03-18.04 oraz 11.05-27.05.<\/p>\n[perfectpullquote align=&#8221;full&#8221; bordertop=&#8221;false&#8221; cite=&#8221;&#8221; link=&#8221;&#8221; color=&#8221;&#8221; class=&#8221;&#8221; size=&#8221;&#8221;]W tym wypadku do dyspozycji podr\u00f3\u017cnych Kolei \u015al\u0105skich s\u0105 wszystkie poci\u0105gi Przewoz\u00f3w Regionalnych i odwrotnie.[\/perfectpullquote]\n<p>Wzajemne honorowanie dotyczy\u0107 b\u0119dzie wszystkich bilet\u00f3w na wspomnianym odcinku \u2013 zar\u00f3wno okresowych, jak i jednorazowych. Honorowane b\u0119d\u0105 przy tym r\u00f3wnie\u017c bilety zakupione w internetowych oraz mobilnych kana\u0142ach sprzeda\u017cy obu sp\u00f3\u0142ek.<\/p>\n<h4>Kierunki g\u00f3rskie<\/h4>\n<p>Dobr\u0105 wiadomo\u015bci\u0105 dla mi\u0142o\u015bnik\u00f3w g\u00f3rskich w\u0119dr\u00f3wek b\u0119dzie z pewno\u015bci\u0105 informacja, \u017ce w przypadku po\u0142\u0105cze\u0144 do Ustronia i Wis\u0142y nie zachodz\u0105 \u017cadne istotne zmiany i ca\u0142\u0105 tras\u0119 mo\u017cna wygodnie pokona\u0107 poci\u0105giem. W por\u00f3wnaniu do poprzednich okres\u00f3w zmniejszy si\u0119 r\u00f3wnie\u017c intensywno\u015b\u0107 prac na linii S5 (Katowice \u2013 Bielsko-Bia\u0142a \u2013 \u017bywiec \u2013 Zwardo\u0144).<\/p>\n[perfectpullquote align=&#8221;full&#8221; bordertop=&#8221;false&#8221; cite=&#8221;&#8221; link=&#8221;&#8221; color=&#8221;&#8221; class=&#8221;&#8221; size=&#8221;&#8221;]W tym przypadku autobusy zast\u0119pcze b\u0119dzie mo\u017cna spotka\u0107 jedynie przy kursach poza godzinami szczytu.[\/perfectpullquote]\n<p>Od 11 marca do 17 kwietnia taka sytuacja b\u0119dzie mia\u0142a miejsce w dni robocze w godzinach 8-14 na odcinku W\u0119gierska G\u00f3rka \u2013 \u017bywiec, natomiast w nocy z 15 na 16, 16 na 17,22 na 23 i 23 na 24 marca ZKA b\u0119dzie dotyczy\u0107 odcinka \u017bywiec \u2013 Zwardo\u0144.<\/p>\n<p>Wa\u017cne zmiany nast\u0105pi\u0105 natomiast w przypadku kursowania poci\u0105g\u00f3w Ornak do Zakopanego. Ze wzgl\u0119du na prace modernizacyjno-remontowe prowadzone na odcinku Nowy Targ \u2013 Szaflary od 10 marca do 8 czerwca poci\u0105gi Kolei \u015al\u0105skich nie b\u0119d\u0105 doje\u017cd\u017ca\u0107 do stolicy polskich Tatr, ko\u0144cz\u0105c sw\u00f3j kurs w Rabce-Zdroju. Co ciekawe, na ten czas Ornak zmieni swoj\u0105 nazw\u0119 handlow\u0105 na Diablak, co stanowi nawi\u0105zanie do nazwy szczytu g\u00f3rskiego.<\/p>\n<h4>Drobne zmiany na wniosek podr\u00f3\u017cnych<\/h4>\n<p>W ramach korekty Koleje \u015al\u0105skie w miar\u0119 mo\u017cliwo\u015bci staraj\u0105 si\u0119 te\u017c wprowadza\u0107 drobne poprawki w rozk\u0142adzie jazdy zg\u0142aszane przez podr\u00f3\u017cnych. Od 10 marca taka zmiana nast\u0105pi np. na linii S8 (O\u015bwi\u0119cim \u2013 Katowice \u2013 Bytom \u2013 Tarnowskie G\u00f3ry \u2013 Lubliniec), gdzie poprawi si\u0119 skomunikowanie z poci\u0105giem Przewoz\u00f3w Regionalnych z Wielunia D\u0105browy. Dzi\u0119ki wsp\u00f3\u0142pracy z Przewozami Regionalnymi rozk\u0142ad jazdy zostanie tak zmodyfikowany, by mo\u017cliwa by\u0142a wygodna przesiadka na powy\u017cszy poci\u0105g w Tarnowskich G\u00f3rach o godzinie 15:48. Co istotne, powy\u017csze skomunikowanie b\u0119dzie utrzymane zar\u00f3wno w dni robocze, jak i w weekendy.<\/p>\n<h4>Sprawd\u017a zmiany przed podr\u00f3\u017c\u0105<\/h4>\n<p>Drobne zmiany w godzinach odjazd\u00f3w poszczeg\u00f3lnych poci\u0105g\u00f3w mog\u0105 zaj\u015b\u0107 r\u00f3wnie\u017c na liniach nieobj\u0119tych remontami. Dlatego warto dok\u0142adnie sprawdzi\u0107 rozk\u0142ad jazdy przed niedzielnymi wycieczkami czy poniedzia\u0142kowym wyj\u015bciem do pracy. Szczeg\u00f3\u0142owy rozk\u0142ad jazdy jest dost\u0119pny m.in. na stronie internetowej przewo\u017anika w zak\u0142adce <a href=\"https:\/\/www.kolejeslaskie.com\/rozklad_jazdy\/liniowy-rozklad-jazdy\/\" rel=\"noopener\" target=\"_blank\">Rozk\u0142ad Jazdy. <\/a>Kolejna korekta rozk\u0142adu jazdy b\u0119dzie wprowadzana 9 czerwca.<\/p>\n<div class=\"gliwi-a5-na-koncu-artykulow gliwi-entity-placement\" id=\"gliwi-2283018020\"><div class=\"gliwi-adlabel\"><span style=\"font-size: 9px\">REKLAMA<\/span><\/div><div id=\"gliwi-1971929684\" style=\"margin-left: auto;margin-right: auto;text-align: center;\"><a data-no-instant=\"1\" href=\"https:\/\/prezeroarenagliwice.pl\/\" rel=\"noopener\" class=\"a2t-link\" target=\"_blank\" aria-label=\"20260309-PREZERO-WIOSNA-D\"><img loading=\"lazy\" decoding=\"async\" src=\"https:\/\/www.24gliwice.pl\/wiadomosci\/wp-content\/uploads\/2026\/03\/20260309-PREZERO-WIOSNA-D.webp\" alt=\"\"  srcset=\"https:\/\/www.24gliwice.pl\/wiadomosci\/wp-content\/uploads\/2026\/03\/20260309-PREZERO-WIOSNA-D.webp 750w, https:\/\/www.24gliwice.pl\/wiadomosci\/wp-content\/uploads\/2026\/03\/20260309-PREZERO-WIOSNA-D-410x109.webp 410w\" sizes=\"(max-width: 750px) 100vw, 750px\" class=\"no-lazyload\" width=\"750\" height=\"200\"  style=\"display: inline-block; max-width: 100%; height: auto;\" \/><\/a><\/div><\/div>","protected":false},"excerpt":{"rendered":"<p>W najbli\u017csz\u0105 niedziel\u0119 (10 marca) wejdzie w \u017cycie korekta rozk\u0142adu jazdy wynikaj\u0105ca z prac remontowo-modernizacyjnych prowadzonych przez PKP Polskie Linie Kolejowe. W zwi\u0105zku z tym, \u017ce wraz z nadej\u015bciem wiosny prowadzone prace przybieraj\u0105 na sile, podr\u00f3\u017cni kilku linii b\u0119d\u0105 si\u0119 musieli liczy\u0107 z utrudnieniami. [perfectpullquote align=&#8221;full&#8221; bordertop=&#8221;false&#8221; cite=&#8221;&#8221; link=&#8221;&#8221; color=&#8221;&#8221; class=&#8221;&#8221; size=&#8221;&#8221;]Najwi\u0119kszej liczby zmian i [&hellip;]<\/p>\n","protected":false},"author":15,"featured_media":120826,"comment_status":"open","ping_status":"closed","sticky":false,"template":"","format":"standard","meta":{"_monsterinsights_skip_tracking":false,"_monsterinsights_sitenote_active":false,"_monsterinsights_sitenote_note":"","_monsterinsights_sitenote_category":0,"footnotes":"","_links_to":"","_links_to_target":""},"categories":[3,1],"tags":[4687,14955,9940,8905],"class_list":["post-131524","post","type-post","status-publish","format-standard","has-post-thumbnail","hentry","category-gliwice","category-wszystko","tag-koleje-slaskie","tag-korekta","tag-pkp-plk","tag-rozklad-jazdy"],"yoast_head":"<!-- This site is optimized with the Yoast SEO plugin v27.5 - https:\/\/yoast.com\/product\/yoast-seo-wordpress\/ -->\n<title>Korekta rozk\u0142ad\u00f3w jazdy Kolei \u015al\u0105skich i komunikacja zast\u0119pcza. PKP PLK modernizuje infrastruktur\u0119 - 24GLIWICE - Portal Gliwice | codziennie nowe informacje<\/title>\n<meta name=\"robots\" content=\"index, follow, max-snippet:-1, max-image-preview:large, max-video-preview:-1\" \/>\n<link rel=\"canonical\" href=\"https:\/\/www.24gliwice.pl\/wiadomosci\/korekta-rozkladow-jazdy-kolei-slaskich-i-komunikacja-zastepcza-pkp-plk-modernizuje-infrastrukture\/\" \/>\n<meta property=\"og:locale\" content=\"pl_PL\" \/>\n<meta property=\"og:type\" content=\"article\" \/>\n<meta property=\"og:title\" content=\"Korekta rozk\u0142ad\u00f3w jazdy Kolei \u015al\u0105skich i komunikacja zast\u0119pcza. PKP PLK modernizuje infrastruktur\u0119 - 24GLIWICE - Portal Gliwice | codziennie nowe informacje\" \/>\n<meta property=\"og:description\" content=\"W najbli\u017csz\u0105 niedziel\u0119 (10 marca) wejdzie w \u017cycie korekta rozk\u0142adu jazdy wynikaj\u0105ca z prac remontowo-modernizacyjnych prowadzonych przez PKP Polskie Linie Kolejowe. W zwi\u0105zku z tym, \u017ce wraz z nadej\u015bciem wiosny prowadzone prace przybieraj\u0105 na sile, podr\u00f3\u017cni kilku linii b\u0119d\u0105 si\u0119 musieli liczy\u0107 z utrudnieniami. [perfectpullquote align=&#8221;full&#8221; bordertop=&#8221;false&#8221; cite=&#8221;&#8221; link=&#8221;&#8221; color=&#8221;&#8221; class=&#8221;&#8221; size=&#8221;&#8221;]Najwi\u0119kszej liczby zmian i [&hellip;]\" \/>\n<meta property=\"og:url\" content=\"https:\/\/www.24gliwice.pl\/wiadomosci\/korekta-rozkladow-jazdy-kolei-slaskich-i-komunikacja-zastepcza-pkp-plk-modernizuje-infrastrukture\/\" \/>\n<meta property=\"og:site_name\" content=\"24GLIWICE - Portal Gliwice | codziennie nowe informacje\" \/>\n<meta property=\"article:publisher\" content=\"https:\/\/www.facebook.com\/24gliwice\" \/>\n<meta property=\"article:published_time\" content=\"2019-03-07T00:09:07+00:00\" \/>\n<meta property=\"og:image\" content=\"https:\/\/www.24gliwice.pl\/wiadomosci\/wp-content\/uploads\/2018\/07\/kolej-metropolitalna-e1533029813982.jpg\" \/>\n\t<meta property=\"og:image:width\" content=\"810\" \/>\n\t<meta property=\"og:image:height\" content=\"456\" \/>\n\t<meta property=\"og:image:type\" content=\"image\/jpeg\" \/>\n<meta name=\"author\" content=\"\u017baneta Mrozek-Siewierska\" \/>\n<meta name=\"twitter:card\" content=\"summary_large_image\" \/>\n<meta name=\"twitter:creator\" content=\"@24gliwice\" \/>\n<meta name=\"twitter:site\" content=\"@24gliwice\" \/>\n<meta name=\"twitter:label1\" content=\"Napisane przez\" \/>\n\t<meta name=\"twitter:data1\" content=\"\u017baneta Mrozek-Siewierska\" \/>\n\t<meta name=\"twitter:label2\" content=\"Szacowany czas czytania\" \/>\n\t<meta name=\"twitter:data2\" content=\"6 minut\" \/>\n<script type=\"application\/ld+json\" class=\"yoast-schema-graph\">{\"@context\":\"https:\\\/\\\/schema.org\",\"@graph\":[{\"@type\":\"Article\",\"@id\":\"https:\\\/\\\/www.24gliwice.pl\\\/wiadomosci\\\/korekta-rozkladow-jazdy-kolei-slaskich-i-komunikacja-zastepcza-pkp-plk-modernizuje-infrastrukture\\\/#article\",\"isPartOf\":{\"@id\":\"https:\\\/\\\/www.24gliwice.pl\\\/wiadomosci\\\/korekta-rozkladow-jazdy-kolei-slaskich-i-komunikacja-zastepcza-pkp-plk-modernizuje-infrastrukture\\\/\"},\"author\":{\"name\":\"\u017baneta Mrozek-Siewierska\",\"@id\":\"https:\\\/\\\/www.24gliwice.pl\\\/wiadomosci\\\/#\\\/schema\\\/person\\\/e42c650edd7f2fa332be3811fb166b6e\"},\"headline\":\"Korekta rozk\u0142ad\u00f3w jazdy Kolei \u015al\u0105skich i komunikacja zast\u0119pcza. PKP PLK modernizuje infrastruktur\u0119\",\"datePublished\":\"2019-03-07T00:09:07+00:00\",\"mainEntityOfPage\":{\"@id\":\"https:\\\/\\\/www.24gliwice.pl\\\/wiadomosci\\\/korekta-rozkladow-jazdy-kolei-slaskich-i-komunikacja-zastepcza-pkp-plk-modernizuje-infrastrukture\\\/\"},\"wordCount\":1308,\"commentCount\":0,\"publisher\":{\"@id\":\"https:\\\/\\\/www.24gliwice.pl\\\/wiadomosci\\\/#organization\"},\"image\":{\"@id\":\"https:\\\/\\\/www.24gliwice.pl\\\/wiadomosci\\\/korekta-rozkladow-jazdy-kolei-slaskich-i-komunikacja-zastepcza-pkp-plk-modernizuje-infrastrukture\\\/#primaryimage\"},\"thumbnailUrl\":\"https:\\\/\\\/www.24gliwice.pl\\\/wiadomosci\\\/wp-content\\\/uploads\\\/2018\\\/07\\\/kolej-metropolitalna-e1533029813982.jpg\",\"keywords\":[\"KOLEJE \u015aL\u0104SKIE\",\"korekta\",\"pkp plk\",\"ROZK\u0141AD JAZDY\"],\"articleSection\":[\"Gliwice\",\"Najnowsze wiadomo\u015bci\"],\"inLanguage\":\"pl-PL\",\"potentialAction\":[{\"@type\":\"CommentAction\",\"name\":\"Comment\",\"target\":[\"https:\\\/\\\/www.24gliwice.pl\\\/wiadomosci\\\/korekta-rozkladow-jazdy-kolei-slaskich-i-komunikacja-zastepcza-pkp-plk-modernizuje-infrastrukture\\\/#respond\"]}]},{\"@type\":\"WebPage\",\"@id\":\"https:\\\/\\\/www.24gliwice.pl\\\/wiadomosci\\\/korekta-rozkladow-jazdy-kolei-slaskich-i-komunikacja-zastepcza-pkp-plk-modernizuje-infrastrukture\\\/\",\"url\":\"https:\\\/\\\/www.24gliwice.pl\\\/wiadomosci\\\/korekta-rozkladow-jazdy-kolei-slaskich-i-komunikacja-zastepcza-pkp-plk-modernizuje-infrastrukture\\\/\",\"name\":\"Korekta rozk\u0142ad\u00f3w jazdy Kolei \u015al\u0105skich i komunikacja zast\u0119pcza. PKP PLK modernizuje infrastruktur\u0119 - 24GLIWICE - Portal Gliwice | codziennie nowe informacje\",\"isPartOf\":{\"@id\":\"https:\\\/\\\/www.24gliwice.pl\\\/wiadomosci\\\/#website\"},\"primaryImageOfPage\":{\"@id\":\"https:\\\/\\\/www.24gliwice.pl\\\/wiadomosci\\\/korekta-rozkladow-jazdy-kolei-slaskich-i-komunikacja-zastepcza-pkp-plk-modernizuje-infrastrukture\\\/#primaryimage\"},\"image\":{\"@id\":\"https:\\\/\\\/www.24gliwice.pl\\\/wiadomosci\\\/korekta-rozkladow-jazdy-kolei-slaskich-i-komunikacja-zastepcza-pkp-plk-modernizuje-infrastrukture\\\/#primaryimage\"},\"thumbnailUrl\":\"https:\\\/\\\/www.24gliwice.pl\\\/wiadomosci\\\/wp-content\\\/uploads\\\/2018\\\/07\\\/kolej-metropolitalna-e1533029813982.jpg\",\"datePublished\":\"2019-03-07T00:09:07+00:00\",\"breadcrumb\":{\"@id\":\"https:\\\/\\\/www.24gliwice.pl\\\/wiadomosci\\\/korekta-rozkladow-jazdy-kolei-slaskich-i-komunikacja-zastepcza-pkp-plk-modernizuje-infrastrukture\\\/#breadcrumb\"},\"inLanguage\":\"pl-PL\",\"potentialAction\":[{\"@type\":\"ReadAction\",\"target\":[\"https:\\\/\\\/www.24gliwice.pl\\\/wiadomosci\\\/korekta-rozkladow-jazdy-kolei-slaskich-i-komunikacja-zastepcza-pkp-plk-modernizuje-infrastrukture\\\/\"]}]},{\"@type\":\"ImageObject\",\"inLanguage\":\"pl-PL\",\"@id\":\"https:\\\/\\\/www.24gliwice.pl\\\/wiadomosci\\\/korekta-rozkladow-jazdy-kolei-slaskich-i-komunikacja-zastepcza-pkp-plk-modernizuje-infrastrukture\\\/#primaryimage\",\"url\":\"https:\\\/\\\/www.24gliwice.pl\\\/wiadomosci\\\/wp-content\\\/uploads\\\/2018\\\/07\\\/kolej-metropolitalna-e1533029813982.jpg\",\"contentUrl\":\"https:\\\/\\\/www.24gliwice.pl\\\/wiadomosci\\\/wp-content\\\/uploads\\\/2018\\\/07\\\/kolej-metropolitalna-e1533029813982.jpg\",\"width\":810,\"height\":456},{\"@type\":\"BreadcrumbList\",\"@id\":\"https:\\\/\\\/www.24gliwice.pl\\\/wiadomosci\\\/korekta-rozkladow-jazdy-kolei-slaskich-i-komunikacja-zastepcza-pkp-plk-modernizuje-infrastrukture\\\/#breadcrumb\",\"itemListElement\":[{\"@type\":\"ListItem\",\"position\":1,\"name\":\"Strona g\u0142\u00f3wna\",\"item\":\"https:\\\/\\\/www.24gliwice.pl\\\/wiadomosci\\\/\"},{\"@type\":\"ListItem\",\"position\":2,\"name\":\"Korekta rozk\u0142ad\u00f3w jazdy Kolei \u015al\u0105skich i komunikacja zast\u0119pcza. PKP PLK modernizuje infrastruktur\u0119\"}]},{\"@type\":\"WebSite\",\"@id\":\"https:\\\/\\\/www.24gliwice.pl\\\/wiadomosci\\\/#website\",\"url\":\"https:\\\/\\\/www.24gliwice.pl\\\/wiadomosci\\\/\",\"name\":\"24GLIWICE - Portal Gliwice | codziennie nowe wiadomo\u015bci\",\"description\":\"Portal Miejski Gliwice\",\"publisher\":{\"@id\":\"https:\\\/\\\/www.24gliwice.pl\\\/wiadomosci\\\/#organization\"},\"potentialAction\":[{\"@type\":\"SearchAction\",\"target\":{\"@type\":\"EntryPoint\",\"urlTemplate\":\"https:\\\/\\\/www.24gliwice.pl\\\/wiadomosci\\\/?s={search_term_string}\"},\"query-input\":{\"@type\":\"PropertyValueSpecification\",\"valueRequired\":true,\"valueName\":\"search_term_string\"}}],\"inLanguage\":\"pl-PL\"},{\"@type\":\"Organization\",\"@id\":\"https:\\\/\\\/www.24gliwice.pl\\\/wiadomosci\\\/#organization\",\"name\":\"24gliwice\",\"url\":\"https:\\\/\\\/www.24gliwice.pl\\\/wiadomosci\\\/\",\"logo\":{\"@type\":\"ImageObject\",\"inLanguage\":\"pl-PL\",\"@id\":\"https:\\\/\\\/www.24gliwice.pl\\\/wiadomosci\\\/#\\\/schema\\\/logo\\\/image\\\/\",\"url\":\"https:\\\/\\\/www.24gliwice.pl\\\/wiadomosci\\\/wp-content\\\/uploads\\\/2024\\\/10\\\/24gliwice-logo-696.jpg\",\"contentUrl\":\"https:\\\/\\\/www.24gliwice.pl\\\/wiadomosci\\\/wp-content\\\/uploads\\\/2024\\\/10\\\/24gliwice-logo-696.jpg\",\"width\":696,\"height\":696,\"caption\":\"24gliwice\"},\"image\":{\"@id\":\"https:\\\/\\\/www.24gliwice.pl\\\/wiadomosci\\\/#\\\/schema\\\/logo\\\/image\\\/\"},\"sameAs\":[\"https:\\\/\\\/www.facebook.com\\\/24gliwice\",\"https:\\\/\\\/x.com\\\/24gliwice\",\"https:\\\/\\\/www.youtube.com\\\/@24gliwice\"]},{\"@type\":\"Person\",\"@id\":\"https:\\\/\\\/www.24gliwice.pl\\\/wiadomosci\\\/#\\\/schema\\\/person\\\/e42c650edd7f2fa332be3811fb166b6e\",\"name\":\"\u017baneta Mrozek-Siewierska\",\"image\":{\"@type\":\"ImageObject\",\"inLanguage\":\"pl-PL\",\"@id\":\"https:\\\/\\\/secure.gravatar.com\\\/avatar\\\/1881429e9c64597c77ad7aef2d0a19be69a3253e57534d16aa15bf3a4d34a0a3?s=96&d=mm&r=g\",\"url\":\"https:\\\/\\\/secure.gravatar.com\\\/avatar\\\/1881429e9c64597c77ad7aef2d0a19be69a3253e57534d16aa15bf3a4d34a0a3?s=96&d=mm&r=g\",\"contentUrl\":\"https:\\\/\\\/secure.gravatar.com\\\/avatar\\\/1881429e9c64597c77ad7aef2d0a19be69a3253e57534d16aa15bf3a4d34a0a3?s=96&d=mm&r=g\",\"caption\":\"\u017baneta Mrozek-Siewierska\"},\"url\":\"https:\\\/\\\/www.24gliwice.pl\\\/wiadomosci\\\/author\\\/zms\\\/\"}]}<\/script>\n<!-- \/ Yoast SEO plugin. -->","yoast_head_json":{"title":"Korekta rozk\u0142ad\u00f3w jazdy Kolei \u015al\u0105skich i komunikacja zast\u0119pcza. PKP PLK modernizuje infrastruktur\u0119 - 24GLIWICE - Portal Gliwice | codziennie nowe informacje","robots":{"index":"index","follow":"follow","max-snippet":"max-snippet:-1","max-image-preview":"max-image-preview:large","max-video-preview":"max-video-preview:-1"},"canonical":"https:\/\/www.24gliwice.pl\/wiadomosci\/korekta-rozkladow-jazdy-kolei-slaskich-i-komunikacja-zastepcza-pkp-plk-modernizuje-infrastrukture\/","og_locale":"pl_PL","og_type":"article","og_title":"Korekta rozk\u0142ad\u00f3w jazdy Kolei \u015al\u0105skich i komunikacja zast\u0119pcza. PKP PLK modernizuje infrastruktur\u0119 - 24GLIWICE - Portal Gliwice | codziennie nowe informacje","og_description":"W najbli\u017csz\u0105 niedziel\u0119 (10 marca) wejdzie w \u017cycie korekta rozk\u0142adu jazdy wynikaj\u0105ca z prac remontowo-modernizacyjnych prowadzonych przez PKP Polskie Linie Kolejowe. W zwi\u0105zku z tym, \u017ce wraz z nadej\u015bciem wiosny prowadzone prace przybieraj\u0105 na sile, podr\u00f3\u017cni kilku linii b\u0119d\u0105 si\u0119 musieli liczy\u0107 z utrudnieniami. [perfectpullquote align=&#8221;full&#8221; bordertop=&#8221;false&#8221; cite=&#8221;&#8221; link=&#8221;&#8221; color=&#8221;&#8221; class=&#8221;&#8221; size=&#8221;&#8221;]Najwi\u0119kszej liczby zmian i [&hellip;]","og_url":"https:\/\/www.24gliwice.pl\/wiadomosci\/korekta-rozkladow-jazdy-kolei-slaskich-i-komunikacja-zastepcza-pkp-plk-modernizuje-infrastrukture\/","og_site_name":"24GLIWICE - Portal Gliwice | codziennie nowe informacje","article_publisher":"https:\/\/www.facebook.com\/24gliwice","article_published_time":"2019-03-07T00:09:07+00:00","og_image":[{"width":810,"height":456,"url":"https:\/\/www.24gliwice.pl\/wiadomosci\/wp-content\/uploads\/2018\/07\/kolej-metropolitalna-e1533029813982.jpg","type":"image\/jpeg"}],"author":"\u017baneta Mrozek-Siewierska","twitter_card":"summary_large_image","twitter_creator":"@24gliwice","twitter_site":"@24gliwice","twitter_misc":{"Napisane przez":"\u017baneta Mrozek-Siewierska","Szacowany czas czytania":"6 minut"},"schema":{"@context":"https:\/\/schema.org","@graph":[{"@type":"Article","@id":"https:\/\/www.24gliwice.pl\/wiadomosci\/korekta-rozkladow-jazdy-kolei-slaskich-i-komunikacja-zastepcza-pkp-plk-modernizuje-infrastrukture\/#article","isPartOf":{"@id":"https:\/\/www.24gliwice.pl\/wiadomosci\/korekta-rozkladow-jazdy-kolei-slaskich-i-komunikacja-zastepcza-pkp-plk-modernizuje-infrastrukture\/"},"author":{"name":"\u017baneta Mrozek-Siewierska","@id":"https:\/\/www.24gliwice.pl\/wiadomosci\/#\/schema\/person\/e42c650edd7f2fa332be3811fb166b6e"},"headline":"Korekta rozk\u0142ad\u00f3w jazdy Kolei \u015al\u0105skich i komunikacja zast\u0119pcza. PKP PLK modernizuje infrastruktur\u0119","datePublished":"2019-03-07T00:09:07+00:00","mainEntityOfPage":{"@id":"https:\/\/www.24gliwice.pl\/wiadomosci\/korekta-rozkladow-jazdy-kolei-slaskich-i-komunikacja-zastepcza-pkp-plk-modernizuje-infrastrukture\/"},"wordCount":1308,"commentCount":0,"publisher":{"@id":"https:\/\/www.24gliwice.pl\/wiadomosci\/#organization"},"image":{"@id":"https:\/\/www.24gliwice.pl\/wiadomosci\/korekta-rozkladow-jazdy-kolei-slaskich-i-komunikacja-zastepcza-pkp-plk-modernizuje-infrastrukture\/#primaryimage"},"thumbnailUrl":"https:\/\/www.24gliwice.pl\/wiadomosci\/wp-content\/uploads\/2018\/07\/kolej-metropolitalna-e1533029813982.jpg","keywords":["KOLEJE \u015aL\u0104SKIE","korekta","pkp plk","ROZK\u0141AD JAZDY"],"articleSection":["Gliwice","Najnowsze wiadomo\u015bci"],"inLanguage":"pl-PL","potentialAction":[{"@type":"CommentAction","name":"Comment","target":["https:\/\/www.24gliwice.pl\/wiadomosci\/korekta-rozkladow-jazdy-kolei-slaskich-i-komunikacja-zastepcza-pkp-plk-modernizuje-infrastrukture\/#respond"]}]},{"@type":"WebPage","@id":"https:\/\/www.24gliwice.pl\/wiadomosci\/korekta-rozkladow-jazdy-kolei-slaskich-i-komunikacja-zastepcza-pkp-plk-modernizuje-infrastrukture\/","url":"https:\/\/www.24gliwice.pl\/wiadomosci\/korekta-rozkladow-jazdy-kolei-slaskich-i-komunikacja-zastepcza-pkp-plk-modernizuje-infrastrukture\/","name":"Korekta rozk\u0142ad\u00f3w jazdy Kolei \u015al\u0105skich i komunikacja zast\u0119pcza. PKP PLK modernizuje infrastruktur\u0119 - 24GLIWICE - Portal Gliwice | codziennie nowe informacje","isPartOf":{"@id":"https:\/\/www.24gliwice.pl\/wiadomosci\/#website"},"primaryImageOfPage":{"@id":"https:\/\/www.24gliwice.pl\/wiadomosci\/korekta-rozkladow-jazdy-kolei-slaskich-i-komunikacja-zastepcza-pkp-plk-modernizuje-infrastrukture\/#primaryimage"},"image":{"@id":"https:\/\/www.24gliwice.pl\/wiadomosci\/korekta-rozkladow-jazdy-kolei-slaskich-i-komunikacja-zastepcza-pkp-plk-modernizuje-infrastrukture\/#primaryimage"},"thumbnailUrl":"https:\/\/www.24gliwice.pl\/wiadomosci\/wp-content\/uploads\/2018\/07\/kolej-metropolitalna-e1533029813982.jpg","datePublished":"2019-03-07T00:09:07+00:00","breadcrumb":{"@id":"https:\/\/www.24gliwice.pl\/wiadomosci\/korekta-rozkladow-jazdy-kolei-slaskich-i-komunikacja-zastepcza-pkp-plk-modernizuje-infrastrukture\/#breadcrumb"},"inLanguage":"pl-PL","potentialAction":[{"@type":"ReadAction","target":["https:\/\/www.24gliwice.pl\/wiadomosci\/korekta-rozkladow-jazdy-kolei-slaskich-i-komunikacja-zastepcza-pkp-plk-modernizuje-infrastrukture\/"]}]},{"@type":"ImageObject","inLanguage":"pl-PL","@id":"https:\/\/www.24gliwice.pl\/wiadomosci\/korekta-rozkladow-jazdy-kolei-slaskich-i-komunikacja-zastepcza-pkp-plk-modernizuje-infrastrukture\/#primaryimage","url":"https:\/\/www.24gliwice.pl\/wiadomosci\/wp-content\/uploads\/2018\/07\/kolej-metropolitalna-e1533029813982.jpg","contentUrl":"https:\/\/www.24gliwice.pl\/wiadomosci\/wp-content\/uploads\/2018\/07\/kolej-metropolitalna-e1533029813982.jpg","width":810,"height":456},{"@type":"BreadcrumbList","@id":"https:\/\/www.24gliwice.pl\/wiadomosci\/korekta-rozkladow-jazdy-kolei-slaskich-i-komunikacja-zastepcza-pkp-plk-modernizuje-infrastrukture\/#breadcrumb","itemListElement":[{"@type":"ListItem","position":1,"name":"Strona g\u0142\u00f3wna","item":"https:\/\/www.24gliwice.pl\/wiadomosci\/"},{"@type":"ListItem","position":2,"name":"Korekta rozk\u0142ad\u00f3w jazdy Kolei \u015al\u0105skich i komunikacja zast\u0119pcza. PKP PLK modernizuje infrastruktur\u0119"}]},{"@type":"WebSite","@id":"https:\/\/www.24gliwice.pl\/wiadomosci\/#website","url":"https:\/\/www.24gliwice.pl\/wiadomosci\/","name":"24GLIWICE - Portal Gliwice | codziennie nowe wiadomo\u015bci","description":"Portal Miejski Gliwice","publisher":{"@id":"https:\/\/www.24gliwice.pl\/wiadomosci\/#organization"},"potentialAction":[{"@type":"SearchAction","target":{"@type":"EntryPoint","urlTemplate":"https:\/\/www.24gliwice.pl\/wiadomosci\/?s={search_term_string}"},"query-input":{"@type":"PropertyValueSpecification","valueRequired":true,"valueName":"search_term_string"}}],"inLanguage":"pl-PL"},{"@type":"Organization","@id":"https:\/\/www.24gliwice.pl\/wiadomosci\/#organization","name":"24gliwice","url":"https:\/\/www.24gliwice.pl\/wiadomosci\/","logo":{"@type":"ImageObject","inLanguage":"pl-PL","@id":"https:\/\/www.24gliwice.pl\/wiadomosci\/#\/schema\/logo\/image\/","url":"https:\/\/www.24gliwice.pl\/wiadomosci\/wp-content\/uploads\/2024\/10\/24gliwice-logo-696.jpg","contentUrl":"https:\/\/www.24gliwice.pl\/wiadomosci\/wp-content\/uploads\/2024\/10\/24gliwice-logo-696.jpg","width":696,"height":696,"caption":"24gliwice"},"image":{"@id":"https:\/\/www.24gliwice.pl\/wiadomosci\/#\/schema\/logo\/image\/"},"sameAs":["https:\/\/www.facebook.com\/24gliwice","https:\/\/x.com\/24gliwice","https:\/\/www.youtube.com\/@24gliwice"]},{"@type":"Person","@id":"https:\/\/www.24gliwice.pl\/wiadomosci\/#\/schema\/person\/e42c650edd7f2fa332be3811fb166b6e","name":"\u017baneta Mrozek-Siewierska","image":{"@type":"ImageObject","inLanguage":"pl-PL","@id":"https:\/\/secure.gravatar.com\/avatar\/1881429e9c64597c77ad7aef2d0a19be69a3253e57534d16aa15bf3a4d34a0a3?s=96&d=mm&r=g","url":"https:\/\/secure.gravatar.com\/avatar\/1881429e9c64597c77ad7aef2d0a19be69a3253e57534d16aa15bf3a4d34a0a3?s=96&d=mm&r=g","contentUrl":"https:\/\/secure.gravatar.com\/avatar\/1881429e9c64597c77ad7aef2d0a19be69a3253e57534d16aa15bf3a4d34a0a3?s=96&d=mm&r=g","caption":"\u017baneta Mrozek-Siewierska"},"url":"https:\/\/www.24gliwice.pl\/wiadomosci\/author\/zms\/"}]}},"_links":{"self":[{"href":"https:\/\/www.24gliwice.pl\/wiadomosci\/wp-json\/wp\/v2\/posts\/131524","targetHints":{"allow":["GET"]}}],"collection":[{"href":"https:\/\/www.24gliwice.pl\/wiadomosci\/wp-json\/wp\/v2\/posts"}],"about":[{"href":"https:\/\/www.24gliwice.pl\/wiadomosci\/wp-json\/wp\/v2\/types\/post"}],"author":[{"embeddable":true,"href":"https:\/\/www.24gliwice.pl\/wiadomosci\/wp-json\/wp\/v2\/users\/15"}],"replies":[{"embeddable":true,"href":"https:\/\/www.24gliwice.pl\/wiadomosci\/wp-json\/wp\/v2\/comments?post=131524"}],"version-history":[{"count":0,"href":"https:\/\/www.24gliwice.pl\/wiadomosci\/wp-json\/wp\/v2\/posts\/131524\/revisions"}],"wp:featuredmedia":[{"embeddable":true,"href":"https:\/\/www.24gliwice.pl\/wiadomosci\/wp-json\/wp\/v2\/media\/120826"}],"wp:attachment":[{"href":"https:\/\/www.24gliwice.pl\/wiadomosci\/wp-json\/wp\/v2\/media?parent=131524"}],"wp:term":[{"taxonomy":"category","embeddable":true,"href":"https:\/\/www.24gliwice.pl\/wiadomosci\/wp-json\/wp\/v2\/categories?post=131524"},{"taxonomy":"post_tag","embeddable":true,"href":"https:\/\/www.24gliwice.pl\/wiadomosci\/wp-json\/wp\/v2\/tags?post=131524"}],"curies":[{"name":"wp","href":"https:\/\/api.w.org\/{rel}","templated":true}]}}