{"id":131698,"date":"2019-03-08T13:41:27","date_gmt":"2019-03-08T12:41:27","guid":{"rendered":"https:\/\/www.24gliwice.pl\/wiadomosci\/?p=131698"},"modified":"2019-03-08T13:41:27","modified_gmt":"2019-03-08T12:41:27","slug":"policyjny-poscig-ulicami-gliwic-w-srode-wieczorem-na-trynku-bylo-na-prawde-goraco","status":"publish","type":"post","link":"https:\/\/www.24gliwice.pl\/wiadomosci\/policyjny-poscig-ulicami-gliwic-w-srode-wieczorem-na-trynku-bylo-na-prawde-goraco\/","title":{"rendered":"Policyjny po\u015bcig ulicami Gliwic. W \u015brod\u0119 wieczorem na Trynku by\u0142o na prawd\u0119 gor\u0105co"},"content":{"rendered":"<div class=\"gliwi-a6-nad-leadem-artykulow gliwi-entity-placement\" id=\"gliwi-3995968048\"><div class=\"gliwi-adlabel\"><span style=\"font-size: 9px\">REKLAMA<\/span><\/div><div id=\"gliwi-524674135\" style=\"margin-bottom: 30px;margin-left: auto;margin-right: auto;text-align: center;\"><a data-no-instant=\"1\" href=\"https:\/\/przedszkole.halogen.org.pl\/\" rel=\"noopener\" class=\"a2t-link\" target=\"_blank\" aria-label=\"20260402-ANIMATOR-przedszkole_grafika_750x200\"><img loading=\"lazy\" decoding=\"async\" src=\"https:\/\/www.24gliwice.pl\/wiadomosci\/wp-content\/uploads\/2026\/04\/20260402-ANIMATOR-przedszkole_grafika_750x200.webp\" alt=\"\"  srcset=\"https:\/\/www.24gliwice.pl\/wiadomosci\/wp-content\/uploads\/2026\/04\/20260402-ANIMATOR-przedszkole_grafika_750x200.webp 750w, https:\/\/www.24gliwice.pl\/wiadomosci\/wp-content\/uploads\/2026\/04\/20260402-ANIMATOR-przedszkole_grafika_750x200-410x109.webp 410w\" sizes=\"(max-width: 750px) 100vw, 750px\" class=\"no-lazyload\" width=\"750\" height=\"200\"  style=\"display: inline-block; max-width: 100%; height: auto;\" \/><\/a><\/div><\/div><h3>M\u0142ody m\u0119\u017cczyzna prowadzi\u0142 samoch\u00f3d nie posiadaj\u0105c do tego uprawnie\u0144. Gdy policja chcia\u0142a go zatrzyma\u0107 do kontroli, zacz\u0105\u0142 ucieka\u0107. Funkcjonariusze ruszyli za nim w po\u015bcig.<\/h3>\n<p>W \u015brod\u0119, 7 marca oko\u0142o godziny 23:00 przy ul. Toru\u0144skiej w Gliwicach patrol drog\u00f3wki podj\u0105\u0142 pr\u00f3b\u0119 kontroli samochodu marki BMW. Kieruj\u0105cy nie zatrzyma\u0142 si\u0119 jednak na wezwanie umundurowanego policjanta i rozpocz\u0105\u0142 ucieczk\u0119.<\/p>\n[perfectpullquote align=&#8221;full&#8221; bordertop=&#8221;false&#8221; cite=&#8221;&#8221; link=&#8221;&#8221; color=&#8221;&#8221; class=&#8221;&#8221; size=&#8221;&#8221;]W \u015blad za nim ruszy\u0142 radiow\u00f3z. Zarz\u0105dzono po\u015bcig i w rejon ewentualnych dr\u00f3g ucieczki wys\u0142ano patrole.[\/perfectpullquote]\n<p>&#8211; Kierowca usilnie pr\u00f3bowa\u0142 uciec przed po\u015bcigiem. Jego pr\u00f3ba spe\u0142z\u0142a na niczym, szybko zosta\u0142 zatrzymany przez za\u0142og\u0119 nieoznakowany radiowozu wywiadowczego. Jak si\u0119 okaza\u0142o 24-latek nie posiada\u0142 prawa jazdy, dodajmy&#8230; posiada\u0142 auto, ale nigdy nie wyrobi\u0142 prawa jazdy &#8211; relacjonuje podinspektor <strong>Marek S\u0142omski<\/strong>, oficer prasowy KMP Gliwice.<\/p><div class=\"gliwi-a3-w-tresci-artykulow gliwi-entity-placement\" id=\"gliwi-793425370\"><div class=\"gliwi-adlabel\"><span style=\"font-size: 9px\">REKLAMA<\/span><\/div><div id=\"gliwi-2520294240\" style=\"margin-bottom: 30px;margin-left: auto;margin-right: auto;text-align: center;\"><a data-no-instant=\"1\" href=\"https:\/\/zlobek.halogen.org.pl\/\" rel=\"noopener\" class=\"a2t-link\" target=\"_blank\" aria-label=\"animator-zlobek_750x200\"><img loading=\"lazy\" decoding=\"async\" src=\"https:\/\/www.24gliwice.pl\/wiadomosci\/wp-content\/uploads\/2026\/02\/animator-zlobek_750x200.webp\" alt=\"\"  srcset=\"https:\/\/www.24gliwice.pl\/wiadomosci\/wp-content\/uploads\/2026\/02\/animator-zlobek_750x200.webp 750w, https:\/\/www.24gliwice.pl\/wiadomosci\/wp-content\/uploads\/2026\/02\/animator-zlobek_750x200-410x109.webp 410w\" sizes=\"(max-width: 750px) 100vw, 750px\" class=\"no-lazyload\" width=\"750\" height=\"200\"  style=\"display: inline-block; max-width: 100%; height: auto;\" \/><\/a><\/div><\/div>\n<blockquote><p>W sprawie wszcz\u0119to dochodzenie. Pojazd zosta\u0142 odholowany na policyjny parking. M\u0142odego gliwiczanina czeka proces karny i wyrok.<\/p><\/blockquote>\n<p>&#8211; dodaje S\u0142omski.<\/p>\n<p>Policja przypomina, \u017ce zgodnie ze znowelizowanym kodeksem karnym, od 1 czerwca 2017 roku s\u0105d orzeka obligatoryjny zakaz prowadzenia pojazd\u00f3w mechanicznych wobec sprawc\u00f3w m.in. niezatrzymania si\u0119 do kontroli (art. 178b kk). Jest to przest\u0119pstwo, za kt\u00f3re grozi kara pozbawienia wolno\u015bci od 3 miesi\u0119cy do 5 lat.<\/p>\n<p>(KMP Gliwice)<\/p>\n<div class=\"gliwi-a5-na-koncu-artykulow gliwi-entity-placement\" id=\"gliwi-808669409\"><div class=\"gliwi-adlabel\"><span style=\"font-size: 9px\">REKLAMA<\/span><\/div><div id=\"gliwi-1962664063\" style=\"margin-left: auto;margin-right: auto;text-align: center;\"><a data-no-instant=\"1\" href=\"https:\/\/www.jasek.pl\/\" rel=\"noopener\" class=\"a2t-link\" target=\"_blank\" aria-label=\"20200401-jasek 600\"><img loading=\"lazy\" decoding=\"async\" src=\"https:\/\/www.24gliwice.pl\/wiadomosci\/wp-content\/uploads\/2020\/04\/20200401-jasek-600.jpg\" alt=\"\"  srcset=\"https:\/\/www.24gliwice.pl\/wiadomosci\/wp-content\/uploads\/2020\/04\/20200401-jasek-600.jpg 600w, https:\/\/www.24gliwice.pl\/wiadomosci\/wp-content\/uploads\/2020\/04\/20200401-jasek-600-410x109.jpg 410w\" sizes=\"(max-width: 600px) 100vw, 600px\" class=\"no-lazyload\" width=\"600\" height=\"160\"  style=\"display: inline-block; max-width: 100%; height: auto;\" \/><\/a><\/div><\/div>","protected":false},"excerpt":{"rendered":"<p>M\u0142ody m\u0119\u017cczyzna prowadzi\u0142 samoch\u00f3d nie posiadaj\u0105c do tego uprawnie\u0144. Gdy policja chcia\u0142a go zatrzyma\u0107 do kontroli, zacz\u0105\u0142 ucieka\u0107. Funkcjonariusze ruszyli za nim w po\u015bcig. W \u015brod\u0119, 7 marca oko\u0142o godziny 23:00 przy ul. Toru\u0144skiej w Gliwicach patrol drog\u00f3wki podj\u0105\u0142 pr\u00f3b\u0119 kontroli samochodu marki BMW. Kieruj\u0105cy nie zatrzyma\u0142 si\u0119 jednak na wezwanie umundurowanego policjanta i rozpocz\u0105\u0142 [&hellip;]<\/p>\n","protected":false},"author":15,"featured_media":121165,"comment_status":"open","ping_status":"closed","sticky":false,"template":"","format":"standard","meta":{"_monsterinsights_skip_tracking":false,"_monsterinsights_sitenote_active":false,"_monsterinsights_sitenote_note":"","_monsterinsights_sitenote_category":0,"footnotes":"","_links_to":"","_links_to_target":""},"categories":[3,1,5],"tags":[9964,15047,9583,12693],"class_list":["post-131698","post","type-post","status-publish","format-standard","has-post-thumbnail","hentry","category-gliwice","category-wszystko","category-kryminalki","tag-nie-zatrzymal-sie-do-kontroli","tag-policyjny-poscig","tag-poscig","tag-uciekal-przed-policja"],"yoast_head":"<!-- This site is optimized with the Yoast SEO plugin v27.5 - https:\/\/yoast.com\/product\/yoast-seo-wordpress\/ -->\n<title>Policyjny po\u015bcig ulicami Gliwic. W \u015brod\u0119 wieczorem na Trynku by\u0142o na prawd\u0119 gor\u0105co - 24GLIWICE - Portal Gliwice | codziennie nowe informacje<\/title>\n<meta name=\"robots\" content=\"index, follow, max-snippet:-1, max-image-preview:large, max-video-preview:-1\" \/>\n<link rel=\"canonical\" href=\"https:\/\/www.24gliwice.pl\/wiadomosci\/policyjny-poscig-ulicami-gliwic-w-srode-wieczorem-na-trynku-bylo-na-prawde-goraco\/\" \/>\n<meta property=\"og:locale\" content=\"pl_PL\" \/>\n<meta property=\"og:type\" content=\"article\" \/>\n<meta property=\"og:title\" content=\"Policyjny po\u015bcig ulicami Gliwic. W \u015brod\u0119 wieczorem na Trynku by\u0142o na prawd\u0119 gor\u0105co - 24GLIWICE - Portal Gliwice | codziennie nowe informacje\" \/>\n<meta property=\"og:description\" content=\"M\u0142ody m\u0119\u017cczyzna prowadzi\u0142 samoch\u00f3d nie posiadaj\u0105c do tego uprawnie\u0144. Gdy policja chcia\u0142a go zatrzyma\u0107 do kontroli, zacz\u0105\u0142 ucieka\u0107. Funkcjonariusze ruszyli za nim w po\u015bcig. W \u015brod\u0119, 7 marca oko\u0142o godziny 23:00 przy ul. Toru\u0144skiej w Gliwicach patrol drog\u00f3wki podj\u0105\u0142 pr\u00f3b\u0119 kontroli samochodu marki BMW. Kieruj\u0105cy nie zatrzyma\u0142 si\u0119 jednak na wezwanie umundurowanego policjanta i rozpocz\u0105\u0142 [&hellip;]\" \/>\n<meta property=\"og:url\" content=\"https:\/\/www.24gliwice.pl\/wiadomosci\/policyjny-poscig-ulicami-gliwic-w-srode-wieczorem-na-trynku-bylo-na-prawde-goraco\/\" \/>\n<meta property=\"og:site_name\" content=\"24GLIWICE - Portal Gliwice | codziennie nowe informacje\" \/>\n<meta property=\"article:publisher\" content=\"https:\/\/www.facebook.com\/24gliwice\" \/>\n<meta property=\"article:published_time\" content=\"2019-03-08T12:41:27+00:00\" \/>\n<meta property=\"og:image\" content=\"https:\/\/www.24gliwice.pl\/wiadomosci\/wp-content\/uploads\/2018\/08\/policja-radiow\u00f3z-e1586429972252.jpeg\" \/>\n\t<meta property=\"og:image:width\" content=\"810\" \/>\n\t<meta property=\"og:image:height\" content=\"456\" \/>\n\t<meta property=\"og:image:type\" content=\"image\/jpeg\" \/>\n<meta name=\"author\" content=\"\u017baneta Mrozek-Siewierska\" \/>\n<meta name=\"twitter:card\" content=\"summary_large_image\" \/>\n<meta name=\"twitter:creator\" content=\"@24gliwice\" \/>\n<meta name=\"twitter:site\" content=\"@24gliwice\" \/>\n<meta name=\"twitter:label1\" content=\"Napisane przez\" \/>\n\t<meta name=\"twitter:data1\" content=\"\u017baneta Mrozek-Siewierska\" \/>\n\t<meta name=\"twitter:label2\" content=\"Szacowany czas czytania\" \/>\n\t<meta name=\"twitter:data2\" content=\"1 minuta\" \/>\n<script type=\"application\/ld+json\" class=\"yoast-schema-graph\">{\"@context\":\"https:\\\/\\\/schema.org\",\"@graph\":[{\"@type\":\"Article\",\"@id\":\"https:\\\/\\\/www.24gliwice.pl\\\/wiadomosci\\\/policyjny-poscig-ulicami-gliwic-w-srode-wieczorem-na-trynku-bylo-na-prawde-goraco\\\/#article\",\"isPartOf\":{\"@id\":\"https:\\\/\\\/www.24gliwice.pl\\\/wiadomosci\\\/policyjny-poscig-ulicami-gliwic-w-srode-wieczorem-na-trynku-bylo-na-prawde-goraco\\\/\"},\"author\":{\"name\":\"\u017baneta Mrozek-Siewierska\",\"@id\":\"https:\\\/\\\/www.24gliwice.pl\\\/wiadomosci\\\/#\\\/schema\\\/person\\\/e42c650edd7f2fa332be3811fb166b6e\"},\"headline\":\"Policyjny po\u015bcig ulicami Gliwic. W \u015brod\u0119 wieczorem na Trynku by\u0142o na prawd\u0119 gor\u0105co\",\"datePublished\":\"2019-03-08T12:41:27+00:00\",\"mainEntityOfPage\":{\"@id\":\"https:\\\/\\\/www.24gliwice.pl\\\/wiadomosci\\\/policyjny-poscig-ulicami-gliwic-w-srode-wieczorem-na-trynku-bylo-na-prawde-goraco\\\/\"},\"wordCount\":241,\"commentCount\":0,\"publisher\":{\"@id\":\"https:\\\/\\\/www.24gliwice.pl\\\/wiadomosci\\\/#organization\"},\"image\":{\"@id\":\"https:\\\/\\\/www.24gliwice.pl\\\/wiadomosci\\\/policyjny-poscig-ulicami-gliwic-w-srode-wieczorem-na-trynku-bylo-na-prawde-goraco\\\/#primaryimage\"},\"thumbnailUrl\":\"https:\\\/\\\/www.24gliwice.pl\\\/wiadomosci\\\/wp-content\\\/uploads\\\/2018\\\/08\\\/policja-radiow\u00f3z-e1586429972252.jpeg\",\"keywords\":[\"nie zatrzyma\u0142 si\u0119 do kontroli\",\"policyjny po\u015bcig\",\"po\u015bcig\",\"ucieka\u0142 przed policj\u0105\"],\"articleSection\":[\"Gliwice\",\"Najnowsze wiadomo\u015bci\",\"Prawo\"],\"inLanguage\":\"pl-PL\",\"potentialAction\":[{\"@type\":\"CommentAction\",\"name\":\"Comment\",\"target\":[\"https:\\\/\\\/www.24gliwice.pl\\\/wiadomosci\\\/policyjny-poscig-ulicami-gliwic-w-srode-wieczorem-na-trynku-bylo-na-prawde-goraco\\\/#respond\"]}]},{\"@type\":\"WebPage\",\"@id\":\"https:\\\/\\\/www.24gliwice.pl\\\/wiadomosci\\\/policyjny-poscig-ulicami-gliwic-w-srode-wieczorem-na-trynku-bylo-na-prawde-goraco\\\/\",\"url\":\"https:\\\/\\\/www.24gliwice.pl\\\/wiadomosci\\\/policyjny-poscig-ulicami-gliwic-w-srode-wieczorem-na-trynku-bylo-na-prawde-goraco\\\/\",\"name\":\"Policyjny po\u015bcig ulicami Gliwic. W \u015brod\u0119 wieczorem na Trynku by\u0142o na prawd\u0119 gor\u0105co - 24GLIWICE - Portal Gliwice | codziennie nowe informacje\",\"isPartOf\":{\"@id\":\"https:\\\/\\\/www.24gliwice.pl\\\/wiadomosci\\\/#website\"},\"primaryImageOfPage\":{\"@id\":\"https:\\\/\\\/www.24gliwice.pl\\\/wiadomosci\\\/policyjny-poscig-ulicami-gliwic-w-srode-wieczorem-na-trynku-bylo-na-prawde-goraco\\\/#primaryimage\"},\"image\":{\"@id\":\"https:\\\/\\\/www.24gliwice.pl\\\/wiadomosci\\\/policyjny-poscig-ulicami-gliwic-w-srode-wieczorem-na-trynku-bylo-na-prawde-goraco\\\/#primaryimage\"},\"thumbnailUrl\":\"https:\\\/\\\/www.24gliwice.pl\\\/wiadomosci\\\/wp-content\\\/uploads\\\/2018\\\/08\\\/policja-radiow\u00f3z-e1586429972252.jpeg\",\"datePublished\":\"2019-03-08T12:41:27+00:00\",\"breadcrumb\":{\"@id\":\"https:\\\/\\\/www.24gliwice.pl\\\/wiadomosci\\\/policyjny-poscig-ulicami-gliwic-w-srode-wieczorem-na-trynku-bylo-na-prawde-goraco\\\/#breadcrumb\"},\"inLanguage\":\"pl-PL\",\"potentialAction\":[{\"@type\":\"ReadAction\",\"target\":[\"https:\\\/\\\/www.24gliwice.pl\\\/wiadomosci\\\/policyjny-poscig-ulicami-gliwic-w-srode-wieczorem-na-trynku-bylo-na-prawde-goraco\\\/\"]}]},{\"@type\":\"ImageObject\",\"inLanguage\":\"pl-PL\",\"@id\":\"https:\\\/\\\/www.24gliwice.pl\\\/wiadomosci\\\/policyjny-poscig-ulicami-gliwic-w-srode-wieczorem-na-trynku-bylo-na-prawde-goraco\\\/#primaryimage\",\"url\":\"https:\\\/\\\/www.24gliwice.pl\\\/wiadomosci\\\/wp-content\\\/uploads\\\/2018\\\/08\\\/policja-radiow\u00f3z-e1586429972252.jpeg\",\"contentUrl\":\"https:\\\/\\\/www.24gliwice.pl\\\/wiadomosci\\\/wp-content\\\/uploads\\\/2018\\\/08\\\/policja-radiow\u00f3z-e1586429972252.jpeg\",\"width\":810,\"height\":456},{\"@type\":\"BreadcrumbList\",\"@id\":\"https:\\\/\\\/www.24gliwice.pl\\\/wiadomosci\\\/policyjny-poscig-ulicami-gliwic-w-srode-wieczorem-na-trynku-bylo-na-prawde-goraco\\\/#breadcrumb\",\"itemListElement\":[{\"@type\":\"ListItem\",\"position\":1,\"name\":\"Strona g\u0142\u00f3wna\",\"item\":\"https:\\\/\\\/www.24gliwice.pl\\\/wiadomosci\\\/\"},{\"@type\":\"ListItem\",\"position\":2,\"name\":\"Policyjny po\u015bcig ulicami Gliwic. W \u015brod\u0119 wieczorem na Trynku by\u0142o na prawd\u0119 gor\u0105co\"}]},{\"@type\":\"WebSite\",\"@id\":\"https:\\\/\\\/www.24gliwice.pl\\\/wiadomosci\\\/#website\",\"url\":\"https:\\\/\\\/www.24gliwice.pl\\\/wiadomosci\\\/\",\"name\":\"24GLIWICE - Portal Gliwice | codziennie nowe wiadomo\u015bci\",\"description\":\"Portal Miejski Gliwice\",\"publisher\":{\"@id\":\"https:\\\/\\\/www.24gliwice.pl\\\/wiadomosci\\\/#organization\"},\"potentialAction\":[{\"@type\":\"SearchAction\",\"target\":{\"@type\":\"EntryPoint\",\"urlTemplate\":\"https:\\\/\\\/www.24gliwice.pl\\\/wiadomosci\\\/?s={search_term_string}\"},\"query-input\":{\"@type\":\"PropertyValueSpecification\",\"valueRequired\":true,\"valueName\":\"search_term_string\"}}],\"inLanguage\":\"pl-PL\"},{\"@type\":\"Organization\",\"@id\":\"https:\\\/\\\/www.24gliwice.pl\\\/wiadomosci\\\/#organization\",\"name\":\"24gliwice\",\"url\":\"https:\\\/\\\/www.24gliwice.pl\\\/wiadomosci\\\/\",\"logo\":{\"@type\":\"ImageObject\",\"inLanguage\":\"pl-PL\",\"@id\":\"https:\\\/\\\/www.24gliwice.pl\\\/wiadomosci\\\/#\\\/schema\\\/logo\\\/image\\\/\",\"url\":\"https:\\\/\\\/www.24gliwice.pl\\\/wiadomosci\\\/wp-content\\\/uploads\\\/2024\\\/10\\\/24gliwice-logo-696.jpg\",\"contentUrl\":\"https:\\\/\\\/www.24gliwice.pl\\\/wiadomosci\\\/wp-content\\\/uploads\\\/2024\\\/10\\\/24gliwice-logo-696.jpg\",\"width\":696,\"height\":696,\"caption\":\"24gliwice\"},\"image\":{\"@id\":\"https:\\\/\\\/www.24gliwice.pl\\\/wiadomosci\\\/#\\\/schema\\\/logo\\\/image\\\/\"},\"sameAs\":[\"https:\\\/\\\/www.facebook.com\\\/24gliwice\",\"https:\\\/\\\/x.com\\\/24gliwice\",\"https:\\\/\\\/www.youtube.com\\\/@24gliwice\"]},{\"@type\":\"Person\",\"@id\":\"https:\\\/\\\/www.24gliwice.pl\\\/wiadomosci\\\/#\\\/schema\\\/person\\\/e42c650edd7f2fa332be3811fb166b6e\",\"name\":\"\u017baneta Mrozek-Siewierska\",\"image\":{\"@type\":\"ImageObject\",\"inLanguage\":\"pl-PL\",\"@id\":\"https:\\\/\\\/secure.gravatar.com\\\/avatar\\\/1881429e9c64597c77ad7aef2d0a19be69a3253e57534d16aa15bf3a4d34a0a3?s=96&d=mm&r=g\",\"url\":\"https:\\\/\\\/secure.gravatar.com\\\/avatar\\\/1881429e9c64597c77ad7aef2d0a19be69a3253e57534d16aa15bf3a4d34a0a3?s=96&d=mm&r=g\",\"contentUrl\":\"https:\\\/\\\/secure.gravatar.com\\\/avatar\\\/1881429e9c64597c77ad7aef2d0a19be69a3253e57534d16aa15bf3a4d34a0a3?s=96&d=mm&r=g\",\"caption\":\"\u017baneta Mrozek-Siewierska\"},\"url\":\"https:\\\/\\\/www.24gliwice.pl\\\/wiadomosci\\\/author\\\/zms\\\/\"}]}<\/script>\n<!-- \/ Yoast SEO plugin. -->","yoast_head_json":{"title":"Policyjny po\u015bcig ulicami Gliwic. W \u015brod\u0119 wieczorem na Trynku by\u0142o na prawd\u0119 gor\u0105co - 24GLIWICE - Portal Gliwice | codziennie nowe informacje","robots":{"index":"index","follow":"follow","max-snippet":"max-snippet:-1","max-image-preview":"max-image-preview:large","max-video-preview":"max-video-preview:-1"},"canonical":"https:\/\/www.24gliwice.pl\/wiadomosci\/policyjny-poscig-ulicami-gliwic-w-srode-wieczorem-na-trynku-bylo-na-prawde-goraco\/","og_locale":"pl_PL","og_type":"article","og_title":"Policyjny po\u015bcig ulicami Gliwic. W \u015brod\u0119 wieczorem na Trynku by\u0142o na prawd\u0119 gor\u0105co - 24GLIWICE - Portal Gliwice | codziennie nowe informacje","og_description":"M\u0142ody m\u0119\u017cczyzna prowadzi\u0142 samoch\u00f3d nie posiadaj\u0105c do tego uprawnie\u0144. Gdy policja chcia\u0142a go zatrzyma\u0107 do kontroli, zacz\u0105\u0142 ucieka\u0107. Funkcjonariusze ruszyli za nim w po\u015bcig. W \u015brod\u0119, 7 marca oko\u0142o godziny 23:00 przy ul. Toru\u0144skiej w Gliwicach patrol drog\u00f3wki podj\u0105\u0142 pr\u00f3b\u0119 kontroli samochodu marki BMW. Kieruj\u0105cy nie zatrzyma\u0142 si\u0119 jednak na wezwanie umundurowanego policjanta i rozpocz\u0105\u0142 [&hellip;]","og_url":"https:\/\/www.24gliwice.pl\/wiadomosci\/policyjny-poscig-ulicami-gliwic-w-srode-wieczorem-na-trynku-bylo-na-prawde-goraco\/","og_site_name":"24GLIWICE - Portal Gliwice | codziennie nowe informacje","article_publisher":"https:\/\/www.facebook.com\/24gliwice","article_published_time":"2019-03-08T12:41:27+00:00","og_image":[{"width":810,"height":456,"url":"https:\/\/www.24gliwice.pl\/wiadomosci\/wp-content\/uploads\/2018\/08\/policja-radiow\u00f3z-e1586429972252.jpeg","type":"image\/jpeg"}],"author":"\u017baneta Mrozek-Siewierska","twitter_card":"summary_large_image","twitter_creator":"@24gliwice","twitter_site":"@24gliwice","twitter_misc":{"Napisane przez":"\u017baneta Mrozek-Siewierska","Szacowany czas czytania":"1 minuta"},"schema":{"@context":"https:\/\/schema.org","@graph":[{"@type":"Article","@id":"https:\/\/www.24gliwice.pl\/wiadomosci\/policyjny-poscig-ulicami-gliwic-w-srode-wieczorem-na-trynku-bylo-na-prawde-goraco\/#article","isPartOf":{"@id":"https:\/\/www.24gliwice.pl\/wiadomosci\/policyjny-poscig-ulicami-gliwic-w-srode-wieczorem-na-trynku-bylo-na-prawde-goraco\/"},"author":{"name":"\u017baneta Mrozek-Siewierska","@id":"https:\/\/www.24gliwice.pl\/wiadomosci\/#\/schema\/person\/e42c650edd7f2fa332be3811fb166b6e"},"headline":"Policyjny po\u015bcig ulicami Gliwic. W \u015brod\u0119 wieczorem na Trynku by\u0142o na prawd\u0119 gor\u0105co","datePublished":"2019-03-08T12:41:27+00:00","mainEntityOfPage":{"@id":"https:\/\/www.24gliwice.pl\/wiadomosci\/policyjny-poscig-ulicami-gliwic-w-srode-wieczorem-na-trynku-bylo-na-prawde-goraco\/"},"wordCount":241,"commentCount":0,"publisher":{"@id":"https:\/\/www.24gliwice.pl\/wiadomosci\/#organization"},"image":{"@id":"https:\/\/www.24gliwice.pl\/wiadomosci\/policyjny-poscig-ulicami-gliwic-w-srode-wieczorem-na-trynku-bylo-na-prawde-goraco\/#primaryimage"},"thumbnailUrl":"https:\/\/www.24gliwice.pl\/wiadomosci\/wp-content\/uploads\/2018\/08\/policja-radiow\u00f3z-e1586429972252.jpeg","keywords":["nie zatrzyma\u0142 si\u0119 do kontroli","policyjny po\u015bcig","po\u015bcig","ucieka\u0142 przed policj\u0105"],"articleSection":["Gliwice","Najnowsze wiadomo\u015bci","Prawo"],"inLanguage":"pl-PL","potentialAction":[{"@type":"CommentAction","name":"Comment","target":["https:\/\/www.24gliwice.pl\/wiadomosci\/policyjny-poscig-ulicami-gliwic-w-srode-wieczorem-na-trynku-bylo-na-prawde-goraco\/#respond"]}]},{"@type":"WebPage","@id":"https:\/\/www.24gliwice.pl\/wiadomosci\/policyjny-poscig-ulicami-gliwic-w-srode-wieczorem-na-trynku-bylo-na-prawde-goraco\/","url":"https:\/\/www.24gliwice.pl\/wiadomosci\/policyjny-poscig-ulicami-gliwic-w-srode-wieczorem-na-trynku-bylo-na-prawde-goraco\/","name":"Policyjny po\u015bcig ulicami Gliwic. W \u015brod\u0119 wieczorem na Trynku by\u0142o na prawd\u0119 gor\u0105co - 24GLIWICE - Portal Gliwice | codziennie nowe informacje","isPartOf":{"@id":"https:\/\/www.24gliwice.pl\/wiadomosci\/#website"},"primaryImageOfPage":{"@id":"https:\/\/www.24gliwice.pl\/wiadomosci\/policyjny-poscig-ulicami-gliwic-w-srode-wieczorem-na-trynku-bylo-na-prawde-goraco\/#primaryimage"},"image":{"@id":"https:\/\/www.24gliwice.pl\/wiadomosci\/policyjny-poscig-ulicami-gliwic-w-srode-wieczorem-na-trynku-bylo-na-prawde-goraco\/#primaryimage"},"thumbnailUrl":"https:\/\/www.24gliwice.pl\/wiadomosci\/wp-content\/uploads\/2018\/08\/policja-radiow\u00f3z-e1586429972252.jpeg","datePublished":"2019-03-08T12:41:27+00:00","breadcrumb":{"@id":"https:\/\/www.24gliwice.pl\/wiadomosci\/policyjny-poscig-ulicami-gliwic-w-srode-wieczorem-na-trynku-bylo-na-prawde-goraco\/#breadcrumb"},"inLanguage":"pl-PL","potentialAction":[{"@type":"ReadAction","target":["https:\/\/www.24gliwice.pl\/wiadomosci\/policyjny-poscig-ulicami-gliwic-w-srode-wieczorem-na-trynku-bylo-na-prawde-goraco\/"]}]},{"@type":"ImageObject","inLanguage":"pl-PL","@id":"https:\/\/www.24gliwice.pl\/wiadomosci\/policyjny-poscig-ulicami-gliwic-w-srode-wieczorem-na-trynku-bylo-na-prawde-goraco\/#primaryimage","url":"https:\/\/www.24gliwice.pl\/wiadomosci\/wp-content\/uploads\/2018\/08\/policja-radiow\u00f3z-e1586429972252.jpeg","contentUrl":"https:\/\/www.24gliwice.pl\/wiadomosci\/wp-content\/uploads\/2018\/08\/policja-radiow\u00f3z-e1586429972252.jpeg","width":810,"height":456},{"@type":"BreadcrumbList","@id":"https:\/\/www.24gliwice.pl\/wiadomosci\/policyjny-poscig-ulicami-gliwic-w-srode-wieczorem-na-trynku-bylo-na-prawde-goraco\/#breadcrumb","itemListElement":[{"@type":"ListItem","position":1,"name":"Strona g\u0142\u00f3wna","item":"https:\/\/www.24gliwice.pl\/wiadomosci\/"},{"@type":"ListItem","position":2,"name":"Policyjny po\u015bcig ulicami Gliwic. W \u015brod\u0119 wieczorem na Trynku by\u0142o na prawd\u0119 gor\u0105co"}]},{"@type":"WebSite","@id":"https:\/\/www.24gliwice.pl\/wiadomosci\/#website","url":"https:\/\/www.24gliwice.pl\/wiadomosci\/","name":"24GLIWICE - Portal Gliwice | codziennie nowe wiadomo\u015bci","description":"Portal Miejski Gliwice","publisher":{"@id":"https:\/\/www.24gliwice.pl\/wiadomosci\/#organization"},"potentialAction":[{"@type":"SearchAction","target":{"@type":"EntryPoint","urlTemplate":"https:\/\/www.24gliwice.pl\/wiadomosci\/?s={search_term_string}"},"query-input":{"@type":"PropertyValueSpecification","valueRequired":true,"valueName":"search_term_string"}}],"inLanguage":"pl-PL"},{"@type":"Organization","@id":"https:\/\/www.24gliwice.pl\/wiadomosci\/#organization","name":"24gliwice","url":"https:\/\/www.24gliwice.pl\/wiadomosci\/","logo":{"@type":"ImageObject","inLanguage":"pl-PL","@id":"https:\/\/www.24gliwice.pl\/wiadomosci\/#\/schema\/logo\/image\/","url":"https:\/\/www.24gliwice.pl\/wiadomosci\/wp-content\/uploads\/2024\/10\/24gliwice-logo-696.jpg","contentUrl":"https:\/\/www.24gliwice.pl\/wiadomosci\/wp-content\/uploads\/2024\/10\/24gliwice-logo-696.jpg","width":696,"height":696,"caption":"24gliwice"},"image":{"@id":"https:\/\/www.24gliwice.pl\/wiadomosci\/#\/schema\/logo\/image\/"},"sameAs":["https:\/\/www.facebook.com\/24gliwice","https:\/\/x.com\/24gliwice","https:\/\/www.youtube.com\/@24gliwice"]},{"@type":"Person","@id":"https:\/\/www.24gliwice.pl\/wiadomosci\/#\/schema\/person\/e42c650edd7f2fa332be3811fb166b6e","name":"\u017baneta Mrozek-Siewierska","image":{"@type":"ImageObject","inLanguage":"pl-PL","@id":"https:\/\/secure.gravatar.com\/avatar\/1881429e9c64597c77ad7aef2d0a19be69a3253e57534d16aa15bf3a4d34a0a3?s=96&d=mm&r=g","url":"https:\/\/secure.gravatar.com\/avatar\/1881429e9c64597c77ad7aef2d0a19be69a3253e57534d16aa15bf3a4d34a0a3?s=96&d=mm&r=g","contentUrl":"https:\/\/secure.gravatar.com\/avatar\/1881429e9c64597c77ad7aef2d0a19be69a3253e57534d16aa15bf3a4d34a0a3?s=96&d=mm&r=g","caption":"\u017baneta Mrozek-Siewierska"},"url":"https:\/\/www.24gliwice.pl\/wiadomosci\/author\/zms\/"}]}},"_links":{"self":[{"href":"https:\/\/www.24gliwice.pl\/wiadomosci\/wp-json\/wp\/v2\/posts\/131698","targetHints":{"allow":["GET"]}}],"collection":[{"href":"https:\/\/www.24gliwice.pl\/wiadomosci\/wp-json\/wp\/v2\/posts"}],"about":[{"href":"https:\/\/www.24gliwice.pl\/wiadomosci\/wp-json\/wp\/v2\/types\/post"}],"author":[{"embeddable":true,"href":"https:\/\/www.24gliwice.pl\/wiadomosci\/wp-json\/wp\/v2\/users\/15"}],"replies":[{"embeddable":true,"href":"https:\/\/www.24gliwice.pl\/wiadomosci\/wp-json\/wp\/v2\/comments?post=131698"}],"version-history":[{"count":0,"href":"https:\/\/www.24gliwice.pl\/wiadomosci\/wp-json\/wp\/v2\/posts\/131698\/revisions"}],"wp:featuredmedia":[{"embeddable":true,"href":"https:\/\/www.24gliwice.pl\/wiadomosci\/wp-json\/wp\/v2\/media\/121165"}],"wp:attachment":[{"href":"https:\/\/www.24gliwice.pl\/wiadomosci\/wp-json\/wp\/v2\/media?parent=131698"}],"wp:term":[{"taxonomy":"category","embeddable":true,"href":"https:\/\/www.24gliwice.pl\/wiadomosci\/wp-json\/wp\/v2\/categories?post=131698"},{"taxonomy":"post_tag","embeddable":true,"href":"https:\/\/www.24gliwice.pl\/wiadomosci\/wp-json\/wp\/v2\/tags?post=131698"}],"curies":[{"name":"wp","href":"https:\/\/api.w.org\/{rel}","templated":true}]}}