{"id":131740,"date":"2019-03-10T14:09:02","date_gmt":"2019-03-10T13:09:02","guid":{"rendered":"https:\/\/www.24gliwice.pl\/wiadomosci\/?p=131740"},"modified":"2019-03-10T14:10:14","modified_gmt":"2019-03-10T13:10:14","slug":"ztm-alert-facebook","status":"publish","type":"post","link":"https:\/\/www.24gliwice.pl\/wiadomosci\/ztm-alert-facebook\/","title":{"rendered":"Ruszy\u0142 ZTM ALERT dla pasa\u017cer\u00f3w. \u017beby z niego korzysta\u0107, musisz mie\u0107 konto na Facebooku"},"content":{"rendered":"<div class=\"gliwi-a6-nad-leadem-artykulow gliwi-entity-placement\" id=\"gliwi-1628822687\"><div class=\"gliwi-adlabel\"><span style=\"font-size: 9px\">REKLAMA<\/span><\/div><div id=\"gliwi-2179409641\" style=\"margin-bottom: 30px;margin-left: auto;margin-right: auto;text-align: center;\"><a data-no-instant=\"1\" href=\"https:\/\/przedszkole.halogen.org.pl\/\" rel=\"noopener\" class=\"a2t-link\" target=\"_blank\" aria-label=\"20260402-ANIMATOR-przedszkole_grafika_750x200\"><img loading=\"lazy\" decoding=\"async\" src=\"https:\/\/www.24gliwice.pl\/wiadomosci\/wp-content\/uploads\/2026\/04\/20260402-ANIMATOR-przedszkole_grafika_750x200.webp\" alt=\"\"  srcset=\"https:\/\/www.24gliwice.pl\/wiadomosci\/wp-content\/uploads\/2026\/04\/20260402-ANIMATOR-przedszkole_grafika_750x200.webp 750w, https:\/\/www.24gliwice.pl\/wiadomosci\/wp-content\/uploads\/2026\/04\/20260402-ANIMATOR-przedszkole_grafika_750x200-410x109.webp 410w\" sizes=\"(max-width: 750px) 100vw, 750px\" class=\"no-lazyload\" width=\"750\" height=\"200\"  style=\"display: inline-block; max-width: 100%; height: auto;\" \/><\/a><\/div><\/div><h3>Wszystkie najwa\u017cniejsze informacje dotycz\u0105ce utrudnie\u0144, op\u00f3\u017anie\u0144 czy zmian w kursowaniu komunikacji miejskiej pasa\u017cerowie Zarz\u0105du Transportu Metropolitalnego znajd\u0105 w jednym miejscu.<\/h3>\n<p>Na portalu spo\u0142eczno\u015bciowym Facebook uruchomiona zosta\u0142a nowa strona \u201eZarz\u0105d Transportu Metropolitalnego \u2013 ALERT\u201d, gdzie publikowane b\u0119d\u0105 najbardziej istotne i aktualne komunikaty. W\u015br\u00f3d nich r\u00f3wnie\u017c te, nades\u0142ane przez podr\u00f3\u017cnych, dotycz\u0105ce m.in. zgubionych czy znalezionych przedmiot\u00f3w.<\/p>\n[perfectpullquote align=&#8221;full&#8221; bordertop=&#8221;false&#8221; cite=&#8221;&#8221; link=&#8221;&#8221; color=&#8221;&#8221; class=&#8221;&#8221; size=&#8221;&#8221;]Nowa strona jest dedykowana przede wszystkim informacjom o utrudnieniach i zmianach w kursowaniu wszystkich pojazd\u00f3w pod szyldem Zarz\u0105du Transportu Metropolitalnego.[\/perfectpullquote]\n<p>Publikowane tutaj b\u0119d\u0105 r\u00f3wnie\u017c inne istotne komunikaty dla pasa\u017cer\u00f3w, takie jak aktualizacja rozk\u0142ad\u00f3w jazdy, nowa lokalizacja przystank\u00f3w, czy te\u017c objazdy na poszczeg\u00f3lnych liniach.<\/p><div class=\"gliwi-a3-w-tresci-artykulow gliwi-entity-placement\" id=\"gliwi-2382712127\"><div class=\"gliwi-adlabel\"><span style=\"font-size: 9px\">REKLAMA<\/span><\/div><div id=\"gliwi-2534976163\" style=\"margin-bottom: 30px;margin-left: auto;margin-right: auto;text-align: center;\"><a data-no-instant=\"1\" href=\"https:\/\/ogrodyandersa.pl\/\" rel=\"noopener\" class=\"a2t-link\" target=\"_blank\" aria-label=\"20260415 Ogrody Andersa KUP TERAZ D\"><img loading=\"lazy\" decoding=\"async\" src=\"https:\/\/www.24gliwice.pl\/wiadomosci\/wp-content\/uploads\/2026\/04\/20260415-Ogrody-Andersa-KUP-TERAZ-D.jpg\" alt=\"\"  srcset=\"https:\/\/www.24gliwice.pl\/wiadomosci\/wp-content\/uploads\/2026\/04\/20260415-Ogrody-Andersa-KUP-TERAZ-D.jpg 750w, https:\/\/www.24gliwice.pl\/wiadomosci\/wp-content\/uploads\/2026\/04\/20260415-Ogrody-Andersa-KUP-TERAZ-D-410x109.jpg 410w\" sizes=\"(max-width: 750px) 100vw, 750px\" class=\"no-lazyload\" width=\"750\" height=\"200\"  style=\"display: inline-block; max-width: 100%; height: auto;\" \/><\/a><\/div><\/div>\n<p>Za po\u015brednictwem nowej strony wa\u017cne wiadomo\u015bci o utrudnieniach czy op\u00f3\u017anieniach b\u0119d\u0105 mogli przekazywa\u0107 tak\u017ce sami podr\u00f3\u017cni. B\u0119dzie to r\u00f3wnie\u017c miejsce, gdzie pojawi\u0105 si\u0119 informacje o zgubionych czy znalezionych przedmiotach.<\/p>\n<p><iframe loading=\"lazy\" src=\"https:\/\/www.facebook.com\/plugins\/post.php?href=https%3A%2F%2Fwww.facebook.com%2FZTMAlert%2Fposts%2F2317202341935827&#038;width=500\" width=\"500\" height=\"429\" style=\"border:none;overflow:hidden\" scrolling=\"no\" frameborder=\"0\" allowTransparency=\"true\" allow=\"encrypted-media\"><\/iframe><\/p>\n<p>Powstanie nowej strony ma na celu przede wszystkim usprawnienie kontaktu z pasa\u017cerami oraz uporz\u0105dkowanie informacji zwi\u0105zanych z bie\u017c\u0105c\u0105 sytuacj\u0105 na trasach przejazdu autobus\u00f3w, tramwaj\u00f3w i trolejbus\u00f3w. ZTM chce w ten spos\u00f3b dostarcza\u0107 pasa\u017cerom mo\u017cliwie szybko i skutecznie jak najwi\u0119cej wiadomo\u015bci, kt\u00f3re pomog\u0105 im w codziennym podr\u00f3\u017cowaniu po Metropolii.<\/p>\n[perfectpullquote align=&#8221;full&#8221; bordertop=&#8221;false&#8221; cite=&#8221;&#8221; link=&#8221;&#8221; color=&#8221;&#8221; class=&#8221;&#8221; size=&#8221;&#8221;]Specjalna strona na Facebooku pozwoli oddzieli\u0107 bie\u017c\u0105ce informacje o utrudnieniach od innych komunikat\u00f3w, dotycz\u0105cych dzia\u0142alno\u015bci Zarz\u0105du Transportu Miejskiego.[\/perfectpullquote]\n<p>Mowa tutaj m.in. o zmianach w taryfach biletowych, prowadzonych akcjach czy projektach, a tak\u017ce o zaproszeniach na r\u00f3\u017cnego rodzaju wydarzenia. B\u0119d\u0105 one nadal publikowane na aktualnej stronie Zarz\u0105d Transportu Metropolitalnego, kt\u00f3ry b\u0119dzie ca\u0142y czas funkcjonowa\u0107. U\u0142atwi to pasa\u017cerom poszukiwanie wiadomo\u015bci, kt\u00f3re w danym momencie b\u0119d\u0105 dla nich najwa\u017cniejsze.<\/p>\n<h4>Czy nowa strona sprawdzi si\u0119 w praktyce? <\/h4>\n<p>Strona gromadzi informacje z ca\u0142ej Metropolii, mo\u017cna mie\u0107 w\u0105tpliwo\u015bci czy pasa\u017cera korzystaj\u0105cego z autobusu w Gliwicach, b\u0119dzie interesowa\u0142a informacja np. o utrudnieniach w Piekarach \u015al\u0105skich. Jak na razie, zainteresowanie stron\u0105 jest umiarkowane, po dw\u00f3ch tygodniach zdoby\u0142a ok. 1600 polubie\u0144.<\/p>\n<div class=\"gliwi-a5-na-koncu-artykulow gliwi-entity-placement\" id=\"gliwi-1846737340\"><div class=\"gliwi-adlabel\"><span style=\"font-size: 9px\">REKLAMA<\/span><\/div><div id=\"gliwi-1801096445\" style=\"margin-left: auto;margin-right: auto;text-align: center;\"><a data-no-instant=\"1\" href=\"https:\/\/prezeroarenagliwice.pl\/\" rel=\"noopener\" class=\"a2t-link\" target=\"_blank\" aria-label=\"20260309-PREZERO-WIOSNA-D\"><img loading=\"lazy\" decoding=\"async\" src=\"https:\/\/www.24gliwice.pl\/wiadomosci\/wp-content\/uploads\/2026\/03\/20260309-PREZERO-WIOSNA-D.webp\" alt=\"\"  srcset=\"https:\/\/www.24gliwice.pl\/wiadomosci\/wp-content\/uploads\/2026\/03\/20260309-PREZERO-WIOSNA-D.webp 750w, https:\/\/www.24gliwice.pl\/wiadomosci\/wp-content\/uploads\/2026\/03\/20260309-PREZERO-WIOSNA-D-410x109.webp 410w\" sizes=\"(max-width: 750px) 100vw, 750px\" class=\"no-lazyload\" width=\"750\" height=\"200\"  style=\"display: inline-block; max-width: 100%; height: auto;\" \/><\/a><\/div><\/div>","protected":false},"excerpt":{"rendered":"<p>Wszystkie najwa\u017cniejsze informacje dotycz\u0105ce utrudnie\u0144, op\u00f3\u017anie\u0144 czy zmian w kursowaniu komunikacji miejskiej pasa\u017cerowie Zarz\u0105du Transportu Metropolitalnego znajd\u0105 w jednym miejscu. Na portalu spo\u0142eczno\u015bciowym Facebook uruchomiona zosta\u0142a nowa strona \u201eZarz\u0105d Transportu Metropolitalnego \u2013 ALERT\u201d, gdzie publikowane b\u0119d\u0105 najbardziej istotne i aktualne komunikaty. W\u015br\u00f3d nich r\u00f3wnie\u017c te, nades\u0142ane przez podr\u00f3\u017cnych, dotycz\u0105ce m.in. zgubionych czy znalezionych przedmiot\u00f3w. [perfectpullquote [&hellip;]<\/p>\n","protected":false},"author":15,"featured_media":0,"comment_status":"open","ping_status":"closed","sticky":false,"template":"","format":"standard","meta":{"_monsterinsights_skip_tracking":false,"_monsterinsights_sitenote_active":false,"_monsterinsights_sitenote_note":"","_monsterinsights_sitenote_category":0,"footnotes":"","_links_to":"","_links_to_target":""},"categories":[3,1],"tags":[8089,10519,9537,10747,10746],"class_list":["post-131740","post","type-post","status-publish","format-standard","hentry","category-gliwice","category-wszystko","tag-autobus","tag-facebook","tag-komunikacja-publiczna","tag-zarzad-transportu-metropolitalnego","tag-ztm"],"yoast_head":"<!-- This site is optimized with the Yoast SEO plugin v27.5 - https:\/\/yoast.com\/product\/yoast-seo-wordpress\/ -->\n<title>Ruszy\u0142 ZTM ALERT dla pasa\u017cer\u00f3w. \u017beby z niego korzysta\u0107, musisz mie\u0107 konto na Facebooku - 24GLIWICE - Portal Gliwice | codziennie nowe informacje<\/title>\n<meta name=\"robots\" content=\"index, follow, max-snippet:-1, max-image-preview:large, max-video-preview:-1\" \/>\n<link rel=\"canonical\" href=\"https:\/\/www.24gliwice.pl\/wiadomosci\/ztm-alert-facebook\/\" \/>\n<meta property=\"og:locale\" content=\"pl_PL\" \/>\n<meta property=\"og:type\" content=\"article\" \/>\n<meta property=\"og:title\" content=\"Ruszy\u0142 ZTM ALERT dla pasa\u017cer\u00f3w. \u017beby z niego korzysta\u0107, musisz mie\u0107 konto na Facebooku - 24GLIWICE - Portal Gliwice | codziennie nowe informacje\" \/>\n<meta property=\"og:description\" content=\"Wszystkie najwa\u017cniejsze informacje dotycz\u0105ce utrudnie\u0144, op\u00f3\u017anie\u0144 czy zmian w kursowaniu komunikacji miejskiej pasa\u017cerowie Zarz\u0105du Transportu Metropolitalnego znajd\u0105 w jednym miejscu. Na portalu spo\u0142eczno\u015bciowym Facebook uruchomiona zosta\u0142a nowa strona \u201eZarz\u0105d Transportu Metropolitalnego \u2013 ALERT\u201d, gdzie publikowane b\u0119d\u0105 najbardziej istotne i aktualne komunikaty. W\u015br\u00f3d nich r\u00f3wnie\u017c te, nades\u0142ane przez podr\u00f3\u017cnych, dotycz\u0105ce m.in. zgubionych czy znalezionych przedmiot\u00f3w. [perfectpullquote [&hellip;]\" \/>\n<meta property=\"og:url\" content=\"https:\/\/www.24gliwice.pl\/wiadomosci\/ztm-alert-facebook\/\" \/>\n<meta property=\"og:site_name\" content=\"24GLIWICE - Portal Gliwice | codziennie nowe informacje\" \/>\n<meta property=\"article:publisher\" content=\"https:\/\/www.facebook.com\/24gliwice\" \/>\n<meta property=\"article:published_time\" content=\"2019-03-10T13:09:02+00:00\" \/>\n<meta property=\"article:modified_time\" content=\"2019-03-10T13:10:14+00:00\" \/>\n<meta property=\"og:image\" content=\"https:\/\/www.24gliwice.pl\/wiadomosci\/wp-content\/uploads\/2018\/12\/1-autobus-metropolia-1-001.jpg\" \/>\n\t<meta property=\"og:image:width\" content=\"810\" \/>\n\t<meta property=\"og:image:height\" content=\"456\" \/>\n\t<meta property=\"og:image:type\" content=\"image\/jpeg\" \/>\n<meta name=\"author\" content=\"\u017baneta Mrozek-Siewierska\" \/>\n<meta name=\"twitter:card\" content=\"summary_large_image\" \/>\n<meta name=\"twitter:creator\" content=\"@24gliwice\" \/>\n<meta name=\"twitter:site\" content=\"@24gliwice\" \/>\n<meta name=\"twitter:label1\" content=\"Napisane przez\" \/>\n\t<meta name=\"twitter:data1\" content=\"\u017baneta Mrozek-Siewierska\" \/>\n\t<meta name=\"twitter:label2\" content=\"Szacowany czas czytania\" \/>\n\t<meta name=\"twitter:data2\" content=\"2 minuty\" \/>\n<script type=\"application\/ld+json\" class=\"yoast-schema-graph\">{\"@context\":\"https:\\\/\\\/schema.org\",\"@graph\":[{\"@type\":\"Article\",\"@id\":\"https:\\\/\\\/www.24gliwice.pl\\\/wiadomosci\\\/ztm-alert-facebook\\\/#article\",\"isPartOf\":{\"@id\":\"https:\\\/\\\/www.24gliwice.pl\\\/wiadomosci\\\/ztm-alert-facebook\\\/\"},\"author\":{\"name\":\"\u017baneta Mrozek-Siewierska\",\"@id\":\"https:\\\/\\\/www.24gliwice.pl\\\/wiadomosci\\\/#\\\/schema\\\/person\\\/e42c650edd7f2fa332be3811fb166b6e\"},\"headline\":\"Ruszy\u0142 ZTM ALERT dla pasa\u017cer\u00f3w. \u017beby z niego korzysta\u0107, musisz mie\u0107 konto na Facebooku\",\"datePublished\":\"2019-03-10T13:09:02+00:00\",\"dateModified\":\"2019-03-10T13:10:14+00:00\",\"mainEntityOfPage\":{\"@id\":\"https:\\\/\\\/www.24gliwice.pl\\\/wiadomosci\\\/ztm-alert-facebook\\\/\"},\"wordCount\":404,\"commentCount\":0,\"publisher\":{\"@id\":\"https:\\\/\\\/www.24gliwice.pl\\\/wiadomosci\\\/#organization\"},\"keywords\":[\"AUTOBUS\",\"facebook\",\"KOMUNIKACJA PUBLICZNA\",\"ZARZ\u0104D TRANSPORTU METROPOLITALNEGO\",\"ZTM\"],\"articleSection\":[\"Gliwice\",\"Najnowsze wiadomo\u015bci\"],\"inLanguage\":\"pl-PL\",\"potentialAction\":[{\"@type\":\"CommentAction\",\"name\":\"Comment\",\"target\":[\"https:\\\/\\\/www.24gliwice.pl\\\/wiadomosci\\\/ztm-alert-facebook\\\/#respond\"]}]},{\"@type\":\"WebPage\",\"@id\":\"https:\\\/\\\/www.24gliwice.pl\\\/wiadomosci\\\/ztm-alert-facebook\\\/\",\"url\":\"https:\\\/\\\/www.24gliwice.pl\\\/wiadomosci\\\/ztm-alert-facebook\\\/\",\"name\":\"Ruszy\u0142 ZTM ALERT dla pasa\u017cer\u00f3w. \u017beby z niego korzysta\u0107, musisz mie\u0107 konto na Facebooku - 24GLIWICE - Portal Gliwice | codziennie nowe informacje\",\"isPartOf\":{\"@id\":\"https:\\\/\\\/www.24gliwice.pl\\\/wiadomosci\\\/#website\"},\"datePublished\":\"2019-03-10T13:09:02+00:00\",\"dateModified\":\"2019-03-10T13:10:14+00:00\",\"breadcrumb\":{\"@id\":\"https:\\\/\\\/www.24gliwice.pl\\\/wiadomosci\\\/ztm-alert-facebook\\\/#breadcrumb\"},\"inLanguage\":\"pl-PL\",\"potentialAction\":[{\"@type\":\"ReadAction\",\"target\":[\"https:\\\/\\\/www.24gliwice.pl\\\/wiadomosci\\\/ztm-alert-facebook\\\/\"]}]},{\"@type\":\"BreadcrumbList\",\"@id\":\"https:\\\/\\\/www.24gliwice.pl\\\/wiadomosci\\\/ztm-alert-facebook\\\/#breadcrumb\",\"itemListElement\":[{\"@type\":\"ListItem\",\"position\":1,\"name\":\"Strona g\u0142\u00f3wna\",\"item\":\"https:\\\/\\\/www.24gliwice.pl\\\/wiadomosci\\\/\"},{\"@type\":\"ListItem\",\"position\":2,\"name\":\"Ruszy\u0142 ZTM ALERT dla pasa\u017cer\u00f3w. \u017beby z niego korzysta\u0107, musisz mie\u0107 konto na Facebooku\"}]},{\"@type\":\"WebSite\",\"@id\":\"https:\\\/\\\/www.24gliwice.pl\\\/wiadomosci\\\/#website\",\"url\":\"https:\\\/\\\/www.24gliwice.pl\\\/wiadomosci\\\/\",\"name\":\"24GLIWICE - Portal Gliwice | codziennie nowe wiadomo\u015bci\",\"description\":\"Portal Miejski Gliwice\",\"publisher\":{\"@id\":\"https:\\\/\\\/www.24gliwice.pl\\\/wiadomosci\\\/#organization\"},\"potentialAction\":[{\"@type\":\"SearchAction\",\"target\":{\"@type\":\"EntryPoint\",\"urlTemplate\":\"https:\\\/\\\/www.24gliwice.pl\\\/wiadomosci\\\/?s={search_term_string}\"},\"query-input\":{\"@type\":\"PropertyValueSpecification\",\"valueRequired\":true,\"valueName\":\"search_term_string\"}}],\"inLanguage\":\"pl-PL\"},{\"@type\":\"Organization\",\"@id\":\"https:\\\/\\\/www.24gliwice.pl\\\/wiadomosci\\\/#organization\",\"name\":\"24gliwice\",\"url\":\"https:\\\/\\\/www.24gliwice.pl\\\/wiadomosci\\\/\",\"logo\":{\"@type\":\"ImageObject\",\"inLanguage\":\"pl-PL\",\"@id\":\"https:\\\/\\\/www.24gliwice.pl\\\/wiadomosci\\\/#\\\/schema\\\/logo\\\/image\\\/\",\"url\":\"https:\\\/\\\/www.24gliwice.pl\\\/wiadomosci\\\/wp-content\\\/uploads\\\/2024\\\/10\\\/24gliwice-logo-696.jpg\",\"contentUrl\":\"https:\\\/\\\/www.24gliwice.pl\\\/wiadomosci\\\/wp-content\\\/uploads\\\/2024\\\/10\\\/24gliwice-logo-696.jpg\",\"width\":696,\"height\":696,\"caption\":\"24gliwice\"},\"image\":{\"@id\":\"https:\\\/\\\/www.24gliwice.pl\\\/wiadomosci\\\/#\\\/schema\\\/logo\\\/image\\\/\"},\"sameAs\":[\"https:\\\/\\\/www.facebook.com\\\/24gliwice\",\"https:\\\/\\\/x.com\\\/24gliwice\",\"https:\\\/\\\/www.youtube.com\\\/@24gliwice\"]},{\"@type\":\"Person\",\"@id\":\"https:\\\/\\\/www.24gliwice.pl\\\/wiadomosci\\\/#\\\/schema\\\/person\\\/e42c650edd7f2fa332be3811fb166b6e\",\"name\":\"\u017baneta Mrozek-Siewierska\",\"image\":{\"@type\":\"ImageObject\",\"inLanguage\":\"pl-PL\",\"@id\":\"https:\\\/\\\/secure.gravatar.com\\\/avatar\\\/1881429e9c64597c77ad7aef2d0a19be69a3253e57534d16aa15bf3a4d34a0a3?s=96&d=mm&r=g\",\"url\":\"https:\\\/\\\/secure.gravatar.com\\\/avatar\\\/1881429e9c64597c77ad7aef2d0a19be69a3253e57534d16aa15bf3a4d34a0a3?s=96&d=mm&r=g\",\"contentUrl\":\"https:\\\/\\\/secure.gravatar.com\\\/avatar\\\/1881429e9c64597c77ad7aef2d0a19be69a3253e57534d16aa15bf3a4d34a0a3?s=96&d=mm&r=g\",\"caption\":\"\u017baneta Mrozek-Siewierska\"},\"url\":\"https:\\\/\\\/www.24gliwice.pl\\\/wiadomosci\\\/author\\\/zms\\\/\"}]}<\/script>\n<!-- \/ Yoast SEO plugin. -->","yoast_head_json":{"title":"Ruszy\u0142 ZTM ALERT dla pasa\u017cer\u00f3w. \u017beby z niego korzysta\u0107, musisz mie\u0107 konto na Facebooku - 24GLIWICE - Portal Gliwice | codziennie nowe informacje","robots":{"index":"index","follow":"follow","max-snippet":"max-snippet:-1","max-image-preview":"max-image-preview:large","max-video-preview":"max-video-preview:-1"},"canonical":"https:\/\/www.24gliwice.pl\/wiadomosci\/ztm-alert-facebook\/","og_locale":"pl_PL","og_type":"article","og_title":"Ruszy\u0142 ZTM ALERT dla pasa\u017cer\u00f3w. \u017beby z niego korzysta\u0107, musisz mie\u0107 konto na Facebooku - 24GLIWICE - Portal Gliwice | codziennie nowe informacje","og_description":"Wszystkie najwa\u017cniejsze informacje dotycz\u0105ce utrudnie\u0144, op\u00f3\u017anie\u0144 czy zmian w kursowaniu komunikacji miejskiej pasa\u017cerowie Zarz\u0105du Transportu Metropolitalnego znajd\u0105 w jednym miejscu. Na portalu spo\u0142eczno\u015bciowym Facebook uruchomiona zosta\u0142a nowa strona \u201eZarz\u0105d Transportu Metropolitalnego \u2013 ALERT\u201d, gdzie publikowane b\u0119d\u0105 najbardziej istotne i aktualne komunikaty. W\u015br\u00f3d nich r\u00f3wnie\u017c te, nades\u0142ane przez podr\u00f3\u017cnych, dotycz\u0105ce m.in. zgubionych czy znalezionych przedmiot\u00f3w. [perfectpullquote [&hellip;]","og_url":"https:\/\/www.24gliwice.pl\/wiadomosci\/ztm-alert-facebook\/","og_site_name":"24GLIWICE - Portal Gliwice | codziennie nowe informacje","article_publisher":"https:\/\/www.facebook.com\/24gliwice","article_published_time":"2019-03-10T13:09:02+00:00","article_modified_time":"2019-03-10T13:10:14+00:00","og_image":[{"width":810,"height":456,"url":"https:\/\/www.24gliwice.pl\/wiadomosci\/wp-content\/uploads\/2018\/12\/1-autobus-metropolia-1-001.jpg","type":"image\/jpeg"}],"author":"\u017baneta Mrozek-Siewierska","twitter_card":"summary_large_image","twitter_creator":"@24gliwice","twitter_site":"@24gliwice","twitter_misc":{"Napisane przez":"\u017baneta Mrozek-Siewierska","Szacowany czas czytania":"2 minuty"},"schema":{"@context":"https:\/\/schema.org","@graph":[{"@type":"Article","@id":"https:\/\/www.24gliwice.pl\/wiadomosci\/ztm-alert-facebook\/#article","isPartOf":{"@id":"https:\/\/www.24gliwice.pl\/wiadomosci\/ztm-alert-facebook\/"},"author":{"name":"\u017baneta Mrozek-Siewierska","@id":"https:\/\/www.24gliwice.pl\/wiadomosci\/#\/schema\/person\/e42c650edd7f2fa332be3811fb166b6e"},"headline":"Ruszy\u0142 ZTM ALERT dla pasa\u017cer\u00f3w. \u017beby z niego korzysta\u0107, musisz mie\u0107 konto na Facebooku","datePublished":"2019-03-10T13:09:02+00:00","dateModified":"2019-03-10T13:10:14+00:00","mainEntityOfPage":{"@id":"https:\/\/www.24gliwice.pl\/wiadomosci\/ztm-alert-facebook\/"},"wordCount":404,"commentCount":0,"publisher":{"@id":"https:\/\/www.24gliwice.pl\/wiadomosci\/#organization"},"keywords":["AUTOBUS","facebook","KOMUNIKACJA PUBLICZNA","ZARZ\u0104D TRANSPORTU METROPOLITALNEGO","ZTM"],"articleSection":["Gliwice","Najnowsze wiadomo\u015bci"],"inLanguage":"pl-PL","potentialAction":[{"@type":"CommentAction","name":"Comment","target":["https:\/\/www.24gliwice.pl\/wiadomosci\/ztm-alert-facebook\/#respond"]}]},{"@type":"WebPage","@id":"https:\/\/www.24gliwice.pl\/wiadomosci\/ztm-alert-facebook\/","url":"https:\/\/www.24gliwice.pl\/wiadomosci\/ztm-alert-facebook\/","name":"Ruszy\u0142 ZTM ALERT dla pasa\u017cer\u00f3w. \u017beby z niego korzysta\u0107, musisz mie\u0107 konto na Facebooku - 24GLIWICE - Portal Gliwice | codziennie nowe informacje","isPartOf":{"@id":"https:\/\/www.24gliwice.pl\/wiadomosci\/#website"},"datePublished":"2019-03-10T13:09:02+00:00","dateModified":"2019-03-10T13:10:14+00:00","breadcrumb":{"@id":"https:\/\/www.24gliwice.pl\/wiadomosci\/ztm-alert-facebook\/#breadcrumb"},"inLanguage":"pl-PL","potentialAction":[{"@type":"ReadAction","target":["https:\/\/www.24gliwice.pl\/wiadomosci\/ztm-alert-facebook\/"]}]},{"@type":"BreadcrumbList","@id":"https:\/\/www.24gliwice.pl\/wiadomosci\/ztm-alert-facebook\/#breadcrumb","itemListElement":[{"@type":"ListItem","position":1,"name":"Strona g\u0142\u00f3wna","item":"https:\/\/www.24gliwice.pl\/wiadomosci\/"},{"@type":"ListItem","position":2,"name":"Ruszy\u0142 ZTM ALERT dla pasa\u017cer\u00f3w. \u017beby z niego korzysta\u0107, musisz mie\u0107 konto na Facebooku"}]},{"@type":"WebSite","@id":"https:\/\/www.24gliwice.pl\/wiadomosci\/#website","url":"https:\/\/www.24gliwice.pl\/wiadomosci\/","name":"24GLIWICE - Portal Gliwice | codziennie nowe wiadomo\u015bci","description":"Portal Miejski Gliwice","publisher":{"@id":"https:\/\/www.24gliwice.pl\/wiadomosci\/#organization"},"potentialAction":[{"@type":"SearchAction","target":{"@type":"EntryPoint","urlTemplate":"https:\/\/www.24gliwice.pl\/wiadomosci\/?s={search_term_string}"},"query-input":{"@type":"PropertyValueSpecification","valueRequired":true,"valueName":"search_term_string"}}],"inLanguage":"pl-PL"},{"@type":"Organization","@id":"https:\/\/www.24gliwice.pl\/wiadomosci\/#organization","name":"24gliwice","url":"https:\/\/www.24gliwice.pl\/wiadomosci\/","logo":{"@type":"ImageObject","inLanguage":"pl-PL","@id":"https:\/\/www.24gliwice.pl\/wiadomosci\/#\/schema\/logo\/image\/","url":"https:\/\/www.24gliwice.pl\/wiadomosci\/wp-content\/uploads\/2024\/10\/24gliwice-logo-696.jpg","contentUrl":"https:\/\/www.24gliwice.pl\/wiadomosci\/wp-content\/uploads\/2024\/10\/24gliwice-logo-696.jpg","width":696,"height":696,"caption":"24gliwice"},"image":{"@id":"https:\/\/www.24gliwice.pl\/wiadomosci\/#\/schema\/logo\/image\/"},"sameAs":["https:\/\/www.facebook.com\/24gliwice","https:\/\/x.com\/24gliwice","https:\/\/www.youtube.com\/@24gliwice"]},{"@type":"Person","@id":"https:\/\/www.24gliwice.pl\/wiadomosci\/#\/schema\/person\/e42c650edd7f2fa332be3811fb166b6e","name":"\u017baneta Mrozek-Siewierska","image":{"@type":"ImageObject","inLanguage":"pl-PL","@id":"https:\/\/secure.gravatar.com\/avatar\/1881429e9c64597c77ad7aef2d0a19be69a3253e57534d16aa15bf3a4d34a0a3?s=96&d=mm&r=g","url":"https:\/\/secure.gravatar.com\/avatar\/1881429e9c64597c77ad7aef2d0a19be69a3253e57534d16aa15bf3a4d34a0a3?s=96&d=mm&r=g","contentUrl":"https:\/\/secure.gravatar.com\/avatar\/1881429e9c64597c77ad7aef2d0a19be69a3253e57534d16aa15bf3a4d34a0a3?s=96&d=mm&r=g","caption":"\u017baneta Mrozek-Siewierska"},"url":"https:\/\/www.24gliwice.pl\/wiadomosci\/author\/zms\/"}]}},"_links":{"self":[{"href":"https:\/\/www.24gliwice.pl\/wiadomosci\/wp-json\/wp\/v2\/posts\/131740","targetHints":{"allow":["GET"]}}],"collection":[{"href":"https:\/\/www.24gliwice.pl\/wiadomosci\/wp-json\/wp\/v2\/posts"}],"about":[{"href":"https:\/\/www.24gliwice.pl\/wiadomosci\/wp-json\/wp\/v2\/types\/post"}],"author":[{"embeddable":true,"href":"https:\/\/www.24gliwice.pl\/wiadomosci\/wp-json\/wp\/v2\/users\/15"}],"replies":[{"embeddable":true,"href":"https:\/\/www.24gliwice.pl\/wiadomosci\/wp-json\/wp\/v2\/comments?post=131740"}],"version-history":[{"count":0,"href":"https:\/\/www.24gliwice.pl\/wiadomosci\/wp-json\/wp\/v2\/posts\/131740\/revisions"}],"wp:attachment":[{"href":"https:\/\/www.24gliwice.pl\/wiadomosci\/wp-json\/wp\/v2\/media?parent=131740"}],"wp:term":[{"taxonomy":"category","embeddable":true,"href":"https:\/\/www.24gliwice.pl\/wiadomosci\/wp-json\/wp\/v2\/categories?post=131740"},{"taxonomy":"post_tag","embeddable":true,"href":"https:\/\/www.24gliwice.pl\/wiadomosci\/wp-json\/wp\/v2\/tags?post=131740"}],"curies":[{"name":"wp","href":"https:\/\/api.w.org\/{rel}","templated":true}]}}