{"id":131845,"date":"2019-03-11T14:20:16","date_gmt":"2019-03-11T13:20:16","guid":{"rendered":"https:\/\/www.24gliwice.pl\/wiadomosci\/?p=131845"},"modified":"2019-03-11T14:20:16","modified_gmt":"2019-03-11T13:20:16","slug":"wiatr-uszkadzal-dachy-i-przewracal-drzewa-na-ul-wita-stwosza-w-powietrze-uniosly-sie-garaze","status":"publish","type":"post","link":"https:\/\/www.24gliwice.pl\/wiadomosci\/wiatr-uszkadzal-dachy-i-przewracal-drzewa-na-ul-wita-stwosza-w-powietrze-uniosly-sie-garaze\/","title":{"rendered":"Wiatr uszkadza\u0142 dachy i przewraca\u0142 drzewa. Na ul. Wita Stwosza w powietrze unios\u0142y si\u0119 gara\u017ce"},"content":{"rendered":"<div class=\"gliwi-a6-nad-leadem-artykulow gliwi-entity-placement\" id=\"gliwi-1767209025\"><div class=\"gliwi-adlabel\"><span style=\"font-size: 9px\">REKLAMA<\/span><\/div><div id=\"gliwi-1546726754\" style=\"margin-bottom: 25px;margin-left: auto;margin-right: auto;text-align: center;\"><a data-no-instant=\"1\" href=\"https:\/\/dom100.eu\/\" rel=\"noopener\" class=\"a2t-link\" target=\"_blank\" aria-label=\"20260415 DOM100 D\"><img loading=\"lazy\" decoding=\"async\" src=\"https:\/\/www.24gliwice.pl\/wiadomosci\/wp-content\/uploads\/2026\/04\/20260415-DOM100-D.jpg\" alt=\"\"  srcset=\"https:\/\/www.24gliwice.pl\/wiadomosci\/wp-content\/uploads\/2026\/04\/20260415-DOM100-D.jpg 750w, https:\/\/www.24gliwice.pl\/wiadomosci\/wp-content\/uploads\/2026\/04\/20260415-DOM100-D-410x109.jpg 410w\" sizes=\"(max-width: 750px) 100vw, 750px\" class=\"no-lazyload\" width=\"750\" height=\"200\"  style=\"display: inline-block; max-width: 100%; height: auto;\" \/><\/a><\/div><\/div><h3>Nocna wichura poczyni\u0142a sporo szk\u00f3d w mie\u015bcie. Policji i stra\u017cy po\u017carnej wci\u0105\u017c zg\u0142aszane s\u0105 interwencje dotycz\u0105ce samochod\u00f3w uszkodzonych przez spadaj\u0105ce przedmioty, dach\u00f3wki, a nawet pchane wiatrem kosze na \u015bmieci.<\/h3>\n<p>W wyniku wichury zablokowane by\u0142y drogi. W po\u0142udnie stra\u017cacy m\u00f3wili o ponad 260 interwencjach zwi\u0105zanych z silnym wiatrem, liczba ta jednak stale ro\u015bnie.<\/p>\n<div id=\"attachment_131883\" style=\"width: 820px\" class=\"wp-caption aligncenter\"><img loading=\"lazy\" decoding=\"async\" aria-describedby=\"caption-attachment-131883\" src=\"https:\/\/www.24gliwice.pl\/wiadomosci\/wp-content\/uploads\/2019\/03\/1-wichura3.JPG.jpg\" alt=\"\" width=\"810\" height=\"456\" class=\"size-full wp-image-131883\" srcset=\"https:\/\/www.24gliwice.pl\/wiadomosci\/wp-content\/uploads\/2019\/03\/1-wichura3.JPG.jpg 810w, https:\/\/www.24gliwice.pl\/wiadomosci\/wp-content\/uploads\/2019\/03\/1-wichura3.JPG-410x232.jpg 410w, https:\/\/www.24gliwice.pl\/wiadomosci\/wp-content\/uploads\/2019\/03\/1-wichura3.JPG-768x432.jpg 768w, https:\/\/www.24gliwice.pl\/wiadomosci\/wp-content\/uploads\/2019\/03\/1-wichura3.JPG-808x455.jpg 808w\" sizes=\"auto, (max-width: 810px) 100vw, 810px\" \/><p id=\"caption-attachment-131883\" class=\"wp-caption-text\">fot. od Czytelnika<\/p><\/div>\n<div id=\"attachment_131882\" style=\"width: 820px\" class=\"wp-caption aligncenter\"><img loading=\"lazy\" decoding=\"async\" aria-describedby=\"caption-attachment-131882\" src=\"https:\/\/www.24gliwice.pl\/wiadomosci\/wp-content\/uploads\/2019\/03\/1-wichura2.jpg\" alt=\"\" width=\"810\" height=\"457\" class=\"size-full wp-image-131882\" srcset=\"https:\/\/www.24gliwice.pl\/wiadomosci\/wp-content\/uploads\/2019\/03\/1-wichura2.jpg 810w, https:\/\/www.24gliwice.pl\/wiadomosci\/wp-content\/uploads\/2019\/03\/1-wichura2-410x232.jpg 410w, https:\/\/www.24gliwice.pl\/wiadomosci\/wp-content\/uploads\/2019\/03\/1-wichura2-768x433.jpg 768w, https:\/\/www.24gliwice.pl\/wiadomosci\/wp-content\/uploads\/2019\/03\/1-wichura2-806x455.jpg 806w\" sizes=\"auto, (max-width: 810px) 100vw, 810px\" \/><p id=\"caption-attachment-131882\" class=\"wp-caption-text\">fot. od Czytelnika<\/p><\/div>\n<p>O godzinie 1.26 przy ul. Toszeckiej w Gliwicach drzewo przewr\u00f3ci\u0142o si\u0119 na samochody marek Renault i Toyota. Podobne zdarzenia zg\u0142aszano kolejno: godz. 1.28, ul. Witkiewicza, godz. 1.56, ul. B\u0142ogos\u0142awionego Czes\u0142awa \u2013 drzewa przewr\u00f3ci\u0142y si\u0119 na samochody; godz. 1.57, Paczyna \u2013 auto wjecha\u0142o w le\u017c\u0105ce na jezdni drzewo; godz. 1.46, Knur\u00f3w, parking przy ul. Jagie\u0142\u0142y \u2013 drzewo przewr\u00f3ci\u0142o si\u0119 na pojazdy; godz. 2.05, Rachowice, ul. Wiejska \u2013 drzewo zatarasowa\u0142o drog\u0119, zerwa\u0142o kable elektryczne; godz. 2.05, Przyszowice, ul. Makoszowska \u2013 drzewo upad\u0142o na jezdni\u0119 (podobnie, w tym samym czasie, w Gliwicach na Pszczy\u0144skiej, Strzelc\u00f3w Bytomskich, Ligonia).<\/p><div class=\"gliwi-a3-w-tresci-artykulow gliwi-entity-placement\" id=\"gliwi-3282239908\"><div class=\"gliwi-adlabel\"><span style=\"font-size: 9px\">REKLAMA<\/span><\/div><div id=\"gliwi-3307972752\" style=\"margin-bottom: 30px;margin-left: auto;margin-right: auto;text-align: center;\"><a data-no-instant=\"1\" href=\"https:\/\/zlobek.halogen.org.pl\/\" rel=\"noopener\" class=\"a2t-link\" target=\"_blank\" aria-label=\"animator-zlobek_750x200\"><img loading=\"lazy\" decoding=\"async\" src=\"https:\/\/www.24gliwice.pl\/wiadomosci\/wp-content\/uploads\/2026\/02\/animator-zlobek_750x200.webp\" alt=\"\"  srcset=\"https:\/\/www.24gliwice.pl\/wiadomosci\/wp-content\/uploads\/2026\/02\/animator-zlobek_750x200.webp 750w, https:\/\/www.24gliwice.pl\/wiadomosci\/wp-content\/uploads\/2026\/02\/animator-zlobek_750x200-410x109.webp 410w\" sizes=\"(max-width: 750px) 100vw, 750px\" class=\"no-lazyload\" width=\"750\" height=\"200\"  style=\"display: inline-block; max-width: 100%; height: auto;\" \/><\/a><\/div><\/div>\n[perfectpullquote align=&#8221;full&#8221; bordertop=&#8221;false&#8221; cite=&#8221;&#8221; link=&#8221;&#8221; color=&#8221;&#8221; class=&#8221;&#8221; size=&#8221;&#8221;]Wiatr unosi\u0142 blaszane gara\u017ce przy ul. Wita Stwosza \u2013 jeden z nich, przemieszczaj\u0105c si\u0119, uszkodzi\u0142 auto. Podobnie by\u0142o w Smolnicy oraz przy ul. Tylnej w Gliwicach.[\/perfectpullquote]\n<p>&#8211; Na 289. kilometrze autostrady A4 policjanci ujawnili le\u017c\u0105cy na barierach kontener, kt\u00f3ry prawdopodobnie spad\u0142 z jakiej\u015b ci\u0119\u017car\u00f3wki. Obecnie liczne policyjne patrole je\u017cd\u017c\u0105 do wezwa\u0144 dotycz\u0105cych uszkodzonych dach\u00f3wkami i innymi przedmiotami samochod\u00f3w &#8211; m\u00f3wi podinspektor <strong>Marek S\u0142omski<\/strong>, oficer prasowy KMP Gliwice.<\/p>\n<p>&#8211; Radzimy zabezpiecza\u0107 przedmioty przechowywane na balkonach czy parapetach. Jak wida\u0107 po do\u015bwiadczeniach dw\u00f3ch dni, wiatr przewraca znaki drogowe, tablice informacyjne, zrywa blaszane pokrycia pomieszcze\u0144 gospodarczych. To wszystko mo\u017ce by\u0107 niebezpieczne dla \u017cycia i zdrowia ludzi. Na szcz\u0119\u015bcie dot\u0105d nie odnotowano \u017cadnego przypadku, w kt\u00f3rym kto\u015b zosta\u0142by ranny &#8211; radzi S\u0142omski.<\/p>\n<p>(\u017cms)\/KMP Gliwice<br \/>\nfot. G.S. (park przy ul. Chorzowskiej)<\/p>\n<p><img loading=\"lazy\" decoding=\"async\" class=\"alignnone wp-image-131862\" src=\"https:\/\/www.24gliwice.pl\/wiadomosci\/wp-content\/uploads\/2019\/03\/11.jpg\" alt=\"\" width=\"1336\" height=\"2384\" srcset=\"https:\/\/www.24gliwice.pl\/wiadomosci\/wp-content\/uploads\/2019\/03\/11.jpg 478w, https:\/\/www.24gliwice.pl\/wiadomosci\/wp-content\/uploads\/2019\/03\/11-130x232.jpg 130w, https:\/\/www.24gliwice.pl\/wiadomosci\/wp-content\/uploads\/2019\/03\/11-255x455.jpg 255w\" sizes=\"auto, (max-width: 1336px) 100vw, 1336px\" \/><\/p>\n<p><img loading=\"lazy\" decoding=\"async\" class=\"alignnone wp-image-131860\" src=\"https:\/\/www.24gliwice.pl\/wiadomosci\/wp-content\/uploads\/2019\/03\/9.jpg\" alt=\"\" width=\"1416\" height=\"2522\" srcset=\"https:\/\/www.24gliwice.pl\/wiadomosci\/wp-content\/uploads\/2019\/03\/9.jpg 480w, https:\/\/www.24gliwice.pl\/wiadomosci\/wp-content\/uploads\/2019\/03\/9-130x232.jpg 130w, https:\/\/www.24gliwice.pl\/wiadomosci\/wp-content\/uploads\/2019\/03\/9-255x455.jpg 255w\" sizes=\"auto, (max-width: 1416px) 100vw, 1416px\" \/><\/p>\n<p><img loading=\"lazy\" decoding=\"async\" class=\"alignnone wp-image-131859\" src=\"https:\/\/www.24gliwice.pl\/wiadomosci\/wp-content\/uploads\/2019\/03\/8.jpg\" alt=\"\" width=\"1415\" height=\"2517\" srcset=\"https:\/\/www.24gliwice.pl\/wiadomosci\/wp-content\/uploads\/2019\/03\/8.jpg 479w, https:\/\/www.24gliwice.pl\/wiadomosci\/wp-content\/uploads\/2019\/03\/8-130x232.jpg 130w, https:\/\/www.24gliwice.pl\/wiadomosci\/wp-content\/uploads\/2019\/03\/8-256x455.jpg 256w\" sizes=\"auto, (max-width: 1415px) 100vw, 1415px\" \/><\/p>\n<div class=\"gliwi-a5-na-koncu-artykulow gliwi-entity-placement\" id=\"gliwi-1287677560\"><div class=\"gliwi-adlabel\"><span style=\"font-size: 9px\">REKLAMA<\/span><\/div><div id=\"gliwi-3536571928\" style=\"margin-left: auto;margin-right: auto;text-align: center;\"><a data-no-instant=\"1\" href=\"https:\/\/prezeroarenagliwice.pl\/\" rel=\"noopener\" class=\"a2t-link\" target=\"_blank\" aria-label=\"20260309-PREZERO-WIOSNA-D\"><img loading=\"lazy\" decoding=\"async\" src=\"https:\/\/www.24gliwice.pl\/wiadomosci\/wp-content\/uploads\/2026\/03\/20260309-PREZERO-WIOSNA-D.webp\" alt=\"\"  srcset=\"https:\/\/www.24gliwice.pl\/wiadomosci\/wp-content\/uploads\/2026\/03\/20260309-PREZERO-WIOSNA-D.webp 750w, https:\/\/www.24gliwice.pl\/wiadomosci\/wp-content\/uploads\/2026\/03\/20260309-PREZERO-WIOSNA-D-410x109.webp 410w\" sizes=\"(max-width: 750px) 100vw, 750px\" class=\"no-lazyload\" width=\"750\" height=\"200\"  style=\"display: inline-block; max-width: 100%; height: auto;\" \/><\/a><\/div><\/div>","protected":false},"excerpt":{"rendered":"<p>Nocna wichura poczyni\u0142a sporo szk\u00f3d w mie\u015bcie. Policji i stra\u017cy po\u017carnej wci\u0105\u017c zg\u0142aszane s\u0105 interwencje dotycz\u0105ce samochod\u00f3w uszkodzonych przez spadaj\u0105ce przedmioty, dach\u00f3wki, a nawet pchane wiatrem kosze na \u015bmieci. W wyniku wichury zablokowane by\u0142y drogi. W po\u0142udnie stra\u017cacy m\u00f3wili o ponad 260 interwencjach zwi\u0105zanych z silnym wiatrem, liczba ta jednak stale ro\u015bnie. O godzinie 1.26 [&hellip;]<\/p>\n","protected":false},"author":15,"featured_media":131881,"comment_status":"open","ping_status":"closed","sticky":false,"template":"","format":"standard","meta":{"_monsterinsights_skip_tracking":false,"_monsterinsights_sitenote_active":false,"_monsterinsights_sitenote_note":"","_monsterinsights_sitenote_category":0,"footnotes":"","_links_to":"","_links_to_target":""},"categories":[3,1],"tags":[10562,13450,10563],"class_list":["post-131845","post","type-post","status-publish","format-standard","has-post-thumbnail","hentry","category-gliwice","category-wszystko","tag-powalone-drzewa","tag-silny-wiatr","tag-wichura"],"yoast_head":"<!-- This site is optimized with the Yoast SEO plugin v27.5 - https:\/\/yoast.com\/product\/yoast-seo-wordpress\/ -->\n<title>Wiatr uszkadza\u0142 dachy i przewraca\u0142 drzewa. Na ul. Wita Stwosza w powietrze unios\u0142y si\u0119 gara\u017ce - 24GLIWICE - Portal Gliwice | codziennie nowe informacje<\/title>\n<meta name=\"robots\" content=\"index, follow, max-snippet:-1, max-image-preview:large, max-video-preview:-1\" \/>\n<link rel=\"canonical\" href=\"https:\/\/www.24gliwice.pl\/wiadomosci\/wiatr-uszkadzal-dachy-i-przewracal-drzewa-na-ul-wita-stwosza-w-powietrze-uniosly-sie-garaze\/\" \/>\n<meta property=\"og:locale\" content=\"pl_PL\" \/>\n<meta property=\"og:type\" content=\"article\" \/>\n<meta property=\"og:title\" content=\"Wiatr uszkadza\u0142 dachy i przewraca\u0142 drzewa. Na ul. Wita Stwosza w powietrze unios\u0142y si\u0119 gara\u017ce - 24GLIWICE - Portal Gliwice | codziennie nowe informacje\" \/>\n<meta property=\"og:description\" content=\"Nocna wichura poczyni\u0142a sporo szk\u00f3d w mie\u015bcie. Policji i stra\u017cy po\u017carnej wci\u0105\u017c zg\u0142aszane s\u0105 interwencje dotycz\u0105ce samochod\u00f3w uszkodzonych przez spadaj\u0105ce przedmioty, dach\u00f3wki, a nawet pchane wiatrem kosze na \u015bmieci. W wyniku wichury zablokowane by\u0142y drogi. W po\u0142udnie stra\u017cacy m\u00f3wili o ponad 260 interwencjach zwi\u0105zanych z silnym wiatrem, liczba ta jednak stale ro\u015bnie. O godzinie 1.26 [&hellip;]\" \/>\n<meta property=\"og:url\" content=\"https:\/\/www.24gliwice.pl\/wiadomosci\/wiatr-uszkadzal-dachy-i-przewracal-drzewa-na-ul-wita-stwosza-w-powietrze-uniosly-sie-garaze\/\" \/>\n<meta property=\"og:site_name\" content=\"24GLIWICE - Portal Gliwice | codziennie nowe informacje\" \/>\n<meta property=\"article:publisher\" content=\"https:\/\/www.facebook.com\/24gliwice\" \/>\n<meta property=\"article:published_time\" content=\"2019-03-11T13:20:16+00:00\" \/>\n<meta property=\"og:image\" content=\"https:\/\/www.24gliwice.pl\/wiadomosci\/wp-content\/uploads\/2019\/03\/1-wichura1.jpg\" \/>\n\t<meta property=\"og:image:width\" content=\"810\" \/>\n\t<meta property=\"og:image:height\" content=\"456\" \/>\n\t<meta property=\"og:image:type\" content=\"image\/jpeg\" \/>\n<meta name=\"author\" content=\"\u017baneta Mrozek-Siewierska\" \/>\n<meta name=\"twitter:card\" content=\"summary_large_image\" \/>\n<meta name=\"twitter:creator\" content=\"@24gliwice\" \/>\n<meta name=\"twitter:site\" content=\"@24gliwice\" \/>\n<meta name=\"twitter:label1\" content=\"Napisane przez\" \/>\n\t<meta name=\"twitter:data1\" content=\"\u017baneta Mrozek-Siewierska\" \/>\n\t<meta name=\"twitter:label2\" content=\"Szacowany czas czytania\" \/>\n\t<meta name=\"twitter:data2\" content=\"2 minuty\" \/>\n<script type=\"application\/ld+json\" class=\"yoast-schema-graph\">{\"@context\":\"https:\\\/\\\/schema.org\",\"@graph\":[{\"@type\":\"Article\",\"@id\":\"https:\\\/\\\/www.24gliwice.pl\\\/wiadomosci\\\/wiatr-uszkadzal-dachy-i-przewracal-drzewa-na-ul-wita-stwosza-w-powietrze-uniosly-sie-garaze\\\/#article\",\"isPartOf\":{\"@id\":\"https:\\\/\\\/www.24gliwice.pl\\\/wiadomosci\\\/wiatr-uszkadzal-dachy-i-przewracal-drzewa-na-ul-wita-stwosza-w-powietrze-uniosly-sie-garaze\\\/\"},\"author\":{\"name\":\"\u017baneta Mrozek-Siewierska\",\"@id\":\"https:\\\/\\\/www.24gliwice.pl\\\/wiadomosci\\\/#\\\/schema\\\/person\\\/e42c650edd7f2fa332be3811fb166b6e\"},\"headline\":\"Wiatr uszkadza\u0142 dachy i przewraca\u0142 drzewa. Na ul. Wita Stwosza w powietrze unios\u0142y si\u0119 gara\u017ce\",\"datePublished\":\"2019-03-11T13:20:16+00:00\",\"mainEntityOfPage\":{\"@id\":\"https:\\\/\\\/www.24gliwice.pl\\\/wiadomosci\\\/wiatr-uszkadzal-dachy-i-przewracal-drzewa-na-ul-wita-stwosza-w-powietrze-uniosly-sie-garaze\\\/\"},\"wordCount\":363,\"commentCount\":0,\"publisher\":{\"@id\":\"https:\\\/\\\/www.24gliwice.pl\\\/wiadomosci\\\/#organization\"},\"image\":{\"@id\":\"https:\\\/\\\/www.24gliwice.pl\\\/wiadomosci\\\/wiatr-uszkadzal-dachy-i-przewracal-drzewa-na-ul-wita-stwosza-w-powietrze-uniosly-sie-garaze\\\/#primaryimage\"},\"thumbnailUrl\":\"https:\\\/\\\/www.24gliwice.pl\\\/wiadomosci\\\/wp-content\\\/uploads\\\/2019\\\/03\\\/1-wichura1.jpg\",\"keywords\":[\"powalone drzewa\",\"silny wiatr\",\"wichura\"],\"articleSection\":[\"Gliwice\",\"Najnowsze wiadomo\u015bci\"],\"inLanguage\":\"pl-PL\",\"potentialAction\":[{\"@type\":\"CommentAction\",\"name\":\"Comment\",\"target\":[\"https:\\\/\\\/www.24gliwice.pl\\\/wiadomosci\\\/wiatr-uszkadzal-dachy-i-przewracal-drzewa-na-ul-wita-stwosza-w-powietrze-uniosly-sie-garaze\\\/#respond\"]}]},{\"@type\":\"WebPage\",\"@id\":\"https:\\\/\\\/www.24gliwice.pl\\\/wiadomosci\\\/wiatr-uszkadzal-dachy-i-przewracal-drzewa-na-ul-wita-stwosza-w-powietrze-uniosly-sie-garaze\\\/\",\"url\":\"https:\\\/\\\/www.24gliwice.pl\\\/wiadomosci\\\/wiatr-uszkadzal-dachy-i-przewracal-drzewa-na-ul-wita-stwosza-w-powietrze-uniosly-sie-garaze\\\/\",\"name\":\"Wiatr uszkadza\u0142 dachy i przewraca\u0142 drzewa. Na ul. Wita Stwosza w powietrze unios\u0142y si\u0119 gara\u017ce - 24GLIWICE - Portal Gliwice | codziennie nowe informacje\",\"isPartOf\":{\"@id\":\"https:\\\/\\\/www.24gliwice.pl\\\/wiadomosci\\\/#website\"},\"primaryImageOfPage\":{\"@id\":\"https:\\\/\\\/www.24gliwice.pl\\\/wiadomosci\\\/wiatr-uszkadzal-dachy-i-przewracal-drzewa-na-ul-wita-stwosza-w-powietrze-uniosly-sie-garaze\\\/#primaryimage\"},\"image\":{\"@id\":\"https:\\\/\\\/www.24gliwice.pl\\\/wiadomosci\\\/wiatr-uszkadzal-dachy-i-przewracal-drzewa-na-ul-wita-stwosza-w-powietrze-uniosly-sie-garaze\\\/#primaryimage\"},\"thumbnailUrl\":\"https:\\\/\\\/www.24gliwice.pl\\\/wiadomosci\\\/wp-content\\\/uploads\\\/2019\\\/03\\\/1-wichura1.jpg\",\"datePublished\":\"2019-03-11T13:20:16+00:00\",\"breadcrumb\":{\"@id\":\"https:\\\/\\\/www.24gliwice.pl\\\/wiadomosci\\\/wiatr-uszkadzal-dachy-i-przewracal-drzewa-na-ul-wita-stwosza-w-powietrze-uniosly-sie-garaze\\\/#breadcrumb\"},\"inLanguage\":\"pl-PL\",\"potentialAction\":[{\"@type\":\"ReadAction\",\"target\":[\"https:\\\/\\\/www.24gliwice.pl\\\/wiadomosci\\\/wiatr-uszkadzal-dachy-i-przewracal-drzewa-na-ul-wita-stwosza-w-powietrze-uniosly-sie-garaze\\\/\"]}]},{\"@type\":\"ImageObject\",\"inLanguage\":\"pl-PL\",\"@id\":\"https:\\\/\\\/www.24gliwice.pl\\\/wiadomosci\\\/wiatr-uszkadzal-dachy-i-przewracal-drzewa-na-ul-wita-stwosza-w-powietrze-uniosly-sie-garaze\\\/#primaryimage\",\"url\":\"https:\\\/\\\/www.24gliwice.pl\\\/wiadomosci\\\/wp-content\\\/uploads\\\/2019\\\/03\\\/1-wichura1.jpg\",\"contentUrl\":\"https:\\\/\\\/www.24gliwice.pl\\\/wiadomosci\\\/wp-content\\\/uploads\\\/2019\\\/03\\\/1-wichura1.jpg\",\"width\":810,\"height\":456,\"caption\":\"fot. od Czytelnika\"},{\"@type\":\"BreadcrumbList\",\"@id\":\"https:\\\/\\\/www.24gliwice.pl\\\/wiadomosci\\\/wiatr-uszkadzal-dachy-i-przewracal-drzewa-na-ul-wita-stwosza-w-powietrze-uniosly-sie-garaze\\\/#breadcrumb\",\"itemListElement\":[{\"@type\":\"ListItem\",\"position\":1,\"name\":\"Strona g\u0142\u00f3wna\",\"item\":\"https:\\\/\\\/www.24gliwice.pl\\\/wiadomosci\\\/\"},{\"@type\":\"ListItem\",\"position\":2,\"name\":\"Wiatr uszkadza\u0142 dachy i przewraca\u0142 drzewa. Na ul. Wita Stwosza w powietrze unios\u0142y si\u0119 gara\u017ce\"}]},{\"@type\":\"WebSite\",\"@id\":\"https:\\\/\\\/www.24gliwice.pl\\\/wiadomosci\\\/#website\",\"url\":\"https:\\\/\\\/www.24gliwice.pl\\\/wiadomosci\\\/\",\"name\":\"24GLIWICE - Portal Gliwice | codziennie nowe wiadomo\u015bci\",\"description\":\"Portal Miejski Gliwice\",\"publisher\":{\"@id\":\"https:\\\/\\\/www.24gliwice.pl\\\/wiadomosci\\\/#organization\"},\"potentialAction\":[{\"@type\":\"SearchAction\",\"target\":{\"@type\":\"EntryPoint\",\"urlTemplate\":\"https:\\\/\\\/www.24gliwice.pl\\\/wiadomosci\\\/?s={search_term_string}\"},\"query-input\":{\"@type\":\"PropertyValueSpecification\",\"valueRequired\":true,\"valueName\":\"search_term_string\"}}],\"inLanguage\":\"pl-PL\"},{\"@type\":\"Organization\",\"@id\":\"https:\\\/\\\/www.24gliwice.pl\\\/wiadomosci\\\/#organization\",\"name\":\"24gliwice\",\"url\":\"https:\\\/\\\/www.24gliwice.pl\\\/wiadomosci\\\/\",\"logo\":{\"@type\":\"ImageObject\",\"inLanguage\":\"pl-PL\",\"@id\":\"https:\\\/\\\/www.24gliwice.pl\\\/wiadomosci\\\/#\\\/schema\\\/logo\\\/image\\\/\",\"url\":\"https:\\\/\\\/www.24gliwice.pl\\\/wiadomosci\\\/wp-content\\\/uploads\\\/2024\\\/10\\\/24gliwice-logo-696.jpg\",\"contentUrl\":\"https:\\\/\\\/www.24gliwice.pl\\\/wiadomosci\\\/wp-content\\\/uploads\\\/2024\\\/10\\\/24gliwice-logo-696.jpg\",\"width\":696,\"height\":696,\"caption\":\"24gliwice\"},\"image\":{\"@id\":\"https:\\\/\\\/www.24gliwice.pl\\\/wiadomosci\\\/#\\\/schema\\\/logo\\\/image\\\/\"},\"sameAs\":[\"https:\\\/\\\/www.facebook.com\\\/24gliwice\",\"https:\\\/\\\/x.com\\\/24gliwice\",\"https:\\\/\\\/www.youtube.com\\\/@24gliwice\"]},{\"@type\":\"Person\",\"@id\":\"https:\\\/\\\/www.24gliwice.pl\\\/wiadomosci\\\/#\\\/schema\\\/person\\\/e42c650edd7f2fa332be3811fb166b6e\",\"name\":\"\u017baneta Mrozek-Siewierska\",\"image\":{\"@type\":\"ImageObject\",\"inLanguage\":\"pl-PL\",\"@id\":\"https:\\\/\\\/secure.gravatar.com\\\/avatar\\\/1881429e9c64597c77ad7aef2d0a19be69a3253e57534d16aa15bf3a4d34a0a3?s=96&d=mm&r=g\",\"url\":\"https:\\\/\\\/secure.gravatar.com\\\/avatar\\\/1881429e9c64597c77ad7aef2d0a19be69a3253e57534d16aa15bf3a4d34a0a3?s=96&d=mm&r=g\",\"contentUrl\":\"https:\\\/\\\/secure.gravatar.com\\\/avatar\\\/1881429e9c64597c77ad7aef2d0a19be69a3253e57534d16aa15bf3a4d34a0a3?s=96&d=mm&r=g\",\"caption\":\"\u017baneta Mrozek-Siewierska\"},\"url\":\"https:\\\/\\\/www.24gliwice.pl\\\/wiadomosci\\\/author\\\/zms\\\/\"}]}<\/script>\n<!-- \/ Yoast SEO plugin. -->","yoast_head_json":{"title":"Wiatr uszkadza\u0142 dachy i przewraca\u0142 drzewa. Na ul. Wita Stwosza w powietrze unios\u0142y si\u0119 gara\u017ce - 24GLIWICE - Portal Gliwice | codziennie nowe informacje","robots":{"index":"index","follow":"follow","max-snippet":"max-snippet:-1","max-image-preview":"max-image-preview:large","max-video-preview":"max-video-preview:-1"},"canonical":"https:\/\/www.24gliwice.pl\/wiadomosci\/wiatr-uszkadzal-dachy-i-przewracal-drzewa-na-ul-wita-stwosza-w-powietrze-uniosly-sie-garaze\/","og_locale":"pl_PL","og_type":"article","og_title":"Wiatr uszkadza\u0142 dachy i przewraca\u0142 drzewa. Na ul. Wita Stwosza w powietrze unios\u0142y si\u0119 gara\u017ce - 24GLIWICE - Portal Gliwice | codziennie nowe informacje","og_description":"Nocna wichura poczyni\u0142a sporo szk\u00f3d w mie\u015bcie. Policji i stra\u017cy po\u017carnej wci\u0105\u017c zg\u0142aszane s\u0105 interwencje dotycz\u0105ce samochod\u00f3w uszkodzonych przez spadaj\u0105ce przedmioty, dach\u00f3wki, a nawet pchane wiatrem kosze na \u015bmieci. W wyniku wichury zablokowane by\u0142y drogi. W po\u0142udnie stra\u017cacy m\u00f3wili o ponad 260 interwencjach zwi\u0105zanych z silnym wiatrem, liczba ta jednak stale ro\u015bnie. O godzinie 1.26 [&hellip;]","og_url":"https:\/\/www.24gliwice.pl\/wiadomosci\/wiatr-uszkadzal-dachy-i-przewracal-drzewa-na-ul-wita-stwosza-w-powietrze-uniosly-sie-garaze\/","og_site_name":"24GLIWICE - Portal Gliwice | codziennie nowe informacje","article_publisher":"https:\/\/www.facebook.com\/24gliwice","article_published_time":"2019-03-11T13:20:16+00:00","og_image":[{"width":810,"height":456,"url":"https:\/\/www.24gliwice.pl\/wiadomosci\/wp-content\/uploads\/2019\/03\/1-wichura1.jpg","type":"image\/jpeg"}],"author":"\u017baneta Mrozek-Siewierska","twitter_card":"summary_large_image","twitter_creator":"@24gliwice","twitter_site":"@24gliwice","twitter_misc":{"Napisane przez":"\u017baneta Mrozek-Siewierska","Szacowany czas czytania":"2 minuty"},"schema":{"@context":"https:\/\/schema.org","@graph":[{"@type":"Article","@id":"https:\/\/www.24gliwice.pl\/wiadomosci\/wiatr-uszkadzal-dachy-i-przewracal-drzewa-na-ul-wita-stwosza-w-powietrze-uniosly-sie-garaze\/#article","isPartOf":{"@id":"https:\/\/www.24gliwice.pl\/wiadomosci\/wiatr-uszkadzal-dachy-i-przewracal-drzewa-na-ul-wita-stwosza-w-powietrze-uniosly-sie-garaze\/"},"author":{"name":"\u017baneta Mrozek-Siewierska","@id":"https:\/\/www.24gliwice.pl\/wiadomosci\/#\/schema\/person\/e42c650edd7f2fa332be3811fb166b6e"},"headline":"Wiatr uszkadza\u0142 dachy i przewraca\u0142 drzewa. Na ul. Wita Stwosza w powietrze unios\u0142y si\u0119 gara\u017ce","datePublished":"2019-03-11T13:20:16+00:00","mainEntityOfPage":{"@id":"https:\/\/www.24gliwice.pl\/wiadomosci\/wiatr-uszkadzal-dachy-i-przewracal-drzewa-na-ul-wita-stwosza-w-powietrze-uniosly-sie-garaze\/"},"wordCount":363,"commentCount":0,"publisher":{"@id":"https:\/\/www.24gliwice.pl\/wiadomosci\/#organization"},"image":{"@id":"https:\/\/www.24gliwice.pl\/wiadomosci\/wiatr-uszkadzal-dachy-i-przewracal-drzewa-na-ul-wita-stwosza-w-powietrze-uniosly-sie-garaze\/#primaryimage"},"thumbnailUrl":"https:\/\/www.24gliwice.pl\/wiadomosci\/wp-content\/uploads\/2019\/03\/1-wichura1.jpg","keywords":["powalone drzewa","silny wiatr","wichura"],"articleSection":["Gliwice","Najnowsze wiadomo\u015bci"],"inLanguage":"pl-PL","potentialAction":[{"@type":"CommentAction","name":"Comment","target":["https:\/\/www.24gliwice.pl\/wiadomosci\/wiatr-uszkadzal-dachy-i-przewracal-drzewa-na-ul-wita-stwosza-w-powietrze-uniosly-sie-garaze\/#respond"]}]},{"@type":"WebPage","@id":"https:\/\/www.24gliwice.pl\/wiadomosci\/wiatr-uszkadzal-dachy-i-przewracal-drzewa-na-ul-wita-stwosza-w-powietrze-uniosly-sie-garaze\/","url":"https:\/\/www.24gliwice.pl\/wiadomosci\/wiatr-uszkadzal-dachy-i-przewracal-drzewa-na-ul-wita-stwosza-w-powietrze-uniosly-sie-garaze\/","name":"Wiatr uszkadza\u0142 dachy i przewraca\u0142 drzewa. Na ul. Wita Stwosza w powietrze unios\u0142y si\u0119 gara\u017ce - 24GLIWICE - Portal Gliwice | codziennie nowe informacje","isPartOf":{"@id":"https:\/\/www.24gliwice.pl\/wiadomosci\/#website"},"primaryImageOfPage":{"@id":"https:\/\/www.24gliwice.pl\/wiadomosci\/wiatr-uszkadzal-dachy-i-przewracal-drzewa-na-ul-wita-stwosza-w-powietrze-uniosly-sie-garaze\/#primaryimage"},"image":{"@id":"https:\/\/www.24gliwice.pl\/wiadomosci\/wiatr-uszkadzal-dachy-i-przewracal-drzewa-na-ul-wita-stwosza-w-powietrze-uniosly-sie-garaze\/#primaryimage"},"thumbnailUrl":"https:\/\/www.24gliwice.pl\/wiadomosci\/wp-content\/uploads\/2019\/03\/1-wichura1.jpg","datePublished":"2019-03-11T13:20:16+00:00","breadcrumb":{"@id":"https:\/\/www.24gliwice.pl\/wiadomosci\/wiatr-uszkadzal-dachy-i-przewracal-drzewa-na-ul-wita-stwosza-w-powietrze-uniosly-sie-garaze\/#breadcrumb"},"inLanguage":"pl-PL","potentialAction":[{"@type":"ReadAction","target":["https:\/\/www.24gliwice.pl\/wiadomosci\/wiatr-uszkadzal-dachy-i-przewracal-drzewa-na-ul-wita-stwosza-w-powietrze-uniosly-sie-garaze\/"]}]},{"@type":"ImageObject","inLanguage":"pl-PL","@id":"https:\/\/www.24gliwice.pl\/wiadomosci\/wiatr-uszkadzal-dachy-i-przewracal-drzewa-na-ul-wita-stwosza-w-powietrze-uniosly-sie-garaze\/#primaryimage","url":"https:\/\/www.24gliwice.pl\/wiadomosci\/wp-content\/uploads\/2019\/03\/1-wichura1.jpg","contentUrl":"https:\/\/www.24gliwice.pl\/wiadomosci\/wp-content\/uploads\/2019\/03\/1-wichura1.jpg","width":810,"height":456,"caption":"fot. od Czytelnika"},{"@type":"BreadcrumbList","@id":"https:\/\/www.24gliwice.pl\/wiadomosci\/wiatr-uszkadzal-dachy-i-przewracal-drzewa-na-ul-wita-stwosza-w-powietrze-uniosly-sie-garaze\/#breadcrumb","itemListElement":[{"@type":"ListItem","position":1,"name":"Strona g\u0142\u00f3wna","item":"https:\/\/www.24gliwice.pl\/wiadomosci\/"},{"@type":"ListItem","position":2,"name":"Wiatr uszkadza\u0142 dachy i przewraca\u0142 drzewa. Na ul. Wita Stwosza w powietrze unios\u0142y si\u0119 gara\u017ce"}]},{"@type":"WebSite","@id":"https:\/\/www.24gliwice.pl\/wiadomosci\/#website","url":"https:\/\/www.24gliwice.pl\/wiadomosci\/","name":"24GLIWICE - Portal Gliwice | codziennie nowe wiadomo\u015bci","description":"Portal Miejski Gliwice","publisher":{"@id":"https:\/\/www.24gliwice.pl\/wiadomosci\/#organization"},"potentialAction":[{"@type":"SearchAction","target":{"@type":"EntryPoint","urlTemplate":"https:\/\/www.24gliwice.pl\/wiadomosci\/?s={search_term_string}"},"query-input":{"@type":"PropertyValueSpecification","valueRequired":true,"valueName":"search_term_string"}}],"inLanguage":"pl-PL"},{"@type":"Organization","@id":"https:\/\/www.24gliwice.pl\/wiadomosci\/#organization","name":"24gliwice","url":"https:\/\/www.24gliwice.pl\/wiadomosci\/","logo":{"@type":"ImageObject","inLanguage":"pl-PL","@id":"https:\/\/www.24gliwice.pl\/wiadomosci\/#\/schema\/logo\/image\/","url":"https:\/\/www.24gliwice.pl\/wiadomosci\/wp-content\/uploads\/2024\/10\/24gliwice-logo-696.jpg","contentUrl":"https:\/\/www.24gliwice.pl\/wiadomosci\/wp-content\/uploads\/2024\/10\/24gliwice-logo-696.jpg","width":696,"height":696,"caption":"24gliwice"},"image":{"@id":"https:\/\/www.24gliwice.pl\/wiadomosci\/#\/schema\/logo\/image\/"},"sameAs":["https:\/\/www.facebook.com\/24gliwice","https:\/\/x.com\/24gliwice","https:\/\/www.youtube.com\/@24gliwice"]},{"@type":"Person","@id":"https:\/\/www.24gliwice.pl\/wiadomosci\/#\/schema\/person\/e42c650edd7f2fa332be3811fb166b6e","name":"\u017baneta Mrozek-Siewierska","image":{"@type":"ImageObject","inLanguage":"pl-PL","@id":"https:\/\/secure.gravatar.com\/avatar\/1881429e9c64597c77ad7aef2d0a19be69a3253e57534d16aa15bf3a4d34a0a3?s=96&d=mm&r=g","url":"https:\/\/secure.gravatar.com\/avatar\/1881429e9c64597c77ad7aef2d0a19be69a3253e57534d16aa15bf3a4d34a0a3?s=96&d=mm&r=g","contentUrl":"https:\/\/secure.gravatar.com\/avatar\/1881429e9c64597c77ad7aef2d0a19be69a3253e57534d16aa15bf3a4d34a0a3?s=96&d=mm&r=g","caption":"\u017baneta Mrozek-Siewierska"},"url":"https:\/\/www.24gliwice.pl\/wiadomosci\/author\/zms\/"}]}},"_links":{"self":[{"href":"https:\/\/www.24gliwice.pl\/wiadomosci\/wp-json\/wp\/v2\/posts\/131845","targetHints":{"allow":["GET"]}}],"collection":[{"href":"https:\/\/www.24gliwice.pl\/wiadomosci\/wp-json\/wp\/v2\/posts"}],"about":[{"href":"https:\/\/www.24gliwice.pl\/wiadomosci\/wp-json\/wp\/v2\/types\/post"}],"author":[{"embeddable":true,"href":"https:\/\/www.24gliwice.pl\/wiadomosci\/wp-json\/wp\/v2\/users\/15"}],"replies":[{"embeddable":true,"href":"https:\/\/www.24gliwice.pl\/wiadomosci\/wp-json\/wp\/v2\/comments?post=131845"}],"version-history":[{"count":0,"href":"https:\/\/www.24gliwice.pl\/wiadomosci\/wp-json\/wp\/v2\/posts\/131845\/revisions"}],"wp:featuredmedia":[{"embeddable":true,"href":"https:\/\/www.24gliwice.pl\/wiadomosci\/wp-json\/wp\/v2\/media\/131881"}],"wp:attachment":[{"href":"https:\/\/www.24gliwice.pl\/wiadomosci\/wp-json\/wp\/v2\/media?parent=131845"}],"wp:term":[{"taxonomy":"category","embeddable":true,"href":"https:\/\/www.24gliwice.pl\/wiadomosci\/wp-json\/wp\/v2\/categories?post=131845"},{"taxonomy":"post_tag","embeddable":true,"href":"https:\/\/www.24gliwice.pl\/wiadomosci\/wp-json\/wp\/v2\/tags?post=131845"}],"curies":[{"name":"wp","href":"https:\/\/api.w.org\/{rel}","templated":true}]}}