{"id":131908,"date":"2019-03-11T23:15:58","date_gmt":"2019-03-11T22:15:58","guid":{"rendered":"https:\/\/www.24gliwice.pl\/wiadomosci\/?p=131908"},"modified":"2019-03-11T23:15:58","modified_gmt":"2019-03-11T22:15:58","slug":"czemu-cala-polska-ratuje-karmelka-przeczytaj","status":"publish","type":"post","link":"https:\/\/www.24gliwice.pl\/wiadomosci\/czemu-cala-polska-ratuje-karmelka-przeczytaj\/","title":{"rendered":"Czemu ca\u0142a Polska ratuje Karmelka? Przeczytaj!"},"content":{"rendered":"<div class=\"gliwi-a6-nad-leadem-artykulow gliwi-entity-placement\" id=\"gliwi-3247763987\"><div class=\"gliwi-adlabel\"><span style=\"font-size: 9px\">REKLAMA<\/span><\/div><div id=\"gliwi-844941109\" style=\"margin-bottom: 30px;margin-left: auto;margin-right: auto;text-align: center;\"><a data-no-instant=\"1\" href=\"https:\/\/przedszkole.halogen.org.pl\/\" rel=\"noopener\" class=\"a2t-link\" target=\"_blank\" aria-label=\"20260402-ANIMATOR-przedszkole_grafika_750x200\"><img loading=\"lazy\" decoding=\"async\" src=\"https:\/\/www.24gliwice.pl\/wiadomosci\/wp-content\/uploads\/2026\/04\/20260402-ANIMATOR-przedszkole_grafika_750x200.webp\" alt=\"\"  srcset=\"https:\/\/www.24gliwice.pl\/wiadomosci\/wp-content\/uploads\/2026\/04\/20260402-ANIMATOR-przedszkole_grafika_750x200.webp 750w, https:\/\/www.24gliwice.pl\/wiadomosci\/wp-content\/uploads\/2026\/04\/20260402-ANIMATOR-przedszkole_grafika_750x200-410x109.webp 410w\" sizes=\"(max-width: 750px) 100vw, 750px\" class=\"no-lazyload\" width=\"750\" height=\"200\"  style=\"display: inline-block; max-width: 100%; height: auto;\" \/><\/a><\/div><\/div><h3>&#8220;Drogi Czytelniku, jeste\u015b? Czytasz? Pos\u0142uchaj mojej opowie\u015bci. Nazwali mnie Karmel. Nie wiedz\u0105, jak kiedy\u015b mia\u0142em na imi\u0119. Niby sk\u0105d maj\u0105 wiedzie\u0107, skoro nawet ja tego ju\u017c nie pami\u0119tam? <\/h3>\n<p><em>Jestem przecie\u017c zwyk\u0142ym wiejskim przyb\u0142\u0119d\u0105. W\u0142\u00f3czy\u0142em si\u0119 d\u0142ugo. Szuka\u0142em szcz\u0119\u015bcia w wielu miejscach, zagl\u0105da\u0142em na r\u00f3\u017cne podw\u00f3rka, ale nikt mnie nie chcia\u0142, czasem kto\u015b zamkn\u0105\u0142 mi furtk\u0119 przed nosem, czasem pogoni\u0142. W sumie si\u0119 nie dziwi\u0119, \u017ce nikt mnie u siebie nie chcia\u0142. Przecie\u017c widz\u0119, jak wygl\u0105dam. Nie do\u015b\u0107, \u017ce jestem ju\u017c stary i kulawy, to jeszcze moja sier\u015b\u0107 jest ca\u0142a pozlepiana brudem. Nie pachn\u0119 \u0142adnie. Niekt\u00f3rzy na m\u00f3j widok odwracali si\u0119 z obrzydzeniem. <\/p>\n<p><img loading=\"lazy\" decoding=\"async\" src=\"https:\/\/www.24gliwice.pl\/wiadomosci\/wp-content\/uploads\/2019\/03\/karmelek.jpg\" alt=\"\" width=\"835\" height=\"732\" class=\"aligncenter size-full wp-image-131910\" srcset=\"https:\/\/www.24gliwice.pl\/wiadomosci\/wp-content\/uploads\/2019\/03\/karmelek.jpg 835w, https:\/\/www.24gliwice.pl\/wiadomosci\/wp-content\/uploads\/2019\/03\/karmelek-265x232.jpg 265w, https:\/\/www.24gliwice.pl\/wiadomosci\/wp-content\/uploads\/2019\/03\/karmelek-768x673.jpg 768w, https:\/\/www.24gliwice.pl\/wiadomosci\/wp-content\/uploads\/2019\/03\/karmelek-519x455.jpg 519w, https:\/\/www.24gliwice.pl\/wiadomosci\/wp-content\/uploads\/2019\/03\/karmelek-810x710.jpg 810w\" sizes=\"auto, (max-width: 835px) 100vw, 835px\" \/><\/p>\n<p>Ale jednej Pani chyba zrobi\u0142o si\u0119 mnie \u017cal, bo nakarmi\u0142a mnie i wpu\u015bci\u0142a na podw\u00f3rko. Sta\u0142a tam wy\u015bcie\u0142ana s\u0142om\u0105, ciep\u0142a buda. W ko\u0144cu mog\u0142em odpocz\u0105\u0107. Pani gdzie\u015b zadzwoni\u0142a i niebawem przyjecha\u0142 Pan, kt\u00f3ry zabra\u0142 mnie tu, gdzie teraz jestem. To klinika dla chorych zwierz\u0105t.<\/p><div class=\"gliwi-a3-w-tresci-artykulow gliwi-entity-placement\" id=\"gliwi-917788445\"><div class=\"gliwi-adlabel\"><span style=\"font-size: 9px\">REKLAMA<\/span><\/div><div id=\"gliwi-1445673764\" style=\"margin-bottom: 30px;margin-left: auto;margin-right: auto;text-align: center;\"><a data-no-instant=\"1\" href=\"https:\/\/ogrodyandersa.pl\/\" rel=\"noopener\" class=\"a2t-link\" target=\"_blank\" aria-label=\"20260415 Ogrody Andersa KUP TERAZ D\"><img loading=\"lazy\" decoding=\"async\" src=\"https:\/\/www.24gliwice.pl\/wiadomosci\/wp-content\/uploads\/2026\/04\/20260415-Ogrody-Andersa-KUP-TERAZ-D.jpg\" alt=\"\"  srcset=\"https:\/\/www.24gliwice.pl\/wiadomosci\/wp-content\/uploads\/2026\/04\/20260415-Ogrody-Andersa-KUP-TERAZ-D.jpg 750w, https:\/\/www.24gliwice.pl\/wiadomosci\/wp-content\/uploads\/2026\/04\/20260415-Ogrody-Andersa-KUP-TERAZ-D-410x109.jpg 410w\" sizes=\"(max-width: 750px) 100vw, 750px\" class=\"no-lazyload\" width=\"750\" height=\"200\"  style=\"display: inline-block; max-width: 100%; height: auto;\" \/><\/a><\/div><\/div>\n<p>Jestem tu ju\u017c drugi dzie\u0144. Odsypiam zm\u0119czenie, nabieram si\u0142. Mam tu wygodnie i ciep\u0142o. Mam te\u017c bardzo smaczne jedzenie. Wyk\u0105pali mnie (w preparacie, kt\u00f3ry ma wyleczy\u0107 moj\u0105 chor\u0105 sk\u00f3r\u0119) i od razu wyci\u0119li mi te\u017c wro\u015bni\u0119te pazury. Nie mog\u0142em chodzi\u0107. Tak bardzo bola\u0142o. Pan doktor powiedzia\u0142, \u017ce mam bardzo s\u0142abe serduszko i konieczna b\u0119dzie konsultacja z kardiologiem. Mam te\u017c powi\u0119kszone w\u0119z\u0142y pod\u017cuchwowe. Potrzebne b\u0119d\u0105 kolejne badania. <\/p>\n<p>B\u0119d\u0105 te\u017c ogl\u0105dali moj\u0105 tyln\u0105 nog\u0119, na kt\u00f3r\u0105 tak bardzo kulej\u0119. Trzeba mi te\u017c usun\u0105\u0107 kamie\u0144 naz\u0119bny, bo mam go bardzo du\u017co. Mam te\u017c stan zapalny dzi\u0105se\u0142. Pan doktor powiedzia\u0142, \u017ce jestem w z\u0142ej kondycji og\u00f3lnej, a w badaniach wysz\u0142o, \u017ce mam obni\u017cony poziom bia\u0142ych krwinek. To pewnie dlatego \u017ale si\u0119 czuj\u0119 i jestem tak s\u0142aby, \u017ce a\u017c zataczam si\u0119, gdy pr\u00f3buj\u0119 chodzi\u0107.<\/p>\n<p>Wiem, \u017ce jest wiele \u0142adniejszych i m\u0142odszych ode mnie bezdomnych piesk\u00f3w, kt\u00f3re te\u017c potrzebuj\u0105 pomocy. Ale mo\u017ce i do mnie, schorowanego staruszka, wyci\u0105gn\u0105 r\u0119ce Dobrzy Ludzie. Bardzo bym chcia\u0142, jednak nie mam swojego domu ani troskliwego w\u0142a\u015bciciela. Nie mam swojego kocyka, kt\u00f3ry pachnie moim panem, nie mam swoich w\u0142asnych miseczek ze smako\u0142ykami. Nie ma kto op\u0142aci\u0107 mojego leczenia i pobytu w klinice. Mam tylko imi\u0119, kt\u00f3rego dopiero si\u0119 ucz\u0119. <\/p>\n<p>Wi\u0119c cho\u0107 Ci\u0119 nie znam, prosz\u0119 Ciebie o pomoc. Mo\u017ce chcia\u0142by\u015b dorzuci\u0107 mi cho\u0107 kilka z\u0142otych bym m\u00f3g\u0142 si\u0119 lepiej poczu\u0107? By mo\u017cna by\u0142o op\u0142aci\u0107 leczenie i pobyt w szpitalu.&#8221; <\/em><\/p>\n<h4>Taka oto psia spowied\u017a pojawi\u0142a si\u0119 na stronie og\u00f3lnopolskiej organizacji Fundacji Centaurus i b\u0142yskawicznie obieg\u0142a ca\u0142y Internet. <\/h4>\n<p>Ludzie oszaleli na punkcie bezdomnego Karmelka, kt\u00f3ry walczy o \u017cycie w klinice. W fundacji telefon si\u0119 urywa. <\/p>\n<blockquote><p>&#8220;Dostali\u015bmy ju\u017c nawet nowe pos\u0142anko dla Karmelka, otrzymujemy mn\u00f3stwo telefon\u00f3w dziennie i pytania, jak psiak si\u0119 czuje. Zbieramy te\u017c deklaracje na zapewnienie mu domu, chcemy mu znale\u017a\u0107 najlepsze mo\u017cliwe r\u0119ce do ko\u0144ca jego dni. Na ten moment Karmel potrzebuje jednak najbardziej pieni\u0119dzy, aby po prostu prze\u017cy\u0107.&#8221;<\/p><\/blockquote>\n<p> &#8211; opowiada <strong>Norbert Ziemlicki<\/strong> z Centaurusa, kt\u00f3ry osobi\u015bcie dogl\u0105da Karmelka. <\/p>\n<p>Fundacja dzia\u0142a ju\u017c prawie 15 lat, ma pod opiek\u0105 kilkaset koni, setki ps\u00f3w i kot\u00f3w i jest jedn\u0105 z najlepiej zorganizowanych plac\u00f3wek w Polsce. Prowadzi sw\u00f3j w\u0142asny azyl dla zwierz\u0105t, nota bene najwi\u0119kszy w Europie. Swoje dzia\u0142ania, czyli pomoc zwierzakom, finansuje wy\u0142\u0105cznie dzi\u0119ki wsparciu Darczy\u0144c\u00f3w. &#8220;Przyj\u0119li\u015bmy Karmelka, bo dla takich zwierz\u0105t dzia\u0142amy. Jeste\u015bmy tak naprawd\u0119 narz\u0119dziem w r\u0119kach naszych Darczy\u0144c\u00f3w, dzi\u0119ki ich funduszom my mo\u017cemy pomaga\u0107, a zwierz\u0119ta maj\u0105 lepsze \u017cycie. Razem zmieniamy \u015bwiat na nieco bardziej przyjazn\u0105 wersj\u0119&#8221; &#8211; dodaje prezes fundacji, Ewa Mastyk.<\/p>\n<p><strong>Karmelkowi mo\u017cna pom\u00f3c poprzez wp\u0142at\u0119 na konto Fundacji Centaurus PKO BP 15 1020 5226 0000 6002 0220 0350 z tytu\u0142em &#8220;dla Karmelka&#8221; lub wysy\u0142aj\u0105c mu paczk\u0119 na adres Zwierz\u0119cego Folwarku, Szczedrzykowice 10, 59-230 Prochowice. <\/strong>Mo\u017cna te\u017c wys\u0142a\u0107 SMS o tre\u015bci KARMEL na numer 74567 za 4.92 z VAT &#8211; ka\u017cda pomoc si\u0119 przyda, jak podkre\u015blaj\u0105 dzia\u0142acze Centaurusa. <\/p>\n<p>Pami\u0119tajmy te\u017c, \u017ce poszukiwany jest dom adopcyjny dla psiaka. Wi\u0119cej informacji pod adresem <a href=\"http:\/\/www.psiaplaneta.pl\">www.psiaplaneta.pl<\/a> lub 518 569 487 (Kasia) oraz na og\u00f3lnej witrynie fundacji <a href=\"http:\/\/www.centaurus.org.pl\">www.centaurus.org.pl<\/a><\/p>\n<p><em>(materia\u0142 partnera)<\/em><\/p>\n<div class=\"gliwi-a5-na-koncu-artykulow gliwi-entity-placement\" id=\"gliwi-4019423805\"><div class=\"gliwi-adlabel\"><span style=\"font-size: 9px\">REKLAMA<\/span><\/div><div id=\"gliwi-2037867442\" style=\"margin-left: auto;margin-right: auto;text-align: center;\"><a data-no-instant=\"1\" href=\"https:\/\/prezeroarenagliwice.pl\/\" rel=\"noopener\" class=\"a2t-link\" target=\"_blank\" aria-label=\"20260309-PREZERO-WIOSNA-D\"><img loading=\"lazy\" decoding=\"async\" src=\"https:\/\/www.24gliwice.pl\/wiadomosci\/wp-content\/uploads\/2026\/03\/20260309-PREZERO-WIOSNA-D.webp\" alt=\"\"  srcset=\"https:\/\/www.24gliwice.pl\/wiadomosci\/wp-content\/uploads\/2026\/03\/20260309-PREZERO-WIOSNA-D.webp 750w, https:\/\/www.24gliwice.pl\/wiadomosci\/wp-content\/uploads\/2026\/03\/20260309-PREZERO-WIOSNA-D-410x109.webp 410w\" sizes=\"(max-width: 750px) 100vw, 750px\" class=\"no-lazyload\" width=\"750\" height=\"200\"  style=\"display: inline-block; max-width: 100%; height: auto;\" \/><\/a><\/div><\/div>","protected":false},"excerpt":{"rendered":"<p>&#8220;Drogi Czytelniku, jeste\u015b? Czytasz? Pos\u0142uchaj mojej opowie\u015bci. Nazwali mnie Karmel. Nie wiedz\u0105, jak kiedy\u015b mia\u0142em na imi\u0119. Niby sk\u0105d maj\u0105 wiedzie\u0107, skoro nawet ja tego ju\u017c nie pami\u0119tam? Jestem przecie\u017c zwyk\u0142ym wiejskim przyb\u0142\u0119d\u0105. W\u0142\u00f3czy\u0142em si\u0119 d\u0142ugo. Szuka\u0142em szcz\u0119\u015bcia w wielu miejscach, zagl\u0105da\u0142em na r\u00f3\u017cne podw\u00f3rka, ale nikt mnie nie chcia\u0142, czasem kto\u015b zamkn\u0105\u0142 mi furtk\u0119 [&hellip;]<\/p>\n","protected":false},"author":4,"featured_media":131910,"comment_status":"closed","ping_status":"closed","sticky":false,"template":"","format":"standard","meta":{"_monsterinsights_skip_tracking":false,"_monsterinsights_sitenote_active":false,"_monsterinsights_sitenote_note":"","_monsterinsights_sitenote_category":0,"footnotes":"","_links_to":"","_links_to_target":""},"categories":[1,1129],"tags":[6246,5777],"class_list":["post-131908","post","type-post","status-publish","format-standard","has-post-thumbnail","hentry","category-wszystko","category-polecamy","tag-pies","tag-pomoc"],"yoast_head":"<!-- This site is optimized with the Yoast SEO plugin v27.5 - https:\/\/yoast.com\/product\/yoast-seo-wordpress\/ -->\n<title>Czemu ca\u0142a Polska ratuje Karmelka? Przeczytaj! - 24GLIWICE - Portal Gliwice | codziennie nowe informacje<\/title>\n<meta name=\"robots\" content=\"index, follow, max-snippet:-1, max-image-preview:large, max-video-preview:-1\" \/>\n<link rel=\"canonical\" href=\"https:\/\/www.24gliwice.pl\/wiadomosci\/czemu-cala-polska-ratuje-karmelka-przeczytaj\/\" \/>\n<meta property=\"og:locale\" content=\"pl_PL\" \/>\n<meta property=\"og:type\" content=\"article\" \/>\n<meta property=\"og:title\" content=\"Czemu ca\u0142a Polska ratuje Karmelka? Przeczytaj! - 24GLIWICE - Portal Gliwice | codziennie nowe informacje\" \/>\n<meta property=\"og:description\" content=\"&#8220;Drogi Czytelniku, jeste\u015b? Czytasz? Pos\u0142uchaj mojej opowie\u015bci. Nazwali mnie Karmel. Nie wiedz\u0105, jak kiedy\u015b mia\u0142em na imi\u0119. Niby sk\u0105d maj\u0105 wiedzie\u0107, skoro nawet ja tego ju\u017c nie pami\u0119tam? Jestem przecie\u017c zwyk\u0142ym wiejskim przyb\u0142\u0119d\u0105. W\u0142\u00f3czy\u0142em si\u0119 d\u0142ugo. Szuka\u0142em szcz\u0119\u015bcia w wielu miejscach, zagl\u0105da\u0142em na r\u00f3\u017cne podw\u00f3rka, ale nikt mnie nie chcia\u0142, czasem kto\u015b zamkn\u0105\u0142 mi furtk\u0119 [&hellip;]\" \/>\n<meta property=\"og:url\" content=\"https:\/\/www.24gliwice.pl\/wiadomosci\/czemu-cala-polska-ratuje-karmelka-przeczytaj\/\" \/>\n<meta property=\"og:site_name\" content=\"24GLIWICE - Portal Gliwice | codziennie nowe informacje\" \/>\n<meta property=\"article:publisher\" content=\"https:\/\/www.facebook.com\/24gliwice\" \/>\n<meta property=\"article:author\" content=\"https:\/\/www.facebook.com\/marcin.fabrykowski\" \/>\n<meta property=\"article:published_time\" content=\"2019-03-11T22:15:58+00:00\" \/>\n<meta property=\"og:image\" content=\"https:\/\/www.24gliwice.pl\/wiadomosci\/wp-content\/uploads\/2019\/03\/karmelek.jpg\" \/>\n\t<meta property=\"og:image:width\" content=\"835\" \/>\n\t<meta property=\"og:image:height\" content=\"732\" \/>\n\t<meta property=\"og:image:type\" content=\"image\/jpeg\" \/>\n<meta name=\"author\" content=\"Marcin Fabrykowski\" \/>\n<meta name=\"twitter:card\" content=\"summary_large_image\" \/>\n<meta name=\"twitter:creator\" content=\"@24gliwice\" \/>\n<meta name=\"twitter:site\" content=\"@24gliwice\" \/>\n<meta name=\"twitter:label1\" content=\"Napisane przez\" \/>\n\t<meta name=\"twitter:data1\" content=\"Marcin Fabrykowski\" \/>\n\t<meta name=\"twitter:label2\" content=\"Szacowany czas czytania\" \/>\n\t<meta name=\"twitter:data2\" content=\"4 minuty\" \/>\n<script type=\"application\/ld+json\" class=\"yoast-schema-graph\">{\"@context\":\"https:\\\/\\\/schema.org\",\"@graph\":[{\"@type\":\"Article\",\"@id\":\"https:\\\/\\\/www.24gliwice.pl\\\/wiadomosci\\\/czemu-cala-polska-ratuje-karmelka-przeczytaj\\\/#article\",\"isPartOf\":{\"@id\":\"https:\\\/\\\/www.24gliwice.pl\\\/wiadomosci\\\/czemu-cala-polska-ratuje-karmelka-przeczytaj\\\/\"},\"author\":{\"name\":\"Marcin Fabrykowski\",\"@id\":\"https:\\\/\\\/www.24gliwice.pl\\\/wiadomosci\\\/#\\\/schema\\\/person\\\/cb5857e4a4d048c15984c1edcc8ef0c0\"},\"headline\":\"Czemu ca\u0142a Polska ratuje Karmelka? Przeczytaj!\",\"datePublished\":\"2019-03-11T22:15:58+00:00\",\"mainEntityOfPage\":{\"@id\":\"https:\\\/\\\/www.24gliwice.pl\\\/wiadomosci\\\/czemu-cala-polska-ratuje-karmelka-przeczytaj\\\/\"},\"wordCount\":776,\"publisher\":{\"@id\":\"https:\\\/\\\/www.24gliwice.pl\\\/wiadomosci\\\/#organization\"},\"image\":{\"@id\":\"https:\\\/\\\/www.24gliwice.pl\\\/wiadomosci\\\/czemu-cala-polska-ratuje-karmelka-przeczytaj\\\/#primaryimage\"},\"thumbnailUrl\":\"https:\\\/\\\/www.24gliwice.pl\\\/wiadomosci\\\/wp-content\\\/uploads\\\/2019\\\/03\\\/karmelek.jpg\",\"keywords\":[\"PIES\",\"pomoc\"],\"articleSection\":[\"Najnowsze wiadomo\u015bci\",\"Polecamy\"],\"inLanguage\":\"pl-PL\"},{\"@type\":\"WebPage\",\"@id\":\"https:\\\/\\\/www.24gliwice.pl\\\/wiadomosci\\\/czemu-cala-polska-ratuje-karmelka-przeczytaj\\\/\",\"url\":\"https:\\\/\\\/www.24gliwice.pl\\\/wiadomosci\\\/czemu-cala-polska-ratuje-karmelka-przeczytaj\\\/\",\"name\":\"Czemu ca\u0142a Polska ratuje Karmelka? Przeczytaj! - 24GLIWICE - Portal Gliwice | codziennie nowe informacje\",\"isPartOf\":{\"@id\":\"https:\\\/\\\/www.24gliwice.pl\\\/wiadomosci\\\/#website\"},\"primaryImageOfPage\":{\"@id\":\"https:\\\/\\\/www.24gliwice.pl\\\/wiadomosci\\\/czemu-cala-polska-ratuje-karmelka-przeczytaj\\\/#primaryimage\"},\"image\":{\"@id\":\"https:\\\/\\\/www.24gliwice.pl\\\/wiadomosci\\\/czemu-cala-polska-ratuje-karmelka-przeczytaj\\\/#primaryimage\"},\"thumbnailUrl\":\"https:\\\/\\\/www.24gliwice.pl\\\/wiadomosci\\\/wp-content\\\/uploads\\\/2019\\\/03\\\/karmelek.jpg\",\"datePublished\":\"2019-03-11T22:15:58+00:00\",\"breadcrumb\":{\"@id\":\"https:\\\/\\\/www.24gliwice.pl\\\/wiadomosci\\\/czemu-cala-polska-ratuje-karmelka-przeczytaj\\\/#breadcrumb\"},\"inLanguage\":\"pl-PL\",\"potentialAction\":[{\"@type\":\"ReadAction\",\"target\":[\"https:\\\/\\\/www.24gliwice.pl\\\/wiadomosci\\\/czemu-cala-polska-ratuje-karmelka-przeczytaj\\\/\"]}]},{\"@type\":\"ImageObject\",\"inLanguage\":\"pl-PL\",\"@id\":\"https:\\\/\\\/www.24gliwice.pl\\\/wiadomosci\\\/czemu-cala-polska-ratuje-karmelka-przeczytaj\\\/#primaryimage\",\"url\":\"https:\\\/\\\/www.24gliwice.pl\\\/wiadomosci\\\/wp-content\\\/uploads\\\/2019\\\/03\\\/karmelek.jpg\",\"contentUrl\":\"https:\\\/\\\/www.24gliwice.pl\\\/wiadomosci\\\/wp-content\\\/uploads\\\/2019\\\/03\\\/karmelek.jpg\",\"width\":835,\"height\":732},{\"@type\":\"BreadcrumbList\",\"@id\":\"https:\\\/\\\/www.24gliwice.pl\\\/wiadomosci\\\/czemu-cala-polska-ratuje-karmelka-przeczytaj\\\/#breadcrumb\",\"itemListElement\":[{\"@type\":\"ListItem\",\"position\":1,\"name\":\"Strona g\u0142\u00f3wna\",\"item\":\"https:\\\/\\\/www.24gliwice.pl\\\/wiadomosci\\\/\"},{\"@type\":\"ListItem\",\"position\":2,\"name\":\"Czemu ca\u0142a Polska ratuje Karmelka? Przeczytaj!\"}]},{\"@type\":\"WebSite\",\"@id\":\"https:\\\/\\\/www.24gliwice.pl\\\/wiadomosci\\\/#website\",\"url\":\"https:\\\/\\\/www.24gliwice.pl\\\/wiadomosci\\\/\",\"name\":\"24GLIWICE - Portal Gliwice | codziennie nowe wiadomo\u015bci\",\"description\":\"Portal Miejski Gliwice\",\"publisher\":{\"@id\":\"https:\\\/\\\/www.24gliwice.pl\\\/wiadomosci\\\/#organization\"},\"potentialAction\":[{\"@type\":\"SearchAction\",\"target\":{\"@type\":\"EntryPoint\",\"urlTemplate\":\"https:\\\/\\\/www.24gliwice.pl\\\/wiadomosci\\\/?s={search_term_string}\"},\"query-input\":{\"@type\":\"PropertyValueSpecification\",\"valueRequired\":true,\"valueName\":\"search_term_string\"}}],\"inLanguage\":\"pl-PL\"},{\"@type\":\"Organization\",\"@id\":\"https:\\\/\\\/www.24gliwice.pl\\\/wiadomosci\\\/#organization\",\"name\":\"24gliwice\",\"url\":\"https:\\\/\\\/www.24gliwice.pl\\\/wiadomosci\\\/\",\"logo\":{\"@type\":\"ImageObject\",\"inLanguage\":\"pl-PL\",\"@id\":\"https:\\\/\\\/www.24gliwice.pl\\\/wiadomosci\\\/#\\\/schema\\\/logo\\\/image\\\/\",\"url\":\"https:\\\/\\\/www.24gliwice.pl\\\/wiadomosci\\\/wp-content\\\/uploads\\\/2024\\\/10\\\/24gliwice-logo-696.jpg\",\"contentUrl\":\"https:\\\/\\\/www.24gliwice.pl\\\/wiadomosci\\\/wp-content\\\/uploads\\\/2024\\\/10\\\/24gliwice-logo-696.jpg\",\"width\":696,\"height\":696,\"caption\":\"24gliwice\"},\"image\":{\"@id\":\"https:\\\/\\\/www.24gliwice.pl\\\/wiadomosci\\\/#\\\/schema\\\/logo\\\/image\\\/\"},\"sameAs\":[\"https:\\\/\\\/www.facebook.com\\\/24gliwice\",\"https:\\\/\\\/x.com\\\/24gliwice\",\"https:\\\/\\\/www.youtube.com\\\/@24gliwice\"]},{\"@type\":\"Person\",\"@id\":\"https:\\\/\\\/www.24gliwice.pl\\\/wiadomosci\\\/#\\\/schema\\\/person\\\/cb5857e4a4d048c15984c1edcc8ef0c0\",\"name\":\"Marcin Fabrykowski\",\"image\":{\"@type\":\"ImageObject\",\"inLanguage\":\"pl-PL\",\"@id\":\"https:\\\/\\\/www.24gliwice.pl\\\/wiadomosci\\\/wp-content\\\/uploads\\\/2025\\\/11\\\/zdjecie-moje-marcin-300-96x96.jpg\",\"url\":\"https:\\\/\\\/www.24gliwice.pl\\\/wiadomosci\\\/wp-content\\\/uploads\\\/2025\\\/11\\\/zdjecie-moje-marcin-300-96x96.jpg\",\"contentUrl\":\"https:\\\/\\\/www.24gliwice.pl\\\/wiadomosci\\\/wp-content\\\/uploads\\\/2025\\\/11\\\/zdjecie-moje-marcin-300-96x96.jpg\",\"caption\":\"Marcin Fabrykowski\"},\"sameAs\":[\"http:\\\/\\\/24gliwice.pl\",\"https:\\\/\\\/www.facebook.com\\\/marcin.fabrykowski\"],\"url\":\"https:\\\/\\\/www.24gliwice.pl\\\/wiadomosci\\\/author\\\/marcin-fabrykowski\\\/\"}]}<\/script>\n<!-- \/ Yoast SEO plugin. -->","yoast_head_json":{"title":"Czemu ca\u0142a Polska ratuje Karmelka? Przeczytaj! - 24GLIWICE - Portal Gliwice | codziennie nowe informacje","robots":{"index":"index","follow":"follow","max-snippet":"max-snippet:-1","max-image-preview":"max-image-preview:large","max-video-preview":"max-video-preview:-1"},"canonical":"https:\/\/www.24gliwice.pl\/wiadomosci\/czemu-cala-polska-ratuje-karmelka-przeczytaj\/","og_locale":"pl_PL","og_type":"article","og_title":"Czemu ca\u0142a Polska ratuje Karmelka? Przeczytaj! - 24GLIWICE - Portal Gliwice | codziennie nowe informacje","og_description":"&#8220;Drogi Czytelniku, jeste\u015b? Czytasz? Pos\u0142uchaj mojej opowie\u015bci. Nazwali mnie Karmel. Nie wiedz\u0105, jak kiedy\u015b mia\u0142em na imi\u0119. Niby sk\u0105d maj\u0105 wiedzie\u0107, skoro nawet ja tego ju\u017c nie pami\u0119tam? Jestem przecie\u017c zwyk\u0142ym wiejskim przyb\u0142\u0119d\u0105. W\u0142\u00f3czy\u0142em si\u0119 d\u0142ugo. Szuka\u0142em szcz\u0119\u015bcia w wielu miejscach, zagl\u0105da\u0142em na r\u00f3\u017cne podw\u00f3rka, ale nikt mnie nie chcia\u0142, czasem kto\u015b zamkn\u0105\u0142 mi furtk\u0119 [&hellip;]","og_url":"https:\/\/www.24gliwice.pl\/wiadomosci\/czemu-cala-polska-ratuje-karmelka-przeczytaj\/","og_site_name":"24GLIWICE - Portal Gliwice | codziennie nowe informacje","article_publisher":"https:\/\/www.facebook.com\/24gliwice","article_author":"https:\/\/www.facebook.com\/marcin.fabrykowski","article_published_time":"2019-03-11T22:15:58+00:00","og_image":[{"width":835,"height":732,"url":"https:\/\/www.24gliwice.pl\/wiadomosci\/wp-content\/uploads\/2019\/03\/karmelek.jpg","type":"image\/jpeg"}],"author":"Marcin Fabrykowski","twitter_card":"summary_large_image","twitter_creator":"@24gliwice","twitter_site":"@24gliwice","twitter_misc":{"Napisane przez":"Marcin Fabrykowski","Szacowany czas czytania":"4 minuty"},"schema":{"@context":"https:\/\/schema.org","@graph":[{"@type":"Article","@id":"https:\/\/www.24gliwice.pl\/wiadomosci\/czemu-cala-polska-ratuje-karmelka-przeczytaj\/#article","isPartOf":{"@id":"https:\/\/www.24gliwice.pl\/wiadomosci\/czemu-cala-polska-ratuje-karmelka-przeczytaj\/"},"author":{"name":"Marcin Fabrykowski","@id":"https:\/\/www.24gliwice.pl\/wiadomosci\/#\/schema\/person\/cb5857e4a4d048c15984c1edcc8ef0c0"},"headline":"Czemu ca\u0142a Polska ratuje Karmelka? Przeczytaj!","datePublished":"2019-03-11T22:15:58+00:00","mainEntityOfPage":{"@id":"https:\/\/www.24gliwice.pl\/wiadomosci\/czemu-cala-polska-ratuje-karmelka-przeczytaj\/"},"wordCount":776,"publisher":{"@id":"https:\/\/www.24gliwice.pl\/wiadomosci\/#organization"},"image":{"@id":"https:\/\/www.24gliwice.pl\/wiadomosci\/czemu-cala-polska-ratuje-karmelka-przeczytaj\/#primaryimage"},"thumbnailUrl":"https:\/\/www.24gliwice.pl\/wiadomosci\/wp-content\/uploads\/2019\/03\/karmelek.jpg","keywords":["PIES","pomoc"],"articleSection":["Najnowsze wiadomo\u015bci","Polecamy"],"inLanguage":"pl-PL"},{"@type":"WebPage","@id":"https:\/\/www.24gliwice.pl\/wiadomosci\/czemu-cala-polska-ratuje-karmelka-przeczytaj\/","url":"https:\/\/www.24gliwice.pl\/wiadomosci\/czemu-cala-polska-ratuje-karmelka-przeczytaj\/","name":"Czemu ca\u0142a Polska ratuje Karmelka? Przeczytaj! - 24GLIWICE - Portal Gliwice | codziennie nowe informacje","isPartOf":{"@id":"https:\/\/www.24gliwice.pl\/wiadomosci\/#website"},"primaryImageOfPage":{"@id":"https:\/\/www.24gliwice.pl\/wiadomosci\/czemu-cala-polska-ratuje-karmelka-przeczytaj\/#primaryimage"},"image":{"@id":"https:\/\/www.24gliwice.pl\/wiadomosci\/czemu-cala-polska-ratuje-karmelka-przeczytaj\/#primaryimage"},"thumbnailUrl":"https:\/\/www.24gliwice.pl\/wiadomosci\/wp-content\/uploads\/2019\/03\/karmelek.jpg","datePublished":"2019-03-11T22:15:58+00:00","breadcrumb":{"@id":"https:\/\/www.24gliwice.pl\/wiadomosci\/czemu-cala-polska-ratuje-karmelka-przeczytaj\/#breadcrumb"},"inLanguage":"pl-PL","potentialAction":[{"@type":"ReadAction","target":["https:\/\/www.24gliwice.pl\/wiadomosci\/czemu-cala-polska-ratuje-karmelka-przeczytaj\/"]}]},{"@type":"ImageObject","inLanguage":"pl-PL","@id":"https:\/\/www.24gliwice.pl\/wiadomosci\/czemu-cala-polska-ratuje-karmelka-przeczytaj\/#primaryimage","url":"https:\/\/www.24gliwice.pl\/wiadomosci\/wp-content\/uploads\/2019\/03\/karmelek.jpg","contentUrl":"https:\/\/www.24gliwice.pl\/wiadomosci\/wp-content\/uploads\/2019\/03\/karmelek.jpg","width":835,"height":732},{"@type":"BreadcrumbList","@id":"https:\/\/www.24gliwice.pl\/wiadomosci\/czemu-cala-polska-ratuje-karmelka-przeczytaj\/#breadcrumb","itemListElement":[{"@type":"ListItem","position":1,"name":"Strona g\u0142\u00f3wna","item":"https:\/\/www.24gliwice.pl\/wiadomosci\/"},{"@type":"ListItem","position":2,"name":"Czemu ca\u0142a Polska ratuje Karmelka? Przeczytaj!"}]},{"@type":"WebSite","@id":"https:\/\/www.24gliwice.pl\/wiadomosci\/#website","url":"https:\/\/www.24gliwice.pl\/wiadomosci\/","name":"24GLIWICE - Portal Gliwice | codziennie nowe wiadomo\u015bci","description":"Portal Miejski Gliwice","publisher":{"@id":"https:\/\/www.24gliwice.pl\/wiadomosci\/#organization"},"potentialAction":[{"@type":"SearchAction","target":{"@type":"EntryPoint","urlTemplate":"https:\/\/www.24gliwice.pl\/wiadomosci\/?s={search_term_string}"},"query-input":{"@type":"PropertyValueSpecification","valueRequired":true,"valueName":"search_term_string"}}],"inLanguage":"pl-PL"},{"@type":"Organization","@id":"https:\/\/www.24gliwice.pl\/wiadomosci\/#organization","name":"24gliwice","url":"https:\/\/www.24gliwice.pl\/wiadomosci\/","logo":{"@type":"ImageObject","inLanguage":"pl-PL","@id":"https:\/\/www.24gliwice.pl\/wiadomosci\/#\/schema\/logo\/image\/","url":"https:\/\/www.24gliwice.pl\/wiadomosci\/wp-content\/uploads\/2024\/10\/24gliwice-logo-696.jpg","contentUrl":"https:\/\/www.24gliwice.pl\/wiadomosci\/wp-content\/uploads\/2024\/10\/24gliwice-logo-696.jpg","width":696,"height":696,"caption":"24gliwice"},"image":{"@id":"https:\/\/www.24gliwice.pl\/wiadomosci\/#\/schema\/logo\/image\/"},"sameAs":["https:\/\/www.facebook.com\/24gliwice","https:\/\/x.com\/24gliwice","https:\/\/www.youtube.com\/@24gliwice"]},{"@type":"Person","@id":"https:\/\/www.24gliwice.pl\/wiadomosci\/#\/schema\/person\/cb5857e4a4d048c15984c1edcc8ef0c0","name":"Marcin Fabrykowski","image":{"@type":"ImageObject","inLanguage":"pl-PL","@id":"https:\/\/www.24gliwice.pl\/wiadomosci\/wp-content\/uploads\/2025\/11\/zdjecie-moje-marcin-300-96x96.jpg","url":"https:\/\/www.24gliwice.pl\/wiadomosci\/wp-content\/uploads\/2025\/11\/zdjecie-moje-marcin-300-96x96.jpg","contentUrl":"https:\/\/www.24gliwice.pl\/wiadomosci\/wp-content\/uploads\/2025\/11\/zdjecie-moje-marcin-300-96x96.jpg","caption":"Marcin Fabrykowski"},"sameAs":["http:\/\/24gliwice.pl","https:\/\/www.facebook.com\/marcin.fabrykowski"],"url":"https:\/\/www.24gliwice.pl\/wiadomosci\/author\/marcin-fabrykowski\/"}]}},"_links":{"self":[{"href":"https:\/\/www.24gliwice.pl\/wiadomosci\/wp-json\/wp\/v2\/posts\/131908","targetHints":{"allow":["GET"]}}],"collection":[{"href":"https:\/\/www.24gliwice.pl\/wiadomosci\/wp-json\/wp\/v2\/posts"}],"about":[{"href":"https:\/\/www.24gliwice.pl\/wiadomosci\/wp-json\/wp\/v2\/types\/post"}],"author":[{"embeddable":true,"href":"https:\/\/www.24gliwice.pl\/wiadomosci\/wp-json\/wp\/v2\/users\/4"}],"replies":[{"embeddable":true,"href":"https:\/\/www.24gliwice.pl\/wiadomosci\/wp-json\/wp\/v2\/comments?post=131908"}],"version-history":[{"count":0,"href":"https:\/\/www.24gliwice.pl\/wiadomosci\/wp-json\/wp\/v2\/posts\/131908\/revisions"}],"wp:featuredmedia":[{"embeddable":true,"href":"https:\/\/www.24gliwice.pl\/wiadomosci\/wp-json\/wp\/v2\/media\/131910"}],"wp:attachment":[{"href":"https:\/\/www.24gliwice.pl\/wiadomosci\/wp-json\/wp\/v2\/media?parent=131908"}],"wp:term":[{"taxonomy":"category","embeddable":true,"href":"https:\/\/www.24gliwice.pl\/wiadomosci\/wp-json\/wp\/v2\/categories?post=131908"},{"taxonomy":"post_tag","embeddable":true,"href":"https:\/\/www.24gliwice.pl\/wiadomosci\/wp-json\/wp\/v2\/tags?post=131908"}],"curies":[{"name":"wp","href":"https:\/\/api.w.org\/{rel}","templated":true}]}}