{"id":131939,"date":"2019-03-12T15:21:56","date_gmt":"2019-03-12T14:21:56","guid":{"rendered":"https:\/\/www.24gliwice.pl\/wiadomosci\/?p=131939"},"modified":"2019-03-12T15:21:56","modified_gmt":"2019-03-12T14:21:56","slug":"metropolia-zintegruje-system-rowerow-miejskich-bedzie-mozna-je-odstawic-w-dowolnym-miescie","status":"publish","type":"post","link":"https:\/\/www.24gliwice.pl\/wiadomosci\/metropolia-zintegruje-system-rowerow-miejskich-bedzie-mozna-je-odstawic-w-dowolnym-miescie\/","title":{"rendered":"Metropolia zintegruje system rower\u00f3w miejskich. B\u0119dzie mo\u017cna je odstawi\u0107 w dowolnym mie\u015bcie?"},"content":{"rendered":"<div class=\"gliwi-a6-nad-leadem-artykulow gliwi-entity-placement\" id=\"gliwi-2304106050\"><div class=\"gliwi-adlabel\"><span style=\"font-size: 9px\">REKLAMA<\/span><\/div><div id=\"gliwi-2335555520\" style=\"margin-bottom: 25px;margin-left: auto;margin-right: auto;text-align: center;\"><a data-no-instant=\"1\" href=\"https:\/\/dom100.eu\/\" rel=\"noopener\" class=\"a2t-link\" target=\"_blank\" aria-label=\"20260415 DOM100 D\"><img loading=\"lazy\" decoding=\"async\" src=\"https:\/\/www.24gliwice.pl\/wiadomosci\/wp-content\/uploads\/2026\/04\/20260415-DOM100-D.jpg\" alt=\"\"  srcset=\"https:\/\/www.24gliwice.pl\/wiadomosci\/wp-content\/uploads\/2026\/04\/20260415-DOM100-D.jpg 750w, https:\/\/www.24gliwice.pl\/wiadomosci\/wp-content\/uploads\/2026\/04\/20260415-DOM100-D-410x109.jpg 410w\" sizes=\"(max-width: 750px) 100vw, 750px\" class=\"no-lazyload\" width=\"750\" height=\"200\"  style=\"display: inline-block; max-width: 100%; height: auto;\" \/><\/a><\/div><\/div><h3>Wypo\u017cyczasz rower miejski w jednej gminie i mo\u017cesz go odda\u0107 w innej &#8211; do tej pory nie by\u0142o to zgodne z regulaminem, ale wkr\u00f3tce mo\u017ce si\u0119 to zmieni\u0107. <a href=\"https:\/\/www.24gliwice.pl\/wiadomosci\/gliwicki-rower-miejski-na-stacji-w-zabrzu-da-sie-ale-nie-wolno-warto-sie-dogadac-postuluje-grr\/\" rel=\"noopener noreferrer\" target=\"_blank\">Co\u015b, co jeszcze rok temu by\u0142o niemo\u017cliwe, teraz sta\u0142o si\u0119 prawdopodobne dzi\u0119ki Metropolii.<\/a> <\/h3>\n<p>Jeszcze nie wiadomo czy Gliwice przy\u0142\u0105cz\u0105 si\u0119 do systemu roweru metropolitalnego. Ka\u017cde miasto decyzj\u0119 podejmuje bowiem samodzielnie. Zapytanie w tej sprawie wys\u0142ali\u015bmy do rzecznika prezydenta Gliwic. <\/p>\n<p>We wtorek, 12 marca, G\u00f3rno\u015bl\u0105sko-Zag\u0142\u0119biowska Metropolia podpisa\u0142a umow\u0119 z firm\u0105 Nextbike, dzi\u0119ki kt\u00f3rej wypo\u017cyczalnie rower\u00f3w b\u0119d\u0105 mog\u0142y dzia\u0142a\u0107 \u201eponadlokalnie\u201d. Gminy, kt\u00f3re zechc\u0105 w ten spos\u00f3b rozszerzy\u0107 funkcjonalno\u015b\u0107 swoich system\u00f3w, nie ponios\u0105 w zwi\u0105zku z tym \u017cadnych dodatkowych koszt\u00f3w. Koszt relokacji rower\u00f3w pokryje bowiem G\u00f3rno\u015bl\u0105sko-Zag\u0142\u0119biowska Metropolia.<\/p><div class=\"gliwi-a3-w-tresci-artykulow gliwi-entity-placement\" id=\"gliwi-2990958330\"><div class=\"gliwi-adlabel\"><span style=\"font-size: 9px\">REKLAMA<\/span><\/div><div id=\"gliwi-3862707798\" style=\"margin-bottom: 30px;margin-left: auto;margin-right: auto;text-align: center;\"><a data-no-instant=\"1\" href=\"https:\/\/ogrodyandersa.pl\/\" rel=\"noopener\" class=\"a2t-link\" target=\"_blank\" aria-label=\"20260415 Ogrody Andersa KUP TERAZ D\"><img loading=\"lazy\" decoding=\"async\" src=\"https:\/\/www.24gliwice.pl\/wiadomosci\/wp-content\/uploads\/2026\/04\/20260415-Ogrody-Andersa-KUP-TERAZ-D.jpg\" alt=\"\"  srcset=\"https:\/\/www.24gliwice.pl\/wiadomosci\/wp-content\/uploads\/2026\/04\/20260415-Ogrody-Andersa-KUP-TERAZ-D.jpg 750w, https:\/\/www.24gliwice.pl\/wiadomosci\/wp-content\/uploads\/2026\/04\/20260415-Ogrody-Andersa-KUP-TERAZ-D-410x109.jpg 410w\" sizes=\"(max-width: 750px) 100vw, 750px\" class=\"no-lazyload\" width=\"750\" height=\"200\"  style=\"display: inline-block; max-width: 100%; height: auto;\" \/><\/a><\/div><\/div>\n<p>Katowice, Sosnowiec, Tychy, Gliwice, Zabrze, Chorz\u00f3w, Siemianowice \u015al\u0105skie \u2013 w tych miastach Metropolii od nadchodz\u0105cego sezonu maj\u0105 zosta\u0107 uruchomione miejskie wypo\u017cyczalnie rower\u00f3w. W ka\u017cdym z tych miast systemy dostarcza firma Nextbike, z kt\u00f3r\u0105 G\u00f3rno\u015bl\u0105sko-Zag\u0142\u0119biowska Metropolia zawar\u0142a umow\u0119, dzi\u0119ki kt\u00f3rej miasta otrzymaj\u0105 mo\u017cliwo\u015b\u0107 rozszerzenia funkcjonalno\u015bci swoich wypo\u017cyczalni.<\/p>\n<blockquote><p>Do tej pory regulaminy wypo\u017cyczalni rower\u00f3w miejskich nie pozwala\u0142y, aby pojazd wypo\u017cyczony ze stacji w jednym mie\u015bcie, mo\u017cna by\u0142o zwr\u00f3ci\u0107 na stacji w innym, na przyk\u0142ad s\u0105siednim mie\u015bcie<\/p><\/blockquote>\n<p>\u2013 t\u0142umaczy <strong>Karolina Mucha-Ku\u015b<\/strong>, dyrektor Departamentu Projekt\u00f3w i Inwestycji GZM.<\/p>\n<p>\u2013 Umowa, kt\u00f3r\u0105 zawarli\u015bmy z firm\u0105 Nextbike, pozwoli relokowa\u0107 pojazdy pomi\u0119dzy r\u00f3\u017cnymi miastami. Co wa\u017cne, gminy nie ponios\u0105 w zwi\u0105zku z tym dodatkowych wydatk\u00f3w, poniewa\u017c to Metropolia pokryje koszty przemieszczenia ka\u017cdego roweru mi\u0119dzy miastami \u2013 dodaje.<\/p>\n<p>Osoby korzystaj\u0105ce z wypo\u017cyczalni musz\u0105 natomiast pami\u0119ta\u0107, \u017ce mo\u017cliwo\u015b\u0107 relokacji b\u0119dzie dotyczy\u0107 wy\u0142\u0105cznie rower\u00f3w standardowych. To znaczy, \u017ce rowery typu tandem, dzieci\u0119cy, familijny albo cargo dalej b\u0119dzie mo\u017cna wypo\u017cycza\u0107 i oddawa\u0107 wy\u0142\u0105cznie w obr\u0119bie jednej gminy.<\/p>\n[perfectpullquote align=&#8221;full&#8221; bordertop=&#8221;false&#8221; cite=&#8221;&#8221; link=&#8221;&#8221; color=&#8221;&#8221; class=&#8221;&#8221; size=&#8221;&#8221;]Wynika to z faktu, \u017ce oferta dotycz\u0105ca typ\u00f3w rower\u00f3w w poszczeg\u00f3lnych wypo\u017cyczalniach nie jest jednolita.[\/perfectpullquote]\n<p>Metropolia, poprzez wsp\u00f3\u0142prac\u0119 z firm\u0105 Nextbike, umo\u017cliwia gminom wprowadzenie mo\u017cliwo\u015bci relokowania rower\u00f3w, ale to miasta zdecyduj\u0105 o rozszerzeniu swoich system\u00f3w o t\u0119 funkcjonalno\u015b\u0107. Chodzi o zmian\u0119 zapis\u00f3w w umowach i regulaminach poszczeg\u00f3lnych wypo\u017cyczalni w taki spos\u00f3b, aby relokowanie by\u0142o formalnie mo\u017cliwe.<\/p>\n<p>\u2013 Mamy nadziej\u0119, \u017ce miasta szybko i sprawnie dokonaj\u0105 tego typu zmian, aby zintegrowane systemy rower\u00f3w miejskich mog\u0142y zosta\u0107 uruchomione ju\u017c od 1 kwietnia \u2013 m\u00f3wi <strong>Marcin Dworak<\/strong>, metropolitalny oficer rowerowy.<\/p>\n<blockquote><p>Przy tej okazji niejako ujednolicony zostanie tak\u017ce czas trwania sezonu rowerowego, kt\u00f3ry w miastach Metropolii, gdzie zintegrowane zostan\u0105 wypo\u017cyczalnie rower\u00f3w miejskich, b\u0119dzie trwa\u0142 tak samo d\u0142ugo <\/p><\/blockquote>\n<p>\u2013 dodaje.<\/p>\n<p>Umo\u017cliwienie relokowania rower\u00f3w miejskich to kolejne dzia\u0142anie Metropolii zwi\u0105zane z rozwojem infrastruktury i popularyzacj\u0105 rower\u00f3w, jako r\u00f3wnorz\u0119dnego \u015brodka transportu.<\/p>\n<p>Przypomnijmy, \u017ce pod koniec ubieg\u0142ego roku Metropolia przedstawi\u0142a opracowanie dotycz\u0105ce ujednolicenia standard\u00f3w kszta\u0142towania infrastruktury rowerowej w gminach GZM. Licz\u0105ce 140 stron opracowanie precyzuje kwestie zwi\u0105zane z projektowaniem tras rowerowych, planowaniem ruchu rowerowego, czy wymaganiami technicznymi dla infrastruktury. Metropolia rekomenduje, aby dokument ten zosta\u0142 przyj\u0119ty przez gminy w formie zarz\u0105dze\u0144 w\u00f3jt\u00f3w, burmistrz\u00f3w i prezydent\u00f3w. Dzi\u0119ki temu jego zapisy b\u0119d\u0105 obowi\u0105zywa\u0107 na terenie danej gminy.<\/p>\n<p>Ponadto Metropolia jeszcze w tym roku planuje zakupi\u0107 i przekaza\u0107 230 rower\u00f3w elektrycznych, kt\u00f3re trafi\u0105 do urz\u0119dnik\u00f3w, policjant\u00f3w i stra\u017cnik\u00f3w miejskich na obszarze GZM.<\/p>\n<div class=\"gliwi-a5-na-koncu-artykulow gliwi-entity-placement\" id=\"gliwi-4155648540\"><div class=\"gliwi-adlabel\"><span style=\"font-size: 9px\">REKLAMA<\/span><\/div><div id=\"gliwi-3984493020\" style=\"margin-left: auto;margin-right: auto;text-align: center;\"><a data-no-instant=\"1\" href=\"https:\/\/prezeroarenagliwice.pl\/\" rel=\"noopener\" class=\"a2t-link\" target=\"_blank\" aria-label=\"20260309-PREZERO-WIOSNA-D\"><img loading=\"lazy\" decoding=\"async\" src=\"https:\/\/www.24gliwice.pl\/wiadomosci\/wp-content\/uploads\/2026\/03\/20260309-PREZERO-WIOSNA-D.webp\" alt=\"\"  srcset=\"https:\/\/www.24gliwice.pl\/wiadomosci\/wp-content\/uploads\/2026\/03\/20260309-PREZERO-WIOSNA-D.webp 750w, https:\/\/www.24gliwice.pl\/wiadomosci\/wp-content\/uploads\/2026\/03\/20260309-PREZERO-WIOSNA-D-410x109.webp 410w\" sizes=\"(max-width: 750px) 100vw, 750px\" class=\"no-lazyload\" width=\"750\" height=\"200\"  style=\"display: inline-block; max-width: 100%; height: auto;\" \/><\/a><\/div><\/div>","protected":false},"excerpt":{"rendered":"<p>Wypo\u017cyczasz rower miejski w jednej gminie i mo\u017cesz go odda\u0107 w innej &#8211; do tej pory nie by\u0142o to zgodne z regulaminem, ale wkr\u00f3tce mo\u017ce si\u0119 to zmieni\u0107. Co\u015b, co jeszcze rok temu by\u0142o niemo\u017cliwe, teraz sta\u0142o si\u0119 prawdopodobne dzi\u0119ki Metropolii. Jeszcze nie wiadomo czy Gliwice przy\u0142\u0105cz\u0105 si\u0119 do systemu roweru metropolitalnego. Ka\u017cde miasto decyzj\u0119 [&hellip;]<\/p>\n","protected":false},"author":15,"featured_media":96289,"comment_status":"open","ping_status":"closed","sticky":false,"template":"","format":"standard","meta":{"_monsterinsights_skip_tracking":false,"_monsterinsights_sitenote_active":false,"_monsterinsights_sitenote_note":"","_monsterinsights_sitenote_category":0,"footnotes":"","_links_to":"","_links_to_target":""},"categories":[3,1],"tags":[8797,7838,8546,8153,4506],"class_list":["post-131939","post","type-post","status-publish","format-standard","has-post-thumbnail","hentry","category-gliwice","category-wszystko","tag-grr","tag-metropolia","tag-nextbike","tag-rower-miejski","tag-system-rowerow-miejskich"],"yoast_head":"<!-- This site is optimized with the Yoast SEO plugin v27.5 - https:\/\/yoast.com\/product\/yoast-seo-wordpress\/ -->\n<title>Metropolia zintegruje system rower\u00f3w miejskich. B\u0119dzie mo\u017cna je odstawi\u0107 w dowolnym mie\u015bcie? - 24GLIWICE - Portal Gliwice | codziennie nowe informacje<\/title>\n<meta name=\"robots\" content=\"index, follow, max-snippet:-1, max-image-preview:large, max-video-preview:-1\" \/>\n<link rel=\"canonical\" href=\"https:\/\/www.24gliwice.pl\/wiadomosci\/metropolia-zintegruje-system-rowerow-miejskich-bedzie-mozna-je-odstawic-w-dowolnym-miescie\/\" \/>\n<meta property=\"og:locale\" content=\"pl_PL\" \/>\n<meta property=\"og:type\" content=\"article\" \/>\n<meta property=\"og:title\" content=\"Metropolia zintegruje system rower\u00f3w miejskich. B\u0119dzie mo\u017cna je odstawi\u0107 w dowolnym mie\u015bcie? - 24GLIWICE - Portal Gliwice | codziennie nowe informacje\" \/>\n<meta property=\"og:description\" content=\"Wypo\u017cyczasz rower miejski w jednej gminie i mo\u017cesz go odda\u0107 w innej &#8211; do tej pory nie by\u0142o to zgodne z regulaminem, ale wkr\u00f3tce mo\u017ce si\u0119 to zmieni\u0107. Co\u015b, co jeszcze rok temu by\u0142o niemo\u017cliwe, teraz sta\u0142o si\u0119 prawdopodobne dzi\u0119ki Metropolii. Jeszcze nie wiadomo czy Gliwice przy\u0142\u0105cz\u0105 si\u0119 do systemu roweru metropolitalnego. Ka\u017cde miasto decyzj\u0119 [&hellip;]\" \/>\n<meta property=\"og:url\" content=\"https:\/\/www.24gliwice.pl\/wiadomosci\/metropolia-zintegruje-system-rowerow-miejskich-bedzie-mozna-je-odstawic-w-dowolnym-miescie\/\" \/>\n<meta property=\"og:site_name\" content=\"24GLIWICE - Portal Gliwice | codziennie nowe informacje\" \/>\n<meta property=\"article:publisher\" content=\"https:\/\/www.facebook.com\/24gliwice\" \/>\n<meta property=\"article:published_time\" content=\"2019-03-12T14:21:56+00:00\" \/>\n<meta property=\"og:image\" content=\"https:\/\/www.24gliwice.pl\/wiadomosci\/wp-content\/uploads\/2017\/03\/1-rowery-003.jpg\" \/>\n\t<meta property=\"og:image:width\" content=\"1140\" \/>\n\t<meta property=\"og:image:height\" content=\"642\" \/>\n\t<meta property=\"og:image:type\" content=\"image\/jpeg\" \/>\n<meta name=\"author\" content=\"\u017baneta Mrozek-Siewierska\" \/>\n<meta name=\"twitter:card\" content=\"summary_large_image\" \/>\n<meta name=\"twitter:creator\" content=\"@24gliwice\" \/>\n<meta name=\"twitter:site\" content=\"@24gliwice\" \/>\n<meta name=\"twitter:label1\" content=\"Napisane przez\" \/>\n\t<meta name=\"twitter:data1\" content=\"\u017baneta Mrozek-Siewierska\" \/>\n\t<meta name=\"twitter:label2\" content=\"Szacowany czas czytania\" \/>\n\t<meta name=\"twitter:data2\" content=\"3 minuty\" \/>\n<script type=\"application\/ld+json\" class=\"yoast-schema-graph\">{\"@context\":\"https:\\\/\\\/schema.org\",\"@graph\":[{\"@type\":\"Article\",\"@id\":\"https:\\\/\\\/www.24gliwice.pl\\\/wiadomosci\\\/metropolia-zintegruje-system-rowerow-miejskich-bedzie-mozna-je-odstawic-w-dowolnym-miescie\\\/#article\",\"isPartOf\":{\"@id\":\"https:\\\/\\\/www.24gliwice.pl\\\/wiadomosci\\\/metropolia-zintegruje-system-rowerow-miejskich-bedzie-mozna-je-odstawic-w-dowolnym-miescie\\\/\"},\"author\":{\"name\":\"\u017baneta Mrozek-Siewierska\",\"@id\":\"https:\\\/\\\/www.24gliwice.pl\\\/wiadomosci\\\/#\\\/schema\\\/person\\\/e42c650edd7f2fa332be3811fb166b6e\"},\"headline\":\"Metropolia zintegruje system rower\u00f3w miejskich. B\u0119dzie mo\u017cna je odstawi\u0107 w dowolnym mie\u015bcie?\",\"datePublished\":\"2019-03-12T14:21:56+00:00\",\"mainEntityOfPage\":{\"@id\":\"https:\\\/\\\/www.24gliwice.pl\\\/wiadomosci\\\/metropolia-zintegruje-system-rowerow-miejskich-bedzie-mozna-je-odstawic-w-dowolnym-miescie\\\/\"},\"wordCount\":648,\"commentCount\":0,\"publisher\":{\"@id\":\"https:\\\/\\\/www.24gliwice.pl\\\/wiadomosci\\\/#organization\"},\"image\":{\"@id\":\"https:\\\/\\\/www.24gliwice.pl\\\/wiadomosci\\\/metropolia-zintegruje-system-rowerow-miejskich-bedzie-mozna-je-odstawic-w-dowolnym-miescie\\\/#primaryimage\"},\"thumbnailUrl\":\"https:\\\/\\\/www.24gliwice.pl\\\/wiadomosci\\\/wp-content\\\/uploads\\\/2017\\\/03\\\/1-rowery-003.jpg\",\"keywords\":[\"GRR\",\"METROPOLIA\",\"NEXTBIKE\",\"ROWER MIEJSKI\",\"system rower\u00f3w miejskich\"],\"articleSection\":[\"Gliwice\",\"Najnowsze wiadomo\u015bci\"],\"inLanguage\":\"pl-PL\",\"potentialAction\":[{\"@type\":\"CommentAction\",\"name\":\"Comment\",\"target\":[\"https:\\\/\\\/www.24gliwice.pl\\\/wiadomosci\\\/metropolia-zintegruje-system-rowerow-miejskich-bedzie-mozna-je-odstawic-w-dowolnym-miescie\\\/#respond\"]}]},{\"@type\":\"WebPage\",\"@id\":\"https:\\\/\\\/www.24gliwice.pl\\\/wiadomosci\\\/metropolia-zintegruje-system-rowerow-miejskich-bedzie-mozna-je-odstawic-w-dowolnym-miescie\\\/\",\"url\":\"https:\\\/\\\/www.24gliwice.pl\\\/wiadomosci\\\/metropolia-zintegruje-system-rowerow-miejskich-bedzie-mozna-je-odstawic-w-dowolnym-miescie\\\/\",\"name\":\"Metropolia zintegruje system rower\u00f3w miejskich. B\u0119dzie mo\u017cna je odstawi\u0107 w dowolnym mie\u015bcie? - 24GLIWICE - Portal Gliwice | codziennie nowe informacje\",\"isPartOf\":{\"@id\":\"https:\\\/\\\/www.24gliwice.pl\\\/wiadomosci\\\/#website\"},\"primaryImageOfPage\":{\"@id\":\"https:\\\/\\\/www.24gliwice.pl\\\/wiadomosci\\\/metropolia-zintegruje-system-rowerow-miejskich-bedzie-mozna-je-odstawic-w-dowolnym-miescie\\\/#primaryimage\"},\"image\":{\"@id\":\"https:\\\/\\\/www.24gliwice.pl\\\/wiadomosci\\\/metropolia-zintegruje-system-rowerow-miejskich-bedzie-mozna-je-odstawic-w-dowolnym-miescie\\\/#primaryimage\"},\"thumbnailUrl\":\"https:\\\/\\\/www.24gliwice.pl\\\/wiadomosci\\\/wp-content\\\/uploads\\\/2017\\\/03\\\/1-rowery-003.jpg\",\"datePublished\":\"2019-03-12T14:21:56+00:00\",\"breadcrumb\":{\"@id\":\"https:\\\/\\\/www.24gliwice.pl\\\/wiadomosci\\\/metropolia-zintegruje-system-rowerow-miejskich-bedzie-mozna-je-odstawic-w-dowolnym-miescie\\\/#breadcrumb\"},\"inLanguage\":\"pl-PL\",\"potentialAction\":[{\"@type\":\"ReadAction\",\"target\":[\"https:\\\/\\\/www.24gliwice.pl\\\/wiadomosci\\\/metropolia-zintegruje-system-rowerow-miejskich-bedzie-mozna-je-odstawic-w-dowolnym-miescie\\\/\"]}]},{\"@type\":\"ImageObject\",\"inLanguage\":\"pl-PL\",\"@id\":\"https:\\\/\\\/www.24gliwice.pl\\\/wiadomosci\\\/metropolia-zintegruje-system-rowerow-miejskich-bedzie-mozna-je-odstawic-w-dowolnym-miescie\\\/#primaryimage\",\"url\":\"https:\\\/\\\/www.24gliwice.pl\\\/wiadomosci\\\/wp-content\\\/uploads\\\/2017\\\/03\\\/1-rowery-003.jpg\",\"contentUrl\":\"https:\\\/\\\/www.24gliwice.pl\\\/wiadomosci\\\/wp-content\\\/uploads\\\/2017\\\/03\\\/1-rowery-003.jpg\",\"width\":1140,\"height\":642},{\"@type\":\"BreadcrumbList\",\"@id\":\"https:\\\/\\\/www.24gliwice.pl\\\/wiadomosci\\\/metropolia-zintegruje-system-rowerow-miejskich-bedzie-mozna-je-odstawic-w-dowolnym-miescie\\\/#breadcrumb\",\"itemListElement\":[{\"@type\":\"ListItem\",\"position\":1,\"name\":\"Strona g\u0142\u00f3wna\",\"item\":\"https:\\\/\\\/www.24gliwice.pl\\\/wiadomosci\\\/\"},{\"@type\":\"ListItem\",\"position\":2,\"name\":\"Metropolia zintegruje system rower\u00f3w miejskich. B\u0119dzie mo\u017cna je odstawi\u0107 w dowolnym mie\u015bcie?\"}]},{\"@type\":\"WebSite\",\"@id\":\"https:\\\/\\\/www.24gliwice.pl\\\/wiadomosci\\\/#website\",\"url\":\"https:\\\/\\\/www.24gliwice.pl\\\/wiadomosci\\\/\",\"name\":\"24GLIWICE - Portal Gliwice | codziennie nowe wiadomo\u015bci\",\"description\":\"Portal Miejski Gliwice\",\"publisher\":{\"@id\":\"https:\\\/\\\/www.24gliwice.pl\\\/wiadomosci\\\/#organization\"},\"potentialAction\":[{\"@type\":\"SearchAction\",\"target\":{\"@type\":\"EntryPoint\",\"urlTemplate\":\"https:\\\/\\\/www.24gliwice.pl\\\/wiadomosci\\\/?s={search_term_string}\"},\"query-input\":{\"@type\":\"PropertyValueSpecification\",\"valueRequired\":true,\"valueName\":\"search_term_string\"}}],\"inLanguage\":\"pl-PL\"},{\"@type\":\"Organization\",\"@id\":\"https:\\\/\\\/www.24gliwice.pl\\\/wiadomosci\\\/#organization\",\"name\":\"24gliwice\",\"url\":\"https:\\\/\\\/www.24gliwice.pl\\\/wiadomosci\\\/\",\"logo\":{\"@type\":\"ImageObject\",\"inLanguage\":\"pl-PL\",\"@id\":\"https:\\\/\\\/www.24gliwice.pl\\\/wiadomosci\\\/#\\\/schema\\\/logo\\\/image\\\/\",\"url\":\"https:\\\/\\\/www.24gliwice.pl\\\/wiadomosci\\\/wp-content\\\/uploads\\\/2024\\\/10\\\/24gliwice-logo-696.jpg\",\"contentUrl\":\"https:\\\/\\\/www.24gliwice.pl\\\/wiadomosci\\\/wp-content\\\/uploads\\\/2024\\\/10\\\/24gliwice-logo-696.jpg\",\"width\":696,\"height\":696,\"caption\":\"24gliwice\"},\"image\":{\"@id\":\"https:\\\/\\\/www.24gliwice.pl\\\/wiadomosci\\\/#\\\/schema\\\/logo\\\/image\\\/\"},\"sameAs\":[\"https:\\\/\\\/www.facebook.com\\\/24gliwice\",\"https:\\\/\\\/x.com\\\/24gliwice\",\"https:\\\/\\\/www.youtube.com\\\/@24gliwice\"]},{\"@type\":\"Person\",\"@id\":\"https:\\\/\\\/www.24gliwice.pl\\\/wiadomosci\\\/#\\\/schema\\\/person\\\/e42c650edd7f2fa332be3811fb166b6e\",\"name\":\"\u017baneta Mrozek-Siewierska\",\"image\":{\"@type\":\"ImageObject\",\"inLanguage\":\"pl-PL\",\"@id\":\"https:\\\/\\\/secure.gravatar.com\\\/avatar\\\/1881429e9c64597c77ad7aef2d0a19be69a3253e57534d16aa15bf3a4d34a0a3?s=96&d=mm&r=g\",\"url\":\"https:\\\/\\\/secure.gravatar.com\\\/avatar\\\/1881429e9c64597c77ad7aef2d0a19be69a3253e57534d16aa15bf3a4d34a0a3?s=96&d=mm&r=g\",\"contentUrl\":\"https:\\\/\\\/secure.gravatar.com\\\/avatar\\\/1881429e9c64597c77ad7aef2d0a19be69a3253e57534d16aa15bf3a4d34a0a3?s=96&d=mm&r=g\",\"caption\":\"\u017baneta Mrozek-Siewierska\"},\"url\":\"https:\\\/\\\/www.24gliwice.pl\\\/wiadomosci\\\/author\\\/zms\\\/\"}]}<\/script>\n<!-- \/ Yoast SEO plugin. -->","yoast_head_json":{"title":"Metropolia zintegruje system rower\u00f3w miejskich. B\u0119dzie mo\u017cna je odstawi\u0107 w dowolnym mie\u015bcie? - 24GLIWICE - Portal Gliwice | codziennie nowe informacje","robots":{"index":"index","follow":"follow","max-snippet":"max-snippet:-1","max-image-preview":"max-image-preview:large","max-video-preview":"max-video-preview:-1"},"canonical":"https:\/\/www.24gliwice.pl\/wiadomosci\/metropolia-zintegruje-system-rowerow-miejskich-bedzie-mozna-je-odstawic-w-dowolnym-miescie\/","og_locale":"pl_PL","og_type":"article","og_title":"Metropolia zintegruje system rower\u00f3w miejskich. B\u0119dzie mo\u017cna je odstawi\u0107 w dowolnym mie\u015bcie? - 24GLIWICE - Portal Gliwice | codziennie nowe informacje","og_description":"Wypo\u017cyczasz rower miejski w jednej gminie i mo\u017cesz go odda\u0107 w innej &#8211; do tej pory nie by\u0142o to zgodne z regulaminem, ale wkr\u00f3tce mo\u017ce si\u0119 to zmieni\u0107. Co\u015b, co jeszcze rok temu by\u0142o niemo\u017cliwe, teraz sta\u0142o si\u0119 prawdopodobne dzi\u0119ki Metropolii. Jeszcze nie wiadomo czy Gliwice przy\u0142\u0105cz\u0105 si\u0119 do systemu roweru metropolitalnego. Ka\u017cde miasto decyzj\u0119 [&hellip;]","og_url":"https:\/\/www.24gliwice.pl\/wiadomosci\/metropolia-zintegruje-system-rowerow-miejskich-bedzie-mozna-je-odstawic-w-dowolnym-miescie\/","og_site_name":"24GLIWICE - Portal Gliwice | codziennie nowe informacje","article_publisher":"https:\/\/www.facebook.com\/24gliwice","article_published_time":"2019-03-12T14:21:56+00:00","og_image":[{"width":1140,"height":642,"url":"https:\/\/www.24gliwice.pl\/wiadomosci\/wp-content\/uploads\/2017\/03\/1-rowery-003.jpg","type":"image\/jpeg"}],"author":"\u017baneta Mrozek-Siewierska","twitter_card":"summary_large_image","twitter_creator":"@24gliwice","twitter_site":"@24gliwice","twitter_misc":{"Napisane przez":"\u017baneta Mrozek-Siewierska","Szacowany czas czytania":"3 minuty"},"schema":{"@context":"https:\/\/schema.org","@graph":[{"@type":"Article","@id":"https:\/\/www.24gliwice.pl\/wiadomosci\/metropolia-zintegruje-system-rowerow-miejskich-bedzie-mozna-je-odstawic-w-dowolnym-miescie\/#article","isPartOf":{"@id":"https:\/\/www.24gliwice.pl\/wiadomosci\/metropolia-zintegruje-system-rowerow-miejskich-bedzie-mozna-je-odstawic-w-dowolnym-miescie\/"},"author":{"name":"\u017baneta Mrozek-Siewierska","@id":"https:\/\/www.24gliwice.pl\/wiadomosci\/#\/schema\/person\/e42c650edd7f2fa332be3811fb166b6e"},"headline":"Metropolia zintegruje system rower\u00f3w miejskich. B\u0119dzie mo\u017cna je odstawi\u0107 w dowolnym mie\u015bcie?","datePublished":"2019-03-12T14:21:56+00:00","mainEntityOfPage":{"@id":"https:\/\/www.24gliwice.pl\/wiadomosci\/metropolia-zintegruje-system-rowerow-miejskich-bedzie-mozna-je-odstawic-w-dowolnym-miescie\/"},"wordCount":648,"commentCount":0,"publisher":{"@id":"https:\/\/www.24gliwice.pl\/wiadomosci\/#organization"},"image":{"@id":"https:\/\/www.24gliwice.pl\/wiadomosci\/metropolia-zintegruje-system-rowerow-miejskich-bedzie-mozna-je-odstawic-w-dowolnym-miescie\/#primaryimage"},"thumbnailUrl":"https:\/\/www.24gliwice.pl\/wiadomosci\/wp-content\/uploads\/2017\/03\/1-rowery-003.jpg","keywords":["GRR","METROPOLIA","NEXTBIKE","ROWER MIEJSKI","system rower\u00f3w miejskich"],"articleSection":["Gliwice","Najnowsze wiadomo\u015bci"],"inLanguage":"pl-PL","potentialAction":[{"@type":"CommentAction","name":"Comment","target":["https:\/\/www.24gliwice.pl\/wiadomosci\/metropolia-zintegruje-system-rowerow-miejskich-bedzie-mozna-je-odstawic-w-dowolnym-miescie\/#respond"]}]},{"@type":"WebPage","@id":"https:\/\/www.24gliwice.pl\/wiadomosci\/metropolia-zintegruje-system-rowerow-miejskich-bedzie-mozna-je-odstawic-w-dowolnym-miescie\/","url":"https:\/\/www.24gliwice.pl\/wiadomosci\/metropolia-zintegruje-system-rowerow-miejskich-bedzie-mozna-je-odstawic-w-dowolnym-miescie\/","name":"Metropolia zintegruje system rower\u00f3w miejskich. B\u0119dzie mo\u017cna je odstawi\u0107 w dowolnym mie\u015bcie? - 24GLIWICE - Portal Gliwice | codziennie nowe informacje","isPartOf":{"@id":"https:\/\/www.24gliwice.pl\/wiadomosci\/#website"},"primaryImageOfPage":{"@id":"https:\/\/www.24gliwice.pl\/wiadomosci\/metropolia-zintegruje-system-rowerow-miejskich-bedzie-mozna-je-odstawic-w-dowolnym-miescie\/#primaryimage"},"image":{"@id":"https:\/\/www.24gliwice.pl\/wiadomosci\/metropolia-zintegruje-system-rowerow-miejskich-bedzie-mozna-je-odstawic-w-dowolnym-miescie\/#primaryimage"},"thumbnailUrl":"https:\/\/www.24gliwice.pl\/wiadomosci\/wp-content\/uploads\/2017\/03\/1-rowery-003.jpg","datePublished":"2019-03-12T14:21:56+00:00","breadcrumb":{"@id":"https:\/\/www.24gliwice.pl\/wiadomosci\/metropolia-zintegruje-system-rowerow-miejskich-bedzie-mozna-je-odstawic-w-dowolnym-miescie\/#breadcrumb"},"inLanguage":"pl-PL","potentialAction":[{"@type":"ReadAction","target":["https:\/\/www.24gliwice.pl\/wiadomosci\/metropolia-zintegruje-system-rowerow-miejskich-bedzie-mozna-je-odstawic-w-dowolnym-miescie\/"]}]},{"@type":"ImageObject","inLanguage":"pl-PL","@id":"https:\/\/www.24gliwice.pl\/wiadomosci\/metropolia-zintegruje-system-rowerow-miejskich-bedzie-mozna-je-odstawic-w-dowolnym-miescie\/#primaryimage","url":"https:\/\/www.24gliwice.pl\/wiadomosci\/wp-content\/uploads\/2017\/03\/1-rowery-003.jpg","contentUrl":"https:\/\/www.24gliwice.pl\/wiadomosci\/wp-content\/uploads\/2017\/03\/1-rowery-003.jpg","width":1140,"height":642},{"@type":"BreadcrumbList","@id":"https:\/\/www.24gliwice.pl\/wiadomosci\/metropolia-zintegruje-system-rowerow-miejskich-bedzie-mozna-je-odstawic-w-dowolnym-miescie\/#breadcrumb","itemListElement":[{"@type":"ListItem","position":1,"name":"Strona g\u0142\u00f3wna","item":"https:\/\/www.24gliwice.pl\/wiadomosci\/"},{"@type":"ListItem","position":2,"name":"Metropolia zintegruje system rower\u00f3w miejskich. B\u0119dzie mo\u017cna je odstawi\u0107 w dowolnym mie\u015bcie?"}]},{"@type":"WebSite","@id":"https:\/\/www.24gliwice.pl\/wiadomosci\/#website","url":"https:\/\/www.24gliwice.pl\/wiadomosci\/","name":"24GLIWICE - Portal Gliwice | codziennie nowe wiadomo\u015bci","description":"Portal Miejski Gliwice","publisher":{"@id":"https:\/\/www.24gliwice.pl\/wiadomosci\/#organization"},"potentialAction":[{"@type":"SearchAction","target":{"@type":"EntryPoint","urlTemplate":"https:\/\/www.24gliwice.pl\/wiadomosci\/?s={search_term_string}"},"query-input":{"@type":"PropertyValueSpecification","valueRequired":true,"valueName":"search_term_string"}}],"inLanguage":"pl-PL"},{"@type":"Organization","@id":"https:\/\/www.24gliwice.pl\/wiadomosci\/#organization","name":"24gliwice","url":"https:\/\/www.24gliwice.pl\/wiadomosci\/","logo":{"@type":"ImageObject","inLanguage":"pl-PL","@id":"https:\/\/www.24gliwice.pl\/wiadomosci\/#\/schema\/logo\/image\/","url":"https:\/\/www.24gliwice.pl\/wiadomosci\/wp-content\/uploads\/2024\/10\/24gliwice-logo-696.jpg","contentUrl":"https:\/\/www.24gliwice.pl\/wiadomosci\/wp-content\/uploads\/2024\/10\/24gliwice-logo-696.jpg","width":696,"height":696,"caption":"24gliwice"},"image":{"@id":"https:\/\/www.24gliwice.pl\/wiadomosci\/#\/schema\/logo\/image\/"},"sameAs":["https:\/\/www.facebook.com\/24gliwice","https:\/\/x.com\/24gliwice","https:\/\/www.youtube.com\/@24gliwice"]},{"@type":"Person","@id":"https:\/\/www.24gliwice.pl\/wiadomosci\/#\/schema\/person\/e42c650edd7f2fa332be3811fb166b6e","name":"\u017baneta Mrozek-Siewierska","image":{"@type":"ImageObject","inLanguage":"pl-PL","@id":"https:\/\/secure.gravatar.com\/avatar\/1881429e9c64597c77ad7aef2d0a19be69a3253e57534d16aa15bf3a4d34a0a3?s=96&d=mm&r=g","url":"https:\/\/secure.gravatar.com\/avatar\/1881429e9c64597c77ad7aef2d0a19be69a3253e57534d16aa15bf3a4d34a0a3?s=96&d=mm&r=g","contentUrl":"https:\/\/secure.gravatar.com\/avatar\/1881429e9c64597c77ad7aef2d0a19be69a3253e57534d16aa15bf3a4d34a0a3?s=96&d=mm&r=g","caption":"\u017baneta Mrozek-Siewierska"},"url":"https:\/\/www.24gliwice.pl\/wiadomosci\/author\/zms\/"}]}},"_links":{"self":[{"href":"https:\/\/www.24gliwice.pl\/wiadomosci\/wp-json\/wp\/v2\/posts\/131939","targetHints":{"allow":["GET"]}}],"collection":[{"href":"https:\/\/www.24gliwice.pl\/wiadomosci\/wp-json\/wp\/v2\/posts"}],"about":[{"href":"https:\/\/www.24gliwice.pl\/wiadomosci\/wp-json\/wp\/v2\/types\/post"}],"author":[{"embeddable":true,"href":"https:\/\/www.24gliwice.pl\/wiadomosci\/wp-json\/wp\/v2\/users\/15"}],"replies":[{"embeddable":true,"href":"https:\/\/www.24gliwice.pl\/wiadomosci\/wp-json\/wp\/v2\/comments?post=131939"}],"version-history":[{"count":0,"href":"https:\/\/www.24gliwice.pl\/wiadomosci\/wp-json\/wp\/v2\/posts\/131939\/revisions"}],"wp:featuredmedia":[{"embeddable":true,"href":"https:\/\/www.24gliwice.pl\/wiadomosci\/wp-json\/wp\/v2\/media\/96289"}],"wp:attachment":[{"href":"https:\/\/www.24gliwice.pl\/wiadomosci\/wp-json\/wp\/v2\/media?parent=131939"}],"wp:term":[{"taxonomy":"category","embeddable":true,"href":"https:\/\/www.24gliwice.pl\/wiadomosci\/wp-json\/wp\/v2\/categories?post=131939"},{"taxonomy":"post_tag","embeddable":true,"href":"https:\/\/www.24gliwice.pl\/wiadomosci\/wp-json\/wp\/v2\/tags?post=131939"}],"curies":[{"name":"wp","href":"https:\/\/api.w.org\/{rel}","templated":true}]}}