{"id":132084,"date":"2019-03-15T01:21:45","date_gmt":"2019-03-15T00:21:45","guid":{"rendered":"https:\/\/www.24gliwice.pl\/wiadomosci\/?p=132084"},"modified":"2019-03-15T01:21:45","modified_gmt":"2019-03-15T00:21:45","slug":"nowy-hotel-przy-ul-dolnych-walow-efektowne-wizualizacje-pozostana-na-papierze","status":"publish","type":"post","link":"https:\/\/www.24gliwice.pl\/wiadomosci\/nowy-hotel-przy-ul-dolnych-walow-efektowne-wizualizacje-pozostana-na-papierze\/","title":{"rendered":"Nowy hotel przy ul. Dolnych Wa\u0142\u00f3w? Efektowne wizualizacje pozostan\u0105 na papierze"},"content":{"rendered":"<div class=\"gliwi-a6-nad-leadem-artykulow gliwi-entity-placement\" id=\"gliwi-389482320\"><div class=\"gliwi-adlabel\"><span style=\"font-size: 9px\">REKLAMA<\/span><\/div><div id=\"gliwi-934623414\" style=\"margin-bottom: 25px;margin-left: auto;margin-right: auto;text-align: center;\"><a data-no-instant=\"1\" href=\"https:\/\/dom100.eu\/\" rel=\"noopener\" class=\"a2t-link\" target=\"_blank\" aria-label=\"20260415 DOM100 D\"><img loading=\"lazy\" decoding=\"async\" src=\"https:\/\/www.24gliwice.pl\/wiadomosci\/wp-content\/uploads\/2026\/04\/20260415-DOM100-D.jpg\" alt=\"\"  srcset=\"https:\/\/www.24gliwice.pl\/wiadomosci\/wp-content\/uploads\/2026\/04\/20260415-DOM100-D.jpg 750w, https:\/\/www.24gliwice.pl\/wiadomosci\/wp-content\/uploads\/2026\/04\/20260415-DOM100-D-410x109.jpg 410w\" sizes=\"(max-width: 750px) 100vw, 750px\" class=\"no-lazyload\" width=\"750\" height=\"200\"  style=\"display: inline-block; max-width: 100%; height: auto;\" \/><\/a><\/div><\/div><h3>W ostatnich dniach w sieci pojawi\u0142y si\u0119 wizualizacje prezentuj\u0105ce projekt nowego hotelu przy ul. Dolnych Wa\u0142\u00f3w. Nadzieje na rozs\u0105dne zagospodarowanie przestrzeni po dawnej synagodze trzeba jednak ponownie od\u0142o\u017cy\u0107 na inny czas.<\/h3>\n<p> W\u0142a\u015bciciel terenu zrezygnowa\u0142 z inwestycji, a nieruchomo\u015b\u0107 trafi na sprzeda\u017c. <\/p>\n<p>Wizualizacje nowego hotelu zosta\u0142y przygotowane przez gliwick\u0105 pracowni\u0119 PIODEC na zlecenie w\u0142a\u015bciciela terenu, firmy Badimex z D\u0105browy G\u00f3rniczej. <\/p><div class=\"gliwi-a3-w-tresci-artykulow gliwi-entity-placement\" id=\"gliwi-1773346427\"><div class=\"gliwi-adlabel\"><span style=\"font-size: 9px\">REKLAMA<\/span><\/div><div id=\"gliwi-3197588798\" style=\"margin-bottom: 30px;margin-left: auto;margin-right: auto;text-align: center;\"><a data-no-instant=\"1\" href=\"https:\/\/ogrodyandersa.pl\/\" rel=\"noopener\" class=\"a2t-link\" target=\"_blank\" aria-label=\"20260415 Ogrody Andersa KUP TERAZ D\"><img loading=\"lazy\" decoding=\"async\" src=\"https:\/\/www.24gliwice.pl\/wiadomosci\/wp-content\/uploads\/2026\/04\/20260415-Ogrody-Andersa-KUP-TERAZ-D.jpg\" alt=\"\"  srcset=\"https:\/\/www.24gliwice.pl\/wiadomosci\/wp-content\/uploads\/2026\/04\/20260415-Ogrody-Andersa-KUP-TERAZ-D.jpg 750w, https:\/\/www.24gliwice.pl\/wiadomosci\/wp-content\/uploads\/2026\/04\/20260415-Ogrody-Andersa-KUP-TERAZ-D-410x109.jpg 410w\" sizes=\"(max-width: 750px) 100vw, 750px\" class=\"no-lazyload\" width=\"750\" height=\"200\"  style=\"display: inline-block; max-width: 100%; height: auto;\" \/><\/a><\/div><\/div>\n<blockquote><p>&#8211; Zrezygnowali\u015bmy z realizacji tego projektu i postanowili\u015bmy sprzeda\u0107 dzia\u0142k\u0119. Decyzja zosta\u0142a podj\u0119ta niedawno, dlatego na razie ci\u0119\u017cko m\u00f3wi\u0107 o potencjalnym zainteresowaniu i ewentualnych kontrahentach<\/p><\/blockquote>\n<p> &#8211; m\u00f3wi\u0105 nam przedstawiciele d\u0105browskiej firmy.  <\/p>\n<p>Atrakcyjna dzia\u0142ka w sercu miasta zostanie wystawiona na sprzeda\u017c za kwot\u0119 2 mln z\u0142otych. W ten spos\u00f3b zako\u0144czy si\u0119 kolejny rozdzia\u0142 w trudnej i do tej pory nieudanej historii zagospodarowania wyrwy w zabudowie starego miasta. <\/p>\n<p>Jeszcze na pocz\u0105tku 2018 roku wydawa\u0142o si\u0119, \u017ce na dzia\u0142ce powstanie betonowy parking na 60 miejsc postojowych. Na teren przy ul. Dolnych Wa\u0142\u00f3w zwieziono ju\u017c kostk\u0119 brukow\u0105, kt\u00f3ra jednak le\u017cy tam do dzi\u015b. Weto postawi\u0142 wojew\u00f3dzki konserwator zabytk\u00f3w (&#8220;ze wzgl\u0119du na archeologiczn\u0105 i historyczn\u0105 warto\u015b\u0107 miejsca oraz jego miastotw\u00f3rcz\u0105 atrakcyjno\u015b\u0107&#8221;). Badimex pr\u00f3bowa\u0142 si\u0119 odwo\u0142ywa\u0107, ale na pocz\u0105tku marca tego roku Generalny Konserwator Zabytk\u00f3w podtrzyma\u0142 decyzj\u0119 \u015aWKZ. <\/p>\n<p><img loading=\"lazy\" decoding=\"async\" src=\"https:\/\/www.24gliwice.pl\/wiadomosci\/wp-content\/uploads\/2019\/03\/hotel2.jpg\" alt=\"\" width=\"1200\" height=\"675\" class=\"aligncenter size-full wp-image-132100\" srcset=\"https:\/\/www.24gliwice.pl\/wiadomosci\/wp-content\/uploads\/2019\/03\/hotel2.jpg 1200w, https:\/\/www.24gliwice.pl\/wiadomosci\/wp-content\/uploads\/2019\/03\/hotel2-410x232.jpg 410w, https:\/\/www.24gliwice.pl\/wiadomosci\/wp-content\/uploads\/2019\/03\/hotel2-768x432.jpg 768w, https:\/\/www.24gliwice.pl\/wiadomosci\/wp-content\/uploads\/2019\/03\/hotel2-810x456.jpg 810w, https:\/\/www.24gliwice.pl\/wiadomosci\/wp-content\/uploads\/2019\/03\/hotel2-1140x641.jpg 1140w\" sizes=\"auto, (max-width: 1200px) 100vw, 1200px\" \/><\/p>\n<p>Przypomnijmy, przez wiele lat na terenie dawnej synagogi (spalonej w 1938 roku podczas Nocy Kryszta\u0142owej) znajdowa\u0142 si\u0119 plac zabaw dla dzieci. W 2002 roku w\u0142a\u015bcicielem terenu zosta\u0142a firma I-MAG Sp. z o.o. W okresie modernizacji uliczek star\u00f3wki nieruchomo\u015b\u0107 o powierzchni 2252 metr\u00f3w kw. by\u0142a dzier\u017cawiona dla cel\u00f3w zwi\u0105zanych z remontem. <\/p>\n<p>Brak mo\u017cliwo\u015bci postawienia w tym miejscu wy\u017cszych zabudowa\u0144, sprawi\u0142, \u017ce I-MAG pr\u00f3bowa\u0142 przez kilka lat sprzeda\u0107 nieruchomo\u015b\u0107. W 2016 roku cen\u0119 dzia\u0142ki szacowano na 1 mln 50 tys. z\u0142. Zdaniem by\u0142ych ju\u017c w\u0142a\u015bcicieli, na przestrzeni lat by\u0142o wielu ch\u0119tnych na jej zakup, na przeszkodzie stan\u0119\u0142y obowi\u0105zuj\u0105ce wytyczne dotycz\u0105ce zagospodarowania tego miejsca (m.in.  bliskie s\u0105siedztwo innych mieszka\u0144). <\/p>\n<p>Przy okazji spodziewanej sprzeda\u017cy dzia\u0142ki, powr\u00f3ci pytanie o zaanga\u017cowanie miasta, kt\u00f3re do tej pory konsekwentnie odrzuca\u0142o mo\u017cliwo\u015b\u0107 zakupu tego terenu. Czy nieruchomo\u015b\u0107 po\u0142o\u017cona w samym centrum star\u00f3wki, o niew\u0105tpliwych walorach historycznych i silnym potencjale miastotw\u00f3rczym powinna sta\u0107 si\u0119 w\u0142asno\u015bci\u0105 gminy? <\/p>\n<p>Micha\u0142 Szewczyk<\/p>\n<p>wizualizacje: piodec.pl<\/p>\n<div class=\"gliwi-a5-na-koncu-artykulow gliwi-entity-placement\" id=\"gliwi-1012731124\"><div class=\"gliwi-adlabel\"><span style=\"font-size: 9px\">REKLAMA<\/span><\/div><div id=\"gliwi-2968104183\" style=\"margin-left: auto;margin-right: auto;text-align: center;\"><a data-no-instant=\"1\" href=\"https:\/\/prezeroarenagliwice.pl\/\" rel=\"noopener\" class=\"a2t-link\" target=\"_blank\" aria-label=\"20260309-PREZERO-WIOSNA-D\"><img loading=\"lazy\" decoding=\"async\" src=\"https:\/\/www.24gliwice.pl\/wiadomosci\/wp-content\/uploads\/2026\/03\/20260309-PREZERO-WIOSNA-D.webp\" alt=\"\"  srcset=\"https:\/\/www.24gliwice.pl\/wiadomosci\/wp-content\/uploads\/2026\/03\/20260309-PREZERO-WIOSNA-D.webp 750w, https:\/\/www.24gliwice.pl\/wiadomosci\/wp-content\/uploads\/2026\/03\/20260309-PREZERO-WIOSNA-D-410x109.webp 410w\" sizes=\"(max-width: 750px) 100vw, 750px\" class=\"no-lazyload\" width=\"750\" height=\"200\"  style=\"display: inline-block; max-width: 100%; height: auto;\" \/><\/a><\/div><\/div>","protected":false},"excerpt":{"rendered":"<p>W ostatnich dniach w sieci pojawi\u0142y si\u0119 wizualizacje prezentuj\u0105ce projekt nowego hotelu przy ul. Dolnych Wa\u0142\u00f3w. Nadzieje na rozs\u0105dne zagospodarowanie przestrzeni po dawnej synagodze trzeba jednak ponownie od\u0142o\u017cy\u0107 na inny czas. W\u0142a\u015bciciel terenu zrezygnowa\u0142 z inwestycji, a nieruchomo\u015b\u0107 trafi na sprzeda\u017c. Wizualizacje nowego hotelu zosta\u0142y przygotowane przez gliwick\u0105 pracowni\u0119 PIODEC na zlecenie w\u0142a\u015bciciela terenu, firmy [&hellip;]<\/p>\n","protected":false},"author":12,"featured_media":132099,"comment_status":"open","ping_status":"closed","sticky":false,"template":"","format":"standard","meta":{"_monsterinsights_skip_tracking":false,"_monsterinsights_sitenote_active":false,"_monsterinsights_sitenote_note":"","_monsterinsights_sitenote_category":0,"footnotes":"","_links_to":"","_links_to_target":""},"categories":[3,1,9],"tags":[6536],"class_list":["post-132084","post","type-post","status-publish","format-standard","has-post-thumbnail","hentry","category-gliwice","category-wszystko","category-aktualnosci_lokalne","tag-dolnych-walow-synagoga"],"yoast_head":"<!-- This site is optimized with the Yoast SEO plugin v27.5 - https:\/\/yoast.com\/product\/yoast-seo-wordpress\/ -->\n<title>Nowy hotel przy ul. Dolnych Wa\u0142\u00f3w? Efektowne wizualizacje pozostan\u0105 na papierze - 24GLIWICE - Portal Gliwice | codziennie nowe informacje<\/title>\n<meta name=\"robots\" content=\"index, follow, max-snippet:-1, max-image-preview:large, max-video-preview:-1\" \/>\n<link rel=\"canonical\" href=\"https:\/\/www.24gliwice.pl\/wiadomosci\/nowy-hotel-przy-ul-dolnych-walow-efektowne-wizualizacje-pozostana-na-papierze\/\" \/>\n<meta property=\"og:locale\" content=\"pl_PL\" \/>\n<meta property=\"og:type\" content=\"article\" \/>\n<meta property=\"og:title\" content=\"Nowy hotel przy ul. Dolnych Wa\u0142\u00f3w? Efektowne wizualizacje pozostan\u0105 na papierze - 24GLIWICE - Portal Gliwice | codziennie nowe informacje\" \/>\n<meta property=\"og:description\" content=\"W ostatnich dniach w sieci pojawi\u0142y si\u0119 wizualizacje prezentuj\u0105ce projekt nowego hotelu przy ul. Dolnych Wa\u0142\u00f3w. Nadzieje na rozs\u0105dne zagospodarowanie przestrzeni po dawnej synagodze trzeba jednak ponownie od\u0142o\u017cy\u0107 na inny czas. W\u0142a\u015bciciel terenu zrezygnowa\u0142 z inwestycji, a nieruchomo\u015b\u0107 trafi na sprzeda\u017c. Wizualizacje nowego hotelu zosta\u0142y przygotowane przez gliwick\u0105 pracowni\u0119 PIODEC na zlecenie w\u0142a\u015bciciela terenu, firmy [&hellip;]\" \/>\n<meta property=\"og:url\" content=\"https:\/\/www.24gliwice.pl\/wiadomosci\/nowy-hotel-przy-ul-dolnych-walow-efektowne-wizualizacje-pozostana-na-papierze\/\" \/>\n<meta property=\"og:site_name\" content=\"24GLIWICE - Portal Gliwice | codziennie nowe informacje\" \/>\n<meta property=\"article:publisher\" content=\"https:\/\/www.facebook.com\/24gliwice\" \/>\n<meta property=\"article:published_time\" content=\"2019-03-15T00:21:45+00:00\" \/>\n<meta property=\"og:image\" content=\"https:\/\/www.24gliwice.pl\/wiadomosci\/wp-content\/uploads\/2019\/03\/hotel1.jpg\" \/>\n\t<meta property=\"og:image:width\" content=\"1200\" \/>\n\t<meta property=\"og:image:height\" content=\"675\" \/>\n\t<meta property=\"og:image:type\" content=\"image\/jpeg\" \/>\n<meta name=\"author\" content=\"Micha\u0142 Szewczyk\" \/>\n<meta name=\"twitter:card\" content=\"summary_large_image\" \/>\n<meta name=\"twitter:creator\" content=\"@24gliwice\" \/>\n<meta name=\"twitter:site\" content=\"@24gliwice\" \/>\n<meta name=\"twitter:label1\" content=\"Napisane przez\" \/>\n\t<meta name=\"twitter:data1\" content=\"Micha\u0142 Szewczyk\" \/>\n\t<meta name=\"twitter:label2\" content=\"Szacowany czas czytania\" \/>\n\t<meta name=\"twitter:data2\" content=\"2 minuty\" \/>\n<script type=\"application\/ld+json\" class=\"yoast-schema-graph\">{\"@context\":\"https:\\\/\\\/schema.org\",\"@graph\":[{\"@type\":\"Article\",\"@id\":\"https:\\\/\\\/www.24gliwice.pl\\\/wiadomosci\\\/nowy-hotel-przy-ul-dolnych-walow-efektowne-wizualizacje-pozostana-na-papierze\\\/#article\",\"isPartOf\":{\"@id\":\"https:\\\/\\\/www.24gliwice.pl\\\/wiadomosci\\\/nowy-hotel-przy-ul-dolnych-walow-efektowne-wizualizacje-pozostana-na-papierze\\\/\"},\"author\":{\"name\":\"Micha\u0142 Szewczyk\",\"@id\":\"https:\\\/\\\/www.24gliwice.pl\\\/wiadomosci\\\/#\\\/schema\\\/person\\\/940e8f8a097e322de4f463f061ef8d45\"},\"headline\":\"Nowy hotel przy ul. Dolnych Wa\u0142\u00f3w? Efektowne wizualizacje pozostan\u0105 na papierze\",\"datePublished\":\"2019-03-15T00:21:45+00:00\",\"mainEntityOfPage\":{\"@id\":\"https:\\\/\\\/www.24gliwice.pl\\\/wiadomosci\\\/nowy-hotel-przy-ul-dolnych-walow-efektowne-wizualizacje-pozostana-na-papierze\\\/\"},\"wordCount\":426,\"commentCount\":0,\"publisher\":{\"@id\":\"https:\\\/\\\/www.24gliwice.pl\\\/wiadomosci\\\/#organization\"},\"image\":{\"@id\":\"https:\\\/\\\/www.24gliwice.pl\\\/wiadomosci\\\/nowy-hotel-przy-ul-dolnych-walow-efektowne-wizualizacje-pozostana-na-papierze\\\/#primaryimage\"},\"thumbnailUrl\":\"https:\\\/\\\/www.24gliwice.pl\\\/wiadomosci\\\/wp-content\\\/uploads\\\/2019\\\/03\\\/hotel1.jpg\",\"keywords\":[\"dolnych wa\u0142\u00f3w synagoga\"],\"articleSection\":[\"Gliwice\",\"Najnowsze wiadomo\u015bci\",\"Portal Gliwice - Wiadomo\u015bci lokalne\"],\"inLanguage\":\"pl-PL\",\"potentialAction\":[{\"@type\":\"CommentAction\",\"name\":\"Comment\",\"target\":[\"https:\\\/\\\/www.24gliwice.pl\\\/wiadomosci\\\/nowy-hotel-przy-ul-dolnych-walow-efektowne-wizualizacje-pozostana-na-papierze\\\/#respond\"]}]},{\"@type\":\"WebPage\",\"@id\":\"https:\\\/\\\/www.24gliwice.pl\\\/wiadomosci\\\/nowy-hotel-przy-ul-dolnych-walow-efektowne-wizualizacje-pozostana-na-papierze\\\/\",\"url\":\"https:\\\/\\\/www.24gliwice.pl\\\/wiadomosci\\\/nowy-hotel-przy-ul-dolnych-walow-efektowne-wizualizacje-pozostana-na-papierze\\\/\",\"name\":\"Nowy hotel przy ul. Dolnych Wa\u0142\u00f3w? Efektowne wizualizacje pozostan\u0105 na papierze - 24GLIWICE - Portal Gliwice | codziennie nowe informacje\",\"isPartOf\":{\"@id\":\"https:\\\/\\\/www.24gliwice.pl\\\/wiadomosci\\\/#website\"},\"primaryImageOfPage\":{\"@id\":\"https:\\\/\\\/www.24gliwice.pl\\\/wiadomosci\\\/nowy-hotel-przy-ul-dolnych-walow-efektowne-wizualizacje-pozostana-na-papierze\\\/#primaryimage\"},\"image\":{\"@id\":\"https:\\\/\\\/www.24gliwice.pl\\\/wiadomosci\\\/nowy-hotel-przy-ul-dolnych-walow-efektowne-wizualizacje-pozostana-na-papierze\\\/#primaryimage\"},\"thumbnailUrl\":\"https:\\\/\\\/www.24gliwice.pl\\\/wiadomosci\\\/wp-content\\\/uploads\\\/2019\\\/03\\\/hotel1.jpg\",\"datePublished\":\"2019-03-15T00:21:45+00:00\",\"breadcrumb\":{\"@id\":\"https:\\\/\\\/www.24gliwice.pl\\\/wiadomosci\\\/nowy-hotel-przy-ul-dolnych-walow-efektowne-wizualizacje-pozostana-na-papierze\\\/#breadcrumb\"},\"inLanguage\":\"pl-PL\",\"potentialAction\":[{\"@type\":\"ReadAction\",\"target\":[\"https:\\\/\\\/www.24gliwice.pl\\\/wiadomosci\\\/nowy-hotel-przy-ul-dolnych-walow-efektowne-wizualizacje-pozostana-na-papierze\\\/\"]}]},{\"@type\":\"ImageObject\",\"inLanguage\":\"pl-PL\",\"@id\":\"https:\\\/\\\/www.24gliwice.pl\\\/wiadomosci\\\/nowy-hotel-przy-ul-dolnych-walow-efektowne-wizualizacje-pozostana-na-papierze\\\/#primaryimage\",\"url\":\"https:\\\/\\\/www.24gliwice.pl\\\/wiadomosci\\\/wp-content\\\/uploads\\\/2019\\\/03\\\/hotel1.jpg\",\"contentUrl\":\"https:\\\/\\\/www.24gliwice.pl\\\/wiadomosci\\\/wp-content\\\/uploads\\\/2019\\\/03\\\/hotel1.jpg\",\"width\":1200,\"height\":675,\"caption\":\"dolnych wa\u0142\u00f3w\"},{\"@type\":\"BreadcrumbList\",\"@id\":\"https:\\\/\\\/www.24gliwice.pl\\\/wiadomosci\\\/nowy-hotel-przy-ul-dolnych-walow-efektowne-wizualizacje-pozostana-na-papierze\\\/#breadcrumb\",\"itemListElement\":[{\"@type\":\"ListItem\",\"position\":1,\"name\":\"Strona g\u0142\u00f3wna\",\"item\":\"https:\\\/\\\/www.24gliwice.pl\\\/wiadomosci\\\/\"},{\"@type\":\"ListItem\",\"position\":2,\"name\":\"Nowy hotel przy ul. Dolnych Wa\u0142\u00f3w? Efektowne wizualizacje pozostan\u0105 na papierze\"}]},{\"@type\":\"WebSite\",\"@id\":\"https:\\\/\\\/www.24gliwice.pl\\\/wiadomosci\\\/#website\",\"url\":\"https:\\\/\\\/www.24gliwice.pl\\\/wiadomosci\\\/\",\"name\":\"24GLIWICE - Portal Gliwice | codziennie nowe wiadomo\u015bci\",\"description\":\"Portal Miejski Gliwice\",\"publisher\":{\"@id\":\"https:\\\/\\\/www.24gliwice.pl\\\/wiadomosci\\\/#organization\"},\"potentialAction\":[{\"@type\":\"SearchAction\",\"target\":{\"@type\":\"EntryPoint\",\"urlTemplate\":\"https:\\\/\\\/www.24gliwice.pl\\\/wiadomosci\\\/?s={search_term_string}\"},\"query-input\":{\"@type\":\"PropertyValueSpecification\",\"valueRequired\":true,\"valueName\":\"search_term_string\"}}],\"inLanguage\":\"pl-PL\"},{\"@type\":\"Organization\",\"@id\":\"https:\\\/\\\/www.24gliwice.pl\\\/wiadomosci\\\/#organization\",\"name\":\"24gliwice\",\"url\":\"https:\\\/\\\/www.24gliwice.pl\\\/wiadomosci\\\/\",\"logo\":{\"@type\":\"ImageObject\",\"inLanguage\":\"pl-PL\",\"@id\":\"https:\\\/\\\/www.24gliwice.pl\\\/wiadomosci\\\/#\\\/schema\\\/logo\\\/image\\\/\",\"url\":\"https:\\\/\\\/www.24gliwice.pl\\\/wiadomosci\\\/wp-content\\\/uploads\\\/2024\\\/10\\\/24gliwice-logo-696.jpg\",\"contentUrl\":\"https:\\\/\\\/www.24gliwice.pl\\\/wiadomosci\\\/wp-content\\\/uploads\\\/2024\\\/10\\\/24gliwice-logo-696.jpg\",\"width\":696,\"height\":696,\"caption\":\"24gliwice\"},\"image\":{\"@id\":\"https:\\\/\\\/www.24gliwice.pl\\\/wiadomosci\\\/#\\\/schema\\\/logo\\\/image\\\/\"},\"sameAs\":[\"https:\\\/\\\/www.facebook.com\\\/24gliwice\",\"https:\\\/\\\/x.com\\\/24gliwice\",\"https:\\\/\\\/www.youtube.com\\\/@24gliwice\"]},{\"@type\":\"Person\",\"@id\":\"https:\\\/\\\/www.24gliwice.pl\\\/wiadomosci\\\/#\\\/schema\\\/person\\\/940e8f8a097e322de4f463f061ef8d45\",\"name\":\"Micha\u0142 Szewczyk\",\"image\":{\"@type\":\"ImageObject\",\"inLanguage\":\"pl-PL\",\"@id\":\"https:\\\/\\\/secure.gravatar.com\\\/avatar\\\/771b8b6c74cd8d255e46392d605e01a86133900ef09b6ef3c8d451c9d92288cf?s=96&d=mm&r=g\",\"url\":\"https:\\\/\\\/secure.gravatar.com\\\/avatar\\\/771b8b6c74cd8d255e46392d605e01a86133900ef09b6ef3c8d451c9d92288cf?s=96&d=mm&r=g\",\"contentUrl\":\"https:\\\/\\\/secure.gravatar.com\\\/avatar\\\/771b8b6c74cd8d255e46392d605e01a86133900ef09b6ef3c8d451c9d92288cf?s=96&d=mm&r=g\",\"caption\":\"Micha\u0142 Szewczyk\"},\"sameAs\":[\"http:\\\/\\\/www.gazeta-miejska.pl\"],\"url\":\"https:\\\/\\\/www.24gliwice.pl\\\/wiadomosci\\\/author\\\/michal-szewczyk\\\/\"}]}<\/script>\n<!-- \/ Yoast SEO plugin. -->","yoast_head_json":{"title":"Nowy hotel przy ul. Dolnych Wa\u0142\u00f3w? Efektowne wizualizacje pozostan\u0105 na papierze - 24GLIWICE - Portal Gliwice | codziennie nowe informacje","robots":{"index":"index","follow":"follow","max-snippet":"max-snippet:-1","max-image-preview":"max-image-preview:large","max-video-preview":"max-video-preview:-1"},"canonical":"https:\/\/www.24gliwice.pl\/wiadomosci\/nowy-hotel-przy-ul-dolnych-walow-efektowne-wizualizacje-pozostana-na-papierze\/","og_locale":"pl_PL","og_type":"article","og_title":"Nowy hotel przy ul. Dolnych Wa\u0142\u00f3w? Efektowne wizualizacje pozostan\u0105 na papierze - 24GLIWICE - Portal Gliwice | codziennie nowe informacje","og_description":"W ostatnich dniach w sieci pojawi\u0142y si\u0119 wizualizacje prezentuj\u0105ce projekt nowego hotelu przy ul. Dolnych Wa\u0142\u00f3w. Nadzieje na rozs\u0105dne zagospodarowanie przestrzeni po dawnej synagodze trzeba jednak ponownie od\u0142o\u017cy\u0107 na inny czas. W\u0142a\u015bciciel terenu zrezygnowa\u0142 z inwestycji, a nieruchomo\u015b\u0107 trafi na sprzeda\u017c. Wizualizacje nowego hotelu zosta\u0142y przygotowane przez gliwick\u0105 pracowni\u0119 PIODEC na zlecenie w\u0142a\u015bciciela terenu, firmy [&hellip;]","og_url":"https:\/\/www.24gliwice.pl\/wiadomosci\/nowy-hotel-przy-ul-dolnych-walow-efektowne-wizualizacje-pozostana-na-papierze\/","og_site_name":"24GLIWICE - Portal Gliwice | codziennie nowe informacje","article_publisher":"https:\/\/www.facebook.com\/24gliwice","article_published_time":"2019-03-15T00:21:45+00:00","og_image":[{"width":1200,"height":675,"url":"https:\/\/www.24gliwice.pl\/wiadomosci\/wp-content\/uploads\/2019\/03\/hotel1.jpg","type":"image\/jpeg"}],"author":"Micha\u0142 Szewczyk","twitter_card":"summary_large_image","twitter_creator":"@24gliwice","twitter_site":"@24gliwice","twitter_misc":{"Napisane przez":"Micha\u0142 Szewczyk","Szacowany czas czytania":"2 minuty"},"schema":{"@context":"https:\/\/schema.org","@graph":[{"@type":"Article","@id":"https:\/\/www.24gliwice.pl\/wiadomosci\/nowy-hotel-przy-ul-dolnych-walow-efektowne-wizualizacje-pozostana-na-papierze\/#article","isPartOf":{"@id":"https:\/\/www.24gliwice.pl\/wiadomosci\/nowy-hotel-przy-ul-dolnych-walow-efektowne-wizualizacje-pozostana-na-papierze\/"},"author":{"name":"Micha\u0142 Szewczyk","@id":"https:\/\/www.24gliwice.pl\/wiadomosci\/#\/schema\/person\/940e8f8a097e322de4f463f061ef8d45"},"headline":"Nowy hotel przy ul. Dolnych Wa\u0142\u00f3w? Efektowne wizualizacje pozostan\u0105 na papierze","datePublished":"2019-03-15T00:21:45+00:00","mainEntityOfPage":{"@id":"https:\/\/www.24gliwice.pl\/wiadomosci\/nowy-hotel-przy-ul-dolnych-walow-efektowne-wizualizacje-pozostana-na-papierze\/"},"wordCount":426,"commentCount":0,"publisher":{"@id":"https:\/\/www.24gliwice.pl\/wiadomosci\/#organization"},"image":{"@id":"https:\/\/www.24gliwice.pl\/wiadomosci\/nowy-hotel-przy-ul-dolnych-walow-efektowne-wizualizacje-pozostana-na-papierze\/#primaryimage"},"thumbnailUrl":"https:\/\/www.24gliwice.pl\/wiadomosci\/wp-content\/uploads\/2019\/03\/hotel1.jpg","keywords":["dolnych wa\u0142\u00f3w synagoga"],"articleSection":["Gliwice","Najnowsze wiadomo\u015bci","Portal Gliwice - Wiadomo\u015bci lokalne"],"inLanguage":"pl-PL","potentialAction":[{"@type":"CommentAction","name":"Comment","target":["https:\/\/www.24gliwice.pl\/wiadomosci\/nowy-hotel-przy-ul-dolnych-walow-efektowne-wizualizacje-pozostana-na-papierze\/#respond"]}]},{"@type":"WebPage","@id":"https:\/\/www.24gliwice.pl\/wiadomosci\/nowy-hotel-przy-ul-dolnych-walow-efektowne-wizualizacje-pozostana-na-papierze\/","url":"https:\/\/www.24gliwice.pl\/wiadomosci\/nowy-hotel-przy-ul-dolnych-walow-efektowne-wizualizacje-pozostana-na-papierze\/","name":"Nowy hotel przy ul. Dolnych Wa\u0142\u00f3w? Efektowne wizualizacje pozostan\u0105 na papierze - 24GLIWICE - Portal Gliwice | codziennie nowe informacje","isPartOf":{"@id":"https:\/\/www.24gliwice.pl\/wiadomosci\/#website"},"primaryImageOfPage":{"@id":"https:\/\/www.24gliwice.pl\/wiadomosci\/nowy-hotel-przy-ul-dolnych-walow-efektowne-wizualizacje-pozostana-na-papierze\/#primaryimage"},"image":{"@id":"https:\/\/www.24gliwice.pl\/wiadomosci\/nowy-hotel-przy-ul-dolnych-walow-efektowne-wizualizacje-pozostana-na-papierze\/#primaryimage"},"thumbnailUrl":"https:\/\/www.24gliwice.pl\/wiadomosci\/wp-content\/uploads\/2019\/03\/hotel1.jpg","datePublished":"2019-03-15T00:21:45+00:00","breadcrumb":{"@id":"https:\/\/www.24gliwice.pl\/wiadomosci\/nowy-hotel-przy-ul-dolnych-walow-efektowne-wizualizacje-pozostana-na-papierze\/#breadcrumb"},"inLanguage":"pl-PL","potentialAction":[{"@type":"ReadAction","target":["https:\/\/www.24gliwice.pl\/wiadomosci\/nowy-hotel-przy-ul-dolnych-walow-efektowne-wizualizacje-pozostana-na-papierze\/"]}]},{"@type":"ImageObject","inLanguage":"pl-PL","@id":"https:\/\/www.24gliwice.pl\/wiadomosci\/nowy-hotel-przy-ul-dolnych-walow-efektowne-wizualizacje-pozostana-na-papierze\/#primaryimage","url":"https:\/\/www.24gliwice.pl\/wiadomosci\/wp-content\/uploads\/2019\/03\/hotel1.jpg","contentUrl":"https:\/\/www.24gliwice.pl\/wiadomosci\/wp-content\/uploads\/2019\/03\/hotel1.jpg","width":1200,"height":675,"caption":"dolnych wa\u0142\u00f3w"},{"@type":"BreadcrumbList","@id":"https:\/\/www.24gliwice.pl\/wiadomosci\/nowy-hotel-przy-ul-dolnych-walow-efektowne-wizualizacje-pozostana-na-papierze\/#breadcrumb","itemListElement":[{"@type":"ListItem","position":1,"name":"Strona g\u0142\u00f3wna","item":"https:\/\/www.24gliwice.pl\/wiadomosci\/"},{"@type":"ListItem","position":2,"name":"Nowy hotel przy ul. Dolnych Wa\u0142\u00f3w? Efektowne wizualizacje pozostan\u0105 na papierze"}]},{"@type":"WebSite","@id":"https:\/\/www.24gliwice.pl\/wiadomosci\/#website","url":"https:\/\/www.24gliwice.pl\/wiadomosci\/","name":"24GLIWICE - Portal Gliwice | codziennie nowe wiadomo\u015bci","description":"Portal Miejski Gliwice","publisher":{"@id":"https:\/\/www.24gliwice.pl\/wiadomosci\/#organization"},"potentialAction":[{"@type":"SearchAction","target":{"@type":"EntryPoint","urlTemplate":"https:\/\/www.24gliwice.pl\/wiadomosci\/?s={search_term_string}"},"query-input":{"@type":"PropertyValueSpecification","valueRequired":true,"valueName":"search_term_string"}}],"inLanguage":"pl-PL"},{"@type":"Organization","@id":"https:\/\/www.24gliwice.pl\/wiadomosci\/#organization","name":"24gliwice","url":"https:\/\/www.24gliwice.pl\/wiadomosci\/","logo":{"@type":"ImageObject","inLanguage":"pl-PL","@id":"https:\/\/www.24gliwice.pl\/wiadomosci\/#\/schema\/logo\/image\/","url":"https:\/\/www.24gliwice.pl\/wiadomosci\/wp-content\/uploads\/2024\/10\/24gliwice-logo-696.jpg","contentUrl":"https:\/\/www.24gliwice.pl\/wiadomosci\/wp-content\/uploads\/2024\/10\/24gliwice-logo-696.jpg","width":696,"height":696,"caption":"24gliwice"},"image":{"@id":"https:\/\/www.24gliwice.pl\/wiadomosci\/#\/schema\/logo\/image\/"},"sameAs":["https:\/\/www.facebook.com\/24gliwice","https:\/\/x.com\/24gliwice","https:\/\/www.youtube.com\/@24gliwice"]},{"@type":"Person","@id":"https:\/\/www.24gliwice.pl\/wiadomosci\/#\/schema\/person\/940e8f8a097e322de4f463f061ef8d45","name":"Micha\u0142 Szewczyk","image":{"@type":"ImageObject","inLanguage":"pl-PL","@id":"https:\/\/secure.gravatar.com\/avatar\/771b8b6c74cd8d255e46392d605e01a86133900ef09b6ef3c8d451c9d92288cf?s=96&d=mm&r=g","url":"https:\/\/secure.gravatar.com\/avatar\/771b8b6c74cd8d255e46392d605e01a86133900ef09b6ef3c8d451c9d92288cf?s=96&d=mm&r=g","contentUrl":"https:\/\/secure.gravatar.com\/avatar\/771b8b6c74cd8d255e46392d605e01a86133900ef09b6ef3c8d451c9d92288cf?s=96&d=mm&r=g","caption":"Micha\u0142 Szewczyk"},"sameAs":["http:\/\/www.gazeta-miejska.pl"],"url":"https:\/\/www.24gliwice.pl\/wiadomosci\/author\/michal-szewczyk\/"}]}},"_links":{"self":[{"href":"https:\/\/www.24gliwice.pl\/wiadomosci\/wp-json\/wp\/v2\/posts\/132084","targetHints":{"allow":["GET"]}}],"collection":[{"href":"https:\/\/www.24gliwice.pl\/wiadomosci\/wp-json\/wp\/v2\/posts"}],"about":[{"href":"https:\/\/www.24gliwice.pl\/wiadomosci\/wp-json\/wp\/v2\/types\/post"}],"author":[{"embeddable":true,"href":"https:\/\/www.24gliwice.pl\/wiadomosci\/wp-json\/wp\/v2\/users\/12"}],"replies":[{"embeddable":true,"href":"https:\/\/www.24gliwice.pl\/wiadomosci\/wp-json\/wp\/v2\/comments?post=132084"}],"version-history":[{"count":0,"href":"https:\/\/www.24gliwice.pl\/wiadomosci\/wp-json\/wp\/v2\/posts\/132084\/revisions"}],"wp:featuredmedia":[{"embeddable":true,"href":"https:\/\/www.24gliwice.pl\/wiadomosci\/wp-json\/wp\/v2\/media\/132099"}],"wp:attachment":[{"href":"https:\/\/www.24gliwice.pl\/wiadomosci\/wp-json\/wp\/v2\/media?parent=132084"}],"wp:term":[{"taxonomy":"category","embeddable":true,"href":"https:\/\/www.24gliwice.pl\/wiadomosci\/wp-json\/wp\/v2\/categories?post=132084"},{"taxonomy":"post_tag","embeddable":true,"href":"https:\/\/www.24gliwice.pl\/wiadomosci\/wp-json\/wp\/v2\/tags?post=132084"}],"curies":[{"name":"wp","href":"https:\/\/api.w.org\/{rel}","templated":true}]}}