{"id":132129,"date":"2019-03-15T13:04:05","date_gmt":"2019-03-15T12:04:05","guid":{"rendered":"https:\/\/www.24gliwice.pl\/wiadomosci\/?p=132129"},"modified":"2019-03-15T15:06:02","modified_gmt":"2019-03-15T14:06:02","slug":"tunel-w-ciagu-dts-bedzie-zamykany-rowniez-w-ten-weekend-w-sumie-na-23-godziny","status":"publish","type":"post","link":"https:\/\/www.24gliwice.pl\/wiadomosci\/tunel-w-ciagu-dts-bedzie-zamykany-rowniez-w-ten-weekend-w-sumie-na-23-godziny\/","title":{"rendered":"Tunel w ci\u0105gu DT\u015a b\u0119dzie zamykany r\u00f3wnie\u017c w ten weekend. W sumie na 23 godziny"},"content":{"rendered":"<div class=\"gliwi-a6-nad-leadem-artykulow gliwi-entity-placement\" id=\"gliwi-2487673323\"><div class=\"gliwi-adlabel\"><span style=\"font-size: 9px\">REKLAMA<\/span><\/div><div id=\"gliwi-979553060\" style=\"margin-bottom: 30px;margin-left: auto;margin-right: auto;text-align: center;\"><a data-no-instant=\"1\" href=\"https:\/\/przedszkole.halogen.org.pl\/\" rel=\"noopener\" class=\"a2t-link\" target=\"_blank\" aria-label=\"20260402-ANIMATOR-przedszkole_grafika_750x200\"><img loading=\"lazy\" decoding=\"async\" src=\"https:\/\/www.24gliwice.pl\/wiadomosci\/wp-content\/uploads\/2026\/04\/20260402-ANIMATOR-przedszkole_grafika_750x200.webp\" alt=\"\"  srcset=\"https:\/\/www.24gliwice.pl\/wiadomosci\/wp-content\/uploads\/2026\/04\/20260402-ANIMATOR-przedszkole_grafika_750x200.webp 750w, https:\/\/www.24gliwice.pl\/wiadomosci\/wp-content\/uploads\/2026\/04\/20260402-ANIMATOR-przedszkole_grafika_750x200-410x109.webp 410w\" sizes=\"(max-width: 750px) 100vw, 750px\" class=\"no-lazyload\" width=\"750\" height=\"200\"  style=\"display: inline-block; max-width: 100%; height: auto;\" \/><\/a><\/div><\/div><h3>W najbli\u017cszy weekend tunel w ci\u0105gu Drogowej Trasy \u015arednicowej b\u0119dzie wy\u0142\u0105czany z ruchu. Utrudnie\u0144 drogowych i objazdu nale\u017cy spodziewa\u0107 si\u0119 g\u0142\u00f3wnie noc\u0105.<\/h3>\n<p>Tunel b\u0119dzie zamkni\u0119ty z <strong> 16 na 17 marca<\/strong>, w godzinach <strong>od 22:00 do 10:00<\/strong> oraz z <strong>17 na 18 marca<\/strong>, w godzinach od <strong>18:00 do 5:00<\/strong>. <\/p>\n<p>Jad\u0105cy <strong>w kierunku Strzelec Opolskich<\/strong> b\u0119d\u0105 kierowani na zjazd do ul. Cz\u0119stochowskiej, nast\u0119pnie w kierunku ul. Bohater\u00f3w Getta Warszawskiego, ul. Byliny, a\u017c do ronda i na DT\u015a.<br \/>\nKierowcy podr\u00f3\u017cuj\u0105cy <strong>w stron\u0119 Katowic<\/strong> pojad\u0105 zjazdem do ul. Sienkiewicza, nast\u0119pnie do ul. Byliny, dalej ul. Bohater\u00f3w Getta Warszawskiego do placu Piast\u00f3w i stamt\u0105d wjazdem na DT\u015a.<\/p><div class=\"gliwi-a3-w-tresci-artykulow gliwi-entity-placement\" id=\"gliwi-1568549580\"><div class=\"gliwi-adlabel\"><span style=\"font-size: 9px\">REKLAMA<\/span><\/div><div id=\"gliwi-3031647426\" style=\"margin-bottom: 30px;margin-left: auto;margin-right: auto;text-align: center;\"><a data-no-instant=\"1\" href=\"https:\/\/zlobek.halogen.org.pl\/\" rel=\"noopener\" class=\"a2t-link\" target=\"_blank\" aria-label=\"animator-zlobek_750x200\"><img loading=\"lazy\" decoding=\"async\" src=\"https:\/\/www.24gliwice.pl\/wiadomosci\/wp-content\/uploads\/2026\/02\/animator-zlobek_750x200.webp\" alt=\"\"  srcset=\"https:\/\/www.24gliwice.pl\/wiadomosci\/wp-content\/uploads\/2026\/02\/animator-zlobek_750x200.webp 750w, https:\/\/www.24gliwice.pl\/wiadomosci\/wp-content\/uploads\/2026\/02\/animator-zlobek_750x200-410x109.webp 410w\" sizes=\"(max-width: 750px) 100vw, 750px\" class=\"no-lazyload\" width=\"750\" height=\"200\"  style=\"display: inline-block; max-width: 100%; height: auto;\" \/><\/a><\/div><\/div>\n<p>Zamkni\u0119cie tunelu jest zwi\u0105zane z konieczno\u015bci\u0105 przeprowadzenia napraw pogwarancyjnych. <\/p>\n<p>(\u017cms)\/UM(mf\/ZDM)<\/p>\n<div class=\"gliwi-a5-na-koncu-artykulow gliwi-entity-placement\" id=\"gliwi-474679605\"><div class=\"gliwi-adlabel\"><span style=\"font-size: 9px\">REKLAMA<\/span><\/div><div id=\"gliwi-2478123008\" style=\"margin-left: auto;margin-right: auto;text-align: center;\"><a data-no-instant=\"1\" href=\"https:\/\/www.jasek.pl\/\" rel=\"noopener\" class=\"a2t-link\" target=\"_blank\" aria-label=\"20200401-jasek 600\"><img loading=\"lazy\" decoding=\"async\" src=\"https:\/\/www.24gliwice.pl\/wiadomosci\/wp-content\/uploads\/2020\/04\/20200401-jasek-600.jpg\" alt=\"\"  srcset=\"https:\/\/www.24gliwice.pl\/wiadomosci\/wp-content\/uploads\/2020\/04\/20200401-jasek-600.jpg 600w, https:\/\/www.24gliwice.pl\/wiadomosci\/wp-content\/uploads\/2020\/04\/20200401-jasek-600-410x109.jpg 410w\" sizes=\"(max-width: 600px) 100vw, 600px\" class=\"no-lazyload\" width=\"600\" height=\"160\"  style=\"display: inline-block; max-width: 100%; height: auto;\" \/><\/a><\/div><\/div>","protected":false},"excerpt":{"rendered":"<p>W najbli\u017cszy weekend tunel w ci\u0105gu Drogowej Trasy \u015arednicowej b\u0119dzie wy\u0142\u0105czany z ruchu. Utrudnie\u0144 drogowych i objazdu nale\u017cy spodziewa\u0107 si\u0119 g\u0142\u00f3wnie noc\u0105. Tunel b\u0119dzie zamkni\u0119ty z 16 na 17 marca, w godzinach od 22:00 do 10:00 oraz z 17 na 18 marca, w godzinach od 18:00 do 5:00. Jad\u0105cy w kierunku Strzelec Opolskich b\u0119d\u0105 kierowani [&hellip;]<\/p>\n","protected":false},"author":15,"featured_media":132137,"comment_status":"open","ping_status":"closed","sticky":false,"template":"","format":"standard","meta":{"_monsterinsights_skip_tracking":false,"_monsterinsights_sitenote_active":false,"_monsterinsights_sitenote_note":"","_monsterinsights_sitenote_category":0,"footnotes":"","_links_to":"","_links_to_target":""},"categories":[3,1],"tags":[1197,978,1602,4772,15112,9436],"class_list":["post-132129","post","type-post","status-publish","format-standard","has-post-thumbnail","hentry","category-gliwice","category-wszystko","tag-dts","tag-objazd","tag-srednicowka","tag-tunel-dts","tag-zamkniety-tunel-dts","tag-zmiana-organizacji-ruchu"],"yoast_head":"<!-- This site is optimized with the Yoast SEO plugin v27.5 - https:\/\/yoast.com\/product\/yoast-seo-wordpress\/ -->\n<title>Tunel w ci\u0105gu DT\u015a b\u0119dzie zamykany r\u00f3wnie\u017c w ten weekend. W sumie na 23 godziny - 24GLIWICE - Portal Gliwice | codziennie nowe informacje<\/title>\n<meta name=\"robots\" content=\"index, follow, max-snippet:-1, max-image-preview:large, max-video-preview:-1\" \/>\n<link rel=\"canonical\" href=\"https:\/\/www.24gliwice.pl\/wiadomosci\/tunel-w-ciagu-dts-bedzie-zamykany-rowniez-w-ten-weekend-w-sumie-na-23-godziny\/\" \/>\n<meta property=\"og:locale\" content=\"pl_PL\" \/>\n<meta property=\"og:type\" content=\"article\" \/>\n<meta property=\"og:title\" content=\"Tunel w ci\u0105gu DT\u015a b\u0119dzie zamykany r\u00f3wnie\u017c w ten weekend. W sumie na 23 godziny - 24GLIWICE - Portal Gliwice | codziennie nowe informacje\" \/>\n<meta property=\"og:description\" content=\"W najbli\u017cszy weekend tunel w ci\u0105gu Drogowej Trasy \u015arednicowej b\u0119dzie wy\u0142\u0105czany z ruchu. Utrudnie\u0144 drogowych i objazdu nale\u017cy spodziewa\u0107 si\u0119 g\u0142\u00f3wnie noc\u0105. Tunel b\u0119dzie zamkni\u0119ty z 16 na 17 marca, w godzinach od 22:00 do 10:00 oraz z 17 na 18 marca, w godzinach od 18:00 do 5:00. Jad\u0105cy w kierunku Strzelec Opolskich b\u0119d\u0105 kierowani [&hellip;]\" \/>\n<meta property=\"og:url\" content=\"https:\/\/www.24gliwice.pl\/wiadomosci\/tunel-w-ciagu-dts-bedzie-zamykany-rowniez-w-ten-weekend-w-sumie-na-23-godziny\/\" \/>\n<meta property=\"og:site_name\" content=\"24GLIWICE - Portal Gliwice | codziennie nowe informacje\" \/>\n<meta property=\"article:publisher\" content=\"https:\/\/www.facebook.com\/24gliwice\" \/>\n<meta property=\"article:published_time\" content=\"2019-03-15T12:04:05+00:00\" \/>\n<meta property=\"article:modified_time\" content=\"2019-03-15T14:06:02+00:00\" \/>\n<meta property=\"og:image\" content=\"https:\/\/www.24gliwice.pl\/wiadomosci\/wp-content\/uploads\/2019\/03\/1-dts-tunel.jpg\" \/>\n\t<meta property=\"og:image:width\" content=\"810\" \/>\n\t<meta property=\"og:image:height\" content=\"384\" \/>\n\t<meta property=\"og:image:type\" content=\"image\/jpeg\" \/>\n<meta name=\"author\" content=\"\u017baneta Mrozek-Siewierska\" \/>\n<meta name=\"twitter:card\" content=\"summary_large_image\" \/>\n<meta name=\"twitter:creator\" content=\"@24gliwice\" \/>\n<meta name=\"twitter:site\" content=\"@24gliwice\" \/>\n<meta name=\"twitter:label1\" content=\"Napisane przez\" \/>\n\t<meta name=\"twitter:data1\" content=\"\u017baneta Mrozek-Siewierska\" \/>\n\t<meta name=\"twitter:label2\" content=\"Szacowany czas czytania\" \/>\n\t<meta name=\"twitter:data2\" content=\"1 minuta\" \/>\n<script type=\"application\/ld+json\" class=\"yoast-schema-graph\">{\"@context\":\"https:\\\/\\\/schema.org\",\"@graph\":[{\"@type\":\"Article\",\"@id\":\"https:\\\/\\\/www.24gliwice.pl\\\/wiadomosci\\\/tunel-w-ciagu-dts-bedzie-zamykany-rowniez-w-ten-weekend-w-sumie-na-23-godziny\\\/#article\",\"isPartOf\":{\"@id\":\"https:\\\/\\\/www.24gliwice.pl\\\/wiadomosci\\\/tunel-w-ciagu-dts-bedzie-zamykany-rowniez-w-ten-weekend-w-sumie-na-23-godziny\\\/\"},\"author\":{\"name\":\"\u017baneta Mrozek-Siewierska\",\"@id\":\"https:\\\/\\\/www.24gliwice.pl\\\/wiadomosci\\\/#\\\/schema\\\/person\\\/e42c650edd7f2fa332be3811fb166b6e\"},\"headline\":\"Tunel w ci\u0105gu DT\u015a b\u0119dzie zamykany r\u00f3wnie\u017c w ten weekend. W sumie na 23 godziny\",\"datePublished\":\"2019-03-15T12:04:05+00:00\",\"dateModified\":\"2019-03-15T14:06:02+00:00\",\"mainEntityOfPage\":{\"@id\":\"https:\\\/\\\/www.24gliwice.pl\\\/wiadomosci\\\/tunel-w-ciagu-dts-bedzie-zamykany-rowniez-w-ten-weekend-w-sumie-na-23-godziny\\\/\"},\"wordCount\":146,\"commentCount\":0,\"publisher\":{\"@id\":\"https:\\\/\\\/www.24gliwice.pl\\\/wiadomosci\\\/#organization\"},\"image\":{\"@id\":\"https:\\\/\\\/www.24gliwice.pl\\\/wiadomosci\\\/tunel-w-ciagu-dts-bedzie-zamykany-rowniez-w-ten-weekend-w-sumie-na-23-godziny\\\/#primaryimage\"},\"thumbnailUrl\":\"https:\\\/\\\/www.24gliwice.pl\\\/wiadomosci\\\/wp-content\\\/uploads\\\/2019\\\/03\\\/1-dts-tunel.jpg\",\"keywords\":[\"DT\u015a\",\"OBJAZD\",\"\u015aREDNIC\u00d3WKA\",\"TUNEL DT\u015a\",\"zamkni\u0119ty tunel dt\u015b\",\"ZMIANA ORGANIZACJI RUCHU\"],\"articleSection\":[\"Gliwice\",\"Najnowsze wiadomo\u015bci\"],\"inLanguage\":\"pl-PL\",\"potentialAction\":[{\"@type\":\"CommentAction\",\"name\":\"Comment\",\"target\":[\"https:\\\/\\\/www.24gliwice.pl\\\/wiadomosci\\\/tunel-w-ciagu-dts-bedzie-zamykany-rowniez-w-ten-weekend-w-sumie-na-23-godziny\\\/#respond\"]}]},{\"@type\":\"WebPage\",\"@id\":\"https:\\\/\\\/www.24gliwice.pl\\\/wiadomosci\\\/tunel-w-ciagu-dts-bedzie-zamykany-rowniez-w-ten-weekend-w-sumie-na-23-godziny\\\/\",\"url\":\"https:\\\/\\\/www.24gliwice.pl\\\/wiadomosci\\\/tunel-w-ciagu-dts-bedzie-zamykany-rowniez-w-ten-weekend-w-sumie-na-23-godziny\\\/\",\"name\":\"Tunel w ci\u0105gu DT\u015a b\u0119dzie zamykany r\u00f3wnie\u017c w ten weekend. W sumie na 23 godziny - 24GLIWICE - Portal Gliwice | codziennie nowe informacje\",\"isPartOf\":{\"@id\":\"https:\\\/\\\/www.24gliwice.pl\\\/wiadomosci\\\/#website\"},\"primaryImageOfPage\":{\"@id\":\"https:\\\/\\\/www.24gliwice.pl\\\/wiadomosci\\\/tunel-w-ciagu-dts-bedzie-zamykany-rowniez-w-ten-weekend-w-sumie-na-23-godziny\\\/#primaryimage\"},\"image\":{\"@id\":\"https:\\\/\\\/www.24gliwice.pl\\\/wiadomosci\\\/tunel-w-ciagu-dts-bedzie-zamykany-rowniez-w-ten-weekend-w-sumie-na-23-godziny\\\/#primaryimage\"},\"thumbnailUrl\":\"https:\\\/\\\/www.24gliwice.pl\\\/wiadomosci\\\/wp-content\\\/uploads\\\/2019\\\/03\\\/1-dts-tunel.jpg\",\"datePublished\":\"2019-03-15T12:04:05+00:00\",\"dateModified\":\"2019-03-15T14:06:02+00:00\",\"breadcrumb\":{\"@id\":\"https:\\\/\\\/www.24gliwice.pl\\\/wiadomosci\\\/tunel-w-ciagu-dts-bedzie-zamykany-rowniez-w-ten-weekend-w-sumie-na-23-godziny\\\/#breadcrumb\"},\"inLanguage\":\"pl-PL\",\"potentialAction\":[{\"@type\":\"ReadAction\",\"target\":[\"https:\\\/\\\/www.24gliwice.pl\\\/wiadomosci\\\/tunel-w-ciagu-dts-bedzie-zamykany-rowniez-w-ten-weekend-w-sumie-na-23-godziny\\\/\"]}]},{\"@type\":\"ImageObject\",\"inLanguage\":\"pl-PL\",\"@id\":\"https:\\\/\\\/www.24gliwice.pl\\\/wiadomosci\\\/tunel-w-ciagu-dts-bedzie-zamykany-rowniez-w-ten-weekend-w-sumie-na-23-godziny\\\/#primaryimage\",\"url\":\"https:\\\/\\\/www.24gliwice.pl\\\/wiadomosci\\\/wp-content\\\/uploads\\\/2019\\\/03\\\/1-dts-tunel.jpg\",\"contentUrl\":\"https:\\\/\\\/www.24gliwice.pl\\\/wiadomosci\\\/wp-content\\\/uploads\\\/2019\\\/03\\\/1-dts-tunel.jpg\",\"width\":810,\"height\":384,\"caption\":\"fot. pogl\u0105dowe\"},{\"@type\":\"BreadcrumbList\",\"@id\":\"https:\\\/\\\/www.24gliwice.pl\\\/wiadomosci\\\/tunel-w-ciagu-dts-bedzie-zamykany-rowniez-w-ten-weekend-w-sumie-na-23-godziny\\\/#breadcrumb\",\"itemListElement\":[{\"@type\":\"ListItem\",\"position\":1,\"name\":\"Strona g\u0142\u00f3wna\",\"item\":\"https:\\\/\\\/www.24gliwice.pl\\\/wiadomosci\\\/\"},{\"@type\":\"ListItem\",\"position\":2,\"name\":\"Tunel w ci\u0105gu DT\u015a b\u0119dzie zamykany r\u00f3wnie\u017c w ten weekend. W sumie na 23 godziny\"}]},{\"@type\":\"WebSite\",\"@id\":\"https:\\\/\\\/www.24gliwice.pl\\\/wiadomosci\\\/#website\",\"url\":\"https:\\\/\\\/www.24gliwice.pl\\\/wiadomosci\\\/\",\"name\":\"24GLIWICE - Portal Gliwice | codziennie nowe wiadomo\u015bci\",\"description\":\"Portal Miejski Gliwice\",\"publisher\":{\"@id\":\"https:\\\/\\\/www.24gliwice.pl\\\/wiadomosci\\\/#organization\"},\"potentialAction\":[{\"@type\":\"SearchAction\",\"target\":{\"@type\":\"EntryPoint\",\"urlTemplate\":\"https:\\\/\\\/www.24gliwice.pl\\\/wiadomosci\\\/?s={search_term_string}\"},\"query-input\":{\"@type\":\"PropertyValueSpecification\",\"valueRequired\":true,\"valueName\":\"search_term_string\"}}],\"inLanguage\":\"pl-PL\"},{\"@type\":\"Organization\",\"@id\":\"https:\\\/\\\/www.24gliwice.pl\\\/wiadomosci\\\/#organization\",\"name\":\"24gliwice\",\"url\":\"https:\\\/\\\/www.24gliwice.pl\\\/wiadomosci\\\/\",\"logo\":{\"@type\":\"ImageObject\",\"inLanguage\":\"pl-PL\",\"@id\":\"https:\\\/\\\/www.24gliwice.pl\\\/wiadomosci\\\/#\\\/schema\\\/logo\\\/image\\\/\",\"url\":\"https:\\\/\\\/www.24gliwice.pl\\\/wiadomosci\\\/wp-content\\\/uploads\\\/2024\\\/10\\\/24gliwice-logo-696.jpg\",\"contentUrl\":\"https:\\\/\\\/www.24gliwice.pl\\\/wiadomosci\\\/wp-content\\\/uploads\\\/2024\\\/10\\\/24gliwice-logo-696.jpg\",\"width\":696,\"height\":696,\"caption\":\"24gliwice\"},\"image\":{\"@id\":\"https:\\\/\\\/www.24gliwice.pl\\\/wiadomosci\\\/#\\\/schema\\\/logo\\\/image\\\/\"},\"sameAs\":[\"https:\\\/\\\/www.facebook.com\\\/24gliwice\",\"https:\\\/\\\/x.com\\\/24gliwice\",\"https:\\\/\\\/www.youtube.com\\\/@24gliwice\"]},{\"@type\":\"Person\",\"@id\":\"https:\\\/\\\/www.24gliwice.pl\\\/wiadomosci\\\/#\\\/schema\\\/person\\\/e42c650edd7f2fa332be3811fb166b6e\",\"name\":\"\u017baneta Mrozek-Siewierska\",\"image\":{\"@type\":\"ImageObject\",\"inLanguage\":\"pl-PL\",\"@id\":\"https:\\\/\\\/secure.gravatar.com\\\/avatar\\\/1881429e9c64597c77ad7aef2d0a19be69a3253e57534d16aa15bf3a4d34a0a3?s=96&d=mm&r=g\",\"url\":\"https:\\\/\\\/secure.gravatar.com\\\/avatar\\\/1881429e9c64597c77ad7aef2d0a19be69a3253e57534d16aa15bf3a4d34a0a3?s=96&d=mm&r=g\",\"contentUrl\":\"https:\\\/\\\/secure.gravatar.com\\\/avatar\\\/1881429e9c64597c77ad7aef2d0a19be69a3253e57534d16aa15bf3a4d34a0a3?s=96&d=mm&r=g\",\"caption\":\"\u017baneta Mrozek-Siewierska\"},\"url\":\"https:\\\/\\\/www.24gliwice.pl\\\/wiadomosci\\\/author\\\/zms\\\/\"}]}<\/script>\n<!-- \/ Yoast SEO plugin. -->","yoast_head_json":{"title":"Tunel w ci\u0105gu DT\u015a b\u0119dzie zamykany r\u00f3wnie\u017c w ten weekend. W sumie na 23 godziny - 24GLIWICE - Portal Gliwice | codziennie nowe informacje","robots":{"index":"index","follow":"follow","max-snippet":"max-snippet:-1","max-image-preview":"max-image-preview:large","max-video-preview":"max-video-preview:-1"},"canonical":"https:\/\/www.24gliwice.pl\/wiadomosci\/tunel-w-ciagu-dts-bedzie-zamykany-rowniez-w-ten-weekend-w-sumie-na-23-godziny\/","og_locale":"pl_PL","og_type":"article","og_title":"Tunel w ci\u0105gu DT\u015a b\u0119dzie zamykany r\u00f3wnie\u017c w ten weekend. W sumie na 23 godziny - 24GLIWICE - Portal Gliwice | codziennie nowe informacje","og_description":"W najbli\u017cszy weekend tunel w ci\u0105gu Drogowej Trasy \u015arednicowej b\u0119dzie wy\u0142\u0105czany z ruchu. Utrudnie\u0144 drogowych i objazdu nale\u017cy spodziewa\u0107 si\u0119 g\u0142\u00f3wnie noc\u0105. Tunel b\u0119dzie zamkni\u0119ty z 16 na 17 marca, w godzinach od 22:00 do 10:00 oraz z 17 na 18 marca, w godzinach od 18:00 do 5:00. Jad\u0105cy w kierunku Strzelec Opolskich b\u0119d\u0105 kierowani [&hellip;]","og_url":"https:\/\/www.24gliwice.pl\/wiadomosci\/tunel-w-ciagu-dts-bedzie-zamykany-rowniez-w-ten-weekend-w-sumie-na-23-godziny\/","og_site_name":"24GLIWICE - Portal Gliwice | codziennie nowe informacje","article_publisher":"https:\/\/www.facebook.com\/24gliwice","article_published_time":"2019-03-15T12:04:05+00:00","article_modified_time":"2019-03-15T14:06:02+00:00","og_image":[{"width":810,"height":384,"url":"https:\/\/www.24gliwice.pl\/wiadomosci\/wp-content\/uploads\/2019\/03\/1-dts-tunel.jpg","type":"image\/jpeg"}],"author":"\u017baneta Mrozek-Siewierska","twitter_card":"summary_large_image","twitter_creator":"@24gliwice","twitter_site":"@24gliwice","twitter_misc":{"Napisane przez":"\u017baneta Mrozek-Siewierska","Szacowany czas czytania":"1 minuta"},"schema":{"@context":"https:\/\/schema.org","@graph":[{"@type":"Article","@id":"https:\/\/www.24gliwice.pl\/wiadomosci\/tunel-w-ciagu-dts-bedzie-zamykany-rowniez-w-ten-weekend-w-sumie-na-23-godziny\/#article","isPartOf":{"@id":"https:\/\/www.24gliwice.pl\/wiadomosci\/tunel-w-ciagu-dts-bedzie-zamykany-rowniez-w-ten-weekend-w-sumie-na-23-godziny\/"},"author":{"name":"\u017baneta Mrozek-Siewierska","@id":"https:\/\/www.24gliwice.pl\/wiadomosci\/#\/schema\/person\/e42c650edd7f2fa332be3811fb166b6e"},"headline":"Tunel w ci\u0105gu DT\u015a b\u0119dzie zamykany r\u00f3wnie\u017c w ten weekend. W sumie na 23 godziny","datePublished":"2019-03-15T12:04:05+00:00","dateModified":"2019-03-15T14:06:02+00:00","mainEntityOfPage":{"@id":"https:\/\/www.24gliwice.pl\/wiadomosci\/tunel-w-ciagu-dts-bedzie-zamykany-rowniez-w-ten-weekend-w-sumie-na-23-godziny\/"},"wordCount":146,"commentCount":0,"publisher":{"@id":"https:\/\/www.24gliwice.pl\/wiadomosci\/#organization"},"image":{"@id":"https:\/\/www.24gliwice.pl\/wiadomosci\/tunel-w-ciagu-dts-bedzie-zamykany-rowniez-w-ten-weekend-w-sumie-na-23-godziny\/#primaryimage"},"thumbnailUrl":"https:\/\/www.24gliwice.pl\/wiadomosci\/wp-content\/uploads\/2019\/03\/1-dts-tunel.jpg","keywords":["DT\u015a","OBJAZD","\u015aREDNIC\u00d3WKA","TUNEL DT\u015a","zamkni\u0119ty tunel dt\u015b","ZMIANA ORGANIZACJI RUCHU"],"articleSection":["Gliwice","Najnowsze wiadomo\u015bci"],"inLanguage":"pl-PL","potentialAction":[{"@type":"CommentAction","name":"Comment","target":["https:\/\/www.24gliwice.pl\/wiadomosci\/tunel-w-ciagu-dts-bedzie-zamykany-rowniez-w-ten-weekend-w-sumie-na-23-godziny\/#respond"]}]},{"@type":"WebPage","@id":"https:\/\/www.24gliwice.pl\/wiadomosci\/tunel-w-ciagu-dts-bedzie-zamykany-rowniez-w-ten-weekend-w-sumie-na-23-godziny\/","url":"https:\/\/www.24gliwice.pl\/wiadomosci\/tunel-w-ciagu-dts-bedzie-zamykany-rowniez-w-ten-weekend-w-sumie-na-23-godziny\/","name":"Tunel w ci\u0105gu DT\u015a b\u0119dzie zamykany r\u00f3wnie\u017c w ten weekend. W sumie na 23 godziny - 24GLIWICE - Portal Gliwice | codziennie nowe informacje","isPartOf":{"@id":"https:\/\/www.24gliwice.pl\/wiadomosci\/#website"},"primaryImageOfPage":{"@id":"https:\/\/www.24gliwice.pl\/wiadomosci\/tunel-w-ciagu-dts-bedzie-zamykany-rowniez-w-ten-weekend-w-sumie-na-23-godziny\/#primaryimage"},"image":{"@id":"https:\/\/www.24gliwice.pl\/wiadomosci\/tunel-w-ciagu-dts-bedzie-zamykany-rowniez-w-ten-weekend-w-sumie-na-23-godziny\/#primaryimage"},"thumbnailUrl":"https:\/\/www.24gliwice.pl\/wiadomosci\/wp-content\/uploads\/2019\/03\/1-dts-tunel.jpg","datePublished":"2019-03-15T12:04:05+00:00","dateModified":"2019-03-15T14:06:02+00:00","breadcrumb":{"@id":"https:\/\/www.24gliwice.pl\/wiadomosci\/tunel-w-ciagu-dts-bedzie-zamykany-rowniez-w-ten-weekend-w-sumie-na-23-godziny\/#breadcrumb"},"inLanguage":"pl-PL","potentialAction":[{"@type":"ReadAction","target":["https:\/\/www.24gliwice.pl\/wiadomosci\/tunel-w-ciagu-dts-bedzie-zamykany-rowniez-w-ten-weekend-w-sumie-na-23-godziny\/"]}]},{"@type":"ImageObject","inLanguage":"pl-PL","@id":"https:\/\/www.24gliwice.pl\/wiadomosci\/tunel-w-ciagu-dts-bedzie-zamykany-rowniez-w-ten-weekend-w-sumie-na-23-godziny\/#primaryimage","url":"https:\/\/www.24gliwice.pl\/wiadomosci\/wp-content\/uploads\/2019\/03\/1-dts-tunel.jpg","contentUrl":"https:\/\/www.24gliwice.pl\/wiadomosci\/wp-content\/uploads\/2019\/03\/1-dts-tunel.jpg","width":810,"height":384,"caption":"fot. pogl\u0105dowe"},{"@type":"BreadcrumbList","@id":"https:\/\/www.24gliwice.pl\/wiadomosci\/tunel-w-ciagu-dts-bedzie-zamykany-rowniez-w-ten-weekend-w-sumie-na-23-godziny\/#breadcrumb","itemListElement":[{"@type":"ListItem","position":1,"name":"Strona g\u0142\u00f3wna","item":"https:\/\/www.24gliwice.pl\/wiadomosci\/"},{"@type":"ListItem","position":2,"name":"Tunel w ci\u0105gu DT\u015a b\u0119dzie zamykany r\u00f3wnie\u017c w ten weekend. W sumie na 23 godziny"}]},{"@type":"WebSite","@id":"https:\/\/www.24gliwice.pl\/wiadomosci\/#website","url":"https:\/\/www.24gliwice.pl\/wiadomosci\/","name":"24GLIWICE - Portal Gliwice | codziennie nowe wiadomo\u015bci","description":"Portal Miejski Gliwice","publisher":{"@id":"https:\/\/www.24gliwice.pl\/wiadomosci\/#organization"},"potentialAction":[{"@type":"SearchAction","target":{"@type":"EntryPoint","urlTemplate":"https:\/\/www.24gliwice.pl\/wiadomosci\/?s={search_term_string}"},"query-input":{"@type":"PropertyValueSpecification","valueRequired":true,"valueName":"search_term_string"}}],"inLanguage":"pl-PL"},{"@type":"Organization","@id":"https:\/\/www.24gliwice.pl\/wiadomosci\/#organization","name":"24gliwice","url":"https:\/\/www.24gliwice.pl\/wiadomosci\/","logo":{"@type":"ImageObject","inLanguage":"pl-PL","@id":"https:\/\/www.24gliwice.pl\/wiadomosci\/#\/schema\/logo\/image\/","url":"https:\/\/www.24gliwice.pl\/wiadomosci\/wp-content\/uploads\/2024\/10\/24gliwice-logo-696.jpg","contentUrl":"https:\/\/www.24gliwice.pl\/wiadomosci\/wp-content\/uploads\/2024\/10\/24gliwice-logo-696.jpg","width":696,"height":696,"caption":"24gliwice"},"image":{"@id":"https:\/\/www.24gliwice.pl\/wiadomosci\/#\/schema\/logo\/image\/"},"sameAs":["https:\/\/www.facebook.com\/24gliwice","https:\/\/x.com\/24gliwice","https:\/\/www.youtube.com\/@24gliwice"]},{"@type":"Person","@id":"https:\/\/www.24gliwice.pl\/wiadomosci\/#\/schema\/person\/e42c650edd7f2fa332be3811fb166b6e","name":"\u017baneta Mrozek-Siewierska","image":{"@type":"ImageObject","inLanguage":"pl-PL","@id":"https:\/\/secure.gravatar.com\/avatar\/1881429e9c64597c77ad7aef2d0a19be69a3253e57534d16aa15bf3a4d34a0a3?s=96&d=mm&r=g","url":"https:\/\/secure.gravatar.com\/avatar\/1881429e9c64597c77ad7aef2d0a19be69a3253e57534d16aa15bf3a4d34a0a3?s=96&d=mm&r=g","contentUrl":"https:\/\/secure.gravatar.com\/avatar\/1881429e9c64597c77ad7aef2d0a19be69a3253e57534d16aa15bf3a4d34a0a3?s=96&d=mm&r=g","caption":"\u017baneta Mrozek-Siewierska"},"url":"https:\/\/www.24gliwice.pl\/wiadomosci\/author\/zms\/"}]}},"_links":{"self":[{"href":"https:\/\/www.24gliwice.pl\/wiadomosci\/wp-json\/wp\/v2\/posts\/132129","targetHints":{"allow":["GET"]}}],"collection":[{"href":"https:\/\/www.24gliwice.pl\/wiadomosci\/wp-json\/wp\/v2\/posts"}],"about":[{"href":"https:\/\/www.24gliwice.pl\/wiadomosci\/wp-json\/wp\/v2\/types\/post"}],"author":[{"embeddable":true,"href":"https:\/\/www.24gliwice.pl\/wiadomosci\/wp-json\/wp\/v2\/users\/15"}],"replies":[{"embeddable":true,"href":"https:\/\/www.24gliwice.pl\/wiadomosci\/wp-json\/wp\/v2\/comments?post=132129"}],"version-history":[{"count":0,"href":"https:\/\/www.24gliwice.pl\/wiadomosci\/wp-json\/wp\/v2\/posts\/132129\/revisions"}],"wp:featuredmedia":[{"embeddable":true,"href":"https:\/\/www.24gliwice.pl\/wiadomosci\/wp-json\/wp\/v2\/media\/132137"}],"wp:attachment":[{"href":"https:\/\/www.24gliwice.pl\/wiadomosci\/wp-json\/wp\/v2\/media?parent=132129"}],"wp:term":[{"taxonomy":"category","embeddable":true,"href":"https:\/\/www.24gliwice.pl\/wiadomosci\/wp-json\/wp\/v2\/categories?post=132129"},{"taxonomy":"post_tag","embeddable":true,"href":"https:\/\/www.24gliwice.pl\/wiadomosci\/wp-json\/wp\/v2\/tags?post=132129"}],"curies":[{"name":"wp","href":"https:\/\/api.w.org\/{rel}","templated":true}]}}