{"id":132135,"date":"2019-03-18T13:00:52","date_gmt":"2019-03-18T12:00:52","guid":{"rendered":"https:\/\/www.24gliwice.pl\/wiadomosci\/?p=132135"},"modified":"2019-03-18T15:41:35","modified_gmt":"2019-03-18T14:41:35","slug":"miasto-sprzedaje-dawny-dom-dziecka-nr-2-nieruchomosc-od-ponad-roku-nie-jest-zamieszkana","status":"publish","type":"post","link":"https:\/\/www.24gliwice.pl\/wiadomosci\/miasto-sprzedaje-dawny-dom-dziecka-nr-2-nieruchomosc-od-ponad-roku-nie-jest-zamieszkana\/","title":{"rendered":"Miasto sprzedaje dawny Dom Dziecka nr 2. Nieruchomo\u015b\u0107 od ponad roku nie jest zamieszkana"},"content":{"rendered":"<div class=\"gliwi-a6-nad-leadem-artykulow gliwi-entity-placement\" id=\"gliwi-3577098713\"><div class=\"gliwi-adlabel\"><span style=\"font-size: 9px\">REKLAMA<\/span><\/div><div id=\"gliwi-3462265154\" style=\"margin-bottom: 25px;margin-left: auto;margin-right: auto;text-align: center;\"><a data-no-instant=\"1\" href=\"https:\/\/dom100.eu\/\" rel=\"noopener\" class=\"a2t-link\" target=\"_blank\" aria-label=\"20260415 DOM100 D\"><img loading=\"lazy\" decoding=\"async\" src=\"https:\/\/www.24gliwice.pl\/wiadomosci\/wp-content\/uploads\/2026\/04\/20260415-DOM100-D.jpg\" alt=\"\"  srcset=\"https:\/\/www.24gliwice.pl\/wiadomosci\/wp-content\/uploads\/2026\/04\/20260415-DOM100-D.jpg 750w, https:\/\/www.24gliwice.pl\/wiadomosci\/wp-content\/uploads\/2026\/04\/20260415-DOM100-D-410x109.jpg 410w\" sizes=\"(max-width: 750px) 100vw, 750px\" class=\"no-lazyload\" width=\"750\" height=\"200\"  style=\"display: inline-block; max-width: 100%; height: auto;\" \/><\/a><\/div><\/div><h3>Og\u0142oszono II przetarg nieograniczony na sprzeda\u017c prawa w\u0142asno\u015bci nieruchomo\u015bci po\u0142o\u017conej przy ulicy Zygmunta Starego 19. Za dzia\u0142k\u0119 wraz z trzykondygnacyjnym budynkiem miasto chcia\u0142oby uzyska\u0107 oko\u0142o 5 mln z\u0142otych.<\/h3>\n<p>Do ko\u0144ca 2017 roku przy ulicy Zygmunta Starego mie\u015bci\u0142a si\u0119 plac\u00f3wka Domu Dziecka nr 2. Od czasu jej przeniesienia na ulic\u0119 Dworcow\u0105, co mia\u0142o zwi\u0105zek ze zmian\u0105 modelu sprawowania pieczy zast\u0119pczej, budynek jest niewykorzystany.<\/p>\n<p>Aktualnie trwaj\u0105cy przetarg jest ju\u017c drug\u0105 pr\u00f3b\u0105 sprzeda\u017cy nieruchomo\u015bci. Pierwsze podej\u015bcie do tej kwestii mia\u0142o miejsce na pocz\u0105tku stycznia. Zako\u0144czy\u0142o si\u0119 wynikiem negatywnym.<\/p><div class=\"gliwi-a3-w-tresci-artykulow gliwi-entity-placement\" id=\"gliwi-4138067896\"><div class=\"gliwi-adlabel\"><span style=\"font-size: 9px\">REKLAMA<\/span><\/div><div id=\"gliwi-1431383498\" style=\"margin-bottom: 30px;margin-left: auto;margin-right: auto;text-align: center;\"><a data-no-instant=\"1\" href=\"https:\/\/zlobek.halogen.org.pl\/\" rel=\"noopener\" class=\"a2t-link\" target=\"_blank\" aria-label=\"animator-zlobek_750x200\"><img loading=\"lazy\" decoding=\"async\" src=\"https:\/\/www.24gliwice.pl\/wiadomosci\/wp-content\/uploads\/2026\/02\/animator-zlobek_750x200.webp\" alt=\"\"  srcset=\"https:\/\/www.24gliwice.pl\/wiadomosci\/wp-content\/uploads\/2026\/02\/animator-zlobek_750x200.webp 750w, https:\/\/www.24gliwice.pl\/wiadomosci\/wp-content\/uploads\/2026\/02\/animator-zlobek_750x200-410x109.webp 410w\" sizes=\"(max-width: 750px) 100vw, 750px\" class=\"no-lazyload\" width=\"750\" height=\"200\"  style=\"display: inline-block; max-width: 100%; height: auto;\" \/><\/a><\/div><\/div>\n[perfectpullquote align=&#8221;full&#8221; bordertop=&#8221;false&#8221; cite=&#8221;&#8221; link=&#8221;&#8221; color=&#8221;&#8221; class=&#8221;&#8221; size=&#8221;&#8221;]Na dzia\u0142ce o powierzchni 0,3033 hektara zlokalizowany jest budynek stanowi\u0105cy wcze\u015bniej o\u015brodek opieku\u0144czy. Jego powierzchnia wynosi prawie 1,8 tys. metr\u00f3w kwadratowych.[\/perfectpullquote]\n<p><img loading=\"lazy\" decoding=\"async\" src=\"https:\/\/www.24gliwice.pl\/wiadomosci\/wp-content\/uploads\/2019\/03\/1-dom-dziecka-gliwice-1.jpg\" alt=\"\" width=\"810\" height=\"456\" class=\"aligncenter size-full wp-image-132250\" srcset=\"https:\/\/www.24gliwice.pl\/wiadomosci\/wp-content\/uploads\/2019\/03\/1-dom-dziecka-gliwice-1.jpg 810w, https:\/\/www.24gliwice.pl\/wiadomosci\/wp-content\/uploads\/2019\/03\/1-dom-dziecka-gliwice-1-410x232.jpg 410w, https:\/\/www.24gliwice.pl\/wiadomosci\/wp-content\/uploads\/2019\/03\/1-dom-dziecka-gliwice-1-768x432.jpg 768w, https:\/\/www.24gliwice.pl\/wiadomosci\/wp-content\/uploads\/2019\/03\/1-dom-dziecka-gliwice-1-808x455.jpg 808w\" sizes=\"auto, (max-width: 810px) 100vw, 810px\" \/><\/p>\n<h4>Dom dziecka ma tu ponad 150 letni\u0105 histori\u0119<\/h4>\n<p>Jako dat\u0119 utworzenia katolickiego sieroci\u0144ca w Gliwicach przyjmuje si\u0119 rok 1862. W\u00f3wczas uko\u0144czono budow\u0119 budynku znajduj\u0105cego si\u0119 obecnie przy ulicy Zygmunta Starego. Obiekt powsta\u0142 za pieni\u0105dze pozyskane przez dw\u00f3ch duchownych z Gliwic, kt\u00f3rzy w tym celu udali si\u0119 na kwest\u0119 do kraj\u00f3w europejskich.<\/p>\n[perfectpullquote align=&#8221;full&#8221; bordertop=&#8221;false&#8221; cite=&#8221;&#8221; link=&#8221;&#8221; color=&#8221;&#8221; class=&#8221;&#8221; size=&#8221;&#8221;]Zebrano w\u00f3wczas 10 tysi\u0119cy talar\u00f3w, a wsparcie okaza\u0142 sam cesarz Fanciszek J\u00f3zef, kt\u00f3ry przekaza\u0142 na ten cel 300 gulden\u00f3w.[\/perfectpullquote]\n<p>Prowadzeniem plac\u00f3wki z przerwami zajmowa\u0142y si\u0119 siostry Boromeuszki. W 1960 roku o\u015brodek przekszta\u0142cono w Pa\u0144stwowy Dom Dziecka. W 1968 roku dosz\u0142o tam do po\u017caru, w wyniku kt\u00f3rego sp\u0142on\u0119\u0142y dokumenty dotycz\u0105ce wychowank\u00f3w i samego budynku. Kilkana\u015bcie lat p\u00f3\u017aniej przyst\u0105piono do jego generalnego remontu, kt\u00f3ry trwa\u0142 dwa lata.<\/p>\n[perfectpullquote align=&#8221;full&#8221; bordertop=&#8221;false&#8221; cite=&#8221;&#8221; link=&#8221;&#8221; color=&#8221;&#8221; class=&#8221;&#8221; size=&#8221;&#8221;]28 listopada 1986 roku odby\u0142o si\u0119 uroczyste otwarcie zmodernizowanego, podzielonego na wz\u00f3r mieszka\u0144 rodzinnych, domu dziecka.[\/perfectpullquote]\n<p>W kolejnych latach obiekt by\u0142 unowocze\u015bniany. Utworzono w nim mi\u0119dzy innymi aneksy kuchenne, pokoje dzienne, kameralne sypialnie, si\u0142owni\u0119, pracowni\u0119 komputerow\u0105. Opr\u00f3cz tego zaadaptowano na cele mieszkalne przybud\u00f3wk\u0119 oraz wyremontowano dla wychowank\u00f3w by\u0142e mieszkania s\u0142u\u017cbowe mieszcz\u0105ce si\u0119 przy budynku g\u0142\u00f3wnym. W tej formie plac\u00f3wka funkcjonowa\u0142a tam do ko\u0144ca 2017 roku otwieraj\u0105c w Gliwicach kolejne filie.<\/p>\n<p>(\u017cms)<br \/>\nHistoria budynku przy ul. Zygmunta Starego 19 za<a href=\"http:\/\/ddz2.rodzinazastepcza.gliwice.pl\/historia\/\" rel=\"noopener noreferrer\" target=\"_blank\"> Dom Dziecka nr 2.<\/a><\/p>\n<div class=\"gliwi-a5-na-koncu-artykulow gliwi-entity-placement\" id=\"gliwi-4049639525\"><div class=\"gliwi-adlabel\"><span style=\"font-size: 9px\">REKLAMA<\/span><\/div><div id=\"gliwi-1193461024\" style=\"margin-left: auto;margin-right: auto;text-align: center;\"><a data-no-instant=\"1\" href=\"https:\/\/prezeroarenagliwice.pl\/\" rel=\"noopener\" class=\"a2t-link\" target=\"_blank\" aria-label=\"20260309-PREZERO-WIOSNA-D\"><img loading=\"lazy\" decoding=\"async\" src=\"https:\/\/www.24gliwice.pl\/wiadomosci\/wp-content\/uploads\/2026\/03\/20260309-PREZERO-WIOSNA-D.webp\" alt=\"\"  srcset=\"https:\/\/www.24gliwice.pl\/wiadomosci\/wp-content\/uploads\/2026\/03\/20260309-PREZERO-WIOSNA-D.webp 750w, https:\/\/www.24gliwice.pl\/wiadomosci\/wp-content\/uploads\/2026\/03\/20260309-PREZERO-WIOSNA-D-410x109.webp 410w\" sizes=\"(max-width: 750px) 100vw, 750px\" class=\"no-lazyload\" width=\"750\" height=\"200\"  style=\"display: inline-block; max-width: 100%; height: auto;\" \/><\/a><\/div><\/div>","protected":false},"excerpt":{"rendered":"<p>Og\u0142oszono II przetarg nieograniczony na sprzeda\u017c prawa w\u0142asno\u015bci nieruchomo\u015bci po\u0142o\u017conej przy ulicy Zygmunta Starego 19. Za dzia\u0142k\u0119 wraz z trzykondygnacyjnym budynkiem miasto chcia\u0142oby uzyska\u0107 oko\u0142o 5 mln z\u0142otych. Do ko\u0144ca 2017 roku przy ulicy Zygmunta Starego mie\u015bci\u0142a si\u0119 plac\u00f3wka Domu Dziecka nr 2. Od czasu jej przeniesienia na ulic\u0119 Dworcow\u0105, co mia\u0142o zwi\u0105zek ze zmian\u0105 [&hellip;]<\/p>\n","protected":false},"author":15,"featured_media":132251,"comment_status":"open","ping_status":"closed","sticky":false,"template":"","format":"standard","meta":{"_monsterinsights_skip_tracking":false,"_monsterinsights_sitenote_active":false,"_monsterinsights_sitenote_note":"","_monsterinsights_sitenote_category":0,"footnotes":"","_links_to":"","_links_to_target":""},"categories":[3,1,9],"tags":[6793,15115,14385,4409],"class_list":["post-132135","post","type-post","status-publish","format-standard","has-post-thumbnail","hentry","category-gliwice","category-wszystko","category-aktualnosci_lokalne","tag-dom-dziecka","tag-dzialka-na-sprzedaz","tag-nieruchomosci","tag-zygmunta-starego"],"yoast_head":"<!-- This site is optimized with the Yoast SEO plugin v27.5 - https:\/\/yoast.com\/product\/yoast-seo-wordpress\/ -->\n<title>Miasto sprzedaje dawny Dom Dziecka nr 2. Nieruchomo\u015b\u0107 od ponad roku nie jest zamieszkana - 24GLIWICE - Portal Gliwice | codziennie nowe informacje<\/title>\n<meta name=\"robots\" content=\"index, follow, max-snippet:-1, max-image-preview:large, max-video-preview:-1\" \/>\n<link rel=\"canonical\" href=\"https:\/\/www.24gliwice.pl\/wiadomosci\/miasto-sprzedaje-dawny-dom-dziecka-nr-2-nieruchomosc-od-ponad-roku-nie-jest-zamieszkana\/\" \/>\n<meta property=\"og:locale\" content=\"pl_PL\" \/>\n<meta property=\"og:type\" content=\"article\" \/>\n<meta property=\"og:title\" content=\"Miasto sprzedaje dawny Dom Dziecka nr 2. Nieruchomo\u015b\u0107 od ponad roku nie jest zamieszkana - 24GLIWICE - Portal Gliwice | codziennie nowe informacje\" \/>\n<meta property=\"og:description\" content=\"Og\u0142oszono II przetarg nieograniczony na sprzeda\u017c prawa w\u0142asno\u015bci nieruchomo\u015bci po\u0142o\u017conej przy ulicy Zygmunta Starego 19. Za dzia\u0142k\u0119 wraz z trzykondygnacyjnym budynkiem miasto chcia\u0142oby uzyska\u0107 oko\u0142o 5 mln z\u0142otych. Do ko\u0144ca 2017 roku przy ulicy Zygmunta Starego mie\u015bci\u0142a si\u0119 plac\u00f3wka Domu Dziecka nr 2. Od czasu jej przeniesienia na ulic\u0119 Dworcow\u0105, co mia\u0142o zwi\u0105zek ze zmian\u0105 [&hellip;]\" \/>\n<meta property=\"og:url\" content=\"https:\/\/www.24gliwice.pl\/wiadomosci\/miasto-sprzedaje-dawny-dom-dziecka-nr-2-nieruchomosc-od-ponad-roku-nie-jest-zamieszkana\/\" \/>\n<meta property=\"og:site_name\" content=\"24GLIWICE - Portal Gliwice | codziennie nowe informacje\" \/>\n<meta property=\"article:publisher\" content=\"https:\/\/www.facebook.com\/24gliwice\" \/>\n<meta property=\"article:published_time\" content=\"2019-03-18T12:00:52+00:00\" \/>\n<meta property=\"article:modified_time\" content=\"2019-03-18T14:41:35+00:00\" \/>\n<meta property=\"og:image\" content=\"https:\/\/www.24gliwice.pl\/wiadomosci\/wp-content\/uploads\/2019\/03\/1-dom-dziecka-gliwice-2.jpg\" \/>\n\t<meta property=\"og:image:width\" content=\"810\" \/>\n\t<meta property=\"og:image:height\" content=\"456\" \/>\n\t<meta property=\"og:image:type\" content=\"image\/jpeg\" \/>\n<meta name=\"author\" content=\"\u017baneta Mrozek-Siewierska\" \/>\n<meta name=\"twitter:card\" content=\"summary_large_image\" \/>\n<meta name=\"twitter:creator\" content=\"@24gliwice\" \/>\n<meta name=\"twitter:site\" content=\"@24gliwice\" \/>\n<meta name=\"twitter:label1\" content=\"Napisane przez\" \/>\n\t<meta name=\"twitter:data1\" content=\"\u017baneta Mrozek-Siewierska\" \/>\n\t<meta name=\"twitter:label2\" content=\"Szacowany czas czytania\" \/>\n\t<meta name=\"twitter:data2\" content=\"2 minuty\" \/>\n<script type=\"application\/ld+json\" class=\"yoast-schema-graph\">{\"@context\":\"https:\\\/\\\/schema.org\",\"@graph\":[{\"@type\":\"Article\",\"@id\":\"https:\\\/\\\/www.24gliwice.pl\\\/wiadomosci\\\/miasto-sprzedaje-dawny-dom-dziecka-nr-2-nieruchomosc-od-ponad-roku-nie-jest-zamieszkana\\\/#article\",\"isPartOf\":{\"@id\":\"https:\\\/\\\/www.24gliwice.pl\\\/wiadomosci\\\/miasto-sprzedaje-dawny-dom-dziecka-nr-2-nieruchomosc-od-ponad-roku-nie-jest-zamieszkana\\\/\"},\"author\":{\"name\":\"\u017baneta Mrozek-Siewierska\",\"@id\":\"https:\\\/\\\/www.24gliwice.pl\\\/wiadomosci\\\/#\\\/schema\\\/person\\\/e42c650edd7f2fa332be3811fb166b6e\"},\"headline\":\"Miasto sprzedaje dawny Dom Dziecka nr 2. Nieruchomo\u015b\u0107 od ponad roku nie jest zamieszkana\",\"datePublished\":\"2019-03-18T12:00:52+00:00\",\"dateModified\":\"2019-03-18T14:41:35+00:00\",\"mainEntityOfPage\":{\"@id\":\"https:\\\/\\\/www.24gliwice.pl\\\/wiadomosci\\\/miasto-sprzedaje-dawny-dom-dziecka-nr-2-nieruchomosc-od-ponad-roku-nie-jest-zamieszkana\\\/\"},\"wordCount\":413,\"commentCount\":0,\"publisher\":{\"@id\":\"https:\\\/\\\/www.24gliwice.pl\\\/wiadomosci\\\/#organization\"},\"image\":{\"@id\":\"https:\\\/\\\/www.24gliwice.pl\\\/wiadomosci\\\/miasto-sprzedaje-dawny-dom-dziecka-nr-2-nieruchomosc-od-ponad-roku-nie-jest-zamieszkana\\\/#primaryimage\"},\"thumbnailUrl\":\"https:\\\/\\\/www.24gliwice.pl\\\/wiadomosci\\\/wp-content\\\/uploads\\\/2019\\\/03\\\/1-dom-dziecka-gliwice-2.jpg\",\"keywords\":[\"dom dziecka\",\"dzia\u0142ka na sprzeda\u017c\",\"NIERUCHOMO\u015aCI\",\"ZYGMUNTA STAREGO\"],\"articleSection\":[\"Gliwice\",\"Najnowsze wiadomo\u015bci\",\"Portal Gliwice - Wiadomo\u015bci lokalne\"],\"inLanguage\":\"pl-PL\",\"potentialAction\":[{\"@type\":\"CommentAction\",\"name\":\"Comment\",\"target\":[\"https:\\\/\\\/www.24gliwice.pl\\\/wiadomosci\\\/miasto-sprzedaje-dawny-dom-dziecka-nr-2-nieruchomosc-od-ponad-roku-nie-jest-zamieszkana\\\/#respond\"]}]},{\"@type\":\"WebPage\",\"@id\":\"https:\\\/\\\/www.24gliwice.pl\\\/wiadomosci\\\/miasto-sprzedaje-dawny-dom-dziecka-nr-2-nieruchomosc-od-ponad-roku-nie-jest-zamieszkana\\\/\",\"url\":\"https:\\\/\\\/www.24gliwice.pl\\\/wiadomosci\\\/miasto-sprzedaje-dawny-dom-dziecka-nr-2-nieruchomosc-od-ponad-roku-nie-jest-zamieszkana\\\/\",\"name\":\"Miasto sprzedaje dawny Dom Dziecka nr 2. Nieruchomo\u015b\u0107 od ponad roku nie jest zamieszkana - 24GLIWICE - Portal Gliwice | codziennie nowe informacje\",\"isPartOf\":{\"@id\":\"https:\\\/\\\/www.24gliwice.pl\\\/wiadomosci\\\/#website\"},\"primaryImageOfPage\":{\"@id\":\"https:\\\/\\\/www.24gliwice.pl\\\/wiadomosci\\\/miasto-sprzedaje-dawny-dom-dziecka-nr-2-nieruchomosc-od-ponad-roku-nie-jest-zamieszkana\\\/#primaryimage\"},\"image\":{\"@id\":\"https:\\\/\\\/www.24gliwice.pl\\\/wiadomosci\\\/miasto-sprzedaje-dawny-dom-dziecka-nr-2-nieruchomosc-od-ponad-roku-nie-jest-zamieszkana\\\/#primaryimage\"},\"thumbnailUrl\":\"https:\\\/\\\/www.24gliwice.pl\\\/wiadomosci\\\/wp-content\\\/uploads\\\/2019\\\/03\\\/1-dom-dziecka-gliwice-2.jpg\",\"datePublished\":\"2019-03-18T12:00:52+00:00\",\"dateModified\":\"2019-03-18T14:41:35+00:00\",\"breadcrumb\":{\"@id\":\"https:\\\/\\\/www.24gliwice.pl\\\/wiadomosci\\\/miasto-sprzedaje-dawny-dom-dziecka-nr-2-nieruchomosc-od-ponad-roku-nie-jest-zamieszkana\\\/#breadcrumb\"},\"inLanguage\":\"pl-PL\",\"potentialAction\":[{\"@type\":\"ReadAction\",\"target\":[\"https:\\\/\\\/www.24gliwice.pl\\\/wiadomosci\\\/miasto-sprzedaje-dawny-dom-dziecka-nr-2-nieruchomosc-od-ponad-roku-nie-jest-zamieszkana\\\/\"]}]},{\"@type\":\"ImageObject\",\"inLanguage\":\"pl-PL\",\"@id\":\"https:\\\/\\\/www.24gliwice.pl\\\/wiadomosci\\\/miasto-sprzedaje-dawny-dom-dziecka-nr-2-nieruchomosc-od-ponad-roku-nie-jest-zamieszkana\\\/#primaryimage\",\"url\":\"https:\\\/\\\/www.24gliwice.pl\\\/wiadomosci\\\/wp-content\\\/uploads\\\/2019\\\/03\\\/1-dom-dziecka-gliwice-2.jpg\",\"contentUrl\":\"https:\\\/\\\/www.24gliwice.pl\\\/wiadomosci\\\/wp-content\\\/uploads\\\/2019\\\/03\\\/1-dom-dziecka-gliwice-2.jpg\",\"width\":810,\"height\":456},{\"@type\":\"BreadcrumbList\",\"@id\":\"https:\\\/\\\/www.24gliwice.pl\\\/wiadomosci\\\/miasto-sprzedaje-dawny-dom-dziecka-nr-2-nieruchomosc-od-ponad-roku-nie-jest-zamieszkana\\\/#breadcrumb\",\"itemListElement\":[{\"@type\":\"ListItem\",\"position\":1,\"name\":\"Strona g\u0142\u00f3wna\",\"item\":\"https:\\\/\\\/www.24gliwice.pl\\\/wiadomosci\\\/\"},{\"@type\":\"ListItem\",\"position\":2,\"name\":\"Miasto sprzedaje dawny Dom Dziecka nr 2. Nieruchomo\u015b\u0107 od ponad roku nie jest zamieszkana\"}]},{\"@type\":\"WebSite\",\"@id\":\"https:\\\/\\\/www.24gliwice.pl\\\/wiadomosci\\\/#website\",\"url\":\"https:\\\/\\\/www.24gliwice.pl\\\/wiadomosci\\\/\",\"name\":\"24GLIWICE - Portal Gliwice | codziennie nowe wiadomo\u015bci\",\"description\":\"Portal Miejski Gliwice\",\"publisher\":{\"@id\":\"https:\\\/\\\/www.24gliwice.pl\\\/wiadomosci\\\/#organization\"},\"potentialAction\":[{\"@type\":\"SearchAction\",\"target\":{\"@type\":\"EntryPoint\",\"urlTemplate\":\"https:\\\/\\\/www.24gliwice.pl\\\/wiadomosci\\\/?s={search_term_string}\"},\"query-input\":{\"@type\":\"PropertyValueSpecification\",\"valueRequired\":true,\"valueName\":\"search_term_string\"}}],\"inLanguage\":\"pl-PL\"},{\"@type\":\"Organization\",\"@id\":\"https:\\\/\\\/www.24gliwice.pl\\\/wiadomosci\\\/#organization\",\"name\":\"24gliwice\",\"url\":\"https:\\\/\\\/www.24gliwice.pl\\\/wiadomosci\\\/\",\"logo\":{\"@type\":\"ImageObject\",\"inLanguage\":\"pl-PL\",\"@id\":\"https:\\\/\\\/www.24gliwice.pl\\\/wiadomosci\\\/#\\\/schema\\\/logo\\\/image\\\/\",\"url\":\"https:\\\/\\\/www.24gliwice.pl\\\/wiadomosci\\\/wp-content\\\/uploads\\\/2024\\\/10\\\/24gliwice-logo-696.jpg\",\"contentUrl\":\"https:\\\/\\\/www.24gliwice.pl\\\/wiadomosci\\\/wp-content\\\/uploads\\\/2024\\\/10\\\/24gliwice-logo-696.jpg\",\"width\":696,\"height\":696,\"caption\":\"24gliwice\"},\"image\":{\"@id\":\"https:\\\/\\\/www.24gliwice.pl\\\/wiadomosci\\\/#\\\/schema\\\/logo\\\/image\\\/\"},\"sameAs\":[\"https:\\\/\\\/www.facebook.com\\\/24gliwice\",\"https:\\\/\\\/x.com\\\/24gliwice\",\"https:\\\/\\\/www.youtube.com\\\/@24gliwice\"]},{\"@type\":\"Person\",\"@id\":\"https:\\\/\\\/www.24gliwice.pl\\\/wiadomosci\\\/#\\\/schema\\\/person\\\/e42c650edd7f2fa332be3811fb166b6e\",\"name\":\"\u017baneta Mrozek-Siewierska\",\"image\":{\"@type\":\"ImageObject\",\"inLanguage\":\"pl-PL\",\"@id\":\"https:\\\/\\\/secure.gravatar.com\\\/avatar\\\/1881429e9c64597c77ad7aef2d0a19be69a3253e57534d16aa15bf3a4d34a0a3?s=96&d=mm&r=g\",\"url\":\"https:\\\/\\\/secure.gravatar.com\\\/avatar\\\/1881429e9c64597c77ad7aef2d0a19be69a3253e57534d16aa15bf3a4d34a0a3?s=96&d=mm&r=g\",\"contentUrl\":\"https:\\\/\\\/secure.gravatar.com\\\/avatar\\\/1881429e9c64597c77ad7aef2d0a19be69a3253e57534d16aa15bf3a4d34a0a3?s=96&d=mm&r=g\",\"caption\":\"\u017baneta Mrozek-Siewierska\"},\"url\":\"https:\\\/\\\/www.24gliwice.pl\\\/wiadomosci\\\/author\\\/zms\\\/\"}]}<\/script>\n<!-- \/ Yoast SEO plugin. -->","yoast_head_json":{"title":"Miasto sprzedaje dawny Dom Dziecka nr 2. Nieruchomo\u015b\u0107 od ponad roku nie jest zamieszkana - 24GLIWICE - Portal Gliwice | codziennie nowe informacje","robots":{"index":"index","follow":"follow","max-snippet":"max-snippet:-1","max-image-preview":"max-image-preview:large","max-video-preview":"max-video-preview:-1"},"canonical":"https:\/\/www.24gliwice.pl\/wiadomosci\/miasto-sprzedaje-dawny-dom-dziecka-nr-2-nieruchomosc-od-ponad-roku-nie-jest-zamieszkana\/","og_locale":"pl_PL","og_type":"article","og_title":"Miasto sprzedaje dawny Dom Dziecka nr 2. Nieruchomo\u015b\u0107 od ponad roku nie jest zamieszkana - 24GLIWICE - Portal Gliwice | codziennie nowe informacje","og_description":"Og\u0142oszono II przetarg nieograniczony na sprzeda\u017c prawa w\u0142asno\u015bci nieruchomo\u015bci po\u0142o\u017conej przy ulicy Zygmunta Starego 19. Za dzia\u0142k\u0119 wraz z trzykondygnacyjnym budynkiem miasto chcia\u0142oby uzyska\u0107 oko\u0142o 5 mln z\u0142otych. Do ko\u0144ca 2017 roku przy ulicy Zygmunta Starego mie\u015bci\u0142a si\u0119 plac\u00f3wka Domu Dziecka nr 2. Od czasu jej przeniesienia na ulic\u0119 Dworcow\u0105, co mia\u0142o zwi\u0105zek ze zmian\u0105 [&hellip;]","og_url":"https:\/\/www.24gliwice.pl\/wiadomosci\/miasto-sprzedaje-dawny-dom-dziecka-nr-2-nieruchomosc-od-ponad-roku-nie-jest-zamieszkana\/","og_site_name":"24GLIWICE - Portal Gliwice | codziennie nowe informacje","article_publisher":"https:\/\/www.facebook.com\/24gliwice","article_published_time":"2019-03-18T12:00:52+00:00","article_modified_time":"2019-03-18T14:41:35+00:00","og_image":[{"width":810,"height":456,"url":"https:\/\/www.24gliwice.pl\/wiadomosci\/wp-content\/uploads\/2019\/03\/1-dom-dziecka-gliwice-2.jpg","type":"image\/jpeg"}],"author":"\u017baneta Mrozek-Siewierska","twitter_card":"summary_large_image","twitter_creator":"@24gliwice","twitter_site":"@24gliwice","twitter_misc":{"Napisane przez":"\u017baneta Mrozek-Siewierska","Szacowany czas czytania":"2 minuty"},"schema":{"@context":"https:\/\/schema.org","@graph":[{"@type":"Article","@id":"https:\/\/www.24gliwice.pl\/wiadomosci\/miasto-sprzedaje-dawny-dom-dziecka-nr-2-nieruchomosc-od-ponad-roku-nie-jest-zamieszkana\/#article","isPartOf":{"@id":"https:\/\/www.24gliwice.pl\/wiadomosci\/miasto-sprzedaje-dawny-dom-dziecka-nr-2-nieruchomosc-od-ponad-roku-nie-jest-zamieszkana\/"},"author":{"name":"\u017baneta Mrozek-Siewierska","@id":"https:\/\/www.24gliwice.pl\/wiadomosci\/#\/schema\/person\/e42c650edd7f2fa332be3811fb166b6e"},"headline":"Miasto sprzedaje dawny Dom Dziecka nr 2. Nieruchomo\u015b\u0107 od ponad roku nie jest zamieszkana","datePublished":"2019-03-18T12:00:52+00:00","dateModified":"2019-03-18T14:41:35+00:00","mainEntityOfPage":{"@id":"https:\/\/www.24gliwice.pl\/wiadomosci\/miasto-sprzedaje-dawny-dom-dziecka-nr-2-nieruchomosc-od-ponad-roku-nie-jest-zamieszkana\/"},"wordCount":413,"commentCount":0,"publisher":{"@id":"https:\/\/www.24gliwice.pl\/wiadomosci\/#organization"},"image":{"@id":"https:\/\/www.24gliwice.pl\/wiadomosci\/miasto-sprzedaje-dawny-dom-dziecka-nr-2-nieruchomosc-od-ponad-roku-nie-jest-zamieszkana\/#primaryimage"},"thumbnailUrl":"https:\/\/www.24gliwice.pl\/wiadomosci\/wp-content\/uploads\/2019\/03\/1-dom-dziecka-gliwice-2.jpg","keywords":["dom dziecka","dzia\u0142ka na sprzeda\u017c","NIERUCHOMO\u015aCI","ZYGMUNTA STAREGO"],"articleSection":["Gliwice","Najnowsze wiadomo\u015bci","Portal Gliwice - Wiadomo\u015bci lokalne"],"inLanguage":"pl-PL","potentialAction":[{"@type":"CommentAction","name":"Comment","target":["https:\/\/www.24gliwice.pl\/wiadomosci\/miasto-sprzedaje-dawny-dom-dziecka-nr-2-nieruchomosc-od-ponad-roku-nie-jest-zamieszkana\/#respond"]}]},{"@type":"WebPage","@id":"https:\/\/www.24gliwice.pl\/wiadomosci\/miasto-sprzedaje-dawny-dom-dziecka-nr-2-nieruchomosc-od-ponad-roku-nie-jest-zamieszkana\/","url":"https:\/\/www.24gliwice.pl\/wiadomosci\/miasto-sprzedaje-dawny-dom-dziecka-nr-2-nieruchomosc-od-ponad-roku-nie-jest-zamieszkana\/","name":"Miasto sprzedaje dawny Dom Dziecka nr 2. Nieruchomo\u015b\u0107 od ponad roku nie jest zamieszkana - 24GLIWICE - Portal Gliwice | codziennie nowe informacje","isPartOf":{"@id":"https:\/\/www.24gliwice.pl\/wiadomosci\/#website"},"primaryImageOfPage":{"@id":"https:\/\/www.24gliwice.pl\/wiadomosci\/miasto-sprzedaje-dawny-dom-dziecka-nr-2-nieruchomosc-od-ponad-roku-nie-jest-zamieszkana\/#primaryimage"},"image":{"@id":"https:\/\/www.24gliwice.pl\/wiadomosci\/miasto-sprzedaje-dawny-dom-dziecka-nr-2-nieruchomosc-od-ponad-roku-nie-jest-zamieszkana\/#primaryimage"},"thumbnailUrl":"https:\/\/www.24gliwice.pl\/wiadomosci\/wp-content\/uploads\/2019\/03\/1-dom-dziecka-gliwice-2.jpg","datePublished":"2019-03-18T12:00:52+00:00","dateModified":"2019-03-18T14:41:35+00:00","breadcrumb":{"@id":"https:\/\/www.24gliwice.pl\/wiadomosci\/miasto-sprzedaje-dawny-dom-dziecka-nr-2-nieruchomosc-od-ponad-roku-nie-jest-zamieszkana\/#breadcrumb"},"inLanguage":"pl-PL","potentialAction":[{"@type":"ReadAction","target":["https:\/\/www.24gliwice.pl\/wiadomosci\/miasto-sprzedaje-dawny-dom-dziecka-nr-2-nieruchomosc-od-ponad-roku-nie-jest-zamieszkana\/"]}]},{"@type":"ImageObject","inLanguage":"pl-PL","@id":"https:\/\/www.24gliwice.pl\/wiadomosci\/miasto-sprzedaje-dawny-dom-dziecka-nr-2-nieruchomosc-od-ponad-roku-nie-jest-zamieszkana\/#primaryimage","url":"https:\/\/www.24gliwice.pl\/wiadomosci\/wp-content\/uploads\/2019\/03\/1-dom-dziecka-gliwice-2.jpg","contentUrl":"https:\/\/www.24gliwice.pl\/wiadomosci\/wp-content\/uploads\/2019\/03\/1-dom-dziecka-gliwice-2.jpg","width":810,"height":456},{"@type":"BreadcrumbList","@id":"https:\/\/www.24gliwice.pl\/wiadomosci\/miasto-sprzedaje-dawny-dom-dziecka-nr-2-nieruchomosc-od-ponad-roku-nie-jest-zamieszkana\/#breadcrumb","itemListElement":[{"@type":"ListItem","position":1,"name":"Strona g\u0142\u00f3wna","item":"https:\/\/www.24gliwice.pl\/wiadomosci\/"},{"@type":"ListItem","position":2,"name":"Miasto sprzedaje dawny Dom Dziecka nr 2. Nieruchomo\u015b\u0107 od ponad roku nie jest zamieszkana"}]},{"@type":"WebSite","@id":"https:\/\/www.24gliwice.pl\/wiadomosci\/#website","url":"https:\/\/www.24gliwice.pl\/wiadomosci\/","name":"24GLIWICE - Portal Gliwice | codziennie nowe wiadomo\u015bci","description":"Portal Miejski Gliwice","publisher":{"@id":"https:\/\/www.24gliwice.pl\/wiadomosci\/#organization"},"potentialAction":[{"@type":"SearchAction","target":{"@type":"EntryPoint","urlTemplate":"https:\/\/www.24gliwice.pl\/wiadomosci\/?s={search_term_string}"},"query-input":{"@type":"PropertyValueSpecification","valueRequired":true,"valueName":"search_term_string"}}],"inLanguage":"pl-PL"},{"@type":"Organization","@id":"https:\/\/www.24gliwice.pl\/wiadomosci\/#organization","name":"24gliwice","url":"https:\/\/www.24gliwice.pl\/wiadomosci\/","logo":{"@type":"ImageObject","inLanguage":"pl-PL","@id":"https:\/\/www.24gliwice.pl\/wiadomosci\/#\/schema\/logo\/image\/","url":"https:\/\/www.24gliwice.pl\/wiadomosci\/wp-content\/uploads\/2024\/10\/24gliwice-logo-696.jpg","contentUrl":"https:\/\/www.24gliwice.pl\/wiadomosci\/wp-content\/uploads\/2024\/10\/24gliwice-logo-696.jpg","width":696,"height":696,"caption":"24gliwice"},"image":{"@id":"https:\/\/www.24gliwice.pl\/wiadomosci\/#\/schema\/logo\/image\/"},"sameAs":["https:\/\/www.facebook.com\/24gliwice","https:\/\/x.com\/24gliwice","https:\/\/www.youtube.com\/@24gliwice"]},{"@type":"Person","@id":"https:\/\/www.24gliwice.pl\/wiadomosci\/#\/schema\/person\/e42c650edd7f2fa332be3811fb166b6e","name":"\u017baneta Mrozek-Siewierska","image":{"@type":"ImageObject","inLanguage":"pl-PL","@id":"https:\/\/secure.gravatar.com\/avatar\/1881429e9c64597c77ad7aef2d0a19be69a3253e57534d16aa15bf3a4d34a0a3?s=96&d=mm&r=g","url":"https:\/\/secure.gravatar.com\/avatar\/1881429e9c64597c77ad7aef2d0a19be69a3253e57534d16aa15bf3a4d34a0a3?s=96&d=mm&r=g","contentUrl":"https:\/\/secure.gravatar.com\/avatar\/1881429e9c64597c77ad7aef2d0a19be69a3253e57534d16aa15bf3a4d34a0a3?s=96&d=mm&r=g","caption":"\u017baneta Mrozek-Siewierska"},"url":"https:\/\/www.24gliwice.pl\/wiadomosci\/author\/zms\/"}]}},"_links":{"self":[{"href":"https:\/\/www.24gliwice.pl\/wiadomosci\/wp-json\/wp\/v2\/posts\/132135","targetHints":{"allow":["GET"]}}],"collection":[{"href":"https:\/\/www.24gliwice.pl\/wiadomosci\/wp-json\/wp\/v2\/posts"}],"about":[{"href":"https:\/\/www.24gliwice.pl\/wiadomosci\/wp-json\/wp\/v2\/types\/post"}],"author":[{"embeddable":true,"href":"https:\/\/www.24gliwice.pl\/wiadomosci\/wp-json\/wp\/v2\/users\/15"}],"replies":[{"embeddable":true,"href":"https:\/\/www.24gliwice.pl\/wiadomosci\/wp-json\/wp\/v2\/comments?post=132135"}],"version-history":[{"count":0,"href":"https:\/\/www.24gliwice.pl\/wiadomosci\/wp-json\/wp\/v2\/posts\/132135\/revisions"}],"wp:featuredmedia":[{"embeddable":true,"href":"https:\/\/www.24gliwice.pl\/wiadomosci\/wp-json\/wp\/v2\/media\/132251"}],"wp:attachment":[{"href":"https:\/\/www.24gliwice.pl\/wiadomosci\/wp-json\/wp\/v2\/media?parent=132135"}],"wp:term":[{"taxonomy":"category","embeddable":true,"href":"https:\/\/www.24gliwice.pl\/wiadomosci\/wp-json\/wp\/v2\/categories?post=132135"},{"taxonomy":"post_tag","embeddable":true,"href":"https:\/\/www.24gliwice.pl\/wiadomosci\/wp-json\/wp\/v2\/tags?post=132135"}],"curies":[{"name":"wp","href":"https:\/\/api.w.org\/{rel}","templated":true}]}}