{"id":132217,"date":"2019-03-18T10:29:18","date_gmt":"2019-03-18T09:29:18","guid":{"rendered":"https:\/\/www.24gliwice.pl\/wiadomosci\/?p=132217"},"modified":"2019-03-18T10:29:18","modified_gmt":"2019-03-18T09:29:18","slug":"mial-jechac-do-frankfurtu-szukac-nowej-pracy-gliwiczanin-zaginal-na-terenie-niemiec","status":"publish","type":"post","link":"https:\/\/www.24gliwice.pl\/wiadomosci\/mial-jechac-do-frankfurtu-szukac-nowej-pracy-gliwiczanin-zaginal-na-terenie-niemiec\/","title":{"rendered":"Mia\u0142 jecha\u0107 do Frankfurtu szuka\u0107 nowej pracy. Gliwiczanin zagin\u0105\u0142 na terenie Niemiec"},"content":{"rendered":"<div class=\"gliwi-a6-nad-leadem-artykulow gliwi-entity-placement\" id=\"gliwi-3619155899\"><div class=\"gliwi-adlabel\"><span style=\"font-size: 9px\">REKLAMA<\/span><\/div><div id=\"gliwi-2840938320\" style=\"margin-bottom: 25px;margin-left: auto;margin-right: auto;text-align: center;\"><a data-no-instant=\"1\" href=\"https:\/\/dom100.eu\/\" rel=\"noopener\" class=\"a2t-link\" target=\"_blank\" aria-label=\"20260415 DOM100 D\"><img loading=\"lazy\" decoding=\"async\" src=\"https:\/\/www.24gliwice.pl\/wiadomosci\/wp-content\/uploads\/2026\/04\/20260415-DOM100-D.jpg\" alt=\"\"  srcset=\"https:\/\/www.24gliwice.pl\/wiadomosci\/wp-content\/uploads\/2026\/04\/20260415-DOM100-D.jpg 750w, https:\/\/www.24gliwice.pl\/wiadomosci\/wp-content\/uploads\/2026\/04\/20260415-DOM100-D-410x109.jpg 410w\" sizes=\"(max-width: 750px) 100vw, 750px\" class=\"no-lazyload\" width=\"750\" height=\"200\"  style=\"display: inline-block; max-width: 100%; height: auto;\" \/><\/a><\/div><\/div><h3>Policja poszukuje zaginionego na terenie Niemiec gliwiczanina, S\u0142awomira Stasiaka. 50-letni m\u0119\u017cczyzna nie by\u0142 widziany od 24 lutego.<\/h3>\n<p>Czynno\u015bci poszukiwawcze rozpocz\u0119to 13 marca.<\/p>\n<p><strong>S\u0142awomir Stasiak<\/strong> opu\u015bci\u0142 mieszkanie w miejscowo\u015bci Gernsheim, gdzie pracowa\u0142, oko\u0142o godziny 11:00. Mia\u0142 uda\u0107 si\u0119 do Frankfurtu nad Menem, by znale\u017a\u0107 inn\u0105 prac\u0119. Od tego czasu nie nawi\u0105za\u0142 kontaktu z zamieszka\u0142\u0105 w Polsce rodzin\u0105.<\/p><div class=\"gliwi-a3-w-tresci-artykulow gliwi-entity-placement\" id=\"gliwi-3392180290\"><div class=\"gliwi-adlabel\"><span style=\"font-size: 9px\">REKLAMA<\/span><\/div><div id=\"gliwi-76002631\" style=\"margin-bottom: 30px;margin-left: auto;margin-right: auto;text-align: center;\"><a data-no-instant=\"1\" href=\"https:\/\/zlobek.halogen.org.pl\/\" rel=\"noopener\" class=\"a2t-link\" target=\"_blank\" aria-label=\"animator-zlobek_750x200\"><img loading=\"lazy\" decoding=\"async\" src=\"https:\/\/www.24gliwice.pl\/wiadomosci\/wp-content\/uploads\/2026\/02\/animator-zlobek_750x200.webp\" alt=\"\"  srcset=\"https:\/\/www.24gliwice.pl\/wiadomosci\/wp-content\/uploads\/2026\/02\/animator-zlobek_750x200.webp 750w, https:\/\/www.24gliwice.pl\/wiadomosci\/wp-content\/uploads\/2026\/02\/animator-zlobek_750x200-410x109.webp 410w\" sizes=\"(max-width: 750px) 100vw, 750px\" class=\"no-lazyload\" width=\"750\" height=\"200\"  style=\"display: inline-block; max-width: 100%; height: auto;\" \/><\/a><\/div><\/div>\n<p>Rysopis zaginionego: wiek z wygl\u0105du 50 \u2013 55 lat, wzrost 175 cm, szczup\u0142a budowa cia\u0142a, twarz poci\u0105g\u0142a, w\u0142osy kr\u00f3tkie (szatyn), zarost w postaci w\u0105sa, oczy koloru ciemnego, nos \u015bredni \u2013 prostolinijny i sp\u0142aszczony, uszy ma\u0142e i przylegaj\u0105ce, w uz\u0119bieniu widoczne braki.<\/p>\n[perfectpullquote align=&#8221;full&#8221; bordertop=&#8221;false&#8221; cite=&#8221;&#8221; link=&#8221;&#8221; color=&#8221;&#8221; class=&#8221;&#8221; size=&#8221;&#8221;]Ubi\u00f3r: prawdopodobnie granatowa bluza dresowa (zapinana na zamek), br\u0105zowe spodnie, czerwono-czarne sportowe buty.[\/perfectpullquote]\n<p>Przedmioty: dow\u00f3d osobisty, telefon kom\u00f3rkowy o numerze abonenckim 733 354 397 (obecnie wy\u0142\u0105czony).<\/p>\n<p>Wszelkie informacje mog\u0105ce przyczyni\u0107 si\u0119 do ustalenia to\u017csamo\u015bci zaginionego nale\u017cy kierowa\u0107 do Zespo\u0142u Poszukiwa\u0144 i Identyfikacji Os\u00f3b Wydzia\u0142u Kryminalnego KMP Gliwice, ul. Powsta\u0144c\u00f3w Warszawy 12, tel. 32 336 93 42, 32 336 93 09, 32 336 92 99 lub do najbli\u017cszej jednostki policji.<\/p>\n<p>(\u017cms)\/KMP Gliwice<\/p>\n<p><img loading=\"lazy\" decoding=\"async\" class=\"alignnone  wp-image-132220\" src=\"https:\/\/www.24gliwice.pl\/wiadomosci\/wp-content\/uploads\/2019\/03\/zaginiony-w-niemczech.png\" alt=\"\" width=\"1242\" height=\"1598\" srcset=\"https:\/\/www.24gliwice.pl\/wiadomosci\/wp-content\/uploads\/2019\/03\/zaginiony-w-niemczech.png 492w, https:\/\/www.24gliwice.pl\/wiadomosci\/wp-content\/uploads\/2019\/03\/zaginiony-w-niemczech-180x232.png 180w, https:\/\/www.24gliwice.pl\/wiadomosci\/wp-content\/uploads\/2019\/03\/zaginiony-w-niemczech-354x455.png 354w\" sizes=\"auto, (max-width: 1242px) 100vw, 1242px\" \/><\/p>\n<div class=\"gliwi-a5-na-koncu-artykulow gliwi-entity-placement\" id=\"gliwi-263356092\"><div class=\"gliwi-adlabel\"><span style=\"font-size: 9px\">REKLAMA<\/span><\/div><div id=\"gliwi-4066084134\" style=\"margin-left: auto;margin-right: auto;text-align: center;\"><a data-no-instant=\"1\" href=\"https:\/\/www.jasek.pl\/\" rel=\"noopener\" class=\"a2t-link\" target=\"_blank\" aria-label=\"20200401-jasek 600\"><img loading=\"lazy\" decoding=\"async\" src=\"https:\/\/www.24gliwice.pl\/wiadomosci\/wp-content\/uploads\/2020\/04\/20200401-jasek-600.jpg\" alt=\"\"  srcset=\"https:\/\/www.24gliwice.pl\/wiadomosci\/wp-content\/uploads\/2020\/04\/20200401-jasek-600.jpg 600w, https:\/\/www.24gliwice.pl\/wiadomosci\/wp-content\/uploads\/2020\/04\/20200401-jasek-600-410x109.jpg 410w\" sizes=\"(max-width: 600px) 100vw, 600px\" class=\"no-lazyload\" width=\"600\" height=\"160\"  style=\"display: inline-block; max-width: 100%; height: auto;\" \/><\/a><\/div><\/div>","protected":false},"excerpt":{"rendered":"<p>Policja poszukuje zaginionego na terenie Niemiec gliwiczanina, S\u0142awomira Stasiaka. 50-letni m\u0119\u017cczyzna nie by\u0142 widziany od 24 lutego. Czynno\u015bci poszukiwawcze rozpocz\u0119to 13 marca. S\u0142awomir Stasiak opu\u015bci\u0142 mieszkanie w miejscowo\u015bci Gernsheim, gdzie pracowa\u0142, oko\u0142o godziny 11:00. Mia\u0142 uda\u0107 si\u0119 do Frankfurtu nad Menem, by znale\u017a\u0107 inn\u0105 prac\u0119. Od tego czasu nie nawi\u0105za\u0142 kontaktu z zamieszka\u0142\u0105 w Polsce [&hellip;]<\/p>\n","protected":false},"author":15,"featured_media":132221,"comment_status":"closed","ping_status":"closed","sticky":false,"template":"","format":"standard","meta":{"_monsterinsights_skip_tracking":false,"_monsterinsights_sitenote_active":false,"_monsterinsights_sitenote_note":"","_monsterinsights_sitenote_category":0,"footnotes":"","_links_to":"","_links_to_target":""},"categories":[3,1,5],"tags":[1775,733,9043,15118,7766],"class_list":["post-132217","post","type-post","status-publish","format-standard","has-post-thumbnail","hentry","category-gliwice","category-wszystko","category-kryminalki","tag-kmp-gliwice","tag-policja","tag-poszukiwany","tag-zaginal-na-terenie-niemiec","tag-zaginiony"],"yoast_head":"<!-- This site is optimized with the Yoast SEO plugin v27.5 - https:\/\/yoast.com\/product\/yoast-seo-wordpress\/ -->\n<title>Mia\u0142 jecha\u0107 do Frankfurtu szuka\u0107 nowej pracy. Gliwiczanin zagin\u0105\u0142 na terenie Niemiec - 24GLIWICE - Portal Gliwice | codziennie nowe informacje<\/title>\n<meta name=\"robots\" content=\"index, follow, max-snippet:-1, max-image-preview:large, max-video-preview:-1\" \/>\n<link rel=\"canonical\" href=\"https:\/\/www.24gliwice.pl\/wiadomosci\/mial-jechac-do-frankfurtu-szukac-nowej-pracy-gliwiczanin-zaginal-na-terenie-niemiec\/\" \/>\n<meta property=\"og:locale\" content=\"pl_PL\" \/>\n<meta property=\"og:type\" content=\"article\" \/>\n<meta property=\"og:title\" content=\"Mia\u0142 jecha\u0107 do Frankfurtu szuka\u0107 nowej pracy. Gliwiczanin zagin\u0105\u0142 na terenie Niemiec - 24GLIWICE - Portal Gliwice | codziennie nowe informacje\" \/>\n<meta property=\"og:description\" content=\"Policja poszukuje zaginionego na terenie Niemiec gliwiczanina, S\u0142awomira Stasiaka. 50-letni m\u0119\u017cczyzna nie by\u0142 widziany od 24 lutego. Czynno\u015bci poszukiwawcze rozpocz\u0119to 13 marca. S\u0142awomir Stasiak opu\u015bci\u0142 mieszkanie w miejscowo\u015bci Gernsheim, gdzie pracowa\u0142, oko\u0142o godziny 11:00. Mia\u0142 uda\u0107 si\u0119 do Frankfurtu nad Menem, by znale\u017a\u0107 inn\u0105 prac\u0119. Od tego czasu nie nawi\u0105za\u0142 kontaktu z zamieszka\u0142\u0105 w Polsce [&hellip;]\" \/>\n<meta property=\"og:url\" content=\"https:\/\/www.24gliwice.pl\/wiadomosci\/mial-jechac-do-frankfurtu-szukac-nowej-pracy-gliwiczanin-zaginal-na-terenie-niemiec\/\" \/>\n<meta property=\"og:site_name\" content=\"24GLIWICE - Portal Gliwice | codziennie nowe informacje\" \/>\n<meta property=\"article:publisher\" content=\"https:\/\/www.facebook.com\/24gliwice\" \/>\n<meta property=\"article:published_time\" content=\"2019-03-18T09:29:18+00:00\" \/>\n<meta property=\"og:image\" content=\"https:\/\/www.24gliwice.pl\/wiadomosci\/wp-content\/uploads\/2019\/03\/zaginiony-w-niemczech2.jpg\" \/>\n\t<meta property=\"og:image:width\" content=\"810\" \/>\n\t<meta property=\"og:image:height\" content=\"456\" \/>\n\t<meta property=\"og:image:type\" content=\"image\/jpeg\" \/>\n<meta name=\"author\" content=\"\u017baneta Mrozek-Siewierska\" \/>\n<meta name=\"twitter:card\" content=\"summary_large_image\" \/>\n<meta name=\"twitter:creator\" content=\"@24gliwice\" \/>\n<meta name=\"twitter:site\" content=\"@24gliwice\" \/>\n<meta name=\"twitter:label1\" content=\"Napisane przez\" \/>\n\t<meta name=\"twitter:data1\" content=\"\u017baneta Mrozek-Siewierska\" \/>\n\t<meta name=\"twitter:label2\" content=\"Szacowany czas czytania\" \/>\n\t<meta name=\"twitter:data2\" content=\"1 minuta\" \/>\n<script type=\"application\/ld+json\" class=\"yoast-schema-graph\">{\"@context\":\"https:\\\/\\\/schema.org\",\"@graph\":[{\"@type\":\"Article\",\"@id\":\"https:\\\/\\\/www.24gliwice.pl\\\/wiadomosci\\\/mial-jechac-do-frankfurtu-szukac-nowej-pracy-gliwiczanin-zaginal-na-terenie-niemiec\\\/#article\",\"isPartOf\":{\"@id\":\"https:\\\/\\\/www.24gliwice.pl\\\/wiadomosci\\\/mial-jechac-do-frankfurtu-szukac-nowej-pracy-gliwiczanin-zaginal-na-terenie-niemiec\\\/\"},\"author\":{\"name\":\"\u017baneta Mrozek-Siewierska\",\"@id\":\"https:\\\/\\\/www.24gliwice.pl\\\/wiadomosci\\\/#\\\/schema\\\/person\\\/e42c650edd7f2fa332be3811fb166b6e\"},\"headline\":\"Mia\u0142 jecha\u0107 do Frankfurtu szuka\u0107 nowej pracy. Gliwiczanin zagin\u0105\u0142 na terenie Niemiec\",\"datePublished\":\"2019-03-18T09:29:18+00:00\",\"mainEntityOfPage\":{\"@id\":\"https:\\\/\\\/www.24gliwice.pl\\\/wiadomosci\\\/mial-jechac-do-frankfurtu-szukac-nowej-pracy-gliwiczanin-zaginal-na-terenie-niemiec\\\/\"},\"wordCount\":204,\"publisher\":{\"@id\":\"https:\\\/\\\/www.24gliwice.pl\\\/wiadomosci\\\/#organization\"},\"image\":{\"@id\":\"https:\\\/\\\/www.24gliwice.pl\\\/wiadomosci\\\/mial-jechac-do-frankfurtu-szukac-nowej-pracy-gliwiczanin-zaginal-na-terenie-niemiec\\\/#primaryimage\"},\"thumbnailUrl\":\"https:\\\/\\\/www.24gliwice.pl\\\/wiadomosci\\\/wp-content\\\/uploads\\\/2019\\\/03\\\/zaginiony-w-niemczech2.jpg\",\"keywords\":[\"KMP GLIWICE\",\"POLICJA\",\"POSZUKIWANY\",\"zagin\u0105\u0142 na terenie niemiec\",\"ZAGINIONY\"],\"articleSection\":[\"Gliwice\",\"Najnowsze wiadomo\u015bci\",\"Prawo\"],\"inLanguage\":\"pl-PL\"},{\"@type\":\"WebPage\",\"@id\":\"https:\\\/\\\/www.24gliwice.pl\\\/wiadomosci\\\/mial-jechac-do-frankfurtu-szukac-nowej-pracy-gliwiczanin-zaginal-na-terenie-niemiec\\\/\",\"url\":\"https:\\\/\\\/www.24gliwice.pl\\\/wiadomosci\\\/mial-jechac-do-frankfurtu-szukac-nowej-pracy-gliwiczanin-zaginal-na-terenie-niemiec\\\/\",\"name\":\"Mia\u0142 jecha\u0107 do Frankfurtu szuka\u0107 nowej pracy. Gliwiczanin zagin\u0105\u0142 na terenie Niemiec - 24GLIWICE - Portal Gliwice | codziennie nowe informacje\",\"isPartOf\":{\"@id\":\"https:\\\/\\\/www.24gliwice.pl\\\/wiadomosci\\\/#website\"},\"primaryImageOfPage\":{\"@id\":\"https:\\\/\\\/www.24gliwice.pl\\\/wiadomosci\\\/mial-jechac-do-frankfurtu-szukac-nowej-pracy-gliwiczanin-zaginal-na-terenie-niemiec\\\/#primaryimage\"},\"image\":{\"@id\":\"https:\\\/\\\/www.24gliwice.pl\\\/wiadomosci\\\/mial-jechac-do-frankfurtu-szukac-nowej-pracy-gliwiczanin-zaginal-na-terenie-niemiec\\\/#primaryimage\"},\"thumbnailUrl\":\"https:\\\/\\\/www.24gliwice.pl\\\/wiadomosci\\\/wp-content\\\/uploads\\\/2019\\\/03\\\/zaginiony-w-niemczech2.jpg\",\"datePublished\":\"2019-03-18T09:29:18+00:00\",\"breadcrumb\":{\"@id\":\"https:\\\/\\\/www.24gliwice.pl\\\/wiadomosci\\\/mial-jechac-do-frankfurtu-szukac-nowej-pracy-gliwiczanin-zaginal-na-terenie-niemiec\\\/#breadcrumb\"},\"inLanguage\":\"pl-PL\",\"potentialAction\":[{\"@type\":\"ReadAction\",\"target\":[\"https:\\\/\\\/www.24gliwice.pl\\\/wiadomosci\\\/mial-jechac-do-frankfurtu-szukac-nowej-pracy-gliwiczanin-zaginal-na-terenie-niemiec\\\/\"]}]},{\"@type\":\"ImageObject\",\"inLanguage\":\"pl-PL\",\"@id\":\"https:\\\/\\\/www.24gliwice.pl\\\/wiadomosci\\\/mial-jechac-do-frankfurtu-szukac-nowej-pracy-gliwiczanin-zaginal-na-terenie-niemiec\\\/#primaryimage\",\"url\":\"https:\\\/\\\/www.24gliwice.pl\\\/wiadomosci\\\/wp-content\\\/uploads\\\/2019\\\/03\\\/zaginiony-w-niemczech2.jpg\",\"contentUrl\":\"https:\\\/\\\/www.24gliwice.pl\\\/wiadomosci\\\/wp-content\\\/uploads\\\/2019\\\/03\\\/zaginiony-w-niemczech2.jpg\",\"width\":810,\"height\":456},{\"@type\":\"BreadcrumbList\",\"@id\":\"https:\\\/\\\/www.24gliwice.pl\\\/wiadomosci\\\/mial-jechac-do-frankfurtu-szukac-nowej-pracy-gliwiczanin-zaginal-na-terenie-niemiec\\\/#breadcrumb\",\"itemListElement\":[{\"@type\":\"ListItem\",\"position\":1,\"name\":\"Strona g\u0142\u00f3wna\",\"item\":\"https:\\\/\\\/www.24gliwice.pl\\\/wiadomosci\\\/\"},{\"@type\":\"ListItem\",\"position\":2,\"name\":\"Mia\u0142 jecha\u0107 do Frankfurtu szuka\u0107 nowej pracy. Gliwiczanin zagin\u0105\u0142 na terenie Niemiec\"}]},{\"@type\":\"WebSite\",\"@id\":\"https:\\\/\\\/www.24gliwice.pl\\\/wiadomosci\\\/#website\",\"url\":\"https:\\\/\\\/www.24gliwice.pl\\\/wiadomosci\\\/\",\"name\":\"24GLIWICE - Portal Gliwice | codziennie nowe wiadomo\u015bci\",\"description\":\"Portal Miejski Gliwice\",\"publisher\":{\"@id\":\"https:\\\/\\\/www.24gliwice.pl\\\/wiadomosci\\\/#organization\"},\"potentialAction\":[{\"@type\":\"SearchAction\",\"target\":{\"@type\":\"EntryPoint\",\"urlTemplate\":\"https:\\\/\\\/www.24gliwice.pl\\\/wiadomosci\\\/?s={search_term_string}\"},\"query-input\":{\"@type\":\"PropertyValueSpecification\",\"valueRequired\":true,\"valueName\":\"search_term_string\"}}],\"inLanguage\":\"pl-PL\"},{\"@type\":\"Organization\",\"@id\":\"https:\\\/\\\/www.24gliwice.pl\\\/wiadomosci\\\/#organization\",\"name\":\"24gliwice\",\"url\":\"https:\\\/\\\/www.24gliwice.pl\\\/wiadomosci\\\/\",\"logo\":{\"@type\":\"ImageObject\",\"inLanguage\":\"pl-PL\",\"@id\":\"https:\\\/\\\/www.24gliwice.pl\\\/wiadomosci\\\/#\\\/schema\\\/logo\\\/image\\\/\",\"url\":\"https:\\\/\\\/www.24gliwice.pl\\\/wiadomosci\\\/wp-content\\\/uploads\\\/2024\\\/10\\\/24gliwice-logo-696.jpg\",\"contentUrl\":\"https:\\\/\\\/www.24gliwice.pl\\\/wiadomosci\\\/wp-content\\\/uploads\\\/2024\\\/10\\\/24gliwice-logo-696.jpg\",\"width\":696,\"height\":696,\"caption\":\"24gliwice\"},\"image\":{\"@id\":\"https:\\\/\\\/www.24gliwice.pl\\\/wiadomosci\\\/#\\\/schema\\\/logo\\\/image\\\/\"},\"sameAs\":[\"https:\\\/\\\/www.facebook.com\\\/24gliwice\",\"https:\\\/\\\/x.com\\\/24gliwice\",\"https:\\\/\\\/www.youtube.com\\\/@24gliwice\"]},{\"@type\":\"Person\",\"@id\":\"https:\\\/\\\/www.24gliwice.pl\\\/wiadomosci\\\/#\\\/schema\\\/person\\\/e42c650edd7f2fa332be3811fb166b6e\",\"name\":\"\u017baneta Mrozek-Siewierska\",\"image\":{\"@type\":\"ImageObject\",\"inLanguage\":\"pl-PL\",\"@id\":\"https:\\\/\\\/secure.gravatar.com\\\/avatar\\\/1881429e9c64597c77ad7aef2d0a19be69a3253e57534d16aa15bf3a4d34a0a3?s=96&d=mm&r=g\",\"url\":\"https:\\\/\\\/secure.gravatar.com\\\/avatar\\\/1881429e9c64597c77ad7aef2d0a19be69a3253e57534d16aa15bf3a4d34a0a3?s=96&d=mm&r=g\",\"contentUrl\":\"https:\\\/\\\/secure.gravatar.com\\\/avatar\\\/1881429e9c64597c77ad7aef2d0a19be69a3253e57534d16aa15bf3a4d34a0a3?s=96&d=mm&r=g\",\"caption\":\"\u017baneta Mrozek-Siewierska\"},\"url\":\"https:\\\/\\\/www.24gliwice.pl\\\/wiadomosci\\\/author\\\/zms\\\/\"}]}<\/script>\n<!-- \/ Yoast SEO plugin. -->","yoast_head_json":{"title":"Mia\u0142 jecha\u0107 do Frankfurtu szuka\u0107 nowej pracy. Gliwiczanin zagin\u0105\u0142 na terenie Niemiec - 24GLIWICE - Portal Gliwice | codziennie nowe informacje","robots":{"index":"index","follow":"follow","max-snippet":"max-snippet:-1","max-image-preview":"max-image-preview:large","max-video-preview":"max-video-preview:-1"},"canonical":"https:\/\/www.24gliwice.pl\/wiadomosci\/mial-jechac-do-frankfurtu-szukac-nowej-pracy-gliwiczanin-zaginal-na-terenie-niemiec\/","og_locale":"pl_PL","og_type":"article","og_title":"Mia\u0142 jecha\u0107 do Frankfurtu szuka\u0107 nowej pracy. Gliwiczanin zagin\u0105\u0142 na terenie Niemiec - 24GLIWICE - Portal Gliwice | codziennie nowe informacje","og_description":"Policja poszukuje zaginionego na terenie Niemiec gliwiczanina, S\u0142awomira Stasiaka. 50-letni m\u0119\u017cczyzna nie by\u0142 widziany od 24 lutego. Czynno\u015bci poszukiwawcze rozpocz\u0119to 13 marca. S\u0142awomir Stasiak opu\u015bci\u0142 mieszkanie w miejscowo\u015bci Gernsheim, gdzie pracowa\u0142, oko\u0142o godziny 11:00. Mia\u0142 uda\u0107 si\u0119 do Frankfurtu nad Menem, by znale\u017a\u0107 inn\u0105 prac\u0119. Od tego czasu nie nawi\u0105za\u0142 kontaktu z zamieszka\u0142\u0105 w Polsce [&hellip;]","og_url":"https:\/\/www.24gliwice.pl\/wiadomosci\/mial-jechac-do-frankfurtu-szukac-nowej-pracy-gliwiczanin-zaginal-na-terenie-niemiec\/","og_site_name":"24GLIWICE - Portal Gliwice | codziennie nowe informacje","article_publisher":"https:\/\/www.facebook.com\/24gliwice","article_published_time":"2019-03-18T09:29:18+00:00","og_image":[{"width":810,"height":456,"url":"https:\/\/www.24gliwice.pl\/wiadomosci\/wp-content\/uploads\/2019\/03\/zaginiony-w-niemczech2.jpg","type":"image\/jpeg"}],"author":"\u017baneta Mrozek-Siewierska","twitter_card":"summary_large_image","twitter_creator":"@24gliwice","twitter_site":"@24gliwice","twitter_misc":{"Napisane przez":"\u017baneta Mrozek-Siewierska","Szacowany czas czytania":"1 minuta"},"schema":{"@context":"https:\/\/schema.org","@graph":[{"@type":"Article","@id":"https:\/\/www.24gliwice.pl\/wiadomosci\/mial-jechac-do-frankfurtu-szukac-nowej-pracy-gliwiczanin-zaginal-na-terenie-niemiec\/#article","isPartOf":{"@id":"https:\/\/www.24gliwice.pl\/wiadomosci\/mial-jechac-do-frankfurtu-szukac-nowej-pracy-gliwiczanin-zaginal-na-terenie-niemiec\/"},"author":{"name":"\u017baneta Mrozek-Siewierska","@id":"https:\/\/www.24gliwice.pl\/wiadomosci\/#\/schema\/person\/e42c650edd7f2fa332be3811fb166b6e"},"headline":"Mia\u0142 jecha\u0107 do Frankfurtu szuka\u0107 nowej pracy. Gliwiczanin zagin\u0105\u0142 na terenie Niemiec","datePublished":"2019-03-18T09:29:18+00:00","mainEntityOfPage":{"@id":"https:\/\/www.24gliwice.pl\/wiadomosci\/mial-jechac-do-frankfurtu-szukac-nowej-pracy-gliwiczanin-zaginal-na-terenie-niemiec\/"},"wordCount":204,"publisher":{"@id":"https:\/\/www.24gliwice.pl\/wiadomosci\/#organization"},"image":{"@id":"https:\/\/www.24gliwice.pl\/wiadomosci\/mial-jechac-do-frankfurtu-szukac-nowej-pracy-gliwiczanin-zaginal-na-terenie-niemiec\/#primaryimage"},"thumbnailUrl":"https:\/\/www.24gliwice.pl\/wiadomosci\/wp-content\/uploads\/2019\/03\/zaginiony-w-niemczech2.jpg","keywords":["KMP GLIWICE","POLICJA","POSZUKIWANY","zagin\u0105\u0142 na terenie niemiec","ZAGINIONY"],"articleSection":["Gliwice","Najnowsze wiadomo\u015bci","Prawo"],"inLanguage":"pl-PL"},{"@type":"WebPage","@id":"https:\/\/www.24gliwice.pl\/wiadomosci\/mial-jechac-do-frankfurtu-szukac-nowej-pracy-gliwiczanin-zaginal-na-terenie-niemiec\/","url":"https:\/\/www.24gliwice.pl\/wiadomosci\/mial-jechac-do-frankfurtu-szukac-nowej-pracy-gliwiczanin-zaginal-na-terenie-niemiec\/","name":"Mia\u0142 jecha\u0107 do Frankfurtu szuka\u0107 nowej pracy. Gliwiczanin zagin\u0105\u0142 na terenie Niemiec - 24GLIWICE - Portal Gliwice | codziennie nowe informacje","isPartOf":{"@id":"https:\/\/www.24gliwice.pl\/wiadomosci\/#website"},"primaryImageOfPage":{"@id":"https:\/\/www.24gliwice.pl\/wiadomosci\/mial-jechac-do-frankfurtu-szukac-nowej-pracy-gliwiczanin-zaginal-na-terenie-niemiec\/#primaryimage"},"image":{"@id":"https:\/\/www.24gliwice.pl\/wiadomosci\/mial-jechac-do-frankfurtu-szukac-nowej-pracy-gliwiczanin-zaginal-na-terenie-niemiec\/#primaryimage"},"thumbnailUrl":"https:\/\/www.24gliwice.pl\/wiadomosci\/wp-content\/uploads\/2019\/03\/zaginiony-w-niemczech2.jpg","datePublished":"2019-03-18T09:29:18+00:00","breadcrumb":{"@id":"https:\/\/www.24gliwice.pl\/wiadomosci\/mial-jechac-do-frankfurtu-szukac-nowej-pracy-gliwiczanin-zaginal-na-terenie-niemiec\/#breadcrumb"},"inLanguage":"pl-PL","potentialAction":[{"@type":"ReadAction","target":["https:\/\/www.24gliwice.pl\/wiadomosci\/mial-jechac-do-frankfurtu-szukac-nowej-pracy-gliwiczanin-zaginal-na-terenie-niemiec\/"]}]},{"@type":"ImageObject","inLanguage":"pl-PL","@id":"https:\/\/www.24gliwice.pl\/wiadomosci\/mial-jechac-do-frankfurtu-szukac-nowej-pracy-gliwiczanin-zaginal-na-terenie-niemiec\/#primaryimage","url":"https:\/\/www.24gliwice.pl\/wiadomosci\/wp-content\/uploads\/2019\/03\/zaginiony-w-niemczech2.jpg","contentUrl":"https:\/\/www.24gliwice.pl\/wiadomosci\/wp-content\/uploads\/2019\/03\/zaginiony-w-niemczech2.jpg","width":810,"height":456},{"@type":"BreadcrumbList","@id":"https:\/\/www.24gliwice.pl\/wiadomosci\/mial-jechac-do-frankfurtu-szukac-nowej-pracy-gliwiczanin-zaginal-na-terenie-niemiec\/#breadcrumb","itemListElement":[{"@type":"ListItem","position":1,"name":"Strona g\u0142\u00f3wna","item":"https:\/\/www.24gliwice.pl\/wiadomosci\/"},{"@type":"ListItem","position":2,"name":"Mia\u0142 jecha\u0107 do Frankfurtu szuka\u0107 nowej pracy. Gliwiczanin zagin\u0105\u0142 na terenie Niemiec"}]},{"@type":"WebSite","@id":"https:\/\/www.24gliwice.pl\/wiadomosci\/#website","url":"https:\/\/www.24gliwice.pl\/wiadomosci\/","name":"24GLIWICE - Portal Gliwice | codziennie nowe wiadomo\u015bci","description":"Portal Miejski Gliwice","publisher":{"@id":"https:\/\/www.24gliwice.pl\/wiadomosci\/#organization"},"potentialAction":[{"@type":"SearchAction","target":{"@type":"EntryPoint","urlTemplate":"https:\/\/www.24gliwice.pl\/wiadomosci\/?s={search_term_string}"},"query-input":{"@type":"PropertyValueSpecification","valueRequired":true,"valueName":"search_term_string"}}],"inLanguage":"pl-PL"},{"@type":"Organization","@id":"https:\/\/www.24gliwice.pl\/wiadomosci\/#organization","name":"24gliwice","url":"https:\/\/www.24gliwice.pl\/wiadomosci\/","logo":{"@type":"ImageObject","inLanguage":"pl-PL","@id":"https:\/\/www.24gliwice.pl\/wiadomosci\/#\/schema\/logo\/image\/","url":"https:\/\/www.24gliwice.pl\/wiadomosci\/wp-content\/uploads\/2024\/10\/24gliwice-logo-696.jpg","contentUrl":"https:\/\/www.24gliwice.pl\/wiadomosci\/wp-content\/uploads\/2024\/10\/24gliwice-logo-696.jpg","width":696,"height":696,"caption":"24gliwice"},"image":{"@id":"https:\/\/www.24gliwice.pl\/wiadomosci\/#\/schema\/logo\/image\/"},"sameAs":["https:\/\/www.facebook.com\/24gliwice","https:\/\/x.com\/24gliwice","https:\/\/www.youtube.com\/@24gliwice"]},{"@type":"Person","@id":"https:\/\/www.24gliwice.pl\/wiadomosci\/#\/schema\/person\/e42c650edd7f2fa332be3811fb166b6e","name":"\u017baneta Mrozek-Siewierska","image":{"@type":"ImageObject","inLanguage":"pl-PL","@id":"https:\/\/secure.gravatar.com\/avatar\/1881429e9c64597c77ad7aef2d0a19be69a3253e57534d16aa15bf3a4d34a0a3?s=96&d=mm&r=g","url":"https:\/\/secure.gravatar.com\/avatar\/1881429e9c64597c77ad7aef2d0a19be69a3253e57534d16aa15bf3a4d34a0a3?s=96&d=mm&r=g","contentUrl":"https:\/\/secure.gravatar.com\/avatar\/1881429e9c64597c77ad7aef2d0a19be69a3253e57534d16aa15bf3a4d34a0a3?s=96&d=mm&r=g","caption":"\u017baneta Mrozek-Siewierska"},"url":"https:\/\/www.24gliwice.pl\/wiadomosci\/author\/zms\/"}]}},"_links":{"self":[{"href":"https:\/\/www.24gliwice.pl\/wiadomosci\/wp-json\/wp\/v2\/posts\/132217","targetHints":{"allow":["GET"]}}],"collection":[{"href":"https:\/\/www.24gliwice.pl\/wiadomosci\/wp-json\/wp\/v2\/posts"}],"about":[{"href":"https:\/\/www.24gliwice.pl\/wiadomosci\/wp-json\/wp\/v2\/types\/post"}],"author":[{"embeddable":true,"href":"https:\/\/www.24gliwice.pl\/wiadomosci\/wp-json\/wp\/v2\/users\/15"}],"replies":[{"embeddable":true,"href":"https:\/\/www.24gliwice.pl\/wiadomosci\/wp-json\/wp\/v2\/comments?post=132217"}],"version-history":[{"count":0,"href":"https:\/\/www.24gliwice.pl\/wiadomosci\/wp-json\/wp\/v2\/posts\/132217\/revisions"}],"wp:featuredmedia":[{"embeddable":true,"href":"https:\/\/www.24gliwice.pl\/wiadomosci\/wp-json\/wp\/v2\/media\/132221"}],"wp:attachment":[{"href":"https:\/\/www.24gliwice.pl\/wiadomosci\/wp-json\/wp\/v2\/media?parent=132217"}],"wp:term":[{"taxonomy":"category","embeddable":true,"href":"https:\/\/www.24gliwice.pl\/wiadomosci\/wp-json\/wp\/v2\/categories?post=132217"},{"taxonomy":"post_tag","embeddable":true,"href":"https:\/\/www.24gliwice.pl\/wiadomosci\/wp-json\/wp\/v2\/tags?post=132217"}],"curies":[{"name":"wp","href":"https:\/\/api.w.org\/{rel}","templated":true}]}}