{"id":133755,"date":"2019-04-16T02:21:09","date_gmt":"2019-04-16T00:21:09","guid":{"rendered":"https:\/\/www.24gliwice.pl\/wiadomosci\/?p=133755"},"modified":"2019-04-16T02:34:43","modified_gmt":"2019-04-16T00:34:43","slug":"blokada-na-kolo-straz-miejska-gliwice","status":"publish","type":"post","link":"https:\/\/www.24gliwice.pl\/wiadomosci\/blokada-na-kolo-straz-miejska-gliwice\/","title":{"rendered":"S\u0105 miejsca w Gliwicach, gdzie zdarza si\u0119 to cz\u0119\u015bciej. Blokowanie k\u00f3\u0142 przez stra\u017c miejsk\u0105"},"content":{"rendered":"<div class=\"gliwi-a6-nad-leadem-artykulow gliwi-entity-placement\" id=\"gliwi-1702005026\"><div class=\"gliwi-adlabel\"><span style=\"font-size: 9px\">REKLAMA<\/span><\/div><div id=\"gliwi-2676347595\" style=\"margin-bottom: 30px;margin-left: auto;margin-right: auto;text-align: center;\"><a data-no-instant=\"1\" href=\"https:\/\/przedszkole.halogen.org.pl\/\" rel=\"noopener\" class=\"a2t-link\" target=\"_blank\" aria-label=\"20260402-ANIMATOR-przedszkole_grafika_750x200\"><img loading=\"lazy\" decoding=\"async\" src=\"https:\/\/www.24gliwice.pl\/wiadomosci\/wp-content\/uploads\/2026\/04\/20260402-ANIMATOR-przedszkole_grafika_750x200.webp\" alt=\"\"  srcset=\"https:\/\/www.24gliwice.pl\/wiadomosci\/wp-content\/uploads\/2026\/04\/20260402-ANIMATOR-przedszkole_grafika_750x200.webp 750w, https:\/\/www.24gliwice.pl\/wiadomosci\/wp-content\/uploads\/2026\/04\/20260402-ANIMATOR-przedszkole_grafika_750x200-410x109.webp 410w\" sizes=\"(max-width: 750px) 100vw, 750px\" class=\"no-lazyload\" width=\"750\" height=\"200\"  style=\"display: inline-block; max-width: 100%; height: auto;\" \/><\/a><\/div><\/div><h3>W\u015br\u00f3d \u015brodk\u00f3w maj\u0105cych zdyscyplinowa\u0107 nieprawid\u0142owo parkuj\u0105cych kierowc\u00f3w stra\u017c miejska stosuje blokady na ko\u0142ach. W zesz\u0142ym roku za\u0142o\u017cono je 407 razy. W pierwszym kwartale bie\u017c\u0105cego a\u017c 260.<\/h3>\n<p>&#8211; <em>&#8220;Po co stra\u017c miejska stosuje blokady na ko\u0142ach, skoro to tylko wyd\u0142u\u017ca pobyt osoby nieprawid\u0142owo parkuj\u0105cej w miejscu, gdzie pozostawi\u0142a auto&#8221;<\/em> &#8211; zastanawia si\u0119 nasz <strong>czytelnik<\/strong>. Stra\u017c miejska odpowiada podaj\u0105c podstaw\u0119 prawn\u0105, ale uzasadnienia, kt\u00f3re wykaza\u0142oby rzeczywisty sens tego dzia\u0142ania, nie ujawnia. <\/p>\n<p>&#8211; Zgodnie z art. 130 a ust 8 ustawy Prawo o ruchu drogowym: &#8220;Pojazd mo\u017ce by\u0107 unieruchomiony przez zastosowanie urz\u0105dzenia do blokowania k\u00f3\u0142 w przypadku pozostawienia go w miejscu, gdzie jest to zabronione, lecz nieutrudniaj\u0105cego ruchu lub niezagra\u017caj\u0105cego bezpiecze\u0144stwu&#8221; &#8211; poinformowa\u0142a <strong>Bo\u017cena Frej<\/strong>, rzeczniczka prasowa stra\u017cy miejskiej. <\/p><div class=\"gliwi-a3-w-tresci-artykulow gliwi-entity-placement\" id=\"gliwi-3712908750\"><div class=\"gliwi-adlabel\"><span style=\"font-size: 9px\">REKLAMA<\/span><\/div><div id=\"gliwi-3441759774\" style=\"margin-bottom: 30px;margin-left: auto;margin-right: auto;text-align: center;\"><a data-no-instant=\"1\" href=\"https:\/\/ogrodyandersa.pl\/\" rel=\"noopener\" class=\"a2t-link\" target=\"_blank\" aria-label=\"20260415 Ogrody Andersa KUP TERAZ D\"><img loading=\"lazy\" decoding=\"async\" src=\"https:\/\/www.24gliwice.pl\/wiadomosci\/wp-content\/uploads\/2026\/04\/20260415-Ogrody-Andersa-KUP-TERAZ-D.jpg\" alt=\"\"  srcset=\"https:\/\/www.24gliwice.pl\/wiadomosci\/wp-content\/uploads\/2026\/04\/20260415-Ogrody-Andersa-KUP-TERAZ-D.jpg 750w, https:\/\/www.24gliwice.pl\/wiadomosci\/wp-content\/uploads\/2026\/04\/20260415-Ogrody-Andersa-KUP-TERAZ-D-410x109.jpg 410w\" sizes=\"(max-width: 750px) 100vw, 750px\" class=\"no-lazyload\" width=\"750\" height=\"200\"  style=\"display: inline-block; max-width: 100%; height: auto;\" \/><\/a><\/div><\/div>\n<blockquote><p>Stra\u017cnik w przypadku zastosowania blokady wypisuje informacj\u0119 dla kieruj\u0105cego (w postaci stosownej informacji) i pozostawia j\u0105 w widocznym miejscu<\/p><\/blockquote>\n<p>&#8211; dodaje Frej. <\/p>\n<p>Jak dowiadujemy si\u0119 od stra\u017cy miejskiej, najcz\u0119\u015bciej blokady zak\u0142adane by\u0142y na ulicy S<strong>obieskiego, Kaszubskiej, Ziemowita, Lutyckiej<\/strong> oraz <strong>Zawiszy Czarnego<\/strong>.<\/p>\n<h3>Stra\u017c t\u0142umaczy si\u0119 na swojej witrynie<\/h3>\n<p>Zaraz po udzieleniu nam odpowiedzi na pytanie o blokowanie k\u00f3\u0142, w witrynie internetowej stra\u017cy miejskiej pojawi\u0142 si\u0119 komunikat, z kt\u00f3rego wynika, \u017ce gliwiczanie sami zg\u0142aszaj\u0105 nieprawid\u0142owe parkowanie. <\/p>\n<p>&#8211; Coraz wi\u0119cej mieszka\u0144c\u00f3w naszego miasta zwraca uwag\u0119 na kierowc\u00f3w, kt\u00f3rzy nie przestrzegaj\u0105 przepis\u00f3w ustawy Prawo o ruchu drogowym. Liczba zg\u0142osze\u0144 dotycz\u0105cych nieprawid\u0142owego parkowania pojazd\u00f3w od pocz\u0105tku bie\u017c\u0105cego roku to 1388. W wyniku naszych dzia\u0142a\u0144 unieruchomionych zosta\u0142o 310 pojazd\u00f3w za pomoc\u0105 urz\u0105dzenia blokuj\u0105cego ko\u0142a, a 43 pojazdy zosta\u0142y usuni\u0119te na koszt w\u0142a\u015bciciela. Mieszka\u0144cy skar\u017c\u0105 si\u0119 zw\u0142aszcza na pojazdy blokuj\u0105ce wjazdy i  wyjazd do posesji oraz szczeg\u00f3lnie utrudniaj\u0105ce ruch i zagra\u017caj\u0105ce jego bezpiecze\u0144stwu. W takiej sytuacji pojazd mo\u017ce zosta\u0107 usuni\u0119ty na koszt w\u0142a\u015bciciela &#8211; czytamy na stronie stra\u017cy miejskiej. <\/p>\n<div id=\"attachment_133806\" style=\"width: 820px\" class=\"wp-caption aligncenter\"><img loading=\"lazy\" decoding=\"async\" aria-describedby=\"caption-attachment-133806\" src=\"https:\/\/www.24gliwice.pl\/wiadomosci\/wp-content\/uploads\/2019\/04\/blokada-straz.jpg\" alt=\"\" width=\"810\" height=\"456\" class=\"size-full wp-image-133806\" srcset=\"https:\/\/www.24gliwice.pl\/wiadomosci\/wp-content\/uploads\/2019\/04\/blokada-straz.jpg 810w, https:\/\/www.24gliwice.pl\/wiadomosci\/wp-content\/uploads\/2019\/04\/blokada-straz-410x232.jpg 410w, https:\/\/www.24gliwice.pl\/wiadomosci\/wp-content\/uploads\/2019\/04\/blokada-straz-768x432.jpg 768w, https:\/\/www.24gliwice.pl\/wiadomosci\/wp-content\/uploads\/2019\/04\/blokada-straz-808x455.jpg 808w\" sizes=\"auto, (max-width: 810px) 100vw, 810px\" \/><p id=\"caption-attachment-133806\" class=\"wp-caption-text\">fot. 24GLIWICE<\/p><\/div>\n<p>&nbsp;<br \/>\nDo ko\u0144ca marca 2019 roku funkcjonariusze za\u0142o\u017cyli 260 blokad na ko\u0142a &#8211; to ponad 86 miesi\u0119cznie. Z komunikatu opublikowanego 15 kwietnia wynika, \u017ce od pocz\u0105tku roku zastosowano ten \u015brodek 310 razy. Oznacza to, \u017ce przez pierwsze 2 tygodnie kwietnia zablokowano w ten spos\u00f3b 50 pojazd\u00f3w.<\/p>\n<p>(\u017cms)<\/p>\n<div class=\"gliwi-a5-na-koncu-artykulow gliwi-entity-placement\" id=\"gliwi-3600351233\"><div class=\"gliwi-adlabel\"><span style=\"font-size: 9px\">REKLAMA<\/span><\/div><div id=\"gliwi-2788788683\" style=\"margin-left: auto;margin-right: auto;text-align: center;\"><a data-no-instant=\"1\" href=\"https:\/\/prezeroarenagliwice.pl\/\" rel=\"noopener\" class=\"a2t-link\" target=\"_blank\" aria-label=\"20260309-PREZERO-WIOSNA-D\"><img loading=\"lazy\" decoding=\"async\" src=\"https:\/\/www.24gliwice.pl\/wiadomosci\/wp-content\/uploads\/2026\/03\/20260309-PREZERO-WIOSNA-D.webp\" alt=\"\"  srcset=\"https:\/\/www.24gliwice.pl\/wiadomosci\/wp-content\/uploads\/2026\/03\/20260309-PREZERO-WIOSNA-D.webp 750w, https:\/\/www.24gliwice.pl\/wiadomosci\/wp-content\/uploads\/2026\/03\/20260309-PREZERO-WIOSNA-D-410x109.webp 410w\" sizes=\"(max-width: 750px) 100vw, 750px\" class=\"no-lazyload\" width=\"750\" height=\"200\"  style=\"display: inline-block; max-width: 100%; height: auto;\" \/><\/a><\/div><\/div>","protected":false},"excerpt":{"rendered":"<p>W\u015br\u00f3d \u015brodk\u00f3w maj\u0105cych zdyscyplinowa\u0107 nieprawid\u0142owo parkuj\u0105cych kierowc\u00f3w stra\u017c miejska stosuje blokady na ko\u0142ach. W zesz\u0142ym roku za\u0142o\u017cono je 407 razy. W pierwszym kwartale bie\u017c\u0105cego a\u017c 260. &#8211; &#8220;Po co stra\u017c miejska stosuje blokady na ko\u0142ach, skoro to tylko wyd\u0142u\u017ca pobyt osoby nieprawid\u0142owo parkuj\u0105cej w miejscu, gdzie pozostawi\u0142a auto&#8221; &#8211; zastanawia si\u0119 nasz czytelnik. Stra\u017c miejska [&hellip;]<\/p>\n","protected":false},"author":15,"featured_media":133804,"comment_status":"open","ping_status":"closed","sticky":false,"template":"","format":"standard","meta":{"_monsterinsights_skip_tracking":false,"_monsterinsights_sitenote_active":false,"_monsterinsights_sitenote_note":"","_monsterinsights_sitenote_category":0,"footnotes":"","_links_to":"","_links_to_target":""},"categories":[3,1,9,5],"tags":[12165,2467,1165],"class_list":["post-133755","post","type-post","status-publish","format-standard","has-post-thumbnail","hentry","category-gliwice","category-wszystko","category-aktualnosci_lokalne","category-kryminalki","tag-nieprawidlowe-parkowanie","tag-parkowanie","tag-straz-miejska"],"yoast_head":"<!-- This site is optimized with the Yoast SEO plugin v27.5 - https:\/\/yoast.com\/product\/yoast-seo-wordpress\/ -->\n<title>S\u0105 miejsca w Gliwicach, gdzie zdarza si\u0119 to cz\u0119\u015bciej. Blokowanie k\u00f3\u0142 przez stra\u017c miejsk\u0105 - 24GLIWICE - Portal Gliwice | codziennie nowe informacje<\/title>\n<meta name=\"robots\" content=\"index, follow, max-snippet:-1, max-image-preview:large, max-video-preview:-1\" \/>\n<link rel=\"canonical\" href=\"https:\/\/www.24gliwice.pl\/wiadomosci\/blokada-na-kolo-straz-miejska-gliwice\/\" \/>\n<meta property=\"og:locale\" content=\"pl_PL\" \/>\n<meta property=\"og:type\" content=\"article\" \/>\n<meta property=\"og:title\" content=\"S\u0105 miejsca w Gliwicach, gdzie zdarza si\u0119 to cz\u0119\u015bciej. Blokowanie k\u00f3\u0142 przez stra\u017c miejsk\u0105 - 24GLIWICE - Portal Gliwice | codziennie nowe informacje\" \/>\n<meta property=\"og:description\" content=\"W\u015br\u00f3d \u015brodk\u00f3w maj\u0105cych zdyscyplinowa\u0107 nieprawid\u0142owo parkuj\u0105cych kierowc\u00f3w stra\u017c miejska stosuje blokady na ko\u0142ach. W zesz\u0142ym roku za\u0142o\u017cono je 407 razy. W pierwszym kwartale bie\u017c\u0105cego a\u017c 260. &#8211; &#8220;Po co stra\u017c miejska stosuje blokady na ko\u0142ach, skoro to tylko wyd\u0142u\u017ca pobyt osoby nieprawid\u0142owo parkuj\u0105cej w miejscu, gdzie pozostawi\u0142a auto&#8221; &#8211; zastanawia si\u0119 nasz czytelnik. Stra\u017c miejska [&hellip;]\" \/>\n<meta property=\"og:url\" content=\"https:\/\/www.24gliwice.pl\/wiadomosci\/blokada-na-kolo-straz-miejska-gliwice\/\" \/>\n<meta property=\"og:site_name\" content=\"24GLIWICE - Portal Gliwice | codziennie nowe informacje\" \/>\n<meta property=\"article:publisher\" content=\"https:\/\/www.facebook.com\/24gliwice\" \/>\n<meta property=\"article:published_time\" content=\"2019-04-16T00:21:09+00:00\" \/>\n<meta property=\"article:modified_time\" content=\"2019-04-16T00:34:43+00:00\" \/>\n<meta property=\"og:image\" content=\"https:\/\/www.24gliwice.pl\/wiadomosci\/wp-content\/uploads\/2019\/04\/blokada-straz-miejska-gliwice.jpg\" \/>\n\t<meta property=\"og:image:width\" content=\"810\" \/>\n\t<meta property=\"og:image:height\" content=\"458\" \/>\n\t<meta property=\"og:image:type\" content=\"image\/jpeg\" \/>\n<meta name=\"author\" content=\"\u017baneta Mrozek-Siewierska\" \/>\n<meta name=\"twitter:card\" content=\"summary_large_image\" \/>\n<meta name=\"twitter:creator\" content=\"@24gliwice\" \/>\n<meta name=\"twitter:site\" content=\"@24gliwice\" \/>\n<meta name=\"twitter:label1\" content=\"Napisane przez\" \/>\n\t<meta name=\"twitter:data1\" content=\"\u017baneta Mrozek-Siewierska\" \/>\n\t<meta name=\"twitter:label2\" content=\"Szacowany czas czytania\" \/>\n\t<meta name=\"twitter:data2\" content=\"2 minuty\" \/>\n<script type=\"application\/ld+json\" class=\"yoast-schema-graph\">{\"@context\":\"https:\\\/\\\/schema.org\",\"@graph\":[{\"@type\":\"Article\",\"@id\":\"https:\\\/\\\/www.24gliwice.pl\\\/wiadomosci\\\/blokada-na-kolo-straz-miejska-gliwice\\\/#article\",\"isPartOf\":{\"@id\":\"https:\\\/\\\/www.24gliwice.pl\\\/wiadomosci\\\/blokada-na-kolo-straz-miejska-gliwice\\\/\"},\"author\":{\"name\":\"\u017baneta Mrozek-Siewierska\",\"@id\":\"https:\\\/\\\/www.24gliwice.pl\\\/wiadomosci\\\/#\\\/schema\\\/person\\\/e42c650edd7f2fa332be3811fb166b6e\"},\"headline\":\"S\u0105 miejsca w Gliwicach, gdzie zdarza si\u0119 to cz\u0119\u015bciej. Blokowanie k\u00f3\u0142 przez stra\u017c miejsk\u0105\",\"datePublished\":\"2019-04-16T00:21:09+00:00\",\"dateModified\":\"2019-04-16T00:34:43+00:00\",\"mainEntityOfPage\":{\"@id\":\"https:\\\/\\\/www.24gliwice.pl\\\/wiadomosci\\\/blokada-na-kolo-straz-miejska-gliwice\\\/\"},\"wordCount\":420,\"commentCount\":0,\"publisher\":{\"@id\":\"https:\\\/\\\/www.24gliwice.pl\\\/wiadomosci\\\/#organization\"},\"image\":{\"@id\":\"https:\\\/\\\/www.24gliwice.pl\\\/wiadomosci\\\/blokada-na-kolo-straz-miejska-gliwice\\\/#primaryimage\"},\"thumbnailUrl\":\"https:\\\/\\\/www.24gliwice.pl\\\/wiadomosci\\\/wp-content\\\/uploads\\\/2019\\\/04\\\/blokada-straz-miejska-gliwice.jpg\",\"keywords\":[\"nieprawid\u0142owe parkowanie\",\"PARKOWANIE\",\"STRA\u017b MIEJSKA\"],\"articleSection\":[\"Gliwice\",\"Najnowsze wiadomo\u015bci\",\"Portal Gliwice - Wiadomo\u015bci lokalne\",\"Prawo\"],\"inLanguage\":\"pl-PL\",\"potentialAction\":[{\"@type\":\"CommentAction\",\"name\":\"Comment\",\"target\":[\"https:\\\/\\\/www.24gliwice.pl\\\/wiadomosci\\\/blokada-na-kolo-straz-miejska-gliwice\\\/#respond\"]}]},{\"@type\":\"WebPage\",\"@id\":\"https:\\\/\\\/www.24gliwice.pl\\\/wiadomosci\\\/blokada-na-kolo-straz-miejska-gliwice\\\/\",\"url\":\"https:\\\/\\\/www.24gliwice.pl\\\/wiadomosci\\\/blokada-na-kolo-straz-miejska-gliwice\\\/\",\"name\":\"S\u0105 miejsca w Gliwicach, gdzie zdarza si\u0119 to cz\u0119\u015bciej. Blokowanie k\u00f3\u0142 przez stra\u017c miejsk\u0105 - 24GLIWICE - Portal Gliwice | codziennie nowe informacje\",\"isPartOf\":{\"@id\":\"https:\\\/\\\/www.24gliwice.pl\\\/wiadomosci\\\/#website\"},\"primaryImageOfPage\":{\"@id\":\"https:\\\/\\\/www.24gliwice.pl\\\/wiadomosci\\\/blokada-na-kolo-straz-miejska-gliwice\\\/#primaryimage\"},\"image\":{\"@id\":\"https:\\\/\\\/www.24gliwice.pl\\\/wiadomosci\\\/blokada-na-kolo-straz-miejska-gliwice\\\/#primaryimage\"},\"thumbnailUrl\":\"https:\\\/\\\/www.24gliwice.pl\\\/wiadomosci\\\/wp-content\\\/uploads\\\/2019\\\/04\\\/blokada-straz-miejska-gliwice.jpg\",\"datePublished\":\"2019-04-16T00:21:09+00:00\",\"dateModified\":\"2019-04-16T00:34:43+00:00\",\"breadcrumb\":{\"@id\":\"https:\\\/\\\/www.24gliwice.pl\\\/wiadomosci\\\/blokada-na-kolo-straz-miejska-gliwice\\\/#breadcrumb\"},\"inLanguage\":\"pl-PL\",\"potentialAction\":[{\"@type\":\"ReadAction\",\"target\":[\"https:\\\/\\\/www.24gliwice.pl\\\/wiadomosci\\\/blokada-na-kolo-straz-miejska-gliwice\\\/\"]}]},{\"@type\":\"ImageObject\",\"inLanguage\":\"pl-PL\",\"@id\":\"https:\\\/\\\/www.24gliwice.pl\\\/wiadomosci\\\/blokada-na-kolo-straz-miejska-gliwice\\\/#primaryimage\",\"url\":\"https:\\\/\\\/www.24gliwice.pl\\\/wiadomosci\\\/wp-content\\\/uploads\\\/2019\\\/04\\\/blokada-straz-miejska-gliwice.jpg\",\"contentUrl\":\"https:\\\/\\\/www.24gliwice.pl\\\/wiadomosci\\\/wp-content\\\/uploads\\\/2019\\\/04\\\/blokada-straz-miejska-gliwice.jpg\",\"width\":810,\"height\":458},{\"@type\":\"BreadcrumbList\",\"@id\":\"https:\\\/\\\/www.24gliwice.pl\\\/wiadomosci\\\/blokada-na-kolo-straz-miejska-gliwice\\\/#breadcrumb\",\"itemListElement\":[{\"@type\":\"ListItem\",\"position\":1,\"name\":\"Strona g\u0142\u00f3wna\",\"item\":\"https:\\\/\\\/www.24gliwice.pl\\\/wiadomosci\\\/\"},{\"@type\":\"ListItem\",\"position\":2,\"name\":\"S\u0105 miejsca w Gliwicach, gdzie zdarza si\u0119 to cz\u0119\u015bciej. Blokowanie k\u00f3\u0142 przez stra\u017c miejsk\u0105\"}]},{\"@type\":\"WebSite\",\"@id\":\"https:\\\/\\\/www.24gliwice.pl\\\/wiadomosci\\\/#website\",\"url\":\"https:\\\/\\\/www.24gliwice.pl\\\/wiadomosci\\\/\",\"name\":\"24GLIWICE - Portal Gliwice | codziennie nowe wiadomo\u015bci\",\"description\":\"Portal Miejski Gliwice\",\"publisher\":{\"@id\":\"https:\\\/\\\/www.24gliwice.pl\\\/wiadomosci\\\/#organization\"},\"potentialAction\":[{\"@type\":\"SearchAction\",\"target\":{\"@type\":\"EntryPoint\",\"urlTemplate\":\"https:\\\/\\\/www.24gliwice.pl\\\/wiadomosci\\\/?s={search_term_string}\"},\"query-input\":{\"@type\":\"PropertyValueSpecification\",\"valueRequired\":true,\"valueName\":\"search_term_string\"}}],\"inLanguage\":\"pl-PL\"},{\"@type\":\"Organization\",\"@id\":\"https:\\\/\\\/www.24gliwice.pl\\\/wiadomosci\\\/#organization\",\"name\":\"24gliwice\",\"url\":\"https:\\\/\\\/www.24gliwice.pl\\\/wiadomosci\\\/\",\"logo\":{\"@type\":\"ImageObject\",\"inLanguage\":\"pl-PL\",\"@id\":\"https:\\\/\\\/www.24gliwice.pl\\\/wiadomosci\\\/#\\\/schema\\\/logo\\\/image\\\/\",\"url\":\"https:\\\/\\\/www.24gliwice.pl\\\/wiadomosci\\\/wp-content\\\/uploads\\\/2024\\\/10\\\/24gliwice-logo-696.jpg\",\"contentUrl\":\"https:\\\/\\\/www.24gliwice.pl\\\/wiadomosci\\\/wp-content\\\/uploads\\\/2024\\\/10\\\/24gliwice-logo-696.jpg\",\"width\":696,\"height\":696,\"caption\":\"24gliwice\"},\"image\":{\"@id\":\"https:\\\/\\\/www.24gliwice.pl\\\/wiadomosci\\\/#\\\/schema\\\/logo\\\/image\\\/\"},\"sameAs\":[\"https:\\\/\\\/www.facebook.com\\\/24gliwice\",\"https:\\\/\\\/x.com\\\/24gliwice\",\"https:\\\/\\\/www.youtube.com\\\/@24gliwice\"]},{\"@type\":\"Person\",\"@id\":\"https:\\\/\\\/www.24gliwice.pl\\\/wiadomosci\\\/#\\\/schema\\\/person\\\/e42c650edd7f2fa332be3811fb166b6e\",\"name\":\"\u017baneta Mrozek-Siewierska\",\"image\":{\"@type\":\"ImageObject\",\"inLanguage\":\"pl-PL\",\"@id\":\"https:\\\/\\\/secure.gravatar.com\\\/avatar\\\/1881429e9c64597c77ad7aef2d0a19be69a3253e57534d16aa15bf3a4d34a0a3?s=96&d=mm&r=g\",\"url\":\"https:\\\/\\\/secure.gravatar.com\\\/avatar\\\/1881429e9c64597c77ad7aef2d0a19be69a3253e57534d16aa15bf3a4d34a0a3?s=96&d=mm&r=g\",\"contentUrl\":\"https:\\\/\\\/secure.gravatar.com\\\/avatar\\\/1881429e9c64597c77ad7aef2d0a19be69a3253e57534d16aa15bf3a4d34a0a3?s=96&d=mm&r=g\",\"caption\":\"\u017baneta Mrozek-Siewierska\"},\"url\":\"https:\\\/\\\/www.24gliwice.pl\\\/wiadomosci\\\/author\\\/zms\\\/\"}]}<\/script>\n<!-- \/ Yoast SEO plugin. -->","yoast_head_json":{"title":"S\u0105 miejsca w Gliwicach, gdzie zdarza si\u0119 to cz\u0119\u015bciej. Blokowanie k\u00f3\u0142 przez stra\u017c miejsk\u0105 - 24GLIWICE - Portal Gliwice | codziennie nowe informacje","robots":{"index":"index","follow":"follow","max-snippet":"max-snippet:-1","max-image-preview":"max-image-preview:large","max-video-preview":"max-video-preview:-1"},"canonical":"https:\/\/www.24gliwice.pl\/wiadomosci\/blokada-na-kolo-straz-miejska-gliwice\/","og_locale":"pl_PL","og_type":"article","og_title":"S\u0105 miejsca w Gliwicach, gdzie zdarza si\u0119 to cz\u0119\u015bciej. Blokowanie k\u00f3\u0142 przez stra\u017c miejsk\u0105 - 24GLIWICE - Portal Gliwice | codziennie nowe informacje","og_description":"W\u015br\u00f3d \u015brodk\u00f3w maj\u0105cych zdyscyplinowa\u0107 nieprawid\u0142owo parkuj\u0105cych kierowc\u00f3w stra\u017c miejska stosuje blokady na ko\u0142ach. W zesz\u0142ym roku za\u0142o\u017cono je 407 razy. W pierwszym kwartale bie\u017c\u0105cego a\u017c 260. &#8211; &#8220;Po co stra\u017c miejska stosuje blokady na ko\u0142ach, skoro to tylko wyd\u0142u\u017ca pobyt osoby nieprawid\u0142owo parkuj\u0105cej w miejscu, gdzie pozostawi\u0142a auto&#8221; &#8211; zastanawia si\u0119 nasz czytelnik. Stra\u017c miejska [&hellip;]","og_url":"https:\/\/www.24gliwice.pl\/wiadomosci\/blokada-na-kolo-straz-miejska-gliwice\/","og_site_name":"24GLIWICE - Portal Gliwice | codziennie nowe informacje","article_publisher":"https:\/\/www.facebook.com\/24gliwice","article_published_time":"2019-04-16T00:21:09+00:00","article_modified_time":"2019-04-16T00:34:43+00:00","og_image":[{"width":810,"height":458,"url":"https:\/\/www.24gliwice.pl\/wiadomosci\/wp-content\/uploads\/2019\/04\/blokada-straz-miejska-gliwice.jpg","type":"image\/jpeg"}],"author":"\u017baneta Mrozek-Siewierska","twitter_card":"summary_large_image","twitter_creator":"@24gliwice","twitter_site":"@24gliwice","twitter_misc":{"Napisane przez":"\u017baneta Mrozek-Siewierska","Szacowany czas czytania":"2 minuty"},"schema":{"@context":"https:\/\/schema.org","@graph":[{"@type":"Article","@id":"https:\/\/www.24gliwice.pl\/wiadomosci\/blokada-na-kolo-straz-miejska-gliwice\/#article","isPartOf":{"@id":"https:\/\/www.24gliwice.pl\/wiadomosci\/blokada-na-kolo-straz-miejska-gliwice\/"},"author":{"name":"\u017baneta Mrozek-Siewierska","@id":"https:\/\/www.24gliwice.pl\/wiadomosci\/#\/schema\/person\/e42c650edd7f2fa332be3811fb166b6e"},"headline":"S\u0105 miejsca w Gliwicach, gdzie zdarza si\u0119 to cz\u0119\u015bciej. Blokowanie k\u00f3\u0142 przez stra\u017c miejsk\u0105","datePublished":"2019-04-16T00:21:09+00:00","dateModified":"2019-04-16T00:34:43+00:00","mainEntityOfPage":{"@id":"https:\/\/www.24gliwice.pl\/wiadomosci\/blokada-na-kolo-straz-miejska-gliwice\/"},"wordCount":420,"commentCount":0,"publisher":{"@id":"https:\/\/www.24gliwice.pl\/wiadomosci\/#organization"},"image":{"@id":"https:\/\/www.24gliwice.pl\/wiadomosci\/blokada-na-kolo-straz-miejska-gliwice\/#primaryimage"},"thumbnailUrl":"https:\/\/www.24gliwice.pl\/wiadomosci\/wp-content\/uploads\/2019\/04\/blokada-straz-miejska-gliwice.jpg","keywords":["nieprawid\u0142owe parkowanie","PARKOWANIE","STRA\u017b MIEJSKA"],"articleSection":["Gliwice","Najnowsze wiadomo\u015bci","Portal Gliwice - Wiadomo\u015bci lokalne","Prawo"],"inLanguage":"pl-PL","potentialAction":[{"@type":"CommentAction","name":"Comment","target":["https:\/\/www.24gliwice.pl\/wiadomosci\/blokada-na-kolo-straz-miejska-gliwice\/#respond"]}]},{"@type":"WebPage","@id":"https:\/\/www.24gliwice.pl\/wiadomosci\/blokada-na-kolo-straz-miejska-gliwice\/","url":"https:\/\/www.24gliwice.pl\/wiadomosci\/blokada-na-kolo-straz-miejska-gliwice\/","name":"S\u0105 miejsca w Gliwicach, gdzie zdarza si\u0119 to cz\u0119\u015bciej. Blokowanie k\u00f3\u0142 przez stra\u017c miejsk\u0105 - 24GLIWICE - Portal Gliwice | codziennie nowe informacje","isPartOf":{"@id":"https:\/\/www.24gliwice.pl\/wiadomosci\/#website"},"primaryImageOfPage":{"@id":"https:\/\/www.24gliwice.pl\/wiadomosci\/blokada-na-kolo-straz-miejska-gliwice\/#primaryimage"},"image":{"@id":"https:\/\/www.24gliwice.pl\/wiadomosci\/blokada-na-kolo-straz-miejska-gliwice\/#primaryimage"},"thumbnailUrl":"https:\/\/www.24gliwice.pl\/wiadomosci\/wp-content\/uploads\/2019\/04\/blokada-straz-miejska-gliwice.jpg","datePublished":"2019-04-16T00:21:09+00:00","dateModified":"2019-04-16T00:34:43+00:00","breadcrumb":{"@id":"https:\/\/www.24gliwice.pl\/wiadomosci\/blokada-na-kolo-straz-miejska-gliwice\/#breadcrumb"},"inLanguage":"pl-PL","potentialAction":[{"@type":"ReadAction","target":["https:\/\/www.24gliwice.pl\/wiadomosci\/blokada-na-kolo-straz-miejska-gliwice\/"]}]},{"@type":"ImageObject","inLanguage":"pl-PL","@id":"https:\/\/www.24gliwice.pl\/wiadomosci\/blokada-na-kolo-straz-miejska-gliwice\/#primaryimage","url":"https:\/\/www.24gliwice.pl\/wiadomosci\/wp-content\/uploads\/2019\/04\/blokada-straz-miejska-gliwice.jpg","contentUrl":"https:\/\/www.24gliwice.pl\/wiadomosci\/wp-content\/uploads\/2019\/04\/blokada-straz-miejska-gliwice.jpg","width":810,"height":458},{"@type":"BreadcrumbList","@id":"https:\/\/www.24gliwice.pl\/wiadomosci\/blokada-na-kolo-straz-miejska-gliwice\/#breadcrumb","itemListElement":[{"@type":"ListItem","position":1,"name":"Strona g\u0142\u00f3wna","item":"https:\/\/www.24gliwice.pl\/wiadomosci\/"},{"@type":"ListItem","position":2,"name":"S\u0105 miejsca w Gliwicach, gdzie zdarza si\u0119 to cz\u0119\u015bciej. Blokowanie k\u00f3\u0142 przez stra\u017c miejsk\u0105"}]},{"@type":"WebSite","@id":"https:\/\/www.24gliwice.pl\/wiadomosci\/#website","url":"https:\/\/www.24gliwice.pl\/wiadomosci\/","name":"24GLIWICE - Portal Gliwice | codziennie nowe wiadomo\u015bci","description":"Portal Miejski Gliwice","publisher":{"@id":"https:\/\/www.24gliwice.pl\/wiadomosci\/#organization"},"potentialAction":[{"@type":"SearchAction","target":{"@type":"EntryPoint","urlTemplate":"https:\/\/www.24gliwice.pl\/wiadomosci\/?s={search_term_string}"},"query-input":{"@type":"PropertyValueSpecification","valueRequired":true,"valueName":"search_term_string"}}],"inLanguage":"pl-PL"},{"@type":"Organization","@id":"https:\/\/www.24gliwice.pl\/wiadomosci\/#organization","name":"24gliwice","url":"https:\/\/www.24gliwice.pl\/wiadomosci\/","logo":{"@type":"ImageObject","inLanguage":"pl-PL","@id":"https:\/\/www.24gliwice.pl\/wiadomosci\/#\/schema\/logo\/image\/","url":"https:\/\/www.24gliwice.pl\/wiadomosci\/wp-content\/uploads\/2024\/10\/24gliwice-logo-696.jpg","contentUrl":"https:\/\/www.24gliwice.pl\/wiadomosci\/wp-content\/uploads\/2024\/10\/24gliwice-logo-696.jpg","width":696,"height":696,"caption":"24gliwice"},"image":{"@id":"https:\/\/www.24gliwice.pl\/wiadomosci\/#\/schema\/logo\/image\/"},"sameAs":["https:\/\/www.facebook.com\/24gliwice","https:\/\/x.com\/24gliwice","https:\/\/www.youtube.com\/@24gliwice"]},{"@type":"Person","@id":"https:\/\/www.24gliwice.pl\/wiadomosci\/#\/schema\/person\/e42c650edd7f2fa332be3811fb166b6e","name":"\u017baneta Mrozek-Siewierska","image":{"@type":"ImageObject","inLanguage":"pl-PL","@id":"https:\/\/secure.gravatar.com\/avatar\/1881429e9c64597c77ad7aef2d0a19be69a3253e57534d16aa15bf3a4d34a0a3?s=96&d=mm&r=g","url":"https:\/\/secure.gravatar.com\/avatar\/1881429e9c64597c77ad7aef2d0a19be69a3253e57534d16aa15bf3a4d34a0a3?s=96&d=mm&r=g","contentUrl":"https:\/\/secure.gravatar.com\/avatar\/1881429e9c64597c77ad7aef2d0a19be69a3253e57534d16aa15bf3a4d34a0a3?s=96&d=mm&r=g","caption":"\u017baneta Mrozek-Siewierska"},"url":"https:\/\/www.24gliwice.pl\/wiadomosci\/author\/zms\/"}]}},"_links":{"self":[{"href":"https:\/\/www.24gliwice.pl\/wiadomosci\/wp-json\/wp\/v2\/posts\/133755","targetHints":{"allow":["GET"]}}],"collection":[{"href":"https:\/\/www.24gliwice.pl\/wiadomosci\/wp-json\/wp\/v2\/posts"}],"about":[{"href":"https:\/\/www.24gliwice.pl\/wiadomosci\/wp-json\/wp\/v2\/types\/post"}],"author":[{"embeddable":true,"href":"https:\/\/www.24gliwice.pl\/wiadomosci\/wp-json\/wp\/v2\/users\/15"}],"replies":[{"embeddable":true,"href":"https:\/\/www.24gliwice.pl\/wiadomosci\/wp-json\/wp\/v2\/comments?post=133755"}],"version-history":[{"count":0,"href":"https:\/\/www.24gliwice.pl\/wiadomosci\/wp-json\/wp\/v2\/posts\/133755\/revisions"}],"wp:featuredmedia":[{"embeddable":true,"href":"https:\/\/www.24gliwice.pl\/wiadomosci\/wp-json\/wp\/v2\/media\/133804"}],"wp:attachment":[{"href":"https:\/\/www.24gliwice.pl\/wiadomosci\/wp-json\/wp\/v2\/media?parent=133755"}],"wp:term":[{"taxonomy":"category","embeddable":true,"href":"https:\/\/www.24gliwice.pl\/wiadomosci\/wp-json\/wp\/v2\/categories?post=133755"},{"taxonomy":"post_tag","embeddable":true,"href":"https:\/\/www.24gliwice.pl\/wiadomosci\/wp-json\/wp\/v2\/tags?post=133755"}],"curies":[{"name":"wp","href":"https:\/\/api.w.org\/{rel}","templated":true}]}}