{"id":133761,"date":"2019-04-15T12:46:14","date_gmt":"2019-04-15T10:46:14","guid":{"rendered":"https:\/\/www.24gliwice.pl\/wiadomosci\/?p=133761"},"modified":"2024-11-10T14:38:16","modified_gmt":"2024-11-10T13:38:16","slug":"wakacje-na-sycylii-na-co-uwazac","status":"publish","type":"post","link":"https:\/\/www.24gliwice.pl\/wiadomosci\/wakacje-na-sycylii-na-co-uwazac\/","title":{"rendered":"Wakacje na Sycylii \u2013 na co uwa\u017ca\u0107?"},"content":{"rendered":"<div class=\"gliwi-a6-nad-leadem-artykulow gliwi-entity-placement\" id=\"gliwi-3275633183\"><div class=\"gliwi-adlabel\"><span style=\"font-size: 9px\">REKLAMA<\/span><\/div><div id=\"gliwi-3486197452\" style=\"margin-bottom: 25px;margin-left: auto;margin-right: auto;text-align: center;\"><a data-no-instant=\"1\" href=\"https:\/\/dom100.eu\/\" rel=\"noopener\" class=\"a2t-link\" target=\"_blank\" aria-label=\"20260415 DOM100 D\"><img loading=\"lazy\" decoding=\"async\" src=\"https:\/\/www.24gliwice.pl\/wiadomosci\/wp-content\/uploads\/2026\/04\/20260415-DOM100-D.jpg\" alt=\"\"  srcset=\"https:\/\/www.24gliwice.pl\/wiadomosci\/wp-content\/uploads\/2026\/04\/20260415-DOM100-D.jpg 750w, https:\/\/www.24gliwice.pl\/wiadomosci\/wp-content\/uploads\/2026\/04\/20260415-DOM100-D-410x109.jpg 410w\" sizes=\"(max-width: 750px) 100vw, 750px\" class=\"no-lazyload\" width=\"750\" height=\"200\"  style=\"display: inline-block; max-width: 100%; height: auto;\" \/><\/a><\/div><\/div><h3>Sycylia \u2013 najwi\u0119ksza na Morzu \u015ar\u00f3dziemnym wyspa \u2013 jest miejscem, gdzie wielu mieszka\u0144c\u00f3w Gliwic postanowi\u0142o sp\u0119dzi\u0107 tegoroczny urlop. To \u015bwietny wyb\u00f3r \u2013 zw\u0142aszcza \u017ce du\u017co biur podr\u00f3\u017cy ma atrakcyjne cenowo oferty last minute. <\/h3>\n<p>Sycylia cz\u0119sto nazywana jest Wysp\u0105 S\u0142o\u0144ca \u2013 nie bez powodu, najwi\u0119cej s\u0142onecznych dni w Europie jest w\u0142a\u015bnie tutaj. Otoczona jest Morzem Tyrre\u0144skim, Morzem Jo\u0144skim i Cie\u015bnin\u0105 Sycylijsk\u0105 \u2013 zachwyca malowniczymi krajobrazami i bogactwem zabytk\u00f3w, tury\u015bci kochaj\u0105 jej pi\u0119kne pla\u017ce. Przygotowuj\u0105c si\u0119 do wyjazdu, trzeba pami\u0119ta\u0107 o kilku wa\u017cnych sprawach. <\/p>\n<h3>Na w\u0142asn\u0105 r\u0119k\u0119 czy z biurem podr\u00f3\u017cy?<\/h3>\n<p>Zanim zaczniemy szczeg\u00f3\u0142owo planowa\u0107 pobyt na Sycylii, zastan\u00f3wmy si\u0119, czy chcemy tam jecha\u0107 z biurem podr\u00f3\u017cy, czy na w\u0142asn\u0105 r\u0119k\u0119. Oba te rozwi\u0105zania maj\u0105 szereg zalet, ale jest te\u017c i druga strona medalu. W pierwszym przypadku nie musimy martwi\u0107 si\u0119 o podstawowe kwestie organizacyjne (przelot, hotel, wy\u017cywienie), ale nie mamy te\u017c np. wp\u0142ywu na to, gdzie konkretnie b\u0119dziemy nocowa\u0107. <\/p><div class=\"gliwi-a3-w-tresci-artykulow gliwi-entity-placement\" id=\"gliwi-1580641919\"><div class=\"gliwi-adlabel\"><span style=\"font-size: 9px\">REKLAMA<\/span><\/div><div id=\"gliwi-4016596393\" style=\"margin-bottom: 30px;margin-left: auto;margin-right: auto;text-align: center;\"><a data-no-instant=\"1\" href=\"https:\/\/ogrodyandersa.pl\/\" rel=\"noopener\" class=\"a2t-link\" target=\"_blank\" aria-label=\"20260415 Ogrody Andersa KUP TERAZ D\"><img loading=\"lazy\" decoding=\"async\" src=\"https:\/\/www.24gliwice.pl\/wiadomosci\/wp-content\/uploads\/2026\/04\/20260415-Ogrody-Andersa-KUP-TERAZ-D.jpg\" alt=\"\"  srcset=\"https:\/\/www.24gliwice.pl\/wiadomosci\/wp-content\/uploads\/2026\/04\/20260415-Ogrody-Andersa-KUP-TERAZ-D.jpg 750w, https:\/\/www.24gliwice.pl\/wiadomosci\/wp-content\/uploads\/2026\/04\/20260415-Ogrody-Andersa-KUP-TERAZ-D-410x109.jpg 410w\" sizes=\"(max-width: 750px) 100vw, 750px\" class=\"no-lazyload\" width=\"750\" height=\"200\"  style=\"display: inline-block; max-width: 100%; height: auto;\" \/><\/a><\/div><\/div>\n<p>Organizacja wyjazdu we w\u0142asnym zakresie daje znacznie wi\u0119cej swobody, lecz z regu\u0142y jest dro\u017csza, poza tym wszystko trzeba za\u0142atwia\u0107 samemu, najlepiej z kilkumiesi\u0119cznym wyprzedzeniem. Przemy\u015blmy wi\u0119c wszystko dok\u0142adnie, maj\u0105c na wzgl\u0119dzie indywidualne mo\u017cliwo\u015bci, r\u00f3wnie\u017c finansowe.<\/p>\n<h3>Co zabra\u0107 ze sob\u0105?<\/h3>\n<p>Zdecydowana wi\u0119kszo\u015b\u0107 os\u00f3b wyje\u017cd\u017ca na Sycyli\u0119 w okresie od maja do pa\u017adziernika. Pogoda jest w\u00f3wczas pi\u0119kna \u2013 niemniej we\u017amy poprawk\u0119 na to, \u017ce w czerwcu, lipcu i sierpniu temperatury na wyspie oscyluj\u0105 przeci\u0119tnie w granicach 30 st. C. Przyda si\u0119 zatem przewiewna odzie\u017c, nakrycie g\u0142owy, wygodne obuwie oraz krem do opalania z wysokim filtrem. Nie zapomnijmy te\u017c o odpowiedniej ilo\u015bci pieni\u0119dzy \u2013 na Sycylii jest dro\u017cej ni\u017c w Polsce.<\/p>\n<h3>Co zobaczy\u0107 na Sycylii?<\/h3>\n<p>Wakacje na Sycylii to nie tylko wypoczywanie si\u0119 na pla\u017cy i za\u017cywanie morskich k\u0105pieli, ale tak\u017ce zwiedzanie. Na wyspie jest co podziwia\u0107. Znajduje si\u0119 tu kilka obiekt\u00f3w z Listy \u015awiatowego Dziedzictwa UNESCO: Dolina \u015awi\u0105ty\u0144, Villa Romana del Casale, Wyspy Liparyjskie, skalna nekropolia w Pantalica, Syrakuzy, wulkan Etna i miasta p\u00f3\u017anego baroku w dolinie Noto (Caltagirone, Militello in Val di Catania, Katania, Modica, Noto, Palazzolo Acreide, Ragusa, Scicli). <\/p>\n<p>Warto te\u017c wybra\u0107 si\u0119 m.in. do Palermo, rezerwatu Riserva dello Zingaro niedaleko San Vito lo Capo czy do uroczego miasteczka Savoca. Do najpi\u0119kniejszych pla\u017c na wyspie zaliczaj\u0105 si\u0119  np. pla\u017ca Calamosche (znajduje si\u0119 na terenie rezerwatu Vendicari), Riserva dello Zingaro i Scala dei Turchi. <\/p>\n<h3>Kup ubezpieczenie!<\/h3>\n<p>Wyjazd na Sycyli\u0119 bez polisy podr\u00f3\u017cnej nie jest dobrym pomys\u0142em. Nigdy nie wiemy, co nam si\u0119 mo\u017ce przytrafi<br \/>\n. Wypadek, nag\u0142a choroba, kradzie\u017c baga\u017cu etc. \u2013 to mo\u017ce nieprzyjemnie zaskoczy\u0107 ka\u017cdego, dlatego lepiej by\u0107 przygotowanym na finansowe konsekwencje tego typu zdarze\u0144. Sprawd\u017amy koniecznie <a href=\"https:\/\/kalkulator.polisaturystyczna.pl\/kalkulator\/ubezpieczenia-turystyczne\/\">ubezpieczenia turystyczne online na www.polisaturystyczna.pl<\/a> i wybierzmy propozycj\u0119 odpowiadaj\u0105c\u0105 naszym realnym potrzebom. <\/p>\n<p>Optymalna polisa pokryje m.in. koszty leczenia i transportu medycznego, dostaniemy te\u017c odszkodowanie za zniszczony lub skradziony baga\u017c i nie zap\u0142acimy z w\u0142asnej kieszeni za szkody wyrz\u0105dzone osobom trzecim.<\/p>\n<h3>Korzystaj z urok\u00f3w wyspy!<\/h3>\n<p>Sycylia to idealne, przyjazne turystom miejsce na urlop. Lektura poradnika <a href=\"https:\/\/www.polisaturystyczna.pl\/poradniki\/wczasy-na-sycylii-5-najwazniejszych-rzeczy-przed-podroza\">https:\/\/www.polisaturystyczna.pl\/poradniki\/wczasy-na-sycylii-5-najwazniejszych-rzeczy-przed-podroza<\/a> pomo\u017ce nam lepiej przygotowa\u0107 si\u0119 do wyjazdu. Pami\u0119tajmy o tym, i\u017c najistotniejsz\u0105 kwesti\u0105 jest bezpiecze\u0144stwo nasze i podr\u00f3\u017cuj\u0105cych z nami os\u00f3b \u2013 je\u015bli nale\u017cycie zadbamy o ten aspekt, kupuj\u0105c ubezpieczenie, wakacje na Sycylii up\u0142yn\u0105 w spokojnej atmosferze.<\/p>\n<p><em>(materia\u0142 partnera)<\/em><\/p>\n<div class=\"gliwi-a5-na-koncu-artykulow gliwi-entity-placement\" id=\"gliwi-1913344922\"><div class=\"gliwi-adlabel\"><span style=\"font-size: 9px\">REKLAMA<\/span><\/div><div id=\"gliwi-3433369066\" style=\"margin-left: auto;margin-right: auto;text-align: center;\"><a data-no-instant=\"1\" href=\"https:\/\/prezeroarenagliwice.pl\/\" rel=\"noopener\" class=\"a2t-link\" target=\"_blank\" aria-label=\"20260309-PREZERO-WIOSNA-D\"><img loading=\"lazy\" decoding=\"async\" src=\"https:\/\/www.24gliwice.pl\/wiadomosci\/wp-content\/uploads\/2026\/03\/20260309-PREZERO-WIOSNA-D.webp\" alt=\"\"  srcset=\"https:\/\/www.24gliwice.pl\/wiadomosci\/wp-content\/uploads\/2026\/03\/20260309-PREZERO-WIOSNA-D.webp 750w, https:\/\/www.24gliwice.pl\/wiadomosci\/wp-content\/uploads\/2026\/03\/20260309-PREZERO-WIOSNA-D-410x109.webp 410w\" sizes=\"(max-width: 750px) 100vw, 750px\" class=\"no-lazyload\" width=\"750\" height=\"200\"  style=\"display: inline-block; max-width: 100%; height: auto;\" \/><\/a><\/div><\/div>","protected":false},"excerpt":{"rendered":"<p>Sycylia \u2013 najwi\u0119ksza na Morzu \u015ar\u00f3dziemnym wyspa \u2013 jest miejscem, gdzie wielu mieszka\u0144c\u00f3w Gliwic postanowi\u0142o sp\u0119dzi\u0107 tegoroczny urlop. To \u015bwietny wyb\u00f3r \u2013 zw\u0142aszcza \u017ce du\u017co biur podr\u00f3\u017cy ma atrakcyjne cenowo oferty last minute. Sycylia cz\u0119sto nazywana jest Wysp\u0105 S\u0142o\u0144ca \u2013 nie bez powodu, najwi\u0119cej s\u0142onecznych dni w Europie jest w\u0142a\u015bnie tutaj. Otoczona jest Morzem Tyrre\u0144skim, [&hellip;]<\/p>\n","protected":false},"author":4,"featured_media":0,"comment_status":"closed","ping_status":"closed","sticky":false,"template":"","format":"standard","meta":{"_monsterinsights_skip_tracking":false,"_monsterinsights_sitenote_active":false,"_monsterinsights_sitenote_note":"","_monsterinsights_sitenote_category":0,"footnotes":"","_links_to":"","_links_to_target":""},"categories":[22470],"tags":[],"class_list":["post-133761","post","type-post","status-publish","format-standard","hentry","category-material_p"],"yoast_head":"<!-- This site is optimized with the Yoast SEO plugin v27.5 - https:\/\/yoast.com\/product\/yoast-seo-wordpress\/ -->\n<title>Wakacje na Sycylii \u2013 na co uwa\u017ca\u0107? - 24GLIWICE - Portal Gliwice | codziennie nowe informacje<\/title>\n<meta name=\"robots\" content=\"index, follow, max-snippet:-1, max-image-preview:large, max-video-preview:-1\" \/>\n<link rel=\"canonical\" href=\"https:\/\/www.24gliwice.pl\/wiadomosci\/wakacje-na-sycylii-na-co-uwazac\/\" \/>\n<meta property=\"og:locale\" content=\"pl_PL\" \/>\n<meta property=\"og:type\" content=\"article\" \/>\n<meta property=\"og:title\" content=\"Wakacje na Sycylii \u2013 na co uwa\u017ca\u0107? - 24GLIWICE - Portal Gliwice | codziennie nowe informacje\" \/>\n<meta property=\"og:description\" content=\"Sycylia \u2013 najwi\u0119ksza na Morzu \u015ar\u00f3dziemnym wyspa \u2013 jest miejscem, gdzie wielu mieszka\u0144c\u00f3w Gliwic postanowi\u0142o sp\u0119dzi\u0107 tegoroczny urlop. To \u015bwietny wyb\u00f3r \u2013 zw\u0142aszcza \u017ce du\u017co biur podr\u00f3\u017cy ma atrakcyjne cenowo oferty last minute. Sycylia cz\u0119sto nazywana jest Wysp\u0105 S\u0142o\u0144ca \u2013 nie bez powodu, najwi\u0119cej s\u0142onecznych dni w Europie jest w\u0142a\u015bnie tutaj. Otoczona jest Morzem Tyrre\u0144skim, [&hellip;]\" \/>\n<meta property=\"og:url\" content=\"https:\/\/www.24gliwice.pl\/wiadomosci\/wakacje-na-sycylii-na-co-uwazac\/\" \/>\n<meta property=\"og:site_name\" content=\"24GLIWICE - Portal Gliwice | codziennie nowe informacje\" \/>\n<meta property=\"article:publisher\" content=\"https:\/\/www.facebook.com\/24gliwice\" \/>\n<meta property=\"article:author\" content=\"https:\/\/www.facebook.com\/marcin.fabrykowski\" \/>\n<meta property=\"article:published_time\" content=\"2019-04-15T10:46:14+00:00\" \/>\n<meta property=\"article:modified_time\" content=\"2024-11-10T13:38:16+00:00\" \/>\n<meta name=\"author\" content=\"Marcin Fabrykowski\" \/>\n<meta name=\"twitter:card\" content=\"summary_large_image\" \/>\n<meta name=\"twitter:creator\" content=\"@24gliwice\" \/>\n<meta name=\"twitter:site\" content=\"@24gliwice\" \/>\n<meta name=\"twitter:label1\" content=\"Napisane przez\" \/>\n\t<meta name=\"twitter:data1\" content=\"Marcin Fabrykowski\" \/>\n\t<meta name=\"twitter:label2\" content=\"Szacowany czas czytania\" \/>\n\t<meta name=\"twitter:data2\" content=\"4 minuty\" \/>\n<script type=\"application\/ld+json\" class=\"yoast-schema-graph\">{\"@context\":\"https:\\\/\\\/schema.org\",\"@graph\":[{\"@type\":\"Article\",\"@id\":\"https:\\\/\\\/www.24gliwice.pl\\\/wiadomosci\\\/wakacje-na-sycylii-na-co-uwazac\\\/#article\",\"isPartOf\":{\"@id\":\"https:\\\/\\\/www.24gliwice.pl\\\/wiadomosci\\\/wakacje-na-sycylii-na-co-uwazac\\\/\"},\"author\":{\"name\":\"Marcin Fabrykowski\",\"@id\":\"https:\\\/\\\/www.24gliwice.pl\\\/wiadomosci\\\/#\\\/schema\\\/person\\\/cb5857e4a4d048c15984c1edcc8ef0c0\"},\"headline\":\"Wakacje na Sycylii \u2013 na co uwa\u017ca\u0107?\",\"datePublished\":\"2019-04-15T10:46:14+00:00\",\"dateModified\":\"2024-11-10T13:38:16+00:00\",\"mainEntityOfPage\":{\"@id\":\"https:\\\/\\\/www.24gliwice.pl\\\/wiadomosci\\\/wakacje-na-sycylii-na-co-uwazac\\\/\"},\"wordCount\":614,\"publisher\":{\"@id\":\"https:\\\/\\\/www.24gliwice.pl\\\/wiadomosci\\\/#organization\"},\"articleSection\":[\"materia\u0142 partnera\"],\"inLanguage\":\"pl-PL\"},{\"@type\":\"WebPage\",\"@id\":\"https:\\\/\\\/www.24gliwice.pl\\\/wiadomosci\\\/wakacje-na-sycylii-na-co-uwazac\\\/\",\"url\":\"https:\\\/\\\/www.24gliwice.pl\\\/wiadomosci\\\/wakacje-na-sycylii-na-co-uwazac\\\/\",\"name\":\"Wakacje na Sycylii \u2013 na co uwa\u017ca\u0107? - 24GLIWICE - Portal Gliwice | codziennie nowe informacje\",\"isPartOf\":{\"@id\":\"https:\\\/\\\/www.24gliwice.pl\\\/wiadomosci\\\/#website\"},\"datePublished\":\"2019-04-15T10:46:14+00:00\",\"dateModified\":\"2024-11-10T13:38:16+00:00\",\"breadcrumb\":{\"@id\":\"https:\\\/\\\/www.24gliwice.pl\\\/wiadomosci\\\/wakacje-na-sycylii-na-co-uwazac\\\/#breadcrumb\"},\"inLanguage\":\"pl-PL\",\"potentialAction\":[{\"@type\":\"ReadAction\",\"target\":[\"https:\\\/\\\/www.24gliwice.pl\\\/wiadomosci\\\/wakacje-na-sycylii-na-co-uwazac\\\/\"]}]},{\"@type\":\"BreadcrumbList\",\"@id\":\"https:\\\/\\\/www.24gliwice.pl\\\/wiadomosci\\\/wakacje-na-sycylii-na-co-uwazac\\\/#breadcrumb\",\"itemListElement\":[{\"@type\":\"ListItem\",\"position\":1,\"name\":\"Strona g\u0142\u00f3wna\",\"item\":\"https:\\\/\\\/www.24gliwice.pl\\\/wiadomosci\\\/\"},{\"@type\":\"ListItem\",\"position\":2,\"name\":\"Wakacje na Sycylii \u2013 na co uwa\u017ca\u0107?\"}]},{\"@type\":\"WebSite\",\"@id\":\"https:\\\/\\\/www.24gliwice.pl\\\/wiadomosci\\\/#website\",\"url\":\"https:\\\/\\\/www.24gliwice.pl\\\/wiadomosci\\\/\",\"name\":\"24GLIWICE - Portal Gliwice | codziennie nowe wiadomo\u015bci\",\"description\":\"Portal Miejski Gliwice\",\"publisher\":{\"@id\":\"https:\\\/\\\/www.24gliwice.pl\\\/wiadomosci\\\/#organization\"},\"potentialAction\":[{\"@type\":\"SearchAction\",\"target\":{\"@type\":\"EntryPoint\",\"urlTemplate\":\"https:\\\/\\\/www.24gliwice.pl\\\/wiadomosci\\\/?s={search_term_string}\"},\"query-input\":{\"@type\":\"PropertyValueSpecification\",\"valueRequired\":true,\"valueName\":\"search_term_string\"}}],\"inLanguage\":\"pl-PL\"},{\"@type\":\"Organization\",\"@id\":\"https:\\\/\\\/www.24gliwice.pl\\\/wiadomosci\\\/#organization\",\"name\":\"24gliwice\",\"url\":\"https:\\\/\\\/www.24gliwice.pl\\\/wiadomosci\\\/\",\"logo\":{\"@type\":\"ImageObject\",\"inLanguage\":\"pl-PL\",\"@id\":\"https:\\\/\\\/www.24gliwice.pl\\\/wiadomosci\\\/#\\\/schema\\\/logo\\\/image\\\/\",\"url\":\"https:\\\/\\\/www.24gliwice.pl\\\/wiadomosci\\\/wp-content\\\/uploads\\\/2024\\\/10\\\/24gliwice-logo-696.jpg\",\"contentUrl\":\"https:\\\/\\\/www.24gliwice.pl\\\/wiadomosci\\\/wp-content\\\/uploads\\\/2024\\\/10\\\/24gliwice-logo-696.jpg\",\"width\":696,\"height\":696,\"caption\":\"24gliwice\"},\"image\":{\"@id\":\"https:\\\/\\\/www.24gliwice.pl\\\/wiadomosci\\\/#\\\/schema\\\/logo\\\/image\\\/\"},\"sameAs\":[\"https:\\\/\\\/www.facebook.com\\\/24gliwice\",\"https:\\\/\\\/x.com\\\/24gliwice\",\"https:\\\/\\\/www.youtube.com\\\/@24gliwice\"]},{\"@type\":\"Person\",\"@id\":\"https:\\\/\\\/www.24gliwice.pl\\\/wiadomosci\\\/#\\\/schema\\\/person\\\/cb5857e4a4d048c15984c1edcc8ef0c0\",\"name\":\"Marcin Fabrykowski\",\"image\":{\"@type\":\"ImageObject\",\"inLanguage\":\"pl-PL\",\"@id\":\"https:\\\/\\\/www.24gliwice.pl\\\/wiadomosci\\\/wp-content\\\/uploads\\\/2025\\\/11\\\/zdjecie-moje-marcin-300-96x96.jpg\",\"url\":\"https:\\\/\\\/www.24gliwice.pl\\\/wiadomosci\\\/wp-content\\\/uploads\\\/2025\\\/11\\\/zdjecie-moje-marcin-300-96x96.jpg\",\"contentUrl\":\"https:\\\/\\\/www.24gliwice.pl\\\/wiadomosci\\\/wp-content\\\/uploads\\\/2025\\\/11\\\/zdjecie-moje-marcin-300-96x96.jpg\",\"caption\":\"Marcin Fabrykowski\"},\"sameAs\":[\"http:\\\/\\\/24gliwice.pl\",\"https:\\\/\\\/www.facebook.com\\\/marcin.fabrykowski\"],\"url\":\"https:\\\/\\\/www.24gliwice.pl\\\/wiadomosci\\\/author\\\/marcin-fabrykowski\\\/\"}]}<\/script>\n<!-- \/ Yoast SEO plugin. -->","yoast_head_json":{"title":"Wakacje na Sycylii \u2013 na co uwa\u017ca\u0107? - 24GLIWICE - Portal Gliwice | codziennie nowe informacje","robots":{"index":"index","follow":"follow","max-snippet":"max-snippet:-1","max-image-preview":"max-image-preview:large","max-video-preview":"max-video-preview:-1"},"canonical":"https:\/\/www.24gliwice.pl\/wiadomosci\/wakacje-na-sycylii-na-co-uwazac\/","og_locale":"pl_PL","og_type":"article","og_title":"Wakacje na Sycylii \u2013 na co uwa\u017ca\u0107? - 24GLIWICE - Portal Gliwice | codziennie nowe informacje","og_description":"Sycylia \u2013 najwi\u0119ksza na Morzu \u015ar\u00f3dziemnym wyspa \u2013 jest miejscem, gdzie wielu mieszka\u0144c\u00f3w Gliwic postanowi\u0142o sp\u0119dzi\u0107 tegoroczny urlop. To \u015bwietny wyb\u00f3r \u2013 zw\u0142aszcza \u017ce du\u017co biur podr\u00f3\u017cy ma atrakcyjne cenowo oferty last minute. Sycylia cz\u0119sto nazywana jest Wysp\u0105 S\u0142o\u0144ca \u2013 nie bez powodu, najwi\u0119cej s\u0142onecznych dni w Europie jest w\u0142a\u015bnie tutaj. Otoczona jest Morzem Tyrre\u0144skim, [&hellip;]","og_url":"https:\/\/www.24gliwice.pl\/wiadomosci\/wakacje-na-sycylii-na-co-uwazac\/","og_site_name":"24GLIWICE - Portal Gliwice | codziennie nowe informacje","article_publisher":"https:\/\/www.facebook.com\/24gliwice","article_author":"https:\/\/www.facebook.com\/marcin.fabrykowski","article_published_time":"2019-04-15T10:46:14+00:00","article_modified_time":"2024-11-10T13:38:16+00:00","author":"Marcin Fabrykowski","twitter_card":"summary_large_image","twitter_creator":"@24gliwice","twitter_site":"@24gliwice","twitter_misc":{"Napisane przez":"Marcin Fabrykowski","Szacowany czas czytania":"4 minuty"},"schema":{"@context":"https:\/\/schema.org","@graph":[{"@type":"Article","@id":"https:\/\/www.24gliwice.pl\/wiadomosci\/wakacje-na-sycylii-na-co-uwazac\/#article","isPartOf":{"@id":"https:\/\/www.24gliwice.pl\/wiadomosci\/wakacje-na-sycylii-na-co-uwazac\/"},"author":{"name":"Marcin Fabrykowski","@id":"https:\/\/www.24gliwice.pl\/wiadomosci\/#\/schema\/person\/cb5857e4a4d048c15984c1edcc8ef0c0"},"headline":"Wakacje na Sycylii \u2013 na co uwa\u017ca\u0107?","datePublished":"2019-04-15T10:46:14+00:00","dateModified":"2024-11-10T13:38:16+00:00","mainEntityOfPage":{"@id":"https:\/\/www.24gliwice.pl\/wiadomosci\/wakacje-na-sycylii-na-co-uwazac\/"},"wordCount":614,"publisher":{"@id":"https:\/\/www.24gliwice.pl\/wiadomosci\/#organization"},"articleSection":["materia\u0142 partnera"],"inLanguage":"pl-PL"},{"@type":"WebPage","@id":"https:\/\/www.24gliwice.pl\/wiadomosci\/wakacje-na-sycylii-na-co-uwazac\/","url":"https:\/\/www.24gliwice.pl\/wiadomosci\/wakacje-na-sycylii-na-co-uwazac\/","name":"Wakacje na Sycylii \u2013 na co uwa\u017ca\u0107? - 24GLIWICE - Portal Gliwice | codziennie nowe informacje","isPartOf":{"@id":"https:\/\/www.24gliwice.pl\/wiadomosci\/#website"},"datePublished":"2019-04-15T10:46:14+00:00","dateModified":"2024-11-10T13:38:16+00:00","breadcrumb":{"@id":"https:\/\/www.24gliwice.pl\/wiadomosci\/wakacje-na-sycylii-na-co-uwazac\/#breadcrumb"},"inLanguage":"pl-PL","potentialAction":[{"@type":"ReadAction","target":["https:\/\/www.24gliwice.pl\/wiadomosci\/wakacje-na-sycylii-na-co-uwazac\/"]}]},{"@type":"BreadcrumbList","@id":"https:\/\/www.24gliwice.pl\/wiadomosci\/wakacje-na-sycylii-na-co-uwazac\/#breadcrumb","itemListElement":[{"@type":"ListItem","position":1,"name":"Strona g\u0142\u00f3wna","item":"https:\/\/www.24gliwice.pl\/wiadomosci\/"},{"@type":"ListItem","position":2,"name":"Wakacje na Sycylii \u2013 na co uwa\u017ca\u0107?"}]},{"@type":"WebSite","@id":"https:\/\/www.24gliwice.pl\/wiadomosci\/#website","url":"https:\/\/www.24gliwice.pl\/wiadomosci\/","name":"24GLIWICE - Portal Gliwice | codziennie nowe wiadomo\u015bci","description":"Portal Miejski Gliwice","publisher":{"@id":"https:\/\/www.24gliwice.pl\/wiadomosci\/#organization"},"potentialAction":[{"@type":"SearchAction","target":{"@type":"EntryPoint","urlTemplate":"https:\/\/www.24gliwice.pl\/wiadomosci\/?s={search_term_string}"},"query-input":{"@type":"PropertyValueSpecification","valueRequired":true,"valueName":"search_term_string"}}],"inLanguage":"pl-PL"},{"@type":"Organization","@id":"https:\/\/www.24gliwice.pl\/wiadomosci\/#organization","name":"24gliwice","url":"https:\/\/www.24gliwice.pl\/wiadomosci\/","logo":{"@type":"ImageObject","inLanguage":"pl-PL","@id":"https:\/\/www.24gliwice.pl\/wiadomosci\/#\/schema\/logo\/image\/","url":"https:\/\/www.24gliwice.pl\/wiadomosci\/wp-content\/uploads\/2024\/10\/24gliwice-logo-696.jpg","contentUrl":"https:\/\/www.24gliwice.pl\/wiadomosci\/wp-content\/uploads\/2024\/10\/24gliwice-logo-696.jpg","width":696,"height":696,"caption":"24gliwice"},"image":{"@id":"https:\/\/www.24gliwice.pl\/wiadomosci\/#\/schema\/logo\/image\/"},"sameAs":["https:\/\/www.facebook.com\/24gliwice","https:\/\/x.com\/24gliwice","https:\/\/www.youtube.com\/@24gliwice"]},{"@type":"Person","@id":"https:\/\/www.24gliwice.pl\/wiadomosci\/#\/schema\/person\/cb5857e4a4d048c15984c1edcc8ef0c0","name":"Marcin Fabrykowski","image":{"@type":"ImageObject","inLanguage":"pl-PL","@id":"https:\/\/www.24gliwice.pl\/wiadomosci\/wp-content\/uploads\/2025\/11\/zdjecie-moje-marcin-300-96x96.jpg","url":"https:\/\/www.24gliwice.pl\/wiadomosci\/wp-content\/uploads\/2025\/11\/zdjecie-moje-marcin-300-96x96.jpg","contentUrl":"https:\/\/www.24gliwice.pl\/wiadomosci\/wp-content\/uploads\/2025\/11\/zdjecie-moje-marcin-300-96x96.jpg","caption":"Marcin Fabrykowski"},"sameAs":["http:\/\/24gliwice.pl","https:\/\/www.facebook.com\/marcin.fabrykowski"],"url":"https:\/\/www.24gliwice.pl\/wiadomosci\/author\/marcin-fabrykowski\/"}]}},"_links":{"self":[{"href":"https:\/\/www.24gliwice.pl\/wiadomosci\/wp-json\/wp\/v2\/posts\/133761","targetHints":{"allow":["GET"]}}],"collection":[{"href":"https:\/\/www.24gliwice.pl\/wiadomosci\/wp-json\/wp\/v2\/posts"}],"about":[{"href":"https:\/\/www.24gliwice.pl\/wiadomosci\/wp-json\/wp\/v2\/types\/post"}],"author":[{"embeddable":true,"href":"https:\/\/www.24gliwice.pl\/wiadomosci\/wp-json\/wp\/v2\/users\/4"}],"replies":[{"embeddable":true,"href":"https:\/\/www.24gliwice.pl\/wiadomosci\/wp-json\/wp\/v2\/comments?post=133761"}],"version-history":[{"count":0,"href":"https:\/\/www.24gliwice.pl\/wiadomosci\/wp-json\/wp\/v2\/posts\/133761\/revisions"}],"wp:attachment":[{"href":"https:\/\/www.24gliwice.pl\/wiadomosci\/wp-json\/wp\/v2\/media?parent=133761"}],"wp:term":[{"taxonomy":"category","embeddable":true,"href":"https:\/\/www.24gliwice.pl\/wiadomosci\/wp-json\/wp\/v2\/categories?post=133761"},{"taxonomy":"post_tag","embeddable":true,"href":"https:\/\/www.24gliwice.pl\/wiadomosci\/wp-json\/wp\/v2\/tags?post=133761"}],"curies":[{"name":"wp","href":"https:\/\/api.w.org\/{rel}","templated":true}]}}