{"id":136549,"date":"2021-06-17T17:00:43","date_gmt":"2021-06-17T15:00:43","guid":{"rendered":"https:\/\/www.24gliwice.pl\/wiadomosci\/?p=136549"},"modified":"2021-06-18T01:28:36","modified_gmt":"2021-06-17T23:28:36","slug":"15-czerwca-1999-do-gliwic-mial-przyleciec-papiez-wizyta-odbyla-sie-jednak-dwa-dni-pozniej","status":"publish","type":"post","link":"https:\/\/www.24gliwice.pl\/wiadomosci\/15-czerwca-1999-do-gliwic-mial-przyleciec-papiez-wizyta-odbyla-sie-jednak-dwa-dni-pozniej\/","title":{"rendered":"Papie\u017c w Gliwicach, wszyscy na lotnisko! Tak by\u0142o 17 czerwca 1999 roku"},"content":{"rendered":"<div class=\"gliwi-a6-nad-leadem-artykulow gliwi-entity-placement\" id=\"gliwi-851655469\"><div class=\"gliwi-adlabel\"><span style=\"font-size: 9px\">REKLAMA<\/span><\/div><div id=\"gliwi-3801227932\" style=\"margin-bottom: 30px;margin-left: auto;margin-right: auto;text-align: center;\"><a data-no-instant=\"1\" href=\"https:\/\/przedszkole.halogen.org.pl\/\" rel=\"noopener\" class=\"a2t-link\" target=\"_blank\" aria-label=\"20260402-ANIMATOR-przedszkole_grafika_750x200\"><img loading=\"lazy\" decoding=\"async\" src=\"https:\/\/www.24gliwice.pl\/wiadomosci\/wp-content\/uploads\/2026\/04\/20260402-ANIMATOR-przedszkole_grafika_750x200.webp\" alt=\"\"  srcset=\"https:\/\/www.24gliwice.pl\/wiadomosci\/wp-content\/uploads\/2026\/04\/20260402-ANIMATOR-przedszkole_grafika_750x200.webp 750w, https:\/\/www.24gliwice.pl\/wiadomosci\/wp-content\/uploads\/2026\/04\/20260402-ANIMATOR-przedszkole_grafika_750x200-410x109.webp 410w\" sizes=\"(max-width: 750px) 100vw, 750px\" class=\"no-lazyload\" width=\"750\" height=\"200\"  style=\"display: inline-block; max-width: 100%; height: auto;\" \/><\/a><\/div><\/div><p><iframe loading=\"lazy\" width=\"560\" height=\"315\" src=\"https:\/\/www.youtube.com\/embed\/TuYpXFgrbMA?start=2\" title=\"YouTube video player\" frameborder=\"0\" allow=\"accelerometer; autoplay; clipboard-write; encrypted-media; gyroscope; picture-in-picture\" allowfullscreen><\/iframe><\/p>\n<h3>17 czerwca 1999 roku w Gliwicach by\u0142 inny ni\u017c wszystkie. Mieszka\u0144c\u00f3w nie obudzi\u0142 d\u017awi\u0119k budzika, ale telefony od znajomych i rodziny &#8211; &#8220;do Gliwic przyleci Jan Pawe\u0142 II&#8221;.<\/h3>\n<p>&nbsp;<br \/>\nCho\u0107 od pami\u0119tnej wizyty min\u0119\u0142y ponad dwie dekady, wielu z nas dobrze pami\u0119ta tamten dzie\u0144 i dialog papie\u017ca z p\u00f3\u0142 milionem pielgrzym\u00f3w, kt\u00f3rzy spontanicznie przybyli na gliwickie lotnisko.<\/p>\n<p>&#8211; Obudzi\u0142a mnie mama, m\u00f3wi\u0105c, \u017ce nie id\u0119 do szko\u0142y bo jedziemy &#8220;na papie\u017ca&#8221;. Nie by\u0142em zadowolony bo mieli\u015bmy na wuefie rozegra\u0107 wa\u017cny mecz mi\u0119dzyklasowy &#8211; wspomina pan Micha\u0142. Nawet gdyby wybra\u0142 si\u0119 do szko\u0142y, w wi\u0119kszo\u015bci plac\u00f3wek zaj\u0119cia si\u0119 nie odby\u0142y. Ludzie brali wolne w pracy, cho\u0107 tak naprawd\u0119 wiele firm tego dnia nawet nie zacz\u0119\u0142a dzia\u0142alno\u015bci.<\/p><div class=\"gliwi-a3-w-tresci-artykulow gliwi-entity-placement\" id=\"gliwi-2937742078\"><div class=\"gliwi-adlabel\"><span style=\"font-size: 9px\">REKLAMA<\/span><\/div><div id=\"gliwi-2449069789\" style=\"margin-bottom: 30px;margin-left: auto;margin-right: auto;text-align: center;\"><a data-no-instant=\"1\" href=\"https:\/\/ogrodyandersa.pl\/\" rel=\"noopener\" class=\"a2t-link\" target=\"_blank\" aria-label=\"20260415 Ogrody Andersa KUP TERAZ D\"><img loading=\"lazy\" decoding=\"async\" src=\"https:\/\/www.24gliwice.pl\/wiadomosci\/wp-content\/uploads\/2026\/04\/20260415-Ogrody-Andersa-KUP-TERAZ-D.jpg\" alt=\"\"  srcset=\"https:\/\/www.24gliwice.pl\/wiadomosci\/wp-content\/uploads\/2026\/04\/20260415-Ogrody-Andersa-KUP-TERAZ-D.jpg 750w, https:\/\/www.24gliwice.pl\/wiadomosci\/wp-content\/uploads\/2026\/04\/20260415-Ogrody-Andersa-KUP-TERAZ-D-410x109.jpg 410w\" sizes=\"(max-width: 750px) 100vw, 750px\" class=\"no-lazyload\" width=\"750\" height=\"200\"  style=\"display: inline-block; max-width: 100%; height: auto;\" \/><\/a><\/div><\/div>\n<p>&#8211; Dzie\u0144 wcze\u015bniej, p\u00f3\u017anym wieczorem zadzwoni\u0142 do mnie kolega ksi\u0105dz i zapyta\u0142 co robi\u0119. Powiedzia\u0142em, \u017ce za chwilk\u0119 id\u0119 spa\u0107, a on &#8211; no to \u015bpij szybko, bo trzeba rano przygotowa\u0107 si\u0119 do spotkania z papie\u017cem. Zacz\u0105\u0142em si\u0119 \u015bmia\u0107, ale kolega podkre\u015bli\u0142, \u017ce to nie jest \u017cart. Papie\u017c chce by\u0107 w Gliwicach &#8211; opowiada <strong>ks. Bernard Plucik<\/strong>, obecny proboszcz katedry pw. \u015bw. Aposto\u0142\u00f3w Piotra i Paw\u0142a, kt\u00f3ry w trakcie papieskiej wizyty odpowiada\u0142 za kwestie organizacyjne uroczysto\u015bci.<\/p>\n<h3>Organizacyjnie wszystko dopi\u0119te by\u0142o na ostatni guzik. Ale dwa dni wcze\u015bniej.<\/h3>\n<p>W\u00f3wczas na lotnisku mia\u0142o odby\u0107 si\u0119 nabo\u017ce\u0144stwo z udzia\u0142em Jana Paw\u0142a II. Z powodu choroby wizyta papie\u017ca zosta\u0142a jednak odwo\u0142ana. Wierni zgromadzili si\u0119 na p\u0142ycie lotniska, wys\u0142uchano przygotowanego na t\u0119 okoliczno\u015b\u0107 papieskiego kazania, ale jak przyznaje ks. Plucik, gdy og\u0142oszono, \u017ce papie\u017c nie przyjedzie, zapad\u0142a cisza i czu\u0107 by\u0142o w\u015br\u00f3d pielgrzym\u00f3w \u017cal.<\/p>\n<p>&#8211; Dzie\u0144 p\u00f3\u017aniej, na kolacji, papie\u017c powiedzia\u0142 ca\u0142emu orszakowi: jedziemy do Gliwic. Ja ich zawiod\u0142em, ja musz\u0119 si\u0119 z nimi spotka\u0107 &#8211; wspomina proboszcz gliwickiej katedry.<\/p>\n<h3>Szacuje si\u0119, \u017ce do Gliwic tego dnia w ci\u0105gu kilku godzin przyjecha\u0142o oko\u0142o p\u00f3\u0142 miliona os\u00f3b.<\/h3>\n<p>&#8211; W nocy dosta\u0142em wiadomo\u015b\u0107, \u017ce mam jecha\u0107 na lotnisko, by\u0142em tam nad ranem, ale jak na moment pojawi\u0142em si\u0119 w centrum Gliwic to p\u0142yn\u0119\u0142a tam rzeka ludzi &#8211; m\u00f3wi <strong>Irek Doro\u017ca\u0144ski<\/strong>, fotograf, w\u00f3wczas pracuj\u0105cy dla &#8220;Dziennika Zachodniego&#8221;.<\/p>\n<p>Dla organizator\u00f3w rozpocz\u0119\u0142a si\u0119 walka z czasem. Rozebrano ju\u017c imponuj\u0105c\u0105 scen\u0119 przygotowan\u0105 dwa dni wcze\u015bniej. W zamian stworzono niewysoki podest na kt\u00f3rym powsta\u0142 prowizoryczny o\u0142tarz. W po\u015bpiechu montowano barierki i zabezpieczano teren lotniska. Tu\u017c przed po\u0142udniem nad gliwickim lotniskiem pojawi\u0142 si\u0119 papieski helikopter.<\/p>\n<p>&#8211; Wszyscy czekamy, kilka helikopter\u00f3w na niebie, &#8220;borowcy&#8221; szalej\u0105, maj\u0105c wszystkich na oku, a niekt\u00f3rzy &#8211; co uda\u0142o mi si\u0119 uj\u0105\u0107 na zdj\u0119ciach &#8211; tak\u017ce &#8220;na muszce&#8221; &#8211; opowiada <strong>Antoni Witwicki<\/strong>, fotograf.<\/p>\n<h5>Jana Paw\u0142a II przywita\u0142 w Gliwicach bp. Jan Wieczorek. Chwil\u0119 p\u00f3\u017aniej rozpocz\u0105\u0142 si\u0119 dialog, kt\u00f3ry przeszed\u0142 do historii i swoj\u0105 spontaniczno\u015bci\u0105 idealnie wpisa\u0142 si\u0119 w okoliczno\u015bci niespodziewanej wizyty.<\/h5>\n<p>&nbsp;<\/p>\n<p style=\"padding-left: 60px;\"><em>&#8211; Wida\u0107, \u017ce \u015al\u0105zak cierpliwy i twardy. Bo ja bym z takim papie\u017cem nie wytrzyma\u0142. Ma przyjecha\u0107, nie przyje\u017cd\u017co. Potem znowu ni ma przyjecha\u0107, a przyje\u017cd\u017co<\/em> &#8211; \u017cartowa\u0142 papie\u017c, pr\u00f3buj\u0105c przy okazji swoich si\u0142 w \u015bl\u0105skiej godce.<br \/>\n<em>&#8211; Nic nie szkodzi!<\/em> &#8211; odpowiedzieli wierni.<br \/>\n<em>&#8211; No to dobrze. Jak nic nie szkodzi, to jako\u015b ze spokojnym sumieniem odjad\u0119 do Rzymu<\/em> &#8211; dodawa\u0142 Jan Pawe\u0142 II.<\/p>\n<p>Rzeczywi\u015bcie by\u0142 to ostatni dzie\u0144 najd\u0142u\u017cszej pielgrzymki do Polski w historii pontyfikatu Jana Paw\u0142a II. Po kr\u00f3tkiej, kilkunastominutowej wizycie w Gliwicach, uda\u0142 si\u0119 jeszcze na Jasn\u0105 G\u00f3r\u0119, a nast\u0119pnie wr\u00f3ci\u0142 do Watykanu.<\/p>\n<p>Po opuszczeniu Gliwic przez Jana Paw\u0142a II, na p\u0142ycie lotniska rozpocz\u0105\u0142 si\u0119 powolny odwr\u00f3t pielgrzym\u00f3w do dom\u00f3w. Pomimo tak du\u017cej liczby zgromadzonych nie odnotowano \u017cadnych przykrych incydent\u00f3w.<\/p>\n<p>&#8211; Opanowa\u0107 takimi s\u0142abymi \u015brodkami, jakie w\u00f3wczas mieli\u015bmy tyle ludzi, tak \u017ceby wszyscy bezpiecznie si\u0119 rozeszli, to po prostu by\u0142 cud nad K\u0142odnic\u0105 &#8211; \u015bmieje si\u0119 ks. Plucik i wspomina, \u017ce jeszcze kilka lat po papieskiej wizycie \u017cartowano: &#8211; Dajcie jaki\u015b sygna\u0142 do Gliwic, \u017ce papie\u017c przylatuje, oni na pewno s\u0105 gotowi.<\/p>\n<p><strong>Micha\u0142 Szewczyk<\/strong><br \/>\n(archiwum 24gliwice\/2014 \/archiwum prywatne 1999: M.Fabrykowski)<\/p>\n<div class=\"gliwi-a5-na-koncu-artykulow gliwi-entity-placement\" id=\"gliwi-2417357582\"><div class=\"gliwi-adlabel\"><span style=\"font-size: 9px\">REKLAMA<\/span><\/div><div id=\"gliwi-2709466003\" style=\"margin-left: auto;margin-right: auto;text-align: center;\"><a data-no-instant=\"1\" href=\"https:\/\/prezeroarenagliwice.pl\/\" rel=\"noopener\" class=\"a2t-link\" target=\"_blank\" aria-label=\"20260309-PREZERO-WIOSNA-D\"><img loading=\"lazy\" decoding=\"async\" src=\"https:\/\/www.24gliwice.pl\/wiadomosci\/wp-content\/uploads\/2026\/03\/20260309-PREZERO-WIOSNA-D.webp\" alt=\"\"  srcset=\"https:\/\/www.24gliwice.pl\/wiadomosci\/wp-content\/uploads\/2026\/03\/20260309-PREZERO-WIOSNA-D.webp 750w, https:\/\/www.24gliwice.pl\/wiadomosci\/wp-content\/uploads\/2026\/03\/20260309-PREZERO-WIOSNA-D-410x109.webp 410w\" sizes=\"(max-width: 750px) 100vw, 750px\" class=\"no-lazyload\" width=\"750\" height=\"200\"  style=\"display: inline-block; max-width: 100%; height: auto;\" \/><\/a><\/div><\/div>","protected":false},"excerpt":{"rendered":"<p>17 czerwca 1999 roku w Gliwicach by\u0142 inny ni\u017c wszystkie. Mieszka\u0144c\u00f3w nie obudzi\u0142 d\u017awi\u0119k budzika, ale telefony od znajomych i rodziny &#8211; &#8220;do Gliwic przyleci Jan Pawe\u0142 II&#8221;. &nbsp; Cho\u0107 od pami\u0119tnej wizyty min\u0119\u0142y ponad dwie dekady, wielu z nas dobrze pami\u0119ta tamten dzie\u0144 i dialog papie\u017ca z p\u00f3\u0142 milionem pielgrzym\u00f3w, kt\u00f3rzy spontanicznie przybyli na [&hellip;]<\/p>\n","protected":false},"author":4,"featured_media":69194,"comment_status":"closed","ping_status":"closed","sticky":false,"template":"","format":"video","meta":{"_monsterinsights_skip_tracking":false,"_monsterinsights_sitenote_active":false,"_monsterinsights_sitenote_note":"","_monsterinsights_sitenote_category":0,"footnotes":"","_links_to":"","_links_to_target":""},"categories":[3,7,1,4],"tags":[5407,5406,15834],"class_list":["post-136549","post","type-post","status-publish","format-video","has-post-thumbnail","hentry","category-gliwice","category-historia","category-wszystko","category-telewizja-gliwice","tag-jan-pawel-ii","tag-papiez-w-gliwicach","tag-pielgrzymka","post_format-post-format-video"],"yoast_head":"<!-- This site is optimized with the Yoast SEO plugin v27.5 - https:\/\/yoast.com\/product\/yoast-seo-wordpress\/ -->\n<title>Papie\u017c w Gliwicach, wszyscy na lotnisko! Tak by\u0142o 17 czerwca 1999 roku - 24GLIWICE - Portal Gliwice | codziennie nowe informacje<\/title>\n<meta name=\"robots\" content=\"index, follow, max-snippet:-1, max-image-preview:large, max-video-preview:-1\" \/>\n<link rel=\"canonical\" href=\"https:\/\/www.24gliwice.pl\/wiadomosci\/15-czerwca-1999-do-gliwic-mial-przyleciec-papiez-wizyta-odbyla-sie-jednak-dwa-dni-pozniej\/\" \/>\n<meta property=\"og:locale\" content=\"pl_PL\" \/>\n<meta property=\"og:type\" content=\"article\" \/>\n<meta property=\"og:title\" content=\"Papie\u017c w Gliwicach, wszyscy na lotnisko! Tak by\u0142o 17 czerwca 1999 roku - 24GLIWICE - Portal Gliwice | codziennie nowe informacje\" \/>\n<meta property=\"og:description\" content=\"17 czerwca 1999 roku w Gliwicach by\u0142 inny ni\u017c wszystkie. Mieszka\u0144c\u00f3w nie obudzi\u0142 d\u017awi\u0119k budzika, ale telefony od znajomych i rodziny &#8211; &#8220;do Gliwic przyleci Jan Pawe\u0142 II&#8221;. &nbsp; Cho\u0107 od pami\u0119tnej wizyty min\u0119\u0142y ponad dwie dekady, wielu z nas dobrze pami\u0119ta tamten dzie\u0144 i dialog papie\u017ca z p\u00f3\u0142 milionem pielgrzym\u00f3w, kt\u00f3rzy spontanicznie przybyli na [&hellip;]\" \/>\n<meta property=\"og:url\" content=\"https:\/\/www.24gliwice.pl\/wiadomosci\/15-czerwca-1999-do-gliwic-mial-przyleciec-papiez-wizyta-odbyla-sie-jednak-dwa-dni-pozniej\/\" \/>\n<meta property=\"og:site_name\" content=\"24GLIWICE - Portal Gliwice | codziennie nowe informacje\" \/>\n<meta property=\"article:publisher\" content=\"https:\/\/www.facebook.com\/24gliwice\" \/>\n<meta property=\"article:author\" content=\"https:\/\/www.facebook.com\/marcin.fabrykowski\" \/>\n<meta property=\"article:published_time\" content=\"2021-06-17T15:00:43+00:00\" \/>\n<meta property=\"article:modified_time\" content=\"2021-06-17T23:28:36+00:00\" \/>\n<meta property=\"og:image\" content=\"https:\/\/www.24gliwice.pl\/wiadomosci\/wp-content\/uploads\/2015\/05\/papiez-001-510x265.jpg\" \/>\n\t<meta property=\"og:image:width\" content=\"510\" \/>\n\t<meta property=\"og:image:height\" content=\"265\" \/>\n\t<meta property=\"og:image:type\" content=\"image\/jpeg\" \/>\n<meta name=\"author\" content=\"Marcin Fabrykowski\" \/>\n<meta name=\"twitter:card\" content=\"summary_large_image\" \/>\n<meta name=\"twitter:creator\" content=\"@24gliwice\" \/>\n<meta name=\"twitter:site\" content=\"@24gliwice\" \/>\n<meta name=\"twitter:label1\" content=\"Napisane przez\" \/>\n\t<meta name=\"twitter:data1\" content=\"Marcin Fabrykowski\" \/>\n\t<meta name=\"twitter:label2\" content=\"Szacowany czas czytania\" \/>\n\t<meta name=\"twitter:data2\" content=\"4 minuty\" \/>\n<script type=\"application\/ld+json\" class=\"yoast-schema-graph\">{\"@context\":\"https:\\\/\\\/schema.org\",\"@graph\":[{\"@type\":\"Article\",\"@id\":\"https:\\\/\\\/www.24gliwice.pl\\\/wiadomosci\\\/15-czerwca-1999-do-gliwic-mial-przyleciec-papiez-wizyta-odbyla-sie-jednak-dwa-dni-pozniej\\\/#article\",\"isPartOf\":{\"@id\":\"https:\\\/\\\/www.24gliwice.pl\\\/wiadomosci\\\/15-czerwca-1999-do-gliwic-mial-przyleciec-papiez-wizyta-odbyla-sie-jednak-dwa-dni-pozniej\\\/\"},\"author\":{\"name\":\"Marcin Fabrykowski\",\"@id\":\"https:\\\/\\\/www.24gliwice.pl\\\/wiadomosci\\\/#\\\/schema\\\/person\\\/cb5857e4a4d048c15984c1edcc8ef0c0\"},\"headline\":\"Papie\u017c w Gliwicach, wszyscy na lotnisko! Tak by\u0142o 17 czerwca 1999 roku\",\"datePublished\":\"2021-06-17T15:00:43+00:00\",\"dateModified\":\"2021-06-17T23:28:36+00:00\",\"mainEntityOfPage\":{\"@id\":\"https:\\\/\\\/www.24gliwice.pl\\\/wiadomosci\\\/15-czerwca-1999-do-gliwic-mial-przyleciec-papiez-wizyta-odbyla-sie-jednak-dwa-dni-pozniej\\\/\"},\"wordCount\":754,\"publisher\":{\"@id\":\"https:\\\/\\\/www.24gliwice.pl\\\/wiadomosci\\\/#organization\"},\"image\":{\"@id\":\"https:\\\/\\\/www.24gliwice.pl\\\/wiadomosci\\\/15-czerwca-1999-do-gliwic-mial-przyleciec-papiez-wizyta-odbyla-sie-jednak-dwa-dni-pozniej\\\/#primaryimage\"},\"thumbnailUrl\":\"https:\\\/\\\/www.24gliwice.pl\\\/wiadomosci\\\/wp-content\\\/uploads\\\/2015\\\/05\\\/papiez-001-510x265.jpg\",\"keywords\":[\"jan pawe\u0142 II\",\"papie\u017c w gliwicach\",\"pielgrzymka\"],\"articleSection\":[\"Gliwice\",\"Historia\",\"Najnowsze wiadomo\u015bci\",\"Telewizja, materia\u0142y wideo\"],\"inLanguage\":\"pl-PL\"},{\"@type\":\"WebPage\",\"@id\":\"https:\\\/\\\/www.24gliwice.pl\\\/wiadomosci\\\/15-czerwca-1999-do-gliwic-mial-przyleciec-papiez-wizyta-odbyla-sie-jednak-dwa-dni-pozniej\\\/\",\"url\":\"https:\\\/\\\/www.24gliwice.pl\\\/wiadomosci\\\/15-czerwca-1999-do-gliwic-mial-przyleciec-papiez-wizyta-odbyla-sie-jednak-dwa-dni-pozniej\\\/\",\"name\":\"Papie\u017c w Gliwicach, wszyscy na lotnisko! Tak by\u0142o 17 czerwca 1999 roku - 24GLIWICE - Portal Gliwice | codziennie nowe informacje\",\"isPartOf\":{\"@id\":\"https:\\\/\\\/www.24gliwice.pl\\\/wiadomosci\\\/#website\"},\"primaryImageOfPage\":{\"@id\":\"https:\\\/\\\/www.24gliwice.pl\\\/wiadomosci\\\/15-czerwca-1999-do-gliwic-mial-przyleciec-papiez-wizyta-odbyla-sie-jednak-dwa-dni-pozniej\\\/#primaryimage\"},\"image\":{\"@id\":\"https:\\\/\\\/www.24gliwice.pl\\\/wiadomosci\\\/15-czerwca-1999-do-gliwic-mial-przyleciec-papiez-wizyta-odbyla-sie-jednak-dwa-dni-pozniej\\\/#primaryimage\"},\"thumbnailUrl\":\"https:\\\/\\\/www.24gliwice.pl\\\/wiadomosci\\\/wp-content\\\/uploads\\\/2015\\\/05\\\/papiez-001-510x265.jpg\",\"datePublished\":\"2021-06-17T15:00:43+00:00\",\"dateModified\":\"2021-06-17T23:28:36+00:00\",\"breadcrumb\":{\"@id\":\"https:\\\/\\\/www.24gliwice.pl\\\/wiadomosci\\\/15-czerwca-1999-do-gliwic-mial-przyleciec-papiez-wizyta-odbyla-sie-jednak-dwa-dni-pozniej\\\/#breadcrumb\"},\"inLanguage\":\"pl-PL\",\"potentialAction\":[{\"@type\":\"ReadAction\",\"target\":[\"https:\\\/\\\/www.24gliwice.pl\\\/wiadomosci\\\/15-czerwca-1999-do-gliwic-mial-przyleciec-papiez-wizyta-odbyla-sie-jednak-dwa-dni-pozniej\\\/\"]}]},{\"@type\":\"ImageObject\",\"inLanguage\":\"pl-PL\",\"@id\":\"https:\\\/\\\/www.24gliwice.pl\\\/wiadomosci\\\/15-czerwca-1999-do-gliwic-mial-przyleciec-papiez-wizyta-odbyla-sie-jednak-dwa-dni-pozniej\\\/#primaryimage\",\"url\":\"https:\\\/\\\/www.24gliwice.pl\\\/wiadomosci\\\/wp-content\\\/uploads\\\/2015\\\/05\\\/papiez-001-510x265.jpg\",\"contentUrl\":\"https:\\\/\\\/www.24gliwice.pl\\\/wiadomosci\\\/wp-content\\\/uploads\\\/2015\\\/05\\\/papiez-001-510x265.jpg\",\"width\":510,\"height\":265},{\"@type\":\"BreadcrumbList\",\"@id\":\"https:\\\/\\\/www.24gliwice.pl\\\/wiadomosci\\\/15-czerwca-1999-do-gliwic-mial-przyleciec-papiez-wizyta-odbyla-sie-jednak-dwa-dni-pozniej\\\/#breadcrumb\",\"itemListElement\":[{\"@type\":\"ListItem\",\"position\":1,\"name\":\"Strona g\u0142\u00f3wna\",\"item\":\"https:\\\/\\\/www.24gliwice.pl\\\/wiadomosci\\\/\"},{\"@type\":\"ListItem\",\"position\":2,\"name\":\"Papie\u017c w Gliwicach, wszyscy na lotnisko! Tak by\u0142o 17 czerwca 1999 roku\"}]},{\"@type\":\"WebSite\",\"@id\":\"https:\\\/\\\/www.24gliwice.pl\\\/wiadomosci\\\/#website\",\"url\":\"https:\\\/\\\/www.24gliwice.pl\\\/wiadomosci\\\/\",\"name\":\"24GLIWICE - Portal Gliwice | codziennie nowe wiadomo\u015bci\",\"description\":\"Portal Miejski Gliwice\",\"publisher\":{\"@id\":\"https:\\\/\\\/www.24gliwice.pl\\\/wiadomosci\\\/#organization\"},\"potentialAction\":[{\"@type\":\"SearchAction\",\"target\":{\"@type\":\"EntryPoint\",\"urlTemplate\":\"https:\\\/\\\/www.24gliwice.pl\\\/wiadomosci\\\/?s={search_term_string}\"},\"query-input\":{\"@type\":\"PropertyValueSpecification\",\"valueRequired\":true,\"valueName\":\"search_term_string\"}}],\"inLanguage\":\"pl-PL\"},{\"@type\":\"Organization\",\"@id\":\"https:\\\/\\\/www.24gliwice.pl\\\/wiadomosci\\\/#organization\",\"name\":\"24gliwice\",\"url\":\"https:\\\/\\\/www.24gliwice.pl\\\/wiadomosci\\\/\",\"logo\":{\"@type\":\"ImageObject\",\"inLanguage\":\"pl-PL\",\"@id\":\"https:\\\/\\\/www.24gliwice.pl\\\/wiadomosci\\\/#\\\/schema\\\/logo\\\/image\\\/\",\"url\":\"https:\\\/\\\/www.24gliwice.pl\\\/wiadomosci\\\/wp-content\\\/uploads\\\/2024\\\/10\\\/24gliwice-logo-696.jpg\",\"contentUrl\":\"https:\\\/\\\/www.24gliwice.pl\\\/wiadomosci\\\/wp-content\\\/uploads\\\/2024\\\/10\\\/24gliwice-logo-696.jpg\",\"width\":696,\"height\":696,\"caption\":\"24gliwice\"},\"image\":{\"@id\":\"https:\\\/\\\/www.24gliwice.pl\\\/wiadomosci\\\/#\\\/schema\\\/logo\\\/image\\\/\"},\"sameAs\":[\"https:\\\/\\\/www.facebook.com\\\/24gliwice\",\"https:\\\/\\\/x.com\\\/24gliwice\",\"https:\\\/\\\/www.youtube.com\\\/@24gliwice\"]},{\"@type\":\"Person\",\"@id\":\"https:\\\/\\\/www.24gliwice.pl\\\/wiadomosci\\\/#\\\/schema\\\/person\\\/cb5857e4a4d048c15984c1edcc8ef0c0\",\"name\":\"Marcin Fabrykowski\",\"image\":{\"@type\":\"ImageObject\",\"inLanguage\":\"pl-PL\",\"@id\":\"https:\\\/\\\/www.24gliwice.pl\\\/wiadomosci\\\/wp-content\\\/uploads\\\/2025\\\/11\\\/zdjecie-moje-marcin-300-96x96.jpg\",\"url\":\"https:\\\/\\\/www.24gliwice.pl\\\/wiadomosci\\\/wp-content\\\/uploads\\\/2025\\\/11\\\/zdjecie-moje-marcin-300-96x96.jpg\",\"contentUrl\":\"https:\\\/\\\/www.24gliwice.pl\\\/wiadomosci\\\/wp-content\\\/uploads\\\/2025\\\/11\\\/zdjecie-moje-marcin-300-96x96.jpg\",\"caption\":\"Marcin Fabrykowski\"},\"sameAs\":[\"http:\\\/\\\/24gliwice.pl\",\"https:\\\/\\\/www.facebook.com\\\/marcin.fabrykowski\"],\"url\":\"https:\\\/\\\/www.24gliwice.pl\\\/wiadomosci\\\/author\\\/marcin-fabrykowski\\\/\"}]}<\/script>\n<!-- \/ Yoast SEO plugin. -->","yoast_head_json":{"title":"Papie\u017c w Gliwicach, wszyscy na lotnisko! Tak by\u0142o 17 czerwca 1999 roku - 24GLIWICE - Portal Gliwice | codziennie nowe informacje","robots":{"index":"index","follow":"follow","max-snippet":"max-snippet:-1","max-image-preview":"max-image-preview:large","max-video-preview":"max-video-preview:-1"},"canonical":"https:\/\/www.24gliwice.pl\/wiadomosci\/15-czerwca-1999-do-gliwic-mial-przyleciec-papiez-wizyta-odbyla-sie-jednak-dwa-dni-pozniej\/","og_locale":"pl_PL","og_type":"article","og_title":"Papie\u017c w Gliwicach, wszyscy na lotnisko! Tak by\u0142o 17 czerwca 1999 roku - 24GLIWICE - Portal Gliwice | codziennie nowe informacje","og_description":"17 czerwca 1999 roku w Gliwicach by\u0142 inny ni\u017c wszystkie. Mieszka\u0144c\u00f3w nie obudzi\u0142 d\u017awi\u0119k budzika, ale telefony od znajomych i rodziny &#8211; &#8220;do Gliwic przyleci Jan Pawe\u0142 II&#8221;. &nbsp; Cho\u0107 od pami\u0119tnej wizyty min\u0119\u0142y ponad dwie dekady, wielu z nas dobrze pami\u0119ta tamten dzie\u0144 i dialog papie\u017ca z p\u00f3\u0142 milionem pielgrzym\u00f3w, kt\u00f3rzy spontanicznie przybyli na [&hellip;]","og_url":"https:\/\/www.24gliwice.pl\/wiadomosci\/15-czerwca-1999-do-gliwic-mial-przyleciec-papiez-wizyta-odbyla-sie-jednak-dwa-dni-pozniej\/","og_site_name":"24GLIWICE - Portal Gliwice | codziennie nowe informacje","article_publisher":"https:\/\/www.facebook.com\/24gliwice","article_author":"https:\/\/www.facebook.com\/marcin.fabrykowski","article_published_time":"2021-06-17T15:00:43+00:00","article_modified_time":"2021-06-17T23:28:36+00:00","og_image":[{"width":510,"height":265,"url":"https:\/\/www.24gliwice.pl\/wiadomosci\/wp-content\/uploads\/2015\/05\/papiez-001-510x265.jpg","type":"image\/jpeg"}],"author":"Marcin Fabrykowski","twitter_card":"summary_large_image","twitter_creator":"@24gliwice","twitter_site":"@24gliwice","twitter_misc":{"Napisane przez":"Marcin Fabrykowski","Szacowany czas czytania":"4 minuty"},"schema":{"@context":"https:\/\/schema.org","@graph":[{"@type":"Article","@id":"https:\/\/www.24gliwice.pl\/wiadomosci\/15-czerwca-1999-do-gliwic-mial-przyleciec-papiez-wizyta-odbyla-sie-jednak-dwa-dni-pozniej\/#article","isPartOf":{"@id":"https:\/\/www.24gliwice.pl\/wiadomosci\/15-czerwca-1999-do-gliwic-mial-przyleciec-papiez-wizyta-odbyla-sie-jednak-dwa-dni-pozniej\/"},"author":{"name":"Marcin Fabrykowski","@id":"https:\/\/www.24gliwice.pl\/wiadomosci\/#\/schema\/person\/cb5857e4a4d048c15984c1edcc8ef0c0"},"headline":"Papie\u017c w Gliwicach, wszyscy na lotnisko! Tak by\u0142o 17 czerwca 1999 roku","datePublished":"2021-06-17T15:00:43+00:00","dateModified":"2021-06-17T23:28:36+00:00","mainEntityOfPage":{"@id":"https:\/\/www.24gliwice.pl\/wiadomosci\/15-czerwca-1999-do-gliwic-mial-przyleciec-papiez-wizyta-odbyla-sie-jednak-dwa-dni-pozniej\/"},"wordCount":754,"publisher":{"@id":"https:\/\/www.24gliwice.pl\/wiadomosci\/#organization"},"image":{"@id":"https:\/\/www.24gliwice.pl\/wiadomosci\/15-czerwca-1999-do-gliwic-mial-przyleciec-papiez-wizyta-odbyla-sie-jednak-dwa-dni-pozniej\/#primaryimage"},"thumbnailUrl":"https:\/\/www.24gliwice.pl\/wiadomosci\/wp-content\/uploads\/2015\/05\/papiez-001-510x265.jpg","keywords":["jan pawe\u0142 II","papie\u017c w gliwicach","pielgrzymka"],"articleSection":["Gliwice","Historia","Najnowsze wiadomo\u015bci","Telewizja, materia\u0142y wideo"],"inLanguage":"pl-PL"},{"@type":"WebPage","@id":"https:\/\/www.24gliwice.pl\/wiadomosci\/15-czerwca-1999-do-gliwic-mial-przyleciec-papiez-wizyta-odbyla-sie-jednak-dwa-dni-pozniej\/","url":"https:\/\/www.24gliwice.pl\/wiadomosci\/15-czerwca-1999-do-gliwic-mial-przyleciec-papiez-wizyta-odbyla-sie-jednak-dwa-dni-pozniej\/","name":"Papie\u017c w Gliwicach, wszyscy na lotnisko! Tak by\u0142o 17 czerwca 1999 roku - 24GLIWICE - Portal Gliwice | codziennie nowe informacje","isPartOf":{"@id":"https:\/\/www.24gliwice.pl\/wiadomosci\/#website"},"primaryImageOfPage":{"@id":"https:\/\/www.24gliwice.pl\/wiadomosci\/15-czerwca-1999-do-gliwic-mial-przyleciec-papiez-wizyta-odbyla-sie-jednak-dwa-dni-pozniej\/#primaryimage"},"image":{"@id":"https:\/\/www.24gliwice.pl\/wiadomosci\/15-czerwca-1999-do-gliwic-mial-przyleciec-papiez-wizyta-odbyla-sie-jednak-dwa-dni-pozniej\/#primaryimage"},"thumbnailUrl":"https:\/\/www.24gliwice.pl\/wiadomosci\/wp-content\/uploads\/2015\/05\/papiez-001-510x265.jpg","datePublished":"2021-06-17T15:00:43+00:00","dateModified":"2021-06-17T23:28:36+00:00","breadcrumb":{"@id":"https:\/\/www.24gliwice.pl\/wiadomosci\/15-czerwca-1999-do-gliwic-mial-przyleciec-papiez-wizyta-odbyla-sie-jednak-dwa-dni-pozniej\/#breadcrumb"},"inLanguage":"pl-PL","potentialAction":[{"@type":"ReadAction","target":["https:\/\/www.24gliwice.pl\/wiadomosci\/15-czerwca-1999-do-gliwic-mial-przyleciec-papiez-wizyta-odbyla-sie-jednak-dwa-dni-pozniej\/"]}]},{"@type":"ImageObject","inLanguage":"pl-PL","@id":"https:\/\/www.24gliwice.pl\/wiadomosci\/15-czerwca-1999-do-gliwic-mial-przyleciec-papiez-wizyta-odbyla-sie-jednak-dwa-dni-pozniej\/#primaryimage","url":"https:\/\/www.24gliwice.pl\/wiadomosci\/wp-content\/uploads\/2015\/05\/papiez-001-510x265.jpg","contentUrl":"https:\/\/www.24gliwice.pl\/wiadomosci\/wp-content\/uploads\/2015\/05\/papiez-001-510x265.jpg","width":510,"height":265},{"@type":"BreadcrumbList","@id":"https:\/\/www.24gliwice.pl\/wiadomosci\/15-czerwca-1999-do-gliwic-mial-przyleciec-papiez-wizyta-odbyla-sie-jednak-dwa-dni-pozniej\/#breadcrumb","itemListElement":[{"@type":"ListItem","position":1,"name":"Strona g\u0142\u00f3wna","item":"https:\/\/www.24gliwice.pl\/wiadomosci\/"},{"@type":"ListItem","position":2,"name":"Papie\u017c w Gliwicach, wszyscy na lotnisko! Tak by\u0142o 17 czerwca 1999 roku"}]},{"@type":"WebSite","@id":"https:\/\/www.24gliwice.pl\/wiadomosci\/#website","url":"https:\/\/www.24gliwice.pl\/wiadomosci\/","name":"24GLIWICE - Portal Gliwice | codziennie nowe wiadomo\u015bci","description":"Portal Miejski Gliwice","publisher":{"@id":"https:\/\/www.24gliwice.pl\/wiadomosci\/#organization"},"potentialAction":[{"@type":"SearchAction","target":{"@type":"EntryPoint","urlTemplate":"https:\/\/www.24gliwice.pl\/wiadomosci\/?s={search_term_string}"},"query-input":{"@type":"PropertyValueSpecification","valueRequired":true,"valueName":"search_term_string"}}],"inLanguage":"pl-PL"},{"@type":"Organization","@id":"https:\/\/www.24gliwice.pl\/wiadomosci\/#organization","name":"24gliwice","url":"https:\/\/www.24gliwice.pl\/wiadomosci\/","logo":{"@type":"ImageObject","inLanguage":"pl-PL","@id":"https:\/\/www.24gliwice.pl\/wiadomosci\/#\/schema\/logo\/image\/","url":"https:\/\/www.24gliwice.pl\/wiadomosci\/wp-content\/uploads\/2024\/10\/24gliwice-logo-696.jpg","contentUrl":"https:\/\/www.24gliwice.pl\/wiadomosci\/wp-content\/uploads\/2024\/10\/24gliwice-logo-696.jpg","width":696,"height":696,"caption":"24gliwice"},"image":{"@id":"https:\/\/www.24gliwice.pl\/wiadomosci\/#\/schema\/logo\/image\/"},"sameAs":["https:\/\/www.facebook.com\/24gliwice","https:\/\/x.com\/24gliwice","https:\/\/www.youtube.com\/@24gliwice"]},{"@type":"Person","@id":"https:\/\/www.24gliwice.pl\/wiadomosci\/#\/schema\/person\/cb5857e4a4d048c15984c1edcc8ef0c0","name":"Marcin Fabrykowski","image":{"@type":"ImageObject","inLanguage":"pl-PL","@id":"https:\/\/www.24gliwice.pl\/wiadomosci\/wp-content\/uploads\/2025\/11\/zdjecie-moje-marcin-300-96x96.jpg","url":"https:\/\/www.24gliwice.pl\/wiadomosci\/wp-content\/uploads\/2025\/11\/zdjecie-moje-marcin-300-96x96.jpg","contentUrl":"https:\/\/www.24gliwice.pl\/wiadomosci\/wp-content\/uploads\/2025\/11\/zdjecie-moje-marcin-300-96x96.jpg","caption":"Marcin Fabrykowski"},"sameAs":["http:\/\/24gliwice.pl","https:\/\/www.facebook.com\/marcin.fabrykowski"],"url":"https:\/\/www.24gliwice.pl\/wiadomosci\/author\/marcin-fabrykowski\/"}]}},"_links":{"self":[{"href":"https:\/\/www.24gliwice.pl\/wiadomosci\/wp-json\/wp\/v2\/posts\/136549","targetHints":{"allow":["GET"]}}],"collection":[{"href":"https:\/\/www.24gliwice.pl\/wiadomosci\/wp-json\/wp\/v2\/posts"}],"about":[{"href":"https:\/\/www.24gliwice.pl\/wiadomosci\/wp-json\/wp\/v2\/types\/post"}],"author":[{"embeddable":true,"href":"https:\/\/www.24gliwice.pl\/wiadomosci\/wp-json\/wp\/v2\/users\/4"}],"replies":[{"embeddable":true,"href":"https:\/\/www.24gliwice.pl\/wiadomosci\/wp-json\/wp\/v2\/comments?post=136549"}],"version-history":[{"count":0,"href":"https:\/\/www.24gliwice.pl\/wiadomosci\/wp-json\/wp\/v2\/posts\/136549\/revisions"}],"wp:featuredmedia":[{"embeddable":true,"href":"https:\/\/www.24gliwice.pl\/wiadomosci\/wp-json\/wp\/v2\/media\/69194"}],"wp:attachment":[{"href":"https:\/\/www.24gliwice.pl\/wiadomosci\/wp-json\/wp\/v2\/media?parent=136549"}],"wp:term":[{"taxonomy":"category","embeddable":true,"href":"https:\/\/www.24gliwice.pl\/wiadomosci\/wp-json\/wp\/v2\/categories?post=136549"},{"taxonomy":"post_tag","embeddable":true,"href":"https:\/\/www.24gliwice.pl\/wiadomosci\/wp-json\/wp\/v2\/tags?post=136549"}],"curies":[{"name":"wp","href":"https:\/\/api.w.org\/{rel}","templated":true}]}}