{"id":136927,"date":"2019-06-28T06:50:31","date_gmt":"2019-06-28T04:50:31","guid":{"rendered":"https:\/\/www.24gliwice.pl\/wiadomosci\/?p=136927"},"modified":"2019-06-28T14:27:45","modified_gmt":"2019-06-28T12:27:45","slug":"100-przejazdow-dla-rowerzystow-z-sygnalizacja-swietlna-bedzie-mialo-automatyczna-detekcje","status":"publish","type":"post","link":"https:\/\/www.24gliwice.pl\/wiadomosci\/100-przejazdow-dla-rowerzystow-z-sygnalizacja-swietlna-bedzie-mialo-automatyczna-detekcje\/","title":{"rendered":"100% przejazd\u00f3w dla rowerzyst\u00f3w z sygnalizacj\u0105 \u015bwietln\u0105 b\u0119dzie mia\u0142o automatyczn\u0105 detekcj\u0119"},"content":{"rendered":"<div class=\"gliwi-a6-nad-leadem-artykulow gliwi-entity-placement\" id=\"gliwi-2102253289\"><div class=\"gliwi-adlabel\"><span style=\"font-size: 9px\">REKLAMA<\/span><\/div><div id=\"gliwi-3929823412\" style=\"margin-bottom: 30px;margin-left: auto;margin-right: auto;text-align: center;\"><a data-no-instant=\"1\" href=\"https:\/\/przedszkole.halogen.org.pl\/\" rel=\"noopener\" class=\"a2t-link\" target=\"_blank\" aria-label=\"20260402-ANIMATOR-przedszkole_grafika_750x200\"><img loading=\"lazy\" decoding=\"async\" src=\"https:\/\/www.24gliwice.pl\/wiadomosci\/wp-content\/uploads\/2026\/04\/20260402-ANIMATOR-przedszkole_grafika_750x200.webp\" alt=\"\"  srcset=\"https:\/\/www.24gliwice.pl\/wiadomosci\/wp-content\/uploads\/2026\/04\/20260402-ANIMATOR-przedszkole_grafika_750x200.webp 750w, https:\/\/www.24gliwice.pl\/wiadomosci\/wp-content\/uploads\/2026\/04\/20260402-ANIMATOR-przedszkole_grafika_750x200-410x109.webp 410w\" sizes=\"(max-width: 750px) 100vw, 750px\" class=\"no-lazyload\" width=\"750\" height=\"200\"  style=\"display: inline-block; max-width: 100%; height: auto;\" \/><\/a><\/div><\/div><h3>Automatyczne wykrywanie rowerzyst\u00f3w, u\u0142atwiaj\u0105ce przejazd podobnie jak to <a href=\"https:\/\/www.24gliwice.pl\/wiadomosci\/skrzyzowania-z-automatyczna-detekcja-pieszych-i-rowerzystow\/\" target=\"_blank\" rel=\"noopener noreferrer\">w rejonie ul. Wybrze\u017ce Armii Krajowej,<\/a> powinno jeszcze w tym roku pojawi\u0107 si\u0119 na wi\u0119kszej liczbie skrzy\u017cowa\u0144.<\/h3>\n<p>Zarz\u0105d Dr\u00f3g Miejskich w\u0142asnie ponowi\u0142 przetarg na \u201eRozbudow\u0119 systemu detekcji dla pieszych i rowerzyst\u00f3w w Gliwicach\u201d &#8211; zesz\u0142oroczny przetarg zosta\u0142 uniewa\u017cniony ze wzgl\u0119du na oferty przekraczaj\u0105ce kosztorys. Z tego powodu Gliwicka Rada Rowerowa postanowi\u0142a przyjrze\u0107 si\u0119 gdzie i jak rowerzy\u015bci maj\u0105 by\u0107 wykrywani.<\/p>\n<p>W ramach zam\u00f3wienia og\u0142oszonego przez ZDM zaplanowano monta\u017c automatycznej detekcji w nast\u0119puj\u0105cych lokalizacjach:<\/p><div class=\"gliwi-a3-w-tresci-artykulow gliwi-entity-placement\" id=\"gliwi-992834163\"><div class=\"gliwi-adlabel\"><span style=\"font-size: 9px\">REKLAMA<\/span><\/div><div id=\"gliwi-3598223711\" style=\"margin-bottom: 30px;margin-left: auto;margin-right: auto;text-align: center;\"><a data-no-instant=\"1\" href=\"https:\/\/zlobek.halogen.org.pl\/\" rel=\"noopener\" class=\"a2t-link\" target=\"_blank\" aria-label=\"animator-zlobek_750x200\"><img loading=\"lazy\" decoding=\"async\" src=\"https:\/\/www.24gliwice.pl\/wiadomosci\/wp-content\/uploads\/2026\/02\/animator-zlobek_750x200.webp\" alt=\"\"  srcset=\"https:\/\/www.24gliwice.pl\/wiadomosci\/wp-content\/uploads\/2026\/02\/animator-zlobek_750x200.webp 750w, https:\/\/www.24gliwice.pl\/wiadomosci\/wp-content\/uploads\/2026\/02\/animator-zlobek_750x200-410x109.webp 410w\" sizes=\"(max-width: 750px) 100vw, 750px\" class=\"no-lazyload\" width=\"750\" height=\"200\"  style=\"display: inline-block; max-width: 100%; height: auto;\" \/><\/a><\/div><\/div>\n<p>&#8211; Skrzy\u017cowanie ulic Orlickiego \u2013 \u015aliwki \u2013 DT\u015a,<br \/>\n&#8211; Skrzy\u017cowanie Orlickiego \u2013 Wyspia\u0144skiego,<br \/>\n&#8211; Sygnalizacja \u015bwietlna \u2013 Kozielska \u2013 przej\u015bcie dla pieszych w rejonie ul. Gagarina,<br \/>\n&#8211; Sygnalizacja \u015bwietlna \u2013 Andersa \u2013 przej\u015bcie dla pieszych przy ul. Mieszka I,<br \/>\n&#8211; Sygnalizacja \u015bwietlna \u2013 Daszy\u0144skiego \u2013 przej\u015bcie dla pieszych przy ul. Lekarskiej.<\/p>\n<p>&#8211; Po instalacji automatycznej detekcji w powy\u017cszych lokalizacjach 100% przejazd\u00f3w dla rowerzyst\u00f3w z sygnalizacj\u0105 \u015bwietln\u0105 w Gliwicach b\u0119dzie wyposa\u017conych w automatyczn\u0105 detekcj\u0119 rowerzyst\u00f3w &#8211; m\u00f3wi <strong>Tomasz Herud<\/strong>, prezes stowarzyszenia Gliwicka Rada Rowerowa.<\/p>\n[perfectpullquote align=&#8221;full&#8221; bordertop=&#8221;false&#8221; cite=&#8221;&#8221; link=&#8221;&#8221; color=&#8221;&#8221; class=&#8221;&#8221; size=&#8221;&#8221;]W przeciwie\u0144stwie do poprzedniego przetargu, zdecydowano si\u0119 na detektory radarowe. Poprzednio by\u0142y to dro\u017csze kamery termowizyjne.[\/perfectpullquote]\n<p>&#8211; Poza doborem rodzaju urz\u0105dzenia do automatycznej detekcji niezwykle wa\u017cne jest ustawienie jego pola detekcji. Celem automatycznej detekcji nie jest unikni\u0119cie konieczno\u015bci naciskania przycisku, a skr\u00f3cenie czasu oczekiwania na zielone (a nawet umo\u017cliwienie przejazdu bez konieczno\u015bci zwalniania, kiedy nie jedzie \u017caden samoch\u00f3d). Dlatego niezwykle wa\u017cne jest, aby detektor wykrywa\u0142 rowerzyst\u00f3w z odpowiednim wyprzedzeniem &#8211; komentuje Herud.<\/p>\n<p>Termin sk\u0142adania ofert w przetargu to 8 lipca, a czas realizacji umowy to 60 dni od daty podpisania umowy. Oznacza to, \u017ce instalacji urz\u0105dze\u0144 mo\u017cna spodziewa\u0107 si\u0119 najwcze\u015bniej w okolicach sierpnia-wrze\u015bnia.<\/p>\n<p>(\u017cms)\/GRR.org.pl<br \/>\nfot. Gliwicka Rada Rowerowa<\/p>\n<div class=\"gliwi-a5-na-koncu-artykulow gliwi-entity-placement\" id=\"gliwi-2298779073\"><div class=\"gliwi-adlabel\"><span style=\"font-size: 9px\">REKLAMA<\/span><\/div><div id=\"gliwi-56012737\" style=\"margin-left: auto;margin-right: auto;text-align: center;\"><a data-no-instant=\"1\" href=\"https:\/\/prezeroarenagliwice.pl\/\" rel=\"noopener\" class=\"a2t-link\" target=\"_blank\" aria-label=\"20260309-PREZERO-WIOSNA-D\"><img loading=\"lazy\" decoding=\"async\" src=\"https:\/\/www.24gliwice.pl\/wiadomosci\/wp-content\/uploads\/2026\/03\/20260309-PREZERO-WIOSNA-D.webp\" alt=\"\"  srcset=\"https:\/\/www.24gliwice.pl\/wiadomosci\/wp-content\/uploads\/2026\/03\/20260309-PREZERO-WIOSNA-D.webp 750w, https:\/\/www.24gliwice.pl\/wiadomosci\/wp-content\/uploads\/2026\/03\/20260309-PREZERO-WIOSNA-D-410x109.webp 410w\" sizes=\"(max-width: 750px) 100vw, 750px\" class=\"no-lazyload\" width=\"750\" height=\"200\"  style=\"display: inline-block; max-width: 100%; height: auto;\" \/><\/a><\/div><\/div>","protected":false},"excerpt":{"rendered":"<p>Automatyczne wykrywanie rowerzyst\u00f3w, u\u0142atwiaj\u0105ce przejazd podobnie jak to w rejonie ul. Wybrze\u017ce Armii Krajowej, powinno jeszcze w tym roku pojawi\u0107 si\u0119 na wi\u0119kszej liczbie skrzy\u017cowa\u0144. Zarz\u0105d Dr\u00f3g Miejskich w\u0142asnie ponowi\u0142 przetarg na \u201eRozbudow\u0119 systemu detekcji dla pieszych i rowerzyst\u00f3w w Gliwicach\u201d &#8211; zesz\u0142oroczny przetarg zosta\u0142 uniewa\u017cniony ze wzgl\u0119du na oferty przekraczaj\u0105ce kosztorys. Z tego powodu [&hellip;]<\/p>\n","protected":false},"author":15,"featured_media":137094,"comment_status":"open","ping_status":"closed","sticky":false,"template":"","format":"standard","meta":{"_monsterinsights_skip_tracking":false,"_monsterinsights_sitenote_active":false,"_monsterinsights_sitenote_note":"","_monsterinsights_sitenote_category":0,"footnotes":"","_links_to":"","_links_to_target":""},"categories":[3,1,9],"tags":[15623,9005,7104,12829,3297,9813],"class_list":["post-136927","post","type-post","status-publish","format-standard","has-post-thumbnail","hentry","category-gliwice","category-wszystko","category-aktualnosci_lokalne","tag-detekcja","tag-droga-rowerowa","tag-gliwicka-rada-rowerowa","tag-herud","tag-skrzyzowanie","tag-trasa-dla-rowerow"],"yoast_head":"<!-- This site is optimized with the Yoast SEO plugin v27.5 - https:\/\/yoast.com\/product\/yoast-seo-wordpress\/ -->\n<title>100% przejazd\u00f3w dla rowerzyst\u00f3w z sygnalizacj\u0105 \u015bwietln\u0105 b\u0119dzie mia\u0142o automatyczn\u0105 detekcj\u0119 - 24GLIWICE - Portal Gliwice | codziennie nowe informacje<\/title>\n<meta name=\"robots\" content=\"index, follow, max-snippet:-1, max-image-preview:large, max-video-preview:-1\" \/>\n<link rel=\"canonical\" href=\"https:\/\/www.24gliwice.pl\/wiadomosci\/100-przejazdow-dla-rowerzystow-z-sygnalizacja-swietlna-bedzie-mialo-automatyczna-detekcje\/\" \/>\n<meta property=\"og:locale\" content=\"pl_PL\" \/>\n<meta property=\"og:type\" content=\"article\" \/>\n<meta property=\"og:title\" content=\"100% przejazd\u00f3w dla rowerzyst\u00f3w z sygnalizacj\u0105 \u015bwietln\u0105 b\u0119dzie mia\u0142o automatyczn\u0105 detekcj\u0119 - 24GLIWICE - Portal Gliwice | codziennie nowe informacje\" \/>\n<meta property=\"og:description\" content=\"Automatyczne wykrywanie rowerzyst\u00f3w, u\u0142atwiaj\u0105ce przejazd podobnie jak to w rejonie ul. Wybrze\u017ce Armii Krajowej, powinno jeszcze w tym roku pojawi\u0107 si\u0119 na wi\u0119kszej liczbie skrzy\u017cowa\u0144. Zarz\u0105d Dr\u00f3g Miejskich w\u0142asnie ponowi\u0142 przetarg na \u201eRozbudow\u0119 systemu detekcji dla pieszych i rowerzyst\u00f3w w Gliwicach\u201d &#8211; zesz\u0142oroczny przetarg zosta\u0142 uniewa\u017cniony ze wzgl\u0119du na oferty przekraczaj\u0105ce kosztorys. Z tego powodu [&hellip;]\" \/>\n<meta property=\"og:url\" content=\"https:\/\/www.24gliwice.pl\/wiadomosci\/100-przejazdow-dla-rowerzystow-z-sygnalizacja-swietlna-bedzie-mialo-automatyczna-detekcje\/\" \/>\n<meta property=\"og:site_name\" content=\"24GLIWICE - Portal Gliwice | codziennie nowe informacje\" \/>\n<meta property=\"article:publisher\" content=\"https:\/\/www.facebook.com\/24gliwice\" \/>\n<meta property=\"article:published_time\" content=\"2019-06-28T04:50:31+00:00\" \/>\n<meta property=\"article:modified_time\" content=\"2019-06-28T12:27:45+00:00\" \/>\n<meta property=\"og:image\" content=\"https:\/\/www.24gliwice.pl\/wiadomosci\/wp-content\/uploads\/2019\/06\/DetekcjaRadarowa-fot.-grr.jpg\" \/>\n\t<meta property=\"og:image:width\" content=\"1024\" \/>\n\t<meta property=\"og:image:height\" content=\"575\" \/>\n\t<meta property=\"og:image:type\" content=\"image\/jpeg\" \/>\n<meta name=\"author\" content=\"\u017baneta Mrozek-Siewierska\" \/>\n<meta name=\"twitter:card\" content=\"summary_large_image\" \/>\n<meta name=\"twitter:creator\" content=\"@24gliwice\" \/>\n<meta name=\"twitter:site\" content=\"@24gliwice\" \/>\n<meta name=\"twitter:label1\" content=\"Napisane przez\" \/>\n\t<meta name=\"twitter:data1\" content=\"\u017baneta Mrozek-Siewierska\" \/>\n\t<meta name=\"twitter:label2\" content=\"Szacowany czas czytania\" \/>\n\t<meta name=\"twitter:data2\" content=\"2 minuty\" \/>\n<script type=\"application\/ld+json\" class=\"yoast-schema-graph\">{\"@context\":\"https:\\\/\\\/schema.org\",\"@graph\":[{\"@type\":\"Article\",\"@id\":\"https:\\\/\\\/www.24gliwice.pl\\\/wiadomosci\\\/100-przejazdow-dla-rowerzystow-z-sygnalizacja-swietlna-bedzie-mialo-automatyczna-detekcje\\\/#article\",\"isPartOf\":{\"@id\":\"https:\\\/\\\/www.24gliwice.pl\\\/wiadomosci\\\/100-przejazdow-dla-rowerzystow-z-sygnalizacja-swietlna-bedzie-mialo-automatyczna-detekcje\\\/\"},\"author\":{\"name\":\"\u017baneta Mrozek-Siewierska\",\"@id\":\"https:\\\/\\\/www.24gliwice.pl\\\/wiadomosci\\\/#\\\/schema\\\/person\\\/e42c650edd7f2fa332be3811fb166b6e\"},\"headline\":\"100% przejazd\u00f3w dla rowerzyst\u00f3w z sygnalizacj\u0105 \u015bwietln\u0105 b\u0119dzie mia\u0142o automatyczn\u0105 detekcj\u0119\",\"datePublished\":\"2019-06-28T04:50:31+00:00\",\"dateModified\":\"2019-06-28T12:27:45+00:00\",\"mainEntityOfPage\":{\"@id\":\"https:\\\/\\\/www.24gliwice.pl\\\/wiadomosci\\\/100-przejazdow-dla-rowerzystow-z-sygnalizacja-swietlna-bedzie-mialo-automatyczna-detekcje\\\/\"},\"wordCount\":340,\"commentCount\":0,\"publisher\":{\"@id\":\"https:\\\/\\\/www.24gliwice.pl\\\/wiadomosci\\\/#organization\"},\"image\":{\"@id\":\"https:\\\/\\\/www.24gliwice.pl\\\/wiadomosci\\\/100-przejazdow-dla-rowerzystow-z-sygnalizacja-swietlna-bedzie-mialo-automatyczna-detekcje\\\/#primaryimage\"},\"thumbnailUrl\":\"https:\\\/\\\/www.24gliwice.pl\\\/wiadomosci\\\/wp-content\\\/uploads\\\/2019\\\/06\\\/DetekcjaRadarowa-fot.-grr.jpg\",\"keywords\":[\"detekcja\",\"DROGA ROWEROWA\",\"GLIWICKA RADA ROWEROWA\",\"herud\",\"SKRZY\u017bOWANIE\",\"trasa dla rower\u00f3w\"],\"articleSection\":[\"Gliwice\",\"Najnowsze wiadomo\u015bci\",\"Portal Gliwice - Wiadomo\u015bci lokalne\"],\"inLanguage\":\"pl-PL\",\"potentialAction\":[{\"@type\":\"CommentAction\",\"name\":\"Comment\",\"target\":[\"https:\\\/\\\/www.24gliwice.pl\\\/wiadomosci\\\/100-przejazdow-dla-rowerzystow-z-sygnalizacja-swietlna-bedzie-mialo-automatyczna-detekcje\\\/#respond\"]}]},{\"@type\":\"WebPage\",\"@id\":\"https:\\\/\\\/www.24gliwice.pl\\\/wiadomosci\\\/100-przejazdow-dla-rowerzystow-z-sygnalizacja-swietlna-bedzie-mialo-automatyczna-detekcje\\\/\",\"url\":\"https:\\\/\\\/www.24gliwice.pl\\\/wiadomosci\\\/100-przejazdow-dla-rowerzystow-z-sygnalizacja-swietlna-bedzie-mialo-automatyczna-detekcje\\\/\",\"name\":\"100% przejazd\u00f3w dla rowerzyst\u00f3w z sygnalizacj\u0105 \u015bwietln\u0105 b\u0119dzie mia\u0142o automatyczn\u0105 detekcj\u0119 - 24GLIWICE - Portal Gliwice | codziennie nowe informacje\",\"isPartOf\":{\"@id\":\"https:\\\/\\\/www.24gliwice.pl\\\/wiadomosci\\\/#website\"},\"primaryImageOfPage\":{\"@id\":\"https:\\\/\\\/www.24gliwice.pl\\\/wiadomosci\\\/100-przejazdow-dla-rowerzystow-z-sygnalizacja-swietlna-bedzie-mialo-automatyczna-detekcje\\\/#primaryimage\"},\"image\":{\"@id\":\"https:\\\/\\\/www.24gliwice.pl\\\/wiadomosci\\\/100-przejazdow-dla-rowerzystow-z-sygnalizacja-swietlna-bedzie-mialo-automatyczna-detekcje\\\/#primaryimage\"},\"thumbnailUrl\":\"https:\\\/\\\/www.24gliwice.pl\\\/wiadomosci\\\/wp-content\\\/uploads\\\/2019\\\/06\\\/DetekcjaRadarowa-fot.-grr.jpg\",\"datePublished\":\"2019-06-28T04:50:31+00:00\",\"dateModified\":\"2019-06-28T12:27:45+00:00\",\"breadcrumb\":{\"@id\":\"https:\\\/\\\/www.24gliwice.pl\\\/wiadomosci\\\/100-przejazdow-dla-rowerzystow-z-sygnalizacja-swietlna-bedzie-mialo-automatyczna-detekcje\\\/#breadcrumb\"},\"inLanguage\":\"pl-PL\",\"potentialAction\":[{\"@type\":\"ReadAction\",\"target\":[\"https:\\\/\\\/www.24gliwice.pl\\\/wiadomosci\\\/100-przejazdow-dla-rowerzystow-z-sygnalizacja-swietlna-bedzie-mialo-automatyczna-detekcje\\\/\"]}]},{\"@type\":\"ImageObject\",\"inLanguage\":\"pl-PL\",\"@id\":\"https:\\\/\\\/www.24gliwice.pl\\\/wiadomosci\\\/100-przejazdow-dla-rowerzystow-z-sygnalizacja-swietlna-bedzie-mialo-automatyczna-detekcje\\\/#primaryimage\",\"url\":\"https:\\\/\\\/www.24gliwice.pl\\\/wiadomosci\\\/wp-content\\\/uploads\\\/2019\\\/06\\\/DetekcjaRadarowa-fot.-grr.jpg\",\"contentUrl\":\"https:\\\/\\\/www.24gliwice.pl\\\/wiadomosci\\\/wp-content\\\/uploads\\\/2019\\\/06\\\/DetekcjaRadarowa-fot.-grr.jpg\",\"width\":1024,\"height\":575},{\"@type\":\"BreadcrumbList\",\"@id\":\"https:\\\/\\\/www.24gliwice.pl\\\/wiadomosci\\\/100-przejazdow-dla-rowerzystow-z-sygnalizacja-swietlna-bedzie-mialo-automatyczna-detekcje\\\/#breadcrumb\",\"itemListElement\":[{\"@type\":\"ListItem\",\"position\":1,\"name\":\"Strona g\u0142\u00f3wna\",\"item\":\"https:\\\/\\\/www.24gliwice.pl\\\/wiadomosci\\\/\"},{\"@type\":\"ListItem\",\"position\":2,\"name\":\"100% przejazd\u00f3w dla rowerzyst\u00f3w z sygnalizacj\u0105 \u015bwietln\u0105 b\u0119dzie mia\u0142o automatyczn\u0105 detekcj\u0119\"}]},{\"@type\":\"WebSite\",\"@id\":\"https:\\\/\\\/www.24gliwice.pl\\\/wiadomosci\\\/#website\",\"url\":\"https:\\\/\\\/www.24gliwice.pl\\\/wiadomosci\\\/\",\"name\":\"24GLIWICE - Portal Gliwice | codziennie nowe wiadomo\u015bci\",\"description\":\"Portal Miejski Gliwice\",\"publisher\":{\"@id\":\"https:\\\/\\\/www.24gliwice.pl\\\/wiadomosci\\\/#organization\"},\"potentialAction\":[{\"@type\":\"SearchAction\",\"target\":{\"@type\":\"EntryPoint\",\"urlTemplate\":\"https:\\\/\\\/www.24gliwice.pl\\\/wiadomosci\\\/?s={search_term_string}\"},\"query-input\":{\"@type\":\"PropertyValueSpecification\",\"valueRequired\":true,\"valueName\":\"search_term_string\"}}],\"inLanguage\":\"pl-PL\"},{\"@type\":\"Organization\",\"@id\":\"https:\\\/\\\/www.24gliwice.pl\\\/wiadomosci\\\/#organization\",\"name\":\"24gliwice\",\"url\":\"https:\\\/\\\/www.24gliwice.pl\\\/wiadomosci\\\/\",\"logo\":{\"@type\":\"ImageObject\",\"inLanguage\":\"pl-PL\",\"@id\":\"https:\\\/\\\/www.24gliwice.pl\\\/wiadomosci\\\/#\\\/schema\\\/logo\\\/image\\\/\",\"url\":\"https:\\\/\\\/www.24gliwice.pl\\\/wiadomosci\\\/wp-content\\\/uploads\\\/2024\\\/10\\\/24gliwice-logo-696.jpg\",\"contentUrl\":\"https:\\\/\\\/www.24gliwice.pl\\\/wiadomosci\\\/wp-content\\\/uploads\\\/2024\\\/10\\\/24gliwice-logo-696.jpg\",\"width\":696,\"height\":696,\"caption\":\"24gliwice\"},\"image\":{\"@id\":\"https:\\\/\\\/www.24gliwice.pl\\\/wiadomosci\\\/#\\\/schema\\\/logo\\\/image\\\/\"},\"sameAs\":[\"https:\\\/\\\/www.facebook.com\\\/24gliwice\",\"https:\\\/\\\/x.com\\\/24gliwice\",\"https:\\\/\\\/www.youtube.com\\\/@24gliwice\"]},{\"@type\":\"Person\",\"@id\":\"https:\\\/\\\/www.24gliwice.pl\\\/wiadomosci\\\/#\\\/schema\\\/person\\\/e42c650edd7f2fa332be3811fb166b6e\",\"name\":\"\u017baneta Mrozek-Siewierska\",\"image\":{\"@type\":\"ImageObject\",\"inLanguage\":\"pl-PL\",\"@id\":\"https:\\\/\\\/secure.gravatar.com\\\/avatar\\\/1881429e9c64597c77ad7aef2d0a19be69a3253e57534d16aa15bf3a4d34a0a3?s=96&d=mm&r=g\",\"url\":\"https:\\\/\\\/secure.gravatar.com\\\/avatar\\\/1881429e9c64597c77ad7aef2d0a19be69a3253e57534d16aa15bf3a4d34a0a3?s=96&d=mm&r=g\",\"contentUrl\":\"https:\\\/\\\/secure.gravatar.com\\\/avatar\\\/1881429e9c64597c77ad7aef2d0a19be69a3253e57534d16aa15bf3a4d34a0a3?s=96&d=mm&r=g\",\"caption\":\"\u017baneta Mrozek-Siewierska\"},\"url\":\"https:\\\/\\\/www.24gliwice.pl\\\/wiadomosci\\\/author\\\/zms\\\/\"}]}<\/script>\n<!-- \/ Yoast SEO plugin. -->","yoast_head_json":{"title":"100% przejazd\u00f3w dla rowerzyst\u00f3w z sygnalizacj\u0105 \u015bwietln\u0105 b\u0119dzie mia\u0142o automatyczn\u0105 detekcj\u0119 - 24GLIWICE - Portal Gliwice | codziennie nowe informacje","robots":{"index":"index","follow":"follow","max-snippet":"max-snippet:-1","max-image-preview":"max-image-preview:large","max-video-preview":"max-video-preview:-1"},"canonical":"https:\/\/www.24gliwice.pl\/wiadomosci\/100-przejazdow-dla-rowerzystow-z-sygnalizacja-swietlna-bedzie-mialo-automatyczna-detekcje\/","og_locale":"pl_PL","og_type":"article","og_title":"100% przejazd\u00f3w dla rowerzyst\u00f3w z sygnalizacj\u0105 \u015bwietln\u0105 b\u0119dzie mia\u0142o automatyczn\u0105 detekcj\u0119 - 24GLIWICE - Portal Gliwice | codziennie nowe informacje","og_description":"Automatyczne wykrywanie rowerzyst\u00f3w, u\u0142atwiaj\u0105ce przejazd podobnie jak to w rejonie ul. Wybrze\u017ce Armii Krajowej, powinno jeszcze w tym roku pojawi\u0107 si\u0119 na wi\u0119kszej liczbie skrzy\u017cowa\u0144. Zarz\u0105d Dr\u00f3g Miejskich w\u0142asnie ponowi\u0142 przetarg na \u201eRozbudow\u0119 systemu detekcji dla pieszych i rowerzyst\u00f3w w Gliwicach\u201d &#8211; zesz\u0142oroczny przetarg zosta\u0142 uniewa\u017cniony ze wzgl\u0119du na oferty przekraczaj\u0105ce kosztorys. Z tego powodu [&hellip;]","og_url":"https:\/\/www.24gliwice.pl\/wiadomosci\/100-przejazdow-dla-rowerzystow-z-sygnalizacja-swietlna-bedzie-mialo-automatyczna-detekcje\/","og_site_name":"24GLIWICE - Portal Gliwice | codziennie nowe informacje","article_publisher":"https:\/\/www.facebook.com\/24gliwice","article_published_time":"2019-06-28T04:50:31+00:00","article_modified_time":"2019-06-28T12:27:45+00:00","og_image":[{"width":1024,"height":575,"url":"https:\/\/www.24gliwice.pl\/wiadomosci\/wp-content\/uploads\/2019\/06\/DetekcjaRadarowa-fot.-grr.jpg","type":"image\/jpeg"}],"author":"\u017baneta Mrozek-Siewierska","twitter_card":"summary_large_image","twitter_creator":"@24gliwice","twitter_site":"@24gliwice","twitter_misc":{"Napisane przez":"\u017baneta Mrozek-Siewierska","Szacowany czas czytania":"2 minuty"},"schema":{"@context":"https:\/\/schema.org","@graph":[{"@type":"Article","@id":"https:\/\/www.24gliwice.pl\/wiadomosci\/100-przejazdow-dla-rowerzystow-z-sygnalizacja-swietlna-bedzie-mialo-automatyczna-detekcje\/#article","isPartOf":{"@id":"https:\/\/www.24gliwice.pl\/wiadomosci\/100-przejazdow-dla-rowerzystow-z-sygnalizacja-swietlna-bedzie-mialo-automatyczna-detekcje\/"},"author":{"name":"\u017baneta Mrozek-Siewierska","@id":"https:\/\/www.24gliwice.pl\/wiadomosci\/#\/schema\/person\/e42c650edd7f2fa332be3811fb166b6e"},"headline":"100% przejazd\u00f3w dla rowerzyst\u00f3w z sygnalizacj\u0105 \u015bwietln\u0105 b\u0119dzie mia\u0142o automatyczn\u0105 detekcj\u0119","datePublished":"2019-06-28T04:50:31+00:00","dateModified":"2019-06-28T12:27:45+00:00","mainEntityOfPage":{"@id":"https:\/\/www.24gliwice.pl\/wiadomosci\/100-przejazdow-dla-rowerzystow-z-sygnalizacja-swietlna-bedzie-mialo-automatyczna-detekcje\/"},"wordCount":340,"commentCount":0,"publisher":{"@id":"https:\/\/www.24gliwice.pl\/wiadomosci\/#organization"},"image":{"@id":"https:\/\/www.24gliwice.pl\/wiadomosci\/100-przejazdow-dla-rowerzystow-z-sygnalizacja-swietlna-bedzie-mialo-automatyczna-detekcje\/#primaryimage"},"thumbnailUrl":"https:\/\/www.24gliwice.pl\/wiadomosci\/wp-content\/uploads\/2019\/06\/DetekcjaRadarowa-fot.-grr.jpg","keywords":["detekcja","DROGA ROWEROWA","GLIWICKA RADA ROWEROWA","herud","SKRZY\u017bOWANIE","trasa dla rower\u00f3w"],"articleSection":["Gliwice","Najnowsze wiadomo\u015bci","Portal Gliwice - Wiadomo\u015bci lokalne"],"inLanguage":"pl-PL","potentialAction":[{"@type":"CommentAction","name":"Comment","target":["https:\/\/www.24gliwice.pl\/wiadomosci\/100-przejazdow-dla-rowerzystow-z-sygnalizacja-swietlna-bedzie-mialo-automatyczna-detekcje\/#respond"]}]},{"@type":"WebPage","@id":"https:\/\/www.24gliwice.pl\/wiadomosci\/100-przejazdow-dla-rowerzystow-z-sygnalizacja-swietlna-bedzie-mialo-automatyczna-detekcje\/","url":"https:\/\/www.24gliwice.pl\/wiadomosci\/100-przejazdow-dla-rowerzystow-z-sygnalizacja-swietlna-bedzie-mialo-automatyczna-detekcje\/","name":"100% przejazd\u00f3w dla rowerzyst\u00f3w z sygnalizacj\u0105 \u015bwietln\u0105 b\u0119dzie mia\u0142o automatyczn\u0105 detekcj\u0119 - 24GLIWICE - Portal Gliwice | codziennie nowe informacje","isPartOf":{"@id":"https:\/\/www.24gliwice.pl\/wiadomosci\/#website"},"primaryImageOfPage":{"@id":"https:\/\/www.24gliwice.pl\/wiadomosci\/100-przejazdow-dla-rowerzystow-z-sygnalizacja-swietlna-bedzie-mialo-automatyczna-detekcje\/#primaryimage"},"image":{"@id":"https:\/\/www.24gliwice.pl\/wiadomosci\/100-przejazdow-dla-rowerzystow-z-sygnalizacja-swietlna-bedzie-mialo-automatyczna-detekcje\/#primaryimage"},"thumbnailUrl":"https:\/\/www.24gliwice.pl\/wiadomosci\/wp-content\/uploads\/2019\/06\/DetekcjaRadarowa-fot.-grr.jpg","datePublished":"2019-06-28T04:50:31+00:00","dateModified":"2019-06-28T12:27:45+00:00","breadcrumb":{"@id":"https:\/\/www.24gliwice.pl\/wiadomosci\/100-przejazdow-dla-rowerzystow-z-sygnalizacja-swietlna-bedzie-mialo-automatyczna-detekcje\/#breadcrumb"},"inLanguage":"pl-PL","potentialAction":[{"@type":"ReadAction","target":["https:\/\/www.24gliwice.pl\/wiadomosci\/100-przejazdow-dla-rowerzystow-z-sygnalizacja-swietlna-bedzie-mialo-automatyczna-detekcje\/"]}]},{"@type":"ImageObject","inLanguage":"pl-PL","@id":"https:\/\/www.24gliwice.pl\/wiadomosci\/100-przejazdow-dla-rowerzystow-z-sygnalizacja-swietlna-bedzie-mialo-automatyczna-detekcje\/#primaryimage","url":"https:\/\/www.24gliwice.pl\/wiadomosci\/wp-content\/uploads\/2019\/06\/DetekcjaRadarowa-fot.-grr.jpg","contentUrl":"https:\/\/www.24gliwice.pl\/wiadomosci\/wp-content\/uploads\/2019\/06\/DetekcjaRadarowa-fot.-grr.jpg","width":1024,"height":575},{"@type":"BreadcrumbList","@id":"https:\/\/www.24gliwice.pl\/wiadomosci\/100-przejazdow-dla-rowerzystow-z-sygnalizacja-swietlna-bedzie-mialo-automatyczna-detekcje\/#breadcrumb","itemListElement":[{"@type":"ListItem","position":1,"name":"Strona g\u0142\u00f3wna","item":"https:\/\/www.24gliwice.pl\/wiadomosci\/"},{"@type":"ListItem","position":2,"name":"100% przejazd\u00f3w dla rowerzyst\u00f3w z sygnalizacj\u0105 \u015bwietln\u0105 b\u0119dzie mia\u0142o automatyczn\u0105 detekcj\u0119"}]},{"@type":"WebSite","@id":"https:\/\/www.24gliwice.pl\/wiadomosci\/#website","url":"https:\/\/www.24gliwice.pl\/wiadomosci\/","name":"24GLIWICE - Portal Gliwice | codziennie nowe wiadomo\u015bci","description":"Portal Miejski Gliwice","publisher":{"@id":"https:\/\/www.24gliwice.pl\/wiadomosci\/#organization"},"potentialAction":[{"@type":"SearchAction","target":{"@type":"EntryPoint","urlTemplate":"https:\/\/www.24gliwice.pl\/wiadomosci\/?s={search_term_string}"},"query-input":{"@type":"PropertyValueSpecification","valueRequired":true,"valueName":"search_term_string"}}],"inLanguage":"pl-PL"},{"@type":"Organization","@id":"https:\/\/www.24gliwice.pl\/wiadomosci\/#organization","name":"24gliwice","url":"https:\/\/www.24gliwice.pl\/wiadomosci\/","logo":{"@type":"ImageObject","inLanguage":"pl-PL","@id":"https:\/\/www.24gliwice.pl\/wiadomosci\/#\/schema\/logo\/image\/","url":"https:\/\/www.24gliwice.pl\/wiadomosci\/wp-content\/uploads\/2024\/10\/24gliwice-logo-696.jpg","contentUrl":"https:\/\/www.24gliwice.pl\/wiadomosci\/wp-content\/uploads\/2024\/10\/24gliwice-logo-696.jpg","width":696,"height":696,"caption":"24gliwice"},"image":{"@id":"https:\/\/www.24gliwice.pl\/wiadomosci\/#\/schema\/logo\/image\/"},"sameAs":["https:\/\/www.facebook.com\/24gliwice","https:\/\/x.com\/24gliwice","https:\/\/www.youtube.com\/@24gliwice"]},{"@type":"Person","@id":"https:\/\/www.24gliwice.pl\/wiadomosci\/#\/schema\/person\/e42c650edd7f2fa332be3811fb166b6e","name":"\u017baneta Mrozek-Siewierska","image":{"@type":"ImageObject","inLanguage":"pl-PL","@id":"https:\/\/secure.gravatar.com\/avatar\/1881429e9c64597c77ad7aef2d0a19be69a3253e57534d16aa15bf3a4d34a0a3?s=96&d=mm&r=g","url":"https:\/\/secure.gravatar.com\/avatar\/1881429e9c64597c77ad7aef2d0a19be69a3253e57534d16aa15bf3a4d34a0a3?s=96&d=mm&r=g","contentUrl":"https:\/\/secure.gravatar.com\/avatar\/1881429e9c64597c77ad7aef2d0a19be69a3253e57534d16aa15bf3a4d34a0a3?s=96&d=mm&r=g","caption":"\u017baneta Mrozek-Siewierska"},"url":"https:\/\/www.24gliwice.pl\/wiadomosci\/author\/zms\/"}]}},"_links":{"self":[{"href":"https:\/\/www.24gliwice.pl\/wiadomosci\/wp-json\/wp\/v2\/posts\/136927","targetHints":{"allow":["GET"]}}],"collection":[{"href":"https:\/\/www.24gliwice.pl\/wiadomosci\/wp-json\/wp\/v2\/posts"}],"about":[{"href":"https:\/\/www.24gliwice.pl\/wiadomosci\/wp-json\/wp\/v2\/types\/post"}],"author":[{"embeddable":true,"href":"https:\/\/www.24gliwice.pl\/wiadomosci\/wp-json\/wp\/v2\/users\/15"}],"replies":[{"embeddable":true,"href":"https:\/\/www.24gliwice.pl\/wiadomosci\/wp-json\/wp\/v2\/comments?post=136927"}],"version-history":[{"count":0,"href":"https:\/\/www.24gliwice.pl\/wiadomosci\/wp-json\/wp\/v2\/posts\/136927\/revisions"}],"wp:featuredmedia":[{"embeddable":true,"href":"https:\/\/www.24gliwice.pl\/wiadomosci\/wp-json\/wp\/v2\/media\/137094"}],"wp:attachment":[{"href":"https:\/\/www.24gliwice.pl\/wiadomosci\/wp-json\/wp\/v2\/media?parent=136927"}],"wp:term":[{"taxonomy":"category","embeddable":true,"href":"https:\/\/www.24gliwice.pl\/wiadomosci\/wp-json\/wp\/v2\/categories?post=136927"},{"taxonomy":"post_tag","embeddable":true,"href":"https:\/\/www.24gliwice.pl\/wiadomosci\/wp-json\/wp\/v2\/tags?post=136927"}],"curies":[{"name":"wp","href":"https:\/\/api.w.org\/{rel}","templated":true}]}}