{"id":138155,"date":"2019-07-23T02:51:21","date_gmt":"2019-07-23T00:51:21","guid":{"rendered":"https:\/\/www.24gliwice.pl\/wiadomosci\/?p=138155"},"modified":"2019-07-23T02:51:21","modified_gmt":"2019-07-23T00:51:21","slug":"kierujaca-karetka-pogotowia-winna-spowodowania-piatkowej-kolizji-policja-ukarala-ja-pouczeniem","status":"publish","type":"post","link":"https:\/\/www.24gliwice.pl\/wiadomosci\/kierujaca-karetka-pogotowia-winna-spowodowania-piatkowej-kolizji-policja-ukarala-ja-pouczeniem\/","title":{"rendered":"Kieruj\u0105ca karetk\u0105 pogotowia winna spowodowania pi\u0105tkowej kolizji. Policja ukara\u0142a j\u0105&#8230; pouczeniem"},"content":{"rendered":"<div class=\"gliwi-a6-nad-leadem-artykulow gliwi-entity-placement\" id=\"gliwi-2422476291\"><div class=\"gliwi-adlabel\"><span style=\"font-size: 9px\">REKLAMA<\/span><\/div><div id=\"gliwi-621210589\" style=\"margin-bottom: 30px;margin-left: auto;margin-right: auto;text-align: center;\"><a data-no-instant=\"1\" href=\"https:\/\/przedszkole.halogen.org.pl\/\" rel=\"noopener\" class=\"a2t-link\" target=\"_blank\" aria-label=\"20260402-ANIMATOR-przedszkole_grafika_750x200\"><img loading=\"lazy\" decoding=\"async\" src=\"https:\/\/www.24gliwice.pl\/wiadomosci\/wp-content\/uploads\/2026\/04\/20260402-ANIMATOR-przedszkole_grafika_750x200.webp\" alt=\"\"  srcset=\"https:\/\/www.24gliwice.pl\/wiadomosci\/wp-content\/uploads\/2026\/04\/20260402-ANIMATOR-przedszkole_grafika_750x200.webp 750w, https:\/\/www.24gliwice.pl\/wiadomosci\/wp-content\/uploads\/2026\/04\/20260402-ANIMATOR-przedszkole_grafika_750x200-410x109.webp 410w\" sizes=\"(max-width: 750px) 100vw, 750px\" class=\"no-lazyload\" width=\"750\" height=\"200\"  style=\"display: inline-block; max-width: 100%; height: auto;\" \/><\/a><\/div><\/div><h3>W pi\u0105tek dosz\u0142o do kolizji karetki i samochodu dostawczego, w wyniku kt\u00f3rego pierwszy z pojazd\u00f3w przewr\u00f3ci\u0142 si\u0119 na stoj\u0105c\u0105 na skrzy\u017cowaniu osob\u00f3wk\u0119. Wiadomo ju\u017c, \u017ce to kierowca s\u0142u\u017cb ratunkowych odpowiada za spowodowanie tego zdarzenia.<\/h3>\n<p>Do kolizji pojazd\u00f3w dosz\u0142o 19 lipca oko\u0142o godziny 14:00 na skrzy\u017cowaniu ulic Kujawskiej i Panewnickiej. Jak dowiadujemy si\u0119 ze strony internetowej stra\u017cy miejskiej, karetka jecha\u0142a do poszkodowanego m\u0119\u017cczyzny, kt\u00f3ry przewr\u00f3ci\u0142 si\u0119 jad\u0105c skuterem. <\/p>\n<p><em>&#8220;W miniony pi\u0105tek przed godzin\u0105 14:00 na skrzy\u017cowaniu ulic Sk\u0142odowskiej z Kujawsk\u0105 zauwa\u017cyli\u015bmy osob\u0119 jad\u0105c\u0105 na motorowerze. Osoba ta na naszych oczach straci\u0142a r\u00f3wnowag\u0119 i po chwili przewr\u00f3ci\u0142a si\u0119. Poszkodowany skar\u017cy\u0142 si\u0119 na bardzo silny b\u00f3l prawego biodra. M\u0119\u017cczy\u017anie bezzw\u0142ocznie udzielili\u015bmy pierwszej pomocy przedmedycznej oraz wezwali\u015bmy na miejsce odpowiednie s\u0142u\u017cby. Oczekuj\u0105c na przyjazd Pogotowia Ratunkowego przeje\u017cd\u017caj\u0105cy obok zdarzenia kierowcy poinformowali nas, \u017ce na skrzy\u017cowaniu ulicy Kujawskiej z Panewnick\u0105 dosz\u0142o do zdarzenia, w kt\u00f3rym jak si\u0119 p\u00f3\u017aniej okaza\u0142o bra\u0142a udzia\u0142 karetka, kt\u00f3ra jecha\u0142a do naszego poszkodowanego&#8221;<\/em> &#8211; czytamy w komunikacie stra\u017cy miejskiej. Do m\u0119\u017cczyzny wezwano inny zesp\u00f3\u0142 ratowniczy. <\/p><div class=\"gliwi-a3-w-tresci-artykulow gliwi-entity-placement\" id=\"gliwi-203992174\"><div class=\"gliwi-adlabel\"><span style=\"font-size: 9px\">REKLAMA<\/span><\/div><div id=\"gliwi-713514396\" style=\"margin-bottom: 30px;margin-left: auto;margin-right: auto;text-align: center;\"><a data-no-instant=\"1\" href=\"https:\/\/zlobek.halogen.org.pl\/\" rel=\"noopener\" class=\"a2t-link\" target=\"_blank\" aria-label=\"animator-zlobek_750x200\"><img loading=\"lazy\" decoding=\"async\" src=\"https:\/\/www.24gliwice.pl\/wiadomosci\/wp-content\/uploads\/2026\/02\/animator-zlobek_750x200.webp\" alt=\"\"  srcset=\"https:\/\/www.24gliwice.pl\/wiadomosci\/wp-content\/uploads\/2026\/02\/animator-zlobek_750x200.webp 750w, https:\/\/www.24gliwice.pl\/wiadomosci\/wp-content\/uploads\/2026\/02\/animator-zlobek_750x200-410x109.webp 410w\" sizes=\"(max-width: 750px) 100vw, 750px\" class=\"no-lazyload\" width=\"750\" height=\"200\"  style=\"display: inline-block; max-width: 100%; height: auto;\" \/><\/a><\/div><\/div>\n<h3>Mimo, \u017ce skutki kolizji wygl\u0105da\u0142y powa\u017cnie, \u017caden z uczestnik\u00f3w nie odni\u00f3s\u0142 istotnych obra\u017ce\u0144. Policja ustali\u0142a ju\u017c winnego spowodowania tego zdarzenia.<\/h3>\n<p>&#8211; Przyczyn\u0105 by\u0142o niezachowanie ostro\u017cno\u015bci podczas przejazdu przez skrzy\u017cowanie kieruj\u0105cej karetk\u0105 pogotowia, kt\u00f3ra przemieszcza\u0142a si\u0119 pojazdem uprzywilejowanym maj\u0105c w\u0142\u0105czone sygna\u0142y d\u017awi\u0119kowe oraz \u015bwietlne &#8211; informuje sier\u017c. szt. <strong>Krzysztof Pochwatka<\/strong> zast\u0119puj\u0105cy oficera prasowego KMP Gliwice.<\/p>\n<p>&#8211; Pojazd pogotowia porusza\u0142 si\u0119 ulica Kujawsk\u0105 w kierunku centrum, pojazd dostawczy przejecha\u0142 w cyklu zielonego \u015bwiat\u0142a ulic\u0105 Panewnick\u0105 w kierunku ulicy Robotniczej, natomiast samoch\u00f3d osobowy oczekiwa\u0142 na ulicy Panewnickiej, widz\u0105c przemieszczaj\u0105cy si\u0119 pojazd uprzywilejowany. W wyniku przejechania przez skrzy\u017cowanie karetk\u0105 pogotowia w cyklu \u015bwiat\u0142a czerwonego, zosta\u0142a ona uderzona w bok przez pojazd dostawczy, a nast\u0119pnie odrzucona na stoj\u0105cy samoch\u00f3d osobowy &#8211; wyja\u015bnia Pochwatka. <\/p>\n<h3>Kieruj\u0105ca karetk\u0105 pogotowia ratunkowego za to wykroczenie zosta\u0142a pouczona.<\/h3>\n<p>&#8211; Fakt zastosowania pouczenia, jest jednym z dopuszczonych przez katalog \u015brodkiem oddzia\u0142ywania wobec sprawc\u00f3w wykrocze\u0144. Policjant wykonuj\u0105cy czynno\u015bci na miejscu zdarzenia po wyst\u0105pieniu przes\u0142anek dodatnich do zastosowania pouczenia, ma mo\u017cliwo\u015b\u0107 zastosowania w\u0142a\u015bnie takiego \u015brodka represji &#8211; t\u0142umaczy sier\u017c. szt. Pochwatka p.o. oficera prasowego. <\/p>\n<p>(\u017cms)\/SM Gliwice<br \/>\nfot. p. Pawe\u0142<\/p>\n<div class=\"gliwi-a5-na-koncu-artykulow gliwi-entity-placement\" id=\"gliwi-2210375776\"><div class=\"gliwi-adlabel\"><span style=\"font-size: 9px\">REKLAMA<\/span><\/div><div id=\"gliwi-1109348241\" style=\"margin-left: auto;margin-right: auto;text-align: center;\"><a data-no-instant=\"1\" href=\"https:\/\/prezeroarenagliwice.pl\/\" rel=\"noopener\" class=\"a2t-link\" target=\"_blank\" aria-label=\"20260309-PREZERO-WIOSNA-D\"><img loading=\"lazy\" decoding=\"async\" src=\"https:\/\/www.24gliwice.pl\/wiadomosci\/wp-content\/uploads\/2026\/03\/20260309-PREZERO-WIOSNA-D.webp\" alt=\"\"  srcset=\"https:\/\/www.24gliwice.pl\/wiadomosci\/wp-content\/uploads\/2026\/03\/20260309-PREZERO-WIOSNA-D.webp 750w, https:\/\/www.24gliwice.pl\/wiadomosci\/wp-content\/uploads\/2026\/03\/20260309-PREZERO-WIOSNA-D-410x109.webp 410w\" sizes=\"(max-width: 750px) 100vw, 750px\" class=\"no-lazyload\" width=\"750\" height=\"200\"  style=\"display: inline-block; max-width: 100%; height: auto;\" \/><\/a><\/div><\/div>","protected":false},"excerpt":{"rendered":"<p>W pi\u0105tek dosz\u0142o do kolizji karetki i samochodu dostawczego, w wyniku kt\u00f3rego pierwszy z pojazd\u00f3w przewr\u00f3ci\u0142 si\u0119 na stoj\u0105c\u0105 na skrzy\u017cowaniu osob\u00f3wk\u0119. Wiadomo ju\u017c, \u017ce to kierowca s\u0142u\u017cb ratunkowych odpowiada za spowodowanie tego zdarzenia. Do kolizji pojazd\u00f3w dosz\u0142o 19 lipca oko\u0142o godziny 14:00 na skrzy\u017cowaniu ulic Kujawskiej i Panewnickiej. Jak dowiadujemy si\u0119 ze strony internetowej [&hellip;]<\/p>\n","protected":false},"author":15,"featured_media":138181,"comment_status":"open","ping_status":"closed","sticky":false,"template":"","format":"standard","meta":{"_monsterinsights_skip_tracking":false,"_monsterinsights_sitenote_active":false,"_monsterinsights_sitenote_note":"","_monsterinsights_sitenote_category":0,"footnotes":"","_links_to":"","_links_to_target":""},"categories":[3,1,5],"tags":[9246,9426,6551,8494],"class_list":["post-138155","post","type-post","status-publish","format-standard","has-post-thumbnail","hentry","category-gliwice","category-wszystko","category-kryminalki","tag-karetka","tag-kujawska","tag-panewnicka","tag-pouczenie"],"yoast_head":"<!-- This site is optimized with the Yoast SEO plugin v27.5 - https:\/\/yoast.com\/product\/yoast-seo-wordpress\/ -->\n<title>Kieruj\u0105ca karetk\u0105 pogotowia winna spowodowania pi\u0105tkowej kolizji. Policja ukara\u0142a j\u0105... pouczeniem - 24GLIWICE - Portal Gliwice | codziennie nowe informacje<\/title>\n<meta name=\"robots\" content=\"index, follow, max-snippet:-1, max-image-preview:large, max-video-preview:-1\" \/>\n<link rel=\"canonical\" href=\"https:\/\/www.24gliwice.pl\/wiadomosci\/kierujaca-karetka-pogotowia-winna-spowodowania-piatkowej-kolizji-policja-ukarala-ja-pouczeniem\/\" \/>\n<meta property=\"og:locale\" content=\"pl_PL\" \/>\n<meta property=\"og:type\" content=\"article\" \/>\n<meta property=\"og:title\" content=\"Kieruj\u0105ca karetk\u0105 pogotowia winna spowodowania pi\u0105tkowej kolizji. Policja ukara\u0142a j\u0105... pouczeniem - 24GLIWICE - Portal Gliwice | codziennie nowe informacje\" \/>\n<meta property=\"og:description\" content=\"W pi\u0105tek dosz\u0142o do kolizji karetki i samochodu dostawczego, w wyniku kt\u00f3rego pierwszy z pojazd\u00f3w przewr\u00f3ci\u0142 si\u0119 na stoj\u0105c\u0105 na skrzy\u017cowaniu osob\u00f3wk\u0119. Wiadomo ju\u017c, \u017ce to kierowca s\u0142u\u017cb ratunkowych odpowiada za spowodowanie tego zdarzenia. Do kolizji pojazd\u00f3w dosz\u0142o 19 lipca oko\u0142o godziny 14:00 na skrzy\u017cowaniu ulic Kujawskiej i Panewnickiej. Jak dowiadujemy si\u0119 ze strony internetowej [&hellip;]\" \/>\n<meta property=\"og:url\" content=\"https:\/\/www.24gliwice.pl\/wiadomosci\/kierujaca-karetka-pogotowia-winna-spowodowania-piatkowej-kolizji-policja-ukarala-ja-pouczeniem\/\" \/>\n<meta property=\"og:site_name\" content=\"24GLIWICE - Portal Gliwice | codziennie nowe informacje\" \/>\n<meta property=\"article:publisher\" content=\"https:\/\/www.facebook.com\/24gliwice\" \/>\n<meta property=\"article:published_time\" content=\"2019-07-23T00:51:21+00:00\" \/>\n<meta property=\"og:image\" content=\"https:\/\/www.24gliwice.pl\/wiadomosci\/wp-content\/uploads\/2019\/07\/karetka-kolizja.jpg\" \/>\n\t<meta property=\"og:image:width\" content=\"1118\" \/>\n\t<meta property=\"og:image:height\" content=\"686\" \/>\n\t<meta property=\"og:image:type\" content=\"image\/jpeg\" \/>\n<meta name=\"author\" content=\"\u017baneta Mrozek-Siewierska\" \/>\n<meta name=\"twitter:card\" content=\"summary_large_image\" \/>\n<meta name=\"twitter:creator\" content=\"@24gliwice\" \/>\n<meta name=\"twitter:site\" content=\"@24gliwice\" \/>\n<meta name=\"twitter:label1\" content=\"Napisane przez\" \/>\n\t<meta name=\"twitter:data1\" content=\"\u017baneta Mrozek-Siewierska\" \/>\n\t<meta name=\"twitter:label2\" content=\"Szacowany czas czytania\" \/>\n\t<meta name=\"twitter:data2\" content=\"2 minuty\" \/>\n<script type=\"application\/ld+json\" class=\"yoast-schema-graph\">{\"@context\":\"https:\\\/\\\/schema.org\",\"@graph\":[{\"@type\":\"Article\",\"@id\":\"https:\\\/\\\/www.24gliwice.pl\\\/wiadomosci\\\/kierujaca-karetka-pogotowia-winna-spowodowania-piatkowej-kolizji-policja-ukarala-ja-pouczeniem\\\/#article\",\"isPartOf\":{\"@id\":\"https:\\\/\\\/www.24gliwice.pl\\\/wiadomosci\\\/kierujaca-karetka-pogotowia-winna-spowodowania-piatkowej-kolizji-policja-ukarala-ja-pouczeniem\\\/\"},\"author\":{\"name\":\"\u017baneta Mrozek-Siewierska\",\"@id\":\"https:\\\/\\\/www.24gliwice.pl\\\/wiadomosci\\\/#\\\/schema\\\/person\\\/e42c650edd7f2fa332be3811fb166b6e\"},\"headline\":\"Kieruj\u0105ca karetk\u0105 pogotowia winna spowodowania pi\u0105tkowej kolizji. Policja ukara\u0142a j\u0105&#8230; pouczeniem\",\"datePublished\":\"2019-07-23T00:51:21+00:00\",\"mainEntityOfPage\":{\"@id\":\"https:\\\/\\\/www.24gliwice.pl\\\/wiadomosci\\\/kierujaca-karetka-pogotowia-winna-spowodowania-piatkowej-kolizji-policja-ukarala-ja-pouczeniem\\\/\"},\"wordCount\":449,\"commentCount\":0,\"publisher\":{\"@id\":\"https:\\\/\\\/www.24gliwice.pl\\\/wiadomosci\\\/#organization\"},\"image\":{\"@id\":\"https:\\\/\\\/www.24gliwice.pl\\\/wiadomosci\\\/kierujaca-karetka-pogotowia-winna-spowodowania-piatkowej-kolizji-policja-ukarala-ja-pouczeniem\\\/#primaryimage\"},\"thumbnailUrl\":\"https:\\\/\\\/www.24gliwice.pl\\\/wiadomosci\\\/wp-content\\\/uploads\\\/2019\\\/07\\\/karetka-kolizja.jpg\",\"keywords\":[\"karetka\",\"KUJAWSKA\",\"panewnicka\",\"pouczenie\"],\"articleSection\":[\"Gliwice\",\"Najnowsze wiadomo\u015bci\",\"Prawo\"],\"inLanguage\":\"pl-PL\",\"potentialAction\":[{\"@type\":\"CommentAction\",\"name\":\"Comment\",\"target\":[\"https:\\\/\\\/www.24gliwice.pl\\\/wiadomosci\\\/kierujaca-karetka-pogotowia-winna-spowodowania-piatkowej-kolizji-policja-ukarala-ja-pouczeniem\\\/#respond\"]}]},{\"@type\":\"WebPage\",\"@id\":\"https:\\\/\\\/www.24gliwice.pl\\\/wiadomosci\\\/kierujaca-karetka-pogotowia-winna-spowodowania-piatkowej-kolizji-policja-ukarala-ja-pouczeniem\\\/\",\"url\":\"https:\\\/\\\/www.24gliwice.pl\\\/wiadomosci\\\/kierujaca-karetka-pogotowia-winna-spowodowania-piatkowej-kolizji-policja-ukarala-ja-pouczeniem\\\/\",\"name\":\"Kieruj\u0105ca karetk\u0105 pogotowia winna spowodowania pi\u0105tkowej kolizji. Policja ukara\u0142a j\u0105... pouczeniem - 24GLIWICE - Portal Gliwice | codziennie nowe informacje\",\"isPartOf\":{\"@id\":\"https:\\\/\\\/www.24gliwice.pl\\\/wiadomosci\\\/#website\"},\"primaryImageOfPage\":{\"@id\":\"https:\\\/\\\/www.24gliwice.pl\\\/wiadomosci\\\/kierujaca-karetka-pogotowia-winna-spowodowania-piatkowej-kolizji-policja-ukarala-ja-pouczeniem\\\/#primaryimage\"},\"image\":{\"@id\":\"https:\\\/\\\/www.24gliwice.pl\\\/wiadomosci\\\/kierujaca-karetka-pogotowia-winna-spowodowania-piatkowej-kolizji-policja-ukarala-ja-pouczeniem\\\/#primaryimage\"},\"thumbnailUrl\":\"https:\\\/\\\/www.24gliwice.pl\\\/wiadomosci\\\/wp-content\\\/uploads\\\/2019\\\/07\\\/karetka-kolizja.jpg\",\"datePublished\":\"2019-07-23T00:51:21+00:00\",\"breadcrumb\":{\"@id\":\"https:\\\/\\\/www.24gliwice.pl\\\/wiadomosci\\\/kierujaca-karetka-pogotowia-winna-spowodowania-piatkowej-kolizji-policja-ukarala-ja-pouczeniem\\\/#breadcrumb\"},\"inLanguage\":\"pl-PL\",\"potentialAction\":[{\"@type\":\"ReadAction\",\"target\":[\"https:\\\/\\\/www.24gliwice.pl\\\/wiadomosci\\\/kierujaca-karetka-pogotowia-winna-spowodowania-piatkowej-kolizji-policja-ukarala-ja-pouczeniem\\\/\"]}]},{\"@type\":\"ImageObject\",\"inLanguage\":\"pl-PL\",\"@id\":\"https:\\\/\\\/www.24gliwice.pl\\\/wiadomosci\\\/kierujaca-karetka-pogotowia-winna-spowodowania-piatkowej-kolizji-policja-ukarala-ja-pouczeniem\\\/#primaryimage\",\"url\":\"https:\\\/\\\/www.24gliwice.pl\\\/wiadomosci\\\/wp-content\\\/uploads\\\/2019\\\/07\\\/karetka-kolizja.jpg\",\"contentUrl\":\"https:\\\/\\\/www.24gliwice.pl\\\/wiadomosci\\\/wp-content\\\/uploads\\\/2019\\\/07\\\/karetka-kolizja.jpg\",\"width\":1118,\"height\":686},{\"@type\":\"BreadcrumbList\",\"@id\":\"https:\\\/\\\/www.24gliwice.pl\\\/wiadomosci\\\/kierujaca-karetka-pogotowia-winna-spowodowania-piatkowej-kolizji-policja-ukarala-ja-pouczeniem\\\/#breadcrumb\",\"itemListElement\":[{\"@type\":\"ListItem\",\"position\":1,\"name\":\"Strona g\u0142\u00f3wna\",\"item\":\"https:\\\/\\\/www.24gliwice.pl\\\/wiadomosci\\\/\"},{\"@type\":\"ListItem\",\"position\":2,\"name\":\"Kieruj\u0105ca karetk\u0105 pogotowia winna spowodowania pi\u0105tkowej kolizji. Policja ukara\u0142a j\u0105&#8230; pouczeniem\"}]},{\"@type\":\"WebSite\",\"@id\":\"https:\\\/\\\/www.24gliwice.pl\\\/wiadomosci\\\/#website\",\"url\":\"https:\\\/\\\/www.24gliwice.pl\\\/wiadomosci\\\/\",\"name\":\"24GLIWICE - Portal Gliwice | codziennie nowe wiadomo\u015bci\",\"description\":\"Portal Miejski Gliwice\",\"publisher\":{\"@id\":\"https:\\\/\\\/www.24gliwice.pl\\\/wiadomosci\\\/#organization\"},\"potentialAction\":[{\"@type\":\"SearchAction\",\"target\":{\"@type\":\"EntryPoint\",\"urlTemplate\":\"https:\\\/\\\/www.24gliwice.pl\\\/wiadomosci\\\/?s={search_term_string}\"},\"query-input\":{\"@type\":\"PropertyValueSpecification\",\"valueRequired\":true,\"valueName\":\"search_term_string\"}}],\"inLanguage\":\"pl-PL\"},{\"@type\":\"Organization\",\"@id\":\"https:\\\/\\\/www.24gliwice.pl\\\/wiadomosci\\\/#organization\",\"name\":\"24gliwice\",\"url\":\"https:\\\/\\\/www.24gliwice.pl\\\/wiadomosci\\\/\",\"logo\":{\"@type\":\"ImageObject\",\"inLanguage\":\"pl-PL\",\"@id\":\"https:\\\/\\\/www.24gliwice.pl\\\/wiadomosci\\\/#\\\/schema\\\/logo\\\/image\\\/\",\"url\":\"https:\\\/\\\/www.24gliwice.pl\\\/wiadomosci\\\/wp-content\\\/uploads\\\/2024\\\/10\\\/24gliwice-logo-696.jpg\",\"contentUrl\":\"https:\\\/\\\/www.24gliwice.pl\\\/wiadomosci\\\/wp-content\\\/uploads\\\/2024\\\/10\\\/24gliwice-logo-696.jpg\",\"width\":696,\"height\":696,\"caption\":\"24gliwice\"},\"image\":{\"@id\":\"https:\\\/\\\/www.24gliwice.pl\\\/wiadomosci\\\/#\\\/schema\\\/logo\\\/image\\\/\"},\"sameAs\":[\"https:\\\/\\\/www.facebook.com\\\/24gliwice\",\"https:\\\/\\\/x.com\\\/24gliwice\",\"https:\\\/\\\/www.youtube.com\\\/@24gliwice\"]},{\"@type\":\"Person\",\"@id\":\"https:\\\/\\\/www.24gliwice.pl\\\/wiadomosci\\\/#\\\/schema\\\/person\\\/e42c650edd7f2fa332be3811fb166b6e\",\"name\":\"\u017baneta Mrozek-Siewierska\",\"image\":{\"@type\":\"ImageObject\",\"inLanguage\":\"pl-PL\",\"@id\":\"https:\\\/\\\/secure.gravatar.com\\\/avatar\\\/1881429e9c64597c77ad7aef2d0a19be69a3253e57534d16aa15bf3a4d34a0a3?s=96&d=mm&r=g\",\"url\":\"https:\\\/\\\/secure.gravatar.com\\\/avatar\\\/1881429e9c64597c77ad7aef2d0a19be69a3253e57534d16aa15bf3a4d34a0a3?s=96&d=mm&r=g\",\"contentUrl\":\"https:\\\/\\\/secure.gravatar.com\\\/avatar\\\/1881429e9c64597c77ad7aef2d0a19be69a3253e57534d16aa15bf3a4d34a0a3?s=96&d=mm&r=g\",\"caption\":\"\u017baneta Mrozek-Siewierska\"},\"url\":\"https:\\\/\\\/www.24gliwice.pl\\\/wiadomosci\\\/author\\\/zms\\\/\"}]}<\/script>\n<!-- \/ Yoast SEO plugin. -->","yoast_head_json":{"title":"Kieruj\u0105ca karetk\u0105 pogotowia winna spowodowania pi\u0105tkowej kolizji. Policja ukara\u0142a j\u0105... pouczeniem - 24GLIWICE - Portal Gliwice | codziennie nowe informacje","robots":{"index":"index","follow":"follow","max-snippet":"max-snippet:-1","max-image-preview":"max-image-preview:large","max-video-preview":"max-video-preview:-1"},"canonical":"https:\/\/www.24gliwice.pl\/wiadomosci\/kierujaca-karetka-pogotowia-winna-spowodowania-piatkowej-kolizji-policja-ukarala-ja-pouczeniem\/","og_locale":"pl_PL","og_type":"article","og_title":"Kieruj\u0105ca karetk\u0105 pogotowia winna spowodowania pi\u0105tkowej kolizji. Policja ukara\u0142a j\u0105... pouczeniem - 24GLIWICE - Portal Gliwice | codziennie nowe informacje","og_description":"W pi\u0105tek dosz\u0142o do kolizji karetki i samochodu dostawczego, w wyniku kt\u00f3rego pierwszy z pojazd\u00f3w przewr\u00f3ci\u0142 si\u0119 na stoj\u0105c\u0105 na skrzy\u017cowaniu osob\u00f3wk\u0119. Wiadomo ju\u017c, \u017ce to kierowca s\u0142u\u017cb ratunkowych odpowiada za spowodowanie tego zdarzenia. Do kolizji pojazd\u00f3w dosz\u0142o 19 lipca oko\u0142o godziny 14:00 na skrzy\u017cowaniu ulic Kujawskiej i Panewnickiej. Jak dowiadujemy si\u0119 ze strony internetowej [&hellip;]","og_url":"https:\/\/www.24gliwice.pl\/wiadomosci\/kierujaca-karetka-pogotowia-winna-spowodowania-piatkowej-kolizji-policja-ukarala-ja-pouczeniem\/","og_site_name":"24GLIWICE - Portal Gliwice | codziennie nowe informacje","article_publisher":"https:\/\/www.facebook.com\/24gliwice","article_published_time":"2019-07-23T00:51:21+00:00","og_image":[{"width":1118,"height":686,"url":"https:\/\/www.24gliwice.pl\/wiadomosci\/wp-content\/uploads\/2019\/07\/karetka-kolizja.jpg","type":"image\/jpeg"}],"author":"\u017baneta Mrozek-Siewierska","twitter_card":"summary_large_image","twitter_creator":"@24gliwice","twitter_site":"@24gliwice","twitter_misc":{"Napisane przez":"\u017baneta Mrozek-Siewierska","Szacowany czas czytania":"2 minuty"},"schema":{"@context":"https:\/\/schema.org","@graph":[{"@type":"Article","@id":"https:\/\/www.24gliwice.pl\/wiadomosci\/kierujaca-karetka-pogotowia-winna-spowodowania-piatkowej-kolizji-policja-ukarala-ja-pouczeniem\/#article","isPartOf":{"@id":"https:\/\/www.24gliwice.pl\/wiadomosci\/kierujaca-karetka-pogotowia-winna-spowodowania-piatkowej-kolizji-policja-ukarala-ja-pouczeniem\/"},"author":{"name":"\u017baneta Mrozek-Siewierska","@id":"https:\/\/www.24gliwice.pl\/wiadomosci\/#\/schema\/person\/e42c650edd7f2fa332be3811fb166b6e"},"headline":"Kieruj\u0105ca karetk\u0105 pogotowia winna spowodowania pi\u0105tkowej kolizji. Policja ukara\u0142a j\u0105&#8230; pouczeniem","datePublished":"2019-07-23T00:51:21+00:00","mainEntityOfPage":{"@id":"https:\/\/www.24gliwice.pl\/wiadomosci\/kierujaca-karetka-pogotowia-winna-spowodowania-piatkowej-kolizji-policja-ukarala-ja-pouczeniem\/"},"wordCount":449,"commentCount":0,"publisher":{"@id":"https:\/\/www.24gliwice.pl\/wiadomosci\/#organization"},"image":{"@id":"https:\/\/www.24gliwice.pl\/wiadomosci\/kierujaca-karetka-pogotowia-winna-spowodowania-piatkowej-kolizji-policja-ukarala-ja-pouczeniem\/#primaryimage"},"thumbnailUrl":"https:\/\/www.24gliwice.pl\/wiadomosci\/wp-content\/uploads\/2019\/07\/karetka-kolizja.jpg","keywords":["karetka","KUJAWSKA","panewnicka","pouczenie"],"articleSection":["Gliwice","Najnowsze wiadomo\u015bci","Prawo"],"inLanguage":"pl-PL","potentialAction":[{"@type":"CommentAction","name":"Comment","target":["https:\/\/www.24gliwice.pl\/wiadomosci\/kierujaca-karetka-pogotowia-winna-spowodowania-piatkowej-kolizji-policja-ukarala-ja-pouczeniem\/#respond"]}]},{"@type":"WebPage","@id":"https:\/\/www.24gliwice.pl\/wiadomosci\/kierujaca-karetka-pogotowia-winna-spowodowania-piatkowej-kolizji-policja-ukarala-ja-pouczeniem\/","url":"https:\/\/www.24gliwice.pl\/wiadomosci\/kierujaca-karetka-pogotowia-winna-spowodowania-piatkowej-kolizji-policja-ukarala-ja-pouczeniem\/","name":"Kieruj\u0105ca karetk\u0105 pogotowia winna spowodowania pi\u0105tkowej kolizji. Policja ukara\u0142a j\u0105... pouczeniem - 24GLIWICE - Portal Gliwice | codziennie nowe informacje","isPartOf":{"@id":"https:\/\/www.24gliwice.pl\/wiadomosci\/#website"},"primaryImageOfPage":{"@id":"https:\/\/www.24gliwice.pl\/wiadomosci\/kierujaca-karetka-pogotowia-winna-spowodowania-piatkowej-kolizji-policja-ukarala-ja-pouczeniem\/#primaryimage"},"image":{"@id":"https:\/\/www.24gliwice.pl\/wiadomosci\/kierujaca-karetka-pogotowia-winna-spowodowania-piatkowej-kolizji-policja-ukarala-ja-pouczeniem\/#primaryimage"},"thumbnailUrl":"https:\/\/www.24gliwice.pl\/wiadomosci\/wp-content\/uploads\/2019\/07\/karetka-kolizja.jpg","datePublished":"2019-07-23T00:51:21+00:00","breadcrumb":{"@id":"https:\/\/www.24gliwice.pl\/wiadomosci\/kierujaca-karetka-pogotowia-winna-spowodowania-piatkowej-kolizji-policja-ukarala-ja-pouczeniem\/#breadcrumb"},"inLanguage":"pl-PL","potentialAction":[{"@type":"ReadAction","target":["https:\/\/www.24gliwice.pl\/wiadomosci\/kierujaca-karetka-pogotowia-winna-spowodowania-piatkowej-kolizji-policja-ukarala-ja-pouczeniem\/"]}]},{"@type":"ImageObject","inLanguage":"pl-PL","@id":"https:\/\/www.24gliwice.pl\/wiadomosci\/kierujaca-karetka-pogotowia-winna-spowodowania-piatkowej-kolizji-policja-ukarala-ja-pouczeniem\/#primaryimage","url":"https:\/\/www.24gliwice.pl\/wiadomosci\/wp-content\/uploads\/2019\/07\/karetka-kolizja.jpg","contentUrl":"https:\/\/www.24gliwice.pl\/wiadomosci\/wp-content\/uploads\/2019\/07\/karetka-kolizja.jpg","width":1118,"height":686},{"@type":"BreadcrumbList","@id":"https:\/\/www.24gliwice.pl\/wiadomosci\/kierujaca-karetka-pogotowia-winna-spowodowania-piatkowej-kolizji-policja-ukarala-ja-pouczeniem\/#breadcrumb","itemListElement":[{"@type":"ListItem","position":1,"name":"Strona g\u0142\u00f3wna","item":"https:\/\/www.24gliwice.pl\/wiadomosci\/"},{"@type":"ListItem","position":2,"name":"Kieruj\u0105ca karetk\u0105 pogotowia winna spowodowania pi\u0105tkowej kolizji. Policja ukara\u0142a j\u0105&#8230; pouczeniem"}]},{"@type":"WebSite","@id":"https:\/\/www.24gliwice.pl\/wiadomosci\/#website","url":"https:\/\/www.24gliwice.pl\/wiadomosci\/","name":"24GLIWICE - Portal Gliwice | codziennie nowe wiadomo\u015bci","description":"Portal Miejski Gliwice","publisher":{"@id":"https:\/\/www.24gliwice.pl\/wiadomosci\/#organization"},"potentialAction":[{"@type":"SearchAction","target":{"@type":"EntryPoint","urlTemplate":"https:\/\/www.24gliwice.pl\/wiadomosci\/?s={search_term_string}"},"query-input":{"@type":"PropertyValueSpecification","valueRequired":true,"valueName":"search_term_string"}}],"inLanguage":"pl-PL"},{"@type":"Organization","@id":"https:\/\/www.24gliwice.pl\/wiadomosci\/#organization","name":"24gliwice","url":"https:\/\/www.24gliwice.pl\/wiadomosci\/","logo":{"@type":"ImageObject","inLanguage":"pl-PL","@id":"https:\/\/www.24gliwice.pl\/wiadomosci\/#\/schema\/logo\/image\/","url":"https:\/\/www.24gliwice.pl\/wiadomosci\/wp-content\/uploads\/2024\/10\/24gliwice-logo-696.jpg","contentUrl":"https:\/\/www.24gliwice.pl\/wiadomosci\/wp-content\/uploads\/2024\/10\/24gliwice-logo-696.jpg","width":696,"height":696,"caption":"24gliwice"},"image":{"@id":"https:\/\/www.24gliwice.pl\/wiadomosci\/#\/schema\/logo\/image\/"},"sameAs":["https:\/\/www.facebook.com\/24gliwice","https:\/\/x.com\/24gliwice","https:\/\/www.youtube.com\/@24gliwice"]},{"@type":"Person","@id":"https:\/\/www.24gliwice.pl\/wiadomosci\/#\/schema\/person\/e42c650edd7f2fa332be3811fb166b6e","name":"\u017baneta Mrozek-Siewierska","image":{"@type":"ImageObject","inLanguage":"pl-PL","@id":"https:\/\/secure.gravatar.com\/avatar\/1881429e9c64597c77ad7aef2d0a19be69a3253e57534d16aa15bf3a4d34a0a3?s=96&d=mm&r=g","url":"https:\/\/secure.gravatar.com\/avatar\/1881429e9c64597c77ad7aef2d0a19be69a3253e57534d16aa15bf3a4d34a0a3?s=96&d=mm&r=g","contentUrl":"https:\/\/secure.gravatar.com\/avatar\/1881429e9c64597c77ad7aef2d0a19be69a3253e57534d16aa15bf3a4d34a0a3?s=96&d=mm&r=g","caption":"\u017baneta Mrozek-Siewierska"},"url":"https:\/\/www.24gliwice.pl\/wiadomosci\/author\/zms\/"}]}},"_links":{"self":[{"href":"https:\/\/www.24gliwice.pl\/wiadomosci\/wp-json\/wp\/v2\/posts\/138155","targetHints":{"allow":["GET"]}}],"collection":[{"href":"https:\/\/www.24gliwice.pl\/wiadomosci\/wp-json\/wp\/v2\/posts"}],"about":[{"href":"https:\/\/www.24gliwice.pl\/wiadomosci\/wp-json\/wp\/v2\/types\/post"}],"author":[{"embeddable":true,"href":"https:\/\/www.24gliwice.pl\/wiadomosci\/wp-json\/wp\/v2\/users\/15"}],"replies":[{"embeddable":true,"href":"https:\/\/www.24gliwice.pl\/wiadomosci\/wp-json\/wp\/v2\/comments?post=138155"}],"version-history":[{"count":0,"href":"https:\/\/www.24gliwice.pl\/wiadomosci\/wp-json\/wp\/v2\/posts\/138155\/revisions"}],"wp:featuredmedia":[{"embeddable":true,"href":"https:\/\/www.24gliwice.pl\/wiadomosci\/wp-json\/wp\/v2\/media\/138181"}],"wp:attachment":[{"href":"https:\/\/www.24gliwice.pl\/wiadomosci\/wp-json\/wp\/v2\/media?parent=138155"}],"wp:term":[{"taxonomy":"category","embeddable":true,"href":"https:\/\/www.24gliwice.pl\/wiadomosci\/wp-json\/wp\/v2\/categories?post=138155"},{"taxonomy":"post_tag","embeddable":true,"href":"https:\/\/www.24gliwice.pl\/wiadomosci\/wp-json\/wp\/v2\/tags?post=138155"}],"curies":[{"name":"wp","href":"https:\/\/api.w.org\/{rel}","templated":true}]}}