{"id":139222,"date":"2019-09-03T23:03:10","date_gmt":"2019-09-03T21:03:10","guid":{"rendered":"https:\/\/www.24gliwice.pl\/wiadomosci\/?p=139222"},"modified":"2019-09-03T23:05:24","modified_gmt":"2019-09-03T21:05:24","slug":"znamy-nowego-dzierzawce-boiska-przy-ul-parkowej-wkrotce-uroczyste-otwarcie","status":"publish","type":"post","link":"https:\/\/www.24gliwice.pl\/wiadomosci\/znamy-nowego-dzierzawce-boiska-przy-ul-parkowej-wkrotce-uroczyste-otwarcie\/","title":{"rendered":"Znamy nowego dzier\u017cawc\u0119 boiska przy ul. Parkowej. Wkr\u00f3tce uroczyste otwarcie"},"content":{"rendered":"<div class=\"gliwi-a6-nad-leadem-artykulow gliwi-entity-placement\" id=\"gliwi-2295909505\"><div class=\"gliwi-adlabel\"><span style=\"font-size: 9px\">REKLAMA<\/span><\/div><div id=\"gliwi-1945596003\" style=\"margin-bottom: 30px;margin-left: auto;margin-right: auto;text-align: center;\"><a data-no-instant=\"1\" href=\"https:\/\/przedszkole.halogen.org.pl\/\" rel=\"noopener\" class=\"a2t-link\" target=\"_blank\" aria-label=\"20260402-ANIMATOR-przedszkole_grafika_750x200\"><img loading=\"lazy\" decoding=\"async\" src=\"https:\/\/www.24gliwice.pl\/wiadomosci\/wp-content\/uploads\/2026\/04\/20260402-ANIMATOR-przedszkole_grafika_750x200.webp\" alt=\"\"  srcset=\"https:\/\/www.24gliwice.pl\/wiadomosci\/wp-content\/uploads\/2026\/04\/20260402-ANIMATOR-przedszkole_grafika_750x200.webp 750w, https:\/\/www.24gliwice.pl\/wiadomosci\/wp-content\/uploads\/2026\/04\/20260402-ANIMATOR-przedszkole_grafika_750x200-410x109.webp 410w\" sizes=\"(max-width: 750px) 100vw, 750px\" class=\"no-lazyload\" width=\"750\" height=\"200\"  style=\"display: inline-block; max-width: 100%; height: auto;\" \/><\/a><\/div><\/div><h3>Boisko sportowe przy ul. Parkowej w gliwickim Bojkowie ma nowego dzier\u017cawc\u0119. To nowa szansa dla obiektu, kt\u00f3rego stan od miesi\u0119cy pozostawia\u0142 wiele do \u017cyczenia.<\/h3>\n<p>Obiekt w Bojkowie stanie si\u0119 jedynym w Gliwicach, kt\u00f3ry trafi w zarz\u0105d jednostki niezwi\u0105zanej bezpo\u015brednio z miastem. Boisko b\u0119dzie jednak przeznaczone przede wszystkim do szkolenia najm\u0142odszych. &#8220;Na Parkow\u0105&#8221; wybiegn\u0105 bowiem dzieci w wieku od 5 do 12 lat. <\/p>\n<blockquote><p>&#8211; Boisko, kt\u00f3re jeszcze kilka miesi\u0119cy temu zaro\u015bni\u0119te by\u0142o wysok\u0105 traw\u0105, odzyska swoj\u0105 \u015bwietno\u015b\u0107<\/p><\/blockquote>\n<p> \u2013 m\u00f3wi <strong>Mariusz Talarczyk<\/strong>, manager gliwickiej Fundacji Rozwoju Sportu Espa\u00f1ola, kt\u00f3ra przej\u0119\u0142a obiekt.<\/p><div class=\"gliwi-a3-w-tresci-artykulow gliwi-entity-placement\" id=\"gliwi-1541070018\"><div class=\"gliwi-adlabel\"><span style=\"font-size: 9px\">REKLAMA<\/span><\/div><div id=\"gliwi-1901150259\" style=\"margin-bottom: 30px;margin-left: auto;margin-right: auto;text-align: center;\"><a data-no-instant=\"1\" href=\"https:\/\/ogrodyandersa.pl\/\" rel=\"noopener\" class=\"a2t-link\" target=\"_blank\" aria-label=\"20260415 Ogrody Andersa KUP TERAZ D\"><img loading=\"lazy\" decoding=\"async\" src=\"https:\/\/www.24gliwice.pl\/wiadomosci\/wp-content\/uploads\/2026\/04\/20260415-Ogrody-Andersa-KUP-TERAZ-D.jpg\" alt=\"\"  srcset=\"https:\/\/www.24gliwice.pl\/wiadomosci\/wp-content\/uploads\/2026\/04\/20260415-Ogrody-Andersa-KUP-TERAZ-D.jpg 750w, https:\/\/www.24gliwice.pl\/wiadomosci\/wp-content\/uploads\/2026\/04\/20260415-Ogrody-Andersa-KUP-TERAZ-D-410x109.jpg 410w\" sizes=\"(max-width: 750px) 100vw, 750px\" class=\"no-lazyload\" width=\"750\" height=\"200\"  style=\"display: inline-block; max-width: 100%; height: auto;\" \/><\/a><\/div><\/div>\n<p>Pierwsza du\u017ca impreza na obiekcie zaplanowana jest na 15 wrze\u015bnia i wpisze si\u0119 w obchody 750-lecia Bojkowa. Na razie na boisku Espanola prowadzi treningi grup zaawansowanych i bezp\u0142atne treningi dla dzieci z rocznik\u00f3w 2013 i 2014. <\/p>\n<p><img loading=\"lazy\" decoding=\"async\" src=\"https:\/\/www.24gliwice.pl\/wiadomosci\/wp-content\/uploads\/2019\/09\/bojk\u00f3w3.jpg\" alt=\"\" width=\"1200\" height=\"676\" class=\"aligncenter size-full wp-image-140060\" srcset=\"https:\/\/www.24gliwice.pl\/wiadomosci\/wp-content\/uploads\/2019\/09\/bojk\u00f3w3.jpg 1200w, https:\/\/www.24gliwice.pl\/wiadomosci\/wp-content\/uploads\/2019\/09\/bojk\u00f3w3-410x232.jpg 410w, https:\/\/www.24gliwice.pl\/wiadomosci\/wp-content\/uploads\/2019\/09\/bojk\u00f3w3-768x433.jpg 768w, https:\/\/www.24gliwice.pl\/wiadomosci\/wp-content\/uploads\/2019\/09\/bojk\u00f3w3-808x455.jpg 808w, https:\/\/www.24gliwice.pl\/wiadomosci\/wp-content\/uploads\/2019\/09\/bojk\u00f3w3-810x456.jpg 810w, https:\/\/www.24gliwice.pl\/wiadomosci\/wp-content\/uploads\/2019\/09\/bojk\u00f3w3-1140x642.jpg 1140w\" sizes=\"auto, (max-width: 1200px) 100vw, 1200px\" \/><\/p>\n<p>&#8211; Nasz\u0105 misj\u0105 jest zaszczepianie sportowej pasji u dzieci i nauczanie pi\u0142ki no\u017cnej w najlepszy wed\u0142ug nas spos\u00f3b &#8211; m\u00f3wi Mariusz Talarczyk. &#8211; Prowadzimy treningi w oparciu o autorski program, kt\u00f3ry jest z godny z unifikacj\u0105 PZPN, a \u015brodki treningowe, kt\u00f3rymi si\u0119 pos\u0142ugujemy czerpiemy ze szkole\u0144 nabytych z hiszpa\u0144skiej metodologii. Cieszymy si\u0119, \u017ce b\u0119dziemy mogli realizowa\u0107 plan treningowy i rozgrywki ligowe na w\u0142asnym obiekcie przy Parkowej \u2013 podsumowuje.<br \/>\n<strong><br \/>\nFundacja Espa\u00f1ola<\/strong> opr\u00f3cz prowadzenia akademii dzia\u0142aj\u0105cej na ca\u0142ym \u015al\u0105sku anga\u017cuje si\u0119 w wiele projekt\u00f3w non-profit i organizuje turnieje, pikniki, zabawy dla dzieci, bezp\u0142atne treningi i zaj\u0119cia sportowe w szko\u0142ach i przedszkolach, szkoli trener\u00f3w na najlepszych konferencjach w kraju i zagranic\u0105. Niedawno organizowa\u0142a turniej na Stadionie \u015al\u0105skim w Chorzowie.<\/p>\n<p><img loading=\"lazy\" decoding=\"async\" src=\"https:\/\/www.24gliwice.pl\/wiadomosci\/wp-content\/uploads\/2019\/09\/bojk\u00f3w1.jpg\" alt=\"\" width=\"1200\" height=\"676\" class=\"aligncenter size-full wp-image-140059\" srcset=\"https:\/\/www.24gliwice.pl\/wiadomosci\/wp-content\/uploads\/2019\/09\/bojk\u00f3w1.jpg 1200w, https:\/\/www.24gliwice.pl\/wiadomosci\/wp-content\/uploads\/2019\/09\/bojk\u00f3w1-410x232.jpg 410w, https:\/\/www.24gliwice.pl\/wiadomosci\/wp-content\/uploads\/2019\/09\/bojk\u00f3w1-768x433.jpg 768w, https:\/\/www.24gliwice.pl\/wiadomosci\/wp-content\/uploads\/2019\/09\/bojk\u00f3w1-808x455.jpg 808w, https:\/\/www.24gliwice.pl\/wiadomosci\/wp-content\/uploads\/2019\/09\/bojk\u00f3w1-810x456.jpg 810w, https:\/\/www.24gliwice.pl\/wiadomosci\/wp-content\/uploads\/2019\/09\/bojk\u00f3w1-1140x642.jpg 1140w\" sizes=\"auto, (max-width: 1200px) 100vw, 1200px\" \/><\/p>\n<div class=\"gliwi-a5-na-koncu-artykulow gliwi-entity-placement\" id=\"gliwi-3651547158\"><div class=\"gliwi-adlabel\"><span style=\"font-size: 9px\">REKLAMA<\/span><\/div><div id=\"gliwi-3136114101\" style=\"margin-left: auto;margin-right: auto;text-align: center;\"><a data-no-instant=\"1\" href=\"https:\/\/prezeroarenagliwice.pl\/\" rel=\"noopener\" class=\"a2t-link\" target=\"_blank\" aria-label=\"20260309-PREZERO-WIOSNA-D\"><img loading=\"lazy\" decoding=\"async\" src=\"https:\/\/www.24gliwice.pl\/wiadomosci\/wp-content\/uploads\/2026\/03\/20260309-PREZERO-WIOSNA-D.webp\" alt=\"\"  srcset=\"https:\/\/www.24gliwice.pl\/wiadomosci\/wp-content\/uploads\/2026\/03\/20260309-PREZERO-WIOSNA-D.webp 750w, https:\/\/www.24gliwice.pl\/wiadomosci\/wp-content\/uploads\/2026\/03\/20260309-PREZERO-WIOSNA-D-410x109.webp 410w\" sizes=\"(max-width: 750px) 100vw, 750px\" class=\"no-lazyload\" width=\"750\" height=\"200\"  style=\"display: inline-block; max-width: 100%; height: auto;\" \/><\/a><\/div><\/div>","protected":false},"excerpt":{"rendered":"<p>Boisko sportowe przy ul. Parkowej w gliwickim Bojkowie ma nowego dzier\u017cawc\u0119. To nowa szansa dla obiektu, kt\u00f3rego stan od miesi\u0119cy pozostawia\u0142 wiele do \u017cyczenia. Obiekt w Bojkowie stanie si\u0119 jedynym w Gliwicach, kt\u00f3ry trafi w zarz\u0105d jednostki niezwi\u0105zanej bezpo\u015brednio z miastem. Boisko b\u0119dzie jednak przeznaczone przede wszystkim do szkolenia najm\u0142odszych. &#8220;Na Parkow\u0105&#8221; wybiegn\u0105 bowiem dzieci [&hellip;]<\/p>\n","protected":false},"author":12,"featured_media":140058,"comment_status":"open","ping_status":"closed","sticky":false,"template":"","format":"standard","meta":{"_monsterinsights_skip_tracking":false,"_monsterinsights_sitenote_active":false,"_monsterinsights_sitenote_note":"","_monsterinsights_sitenote_category":0,"footnotes":"","_links_to":"","_links_to_target":""},"categories":[3,1],"tags":[],"class_list":["post-139222","post","type-post","status-publish","format-standard","has-post-thumbnail","hentry","category-gliwice","category-wszystko"],"yoast_head":"<!-- This site is optimized with the Yoast SEO plugin v27.5 - https:\/\/yoast.com\/product\/yoast-seo-wordpress\/ -->\n<title>Znamy nowego dzier\u017cawc\u0119 boiska przy ul. Parkowej. Wkr\u00f3tce uroczyste otwarcie - 24GLIWICE - Portal Gliwice | codziennie nowe informacje<\/title>\n<meta name=\"robots\" content=\"index, follow, max-snippet:-1, max-image-preview:large, max-video-preview:-1\" \/>\n<link rel=\"canonical\" href=\"https:\/\/www.24gliwice.pl\/wiadomosci\/znamy-nowego-dzierzawce-boiska-przy-ul-parkowej-wkrotce-uroczyste-otwarcie\/\" \/>\n<meta property=\"og:locale\" content=\"pl_PL\" \/>\n<meta property=\"og:type\" content=\"article\" \/>\n<meta property=\"og:title\" content=\"Znamy nowego dzier\u017cawc\u0119 boiska przy ul. Parkowej. Wkr\u00f3tce uroczyste otwarcie - 24GLIWICE - Portal Gliwice | codziennie nowe informacje\" \/>\n<meta property=\"og:description\" content=\"Boisko sportowe przy ul. Parkowej w gliwickim Bojkowie ma nowego dzier\u017cawc\u0119. To nowa szansa dla obiektu, kt\u00f3rego stan od miesi\u0119cy pozostawia\u0142 wiele do \u017cyczenia. Obiekt w Bojkowie stanie si\u0119 jedynym w Gliwicach, kt\u00f3ry trafi w zarz\u0105d jednostki niezwi\u0105zanej bezpo\u015brednio z miastem. Boisko b\u0119dzie jednak przeznaczone przede wszystkim do szkolenia najm\u0142odszych. &#8220;Na Parkow\u0105&#8221; wybiegn\u0105 bowiem dzieci [&hellip;]\" \/>\n<meta property=\"og:url\" content=\"https:\/\/www.24gliwice.pl\/wiadomosci\/znamy-nowego-dzierzawce-boiska-przy-ul-parkowej-wkrotce-uroczyste-otwarcie\/\" \/>\n<meta property=\"og:site_name\" content=\"24GLIWICE - Portal Gliwice | codziennie nowe informacje\" \/>\n<meta property=\"article:publisher\" content=\"https:\/\/www.facebook.com\/24gliwice\" \/>\n<meta property=\"article:published_time\" content=\"2019-09-03T21:03:10+00:00\" \/>\n<meta property=\"article:modified_time\" content=\"2019-09-03T21:05:24+00:00\" \/>\n<meta property=\"og:image\" content=\"https:\/\/www.24gliwice.pl\/wiadomosci\/wp-content\/uploads\/2019\/09\/bojk\u00f3w-2.jpg\" \/>\n\t<meta property=\"og:image:width\" content=\"1200\" \/>\n\t<meta property=\"og:image:height\" content=\"676\" \/>\n\t<meta property=\"og:image:type\" content=\"image\/jpeg\" \/>\n<meta name=\"author\" content=\"Micha\u0142 Szewczyk\" \/>\n<meta name=\"twitter:card\" content=\"summary_large_image\" \/>\n<meta name=\"twitter:creator\" content=\"@24gliwice\" \/>\n<meta name=\"twitter:site\" content=\"@24gliwice\" \/>\n<meta name=\"twitter:label1\" content=\"Napisane przez\" \/>\n\t<meta name=\"twitter:data1\" content=\"Micha\u0142 Szewczyk\" \/>\n\t<meta name=\"twitter:label2\" content=\"Szacowany czas czytania\" \/>\n\t<meta name=\"twitter:data2\" content=\"1 minuta\" \/>\n<script type=\"application\/ld+json\" class=\"yoast-schema-graph\">{\"@context\":\"https:\\\/\\\/schema.org\",\"@graph\":[{\"@type\":\"Article\",\"@id\":\"https:\\\/\\\/www.24gliwice.pl\\\/wiadomosci\\\/znamy-nowego-dzierzawce-boiska-przy-ul-parkowej-wkrotce-uroczyste-otwarcie\\\/#article\",\"isPartOf\":{\"@id\":\"https:\\\/\\\/www.24gliwice.pl\\\/wiadomosci\\\/znamy-nowego-dzierzawce-boiska-przy-ul-parkowej-wkrotce-uroczyste-otwarcie\\\/\"},\"author\":{\"name\":\"Micha\u0142 Szewczyk\",\"@id\":\"https:\\\/\\\/www.24gliwice.pl\\\/wiadomosci\\\/#\\\/schema\\\/person\\\/940e8f8a097e322de4f463f061ef8d45\"},\"headline\":\"Znamy nowego dzier\u017cawc\u0119 boiska przy ul. Parkowej. Wkr\u00f3tce uroczyste otwarcie\",\"datePublished\":\"2019-09-03T21:03:10+00:00\",\"dateModified\":\"2019-09-03T21:05:24+00:00\",\"mainEntityOfPage\":{\"@id\":\"https:\\\/\\\/www.24gliwice.pl\\\/wiadomosci\\\/znamy-nowego-dzierzawce-boiska-przy-ul-parkowej-wkrotce-uroczyste-otwarcie\\\/\"},\"wordCount\":293,\"commentCount\":0,\"publisher\":{\"@id\":\"https:\\\/\\\/www.24gliwice.pl\\\/wiadomosci\\\/#organization\"},\"image\":{\"@id\":\"https:\\\/\\\/www.24gliwice.pl\\\/wiadomosci\\\/znamy-nowego-dzierzawce-boiska-przy-ul-parkowej-wkrotce-uroczyste-otwarcie\\\/#primaryimage\"},\"thumbnailUrl\":\"https:\\\/\\\/www.24gliwice.pl\\\/wiadomosci\\\/wp-content\\\/uploads\\\/2019\\\/09\\\/bojk\u00f3w-2.jpg\",\"articleSection\":[\"Gliwice\",\"Najnowsze wiadomo\u015bci\"],\"inLanguage\":\"pl-PL\",\"potentialAction\":[{\"@type\":\"CommentAction\",\"name\":\"Comment\",\"target\":[\"https:\\\/\\\/www.24gliwice.pl\\\/wiadomosci\\\/znamy-nowego-dzierzawce-boiska-przy-ul-parkowej-wkrotce-uroczyste-otwarcie\\\/#respond\"]}]},{\"@type\":\"WebPage\",\"@id\":\"https:\\\/\\\/www.24gliwice.pl\\\/wiadomosci\\\/znamy-nowego-dzierzawce-boiska-przy-ul-parkowej-wkrotce-uroczyste-otwarcie\\\/\",\"url\":\"https:\\\/\\\/www.24gliwice.pl\\\/wiadomosci\\\/znamy-nowego-dzierzawce-boiska-przy-ul-parkowej-wkrotce-uroczyste-otwarcie\\\/\",\"name\":\"Znamy nowego dzier\u017cawc\u0119 boiska przy ul. Parkowej. Wkr\u00f3tce uroczyste otwarcie - 24GLIWICE - Portal Gliwice | codziennie nowe informacje\",\"isPartOf\":{\"@id\":\"https:\\\/\\\/www.24gliwice.pl\\\/wiadomosci\\\/#website\"},\"primaryImageOfPage\":{\"@id\":\"https:\\\/\\\/www.24gliwice.pl\\\/wiadomosci\\\/znamy-nowego-dzierzawce-boiska-przy-ul-parkowej-wkrotce-uroczyste-otwarcie\\\/#primaryimage\"},\"image\":{\"@id\":\"https:\\\/\\\/www.24gliwice.pl\\\/wiadomosci\\\/znamy-nowego-dzierzawce-boiska-przy-ul-parkowej-wkrotce-uroczyste-otwarcie\\\/#primaryimage\"},\"thumbnailUrl\":\"https:\\\/\\\/www.24gliwice.pl\\\/wiadomosci\\\/wp-content\\\/uploads\\\/2019\\\/09\\\/bojk\u00f3w-2.jpg\",\"datePublished\":\"2019-09-03T21:03:10+00:00\",\"dateModified\":\"2019-09-03T21:05:24+00:00\",\"breadcrumb\":{\"@id\":\"https:\\\/\\\/www.24gliwice.pl\\\/wiadomosci\\\/znamy-nowego-dzierzawce-boiska-przy-ul-parkowej-wkrotce-uroczyste-otwarcie\\\/#breadcrumb\"},\"inLanguage\":\"pl-PL\",\"potentialAction\":[{\"@type\":\"ReadAction\",\"target\":[\"https:\\\/\\\/www.24gliwice.pl\\\/wiadomosci\\\/znamy-nowego-dzierzawce-boiska-przy-ul-parkowej-wkrotce-uroczyste-otwarcie\\\/\"]}]},{\"@type\":\"ImageObject\",\"inLanguage\":\"pl-PL\",\"@id\":\"https:\\\/\\\/www.24gliwice.pl\\\/wiadomosci\\\/znamy-nowego-dzierzawce-boiska-przy-ul-parkowej-wkrotce-uroczyste-otwarcie\\\/#primaryimage\",\"url\":\"https:\\\/\\\/www.24gliwice.pl\\\/wiadomosci\\\/wp-content\\\/uploads\\\/2019\\\/09\\\/bojk\u00f3w-2.jpg\",\"contentUrl\":\"https:\\\/\\\/www.24gliwice.pl\\\/wiadomosci\\\/wp-content\\\/uploads\\\/2019\\\/09\\\/bojk\u00f3w-2.jpg\",\"width\":1200,\"height\":676,\"caption\":\"bojk\u00f3w boisko\"},{\"@type\":\"BreadcrumbList\",\"@id\":\"https:\\\/\\\/www.24gliwice.pl\\\/wiadomosci\\\/znamy-nowego-dzierzawce-boiska-przy-ul-parkowej-wkrotce-uroczyste-otwarcie\\\/#breadcrumb\",\"itemListElement\":[{\"@type\":\"ListItem\",\"position\":1,\"name\":\"Strona g\u0142\u00f3wna\",\"item\":\"https:\\\/\\\/www.24gliwice.pl\\\/wiadomosci\\\/\"},{\"@type\":\"ListItem\",\"position\":2,\"name\":\"Znamy nowego dzier\u017cawc\u0119 boiska przy ul. Parkowej. Wkr\u00f3tce uroczyste otwarcie\"}]},{\"@type\":\"WebSite\",\"@id\":\"https:\\\/\\\/www.24gliwice.pl\\\/wiadomosci\\\/#website\",\"url\":\"https:\\\/\\\/www.24gliwice.pl\\\/wiadomosci\\\/\",\"name\":\"24GLIWICE - Portal Gliwice | codziennie nowe wiadomo\u015bci\",\"description\":\"Portal Miejski Gliwice\",\"publisher\":{\"@id\":\"https:\\\/\\\/www.24gliwice.pl\\\/wiadomosci\\\/#organization\"},\"potentialAction\":[{\"@type\":\"SearchAction\",\"target\":{\"@type\":\"EntryPoint\",\"urlTemplate\":\"https:\\\/\\\/www.24gliwice.pl\\\/wiadomosci\\\/?s={search_term_string}\"},\"query-input\":{\"@type\":\"PropertyValueSpecification\",\"valueRequired\":true,\"valueName\":\"search_term_string\"}}],\"inLanguage\":\"pl-PL\"},{\"@type\":\"Organization\",\"@id\":\"https:\\\/\\\/www.24gliwice.pl\\\/wiadomosci\\\/#organization\",\"name\":\"24gliwice\",\"url\":\"https:\\\/\\\/www.24gliwice.pl\\\/wiadomosci\\\/\",\"logo\":{\"@type\":\"ImageObject\",\"inLanguage\":\"pl-PL\",\"@id\":\"https:\\\/\\\/www.24gliwice.pl\\\/wiadomosci\\\/#\\\/schema\\\/logo\\\/image\\\/\",\"url\":\"https:\\\/\\\/www.24gliwice.pl\\\/wiadomosci\\\/wp-content\\\/uploads\\\/2024\\\/10\\\/24gliwice-logo-696.jpg\",\"contentUrl\":\"https:\\\/\\\/www.24gliwice.pl\\\/wiadomosci\\\/wp-content\\\/uploads\\\/2024\\\/10\\\/24gliwice-logo-696.jpg\",\"width\":696,\"height\":696,\"caption\":\"24gliwice\"},\"image\":{\"@id\":\"https:\\\/\\\/www.24gliwice.pl\\\/wiadomosci\\\/#\\\/schema\\\/logo\\\/image\\\/\"},\"sameAs\":[\"https:\\\/\\\/www.facebook.com\\\/24gliwice\",\"https:\\\/\\\/x.com\\\/24gliwice\",\"https:\\\/\\\/www.youtube.com\\\/@24gliwice\"]},{\"@type\":\"Person\",\"@id\":\"https:\\\/\\\/www.24gliwice.pl\\\/wiadomosci\\\/#\\\/schema\\\/person\\\/940e8f8a097e322de4f463f061ef8d45\",\"name\":\"Micha\u0142 Szewczyk\",\"image\":{\"@type\":\"ImageObject\",\"inLanguage\":\"pl-PL\",\"@id\":\"https:\\\/\\\/secure.gravatar.com\\\/avatar\\\/771b8b6c74cd8d255e46392d605e01a86133900ef09b6ef3c8d451c9d92288cf?s=96&d=mm&r=g\",\"url\":\"https:\\\/\\\/secure.gravatar.com\\\/avatar\\\/771b8b6c74cd8d255e46392d605e01a86133900ef09b6ef3c8d451c9d92288cf?s=96&d=mm&r=g\",\"contentUrl\":\"https:\\\/\\\/secure.gravatar.com\\\/avatar\\\/771b8b6c74cd8d255e46392d605e01a86133900ef09b6ef3c8d451c9d92288cf?s=96&d=mm&r=g\",\"caption\":\"Micha\u0142 Szewczyk\"},\"sameAs\":[\"http:\\\/\\\/www.gazeta-miejska.pl\"],\"url\":\"https:\\\/\\\/www.24gliwice.pl\\\/wiadomosci\\\/author\\\/michal-szewczyk\\\/\"}]}<\/script>\n<!-- \/ Yoast SEO plugin. -->","yoast_head_json":{"title":"Znamy nowego dzier\u017cawc\u0119 boiska przy ul. Parkowej. Wkr\u00f3tce uroczyste otwarcie - 24GLIWICE - Portal Gliwice | codziennie nowe informacje","robots":{"index":"index","follow":"follow","max-snippet":"max-snippet:-1","max-image-preview":"max-image-preview:large","max-video-preview":"max-video-preview:-1"},"canonical":"https:\/\/www.24gliwice.pl\/wiadomosci\/znamy-nowego-dzierzawce-boiska-przy-ul-parkowej-wkrotce-uroczyste-otwarcie\/","og_locale":"pl_PL","og_type":"article","og_title":"Znamy nowego dzier\u017cawc\u0119 boiska przy ul. Parkowej. Wkr\u00f3tce uroczyste otwarcie - 24GLIWICE - Portal Gliwice | codziennie nowe informacje","og_description":"Boisko sportowe przy ul. Parkowej w gliwickim Bojkowie ma nowego dzier\u017cawc\u0119. To nowa szansa dla obiektu, kt\u00f3rego stan od miesi\u0119cy pozostawia\u0142 wiele do \u017cyczenia. Obiekt w Bojkowie stanie si\u0119 jedynym w Gliwicach, kt\u00f3ry trafi w zarz\u0105d jednostki niezwi\u0105zanej bezpo\u015brednio z miastem. Boisko b\u0119dzie jednak przeznaczone przede wszystkim do szkolenia najm\u0142odszych. &#8220;Na Parkow\u0105&#8221; wybiegn\u0105 bowiem dzieci [&hellip;]","og_url":"https:\/\/www.24gliwice.pl\/wiadomosci\/znamy-nowego-dzierzawce-boiska-przy-ul-parkowej-wkrotce-uroczyste-otwarcie\/","og_site_name":"24GLIWICE - Portal Gliwice | codziennie nowe informacje","article_publisher":"https:\/\/www.facebook.com\/24gliwice","article_published_time":"2019-09-03T21:03:10+00:00","article_modified_time":"2019-09-03T21:05:24+00:00","og_image":[{"width":1200,"height":676,"url":"https:\/\/www.24gliwice.pl\/wiadomosci\/wp-content\/uploads\/2019\/09\/bojk\u00f3w-2.jpg","type":"image\/jpeg"}],"author":"Micha\u0142 Szewczyk","twitter_card":"summary_large_image","twitter_creator":"@24gliwice","twitter_site":"@24gliwice","twitter_misc":{"Napisane przez":"Micha\u0142 Szewczyk","Szacowany czas czytania":"1 minuta"},"schema":{"@context":"https:\/\/schema.org","@graph":[{"@type":"Article","@id":"https:\/\/www.24gliwice.pl\/wiadomosci\/znamy-nowego-dzierzawce-boiska-przy-ul-parkowej-wkrotce-uroczyste-otwarcie\/#article","isPartOf":{"@id":"https:\/\/www.24gliwice.pl\/wiadomosci\/znamy-nowego-dzierzawce-boiska-przy-ul-parkowej-wkrotce-uroczyste-otwarcie\/"},"author":{"name":"Micha\u0142 Szewczyk","@id":"https:\/\/www.24gliwice.pl\/wiadomosci\/#\/schema\/person\/940e8f8a097e322de4f463f061ef8d45"},"headline":"Znamy nowego dzier\u017cawc\u0119 boiska przy ul. Parkowej. Wkr\u00f3tce uroczyste otwarcie","datePublished":"2019-09-03T21:03:10+00:00","dateModified":"2019-09-03T21:05:24+00:00","mainEntityOfPage":{"@id":"https:\/\/www.24gliwice.pl\/wiadomosci\/znamy-nowego-dzierzawce-boiska-przy-ul-parkowej-wkrotce-uroczyste-otwarcie\/"},"wordCount":293,"commentCount":0,"publisher":{"@id":"https:\/\/www.24gliwice.pl\/wiadomosci\/#organization"},"image":{"@id":"https:\/\/www.24gliwice.pl\/wiadomosci\/znamy-nowego-dzierzawce-boiska-przy-ul-parkowej-wkrotce-uroczyste-otwarcie\/#primaryimage"},"thumbnailUrl":"https:\/\/www.24gliwice.pl\/wiadomosci\/wp-content\/uploads\/2019\/09\/bojk\u00f3w-2.jpg","articleSection":["Gliwice","Najnowsze wiadomo\u015bci"],"inLanguage":"pl-PL","potentialAction":[{"@type":"CommentAction","name":"Comment","target":["https:\/\/www.24gliwice.pl\/wiadomosci\/znamy-nowego-dzierzawce-boiska-przy-ul-parkowej-wkrotce-uroczyste-otwarcie\/#respond"]}]},{"@type":"WebPage","@id":"https:\/\/www.24gliwice.pl\/wiadomosci\/znamy-nowego-dzierzawce-boiska-przy-ul-parkowej-wkrotce-uroczyste-otwarcie\/","url":"https:\/\/www.24gliwice.pl\/wiadomosci\/znamy-nowego-dzierzawce-boiska-przy-ul-parkowej-wkrotce-uroczyste-otwarcie\/","name":"Znamy nowego dzier\u017cawc\u0119 boiska przy ul. Parkowej. Wkr\u00f3tce uroczyste otwarcie - 24GLIWICE - Portal Gliwice | codziennie nowe informacje","isPartOf":{"@id":"https:\/\/www.24gliwice.pl\/wiadomosci\/#website"},"primaryImageOfPage":{"@id":"https:\/\/www.24gliwice.pl\/wiadomosci\/znamy-nowego-dzierzawce-boiska-przy-ul-parkowej-wkrotce-uroczyste-otwarcie\/#primaryimage"},"image":{"@id":"https:\/\/www.24gliwice.pl\/wiadomosci\/znamy-nowego-dzierzawce-boiska-przy-ul-parkowej-wkrotce-uroczyste-otwarcie\/#primaryimage"},"thumbnailUrl":"https:\/\/www.24gliwice.pl\/wiadomosci\/wp-content\/uploads\/2019\/09\/bojk\u00f3w-2.jpg","datePublished":"2019-09-03T21:03:10+00:00","dateModified":"2019-09-03T21:05:24+00:00","breadcrumb":{"@id":"https:\/\/www.24gliwice.pl\/wiadomosci\/znamy-nowego-dzierzawce-boiska-przy-ul-parkowej-wkrotce-uroczyste-otwarcie\/#breadcrumb"},"inLanguage":"pl-PL","potentialAction":[{"@type":"ReadAction","target":["https:\/\/www.24gliwice.pl\/wiadomosci\/znamy-nowego-dzierzawce-boiska-przy-ul-parkowej-wkrotce-uroczyste-otwarcie\/"]}]},{"@type":"ImageObject","inLanguage":"pl-PL","@id":"https:\/\/www.24gliwice.pl\/wiadomosci\/znamy-nowego-dzierzawce-boiska-przy-ul-parkowej-wkrotce-uroczyste-otwarcie\/#primaryimage","url":"https:\/\/www.24gliwice.pl\/wiadomosci\/wp-content\/uploads\/2019\/09\/bojk\u00f3w-2.jpg","contentUrl":"https:\/\/www.24gliwice.pl\/wiadomosci\/wp-content\/uploads\/2019\/09\/bojk\u00f3w-2.jpg","width":1200,"height":676,"caption":"bojk\u00f3w boisko"},{"@type":"BreadcrumbList","@id":"https:\/\/www.24gliwice.pl\/wiadomosci\/znamy-nowego-dzierzawce-boiska-przy-ul-parkowej-wkrotce-uroczyste-otwarcie\/#breadcrumb","itemListElement":[{"@type":"ListItem","position":1,"name":"Strona g\u0142\u00f3wna","item":"https:\/\/www.24gliwice.pl\/wiadomosci\/"},{"@type":"ListItem","position":2,"name":"Znamy nowego dzier\u017cawc\u0119 boiska przy ul. Parkowej. Wkr\u00f3tce uroczyste otwarcie"}]},{"@type":"WebSite","@id":"https:\/\/www.24gliwice.pl\/wiadomosci\/#website","url":"https:\/\/www.24gliwice.pl\/wiadomosci\/","name":"24GLIWICE - Portal Gliwice | codziennie nowe wiadomo\u015bci","description":"Portal Miejski Gliwice","publisher":{"@id":"https:\/\/www.24gliwice.pl\/wiadomosci\/#organization"},"potentialAction":[{"@type":"SearchAction","target":{"@type":"EntryPoint","urlTemplate":"https:\/\/www.24gliwice.pl\/wiadomosci\/?s={search_term_string}"},"query-input":{"@type":"PropertyValueSpecification","valueRequired":true,"valueName":"search_term_string"}}],"inLanguage":"pl-PL"},{"@type":"Organization","@id":"https:\/\/www.24gliwice.pl\/wiadomosci\/#organization","name":"24gliwice","url":"https:\/\/www.24gliwice.pl\/wiadomosci\/","logo":{"@type":"ImageObject","inLanguage":"pl-PL","@id":"https:\/\/www.24gliwice.pl\/wiadomosci\/#\/schema\/logo\/image\/","url":"https:\/\/www.24gliwice.pl\/wiadomosci\/wp-content\/uploads\/2024\/10\/24gliwice-logo-696.jpg","contentUrl":"https:\/\/www.24gliwice.pl\/wiadomosci\/wp-content\/uploads\/2024\/10\/24gliwice-logo-696.jpg","width":696,"height":696,"caption":"24gliwice"},"image":{"@id":"https:\/\/www.24gliwice.pl\/wiadomosci\/#\/schema\/logo\/image\/"},"sameAs":["https:\/\/www.facebook.com\/24gliwice","https:\/\/x.com\/24gliwice","https:\/\/www.youtube.com\/@24gliwice"]},{"@type":"Person","@id":"https:\/\/www.24gliwice.pl\/wiadomosci\/#\/schema\/person\/940e8f8a097e322de4f463f061ef8d45","name":"Micha\u0142 Szewczyk","image":{"@type":"ImageObject","inLanguage":"pl-PL","@id":"https:\/\/secure.gravatar.com\/avatar\/771b8b6c74cd8d255e46392d605e01a86133900ef09b6ef3c8d451c9d92288cf?s=96&d=mm&r=g","url":"https:\/\/secure.gravatar.com\/avatar\/771b8b6c74cd8d255e46392d605e01a86133900ef09b6ef3c8d451c9d92288cf?s=96&d=mm&r=g","contentUrl":"https:\/\/secure.gravatar.com\/avatar\/771b8b6c74cd8d255e46392d605e01a86133900ef09b6ef3c8d451c9d92288cf?s=96&d=mm&r=g","caption":"Micha\u0142 Szewczyk"},"sameAs":["http:\/\/www.gazeta-miejska.pl"],"url":"https:\/\/www.24gliwice.pl\/wiadomosci\/author\/michal-szewczyk\/"}]}},"_links":{"self":[{"href":"https:\/\/www.24gliwice.pl\/wiadomosci\/wp-json\/wp\/v2\/posts\/139222","targetHints":{"allow":["GET"]}}],"collection":[{"href":"https:\/\/www.24gliwice.pl\/wiadomosci\/wp-json\/wp\/v2\/posts"}],"about":[{"href":"https:\/\/www.24gliwice.pl\/wiadomosci\/wp-json\/wp\/v2\/types\/post"}],"author":[{"embeddable":true,"href":"https:\/\/www.24gliwice.pl\/wiadomosci\/wp-json\/wp\/v2\/users\/12"}],"replies":[{"embeddable":true,"href":"https:\/\/www.24gliwice.pl\/wiadomosci\/wp-json\/wp\/v2\/comments?post=139222"}],"version-history":[{"count":0,"href":"https:\/\/www.24gliwice.pl\/wiadomosci\/wp-json\/wp\/v2\/posts\/139222\/revisions"}],"wp:featuredmedia":[{"embeddable":true,"href":"https:\/\/www.24gliwice.pl\/wiadomosci\/wp-json\/wp\/v2\/media\/140058"}],"wp:attachment":[{"href":"https:\/\/www.24gliwice.pl\/wiadomosci\/wp-json\/wp\/v2\/media?parent=139222"}],"wp:term":[{"taxonomy":"category","embeddable":true,"href":"https:\/\/www.24gliwice.pl\/wiadomosci\/wp-json\/wp\/v2\/categories?post=139222"},{"taxonomy":"post_tag","embeddable":true,"href":"https:\/\/www.24gliwice.pl\/wiadomosci\/wp-json\/wp\/v2\/tags?post=139222"}],"curies":[{"name":"wp","href":"https:\/\/api.w.org\/{rel}","templated":true}]}}