{"id":140000,"date":"2019-09-04T22:15:20","date_gmt":"2019-09-04T20:15:20","guid":{"rendered":"https:\/\/www.24gliwice.pl\/wiadomosci\/?p=140000"},"modified":"2019-09-04T22:15:20","modified_gmt":"2019-09-04T20:15:20","slug":"teatr-rozrywki-ponownie-w-forum-w-czwartek-piatek-i-sobote-wstep-wolny","status":"publish","type":"post","link":"https:\/\/www.24gliwice.pl\/wiadomosci\/teatr-rozrywki-ponownie-w-forum-w-czwartek-piatek-i-sobote-wstep-wolny\/","title":{"rendered":"Teatr Rozrywki ponownie w Forum. W czwartek, pi\u0105tek i sobot\u0119. Wst\u0119p wolny"},"content":{"rendered":"<div class=\"gliwi-a6-nad-leadem-artykulow gliwi-entity-placement\" id=\"gliwi-1775179328\"><div class=\"gliwi-adlabel\"><span style=\"font-size: 9px\">REKLAMA<\/span><\/div><div id=\"gliwi-85618665\" style=\"margin-bottom: 25px;margin-left: auto;margin-right: auto;text-align: center;\"><a data-no-instant=\"1\" href=\"https:\/\/dom100.eu\/\" rel=\"noopener\" class=\"a2t-link\" target=\"_blank\" aria-label=\"20260415 DOM100 D\"><img loading=\"lazy\" decoding=\"async\" src=\"https:\/\/www.24gliwice.pl\/wiadomosci\/wp-content\/uploads\/2026\/04\/20260415-DOM100-D.jpg\" alt=\"\"  srcset=\"https:\/\/www.24gliwice.pl\/wiadomosci\/wp-content\/uploads\/2026\/04\/20260415-DOM100-D.jpg 750w, https:\/\/www.24gliwice.pl\/wiadomosci\/wp-content\/uploads\/2026\/04\/20260415-DOM100-D-410x109.jpg 410w\" sizes=\"(max-width: 750px) 100vw, 750px\" class=\"no-lazyload\" width=\"750\" height=\"200\"  style=\"display: inline-block; max-width: 100%; height: auto;\" \/><\/a><\/div><\/div><h3>Recital Marty Tadli, Szko\u0142a bluesa oraz Bajka o ma\u0142ym z\u0142omiarzu: w tym tygodniu Teatr Rozrywki ponownie go\u015bci w CH Forum. Na spektakle z udzia\u0142em aktor\u00f3w jednej z czo\u0142owych \u015bl\u0105skich scen mo\u017cna przychodzi\u0107 od czwartku.<\/h3>\n<p>Tego dnia (5 wrze\u015bnia) o godzinie 18:00 zaplanowano recital <strong>Marty Tadli<\/strong> \u201eTakiej mi\u0142o\u015bci Wam \u017cycz\u0119\u201d. Sk\u0142adaj\u0105 si\u0119 na niego znakomite piosenki autorstwa m. in. <strong>Jonasza Kofty, Agnieszki Osieckiej<\/strong> czy <strong>Marka Grechuty<\/strong>. <\/p>\n<p>Zauroczona ich wyj\u0105tkowo\u015bci\u0105 Marta Tadla postanowi\u0142a za\u015bpiewa\u0107 je jeszcze raz, we w\u0142asnej interpretacji.<\/p><div class=\"gliwi-a3-w-tresci-artykulow gliwi-entity-placement\" id=\"gliwi-3533046580\"><div class=\"gliwi-adlabel\"><span style=\"font-size: 9px\">REKLAMA<\/span><\/div><div id=\"gliwi-1571447981\" style=\"margin-bottom: 30px;margin-left: auto;margin-right: auto;text-align: center;\"><a data-no-instant=\"1\" href=\"https:\/\/ogrodyandersa.pl\/\" rel=\"noopener\" class=\"a2t-link\" target=\"_blank\" aria-label=\"20260415 Ogrody Andersa KUP TERAZ D\"><img loading=\"lazy\" decoding=\"async\" src=\"https:\/\/www.24gliwice.pl\/wiadomosci\/wp-content\/uploads\/2026\/04\/20260415-Ogrody-Andersa-KUP-TERAZ-D.jpg\" alt=\"\"  srcset=\"https:\/\/www.24gliwice.pl\/wiadomosci\/wp-content\/uploads\/2026\/04\/20260415-Ogrody-Andersa-KUP-TERAZ-D.jpg 750w, https:\/\/www.24gliwice.pl\/wiadomosci\/wp-content\/uploads\/2026\/04\/20260415-Ogrody-Andersa-KUP-TERAZ-D-410x109.jpg 410w\" sizes=\"(max-width: 750px) 100vw, 750px\" class=\"no-lazyload\" width=\"750\" height=\"200\"  style=\"display: inline-block; max-width: 100%; height: auto;\" \/><\/a><\/div><\/div>\n<p><iframe loading=\"lazy\" width=\"810\" height=\"455\" src=\"https:\/\/www.youtube.com\/embed\/jNB8uPvBQUI\" frameborder=\"0\" allow=\"accelerometer; autoplay; encrypted-media; gyroscope; picture-in-picture\" allowfullscreen><\/iframe><\/p>\n<p>W pi\u0105tek (6 wrze\u015bnia, godzina 18:00) na scenie \u201eSzko\u0142a bluesa\u201d &#8211; spektakl zrealizowany w ramach Sceny Inicjatyw Artystycznych \u201ePo godzinach\u201d. Szko\u0142a bluesa to muzyczny mira\u017c spektaklu z histori\u0105 polskiego bluesa w tle. <\/p>\n<h3>Przepe\u0142niony bluesowym feelingiem, po\u0142\u0105czonym ze \u015bl\u0105skim duchem. W programie du\u017co dobrej muzyki i opowie\u015bci o najwi\u0119kszych polskich, a zw\u0142aszcza \u015bl\u0105skich asach bluesa.<\/h3>\n<p>Teatralny cykl w Forum w sobot\u0119 (7 wrze\u015bnia, godzina 18:00) zako\u0144czy \u201eBajka o ma\u0142ym z\u0142omiarzu\u201d. Jest ona przeznaczona dla dzieci w wieku 5+. Spektakl porusza tematyk\u0119 warto\u015bci, takich jak przyja\u017a\u0144, m\u00f3wienie prawdy, niepoddawanie si\u0119 w postawionych sobie celach, no i co najwa\u017cniejsze &#8211; mi\u0142o\u015b\u0107.<\/p>\n<p>Wst\u0119p na wszystkie spektakle jest wolny. Ich miejscem b\u0119dzie lokal Forum Inspiruj\u0105cych Spotka\u0144 na parterze (d. salon CCC, CH Forum, ul. Lipowa 1).<\/p>\n<p><img loading=\"lazy\" decoding=\"async\" src=\"https:\/\/www.24gliwice.pl\/wiadomosci\/wp-content\/uploads\/2019\/09\/Tadla-Recital.jpg\" alt=\"\" width=\"900\" height=\"900\" class=\"alignnone size-full wp-image-140010\" srcset=\"https:\/\/www.24gliwice.pl\/wiadomosci\/wp-content\/uploads\/2019\/09\/Tadla-Recital.jpg 900w, https:\/\/www.24gliwice.pl\/wiadomosci\/wp-content\/uploads\/2019\/09\/Tadla-Recital-90x90.jpg 90w, https:\/\/www.24gliwice.pl\/wiadomosci\/wp-content\/uploads\/2019\/09\/Tadla-Recital-232x232.jpg 232w, https:\/\/www.24gliwice.pl\/wiadomosci\/wp-content\/uploads\/2019\/09\/Tadla-Recital-768x768.jpg 768w, https:\/\/www.24gliwice.pl\/wiadomosci\/wp-content\/uploads\/2019\/09\/Tadla-Recital-455x455.jpg 455w, https:\/\/www.24gliwice.pl\/wiadomosci\/wp-content\/uploads\/2019\/09\/Tadla-Recital-810x810.jpg 810w\" sizes=\"auto, (max-width: 900px) 100vw, 900px\" \/><\/p>\n<p><img loading=\"lazy\" decoding=\"async\" src=\"https:\/\/www.24gliwice.pl\/wiadomosci\/wp-content\/uploads\/2019\/09\/Szkola-Bluesa.jpg\" alt=\"\" width=\"900\" height=\"900\" class=\"alignnone size-full wp-image-140009\" srcset=\"https:\/\/www.24gliwice.pl\/wiadomosci\/wp-content\/uploads\/2019\/09\/Szkola-Bluesa.jpg 900w, https:\/\/www.24gliwice.pl\/wiadomosci\/wp-content\/uploads\/2019\/09\/Szkola-Bluesa-90x90.jpg 90w, https:\/\/www.24gliwice.pl\/wiadomosci\/wp-content\/uploads\/2019\/09\/Szkola-Bluesa-232x232.jpg 232w, https:\/\/www.24gliwice.pl\/wiadomosci\/wp-content\/uploads\/2019\/09\/Szkola-Bluesa-768x768.jpg 768w, https:\/\/www.24gliwice.pl\/wiadomosci\/wp-content\/uploads\/2019\/09\/Szkola-Bluesa-455x455.jpg 455w, https:\/\/www.24gliwice.pl\/wiadomosci\/wp-content\/uploads\/2019\/09\/Szkola-Bluesa-810x810.jpg 810w\" sizes=\"auto, (max-width: 900px) 100vw, 900px\" \/><\/p>\n<div class=\"gliwi-a5-na-koncu-artykulow gliwi-entity-placement\" id=\"gliwi-1970220999\"><div class=\"gliwi-adlabel\"><span style=\"font-size: 9px\">REKLAMA<\/span><\/div><div id=\"gliwi-3189864802\" style=\"margin-left: auto;margin-right: auto;text-align: center;\"><a data-no-instant=\"1\" href=\"https:\/\/www.jasek.pl\/\" rel=\"noopener\" class=\"a2t-link\" target=\"_blank\" aria-label=\"20200401-jasek 600\"><img loading=\"lazy\" decoding=\"async\" src=\"https:\/\/www.24gliwice.pl\/wiadomosci\/wp-content\/uploads\/2020\/04\/20200401-jasek-600.jpg\" alt=\"\"  srcset=\"https:\/\/www.24gliwice.pl\/wiadomosci\/wp-content\/uploads\/2020\/04\/20200401-jasek-600.jpg 600w, https:\/\/www.24gliwice.pl\/wiadomosci\/wp-content\/uploads\/2020\/04\/20200401-jasek-600-410x109.jpg 410w\" sizes=\"(max-width: 600px) 100vw, 600px\" class=\"no-lazyload\" width=\"600\" height=\"160\"  style=\"display: inline-block; max-width: 100%; height: auto;\" \/><\/a><\/div><\/div>","protected":false},"excerpt":{"rendered":"<p>Recital Marty Tadli, Szko\u0142a bluesa oraz Bajka o ma\u0142ym z\u0142omiarzu: w tym tygodniu Teatr Rozrywki ponownie go\u015bci w CH Forum. Na spektakle z udzia\u0142em aktor\u00f3w jednej z czo\u0142owych \u015bl\u0105skich scen mo\u017cna przychodzi\u0107 od czwartku. Tego dnia (5 wrze\u015bnia) o godzinie 18:00 zaplanowano recital Marty Tadli \u201eTakiej mi\u0142o\u015bci Wam \u017cycz\u0119\u201d. Sk\u0142adaj\u0105 si\u0119 na niego znakomite piosenki [&hellip;]<\/p>\n","protected":false},"author":15,"featured_media":140111,"comment_status":"open","ping_status":"closed","sticky":false,"template":"","format":"standard","meta":{"_monsterinsights_skip_tracking":false,"_monsterinsights_sitenote_active":false,"_monsterinsights_sitenote_note":"","_monsterinsights_sitenote_category":0,"footnotes":"","_links_to":"","_links_to_target":""},"categories":[3,6,1],"tags":[3885,2198,15856,5331,16318],"class_list":["post-140000","post","type-post","status-publish","format-standard","has-post-thumbnail","hentry","category-gliwice","category-kultura","category-wszystko","tag-ch-forum","tag-forum","tag-lipowa-1","tag-przedstawienie","tag-teatr-rozrywki"],"yoast_head":"<!-- This site is optimized with the Yoast SEO plugin v27.5 - https:\/\/yoast.com\/product\/yoast-seo-wordpress\/ -->\n<title>Teatr Rozrywki ponownie w Forum. W czwartek, pi\u0105tek i sobot\u0119. Wst\u0119p wolny - 24GLIWICE - Portal Gliwice | codziennie nowe informacje<\/title>\n<meta name=\"robots\" content=\"index, follow, max-snippet:-1, max-image-preview:large, max-video-preview:-1\" \/>\n<link rel=\"canonical\" href=\"https:\/\/www.24gliwice.pl\/wiadomosci\/teatr-rozrywki-ponownie-w-forum-w-czwartek-piatek-i-sobote-wstep-wolny\/\" \/>\n<meta property=\"og:locale\" content=\"pl_PL\" \/>\n<meta property=\"og:type\" content=\"article\" \/>\n<meta property=\"og:title\" content=\"Teatr Rozrywki ponownie w Forum. W czwartek, pi\u0105tek i sobot\u0119. Wst\u0119p wolny - 24GLIWICE - Portal Gliwice | codziennie nowe informacje\" \/>\n<meta property=\"og:description\" content=\"Recital Marty Tadli, Szko\u0142a bluesa oraz Bajka o ma\u0142ym z\u0142omiarzu: w tym tygodniu Teatr Rozrywki ponownie go\u015bci w CH Forum. Na spektakle z udzia\u0142em aktor\u00f3w jednej z czo\u0142owych \u015bl\u0105skich scen mo\u017cna przychodzi\u0107 od czwartku. Tego dnia (5 wrze\u015bnia) o godzinie 18:00 zaplanowano recital Marty Tadli \u201eTakiej mi\u0142o\u015bci Wam \u017cycz\u0119\u201d. Sk\u0142adaj\u0105 si\u0119 na niego znakomite piosenki [&hellip;]\" \/>\n<meta property=\"og:url\" content=\"https:\/\/www.24gliwice.pl\/wiadomosci\/teatr-rozrywki-ponownie-w-forum-w-czwartek-piatek-i-sobote-wstep-wolny\/\" \/>\n<meta property=\"og:site_name\" content=\"24GLIWICE - Portal Gliwice | codziennie nowe informacje\" \/>\n<meta property=\"article:publisher\" content=\"https:\/\/www.facebook.com\/24gliwice\" \/>\n<meta property=\"article:published_time\" content=\"2019-09-04T20:15:20+00:00\" \/>\n<meta property=\"og:image\" content=\"https:\/\/www.24gliwice.pl\/wiadomosci\/wp-content\/uploads\/2019\/09\/1-forum-1.jpg\" \/>\n\t<meta property=\"og:image:width\" content=\"810\" \/>\n\t<meta property=\"og:image:height\" content=\"456\" \/>\n\t<meta property=\"og:image:type\" content=\"image\/jpeg\" \/>\n<meta name=\"author\" content=\"\u017baneta Mrozek-Siewierska\" \/>\n<meta name=\"twitter:card\" content=\"summary_large_image\" \/>\n<meta name=\"twitter:creator\" content=\"@24gliwice\" \/>\n<meta name=\"twitter:site\" content=\"@24gliwice\" \/>\n<meta name=\"twitter:label1\" content=\"Napisane przez\" \/>\n\t<meta name=\"twitter:data1\" content=\"\u017baneta Mrozek-Siewierska\" \/>\n\t<meta name=\"twitter:label2\" content=\"Szacowany czas czytania\" \/>\n\t<meta name=\"twitter:data2\" content=\"1 minuta\" \/>\n<script type=\"application\/ld+json\" class=\"yoast-schema-graph\">{\"@context\":\"https:\\\/\\\/schema.org\",\"@graph\":[{\"@type\":\"Article\",\"@id\":\"https:\\\/\\\/www.24gliwice.pl\\\/wiadomosci\\\/teatr-rozrywki-ponownie-w-forum-w-czwartek-piatek-i-sobote-wstep-wolny\\\/#article\",\"isPartOf\":{\"@id\":\"https:\\\/\\\/www.24gliwice.pl\\\/wiadomosci\\\/teatr-rozrywki-ponownie-w-forum-w-czwartek-piatek-i-sobote-wstep-wolny\\\/\"},\"author\":{\"name\":\"\u017baneta Mrozek-Siewierska\",\"@id\":\"https:\\\/\\\/www.24gliwice.pl\\\/wiadomosci\\\/#\\\/schema\\\/person\\\/e42c650edd7f2fa332be3811fb166b6e\"},\"headline\":\"Teatr Rozrywki ponownie w Forum. W czwartek, pi\u0105tek i sobot\u0119. Wst\u0119p wolny\",\"datePublished\":\"2019-09-04T20:15:20+00:00\",\"mainEntityOfPage\":{\"@id\":\"https:\\\/\\\/www.24gliwice.pl\\\/wiadomosci\\\/teatr-rozrywki-ponownie-w-forum-w-czwartek-piatek-i-sobote-wstep-wolny\\\/\"},\"wordCount\":246,\"commentCount\":0,\"publisher\":{\"@id\":\"https:\\\/\\\/www.24gliwice.pl\\\/wiadomosci\\\/#organization\"},\"image\":{\"@id\":\"https:\\\/\\\/www.24gliwice.pl\\\/wiadomosci\\\/teatr-rozrywki-ponownie-w-forum-w-czwartek-piatek-i-sobote-wstep-wolny\\\/#primaryimage\"},\"thumbnailUrl\":\"https:\\\/\\\/www.24gliwice.pl\\\/wiadomosci\\\/wp-content\\\/uploads\\\/2019\\\/09\\\/1-forum-1.jpg\",\"keywords\":[\"CH FORUM\",\"FORUM\",\"lipowa 1\",\"PRZEDSTAWIENIE\",\"teatr rozrywki\"],\"articleSection\":[\"Gliwice\",\"Kultura, wydarzenia, imprezy\",\"Najnowsze wiadomo\u015bci\"],\"inLanguage\":\"pl-PL\",\"potentialAction\":[{\"@type\":\"CommentAction\",\"name\":\"Comment\",\"target\":[\"https:\\\/\\\/www.24gliwice.pl\\\/wiadomosci\\\/teatr-rozrywki-ponownie-w-forum-w-czwartek-piatek-i-sobote-wstep-wolny\\\/#respond\"]}]},{\"@type\":\"WebPage\",\"@id\":\"https:\\\/\\\/www.24gliwice.pl\\\/wiadomosci\\\/teatr-rozrywki-ponownie-w-forum-w-czwartek-piatek-i-sobote-wstep-wolny\\\/\",\"url\":\"https:\\\/\\\/www.24gliwice.pl\\\/wiadomosci\\\/teatr-rozrywki-ponownie-w-forum-w-czwartek-piatek-i-sobote-wstep-wolny\\\/\",\"name\":\"Teatr Rozrywki ponownie w Forum. W czwartek, pi\u0105tek i sobot\u0119. Wst\u0119p wolny - 24GLIWICE - Portal Gliwice | codziennie nowe informacje\",\"isPartOf\":{\"@id\":\"https:\\\/\\\/www.24gliwice.pl\\\/wiadomosci\\\/#website\"},\"primaryImageOfPage\":{\"@id\":\"https:\\\/\\\/www.24gliwice.pl\\\/wiadomosci\\\/teatr-rozrywki-ponownie-w-forum-w-czwartek-piatek-i-sobote-wstep-wolny\\\/#primaryimage\"},\"image\":{\"@id\":\"https:\\\/\\\/www.24gliwice.pl\\\/wiadomosci\\\/teatr-rozrywki-ponownie-w-forum-w-czwartek-piatek-i-sobote-wstep-wolny\\\/#primaryimage\"},\"thumbnailUrl\":\"https:\\\/\\\/www.24gliwice.pl\\\/wiadomosci\\\/wp-content\\\/uploads\\\/2019\\\/09\\\/1-forum-1.jpg\",\"datePublished\":\"2019-09-04T20:15:20+00:00\",\"breadcrumb\":{\"@id\":\"https:\\\/\\\/www.24gliwice.pl\\\/wiadomosci\\\/teatr-rozrywki-ponownie-w-forum-w-czwartek-piatek-i-sobote-wstep-wolny\\\/#breadcrumb\"},\"inLanguage\":\"pl-PL\",\"potentialAction\":[{\"@type\":\"ReadAction\",\"target\":[\"https:\\\/\\\/www.24gliwice.pl\\\/wiadomosci\\\/teatr-rozrywki-ponownie-w-forum-w-czwartek-piatek-i-sobote-wstep-wolny\\\/\"]}]},{\"@type\":\"ImageObject\",\"inLanguage\":\"pl-PL\",\"@id\":\"https:\\\/\\\/www.24gliwice.pl\\\/wiadomosci\\\/teatr-rozrywki-ponownie-w-forum-w-czwartek-piatek-i-sobote-wstep-wolny\\\/#primaryimage\",\"url\":\"https:\\\/\\\/www.24gliwice.pl\\\/wiadomosci\\\/wp-content\\\/uploads\\\/2019\\\/09\\\/1-forum-1.jpg\",\"contentUrl\":\"https:\\\/\\\/www.24gliwice.pl\\\/wiadomosci\\\/wp-content\\\/uploads\\\/2019\\\/09\\\/1-forum-1.jpg\",\"width\":810,\"height\":456},{\"@type\":\"BreadcrumbList\",\"@id\":\"https:\\\/\\\/www.24gliwice.pl\\\/wiadomosci\\\/teatr-rozrywki-ponownie-w-forum-w-czwartek-piatek-i-sobote-wstep-wolny\\\/#breadcrumb\",\"itemListElement\":[{\"@type\":\"ListItem\",\"position\":1,\"name\":\"Strona g\u0142\u00f3wna\",\"item\":\"https:\\\/\\\/www.24gliwice.pl\\\/wiadomosci\\\/\"},{\"@type\":\"ListItem\",\"position\":2,\"name\":\"Teatr Rozrywki ponownie w Forum. W czwartek, pi\u0105tek i sobot\u0119. Wst\u0119p wolny\"}]},{\"@type\":\"WebSite\",\"@id\":\"https:\\\/\\\/www.24gliwice.pl\\\/wiadomosci\\\/#website\",\"url\":\"https:\\\/\\\/www.24gliwice.pl\\\/wiadomosci\\\/\",\"name\":\"24GLIWICE - Portal Gliwice | codziennie nowe wiadomo\u015bci\",\"description\":\"Portal Miejski Gliwice\",\"publisher\":{\"@id\":\"https:\\\/\\\/www.24gliwice.pl\\\/wiadomosci\\\/#organization\"},\"potentialAction\":[{\"@type\":\"SearchAction\",\"target\":{\"@type\":\"EntryPoint\",\"urlTemplate\":\"https:\\\/\\\/www.24gliwice.pl\\\/wiadomosci\\\/?s={search_term_string}\"},\"query-input\":{\"@type\":\"PropertyValueSpecification\",\"valueRequired\":true,\"valueName\":\"search_term_string\"}}],\"inLanguage\":\"pl-PL\"},{\"@type\":\"Organization\",\"@id\":\"https:\\\/\\\/www.24gliwice.pl\\\/wiadomosci\\\/#organization\",\"name\":\"24gliwice\",\"url\":\"https:\\\/\\\/www.24gliwice.pl\\\/wiadomosci\\\/\",\"logo\":{\"@type\":\"ImageObject\",\"inLanguage\":\"pl-PL\",\"@id\":\"https:\\\/\\\/www.24gliwice.pl\\\/wiadomosci\\\/#\\\/schema\\\/logo\\\/image\\\/\",\"url\":\"https:\\\/\\\/www.24gliwice.pl\\\/wiadomosci\\\/wp-content\\\/uploads\\\/2024\\\/10\\\/24gliwice-logo-696.jpg\",\"contentUrl\":\"https:\\\/\\\/www.24gliwice.pl\\\/wiadomosci\\\/wp-content\\\/uploads\\\/2024\\\/10\\\/24gliwice-logo-696.jpg\",\"width\":696,\"height\":696,\"caption\":\"24gliwice\"},\"image\":{\"@id\":\"https:\\\/\\\/www.24gliwice.pl\\\/wiadomosci\\\/#\\\/schema\\\/logo\\\/image\\\/\"},\"sameAs\":[\"https:\\\/\\\/www.facebook.com\\\/24gliwice\",\"https:\\\/\\\/x.com\\\/24gliwice\",\"https:\\\/\\\/www.youtube.com\\\/@24gliwice\"]},{\"@type\":\"Person\",\"@id\":\"https:\\\/\\\/www.24gliwice.pl\\\/wiadomosci\\\/#\\\/schema\\\/person\\\/e42c650edd7f2fa332be3811fb166b6e\",\"name\":\"\u017baneta Mrozek-Siewierska\",\"image\":{\"@type\":\"ImageObject\",\"inLanguage\":\"pl-PL\",\"@id\":\"https:\\\/\\\/secure.gravatar.com\\\/avatar\\\/1881429e9c64597c77ad7aef2d0a19be69a3253e57534d16aa15bf3a4d34a0a3?s=96&d=mm&r=g\",\"url\":\"https:\\\/\\\/secure.gravatar.com\\\/avatar\\\/1881429e9c64597c77ad7aef2d0a19be69a3253e57534d16aa15bf3a4d34a0a3?s=96&d=mm&r=g\",\"contentUrl\":\"https:\\\/\\\/secure.gravatar.com\\\/avatar\\\/1881429e9c64597c77ad7aef2d0a19be69a3253e57534d16aa15bf3a4d34a0a3?s=96&d=mm&r=g\",\"caption\":\"\u017baneta Mrozek-Siewierska\"},\"url\":\"https:\\\/\\\/www.24gliwice.pl\\\/wiadomosci\\\/author\\\/zms\\\/\"}]}<\/script>\n<!-- \/ Yoast SEO plugin. -->","yoast_head_json":{"title":"Teatr Rozrywki ponownie w Forum. W czwartek, pi\u0105tek i sobot\u0119. Wst\u0119p wolny - 24GLIWICE - Portal Gliwice | codziennie nowe informacje","robots":{"index":"index","follow":"follow","max-snippet":"max-snippet:-1","max-image-preview":"max-image-preview:large","max-video-preview":"max-video-preview:-1"},"canonical":"https:\/\/www.24gliwice.pl\/wiadomosci\/teatr-rozrywki-ponownie-w-forum-w-czwartek-piatek-i-sobote-wstep-wolny\/","og_locale":"pl_PL","og_type":"article","og_title":"Teatr Rozrywki ponownie w Forum. W czwartek, pi\u0105tek i sobot\u0119. Wst\u0119p wolny - 24GLIWICE - Portal Gliwice | codziennie nowe informacje","og_description":"Recital Marty Tadli, Szko\u0142a bluesa oraz Bajka o ma\u0142ym z\u0142omiarzu: w tym tygodniu Teatr Rozrywki ponownie go\u015bci w CH Forum. Na spektakle z udzia\u0142em aktor\u00f3w jednej z czo\u0142owych \u015bl\u0105skich scen mo\u017cna przychodzi\u0107 od czwartku. Tego dnia (5 wrze\u015bnia) o godzinie 18:00 zaplanowano recital Marty Tadli \u201eTakiej mi\u0142o\u015bci Wam \u017cycz\u0119\u201d. Sk\u0142adaj\u0105 si\u0119 na niego znakomite piosenki [&hellip;]","og_url":"https:\/\/www.24gliwice.pl\/wiadomosci\/teatr-rozrywki-ponownie-w-forum-w-czwartek-piatek-i-sobote-wstep-wolny\/","og_site_name":"24GLIWICE - Portal Gliwice | codziennie nowe informacje","article_publisher":"https:\/\/www.facebook.com\/24gliwice","article_published_time":"2019-09-04T20:15:20+00:00","og_image":[{"width":810,"height":456,"url":"https:\/\/www.24gliwice.pl\/wiadomosci\/wp-content\/uploads\/2019\/09\/1-forum-1.jpg","type":"image\/jpeg"}],"author":"\u017baneta Mrozek-Siewierska","twitter_card":"summary_large_image","twitter_creator":"@24gliwice","twitter_site":"@24gliwice","twitter_misc":{"Napisane przez":"\u017baneta Mrozek-Siewierska","Szacowany czas czytania":"1 minuta"},"schema":{"@context":"https:\/\/schema.org","@graph":[{"@type":"Article","@id":"https:\/\/www.24gliwice.pl\/wiadomosci\/teatr-rozrywki-ponownie-w-forum-w-czwartek-piatek-i-sobote-wstep-wolny\/#article","isPartOf":{"@id":"https:\/\/www.24gliwice.pl\/wiadomosci\/teatr-rozrywki-ponownie-w-forum-w-czwartek-piatek-i-sobote-wstep-wolny\/"},"author":{"name":"\u017baneta Mrozek-Siewierska","@id":"https:\/\/www.24gliwice.pl\/wiadomosci\/#\/schema\/person\/e42c650edd7f2fa332be3811fb166b6e"},"headline":"Teatr Rozrywki ponownie w Forum. W czwartek, pi\u0105tek i sobot\u0119. Wst\u0119p wolny","datePublished":"2019-09-04T20:15:20+00:00","mainEntityOfPage":{"@id":"https:\/\/www.24gliwice.pl\/wiadomosci\/teatr-rozrywki-ponownie-w-forum-w-czwartek-piatek-i-sobote-wstep-wolny\/"},"wordCount":246,"commentCount":0,"publisher":{"@id":"https:\/\/www.24gliwice.pl\/wiadomosci\/#organization"},"image":{"@id":"https:\/\/www.24gliwice.pl\/wiadomosci\/teatr-rozrywki-ponownie-w-forum-w-czwartek-piatek-i-sobote-wstep-wolny\/#primaryimage"},"thumbnailUrl":"https:\/\/www.24gliwice.pl\/wiadomosci\/wp-content\/uploads\/2019\/09\/1-forum-1.jpg","keywords":["CH FORUM","FORUM","lipowa 1","PRZEDSTAWIENIE","teatr rozrywki"],"articleSection":["Gliwice","Kultura, wydarzenia, imprezy","Najnowsze wiadomo\u015bci"],"inLanguage":"pl-PL","potentialAction":[{"@type":"CommentAction","name":"Comment","target":["https:\/\/www.24gliwice.pl\/wiadomosci\/teatr-rozrywki-ponownie-w-forum-w-czwartek-piatek-i-sobote-wstep-wolny\/#respond"]}]},{"@type":"WebPage","@id":"https:\/\/www.24gliwice.pl\/wiadomosci\/teatr-rozrywki-ponownie-w-forum-w-czwartek-piatek-i-sobote-wstep-wolny\/","url":"https:\/\/www.24gliwice.pl\/wiadomosci\/teatr-rozrywki-ponownie-w-forum-w-czwartek-piatek-i-sobote-wstep-wolny\/","name":"Teatr Rozrywki ponownie w Forum. W czwartek, pi\u0105tek i sobot\u0119. Wst\u0119p wolny - 24GLIWICE - Portal Gliwice | codziennie nowe informacje","isPartOf":{"@id":"https:\/\/www.24gliwice.pl\/wiadomosci\/#website"},"primaryImageOfPage":{"@id":"https:\/\/www.24gliwice.pl\/wiadomosci\/teatr-rozrywki-ponownie-w-forum-w-czwartek-piatek-i-sobote-wstep-wolny\/#primaryimage"},"image":{"@id":"https:\/\/www.24gliwice.pl\/wiadomosci\/teatr-rozrywki-ponownie-w-forum-w-czwartek-piatek-i-sobote-wstep-wolny\/#primaryimage"},"thumbnailUrl":"https:\/\/www.24gliwice.pl\/wiadomosci\/wp-content\/uploads\/2019\/09\/1-forum-1.jpg","datePublished":"2019-09-04T20:15:20+00:00","breadcrumb":{"@id":"https:\/\/www.24gliwice.pl\/wiadomosci\/teatr-rozrywki-ponownie-w-forum-w-czwartek-piatek-i-sobote-wstep-wolny\/#breadcrumb"},"inLanguage":"pl-PL","potentialAction":[{"@type":"ReadAction","target":["https:\/\/www.24gliwice.pl\/wiadomosci\/teatr-rozrywki-ponownie-w-forum-w-czwartek-piatek-i-sobote-wstep-wolny\/"]}]},{"@type":"ImageObject","inLanguage":"pl-PL","@id":"https:\/\/www.24gliwice.pl\/wiadomosci\/teatr-rozrywki-ponownie-w-forum-w-czwartek-piatek-i-sobote-wstep-wolny\/#primaryimage","url":"https:\/\/www.24gliwice.pl\/wiadomosci\/wp-content\/uploads\/2019\/09\/1-forum-1.jpg","contentUrl":"https:\/\/www.24gliwice.pl\/wiadomosci\/wp-content\/uploads\/2019\/09\/1-forum-1.jpg","width":810,"height":456},{"@type":"BreadcrumbList","@id":"https:\/\/www.24gliwice.pl\/wiadomosci\/teatr-rozrywki-ponownie-w-forum-w-czwartek-piatek-i-sobote-wstep-wolny\/#breadcrumb","itemListElement":[{"@type":"ListItem","position":1,"name":"Strona g\u0142\u00f3wna","item":"https:\/\/www.24gliwice.pl\/wiadomosci\/"},{"@type":"ListItem","position":2,"name":"Teatr Rozrywki ponownie w Forum. W czwartek, pi\u0105tek i sobot\u0119. Wst\u0119p wolny"}]},{"@type":"WebSite","@id":"https:\/\/www.24gliwice.pl\/wiadomosci\/#website","url":"https:\/\/www.24gliwice.pl\/wiadomosci\/","name":"24GLIWICE - Portal Gliwice | codziennie nowe wiadomo\u015bci","description":"Portal Miejski Gliwice","publisher":{"@id":"https:\/\/www.24gliwice.pl\/wiadomosci\/#organization"},"potentialAction":[{"@type":"SearchAction","target":{"@type":"EntryPoint","urlTemplate":"https:\/\/www.24gliwice.pl\/wiadomosci\/?s={search_term_string}"},"query-input":{"@type":"PropertyValueSpecification","valueRequired":true,"valueName":"search_term_string"}}],"inLanguage":"pl-PL"},{"@type":"Organization","@id":"https:\/\/www.24gliwice.pl\/wiadomosci\/#organization","name":"24gliwice","url":"https:\/\/www.24gliwice.pl\/wiadomosci\/","logo":{"@type":"ImageObject","inLanguage":"pl-PL","@id":"https:\/\/www.24gliwice.pl\/wiadomosci\/#\/schema\/logo\/image\/","url":"https:\/\/www.24gliwice.pl\/wiadomosci\/wp-content\/uploads\/2024\/10\/24gliwice-logo-696.jpg","contentUrl":"https:\/\/www.24gliwice.pl\/wiadomosci\/wp-content\/uploads\/2024\/10\/24gliwice-logo-696.jpg","width":696,"height":696,"caption":"24gliwice"},"image":{"@id":"https:\/\/www.24gliwice.pl\/wiadomosci\/#\/schema\/logo\/image\/"},"sameAs":["https:\/\/www.facebook.com\/24gliwice","https:\/\/x.com\/24gliwice","https:\/\/www.youtube.com\/@24gliwice"]},{"@type":"Person","@id":"https:\/\/www.24gliwice.pl\/wiadomosci\/#\/schema\/person\/e42c650edd7f2fa332be3811fb166b6e","name":"\u017baneta Mrozek-Siewierska","image":{"@type":"ImageObject","inLanguage":"pl-PL","@id":"https:\/\/secure.gravatar.com\/avatar\/1881429e9c64597c77ad7aef2d0a19be69a3253e57534d16aa15bf3a4d34a0a3?s=96&d=mm&r=g","url":"https:\/\/secure.gravatar.com\/avatar\/1881429e9c64597c77ad7aef2d0a19be69a3253e57534d16aa15bf3a4d34a0a3?s=96&d=mm&r=g","contentUrl":"https:\/\/secure.gravatar.com\/avatar\/1881429e9c64597c77ad7aef2d0a19be69a3253e57534d16aa15bf3a4d34a0a3?s=96&d=mm&r=g","caption":"\u017baneta Mrozek-Siewierska"},"url":"https:\/\/www.24gliwice.pl\/wiadomosci\/author\/zms\/"}]}},"_links":{"self":[{"href":"https:\/\/www.24gliwice.pl\/wiadomosci\/wp-json\/wp\/v2\/posts\/140000","targetHints":{"allow":["GET"]}}],"collection":[{"href":"https:\/\/www.24gliwice.pl\/wiadomosci\/wp-json\/wp\/v2\/posts"}],"about":[{"href":"https:\/\/www.24gliwice.pl\/wiadomosci\/wp-json\/wp\/v2\/types\/post"}],"author":[{"embeddable":true,"href":"https:\/\/www.24gliwice.pl\/wiadomosci\/wp-json\/wp\/v2\/users\/15"}],"replies":[{"embeddable":true,"href":"https:\/\/www.24gliwice.pl\/wiadomosci\/wp-json\/wp\/v2\/comments?post=140000"}],"version-history":[{"count":0,"href":"https:\/\/www.24gliwice.pl\/wiadomosci\/wp-json\/wp\/v2\/posts\/140000\/revisions"}],"wp:featuredmedia":[{"embeddable":true,"href":"https:\/\/www.24gliwice.pl\/wiadomosci\/wp-json\/wp\/v2\/media\/140111"}],"wp:attachment":[{"href":"https:\/\/www.24gliwice.pl\/wiadomosci\/wp-json\/wp\/v2\/media?parent=140000"}],"wp:term":[{"taxonomy":"category","embeddable":true,"href":"https:\/\/www.24gliwice.pl\/wiadomosci\/wp-json\/wp\/v2\/categories?post=140000"},{"taxonomy":"post_tag","embeddable":true,"href":"https:\/\/www.24gliwice.pl\/wiadomosci\/wp-json\/wp\/v2\/tags?post=140000"}],"curies":[{"name":"wp","href":"https:\/\/api.w.org\/{rel}","templated":true}]}}