{"id":140133,"date":"2019-09-12T06:00:57","date_gmt":"2019-09-12T04:00:57","guid":{"rendered":"https:\/\/www.24gliwice.pl\/wiadomosci\/?p=140133"},"modified":"2019-09-11T22:01:56","modified_gmt":"2019-09-11T20:01:56","slug":"300-lecie-konsekracji-dwoch-gliwickich-swiatyn-mozna-zwiedzic-na-co-dzien-niedostepny-obiekt","status":"publish","type":"post","link":"https:\/\/www.24gliwice.pl\/wiadomosci\/300-lecie-konsekracji-dwoch-gliwickich-swiatyn-mozna-zwiedzic-na-co-dzien-niedostepny-obiekt\/","title":{"rendered":"300-lecie konsekracji dw\u00f3ch gliwickich \u015bwi\u0105ty\u0144. Mo\u017cna zwiedzi\u0107 na co dzie\u0144 niedost\u0119pny obiekt"},"content":{"rendered":"<div class=\"gliwi-a6-nad-leadem-artykulow gliwi-entity-placement\" id=\"gliwi-2256882127\"><div class=\"gliwi-adlabel\"><span style=\"font-size: 9px\">REKLAMA<\/span><\/div><div id=\"gliwi-3965065713\" style=\"margin-bottom: 30px;margin-left: auto;margin-right: auto;text-align: center;\"><a data-no-instant=\"1\" href=\"https:\/\/przedszkole.halogen.org.pl\/\" rel=\"noopener\" class=\"a2t-link\" target=\"_blank\" aria-label=\"20260402-ANIMATOR-przedszkole_grafika_750x200\"><img loading=\"lazy\" decoding=\"async\" src=\"https:\/\/www.24gliwice.pl\/wiadomosci\/wp-content\/uploads\/2026\/04\/20260402-ANIMATOR-przedszkole_grafika_750x200.webp\" alt=\"\"  srcset=\"https:\/\/www.24gliwice.pl\/wiadomosci\/wp-content\/uploads\/2026\/04\/20260402-ANIMATOR-przedszkole_grafika_750x200.webp 750w, https:\/\/www.24gliwice.pl\/wiadomosci\/wp-content\/uploads\/2026\/04\/20260402-ANIMATOR-przedszkole_grafika_750x200-410x109.webp 410w\" sizes=\"(max-width: 750px) 100vw, 750px\" class=\"no-lazyload\" width=\"750\" height=\"200\"  style=\"display: inline-block; max-width: 100%; height: auto;\" \/><\/a><\/div><\/div><h3>Ko\u015bcio\u0142y pw. \u015bw. Jerzego w Ostropie i Wniebowzi\u0119cia Naj\u015bwi\u0119tszej Maryi Panny w \u0141ab\u0119dach to cenne zabytki sztuki sakralnej. Z okazji przypadaj\u0105cego w tym roku 300-lecia konsekracji \u015bwi\u0105ty\u0144 we wrze\u015bniu b\u0119dzie okazja by dowiedzie\u0107 si\u0119 nieco wi\u0119cej na temat tych pi\u0119knych budowli.<\/h3>\n<p>Ko\u015bci\u00f3\u0142 pw. \u015bw. Jerzego w Ostropie zosta\u0142 wybudowany na miejscu innej \u015bwi\u0105tyni, kt\u00f3ra zosta\u0142a zniszczona podczas wojen szwedzkich w latach 1655\u20131656. Budynek o konstrukcji drewniano-murowanej mo\u017ce si\u0119 poszczyci\u0107 zachowanym barokowym wyposa\u017ceniem \u2013 ambon\u0105, belk\u0105 t\u0119czow\u0105 (z dat\u0105 1646, czyli wykonan\u0105 73 lata przed po\u015bwi\u0119ceniem ko\u015bcio\u0142a), konstrukcj\u0105 g\u0142\u00f3wnego o\u0142tarza i prezbiterium. <\/p>\n<h3>Ko\u015bci\u00f3\u0142 nie jest obecnie u\u017cywany w celach religijnych, dlatego warto wzi\u0105\u0107 udzia\u0142 w obchodach jubileuszu 300-lecia konsekracji ko\u015bcio\u0142a w niedziel\u0119 22 wrze\u015bnia. <\/h3>\n<p>O godzinie 16:45 o historii \u015bwi\u0105tyni opowie ks. <strong>Micha\u0142 Wilner<\/strong>, proboszcz. P\u00f3\u017aniej g\u0142os zabierze <strong>Ewa Pokorska-O\u017c\u00f3g<\/strong>, miejski konserwator zabytk\u00f3w, a wyk\u0142ad wyg\u0142osi ks. dr hab. <strong>Piotr G\u00f3recki<\/strong> z Uniwersytetu Opolskiego. Na zako\u0144czenie zaplanowano spektakl Teatru A pt. \u201ePoranek\u201d (godzina 18:15). Podczas obchod\u00f3w b\u0119dzie tak\u017ce promowana ksi\u0105\u017cka o ko\u015bciele pw. \u015bw. Jerzego \u2013 \u201eBene ordinata et eleganter picta. Ko\u015bci\u00f3\u0142 \u015bw. Jerzego w Gliwicach-Ostropie (1667\u20131719\u20132019)\u201d.<\/p><div class=\"gliwi-a3-w-tresci-artykulow gliwi-entity-placement\" id=\"gliwi-1085736977\"><div class=\"gliwi-adlabel\"><span style=\"font-size: 9px\">REKLAMA<\/span><\/div><div id=\"gliwi-1602048213\" style=\"margin-bottom: 30px;margin-left: auto;margin-right: auto;text-align: center;\"><a data-no-instant=\"1\" href=\"https:\/\/ogrodyandersa.pl\/\" rel=\"noopener\" class=\"a2t-link\" target=\"_blank\" aria-label=\"20260415 Ogrody Andersa KUP TERAZ D\"><img loading=\"lazy\" decoding=\"async\" src=\"https:\/\/www.24gliwice.pl\/wiadomosci\/wp-content\/uploads\/2026\/04\/20260415-Ogrody-Andersa-KUP-TERAZ-D.jpg\" alt=\"\"  srcset=\"https:\/\/www.24gliwice.pl\/wiadomosci\/wp-content\/uploads\/2026\/04\/20260415-Ogrody-Andersa-KUP-TERAZ-D.jpg 750w, https:\/\/www.24gliwice.pl\/wiadomosci\/wp-content\/uploads\/2026\/04\/20260415-Ogrody-Andersa-KUP-TERAZ-D-410x109.jpg 410w\" sizes=\"(max-width: 750px) 100vw, 750px\" class=\"no-lazyload\" width=\"750\" height=\"200\"  style=\"display: inline-block; max-width: 100%; height: auto;\" \/><\/a><\/div><\/div>\n<p>Okazja, \u017ceby zajrze\u0107 do wn\u0119trza \u015bwi\u0105tyni, b\u0119dzie tak\u017ce w poniedzia\u0142ek 16 wrze\u015bnia. W ramach Europejskich Dni Dziedzictwa Kulturowego po ostropskim ko\u015bciele b\u0119dzie oprowadza\u0107 <strong>Antonia \u017baba<\/strong>. Zwiedzanie mo\u017cliwe jest w dw\u00f3ch grupach \u2013 o godzinie 15:00 i 16:00.<\/p>\n<p><img loading=\"lazy\" decoding=\"async\" src=\"https:\/\/www.24gliwice.pl\/wiadomosci\/wp-content\/uploads\/2019\/09\/ko\u015bci\u00f3\u0142-\u0142ab\u0119dy-witwicki-1.jpg\" alt=\"\" width=\"1139\" height=\"641\" class=\"alignnone size-full wp-image-140137\" srcset=\"https:\/\/www.24gliwice.pl\/wiadomosci\/wp-content\/uploads\/2019\/09\/ko\u015bci\u00f3\u0142-\u0142ab\u0119dy-witwicki-1.jpg 1139w, https:\/\/www.24gliwice.pl\/wiadomosci\/wp-content\/uploads\/2019\/09\/ko\u015bci\u00f3\u0142-\u0142ab\u0119dy-witwicki-1-410x232.jpg 410w, https:\/\/www.24gliwice.pl\/wiadomosci\/wp-content\/uploads\/2019\/09\/ko\u015bci\u00f3\u0142-\u0142ab\u0119dy-witwicki-1-768x432.jpg 768w, https:\/\/www.24gliwice.pl\/wiadomosci\/wp-content\/uploads\/2019\/09\/ko\u015bci\u00f3\u0142-\u0142ab\u0119dy-witwicki-1-808x455.jpg 808w, https:\/\/www.24gliwice.pl\/wiadomosci\/wp-content\/uploads\/2019\/09\/ko\u015bci\u00f3\u0142-\u0142ab\u0119dy-witwicki-1-810x456.jpg 810w\" sizes=\"auto, (max-width: 1139px) 100vw, 1139px\" \/><\/p>\n<p>Drug\u0105 \u015bwi\u0105tyni\u0105, kt\u00f3ra w tym roku \u015bwi\u0119tuje 300-lecie konsekracji, jest ko\u015bci\u00f3\u0142 pw. Wniebowzi\u0119cia Naj\u015bwi\u0119tszej Maryi Panny w \u0141ab\u0119dach (ul. Staromiejska 25). Co ciekawe, ten budynek zosta\u0142 zbudowany w XV wieku \u2013 wprawne oko wypatrzy p\u00f3\u017ano\u015bredniowieczne gotyckie sklepienia. W latach 1716\u20131719 z inicjatywy rodu von Welczeck ko\u015bci\u00f3\u0142 zosta\u0142 rozbudowany. O rodzinie von Welczeck przypomina kamienny rodowy herb nad wej\u015bciem g\u0142\u00f3wnym i inskrypcja na chrzcielnicy stoj\u0105cej w pobli\u017cu rodzinnego grobowca. <\/p>\n<h3>Warto tak\u017ce przyjrze\u0107 si\u0119 kamiennej rze\u017abie Matki Boskiej Niepokalanie Pocz\u0119tej z XVIII wieku (w niszy, nad g\u0142\u00f3wnym wej\u015bciem).<\/h3>\n<p>Do ko\u0144ca wrze\u015bnia w pobli\u017cu ko\u015bcio\u0142a mo\u017cna ogl\u0105da\u0107 wystaw\u0119 planszow\u0105 prezentuj\u0105c\u0105 niezwyk\u0142\u0105 architektur\u0119 \u0142ab\u0119dzkiej \u015bwi\u0105tyni. Muzeum w Gliwicach przygotowa\u0142o tak\u017ce specjalny folder, w kt\u00f3rym s\u0105 opisane szczeg\u00f3\u0142y wyposa\u017cenia i wystroju ko\u015bcio\u0142a. Mo\u017cna go kupi\u0107 w ko\u015bciele, Willi Caro (ul. Dolnych Wa\u0142\u00f3w 8a) i Zamku Piastowskim (ul. Pod Murami 2). Ekspozycj\u0119 i publikacj\u0119 opracowa\u0142a <strong>Anna Kwiecie\u0144<\/strong>, historyk sztuki z gliwickiego muzeum. <\/p>\n<p>(\u017cms)\/UM(mm)<br \/>\nfot. Z. Daniec, A. Witwicki\/MSI<\/p>\n<div class=\"gliwi-a5-na-koncu-artykulow gliwi-entity-placement\" id=\"gliwi-3117249997\"><div class=\"gliwi-adlabel\"><span style=\"font-size: 9px\">REKLAMA<\/span><\/div><div id=\"gliwi-1457022617\" style=\"margin-left: auto;margin-right: auto;text-align: center;\"><a data-no-instant=\"1\" href=\"https:\/\/prezeroarenagliwice.pl\/\" rel=\"noopener\" class=\"a2t-link\" target=\"_blank\" aria-label=\"20260309-PREZERO-WIOSNA-D\"><img loading=\"lazy\" decoding=\"async\" src=\"https:\/\/www.24gliwice.pl\/wiadomosci\/wp-content\/uploads\/2026\/03\/20260309-PREZERO-WIOSNA-D.webp\" alt=\"\"  srcset=\"https:\/\/www.24gliwice.pl\/wiadomosci\/wp-content\/uploads\/2026\/03\/20260309-PREZERO-WIOSNA-D.webp 750w, https:\/\/www.24gliwice.pl\/wiadomosci\/wp-content\/uploads\/2026\/03\/20260309-PREZERO-WIOSNA-D-410x109.webp 410w\" sizes=\"(max-width: 750px) 100vw, 750px\" class=\"no-lazyload\" width=\"750\" height=\"200\"  style=\"display: inline-block; max-width: 100%; height: auto;\" \/><\/a><\/div><\/div>","protected":false},"excerpt":{"rendered":"<p>Ko\u015bcio\u0142y pw. \u015bw. Jerzego w Ostropie i Wniebowzi\u0119cia Naj\u015bwi\u0119tszej Maryi Panny w \u0141ab\u0119dach to cenne zabytki sztuki sakralnej. Z okazji przypadaj\u0105cego w tym roku 300-lecia konsekracji \u015bwi\u0105ty\u0144 we wrze\u015bniu b\u0119dzie okazja by dowiedzie\u0107 si\u0119 nieco wi\u0119cej na temat tych pi\u0119knych budowli. Ko\u015bci\u00f3\u0142 pw. \u015bw. Jerzego w Ostropie zosta\u0142 wybudowany na miejscu innej \u015bwi\u0105tyni, kt\u00f3ra zosta\u0142a [&hellip;]<\/p>\n","protected":false},"author":15,"featured_media":140138,"comment_status":"open","ping_status":"closed","sticky":false,"template":"","format":"standard","meta":{"_monsterinsights_skip_tracking":false,"_monsterinsights_sitenote_active":false,"_monsterinsights_sitenote_note":"","_monsterinsights_sitenote_category":0,"footnotes":"","_links_to":"","_links_to_target":""},"categories":[3,6,1],"tags":[2464],"class_list":["post-140133","post","type-post","status-publish","format-standard","has-post-thumbnail","hentry","category-gliwice","category-kultura","category-wszystko","tag-wystawa"],"yoast_head":"<!-- This site is optimized with the Yoast SEO plugin v27.5 - https:\/\/yoast.com\/product\/yoast-seo-wordpress\/ -->\n<title>300-lecie konsekracji dw\u00f3ch gliwickich \u015bwi\u0105ty\u0144. Mo\u017cna zwiedzi\u0107 na co dzie\u0144 niedost\u0119pny obiekt - 24GLIWICE - Portal Gliwice | codziennie nowe informacje<\/title>\n<meta name=\"robots\" content=\"index, follow, max-snippet:-1, max-image-preview:large, max-video-preview:-1\" \/>\n<link rel=\"canonical\" href=\"https:\/\/www.24gliwice.pl\/wiadomosci\/300-lecie-konsekracji-dwoch-gliwickich-swiatyn-mozna-zwiedzic-na-co-dzien-niedostepny-obiekt\/\" \/>\n<meta property=\"og:locale\" content=\"pl_PL\" \/>\n<meta property=\"og:type\" content=\"article\" \/>\n<meta property=\"og:title\" content=\"300-lecie konsekracji dw\u00f3ch gliwickich \u015bwi\u0105ty\u0144. Mo\u017cna zwiedzi\u0107 na co dzie\u0144 niedost\u0119pny obiekt - 24GLIWICE - Portal Gliwice | codziennie nowe informacje\" \/>\n<meta property=\"og:description\" content=\"Ko\u015bcio\u0142y pw. \u015bw. Jerzego w Ostropie i Wniebowzi\u0119cia Naj\u015bwi\u0119tszej Maryi Panny w \u0141ab\u0119dach to cenne zabytki sztuki sakralnej. Z okazji przypadaj\u0105cego w tym roku 300-lecia konsekracji \u015bwi\u0105ty\u0144 we wrze\u015bniu b\u0119dzie okazja by dowiedzie\u0107 si\u0119 nieco wi\u0119cej na temat tych pi\u0119knych budowli. Ko\u015bci\u00f3\u0142 pw. \u015bw. Jerzego w Ostropie zosta\u0142 wybudowany na miejscu innej \u015bwi\u0105tyni, kt\u00f3ra zosta\u0142a [&hellip;]\" \/>\n<meta property=\"og:url\" content=\"https:\/\/www.24gliwice.pl\/wiadomosci\/300-lecie-konsekracji-dwoch-gliwickich-swiatyn-mozna-zwiedzic-na-co-dzien-niedostepny-obiekt\/\" \/>\n<meta property=\"og:site_name\" content=\"24GLIWICE - Portal Gliwice | codziennie nowe informacje\" \/>\n<meta property=\"article:publisher\" content=\"https:\/\/www.facebook.com\/24gliwice\" \/>\n<meta property=\"article:published_time\" content=\"2019-09-12T04:00:57+00:00\" \/>\n<meta property=\"og:image\" content=\"https:\/\/www.24gliwice.pl\/wiadomosci\/wp-content\/uploads\/2019\/09\/kosciol_pw._sw._jerzego_w_ostropie_fot._z._daniec_um_gliwice.jpg\" \/>\n\t<meta property=\"og:image:width\" content=\"880\" \/>\n\t<meta property=\"og:image:height\" content=\"495\" \/>\n\t<meta property=\"og:image:type\" content=\"image\/jpeg\" \/>\n<meta name=\"author\" content=\"\u017baneta Mrozek-Siewierska\" \/>\n<meta name=\"twitter:card\" content=\"summary_large_image\" \/>\n<meta name=\"twitter:creator\" content=\"@24gliwice\" \/>\n<meta name=\"twitter:site\" content=\"@24gliwice\" \/>\n<meta name=\"twitter:label1\" content=\"Napisane przez\" \/>\n\t<meta name=\"twitter:data1\" content=\"\u017baneta Mrozek-Siewierska\" \/>\n\t<meta name=\"twitter:label2\" content=\"Szacowany czas czytania\" \/>\n\t<meta name=\"twitter:data2\" content=\"2 minuty\" \/>\n<script type=\"application\/ld+json\" class=\"yoast-schema-graph\">{\"@context\":\"https:\\\/\\\/schema.org\",\"@graph\":[{\"@type\":\"Article\",\"@id\":\"https:\\\/\\\/www.24gliwice.pl\\\/wiadomosci\\\/300-lecie-konsekracji-dwoch-gliwickich-swiatyn-mozna-zwiedzic-na-co-dzien-niedostepny-obiekt\\\/#article\",\"isPartOf\":{\"@id\":\"https:\\\/\\\/www.24gliwice.pl\\\/wiadomosci\\\/300-lecie-konsekracji-dwoch-gliwickich-swiatyn-mozna-zwiedzic-na-co-dzien-niedostepny-obiekt\\\/\"},\"author\":{\"name\":\"\u017baneta Mrozek-Siewierska\",\"@id\":\"https:\\\/\\\/www.24gliwice.pl\\\/wiadomosci\\\/#\\\/schema\\\/person\\\/e42c650edd7f2fa332be3811fb166b6e\"},\"headline\":\"300-lecie konsekracji dw\u00f3ch gliwickich \u015bwi\u0105ty\u0144. Mo\u017cna zwiedzi\u0107 na co dzie\u0144 niedost\u0119pny obiekt\",\"datePublished\":\"2019-09-12T04:00:57+00:00\",\"mainEntityOfPage\":{\"@id\":\"https:\\\/\\\/www.24gliwice.pl\\\/wiadomosci\\\/300-lecie-konsekracji-dwoch-gliwickich-swiatyn-mozna-zwiedzic-na-co-dzien-niedostepny-obiekt\\\/\"},\"wordCount\":463,\"commentCount\":0,\"publisher\":{\"@id\":\"https:\\\/\\\/www.24gliwice.pl\\\/wiadomosci\\\/#organization\"},\"image\":{\"@id\":\"https:\\\/\\\/www.24gliwice.pl\\\/wiadomosci\\\/300-lecie-konsekracji-dwoch-gliwickich-swiatyn-mozna-zwiedzic-na-co-dzien-niedostepny-obiekt\\\/#primaryimage\"},\"thumbnailUrl\":\"https:\\\/\\\/www.24gliwice.pl\\\/wiadomosci\\\/wp-content\\\/uploads\\\/2019\\\/09\\\/kosciol_pw._sw._jerzego_w_ostropie_fot._z._daniec_um_gliwice.jpg\",\"keywords\":[\"WYSTAWA\"],\"articleSection\":[\"Gliwice\",\"Kultura, wydarzenia, imprezy\",\"Najnowsze wiadomo\u015bci\"],\"inLanguage\":\"pl-PL\",\"potentialAction\":[{\"@type\":\"CommentAction\",\"name\":\"Comment\",\"target\":[\"https:\\\/\\\/www.24gliwice.pl\\\/wiadomosci\\\/300-lecie-konsekracji-dwoch-gliwickich-swiatyn-mozna-zwiedzic-na-co-dzien-niedostepny-obiekt\\\/#respond\"]}]},{\"@type\":\"WebPage\",\"@id\":\"https:\\\/\\\/www.24gliwice.pl\\\/wiadomosci\\\/300-lecie-konsekracji-dwoch-gliwickich-swiatyn-mozna-zwiedzic-na-co-dzien-niedostepny-obiekt\\\/\",\"url\":\"https:\\\/\\\/www.24gliwice.pl\\\/wiadomosci\\\/300-lecie-konsekracji-dwoch-gliwickich-swiatyn-mozna-zwiedzic-na-co-dzien-niedostepny-obiekt\\\/\",\"name\":\"300-lecie konsekracji dw\u00f3ch gliwickich \u015bwi\u0105ty\u0144. Mo\u017cna zwiedzi\u0107 na co dzie\u0144 niedost\u0119pny obiekt - 24GLIWICE - Portal Gliwice | codziennie nowe informacje\",\"isPartOf\":{\"@id\":\"https:\\\/\\\/www.24gliwice.pl\\\/wiadomosci\\\/#website\"},\"primaryImageOfPage\":{\"@id\":\"https:\\\/\\\/www.24gliwice.pl\\\/wiadomosci\\\/300-lecie-konsekracji-dwoch-gliwickich-swiatyn-mozna-zwiedzic-na-co-dzien-niedostepny-obiekt\\\/#primaryimage\"},\"image\":{\"@id\":\"https:\\\/\\\/www.24gliwice.pl\\\/wiadomosci\\\/300-lecie-konsekracji-dwoch-gliwickich-swiatyn-mozna-zwiedzic-na-co-dzien-niedostepny-obiekt\\\/#primaryimage\"},\"thumbnailUrl\":\"https:\\\/\\\/www.24gliwice.pl\\\/wiadomosci\\\/wp-content\\\/uploads\\\/2019\\\/09\\\/kosciol_pw._sw._jerzego_w_ostropie_fot._z._daniec_um_gliwice.jpg\",\"datePublished\":\"2019-09-12T04:00:57+00:00\",\"breadcrumb\":{\"@id\":\"https:\\\/\\\/www.24gliwice.pl\\\/wiadomosci\\\/300-lecie-konsekracji-dwoch-gliwickich-swiatyn-mozna-zwiedzic-na-co-dzien-niedostepny-obiekt\\\/#breadcrumb\"},\"inLanguage\":\"pl-PL\",\"potentialAction\":[{\"@type\":\"ReadAction\",\"target\":[\"https:\\\/\\\/www.24gliwice.pl\\\/wiadomosci\\\/300-lecie-konsekracji-dwoch-gliwickich-swiatyn-mozna-zwiedzic-na-co-dzien-niedostepny-obiekt\\\/\"]}]},{\"@type\":\"ImageObject\",\"inLanguage\":\"pl-PL\",\"@id\":\"https:\\\/\\\/www.24gliwice.pl\\\/wiadomosci\\\/300-lecie-konsekracji-dwoch-gliwickich-swiatyn-mozna-zwiedzic-na-co-dzien-niedostepny-obiekt\\\/#primaryimage\",\"url\":\"https:\\\/\\\/www.24gliwice.pl\\\/wiadomosci\\\/wp-content\\\/uploads\\\/2019\\\/09\\\/kosciol_pw._sw._jerzego_w_ostropie_fot._z._daniec_um_gliwice.jpg\",\"contentUrl\":\"https:\\\/\\\/www.24gliwice.pl\\\/wiadomosci\\\/wp-content\\\/uploads\\\/2019\\\/09\\\/kosciol_pw._sw._jerzego_w_ostropie_fot._z._daniec_um_gliwice.jpg\",\"width\":880,\"height\":495},{\"@type\":\"BreadcrumbList\",\"@id\":\"https:\\\/\\\/www.24gliwice.pl\\\/wiadomosci\\\/300-lecie-konsekracji-dwoch-gliwickich-swiatyn-mozna-zwiedzic-na-co-dzien-niedostepny-obiekt\\\/#breadcrumb\",\"itemListElement\":[{\"@type\":\"ListItem\",\"position\":1,\"name\":\"Strona g\u0142\u00f3wna\",\"item\":\"https:\\\/\\\/www.24gliwice.pl\\\/wiadomosci\\\/\"},{\"@type\":\"ListItem\",\"position\":2,\"name\":\"300-lecie konsekracji dw\u00f3ch gliwickich \u015bwi\u0105ty\u0144. Mo\u017cna zwiedzi\u0107 na co dzie\u0144 niedost\u0119pny obiekt\"}]},{\"@type\":\"WebSite\",\"@id\":\"https:\\\/\\\/www.24gliwice.pl\\\/wiadomosci\\\/#website\",\"url\":\"https:\\\/\\\/www.24gliwice.pl\\\/wiadomosci\\\/\",\"name\":\"24GLIWICE - Portal Gliwice | codziennie nowe wiadomo\u015bci\",\"description\":\"Portal Miejski Gliwice\",\"publisher\":{\"@id\":\"https:\\\/\\\/www.24gliwice.pl\\\/wiadomosci\\\/#organization\"},\"potentialAction\":[{\"@type\":\"SearchAction\",\"target\":{\"@type\":\"EntryPoint\",\"urlTemplate\":\"https:\\\/\\\/www.24gliwice.pl\\\/wiadomosci\\\/?s={search_term_string}\"},\"query-input\":{\"@type\":\"PropertyValueSpecification\",\"valueRequired\":true,\"valueName\":\"search_term_string\"}}],\"inLanguage\":\"pl-PL\"},{\"@type\":\"Organization\",\"@id\":\"https:\\\/\\\/www.24gliwice.pl\\\/wiadomosci\\\/#organization\",\"name\":\"24gliwice\",\"url\":\"https:\\\/\\\/www.24gliwice.pl\\\/wiadomosci\\\/\",\"logo\":{\"@type\":\"ImageObject\",\"inLanguage\":\"pl-PL\",\"@id\":\"https:\\\/\\\/www.24gliwice.pl\\\/wiadomosci\\\/#\\\/schema\\\/logo\\\/image\\\/\",\"url\":\"https:\\\/\\\/www.24gliwice.pl\\\/wiadomosci\\\/wp-content\\\/uploads\\\/2024\\\/10\\\/24gliwice-logo-696.jpg\",\"contentUrl\":\"https:\\\/\\\/www.24gliwice.pl\\\/wiadomosci\\\/wp-content\\\/uploads\\\/2024\\\/10\\\/24gliwice-logo-696.jpg\",\"width\":696,\"height\":696,\"caption\":\"24gliwice\"},\"image\":{\"@id\":\"https:\\\/\\\/www.24gliwice.pl\\\/wiadomosci\\\/#\\\/schema\\\/logo\\\/image\\\/\"},\"sameAs\":[\"https:\\\/\\\/www.facebook.com\\\/24gliwice\",\"https:\\\/\\\/x.com\\\/24gliwice\",\"https:\\\/\\\/www.youtube.com\\\/@24gliwice\"]},{\"@type\":\"Person\",\"@id\":\"https:\\\/\\\/www.24gliwice.pl\\\/wiadomosci\\\/#\\\/schema\\\/person\\\/e42c650edd7f2fa332be3811fb166b6e\",\"name\":\"\u017baneta Mrozek-Siewierska\",\"image\":{\"@type\":\"ImageObject\",\"inLanguage\":\"pl-PL\",\"@id\":\"https:\\\/\\\/secure.gravatar.com\\\/avatar\\\/1881429e9c64597c77ad7aef2d0a19be69a3253e57534d16aa15bf3a4d34a0a3?s=96&d=mm&r=g\",\"url\":\"https:\\\/\\\/secure.gravatar.com\\\/avatar\\\/1881429e9c64597c77ad7aef2d0a19be69a3253e57534d16aa15bf3a4d34a0a3?s=96&d=mm&r=g\",\"contentUrl\":\"https:\\\/\\\/secure.gravatar.com\\\/avatar\\\/1881429e9c64597c77ad7aef2d0a19be69a3253e57534d16aa15bf3a4d34a0a3?s=96&d=mm&r=g\",\"caption\":\"\u017baneta Mrozek-Siewierska\"},\"url\":\"https:\\\/\\\/www.24gliwice.pl\\\/wiadomosci\\\/author\\\/zms\\\/\"}]}<\/script>\n<!-- \/ Yoast SEO plugin. -->","yoast_head_json":{"title":"300-lecie konsekracji dw\u00f3ch gliwickich \u015bwi\u0105ty\u0144. Mo\u017cna zwiedzi\u0107 na co dzie\u0144 niedost\u0119pny obiekt - 24GLIWICE - Portal Gliwice | codziennie nowe informacje","robots":{"index":"index","follow":"follow","max-snippet":"max-snippet:-1","max-image-preview":"max-image-preview:large","max-video-preview":"max-video-preview:-1"},"canonical":"https:\/\/www.24gliwice.pl\/wiadomosci\/300-lecie-konsekracji-dwoch-gliwickich-swiatyn-mozna-zwiedzic-na-co-dzien-niedostepny-obiekt\/","og_locale":"pl_PL","og_type":"article","og_title":"300-lecie konsekracji dw\u00f3ch gliwickich \u015bwi\u0105ty\u0144. Mo\u017cna zwiedzi\u0107 na co dzie\u0144 niedost\u0119pny obiekt - 24GLIWICE - Portal Gliwice | codziennie nowe informacje","og_description":"Ko\u015bcio\u0142y pw. \u015bw. Jerzego w Ostropie i Wniebowzi\u0119cia Naj\u015bwi\u0119tszej Maryi Panny w \u0141ab\u0119dach to cenne zabytki sztuki sakralnej. Z okazji przypadaj\u0105cego w tym roku 300-lecia konsekracji \u015bwi\u0105ty\u0144 we wrze\u015bniu b\u0119dzie okazja by dowiedzie\u0107 si\u0119 nieco wi\u0119cej na temat tych pi\u0119knych budowli. Ko\u015bci\u00f3\u0142 pw. \u015bw. Jerzego w Ostropie zosta\u0142 wybudowany na miejscu innej \u015bwi\u0105tyni, kt\u00f3ra zosta\u0142a [&hellip;]","og_url":"https:\/\/www.24gliwice.pl\/wiadomosci\/300-lecie-konsekracji-dwoch-gliwickich-swiatyn-mozna-zwiedzic-na-co-dzien-niedostepny-obiekt\/","og_site_name":"24GLIWICE - Portal Gliwice | codziennie nowe informacje","article_publisher":"https:\/\/www.facebook.com\/24gliwice","article_published_time":"2019-09-12T04:00:57+00:00","og_image":[{"width":880,"height":495,"url":"https:\/\/www.24gliwice.pl\/wiadomosci\/wp-content\/uploads\/2019\/09\/kosciol_pw._sw._jerzego_w_ostropie_fot._z._daniec_um_gliwice.jpg","type":"image\/jpeg"}],"author":"\u017baneta Mrozek-Siewierska","twitter_card":"summary_large_image","twitter_creator":"@24gliwice","twitter_site":"@24gliwice","twitter_misc":{"Napisane przez":"\u017baneta Mrozek-Siewierska","Szacowany czas czytania":"2 minuty"},"schema":{"@context":"https:\/\/schema.org","@graph":[{"@type":"Article","@id":"https:\/\/www.24gliwice.pl\/wiadomosci\/300-lecie-konsekracji-dwoch-gliwickich-swiatyn-mozna-zwiedzic-na-co-dzien-niedostepny-obiekt\/#article","isPartOf":{"@id":"https:\/\/www.24gliwice.pl\/wiadomosci\/300-lecie-konsekracji-dwoch-gliwickich-swiatyn-mozna-zwiedzic-na-co-dzien-niedostepny-obiekt\/"},"author":{"name":"\u017baneta Mrozek-Siewierska","@id":"https:\/\/www.24gliwice.pl\/wiadomosci\/#\/schema\/person\/e42c650edd7f2fa332be3811fb166b6e"},"headline":"300-lecie konsekracji dw\u00f3ch gliwickich \u015bwi\u0105ty\u0144. Mo\u017cna zwiedzi\u0107 na co dzie\u0144 niedost\u0119pny obiekt","datePublished":"2019-09-12T04:00:57+00:00","mainEntityOfPage":{"@id":"https:\/\/www.24gliwice.pl\/wiadomosci\/300-lecie-konsekracji-dwoch-gliwickich-swiatyn-mozna-zwiedzic-na-co-dzien-niedostepny-obiekt\/"},"wordCount":463,"commentCount":0,"publisher":{"@id":"https:\/\/www.24gliwice.pl\/wiadomosci\/#organization"},"image":{"@id":"https:\/\/www.24gliwice.pl\/wiadomosci\/300-lecie-konsekracji-dwoch-gliwickich-swiatyn-mozna-zwiedzic-na-co-dzien-niedostepny-obiekt\/#primaryimage"},"thumbnailUrl":"https:\/\/www.24gliwice.pl\/wiadomosci\/wp-content\/uploads\/2019\/09\/kosciol_pw._sw._jerzego_w_ostropie_fot._z._daniec_um_gliwice.jpg","keywords":["WYSTAWA"],"articleSection":["Gliwice","Kultura, wydarzenia, imprezy","Najnowsze wiadomo\u015bci"],"inLanguage":"pl-PL","potentialAction":[{"@type":"CommentAction","name":"Comment","target":["https:\/\/www.24gliwice.pl\/wiadomosci\/300-lecie-konsekracji-dwoch-gliwickich-swiatyn-mozna-zwiedzic-na-co-dzien-niedostepny-obiekt\/#respond"]}]},{"@type":"WebPage","@id":"https:\/\/www.24gliwice.pl\/wiadomosci\/300-lecie-konsekracji-dwoch-gliwickich-swiatyn-mozna-zwiedzic-na-co-dzien-niedostepny-obiekt\/","url":"https:\/\/www.24gliwice.pl\/wiadomosci\/300-lecie-konsekracji-dwoch-gliwickich-swiatyn-mozna-zwiedzic-na-co-dzien-niedostepny-obiekt\/","name":"300-lecie konsekracji dw\u00f3ch gliwickich \u015bwi\u0105ty\u0144. Mo\u017cna zwiedzi\u0107 na co dzie\u0144 niedost\u0119pny obiekt - 24GLIWICE - Portal Gliwice | codziennie nowe informacje","isPartOf":{"@id":"https:\/\/www.24gliwice.pl\/wiadomosci\/#website"},"primaryImageOfPage":{"@id":"https:\/\/www.24gliwice.pl\/wiadomosci\/300-lecie-konsekracji-dwoch-gliwickich-swiatyn-mozna-zwiedzic-na-co-dzien-niedostepny-obiekt\/#primaryimage"},"image":{"@id":"https:\/\/www.24gliwice.pl\/wiadomosci\/300-lecie-konsekracji-dwoch-gliwickich-swiatyn-mozna-zwiedzic-na-co-dzien-niedostepny-obiekt\/#primaryimage"},"thumbnailUrl":"https:\/\/www.24gliwice.pl\/wiadomosci\/wp-content\/uploads\/2019\/09\/kosciol_pw._sw._jerzego_w_ostropie_fot._z._daniec_um_gliwice.jpg","datePublished":"2019-09-12T04:00:57+00:00","breadcrumb":{"@id":"https:\/\/www.24gliwice.pl\/wiadomosci\/300-lecie-konsekracji-dwoch-gliwickich-swiatyn-mozna-zwiedzic-na-co-dzien-niedostepny-obiekt\/#breadcrumb"},"inLanguage":"pl-PL","potentialAction":[{"@type":"ReadAction","target":["https:\/\/www.24gliwice.pl\/wiadomosci\/300-lecie-konsekracji-dwoch-gliwickich-swiatyn-mozna-zwiedzic-na-co-dzien-niedostepny-obiekt\/"]}]},{"@type":"ImageObject","inLanguage":"pl-PL","@id":"https:\/\/www.24gliwice.pl\/wiadomosci\/300-lecie-konsekracji-dwoch-gliwickich-swiatyn-mozna-zwiedzic-na-co-dzien-niedostepny-obiekt\/#primaryimage","url":"https:\/\/www.24gliwice.pl\/wiadomosci\/wp-content\/uploads\/2019\/09\/kosciol_pw._sw._jerzego_w_ostropie_fot._z._daniec_um_gliwice.jpg","contentUrl":"https:\/\/www.24gliwice.pl\/wiadomosci\/wp-content\/uploads\/2019\/09\/kosciol_pw._sw._jerzego_w_ostropie_fot._z._daniec_um_gliwice.jpg","width":880,"height":495},{"@type":"BreadcrumbList","@id":"https:\/\/www.24gliwice.pl\/wiadomosci\/300-lecie-konsekracji-dwoch-gliwickich-swiatyn-mozna-zwiedzic-na-co-dzien-niedostepny-obiekt\/#breadcrumb","itemListElement":[{"@type":"ListItem","position":1,"name":"Strona g\u0142\u00f3wna","item":"https:\/\/www.24gliwice.pl\/wiadomosci\/"},{"@type":"ListItem","position":2,"name":"300-lecie konsekracji dw\u00f3ch gliwickich \u015bwi\u0105ty\u0144. Mo\u017cna zwiedzi\u0107 na co dzie\u0144 niedost\u0119pny obiekt"}]},{"@type":"WebSite","@id":"https:\/\/www.24gliwice.pl\/wiadomosci\/#website","url":"https:\/\/www.24gliwice.pl\/wiadomosci\/","name":"24GLIWICE - Portal Gliwice | codziennie nowe wiadomo\u015bci","description":"Portal Miejski Gliwice","publisher":{"@id":"https:\/\/www.24gliwice.pl\/wiadomosci\/#organization"},"potentialAction":[{"@type":"SearchAction","target":{"@type":"EntryPoint","urlTemplate":"https:\/\/www.24gliwice.pl\/wiadomosci\/?s={search_term_string}"},"query-input":{"@type":"PropertyValueSpecification","valueRequired":true,"valueName":"search_term_string"}}],"inLanguage":"pl-PL"},{"@type":"Organization","@id":"https:\/\/www.24gliwice.pl\/wiadomosci\/#organization","name":"24gliwice","url":"https:\/\/www.24gliwice.pl\/wiadomosci\/","logo":{"@type":"ImageObject","inLanguage":"pl-PL","@id":"https:\/\/www.24gliwice.pl\/wiadomosci\/#\/schema\/logo\/image\/","url":"https:\/\/www.24gliwice.pl\/wiadomosci\/wp-content\/uploads\/2024\/10\/24gliwice-logo-696.jpg","contentUrl":"https:\/\/www.24gliwice.pl\/wiadomosci\/wp-content\/uploads\/2024\/10\/24gliwice-logo-696.jpg","width":696,"height":696,"caption":"24gliwice"},"image":{"@id":"https:\/\/www.24gliwice.pl\/wiadomosci\/#\/schema\/logo\/image\/"},"sameAs":["https:\/\/www.facebook.com\/24gliwice","https:\/\/x.com\/24gliwice","https:\/\/www.youtube.com\/@24gliwice"]},{"@type":"Person","@id":"https:\/\/www.24gliwice.pl\/wiadomosci\/#\/schema\/person\/e42c650edd7f2fa332be3811fb166b6e","name":"\u017baneta Mrozek-Siewierska","image":{"@type":"ImageObject","inLanguage":"pl-PL","@id":"https:\/\/secure.gravatar.com\/avatar\/1881429e9c64597c77ad7aef2d0a19be69a3253e57534d16aa15bf3a4d34a0a3?s=96&d=mm&r=g","url":"https:\/\/secure.gravatar.com\/avatar\/1881429e9c64597c77ad7aef2d0a19be69a3253e57534d16aa15bf3a4d34a0a3?s=96&d=mm&r=g","contentUrl":"https:\/\/secure.gravatar.com\/avatar\/1881429e9c64597c77ad7aef2d0a19be69a3253e57534d16aa15bf3a4d34a0a3?s=96&d=mm&r=g","caption":"\u017baneta Mrozek-Siewierska"},"url":"https:\/\/www.24gliwice.pl\/wiadomosci\/author\/zms\/"}]}},"_links":{"self":[{"href":"https:\/\/www.24gliwice.pl\/wiadomosci\/wp-json\/wp\/v2\/posts\/140133","targetHints":{"allow":["GET"]}}],"collection":[{"href":"https:\/\/www.24gliwice.pl\/wiadomosci\/wp-json\/wp\/v2\/posts"}],"about":[{"href":"https:\/\/www.24gliwice.pl\/wiadomosci\/wp-json\/wp\/v2\/types\/post"}],"author":[{"embeddable":true,"href":"https:\/\/www.24gliwice.pl\/wiadomosci\/wp-json\/wp\/v2\/users\/15"}],"replies":[{"embeddable":true,"href":"https:\/\/www.24gliwice.pl\/wiadomosci\/wp-json\/wp\/v2\/comments?post=140133"}],"version-history":[{"count":0,"href":"https:\/\/www.24gliwice.pl\/wiadomosci\/wp-json\/wp\/v2\/posts\/140133\/revisions"}],"wp:featuredmedia":[{"embeddable":true,"href":"https:\/\/www.24gliwice.pl\/wiadomosci\/wp-json\/wp\/v2\/media\/140138"}],"wp:attachment":[{"href":"https:\/\/www.24gliwice.pl\/wiadomosci\/wp-json\/wp\/v2\/media?parent=140133"}],"wp:term":[{"taxonomy":"category","embeddable":true,"href":"https:\/\/www.24gliwice.pl\/wiadomosci\/wp-json\/wp\/v2\/categories?post=140133"},{"taxonomy":"post_tag","embeddable":true,"href":"https:\/\/www.24gliwice.pl\/wiadomosci\/wp-json\/wp\/v2\/tags?post=140133"}],"curies":[{"name":"wp","href":"https:\/\/api.w.org\/{rel}","templated":true}]}}