{"id":140292,"date":"2019-09-12T17:43:35","date_gmt":"2019-09-12T15:43:35","guid":{"rendered":"https:\/\/www.24gliwice.pl\/wiadomosci\/?p=140292"},"modified":"2019-09-12T17:43:35","modified_gmt":"2019-09-12T15:43:35","slug":"wyniki-finansowe-areny-gliwice-tajemnica-operator-nie-chce-ujawnic-danych-za-pierwszy-rok-dzialalnosci","status":"publish","type":"post","link":"https:\/\/www.24gliwice.pl\/wiadomosci\/wyniki-finansowe-areny-gliwice-tajemnica-operator-nie-chce-ujawnic-danych-za-pierwszy-rok-dzialalnosci\/","title":{"rendered":"Wyniki finansowe Areny Gliwice? Tajemnica. Operator nie chce ujawni\u0107 danych za pierwszy rok dzia\u0142alno\u015bci"},"content":{"rendered":"<div class=\"gliwi-a6-nad-leadem-artykulow gliwi-entity-placement\" id=\"gliwi-3187993901\"><div class=\"gliwi-adlabel\"><span style=\"font-size: 9px\">REKLAMA<\/span><\/div><div id=\"gliwi-1234688739\" style=\"margin-bottom: 25px;margin-left: auto;margin-right: auto;text-align: center;\"><a data-no-instant=\"1\" href=\"https:\/\/dom100.eu\/\" rel=\"noopener\" class=\"a2t-link\" target=\"_blank\" aria-label=\"20260415 DOM100 D\"><img loading=\"lazy\" decoding=\"async\" src=\"https:\/\/www.24gliwice.pl\/wiadomosci\/wp-content\/uploads\/2026\/04\/20260415-DOM100-D.jpg\" alt=\"\"  srcset=\"https:\/\/www.24gliwice.pl\/wiadomosci\/wp-content\/uploads\/2026\/04\/20260415-DOM100-D.jpg 750w, https:\/\/www.24gliwice.pl\/wiadomosci\/wp-content\/uploads\/2026\/04\/20260415-DOM100-D-410x109.jpg 410w\" sizes=\"(max-width: 750px) 100vw, 750px\" class=\"no-lazyload\" width=\"750\" height=\"200\"  style=\"display: inline-block; max-width: 100%; height: auto;\" \/><\/a><\/div><\/div><h3>Jaki jest bilans finansowy Areny Gliwice za pierwszy rok dzia\u0142alno\u015bci? Na to pytanie przez dwa miesi\u0105ce nie by\u0142o w stanie odpowiedzie\u0107 miasto, PWiK, ani kieruj\u0105ca obiektem sp\u00f3\u0142ka Arena Operator.<\/h3>\n<p>Z ko\u0144cem maja tego roku min\u0105\u0142 rok od uruchomienia Areny Gliwice. Jeszcze w trakcie budowy obiektu wiele m\u00f3wi\u0142o si\u0119 o kosztach utrzymania obiektu. Postanowili\u015bmy zweryfikowa\u0107 sytuacj\u0119 finansow\u0105 hali, a przede wszystkim sprawdzi\u0107 czy wybudowany kosztem ponad 410 mln z\u0142otych obiekt przynosi jakiekolwiek zyski. <strong>Pierwsze pytania z pocz\u0105tkiem lipca zadali\u015bmy magistratowi. Po oko\u0142o dw\u00f3ch tygodniach zostali\u015bmy skierowani do PWiK (dzier\u017cawcy obiektu). Tam natomiast nasz\u0105 korespondencj\u0119 przekazano Arenie Operator &#8211; sp\u00f3\u0142ce c\u00f3rce Fundacji Radan<\/strong>, kt\u00f3ra zosta\u0142a przez PWiK wybrana do kierowania obiektem.<\/p>\n<p style=\"padding-left: 40px;\"><em>&#8211; Informacje zwi\u0105zane z kwestiami finansowymi Areny Gliwice zostan\u0105 przekazane na zebraniu Rady Miasta we wrze\u015bniu<\/em> &#8211; poinformowali nas przedstawiciele firmy.<\/p><div class=\"gliwi-a3-w-tresci-artykulow gliwi-entity-placement\" id=\"gliwi-3958008509\"><div class=\"gliwi-adlabel\"><span style=\"font-size: 9px\">REKLAMA<\/span><\/div><div id=\"gliwi-1701548633\" style=\"margin-bottom: 30px;margin-left: auto;margin-right: auto;text-align: center;\"><a data-no-instant=\"1\" href=\"https:\/\/ogrodyandersa.pl\/\" rel=\"noopener\" class=\"a2t-link\" target=\"_blank\" aria-label=\"20260415 Ogrody Andersa KUP TERAZ D\"><img loading=\"lazy\" decoding=\"async\" src=\"https:\/\/www.24gliwice.pl\/wiadomosci\/wp-content\/uploads\/2026\/04\/20260415-Ogrody-Andersa-KUP-TERAZ-D.jpg\" alt=\"\"  srcset=\"https:\/\/www.24gliwice.pl\/wiadomosci\/wp-content\/uploads\/2026\/04\/20260415-Ogrody-Andersa-KUP-TERAZ-D.jpg 750w, https:\/\/www.24gliwice.pl\/wiadomosci\/wp-content\/uploads\/2026\/04\/20260415-Ogrody-Andersa-KUP-TERAZ-D-410x109.jpg 410w\" sizes=\"(max-width: 750px) 100vw, 750px\" class=\"no-lazyload\" width=\"750\" height=\"200\"  style=\"display: inline-block; max-width: 100%; height: auto;\" \/><\/a><\/div><\/div>\n<p>Pr\u00f3bowali\u015bmy dowiedzie\u0107 si\u0119 wi\u0119cej, otrzymali\u015bmy kilka zapewnie\u0144 o kontakcie &#8220;w najbli\u017cszych dniach&#8221; lub &#8220;jutro&#8221;, kt\u00f3re jednak nie nast\u0105pi\u0142y. Na wspomnianym posiedzeniu Rady Miasta temat r\u00f3wnie\u017c nie zosta\u0142 podj\u0119ty. Sk\u0105d taka niech\u0119\u0107 do udzielania informacji o dzia\u0142alno\u015bci obiektu?<\/p>\n<h3>Coraz wi\u0119cej znak\u00f3w zapytania<\/h3>\n<p>Jeszcze przed otwarciem szacowano, \u017ce rentowno\u015b\u0107 obiektu zapewni\u0107 mo\u017ce jedynie napi\u0119ty harmonogram wydarze\u0144 (m\u00f3wiono o co najmniej trzech imprezach w tygodniu). Sp\u00f3jrzmy zatem na najbli\u017csze plany imprezowe: w pa\u017adzierniku zaplanowano sze\u015b\u0107 wydarze\u0144, w listopadzie cztery. Na kolana nie rzuca te\u017c dotychczasowy repertuar.<\/p>\n<p>W 2019 roku w hali koncertowa\u0142 zesp\u00f3\u0142 Scorpions, Zenon Martyniuk, Slayer, Kayah&amp;Bregovic, Thomas Anders z Modern Talking, Tribute to Abba oraz wykonawcy na gali disco-polo: Mi\u0142y Pan, Pi\u0119kni i M\u0142odzi, After party, MIG. Dla por\u00f3wnania w krakowskiej Tauron Arenie, kt\u00f3ra mia\u0142a by\u0107 g\u0142\u00f3wn\u0105 konkurencj\u0105 Gliwic wyst\u0105pili Mark Knopfler, Diana Krall. Muse, Rod Stewart, Dddy Yunkee, Maroon5, Doda, Andre Rieu, Jamiroquai, Enrique Iglesias, Shawn Mendes, ZAZ, Hans Zimmer Tribute Show, Patrycja Markowska i Tom Odell. Okoliczno\u015bci\u0105 \u0142agodz\u0105c\u0105 dla Gliwic jest fakt, \u017ce Arena dopiero wystartowa\u0142a, a Krak\u00f3w jest ju\u017c rozp\u0119dzony kilkuletni\u0105 dzia\u0142alno\u015bci\u0105.<\/p>\n<p>Ale nie tylko powody artystyczne wskazuj\u0105, \u017ce gliwicki obiekt w pierwszym roku dzia\u0142alno\u015bci zanotowa\u0142 straty. \u017badna z du\u017cych hal w Polsce przez pierwsze 12 miesi\u0119cy na siebie nie zarabia\u0142a. Najszybciej doch\u00f3d wykaza\u0142a w\u0142a\u015bnie Tauron Arena Krak\u00f3w (wed\u0142ug jej zarz\u0105dcy, w drugim roku dzia\u0142alno\u015bci zarobi\u0142a 3 mln z\u0142otych).<\/p>\n<p style=\"padding-left: 40px;\"><em>&#8211; Inwestycje typu Hala Areny nigdy si\u0119 nie zamykaj\u0105 w sensie biznesowym bo nie ma takich pieni\u0119dzy w rozrywce. Same wynagrodzenia artyst\u00f3w to ju\u017c kosmiczne wydatki<\/em> &#8211; uwa\u017ca by\u0142y wieloletni gliwicki radny i cz\u0142onek Komisji Bud\u017cetu i Finans\u00f3w <strong>Kajetan Gornig<\/strong>. <em>&#8211; Arena to kwestia raczej presti\u017cu i promocji miasta, kt\u00f3re przecie\u017c organizuje imprezy o charakterze regionalnym lub nawet ponadregionalnym skierowane do szerszej grupy ni\u017c mieszka\u0144cy Gliwic. To z biznesem nie ma nic wsp\u00f3lnego gdy\u017c jest oczywistym, \u017ce jest nierentowne<\/em> &#8211; komentuje.<\/p>\n<h3>Miliony z miasta dla Fundacji Radan<\/h3>\n<p>Brak informacji o wynikach finansowych gliwickiej Areny, bulwersuje bo obiekt, kt\u00f3ry kosztowa\u0142 ponad 410 mln z\u0142otych sfinansowano z miejskiego bud\u017cetu. W dodatku miasto nadal zawiera wielomilionowe umowy na \u015bwiadczenie us\u0142ug w obiekcie. Ostatnio 12 mln z\u0142otych na realizacj\u0119 us\u0142ug promocyjnych na rzecz Miasta Gliwice przez Aren\u0119 Operator.<\/p>\n<p style=\"padding-left: 40px;\"><em>&#8211; Kwota zapisana w umowie wynika z przedstawionej oferty i negocjacji przeprowadzonych pomi\u0119dzy zamawiaj\u0105cym a wykonawc\u0105 w ramach post\u0119powania z wolnej r\u0119ki na podstawie ustawy Prawo zam\u00f3wie\u0144 publicznych oraz ustalonego w ich wyniku zakresu \u015bwiadcze\u0144<\/em> &#8211; informuje <strong>Marek Jarz\u0119bowski<\/strong>, rzecznik prasowy prezydenta Gliwic.<\/p>\n<p>Powsta\u0142 wi\u0119c mechanizm, wed\u0142ug kt\u00f3rego najpierw z pieni\u0119dzy podatnik\u00f3w wybudowano hal\u0119, nast\u0119pnie przekazano j\u0105 pod zewn\u0119trzny zarz\u0105d, a nast\u0119pnie ponownie ze \u015brodk\u00f3w miejskich przekazywane s\u0105 wysokie kwoty na promocj\u0119 Gliwic w tym obiekcie.<\/p>\n<p style=\"padding-left: 40px;\"><em>&#8211; Miasto Gliwice od pocz\u0105tku realizacji inwestycji planowa\u0142o przekazanie hali wyspecjalizowanemu prywatnemu operatorowi, dysponuj\u0105cemu potencja\u0142em i do\u015bwiadczeniem niezb\u0119dnym do zarz\u0105dzania tego typu obiektem widowiskowo-sportowym w spos\u00f3b efektywny, a jednocze\u015bnie pozwalaj\u0105cy osi\u0105ga\u0107 znaczny efekt promocyjny dla miasta. Tak\u017ce z ekonomicznego punktu widzenia, tego typu rozwi\u0105zanie jest najbardziej efektywne<\/em> &#8211; przekonuje Marek Jarz\u0119bowski.<\/p>\n<p>W\u0105tpliwo\u015bci w zwi\u0105zku z dzia\u0142alno\u015bci\u0105 obiektu by\u0142oby zapewne mniej, gdyby nie podsyca\u0142 ich sam operator, unikaj\u0105c odpowiedzi na najwa\u017cniejsze pytania.<\/p>\n<p>Micha\u0142 Szewczyk<\/p>\n<div class=\"gliwi-a5-na-koncu-artykulow gliwi-entity-placement\" id=\"gliwi-1908504477\"><div class=\"gliwi-adlabel\"><span style=\"font-size: 9px\">REKLAMA<\/span><\/div><div id=\"gliwi-4209024936\" style=\"margin-left: auto;margin-right: auto;text-align: center;\"><a data-no-instant=\"1\" href=\"https:\/\/prezeroarenagliwice.pl\/\" rel=\"noopener\" class=\"a2t-link\" target=\"_blank\" aria-label=\"20260309-PREZERO-WIOSNA-D\"><img loading=\"lazy\" decoding=\"async\" src=\"https:\/\/www.24gliwice.pl\/wiadomosci\/wp-content\/uploads\/2026\/03\/20260309-PREZERO-WIOSNA-D.webp\" alt=\"\"  srcset=\"https:\/\/www.24gliwice.pl\/wiadomosci\/wp-content\/uploads\/2026\/03\/20260309-PREZERO-WIOSNA-D.webp 750w, https:\/\/www.24gliwice.pl\/wiadomosci\/wp-content\/uploads\/2026\/03\/20260309-PREZERO-WIOSNA-D-410x109.webp 410w\" sizes=\"(max-width: 750px) 100vw, 750px\" class=\"no-lazyload\" width=\"750\" height=\"200\"  style=\"display: inline-block; max-width: 100%; height: auto;\" \/><\/a><\/div><\/div>","protected":false},"excerpt":{"rendered":"<p>Jaki jest bilans finansowy Areny Gliwice za pierwszy rok dzia\u0142alno\u015bci? Na to pytanie przez dwa miesi\u0105ce nie by\u0142o w stanie odpowiedzie\u0107 miasto, PWiK, ani kieruj\u0105ca obiektem sp\u00f3\u0142ka Arena Operator. Z ko\u0144cem maja tego roku min\u0105\u0142 rok od uruchomienia Areny Gliwice. Jeszcze w trakcie budowy obiektu wiele m\u00f3wi\u0142o si\u0119 o kosztach utrzymania obiektu. Postanowili\u015bmy zweryfikowa\u0107 sytuacj\u0119 [&hellip;]<\/p>\n","protected":false},"author":12,"featured_media":140294,"comment_status":"open","ping_status":"closed","sticky":false,"template":"","format":"standard","meta":{"_monsterinsights_skip_tracking":false,"_monsterinsights_sitenote_active":false,"_monsterinsights_sitenote_note":"","_monsterinsights_sitenote_category":0,"footnotes":"","_links_to":"","_links_to_target":""},"categories":[3,1,9,8],"tags":[3077],"class_list":["post-140292","post","type-post","status-publish","format-standard","has-post-thumbnail","hentry","category-gliwice","category-wszystko","category-aktualnosci_lokalne","category-samorzad_polityka","tag-arena-gliwice"],"yoast_head":"<!-- This site is optimized with the Yoast SEO plugin v27.5 - https:\/\/yoast.com\/product\/yoast-seo-wordpress\/ -->\n<title>Wyniki finansowe Areny Gliwice? Tajemnica. Operator nie chce ujawni\u0107 danych za pierwszy rok dzia\u0142alno\u015bci - 24GLIWICE - Portal Gliwice | codziennie nowe informacje<\/title>\n<meta name=\"robots\" content=\"index, follow, max-snippet:-1, max-image-preview:large, max-video-preview:-1\" \/>\n<link rel=\"canonical\" href=\"https:\/\/www.24gliwice.pl\/wiadomosci\/wyniki-finansowe-areny-gliwice-tajemnica-operator-nie-chce-ujawnic-danych-za-pierwszy-rok-dzialalnosci\/\" \/>\n<meta property=\"og:locale\" content=\"pl_PL\" \/>\n<meta property=\"og:type\" content=\"article\" \/>\n<meta property=\"og:title\" content=\"Wyniki finansowe Areny Gliwice? Tajemnica. Operator nie chce ujawni\u0107 danych za pierwszy rok dzia\u0142alno\u015bci - 24GLIWICE - Portal Gliwice | codziennie nowe informacje\" \/>\n<meta property=\"og:description\" content=\"Jaki jest bilans finansowy Areny Gliwice za pierwszy rok dzia\u0142alno\u015bci? Na to pytanie przez dwa miesi\u0105ce nie by\u0142o w stanie odpowiedzie\u0107 miasto, PWiK, ani kieruj\u0105ca obiektem sp\u00f3\u0142ka Arena Operator. Z ko\u0144cem maja tego roku min\u0105\u0142 rok od uruchomienia Areny Gliwice. Jeszcze w trakcie budowy obiektu wiele m\u00f3wi\u0142o si\u0119 o kosztach utrzymania obiektu. Postanowili\u015bmy zweryfikowa\u0107 sytuacj\u0119 [&hellip;]\" \/>\n<meta property=\"og:url\" content=\"https:\/\/www.24gliwice.pl\/wiadomosci\/wyniki-finansowe-areny-gliwice-tajemnica-operator-nie-chce-ujawnic-danych-za-pierwszy-rok-dzialalnosci\/\" \/>\n<meta property=\"og:site_name\" content=\"24GLIWICE - Portal Gliwice | codziennie nowe informacje\" \/>\n<meta property=\"article:publisher\" content=\"https:\/\/www.facebook.com\/24gliwice\" \/>\n<meta property=\"article:published_time\" content=\"2019-09-12T15:43:35+00:00\" \/>\n<meta property=\"og:image\" content=\"https:\/\/www.24gliwice.pl\/wiadomosci\/wp-content\/uploads\/2019\/09\/arena.jpg\" \/>\n\t<meta property=\"og:image:width\" content=\"1200\" \/>\n\t<meta property=\"og:image:height\" content=\"675\" \/>\n\t<meta property=\"og:image:type\" content=\"image\/jpeg\" \/>\n<meta name=\"author\" content=\"Micha\u0142 Szewczyk\" \/>\n<meta name=\"twitter:card\" content=\"summary_large_image\" \/>\n<meta name=\"twitter:creator\" content=\"@24gliwice\" \/>\n<meta name=\"twitter:site\" content=\"@24gliwice\" \/>\n<meta name=\"twitter:label1\" content=\"Napisane przez\" \/>\n\t<meta name=\"twitter:data1\" content=\"Micha\u0142 Szewczyk\" \/>\n\t<meta name=\"twitter:label2\" content=\"Szacowany czas czytania\" \/>\n\t<meta name=\"twitter:data2\" content=\"4 minuty\" \/>\n<script type=\"application\/ld+json\" class=\"yoast-schema-graph\">{\"@context\":\"https:\\\/\\\/schema.org\",\"@graph\":[{\"@type\":\"Article\",\"@id\":\"https:\\\/\\\/www.24gliwice.pl\\\/wiadomosci\\\/wyniki-finansowe-areny-gliwice-tajemnica-operator-nie-chce-ujawnic-danych-za-pierwszy-rok-dzialalnosci\\\/#article\",\"isPartOf\":{\"@id\":\"https:\\\/\\\/www.24gliwice.pl\\\/wiadomosci\\\/wyniki-finansowe-areny-gliwice-tajemnica-operator-nie-chce-ujawnic-danych-za-pierwszy-rok-dzialalnosci\\\/\"},\"author\":{\"name\":\"Micha\u0142 Szewczyk\",\"@id\":\"https:\\\/\\\/www.24gliwice.pl\\\/wiadomosci\\\/#\\\/schema\\\/person\\\/940e8f8a097e322de4f463f061ef8d45\"},\"headline\":\"Wyniki finansowe Areny Gliwice? Tajemnica. Operator nie chce ujawni\u0107 danych za pierwszy rok dzia\u0142alno\u015bci\",\"datePublished\":\"2019-09-12T15:43:35+00:00\",\"mainEntityOfPage\":{\"@id\":\"https:\\\/\\\/www.24gliwice.pl\\\/wiadomosci\\\/wyniki-finansowe-areny-gliwice-tajemnica-operator-nie-chce-ujawnic-danych-za-pierwszy-rok-dzialalnosci\\\/\"},\"wordCount\":776,\"commentCount\":0,\"publisher\":{\"@id\":\"https:\\\/\\\/www.24gliwice.pl\\\/wiadomosci\\\/#organization\"},\"image\":{\"@id\":\"https:\\\/\\\/www.24gliwice.pl\\\/wiadomosci\\\/wyniki-finansowe-areny-gliwice-tajemnica-operator-nie-chce-ujawnic-danych-za-pierwszy-rok-dzialalnosci\\\/#primaryimage\"},\"thumbnailUrl\":\"https:\\\/\\\/www.24gliwice.pl\\\/wiadomosci\\\/wp-content\\\/uploads\\\/2019\\\/09\\\/arena.jpg\",\"keywords\":[\"ARENA GLIWICE\"],\"articleSection\":[\"Gliwice\",\"Najnowsze wiadomo\u015bci\",\"Portal Gliwice - Wiadomo\u015bci lokalne\",\"Samorz\u0105d, polityka\"],\"inLanguage\":\"pl-PL\",\"potentialAction\":[{\"@type\":\"CommentAction\",\"name\":\"Comment\",\"target\":[\"https:\\\/\\\/www.24gliwice.pl\\\/wiadomosci\\\/wyniki-finansowe-areny-gliwice-tajemnica-operator-nie-chce-ujawnic-danych-za-pierwszy-rok-dzialalnosci\\\/#respond\"]}]},{\"@type\":\"WebPage\",\"@id\":\"https:\\\/\\\/www.24gliwice.pl\\\/wiadomosci\\\/wyniki-finansowe-areny-gliwice-tajemnica-operator-nie-chce-ujawnic-danych-za-pierwszy-rok-dzialalnosci\\\/\",\"url\":\"https:\\\/\\\/www.24gliwice.pl\\\/wiadomosci\\\/wyniki-finansowe-areny-gliwice-tajemnica-operator-nie-chce-ujawnic-danych-za-pierwszy-rok-dzialalnosci\\\/\",\"name\":\"Wyniki finansowe Areny Gliwice? Tajemnica. Operator nie chce ujawni\u0107 danych za pierwszy rok dzia\u0142alno\u015bci - 24GLIWICE - Portal Gliwice | codziennie nowe informacje\",\"isPartOf\":{\"@id\":\"https:\\\/\\\/www.24gliwice.pl\\\/wiadomosci\\\/#website\"},\"primaryImageOfPage\":{\"@id\":\"https:\\\/\\\/www.24gliwice.pl\\\/wiadomosci\\\/wyniki-finansowe-areny-gliwice-tajemnica-operator-nie-chce-ujawnic-danych-za-pierwszy-rok-dzialalnosci\\\/#primaryimage\"},\"image\":{\"@id\":\"https:\\\/\\\/www.24gliwice.pl\\\/wiadomosci\\\/wyniki-finansowe-areny-gliwice-tajemnica-operator-nie-chce-ujawnic-danych-za-pierwszy-rok-dzialalnosci\\\/#primaryimage\"},\"thumbnailUrl\":\"https:\\\/\\\/www.24gliwice.pl\\\/wiadomosci\\\/wp-content\\\/uploads\\\/2019\\\/09\\\/arena.jpg\",\"datePublished\":\"2019-09-12T15:43:35+00:00\",\"breadcrumb\":{\"@id\":\"https:\\\/\\\/www.24gliwice.pl\\\/wiadomosci\\\/wyniki-finansowe-areny-gliwice-tajemnica-operator-nie-chce-ujawnic-danych-za-pierwszy-rok-dzialalnosci\\\/#breadcrumb\"},\"inLanguage\":\"pl-PL\",\"potentialAction\":[{\"@type\":\"ReadAction\",\"target\":[\"https:\\\/\\\/www.24gliwice.pl\\\/wiadomosci\\\/wyniki-finansowe-areny-gliwice-tajemnica-operator-nie-chce-ujawnic-danych-za-pierwszy-rok-dzialalnosci\\\/\"]}]},{\"@type\":\"ImageObject\",\"inLanguage\":\"pl-PL\",\"@id\":\"https:\\\/\\\/www.24gliwice.pl\\\/wiadomosci\\\/wyniki-finansowe-areny-gliwice-tajemnica-operator-nie-chce-ujawnic-danych-za-pierwszy-rok-dzialalnosci\\\/#primaryimage\",\"url\":\"https:\\\/\\\/www.24gliwice.pl\\\/wiadomosci\\\/wp-content\\\/uploads\\\/2019\\\/09\\\/arena.jpg\",\"contentUrl\":\"https:\\\/\\\/www.24gliwice.pl\\\/wiadomosci\\\/wp-content\\\/uploads\\\/2019\\\/09\\\/arena.jpg\",\"width\":1200,\"height\":675,\"caption\":\"arena gliwice\"},{\"@type\":\"BreadcrumbList\",\"@id\":\"https:\\\/\\\/www.24gliwice.pl\\\/wiadomosci\\\/wyniki-finansowe-areny-gliwice-tajemnica-operator-nie-chce-ujawnic-danych-za-pierwszy-rok-dzialalnosci\\\/#breadcrumb\",\"itemListElement\":[{\"@type\":\"ListItem\",\"position\":1,\"name\":\"Strona g\u0142\u00f3wna\",\"item\":\"https:\\\/\\\/www.24gliwice.pl\\\/wiadomosci\\\/\"},{\"@type\":\"ListItem\",\"position\":2,\"name\":\"Wyniki finansowe Areny Gliwice? Tajemnica. Operator nie chce ujawni\u0107 danych za pierwszy rok dzia\u0142alno\u015bci\"}]},{\"@type\":\"WebSite\",\"@id\":\"https:\\\/\\\/www.24gliwice.pl\\\/wiadomosci\\\/#website\",\"url\":\"https:\\\/\\\/www.24gliwice.pl\\\/wiadomosci\\\/\",\"name\":\"24GLIWICE - Portal Gliwice | codziennie nowe wiadomo\u015bci\",\"description\":\"Portal Miejski Gliwice\",\"publisher\":{\"@id\":\"https:\\\/\\\/www.24gliwice.pl\\\/wiadomosci\\\/#organization\"},\"potentialAction\":[{\"@type\":\"SearchAction\",\"target\":{\"@type\":\"EntryPoint\",\"urlTemplate\":\"https:\\\/\\\/www.24gliwice.pl\\\/wiadomosci\\\/?s={search_term_string}\"},\"query-input\":{\"@type\":\"PropertyValueSpecification\",\"valueRequired\":true,\"valueName\":\"search_term_string\"}}],\"inLanguage\":\"pl-PL\"},{\"@type\":\"Organization\",\"@id\":\"https:\\\/\\\/www.24gliwice.pl\\\/wiadomosci\\\/#organization\",\"name\":\"24gliwice\",\"url\":\"https:\\\/\\\/www.24gliwice.pl\\\/wiadomosci\\\/\",\"logo\":{\"@type\":\"ImageObject\",\"inLanguage\":\"pl-PL\",\"@id\":\"https:\\\/\\\/www.24gliwice.pl\\\/wiadomosci\\\/#\\\/schema\\\/logo\\\/image\\\/\",\"url\":\"https:\\\/\\\/www.24gliwice.pl\\\/wiadomosci\\\/wp-content\\\/uploads\\\/2024\\\/10\\\/24gliwice-logo-696.jpg\",\"contentUrl\":\"https:\\\/\\\/www.24gliwice.pl\\\/wiadomosci\\\/wp-content\\\/uploads\\\/2024\\\/10\\\/24gliwice-logo-696.jpg\",\"width\":696,\"height\":696,\"caption\":\"24gliwice\"},\"image\":{\"@id\":\"https:\\\/\\\/www.24gliwice.pl\\\/wiadomosci\\\/#\\\/schema\\\/logo\\\/image\\\/\"},\"sameAs\":[\"https:\\\/\\\/www.facebook.com\\\/24gliwice\",\"https:\\\/\\\/x.com\\\/24gliwice\",\"https:\\\/\\\/www.youtube.com\\\/@24gliwice\"]},{\"@type\":\"Person\",\"@id\":\"https:\\\/\\\/www.24gliwice.pl\\\/wiadomosci\\\/#\\\/schema\\\/person\\\/940e8f8a097e322de4f463f061ef8d45\",\"name\":\"Micha\u0142 Szewczyk\",\"image\":{\"@type\":\"ImageObject\",\"inLanguage\":\"pl-PL\",\"@id\":\"https:\\\/\\\/secure.gravatar.com\\\/avatar\\\/771b8b6c74cd8d255e46392d605e01a86133900ef09b6ef3c8d451c9d92288cf?s=96&d=mm&r=g\",\"url\":\"https:\\\/\\\/secure.gravatar.com\\\/avatar\\\/771b8b6c74cd8d255e46392d605e01a86133900ef09b6ef3c8d451c9d92288cf?s=96&d=mm&r=g\",\"contentUrl\":\"https:\\\/\\\/secure.gravatar.com\\\/avatar\\\/771b8b6c74cd8d255e46392d605e01a86133900ef09b6ef3c8d451c9d92288cf?s=96&d=mm&r=g\",\"caption\":\"Micha\u0142 Szewczyk\"},\"sameAs\":[\"http:\\\/\\\/www.gazeta-miejska.pl\"],\"url\":\"https:\\\/\\\/www.24gliwice.pl\\\/wiadomosci\\\/author\\\/michal-szewczyk\\\/\"}]}<\/script>\n<!-- \/ Yoast SEO plugin. -->","yoast_head_json":{"title":"Wyniki finansowe Areny Gliwice? Tajemnica. Operator nie chce ujawni\u0107 danych za pierwszy rok dzia\u0142alno\u015bci - 24GLIWICE - Portal Gliwice | codziennie nowe informacje","robots":{"index":"index","follow":"follow","max-snippet":"max-snippet:-1","max-image-preview":"max-image-preview:large","max-video-preview":"max-video-preview:-1"},"canonical":"https:\/\/www.24gliwice.pl\/wiadomosci\/wyniki-finansowe-areny-gliwice-tajemnica-operator-nie-chce-ujawnic-danych-za-pierwszy-rok-dzialalnosci\/","og_locale":"pl_PL","og_type":"article","og_title":"Wyniki finansowe Areny Gliwice? Tajemnica. Operator nie chce ujawni\u0107 danych za pierwszy rok dzia\u0142alno\u015bci - 24GLIWICE - Portal Gliwice | codziennie nowe informacje","og_description":"Jaki jest bilans finansowy Areny Gliwice za pierwszy rok dzia\u0142alno\u015bci? Na to pytanie przez dwa miesi\u0105ce nie by\u0142o w stanie odpowiedzie\u0107 miasto, PWiK, ani kieruj\u0105ca obiektem sp\u00f3\u0142ka Arena Operator. Z ko\u0144cem maja tego roku min\u0105\u0142 rok od uruchomienia Areny Gliwice. Jeszcze w trakcie budowy obiektu wiele m\u00f3wi\u0142o si\u0119 o kosztach utrzymania obiektu. Postanowili\u015bmy zweryfikowa\u0107 sytuacj\u0119 [&hellip;]","og_url":"https:\/\/www.24gliwice.pl\/wiadomosci\/wyniki-finansowe-areny-gliwice-tajemnica-operator-nie-chce-ujawnic-danych-za-pierwszy-rok-dzialalnosci\/","og_site_name":"24GLIWICE - Portal Gliwice | codziennie nowe informacje","article_publisher":"https:\/\/www.facebook.com\/24gliwice","article_published_time":"2019-09-12T15:43:35+00:00","og_image":[{"width":1200,"height":675,"url":"https:\/\/www.24gliwice.pl\/wiadomosci\/wp-content\/uploads\/2019\/09\/arena.jpg","type":"image\/jpeg"}],"author":"Micha\u0142 Szewczyk","twitter_card":"summary_large_image","twitter_creator":"@24gliwice","twitter_site":"@24gliwice","twitter_misc":{"Napisane przez":"Micha\u0142 Szewczyk","Szacowany czas czytania":"4 minuty"},"schema":{"@context":"https:\/\/schema.org","@graph":[{"@type":"Article","@id":"https:\/\/www.24gliwice.pl\/wiadomosci\/wyniki-finansowe-areny-gliwice-tajemnica-operator-nie-chce-ujawnic-danych-za-pierwszy-rok-dzialalnosci\/#article","isPartOf":{"@id":"https:\/\/www.24gliwice.pl\/wiadomosci\/wyniki-finansowe-areny-gliwice-tajemnica-operator-nie-chce-ujawnic-danych-za-pierwszy-rok-dzialalnosci\/"},"author":{"name":"Micha\u0142 Szewczyk","@id":"https:\/\/www.24gliwice.pl\/wiadomosci\/#\/schema\/person\/940e8f8a097e322de4f463f061ef8d45"},"headline":"Wyniki finansowe Areny Gliwice? Tajemnica. Operator nie chce ujawni\u0107 danych za pierwszy rok dzia\u0142alno\u015bci","datePublished":"2019-09-12T15:43:35+00:00","mainEntityOfPage":{"@id":"https:\/\/www.24gliwice.pl\/wiadomosci\/wyniki-finansowe-areny-gliwice-tajemnica-operator-nie-chce-ujawnic-danych-za-pierwszy-rok-dzialalnosci\/"},"wordCount":776,"commentCount":0,"publisher":{"@id":"https:\/\/www.24gliwice.pl\/wiadomosci\/#organization"},"image":{"@id":"https:\/\/www.24gliwice.pl\/wiadomosci\/wyniki-finansowe-areny-gliwice-tajemnica-operator-nie-chce-ujawnic-danych-za-pierwszy-rok-dzialalnosci\/#primaryimage"},"thumbnailUrl":"https:\/\/www.24gliwice.pl\/wiadomosci\/wp-content\/uploads\/2019\/09\/arena.jpg","keywords":["ARENA GLIWICE"],"articleSection":["Gliwice","Najnowsze wiadomo\u015bci","Portal Gliwice - Wiadomo\u015bci lokalne","Samorz\u0105d, polityka"],"inLanguage":"pl-PL","potentialAction":[{"@type":"CommentAction","name":"Comment","target":["https:\/\/www.24gliwice.pl\/wiadomosci\/wyniki-finansowe-areny-gliwice-tajemnica-operator-nie-chce-ujawnic-danych-za-pierwszy-rok-dzialalnosci\/#respond"]}]},{"@type":"WebPage","@id":"https:\/\/www.24gliwice.pl\/wiadomosci\/wyniki-finansowe-areny-gliwice-tajemnica-operator-nie-chce-ujawnic-danych-za-pierwszy-rok-dzialalnosci\/","url":"https:\/\/www.24gliwice.pl\/wiadomosci\/wyniki-finansowe-areny-gliwice-tajemnica-operator-nie-chce-ujawnic-danych-za-pierwszy-rok-dzialalnosci\/","name":"Wyniki finansowe Areny Gliwice? Tajemnica. Operator nie chce ujawni\u0107 danych za pierwszy rok dzia\u0142alno\u015bci - 24GLIWICE - Portal Gliwice | codziennie nowe informacje","isPartOf":{"@id":"https:\/\/www.24gliwice.pl\/wiadomosci\/#website"},"primaryImageOfPage":{"@id":"https:\/\/www.24gliwice.pl\/wiadomosci\/wyniki-finansowe-areny-gliwice-tajemnica-operator-nie-chce-ujawnic-danych-za-pierwszy-rok-dzialalnosci\/#primaryimage"},"image":{"@id":"https:\/\/www.24gliwice.pl\/wiadomosci\/wyniki-finansowe-areny-gliwice-tajemnica-operator-nie-chce-ujawnic-danych-za-pierwszy-rok-dzialalnosci\/#primaryimage"},"thumbnailUrl":"https:\/\/www.24gliwice.pl\/wiadomosci\/wp-content\/uploads\/2019\/09\/arena.jpg","datePublished":"2019-09-12T15:43:35+00:00","breadcrumb":{"@id":"https:\/\/www.24gliwice.pl\/wiadomosci\/wyniki-finansowe-areny-gliwice-tajemnica-operator-nie-chce-ujawnic-danych-za-pierwszy-rok-dzialalnosci\/#breadcrumb"},"inLanguage":"pl-PL","potentialAction":[{"@type":"ReadAction","target":["https:\/\/www.24gliwice.pl\/wiadomosci\/wyniki-finansowe-areny-gliwice-tajemnica-operator-nie-chce-ujawnic-danych-za-pierwszy-rok-dzialalnosci\/"]}]},{"@type":"ImageObject","inLanguage":"pl-PL","@id":"https:\/\/www.24gliwice.pl\/wiadomosci\/wyniki-finansowe-areny-gliwice-tajemnica-operator-nie-chce-ujawnic-danych-za-pierwszy-rok-dzialalnosci\/#primaryimage","url":"https:\/\/www.24gliwice.pl\/wiadomosci\/wp-content\/uploads\/2019\/09\/arena.jpg","contentUrl":"https:\/\/www.24gliwice.pl\/wiadomosci\/wp-content\/uploads\/2019\/09\/arena.jpg","width":1200,"height":675,"caption":"arena gliwice"},{"@type":"BreadcrumbList","@id":"https:\/\/www.24gliwice.pl\/wiadomosci\/wyniki-finansowe-areny-gliwice-tajemnica-operator-nie-chce-ujawnic-danych-za-pierwszy-rok-dzialalnosci\/#breadcrumb","itemListElement":[{"@type":"ListItem","position":1,"name":"Strona g\u0142\u00f3wna","item":"https:\/\/www.24gliwice.pl\/wiadomosci\/"},{"@type":"ListItem","position":2,"name":"Wyniki finansowe Areny Gliwice? Tajemnica. Operator nie chce ujawni\u0107 danych za pierwszy rok dzia\u0142alno\u015bci"}]},{"@type":"WebSite","@id":"https:\/\/www.24gliwice.pl\/wiadomosci\/#website","url":"https:\/\/www.24gliwice.pl\/wiadomosci\/","name":"24GLIWICE - Portal Gliwice | codziennie nowe wiadomo\u015bci","description":"Portal Miejski Gliwice","publisher":{"@id":"https:\/\/www.24gliwice.pl\/wiadomosci\/#organization"},"potentialAction":[{"@type":"SearchAction","target":{"@type":"EntryPoint","urlTemplate":"https:\/\/www.24gliwice.pl\/wiadomosci\/?s={search_term_string}"},"query-input":{"@type":"PropertyValueSpecification","valueRequired":true,"valueName":"search_term_string"}}],"inLanguage":"pl-PL"},{"@type":"Organization","@id":"https:\/\/www.24gliwice.pl\/wiadomosci\/#organization","name":"24gliwice","url":"https:\/\/www.24gliwice.pl\/wiadomosci\/","logo":{"@type":"ImageObject","inLanguage":"pl-PL","@id":"https:\/\/www.24gliwice.pl\/wiadomosci\/#\/schema\/logo\/image\/","url":"https:\/\/www.24gliwice.pl\/wiadomosci\/wp-content\/uploads\/2024\/10\/24gliwice-logo-696.jpg","contentUrl":"https:\/\/www.24gliwice.pl\/wiadomosci\/wp-content\/uploads\/2024\/10\/24gliwice-logo-696.jpg","width":696,"height":696,"caption":"24gliwice"},"image":{"@id":"https:\/\/www.24gliwice.pl\/wiadomosci\/#\/schema\/logo\/image\/"},"sameAs":["https:\/\/www.facebook.com\/24gliwice","https:\/\/x.com\/24gliwice","https:\/\/www.youtube.com\/@24gliwice"]},{"@type":"Person","@id":"https:\/\/www.24gliwice.pl\/wiadomosci\/#\/schema\/person\/940e8f8a097e322de4f463f061ef8d45","name":"Micha\u0142 Szewczyk","image":{"@type":"ImageObject","inLanguage":"pl-PL","@id":"https:\/\/secure.gravatar.com\/avatar\/771b8b6c74cd8d255e46392d605e01a86133900ef09b6ef3c8d451c9d92288cf?s=96&d=mm&r=g","url":"https:\/\/secure.gravatar.com\/avatar\/771b8b6c74cd8d255e46392d605e01a86133900ef09b6ef3c8d451c9d92288cf?s=96&d=mm&r=g","contentUrl":"https:\/\/secure.gravatar.com\/avatar\/771b8b6c74cd8d255e46392d605e01a86133900ef09b6ef3c8d451c9d92288cf?s=96&d=mm&r=g","caption":"Micha\u0142 Szewczyk"},"sameAs":["http:\/\/www.gazeta-miejska.pl"],"url":"https:\/\/www.24gliwice.pl\/wiadomosci\/author\/michal-szewczyk\/"}]}},"_links":{"self":[{"href":"https:\/\/www.24gliwice.pl\/wiadomosci\/wp-json\/wp\/v2\/posts\/140292","targetHints":{"allow":["GET"]}}],"collection":[{"href":"https:\/\/www.24gliwice.pl\/wiadomosci\/wp-json\/wp\/v2\/posts"}],"about":[{"href":"https:\/\/www.24gliwice.pl\/wiadomosci\/wp-json\/wp\/v2\/types\/post"}],"author":[{"embeddable":true,"href":"https:\/\/www.24gliwice.pl\/wiadomosci\/wp-json\/wp\/v2\/users\/12"}],"replies":[{"embeddable":true,"href":"https:\/\/www.24gliwice.pl\/wiadomosci\/wp-json\/wp\/v2\/comments?post=140292"}],"version-history":[{"count":0,"href":"https:\/\/www.24gliwice.pl\/wiadomosci\/wp-json\/wp\/v2\/posts\/140292\/revisions"}],"wp:featuredmedia":[{"embeddable":true,"href":"https:\/\/www.24gliwice.pl\/wiadomosci\/wp-json\/wp\/v2\/media\/140294"}],"wp:attachment":[{"href":"https:\/\/www.24gliwice.pl\/wiadomosci\/wp-json\/wp\/v2\/media?parent=140292"}],"wp:term":[{"taxonomy":"category","embeddable":true,"href":"https:\/\/www.24gliwice.pl\/wiadomosci\/wp-json\/wp\/v2\/categories?post=140292"},{"taxonomy":"post_tag","embeddable":true,"href":"https:\/\/www.24gliwice.pl\/wiadomosci\/wp-json\/wp\/v2\/tags?post=140292"}],"curies":[{"name":"wp","href":"https:\/\/api.w.org\/{rel}","templated":true}]}}