{"id":140365,"date":"2019-09-12T06:59:45","date_gmt":"2019-09-12T04:59:45","guid":{"rendered":"https:\/\/www.24gliwice.pl\/wiadomosci\/?p=140365"},"modified":"2019-09-11T22:00:42","modified_gmt":"2019-09-11T20:00:42","slug":"na-terenach-zielonych-znow-bedzie-mozna-spotkac-brunatne-krazki-to-szczepionki-przeciwko-wsciekliznie","status":"publish","type":"post","link":"https:\/\/www.24gliwice.pl\/wiadomosci\/na-terenach-zielonych-znow-bedzie-mozna-spotkac-brunatne-krazki-to-szczepionki-przeciwko-wsciekliznie\/","title":{"rendered":"Na terenach zielonych zn\u00f3w b\u0119dzie mo\u017cna spotka\u0107 brunatne kr\u0105\u017cki. To szczepionki przeciwko w\u015bciekli\u017anie"},"content":{"rendered":"<div class=\"gliwi-a6-nad-leadem-artykulow gliwi-entity-placement\" id=\"gliwi-1225518353\"><div class=\"gliwi-adlabel\"><span style=\"font-size: 9px\">REKLAMA<\/span><\/div><div id=\"gliwi-2029848804\" style=\"margin-bottom: 30px;margin-left: auto;margin-right: auto;text-align: center;\"><a data-no-instant=\"1\" href=\"https:\/\/przedszkole.halogen.org.pl\/\" rel=\"noopener\" class=\"a2t-link\" target=\"_blank\" aria-label=\"20260402-ANIMATOR-przedszkole_grafika_750x200\"><img loading=\"lazy\" decoding=\"async\" src=\"https:\/\/www.24gliwice.pl\/wiadomosci\/wp-content\/uploads\/2026\/04\/20260402-ANIMATOR-przedszkole_grafika_750x200.webp\" alt=\"\"  srcset=\"https:\/\/www.24gliwice.pl\/wiadomosci\/wp-content\/uploads\/2026\/04\/20260402-ANIMATOR-przedszkole_grafika_750x200.webp 750w, https:\/\/www.24gliwice.pl\/wiadomosci\/wp-content\/uploads\/2026\/04\/20260402-ANIMATOR-przedszkole_grafika_750x200-410x109.webp 410w\" sizes=\"(max-width: 750px) 100vw, 750px\" class=\"no-lazyload\" width=\"750\" height=\"200\"  style=\"display: inline-block; max-width: 100%; height: auto;\" \/><\/a><\/div><\/div><h3>W\u015bcieklizna to gro\u017ana choroba wirusowa, przed kt\u00f3r\u0105 chroni\u0105 szczepienia. W\u015br\u00f3d zwierz\u0105t wolno \u017cyj\u0105cych, a konkretniej lis\u00f3w, akcje profilaktyczne przeprowadzane s\u0105 dwukrotnie w ci\u0105gu roku. Jesienna wkr\u00f3tce si\u0119 rozpocznie.<\/h3>\n<p>\u015al\u0105ski Wojew\u00f3dzki Lekarz Weterynarii informuje, \u017ce w dniach 18.09.-27.09.2019 r. na terenie ca\u0142ego wojew\u00f3dztwa \u015bl\u0105skiego prowadzona b\u0119dzie akcja szczepienia lis\u00f3w wolno \u017cyj\u0105cych przeciwko w\u015bciekli\u017anie.<\/p>\n<h3>Przyn\u0119ta, zawieraj\u0105ca szczepionk\u0119 dla lis\u00f3w do wy\u0142o\u017cenia, ma posta\u0107 ma\u0142ych brunatnych kr\u0105\u017ck\u00f3w o zapachu zepsutej ryby.<\/h3>\n<p>Podczas podj\u0119cia przyn\u0119ty przez lisa, tym samym przegryzieniu zatopionej w niej kapsu\u0142ki zawieraj\u0105cej szczepionk\u0119, w wyniku kontaktu szczepionkowego wirusa z b\u0142on\u0105 \u015bluzow\u0105 dochodzi do zaszczepienia zwierz\u0119cia. <\/p><div class=\"gliwi-a3-w-tresci-artykulow gliwi-entity-placement\" id=\"gliwi-1806321943\"><div class=\"gliwi-adlabel\"><span style=\"font-size: 9px\">REKLAMA<\/span><\/div><div id=\"gliwi-187530840\" style=\"margin-bottom: 30px;margin-left: auto;margin-right: auto;text-align: center;\"><a data-no-instant=\"1\" href=\"https:\/\/zlobek.halogen.org.pl\/\" rel=\"noopener\" class=\"a2t-link\" target=\"_blank\" aria-label=\"animator-zlobek_750x200\"><img loading=\"lazy\" decoding=\"async\" src=\"https:\/\/www.24gliwice.pl\/wiadomosci\/wp-content\/uploads\/2026\/02\/animator-zlobek_750x200.webp\" alt=\"\"  srcset=\"https:\/\/www.24gliwice.pl\/wiadomosci\/wp-content\/uploads\/2026\/02\/animator-zlobek_750x200.webp 750w, https:\/\/www.24gliwice.pl\/wiadomosci\/wp-content\/uploads\/2026\/02\/animator-zlobek_750x200-410x109.webp 410w\" sizes=\"(max-width: 750px) 100vw, 750px\" class=\"no-lazyload\" width=\"750\" height=\"200\"  style=\"display: inline-block; max-width: 100%; height: auto;\" \/><\/a><\/div><\/div>\n<p>W sumie na terenie wojew\u00f3dztwa \u015bl\u0105skiego podczas jesiennej akcji szczepie\u0144 zostanie wy\u0142o\u017conych 146320 dawek szczepionki (20 dawek szczepionki na 1 km2). Akcja b\u0119dzie prowadzona przy u\u017cyciu samolot\u00f3w startuj\u0105cych z lotniska Katowice-Muchowiec. Szczepionki b\u0119d\u0105 zrzucane nie tylko nad lasami, ale r\u00f3wnie\u017c nad pozosta\u0142ymi terenami zielonymi np. pola, \u0142\u0105ki, ogr\u00f3dki dzia\u0142kowe. <\/p>\n<p>\u015al\u0105ski Wojew\u00f3dzki Lekarz Weterynarii apeluje do mieszka\u0144c\u00f3w wojew\u00f3dztwa o nie podnoszenie szczepionek z ziemi. Znalezion\u0105 przyn\u0119t\u0119 nale\u017cy pozostawi\u0107 w danym miejscu. Nale\u017cy pami\u0119ta\u0107 o tym, \u017ce \u201ezapach ludzki\u201d pozostawiony na przyn\u0119cie sprawia, \u017ce staje si\u0119 ona nieatrakcyjna dla lisa.<\/p>\n<h3>Nale\u017cy pami\u0119ta\u0107, \u017ce przez dwa tygodnie po przeprowadzeniu akcji nie powinno si\u0119 wyprowadza\u0107 zwierz\u0105t domowych na tereny zielone (lasy, pola, \u0142\u0105ki).<\/h3>\n<p>Sama przyn\u0119ta nie jest niebezpieczna dla cz\u0142owieka, jednak w przypadku otwarcia kapsu\u0142ki, kt\u00f3ra znajduje si\u0119 we wn\u0119trzu przyn\u0119ty, nale\u017cy niezw\u0142ocznie skontaktowa\u0107 si\u0119 lekarzem medycyny informuj\u0105c go o tym fakcie. Po kontakcie z p\u0142ynn\u0105 zawarto\u015bci\u0105 kapsu\u0142ki nale\u017cy r\u00f3wnie\u017c bezzw\u0142ocznie umy\u0107 wod\u0105 z myd\u0142em cz\u0119\u015bci cia\u0142a, kt\u00f3re zetkn\u0119\u0142y si\u0119 ze szczepionk\u0105.<\/p>\n<p>Wszelkie dodatkowe informacje w tej sprawie s\u0105 udzielane pod numerem telefonu: 32 42 88 615.<\/p>\n<p>(\u017cms)\/UM Zabrze\/Starostwo Gliwice<\/p>\n<div class=\"gliwi-a5-na-koncu-artykulow gliwi-entity-placement\" id=\"gliwi-271599446\"><div class=\"gliwi-adlabel\"><span style=\"font-size: 9px\">REKLAMA<\/span><\/div><div id=\"gliwi-2139536047\" style=\"margin-left: auto;margin-right: auto;text-align: center;\"><a data-no-instant=\"1\" href=\"https:\/\/prezeroarenagliwice.pl\/\" rel=\"noopener\" class=\"a2t-link\" target=\"_blank\" aria-label=\"20260309-PREZERO-WIOSNA-D\"><img loading=\"lazy\" decoding=\"async\" src=\"https:\/\/www.24gliwice.pl\/wiadomosci\/wp-content\/uploads\/2026\/03\/20260309-PREZERO-WIOSNA-D.webp\" alt=\"\"  srcset=\"https:\/\/www.24gliwice.pl\/wiadomosci\/wp-content\/uploads\/2026\/03\/20260309-PREZERO-WIOSNA-D.webp 750w, https:\/\/www.24gliwice.pl\/wiadomosci\/wp-content\/uploads\/2026\/03\/20260309-PREZERO-WIOSNA-D-410x109.webp 410w\" sizes=\"(max-width: 750px) 100vw, 750px\" class=\"no-lazyload\" width=\"750\" height=\"200\"  style=\"display: inline-block; max-width: 100%; height: auto;\" \/><\/a><\/div><\/div>","protected":false},"excerpt":{"rendered":"<p>W\u015bcieklizna to gro\u017ana choroba wirusowa, przed kt\u00f3r\u0105 chroni\u0105 szczepienia. W\u015br\u00f3d zwierz\u0105t wolno \u017cyj\u0105cych, a konkretniej lis\u00f3w, akcje profilaktyczne przeprowadzane s\u0105 dwukrotnie w ci\u0105gu roku. Jesienna wkr\u00f3tce si\u0119 rozpocznie. \u015al\u0105ski Wojew\u00f3dzki Lekarz Weterynarii informuje, \u017ce w dniach 18.09.-27.09.2019 r. na terenie ca\u0142ego wojew\u00f3dztwa \u015bl\u0105skiego prowadzona b\u0119dzie akcja szczepienia lis\u00f3w wolno \u017cyj\u0105cych przeciwko w\u015bciekli\u017anie. Przyn\u0119ta, zawieraj\u0105ca szczepionk\u0119 [&hellip;]<\/p>\n","protected":false},"author":15,"featured_media":114973,"comment_status":"open","ping_status":"closed","sticky":false,"template":"","format":"standard","meta":{"_monsterinsights_skip_tracking":false,"_monsterinsights_sitenote_active":false,"_monsterinsights_sitenote_note":"","_monsterinsights_sitenote_category":0,"footnotes":"","_links_to":"","_links_to_target":""},"categories":[3,1],"tags":[13332,11984,11100],"class_list":["post-140365","post","type-post","status-publish","format-standard","has-post-thumbnail","hentry","category-gliwice","category-wszystko","tag-brunatne-krazki","tag-szczepienie-lisow","tag-wscieklizna"],"yoast_head":"<!-- This site is optimized with the Yoast SEO plugin v27.5 - https:\/\/yoast.com\/product\/yoast-seo-wordpress\/ -->\n<title>Na terenach zielonych zn\u00f3w b\u0119dzie mo\u017cna spotka\u0107 brunatne kr\u0105\u017cki. To szczepionki przeciwko w\u015bciekli\u017anie - 24GLIWICE - Portal Gliwice | codziennie nowe informacje<\/title>\n<meta name=\"robots\" content=\"index, follow, max-snippet:-1, max-image-preview:large, max-video-preview:-1\" \/>\n<link rel=\"canonical\" href=\"https:\/\/www.24gliwice.pl\/wiadomosci\/na-terenach-zielonych-znow-bedzie-mozna-spotkac-brunatne-krazki-to-szczepionki-przeciwko-wsciekliznie\/\" \/>\n<meta property=\"og:locale\" content=\"pl_PL\" \/>\n<meta property=\"og:type\" content=\"article\" \/>\n<meta property=\"og:title\" content=\"Na terenach zielonych zn\u00f3w b\u0119dzie mo\u017cna spotka\u0107 brunatne kr\u0105\u017cki. To szczepionki przeciwko w\u015bciekli\u017anie - 24GLIWICE - Portal Gliwice | codziennie nowe informacje\" \/>\n<meta property=\"og:description\" content=\"W\u015bcieklizna to gro\u017ana choroba wirusowa, przed kt\u00f3r\u0105 chroni\u0105 szczepienia. W\u015br\u00f3d zwierz\u0105t wolno \u017cyj\u0105cych, a konkretniej lis\u00f3w, akcje profilaktyczne przeprowadzane s\u0105 dwukrotnie w ci\u0105gu roku. Jesienna wkr\u00f3tce si\u0119 rozpocznie. \u015al\u0105ski Wojew\u00f3dzki Lekarz Weterynarii informuje, \u017ce w dniach 18.09.-27.09.2019 r. na terenie ca\u0142ego wojew\u00f3dztwa \u015bl\u0105skiego prowadzona b\u0119dzie akcja szczepienia lis\u00f3w wolno \u017cyj\u0105cych przeciwko w\u015bciekli\u017anie. Przyn\u0119ta, zawieraj\u0105ca szczepionk\u0119 [&hellip;]\" \/>\n<meta property=\"og:url\" content=\"https:\/\/www.24gliwice.pl\/wiadomosci\/na-terenach-zielonych-znow-bedzie-mozna-spotkac-brunatne-krazki-to-szczepionki-przeciwko-wsciekliznie\/\" \/>\n<meta property=\"og:site_name\" content=\"24GLIWICE - Portal Gliwice | codziennie nowe informacje\" \/>\n<meta property=\"article:publisher\" content=\"https:\/\/www.facebook.com\/24gliwice\" \/>\n<meta property=\"article:published_time\" content=\"2019-09-12T04:59:45+00:00\" \/>\n<meta property=\"og:image\" content=\"https:\/\/www.24gliwice.pl\/wiadomosci\/wp-content\/uploads\/2018\/03\/lisz-szczepienie-e1522408255478.jpeg\" \/>\n\t<meta property=\"og:image:width\" content=\"810\" \/>\n\t<meta property=\"og:image:height\" content=\"456\" \/>\n\t<meta property=\"og:image:type\" content=\"image\/jpeg\" \/>\n<meta name=\"author\" content=\"\u017baneta Mrozek-Siewierska\" \/>\n<meta name=\"twitter:card\" content=\"summary_large_image\" \/>\n<meta name=\"twitter:creator\" content=\"@24gliwice\" \/>\n<meta name=\"twitter:site\" content=\"@24gliwice\" \/>\n<meta name=\"twitter:label1\" content=\"Napisane przez\" \/>\n\t<meta name=\"twitter:data1\" content=\"\u017baneta Mrozek-Siewierska\" \/>\n\t<meta name=\"twitter:label2\" content=\"Szacowany czas czytania\" \/>\n\t<meta name=\"twitter:data2\" content=\"2 minuty\" \/>\n<script type=\"application\/ld+json\" class=\"yoast-schema-graph\">{\"@context\":\"https:\\\/\\\/schema.org\",\"@graph\":[{\"@type\":\"Article\",\"@id\":\"https:\\\/\\\/www.24gliwice.pl\\\/wiadomosci\\\/na-terenach-zielonych-znow-bedzie-mozna-spotkac-brunatne-krazki-to-szczepionki-przeciwko-wsciekliznie\\\/#article\",\"isPartOf\":{\"@id\":\"https:\\\/\\\/www.24gliwice.pl\\\/wiadomosci\\\/na-terenach-zielonych-znow-bedzie-mozna-spotkac-brunatne-krazki-to-szczepionki-przeciwko-wsciekliznie\\\/\"},\"author\":{\"name\":\"\u017baneta Mrozek-Siewierska\",\"@id\":\"https:\\\/\\\/www.24gliwice.pl\\\/wiadomosci\\\/#\\\/schema\\\/person\\\/e42c650edd7f2fa332be3811fb166b6e\"},\"headline\":\"Na terenach zielonych zn\u00f3w b\u0119dzie mo\u017cna spotka\u0107 brunatne kr\u0105\u017cki. To szczepionki przeciwko w\u015bciekli\u017anie\",\"datePublished\":\"2019-09-12T04:59:45+00:00\",\"mainEntityOfPage\":{\"@id\":\"https:\\\/\\\/www.24gliwice.pl\\\/wiadomosci\\\/na-terenach-zielonych-znow-bedzie-mozna-spotkac-brunatne-krazki-to-szczepionki-przeciwko-wsciekliznie\\\/\"},\"wordCount\":364,\"commentCount\":0,\"publisher\":{\"@id\":\"https:\\\/\\\/www.24gliwice.pl\\\/wiadomosci\\\/#organization\"},\"image\":{\"@id\":\"https:\\\/\\\/www.24gliwice.pl\\\/wiadomosci\\\/na-terenach-zielonych-znow-bedzie-mozna-spotkac-brunatne-krazki-to-szczepionki-przeciwko-wsciekliznie\\\/#primaryimage\"},\"thumbnailUrl\":\"https:\\\/\\\/www.24gliwice.pl\\\/wiadomosci\\\/wp-content\\\/uploads\\\/2018\\\/03\\\/lisz-szczepienie-e1522408255478.jpeg\",\"keywords\":[\"brunatne kr\u0105\u017cki\",\"szczepienie lis\u00f3w\",\"w\u015bcieklizna\"],\"articleSection\":[\"Gliwice\",\"Najnowsze wiadomo\u015bci\"],\"inLanguage\":\"pl-PL\",\"potentialAction\":[{\"@type\":\"CommentAction\",\"name\":\"Comment\",\"target\":[\"https:\\\/\\\/www.24gliwice.pl\\\/wiadomosci\\\/na-terenach-zielonych-znow-bedzie-mozna-spotkac-brunatne-krazki-to-szczepionki-przeciwko-wsciekliznie\\\/#respond\"]}]},{\"@type\":\"WebPage\",\"@id\":\"https:\\\/\\\/www.24gliwice.pl\\\/wiadomosci\\\/na-terenach-zielonych-znow-bedzie-mozna-spotkac-brunatne-krazki-to-szczepionki-przeciwko-wsciekliznie\\\/\",\"url\":\"https:\\\/\\\/www.24gliwice.pl\\\/wiadomosci\\\/na-terenach-zielonych-znow-bedzie-mozna-spotkac-brunatne-krazki-to-szczepionki-przeciwko-wsciekliznie\\\/\",\"name\":\"Na terenach zielonych zn\u00f3w b\u0119dzie mo\u017cna spotka\u0107 brunatne kr\u0105\u017cki. To szczepionki przeciwko w\u015bciekli\u017anie - 24GLIWICE - Portal Gliwice | codziennie nowe informacje\",\"isPartOf\":{\"@id\":\"https:\\\/\\\/www.24gliwice.pl\\\/wiadomosci\\\/#website\"},\"primaryImageOfPage\":{\"@id\":\"https:\\\/\\\/www.24gliwice.pl\\\/wiadomosci\\\/na-terenach-zielonych-znow-bedzie-mozna-spotkac-brunatne-krazki-to-szczepionki-przeciwko-wsciekliznie\\\/#primaryimage\"},\"image\":{\"@id\":\"https:\\\/\\\/www.24gliwice.pl\\\/wiadomosci\\\/na-terenach-zielonych-znow-bedzie-mozna-spotkac-brunatne-krazki-to-szczepionki-przeciwko-wsciekliznie\\\/#primaryimage\"},\"thumbnailUrl\":\"https:\\\/\\\/www.24gliwice.pl\\\/wiadomosci\\\/wp-content\\\/uploads\\\/2018\\\/03\\\/lisz-szczepienie-e1522408255478.jpeg\",\"datePublished\":\"2019-09-12T04:59:45+00:00\",\"breadcrumb\":{\"@id\":\"https:\\\/\\\/www.24gliwice.pl\\\/wiadomosci\\\/na-terenach-zielonych-znow-bedzie-mozna-spotkac-brunatne-krazki-to-szczepionki-przeciwko-wsciekliznie\\\/#breadcrumb\"},\"inLanguage\":\"pl-PL\",\"potentialAction\":[{\"@type\":\"ReadAction\",\"target\":[\"https:\\\/\\\/www.24gliwice.pl\\\/wiadomosci\\\/na-terenach-zielonych-znow-bedzie-mozna-spotkac-brunatne-krazki-to-szczepionki-przeciwko-wsciekliznie\\\/\"]}]},{\"@type\":\"ImageObject\",\"inLanguage\":\"pl-PL\",\"@id\":\"https:\\\/\\\/www.24gliwice.pl\\\/wiadomosci\\\/na-terenach-zielonych-znow-bedzie-mozna-spotkac-brunatne-krazki-to-szczepionki-przeciwko-wsciekliznie\\\/#primaryimage\",\"url\":\"https:\\\/\\\/www.24gliwice.pl\\\/wiadomosci\\\/wp-content\\\/uploads\\\/2018\\\/03\\\/lisz-szczepienie-e1522408255478.jpeg\",\"contentUrl\":\"https:\\\/\\\/www.24gliwice.pl\\\/wiadomosci\\\/wp-content\\\/uploads\\\/2018\\\/03\\\/lisz-szczepienie-e1522408255478.jpeg\",\"width\":810,\"height\":456},{\"@type\":\"BreadcrumbList\",\"@id\":\"https:\\\/\\\/www.24gliwice.pl\\\/wiadomosci\\\/na-terenach-zielonych-znow-bedzie-mozna-spotkac-brunatne-krazki-to-szczepionki-przeciwko-wsciekliznie\\\/#breadcrumb\",\"itemListElement\":[{\"@type\":\"ListItem\",\"position\":1,\"name\":\"Strona g\u0142\u00f3wna\",\"item\":\"https:\\\/\\\/www.24gliwice.pl\\\/wiadomosci\\\/\"},{\"@type\":\"ListItem\",\"position\":2,\"name\":\"Na terenach zielonych zn\u00f3w b\u0119dzie mo\u017cna spotka\u0107 brunatne kr\u0105\u017cki. To szczepionki przeciwko w\u015bciekli\u017anie\"}]},{\"@type\":\"WebSite\",\"@id\":\"https:\\\/\\\/www.24gliwice.pl\\\/wiadomosci\\\/#website\",\"url\":\"https:\\\/\\\/www.24gliwice.pl\\\/wiadomosci\\\/\",\"name\":\"24GLIWICE - Portal Gliwice | codziennie nowe wiadomo\u015bci\",\"description\":\"Portal Miejski Gliwice\",\"publisher\":{\"@id\":\"https:\\\/\\\/www.24gliwice.pl\\\/wiadomosci\\\/#organization\"},\"potentialAction\":[{\"@type\":\"SearchAction\",\"target\":{\"@type\":\"EntryPoint\",\"urlTemplate\":\"https:\\\/\\\/www.24gliwice.pl\\\/wiadomosci\\\/?s={search_term_string}\"},\"query-input\":{\"@type\":\"PropertyValueSpecification\",\"valueRequired\":true,\"valueName\":\"search_term_string\"}}],\"inLanguage\":\"pl-PL\"},{\"@type\":\"Organization\",\"@id\":\"https:\\\/\\\/www.24gliwice.pl\\\/wiadomosci\\\/#organization\",\"name\":\"24gliwice\",\"url\":\"https:\\\/\\\/www.24gliwice.pl\\\/wiadomosci\\\/\",\"logo\":{\"@type\":\"ImageObject\",\"inLanguage\":\"pl-PL\",\"@id\":\"https:\\\/\\\/www.24gliwice.pl\\\/wiadomosci\\\/#\\\/schema\\\/logo\\\/image\\\/\",\"url\":\"https:\\\/\\\/www.24gliwice.pl\\\/wiadomosci\\\/wp-content\\\/uploads\\\/2024\\\/10\\\/24gliwice-logo-696.jpg\",\"contentUrl\":\"https:\\\/\\\/www.24gliwice.pl\\\/wiadomosci\\\/wp-content\\\/uploads\\\/2024\\\/10\\\/24gliwice-logo-696.jpg\",\"width\":696,\"height\":696,\"caption\":\"24gliwice\"},\"image\":{\"@id\":\"https:\\\/\\\/www.24gliwice.pl\\\/wiadomosci\\\/#\\\/schema\\\/logo\\\/image\\\/\"},\"sameAs\":[\"https:\\\/\\\/www.facebook.com\\\/24gliwice\",\"https:\\\/\\\/x.com\\\/24gliwice\",\"https:\\\/\\\/www.youtube.com\\\/@24gliwice\"]},{\"@type\":\"Person\",\"@id\":\"https:\\\/\\\/www.24gliwice.pl\\\/wiadomosci\\\/#\\\/schema\\\/person\\\/e42c650edd7f2fa332be3811fb166b6e\",\"name\":\"\u017baneta Mrozek-Siewierska\",\"image\":{\"@type\":\"ImageObject\",\"inLanguage\":\"pl-PL\",\"@id\":\"https:\\\/\\\/secure.gravatar.com\\\/avatar\\\/1881429e9c64597c77ad7aef2d0a19be69a3253e57534d16aa15bf3a4d34a0a3?s=96&d=mm&r=g\",\"url\":\"https:\\\/\\\/secure.gravatar.com\\\/avatar\\\/1881429e9c64597c77ad7aef2d0a19be69a3253e57534d16aa15bf3a4d34a0a3?s=96&d=mm&r=g\",\"contentUrl\":\"https:\\\/\\\/secure.gravatar.com\\\/avatar\\\/1881429e9c64597c77ad7aef2d0a19be69a3253e57534d16aa15bf3a4d34a0a3?s=96&d=mm&r=g\",\"caption\":\"\u017baneta Mrozek-Siewierska\"},\"url\":\"https:\\\/\\\/www.24gliwice.pl\\\/wiadomosci\\\/author\\\/zms\\\/\"}]}<\/script>\n<!-- \/ Yoast SEO plugin. -->","yoast_head_json":{"title":"Na terenach zielonych zn\u00f3w b\u0119dzie mo\u017cna spotka\u0107 brunatne kr\u0105\u017cki. To szczepionki przeciwko w\u015bciekli\u017anie - 24GLIWICE - Portal Gliwice | codziennie nowe informacje","robots":{"index":"index","follow":"follow","max-snippet":"max-snippet:-1","max-image-preview":"max-image-preview:large","max-video-preview":"max-video-preview:-1"},"canonical":"https:\/\/www.24gliwice.pl\/wiadomosci\/na-terenach-zielonych-znow-bedzie-mozna-spotkac-brunatne-krazki-to-szczepionki-przeciwko-wsciekliznie\/","og_locale":"pl_PL","og_type":"article","og_title":"Na terenach zielonych zn\u00f3w b\u0119dzie mo\u017cna spotka\u0107 brunatne kr\u0105\u017cki. To szczepionki przeciwko w\u015bciekli\u017anie - 24GLIWICE - Portal Gliwice | codziennie nowe informacje","og_description":"W\u015bcieklizna to gro\u017ana choroba wirusowa, przed kt\u00f3r\u0105 chroni\u0105 szczepienia. W\u015br\u00f3d zwierz\u0105t wolno \u017cyj\u0105cych, a konkretniej lis\u00f3w, akcje profilaktyczne przeprowadzane s\u0105 dwukrotnie w ci\u0105gu roku. Jesienna wkr\u00f3tce si\u0119 rozpocznie. \u015al\u0105ski Wojew\u00f3dzki Lekarz Weterynarii informuje, \u017ce w dniach 18.09.-27.09.2019 r. na terenie ca\u0142ego wojew\u00f3dztwa \u015bl\u0105skiego prowadzona b\u0119dzie akcja szczepienia lis\u00f3w wolno \u017cyj\u0105cych przeciwko w\u015bciekli\u017anie. Przyn\u0119ta, zawieraj\u0105ca szczepionk\u0119 [&hellip;]","og_url":"https:\/\/www.24gliwice.pl\/wiadomosci\/na-terenach-zielonych-znow-bedzie-mozna-spotkac-brunatne-krazki-to-szczepionki-przeciwko-wsciekliznie\/","og_site_name":"24GLIWICE - Portal Gliwice | codziennie nowe informacje","article_publisher":"https:\/\/www.facebook.com\/24gliwice","article_published_time":"2019-09-12T04:59:45+00:00","og_image":[{"width":810,"height":456,"url":"https:\/\/www.24gliwice.pl\/wiadomosci\/wp-content\/uploads\/2018\/03\/lisz-szczepienie-e1522408255478.jpeg","type":"image\/jpeg"}],"author":"\u017baneta Mrozek-Siewierska","twitter_card":"summary_large_image","twitter_creator":"@24gliwice","twitter_site":"@24gliwice","twitter_misc":{"Napisane przez":"\u017baneta Mrozek-Siewierska","Szacowany czas czytania":"2 minuty"},"schema":{"@context":"https:\/\/schema.org","@graph":[{"@type":"Article","@id":"https:\/\/www.24gliwice.pl\/wiadomosci\/na-terenach-zielonych-znow-bedzie-mozna-spotkac-brunatne-krazki-to-szczepionki-przeciwko-wsciekliznie\/#article","isPartOf":{"@id":"https:\/\/www.24gliwice.pl\/wiadomosci\/na-terenach-zielonych-znow-bedzie-mozna-spotkac-brunatne-krazki-to-szczepionki-przeciwko-wsciekliznie\/"},"author":{"name":"\u017baneta Mrozek-Siewierska","@id":"https:\/\/www.24gliwice.pl\/wiadomosci\/#\/schema\/person\/e42c650edd7f2fa332be3811fb166b6e"},"headline":"Na terenach zielonych zn\u00f3w b\u0119dzie mo\u017cna spotka\u0107 brunatne kr\u0105\u017cki. To szczepionki przeciwko w\u015bciekli\u017anie","datePublished":"2019-09-12T04:59:45+00:00","mainEntityOfPage":{"@id":"https:\/\/www.24gliwice.pl\/wiadomosci\/na-terenach-zielonych-znow-bedzie-mozna-spotkac-brunatne-krazki-to-szczepionki-przeciwko-wsciekliznie\/"},"wordCount":364,"commentCount":0,"publisher":{"@id":"https:\/\/www.24gliwice.pl\/wiadomosci\/#organization"},"image":{"@id":"https:\/\/www.24gliwice.pl\/wiadomosci\/na-terenach-zielonych-znow-bedzie-mozna-spotkac-brunatne-krazki-to-szczepionki-przeciwko-wsciekliznie\/#primaryimage"},"thumbnailUrl":"https:\/\/www.24gliwice.pl\/wiadomosci\/wp-content\/uploads\/2018\/03\/lisz-szczepienie-e1522408255478.jpeg","keywords":["brunatne kr\u0105\u017cki","szczepienie lis\u00f3w","w\u015bcieklizna"],"articleSection":["Gliwice","Najnowsze wiadomo\u015bci"],"inLanguage":"pl-PL","potentialAction":[{"@type":"CommentAction","name":"Comment","target":["https:\/\/www.24gliwice.pl\/wiadomosci\/na-terenach-zielonych-znow-bedzie-mozna-spotkac-brunatne-krazki-to-szczepionki-przeciwko-wsciekliznie\/#respond"]}]},{"@type":"WebPage","@id":"https:\/\/www.24gliwice.pl\/wiadomosci\/na-terenach-zielonych-znow-bedzie-mozna-spotkac-brunatne-krazki-to-szczepionki-przeciwko-wsciekliznie\/","url":"https:\/\/www.24gliwice.pl\/wiadomosci\/na-terenach-zielonych-znow-bedzie-mozna-spotkac-brunatne-krazki-to-szczepionki-przeciwko-wsciekliznie\/","name":"Na terenach zielonych zn\u00f3w b\u0119dzie mo\u017cna spotka\u0107 brunatne kr\u0105\u017cki. To szczepionki przeciwko w\u015bciekli\u017anie - 24GLIWICE - Portal Gliwice | codziennie nowe informacje","isPartOf":{"@id":"https:\/\/www.24gliwice.pl\/wiadomosci\/#website"},"primaryImageOfPage":{"@id":"https:\/\/www.24gliwice.pl\/wiadomosci\/na-terenach-zielonych-znow-bedzie-mozna-spotkac-brunatne-krazki-to-szczepionki-przeciwko-wsciekliznie\/#primaryimage"},"image":{"@id":"https:\/\/www.24gliwice.pl\/wiadomosci\/na-terenach-zielonych-znow-bedzie-mozna-spotkac-brunatne-krazki-to-szczepionki-przeciwko-wsciekliznie\/#primaryimage"},"thumbnailUrl":"https:\/\/www.24gliwice.pl\/wiadomosci\/wp-content\/uploads\/2018\/03\/lisz-szczepienie-e1522408255478.jpeg","datePublished":"2019-09-12T04:59:45+00:00","breadcrumb":{"@id":"https:\/\/www.24gliwice.pl\/wiadomosci\/na-terenach-zielonych-znow-bedzie-mozna-spotkac-brunatne-krazki-to-szczepionki-przeciwko-wsciekliznie\/#breadcrumb"},"inLanguage":"pl-PL","potentialAction":[{"@type":"ReadAction","target":["https:\/\/www.24gliwice.pl\/wiadomosci\/na-terenach-zielonych-znow-bedzie-mozna-spotkac-brunatne-krazki-to-szczepionki-przeciwko-wsciekliznie\/"]}]},{"@type":"ImageObject","inLanguage":"pl-PL","@id":"https:\/\/www.24gliwice.pl\/wiadomosci\/na-terenach-zielonych-znow-bedzie-mozna-spotkac-brunatne-krazki-to-szczepionki-przeciwko-wsciekliznie\/#primaryimage","url":"https:\/\/www.24gliwice.pl\/wiadomosci\/wp-content\/uploads\/2018\/03\/lisz-szczepienie-e1522408255478.jpeg","contentUrl":"https:\/\/www.24gliwice.pl\/wiadomosci\/wp-content\/uploads\/2018\/03\/lisz-szczepienie-e1522408255478.jpeg","width":810,"height":456},{"@type":"BreadcrumbList","@id":"https:\/\/www.24gliwice.pl\/wiadomosci\/na-terenach-zielonych-znow-bedzie-mozna-spotkac-brunatne-krazki-to-szczepionki-przeciwko-wsciekliznie\/#breadcrumb","itemListElement":[{"@type":"ListItem","position":1,"name":"Strona g\u0142\u00f3wna","item":"https:\/\/www.24gliwice.pl\/wiadomosci\/"},{"@type":"ListItem","position":2,"name":"Na terenach zielonych zn\u00f3w b\u0119dzie mo\u017cna spotka\u0107 brunatne kr\u0105\u017cki. To szczepionki przeciwko w\u015bciekli\u017anie"}]},{"@type":"WebSite","@id":"https:\/\/www.24gliwice.pl\/wiadomosci\/#website","url":"https:\/\/www.24gliwice.pl\/wiadomosci\/","name":"24GLIWICE - Portal Gliwice | codziennie nowe wiadomo\u015bci","description":"Portal Miejski Gliwice","publisher":{"@id":"https:\/\/www.24gliwice.pl\/wiadomosci\/#organization"},"potentialAction":[{"@type":"SearchAction","target":{"@type":"EntryPoint","urlTemplate":"https:\/\/www.24gliwice.pl\/wiadomosci\/?s={search_term_string}"},"query-input":{"@type":"PropertyValueSpecification","valueRequired":true,"valueName":"search_term_string"}}],"inLanguage":"pl-PL"},{"@type":"Organization","@id":"https:\/\/www.24gliwice.pl\/wiadomosci\/#organization","name":"24gliwice","url":"https:\/\/www.24gliwice.pl\/wiadomosci\/","logo":{"@type":"ImageObject","inLanguage":"pl-PL","@id":"https:\/\/www.24gliwice.pl\/wiadomosci\/#\/schema\/logo\/image\/","url":"https:\/\/www.24gliwice.pl\/wiadomosci\/wp-content\/uploads\/2024\/10\/24gliwice-logo-696.jpg","contentUrl":"https:\/\/www.24gliwice.pl\/wiadomosci\/wp-content\/uploads\/2024\/10\/24gliwice-logo-696.jpg","width":696,"height":696,"caption":"24gliwice"},"image":{"@id":"https:\/\/www.24gliwice.pl\/wiadomosci\/#\/schema\/logo\/image\/"},"sameAs":["https:\/\/www.facebook.com\/24gliwice","https:\/\/x.com\/24gliwice","https:\/\/www.youtube.com\/@24gliwice"]},{"@type":"Person","@id":"https:\/\/www.24gliwice.pl\/wiadomosci\/#\/schema\/person\/e42c650edd7f2fa332be3811fb166b6e","name":"\u017baneta Mrozek-Siewierska","image":{"@type":"ImageObject","inLanguage":"pl-PL","@id":"https:\/\/secure.gravatar.com\/avatar\/1881429e9c64597c77ad7aef2d0a19be69a3253e57534d16aa15bf3a4d34a0a3?s=96&d=mm&r=g","url":"https:\/\/secure.gravatar.com\/avatar\/1881429e9c64597c77ad7aef2d0a19be69a3253e57534d16aa15bf3a4d34a0a3?s=96&d=mm&r=g","contentUrl":"https:\/\/secure.gravatar.com\/avatar\/1881429e9c64597c77ad7aef2d0a19be69a3253e57534d16aa15bf3a4d34a0a3?s=96&d=mm&r=g","caption":"\u017baneta Mrozek-Siewierska"},"url":"https:\/\/www.24gliwice.pl\/wiadomosci\/author\/zms\/"}]}},"_links":{"self":[{"href":"https:\/\/www.24gliwice.pl\/wiadomosci\/wp-json\/wp\/v2\/posts\/140365","targetHints":{"allow":["GET"]}}],"collection":[{"href":"https:\/\/www.24gliwice.pl\/wiadomosci\/wp-json\/wp\/v2\/posts"}],"about":[{"href":"https:\/\/www.24gliwice.pl\/wiadomosci\/wp-json\/wp\/v2\/types\/post"}],"author":[{"embeddable":true,"href":"https:\/\/www.24gliwice.pl\/wiadomosci\/wp-json\/wp\/v2\/users\/15"}],"replies":[{"embeddable":true,"href":"https:\/\/www.24gliwice.pl\/wiadomosci\/wp-json\/wp\/v2\/comments?post=140365"}],"version-history":[{"count":0,"href":"https:\/\/www.24gliwice.pl\/wiadomosci\/wp-json\/wp\/v2\/posts\/140365\/revisions"}],"wp:featuredmedia":[{"embeddable":true,"href":"https:\/\/www.24gliwice.pl\/wiadomosci\/wp-json\/wp\/v2\/media\/114973"}],"wp:attachment":[{"href":"https:\/\/www.24gliwice.pl\/wiadomosci\/wp-json\/wp\/v2\/media?parent=140365"}],"wp:term":[{"taxonomy":"category","embeddable":true,"href":"https:\/\/www.24gliwice.pl\/wiadomosci\/wp-json\/wp\/v2\/categories?post=140365"},{"taxonomy":"post_tag","embeddable":true,"href":"https:\/\/www.24gliwice.pl\/wiadomosci\/wp-json\/wp\/v2\/tags?post=140365"}],"curies":[{"name":"wp","href":"https:\/\/api.w.org\/{rel}","templated":true}]}}