{"id":140499,"date":"2019-09-16T12:49:18","date_gmt":"2019-09-16T10:49:18","guid":{"rendered":"https:\/\/www.24gliwice.pl\/wiadomosci\/?p=140499"},"modified":"2019-09-16T12:49:18","modified_gmt":"2019-09-16T10:49:18","slug":"kradl-w-malopolsce-i-na-slasku-rowniez-w-gliwicach-wyrzadzil-straty-na-ponad-pol-miliona-zlotych","status":"publish","type":"post","link":"https:\/\/www.24gliwice.pl\/wiadomosci\/kradl-w-malopolsce-i-na-slasku-rowniez-w-gliwicach-wyrzadzil-straty-na-ponad-pol-miliona-zlotych\/","title":{"rendered":"Krad\u0142 w Ma\u0142opolsce i na \u015al\u0105sku, r\u00f3wnie\u017c w Gliwicach. Wyrz\u0105dzi\u0142 straty na ponad p\u00f3\u0142 miliona z\u0142otych"},"content":{"rendered":"<div class=\"gliwi-a6-nad-leadem-artykulow gliwi-entity-placement\" id=\"gliwi-1366456920\"><div class=\"gliwi-adlabel\"><span style=\"font-size: 9px\">REKLAMA<\/span><\/div><div id=\"gliwi-3082067090\" style=\"margin-bottom: 30px;margin-left: auto;margin-right: auto;text-align: center;\"><a data-no-instant=\"1\" href=\"https:\/\/przedszkole.halogen.org.pl\/\" rel=\"noopener\" class=\"a2t-link\" target=\"_blank\" aria-label=\"20260402-ANIMATOR-przedszkole_grafika_750x200\"><img loading=\"lazy\" decoding=\"async\" src=\"https:\/\/www.24gliwice.pl\/wiadomosci\/wp-content\/uploads\/2026\/04\/20260402-ANIMATOR-przedszkole_grafika_750x200.webp\" alt=\"\"  srcset=\"https:\/\/www.24gliwice.pl\/wiadomosci\/wp-content\/uploads\/2026\/04\/20260402-ANIMATOR-przedszkole_grafika_750x200.webp 750w, https:\/\/www.24gliwice.pl\/wiadomosci\/wp-content\/uploads\/2026\/04\/20260402-ANIMATOR-przedszkole_grafika_750x200-410x109.webp 410w\" sizes=\"(max-width: 750px) 100vw, 750px\" class=\"no-lazyload\" width=\"750\" height=\"200\"  style=\"display: inline-block; max-width: 100%; height: auto;\" \/><\/a><\/div><\/div><h3>M\u0119\u017cczyzna podejrzany o 44 w\u0142amania do dom\u00f3w jednorodzinnych i mieszka\u0144 oraz o 27 kradzie\u017cy i ukrywanie dokument\u00f3w, zosta\u0142 zatrzymany przez katowickich policjant\u00f3w. Obszar jego dzia\u0142ania by\u0142 szeroki i obejmowa\u0142 wiele miast na po\u0142udniu kraju.<\/h3>\n<p>W trakcie w\u0142ama\u0144 23-latek g\u0142\u00f3wnie krad\u0142 got\u00f3wk\u0119, bi\u017cuteri\u0119 i mienie, kt\u00f3re mo\u017cna by\u0142o sprzeda\u0107. Z przest\u0119pczego procederu uczyni\u0142 sobie sta\u0142e \u017ar\u00f3d\u0142o dochodu. Katowiccy policjanci pod nadzorem Prokuratury Rejonowej Katowice-Wsch\u00f3d ustalili, \u017ce w okresie od marca 2018 roku do sierpnia 2018 roku podejrzany w\u0142amywa\u0142 si\u0119 do budynk\u00f3w i lokali mieszkalnych na terenie Katowic, Olkusza, O\u015bwi\u0119cimia, Brzeszcz, Zabrza, Rudy \u015al\u0105skiej, Gliwic, Miko\u0142owa i \u0141azisk G\u00f3rnych. W sprawie zatrzymano r\u00f3wnie\u017c 3 innych m\u0119\u017cczyzn. <\/p>\n<h3>Dw\u00f3ch z nich, w wieku 33 i 22 lat, odpowie za w\u0142amania, natomiast 47-latek us\u0142ysza\u0142 5 zarzut\u00f3w paserstwa. Straty oszacowano na \u0142\u0105czn\u0105 kwot\u0119 prawie 530 tys. z\u0142otych. <\/h3>\n<p>Na wniosek prokuratury 23-latek zosta\u0142 tymczasowo aresztowany przez katowicki s\u0105d. Wobec drugiego z podejrzanych, na czas trwaj\u0105cego post\u0119powania, zastosowano policyjny doz\u00f3r i por\u0119czenie maj\u0105tkowe. Akt oskar\u017cenia skierowany zosta\u0142 ju\u017c do S\u0105du Rejonowego Katowice \u2013 Wsch\u00f3d w Katowicach. Podejrzanym grozi kara do 10 lat wi\u0119zienia, kt\u00f3ra dla g\u0142\u00f3wnego podejrzanego mo\u017ce zosta\u0107 zwi\u0119kszona o po\u0142ow\u0119, gdy\u017c dzia\u0142a\u0142 w warunkach recydywy.<\/p><div class=\"gliwi-a3-w-tresci-artykulow gliwi-entity-placement\" id=\"gliwi-1092839924\"><div class=\"gliwi-adlabel\"><span style=\"font-size: 9px\">REKLAMA<\/span><\/div><div id=\"gliwi-81137535\" style=\"margin-bottom: 30px;margin-left: auto;margin-right: auto;text-align: center;\"><a data-no-instant=\"1\" href=\"https:\/\/ogrodyandersa.pl\/\" rel=\"noopener\" class=\"a2t-link\" target=\"_blank\" aria-label=\"20260415 Ogrody Andersa KUP TERAZ D\"><img loading=\"lazy\" decoding=\"async\" src=\"https:\/\/www.24gliwice.pl\/wiadomosci\/wp-content\/uploads\/2026\/04\/20260415-Ogrody-Andersa-KUP-TERAZ-D.jpg\" alt=\"\"  srcset=\"https:\/\/www.24gliwice.pl\/wiadomosci\/wp-content\/uploads\/2026\/04\/20260415-Ogrody-Andersa-KUP-TERAZ-D.jpg 750w, https:\/\/www.24gliwice.pl\/wiadomosci\/wp-content\/uploads\/2026\/04\/20260415-Ogrody-Andersa-KUP-TERAZ-D-410x109.jpg 410w\" sizes=\"(max-width: 750px) 100vw, 750px\" class=\"no-lazyload\" width=\"750\" height=\"200\"  style=\"display: inline-block; max-width: 100%; height: auto;\" \/><\/a><\/div><\/div>\n<p>(\u017cms)\/\u015al\u0105ska Policja<\/p>\n<div class=\"gliwi-a5-na-koncu-artykulow gliwi-entity-placement\" id=\"gliwi-2598850897\"><div class=\"gliwi-adlabel\"><span style=\"font-size: 9px\">REKLAMA<\/span><\/div><div id=\"gliwi-1356511305\" style=\"margin-left: auto;margin-right: auto;text-align: center;\"><a data-no-instant=\"1\" href=\"https:\/\/prezeroarenagliwice.pl\/\" rel=\"noopener\" class=\"a2t-link\" target=\"_blank\" aria-label=\"20260309-PREZERO-WIOSNA-D\"><img loading=\"lazy\" decoding=\"async\" src=\"https:\/\/www.24gliwice.pl\/wiadomosci\/wp-content\/uploads\/2026\/03\/20260309-PREZERO-WIOSNA-D.webp\" alt=\"\"  srcset=\"https:\/\/www.24gliwice.pl\/wiadomosci\/wp-content\/uploads\/2026\/03\/20260309-PREZERO-WIOSNA-D.webp 750w, https:\/\/www.24gliwice.pl\/wiadomosci\/wp-content\/uploads\/2026\/03\/20260309-PREZERO-WIOSNA-D-410x109.webp 410w\" sizes=\"(max-width: 750px) 100vw, 750px\" class=\"no-lazyload\" width=\"750\" height=\"200\"  style=\"display: inline-block; max-width: 100%; height: auto;\" \/><\/a><\/div><\/div>","protected":false},"excerpt":{"rendered":"<p>M\u0119\u017cczyzna podejrzany o 44 w\u0142amania do dom\u00f3w jednorodzinnych i mieszka\u0144 oraz o 27 kradzie\u017cy i ukrywanie dokument\u00f3w, zosta\u0142 zatrzymany przez katowickich policjant\u00f3w. Obszar jego dzia\u0142ania by\u0142 szeroki i obejmowa\u0142 wiele miast na po\u0142udniu kraju. W trakcie w\u0142ama\u0144 23-latek g\u0142\u00f3wnie krad\u0142 got\u00f3wk\u0119, bi\u017cuteri\u0119 i mienie, kt\u00f3re mo\u017cna by\u0142o sprzeda\u0107. Z przest\u0119pczego procederu uczyni\u0142 sobie sta\u0142e \u017ar\u00f3d\u0142o [&hellip;]<\/p>\n","protected":false},"author":15,"featured_media":110816,"comment_status":"open","ping_status":"closed","sticky":false,"template":"","format":"standard","meta":{"_monsterinsights_skip_tracking":false,"_monsterinsights_sitenote_active":false,"_monsterinsights_sitenote_note":"","_monsterinsights_sitenote_category":0,"footnotes":"","_links_to":"","_links_to_target":""},"categories":[3,1,5],"tags":[6731,5839,11379,16029,4544,6470],"class_list":["post-140499","post","type-post","status-publish","format-standard","has-post-thumbnail","hentry","category-gliwice","category-wszystko","category-kryminalki","tag-kradziez","tag-kradzieze","tag-recydywista","tag-wlamania","tag-wlamanie","tag-zlodziej"],"yoast_head":"<!-- This site is optimized with the Yoast SEO plugin v27.5 - https:\/\/yoast.com\/product\/yoast-seo-wordpress\/ -->\n<title>Krad\u0142 w Ma\u0142opolsce i na \u015al\u0105sku, r\u00f3wnie\u017c w Gliwicach. Wyrz\u0105dzi\u0142 straty na ponad p\u00f3\u0142 miliona z\u0142otych - 24GLIWICE - Portal Gliwice | codziennie nowe informacje<\/title>\n<meta name=\"robots\" content=\"index, follow, max-snippet:-1, max-image-preview:large, max-video-preview:-1\" \/>\n<link rel=\"canonical\" href=\"https:\/\/www.24gliwice.pl\/wiadomosci\/kradl-w-malopolsce-i-na-slasku-rowniez-w-gliwicach-wyrzadzil-straty-na-ponad-pol-miliona-zlotych\/\" \/>\n<meta property=\"og:locale\" content=\"pl_PL\" \/>\n<meta property=\"og:type\" content=\"article\" \/>\n<meta property=\"og:title\" content=\"Krad\u0142 w Ma\u0142opolsce i na \u015al\u0105sku, r\u00f3wnie\u017c w Gliwicach. Wyrz\u0105dzi\u0142 straty na ponad p\u00f3\u0142 miliona z\u0142otych - 24GLIWICE - Portal Gliwice | codziennie nowe informacje\" \/>\n<meta property=\"og:description\" content=\"M\u0119\u017cczyzna podejrzany o 44 w\u0142amania do dom\u00f3w jednorodzinnych i mieszka\u0144 oraz o 27 kradzie\u017cy i ukrywanie dokument\u00f3w, zosta\u0142 zatrzymany przez katowickich policjant\u00f3w. Obszar jego dzia\u0142ania by\u0142 szeroki i obejmowa\u0142 wiele miast na po\u0142udniu kraju. W trakcie w\u0142ama\u0144 23-latek g\u0142\u00f3wnie krad\u0142 got\u00f3wk\u0119, bi\u017cuteri\u0119 i mienie, kt\u00f3re mo\u017cna by\u0142o sprzeda\u0107. Z przest\u0119pczego procederu uczyni\u0142 sobie sta\u0142e \u017ar\u00f3d\u0142o [&hellip;]\" \/>\n<meta property=\"og:url\" content=\"https:\/\/www.24gliwice.pl\/wiadomosci\/kradl-w-malopolsce-i-na-slasku-rowniez-w-gliwicach-wyrzadzil-straty-na-ponad-pol-miliona-zlotych\/\" \/>\n<meta property=\"og:site_name\" content=\"24GLIWICE - Portal Gliwice | codziennie nowe informacje\" \/>\n<meta property=\"article:publisher\" content=\"https:\/\/www.facebook.com\/24gliwice\" \/>\n<meta property=\"article:published_time\" content=\"2019-09-16T10:49:18+00:00\" \/>\n<meta property=\"og:image\" content=\"https:\/\/www.24gliwice.pl\/wiadomosci\/wp-content\/uploads\/2018\/01\/z\u0142odziej-e1516276840973.jpg\" \/>\n\t<meta property=\"og:image:width\" content=\"810\" \/>\n\t<meta property=\"og:image:height\" content=\"456\" \/>\n\t<meta property=\"og:image:type\" content=\"image\/jpeg\" \/>\n<meta name=\"author\" content=\"\u017baneta Mrozek-Siewierska\" \/>\n<meta name=\"twitter:card\" content=\"summary_large_image\" \/>\n<meta name=\"twitter:creator\" content=\"@24gliwice\" \/>\n<meta name=\"twitter:site\" content=\"@24gliwice\" \/>\n<meta name=\"twitter:label1\" content=\"Napisane przez\" \/>\n\t<meta name=\"twitter:data1\" content=\"\u017baneta Mrozek-Siewierska\" \/>\n\t<meta name=\"twitter:label2\" content=\"Szacowany czas czytania\" \/>\n\t<meta name=\"twitter:data2\" content=\"1 minuta\" \/>\n<script type=\"application\/ld+json\" class=\"yoast-schema-graph\">{\"@context\":\"https:\\\/\\\/schema.org\",\"@graph\":[{\"@type\":\"Article\",\"@id\":\"https:\\\/\\\/www.24gliwice.pl\\\/wiadomosci\\\/kradl-w-malopolsce-i-na-slasku-rowniez-w-gliwicach-wyrzadzil-straty-na-ponad-pol-miliona-zlotych\\\/#article\",\"isPartOf\":{\"@id\":\"https:\\\/\\\/www.24gliwice.pl\\\/wiadomosci\\\/kradl-w-malopolsce-i-na-slasku-rowniez-w-gliwicach-wyrzadzil-straty-na-ponad-pol-miliona-zlotych\\\/\"},\"author\":{\"name\":\"\u017baneta Mrozek-Siewierska\",\"@id\":\"https:\\\/\\\/www.24gliwice.pl\\\/wiadomosci\\\/#\\\/schema\\\/person\\\/e42c650edd7f2fa332be3811fb166b6e\"},\"headline\":\"Krad\u0142 w Ma\u0142opolsce i na \u015al\u0105sku, r\u00f3wnie\u017c w Gliwicach. Wyrz\u0105dzi\u0142 straty na ponad p\u00f3\u0142 miliona z\u0142otych\",\"datePublished\":\"2019-09-16T10:49:18+00:00\",\"mainEntityOfPage\":{\"@id\":\"https:\\\/\\\/www.24gliwice.pl\\\/wiadomosci\\\/kradl-w-malopolsce-i-na-slasku-rowniez-w-gliwicach-wyrzadzil-straty-na-ponad-pol-miliona-zlotych\\\/\"},\"wordCount\":253,\"commentCount\":0,\"publisher\":{\"@id\":\"https:\\\/\\\/www.24gliwice.pl\\\/wiadomosci\\\/#organization\"},\"image\":{\"@id\":\"https:\\\/\\\/www.24gliwice.pl\\\/wiadomosci\\\/kradl-w-malopolsce-i-na-slasku-rowniez-w-gliwicach-wyrzadzil-straty-na-ponad-pol-miliona-zlotych\\\/#primaryimage\"},\"thumbnailUrl\":\"https:\\\/\\\/www.24gliwice.pl\\\/wiadomosci\\\/wp-content\\\/uploads\\\/2018\\\/01\\\/z\u0142odziej-e1516276840973.jpg\",\"keywords\":[\"KRADZIE\u017b\",\"kradzie\u017ce\",\"recydywista\",\"w\u0142amania\",\"W\u0141AMANIE\",\"Z\u0141ODZIEJ\"],\"articleSection\":[\"Gliwice\",\"Najnowsze wiadomo\u015bci\",\"Prawo\"],\"inLanguage\":\"pl-PL\",\"potentialAction\":[{\"@type\":\"CommentAction\",\"name\":\"Comment\",\"target\":[\"https:\\\/\\\/www.24gliwice.pl\\\/wiadomosci\\\/kradl-w-malopolsce-i-na-slasku-rowniez-w-gliwicach-wyrzadzil-straty-na-ponad-pol-miliona-zlotych\\\/#respond\"]}]},{\"@type\":\"WebPage\",\"@id\":\"https:\\\/\\\/www.24gliwice.pl\\\/wiadomosci\\\/kradl-w-malopolsce-i-na-slasku-rowniez-w-gliwicach-wyrzadzil-straty-na-ponad-pol-miliona-zlotych\\\/\",\"url\":\"https:\\\/\\\/www.24gliwice.pl\\\/wiadomosci\\\/kradl-w-malopolsce-i-na-slasku-rowniez-w-gliwicach-wyrzadzil-straty-na-ponad-pol-miliona-zlotych\\\/\",\"name\":\"Krad\u0142 w Ma\u0142opolsce i na \u015al\u0105sku, r\u00f3wnie\u017c w Gliwicach. Wyrz\u0105dzi\u0142 straty na ponad p\u00f3\u0142 miliona z\u0142otych - 24GLIWICE - Portal Gliwice | codziennie nowe informacje\",\"isPartOf\":{\"@id\":\"https:\\\/\\\/www.24gliwice.pl\\\/wiadomosci\\\/#website\"},\"primaryImageOfPage\":{\"@id\":\"https:\\\/\\\/www.24gliwice.pl\\\/wiadomosci\\\/kradl-w-malopolsce-i-na-slasku-rowniez-w-gliwicach-wyrzadzil-straty-na-ponad-pol-miliona-zlotych\\\/#primaryimage\"},\"image\":{\"@id\":\"https:\\\/\\\/www.24gliwice.pl\\\/wiadomosci\\\/kradl-w-malopolsce-i-na-slasku-rowniez-w-gliwicach-wyrzadzil-straty-na-ponad-pol-miliona-zlotych\\\/#primaryimage\"},\"thumbnailUrl\":\"https:\\\/\\\/www.24gliwice.pl\\\/wiadomosci\\\/wp-content\\\/uploads\\\/2018\\\/01\\\/z\u0142odziej-e1516276840973.jpg\",\"datePublished\":\"2019-09-16T10:49:18+00:00\",\"breadcrumb\":{\"@id\":\"https:\\\/\\\/www.24gliwice.pl\\\/wiadomosci\\\/kradl-w-malopolsce-i-na-slasku-rowniez-w-gliwicach-wyrzadzil-straty-na-ponad-pol-miliona-zlotych\\\/#breadcrumb\"},\"inLanguage\":\"pl-PL\",\"potentialAction\":[{\"@type\":\"ReadAction\",\"target\":[\"https:\\\/\\\/www.24gliwice.pl\\\/wiadomosci\\\/kradl-w-malopolsce-i-na-slasku-rowniez-w-gliwicach-wyrzadzil-straty-na-ponad-pol-miliona-zlotych\\\/\"]}]},{\"@type\":\"ImageObject\",\"inLanguage\":\"pl-PL\",\"@id\":\"https:\\\/\\\/www.24gliwice.pl\\\/wiadomosci\\\/kradl-w-malopolsce-i-na-slasku-rowniez-w-gliwicach-wyrzadzil-straty-na-ponad-pol-miliona-zlotych\\\/#primaryimage\",\"url\":\"https:\\\/\\\/www.24gliwice.pl\\\/wiadomosci\\\/wp-content\\\/uploads\\\/2018\\\/01\\\/z\u0142odziej-e1516276840973.jpg\",\"contentUrl\":\"https:\\\/\\\/www.24gliwice.pl\\\/wiadomosci\\\/wp-content\\\/uploads\\\/2018\\\/01\\\/z\u0142odziej-e1516276840973.jpg\",\"width\":810,\"height\":456},{\"@type\":\"BreadcrumbList\",\"@id\":\"https:\\\/\\\/www.24gliwice.pl\\\/wiadomosci\\\/kradl-w-malopolsce-i-na-slasku-rowniez-w-gliwicach-wyrzadzil-straty-na-ponad-pol-miliona-zlotych\\\/#breadcrumb\",\"itemListElement\":[{\"@type\":\"ListItem\",\"position\":1,\"name\":\"Strona g\u0142\u00f3wna\",\"item\":\"https:\\\/\\\/www.24gliwice.pl\\\/wiadomosci\\\/\"},{\"@type\":\"ListItem\",\"position\":2,\"name\":\"Krad\u0142 w Ma\u0142opolsce i na \u015al\u0105sku, r\u00f3wnie\u017c w Gliwicach. Wyrz\u0105dzi\u0142 straty na ponad p\u00f3\u0142 miliona z\u0142otych\"}]},{\"@type\":\"WebSite\",\"@id\":\"https:\\\/\\\/www.24gliwice.pl\\\/wiadomosci\\\/#website\",\"url\":\"https:\\\/\\\/www.24gliwice.pl\\\/wiadomosci\\\/\",\"name\":\"24GLIWICE - Portal Gliwice | codziennie nowe wiadomo\u015bci\",\"description\":\"Portal Miejski Gliwice\",\"publisher\":{\"@id\":\"https:\\\/\\\/www.24gliwice.pl\\\/wiadomosci\\\/#organization\"},\"potentialAction\":[{\"@type\":\"SearchAction\",\"target\":{\"@type\":\"EntryPoint\",\"urlTemplate\":\"https:\\\/\\\/www.24gliwice.pl\\\/wiadomosci\\\/?s={search_term_string}\"},\"query-input\":{\"@type\":\"PropertyValueSpecification\",\"valueRequired\":true,\"valueName\":\"search_term_string\"}}],\"inLanguage\":\"pl-PL\"},{\"@type\":\"Organization\",\"@id\":\"https:\\\/\\\/www.24gliwice.pl\\\/wiadomosci\\\/#organization\",\"name\":\"24gliwice\",\"url\":\"https:\\\/\\\/www.24gliwice.pl\\\/wiadomosci\\\/\",\"logo\":{\"@type\":\"ImageObject\",\"inLanguage\":\"pl-PL\",\"@id\":\"https:\\\/\\\/www.24gliwice.pl\\\/wiadomosci\\\/#\\\/schema\\\/logo\\\/image\\\/\",\"url\":\"https:\\\/\\\/www.24gliwice.pl\\\/wiadomosci\\\/wp-content\\\/uploads\\\/2024\\\/10\\\/24gliwice-logo-696.jpg\",\"contentUrl\":\"https:\\\/\\\/www.24gliwice.pl\\\/wiadomosci\\\/wp-content\\\/uploads\\\/2024\\\/10\\\/24gliwice-logo-696.jpg\",\"width\":696,\"height\":696,\"caption\":\"24gliwice\"},\"image\":{\"@id\":\"https:\\\/\\\/www.24gliwice.pl\\\/wiadomosci\\\/#\\\/schema\\\/logo\\\/image\\\/\"},\"sameAs\":[\"https:\\\/\\\/www.facebook.com\\\/24gliwice\",\"https:\\\/\\\/x.com\\\/24gliwice\",\"https:\\\/\\\/www.youtube.com\\\/@24gliwice\"]},{\"@type\":\"Person\",\"@id\":\"https:\\\/\\\/www.24gliwice.pl\\\/wiadomosci\\\/#\\\/schema\\\/person\\\/e42c650edd7f2fa332be3811fb166b6e\",\"name\":\"\u017baneta Mrozek-Siewierska\",\"image\":{\"@type\":\"ImageObject\",\"inLanguage\":\"pl-PL\",\"@id\":\"https:\\\/\\\/secure.gravatar.com\\\/avatar\\\/1881429e9c64597c77ad7aef2d0a19be69a3253e57534d16aa15bf3a4d34a0a3?s=96&d=mm&r=g\",\"url\":\"https:\\\/\\\/secure.gravatar.com\\\/avatar\\\/1881429e9c64597c77ad7aef2d0a19be69a3253e57534d16aa15bf3a4d34a0a3?s=96&d=mm&r=g\",\"contentUrl\":\"https:\\\/\\\/secure.gravatar.com\\\/avatar\\\/1881429e9c64597c77ad7aef2d0a19be69a3253e57534d16aa15bf3a4d34a0a3?s=96&d=mm&r=g\",\"caption\":\"\u017baneta Mrozek-Siewierska\"},\"url\":\"https:\\\/\\\/www.24gliwice.pl\\\/wiadomosci\\\/author\\\/zms\\\/\"}]}<\/script>\n<!-- \/ Yoast SEO plugin. -->","yoast_head_json":{"title":"Krad\u0142 w Ma\u0142opolsce i na \u015al\u0105sku, r\u00f3wnie\u017c w Gliwicach. Wyrz\u0105dzi\u0142 straty na ponad p\u00f3\u0142 miliona z\u0142otych - 24GLIWICE - Portal Gliwice | codziennie nowe informacje","robots":{"index":"index","follow":"follow","max-snippet":"max-snippet:-1","max-image-preview":"max-image-preview:large","max-video-preview":"max-video-preview:-1"},"canonical":"https:\/\/www.24gliwice.pl\/wiadomosci\/kradl-w-malopolsce-i-na-slasku-rowniez-w-gliwicach-wyrzadzil-straty-na-ponad-pol-miliona-zlotych\/","og_locale":"pl_PL","og_type":"article","og_title":"Krad\u0142 w Ma\u0142opolsce i na \u015al\u0105sku, r\u00f3wnie\u017c w Gliwicach. Wyrz\u0105dzi\u0142 straty na ponad p\u00f3\u0142 miliona z\u0142otych - 24GLIWICE - Portal Gliwice | codziennie nowe informacje","og_description":"M\u0119\u017cczyzna podejrzany o 44 w\u0142amania do dom\u00f3w jednorodzinnych i mieszka\u0144 oraz o 27 kradzie\u017cy i ukrywanie dokument\u00f3w, zosta\u0142 zatrzymany przez katowickich policjant\u00f3w. Obszar jego dzia\u0142ania by\u0142 szeroki i obejmowa\u0142 wiele miast na po\u0142udniu kraju. W trakcie w\u0142ama\u0144 23-latek g\u0142\u00f3wnie krad\u0142 got\u00f3wk\u0119, bi\u017cuteri\u0119 i mienie, kt\u00f3re mo\u017cna by\u0142o sprzeda\u0107. Z przest\u0119pczego procederu uczyni\u0142 sobie sta\u0142e \u017ar\u00f3d\u0142o [&hellip;]","og_url":"https:\/\/www.24gliwice.pl\/wiadomosci\/kradl-w-malopolsce-i-na-slasku-rowniez-w-gliwicach-wyrzadzil-straty-na-ponad-pol-miliona-zlotych\/","og_site_name":"24GLIWICE - Portal Gliwice | codziennie nowe informacje","article_publisher":"https:\/\/www.facebook.com\/24gliwice","article_published_time":"2019-09-16T10:49:18+00:00","og_image":[{"width":810,"height":456,"url":"https:\/\/www.24gliwice.pl\/wiadomosci\/wp-content\/uploads\/2018\/01\/z\u0142odziej-e1516276840973.jpg","type":"image\/jpeg"}],"author":"\u017baneta Mrozek-Siewierska","twitter_card":"summary_large_image","twitter_creator":"@24gliwice","twitter_site":"@24gliwice","twitter_misc":{"Napisane przez":"\u017baneta Mrozek-Siewierska","Szacowany czas czytania":"1 minuta"},"schema":{"@context":"https:\/\/schema.org","@graph":[{"@type":"Article","@id":"https:\/\/www.24gliwice.pl\/wiadomosci\/kradl-w-malopolsce-i-na-slasku-rowniez-w-gliwicach-wyrzadzil-straty-na-ponad-pol-miliona-zlotych\/#article","isPartOf":{"@id":"https:\/\/www.24gliwice.pl\/wiadomosci\/kradl-w-malopolsce-i-na-slasku-rowniez-w-gliwicach-wyrzadzil-straty-na-ponad-pol-miliona-zlotych\/"},"author":{"name":"\u017baneta Mrozek-Siewierska","@id":"https:\/\/www.24gliwice.pl\/wiadomosci\/#\/schema\/person\/e42c650edd7f2fa332be3811fb166b6e"},"headline":"Krad\u0142 w Ma\u0142opolsce i na \u015al\u0105sku, r\u00f3wnie\u017c w Gliwicach. Wyrz\u0105dzi\u0142 straty na ponad p\u00f3\u0142 miliona z\u0142otych","datePublished":"2019-09-16T10:49:18+00:00","mainEntityOfPage":{"@id":"https:\/\/www.24gliwice.pl\/wiadomosci\/kradl-w-malopolsce-i-na-slasku-rowniez-w-gliwicach-wyrzadzil-straty-na-ponad-pol-miliona-zlotych\/"},"wordCount":253,"commentCount":0,"publisher":{"@id":"https:\/\/www.24gliwice.pl\/wiadomosci\/#organization"},"image":{"@id":"https:\/\/www.24gliwice.pl\/wiadomosci\/kradl-w-malopolsce-i-na-slasku-rowniez-w-gliwicach-wyrzadzil-straty-na-ponad-pol-miliona-zlotych\/#primaryimage"},"thumbnailUrl":"https:\/\/www.24gliwice.pl\/wiadomosci\/wp-content\/uploads\/2018\/01\/z\u0142odziej-e1516276840973.jpg","keywords":["KRADZIE\u017b","kradzie\u017ce","recydywista","w\u0142amania","W\u0141AMANIE","Z\u0141ODZIEJ"],"articleSection":["Gliwice","Najnowsze wiadomo\u015bci","Prawo"],"inLanguage":"pl-PL","potentialAction":[{"@type":"CommentAction","name":"Comment","target":["https:\/\/www.24gliwice.pl\/wiadomosci\/kradl-w-malopolsce-i-na-slasku-rowniez-w-gliwicach-wyrzadzil-straty-na-ponad-pol-miliona-zlotych\/#respond"]}]},{"@type":"WebPage","@id":"https:\/\/www.24gliwice.pl\/wiadomosci\/kradl-w-malopolsce-i-na-slasku-rowniez-w-gliwicach-wyrzadzil-straty-na-ponad-pol-miliona-zlotych\/","url":"https:\/\/www.24gliwice.pl\/wiadomosci\/kradl-w-malopolsce-i-na-slasku-rowniez-w-gliwicach-wyrzadzil-straty-na-ponad-pol-miliona-zlotych\/","name":"Krad\u0142 w Ma\u0142opolsce i na \u015al\u0105sku, r\u00f3wnie\u017c w Gliwicach. Wyrz\u0105dzi\u0142 straty na ponad p\u00f3\u0142 miliona z\u0142otych - 24GLIWICE - Portal Gliwice | codziennie nowe informacje","isPartOf":{"@id":"https:\/\/www.24gliwice.pl\/wiadomosci\/#website"},"primaryImageOfPage":{"@id":"https:\/\/www.24gliwice.pl\/wiadomosci\/kradl-w-malopolsce-i-na-slasku-rowniez-w-gliwicach-wyrzadzil-straty-na-ponad-pol-miliona-zlotych\/#primaryimage"},"image":{"@id":"https:\/\/www.24gliwice.pl\/wiadomosci\/kradl-w-malopolsce-i-na-slasku-rowniez-w-gliwicach-wyrzadzil-straty-na-ponad-pol-miliona-zlotych\/#primaryimage"},"thumbnailUrl":"https:\/\/www.24gliwice.pl\/wiadomosci\/wp-content\/uploads\/2018\/01\/z\u0142odziej-e1516276840973.jpg","datePublished":"2019-09-16T10:49:18+00:00","breadcrumb":{"@id":"https:\/\/www.24gliwice.pl\/wiadomosci\/kradl-w-malopolsce-i-na-slasku-rowniez-w-gliwicach-wyrzadzil-straty-na-ponad-pol-miliona-zlotych\/#breadcrumb"},"inLanguage":"pl-PL","potentialAction":[{"@type":"ReadAction","target":["https:\/\/www.24gliwice.pl\/wiadomosci\/kradl-w-malopolsce-i-na-slasku-rowniez-w-gliwicach-wyrzadzil-straty-na-ponad-pol-miliona-zlotych\/"]}]},{"@type":"ImageObject","inLanguage":"pl-PL","@id":"https:\/\/www.24gliwice.pl\/wiadomosci\/kradl-w-malopolsce-i-na-slasku-rowniez-w-gliwicach-wyrzadzil-straty-na-ponad-pol-miliona-zlotych\/#primaryimage","url":"https:\/\/www.24gliwice.pl\/wiadomosci\/wp-content\/uploads\/2018\/01\/z\u0142odziej-e1516276840973.jpg","contentUrl":"https:\/\/www.24gliwice.pl\/wiadomosci\/wp-content\/uploads\/2018\/01\/z\u0142odziej-e1516276840973.jpg","width":810,"height":456},{"@type":"BreadcrumbList","@id":"https:\/\/www.24gliwice.pl\/wiadomosci\/kradl-w-malopolsce-i-na-slasku-rowniez-w-gliwicach-wyrzadzil-straty-na-ponad-pol-miliona-zlotych\/#breadcrumb","itemListElement":[{"@type":"ListItem","position":1,"name":"Strona g\u0142\u00f3wna","item":"https:\/\/www.24gliwice.pl\/wiadomosci\/"},{"@type":"ListItem","position":2,"name":"Krad\u0142 w Ma\u0142opolsce i na \u015al\u0105sku, r\u00f3wnie\u017c w Gliwicach. Wyrz\u0105dzi\u0142 straty na ponad p\u00f3\u0142 miliona z\u0142otych"}]},{"@type":"WebSite","@id":"https:\/\/www.24gliwice.pl\/wiadomosci\/#website","url":"https:\/\/www.24gliwice.pl\/wiadomosci\/","name":"24GLIWICE - Portal Gliwice | codziennie nowe wiadomo\u015bci","description":"Portal Miejski Gliwice","publisher":{"@id":"https:\/\/www.24gliwice.pl\/wiadomosci\/#organization"},"potentialAction":[{"@type":"SearchAction","target":{"@type":"EntryPoint","urlTemplate":"https:\/\/www.24gliwice.pl\/wiadomosci\/?s={search_term_string}"},"query-input":{"@type":"PropertyValueSpecification","valueRequired":true,"valueName":"search_term_string"}}],"inLanguage":"pl-PL"},{"@type":"Organization","@id":"https:\/\/www.24gliwice.pl\/wiadomosci\/#organization","name":"24gliwice","url":"https:\/\/www.24gliwice.pl\/wiadomosci\/","logo":{"@type":"ImageObject","inLanguage":"pl-PL","@id":"https:\/\/www.24gliwice.pl\/wiadomosci\/#\/schema\/logo\/image\/","url":"https:\/\/www.24gliwice.pl\/wiadomosci\/wp-content\/uploads\/2024\/10\/24gliwice-logo-696.jpg","contentUrl":"https:\/\/www.24gliwice.pl\/wiadomosci\/wp-content\/uploads\/2024\/10\/24gliwice-logo-696.jpg","width":696,"height":696,"caption":"24gliwice"},"image":{"@id":"https:\/\/www.24gliwice.pl\/wiadomosci\/#\/schema\/logo\/image\/"},"sameAs":["https:\/\/www.facebook.com\/24gliwice","https:\/\/x.com\/24gliwice","https:\/\/www.youtube.com\/@24gliwice"]},{"@type":"Person","@id":"https:\/\/www.24gliwice.pl\/wiadomosci\/#\/schema\/person\/e42c650edd7f2fa332be3811fb166b6e","name":"\u017baneta Mrozek-Siewierska","image":{"@type":"ImageObject","inLanguage":"pl-PL","@id":"https:\/\/secure.gravatar.com\/avatar\/1881429e9c64597c77ad7aef2d0a19be69a3253e57534d16aa15bf3a4d34a0a3?s=96&d=mm&r=g","url":"https:\/\/secure.gravatar.com\/avatar\/1881429e9c64597c77ad7aef2d0a19be69a3253e57534d16aa15bf3a4d34a0a3?s=96&d=mm&r=g","contentUrl":"https:\/\/secure.gravatar.com\/avatar\/1881429e9c64597c77ad7aef2d0a19be69a3253e57534d16aa15bf3a4d34a0a3?s=96&d=mm&r=g","caption":"\u017baneta Mrozek-Siewierska"},"url":"https:\/\/www.24gliwice.pl\/wiadomosci\/author\/zms\/"}]}},"_links":{"self":[{"href":"https:\/\/www.24gliwice.pl\/wiadomosci\/wp-json\/wp\/v2\/posts\/140499","targetHints":{"allow":["GET"]}}],"collection":[{"href":"https:\/\/www.24gliwice.pl\/wiadomosci\/wp-json\/wp\/v2\/posts"}],"about":[{"href":"https:\/\/www.24gliwice.pl\/wiadomosci\/wp-json\/wp\/v2\/types\/post"}],"author":[{"embeddable":true,"href":"https:\/\/www.24gliwice.pl\/wiadomosci\/wp-json\/wp\/v2\/users\/15"}],"replies":[{"embeddable":true,"href":"https:\/\/www.24gliwice.pl\/wiadomosci\/wp-json\/wp\/v2\/comments?post=140499"}],"version-history":[{"count":0,"href":"https:\/\/www.24gliwice.pl\/wiadomosci\/wp-json\/wp\/v2\/posts\/140499\/revisions"}],"wp:featuredmedia":[{"embeddable":true,"href":"https:\/\/www.24gliwice.pl\/wiadomosci\/wp-json\/wp\/v2\/media\/110816"}],"wp:attachment":[{"href":"https:\/\/www.24gliwice.pl\/wiadomosci\/wp-json\/wp\/v2\/media?parent=140499"}],"wp:term":[{"taxonomy":"category","embeddable":true,"href":"https:\/\/www.24gliwice.pl\/wiadomosci\/wp-json\/wp\/v2\/categories?post=140499"},{"taxonomy":"post_tag","embeddable":true,"href":"https:\/\/www.24gliwice.pl\/wiadomosci\/wp-json\/wp\/v2\/tags?post=140499"}],"curies":[{"name":"wp","href":"https:\/\/api.w.org\/{rel}","templated":true}]}}