{"id":140549,"date":"2019-09-17T11:14:19","date_gmt":"2019-09-17T09:14:19","guid":{"rendered":"https:\/\/www.24gliwice.pl\/wiadomosci\/?p=140549"},"modified":"2019-09-17T11:26:19","modified_gmt":"2019-09-17T09:26:19","slug":"foto-cysterna-wywrocila-sie-na-autostradzie-a4-jej-kierowca-prawdopodobnie-zasnal-za-kolkiem","status":"publish","type":"post","link":"https:\/\/www.24gliwice.pl\/wiadomosci\/foto-cysterna-wywrocila-sie-na-autostradzie-a4-jej-kierowca-prawdopodobnie-zasnal-za-kolkiem\/","title":{"rendered":"(Foto) Cysterna wywr\u00f3ci\u0142a si\u0119 na autostradzie A4. Jej kierowca prawdopodobnie zasn\u0105\u0142 za k\u00f3\u0142kiem"},"content":{"rendered":"<div class=\"gliwi-a6-nad-leadem-artykulow gliwi-entity-placement\" id=\"gliwi-3200258304\"><div class=\"gliwi-adlabel\"><span style=\"font-size: 9px\">REKLAMA<\/span><\/div><div id=\"gliwi-1698435618\" style=\"margin-bottom: 30px;margin-left: auto;margin-right: auto;text-align: center;\"><a data-no-instant=\"1\" href=\"https:\/\/przedszkole.halogen.org.pl\/\" rel=\"noopener\" class=\"a2t-link\" target=\"_blank\" aria-label=\"20260402-ANIMATOR-przedszkole_grafika_750x200\"><img loading=\"lazy\" decoding=\"async\" src=\"https:\/\/www.24gliwice.pl\/wiadomosci\/wp-content\/uploads\/2026\/04\/20260402-ANIMATOR-przedszkole_grafika_750x200.webp\" alt=\"\"  srcset=\"https:\/\/www.24gliwice.pl\/wiadomosci\/wp-content\/uploads\/2026\/04\/20260402-ANIMATOR-przedszkole_grafika_750x200.webp 750w, https:\/\/www.24gliwice.pl\/wiadomosci\/wp-content\/uploads\/2026\/04\/20260402-ANIMATOR-przedszkole_grafika_750x200-410x109.webp 410w\" sizes=\"(max-width: 750px) 100vw, 750px\" class=\"no-lazyload\" width=\"750\" height=\"200\"  style=\"display: inline-block; max-width: 100%; height: auto;\" \/><\/a><\/div><\/div><h3>Za\u015bni\u0119cie za kierownic\u0105 \u2013 taka by\u0142a prawdopodobna przyczyna wywrotki cysterny, do jakiej dosz\u0142o na gliwickim odcinku autostrady. Od godziny 4.20 na miejscu pracowa\u0142y s\u0142u\u017cby usuwaj\u0105ce skutki zdarzenia drogowego na 298. kilometrze autostrady A4 w kierunku Katowic.<\/h3>\n<p>&#8211; Pami\u0119tajmy, kodeks drogowy m\u00f3wi, \u017ce podstawowym obowi\u0105zkiem ka\u017cdego kierowcy jest zachowanie ostro\u017cno\u015bci, w tym unikania wszelkich dzia\u0142a\u0144, kt\u00f3re mog\u0142yby spowodowa\u0107 zagro\u017cenie dla bezpiecze\u0144stwa ruchu drogowego i narazi\u0107 kogokolwiek na szkod\u0119. Wynika z tego m.in. obowi\u0105zek prowadzenia pojazdu w stanie pe\u0142nej sprawno\u015bci psychofizycznej &#8211; przypomina podinspektor <strong>Marek S\u0142omski<\/strong>, oficer prasowy KMP Gliwice.<\/p>\n<h3>Tymczasem, jak ustalono na miejscu, kierowca zasn\u0105\u0142 za kierownic\u0105 ze zm\u0119czenia, co oznacza, \u017ce powinno\u015b\u0107 t\u0119 naruszy\u0142.<\/h3>\n<p>Na szcz\u0119\u015bcie nikt nie ucierpia\u0142 w wyniku zdarzenia, przewr\u00f3cona cysterna nie blokowa\u0142a te\u017c ruchu na autostradzie. Czterdziestoletni mieszkaniec Siedlec otrzyma\u0142 mandat karny.<\/p><div class=\"gliwi-a3-w-tresci-artykulow gliwi-entity-placement\" id=\"gliwi-703529788\"><div class=\"gliwi-adlabel\"><span style=\"font-size: 9px\">REKLAMA<\/span><\/div><div id=\"gliwi-2402177601\" style=\"margin-bottom: 30px;margin-left: auto;margin-right: auto;text-align: center;\"><a data-no-instant=\"1\" href=\"https:\/\/ogrodyandersa.pl\/\" rel=\"noopener\" class=\"a2t-link\" target=\"_blank\" aria-label=\"20260415 Ogrody Andersa KUP TERAZ D\"><img loading=\"lazy\" decoding=\"async\" src=\"https:\/\/www.24gliwice.pl\/wiadomosci\/wp-content\/uploads\/2026\/04\/20260415-Ogrody-Andersa-KUP-TERAZ-D.jpg\" alt=\"\"  srcset=\"https:\/\/www.24gliwice.pl\/wiadomosci\/wp-content\/uploads\/2026\/04\/20260415-Ogrody-Andersa-KUP-TERAZ-D.jpg 750w, https:\/\/www.24gliwice.pl\/wiadomosci\/wp-content\/uploads\/2026\/04\/20260415-Ogrody-Andersa-KUP-TERAZ-D-410x109.jpg 410w\" sizes=\"(max-width: 750px) 100vw, 750px\" class=\"no-lazyload\" width=\"750\" height=\"200\"  style=\"display: inline-block; max-width: 100%; height: auto;\" \/><\/a><\/div><\/div>\n<p>(\u017cms)\/KMP Gliwice<br \/>\nfot. KMP Gliwice<\/p>\n<p><img loading=\"lazy\" decoding=\"async\" class=\"alignnone  wp-image-140554\" src=\"https:\/\/www.24gliwice.pl\/wiadomosci\/wp-content\/uploads\/2019\/09\/cysterna-wywrotka.jpg\" alt=\"\" width=\"1174\" height=\"661\" srcset=\"https:\/\/www.24gliwice.pl\/wiadomosci\/wp-content\/uploads\/2019\/09\/cysterna-wywrotka.jpg 969w, https:\/\/www.24gliwice.pl\/wiadomosci\/wp-content\/uploads\/2019\/09\/cysterna-wywrotka-410x232.jpg 410w, https:\/\/www.24gliwice.pl\/wiadomosci\/wp-content\/uploads\/2019\/09\/cysterna-wywrotka-768x433.jpg 768w, https:\/\/www.24gliwice.pl\/wiadomosci\/wp-content\/uploads\/2019\/09\/cysterna-wywrotka-808x455.jpg 808w, https:\/\/www.24gliwice.pl\/wiadomosci\/wp-content\/uploads\/2019\/09\/cysterna-wywrotka-810x456.jpg 810w\" sizes=\"auto, (max-width: 1174px) 100vw, 1174px\" \/><\/p>\n<p><img loading=\"lazy\" decoding=\"async\" class=\"alignnone  wp-image-140555\" src=\"https:\/\/www.24gliwice.pl\/wiadomosci\/wp-content\/uploads\/2019\/09\/cysterna2.jpg\" alt=\"\" width=\"1126\" height=\"634\" srcset=\"https:\/\/www.24gliwice.pl\/wiadomosci\/wp-content\/uploads\/2019\/09\/cysterna2.jpg 969w, https:\/\/www.24gliwice.pl\/wiadomosci\/wp-content\/uploads\/2019\/09\/cysterna2-410x232.jpg 410w, https:\/\/www.24gliwice.pl\/wiadomosci\/wp-content\/uploads\/2019\/09\/cysterna2-768x433.jpg 768w, https:\/\/www.24gliwice.pl\/wiadomosci\/wp-content\/uploads\/2019\/09\/cysterna2-808x455.jpg 808w, https:\/\/www.24gliwice.pl\/wiadomosci\/wp-content\/uploads\/2019\/09\/cysterna2-810x456.jpg 810w\" sizes=\"auto, (max-width: 1126px) 100vw, 1126px\" \/><\/p>\n<div class=\"gliwi-a5-na-koncu-artykulow gliwi-entity-placement\" id=\"gliwi-2086424081\"><div class=\"gliwi-adlabel\"><span style=\"font-size: 9px\">REKLAMA<\/span><\/div><div id=\"gliwi-2825913813\" style=\"margin-left: auto;margin-right: auto;text-align: center;\"><a data-no-instant=\"1\" href=\"https:\/\/prezeroarenagliwice.pl\/\" rel=\"noopener\" class=\"a2t-link\" target=\"_blank\" aria-label=\"20260309-PREZERO-WIOSNA-D\"><img loading=\"lazy\" decoding=\"async\" src=\"https:\/\/www.24gliwice.pl\/wiadomosci\/wp-content\/uploads\/2026\/03\/20260309-PREZERO-WIOSNA-D.webp\" alt=\"\"  srcset=\"https:\/\/www.24gliwice.pl\/wiadomosci\/wp-content\/uploads\/2026\/03\/20260309-PREZERO-WIOSNA-D.webp 750w, https:\/\/www.24gliwice.pl\/wiadomosci\/wp-content\/uploads\/2026\/03\/20260309-PREZERO-WIOSNA-D-410x109.webp 410w\" sizes=\"(max-width: 750px) 100vw, 750px\" class=\"no-lazyload\" width=\"750\" height=\"200\"  style=\"display: inline-block; max-width: 100%; height: auto;\" \/><\/a><\/div><\/div>","protected":false},"excerpt":{"rendered":"<p>Za\u015bni\u0119cie za kierownic\u0105 \u2013 taka by\u0142a prawdopodobna przyczyna wywrotki cysterny, do jakiej dosz\u0142o na gliwickim odcinku autostrady. Od godziny 4.20 na miejscu pracowa\u0142y s\u0142u\u017cby usuwaj\u0105ce skutki zdarzenia drogowego na 298. kilometrze autostrady A4 w kierunku Katowic. &#8211; Pami\u0119tajmy, kodeks drogowy m\u00f3wi, \u017ce podstawowym obowi\u0105zkiem ka\u017cdego kierowcy jest zachowanie ostro\u017cno\u015bci, w tym unikania wszelkich dzia\u0142a\u0144, kt\u00f3re [&hellip;]<\/p>\n","protected":false},"author":15,"featured_media":140553,"comment_status":"open","ping_status":"closed","sticky":false,"template":"","format":"standard","meta":{"_monsterinsights_skip_tracking":false,"_monsterinsights_sitenote_active":false,"_monsterinsights_sitenote_note":"","_monsterinsights_sitenote_category":0,"footnotes":"","_links_to":"","_links_to_target":""},"categories":[3,1,5],"tags":[1070,1775,8519,8549,54],"class_list":["post-140549","post","type-post","status-publish","format-standard","has-post-thumbnail","hentry","category-gliwice","category-wszystko","category-kryminalki","tag-autostrada-a4","tag-kmp-gliwice","tag-kolizja","tag-tir","tag-wypadek"],"yoast_head":"<!-- This site is optimized with the Yoast SEO plugin v27.5 - https:\/\/yoast.com\/product\/yoast-seo-wordpress\/ -->\n<title>(Foto) Cysterna wywr\u00f3ci\u0142a si\u0119 na autostradzie A4. Jej kierowca prawdopodobnie zasn\u0105\u0142 za k\u00f3\u0142kiem - 24GLIWICE - Portal Gliwice | codziennie nowe informacje<\/title>\n<meta name=\"robots\" content=\"index, follow, max-snippet:-1, max-image-preview:large, max-video-preview:-1\" \/>\n<link rel=\"canonical\" href=\"https:\/\/www.24gliwice.pl\/wiadomosci\/foto-cysterna-wywrocila-sie-na-autostradzie-a4-jej-kierowca-prawdopodobnie-zasnal-za-kolkiem\/\" \/>\n<meta property=\"og:locale\" content=\"pl_PL\" \/>\n<meta property=\"og:type\" content=\"article\" \/>\n<meta property=\"og:title\" content=\"(Foto) Cysterna wywr\u00f3ci\u0142a si\u0119 na autostradzie A4. Jej kierowca prawdopodobnie zasn\u0105\u0142 za k\u00f3\u0142kiem - 24GLIWICE - Portal Gliwice | codziennie nowe informacje\" \/>\n<meta property=\"og:description\" content=\"Za\u015bni\u0119cie za kierownic\u0105 \u2013 taka by\u0142a prawdopodobna przyczyna wywrotki cysterny, do jakiej dosz\u0142o na gliwickim odcinku autostrady. Od godziny 4.20 na miejscu pracowa\u0142y s\u0142u\u017cby usuwaj\u0105ce skutki zdarzenia drogowego na 298. kilometrze autostrady A4 w kierunku Katowic. &#8211; Pami\u0119tajmy, kodeks drogowy m\u00f3wi, \u017ce podstawowym obowi\u0105zkiem ka\u017cdego kierowcy jest zachowanie ostro\u017cno\u015bci, w tym unikania wszelkich dzia\u0142a\u0144, kt\u00f3re [&hellip;]\" \/>\n<meta property=\"og:url\" content=\"https:\/\/www.24gliwice.pl\/wiadomosci\/foto-cysterna-wywrocila-sie-na-autostradzie-a4-jej-kierowca-prawdopodobnie-zasnal-za-kolkiem\/\" \/>\n<meta property=\"og:site_name\" content=\"24GLIWICE - Portal Gliwice | codziennie nowe informacje\" \/>\n<meta property=\"article:publisher\" content=\"https:\/\/www.facebook.com\/24gliwice\" \/>\n<meta property=\"article:published_time\" content=\"2019-09-17T09:14:19+00:00\" \/>\n<meta property=\"article:modified_time\" content=\"2019-09-17T09:26:19+00:00\" \/>\n<meta property=\"og:image\" content=\"https:\/\/www.24gliwice.pl\/wiadomosci\/wp-content\/uploads\/2019\/09\/cysterna-g\u0142\u00f3wne.jpg\" \/>\n\t<meta property=\"og:image:width\" content=\"970\" \/>\n\t<meta property=\"og:image:height\" content=\"547\" \/>\n\t<meta property=\"og:image:type\" content=\"image\/jpeg\" \/>\n<meta name=\"author\" content=\"\u017baneta Mrozek-Siewierska\" \/>\n<meta name=\"twitter:card\" content=\"summary_large_image\" \/>\n<meta name=\"twitter:creator\" content=\"@24gliwice\" \/>\n<meta name=\"twitter:site\" content=\"@24gliwice\" \/>\n<meta name=\"twitter:label1\" content=\"Napisane przez\" \/>\n\t<meta name=\"twitter:data1\" content=\"\u017baneta Mrozek-Siewierska\" \/>\n\t<meta name=\"twitter:label2\" content=\"Szacowany czas czytania\" \/>\n\t<meta name=\"twitter:data2\" content=\"1 minuta\" \/>\n<script type=\"application\/ld+json\" class=\"yoast-schema-graph\">{\"@context\":\"https:\\\/\\\/schema.org\",\"@graph\":[{\"@type\":\"Article\",\"@id\":\"https:\\\/\\\/www.24gliwice.pl\\\/wiadomosci\\\/foto-cysterna-wywrocila-sie-na-autostradzie-a4-jej-kierowca-prawdopodobnie-zasnal-za-kolkiem\\\/#article\",\"isPartOf\":{\"@id\":\"https:\\\/\\\/www.24gliwice.pl\\\/wiadomosci\\\/foto-cysterna-wywrocila-sie-na-autostradzie-a4-jej-kierowca-prawdopodobnie-zasnal-za-kolkiem\\\/\"},\"author\":{\"name\":\"\u017baneta Mrozek-Siewierska\",\"@id\":\"https:\\\/\\\/www.24gliwice.pl\\\/wiadomosci\\\/#\\\/schema\\\/person\\\/e42c650edd7f2fa332be3811fb166b6e\"},\"headline\":\"(Foto) Cysterna wywr\u00f3ci\u0142a si\u0119 na autostradzie A4. Jej kierowca prawdopodobnie zasn\u0105\u0142 za k\u00f3\u0142kiem\",\"datePublished\":\"2019-09-17T09:14:19+00:00\",\"dateModified\":\"2019-09-17T09:26:19+00:00\",\"mainEntityOfPage\":{\"@id\":\"https:\\\/\\\/www.24gliwice.pl\\\/wiadomosci\\\/foto-cysterna-wywrocila-sie-na-autostradzie-a4-jej-kierowca-prawdopodobnie-zasnal-za-kolkiem\\\/\"},\"wordCount\":174,\"commentCount\":0,\"publisher\":{\"@id\":\"https:\\\/\\\/www.24gliwice.pl\\\/wiadomosci\\\/#organization\"},\"image\":{\"@id\":\"https:\\\/\\\/www.24gliwice.pl\\\/wiadomosci\\\/foto-cysterna-wywrocila-sie-na-autostradzie-a4-jej-kierowca-prawdopodobnie-zasnal-za-kolkiem\\\/#primaryimage\"},\"thumbnailUrl\":\"https:\\\/\\\/www.24gliwice.pl\\\/wiadomosci\\\/wp-content\\\/uploads\\\/2019\\\/09\\\/cysterna-g\u0142\u00f3wne.jpg\",\"keywords\":[\"AUTOSTRADA A4\",\"KMP GLIWICE\",\"KOLIZJA\",\"tir\",\"WYPADEK\"],\"articleSection\":[\"Gliwice\",\"Najnowsze wiadomo\u015bci\",\"Prawo\"],\"inLanguage\":\"pl-PL\",\"potentialAction\":[{\"@type\":\"CommentAction\",\"name\":\"Comment\",\"target\":[\"https:\\\/\\\/www.24gliwice.pl\\\/wiadomosci\\\/foto-cysterna-wywrocila-sie-na-autostradzie-a4-jej-kierowca-prawdopodobnie-zasnal-za-kolkiem\\\/#respond\"]}]},{\"@type\":\"WebPage\",\"@id\":\"https:\\\/\\\/www.24gliwice.pl\\\/wiadomosci\\\/foto-cysterna-wywrocila-sie-na-autostradzie-a4-jej-kierowca-prawdopodobnie-zasnal-za-kolkiem\\\/\",\"url\":\"https:\\\/\\\/www.24gliwice.pl\\\/wiadomosci\\\/foto-cysterna-wywrocila-sie-na-autostradzie-a4-jej-kierowca-prawdopodobnie-zasnal-za-kolkiem\\\/\",\"name\":\"(Foto) Cysterna wywr\u00f3ci\u0142a si\u0119 na autostradzie A4. Jej kierowca prawdopodobnie zasn\u0105\u0142 za k\u00f3\u0142kiem - 24GLIWICE - Portal Gliwice | codziennie nowe informacje\",\"isPartOf\":{\"@id\":\"https:\\\/\\\/www.24gliwice.pl\\\/wiadomosci\\\/#website\"},\"primaryImageOfPage\":{\"@id\":\"https:\\\/\\\/www.24gliwice.pl\\\/wiadomosci\\\/foto-cysterna-wywrocila-sie-na-autostradzie-a4-jej-kierowca-prawdopodobnie-zasnal-za-kolkiem\\\/#primaryimage\"},\"image\":{\"@id\":\"https:\\\/\\\/www.24gliwice.pl\\\/wiadomosci\\\/foto-cysterna-wywrocila-sie-na-autostradzie-a4-jej-kierowca-prawdopodobnie-zasnal-za-kolkiem\\\/#primaryimage\"},\"thumbnailUrl\":\"https:\\\/\\\/www.24gliwice.pl\\\/wiadomosci\\\/wp-content\\\/uploads\\\/2019\\\/09\\\/cysterna-g\u0142\u00f3wne.jpg\",\"datePublished\":\"2019-09-17T09:14:19+00:00\",\"dateModified\":\"2019-09-17T09:26:19+00:00\",\"breadcrumb\":{\"@id\":\"https:\\\/\\\/www.24gliwice.pl\\\/wiadomosci\\\/foto-cysterna-wywrocila-sie-na-autostradzie-a4-jej-kierowca-prawdopodobnie-zasnal-za-kolkiem\\\/#breadcrumb\"},\"inLanguage\":\"pl-PL\",\"potentialAction\":[{\"@type\":\"ReadAction\",\"target\":[\"https:\\\/\\\/www.24gliwice.pl\\\/wiadomosci\\\/foto-cysterna-wywrocila-sie-na-autostradzie-a4-jej-kierowca-prawdopodobnie-zasnal-za-kolkiem\\\/\"]}]},{\"@type\":\"ImageObject\",\"inLanguage\":\"pl-PL\",\"@id\":\"https:\\\/\\\/www.24gliwice.pl\\\/wiadomosci\\\/foto-cysterna-wywrocila-sie-na-autostradzie-a4-jej-kierowca-prawdopodobnie-zasnal-za-kolkiem\\\/#primaryimage\",\"url\":\"https:\\\/\\\/www.24gliwice.pl\\\/wiadomosci\\\/wp-content\\\/uploads\\\/2019\\\/09\\\/cysterna-g\u0142\u00f3wne.jpg\",\"contentUrl\":\"https:\\\/\\\/www.24gliwice.pl\\\/wiadomosci\\\/wp-content\\\/uploads\\\/2019\\\/09\\\/cysterna-g\u0142\u00f3wne.jpg\",\"width\":970,\"height\":547},{\"@type\":\"BreadcrumbList\",\"@id\":\"https:\\\/\\\/www.24gliwice.pl\\\/wiadomosci\\\/foto-cysterna-wywrocila-sie-na-autostradzie-a4-jej-kierowca-prawdopodobnie-zasnal-za-kolkiem\\\/#breadcrumb\",\"itemListElement\":[{\"@type\":\"ListItem\",\"position\":1,\"name\":\"Strona g\u0142\u00f3wna\",\"item\":\"https:\\\/\\\/www.24gliwice.pl\\\/wiadomosci\\\/\"},{\"@type\":\"ListItem\",\"position\":2,\"name\":\"(Foto) Cysterna wywr\u00f3ci\u0142a si\u0119 na autostradzie A4. Jej kierowca prawdopodobnie zasn\u0105\u0142 za k\u00f3\u0142kiem\"}]},{\"@type\":\"WebSite\",\"@id\":\"https:\\\/\\\/www.24gliwice.pl\\\/wiadomosci\\\/#website\",\"url\":\"https:\\\/\\\/www.24gliwice.pl\\\/wiadomosci\\\/\",\"name\":\"24GLIWICE - Portal Gliwice | codziennie nowe wiadomo\u015bci\",\"description\":\"Portal Miejski Gliwice\",\"publisher\":{\"@id\":\"https:\\\/\\\/www.24gliwice.pl\\\/wiadomosci\\\/#organization\"},\"potentialAction\":[{\"@type\":\"SearchAction\",\"target\":{\"@type\":\"EntryPoint\",\"urlTemplate\":\"https:\\\/\\\/www.24gliwice.pl\\\/wiadomosci\\\/?s={search_term_string}\"},\"query-input\":{\"@type\":\"PropertyValueSpecification\",\"valueRequired\":true,\"valueName\":\"search_term_string\"}}],\"inLanguage\":\"pl-PL\"},{\"@type\":\"Organization\",\"@id\":\"https:\\\/\\\/www.24gliwice.pl\\\/wiadomosci\\\/#organization\",\"name\":\"24gliwice\",\"url\":\"https:\\\/\\\/www.24gliwice.pl\\\/wiadomosci\\\/\",\"logo\":{\"@type\":\"ImageObject\",\"inLanguage\":\"pl-PL\",\"@id\":\"https:\\\/\\\/www.24gliwice.pl\\\/wiadomosci\\\/#\\\/schema\\\/logo\\\/image\\\/\",\"url\":\"https:\\\/\\\/www.24gliwice.pl\\\/wiadomosci\\\/wp-content\\\/uploads\\\/2024\\\/10\\\/24gliwice-logo-696.jpg\",\"contentUrl\":\"https:\\\/\\\/www.24gliwice.pl\\\/wiadomosci\\\/wp-content\\\/uploads\\\/2024\\\/10\\\/24gliwice-logo-696.jpg\",\"width\":696,\"height\":696,\"caption\":\"24gliwice\"},\"image\":{\"@id\":\"https:\\\/\\\/www.24gliwice.pl\\\/wiadomosci\\\/#\\\/schema\\\/logo\\\/image\\\/\"},\"sameAs\":[\"https:\\\/\\\/www.facebook.com\\\/24gliwice\",\"https:\\\/\\\/x.com\\\/24gliwice\",\"https:\\\/\\\/www.youtube.com\\\/@24gliwice\"]},{\"@type\":\"Person\",\"@id\":\"https:\\\/\\\/www.24gliwice.pl\\\/wiadomosci\\\/#\\\/schema\\\/person\\\/e42c650edd7f2fa332be3811fb166b6e\",\"name\":\"\u017baneta Mrozek-Siewierska\",\"image\":{\"@type\":\"ImageObject\",\"inLanguage\":\"pl-PL\",\"@id\":\"https:\\\/\\\/secure.gravatar.com\\\/avatar\\\/1881429e9c64597c77ad7aef2d0a19be69a3253e57534d16aa15bf3a4d34a0a3?s=96&d=mm&r=g\",\"url\":\"https:\\\/\\\/secure.gravatar.com\\\/avatar\\\/1881429e9c64597c77ad7aef2d0a19be69a3253e57534d16aa15bf3a4d34a0a3?s=96&d=mm&r=g\",\"contentUrl\":\"https:\\\/\\\/secure.gravatar.com\\\/avatar\\\/1881429e9c64597c77ad7aef2d0a19be69a3253e57534d16aa15bf3a4d34a0a3?s=96&d=mm&r=g\",\"caption\":\"\u017baneta Mrozek-Siewierska\"},\"url\":\"https:\\\/\\\/www.24gliwice.pl\\\/wiadomosci\\\/author\\\/zms\\\/\"}]}<\/script>\n<!-- \/ Yoast SEO plugin. -->","yoast_head_json":{"title":"(Foto) Cysterna wywr\u00f3ci\u0142a si\u0119 na autostradzie A4. Jej kierowca prawdopodobnie zasn\u0105\u0142 za k\u00f3\u0142kiem - 24GLIWICE - Portal Gliwice | codziennie nowe informacje","robots":{"index":"index","follow":"follow","max-snippet":"max-snippet:-1","max-image-preview":"max-image-preview:large","max-video-preview":"max-video-preview:-1"},"canonical":"https:\/\/www.24gliwice.pl\/wiadomosci\/foto-cysterna-wywrocila-sie-na-autostradzie-a4-jej-kierowca-prawdopodobnie-zasnal-za-kolkiem\/","og_locale":"pl_PL","og_type":"article","og_title":"(Foto) Cysterna wywr\u00f3ci\u0142a si\u0119 na autostradzie A4. Jej kierowca prawdopodobnie zasn\u0105\u0142 za k\u00f3\u0142kiem - 24GLIWICE - Portal Gliwice | codziennie nowe informacje","og_description":"Za\u015bni\u0119cie za kierownic\u0105 \u2013 taka by\u0142a prawdopodobna przyczyna wywrotki cysterny, do jakiej dosz\u0142o na gliwickim odcinku autostrady. Od godziny 4.20 na miejscu pracowa\u0142y s\u0142u\u017cby usuwaj\u0105ce skutki zdarzenia drogowego na 298. kilometrze autostrady A4 w kierunku Katowic. &#8211; Pami\u0119tajmy, kodeks drogowy m\u00f3wi, \u017ce podstawowym obowi\u0105zkiem ka\u017cdego kierowcy jest zachowanie ostro\u017cno\u015bci, w tym unikania wszelkich dzia\u0142a\u0144, kt\u00f3re [&hellip;]","og_url":"https:\/\/www.24gliwice.pl\/wiadomosci\/foto-cysterna-wywrocila-sie-na-autostradzie-a4-jej-kierowca-prawdopodobnie-zasnal-za-kolkiem\/","og_site_name":"24GLIWICE - Portal Gliwice | codziennie nowe informacje","article_publisher":"https:\/\/www.facebook.com\/24gliwice","article_published_time":"2019-09-17T09:14:19+00:00","article_modified_time":"2019-09-17T09:26:19+00:00","og_image":[{"width":970,"height":547,"url":"https:\/\/www.24gliwice.pl\/wiadomosci\/wp-content\/uploads\/2019\/09\/cysterna-g\u0142\u00f3wne.jpg","type":"image\/jpeg"}],"author":"\u017baneta Mrozek-Siewierska","twitter_card":"summary_large_image","twitter_creator":"@24gliwice","twitter_site":"@24gliwice","twitter_misc":{"Napisane przez":"\u017baneta Mrozek-Siewierska","Szacowany czas czytania":"1 minuta"},"schema":{"@context":"https:\/\/schema.org","@graph":[{"@type":"Article","@id":"https:\/\/www.24gliwice.pl\/wiadomosci\/foto-cysterna-wywrocila-sie-na-autostradzie-a4-jej-kierowca-prawdopodobnie-zasnal-za-kolkiem\/#article","isPartOf":{"@id":"https:\/\/www.24gliwice.pl\/wiadomosci\/foto-cysterna-wywrocila-sie-na-autostradzie-a4-jej-kierowca-prawdopodobnie-zasnal-za-kolkiem\/"},"author":{"name":"\u017baneta Mrozek-Siewierska","@id":"https:\/\/www.24gliwice.pl\/wiadomosci\/#\/schema\/person\/e42c650edd7f2fa332be3811fb166b6e"},"headline":"(Foto) Cysterna wywr\u00f3ci\u0142a si\u0119 na autostradzie A4. Jej kierowca prawdopodobnie zasn\u0105\u0142 za k\u00f3\u0142kiem","datePublished":"2019-09-17T09:14:19+00:00","dateModified":"2019-09-17T09:26:19+00:00","mainEntityOfPage":{"@id":"https:\/\/www.24gliwice.pl\/wiadomosci\/foto-cysterna-wywrocila-sie-na-autostradzie-a4-jej-kierowca-prawdopodobnie-zasnal-za-kolkiem\/"},"wordCount":174,"commentCount":0,"publisher":{"@id":"https:\/\/www.24gliwice.pl\/wiadomosci\/#organization"},"image":{"@id":"https:\/\/www.24gliwice.pl\/wiadomosci\/foto-cysterna-wywrocila-sie-na-autostradzie-a4-jej-kierowca-prawdopodobnie-zasnal-za-kolkiem\/#primaryimage"},"thumbnailUrl":"https:\/\/www.24gliwice.pl\/wiadomosci\/wp-content\/uploads\/2019\/09\/cysterna-g\u0142\u00f3wne.jpg","keywords":["AUTOSTRADA A4","KMP GLIWICE","KOLIZJA","tir","WYPADEK"],"articleSection":["Gliwice","Najnowsze wiadomo\u015bci","Prawo"],"inLanguage":"pl-PL","potentialAction":[{"@type":"CommentAction","name":"Comment","target":["https:\/\/www.24gliwice.pl\/wiadomosci\/foto-cysterna-wywrocila-sie-na-autostradzie-a4-jej-kierowca-prawdopodobnie-zasnal-za-kolkiem\/#respond"]}]},{"@type":"WebPage","@id":"https:\/\/www.24gliwice.pl\/wiadomosci\/foto-cysterna-wywrocila-sie-na-autostradzie-a4-jej-kierowca-prawdopodobnie-zasnal-za-kolkiem\/","url":"https:\/\/www.24gliwice.pl\/wiadomosci\/foto-cysterna-wywrocila-sie-na-autostradzie-a4-jej-kierowca-prawdopodobnie-zasnal-za-kolkiem\/","name":"(Foto) Cysterna wywr\u00f3ci\u0142a si\u0119 na autostradzie A4. Jej kierowca prawdopodobnie zasn\u0105\u0142 za k\u00f3\u0142kiem - 24GLIWICE - Portal Gliwice | codziennie nowe informacje","isPartOf":{"@id":"https:\/\/www.24gliwice.pl\/wiadomosci\/#website"},"primaryImageOfPage":{"@id":"https:\/\/www.24gliwice.pl\/wiadomosci\/foto-cysterna-wywrocila-sie-na-autostradzie-a4-jej-kierowca-prawdopodobnie-zasnal-za-kolkiem\/#primaryimage"},"image":{"@id":"https:\/\/www.24gliwice.pl\/wiadomosci\/foto-cysterna-wywrocila-sie-na-autostradzie-a4-jej-kierowca-prawdopodobnie-zasnal-za-kolkiem\/#primaryimage"},"thumbnailUrl":"https:\/\/www.24gliwice.pl\/wiadomosci\/wp-content\/uploads\/2019\/09\/cysterna-g\u0142\u00f3wne.jpg","datePublished":"2019-09-17T09:14:19+00:00","dateModified":"2019-09-17T09:26:19+00:00","breadcrumb":{"@id":"https:\/\/www.24gliwice.pl\/wiadomosci\/foto-cysterna-wywrocila-sie-na-autostradzie-a4-jej-kierowca-prawdopodobnie-zasnal-za-kolkiem\/#breadcrumb"},"inLanguage":"pl-PL","potentialAction":[{"@type":"ReadAction","target":["https:\/\/www.24gliwice.pl\/wiadomosci\/foto-cysterna-wywrocila-sie-na-autostradzie-a4-jej-kierowca-prawdopodobnie-zasnal-za-kolkiem\/"]}]},{"@type":"ImageObject","inLanguage":"pl-PL","@id":"https:\/\/www.24gliwice.pl\/wiadomosci\/foto-cysterna-wywrocila-sie-na-autostradzie-a4-jej-kierowca-prawdopodobnie-zasnal-za-kolkiem\/#primaryimage","url":"https:\/\/www.24gliwice.pl\/wiadomosci\/wp-content\/uploads\/2019\/09\/cysterna-g\u0142\u00f3wne.jpg","contentUrl":"https:\/\/www.24gliwice.pl\/wiadomosci\/wp-content\/uploads\/2019\/09\/cysterna-g\u0142\u00f3wne.jpg","width":970,"height":547},{"@type":"BreadcrumbList","@id":"https:\/\/www.24gliwice.pl\/wiadomosci\/foto-cysterna-wywrocila-sie-na-autostradzie-a4-jej-kierowca-prawdopodobnie-zasnal-za-kolkiem\/#breadcrumb","itemListElement":[{"@type":"ListItem","position":1,"name":"Strona g\u0142\u00f3wna","item":"https:\/\/www.24gliwice.pl\/wiadomosci\/"},{"@type":"ListItem","position":2,"name":"(Foto) Cysterna wywr\u00f3ci\u0142a si\u0119 na autostradzie A4. Jej kierowca prawdopodobnie zasn\u0105\u0142 za k\u00f3\u0142kiem"}]},{"@type":"WebSite","@id":"https:\/\/www.24gliwice.pl\/wiadomosci\/#website","url":"https:\/\/www.24gliwice.pl\/wiadomosci\/","name":"24GLIWICE - Portal Gliwice | codziennie nowe wiadomo\u015bci","description":"Portal Miejski Gliwice","publisher":{"@id":"https:\/\/www.24gliwice.pl\/wiadomosci\/#organization"},"potentialAction":[{"@type":"SearchAction","target":{"@type":"EntryPoint","urlTemplate":"https:\/\/www.24gliwice.pl\/wiadomosci\/?s={search_term_string}"},"query-input":{"@type":"PropertyValueSpecification","valueRequired":true,"valueName":"search_term_string"}}],"inLanguage":"pl-PL"},{"@type":"Organization","@id":"https:\/\/www.24gliwice.pl\/wiadomosci\/#organization","name":"24gliwice","url":"https:\/\/www.24gliwice.pl\/wiadomosci\/","logo":{"@type":"ImageObject","inLanguage":"pl-PL","@id":"https:\/\/www.24gliwice.pl\/wiadomosci\/#\/schema\/logo\/image\/","url":"https:\/\/www.24gliwice.pl\/wiadomosci\/wp-content\/uploads\/2024\/10\/24gliwice-logo-696.jpg","contentUrl":"https:\/\/www.24gliwice.pl\/wiadomosci\/wp-content\/uploads\/2024\/10\/24gliwice-logo-696.jpg","width":696,"height":696,"caption":"24gliwice"},"image":{"@id":"https:\/\/www.24gliwice.pl\/wiadomosci\/#\/schema\/logo\/image\/"},"sameAs":["https:\/\/www.facebook.com\/24gliwice","https:\/\/x.com\/24gliwice","https:\/\/www.youtube.com\/@24gliwice"]},{"@type":"Person","@id":"https:\/\/www.24gliwice.pl\/wiadomosci\/#\/schema\/person\/e42c650edd7f2fa332be3811fb166b6e","name":"\u017baneta Mrozek-Siewierska","image":{"@type":"ImageObject","inLanguage":"pl-PL","@id":"https:\/\/secure.gravatar.com\/avatar\/1881429e9c64597c77ad7aef2d0a19be69a3253e57534d16aa15bf3a4d34a0a3?s=96&d=mm&r=g","url":"https:\/\/secure.gravatar.com\/avatar\/1881429e9c64597c77ad7aef2d0a19be69a3253e57534d16aa15bf3a4d34a0a3?s=96&d=mm&r=g","contentUrl":"https:\/\/secure.gravatar.com\/avatar\/1881429e9c64597c77ad7aef2d0a19be69a3253e57534d16aa15bf3a4d34a0a3?s=96&d=mm&r=g","caption":"\u017baneta Mrozek-Siewierska"},"url":"https:\/\/www.24gliwice.pl\/wiadomosci\/author\/zms\/"}]}},"_links":{"self":[{"href":"https:\/\/www.24gliwice.pl\/wiadomosci\/wp-json\/wp\/v2\/posts\/140549","targetHints":{"allow":["GET"]}}],"collection":[{"href":"https:\/\/www.24gliwice.pl\/wiadomosci\/wp-json\/wp\/v2\/posts"}],"about":[{"href":"https:\/\/www.24gliwice.pl\/wiadomosci\/wp-json\/wp\/v2\/types\/post"}],"author":[{"embeddable":true,"href":"https:\/\/www.24gliwice.pl\/wiadomosci\/wp-json\/wp\/v2\/users\/15"}],"replies":[{"embeddable":true,"href":"https:\/\/www.24gliwice.pl\/wiadomosci\/wp-json\/wp\/v2\/comments?post=140549"}],"version-history":[{"count":0,"href":"https:\/\/www.24gliwice.pl\/wiadomosci\/wp-json\/wp\/v2\/posts\/140549\/revisions"}],"wp:featuredmedia":[{"embeddable":true,"href":"https:\/\/www.24gliwice.pl\/wiadomosci\/wp-json\/wp\/v2\/media\/140553"}],"wp:attachment":[{"href":"https:\/\/www.24gliwice.pl\/wiadomosci\/wp-json\/wp\/v2\/media?parent=140549"}],"wp:term":[{"taxonomy":"category","embeddable":true,"href":"https:\/\/www.24gliwice.pl\/wiadomosci\/wp-json\/wp\/v2\/categories?post=140549"},{"taxonomy":"post_tag","embeddable":true,"href":"https:\/\/www.24gliwice.pl\/wiadomosci\/wp-json\/wp\/v2\/tags?post=140549"}],"curies":[{"name":"wp","href":"https:\/\/api.w.org\/{rel}","templated":true}]}}