{"id":140693,"date":"2019-09-20T08:01:23","date_gmt":"2019-09-20T06:01:23","guid":{"rendered":"https:\/\/www.24gliwice.pl\/wiadomosci\/?p=140693"},"modified":"2019-09-19T23:02:18","modified_gmt":"2019-09-19T21:02:18","slug":"w-niedziele-dzien-bez-samochodu-kolejami-slaskimi-i-rowerami-miejskimi-mozna-pojechac-za-darmo","status":"publish","type":"post","link":"https:\/\/www.24gliwice.pl\/wiadomosci\/w-niedziele-dzien-bez-samochodu-kolejami-slaskimi-i-rowerami-miejskimi-mozna-pojechac-za-darmo\/","title":{"rendered":"W niedziel\u0119 &#8220;Dzie\u0144 bez samochodu&#8221;. Kolejami \u015al\u0105skimi i Rowerami Miejskimi mo\u017cna jecha\u0107 za darmo"},"content":{"rendered":"<div class=\"gliwi-a6-nad-leadem-artykulow gliwi-entity-placement\" id=\"gliwi-3324894147\"><div class=\"gliwi-adlabel\"><span style=\"font-size: 9px\">REKLAMA<\/span><\/div><div id=\"gliwi-2884542607\" style=\"margin-bottom: 30px;margin-left: auto;margin-right: auto;text-align: center;\"><a data-no-instant=\"1\" href=\"https:\/\/przedszkole.halogen.org.pl\/\" rel=\"noopener\" class=\"a2t-link\" target=\"_blank\" aria-label=\"20260402-ANIMATOR-przedszkole_grafika_750x200\"><img loading=\"lazy\" decoding=\"async\" src=\"https:\/\/www.24gliwice.pl\/wiadomosci\/wp-content\/uploads\/2026\/04\/20260402-ANIMATOR-przedszkole_grafika_750x200.webp\" alt=\"\"  srcset=\"https:\/\/www.24gliwice.pl\/wiadomosci\/wp-content\/uploads\/2026\/04\/20260402-ANIMATOR-przedszkole_grafika_750x200.webp 750w, https:\/\/www.24gliwice.pl\/wiadomosci\/wp-content\/uploads\/2026\/04\/20260402-ANIMATOR-przedszkole_grafika_750x200-410x109.webp 410w\" sizes=\"(max-width: 750px) 100vw, 750px\" class=\"no-lazyload\" width=\"750\" height=\"200\"  style=\"display: inline-block; max-width: 100%; height: auto;\" \/><\/a><\/div><\/div><h3>Podobnie jak w poprzednich latach, tak i tym razem Koleje \u015al\u0105skie zach\u0119caj\u0105  do wsp\u00f3lnego \u015bwi\u0119towania Europejskiego Dnia bez Samochodu i przetestowania podr\u00f3\u017cy poci\u0105giem. 22 wrze\u015bnia wszyscy kierowcy mog\u0105 skorzysta\u0107 z bezp\u0142atnych przejazd\u00f3w. Rozszerzon\u0105 ofert\u0119 ma r\u00f3wnie\u017c GRM.<\/h3>\n<p>Bezp\u0142atne przejazdy z okazji Europejskiego Dnia bez Samochodu b\u0119d\u0105 obowi\u0105zywa\u0107 przez ca\u0142y dzie\u0144, na wszystkich naszych liniach \u2013 jedyny drobny wyj\u0105tek stanowi przygraniczny odcinek Cha\u0142upki \u2013 Bohumin. Aby skorzysta\u0107 z powy\u017cszej propozycji wystarczy podczas kontroli bilet\u00f3w okaza\u0107 wa\u017cny dow\u00f3d rejestracyjny. <\/p>\n<h3>Co istotne, ka\u017cdy kierowca mo\u017ce zabra\u0107 ze sob\u0105 w podr\u00f3\u017c jedn\u0105 osob\u0119 towarzysz\u0105c\u0105.<\/h3>\n<p>&#8211; Koleje \u015al\u0105skie w tym roku ju\u017c po raz pi\u0105ty przy\u0142\u0105cz\u0105 si\u0119 do obchod\u00f3w Europejskiego Dnia bez Samochodu. Po raz pierwszy wyszli\u015bmy z inicjatyw\u0105 bezp\u0142atnych przejazd\u00f3w w tym dniu w 2015 roku \u2013 i z dum\u0105 mo\u017cemy stwierdzi\u0107, \u017ce z roku na rok nasza propozycja cieszy si\u0119 coraz wi\u0119ksz\u0105 popularno\u015bci\u0105. \u0141\u0105cznie w ramach obchod\u00f3w przewie\u017ali\u015bmy prawie 8000 os\u00f3b, a razem uczestnicy akcji przejechali naszymi poci\u0105gami blisko 420 000 kilometr\u00f3w! Dodatkowo, podobnie jak w ubieg\u0142ych latach, tak i tym razem przy\u0142\u0105czymy si\u0119 r\u00f3wnie\u017c do r\u00f3\u017cnego rodzaju inicjatyw organizowanych w ramach Europejskiego Tygodnia Zr\u00f3wnowa\u017conego Transportu &#8211; podsumowuje <strong>Magdalena Iwa\u0144ska<\/strong>, rzeczniczka prasowa Kolei \u015al\u0105skich. <\/p><div class=\"gliwi-a3-w-tresci-artykulow gliwi-entity-placement\" id=\"gliwi-1025772193\"><div class=\"gliwi-adlabel\"><span style=\"font-size: 9px\">REKLAMA<\/span><\/div><div id=\"gliwi-3612995124\" style=\"margin-bottom: 30px;margin-left: auto;margin-right: auto;text-align: center;\"><a data-no-instant=\"1\" href=\"https:\/\/zlobek.halogen.org.pl\/\" rel=\"noopener\" class=\"a2t-link\" target=\"_blank\" aria-label=\"animator-zlobek_750x200\"><img loading=\"lazy\" decoding=\"async\" src=\"https:\/\/www.24gliwice.pl\/wiadomosci\/wp-content\/uploads\/2026\/02\/animator-zlobek_750x200.webp\" alt=\"\"  srcset=\"https:\/\/www.24gliwice.pl\/wiadomosci\/wp-content\/uploads\/2026\/02\/animator-zlobek_750x200.webp 750w, https:\/\/www.24gliwice.pl\/wiadomosci\/wp-content\/uploads\/2026\/02\/animator-zlobek_750x200-410x109.webp 410w\" sizes=\"(max-width: 750px) 100vw, 750px\" class=\"no-lazyload\" width=\"750\" height=\"200\"  style=\"display: inline-block; max-width: 100%; height: auto;\" \/><\/a><\/div><\/div>\n<p>&#8211; Mamy nadziej\u0119, \u017ce bezp\u0142atne przejazdy zach\u0119c\u0105 kierowc\u00f3w do przetestowania bardziej ekologicznych form transportu od \u201ew\u0142asnych czterech k\u00f3\u0142ek\u201d i by\u0107 mo\u017ce wprowadzenia sta\u0142ych zmian w podr\u00f3\u017cniczych zwyczajach. Poci\u0105g jest bowiem nie tylko bardziej przyjazny dla \u015brodowiska, ale w wielu wypadkach r\u00f3wnie\u017c wygodniejszy i szybszy. Dla przyk\u0142adu czas przejazdu naszym poci\u0105giem z centrum Sosnowca do centrum Katowic wynosi zaledwie 10 minut \u2013 trudno m\u00f3wi\u0107 o podobnym wyniku przy przeje\u017adzie samochodem, szczeg\u00f3lnie w godzinach szczytu. Warto zatem ju\u017c w najbli\u017csz\u0105 niedziel\u0119 bezp\u0142atnie sprawdzi\u0107, jak podr\u00f3\u017cuje si\u0119 poci\u0105giem Kolei \u015al\u0105skich, a po testach przemy\u015ble\u0107 przesiadk\u0119 z auta na kolej &#8211; dodaje Iwa\u0144ska. <\/p>\n<h4>Gliwicki Rower Miejski bezp\u0142atny przez godzin\u0119<\/h4>\n<p>Z okazji Dnia bez Samochodu 22 wrze\u015bnia b\u0119dzie mo\u017cna je\u017adzi\u0107 Gliwickim Rowerem Miejskim za darmo przez 60 minut, zamiast standardowego kwadransa. <\/p>\n<p>GRM to alternatywny \u015brodek transportu, umo\u017cliwiaj\u0105cy szybkie poruszanie si\u0119 po naszym mie\u015bcie. Jest dobrym uzupe\u0142nieniem komunikacji miejskiej. Rowerzy\u015bci miejscy GRM maj\u0105 do dyspozycji 15 stacji i 150 rower\u00f3w. Wi\u0119cej informacji mo\u017cna znale\u017a\u0107<a href=\"https:\/\/gliwickirower.pl\/\" rel=\"noopener noreferrer\" target=\"_blank\"> TUTAJ.<\/a><\/p>\n<div class=\"gliwi-a5-na-koncu-artykulow gliwi-entity-placement\" id=\"gliwi-3849964375\"><div class=\"gliwi-adlabel\"><span style=\"font-size: 9px\">REKLAMA<\/span><\/div><div id=\"gliwi-2836328854\" style=\"margin-left: auto;margin-right: auto;text-align: center;\"><a data-no-instant=\"1\" href=\"https:\/\/prezeroarenagliwice.pl\/\" rel=\"noopener\" class=\"a2t-link\" target=\"_blank\" aria-label=\"20260309-PREZERO-WIOSNA-D\"><img loading=\"lazy\" decoding=\"async\" src=\"https:\/\/www.24gliwice.pl\/wiadomosci\/wp-content\/uploads\/2026\/03\/20260309-PREZERO-WIOSNA-D.webp\" alt=\"\"  srcset=\"https:\/\/www.24gliwice.pl\/wiadomosci\/wp-content\/uploads\/2026\/03\/20260309-PREZERO-WIOSNA-D.webp 750w, https:\/\/www.24gliwice.pl\/wiadomosci\/wp-content\/uploads\/2026\/03\/20260309-PREZERO-WIOSNA-D-410x109.webp 410w\" sizes=\"(max-width: 750px) 100vw, 750px\" class=\"no-lazyload\" width=\"750\" height=\"200\"  style=\"display: inline-block; max-width: 100%; height: auto;\" \/><\/a><\/div><\/div>","protected":false},"excerpt":{"rendered":"<p>Podobnie jak w poprzednich latach, tak i tym razem Koleje \u015al\u0105skie zach\u0119caj\u0105 do wsp\u00f3lnego \u015bwi\u0119towania Europejskiego Dnia bez Samochodu i przetestowania podr\u00f3\u017cy poci\u0105giem. 22 wrze\u015bnia wszyscy kierowcy mog\u0105 skorzysta\u0107 z bezp\u0142atnych przejazd\u00f3w. Rozszerzon\u0105 ofert\u0119 ma r\u00f3wnie\u017c GRM. Bezp\u0142atne przejazdy z okazji Europejskiego Dnia bez Samochodu b\u0119d\u0105 obowi\u0105zywa\u0107 przez ca\u0142y dzie\u0144, na wszystkich naszych liniach \u2013 [&hellip;]<\/p>\n","protected":false},"author":15,"featured_media":129114,"comment_status":"open","ping_status":"closed","sticky":false,"template":"","format":"standard","meta":{"_monsterinsights_skip_tracking":false,"_monsterinsights_sitenote_active":false,"_monsterinsights_sitenote_note":"","_monsterinsights_sitenote_category":0,"footnotes":"","_links_to":"","_links_to_target":""},"categories":[3,1],"tags":[10211,903,8787,8489,4687,8491,8153],"class_list":["post-140693","post","type-post","status-publish","format-standard","has-post-thumbnail","hentry","category-gliwice","category-wszystko","tag-bezplatna-podroz","tag-dzien-bez-samochodu","tag-grm","tag-kolej","tag-koleje-slaskie","tag-pociag","tag-rower-miejski"],"yoast_head":"<!-- This site is optimized with the Yoast SEO plugin v27.5 - https:\/\/yoast.com\/product\/yoast-seo-wordpress\/ -->\n<title>W niedziel\u0119 &quot;Dzie\u0144 bez samochodu&quot;. Kolejami \u015al\u0105skimi i Rowerami Miejskimi mo\u017cna jecha\u0107 za darmo - 24GLIWICE - Portal Gliwice | codziennie nowe informacje<\/title>\n<meta name=\"robots\" content=\"index, follow, max-snippet:-1, max-image-preview:large, max-video-preview:-1\" \/>\n<link rel=\"canonical\" href=\"https:\/\/www.24gliwice.pl\/wiadomosci\/w-niedziele-dzien-bez-samochodu-kolejami-slaskimi-i-rowerami-miejskimi-mozna-pojechac-za-darmo\/\" \/>\n<meta property=\"og:locale\" content=\"pl_PL\" \/>\n<meta property=\"og:type\" content=\"article\" \/>\n<meta property=\"og:title\" content=\"W niedziel\u0119 &quot;Dzie\u0144 bez samochodu&quot;. Kolejami \u015al\u0105skimi i Rowerami Miejskimi mo\u017cna jecha\u0107 za darmo - 24GLIWICE - Portal Gliwice | codziennie nowe informacje\" \/>\n<meta property=\"og:description\" content=\"Podobnie jak w poprzednich latach, tak i tym razem Koleje \u015al\u0105skie zach\u0119caj\u0105 do wsp\u00f3lnego \u015bwi\u0119towania Europejskiego Dnia bez Samochodu i przetestowania podr\u00f3\u017cy poci\u0105giem. 22 wrze\u015bnia wszyscy kierowcy mog\u0105 skorzysta\u0107 z bezp\u0142atnych przejazd\u00f3w. Rozszerzon\u0105 ofert\u0119 ma r\u00f3wnie\u017c GRM. Bezp\u0142atne przejazdy z okazji Europejskiego Dnia bez Samochodu b\u0119d\u0105 obowi\u0105zywa\u0107 przez ca\u0142y dzie\u0144, na wszystkich naszych liniach \u2013 [&hellip;]\" \/>\n<meta property=\"og:url\" content=\"https:\/\/www.24gliwice.pl\/wiadomosci\/w-niedziele-dzien-bez-samochodu-kolejami-slaskimi-i-rowerami-miejskimi-mozna-pojechac-za-darmo\/\" \/>\n<meta property=\"og:site_name\" content=\"24GLIWICE - Portal Gliwice | codziennie nowe informacje\" \/>\n<meta property=\"article:publisher\" content=\"https:\/\/www.facebook.com\/24gliwice\" \/>\n<meta property=\"article:published_time\" content=\"2019-09-20T06:01:23+00:00\" \/>\n<meta property=\"og:image\" content=\"https:\/\/www.24gliwice.pl\/wiadomosci\/wp-content\/uploads\/2019\/01\/kolej.jpg\" \/>\n\t<meta property=\"og:image:width\" content=\"1600\" \/>\n\t<meta property=\"og:image:height\" content=\"900\" \/>\n\t<meta property=\"og:image:type\" content=\"image\/jpeg\" \/>\n<meta name=\"author\" content=\"\u017baneta Mrozek-Siewierska\" \/>\n<meta name=\"twitter:card\" content=\"summary_large_image\" \/>\n<meta name=\"twitter:creator\" content=\"@24gliwice\" \/>\n<meta name=\"twitter:site\" content=\"@24gliwice\" \/>\n<meta name=\"twitter:label1\" content=\"Napisane przez\" \/>\n\t<meta name=\"twitter:data1\" content=\"\u017baneta Mrozek-Siewierska\" \/>\n\t<meta name=\"twitter:label2\" content=\"Szacowany czas czytania\" \/>\n\t<meta name=\"twitter:data2\" content=\"2 minuty\" \/>\n<script type=\"application\/ld+json\" class=\"yoast-schema-graph\">{\"@context\":\"https:\\\/\\\/schema.org\",\"@graph\":[{\"@type\":\"Article\",\"@id\":\"https:\\\/\\\/www.24gliwice.pl\\\/wiadomosci\\\/w-niedziele-dzien-bez-samochodu-kolejami-slaskimi-i-rowerami-miejskimi-mozna-pojechac-za-darmo\\\/#article\",\"isPartOf\":{\"@id\":\"https:\\\/\\\/www.24gliwice.pl\\\/wiadomosci\\\/w-niedziele-dzien-bez-samochodu-kolejami-slaskimi-i-rowerami-miejskimi-mozna-pojechac-za-darmo\\\/\"},\"author\":{\"name\":\"\u017baneta Mrozek-Siewierska\",\"@id\":\"https:\\\/\\\/www.24gliwice.pl\\\/wiadomosci\\\/#\\\/schema\\\/person\\\/e42c650edd7f2fa332be3811fb166b6e\"},\"headline\":\"W niedziel\u0119 &#8220;Dzie\u0144 bez samochodu&#8221;. Kolejami \u015al\u0105skimi i Rowerami Miejskimi mo\u017cna jecha\u0107 za darmo\",\"datePublished\":\"2019-09-20T06:01:23+00:00\",\"mainEntityOfPage\":{\"@id\":\"https:\\\/\\\/www.24gliwice.pl\\\/wiadomosci\\\/w-niedziele-dzien-bez-samochodu-kolejami-slaskimi-i-rowerami-miejskimi-mozna-pojechac-za-darmo\\\/\"},\"wordCount\":434,\"commentCount\":0,\"publisher\":{\"@id\":\"https:\\\/\\\/www.24gliwice.pl\\\/wiadomosci\\\/#organization\"},\"image\":{\"@id\":\"https:\\\/\\\/www.24gliwice.pl\\\/wiadomosci\\\/w-niedziele-dzien-bez-samochodu-kolejami-slaskimi-i-rowerami-miejskimi-mozna-pojechac-za-darmo\\\/#primaryimage\"},\"thumbnailUrl\":\"https:\\\/\\\/www.24gliwice.pl\\\/wiadomosci\\\/wp-content\\\/uploads\\\/2019\\\/01\\\/kolej.jpg\",\"keywords\":[\"bezp\u0142atna podr\u00f3\u017c\",\"dzie\u0144 bez samochodu\",\"GRM\",\"KOLEJ\",\"KOLEJE \u015aL\u0104SKIE\",\"POCI\u0104G\",\"ROWER MIEJSKI\"],\"articleSection\":[\"Gliwice\",\"Najnowsze wiadomo\u015bci\"],\"inLanguage\":\"pl-PL\",\"potentialAction\":[{\"@type\":\"CommentAction\",\"name\":\"Comment\",\"target\":[\"https:\\\/\\\/www.24gliwice.pl\\\/wiadomosci\\\/w-niedziele-dzien-bez-samochodu-kolejami-slaskimi-i-rowerami-miejskimi-mozna-pojechac-za-darmo\\\/#respond\"]}]},{\"@type\":\"WebPage\",\"@id\":\"https:\\\/\\\/www.24gliwice.pl\\\/wiadomosci\\\/w-niedziele-dzien-bez-samochodu-kolejami-slaskimi-i-rowerami-miejskimi-mozna-pojechac-za-darmo\\\/\",\"url\":\"https:\\\/\\\/www.24gliwice.pl\\\/wiadomosci\\\/w-niedziele-dzien-bez-samochodu-kolejami-slaskimi-i-rowerami-miejskimi-mozna-pojechac-za-darmo\\\/\",\"name\":\"W niedziel\u0119 \\\"Dzie\u0144 bez samochodu\\\". Kolejami \u015al\u0105skimi i Rowerami Miejskimi mo\u017cna jecha\u0107 za darmo - 24GLIWICE - Portal Gliwice | codziennie nowe informacje\",\"isPartOf\":{\"@id\":\"https:\\\/\\\/www.24gliwice.pl\\\/wiadomosci\\\/#website\"},\"primaryImageOfPage\":{\"@id\":\"https:\\\/\\\/www.24gliwice.pl\\\/wiadomosci\\\/w-niedziele-dzien-bez-samochodu-kolejami-slaskimi-i-rowerami-miejskimi-mozna-pojechac-za-darmo\\\/#primaryimage\"},\"image\":{\"@id\":\"https:\\\/\\\/www.24gliwice.pl\\\/wiadomosci\\\/w-niedziele-dzien-bez-samochodu-kolejami-slaskimi-i-rowerami-miejskimi-mozna-pojechac-za-darmo\\\/#primaryimage\"},\"thumbnailUrl\":\"https:\\\/\\\/www.24gliwice.pl\\\/wiadomosci\\\/wp-content\\\/uploads\\\/2019\\\/01\\\/kolej.jpg\",\"datePublished\":\"2019-09-20T06:01:23+00:00\",\"breadcrumb\":{\"@id\":\"https:\\\/\\\/www.24gliwice.pl\\\/wiadomosci\\\/w-niedziele-dzien-bez-samochodu-kolejami-slaskimi-i-rowerami-miejskimi-mozna-pojechac-za-darmo\\\/#breadcrumb\"},\"inLanguage\":\"pl-PL\",\"potentialAction\":[{\"@type\":\"ReadAction\",\"target\":[\"https:\\\/\\\/www.24gliwice.pl\\\/wiadomosci\\\/w-niedziele-dzien-bez-samochodu-kolejami-slaskimi-i-rowerami-miejskimi-mozna-pojechac-za-darmo\\\/\"]}]},{\"@type\":\"ImageObject\",\"inLanguage\":\"pl-PL\",\"@id\":\"https:\\\/\\\/www.24gliwice.pl\\\/wiadomosci\\\/w-niedziele-dzien-bez-samochodu-kolejami-slaskimi-i-rowerami-miejskimi-mozna-pojechac-za-darmo\\\/#primaryimage\",\"url\":\"https:\\\/\\\/www.24gliwice.pl\\\/wiadomosci\\\/wp-content\\\/uploads\\\/2019\\\/01\\\/kolej.jpg\",\"contentUrl\":\"https:\\\/\\\/www.24gliwice.pl\\\/wiadomosci\\\/wp-content\\\/uploads\\\/2019\\\/01\\\/kolej.jpg\",\"width\":1600,\"height\":900,\"caption\":\"koleje slaskie\"},{\"@type\":\"BreadcrumbList\",\"@id\":\"https:\\\/\\\/www.24gliwice.pl\\\/wiadomosci\\\/w-niedziele-dzien-bez-samochodu-kolejami-slaskimi-i-rowerami-miejskimi-mozna-pojechac-za-darmo\\\/#breadcrumb\",\"itemListElement\":[{\"@type\":\"ListItem\",\"position\":1,\"name\":\"Strona g\u0142\u00f3wna\",\"item\":\"https:\\\/\\\/www.24gliwice.pl\\\/wiadomosci\\\/\"},{\"@type\":\"ListItem\",\"position\":2,\"name\":\"W niedziel\u0119 &#8222;Dzie\u0144 bez samochodu&#8221;. Kolejami \u015al\u0105skimi i Rowerami Miejskimi mo\u017cna jecha\u0107 za darmo\"}]},{\"@type\":\"WebSite\",\"@id\":\"https:\\\/\\\/www.24gliwice.pl\\\/wiadomosci\\\/#website\",\"url\":\"https:\\\/\\\/www.24gliwice.pl\\\/wiadomosci\\\/\",\"name\":\"24GLIWICE - Portal Gliwice | codziennie nowe wiadomo\u015bci\",\"description\":\"Portal Miejski Gliwice\",\"publisher\":{\"@id\":\"https:\\\/\\\/www.24gliwice.pl\\\/wiadomosci\\\/#organization\"},\"potentialAction\":[{\"@type\":\"SearchAction\",\"target\":{\"@type\":\"EntryPoint\",\"urlTemplate\":\"https:\\\/\\\/www.24gliwice.pl\\\/wiadomosci\\\/?s={search_term_string}\"},\"query-input\":{\"@type\":\"PropertyValueSpecification\",\"valueRequired\":true,\"valueName\":\"search_term_string\"}}],\"inLanguage\":\"pl-PL\"},{\"@type\":\"Organization\",\"@id\":\"https:\\\/\\\/www.24gliwice.pl\\\/wiadomosci\\\/#organization\",\"name\":\"24gliwice\",\"url\":\"https:\\\/\\\/www.24gliwice.pl\\\/wiadomosci\\\/\",\"logo\":{\"@type\":\"ImageObject\",\"inLanguage\":\"pl-PL\",\"@id\":\"https:\\\/\\\/www.24gliwice.pl\\\/wiadomosci\\\/#\\\/schema\\\/logo\\\/image\\\/\",\"url\":\"https:\\\/\\\/www.24gliwice.pl\\\/wiadomosci\\\/wp-content\\\/uploads\\\/2024\\\/10\\\/24gliwice-logo-696.jpg\",\"contentUrl\":\"https:\\\/\\\/www.24gliwice.pl\\\/wiadomosci\\\/wp-content\\\/uploads\\\/2024\\\/10\\\/24gliwice-logo-696.jpg\",\"width\":696,\"height\":696,\"caption\":\"24gliwice\"},\"image\":{\"@id\":\"https:\\\/\\\/www.24gliwice.pl\\\/wiadomosci\\\/#\\\/schema\\\/logo\\\/image\\\/\"},\"sameAs\":[\"https:\\\/\\\/www.facebook.com\\\/24gliwice\",\"https:\\\/\\\/x.com\\\/24gliwice\",\"https:\\\/\\\/www.youtube.com\\\/@24gliwice\"]},{\"@type\":\"Person\",\"@id\":\"https:\\\/\\\/www.24gliwice.pl\\\/wiadomosci\\\/#\\\/schema\\\/person\\\/e42c650edd7f2fa332be3811fb166b6e\",\"name\":\"\u017baneta Mrozek-Siewierska\",\"image\":{\"@type\":\"ImageObject\",\"inLanguage\":\"pl-PL\",\"@id\":\"https:\\\/\\\/secure.gravatar.com\\\/avatar\\\/1881429e9c64597c77ad7aef2d0a19be69a3253e57534d16aa15bf3a4d34a0a3?s=96&d=mm&r=g\",\"url\":\"https:\\\/\\\/secure.gravatar.com\\\/avatar\\\/1881429e9c64597c77ad7aef2d0a19be69a3253e57534d16aa15bf3a4d34a0a3?s=96&d=mm&r=g\",\"contentUrl\":\"https:\\\/\\\/secure.gravatar.com\\\/avatar\\\/1881429e9c64597c77ad7aef2d0a19be69a3253e57534d16aa15bf3a4d34a0a3?s=96&d=mm&r=g\",\"caption\":\"\u017baneta Mrozek-Siewierska\"},\"url\":\"https:\\\/\\\/www.24gliwice.pl\\\/wiadomosci\\\/author\\\/zms\\\/\"}]}<\/script>\n<!-- \/ Yoast SEO plugin. -->","yoast_head_json":{"title":"W niedziel\u0119 \"Dzie\u0144 bez samochodu\". Kolejami \u015al\u0105skimi i Rowerami Miejskimi mo\u017cna jecha\u0107 za darmo - 24GLIWICE - Portal Gliwice | codziennie nowe informacje","robots":{"index":"index","follow":"follow","max-snippet":"max-snippet:-1","max-image-preview":"max-image-preview:large","max-video-preview":"max-video-preview:-1"},"canonical":"https:\/\/www.24gliwice.pl\/wiadomosci\/w-niedziele-dzien-bez-samochodu-kolejami-slaskimi-i-rowerami-miejskimi-mozna-pojechac-za-darmo\/","og_locale":"pl_PL","og_type":"article","og_title":"W niedziel\u0119 \"Dzie\u0144 bez samochodu\". Kolejami \u015al\u0105skimi i Rowerami Miejskimi mo\u017cna jecha\u0107 za darmo - 24GLIWICE - Portal Gliwice | codziennie nowe informacje","og_description":"Podobnie jak w poprzednich latach, tak i tym razem Koleje \u015al\u0105skie zach\u0119caj\u0105 do wsp\u00f3lnego \u015bwi\u0119towania Europejskiego Dnia bez Samochodu i przetestowania podr\u00f3\u017cy poci\u0105giem. 22 wrze\u015bnia wszyscy kierowcy mog\u0105 skorzysta\u0107 z bezp\u0142atnych przejazd\u00f3w. Rozszerzon\u0105 ofert\u0119 ma r\u00f3wnie\u017c GRM. Bezp\u0142atne przejazdy z okazji Europejskiego Dnia bez Samochodu b\u0119d\u0105 obowi\u0105zywa\u0107 przez ca\u0142y dzie\u0144, na wszystkich naszych liniach \u2013 [&hellip;]","og_url":"https:\/\/www.24gliwice.pl\/wiadomosci\/w-niedziele-dzien-bez-samochodu-kolejami-slaskimi-i-rowerami-miejskimi-mozna-pojechac-za-darmo\/","og_site_name":"24GLIWICE - Portal Gliwice | codziennie nowe informacje","article_publisher":"https:\/\/www.facebook.com\/24gliwice","article_published_time":"2019-09-20T06:01:23+00:00","og_image":[{"width":1600,"height":900,"url":"https:\/\/www.24gliwice.pl\/wiadomosci\/wp-content\/uploads\/2019\/01\/kolej.jpg","type":"image\/jpeg"}],"author":"\u017baneta Mrozek-Siewierska","twitter_card":"summary_large_image","twitter_creator":"@24gliwice","twitter_site":"@24gliwice","twitter_misc":{"Napisane przez":"\u017baneta Mrozek-Siewierska","Szacowany czas czytania":"2 minuty"},"schema":{"@context":"https:\/\/schema.org","@graph":[{"@type":"Article","@id":"https:\/\/www.24gliwice.pl\/wiadomosci\/w-niedziele-dzien-bez-samochodu-kolejami-slaskimi-i-rowerami-miejskimi-mozna-pojechac-za-darmo\/#article","isPartOf":{"@id":"https:\/\/www.24gliwice.pl\/wiadomosci\/w-niedziele-dzien-bez-samochodu-kolejami-slaskimi-i-rowerami-miejskimi-mozna-pojechac-za-darmo\/"},"author":{"name":"\u017baneta Mrozek-Siewierska","@id":"https:\/\/www.24gliwice.pl\/wiadomosci\/#\/schema\/person\/e42c650edd7f2fa332be3811fb166b6e"},"headline":"W niedziel\u0119 &#8220;Dzie\u0144 bez samochodu&#8221;. Kolejami \u015al\u0105skimi i Rowerami Miejskimi mo\u017cna jecha\u0107 za darmo","datePublished":"2019-09-20T06:01:23+00:00","mainEntityOfPage":{"@id":"https:\/\/www.24gliwice.pl\/wiadomosci\/w-niedziele-dzien-bez-samochodu-kolejami-slaskimi-i-rowerami-miejskimi-mozna-pojechac-za-darmo\/"},"wordCount":434,"commentCount":0,"publisher":{"@id":"https:\/\/www.24gliwice.pl\/wiadomosci\/#organization"},"image":{"@id":"https:\/\/www.24gliwice.pl\/wiadomosci\/w-niedziele-dzien-bez-samochodu-kolejami-slaskimi-i-rowerami-miejskimi-mozna-pojechac-za-darmo\/#primaryimage"},"thumbnailUrl":"https:\/\/www.24gliwice.pl\/wiadomosci\/wp-content\/uploads\/2019\/01\/kolej.jpg","keywords":["bezp\u0142atna podr\u00f3\u017c","dzie\u0144 bez samochodu","GRM","KOLEJ","KOLEJE \u015aL\u0104SKIE","POCI\u0104G","ROWER MIEJSKI"],"articleSection":["Gliwice","Najnowsze wiadomo\u015bci"],"inLanguage":"pl-PL","potentialAction":[{"@type":"CommentAction","name":"Comment","target":["https:\/\/www.24gliwice.pl\/wiadomosci\/w-niedziele-dzien-bez-samochodu-kolejami-slaskimi-i-rowerami-miejskimi-mozna-pojechac-za-darmo\/#respond"]}]},{"@type":"WebPage","@id":"https:\/\/www.24gliwice.pl\/wiadomosci\/w-niedziele-dzien-bez-samochodu-kolejami-slaskimi-i-rowerami-miejskimi-mozna-pojechac-za-darmo\/","url":"https:\/\/www.24gliwice.pl\/wiadomosci\/w-niedziele-dzien-bez-samochodu-kolejami-slaskimi-i-rowerami-miejskimi-mozna-pojechac-za-darmo\/","name":"W niedziel\u0119 \"Dzie\u0144 bez samochodu\". Kolejami \u015al\u0105skimi i Rowerami Miejskimi mo\u017cna jecha\u0107 za darmo - 24GLIWICE - Portal Gliwice | codziennie nowe informacje","isPartOf":{"@id":"https:\/\/www.24gliwice.pl\/wiadomosci\/#website"},"primaryImageOfPage":{"@id":"https:\/\/www.24gliwice.pl\/wiadomosci\/w-niedziele-dzien-bez-samochodu-kolejami-slaskimi-i-rowerami-miejskimi-mozna-pojechac-za-darmo\/#primaryimage"},"image":{"@id":"https:\/\/www.24gliwice.pl\/wiadomosci\/w-niedziele-dzien-bez-samochodu-kolejami-slaskimi-i-rowerami-miejskimi-mozna-pojechac-za-darmo\/#primaryimage"},"thumbnailUrl":"https:\/\/www.24gliwice.pl\/wiadomosci\/wp-content\/uploads\/2019\/01\/kolej.jpg","datePublished":"2019-09-20T06:01:23+00:00","breadcrumb":{"@id":"https:\/\/www.24gliwice.pl\/wiadomosci\/w-niedziele-dzien-bez-samochodu-kolejami-slaskimi-i-rowerami-miejskimi-mozna-pojechac-za-darmo\/#breadcrumb"},"inLanguage":"pl-PL","potentialAction":[{"@type":"ReadAction","target":["https:\/\/www.24gliwice.pl\/wiadomosci\/w-niedziele-dzien-bez-samochodu-kolejami-slaskimi-i-rowerami-miejskimi-mozna-pojechac-za-darmo\/"]}]},{"@type":"ImageObject","inLanguage":"pl-PL","@id":"https:\/\/www.24gliwice.pl\/wiadomosci\/w-niedziele-dzien-bez-samochodu-kolejami-slaskimi-i-rowerami-miejskimi-mozna-pojechac-za-darmo\/#primaryimage","url":"https:\/\/www.24gliwice.pl\/wiadomosci\/wp-content\/uploads\/2019\/01\/kolej.jpg","contentUrl":"https:\/\/www.24gliwice.pl\/wiadomosci\/wp-content\/uploads\/2019\/01\/kolej.jpg","width":1600,"height":900,"caption":"koleje slaskie"},{"@type":"BreadcrumbList","@id":"https:\/\/www.24gliwice.pl\/wiadomosci\/w-niedziele-dzien-bez-samochodu-kolejami-slaskimi-i-rowerami-miejskimi-mozna-pojechac-za-darmo\/#breadcrumb","itemListElement":[{"@type":"ListItem","position":1,"name":"Strona g\u0142\u00f3wna","item":"https:\/\/www.24gliwice.pl\/wiadomosci\/"},{"@type":"ListItem","position":2,"name":"W niedziel\u0119 &#8222;Dzie\u0144 bez samochodu&#8221;. Kolejami \u015al\u0105skimi i Rowerami Miejskimi mo\u017cna jecha\u0107 za darmo"}]},{"@type":"WebSite","@id":"https:\/\/www.24gliwice.pl\/wiadomosci\/#website","url":"https:\/\/www.24gliwice.pl\/wiadomosci\/","name":"24GLIWICE - Portal Gliwice | codziennie nowe wiadomo\u015bci","description":"Portal Miejski Gliwice","publisher":{"@id":"https:\/\/www.24gliwice.pl\/wiadomosci\/#organization"},"potentialAction":[{"@type":"SearchAction","target":{"@type":"EntryPoint","urlTemplate":"https:\/\/www.24gliwice.pl\/wiadomosci\/?s={search_term_string}"},"query-input":{"@type":"PropertyValueSpecification","valueRequired":true,"valueName":"search_term_string"}}],"inLanguage":"pl-PL"},{"@type":"Organization","@id":"https:\/\/www.24gliwice.pl\/wiadomosci\/#organization","name":"24gliwice","url":"https:\/\/www.24gliwice.pl\/wiadomosci\/","logo":{"@type":"ImageObject","inLanguage":"pl-PL","@id":"https:\/\/www.24gliwice.pl\/wiadomosci\/#\/schema\/logo\/image\/","url":"https:\/\/www.24gliwice.pl\/wiadomosci\/wp-content\/uploads\/2024\/10\/24gliwice-logo-696.jpg","contentUrl":"https:\/\/www.24gliwice.pl\/wiadomosci\/wp-content\/uploads\/2024\/10\/24gliwice-logo-696.jpg","width":696,"height":696,"caption":"24gliwice"},"image":{"@id":"https:\/\/www.24gliwice.pl\/wiadomosci\/#\/schema\/logo\/image\/"},"sameAs":["https:\/\/www.facebook.com\/24gliwice","https:\/\/x.com\/24gliwice","https:\/\/www.youtube.com\/@24gliwice"]},{"@type":"Person","@id":"https:\/\/www.24gliwice.pl\/wiadomosci\/#\/schema\/person\/e42c650edd7f2fa332be3811fb166b6e","name":"\u017baneta Mrozek-Siewierska","image":{"@type":"ImageObject","inLanguage":"pl-PL","@id":"https:\/\/secure.gravatar.com\/avatar\/1881429e9c64597c77ad7aef2d0a19be69a3253e57534d16aa15bf3a4d34a0a3?s=96&d=mm&r=g","url":"https:\/\/secure.gravatar.com\/avatar\/1881429e9c64597c77ad7aef2d0a19be69a3253e57534d16aa15bf3a4d34a0a3?s=96&d=mm&r=g","contentUrl":"https:\/\/secure.gravatar.com\/avatar\/1881429e9c64597c77ad7aef2d0a19be69a3253e57534d16aa15bf3a4d34a0a3?s=96&d=mm&r=g","caption":"\u017baneta Mrozek-Siewierska"},"url":"https:\/\/www.24gliwice.pl\/wiadomosci\/author\/zms\/"}]}},"_links":{"self":[{"href":"https:\/\/www.24gliwice.pl\/wiadomosci\/wp-json\/wp\/v2\/posts\/140693","targetHints":{"allow":["GET"]}}],"collection":[{"href":"https:\/\/www.24gliwice.pl\/wiadomosci\/wp-json\/wp\/v2\/posts"}],"about":[{"href":"https:\/\/www.24gliwice.pl\/wiadomosci\/wp-json\/wp\/v2\/types\/post"}],"author":[{"embeddable":true,"href":"https:\/\/www.24gliwice.pl\/wiadomosci\/wp-json\/wp\/v2\/users\/15"}],"replies":[{"embeddable":true,"href":"https:\/\/www.24gliwice.pl\/wiadomosci\/wp-json\/wp\/v2\/comments?post=140693"}],"version-history":[{"count":0,"href":"https:\/\/www.24gliwice.pl\/wiadomosci\/wp-json\/wp\/v2\/posts\/140693\/revisions"}],"wp:featuredmedia":[{"embeddable":true,"href":"https:\/\/www.24gliwice.pl\/wiadomosci\/wp-json\/wp\/v2\/media\/129114"}],"wp:attachment":[{"href":"https:\/\/www.24gliwice.pl\/wiadomosci\/wp-json\/wp\/v2\/media?parent=140693"}],"wp:term":[{"taxonomy":"category","embeddable":true,"href":"https:\/\/www.24gliwice.pl\/wiadomosci\/wp-json\/wp\/v2\/categories?post=140693"},{"taxonomy":"post_tag","embeddable":true,"href":"https:\/\/www.24gliwice.pl\/wiadomosci\/wp-json\/wp\/v2\/tags?post=140693"}],"curies":[{"name":"wp","href":"https:\/\/api.w.org\/{rel}","templated":true}]}}