{"id":140856,"date":"2019-09-30T00:33:58","date_gmt":"2019-09-29T22:33:58","guid":{"rendered":"https:\/\/www.24gliwice.pl\/wiadomosci\/?p=140856"},"modified":"2019-10-01T12:18:39","modified_gmt":"2019-10-01T10:18:39","slug":"glivia-rozpoczela-ii-etap-budowy","status":"publish","type":"post","link":"https:\/\/www.24gliwice.pl\/wiadomosci\/glivia-rozpoczela-ii-etap-budowy\/","title":{"rendered":"GLIVIA rozpocz\u0119\u0142a II etap budowy!"},"content":{"rendered":"<div class=\"gliwi-a6-nad-leadem-artykulow gliwi-entity-placement\" id=\"gliwi-1770944800\"><div class=\"gliwi-adlabel\"><span style=\"font-size: 9px\">REKLAMA<\/span><\/div><div id=\"gliwi-4162326200\" style=\"margin-bottom: 30px;margin-left: auto;margin-right: auto;text-align: center;\"><a data-no-instant=\"1\" href=\"https:\/\/przedszkole.halogen.org.pl\/\" rel=\"noopener\" class=\"a2t-link\" target=\"_blank\" aria-label=\"20260402-ANIMATOR-przedszkole_grafika_750x200\"><img loading=\"lazy\" decoding=\"async\" src=\"https:\/\/www.24gliwice.pl\/wiadomosci\/wp-content\/uploads\/2026\/04\/20260402-ANIMATOR-przedszkole_grafika_750x200.webp\" alt=\"\"  srcset=\"https:\/\/www.24gliwice.pl\/wiadomosci\/wp-content\/uploads\/2026\/04\/20260402-ANIMATOR-przedszkole_grafika_750x200.webp 750w, https:\/\/www.24gliwice.pl\/wiadomosci\/wp-content\/uploads\/2026\/04\/20260402-ANIMATOR-przedszkole_grafika_750x200-410x109.webp 410w\" sizes=\"(max-width: 750px) 100vw, 750px\" class=\"no-lazyload\" width=\"750\" height=\"200\"  style=\"display: inline-block; max-width: 100%; height: auto;\" \/><\/a><\/div><\/div><h3>Budowa osiedla <a href=\"https:\/\/glivia.pl\/\">Glivia<\/a> przy ulicy Daszy\u0144skiego 68 w Gliwicach nie ustaje, nawet na moment. W\u0142a\u015bnie zako\u0144czono I etap budowy, sk\u0142adaj\u0105cy si\u0119 z dw\u00f3ch budynk\u00f3w B i C.<\/h3>\n<p>\u0141\u0105cznie to 66 mieszka\u0144, do kt\u00f3rych ju\u017c za kilka dni wprowadz\u0105 si\u0119 pierwsi lokatorzy. Sprzedany prawie w ca\u0142o\u015bci, pokazuje ju\u017c pierwsze, namacalne efekty, na kt\u00f3re sk\u0142adaj\u0105 si\u0119 charakter i zagospodarowanie przestrzeni.<\/p>\n<p><strong>Teren po dawnych koszarach wojskowych, kt\u00f3ry od kilkunastu lat sta\u0142 nieu\u017cytkowany i przechodzi\u0142 z r\u0105k do r\u0105k r\u00f3\u017cnych inwestor\u00f3w, w ko\u0144cu znalaz\u0142 swojego ambasadora i zaczyna wpisywa\u0107 si\u0119 w gliwicki krajobraz, jako miejsce t\u0119tni\u0105ce \u017cyciem. Wszystko wskazuje na to, \u017ce to dopiero pocz\u0105tek!<\/strong><\/p><div class=\"gliwi-a3-w-tresci-artykulow gliwi-entity-placement\" id=\"gliwi-4245149263\"><div class=\"gliwi-adlabel\"><span style=\"font-size: 9px\">REKLAMA<\/span><\/div><div id=\"gliwi-1574539903\" style=\"margin-bottom: 30px;margin-left: auto;margin-right: auto;text-align: center;\"><a data-no-instant=\"1\" href=\"https:\/\/zlobek.halogen.org.pl\/\" rel=\"noopener\" class=\"a2t-link\" target=\"_blank\" aria-label=\"animator-zlobek_750x200\"><img loading=\"lazy\" decoding=\"async\" src=\"https:\/\/www.24gliwice.pl\/wiadomosci\/wp-content\/uploads\/2026\/02\/animator-zlobek_750x200.webp\" alt=\"\"  srcset=\"https:\/\/www.24gliwice.pl\/wiadomosci\/wp-content\/uploads\/2026\/02\/animator-zlobek_750x200.webp 750w, https:\/\/www.24gliwice.pl\/wiadomosci\/wp-content\/uploads\/2026\/02\/animator-zlobek_750x200-410x109.webp 410w\" sizes=\"(max-width: 750px) 100vw, 750px\" class=\"no-lazyload\" width=\"750\" height=\"200\"  style=\"display: inline-block; max-width: 100%; height: auto;\" \/><\/a><\/div><\/div>\n<p><img loading=\"lazy\" decoding=\"async\" src=\"https:\/\/www.24gliwice.pl\/wiadomosci\/wp-content\/uploads\/2019\/09\/1-01.1-final.-GLIVIA-final-pp-drzewa.jpg\" alt=\"\" width=\"810\" height=\"655\" class=\"aligncenter size-full wp-image-140862\" srcset=\"https:\/\/www.24gliwice.pl\/wiadomosci\/wp-content\/uploads\/2019\/09\/1-01.1-final.-GLIVIA-final-pp-drzewa.jpg 810w, https:\/\/www.24gliwice.pl\/wiadomosci\/wp-content\/uploads\/2019\/09\/1-01.1-final.-GLIVIA-final-pp-drzewa-287x232.jpg 287w, https:\/\/www.24gliwice.pl\/wiadomosci\/wp-content\/uploads\/2019\/09\/1-01.1-final.-GLIVIA-final-pp-drzewa-768x621.jpg 768w, https:\/\/www.24gliwice.pl\/wiadomosci\/wp-content\/uploads\/2019\/09\/1-01.1-final.-GLIVIA-final-pp-drzewa-563x455.jpg 563w\" sizes=\"auto, (max-width: 810px) 100vw, 810px\" \/><\/p>\n<p>II Etap budowy ruszy\u0142 pe\u0142n\u0105 par\u0105. Nowe mieszkania wystawione s\u0105 ju\u017c na sprzeda\u017c. Tym razem to dwa kolejne budynki: D &#8211; o takim samym uk\u0142adzie mieszka\u0144, jak dwa poprzednie oraz E &#8211; o tej samej wysoko\u015bci, ale oferuj\u0105cy ju\u017c nieco inne metra\u017ce i uk\u0142ady.<\/p>\n<h3>\u0141\u0105cznie to 76 nowych lokali. Ka\u017cde mieszkanie posiada loggi\u0119, balkon lub zagospodarowany ogr\u00f3dek z tarasem.<\/h3>\n<p><strong><a href=\"https:\/\/glivia.pl\/\">GLIVIA<\/a><\/strong> jest osiedlem nowoczesnym, ale wpisuj\u0105cym si\u0119 w \u015bl\u0105ski klimat. Taka koncepcja to pomys\u0142 biura projektowego <strong><a href=\"http:\/\/www.medusagroup.pl\">Medusa Group<\/a><\/strong> z Bytomia. Budynki pokryte trwa\u0142\u0105 i eleganck\u0105 p\u0142ytk\u0105 klinkierow\u0105. Elewacja z p\u0142ytki Grenoble zmienia barw\u0119 w zale\u017cno\u015bci od pory dnia, roku, nas\u0142onecznienia; raz jest ciemna, matowa, innym razem b\u0142yszczy si\u0119 i mieni w blasku s\u0142o\u0144ca. Ten efekt uzupe\u0142nia modrzew syberyjski, kt\u00f3ry  wype\u0142nia wn\u0119trza loggi tarasowych.<\/p>\n<p><img loading=\"lazy\" decoding=\"async\" src=\"https:\/\/www.24gliwice.pl\/wiadomosci\/wp-content\/uploads\/2019\/09\/1-final.PP_.-Mieszkanie.jodeka.09.2019.jpg\" alt=\"\" width=\"810\" height=\"810\" class=\"aligncenter size-full wp-image-140863\" srcset=\"https:\/\/www.24gliwice.pl\/wiadomosci\/wp-content\/uploads\/2019\/09\/1-final.PP_.-Mieszkanie.jodeka.09.2019.jpg 810w, https:\/\/www.24gliwice.pl\/wiadomosci\/wp-content\/uploads\/2019\/09\/1-final.PP_.-Mieszkanie.jodeka.09.2019-90x90.jpg 90w, https:\/\/www.24gliwice.pl\/wiadomosci\/wp-content\/uploads\/2019\/09\/1-final.PP_.-Mieszkanie.jodeka.09.2019-232x232.jpg 232w, https:\/\/www.24gliwice.pl\/wiadomosci\/wp-content\/uploads\/2019\/09\/1-final.PP_.-Mieszkanie.jodeka.09.2019-768x768.jpg 768w, https:\/\/www.24gliwice.pl\/wiadomosci\/wp-content\/uploads\/2019\/09\/1-final.PP_.-Mieszkanie.jodeka.09.2019-455x455.jpg 455w\" sizes=\"auto, (max-width: 810px) 100vw, 810px\" \/><\/p>\n<p>Prosta, ale niebanalna architektura wykonana z dba\u0142o\u015bci\u0105 o detal oraz wszechogarniaj\u0105ca ziele\u0144 pomi\u0119dzy budynkami, wzd\u0142u\u017c \u015bcie\u017cek i przestrzeni wsp\u00f3lnych, ju\u017c tworz\u0105 miejsce idealne do \u017cycia.<\/p>\n<p>Standardem w <strong><a href=\"https:\/\/glivia.pl\/\">Glivii<\/a><\/strong> jest ogrzewanie pod\u0142ogowe, pod\u0142\u0105czone do ogrzewania miejskiego, cichobie\u017cne windy, energooszcz\u0119dne okna, antyw\u0142amaniowe drzwi, miejsce parkingowe nadziemne lub w hali gara\u017cowej.<\/p>\n<p>Jedn\u0105 z zalet inwestycji jest jej po\u0142o\u017cenie. To zaledwie 15 minut piechot\u0105 do rynku, doskona\u0142e po\u0142\u0105czenie za spraw\u0105 autostrady i DT\u015a do g\u0142\u00f3wnych aglomeracji \u015al\u0105ska, blisko\u015b\u0107 przedszkoli, szk\u00f3\u0142, sklep\u00f3w, park\u00f3w.<\/p>\n<p><img loading=\"lazy\" decoding=\"async\" src=\"https:\/\/www.24gliwice.pl\/wiadomosci\/wp-content\/uploads\/2019\/09\/1-GLIVIA-widok-1-final.jpg\" alt=\"\" width=\"810\" height=\"454\" class=\"aligncenter size-full wp-image-140864\" srcset=\"https:\/\/www.24gliwice.pl\/wiadomosci\/wp-content\/uploads\/2019\/09\/1-GLIVIA-widok-1-final.jpg 810w, https:\/\/www.24gliwice.pl\/wiadomosci\/wp-content\/uploads\/2019\/09\/1-GLIVIA-widok-1-final-410x230.jpg 410w, https:\/\/www.24gliwice.pl\/wiadomosci\/wp-content\/uploads\/2019\/09\/1-GLIVIA-widok-1-final-768x430.jpg 768w\" sizes=\"auto, (max-width: 810px) 100vw, 810px\" \/><\/p>\n<p>Osiedle pozostanie przestrzeni\u0105 otwart\u0105, ale mieszka\u0144cy ze wzgl\u0119du na u\u0142o\u017cenie budynk\u00f3w, maj\u0105 poczucie bezpiecze\u0144stwa i prywatno\u015bci.<\/p>\n<p>Przed kupnem mieszkania, pracownicy biura sprzeda\u017cy oprowadzaj\u0105 zainteresowanych po terenie inwestycji, a ju\u017c teraz, za spraw\u0105 zako\u0144czonego I etapu mo\u017cna przekona\u0107 si\u0119 na w\u0142asne oczy jak b\u0119d\u0105 wygl\u0105da\u0142y kolejne. Inwestorem jest Sp\u00f3\u0142ka Renner z Gliwic.<\/p>\n<p><em>(materia\u0142 partnera)<\/em><\/p>\n<div class=\"gliwi-a5-na-koncu-artykulow gliwi-entity-placement\" id=\"gliwi-631827571\"><div class=\"gliwi-adlabel\"><span style=\"font-size: 9px\">REKLAMA<\/span><\/div><div id=\"gliwi-3343943102\" style=\"margin-left: auto;margin-right: auto;text-align: center;\"><a data-no-instant=\"1\" href=\"https:\/\/prezeroarenagliwice.pl\/\" rel=\"noopener\" class=\"a2t-link\" target=\"_blank\" aria-label=\"20260309-PREZERO-WIOSNA-D\"><img loading=\"lazy\" decoding=\"async\" src=\"https:\/\/www.24gliwice.pl\/wiadomosci\/wp-content\/uploads\/2026\/03\/20260309-PREZERO-WIOSNA-D.webp\" alt=\"\"  srcset=\"https:\/\/www.24gliwice.pl\/wiadomosci\/wp-content\/uploads\/2026\/03\/20260309-PREZERO-WIOSNA-D.webp 750w, https:\/\/www.24gliwice.pl\/wiadomosci\/wp-content\/uploads\/2026\/03\/20260309-PREZERO-WIOSNA-D-410x109.webp 410w\" sizes=\"(max-width: 750px) 100vw, 750px\" class=\"no-lazyload\" width=\"750\" height=\"200\"  style=\"display: inline-block; max-width: 100%; height: auto;\" \/><\/a><\/div><\/div>","protected":false},"excerpt":{"rendered":"<p>Budowa osiedla Glivia przy ulicy Daszy\u0144skiego 68 w Gliwicach nie ustaje, nawet na moment. W\u0142a\u015bnie zako\u0144czono I etap budowy, sk\u0142adaj\u0105cy si\u0119 z dw\u00f3ch budynk\u00f3w B i C. \u0141\u0105cznie to 66 mieszka\u0144, do kt\u00f3rych ju\u017c za kilka dni wprowadz\u0105 si\u0119 pierwsi lokatorzy. Sprzedany prawie w ca\u0142o\u015bci, pokazuje ju\u017c pierwsze, namacalne efekty, na kt\u00f3re sk\u0142adaj\u0105 si\u0119 charakter [&hellip;]<\/p>\n","protected":false},"author":4,"featured_media":140865,"comment_status":"closed","ping_status":"closed","sticky":false,"template":"","format":"standard","meta":{"_monsterinsights_skip_tracking":false,"_monsterinsights_sitenote_active":false,"_monsterinsights_sitenote_note":"","_monsterinsights_sitenote_category":0,"footnotes":"","_links_to":"","_links_to_target":""},"categories":[3,1,1129],"tags":[16138,4665,8054,14385,8813],"class_list":["post-140856","post","type-post","status-publish","format-standard","has-post-thumbnail","hentry","category-gliwice","category-wszystko","category-polecamy","tag-domy","tag-glivia","tag-mieszkania","tag-nieruchomosci","tag-osiedle"],"yoast_head":"<!-- This site is optimized with the Yoast SEO plugin v27.5 - https:\/\/yoast.com\/product\/yoast-seo-wordpress\/ -->\n<title>GLIVIA rozpocz\u0119\u0142a II etap budowy! - 24GLIWICE - Portal Gliwice | codziennie nowe informacje<\/title>\n<meta name=\"robots\" content=\"index, follow, max-snippet:-1, max-image-preview:large, max-video-preview:-1\" \/>\n<link rel=\"canonical\" href=\"https:\/\/www.24gliwice.pl\/wiadomosci\/glivia-rozpoczela-ii-etap-budowy\/\" \/>\n<meta property=\"og:locale\" content=\"pl_PL\" \/>\n<meta property=\"og:type\" content=\"article\" \/>\n<meta property=\"og:title\" content=\"GLIVIA rozpocz\u0119\u0142a II etap budowy! - 24GLIWICE - Portal Gliwice | codziennie nowe informacje\" \/>\n<meta property=\"og:description\" content=\"Budowa osiedla Glivia przy ulicy Daszy\u0144skiego 68 w Gliwicach nie ustaje, nawet na moment. W\u0142a\u015bnie zako\u0144czono I etap budowy, sk\u0142adaj\u0105cy si\u0119 z dw\u00f3ch budynk\u00f3w B i C. \u0141\u0105cznie to 66 mieszka\u0144, do kt\u00f3rych ju\u017c za kilka dni wprowadz\u0105 si\u0119 pierwsi lokatorzy. Sprzedany prawie w ca\u0142o\u015bci, pokazuje ju\u017c pierwsze, namacalne efekty, na kt\u00f3re sk\u0142adaj\u0105 si\u0119 charakter [&hellip;]\" \/>\n<meta property=\"og:url\" content=\"https:\/\/www.24gliwice.pl\/wiadomosci\/glivia-rozpoczela-ii-etap-budowy\/\" \/>\n<meta property=\"og:site_name\" content=\"24GLIWICE - Portal Gliwice | codziennie nowe informacje\" \/>\n<meta property=\"article:publisher\" content=\"https:\/\/www.facebook.com\/24gliwice\" \/>\n<meta property=\"article:author\" content=\"https:\/\/www.facebook.com\/marcin.fabrykowski\" \/>\n<meta property=\"article:published_time\" content=\"2019-09-29T22:33:58+00:00\" \/>\n<meta property=\"article:modified_time\" content=\"2019-10-01T10:18:39+00:00\" \/>\n<meta property=\"og:image\" content=\"https:\/\/www.24gliwice.pl\/wiadomosci\/wp-content\/uploads\/2019\/09\/1-GLIVIA-widok-2-final.jpg\" \/>\n\t<meta property=\"og:image:width\" content=\"1140\" \/>\n\t<meta property=\"og:image:height\" content=\"639\" \/>\n\t<meta property=\"og:image:type\" content=\"image\/jpeg\" \/>\n<meta name=\"author\" content=\"Marcin Fabrykowski\" \/>\n<meta name=\"twitter:card\" content=\"summary_large_image\" \/>\n<meta name=\"twitter:creator\" content=\"@24gliwice\" \/>\n<meta name=\"twitter:site\" content=\"@24gliwice\" \/>\n<meta name=\"twitter:label1\" content=\"Napisane przez\" \/>\n\t<meta name=\"twitter:data1\" content=\"Marcin Fabrykowski\" \/>\n\t<meta name=\"twitter:label2\" content=\"Szacowany czas czytania\" \/>\n\t<meta name=\"twitter:data2\" content=\"2 minuty\" \/>\n<script type=\"application\/ld+json\" class=\"yoast-schema-graph\">{\"@context\":\"https:\\\/\\\/schema.org\",\"@graph\":[{\"@type\":\"Article\",\"@id\":\"https:\\\/\\\/www.24gliwice.pl\\\/wiadomosci\\\/glivia-rozpoczela-ii-etap-budowy\\\/#article\",\"isPartOf\":{\"@id\":\"https:\\\/\\\/www.24gliwice.pl\\\/wiadomosci\\\/glivia-rozpoczela-ii-etap-budowy\\\/\"},\"author\":{\"name\":\"Marcin Fabrykowski\",\"@id\":\"https:\\\/\\\/www.24gliwice.pl\\\/wiadomosci\\\/#\\\/schema\\\/person\\\/cb5857e4a4d048c15984c1edcc8ef0c0\"},\"headline\":\"GLIVIA rozpocz\u0119\u0142a II etap budowy!\",\"datePublished\":\"2019-09-29T22:33:58+00:00\",\"dateModified\":\"2019-10-01T10:18:39+00:00\",\"mainEntityOfPage\":{\"@id\":\"https:\\\/\\\/www.24gliwice.pl\\\/wiadomosci\\\/glivia-rozpoczela-ii-etap-budowy\\\/\"},\"wordCount\":437,\"publisher\":{\"@id\":\"https:\\\/\\\/www.24gliwice.pl\\\/wiadomosci\\\/#organization\"},\"image\":{\"@id\":\"https:\\\/\\\/www.24gliwice.pl\\\/wiadomosci\\\/glivia-rozpoczela-ii-etap-budowy\\\/#primaryimage\"},\"thumbnailUrl\":\"https:\\\/\\\/www.24gliwice.pl\\\/wiadomosci\\\/wp-content\\\/uploads\\\/2019\\\/09\\\/1-GLIVIA-widok-2-final.jpg\",\"keywords\":[\"domy\",\"glivia\",\"MIESZKANIA\",\"NIERUCHOMO\u015aCI\",\"OSIEDLE\"],\"articleSection\":[\"Gliwice\",\"Najnowsze wiadomo\u015bci\",\"Polecamy\"],\"inLanguage\":\"pl-PL\"},{\"@type\":\"WebPage\",\"@id\":\"https:\\\/\\\/www.24gliwice.pl\\\/wiadomosci\\\/glivia-rozpoczela-ii-etap-budowy\\\/\",\"url\":\"https:\\\/\\\/www.24gliwice.pl\\\/wiadomosci\\\/glivia-rozpoczela-ii-etap-budowy\\\/\",\"name\":\"GLIVIA rozpocz\u0119\u0142a II etap budowy! - 24GLIWICE - Portal Gliwice | codziennie nowe informacje\",\"isPartOf\":{\"@id\":\"https:\\\/\\\/www.24gliwice.pl\\\/wiadomosci\\\/#website\"},\"primaryImageOfPage\":{\"@id\":\"https:\\\/\\\/www.24gliwice.pl\\\/wiadomosci\\\/glivia-rozpoczela-ii-etap-budowy\\\/#primaryimage\"},\"image\":{\"@id\":\"https:\\\/\\\/www.24gliwice.pl\\\/wiadomosci\\\/glivia-rozpoczela-ii-etap-budowy\\\/#primaryimage\"},\"thumbnailUrl\":\"https:\\\/\\\/www.24gliwice.pl\\\/wiadomosci\\\/wp-content\\\/uploads\\\/2019\\\/09\\\/1-GLIVIA-widok-2-final.jpg\",\"datePublished\":\"2019-09-29T22:33:58+00:00\",\"dateModified\":\"2019-10-01T10:18:39+00:00\",\"breadcrumb\":{\"@id\":\"https:\\\/\\\/www.24gliwice.pl\\\/wiadomosci\\\/glivia-rozpoczela-ii-etap-budowy\\\/#breadcrumb\"},\"inLanguage\":\"pl-PL\",\"potentialAction\":[{\"@type\":\"ReadAction\",\"target\":[\"https:\\\/\\\/www.24gliwice.pl\\\/wiadomosci\\\/glivia-rozpoczela-ii-etap-budowy\\\/\"]}]},{\"@type\":\"ImageObject\",\"inLanguage\":\"pl-PL\",\"@id\":\"https:\\\/\\\/www.24gliwice.pl\\\/wiadomosci\\\/glivia-rozpoczela-ii-etap-budowy\\\/#primaryimage\",\"url\":\"https:\\\/\\\/www.24gliwice.pl\\\/wiadomosci\\\/wp-content\\\/uploads\\\/2019\\\/09\\\/1-GLIVIA-widok-2-final.jpg\",\"contentUrl\":\"https:\\\/\\\/www.24gliwice.pl\\\/wiadomosci\\\/wp-content\\\/uploads\\\/2019\\\/09\\\/1-GLIVIA-widok-2-final.jpg\",\"width\":1140,\"height\":639},{\"@type\":\"BreadcrumbList\",\"@id\":\"https:\\\/\\\/www.24gliwice.pl\\\/wiadomosci\\\/glivia-rozpoczela-ii-etap-budowy\\\/#breadcrumb\",\"itemListElement\":[{\"@type\":\"ListItem\",\"position\":1,\"name\":\"Strona g\u0142\u00f3wna\",\"item\":\"https:\\\/\\\/www.24gliwice.pl\\\/wiadomosci\\\/\"},{\"@type\":\"ListItem\",\"position\":2,\"name\":\"GLIVIA rozpocz\u0119\u0142a II etap budowy!\"}]},{\"@type\":\"WebSite\",\"@id\":\"https:\\\/\\\/www.24gliwice.pl\\\/wiadomosci\\\/#website\",\"url\":\"https:\\\/\\\/www.24gliwice.pl\\\/wiadomosci\\\/\",\"name\":\"24GLIWICE - Portal Gliwice | codziennie nowe wiadomo\u015bci\",\"description\":\"Portal Miejski Gliwice\",\"publisher\":{\"@id\":\"https:\\\/\\\/www.24gliwice.pl\\\/wiadomosci\\\/#organization\"},\"potentialAction\":[{\"@type\":\"SearchAction\",\"target\":{\"@type\":\"EntryPoint\",\"urlTemplate\":\"https:\\\/\\\/www.24gliwice.pl\\\/wiadomosci\\\/?s={search_term_string}\"},\"query-input\":{\"@type\":\"PropertyValueSpecification\",\"valueRequired\":true,\"valueName\":\"search_term_string\"}}],\"inLanguage\":\"pl-PL\"},{\"@type\":\"Organization\",\"@id\":\"https:\\\/\\\/www.24gliwice.pl\\\/wiadomosci\\\/#organization\",\"name\":\"24gliwice\",\"url\":\"https:\\\/\\\/www.24gliwice.pl\\\/wiadomosci\\\/\",\"logo\":{\"@type\":\"ImageObject\",\"inLanguage\":\"pl-PL\",\"@id\":\"https:\\\/\\\/www.24gliwice.pl\\\/wiadomosci\\\/#\\\/schema\\\/logo\\\/image\\\/\",\"url\":\"https:\\\/\\\/www.24gliwice.pl\\\/wiadomosci\\\/wp-content\\\/uploads\\\/2024\\\/10\\\/24gliwice-logo-696.jpg\",\"contentUrl\":\"https:\\\/\\\/www.24gliwice.pl\\\/wiadomosci\\\/wp-content\\\/uploads\\\/2024\\\/10\\\/24gliwice-logo-696.jpg\",\"width\":696,\"height\":696,\"caption\":\"24gliwice\"},\"image\":{\"@id\":\"https:\\\/\\\/www.24gliwice.pl\\\/wiadomosci\\\/#\\\/schema\\\/logo\\\/image\\\/\"},\"sameAs\":[\"https:\\\/\\\/www.facebook.com\\\/24gliwice\",\"https:\\\/\\\/x.com\\\/24gliwice\",\"https:\\\/\\\/www.youtube.com\\\/@24gliwice\"]},{\"@type\":\"Person\",\"@id\":\"https:\\\/\\\/www.24gliwice.pl\\\/wiadomosci\\\/#\\\/schema\\\/person\\\/cb5857e4a4d048c15984c1edcc8ef0c0\",\"name\":\"Marcin Fabrykowski\",\"image\":{\"@type\":\"ImageObject\",\"inLanguage\":\"pl-PL\",\"@id\":\"https:\\\/\\\/www.24gliwice.pl\\\/wiadomosci\\\/wp-content\\\/uploads\\\/2025\\\/11\\\/zdjecie-moje-marcin-300-96x96.jpg\",\"url\":\"https:\\\/\\\/www.24gliwice.pl\\\/wiadomosci\\\/wp-content\\\/uploads\\\/2025\\\/11\\\/zdjecie-moje-marcin-300-96x96.jpg\",\"contentUrl\":\"https:\\\/\\\/www.24gliwice.pl\\\/wiadomosci\\\/wp-content\\\/uploads\\\/2025\\\/11\\\/zdjecie-moje-marcin-300-96x96.jpg\",\"caption\":\"Marcin Fabrykowski\"},\"sameAs\":[\"http:\\\/\\\/24gliwice.pl\",\"https:\\\/\\\/www.facebook.com\\\/marcin.fabrykowski\"],\"url\":\"https:\\\/\\\/www.24gliwice.pl\\\/wiadomosci\\\/author\\\/marcin-fabrykowski\\\/\"}]}<\/script>\n<!-- \/ Yoast SEO plugin. -->","yoast_head_json":{"title":"GLIVIA rozpocz\u0119\u0142a II etap budowy! - 24GLIWICE - Portal Gliwice | codziennie nowe informacje","robots":{"index":"index","follow":"follow","max-snippet":"max-snippet:-1","max-image-preview":"max-image-preview:large","max-video-preview":"max-video-preview:-1"},"canonical":"https:\/\/www.24gliwice.pl\/wiadomosci\/glivia-rozpoczela-ii-etap-budowy\/","og_locale":"pl_PL","og_type":"article","og_title":"GLIVIA rozpocz\u0119\u0142a II etap budowy! - 24GLIWICE - Portal Gliwice | codziennie nowe informacje","og_description":"Budowa osiedla Glivia przy ulicy Daszy\u0144skiego 68 w Gliwicach nie ustaje, nawet na moment. W\u0142a\u015bnie zako\u0144czono I etap budowy, sk\u0142adaj\u0105cy si\u0119 z dw\u00f3ch budynk\u00f3w B i C. \u0141\u0105cznie to 66 mieszka\u0144, do kt\u00f3rych ju\u017c za kilka dni wprowadz\u0105 si\u0119 pierwsi lokatorzy. Sprzedany prawie w ca\u0142o\u015bci, pokazuje ju\u017c pierwsze, namacalne efekty, na kt\u00f3re sk\u0142adaj\u0105 si\u0119 charakter [&hellip;]","og_url":"https:\/\/www.24gliwice.pl\/wiadomosci\/glivia-rozpoczela-ii-etap-budowy\/","og_site_name":"24GLIWICE - Portal Gliwice | codziennie nowe informacje","article_publisher":"https:\/\/www.facebook.com\/24gliwice","article_author":"https:\/\/www.facebook.com\/marcin.fabrykowski","article_published_time":"2019-09-29T22:33:58+00:00","article_modified_time":"2019-10-01T10:18:39+00:00","og_image":[{"width":1140,"height":639,"url":"https:\/\/www.24gliwice.pl\/wiadomosci\/wp-content\/uploads\/2019\/09\/1-GLIVIA-widok-2-final.jpg","type":"image\/jpeg"}],"author":"Marcin Fabrykowski","twitter_card":"summary_large_image","twitter_creator":"@24gliwice","twitter_site":"@24gliwice","twitter_misc":{"Napisane przez":"Marcin Fabrykowski","Szacowany czas czytania":"2 minuty"},"schema":{"@context":"https:\/\/schema.org","@graph":[{"@type":"Article","@id":"https:\/\/www.24gliwice.pl\/wiadomosci\/glivia-rozpoczela-ii-etap-budowy\/#article","isPartOf":{"@id":"https:\/\/www.24gliwice.pl\/wiadomosci\/glivia-rozpoczela-ii-etap-budowy\/"},"author":{"name":"Marcin Fabrykowski","@id":"https:\/\/www.24gliwice.pl\/wiadomosci\/#\/schema\/person\/cb5857e4a4d048c15984c1edcc8ef0c0"},"headline":"GLIVIA rozpocz\u0119\u0142a II etap budowy!","datePublished":"2019-09-29T22:33:58+00:00","dateModified":"2019-10-01T10:18:39+00:00","mainEntityOfPage":{"@id":"https:\/\/www.24gliwice.pl\/wiadomosci\/glivia-rozpoczela-ii-etap-budowy\/"},"wordCount":437,"publisher":{"@id":"https:\/\/www.24gliwice.pl\/wiadomosci\/#organization"},"image":{"@id":"https:\/\/www.24gliwice.pl\/wiadomosci\/glivia-rozpoczela-ii-etap-budowy\/#primaryimage"},"thumbnailUrl":"https:\/\/www.24gliwice.pl\/wiadomosci\/wp-content\/uploads\/2019\/09\/1-GLIVIA-widok-2-final.jpg","keywords":["domy","glivia","MIESZKANIA","NIERUCHOMO\u015aCI","OSIEDLE"],"articleSection":["Gliwice","Najnowsze wiadomo\u015bci","Polecamy"],"inLanguage":"pl-PL"},{"@type":"WebPage","@id":"https:\/\/www.24gliwice.pl\/wiadomosci\/glivia-rozpoczela-ii-etap-budowy\/","url":"https:\/\/www.24gliwice.pl\/wiadomosci\/glivia-rozpoczela-ii-etap-budowy\/","name":"GLIVIA rozpocz\u0119\u0142a II etap budowy! - 24GLIWICE - Portal Gliwice | codziennie nowe informacje","isPartOf":{"@id":"https:\/\/www.24gliwice.pl\/wiadomosci\/#website"},"primaryImageOfPage":{"@id":"https:\/\/www.24gliwice.pl\/wiadomosci\/glivia-rozpoczela-ii-etap-budowy\/#primaryimage"},"image":{"@id":"https:\/\/www.24gliwice.pl\/wiadomosci\/glivia-rozpoczela-ii-etap-budowy\/#primaryimage"},"thumbnailUrl":"https:\/\/www.24gliwice.pl\/wiadomosci\/wp-content\/uploads\/2019\/09\/1-GLIVIA-widok-2-final.jpg","datePublished":"2019-09-29T22:33:58+00:00","dateModified":"2019-10-01T10:18:39+00:00","breadcrumb":{"@id":"https:\/\/www.24gliwice.pl\/wiadomosci\/glivia-rozpoczela-ii-etap-budowy\/#breadcrumb"},"inLanguage":"pl-PL","potentialAction":[{"@type":"ReadAction","target":["https:\/\/www.24gliwice.pl\/wiadomosci\/glivia-rozpoczela-ii-etap-budowy\/"]}]},{"@type":"ImageObject","inLanguage":"pl-PL","@id":"https:\/\/www.24gliwice.pl\/wiadomosci\/glivia-rozpoczela-ii-etap-budowy\/#primaryimage","url":"https:\/\/www.24gliwice.pl\/wiadomosci\/wp-content\/uploads\/2019\/09\/1-GLIVIA-widok-2-final.jpg","contentUrl":"https:\/\/www.24gliwice.pl\/wiadomosci\/wp-content\/uploads\/2019\/09\/1-GLIVIA-widok-2-final.jpg","width":1140,"height":639},{"@type":"BreadcrumbList","@id":"https:\/\/www.24gliwice.pl\/wiadomosci\/glivia-rozpoczela-ii-etap-budowy\/#breadcrumb","itemListElement":[{"@type":"ListItem","position":1,"name":"Strona g\u0142\u00f3wna","item":"https:\/\/www.24gliwice.pl\/wiadomosci\/"},{"@type":"ListItem","position":2,"name":"GLIVIA rozpocz\u0119\u0142a II etap budowy!"}]},{"@type":"WebSite","@id":"https:\/\/www.24gliwice.pl\/wiadomosci\/#website","url":"https:\/\/www.24gliwice.pl\/wiadomosci\/","name":"24GLIWICE - Portal Gliwice | codziennie nowe wiadomo\u015bci","description":"Portal Miejski Gliwice","publisher":{"@id":"https:\/\/www.24gliwice.pl\/wiadomosci\/#organization"},"potentialAction":[{"@type":"SearchAction","target":{"@type":"EntryPoint","urlTemplate":"https:\/\/www.24gliwice.pl\/wiadomosci\/?s={search_term_string}"},"query-input":{"@type":"PropertyValueSpecification","valueRequired":true,"valueName":"search_term_string"}}],"inLanguage":"pl-PL"},{"@type":"Organization","@id":"https:\/\/www.24gliwice.pl\/wiadomosci\/#organization","name":"24gliwice","url":"https:\/\/www.24gliwice.pl\/wiadomosci\/","logo":{"@type":"ImageObject","inLanguage":"pl-PL","@id":"https:\/\/www.24gliwice.pl\/wiadomosci\/#\/schema\/logo\/image\/","url":"https:\/\/www.24gliwice.pl\/wiadomosci\/wp-content\/uploads\/2024\/10\/24gliwice-logo-696.jpg","contentUrl":"https:\/\/www.24gliwice.pl\/wiadomosci\/wp-content\/uploads\/2024\/10\/24gliwice-logo-696.jpg","width":696,"height":696,"caption":"24gliwice"},"image":{"@id":"https:\/\/www.24gliwice.pl\/wiadomosci\/#\/schema\/logo\/image\/"},"sameAs":["https:\/\/www.facebook.com\/24gliwice","https:\/\/x.com\/24gliwice","https:\/\/www.youtube.com\/@24gliwice"]},{"@type":"Person","@id":"https:\/\/www.24gliwice.pl\/wiadomosci\/#\/schema\/person\/cb5857e4a4d048c15984c1edcc8ef0c0","name":"Marcin Fabrykowski","image":{"@type":"ImageObject","inLanguage":"pl-PL","@id":"https:\/\/www.24gliwice.pl\/wiadomosci\/wp-content\/uploads\/2025\/11\/zdjecie-moje-marcin-300-96x96.jpg","url":"https:\/\/www.24gliwice.pl\/wiadomosci\/wp-content\/uploads\/2025\/11\/zdjecie-moje-marcin-300-96x96.jpg","contentUrl":"https:\/\/www.24gliwice.pl\/wiadomosci\/wp-content\/uploads\/2025\/11\/zdjecie-moje-marcin-300-96x96.jpg","caption":"Marcin Fabrykowski"},"sameAs":["http:\/\/24gliwice.pl","https:\/\/www.facebook.com\/marcin.fabrykowski"],"url":"https:\/\/www.24gliwice.pl\/wiadomosci\/author\/marcin-fabrykowski\/"}]}},"_links":{"self":[{"href":"https:\/\/www.24gliwice.pl\/wiadomosci\/wp-json\/wp\/v2\/posts\/140856","targetHints":{"allow":["GET"]}}],"collection":[{"href":"https:\/\/www.24gliwice.pl\/wiadomosci\/wp-json\/wp\/v2\/posts"}],"about":[{"href":"https:\/\/www.24gliwice.pl\/wiadomosci\/wp-json\/wp\/v2\/types\/post"}],"author":[{"embeddable":true,"href":"https:\/\/www.24gliwice.pl\/wiadomosci\/wp-json\/wp\/v2\/users\/4"}],"replies":[{"embeddable":true,"href":"https:\/\/www.24gliwice.pl\/wiadomosci\/wp-json\/wp\/v2\/comments?post=140856"}],"version-history":[{"count":0,"href":"https:\/\/www.24gliwice.pl\/wiadomosci\/wp-json\/wp\/v2\/posts\/140856\/revisions"}],"wp:featuredmedia":[{"embeddable":true,"href":"https:\/\/www.24gliwice.pl\/wiadomosci\/wp-json\/wp\/v2\/media\/140865"}],"wp:attachment":[{"href":"https:\/\/www.24gliwice.pl\/wiadomosci\/wp-json\/wp\/v2\/media?parent=140856"}],"wp:term":[{"taxonomy":"category","embeddable":true,"href":"https:\/\/www.24gliwice.pl\/wiadomosci\/wp-json\/wp\/v2\/categories?post=140856"},{"taxonomy":"post_tag","embeddable":true,"href":"https:\/\/www.24gliwice.pl\/wiadomosci\/wp-json\/wp\/v2\/tags?post=140856"}],"curies":[{"name":"wp","href":"https:\/\/api.w.org\/{rel}","templated":true}]}}