{"id":140896,"date":"2019-09-23T19:07:09","date_gmt":"2019-09-23T17:07:09","guid":{"rendered":"https:\/\/www.24gliwice.pl\/wiadomosci\/?p=140896"},"modified":"2019-09-23T19:07:09","modified_gmt":"2019-09-23T17:07:09","slug":"uwaga-na-utrudnienia-na-ulicy-daszynskiego-pwik-przeprowadzi-prace-przy-studzienkach","status":"publish","type":"post","link":"https:\/\/www.24gliwice.pl\/wiadomosci\/uwaga-na-utrudnienia-na-ulicy-daszynskiego-pwik-przeprowadzi-prace-przy-studzienkach\/","title":{"rendered":"Uwaga na utrudnienia na ulicy Daszy\u0144skiego. PWiK przeprowadzi prace przy studzienkach"},"content":{"rendered":"<div class=\"gliwi-a6-nad-leadem-artykulow gliwi-entity-placement\" id=\"gliwi-1348855973\"><div class=\"gliwi-adlabel\"><span style=\"font-size: 9px\">REKLAMA<\/span><\/div><div id=\"gliwi-1732740604\" style=\"margin-bottom: 30px;margin-left: auto;margin-right: auto;text-align: center;\"><a data-no-instant=\"1\" href=\"https:\/\/przedszkole.halogen.org.pl\/\" rel=\"noopener\" class=\"a2t-link\" target=\"_blank\" aria-label=\"20260402-ANIMATOR-przedszkole_grafika_750x200\"><img loading=\"lazy\" decoding=\"async\" src=\"https:\/\/www.24gliwice.pl\/wiadomosci\/wp-content\/uploads\/2026\/04\/20260402-ANIMATOR-przedszkole_grafika_750x200.webp\" alt=\"\"  srcset=\"https:\/\/www.24gliwice.pl\/wiadomosci\/wp-content\/uploads\/2026\/04\/20260402-ANIMATOR-przedszkole_grafika_750x200.webp 750w, https:\/\/www.24gliwice.pl\/wiadomosci\/wp-content\/uploads\/2026\/04\/20260402-ANIMATOR-przedszkole_grafika_750x200-410x109.webp 410w\" sizes=\"(max-width: 750px) 100vw, 750px\" class=\"no-lazyload\" width=\"750\" height=\"200\"  style=\"display: inline-block; max-width: 100%; height: auto;\" \/><\/a><\/div><\/div><h3>Na wa\u017cnej arterii komunikacyjnej ponownie wyst\u0105pi\u0105 utrudnienia w ruchu. Od wtorku, 24 wrze\u015bnia, na ul. Daszy\u0144skiego kierowcy mog\u0105 spodziewa\u0107 si\u0119 zw\u0119\u017cenia jezdni.<\/h3>\n<p>Utrudnienia na odcinku mi\u0119dzy ul. Architekt\u00f3w a zjazdem na autostrad\u0119 A4 b\u0119d\u0105 zwi\u0105zane z pracami przy regulacji studzienek kanalizacyjnych. Kierowcy proszeni s\u0105 o zachowanie szczeg\u00f3lnej ostro\u017cno\u015bci \u2013 jezdnia zostanie zw\u0119\u017cona do jednego pasa ruchu.<\/p>\n<p>Wed\u0142ug wst\u0119pnych plan\u00f3w, prace Przedsi\u0119biorstwa Wodoci\u0105g\u00f3w i Kanalizacji w Gliwicach powinny zako\u0144czy\u0107 si\u0119 w czwartek 26 wrze\u015bnia. <\/p><div class=\"gliwi-a3-w-tresci-artykulow gliwi-entity-placement\" id=\"gliwi-1665986771\"><div class=\"gliwi-adlabel\"><span style=\"font-size: 9px\">REKLAMA<\/span><\/div><div id=\"gliwi-3370564047\" style=\"margin-bottom: 30px;margin-left: auto;margin-right: auto;text-align: center;\"><a data-no-instant=\"1\" href=\"https:\/\/zlobek.halogen.org.pl\/\" rel=\"noopener\" class=\"a2t-link\" target=\"_blank\" aria-label=\"animator-zlobek_750x200\"><img loading=\"lazy\" decoding=\"async\" src=\"https:\/\/www.24gliwice.pl\/wiadomosci\/wp-content\/uploads\/2026\/02\/animator-zlobek_750x200.webp\" alt=\"\"  srcset=\"https:\/\/www.24gliwice.pl\/wiadomosci\/wp-content\/uploads\/2026\/02\/animator-zlobek_750x200.webp 750w, https:\/\/www.24gliwice.pl\/wiadomosci\/wp-content\/uploads\/2026\/02\/animator-zlobek_750x200-410x109.webp 410w\" sizes=\"(max-width: 750px) 100vw, 750px\" class=\"no-lazyload\" width=\"750\" height=\"200\"  style=\"display: inline-block; max-width: 100%; height: auto;\" \/><\/a><\/div><\/div>\n<p>(\u017cms)\/UM(mf)<br \/>\nfot. scr. Google Maps<\/p>\n<p><iframe loading=\"lazy\" src=\"https:\/\/www.google.com\/maps\/embed?pb=!4v1569243207453!6m8!1m7!1sGBmSQqPYb4OdzP3rN13r_g!2m2!1d50.27789756085831!2d18.58052134674295!3f235.12234485095115!4f5.297908350503363!5f0.7820865974627469\" width=\"810\" height=\"455\" frameborder=\"0\" style=\"border:0;\" allowfullscreen=\"\"><\/iframe><\/p>\n<div class=\"gliwi-a5-na-koncu-artykulow gliwi-entity-placement\" id=\"gliwi-1528852710\"><div class=\"gliwi-adlabel\"><span style=\"font-size: 9px\">REKLAMA<\/span><\/div><div id=\"gliwi-2316728313\" style=\"margin-left: auto;margin-right: auto;text-align: center;\"><a data-no-instant=\"1\" href=\"https:\/\/prezeroarenagliwice.pl\/\" rel=\"noopener\" class=\"a2t-link\" target=\"_blank\" aria-label=\"20260309-PREZERO-WIOSNA-D\"><img loading=\"lazy\" decoding=\"async\" src=\"https:\/\/www.24gliwice.pl\/wiadomosci\/wp-content\/uploads\/2026\/03\/20260309-PREZERO-WIOSNA-D.webp\" alt=\"\"  srcset=\"https:\/\/www.24gliwice.pl\/wiadomosci\/wp-content\/uploads\/2026\/03\/20260309-PREZERO-WIOSNA-D.webp 750w, https:\/\/www.24gliwice.pl\/wiadomosci\/wp-content\/uploads\/2026\/03\/20260309-PREZERO-WIOSNA-D-410x109.webp 410w\" sizes=\"(max-width: 750px) 100vw, 750px\" class=\"no-lazyload\" width=\"750\" height=\"200\"  style=\"display: inline-block; max-width: 100%; height: auto;\" \/><\/a><\/div><\/div>","protected":false},"excerpt":{"rendered":"<p>Na wa\u017cnej arterii komunikacyjnej ponownie wyst\u0105pi\u0105 utrudnienia w ruchu. Od wtorku, 24 wrze\u015bnia, na ul. Daszy\u0144skiego kierowcy mog\u0105 spodziewa\u0107 si\u0119 zw\u0119\u017cenia jezdni. Utrudnienia na odcinku mi\u0119dzy ul. Architekt\u00f3w a zjazdem na autostrad\u0119 A4 b\u0119d\u0105 zwi\u0105zane z pracami przy regulacji studzienek kanalizacyjnych. Kierowcy proszeni s\u0105 o zachowanie szczeg\u00f3lnej ostro\u017cno\u015bci \u2013 jezdnia zostanie zw\u0119\u017cona do jednego pasa [&hellip;]<\/p>\n","protected":false},"author":15,"featured_media":140906,"comment_status":"open","ping_status":"closed","sticky":false,"template":"","format":"standard","meta":{"_monsterinsights_skip_tracking":false,"_monsterinsights_sitenote_active":false,"_monsterinsights_sitenote_note":"","_monsterinsights_sitenote_category":0,"footnotes":"","_links_to":"","_links_to_target":""},"categories":[3,1],"tags":[990,1804,12677,214,9020],"class_list":["post-140896","post","type-post","status-publish","format-standard","has-post-thumbnail","hentry","category-gliwice","category-wszystko","tag-daszynskiego","tag-pwik","tag-utrudnienia-drogowe","tag-zdm","tag-zwezenie-jezdni"],"yoast_head":"<!-- This site is optimized with the Yoast SEO plugin v27.5 - https:\/\/yoast.com\/product\/yoast-seo-wordpress\/ -->\n<title>Uwaga na utrudnienia na ulicy Daszy\u0144skiego. PWiK przeprowadzi prace przy studzienkach - 24GLIWICE - Portal Gliwice | codziennie nowe informacje<\/title>\n<meta name=\"robots\" content=\"index, follow, max-snippet:-1, max-image-preview:large, max-video-preview:-1\" \/>\n<link rel=\"canonical\" href=\"https:\/\/www.24gliwice.pl\/wiadomosci\/uwaga-na-utrudnienia-na-ulicy-daszynskiego-pwik-przeprowadzi-prace-przy-studzienkach\/\" \/>\n<meta property=\"og:locale\" content=\"pl_PL\" \/>\n<meta property=\"og:type\" content=\"article\" \/>\n<meta property=\"og:title\" content=\"Uwaga na utrudnienia na ulicy Daszy\u0144skiego. PWiK przeprowadzi prace przy studzienkach - 24GLIWICE - Portal Gliwice | codziennie nowe informacje\" \/>\n<meta property=\"og:description\" content=\"Na wa\u017cnej arterii komunikacyjnej ponownie wyst\u0105pi\u0105 utrudnienia w ruchu. Od wtorku, 24 wrze\u015bnia, na ul. Daszy\u0144skiego kierowcy mog\u0105 spodziewa\u0107 si\u0119 zw\u0119\u017cenia jezdni. Utrudnienia na odcinku mi\u0119dzy ul. Architekt\u00f3w a zjazdem na autostrad\u0119 A4 b\u0119d\u0105 zwi\u0105zane z pracami przy regulacji studzienek kanalizacyjnych. Kierowcy proszeni s\u0105 o zachowanie szczeg\u00f3lnej ostro\u017cno\u015bci \u2013 jezdnia zostanie zw\u0119\u017cona do jednego pasa [&hellip;]\" \/>\n<meta property=\"og:url\" content=\"https:\/\/www.24gliwice.pl\/wiadomosci\/uwaga-na-utrudnienia-na-ulicy-daszynskiego-pwik-przeprowadzi-prace-przy-studzienkach\/\" \/>\n<meta property=\"og:site_name\" content=\"24GLIWICE - Portal Gliwice | codziennie nowe informacje\" \/>\n<meta property=\"article:publisher\" content=\"https:\/\/www.facebook.com\/24gliwice\" \/>\n<meta property=\"article:published_time\" content=\"2019-09-23T17:07:09+00:00\" \/>\n<meta property=\"og:image\" content=\"https:\/\/www.24gliwice.pl\/wiadomosci\/wp-content\/uploads\/2019\/09\/daszy\u0144skiego.jpg\" \/>\n\t<meta property=\"og:image:width\" content=\"1014\" \/>\n\t<meta property=\"og:image:height\" content=\"569\" \/>\n\t<meta property=\"og:image:type\" content=\"image\/jpeg\" \/>\n<meta name=\"author\" content=\"\u017baneta Mrozek-Siewierska\" \/>\n<meta name=\"twitter:card\" content=\"summary_large_image\" \/>\n<meta name=\"twitter:creator\" content=\"@24gliwice\" \/>\n<meta name=\"twitter:site\" content=\"@24gliwice\" \/>\n<meta name=\"twitter:label1\" content=\"Napisane przez\" \/>\n\t<meta name=\"twitter:data1\" content=\"\u017baneta Mrozek-Siewierska\" \/>\n<script type=\"application\/ld+json\" class=\"yoast-schema-graph\">{\"@context\":\"https:\\\/\\\/schema.org\",\"@graph\":[{\"@type\":\"Article\",\"@id\":\"https:\\\/\\\/www.24gliwice.pl\\\/wiadomosci\\\/uwaga-na-utrudnienia-na-ulicy-daszynskiego-pwik-przeprowadzi-prace-przy-studzienkach\\\/#article\",\"isPartOf\":{\"@id\":\"https:\\\/\\\/www.24gliwice.pl\\\/wiadomosci\\\/uwaga-na-utrudnienia-na-ulicy-daszynskiego-pwik-przeprowadzi-prace-przy-studzienkach\\\/\"},\"author\":{\"name\":\"\u017baneta Mrozek-Siewierska\",\"@id\":\"https:\\\/\\\/www.24gliwice.pl\\\/wiadomosci\\\/#\\\/schema\\\/person\\\/e42c650edd7f2fa332be3811fb166b6e\"},\"headline\":\"Uwaga na utrudnienia na ulicy Daszy\u0144skiego. PWiK przeprowadzi prace przy studzienkach\",\"datePublished\":\"2019-09-23T17:07:09+00:00\",\"mainEntityOfPage\":{\"@id\":\"https:\\\/\\\/www.24gliwice.pl\\\/wiadomosci\\\/uwaga-na-utrudnienia-na-ulicy-daszynskiego-pwik-przeprowadzi-prace-przy-studzienkach\\\/\"},\"wordCount\":110,\"commentCount\":0,\"publisher\":{\"@id\":\"https:\\\/\\\/www.24gliwice.pl\\\/wiadomosci\\\/#organization\"},\"image\":{\"@id\":\"https:\\\/\\\/www.24gliwice.pl\\\/wiadomosci\\\/uwaga-na-utrudnienia-na-ulicy-daszynskiego-pwik-przeprowadzi-prace-przy-studzienkach\\\/#primaryimage\"},\"thumbnailUrl\":\"https:\\\/\\\/www.24gliwice.pl\\\/wiadomosci\\\/wp-content\\\/uploads\\\/2019\\\/09\\\/daszy\u0144skiego.jpg\",\"keywords\":[\"DASZY\u0143SKIEGO\",\"PWIK\",\"UTRUDNIENIA DROGOWE\",\"ZDM\",\"zw\u0119\u017cenie jezdni\"],\"articleSection\":[\"Gliwice\",\"Najnowsze wiadomo\u015bci\"],\"inLanguage\":\"pl-PL\",\"potentialAction\":[{\"@type\":\"CommentAction\",\"name\":\"Comment\",\"target\":[\"https:\\\/\\\/www.24gliwice.pl\\\/wiadomosci\\\/uwaga-na-utrudnienia-na-ulicy-daszynskiego-pwik-przeprowadzi-prace-przy-studzienkach\\\/#respond\"]}]},{\"@type\":\"WebPage\",\"@id\":\"https:\\\/\\\/www.24gliwice.pl\\\/wiadomosci\\\/uwaga-na-utrudnienia-na-ulicy-daszynskiego-pwik-przeprowadzi-prace-przy-studzienkach\\\/\",\"url\":\"https:\\\/\\\/www.24gliwice.pl\\\/wiadomosci\\\/uwaga-na-utrudnienia-na-ulicy-daszynskiego-pwik-przeprowadzi-prace-przy-studzienkach\\\/\",\"name\":\"Uwaga na utrudnienia na ulicy Daszy\u0144skiego. PWiK przeprowadzi prace przy studzienkach - 24GLIWICE - Portal Gliwice | codziennie nowe informacje\",\"isPartOf\":{\"@id\":\"https:\\\/\\\/www.24gliwice.pl\\\/wiadomosci\\\/#website\"},\"primaryImageOfPage\":{\"@id\":\"https:\\\/\\\/www.24gliwice.pl\\\/wiadomosci\\\/uwaga-na-utrudnienia-na-ulicy-daszynskiego-pwik-przeprowadzi-prace-przy-studzienkach\\\/#primaryimage\"},\"image\":{\"@id\":\"https:\\\/\\\/www.24gliwice.pl\\\/wiadomosci\\\/uwaga-na-utrudnienia-na-ulicy-daszynskiego-pwik-przeprowadzi-prace-przy-studzienkach\\\/#primaryimage\"},\"thumbnailUrl\":\"https:\\\/\\\/www.24gliwice.pl\\\/wiadomosci\\\/wp-content\\\/uploads\\\/2019\\\/09\\\/daszy\u0144skiego.jpg\",\"datePublished\":\"2019-09-23T17:07:09+00:00\",\"breadcrumb\":{\"@id\":\"https:\\\/\\\/www.24gliwice.pl\\\/wiadomosci\\\/uwaga-na-utrudnienia-na-ulicy-daszynskiego-pwik-przeprowadzi-prace-przy-studzienkach\\\/#breadcrumb\"},\"inLanguage\":\"pl-PL\",\"potentialAction\":[{\"@type\":\"ReadAction\",\"target\":[\"https:\\\/\\\/www.24gliwice.pl\\\/wiadomosci\\\/uwaga-na-utrudnienia-na-ulicy-daszynskiego-pwik-przeprowadzi-prace-przy-studzienkach\\\/\"]}]},{\"@type\":\"ImageObject\",\"inLanguage\":\"pl-PL\",\"@id\":\"https:\\\/\\\/www.24gliwice.pl\\\/wiadomosci\\\/uwaga-na-utrudnienia-na-ulicy-daszynskiego-pwik-przeprowadzi-prace-przy-studzienkach\\\/#primaryimage\",\"url\":\"https:\\\/\\\/www.24gliwice.pl\\\/wiadomosci\\\/wp-content\\\/uploads\\\/2019\\\/09\\\/daszy\u0144skiego.jpg\",\"contentUrl\":\"https:\\\/\\\/www.24gliwice.pl\\\/wiadomosci\\\/wp-content\\\/uploads\\\/2019\\\/09\\\/daszy\u0144skiego.jpg\",\"width\":1014,\"height\":569},{\"@type\":\"BreadcrumbList\",\"@id\":\"https:\\\/\\\/www.24gliwice.pl\\\/wiadomosci\\\/uwaga-na-utrudnienia-na-ulicy-daszynskiego-pwik-przeprowadzi-prace-przy-studzienkach\\\/#breadcrumb\",\"itemListElement\":[{\"@type\":\"ListItem\",\"position\":1,\"name\":\"Strona g\u0142\u00f3wna\",\"item\":\"https:\\\/\\\/www.24gliwice.pl\\\/wiadomosci\\\/\"},{\"@type\":\"ListItem\",\"position\":2,\"name\":\"Uwaga na utrudnienia na ulicy Daszy\u0144skiego. PWiK przeprowadzi prace przy studzienkach\"}]},{\"@type\":\"WebSite\",\"@id\":\"https:\\\/\\\/www.24gliwice.pl\\\/wiadomosci\\\/#website\",\"url\":\"https:\\\/\\\/www.24gliwice.pl\\\/wiadomosci\\\/\",\"name\":\"24GLIWICE - Portal Gliwice | codziennie nowe wiadomo\u015bci\",\"description\":\"Portal Miejski Gliwice\",\"publisher\":{\"@id\":\"https:\\\/\\\/www.24gliwice.pl\\\/wiadomosci\\\/#organization\"},\"potentialAction\":[{\"@type\":\"SearchAction\",\"target\":{\"@type\":\"EntryPoint\",\"urlTemplate\":\"https:\\\/\\\/www.24gliwice.pl\\\/wiadomosci\\\/?s={search_term_string}\"},\"query-input\":{\"@type\":\"PropertyValueSpecification\",\"valueRequired\":true,\"valueName\":\"search_term_string\"}}],\"inLanguage\":\"pl-PL\"},{\"@type\":\"Organization\",\"@id\":\"https:\\\/\\\/www.24gliwice.pl\\\/wiadomosci\\\/#organization\",\"name\":\"24gliwice\",\"url\":\"https:\\\/\\\/www.24gliwice.pl\\\/wiadomosci\\\/\",\"logo\":{\"@type\":\"ImageObject\",\"inLanguage\":\"pl-PL\",\"@id\":\"https:\\\/\\\/www.24gliwice.pl\\\/wiadomosci\\\/#\\\/schema\\\/logo\\\/image\\\/\",\"url\":\"https:\\\/\\\/www.24gliwice.pl\\\/wiadomosci\\\/wp-content\\\/uploads\\\/2024\\\/10\\\/24gliwice-logo-696.jpg\",\"contentUrl\":\"https:\\\/\\\/www.24gliwice.pl\\\/wiadomosci\\\/wp-content\\\/uploads\\\/2024\\\/10\\\/24gliwice-logo-696.jpg\",\"width\":696,\"height\":696,\"caption\":\"24gliwice\"},\"image\":{\"@id\":\"https:\\\/\\\/www.24gliwice.pl\\\/wiadomosci\\\/#\\\/schema\\\/logo\\\/image\\\/\"},\"sameAs\":[\"https:\\\/\\\/www.facebook.com\\\/24gliwice\",\"https:\\\/\\\/x.com\\\/24gliwice\",\"https:\\\/\\\/www.youtube.com\\\/@24gliwice\"]},{\"@type\":\"Person\",\"@id\":\"https:\\\/\\\/www.24gliwice.pl\\\/wiadomosci\\\/#\\\/schema\\\/person\\\/e42c650edd7f2fa332be3811fb166b6e\",\"name\":\"\u017baneta Mrozek-Siewierska\",\"image\":{\"@type\":\"ImageObject\",\"inLanguage\":\"pl-PL\",\"@id\":\"https:\\\/\\\/secure.gravatar.com\\\/avatar\\\/1881429e9c64597c77ad7aef2d0a19be69a3253e57534d16aa15bf3a4d34a0a3?s=96&d=mm&r=g\",\"url\":\"https:\\\/\\\/secure.gravatar.com\\\/avatar\\\/1881429e9c64597c77ad7aef2d0a19be69a3253e57534d16aa15bf3a4d34a0a3?s=96&d=mm&r=g\",\"contentUrl\":\"https:\\\/\\\/secure.gravatar.com\\\/avatar\\\/1881429e9c64597c77ad7aef2d0a19be69a3253e57534d16aa15bf3a4d34a0a3?s=96&d=mm&r=g\",\"caption\":\"\u017baneta Mrozek-Siewierska\"},\"url\":\"https:\\\/\\\/www.24gliwice.pl\\\/wiadomosci\\\/author\\\/zms\\\/\"}]}<\/script>\n<!-- \/ Yoast SEO plugin. -->","yoast_head_json":{"title":"Uwaga na utrudnienia na ulicy Daszy\u0144skiego. PWiK przeprowadzi prace przy studzienkach - 24GLIWICE - Portal Gliwice | codziennie nowe informacje","robots":{"index":"index","follow":"follow","max-snippet":"max-snippet:-1","max-image-preview":"max-image-preview:large","max-video-preview":"max-video-preview:-1"},"canonical":"https:\/\/www.24gliwice.pl\/wiadomosci\/uwaga-na-utrudnienia-na-ulicy-daszynskiego-pwik-przeprowadzi-prace-przy-studzienkach\/","og_locale":"pl_PL","og_type":"article","og_title":"Uwaga na utrudnienia na ulicy Daszy\u0144skiego. PWiK przeprowadzi prace przy studzienkach - 24GLIWICE - Portal Gliwice | codziennie nowe informacje","og_description":"Na wa\u017cnej arterii komunikacyjnej ponownie wyst\u0105pi\u0105 utrudnienia w ruchu. Od wtorku, 24 wrze\u015bnia, na ul. Daszy\u0144skiego kierowcy mog\u0105 spodziewa\u0107 si\u0119 zw\u0119\u017cenia jezdni. Utrudnienia na odcinku mi\u0119dzy ul. Architekt\u00f3w a zjazdem na autostrad\u0119 A4 b\u0119d\u0105 zwi\u0105zane z pracami przy regulacji studzienek kanalizacyjnych. Kierowcy proszeni s\u0105 o zachowanie szczeg\u00f3lnej ostro\u017cno\u015bci \u2013 jezdnia zostanie zw\u0119\u017cona do jednego pasa [&hellip;]","og_url":"https:\/\/www.24gliwice.pl\/wiadomosci\/uwaga-na-utrudnienia-na-ulicy-daszynskiego-pwik-przeprowadzi-prace-przy-studzienkach\/","og_site_name":"24GLIWICE - Portal Gliwice | codziennie nowe informacje","article_publisher":"https:\/\/www.facebook.com\/24gliwice","article_published_time":"2019-09-23T17:07:09+00:00","og_image":[{"width":1014,"height":569,"url":"https:\/\/www.24gliwice.pl\/wiadomosci\/wp-content\/uploads\/2019\/09\/daszy\u0144skiego.jpg","type":"image\/jpeg"}],"author":"\u017baneta Mrozek-Siewierska","twitter_card":"summary_large_image","twitter_creator":"@24gliwice","twitter_site":"@24gliwice","twitter_misc":{"Napisane przez":"\u017baneta Mrozek-Siewierska"},"schema":{"@context":"https:\/\/schema.org","@graph":[{"@type":"Article","@id":"https:\/\/www.24gliwice.pl\/wiadomosci\/uwaga-na-utrudnienia-na-ulicy-daszynskiego-pwik-przeprowadzi-prace-przy-studzienkach\/#article","isPartOf":{"@id":"https:\/\/www.24gliwice.pl\/wiadomosci\/uwaga-na-utrudnienia-na-ulicy-daszynskiego-pwik-przeprowadzi-prace-przy-studzienkach\/"},"author":{"name":"\u017baneta Mrozek-Siewierska","@id":"https:\/\/www.24gliwice.pl\/wiadomosci\/#\/schema\/person\/e42c650edd7f2fa332be3811fb166b6e"},"headline":"Uwaga na utrudnienia na ulicy Daszy\u0144skiego. PWiK przeprowadzi prace przy studzienkach","datePublished":"2019-09-23T17:07:09+00:00","mainEntityOfPage":{"@id":"https:\/\/www.24gliwice.pl\/wiadomosci\/uwaga-na-utrudnienia-na-ulicy-daszynskiego-pwik-przeprowadzi-prace-przy-studzienkach\/"},"wordCount":110,"commentCount":0,"publisher":{"@id":"https:\/\/www.24gliwice.pl\/wiadomosci\/#organization"},"image":{"@id":"https:\/\/www.24gliwice.pl\/wiadomosci\/uwaga-na-utrudnienia-na-ulicy-daszynskiego-pwik-przeprowadzi-prace-przy-studzienkach\/#primaryimage"},"thumbnailUrl":"https:\/\/www.24gliwice.pl\/wiadomosci\/wp-content\/uploads\/2019\/09\/daszy\u0144skiego.jpg","keywords":["DASZY\u0143SKIEGO","PWIK","UTRUDNIENIA DROGOWE","ZDM","zw\u0119\u017cenie jezdni"],"articleSection":["Gliwice","Najnowsze wiadomo\u015bci"],"inLanguage":"pl-PL","potentialAction":[{"@type":"CommentAction","name":"Comment","target":["https:\/\/www.24gliwice.pl\/wiadomosci\/uwaga-na-utrudnienia-na-ulicy-daszynskiego-pwik-przeprowadzi-prace-przy-studzienkach\/#respond"]}]},{"@type":"WebPage","@id":"https:\/\/www.24gliwice.pl\/wiadomosci\/uwaga-na-utrudnienia-na-ulicy-daszynskiego-pwik-przeprowadzi-prace-przy-studzienkach\/","url":"https:\/\/www.24gliwice.pl\/wiadomosci\/uwaga-na-utrudnienia-na-ulicy-daszynskiego-pwik-przeprowadzi-prace-przy-studzienkach\/","name":"Uwaga na utrudnienia na ulicy Daszy\u0144skiego. PWiK przeprowadzi prace przy studzienkach - 24GLIWICE - Portal Gliwice | codziennie nowe informacje","isPartOf":{"@id":"https:\/\/www.24gliwice.pl\/wiadomosci\/#website"},"primaryImageOfPage":{"@id":"https:\/\/www.24gliwice.pl\/wiadomosci\/uwaga-na-utrudnienia-na-ulicy-daszynskiego-pwik-przeprowadzi-prace-przy-studzienkach\/#primaryimage"},"image":{"@id":"https:\/\/www.24gliwice.pl\/wiadomosci\/uwaga-na-utrudnienia-na-ulicy-daszynskiego-pwik-przeprowadzi-prace-przy-studzienkach\/#primaryimage"},"thumbnailUrl":"https:\/\/www.24gliwice.pl\/wiadomosci\/wp-content\/uploads\/2019\/09\/daszy\u0144skiego.jpg","datePublished":"2019-09-23T17:07:09+00:00","breadcrumb":{"@id":"https:\/\/www.24gliwice.pl\/wiadomosci\/uwaga-na-utrudnienia-na-ulicy-daszynskiego-pwik-przeprowadzi-prace-przy-studzienkach\/#breadcrumb"},"inLanguage":"pl-PL","potentialAction":[{"@type":"ReadAction","target":["https:\/\/www.24gliwice.pl\/wiadomosci\/uwaga-na-utrudnienia-na-ulicy-daszynskiego-pwik-przeprowadzi-prace-przy-studzienkach\/"]}]},{"@type":"ImageObject","inLanguage":"pl-PL","@id":"https:\/\/www.24gliwice.pl\/wiadomosci\/uwaga-na-utrudnienia-na-ulicy-daszynskiego-pwik-przeprowadzi-prace-przy-studzienkach\/#primaryimage","url":"https:\/\/www.24gliwice.pl\/wiadomosci\/wp-content\/uploads\/2019\/09\/daszy\u0144skiego.jpg","contentUrl":"https:\/\/www.24gliwice.pl\/wiadomosci\/wp-content\/uploads\/2019\/09\/daszy\u0144skiego.jpg","width":1014,"height":569},{"@type":"BreadcrumbList","@id":"https:\/\/www.24gliwice.pl\/wiadomosci\/uwaga-na-utrudnienia-na-ulicy-daszynskiego-pwik-przeprowadzi-prace-przy-studzienkach\/#breadcrumb","itemListElement":[{"@type":"ListItem","position":1,"name":"Strona g\u0142\u00f3wna","item":"https:\/\/www.24gliwice.pl\/wiadomosci\/"},{"@type":"ListItem","position":2,"name":"Uwaga na utrudnienia na ulicy Daszy\u0144skiego. PWiK przeprowadzi prace przy studzienkach"}]},{"@type":"WebSite","@id":"https:\/\/www.24gliwice.pl\/wiadomosci\/#website","url":"https:\/\/www.24gliwice.pl\/wiadomosci\/","name":"24GLIWICE - Portal Gliwice | codziennie nowe wiadomo\u015bci","description":"Portal Miejski Gliwice","publisher":{"@id":"https:\/\/www.24gliwice.pl\/wiadomosci\/#organization"},"potentialAction":[{"@type":"SearchAction","target":{"@type":"EntryPoint","urlTemplate":"https:\/\/www.24gliwice.pl\/wiadomosci\/?s={search_term_string}"},"query-input":{"@type":"PropertyValueSpecification","valueRequired":true,"valueName":"search_term_string"}}],"inLanguage":"pl-PL"},{"@type":"Organization","@id":"https:\/\/www.24gliwice.pl\/wiadomosci\/#organization","name":"24gliwice","url":"https:\/\/www.24gliwice.pl\/wiadomosci\/","logo":{"@type":"ImageObject","inLanguage":"pl-PL","@id":"https:\/\/www.24gliwice.pl\/wiadomosci\/#\/schema\/logo\/image\/","url":"https:\/\/www.24gliwice.pl\/wiadomosci\/wp-content\/uploads\/2024\/10\/24gliwice-logo-696.jpg","contentUrl":"https:\/\/www.24gliwice.pl\/wiadomosci\/wp-content\/uploads\/2024\/10\/24gliwice-logo-696.jpg","width":696,"height":696,"caption":"24gliwice"},"image":{"@id":"https:\/\/www.24gliwice.pl\/wiadomosci\/#\/schema\/logo\/image\/"},"sameAs":["https:\/\/www.facebook.com\/24gliwice","https:\/\/x.com\/24gliwice","https:\/\/www.youtube.com\/@24gliwice"]},{"@type":"Person","@id":"https:\/\/www.24gliwice.pl\/wiadomosci\/#\/schema\/person\/e42c650edd7f2fa332be3811fb166b6e","name":"\u017baneta Mrozek-Siewierska","image":{"@type":"ImageObject","inLanguage":"pl-PL","@id":"https:\/\/secure.gravatar.com\/avatar\/1881429e9c64597c77ad7aef2d0a19be69a3253e57534d16aa15bf3a4d34a0a3?s=96&d=mm&r=g","url":"https:\/\/secure.gravatar.com\/avatar\/1881429e9c64597c77ad7aef2d0a19be69a3253e57534d16aa15bf3a4d34a0a3?s=96&d=mm&r=g","contentUrl":"https:\/\/secure.gravatar.com\/avatar\/1881429e9c64597c77ad7aef2d0a19be69a3253e57534d16aa15bf3a4d34a0a3?s=96&d=mm&r=g","caption":"\u017baneta Mrozek-Siewierska"},"url":"https:\/\/www.24gliwice.pl\/wiadomosci\/author\/zms\/"}]}},"_links":{"self":[{"href":"https:\/\/www.24gliwice.pl\/wiadomosci\/wp-json\/wp\/v2\/posts\/140896","targetHints":{"allow":["GET"]}}],"collection":[{"href":"https:\/\/www.24gliwice.pl\/wiadomosci\/wp-json\/wp\/v2\/posts"}],"about":[{"href":"https:\/\/www.24gliwice.pl\/wiadomosci\/wp-json\/wp\/v2\/types\/post"}],"author":[{"embeddable":true,"href":"https:\/\/www.24gliwice.pl\/wiadomosci\/wp-json\/wp\/v2\/users\/15"}],"replies":[{"embeddable":true,"href":"https:\/\/www.24gliwice.pl\/wiadomosci\/wp-json\/wp\/v2\/comments?post=140896"}],"version-history":[{"count":0,"href":"https:\/\/www.24gliwice.pl\/wiadomosci\/wp-json\/wp\/v2\/posts\/140896\/revisions"}],"wp:featuredmedia":[{"embeddable":true,"href":"https:\/\/www.24gliwice.pl\/wiadomosci\/wp-json\/wp\/v2\/media\/140906"}],"wp:attachment":[{"href":"https:\/\/www.24gliwice.pl\/wiadomosci\/wp-json\/wp\/v2\/media?parent=140896"}],"wp:term":[{"taxonomy":"category","embeddable":true,"href":"https:\/\/www.24gliwice.pl\/wiadomosci\/wp-json\/wp\/v2\/categories?post=140896"},{"taxonomy":"post_tag","embeddable":true,"href":"https:\/\/www.24gliwice.pl\/wiadomosci\/wp-json\/wp\/v2\/tags?post=140896"}],"curies":[{"name":"wp","href":"https:\/\/api.w.org\/{rel}","templated":true}]}}