{"id":140898,"date":"2019-09-24T06:23:16","date_gmt":"2019-09-24T04:23:16","guid":{"rendered":"https:\/\/www.24gliwice.pl\/wiadomosci\/?p=140898"},"modified":"2019-09-24T00:24:22","modified_gmt":"2019-09-23T22:24:22","slug":"brak-mozliwosci-przejazdu-ulica-mysliwska-kolejny-etap-prac-przy-przebudowie-waznego-skrzyzowania","status":"publish","type":"post","link":"https:\/\/www.24gliwice.pl\/wiadomosci\/brak-mozliwosci-przejazdu-ulica-mysliwska-kolejny-etap-prac-przy-przebudowie-waznego-skrzyzowania\/","title":{"rendered":"Brak mo\u017cliwo\u015bci przejazdu ulic\u0105 My\u015bliwsk\u0105. Kolejny etap prac przy przebudowie wa\u017cnego skrzy\u017cowania"},"content":{"rendered":"<div class=\"gliwi-a6-nad-leadem-artykulow gliwi-entity-placement\" id=\"gliwi-436101222\"><div class=\"gliwi-adlabel\"><span style=\"font-size: 9px\">REKLAMA<\/span><\/div><div id=\"gliwi-184091658\" style=\"margin-bottom: 25px;margin-left: auto;margin-right: auto;text-align: center;\"><a data-no-instant=\"1\" href=\"https:\/\/dom100.eu\/\" rel=\"noopener\" class=\"a2t-link\" target=\"_blank\" aria-label=\"20260415 DOM100 D\"><img loading=\"lazy\" decoding=\"async\" src=\"https:\/\/www.24gliwice.pl\/wiadomosci\/wp-content\/uploads\/2026\/04\/20260415-DOM100-D.jpg\" alt=\"\"  srcset=\"https:\/\/www.24gliwice.pl\/wiadomosci\/wp-content\/uploads\/2026\/04\/20260415-DOM100-D.jpg 750w, https:\/\/www.24gliwice.pl\/wiadomosci\/wp-content\/uploads\/2026\/04\/20260415-DOM100-D-410x109.jpg 410w\" sizes=\"(max-width: 750px) 100vw, 750px\" class=\"no-lazyload\" width=\"750\" height=\"200\"  style=\"display: inline-block; max-width: 100%; height: auto;\" \/><\/a><\/div><\/div><h3>Trwa przebudowa skrzy\u017cowania ulic Toszeckiej, Pionier\u00f3w i My\u015bliwskiej. Prace wchodz\u0105 w kolejny etap, dlatego konieczne jest zamkni\u0119cie ostatniej z tych ulic.<\/h3>\n<p>Od najbli\u017cszego czwartku, 26 wrze\u015bnia, przejazd ulic\u0105 My\u015bliwsk\u0105 nie b\u0119dzie mo\u017cliwy. Kierowcy, kt\u00f3rzy pojad\u0105 w kierunku Pyskowic, a chcieliby skr\u0119ci\u0107 w ul. Pionier\u00f3w, b\u0119d\u0105 musieli skorzysta\u0107 z objazdu ul. \u015bw. Wojciecha, a nast\u0119pnie alej\u0105 Jana Nowaka-Jeziora\u0144skiego (DK 88), sk\u0105d dojad\u0105 do ul. Pionier\u00f3w.<\/p>\n<h3>Ulica My\u015bliwska b\u0119dzie zamkni\u0119ta do 7 pa\u017adziernika. Wraz z jej zamkni\u0119ciem przywr\u00f3cony zostanie przejazd ul. \u015bw. Wojciecha w obu kierunkach.<\/h3>\n<p>\u2013 Roboty na skrzy\u017cowaniu ulic Toszeckiej, My\u015bliwskiej i Pionier\u00f3w dobiegaj\u0105 ko\u0144ca. Wykonawca dotrzymuje terminu prac. Wszystko wskazuje na to, \u017ce bez utrudnie\u0144 w tym miejscu kierowcy pojad\u0105 najp\u00f3\u017aniej w listopadzie \u2013 m\u00f3wi <strong>Jadwiga Jagie\u0142\u0142o-Stiborska<\/strong>, rzecznik prasowy Zarz\u0105du Dr\u00f3g miejskich w Gliwicach. <\/p><div class=\"gliwi-a3-w-tresci-artykulow gliwi-entity-placement\" id=\"gliwi-3908903984\"><div class=\"gliwi-adlabel\"><span style=\"font-size: 9px\">REKLAMA<\/span><\/div><div id=\"gliwi-1962405326\" style=\"margin-bottom: 30px;margin-left: auto;margin-right: auto;text-align: center;\"><a data-no-instant=\"1\" href=\"https:\/\/zlobek.halogen.org.pl\/\" rel=\"noopener\" class=\"a2t-link\" target=\"_blank\" aria-label=\"animator-zlobek_750x200\"><img loading=\"lazy\" decoding=\"async\" src=\"https:\/\/www.24gliwice.pl\/wiadomosci\/wp-content\/uploads\/2026\/02\/animator-zlobek_750x200.webp\" alt=\"\"  srcset=\"https:\/\/www.24gliwice.pl\/wiadomosci\/wp-content\/uploads\/2026\/02\/animator-zlobek_750x200.webp 750w, https:\/\/www.24gliwice.pl\/wiadomosci\/wp-content\/uploads\/2026\/02\/animator-zlobek_750x200-410x109.webp 410w\" sizes=\"(max-width: 750px) 100vw, 750px\" class=\"no-lazyload\" width=\"750\" height=\"200\"  style=\"display: inline-block; max-width: 100%; height: auto;\" \/><\/a><\/div><\/div>\n<p>(\u017cms)\/UM(mf)<br \/>\nfot. ZDM Gliwice<\/p>\n<div class=\"gliwi-a5-na-koncu-artykulow gliwi-entity-placement\" id=\"gliwi-2180666516\"><div class=\"gliwi-adlabel\"><span style=\"font-size: 9px\">REKLAMA<\/span><\/div><div id=\"gliwi-3855363136\" style=\"margin-left: auto;margin-right: auto;text-align: center;\"><a data-no-instant=\"1\" href=\"https:\/\/prezeroarenagliwice.pl\/\" rel=\"noopener\" class=\"a2t-link\" target=\"_blank\" aria-label=\"20260309-PREZERO-WIOSNA-D\"><img loading=\"lazy\" decoding=\"async\" src=\"https:\/\/www.24gliwice.pl\/wiadomosci\/wp-content\/uploads\/2026\/03\/20260309-PREZERO-WIOSNA-D.webp\" alt=\"\"  srcset=\"https:\/\/www.24gliwice.pl\/wiadomosci\/wp-content\/uploads\/2026\/03\/20260309-PREZERO-WIOSNA-D.webp 750w, https:\/\/www.24gliwice.pl\/wiadomosci\/wp-content\/uploads\/2026\/03\/20260309-PREZERO-WIOSNA-D-410x109.webp 410w\" sizes=\"(max-width: 750px) 100vw, 750px\" class=\"no-lazyload\" width=\"750\" height=\"200\"  style=\"display: inline-block; max-width: 100%; height: auto;\" \/><\/a><\/div><\/div>","protected":false},"excerpt":{"rendered":"<p>Trwa przebudowa skrzy\u017cowania ulic Toszeckiej, Pionier\u00f3w i My\u015bliwskiej. Prace wchodz\u0105 w kolejny etap, dlatego konieczne jest zamkni\u0119cie ostatniej z tych ulic. Od najbli\u017cszego czwartku, 26 wrze\u015bnia, przejazd ulic\u0105 My\u015bliwsk\u0105 nie b\u0119dzie mo\u017cliwy. Kierowcy, kt\u00f3rzy pojad\u0105 w kierunku Pyskowic, a chcieliby skr\u0119ci\u0107 w ul. Pionier\u00f3w, b\u0119d\u0105 musieli skorzysta\u0107 z objazdu ul. \u015bw. Wojciecha, a nast\u0119pnie alej\u0105 [&hellip;]<\/p>\n","protected":false},"author":15,"featured_media":140900,"comment_status":"open","ping_status":"closed","sticky":false,"template":"","format":"standard","meta":{"_monsterinsights_skip_tracking":false,"_monsterinsights_sitenote_active":false,"_monsterinsights_sitenote_note":"","_monsterinsights_sitenote_category":0,"footnotes":"","_links_to":"","_links_to_target":""},"categories":[3,1],"tags":[11884,4924,2980,5167,474,12830,214],"class_list":["post-140898","post","type-post","status-publish","format-standard","has-post-thumbnail","hentry","category-gliwice","category-wszystko","tag-mysliwska","tag-pionierow","tag-przebudowa-skrzyzowania","tag-szobiszowice","tag-toszecka","tag-wojciecha","tag-zdm"],"yoast_head":"<!-- This site is optimized with the Yoast SEO plugin v27.5 - https:\/\/yoast.com\/product\/yoast-seo-wordpress\/ -->\n<title>Brak mo\u017cliwo\u015bci przejazdu ulic\u0105 My\u015bliwsk\u0105. Kolejny etap prac przy przebudowie wa\u017cnego skrzy\u017cowania - 24GLIWICE - Portal Gliwice | codziennie nowe informacje<\/title>\n<meta name=\"robots\" content=\"index, follow, max-snippet:-1, max-image-preview:large, max-video-preview:-1\" \/>\n<link rel=\"canonical\" href=\"https:\/\/www.24gliwice.pl\/wiadomosci\/brak-mozliwosci-przejazdu-ulica-mysliwska-kolejny-etap-prac-przy-przebudowie-waznego-skrzyzowania\/\" \/>\n<meta property=\"og:locale\" content=\"pl_PL\" \/>\n<meta property=\"og:type\" content=\"article\" \/>\n<meta property=\"og:title\" content=\"Brak mo\u017cliwo\u015bci przejazdu ulic\u0105 My\u015bliwsk\u0105. Kolejny etap prac przy przebudowie wa\u017cnego skrzy\u017cowania - 24GLIWICE - Portal Gliwice | codziennie nowe informacje\" \/>\n<meta property=\"og:description\" content=\"Trwa przebudowa skrzy\u017cowania ulic Toszeckiej, Pionier\u00f3w i My\u015bliwskiej. Prace wchodz\u0105 w kolejny etap, dlatego konieczne jest zamkni\u0119cie ostatniej z tych ulic. Od najbli\u017cszego czwartku, 26 wrze\u015bnia, przejazd ulic\u0105 My\u015bliwsk\u0105 nie b\u0119dzie mo\u017cliwy. Kierowcy, kt\u00f3rzy pojad\u0105 w kierunku Pyskowic, a chcieliby skr\u0119ci\u0107 w ul. Pionier\u00f3w, b\u0119d\u0105 musieli skorzysta\u0107 z objazdu ul. \u015bw. Wojciecha, a nast\u0119pnie alej\u0105 [&hellip;]\" \/>\n<meta property=\"og:url\" content=\"https:\/\/www.24gliwice.pl\/wiadomosci\/brak-mozliwosci-przejazdu-ulica-mysliwska-kolejny-etap-prac-przy-przebudowie-waznego-skrzyzowania\/\" \/>\n<meta property=\"og:site_name\" content=\"24GLIWICE - Portal Gliwice | codziennie nowe informacje\" \/>\n<meta property=\"article:publisher\" content=\"https:\/\/www.facebook.com\/24gliwice\" \/>\n<meta property=\"article:published_time\" content=\"2019-09-24T04:23:16+00:00\" \/>\n<meta property=\"og:image\" content=\"https:\/\/www.24gliwice.pl\/wiadomosci\/wp-content\/uploads\/2019\/09\/toszecka-my\u015bliwska.jpg\" \/>\n\t<meta property=\"og:image:width\" content=\"1530\" \/>\n\t<meta property=\"og:image:height\" content=\"861\" \/>\n\t<meta property=\"og:image:type\" content=\"image\/jpeg\" \/>\n<meta name=\"author\" content=\"\u017baneta Mrozek-Siewierska\" \/>\n<meta name=\"twitter:card\" content=\"summary_large_image\" \/>\n<meta name=\"twitter:creator\" content=\"@24gliwice\" \/>\n<meta name=\"twitter:site\" content=\"@24gliwice\" \/>\n<meta name=\"twitter:label1\" content=\"Napisane przez\" \/>\n\t<meta name=\"twitter:data1\" content=\"\u017baneta Mrozek-Siewierska\" \/>\n\t<meta name=\"twitter:label2\" content=\"Szacowany czas czytania\" \/>\n\t<meta name=\"twitter:data2\" content=\"1 minuta\" \/>\n<script type=\"application\/ld+json\" class=\"yoast-schema-graph\">{\"@context\":\"https:\\\/\\\/schema.org\",\"@graph\":[{\"@type\":\"Article\",\"@id\":\"https:\\\/\\\/www.24gliwice.pl\\\/wiadomosci\\\/brak-mozliwosci-przejazdu-ulica-mysliwska-kolejny-etap-prac-przy-przebudowie-waznego-skrzyzowania\\\/#article\",\"isPartOf\":{\"@id\":\"https:\\\/\\\/www.24gliwice.pl\\\/wiadomosci\\\/brak-mozliwosci-przejazdu-ulica-mysliwska-kolejny-etap-prac-przy-przebudowie-waznego-skrzyzowania\\\/\"},\"author\":{\"name\":\"\u017baneta Mrozek-Siewierska\",\"@id\":\"https:\\\/\\\/www.24gliwice.pl\\\/wiadomosci\\\/#\\\/schema\\\/person\\\/e42c650edd7f2fa332be3811fb166b6e\"},\"headline\":\"Brak mo\u017cliwo\u015bci przejazdu ulic\u0105 My\u015bliwsk\u0105. Kolejny etap prac przy przebudowie wa\u017cnego skrzy\u017cowania\",\"datePublished\":\"2019-09-24T04:23:16+00:00\",\"mainEntityOfPage\":{\"@id\":\"https:\\\/\\\/www.24gliwice.pl\\\/wiadomosci\\\/brak-mozliwosci-przejazdu-ulica-mysliwska-kolejny-etap-prac-przy-przebudowie-waznego-skrzyzowania\\\/\"},\"wordCount\":175,\"commentCount\":0,\"publisher\":{\"@id\":\"https:\\\/\\\/www.24gliwice.pl\\\/wiadomosci\\\/#organization\"},\"image\":{\"@id\":\"https:\\\/\\\/www.24gliwice.pl\\\/wiadomosci\\\/brak-mozliwosci-przejazdu-ulica-mysliwska-kolejny-etap-prac-przy-przebudowie-waznego-skrzyzowania\\\/#primaryimage\"},\"thumbnailUrl\":\"https:\\\/\\\/www.24gliwice.pl\\\/wiadomosci\\\/wp-content\\\/uploads\\\/2019\\\/09\\\/toszecka-my\u015bliwska.jpg\",\"keywords\":[\"my\u015bliwska\",\"pionier\u00f3w\",\"PRZEBUDOWA SKRZY\u017bOWANIA\",\"SZOBISZOWICE\",\"TOSZECKA\",\"wojciecha\",\"ZDM\"],\"articleSection\":[\"Gliwice\",\"Najnowsze wiadomo\u015bci\"],\"inLanguage\":\"pl-PL\",\"potentialAction\":[{\"@type\":\"CommentAction\",\"name\":\"Comment\",\"target\":[\"https:\\\/\\\/www.24gliwice.pl\\\/wiadomosci\\\/brak-mozliwosci-przejazdu-ulica-mysliwska-kolejny-etap-prac-przy-przebudowie-waznego-skrzyzowania\\\/#respond\"]}]},{\"@type\":\"WebPage\",\"@id\":\"https:\\\/\\\/www.24gliwice.pl\\\/wiadomosci\\\/brak-mozliwosci-przejazdu-ulica-mysliwska-kolejny-etap-prac-przy-przebudowie-waznego-skrzyzowania\\\/\",\"url\":\"https:\\\/\\\/www.24gliwice.pl\\\/wiadomosci\\\/brak-mozliwosci-przejazdu-ulica-mysliwska-kolejny-etap-prac-przy-przebudowie-waznego-skrzyzowania\\\/\",\"name\":\"Brak mo\u017cliwo\u015bci przejazdu ulic\u0105 My\u015bliwsk\u0105. Kolejny etap prac przy przebudowie wa\u017cnego skrzy\u017cowania - 24GLIWICE - Portal Gliwice | codziennie nowe informacje\",\"isPartOf\":{\"@id\":\"https:\\\/\\\/www.24gliwice.pl\\\/wiadomosci\\\/#website\"},\"primaryImageOfPage\":{\"@id\":\"https:\\\/\\\/www.24gliwice.pl\\\/wiadomosci\\\/brak-mozliwosci-przejazdu-ulica-mysliwska-kolejny-etap-prac-przy-przebudowie-waznego-skrzyzowania\\\/#primaryimage\"},\"image\":{\"@id\":\"https:\\\/\\\/www.24gliwice.pl\\\/wiadomosci\\\/brak-mozliwosci-przejazdu-ulica-mysliwska-kolejny-etap-prac-przy-przebudowie-waznego-skrzyzowania\\\/#primaryimage\"},\"thumbnailUrl\":\"https:\\\/\\\/www.24gliwice.pl\\\/wiadomosci\\\/wp-content\\\/uploads\\\/2019\\\/09\\\/toszecka-my\u015bliwska.jpg\",\"datePublished\":\"2019-09-24T04:23:16+00:00\",\"breadcrumb\":{\"@id\":\"https:\\\/\\\/www.24gliwice.pl\\\/wiadomosci\\\/brak-mozliwosci-przejazdu-ulica-mysliwska-kolejny-etap-prac-przy-przebudowie-waznego-skrzyzowania\\\/#breadcrumb\"},\"inLanguage\":\"pl-PL\",\"potentialAction\":[{\"@type\":\"ReadAction\",\"target\":[\"https:\\\/\\\/www.24gliwice.pl\\\/wiadomosci\\\/brak-mozliwosci-przejazdu-ulica-mysliwska-kolejny-etap-prac-przy-przebudowie-waznego-skrzyzowania\\\/\"]}]},{\"@type\":\"ImageObject\",\"inLanguage\":\"pl-PL\",\"@id\":\"https:\\\/\\\/www.24gliwice.pl\\\/wiadomosci\\\/brak-mozliwosci-przejazdu-ulica-mysliwska-kolejny-etap-prac-przy-przebudowie-waznego-skrzyzowania\\\/#primaryimage\",\"url\":\"https:\\\/\\\/www.24gliwice.pl\\\/wiadomosci\\\/wp-content\\\/uploads\\\/2019\\\/09\\\/toszecka-my\u015bliwska.jpg\",\"contentUrl\":\"https:\\\/\\\/www.24gliwice.pl\\\/wiadomosci\\\/wp-content\\\/uploads\\\/2019\\\/09\\\/toszecka-my\u015bliwska.jpg\",\"width\":1530,\"height\":861},{\"@type\":\"BreadcrumbList\",\"@id\":\"https:\\\/\\\/www.24gliwice.pl\\\/wiadomosci\\\/brak-mozliwosci-przejazdu-ulica-mysliwska-kolejny-etap-prac-przy-przebudowie-waznego-skrzyzowania\\\/#breadcrumb\",\"itemListElement\":[{\"@type\":\"ListItem\",\"position\":1,\"name\":\"Strona g\u0142\u00f3wna\",\"item\":\"https:\\\/\\\/www.24gliwice.pl\\\/wiadomosci\\\/\"},{\"@type\":\"ListItem\",\"position\":2,\"name\":\"Brak mo\u017cliwo\u015bci przejazdu ulic\u0105 My\u015bliwsk\u0105. Kolejny etap prac przy przebudowie wa\u017cnego skrzy\u017cowania\"}]},{\"@type\":\"WebSite\",\"@id\":\"https:\\\/\\\/www.24gliwice.pl\\\/wiadomosci\\\/#website\",\"url\":\"https:\\\/\\\/www.24gliwice.pl\\\/wiadomosci\\\/\",\"name\":\"24GLIWICE - Portal Gliwice | codziennie nowe wiadomo\u015bci\",\"description\":\"Portal Miejski Gliwice\",\"publisher\":{\"@id\":\"https:\\\/\\\/www.24gliwice.pl\\\/wiadomosci\\\/#organization\"},\"potentialAction\":[{\"@type\":\"SearchAction\",\"target\":{\"@type\":\"EntryPoint\",\"urlTemplate\":\"https:\\\/\\\/www.24gliwice.pl\\\/wiadomosci\\\/?s={search_term_string}\"},\"query-input\":{\"@type\":\"PropertyValueSpecification\",\"valueRequired\":true,\"valueName\":\"search_term_string\"}}],\"inLanguage\":\"pl-PL\"},{\"@type\":\"Organization\",\"@id\":\"https:\\\/\\\/www.24gliwice.pl\\\/wiadomosci\\\/#organization\",\"name\":\"24gliwice\",\"url\":\"https:\\\/\\\/www.24gliwice.pl\\\/wiadomosci\\\/\",\"logo\":{\"@type\":\"ImageObject\",\"inLanguage\":\"pl-PL\",\"@id\":\"https:\\\/\\\/www.24gliwice.pl\\\/wiadomosci\\\/#\\\/schema\\\/logo\\\/image\\\/\",\"url\":\"https:\\\/\\\/www.24gliwice.pl\\\/wiadomosci\\\/wp-content\\\/uploads\\\/2024\\\/10\\\/24gliwice-logo-696.jpg\",\"contentUrl\":\"https:\\\/\\\/www.24gliwice.pl\\\/wiadomosci\\\/wp-content\\\/uploads\\\/2024\\\/10\\\/24gliwice-logo-696.jpg\",\"width\":696,\"height\":696,\"caption\":\"24gliwice\"},\"image\":{\"@id\":\"https:\\\/\\\/www.24gliwice.pl\\\/wiadomosci\\\/#\\\/schema\\\/logo\\\/image\\\/\"},\"sameAs\":[\"https:\\\/\\\/www.facebook.com\\\/24gliwice\",\"https:\\\/\\\/x.com\\\/24gliwice\",\"https:\\\/\\\/www.youtube.com\\\/@24gliwice\"]},{\"@type\":\"Person\",\"@id\":\"https:\\\/\\\/www.24gliwice.pl\\\/wiadomosci\\\/#\\\/schema\\\/person\\\/e42c650edd7f2fa332be3811fb166b6e\",\"name\":\"\u017baneta Mrozek-Siewierska\",\"image\":{\"@type\":\"ImageObject\",\"inLanguage\":\"pl-PL\",\"@id\":\"https:\\\/\\\/secure.gravatar.com\\\/avatar\\\/1881429e9c64597c77ad7aef2d0a19be69a3253e57534d16aa15bf3a4d34a0a3?s=96&d=mm&r=g\",\"url\":\"https:\\\/\\\/secure.gravatar.com\\\/avatar\\\/1881429e9c64597c77ad7aef2d0a19be69a3253e57534d16aa15bf3a4d34a0a3?s=96&d=mm&r=g\",\"contentUrl\":\"https:\\\/\\\/secure.gravatar.com\\\/avatar\\\/1881429e9c64597c77ad7aef2d0a19be69a3253e57534d16aa15bf3a4d34a0a3?s=96&d=mm&r=g\",\"caption\":\"\u017baneta Mrozek-Siewierska\"},\"url\":\"https:\\\/\\\/www.24gliwice.pl\\\/wiadomosci\\\/author\\\/zms\\\/\"}]}<\/script>\n<!-- \/ Yoast SEO plugin. -->","yoast_head_json":{"title":"Brak mo\u017cliwo\u015bci przejazdu ulic\u0105 My\u015bliwsk\u0105. Kolejny etap prac przy przebudowie wa\u017cnego skrzy\u017cowania - 24GLIWICE - Portal Gliwice | codziennie nowe informacje","robots":{"index":"index","follow":"follow","max-snippet":"max-snippet:-1","max-image-preview":"max-image-preview:large","max-video-preview":"max-video-preview:-1"},"canonical":"https:\/\/www.24gliwice.pl\/wiadomosci\/brak-mozliwosci-przejazdu-ulica-mysliwska-kolejny-etap-prac-przy-przebudowie-waznego-skrzyzowania\/","og_locale":"pl_PL","og_type":"article","og_title":"Brak mo\u017cliwo\u015bci przejazdu ulic\u0105 My\u015bliwsk\u0105. Kolejny etap prac przy przebudowie wa\u017cnego skrzy\u017cowania - 24GLIWICE - Portal Gliwice | codziennie nowe informacje","og_description":"Trwa przebudowa skrzy\u017cowania ulic Toszeckiej, Pionier\u00f3w i My\u015bliwskiej. Prace wchodz\u0105 w kolejny etap, dlatego konieczne jest zamkni\u0119cie ostatniej z tych ulic. Od najbli\u017cszego czwartku, 26 wrze\u015bnia, przejazd ulic\u0105 My\u015bliwsk\u0105 nie b\u0119dzie mo\u017cliwy. Kierowcy, kt\u00f3rzy pojad\u0105 w kierunku Pyskowic, a chcieliby skr\u0119ci\u0107 w ul. Pionier\u00f3w, b\u0119d\u0105 musieli skorzysta\u0107 z objazdu ul. \u015bw. Wojciecha, a nast\u0119pnie alej\u0105 [&hellip;]","og_url":"https:\/\/www.24gliwice.pl\/wiadomosci\/brak-mozliwosci-przejazdu-ulica-mysliwska-kolejny-etap-prac-przy-przebudowie-waznego-skrzyzowania\/","og_site_name":"24GLIWICE - Portal Gliwice | codziennie nowe informacje","article_publisher":"https:\/\/www.facebook.com\/24gliwice","article_published_time":"2019-09-24T04:23:16+00:00","og_image":[{"width":1530,"height":861,"url":"https:\/\/www.24gliwice.pl\/wiadomosci\/wp-content\/uploads\/2019\/09\/toszecka-my\u015bliwska.jpg","type":"image\/jpeg"}],"author":"\u017baneta Mrozek-Siewierska","twitter_card":"summary_large_image","twitter_creator":"@24gliwice","twitter_site":"@24gliwice","twitter_misc":{"Napisane przez":"\u017baneta Mrozek-Siewierska","Szacowany czas czytania":"1 minuta"},"schema":{"@context":"https:\/\/schema.org","@graph":[{"@type":"Article","@id":"https:\/\/www.24gliwice.pl\/wiadomosci\/brak-mozliwosci-przejazdu-ulica-mysliwska-kolejny-etap-prac-przy-przebudowie-waznego-skrzyzowania\/#article","isPartOf":{"@id":"https:\/\/www.24gliwice.pl\/wiadomosci\/brak-mozliwosci-przejazdu-ulica-mysliwska-kolejny-etap-prac-przy-przebudowie-waznego-skrzyzowania\/"},"author":{"name":"\u017baneta Mrozek-Siewierska","@id":"https:\/\/www.24gliwice.pl\/wiadomosci\/#\/schema\/person\/e42c650edd7f2fa332be3811fb166b6e"},"headline":"Brak mo\u017cliwo\u015bci przejazdu ulic\u0105 My\u015bliwsk\u0105. Kolejny etap prac przy przebudowie wa\u017cnego skrzy\u017cowania","datePublished":"2019-09-24T04:23:16+00:00","mainEntityOfPage":{"@id":"https:\/\/www.24gliwice.pl\/wiadomosci\/brak-mozliwosci-przejazdu-ulica-mysliwska-kolejny-etap-prac-przy-przebudowie-waznego-skrzyzowania\/"},"wordCount":175,"commentCount":0,"publisher":{"@id":"https:\/\/www.24gliwice.pl\/wiadomosci\/#organization"},"image":{"@id":"https:\/\/www.24gliwice.pl\/wiadomosci\/brak-mozliwosci-przejazdu-ulica-mysliwska-kolejny-etap-prac-przy-przebudowie-waznego-skrzyzowania\/#primaryimage"},"thumbnailUrl":"https:\/\/www.24gliwice.pl\/wiadomosci\/wp-content\/uploads\/2019\/09\/toszecka-my\u015bliwska.jpg","keywords":["my\u015bliwska","pionier\u00f3w","PRZEBUDOWA SKRZY\u017bOWANIA","SZOBISZOWICE","TOSZECKA","wojciecha","ZDM"],"articleSection":["Gliwice","Najnowsze wiadomo\u015bci"],"inLanguage":"pl-PL","potentialAction":[{"@type":"CommentAction","name":"Comment","target":["https:\/\/www.24gliwice.pl\/wiadomosci\/brak-mozliwosci-przejazdu-ulica-mysliwska-kolejny-etap-prac-przy-przebudowie-waznego-skrzyzowania\/#respond"]}]},{"@type":"WebPage","@id":"https:\/\/www.24gliwice.pl\/wiadomosci\/brak-mozliwosci-przejazdu-ulica-mysliwska-kolejny-etap-prac-przy-przebudowie-waznego-skrzyzowania\/","url":"https:\/\/www.24gliwice.pl\/wiadomosci\/brak-mozliwosci-przejazdu-ulica-mysliwska-kolejny-etap-prac-przy-przebudowie-waznego-skrzyzowania\/","name":"Brak mo\u017cliwo\u015bci przejazdu ulic\u0105 My\u015bliwsk\u0105. Kolejny etap prac przy przebudowie wa\u017cnego skrzy\u017cowania - 24GLIWICE - Portal Gliwice | codziennie nowe informacje","isPartOf":{"@id":"https:\/\/www.24gliwice.pl\/wiadomosci\/#website"},"primaryImageOfPage":{"@id":"https:\/\/www.24gliwice.pl\/wiadomosci\/brak-mozliwosci-przejazdu-ulica-mysliwska-kolejny-etap-prac-przy-przebudowie-waznego-skrzyzowania\/#primaryimage"},"image":{"@id":"https:\/\/www.24gliwice.pl\/wiadomosci\/brak-mozliwosci-przejazdu-ulica-mysliwska-kolejny-etap-prac-przy-przebudowie-waznego-skrzyzowania\/#primaryimage"},"thumbnailUrl":"https:\/\/www.24gliwice.pl\/wiadomosci\/wp-content\/uploads\/2019\/09\/toszecka-my\u015bliwska.jpg","datePublished":"2019-09-24T04:23:16+00:00","breadcrumb":{"@id":"https:\/\/www.24gliwice.pl\/wiadomosci\/brak-mozliwosci-przejazdu-ulica-mysliwska-kolejny-etap-prac-przy-przebudowie-waznego-skrzyzowania\/#breadcrumb"},"inLanguage":"pl-PL","potentialAction":[{"@type":"ReadAction","target":["https:\/\/www.24gliwice.pl\/wiadomosci\/brak-mozliwosci-przejazdu-ulica-mysliwska-kolejny-etap-prac-przy-przebudowie-waznego-skrzyzowania\/"]}]},{"@type":"ImageObject","inLanguage":"pl-PL","@id":"https:\/\/www.24gliwice.pl\/wiadomosci\/brak-mozliwosci-przejazdu-ulica-mysliwska-kolejny-etap-prac-przy-przebudowie-waznego-skrzyzowania\/#primaryimage","url":"https:\/\/www.24gliwice.pl\/wiadomosci\/wp-content\/uploads\/2019\/09\/toszecka-my\u015bliwska.jpg","contentUrl":"https:\/\/www.24gliwice.pl\/wiadomosci\/wp-content\/uploads\/2019\/09\/toszecka-my\u015bliwska.jpg","width":1530,"height":861},{"@type":"BreadcrumbList","@id":"https:\/\/www.24gliwice.pl\/wiadomosci\/brak-mozliwosci-przejazdu-ulica-mysliwska-kolejny-etap-prac-przy-przebudowie-waznego-skrzyzowania\/#breadcrumb","itemListElement":[{"@type":"ListItem","position":1,"name":"Strona g\u0142\u00f3wna","item":"https:\/\/www.24gliwice.pl\/wiadomosci\/"},{"@type":"ListItem","position":2,"name":"Brak mo\u017cliwo\u015bci przejazdu ulic\u0105 My\u015bliwsk\u0105. Kolejny etap prac przy przebudowie wa\u017cnego skrzy\u017cowania"}]},{"@type":"WebSite","@id":"https:\/\/www.24gliwice.pl\/wiadomosci\/#website","url":"https:\/\/www.24gliwice.pl\/wiadomosci\/","name":"24GLIWICE - Portal Gliwice | codziennie nowe wiadomo\u015bci","description":"Portal Miejski Gliwice","publisher":{"@id":"https:\/\/www.24gliwice.pl\/wiadomosci\/#organization"},"potentialAction":[{"@type":"SearchAction","target":{"@type":"EntryPoint","urlTemplate":"https:\/\/www.24gliwice.pl\/wiadomosci\/?s={search_term_string}"},"query-input":{"@type":"PropertyValueSpecification","valueRequired":true,"valueName":"search_term_string"}}],"inLanguage":"pl-PL"},{"@type":"Organization","@id":"https:\/\/www.24gliwice.pl\/wiadomosci\/#organization","name":"24gliwice","url":"https:\/\/www.24gliwice.pl\/wiadomosci\/","logo":{"@type":"ImageObject","inLanguage":"pl-PL","@id":"https:\/\/www.24gliwice.pl\/wiadomosci\/#\/schema\/logo\/image\/","url":"https:\/\/www.24gliwice.pl\/wiadomosci\/wp-content\/uploads\/2024\/10\/24gliwice-logo-696.jpg","contentUrl":"https:\/\/www.24gliwice.pl\/wiadomosci\/wp-content\/uploads\/2024\/10\/24gliwice-logo-696.jpg","width":696,"height":696,"caption":"24gliwice"},"image":{"@id":"https:\/\/www.24gliwice.pl\/wiadomosci\/#\/schema\/logo\/image\/"},"sameAs":["https:\/\/www.facebook.com\/24gliwice","https:\/\/x.com\/24gliwice","https:\/\/www.youtube.com\/@24gliwice"]},{"@type":"Person","@id":"https:\/\/www.24gliwice.pl\/wiadomosci\/#\/schema\/person\/e42c650edd7f2fa332be3811fb166b6e","name":"\u017baneta Mrozek-Siewierska","image":{"@type":"ImageObject","inLanguage":"pl-PL","@id":"https:\/\/secure.gravatar.com\/avatar\/1881429e9c64597c77ad7aef2d0a19be69a3253e57534d16aa15bf3a4d34a0a3?s=96&d=mm&r=g","url":"https:\/\/secure.gravatar.com\/avatar\/1881429e9c64597c77ad7aef2d0a19be69a3253e57534d16aa15bf3a4d34a0a3?s=96&d=mm&r=g","contentUrl":"https:\/\/secure.gravatar.com\/avatar\/1881429e9c64597c77ad7aef2d0a19be69a3253e57534d16aa15bf3a4d34a0a3?s=96&d=mm&r=g","caption":"\u017baneta Mrozek-Siewierska"},"url":"https:\/\/www.24gliwice.pl\/wiadomosci\/author\/zms\/"}]}},"_links":{"self":[{"href":"https:\/\/www.24gliwice.pl\/wiadomosci\/wp-json\/wp\/v2\/posts\/140898","targetHints":{"allow":["GET"]}}],"collection":[{"href":"https:\/\/www.24gliwice.pl\/wiadomosci\/wp-json\/wp\/v2\/posts"}],"about":[{"href":"https:\/\/www.24gliwice.pl\/wiadomosci\/wp-json\/wp\/v2\/types\/post"}],"author":[{"embeddable":true,"href":"https:\/\/www.24gliwice.pl\/wiadomosci\/wp-json\/wp\/v2\/users\/15"}],"replies":[{"embeddable":true,"href":"https:\/\/www.24gliwice.pl\/wiadomosci\/wp-json\/wp\/v2\/comments?post=140898"}],"version-history":[{"count":0,"href":"https:\/\/www.24gliwice.pl\/wiadomosci\/wp-json\/wp\/v2\/posts\/140898\/revisions"}],"wp:featuredmedia":[{"embeddable":true,"href":"https:\/\/www.24gliwice.pl\/wiadomosci\/wp-json\/wp\/v2\/media\/140900"}],"wp:attachment":[{"href":"https:\/\/www.24gliwice.pl\/wiadomosci\/wp-json\/wp\/v2\/media?parent=140898"}],"wp:term":[{"taxonomy":"category","embeddable":true,"href":"https:\/\/www.24gliwice.pl\/wiadomosci\/wp-json\/wp\/v2\/categories?post=140898"},{"taxonomy":"post_tag","embeddable":true,"href":"https:\/\/www.24gliwice.pl\/wiadomosci\/wp-json\/wp\/v2\/tags?post=140898"}],"curies":[{"name":"wp","href":"https:\/\/api.w.org\/{rel}","templated":true}]}}