{"id":140902,"date":"2019-09-23T15:56:22","date_gmt":"2019-09-23T13:56:22","guid":{"rendered":"https:\/\/www.24gliwice.pl\/wiadomosci\/?p=140902"},"modified":"2019-09-23T15:57:30","modified_gmt":"2019-09-23T13:57:30","slug":"debata-przedwyborcza-2050-polska-dla-pokolen-jaka-przyszlosc-wybierzesz-w-technoparku","status":"publish","type":"post","link":"https:\/\/www.24gliwice.pl\/wiadomosci\/debata-przedwyborcza-2050-polska-dla-pokolen-jaka-przyszlosc-wybierzesz-w-technoparku\/","title":{"rendered":"Debata przedwyborcza w Technoparku. \u201e2050 Polska dla Pokole\u0144. Jak\u0105 przysz\u0142o\u015b\u0107 wybierzesz?&#8221;"},"content":{"rendered":"<div class=\"gliwi-a6-nad-leadem-artykulow gliwi-entity-placement\" id=\"gliwi-2183476795\"><div class=\"gliwi-adlabel\"><span style=\"font-size: 9px\">REKLAMA<\/span><\/div><div id=\"gliwi-4148332440\" style=\"margin-bottom: 30px;margin-left: auto;margin-right: auto;text-align: center;\"><a data-no-instant=\"1\" href=\"https:\/\/przedszkole.halogen.org.pl\/\" rel=\"noopener\" class=\"a2t-link\" target=\"_blank\" aria-label=\"20260402-ANIMATOR-przedszkole_grafika_750x200\"><img loading=\"lazy\" decoding=\"async\" src=\"https:\/\/www.24gliwice.pl\/wiadomosci\/wp-content\/uploads\/2026\/04\/20260402-ANIMATOR-przedszkole_grafika_750x200.webp\" alt=\"\"  srcset=\"https:\/\/www.24gliwice.pl\/wiadomosci\/wp-content\/uploads\/2026\/04\/20260402-ANIMATOR-przedszkole_grafika_750x200.webp 750w, https:\/\/www.24gliwice.pl\/wiadomosci\/wp-content\/uploads\/2026\/04\/20260402-ANIMATOR-przedszkole_grafika_750x200-410x109.webp 410w\" sizes=\"(max-width: 750px) 100vw, 750px\" class=\"no-lazyload\" width=\"750\" height=\"200\"  style=\"display: inline-block; max-width: 100%; height: auto;\" \/><\/a><\/div><\/div><h3>Przedstawiciele r\u00f3\u017cnych ugrupowa\u0144, bior\u0105cych udzia\u0142 w wyborach parlamentarnych 13 pa\u017adziernika, spotkaj\u0105 si\u0119 w Technoparku, aby przedstawi\u0107 sw\u00f3j punkt widzenia na wa\u017cne z perspektywy kryzysu ekologicznego tematy.<\/h3>\n<p>Debata to wsp\u00f3lna inicjatywa Stowarzyszenia Ekologicznego EKO-UNIA oraz Fundacji WWF Polska. Podczas dyskusji poruszane b\u0119d\u0105 kwestie zwi\u0105zane z ochron\u0105 \u015brodowiska, katastrof\u0105 klimatyczn\u0105, transformacj\u0105 energetyczn\u0105 regionu, itp. Uczestnicy spotkania b\u0119d\u0105 mogli zadawa\u0107 pytania kandydatom do Sejmu i Senatu z r\u00f3\u017cnych partii politycznych.<\/p>\n<h3>Wydarzenie odb\u0119dzie si\u0119 24 wrze\u015bnia w godzinach 17:00 &#8211; 19:30 w Technoparku Gliwice przy ul. Konarskiego 18C.<\/h3>\n<p>Wst\u0119p na debat\u0119 jest wolny. Dla os\u00f3b, kt\u00f3re z r\u00f3\u017cnych wzgl\u0119d\u00f3w nie mog\u0105 w niej uczestniczy\u0107, ale chcia\u0142yby \u015bledzi\u0107 jej przebieg, organizatorzy zaplanowali <a href=\"https:\/\/www.facebook.com\/EkoUnia\/\" rel=\"noopener noreferrer\" target=\"_blank\">transmisj\u0119 na \u017cywo<\/a> za po\u015brednictwem serwisu facebook.com. Link do wydarzenia w portalu spo\u0142eczno\u015bciowym,<a href=\"https:\/\/www.facebook.com\/events\/2582244818499401\/\" rel=\"noopener noreferrer\" target=\"_blank\"> znajduje si\u0119 tutaj. <\/a><\/p><div class=\"gliwi-a3-w-tresci-artykulow gliwi-entity-placement\" id=\"gliwi-388105207\"><div class=\"gliwi-adlabel\"><span style=\"font-size: 9px\">REKLAMA<\/span><\/div><div id=\"gliwi-1972848982\" style=\"margin-bottom: 30px;margin-left: auto;margin-right: auto;text-align: center;\"><a data-no-instant=\"1\" href=\"https:\/\/zlobek.halogen.org.pl\/\" rel=\"noopener\" class=\"a2t-link\" target=\"_blank\" aria-label=\"animator-zlobek_750x200\"><img loading=\"lazy\" decoding=\"async\" src=\"https:\/\/www.24gliwice.pl\/wiadomosci\/wp-content\/uploads\/2026\/02\/animator-zlobek_750x200.webp\" alt=\"\"  srcset=\"https:\/\/www.24gliwice.pl\/wiadomosci\/wp-content\/uploads\/2026\/02\/animator-zlobek_750x200.webp 750w, https:\/\/www.24gliwice.pl\/wiadomosci\/wp-content\/uploads\/2026\/02\/animator-zlobek_750x200-410x109.webp 410w\" sizes=\"(max-width: 750px) 100vw, 750px\" class=\"no-lazyload\" width=\"750\" height=\"200\"  style=\"display: inline-block; max-width: 100%; height: auto;\" \/><\/a><\/div><\/div>\n<p>Sw\u00f3j udzia\u0142 w debacie dotychczas potwierdzili nast\u0119puj\u0105cy przedstawiciele ugrupowa\u0144 politycznych:<\/p>\n<p>&#8211; <strong>Marek Pinkas<\/strong>, Partia Zieloni (KO)<br \/>\n&#8211; <strong>Barbara S\u0142ania<\/strong>, Razem (SLD\/Lewica)<br \/>\n&#8211; <strong>Robert Teodorczak,<\/strong> (Konfederacja Wolno\u015b\u0107 i Niepodleg\u0142o\u015b\u0107)<br \/>\n&#8211; <strong>Anna Karwot<\/strong>, Kukiz&#8217;15 (PSL)<br \/>\n&#8211; <strong>Zbigniew Przedpelski<\/strong>, (PiS)  <\/p>\n<p>(\u017cms)\/mat. pras.<br \/>\nfot. px<\/p>\n<div class=\"gliwi-a5-na-koncu-artykulow gliwi-entity-placement\" id=\"gliwi-1464710422\"><div class=\"gliwi-adlabel\"><span style=\"font-size: 9px\">REKLAMA<\/span><\/div><div id=\"gliwi-2393856819\" style=\"margin-left: auto;margin-right: auto;text-align: center;\"><a data-no-instant=\"1\" href=\"https:\/\/www.jasek.pl\/\" rel=\"noopener\" class=\"a2t-link\" target=\"_blank\" aria-label=\"20200401-jasek 600\"><img loading=\"lazy\" decoding=\"async\" src=\"https:\/\/www.24gliwice.pl\/wiadomosci\/wp-content\/uploads\/2020\/04\/20200401-jasek-600.jpg\" alt=\"\"  srcset=\"https:\/\/www.24gliwice.pl\/wiadomosci\/wp-content\/uploads\/2020\/04\/20200401-jasek-600.jpg 600w, https:\/\/www.24gliwice.pl\/wiadomosci\/wp-content\/uploads\/2020\/04\/20200401-jasek-600-410x109.jpg 410w\" sizes=\"(max-width: 600px) 100vw, 600px\" class=\"no-lazyload\" width=\"600\" height=\"160\"  style=\"display: inline-block; max-width: 100%; height: auto;\" \/><\/a><\/div><\/div>","protected":false},"excerpt":{"rendered":"<p>Przedstawiciele r\u00f3\u017cnych ugrupowa\u0144, bior\u0105cych udzia\u0142 w wyborach parlamentarnych 13 pa\u017adziernika, spotkaj\u0105 si\u0119 w Technoparku, aby przedstawi\u0107 sw\u00f3j punkt widzenia na wa\u017cne z perspektywy kryzysu ekologicznego tematy. Debata to wsp\u00f3lna inicjatywa Stowarzyszenia Ekologicznego EKO-UNIA oraz Fundacji WWF Polska. Podczas dyskusji poruszane b\u0119d\u0105 kwestie zwi\u0105zane z ochron\u0105 \u015brodowiska, katastrof\u0105 klimatyczn\u0105, transformacj\u0105 energetyczn\u0105 regionu, itp. Uczestnicy spotkania b\u0119d\u0105 [&hellip;]<\/p>\n","protected":false},"author":15,"featured_media":140918,"comment_status":"open","ping_status":"closed","sticky":false,"template":"","format":"standard","meta":{"_monsterinsights_skip_tracking":false,"_monsterinsights_sitenote_active":false,"_monsterinsights_sitenote_note":"","_monsterinsights_sitenote_category":0,"footnotes":"","_links_to":"","_links_to_target":""},"categories":[3,1,8],"tags":[48,927,11759,16517,5738,1771,8803,16270],"class_list":["post-140902","post","type-post","status-publish","format-standard","has-post-thumbnail","hentry","category-gliwice","category-wszystko","category-samorzad_polityka","tag-debata","tag-debata-przedwyborcza","tag-ekologia","tag-kandydaci-do-sejmu","tag-ochrona-srodowiska","tag-polityka","tag-srodowisko","tag-wybory-parlamentarne"],"yoast_head":"<!-- This site is optimized with the Yoast SEO plugin v27.5 - https:\/\/yoast.com\/product\/yoast-seo-wordpress\/ -->\n<title>Debata przedwyborcza w Technoparku. \u201e2050 Polska dla Pokole\u0144. Jak\u0105 przysz\u0142o\u015b\u0107 wybierzesz?&quot; - 24GLIWICE - Portal Gliwice | codziennie nowe informacje<\/title>\n<meta name=\"robots\" content=\"index, follow, max-snippet:-1, max-image-preview:large, max-video-preview:-1\" \/>\n<link rel=\"canonical\" href=\"https:\/\/www.24gliwice.pl\/wiadomosci\/debata-przedwyborcza-2050-polska-dla-pokolen-jaka-przyszlosc-wybierzesz-w-technoparku\/\" \/>\n<meta property=\"og:locale\" content=\"pl_PL\" \/>\n<meta property=\"og:type\" content=\"article\" \/>\n<meta property=\"og:title\" content=\"Debata przedwyborcza w Technoparku. \u201e2050 Polska dla Pokole\u0144. Jak\u0105 przysz\u0142o\u015b\u0107 wybierzesz?&quot; - 24GLIWICE - Portal Gliwice | codziennie nowe informacje\" \/>\n<meta property=\"og:description\" content=\"Przedstawiciele r\u00f3\u017cnych ugrupowa\u0144, bior\u0105cych udzia\u0142 w wyborach parlamentarnych 13 pa\u017adziernika, spotkaj\u0105 si\u0119 w Technoparku, aby przedstawi\u0107 sw\u00f3j punkt widzenia na wa\u017cne z perspektywy kryzysu ekologicznego tematy. Debata to wsp\u00f3lna inicjatywa Stowarzyszenia Ekologicznego EKO-UNIA oraz Fundacji WWF Polska. Podczas dyskusji poruszane b\u0119d\u0105 kwestie zwi\u0105zane z ochron\u0105 \u015brodowiska, katastrof\u0105 klimatyczn\u0105, transformacj\u0105 energetyczn\u0105 regionu, itp. Uczestnicy spotkania b\u0119d\u0105 [&hellip;]\" \/>\n<meta property=\"og:url\" content=\"https:\/\/www.24gliwice.pl\/wiadomosci\/debata-przedwyborcza-2050-polska-dla-pokolen-jaka-przyszlosc-wybierzesz-w-technoparku\/\" \/>\n<meta property=\"og:site_name\" content=\"24GLIWICE - Portal Gliwice | codziennie nowe informacje\" \/>\n<meta property=\"article:publisher\" content=\"https:\/\/www.facebook.com\/24gliwice\" \/>\n<meta property=\"article:published_time\" content=\"2019-09-23T13:56:22+00:00\" \/>\n<meta property=\"article:modified_time\" content=\"2019-09-23T13:57:30+00:00\" \/>\n<meta property=\"og:image\" content=\"https:\/\/www.24gliwice.pl\/wiadomosci\/wp-content\/uploads\/2019\/09\/debata-technopark.jpg\" \/>\n\t<meta property=\"og:image:width\" content=\"960\" \/>\n\t<meta property=\"og:image:height\" content=\"539\" \/>\n\t<meta property=\"og:image:type\" content=\"image\/jpeg\" \/>\n<meta name=\"author\" content=\"\u017baneta Mrozek-Siewierska\" \/>\n<meta name=\"twitter:card\" content=\"summary_large_image\" \/>\n<meta name=\"twitter:creator\" content=\"@24gliwice\" \/>\n<meta name=\"twitter:site\" content=\"@24gliwice\" \/>\n<meta name=\"twitter:label1\" content=\"Napisane przez\" \/>\n\t<meta name=\"twitter:data1\" content=\"\u017baneta Mrozek-Siewierska\" \/>\n\t<meta name=\"twitter:label2\" content=\"Szacowany czas czytania\" \/>\n\t<meta name=\"twitter:data2\" content=\"1 minuta\" \/>\n<script type=\"application\/ld+json\" class=\"yoast-schema-graph\">{\"@context\":\"https:\\\/\\\/schema.org\",\"@graph\":[{\"@type\":\"Article\",\"@id\":\"https:\\\/\\\/www.24gliwice.pl\\\/wiadomosci\\\/debata-przedwyborcza-2050-polska-dla-pokolen-jaka-przyszlosc-wybierzesz-w-technoparku\\\/#article\",\"isPartOf\":{\"@id\":\"https:\\\/\\\/www.24gliwice.pl\\\/wiadomosci\\\/debata-przedwyborcza-2050-polska-dla-pokolen-jaka-przyszlosc-wybierzesz-w-technoparku\\\/\"},\"author\":{\"name\":\"\u017baneta Mrozek-Siewierska\",\"@id\":\"https:\\\/\\\/www.24gliwice.pl\\\/wiadomosci\\\/#\\\/schema\\\/person\\\/e42c650edd7f2fa332be3811fb166b6e\"},\"headline\":\"Debata przedwyborcza w Technoparku. \u201e2050 Polska dla Pokole\u0144. Jak\u0105 przysz\u0142o\u015b\u0107 wybierzesz?&#8221;\",\"datePublished\":\"2019-09-23T13:56:22+00:00\",\"dateModified\":\"2019-09-23T13:57:30+00:00\",\"mainEntityOfPage\":{\"@id\":\"https:\\\/\\\/www.24gliwice.pl\\\/wiadomosci\\\/debata-przedwyborcza-2050-polska-dla-pokolen-jaka-przyszlosc-wybierzesz-w-technoparku\\\/\"},\"wordCount\":201,\"commentCount\":0,\"publisher\":{\"@id\":\"https:\\\/\\\/www.24gliwice.pl\\\/wiadomosci\\\/#organization\"},\"image\":{\"@id\":\"https:\\\/\\\/www.24gliwice.pl\\\/wiadomosci\\\/debata-przedwyborcza-2050-polska-dla-pokolen-jaka-przyszlosc-wybierzesz-w-technoparku\\\/#primaryimage\"},\"thumbnailUrl\":\"https:\\\/\\\/www.24gliwice.pl\\\/wiadomosci\\\/wp-content\\\/uploads\\\/2019\\\/09\\\/debata-technopark.jpg\",\"keywords\":[\"debata\",\"debata przedwyborcza\",\"ekologia\",\"kandydaci do sejmu\",\"OCHRONA \u015aRODOWISKA\",\"POLITYKA\",\"\u015brodowisko\",\"WYBORY PARLAMENTARNE\"],\"articleSection\":[\"Gliwice\",\"Najnowsze wiadomo\u015bci\",\"Samorz\u0105d, polityka\"],\"inLanguage\":\"pl-PL\",\"potentialAction\":[{\"@type\":\"CommentAction\",\"name\":\"Comment\",\"target\":[\"https:\\\/\\\/www.24gliwice.pl\\\/wiadomosci\\\/debata-przedwyborcza-2050-polska-dla-pokolen-jaka-przyszlosc-wybierzesz-w-technoparku\\\/#respond\"]}]},{\"@type\":\"WebPage\",\"@id\":\"https:\\\/\\\/www.24gliwice.pl\\\/wiadomosci\\\/debata-przedwyborcza-2050-polska-dla-pokolen-jaka-przyszlosc-wybierzesz-w-technoparku\\\/\",\"url\":\"https:\\\/\\\/www.24gliwice.pl\\\/wiadomosci\\\/debata-przedwyborcza-2050-polska-dla-pokolen-jaka-przyszlosc-wybierzesz-w-technoparku\\\/\",\"name\":\"Debata przedwyborcza w Technoparku. \u201e2050 Polska dla Pokole\u0144. Jak\u0105 przysz\u0142o\u015b\u0107 wybierzesz?\\\" - 24GLIWICE - Portal Gliwice | codziennie nowe informacje\",\"isPartOf\":{\"@id\":\"https:\\\/\\\/www.24gliwice.pl\\\/wiadomosci\\\/#website\"},\"primaryImageOfPage\":{\"@id\":\"https:\\\/\\\/www.24gliwice.pl\\\/wiadomosci\\\/debata-przedwyborcza-2050-polska-dla-pokolen-jaka-przyszlosc-wybierzesz-w-technoparku\\\/#primaryimage\"},\"image\":{\"@id\":\"https:\\\/\\\/www.24gliwice.pl\\\/wiadomosci\\\/debata-przedwyborcza-2050-polska-dla-pokolen-jaka-przyszlosc-wybierzesz-w-technoparku\\\/#primaryimage\"},\"thumbnailUrl\":\"https:\\\/\\\/www.24gliwice.pl\\\/wiadomosci\\\/wp-content\\\/uploads\\\/2019\\\/09\\\/debata-technopark.jpg\",\"datePublished\":\"2019-09-23T13:56:22+00:00\",\"dateModified\":\"2019-09-23T13:57:30+00:00\",\"breadcrumb\":{\"@id\":\"https:\\\/\\\/www.24gliwice.pl\\\/wiadomosci\\\/debata-przedwyborcza-2050-polska-dla-pokolen-jaka-przyszlosc-wybierzesz-w-technoparku\\\/#breadcrumb\"},\"inLanguage\":\"pl-PL\",\"potentialAction\":[{\"@type\":\"ReadAction\",\"target\":[\"https:\\\/\\\/www.24gliwice.pl\\\/wiadomosci\\\/debata-przedwyborcza-2050-polska-dla-pokolen-jaka-przyszlosc-wybierzesz-w-technoparku\\\/\"]}]},{\"@type\":\"ImageObject\",\"inLanguage\":\"pl-PL\",\"@id\":\"https:\\\/\\\/www.24gliwice.pl\\\/wiadomosci\\\/debata-przedwyborcza-2050-polska-dla-pokolen-jaka-przyszlosc-wybierzesz-w-technoparku\\\/#primaryimage\",\"url\":\"https:\\\/\\\/www.24gliwice.pl\\\/wiadomosci\\\/wp-content\\\/uploads\\\/2019\\\/09\\\/debata-technopark.jpg\",\"contentUrl\":\"https:\\\/\\\/www.24gliwice.pl\\\/wiadomosci\\\/wp-content\\\/uploads\\\/2019\\\/09\\\/debata-technopark.jpg\",\"width\":960,\"height\":539,\"caption\":\"fot. px\"},{\"@type\":\"BreadcrumbList\",\"@id\":\"https:\\\/\\\/www.24gliwice.pl\\\/wiadomosci\\\/debata-przedwyborcza-2050-polska-dla-pokolen-jaka-przyszlosc-wybierzesz-w-technoparku\\\/#breadcrumb\",\"itemListElement\":[{\"@type\":\"ListItem\",\"position\":1,\"name\":\"Strona g\u0142\u00f3wna\",\"item\":\"https:\\\/\\\/www.24gliwice.pl\\\/wiadomosci\\\/\"},{\"@type\":\"ListItem\",\"position\":2,\"name\":\"Debata przedwyborcza w Technoparku. \u201e2050 Polska dla Pokole\u0144. Jak\u0105 przysz\u0142o\u015b\u0107 wybierzesz?&#8221;\"}]},{\"@type\":\"WebSite\",\"@id\":\"https:\\\/\\\/www.24gliwice.pl\\\/wiadomosci\\\/#website\",\"url\":\"https:\\\/\\\/www.24gliwice.pl\\\/wiadomosci\\\/\",\"name\":\"24GLIWICE - Portal Gliwice | codziennie nowe wiadomo\u015bci\",\"description\":\"Portal Miejski Gliwice\",\"publisher\":{\"@id\":\"https:\\\/\\\/www.24gliwice.pl\\\/wiadomosci\\\/#organization\"},\"potentialAction\":[{\"@type\":\"SearchAction\",\"target\":{\"@type\":\"EntryPoint\",\"urlTemplate\":\"https:\\\/\\\/www.24gliwice.pl\\\/wiadomosci\\\/?s={search_term_string}\"},\"query-input\":{\"@type\":\"PropertyValueSpecification\",\"valueRequired\":true,\"valueName\":\"search_term_string\"}}],\"inLanguage\":\"pl-PL\"},{\"@type\":\"Organization\",\"@id\":\"https:\\\/\\\/www.24gliwice.pl\\\/wiadomosci\\\/#organization\",\"name\":\"24gliwice\",\"url\":\"https:\\\/\\\/www.24gliwice.pl\\\/wiadomosci\\\/\",\"logo\":{\"@type\":\"ImageObject\",\"inLanguage\":\"pl-PL\",\"@id\":\"https:\\\/\\\/www.24gliwice.pl\\\/wiadomosci\\\/#\\\/schema\\\/logo\\\/image\\\/\",\"url\":\"https:\\\/\\\/www.24gliwice.pl\\\/wiadomosci\\\/wp-content\\\/uploads\\\/2024\\\/10\\\/24gliwice-logo-696.jpg\",\"contentUrl\":\"https:\\\/\\\/www.24gliwice.pl\\\/wiadomosci\\\/wp-content\\\/uploads\\\/2024\\\/10\\\/24gliwice-logo-696.jpg\",\"width\":696,\"height\":696,\"caption\":\"24gliwice\"},\"image\":{\"@id\":\"https:\\\/\\\/www.24gliwice.pl\\\/wiadomosci\\\/#\\\/schema\\\/logo\\\/image\\\/\"},\"sameAs\":[\"https:\\\/\\\/www.facebook.com\\\/24gliwice\",\"https:\\\/\\\/x.com\\\/24gliwice\",\"https:\\\/\\\/www.youtube.com\\\/@24gliwice\"]},{\"@type\":\"Person\",\"@id\":\"https:\\\/\\\/www.24gliwice.pl\\\/wiadomosci\\\/#\\\/schema\\\/person\\\/e42c650edd7f2fa332be3811fb166b6e\",\"name\":\"\u017baneta Mrozek-Siewierska\",\"image\":{\"@type\":\"ImageObject\",\"inLanguage\":\"pl-PL\",\"@id\":\"https:\\\/\\\/secure.gravatar.com\\\/avatar\\\/1881429e9c64597c77ad7aef2d0a19be69a3253e57534d16aa15bf3a4d34a0a3?s=96&d=mm&r=g\",\"url\":\"https:\\\/\\\/secure.gravatar.com\\\/avatar\\\/1881429e9c64597c77ad7aef2d0a19be69a3253e57534d16aa15bf3a4d34a0a3?s=96&d=mm&r=g\",\"contentUrl\":\"https:\\\/\\\/secure.gravatar.com\\\/avatar\\\/1881429e9c64597c77ad7aef2d0a19be69a3253e57534d16aa15bf3a4d34a0a3?s=96&d=mm&r=g\",\"caption\":\"\u017baneta Mrozek-Siewierska\"},\"url\":\"https:\\\/\\\/www.24gliwice.pl\\\/wiadomosci\\\/author\\\/zms\\\/\"}]}<\/script>\n<!-- \/ Yoast SEO plugin. -->","yoast_head_json":{"title":"Debata przedwyborcza w Technoparku. \u201e2050 Polska dla Pokole\u0144. Jak\u0105 przysz\u0142o\u015b\u0107 wybierzesz?\" - 24GLIWICE - Portal Gliwice | codziennie nowe informacje","robots":{"index":"index","follow":"follow","max-snippet":"max-snippet:-1","max-image-preview":"max-image-preview:large","max-video-preview":"max-video-preview:-1"},"canonical":"https:\/\/www.24gliwice.pl\/wiadomosci\/debata-przedwyborcza-2050-polska-dla-pokolen-jaka-przyszlosc-wybierzesz-w-technoparku\/","og_locale":"pl_PL","og_type":"article","og_title":"Debata przedwyborcza w Technoparku. \u201e2050 Polska dla Pokole\u0144. Jak\u0105 przysz\u0142o\u015b\u0107 wybierzesz?\" - 24GLIWICE - Portal Gliwice | codziennie nowe informacje","og_description":"Przedstawiciele r\u00f3\u017cnych ugrupowa\u0144, bior\u0105cych udzia\u0142 w wyborach parlamentarnych 13 pa\u017adziernika, spotkaj\u0105 si\u0119 w Technoparku, aby przedstawi\u0107 sw\u00f3j punkt widzenia na wa\u017cne z perspektywy kryzysu ekologicznego tematy. Debata to wsp\u00f3lna inicjatywa Stowarzyszenia Ekologicznego EKO-UNIA oraz Fundacji WWF Polska. Podczas dyskusji poruszane b\u0119d\u0105 kwestie zwi\u0105zane z ochron\u0105 \u015brodowiska, katastrof\u0105 klimatyczn\u0105, transformacj\u0105 energetyczn\u0105 regionu, itp. Uczestnicy spotkania b\u0119d\u0105 [&hellip;]","og_url":"https:\/\/www.24gliwice.pl\/wiadomosci\/debata-przedwyborcza-2050-polska-dla-pokolen-jaka-przyszlosc-wybierzesz-w-technoparku\/","og_site_name":"24GLIWICE - Portal Gliwice | codziennie nowe informacje","article_publisher":"https:\/\/www.facebook.com\/24gliwice","article_published_time":"2019-09-23T13:56:22+00:00","article_modified_time":"2019-09-23T13:57:30+00:00","og_image":[{"width":960,"height":539,"url":"https:\/\/www.24gliwice.pl\/wiadomosci\/wp-content\/uploads\/2019\/09\/debata-technopark.jpg","type":"image\/jpeg"}],"author":"\u017baneta Mrozek-Siewierska","twitter_card":"summary_large_image","twitter_creator":"@24gliwice","twitter_site":"@24gliwice","twitter_misc":{"Napisane przez":"\u017baneta Mrozek-Siewierska","Szacowany czas czytania":"1 minuta"},"schema":{"@context":"https:\/\/schema.org","@graph":[{"@type":"Article","@id":"https:\/\/www.24gliwice.pl\/wiadomosci\/debata-przedwyborcza-2050-polska-dla-pokolen-jaka-przyszlosc-wybierzesz-w-technoparku\/#article","isPartOf":{"@id":"https:\/\/www.24gliwice.pl\/wiadomosci\/debata-przedwyborcza-2050-polska-dla-pokolen-jaka-przyszlosc-wybierzesz-w-technoparku\/"},"author":{"name":"\u017baneta Mrozek-Siewierska","@id":"https:\/\/www.24gliwice.pl\/wiadomosci\/#\/schema\/person\/e42c650edd7f2fa332be3811fb166b6e"},"headline":"Debata przedwyborcza w Technoparku. \u201e2050 Polska dla Pokole\u0144. Jak\u0105 przysz\u0142o\u015b\u0107 wybierzesz?&#8221;","datePublished":"2019-09-23T13:56:22+00:00","dateModified":"2019-09-23T13:57:30+00:00","mainEntityOfPage":{"@id":"https:\/\/www.24gliwice.pl\/wiadomosci\/debata-przedwyborcza-2050-polska-dla-pokolen-jaka-przyszlosc-wybierzesz-w-technoparku\/"},"wordCount":201,"commentCount":0,"publisher":{"@id":"https:\/\/www.24gliwice.pl\/wiadomosci\/#organization"},"image":{"@id":"https:\/\/www.24gliwice.pl\/wiadomosci\/debata-przedwyborcza-2050-polska-dla-pokolen-jaka-przyszlosc-wybierzesz-w-technoparku\/#primaryimage"},"thumbnailUrl":"https:\/\/www.24gliwice.pl\/wiadomosci\/wp-content\/uploads\/2019\/09\/debata-technopark.jpg","keywords":["debata","debata przedwyborcza","ekologia","kandydaci do sejmu","OCHRONA \u015aRODOWISKA","POLITYKA","\u015brodowisko","WYBORY PARLAMENTARNE"],"articleSection":["Gliwice","Najnowsze wiadomo\u015bci","Samorz\u0105d, polityka"],"inLanguage":"pl-PL","potentialAction":[{"@type":"CommentAction","name":"Comment","target":["https:\/\/www.24gliwice.pl\/wiadomosci\/debata-przedwyborcza-2050-polska-dla-pokolen-jaka-przyszlosc-wybierzesz-w-technoparku\/#respond"]}]},{"@type":"WebPage","@id":"https:\/\/www.24gliwice.pl\/wiadomosci\/debata-przedwyborcza-2050-polska-dla-pokolen-jaka-przyszlosc-wybierzesz-w-technoparku\/","url":"https:\/\/www.24gliwice.pl\/wiadomosci\/debata-przedwyborcza-2050-polska-dla-pokolen-jaka-przyszlosc-wybierzesz-w-technoparku\/","name":"Debata przedwyborcza w Technoparku. \u201e2050 Polska dla Pokole\u0144. Jak\u0105 przysz\u0142o\u015b\u0107 wybierzesz?\" - 24GLIWICE - Portal Gliwice | codziennie nowe informacje","isPartOf":{"@id":"https:\/\/www.24gliwice.pl\/wiadomosci\/#website"},"primaryImageOfPage":{"@id":"https:\/\/www.24gliwice.pl\/wiadomosci\/debata-przedwyborcza-2050-polska-dla-pokolen-jaka-przyszlosc-wybierzesz-w-technoparku\/#primaryimage"},"image":{"@id":"https:\/\/www.24gliwice.pl\/wiadomosci\/debata-przedwyborcza-2050-polska-dla-pokolen-jaka-przyszlosc-wybierzesz-w-technoparku\/#primaryimage"},"thumbnailUrl":"https:\/\/www.24gliwice.pl\/wiadomosci\/wp-content\/uploads\/2019\/09\/debata-technopark.jpg","datePublished":"2019-09-23T13:56:22+00:00","dateModified":"2019-09-23T13:57:30+00:00","breadcrumb":{"@id":"https:\/\/www.24gliwice.pl\/wiadomosci\/debata-przedwyborcza-2050-polska-dla-pokolen-jaka-przyszlosc-wybierzesz-w-technoparku\/#breadcrumb"},"inLanguage":"pl-PL","potentialAction":[{"@type":"ReadAction","target":["https:\/\/www.24gliwice.pl\/wiadomosci\/debata-przedwyborcza-2050-polska-dla-pokolen-jaka-przyszlosc-wybierzesz-w-technoparku\/"]}]},{"@type":"ImageObject","inLanguage":"pl-PL","@id":"https:\/\/www.24gliwice.pl\/wiadomosci\/debata-przedwyborcza-2050-polska-dla-pokolen-jaka-przyszlosc-wybierzesz-w-technoparku\/#primaryimage","url":"https:\/\/www.24gliwice.pl\/wiadomosci\/wp-content\/uploads\/2019\/09\/debata-technopark.jpg","contentUrl":"https:\/\/www.24gliwice.pl\/wiadomosci\/wp-content\/uploads\/2019\/09\/debata-technopark.jpg","width":960,"height":539,"caption":"fot. px"},{"@type":"BreadcrumbList","@id":"https:\/\/www.24gliwice.pl\/wiadomosci\/debata-przedwyborcza-2050-polska-dla-pokolen-jaka-przyszlosc-wybierzesz-w-technoparku\/#breadcrumb","itemListElement":[{"@type":"ListItem","position":1,"name":"Strona g\u0142\u00f3wna","item":"https:\/\/www.24gliwice.pl\/wiadomosci\/"},{"@type":"ListItem","position":2,"name":"Debata przedwyborcza w Technoparku. \u201e2050 Polska dla Pokole\u0144. Jak\u0105 przysz\u0142o\u015b\u0107 wybierzesz?&#8221;"}]},{"@type":"WebSite","@id":"https:\/\/www.24gliwice.pl\/wiadomosci\/#website","url":"https:\/\/www.24gliwice.pl\/wiadomosci\/","name":"24GLIWICE - Portal Gliwice | codziennie nowe wiadomo\u015bci","description":"Portal Miejski Gliwice","publisher":{"@id":"https:\/\/www.24gliwice.pl\/wiadomosci\/#organization"},"potentialAction":[{"@type":"SearchAction","target":{"@type":"EntryPoint","urlTemplate":"https:\/\/www.24gliwice.pl\/wiadomosci\/?s={search_term_string}"},"query-input":{"@type":"PropertyValueSpecification","valueRequired":true,"valueName":"search_term_string"}}],"inLanguage":"pl-PL"},{"@type":"Organization","@id":"https:\/\/www.24gliwice.pl\/wiadomosci\/#organization","name":"24gliwice","url":"https:\/\/www.24gliwice.pl\/wiadomosci\/","logo":{"@type":"ImageObject","inLanguage":"pl-PL","@id":"https:\/\/www.24gliwice.pl\/wiadomosci\/#\/schema\/logo\/image\/","url":"https:\/\/www.24gliwice.pl\/wiadomosci\/wp-content\/uploads\/2024\/10\/24gliwice-logo-696.jpg","contentUrl":"https:\/\/www.24gliwice.pl\/wiadomosci\/wp-content\/uploads\/2024\/10\/24gliwice-logo-696.jpg","width":696,"height":696,"caption":"24gliwice"},"image":{"@id":"https:\/\/www.24gliwice.pl\/wiadomosci\/#\/schema\/logo\/image\/"},"sameAs":["https:\/\/www.facebook.com\/24gliwice","https:\/\/x.com\/24gliwice","https:\/\/www.youtube.com\/@24gliwice"]},{"@type":"Person","@id":"https:\/\/www.24gliwice.pl\/wiadomosci\/#\/schema\/person\/e42c650edd7f2fa332be3811fb166b6e","name":"\u017baneta Mrozek-Siewierska","image":{"@type":"ImageObject","inLanguage":"pl-PL","@id":"https:\/\/secure.gravatar.com\/avatar\/1881429e9c64597c77ad7aef2d0a19be69a3253e57534d16aa15bf3a4d34a0a3?s=96&d=mm&r=g","url":"https:\/\/secure.gravatar.com\/avatar\/1881429e9c64597c77ad7aef2d0a19be69a3253e57534d16aa15bf3a4d34a0a3?s=96&d=mm&r=g","contentUrl":"https:\/\/secure.gravatar.com\/avatar\/1881429e9c64597c77ad7aef2d0a19be69a3253e57534d16aa15bf3a4d34a0a3?s=96&d=mm&r=g","caption":"\u017baneta Mrozek-Siewierska"},"url":"https:\/\/www.24gliwice.pl\/wiadomosci\/author\/zms\/"}]}},"_links":{"self":[{"href":"https:\/\/www.24gliwice.pl\/wiadomosci\/wp-json\/wp\/v2\/posts\/140902","targetHints":{"allow":["GET"]}}],"collection":[{"href":"https:\/\/www.24gliwice.pl\/wiadomosci\/wp-json\/wp\/v2\/posts"}],"about":[{"href":"https:\/\/www.24gliwice.pl\/wiadomosci\/wp-json\/wp\/v2\/types\/post"}],"author":[{"embeddable":true,"href":"https:\/\/www.24gliwice.pl\/wiadomosci\/wp-json\/wp\/v2\/users\/15"}],"replies":[{"embeddable":true,"href":"https:\/\/www.24gliwice.pl\/wiadomosci\/wp-json\/wp\/v2\/comments?post=140902"}],"version-history":[{"count":0,"href":"https:\/\/www.24gliwice.pl\/wiadomosci\/wp-json\/wp\/v2\/posts\/140902\/revisions"}],"wp:featuredmedia":[{"embeddable":true,"href":"https:\/\/www.24gliwice.pl\/wiadomosci\/wp-json\/wp\/v2\/media\/140918"}],"wp:attachment":[{"href":"https:\/\/www.24gliwice.pl\/wiadomosci\/wp-json\/wp\/v2\/media?parent=140902"}],"wp:term":[{"taxonomy":"category","embeddable":true,"href":"https:\/\/www.24gliwice.pl\/wiadomosci\/wp-json\/wp\/v2\/categories?post=140902"},{"taxonomy":"post_tag","embeddable":true,"href":"https:\/\/www.24gliwice.pl\/wiadomosci\/wp-json\/wp\/v2\/tags?post=140902"}],"curies":[{"name":"wp","href":"https:\/\/api.w.org\/{rel}","templated":true}]}}