{"id":140928,"date":"2019-09-24T00:27:55","date_gmt":"2019-09-23T22:27:55","guid":{"rendered":"https:\/\/www.24gliwice.pl\/wiadomosci\/?p=140928"},"modified":"2019-09-24T00:27:55","modified_gmt":"2019-09-23T22:27:55","slug":"kolejny-przetarg-na-zbiorniki-retencyjne-przy-ul-slowackiego-pojawily-sie-2-oferty","status":"publish","type":"post","link":"https:\/\/www.24gliwice.pl\/wiadomosci\/kolejny-przetarg-na-zbiorniki-retencyjne-przy-ul-slowackiego-pojawily-sie-2-oferty\/","title":{"rendered":"Kolejny przetarg na zbiorniki retencyjne przy ul. S\u0142owackiego. Pojawi\u0142y si\u0119 2 oferty"},"content":{"rendered":"<div class=\"gliwi-a6-nad-leadem-artykulow gliwi-entity-placement\" id=\"gliwi-268466534\"><div class=\"gliwi-adlabel\"><span style=\"font-size: 9px\">REKLAMA<\/span><\/div><div id=\"gliwi-1610985975\" style=\"margin-bottom: 25px;margin-left: auto;margin-right: auto;text-align: center;\"><a data-no-instant=\"1\" href=\"https:\/\/dom100.eu\/\" rel=\"noopener\" class=\"a2t-link\" target=\"_blank\" aria-label=\"20260415 DOM100 D\"><img loading=\"lazy\" decoding=\"async\" src=\"https:\/\/www.24gliwice.pl\/wiadomosci\/wp-content\/uploads\/2026\/04\/20260415-DOM100-D.jpg\" alt=\"\"  srcset=\"https:\/\/www.24gliwice.pl\/wiadomosci\/wp-content\/uploads\/2026\/04\/20260415-DOM100-D.jpg 750w, https:\/\/www.24gliwice.pl\/wiadomosci\/wp-content\/uploads\/2026\/04\/20260415-DOM100-D-410x109.jpg 410w\" sizes=\"(max-width: 750px) 100vw, 750px\" class=\"no-lazyload\" width=\"750\" height=\"200\"  style=\"display: inline-block; max-width: 100%; height: auto;\" \/><\/a><\/div><\/div><h3>Powoli dobiega ko\u0144ca kolejny przetarg na wykonanie dokumentacji projektowej zbiornik\u00f3w retencyjnych na potoku Ostropka przy ul. S\u0142owackiego.<\/h3>\n<p> G\u0142o\u015bna przed laty inwestycja powraca, cho\u0107 urz\u0119dnicy licz\u0105, \u017ce tym razem temat nie wywo\u0142a tak du\u017cych kontrowersji.<\/p>\n<p>Zaprezentowane w 2016 roku wizualizacje by\u0142y krytykowane przez mieszka\u0144c\u00f3w. Projekt zak\u0142ada\u0142 siln\u0105 ingerencj\u0119 w obecny teren. Na ca\u0142ym odcinku wzd\u0142u\u017c ul. S\u0142owackiego powsta\u0107 mia\u0142y trzy, g\u0142\u0119bokie trawiaste niecki, kt\u00f3re w razie potrzeby by\u0142yby zalewane. Magistrat argumentowa\u0142, \u017ce inwestycja jest niezb\u0119dna dla zapewnienia bezpiecze\u0144stwa przeciwpowodziowego w mie\u015bcie. Mieszka\u0144cy kwestionowali g\u0142\u0119boko\u015b\u0107 zbiornik\u00f3w, zabudow\u0119 \u0142\u0105k betonow\u0105 infrastruktur\u0105 i sensowno\u015b\u0107 ca\u0142ego przedsi\u0119wzi\u0119cia. Ostatecznie miasto zrezygnowa\u0142o z przygotowanego projektu.<\/p><div class=\"gliwi-a3-w-tresci-artykulow gliwi-entity-placement\" id=\"gliwi-3345864329\"><div class=\"gliwi-adlabel\"><span style=\"font-size: 9px\">REKLAMA<\/span><\/div><div id=\"gliwi-533939488\" style=\"margin-bottom: 30px;margin-left: auto;margin-right: auto;text-align: center;\"><a data-no-instant=\"1\" href=\"https:\/\/ogrodyandersa.pl\/\" rel=\"noopener\" class=\"a2t-link\" target=\"_blank\" aria-label=\"20260415 Ogrody Andersa KUP TERAZ D\"><img loading=\"lazy\" decoding=\"async\" src=\"https:\/\/www.24gliwice.pl\/wiadomosci\/wp-content\/uploads\/2026\/04\/20260415-Ogrody-Andersa-KUP-TERAZ-D.jpg\" alt=\"\"  srcset=\"https:\/\/www.24gliwice.pl\/wiadomosci\/wp-content\/uploads\/2026\/04\/20260415-Ogrody-Andersa-KUP-TERAZ-D.jpg 750w, https:\/\/www.24gliwice.pl\/wiadomosci\/wp-content\/uploads\/2026\/04\/20260415-Ogrody-Andersa-KUP-TERAZ-D-410x109.jpg 410w\" sizes=\"(max-width: 750px) 100vw, 750px\" class=\"no-lazyload\" width=\"750\" height=\"200\"  style=\"display: inline-block; max-width: 100%; height: auto;\" \/><\/a><\/div><\/div>\n<p>\u2013 Po przeprowadzeniu bada\u0144 hydrologicznych, a tak\u017ce sugestiach mieszka\u0144c\u00f3w, zdecydowali\u015bmy si\u0119 na przygotowanie nowego projektu. Chcemy ograniczy\u0107 elementy betonowe, tak aby zbiorniki by\u0142y jak najbardziej naturalne, a ca\u0142o\u015b\u0107 by\u0142a akceptowalna dla wszystkich \u2013 komentowa\u0142a w ubieg\u0142ym roku <strong>El\u017cbieta Chrz\u0105szcz<\/strong> z Wydzia\u0142u Przedsi\u0119wzi\u0119\u0107 Gospodarczych i Us\u0142ug Komunalnych Urz\u0119du Miejskiego w Gliwicach.<\/p>\n<p>Teraz trwaj\u0105 poszukiwania nowego projektanta, kt\u00f3ry wykona kompleksowe prace od m.in. opracowania wielowariantowej koncepcji budowy zbiornika, przez wskazanie koncepcji zagospodarowania terenu, po opracowanie raportu oddzia\u0142ywania przedsi\u0119wzi\u0119cia na \u015brodowisko i wykonanie dokumentacji projektowo &#8211; kosztowej.<\/p>\n<p>Na ca\u0142e zadanie przewidziano <strong>643 510 tysi\u0119cy z\u0142otych<\/strong>. Pierwsze post\u0119powanie og\u0142oszone pod koniec maja zosta\u0142o uniewa\u017cnione. Teraz trwa wyb\u00f3r wykonawcy w drugim przetargu. Zg\u0142osi\u0142o si\u0119 dw\u00f3ch oferent\u00f3w z Poznania: <strong>Elektrownie Wodne Zeneris<\/strong> oraz <strong>Biuro Projekt\u00f3w Wodnych Melioracji i In\u017cynierii \u015arodowiska &#8220;Biprowodmel&#8221;<\/strong>. Obie oferty wyceniono w granicach oczekiwanej przez magistrat kwoty (odpowiednio 361 tys. z\u0142otych i 525 tys. z\u0142otych).<\/p>\n<p>&#8211; Trwa procedura sprawdzania poprawno\u015bci z\u0142o\u017conych ofert. Na dzie\u0144 dzisiejszy nie mamy informacji jak i kiedy przetarg zostanie rozstrzygni\u0119ty &#8211; m\u00f3wi <strong>Mariola Pendzia\u0142ek<\/strong>, Naczelnik Wydzia\u0142u Przedsi\u0119wzi\u0119\u0107 Gospodarczych i Us\u0142ug Komunalnych.<\/p>\n<p>Ewentualny wykonawca na realizacj\u0119 zadania b\u0119dzie mia\u0142 18 miesi\u0119cy od czasu podpisania umowy. Budowa &#8220;polder\u00f3w&#8221; na ul. S\u0142owackiego mo\u017ce wi\u0119c najszybciej rozpocz\u0105\u0107 si\u0119 w 2021 roku.<br \/>\n(msz)<\/p>\n<div class=\"gliwi-a5-na-koncu-artykulow gliwi-entity-placement\" id=\"gliwi-3360129231\"><div class=\"gliwi-adlabel\"><span style=\"font-size: 9px\">REKLAMA<\/span><\/div><div id=\"gliwi-1839612227\" style=\"margin-left: auto;margin-right: auto;text-align: center;\"><a data-no-instant=\"1\" href=\"https:\/\/prezeroarenagliwice.pl\/\" rel=\"noopener\" class=\"a2t-link\" target=\"_blank\" aria-label=\"20260309-PREZERO-WIOSNA-D\"><img loading=\"lazy\" decoding=\"async\" src=\"https:\/\/www.24gliwice.pl\/wiadomosci\/wp-content\/uploads\/2026\/03\/20260309-PREZERO-WIOSNA-D.webp\" alt=\"\"  srcset=\"https:\/\/www.24gliwice.pl\/wiadomosci\/wp-content\/uploads\/2026\/03\/20260309-PREZERO-WIOSNA-D.webp 750w, https:\/\/www.24gliwice.pl\/wiadomosci\/wp-content\/uploads\/2026\/03\/20260309-PREZERO-WIOSNA-D-410x109.webp 410w\" sizes=\"(max-width: 750px) 100vw, 750px\" class=\"no-lazyload\" width=\"750\" height=\"200\"  style=\"display: inline-block; max-width: 100%; height: auto;\" \/><\/a><\/div><\/div>","protected":false},"excerpt":{"rendered":"<p>Powoli dobiega ko\u0144ca kolejny przetarg na wykonanie dokumentacji projektowej zbiornik\u00f3w retencyjnych na potoku Ostropka przy ul. S\u0142owackiego. G\u0142o\u015bna przed laty inwestycja powraca, cho\u0107 urz\u0119dnicy licz\u0105, \u017ce tym razem temat nie wywo\u0142a tak du\u017cych kontrowersji. Zaprezentowane w 2016 roku wizualizacje by\u0142y krytykowane przez mieszka\u0144c\u00f3w. Projekt zak\u0142ada\u0142 siln\u0105 ingerencj\u0119 w obecny teren. Na ca\u0142ym odcinku wzd\u0142u\u017c ul. [&hellip;]<\/p>\n","protected":false},"author":12,"featured_media":140929,"comment_status":"open","ping_status":"closed","sticky":false,"template":"","format":"standard","meta":{"_monsterinsights_skip_tracking":false,"_monsterinsights_sitenote_active":false,"_monsterinsights_sitenote_note":"","_monsterinsights_sitenote_category":0,"footnotes":"","_links_to":"","_links_to_target":""},"categories":[3,1,9],"tags":[],"class_list":["post-140928","post","type-post","status-publish","format-standard","has-post-thumbnail","hentry","category-gliwice","category-wszystko","category-aktualnosci_lokalne"],"yoast_head":"<!-- This site is optimized with the Yoast SEO plugin v27.5 - https:\/\/yoast.com\/product\/yoast-seo-wordpress\/ -->\n<title>Kolejny przetarg na zbiorniki retencyjne przy ul. S\u0142owackiego. Pojawi\u0142y si\u0119 2 oferty - 24GLIWICE - Portal Gliwice | codziennie nowe informacje<\/title>\n<meta name=\"robots\" content=\"index, follow, max-snippet:-1, max-image-preview:large, max-video-preview:-1\" \/>\n<link rel=\"canonical\" href=\"https:\/\/www.24gliwice.pl\/wiadomosci\/kolejny-przetarg-na-zbiorniki-retencyjne-przy-ul-slowackiego-pojawily-sie-2-oferty\/\" \/>\n<meta property=\"og:locale\" content=\"pl_PL\" \/>\n<meta property=\"og:type\" content=\"article\" \/>\n<meta property=\"og:title\" content=\"Kolejny przetarg na zbiorniki retencyjne przy ul. S\u0142owackiego. Pojawi\u0142y si\u0119 2 oferty - 24GLIWICE - Portal Gliwice | codziennie nowe informacje\" \/>\n<meta property=\"og:description\" content=\"Powoli dobiega ko\u0144ca kolejny przetarg na wykonanie dokumentacji projektowej zbiornik\u00f3w retencyjnych na potoku Ostropka przy ul. S\u0142owackiego. G\u0142o\u015bna przed laty inwestycja powraca, cho\u0107 urz\u0119dnicy licz\u0105, \u017ce tym razem temat nie wywo\u0142a tak du\u017cych kontrowersji. Zaprezentowane w 2016 roku wizualizacje by\u0142y krytykowane przez mieszka\u0144c\u00f3w. Projekt zak\u0142ada\u0142 siln\u0105 ingerencj\u0119 w obecny teren. Na ca\u0142ym odcinku wzd\u0142u\u017c ul. [&hellip;]\" \/>\n<meta property=\"og:url\" content=\"https:\/\/www.24gliwice.pl\/wiadomosci\/kolejny-przetarg-na-zbiorniki-retencyjne-przy-ul-slowackiego-pojawily-sie-2-oferty\/\" \/>\n<meta property=\"og:site_name\" content=\"24GLIWICE - Portal Gliwice | codziennie nowe informacje\" \/>\n<meta property=\"article:publisher\" content=\"https:\/\/www.facebook.com\/24gliwice\" \/>\n<meta property=\"article:published_time\" content=\"2019-09-23T22:27:55+00:00\" \/>\n<meta property=\"og:image\" content=\"https:\/\/www.24gliwice.pl\/wiadomosci\/wp-content\/uploads\/2019\/09\/IMG_8785.jpg\" \/>\n\t<meta property=\"og:image:width\" content=\"1200\" \/>\n\t<meta property=\"og:image:height\" content=\"675\" \/>\n\t<meta property=\"og:image:type\" content=\"image\/jpeg\" \/>\n<meta name=\"author\" content=\"Micha\u0142 Szewczyk\" \/>\n<meta name=\"twitter:card\" content=\"summary_large_image\" \/>\n<meta name=\"twitter:creator\" content=\"@24gliwice\" \/>\n<meta name=\"twitter:site\" content=\"@24gliwice\" \/>\n<meta name=\"twitter:label1\" content=\"Napisane przez\" \/>\n\t<meta name=\"twitter:data1\" content=\"Micha\u0142 Szewczyk\" \/>\n\t<meta name=\"twitter:label2\" content=\"Szacowany czas czytania\" \/>\n\t<meta name=\"twitter:data2\" content=\"2 minuty\" \/>\n<script type=\"application\/ld+json\" class=\"yoast-schema-graph\">{\"@context\":\"https:\\\/\\\/schema.org\",\"@graph\":[{\"@type\":\"Article\",\"@id\":\"https:\\\/\\\/www.24gliwice.pl\\\/wiadomosci\\\/kolejny-przetarg-na-zbiorniki-retencyjne-przy-ul-slowackiego-pojawily-sie-2-oferty\\\/#article\",\"isPartOf\":{\"@id\":\"https:\\\/\\\/www.24gliwice.pl\\\/wiadomosci\\\/kolejny-przetarg-na-zbiorniki-retencyjne-przy-ul-slowackiego-pojawily-sie-2-oferty\\\/\"},\"author\":{\"name\":\"Micha\u0142 Szewczyk\",\"@id\":\"https:\\\/\\\/www.24gliwice.pl\\\/wiadomosci\\\/#\\\/schema\\\/person\\\/940e8f8a097e322de4f463f061ef8d45\"},\"headline\":\"Kolejny przetarg na zbiorniki retencyjne przy ul. S\u0142owackiego. Pojawi\u0142y si\u0119 2 oferty\",\"datePublished\":\"2019-09-23T22:27:55+00:00\",\"mainEntityOfPage\":{\"@id\":\"https:\\\/\\\/www.24gliwice.pl\\\/wiadomosci\\\/kolejny-przetarg-na-zbiorniki-retencyjne-przy-ul-slowackiego-pojawily-sie-2-oferty\\\/\"},\"wordCount\":381,\"commentCount\":0,\"publisher\":{\"@id\":\"https:\\\/\\\/www.24gliwice.pl\\\/wiadomosci\\\/#organization\"},\"image\":{\"@id\":\"https:\\\/\\\/www.24gliwice.pl\\\/wiadomosci\\\/kolejny-przetarg-na-zbiorniki-retencyjne-przy-ul-slowackiego-pojawily-sie-2-oferty\\\/#primaryimage\"},\"thumbnailUrl\":\"https:\\\/\\\/www.24gliwice.pl\\\/wiadomosci\\\/wp-content\\\/uploads\\\/2019\\\/09\\\/IMG_8785.jpg\",\"articleSection\":[\"Gliwice\",\"Najnowsze wiadomo\u015bci\",\"Portal Gliwice - Wiadomo\u015bci lokalne\"],\"inLanguage\":\"pl-PL\",\"potentialAction\":[{\"@type\":\"CommentAction\",\"name\":\"Comment\",\"target\":[\"https:\\\/\\\/www.24gliwice.pl\\\/wiadomosci\\\/kolejny-przetarg-na-zbiorniki-retencyjne-przy-ul-slowackiego-pojawily-sie-2-oferty\\\/#respond\"]}]},{\"@type\":\"WebPage\",\"@id\":\"https:\\\/\\\/www.24gliwice.pl\\\/wiadomosci\\\/kolejny-przetarg-na-zbiorniki-retencyjne-przy-ul-slowackiego-pojawily-sie-2-oferty\\\/\",\"url\":\"https:\\\/\\\/www.24gliwice.pl\\\/wiadomosci\\\/kolejny-przetarg-na-zbiorniki-retencyjne-przy-ul-slowackiego-pojawily-sie-2-oferty\\\/\",\"name\":\"Kolejny przetarg na zbiorniki retencyjne przy ul. S\u0142owackiego. Pojawi\u0142y si\u0119 2 oferty - 24GLIWICE - Portal Gliwice | codziennie nowe informacje\",\"isPartOf\":{\"@id\":\"https:\\\/\\\/www.24gliwice.pl\\\/wiadomosci\\\/#website\"},\"primaryImageOfPage\":{\"@id\":\"https:\\\/\\\/www.24gliwice.pl\\\/wiadomosci\\\/kolejny-przetarg-na-zbiorniki-retencyjne-przy-ul-slowackiego-pojawily-sie-2-oferty\\\/#primaryimage\"},\"image\":{\"@id\":\"https:\\\/\\\/www.24gliwice.pl\\\/wiadomosci\\\/kolejny-przetarg-na-zbiorniki-retencyjne-przy-ul-slowackiego-pojawily-sie-2-oferty\\\/#primaryimage\"},\"thumbnailUrl\":\"https:\\\/\\\/www.24gliwice.pl\\\/wiadomosci\\\/wp-content\\\/uploads\\\/2019\\\/09\\\/IMG_8785.jpg\",\"datePublished\":\"2019-09-23T22:27:55+00:00\",\"breadcrumb\":{\"@id\":\"https:\\\/\\\/www.24gliwice.pl\\\/wiadomosci\\\/kolejny-przetarg-na-zbiorniki-retencyjne-przy-ul-slowackiego-pojawily-sie-2-oferty\\\/#breadcrumb\"},\"inLanguage\":\"pl-PL\",\"potentialAction\":[{\"@type\":\"ReadAction\",\"target\":[\"https:\\\/\\\/www.24gliwice.pl\\\/wiadomosci\\\/kolejny-przetarg-na-zbiorniki-retencyjne-przy-ul-slowackiego-pojawily-sie-2-oferty\\\/\"]}]},{\"@type\":\"ImageObject\",\"inLanguage\":\"pl-PL\",\"@id\":\"https:\\\/\\\/www.24gliwice.pl\\\/wiadomosci\\\/kolejny-przetarg-na-zbiorniki-retencyjne-przy-ul-slowackiego-pojawily-sie-2-oferty\\\/#primaryimage\",\"url\":\"https:\\\/\\\/www.24gliwice.pl\\\/wiadomosci\\\/wp-content\\\/uploads\\\/2019\\\/09\\\/IMG_8785.jpg\",\"contentUrl\":\"https:\\\/\\\/www.24gliwice.pl\\\/wiadomosci\\\/wp-content\\\/uploads\\\/2019\\\/09\\\/IMG_8785.jpg\",\"width\":1200,\"height\":675,\"caption\":\"poldery s\u0142owackiego\"},{\"@type\":\"BreadcrumbList\",\"@id\":\"https:\\\/\\\/www.24gliwice.pl\\\/wiadomosci\\\/kolejny-przetarg-na-zbiorniki-retencyjne-przy-ul-slowackiego-pojawily-sie-2-oferty\\\/#breadcrumb\",\"itemListElement\":[{\"@type\":\"ListItem\",\"position\":1,\"name\":\"Strona g\u0142\u00f3wna\",\"item\":\"https:\\\/\\\/www.24gliwice.pl\\\/wiadomosci\\\/\"},{\"@type\":\"ListItem\",\"position\":2,\"name\":\"Kolejny przetarg na zbiorniki retencyjne przy ul. S\u0142owackiego. Pojawi\u0142y si\u0119 2 oferty\"}]},{\"@type\":\"WebSite\",\"@id\":\"https:\\\/\\\/www.24gliwice.pl\\\/wiadomosci\\\/#website\",\"url\":\"https:\\\/\\\/www.24gliwice.pl\\\/wiadomosci\\\/\",\"name\":\"24GLIWICE - Portal Gliwice | codziennie nowe wiadomo\u015bci\",\"description\":\"Portal Miejski Gliwice\",\"publisher\":{\"@id\":\"https:\\\/\\\/www.24gliwice.pl\\\/wiadomosci\\\/#organization\"},\"potentialAction\":[{\"@type\":\"SearchAction\",\"target\":{\"@type\":\"EntryPoint\",\"urlTemplate\":\"https:\\\/\\\/www.24gliwice.pl\\\/wiadomosci\\\/?s={search_term_string}\"},\"query-input\":{\"@type\":\"PropertyValueSpecification\",\"valueRequired\":true,\"valueName\":\"search_term_string\"}}],\"inLanguage\":\"pl-PL\"},{\"@type\":\"Organization\",\"@id\":\"https:\\\/\\\/www.24gliwice.pl\\\/wiadomosci\\\/#organization\",\"name\":\"24gliwice\",\"url\":\"https:\\\/\\\/www.24gliwice.pl\\\/wiadomosci\\\/\",\"logo\":{\"@type\":\"ImageObject\",\"inLanguage\":\"pl-PL\",\"@id\":\"https:\\\/\\\/www.24gliwice.pl\\\/wiadomosci\\\/#\\\/schema\\\/logo\\\/image\\\/\",\"url\":\"https:\\\/\\\/www.24gliwice.pl\\\/wiadomosci\\\/wp-content\\\/uploads\\\/2024\\\/10\\\/24gliwice-logo-696.jpg\",\"contentUrl\":\"https:\\\/\\\/www.24gliwice.pl\\\/wiadomosci\\\/wp-content\\\/uploads\\\/2024\\\/10\\\/24gliwice-logo-696.jpg\",\"width\":696,\"height\":696,\"caption\":\"24gliwice\"},\"image\":{\"@id\":\"https:\\\/\\\/www.24gliwice.pl\\\/wiadomosci\\\/#\\\/schema\\\/logo\\\/image\\\/\"},\"sameAs\":[\"https:\\\/\\\/www.facebook.com\\\/24gliwice\",\"https:\\\/\\\/x.com\\\/24gliwice\",\"https:\\\/\\\/www.youtube.com\\\/@24gliwice\"]},{\"@type\":\"Person\",\"@id\":\"https:\\\/\\\/www.24gliwice.pl\\\/wiadomosci\\\/#\\\/schema\\\/person\\\/940e8f8a097e322de4f463f061ef8d45\",\"name\":\"Micha\u0142 Szewczyk\",\"image\":{\"@type\":\"ImageObject\",\"inLanguage\":\"pl-PL\",\"@id\":\"https:\\\/\\\/secure.gravatar.com\\\/avatar\\\/771b8b6c74cd8d255e46392d605e01a86133900ef09b6ef3c8d451c9d92288cf?s=96&d=mm&r=g\",\"url\":\"https:\\\/\\\/secure.gravatar.com\\\/avatar\\\/771b8b6c74cd8d255e46392d605e01a86133900ef09b6ef3c8d451c9d92288cf?s=96&d=mm&r=g\",\"contentUrl\":\"https:\\\/\\\/secure.gravatar.com\\\/avatar\\\/771b8b6c74cd8d255e46392d605e01a86133900ef09b6ef3c8d451c9d92288cf?s=96&d=mm&r=g\",\"caption\":\"Micha\u0142 Szewczyk\"},\"sameAs\":[\"http:\\\/\\\/www.gazeta-miejska.pl\"],\"url\":\"https:\\\/\\\/www.24gliwice.pl\\\/wiadomosci\\\/author\\\/michal-szewczyk\\\/\"}]}<\/script>\n<!-- \/ Yoast SEO plugin. -->","yoast_head_json":{"title":"Kolejny przetarg na zbiorniki retencyjne przy ul. S\u0142owackiego. Pojawi\u0142y si\u0119 2 oferty - 24GLIWICE - Portal Gliwice | codziennie nowe informacje","robots":{"index":"index","follow":"follow","max-snippet":"max-snippet:-1","max-image-preview":"max-image-preview:large","max-video-preview":"max-video-preview:-1"},"canonical":"https:\/\/www.24gliwice.pl\/wiadomosci\/kolejny-przetarg-na-zbiorniki-retencyjne-przy-ul-slowackiego-pojawily-sie-2-oferty\/","og_locale":"pl_PL","og_type":"article","og_title":"Kolejny przetarg na zbiorniki retencyjne przy ul. S\u0142owackiego. Pojawi\u0142y si\u0119 2 oferty - 24GLIWICE - Portal Gliwice | codziennie nowe informacje","og_description":"Powoli dobiega ko\u0144ca kolejny przetarg na wykonanie dokumentacji projektowej zbiornik\u00f3w retencyjnych na potoku Ostropka przy ul. S\u0142owackiego. G\u0142o\u015bna przed laty inwestycja powraca, cho\u0107 urz\u0119dnicy licz\u0105, \u017ce tym razem temat nie wywo\u0142a tak du\u017cych kontrowersji. Zaprezentowane w 2016 roku wizualizacje by\u0142y krytykowane przez mieszka\u0144c\u00f3w. Projekt zak\u0142ada\u0142 siln\u0105 ingerencj\u0119 w obecny teren. Na ca\u0142ym odcinku wzd\u0142u\u017c ul. [&hellip;]","og_url":"https:\/\/www.24gliwice.pl\/wiadomosci\/kolejny-przetarg-na-zbiorniki-retencyjne-przy-ul-slowackiego-pojawily-sie-2-oferty\/","og_site_name":"24GLIWICE - Portal Gliwice | codziennie nowe informacje","article_publisher":"https:\/\/www.facebook.com\/24gliwice","article_published_time":"2019-09-23T22:27:55+00:00","og_image":[{"width":1200,"height":675,"url":"https:\/\/www.24gliwice.pl\/wiadomosci\/wp-content\/uploads\/2019\/09\/IMG_8785.jpg","type":"image\/jpeg"}],"author":"Micha\u0142 Szewczyk","twitter_card":"summary_large_image","twitter_creator":"@24gliwice","twitter_site":"@24gliwice","twitter_misc":{"Napisane przez":"Micha\u0142 Szewczyk","Szacowany czas czytania":"2 minuty"},"schema":{"@context":"https:\/\/schema.org","@graph":[{"@type":"Article","@id":"https:\/\/www.24gliwice.pl\/wiadomosci\/kolejny-przetarg-na-zbiorniki-retencyjne-przy-ul-slowackiego-pojawily-sie-2-oferty\/#article","isPartOf":{"@id":"https:\/\/www.24gliwice.pl\/wiadomosci\/kolejny-przetarg-na-zbiorniki-retencyjne-przy-ul-slowackiego-pojawily-sie-2-oferty\/"},"author":{"name":"Micha\u0142 Szewczyk","@id":"https:\/\/www.24gliwice.pl\/wiadomosci\/#\/schema\/person\/940e8f8a097e322de4f463f061ef8d45"},"headline":"Kolejny przetarg na zbiorniki retencyjne przy ul. S\u0142owackiego. Pojawi\u0142y si\u0119 2 oferty","datePublished":"2019-09-23T22:27:55+00:00","mainEntityOfPage":{"@id":"https:\/\/www.24gliwice.pl\/wiadomosci\/kolejny-przetarg-na-zbiorniki-retencyjne-przy-ul-slowackiego-pojawily-sie-2-oferty\/"},"wordCount":381,"commentCount":0,"publisher":{"@id":"https:\/\/www.24gliwice.pl\/wiadomosci\/#organization"},"image":{"@id":"https:\/\/www.24gliwice.pl\/wiadomosci\/kolejny-przetarg-na-zbiorniki-retencyjne-przy-ul-slowackiego-pojawily-sie-2-oferty\/#primaryimage"},"thumbnailUrl":"https:\/\/www.24gliwice.pl\/wiadomosci\/wp-content\/uploads\/2019\/09\/IMG_8785.jpg","articleSection":["Gliwice","Najnowsze wiadomo\u015bci","Portal Gliwice - Wiadomo\u015bci lokalne"],"inLanguage":"pl-PL","potentialAction":[{"@type":"CommentAction","name":"Comment","target":["https:\/\/www.24gliwice.pl\/wiadomosci\/kolejny-przetarg-na-zbiorniki-retencyjne-przy-ul-slowackiego-pojawily-sie-2-oferty\/#respond"]}]},{"@type":"WebPage","@id":"https:\/\/www.24gliwice.pl\/wiadomosci\/kolejny-przetarg-na-zbiorniki-retencyjne-przy-ul-slowackiego-pojawily-sie-2-oferty\/","url":"https:\/\/www.24gliwice.pl\/wiadomosci\/kolejny-przetarg-na-zbiorniki-retencyjne-przy-ul-slowackiego-pojawily-sie-2-oferty\/","name":"Kolejny przetarg na zbiorniki retencyjne przy ul. S\u0142owackiego. Pojawi\u0142y si\u0119 2 oferty - 24GLIWICE - Portal Gliwice | codziennie nowe informacje","isPartOf":{"@id":"https:\/\/www.24gliwice.pl\/wiadomosci\/#website"},"primaryImageOfPage":{"@id":"https:\/\/www.24gliwice.pl\/wiadomosci\/kolejny-przetarg-na-zbiorniki-retencyjne-przy-ul-slowackiego-pojawily-sie-2-oferty\/#primaryimage"},"image":{"@id":"https:\/\/www.24gliwice.pl\/wiadomosci\/kolejny-przetarg-na-zbiorniki-retencyjne-przy-ul-slowackiego-pojawily-sie-2-oferty\/#primaryimage"},"thumbnailUrl":"https:\/\/www.24gliwice.pl\/wiadomosci\/wp-content\/uploads\/2019\/09\/IMG_8785.jpg","datePublished":"2019-09-23T22:27:55+00:00","breadcrumb":{"@id":"https:\/\/www.24gliwice.pl\/wiadomosci\/kolejny-przetarg-na-zbiorniki-retencyjne-przy-ul-slowackiego-pojawily-sie-2-oferty\/#breadcrumb"},"inLanguage":"pl-PL","potentialAction":[{"@type":"ReadAction","target":["https:\/\/www.24gliwice.pl\/wiadomosci\/kolejny-przetarg-na-zbiorniki-retencyjne-przy-ul-slowackiego-pojawily-sie-2-oferty\/"]}]},{"@type":"ImageObject","inLanguage":"pl-PL","@id":"https:\/\/www.24gliwice.pl\/wiadomosci\/kolejny-przetarg-na-zbiorniki-retencyjne-przy-ul-slowackiego-pojawily-sie-2-oferty\/#primaryimage","url":"https:\/\/www.24gliwice.pl\/wiadomosci\/wp-content\/uploads\/2019\/09\/IMG_8785.jpg","contentUrl":"https:\/\/www.24gliwice.pl\/wiadomosci\/wp-content\/uploads\/2019\/09\/IMG_8785.jpg","width":1200,"height":675,"caption":"poldery s\u0142owackiego"},{"@type":"BreadcrumbList","@id":"https:\/\/www.24gliwice.pl\/wiadomosci\/kolejny-przetarg-na-zbiorniki-retencyjne-przy-ul-slowackiego-pojawily-sie-2-oferty\/#breadcrumb","itemListElement":[{"@type":"ListItem","position":1,"name":"Strona g\u0142\u00f3wna","item":"https:\/\/www.24gliwice.pl\/wiadomosci\/"},{"@type":"ListItem","position":2,"name":"Kolejny przetarg na zbiorniki retencyjne przy ul. S\u0142owackiego. Pojawi\u0142y si\u0119 2 oferty"}]},{"@type":"WebSite","@id":"https:\/\/www.24gliwice.pl\/wiadomosci\/#website","url":"https:\/\/www.24gliwice.pl\/wiadomosci\/","name":"24GLIWICE - Portal Gliwice | codziennie nowe wiadomo\u015bci","description":"Portal Miejski Gliwice","publisher":{"@id":"https:\/\/www.24gliwice.pl\/wiadomosci\/#organization"},"potentialAction":[{"@type":"SearchAction","target":{"@type":"EntryPoint","urlTemplate":"https:\/\/www.24gliwice.pl\/wiadomosci\/?s={search_term_string}"},"query-input":{"@type":"PropertyValueSpecification","valueRequired":true,"valueName":"search_term_string"}}],"inLanguage":"pl-PL"},{"@type":"Organization","@id":"https:\/\/www.24gliwice.pl\/wiadomosci\/#organization","name":"24gliwice","url":"https:\/\/www.24gliwice.pl\/wiadomosci\/","logo":{"@type":"ImageObject","inLanguage":"pl-PL","@id":"https:\/\/www.24gliwice.pl\/wiadomosci\/#\/schema\/logo\/image\/","url":"https:\/\/www.24gliwice.pl\/wiadomosci\/wp-content\/uploads\/2024\/10\/24gliwice-logo-696.jpg","contentUrl":"https:\/\/www.24gliwice.pl\/wiadomosci\/wp-content\/uploads\/2024\/10\/24gliwice-logo-696.jpg","width":696,"height":696,"caption":"24gliwice"},"image":{"@id":"https:\/\/www.24gliwice.pl\/wiadomosci\/#\/schema\/logo\/image\/"},"sameAs":["https:\/\/www.facebook.com\/24gliwice","https:\/\/x.com\/24gliwice","https:\/\/www.youtube.com\/@24gliwice"]},{"@type":"Person","@id":"https:\/\/www.24gliwice.pl\/wiadomosci\/#\/schema\/person\/940e8f8a097e322de4f463f061ef8d45","name":"Micha\u0142 Szewczyk","image":{"@type":"ImageObject","inLanguage":"pl-PL","@id":"https:\/\/secure.gravatar.com\/avatar\/771b8b6c74cd8d255e46392d605e01a86133900ef09b6ef3c8d451c9d92288cf?s=96&d=mm&r=g","url":"https:\/\/secure.gravatar.com\/avatar\/771b8b6c74cd8d255e46392d605e01a86133900ef09b6ef3c8d451c9d92288cf?s=96&d=mm&r=g","contentUrl":"https:\/\/secure.gravatar.com\/avatar\/771b8b6c74cd8d255e46392d605e01a86133900ef09b6ef3c8d451c9d92288cf?s=96&d=mm&r=g","caption":"Micha\u0142 Szewczyk"},"sameAs":["http:\/\/www.gazeta-miejska.pl"],"url":"https:\/\/www.24gliwice.pl\/wiadomosci\/author\/michal-szewczyk\/"}]}},"_links":{"self":[{"href":"https:\/\/www.24gliwice.pl\/wiadomosci\/wp-json\/wp\/v2\/posts\/140928","targetHints":{"allow":["GET"]}}],"collection":[{"href":"https:\/\/www.24gliwice.pl\/wiadomosci\/wp-json\/wp\/v2\/posts"}],"about":[{"href":"https:\/\/www.24gliwice.pl\/wiadomosci\/wp-json\/wp\/v2\/types\/post"}],"author":[{"embeddable":true,"href":"https:\/\/www.24gliwice.pl\/wiadomosci\/wp-json\/wp\/v2\/users\/12"}],"replies":[{"embeddable":true,"href":"https:\/\/www.24gliwice.pl\/wiadomosci\/wp-json\/wp\/v2\/comments?post=140928"}],"version-history":[{"count":0,"href":"https:\/\/www.24gliwice.pl\/wiadomosci\/wp-json\/wp\/v2\/posts\/140928\/revisions"}],"wp:featuredmedia":[{"embeddable":true,"href":"https:\/\/www.24gliwice.pl\/wiadomosci\/wp-json\/wp\/v2\/media\/140929"}],"wp:attachment":[{"href":"https:\/\/www.24gliwice.pl\/wiadomosci\/wp-json\/wp\/v2\/media?parent=140928"}],"wp:term":[{"taxonomy":"category","embeddable":true,"href":"https:\/\/www.24gliwice.pl\/wiadomosci\/wp-json\/wp\/v2\/categories?post=140928"},{"taxonomy":"post_tag","embeddable":true,"href":"https:\/\/www.24gliwice.pl\/wiadomosci\/wp-json\/wp\/v2\/tags?post=140928"}],"curies":[{"name":"wp","href":"https:\/\/api.w.org\/{rel}","templated":true}]}}