{"id":140979,"date":"2019-09-24T23:02:38","date_gmt":"2019-09-24T21:02:38","guid":{"rendered":"https:\/\/www.24gliwice.pl\/wiadomosci\/?p=140979"},"modified":"2019-09-24T23:02:38","modified_gmt":"2019-09-24T21:02:38","slug":"rusztowanie-wokol-domu-tekstylnego-termomodernizacja-na-szczescie-nie","status":"publish","type":"post","link":"https:\/\/www.24gliwice.pl\/wiadomosci\/rusztowanie-wokol-domu-tekstylnego-termomodernizacja-na-szczescie-nie\/","title":{"rendered":"Rusztowanie wok\u00f3\u0142 Domu Tekstylnego.  Termomodernizacja? Na szcz\u0119\u015bcie nie"},"content":{"rendered":"<div class=\"gliwi-a6-nad-leadem-artykulow gliwi-entity-placement\" id=\"gliwi-1783184633\"><div class=\"gliwi-adlabel\"><span style=\"font-size: 9px\">REKLAMA<\/span><\/div><div id=\"gliwi-1937807502\" style=\"margin-bottom: 30px;margin-left: auto;margin-right: auto;text-align: center;\"><a data-no-instant=\"1\" href=\"https:\/\/przedszkole.halogen.org.pl\/\" rel=\"noopener\" class=\"a2t-link\" target=\"_blank\" aria-label=\"20260402-ANIMATOR-przedszkole_grafika_750x200\"><img loading=\"lazy\" decoding=\"async\" src=\"https:\/\/www.24gliwice.pl\/wiadomosci\/wp-content\/uploads\/2026\/04\/20260402-ANIMATOR-przedszkole_grafika_750x200.webp\" alt=\"\"  srcset=\"https:\/\/www.24gliwice.pl\/wiadomosci\/wp-content\/uploads\/2026\/04\/20260402-ANIMATOR-przedszkole_grafika_750x200.webp 750w, https:\/\/www.24gliwice.pl\/wiadomosci\/wp-content\/uploads\/2026\/04\/20260402-ANIMATOR-przedszkole_grafika_750x200-410x109.webp 410w\" sizes=\"(max-width: 750px) 100vw, 750px\" class=\"no-lazyload\" width=\"750\" height=\"200\"  style=\"display: inline-block; max-width: 100%; height: auto;\" \/><\/a><\/div><\/div><h3>Dawny Dom Tekstylny Erwina Weichmanna przejdzie ponowne malowanie. Jak zapewnia konserwator, b\u0119d\u0105 to jedyne prace prowadzone przy tym zabytkowym obiekcie.<\/h3>\n<p>Rusztowanie wok\u00f3\u0142 budynku przy ul. Zwyci\u0119stwa 37 ustawiono pod koniec ubieg\u0142ego tygodnia. <strong>W sieci pojawi\u0142y si\u0119 obawy zaniepokojonych internaut\u00f3w, \u017ce charakterystyczny obiekt mo\u017ce czeka\u0107 termomodernizacja<\/strong>, a zatem te\u017c ingerencja w jego bry\u0142\u0119 (jak mia\u0142o to miejsce przy niechlubnej renowacji budynku Urz\u0119du Miejskiego w 2016 roku). Na szcz\u0119\u015bcie nic takiego nie b\u0119dzie tu mia\u0142o miejsca. W\u0105tpliwo\u015bci rozwiewa biuro konserwatorskie, z kt\u00f3rym konsultowane by\u0142y prace remontowe.<\/p>\n<blockquote><p>&#8211; Zakres prac obejmuje jedynie malowanie budynku na dotychczasowy kolor. \u017badne inne dzia\u0142ania, w tym prace termomodernizacyjne nie b\u0119d\u0105 podejmowane<\/p><\/blockquote>\n<p> &#8211; informuje <strong>Miros\u0142aw Rymer<\/strong>, rzecznik prasowy \u015al\u0105skiego Wojew\u00f3dzkiego Konserwatora Zabytk\u00f3w. <\/p><div class=\"gliwi-a3-w-tresci-artykulow gliwi-entity-placement\" id=\"gliwi-290215967\"><div class=\"gliwi-adlabel\"><span style=\"font-size: 9px\">REKLAMA<\/span><\/div><div id=\"gliwi-2980054774\" style=\"margin-bottom: 30px;margin-left: auto;margin-right: auto;text-align: center;\"><a data-no-instant=\"1\" href=\"https:\/\/ogrodyandersa.pl\/\" rel=\"noopener\" class=\"a2t-link\" target=\"_blank\" aria-label=\"20260415 Ogrody Andersa KUP TERAZ D\"><img loading=\"lazy\" decoding=\"async\" src=\"https:\/\/www.24gliwice.pl\/wiadomosci\/wp-content\/uploads\/2026\/04\/20260415-Ogrody-Andersa-KUP-TERAZ-D.jpg\" alt=\"\"  srcset=\"https:\/\/www.24gliwice.pl\/wiadomosci\/wp-content\/uploads\/2026\/04\/20260415-Ogrody-Andersa-KUP-TERAZ-D.jpg 750w, https:\/\/www.24gliwice.pl\/wiadomosci\/wp-content\/uploads\/2026\/04\/20260415-Ogrody-Andersa-KUP-TERAZ-D-410x109.jpg 410w\" sizes=\"(max-width: 750px) 100vw, 750px\" class=\"no-lazyload\" width=\"750\" height=\"200\"  style=\"display: inline-block; max-width: 100%; height: auto;\" \/><\/a><\/div><\/div>\n<p>Budynek przeszed\u0142 gruntown\u0105 modernizacj\u0119 w 2002 roku. Inwestycj\u0119 przeprowadzi\u0142 kosztem 1,5 mln z\u0142otych \u00f3wczesny w\u0142a\u015bciciel obiektu Przedsi\u0119biorstwo Wielobran\u017cowe \u201cHurt-Metallco\u201d (firma w 2001 roku odkupi\u0142a popadaj\u0105cy w ruin\u0119 obiekt od miasta za 1,6 mln z\u0142otych). Renowacja spotka\u0142a si\u0119 z du\u017cym uznaniem &#8211; otrzyma\u0142a m.in. wyr\u00f3\u017cnienie Moderna 2005 dla najlepszej modernizacji budynku modernistycznego. <\/p>\n<p><img loading=\"lazy\" decoding=\"async\" src=\"https:\/\/www.24gliwice.pl\/wiadomosci\/wp-content\/uploads\/2019\/09\/dw2.jpg\" alt=\"\" width=\"1200\" height=\"676\" class=\"aligncenter size-full wp-image-140983\" srcset=\"https:\/\/www.24gliwice.pl\/wiadomosci\/wp-content\/uploads\/2019\/09\/dw2.jpg 1200w, https:\/\/www.24gliwice.pl\/wiadomosci\/wp-content\/uploads\/2019\/09\/dw2-410x232.jpg 410w, https:\/\/www.24gliwice.pl\/wiadomosci\/wp-content\/uploads\/2019\/09\/dw2-768x433.jpg 768w, https:\/\/www.24gliwice.pl\/wiadomosci\/wp-content\/uploads\/2019\/09\/dw2-808x455.jpg 808w, https:\/\/www.24gliwice.pl\/wiadomosci\/wp-content\/uploads\/2019\/09\/dw2-810x456.jpg 810w, https:\/\/www.24gliwice.pl\/wiadomosci\/wp-content\/uploads\/2019\/09\/dw2-1140x642.jpg 1140w\" sizes=\"auto, (max-width: 1200px) 100vw, 1200px\" \/><\/p>\n<p>Dom Tekstylny Weichmanna powsta\u0142 w latach 1921-1922. Zaprojektowany zosta\u0142 przez \u015bwiatowej s\u0142awy architekta <strong>Ericha Mendelsohna<\/strong> (gliwicki obiekt by\u0142 pierwszym domem towarowym w jego karierze). Budynek od pocz\u0105tku wyr\u00f3\u017cnia\u0142 si\u0119 na tle pozosta\u0142ych kamienic przy ul. Zwyci\u0119stwa (w\u00f3wczas Wilhelmstrasse), a projekt budzi\u0142 wiele emocji w\u015br\u00f3d mieszka\u0144c\u00f3w Gleiwitz. <\/p>\n<p>&#8211; Proste elewacje przecinaj\u0105 jedynie mocno wysuni\u0119te poza obr\u0119b budynku betonowe gzymsy. Zosta\u0142 tu r\u00f3wnie\u017c wykorzystany, cho\u0107 w nie\u015bmia\u0142ej wersji, charakterystyczny dla Mendelsohna motyw wst\u0119g okiennych &#8211; pisa\u0142a na \u0142amach &#8220;MSI&#8221; <strong>Ewa Pokorska<\/strong>, miejski konserwator zabytk\u00f3w. &#8211; Budynek z czasem wr\u00f3s\u0142 na dobre w pejza\u017c miasta i sta\u0142 si\u0119 jego znakiem rozpoznawczym. Jak wida\u0107 akceptacja przysz\u0142a p\u00f3\u017aniej. Tak jest i w przypadku innych ikon architektury \u2013 najpierw krytykowane, p\u00f3\u017aniej uwielbiane &#8211; ocenia Pokorska.<\/p>\n<p>Prace remontowe zwi\u0105zane z malowaniem obiektu ju\u017c trwaj\u0105 i powinny zako\u0144czy\u0107 si\u0119 na przestrzeni najbli\u017cszych dni.<br \/>\n(msz)<\/p>\n<div class=\"gliwi-a5-na-koncu-artykulow gliwi-entity-placement\" id=\"gliwi-3411032345\"><div class=\"gliwi-adlabel\"><span style=\"font-size: 9px\">REKLAMA<\/span><\/div><div id=\"gliwi-119966995\" style=\"margin-left: auto;margin-right: auto;text-align: center;\"><a data-no-instant=\"1\" href=\"https:\/\/prezeroarenagliwice.pl\/\" rel=\"noopener\" class=\"a2t-link\" target=\"_blank\" aria-label=\"20260309-PREZERO-WIOSNA-D\"><img loading=\"lazy\" decoding=\"async\" src=\"https:\/\/www.24gliwice.pl\/wiadomosci\/wp-content\/uploads\/2026\/03\/20260309-PREZERO-WIOSNA-D.webp\" alt=\"\"  srcset=\"https:\/\/www.24gliwice.pl\/wiadomosci\/wp-content\/uploads\/2026\/03\/20260309-PREZERO-WIOSNA-D.webp 750w, https:\/\/www.24gliwice.pl\/wiadomosci\/wp-content\/uploads\/2026\/03\/20260309-PREZERO-WIOSNA-D-410x109.webp 410w\" sizes=\"(max-width: 750px) 100vw, 750px\" class=\"no-lazyload\" width=\"750\" height=\"200\"  style=\"display: inline-block; max-width: 100%; height: auto;\" \/><\/a><\/div><\/div>","protected":false},"excerpt":{"rendered":"<p>Dawny Dom Tekstylny Erwina Weichmanna przejdzie ponowne malowanie. Jak zapewnia konserwator, b\u0119d\u0105 to jedyne prace prowadzone przy tym zabytkowym obiekcie. Rusztowanie wok\u00f3\u0142 budynku przy ul. Zwyci\u0119stwa 37 ustawiono pod koniec ubieg\u0142ego tygodnia. W sieci pojawi\u0142y si\u0119 obawy zaniepokojonych internaut\u00f3w, \u017ce charakterystyczny obiekt mo\u017ce czeka\u0107 termomodernizacja, a zatem te\u017c ingerencja w jego bry\u0142\u0119 (jak mia\u0142o to [&hellip;]<\/p>\n","protected":false},"author":12,"featured_media":140982,"comment_status":"open","ping_status":"closed","sticky":false,"template":"","format":"standard","meta":{"_monsterinsights_skip_tracking":false,"_monsterinsights_sitenote_active":false,"_monsterinsights_sitenote_note":"","_monsterinsights_sitenote_category":0,"footnotes":"","_links_to":"","_links_to_target":""},"categories":[3,1,9],"tags":[12800],"class_list":["post-140979","post","type-post","status-publish","format-standard","has-post-thumbnail","hentry","category-gliwice","category-wszystko","category-aktualnosci_lokalne","tag-miroslaw-rymer"],"yoast_head":"<!-- This site is optimized with the Yoast SEO plugin v27.5 - https:\/\/yoast.com\/product\/yoast-seo-wordpress\/ -->\n<title>Rusztowanie wok\u00f3\u0142 Domu Tekstylnego. Termomodernizacja? Na szcz\u0119\u015bcie nie - 24GLIWICE - Portal Gliwice | codziennie nowe informacje<\/title>\n<meta name=\"robots\" content=\"index, follow, max-snippet:-1, max-image-preview:large, max-video-preview:-1\" \/>\n<link rel=\"canonical\" href=\"https:\/\/www.24gliwice.pl\/wiadomosci\/rusztowanie-wokol-domu-tekstylnego-termomodernizacja-na-szczescie-nie\/\" \/>\n<meta property=\"og:locale\" content=\"pl_PL\" \/>\n<meta property=\"og:type\" content=\"article\" \/>\n<meta property=\"og:title\" content=\"Rusztowanie wok\u00f3\u0142 Domu Tekstylnego. Termomodernizacja? Na szcz\u0119\u015bcie nie - 24GLIWICE - Portal Gliwice | codziennie nowe informacje\" \/>\n<meta property=\"og:description\" content=\"Dawny Dom Tekstylny Erwina Weichmanna przejdzie ponowne malowanie. Jak zapewnia konserwator, b\u0119d\u0105 to jedyne prace prowadzone przy tym zabytkowym obiekcie. Rusztowanie wok\u00f3\u0142 budynku przy ul. Zwyci\u0119stwa 37 ustawiono pod koniec ubieg\u0142ego tygodnia. W sieci pojawi\u0142y si\u0119 obawy zaniepokojonych internaut\u00f3w, \u017ce charakterystyczny obiekt mo\u017ce czeka\u0107 termomodernizacja, a zatem te\u017c ingerencja w jego bry\u0142\u0119 (jak mia\u0142o to [&hellip;]\" \/>\n<meta property=\"og:url\" content=\"https:\/\/www.24gliwice.pl\/wiadomosci\/rusztowanie-wokol-domu-tekstylnego-termomodernizacja-na-szczescie-nie\/\" \/>\n<meta property=\"og:site_name\" content=\"24GLIWICE - Portal Gliwice | codziennie nowe informacje\" \/>\n<meta property=\"article:publisher\" content=\"https:\/\/www.facebook.com\/24gliwice\" \/>\n<meta property=\"article:published_time\" content=\"2019-09-24T21:02:38+00:00\" \/>\n<meta property=\"og:image\" content=\"https:\/\/www.24gliwice.pl\/wiadomosci\/wp-content\/uploads\/2019\/09\/dw1.jpg\" \/>\n\t<meta property=\"og:image:width\" content=\"1200\" \/>\n\t<meta property=\"og:image:height\" content=\"675\" \/>\n\t<meta property=\"og:image:type\" content=\"image\/jpeg\" \/>\n<meta name=\"author\" content=\"Micha\u0142 Szewczyk\" \/>\n<meta name=\"twitter:card\" content=\"summary_large_image\" \/>\n<meta name=\"twitter:creator\" content=\"@24gliwice\" \/>\n<meta name=\"twitter:site\" content=\"@24gliwice\" \/>\n<meta name=\"twitter:label1\" content=\"Napisane przez\" \/>\n\t<meta name=\"twitter:data1\" content=\"Micha\u0142 Szewczyk\" \/>\n\t<meta name=\"twitter:label2\" content=\"Szacowany czas czytania\" \/>\n\t<meta name=\"twitter:data2\" content=\"2 minuty\" \/>\n<script type=\"application\/ld+json\" class=\"yoast-schema-graph\">{\"@context\":\"https:\\\/\\\/schema.org\",\"@graph\":[{\"@type\":\"Article\",\"@id\":\"https:\\\/\\\/www.24gliwice.pl\\\/wiadomosci\\\/rusztowanie-wokol-domu-tekstylnego-termomodernizacja-na-szczescie-nie\\\/#article\",\"isPartOf\":{\"@id\":\"https:\\\/\\\/www.24gliwice.pl\\\/wiadomosci\\\/rusztowanie-wokol-domu-tekstylnego-termomodernizacja-na-szczescie-nie\\\/\"},\"author\":{\"name\":\"Micha\u0142 Szewczyk\",\"@id\":\"https:\\\/\\\/www.24gliwice.pl\\\/wiadomosci\\\/#\\\/schema\\\/person\\\/940e8f8a097e322de4f463f061ef8d45\"},\"headline\":\"Rusztowanie wok\u00f3\u0142 Domu Tekstylnego. Termomodernizacja? Na szcz\u0119\u015bcie nie\",\"datePublished\":\"2019-09-24T21:02:38+00:00\",\"mainEntityOfPage\":{\"@id\":\"https:\\\/\\\/www.24gliwice.pl\\\/wiadomosci\\\/rusztowanie-wokol-domu-tekstylnego-termomodernizacja-na-szczescie-nie\\\/\"},\"wordCount\":361,\"commentCount\":0,\"publisher\":{\"@id\":\"https:\\\/\\\/www.24gliwice.pl\\\/wiadomosci\\\/#organization\"},\"image\":{\"@id\":\"https:\\\/\\\/www.24gliwice.pl\\\/wiadomosci\\\/rusztowanie-wokol-domu-tekstylnego-termomodernizacja-na-szczescie-nie\\\/#primaryimage\"},\"thumbnailUrl\":\"https:\\\/\\\/www.24gliwice.pl\\\/wiadomosci\\\/wp-content\\\/uploads\\\/2019\\\/09\\\/dw1.jpg\",\"keywords\":[\"miros\u0142aw rymer\"],\"articleSection\":[\"Gliwice\",\"Najnowsze wiadomo\u015bci\",\"Portal Gliwice - Wiadomo\u015bci lokalne\"],\"inLanguage\":\"pl-PL\",\"potentialAction\":[{\"@type\":\"CommentAction\",\"name\":\"Comment\",\"target\":[\"https:\\\/\\\/www.24gliwice.pl\\\/wiadomosci\\\/rusztowanie-wokol-domu-tekstylnego-termomodernizacja-na-szczescie-nie\\\/#respond\"]}]},{\"@type\":\"WebPage\",\"@id\":\"https:\\\/\\\/www.24gliwice.pl\\\/wiadomosci\\\/rusztowanie-wokol-domu-tekstylnego-termomodernizacja-na-szczescie-nie\\\/\",\"url\":\"https:\\\/\\\/www.24gliwice.pl\\\/wiadomosci\\\/rusztowanie-wokol-domu-tekstylnego-termomodernizacja-na-szczescie-nie\\\/\",\"name\":\"Rusztowanie wok\u00f3\u0142 Domu Tekstylnego. Termomodernizacja? Na szcz\u0119\u015bcie nie - 24GLIWICE - Portal Gliwice | codziennie nowe informacje\",\"isPartOf\":{\"@id\":\"https:\\\/\\\/www.24gliwice.pl\\\/wiadomosci\\\/#website\"},\"primaryImageOfPage\":{\"@id\":\"https:\\\/\\\/www.24gliwice.pl\\\/wiadomosci\\\/rusztowanie-wokol-domu-tekstylnego-termomodernizacja-na-szczescie-nie\\\/#primaryimage\"},\"image\":{\"@id\":\"https:\\\/\\\/www.24gliwice.pl\\\/wiadomosci\\\/rusztowanie-wokol-domu-tekstylnego-termomodernizacja-na-szczescie-nie\\\/#primaryimage\"},\"thumbnailUrl\":\"https:\\\/\\\/www.24gliwice.pl\\\/wiadomosci\\\/wp-content\\\/uploads\\\/2019\\\/09\\\/dw1.jpg\",\"datePublished\":\"2019-09-24T21:02:38+00:00\",\"breadcrumb\":{\"@id\":\"https:\\\/\\\/www.24gliwice.pl\\\/wiadomosci\\\/rusztowanie-wokol-domu-tekstylnego-termomodernizacja-na-szczescie-nie\\\/#breadcrumb\"},\"inLanguage\":\"pl-PL\",\"potentialAction\":[{\"@type\":\"ReadAction\",\"target\":[\"https:\\\/\\\/www.24gliwice.pl\\\/wiadomosci\\\/rusztowanie-wokol-domu-tekstylnego-termomodernizacja-na-szczescie-nie\\\/\"]}]},{\"@type\":\"ImageObject\",\"inLanguage\":\"pl-PL\",\"@id\":\"https:\\\/\\\/www.24gliwice.pl\\\/wiadomosci\\\/rusztowanie-wokol-domu-tekstylnego-termomodernizacja-na-szczescie-nie\\\/#primaryimage\",\"url\":\"https:\\\/\\\/www.24gliwice.pl\\\/wiadomosci\\\/wp-content\\\/uploads\\\/2019\\\/09\\\/dw1.jpg\",\"contentUrl\":\"https:\\\/\\\/www.24gliwice.pl\\\/wiadomosci\\\/wp-content\\\/uploads\\\/2019\\\/09\\\/dw1.jpg\",\"width\":1200,\"height\":675},{\"@type\":\"BreadcrumbList\",\"@id\":\"https:\\\/\\\/www.24gliwice.pl\\\/wiadomosci\\\/rusztowanie-wokol-domu-tekstylnego-termomodernizacja-na-szczescie-nie\\\/#breadcrumb\",\"itemListElement\":[{\"@type\":\"ListItem\",\"position\":1,\"name\":\"Strona g\u0142\u00f3wna\",\"item\":\"https:\\\/\\\/www.24gliwice.pl\\\/wiadomosci\\\/\"},{\"@type\":\"ListItem\",\"position\":2,\"name\":\"Rusztowanie wok\u00f3\u0142 Domu Tekstylnego. Termomodernizacja? Na szcz\u0119\u015bcie nie\"}]},{\"@type\":\"WebSite\",\"@id\":\"https:\\\/\\\/www.24gliwice.pl\\\/wiadomosci\\\/#website\",\"url\":\"https:\\\/\\\/www.24gliwice.pl\\\/wiadomosci\\\/\",\"name\":\"24GLIWICE - Portal Gliwice | codziennie nowe wiadomo\u015bci\",\"description\":\"Portal Miejski Gliwice\",\"publisher\":{\"@id\":\"https:\\\/\\\/www.24gliwice.pl\\\/wiadomosci\\\/#organization\"},\"potentialAction\":[{\"@type\":\"SearchAction\",\"target\":{\"@type\":\"EntryPoint\",\"urlTemplate\":\"https:\\\/\\\/www.24gliwice.pl\\\/wiadomosci\\\/?s={search_term_string}\"},\"query-input\":{\"@type\":\"PropertyValueSpecification\",\"valueRequired\":true,\"valueName\":\"search_term_string\"}}],\"inLanguage\":\"pl-PL\"},{\"@type\":\"Organization\",\"@id\":\"https:\\\/\\\/www.24gliwice.pl\\\/wiadomosci\\\/#organization\",\"name\":\"24gliwice\",\"url\":\"https:\\\/\\\/www.24gliwice.pl\\\/wiadomosci\\\/\",\"logo\":{\"@type\":\"ImageObject\",\"inLanguage\":\"pl-PL\",\"@id\":\"https:\\\/\\\/www.24gliwice.pl\\\/wiadomosci\\\/#\\\/schema\\\/logo\\\/image\\\/\",\"url\":\"https:\\\/\\\/www.24gliwice.pl\\\/wiadomosci\\\/wp-content\\\/uploads\\\/2024\\\/10\\\/24gliwice-logo-696.jpg\",\"contentUrl\":\"https:\\\/\\\/www.24gliwice.pl\\\/wiadomosci\\\/wp-content\\\/uploads\\\/2024\\\/10\\\/24gliwice-logo-696.jpg\",\"width\":696,\"height\":696,\"caption\":\"24gliwice\"},\"image\":{\"@id\":\"https:\\\/\\\/www.24gliwice.pl\\\/wiadomosci\\\/#\\\/schema\\\/logo\\\/image\\\/\"},\"sameAs\":[\"https:\\\/\\\/www.facebook.com\\\/24gliwice\",\"https:\\\/\\\/x.com\\\/24gliwice\",\"https:\\\/\\\/www.youtube.com\\\/@24gliwice\"]},{\"@type\":\"Person\",\"@id\":\"https:\\\/\\\/www.24gliwice.pl\\\/wiadomosci\\\/#\\\/schema\\\/person\\\/940e8f8a097e322de4f463f061ef8d45\",\"name\":\"Micha\u0142 Szewczyk\",\"image\":{\"@type\":\"ImageObject\",\"inLanguage\":\"pl-PL\",\"@id\":\"https:\\\/\\\/secure.gravatar.com\\\/avatar\\\/771b8b6c74cd8d255e46392d605e01a86133900ef09b6ef3c8d451c9d92288cf?s=96&d=mm&r=g\",\"url\":\"https:\\\/\\\/secure.gravatar.com\\\/avatar\\\/771b8b6c74cd8d255e46392d605e01a86133900ef09b6ef3c8d451c9d92288cf?s=96&d=mm&r=g\",\"contentUrl\":\"https:\\\/\\\/secure.gravatar.com\\\/avatar\\\/771b8b6c74cd8d255e46392d605e01a86133900ef09b6ef3c8d451c9d92288cf?s=96&d=mm&r=g\",\"caption\":\"Micha\u0142 Szewczyk\"},\"sameAs\":[\"http:\\\/\\\/www.gazeta-miejska.pl\"],\"url\":\"https:\\\/\\\/www.24gliwice.pl\\\/wiadomosci\\\/author\\\/michal-szewczyk\\\/\"}]}<\/script>\n<!-- \/ Yoast SEO plugin. -->","yoast_head_json":{"title":"Rusztowanie wok\u00f3\u0142 Domu Tekstylnego. Termomodernizacja? Na szcz\u0119\u015bcie nie - 24GLIWICE - Portal Gliwice | codziennie nowe informacje","robots":{"index":"index","follow":"follow","max-snippet":"max-snippet:-1","max-image-preview":"max-image-preview:large","max-video-preview":"max-video-preview:-1"},"canonical":"https:\/\/www.24gliwice.pl\/wiadomosci\/rusztowanie-wokol-domu-tekstylnego-termomodernizacja-na-szczescie-nie\/","og_locale":"pl_PL","og_type":"article","og_title":"Rusztowanie wok\u00f3\u0142 Domu Tekstylnego. Termomodernizacja? Na szcz\u0119\u015bcie nie - 24GLIWICE - Portal Gliwice | codziennie nowe informacje","og_description":"Dawny Dom Tekstylny Erwina Weichmanna przejdzie ponowne malowanie. Jak zapewnia konserwator, b\u0119d\u0105 to jedyne prace prowadzone przy tym zabytkowym obiekcie. Rusztowanie wok\u00f3\u0142 budynku przy ul. Zwyci\u0119stwa 37 ustawiono pod koniec ubieg\u0142ego tygodnia. W sieci pojawi\u0142y si\u0119 obawy zaniepokojonych internaut\u00f3w, \u017ce charakterystyczny obiekt mo\u017ce czeka\u0107 termomodernizacja, a zatem te\u017c ingerencja w jego bry\u0142\u0119 (jak mia\u0142o to [&hellip;]","og_url":"https:\/\/www.24gliwice.pl\/wiadomosci\/rusztowanie-wokol-domu-tekstylnego-termomodernizacja-na-szczescie-nie\/","og_site_name":"24GLIWICE - Portal Gliwice | codziennie nowe informacje","article_publisher":"https:\/\/www.facebook.com\/24gliwice","article_published_time":"2019-09-24T21:02:38+00:00","og_image":[{"width":1200,"height":675,"url":"https:\/\/www.24gliwice.pl\/wiadomosci\/wp-content\/uploads\/2019\/09\/dw1.jpg","type":"image\/jpeg"}],"author":"Micha\u0142 Szewczyk","twitter_card":"summary_large_image","twitter_creator":"@24gliwice","twitter_site":"@24gliwice","twitter_misc":{"Napisane przez":"Micha\u0142 Szewczyk","Szacowany czas czytania":"2 minuty"},"schema":{"@context":"https:\/\/schema.org","@graph":[{"@type":"Article","@id":"https:\/\/www.24gliwice.pl\/wiadomosci\/rusztowanie-wokol-domu-tekstylnego-termomodernizacja-na-szczescie-nie\/#article","isPartOf":{"@id":"https:\/\/www.24gliwice.pl\/wiadomosci\/rusztowanie-wokol-domu-tekstylnego-termomodernizacja-na-szczescie-nie\/"},"author":{"name":"Micha\u0142 Szewczyk","@id":"https:\/\/www.24gliwice.pl\/wiadomosci\/#\/schema\/person\/940e8f8a097e322de4f463f061ef8d45"},"headline":"Rusztowanie wok\u00f3\u0142 Domu Tekstylnego. Termomodernizacja? Na szcz\u0119\u015bcie nie","datePublished":"2019-09-24T21:02:38+00:00","mainEntityOfPage":{"@id":"https:\/\/www.24gliwice.pl\/wiadomosci\/rusztowanie-wokol-domu-tekstylnego-termomodernizacja-na-szczescie-nie\/"},"wordCount":361,"commentCount":0,"publisher":{"@id":"https:\/\/www.24gliwice.pl\/wiadomosci\/#organization"},"image":{"@id":"https:\/\/www.24gliwice.pl\/wiadomosci\/rusztowanie-wokol-domu-tekstylnego-termomodernizacja-na-szczescie-nie\/#primaryimage"},"thumbnailUrl":"https:\/\/www.24gliwice.pl\/wiadomosci\/wp-content\/uploads\/2019\/09\/dw1.jpg","keywords":["miros\u0142aw rymer"],"articleSection":["Gliwice","Najnowsze wiadomo\u015bci","Portal Gliwice - Wiadomo\u015bci lokalne"],"inLanguage":"pl-PL","potentialAction":[{"@type":"CommentAction","name":"Comment","target":["https:\/\/www.24gliwice.pl\/wiadomosci\/rusztowanie-wokol-domu-tekstylnego-termomodernizacja-na-szczescie-nie\/#respond"]}]},{"@type":"WebPage","@id":"https:\/\/www.24gliwice.pl\/wiadomosci\/rusztowanie-wokol-domu-tekstylnego-termomodernizacja-na-szczescie-nie\/","url":"https:\/\/www.24gliwice.pl\/wiadomosci\/rusztowanie-wokol-domu-tekstylnego-termomodernizacja-na-szczescie-nie\/","name":"Rusztowanie wok\u00f3\u0142 Domu Tekstylnego. Termomodernizacja? Na szcz\u0119\u015bcie nie - 24GLIWICE - Portal Gliwice | codziennie nowe informacje","isPartOf":{"@id":"https:\/\/www.24gliwice.pl\/wiadomosci\/#website"},"primaryImageOfPage":{"@id":"https:\/\/www.24gliwice.pl\/wiadomosci\/rusztowanie-wokol-domu-tekstylnego-termomodernizacja-na-szczescie-nie\/#primaryimage"},"image":{"@id":"https:\/\/www.24gliwice.pl\/wiadomosci\/rusztowanie-wokol-domu-tekstylnego-termomodernizacja-na-szczescie-nie\/#primaryimage"},"thumbnailUrl":"https:\/\/www.24gliwice.pl\/wiadomosci\/wp-content\/uploads\/2019\/09\/dw1.jpg","datePublished":"2019-09-24T21:02:38+00:00","breadcrumb":{"@id":"https:\/\/www.24gliwice.pl\/wiadomosci\/rusztowanie-wokol-domu-tekstylnego-termomodernizacja-na-szczescie-nie\/#breadcrumb"},"inLanguage":"pl-PL","potentialAction":[{"@type":"ReadAction","target":["https:\/\/www.24gliwice.pl\/wiadomosci\/rusztowanie-wokol-domu-tekstylnego-termomodernizacja-na-szczescie-nie\/"]}]},{"@type":"ImageObject","inLanguage":"pl-PL","@id":"https:\/\/www.24gliwice.pl\/wiadomosci\/rusztowanie-wokol-domu-tekstylnego-termomodernizacja-na-szczescie-nie\/#primaryimage","url":"https:\/\/www.24gliwice.pl\/wiadomosci\/wp-content\/uploads\/2019\/09\/dw1.jpg","contentUrl":"https:\/\/www.24gliwice.pl\/wiadomosci\/wp-content\/uploads\/2019\/09\/dw1.jpg","width":1200,"height":675},{"@type":"BreadcrumbList","@id":"https:\/\/www.24gliwice.pl\/wiadomosci\/rusztowanie-wokol-domu-tekstylnego-termomodernizacja-na-szczescie-nie\/#breadcrumb","itemListElement":[{"@type":"ListItem","position":1,"name":"Strona g\u0142\u00f3wna","item":"https:\/\/www.24gliwice.pl\/wiadomosci\/"},{"@type":"ListItem","position":2,"name":"Rusztowanie wok\u00f3\u0142 Domu Tekstylnego. Termomodernizacja? Na szcz\u0119\u015bcie nie"}]},{"@type":"WebSite","@id":"https:\/\/www.24gliwice.pl\/wiadomosci\/#website","url":"https:\/\/www.24gliwice.pl\/wiadomosci\/","name":"24GLIWICE - Portal Gliwice | codziennie nowe wiadomo\u015bci","description":"Portal Miejski Gliwice","publisher":{"@id":"https:\/\/www.24gliwice.pl\/wiadomosci\/#organization"},"potentialAction":[{"@type":"SearchAction","target":{"@type":"EntryPoint","urlTemplate":"https:\/\/www.24gliwice.pl\/wiadomosci\/?s={search_term_string}"},"query-input":{"@type":"PropertyValueSpecification","valueRequired":true,"valueName":"search_term_string"}}],"inLanguage":"pl-PL"},{"@type":"Organization","@id":"https:\/\/www.24gliwice.pl\/wiadomosci\/#organization","name":"24gliwice","url":"https:\/\/www.24gliwice.pl\/wiadomosci\/","logo":{"@type":"ImageObject","inLanguage":"pl-PL","@id":"https:\/\/www.24gliwice.pl\/wiadomosci\/#\/schema\/logo\/image\/","url":"https:\/\/www.24gliwice.pl\/wiadomosci\/wp-content\/uploads\/2024\/10\/24gliwice-logo-696.jpg","contentUrl":"https:\/\/www.24gliwice.pl\/wiadomosci\/wp-content\/uploads\/2024\/10\/24gliwice-logo-696.jpg","width":696,"height":696,"caption":"24gliwice"},"image":{"@id":"https:\/\/www.24gliwice.pl\/wiadomosci\/#\/schema\/logo\/image\/"},"sameAs":["https:\/\/www.facebook.com\/24gliwice","https:\/\/x.com\/24gliwice","https:\/\/www.youtube.com\/@24gliwice"]},{"@type":"Person","@id":"https:\/\/www.24gliwice.pl\/wiadomosci\/#\/schema\/person\/940e8f8a097e322de4f463f061ef8d45","name":"Micha\u0142 Szewczyk","image":{"@type":"ImageObject","inLanguage":"pl-PL","@id":"https:\/\/secure.gravatar.com\/avatar\/771b8b6c74cd8d255e46392d605e01a86133900ef09b6ef3c8d451c9d92288cf?s=96&d=mm&r=g","url":"https:\/\/secure.gravatar.com\/avatar\/771b8b6c74cd8d255e46392d605e01a86133900ef09b6ef3c8d451c9d92288cf?s=96&d=mm&r=g","contentUrl":"https:\/\/secure.gravatar.com\/avatar\/771b8b6c74cd8d255e46392d605e01a86133900ef09b6ef3c8d451c9d92288cf?s=96&d=mm&r=g","caption":"Micha\u0142 Szewczyk"},"sameAs":["http:\/\/www.gazeta-miejska.pl"],"url":"https:\/\/www.24gliwice.pl\/wiadomosci\/author\/michal-szewczyk\/"}]}},"_links":{"self":[{"href":"https:\/\/www.24gliwice.pl\/wiadomosci\/wp-json\/wp\/v2\/posts\/140979","targetHints":{"allow":["GET"]}}],"collection":[{"href":"https:\/\/www.24gliwice.pl\/wiadomosci\/wp-json\/wp\/v2\/posts"}],"about":[{"href":"https:\/\/www.24gliwice.pl\/wiadomosci\/wp-json\/wp\/v2\/types\/post"}],"author":[{"embeddable":true,"href":"https:\/\/www.24gliwice.pl\/wiadomosci\/wp-json\/wp\/v2\/users\/12"}],"replies":[{"embeddable":true,"href":"https:\/\/www.24gliwice.pl\/wiadomosci\/wp-json\/wp\/v2\/comments?post=140979"}],"version-history":[{"count":0,"href":"https:\/\/www.24gliwice.pl\/wiadomosci\/wp-json\/wp\/v2\/posts\/140979\/revisions"}],"wp:featuredmedia":[{"embeddable":true,"href":"https:\/\/www.24gliwice.pl\/wiadomosci\/wp-json\/wp\/v2\/media\/140982"}],"wp:attachment":[{"href":"https:\/\/www.24gliwice.pl\/wiadomosci\/wp-json\/wp\/v2\/media?parent=140979"}],"wp:term":[{"taxonomy":"category","embeddable":true,"href":"https:\/\/www.24gliwice.pl\/wiadomosci\/wp-json\/wp\/v2\/categories?post=140979"},{"taxonomy":"post_tag","embeddable":true,"href":"https:\/\/www.24gliwice.pl\/wiadomosci\/wp-json\/wp\/v2\/tags?post=140979"}],"curies":[{"name":"wp","href":"https:\/\/api.w.org\/{rel}","templated":true}]}}