{"id":141434,"date":"2019-10-03T17:57:59","date_gmt":"2019-10-03T15:57:59","guid":{"rendered":"https:\/\/www.24gliwice.pl\/wiadomosci\/?p=141434"},"modified":"2024-08-20T01:59:58","modified_gmt":"2024-08-19T23:59:58","slug":"spore-zmiany-w-radzie-nadzorczej-piasta-gliwice-w-nowym-skladzie-wiceprezydent-oraz-prezes-kar-telu","status":"publish","type":"post","link":"https:\/\/www.24gliwice.pl\/wiadomosci\/spore-zmiany-w-radzie-nadzorczej-piasta-gliwice-w-nowym-skladzie-wiceprezydent-oraz-prezes-kar-telu\/","title":{"rendered":"Spore zmiany w Radzie Nadzorczej Piasta Gliwice. W nowym sk\u0142adzie wiceprezydent oraz prezes Kar-Telu"},"content":{"rendered":"<div class=\"gliwi-a6-nad-leadem-artykulow gliwi-entity-placement\" id=\"gliwi-3484545504\"><div class=\"gliwi-adlabel\"><span style=\"font-size: 9px\">REKLAMA<\/span><\/div><div id=\"gliwi-774119864\" style=\"margin-bottom: 25px;margin-left: auto;margin-right: auto;text-align: center;\"><a data-no-instant=\"1\" href=\"https:\/\/dom100.eu\/\" rel=\"noopener\" class=\"a2t-link\" target=\"_blank\" aria-label=\"20260415 DOM100 D\"><img loading=\"lazy\" decoding=\"async\" src=\"https:\/\/www.24gliwice.pl\/wiadomosci\/wp-content\/uploads\/2026\/04\/20260415-DOM100-D.jpg\" alt=\"\"  srcset=\"https:\/\/www.24gliwice.pl\/wiadomosci\/wp-content\/uploads\/2026\/04\/20260415-DOM100-D.jpg 750w, https:\/\/www.24gliwice.pl\/wiadomosci\/wp-content\/uploads\/2026\/04\/20260415-DOM100-D-410x109.jpg 410w\" sizes=\"(max-width: 750px) 100vw, 750px\" class=\"no-lazyload\" width=\"750\" height=\"200\"  style=\"display: inline-block; max-width: 100%; height: auto;\" \/><\/a><\/div><\/div><h3>Zast\u0119pca prezydenta Gliwic Krystian Tomala oraz prezes firmy Kar-Tel, Zbigniew Ka\u0142u\u017ca to nowi cz\u0142onkowie Rady Nadzorczej klubu Piast Gliwice S.A.<\/h3>\n<p>Jak dowiadujemy si\u0119 z oficjalnej witryny internetowej Niebiesko-Czerwonych, we wtorek, 1 pa\u017adziernika, odby\u0142o si\u0119 Walne Zgromadzenie Akcjonariuszy Gliwickiego Klubu Sportowego \u201ePiast\u201d S.A. Na mocy podj\u0119tych uchwa\u0142 dokonano zmian w sk\u0142adzie Rady Nadzorczej Sp\u00f3\u0142ki.<\/p>\n<p>Do organu nadzorczego powo\u0142ano <strong>Krystiana Tomal\u0119<\/strong>, wiceprezydenta Gliwic oraz <strong>Zbigniewa Ka\u0142u\u017c\u0119<\/strong>, prezesa firmy Kar-Tel. Zast\u0105pili oni <strong>Rafa\u0142a Adamusa<\/strong> i <strong>Tomasza Szulca<\/strong>. Klub nie podaje przyczyny takiej decyzji Zgromadzenia. <\/p><div class=\"gliwi-a3-w-tresci-artykulow gliwi-entity-placement\" id=\"gliwi-4196365693\"><div class=\"gliwi-adlabel\"><span style=\"font-size: 9px\">REKLAMA<\/span><\/div><div id=\"gliwi-1693274343\" style=\"margin-bottom: 30px;margin-left: auto;margin-right: auto;text-align: center;\"><a data-no-instant=\"1\" href=\"https:\/\/zlobek.halogen.org.pl\/\" rel=\"noopener\" class=\"a2t-link\" target=\"_blank\" aria-label=\"animator-zlobek_750x200\"><img loading=\"lazy\" decoding=\"async\" src=\"https:\/\/www.24gliwice.pl\/wiadomosci\/wp-content\/uploads\/2026\/02\/animator-zlobek_750x200.webp\" alt=\"\"  srcset=\"https:\/\/www.24gliwice.pl\/wiadomosci\/wp-content\/uploads\/2026\/02\/animator-zlobek_750x200.webp 750w, https:\/\/www.24gliwice.pl\/wiadomosci\/wp-content\/uploads\/2026\/02\/animator-zlobek_750x200-410x109.webp 410w\" sizes=\"(max-width: 750px) 100vw, 750px\" class=\"no-lazyload\" width=\"750\" height=\"200\"  style=\"display: inline-block; max-width: 100%; height: auto;\" \/><\/a><\/div><\/div>\n<h4>Trzech udzia\u0142owc\u00f3w w Radzie Nadzorczej<\/h4>\n<p>W organie nadzoru Piasta zasi\u0105dzie teraz tr\u00f3jka przedstawicieli udzia\u0142owc\u00f3w. Najwi\u0119kszy pakiet 66,68 % akcji klubu z Okrzei posiada miasto reprezentowane od wtorku przez wiceprezydenta Tomal\u0119. Drugi pod wzgl\u0119dem wielko\u015bci udzia\u0142 (26,02%) nale\u017cy do Kar-Telu, kt\u00f3rego prezesem jest Ka\u0142u\u017ca. Najmniej akcji Piasta &#8211; bo zaledwie 7,3 % jest w posiadaniu Stowarzyszenia GKS &#8220;Piast&#8221; &#8211; tam prezesem jest <strong>Grzegorz Jaworski<\/strong>. <\/p>\n<h4>Spos\u00f3b na lepsz\u0105 kontrol\u0119?<\/h4>\n<p>Nie tak dawno temu na \u0142amach Miejskiego Serwisu Informacyjnego miasto apelowa\u0142o do w\u0142adz aktualnego Mistrza Polski w pi\u0142ce no\u017cnej o ujawnienie dok\u0142adnych danych finansowych za miniony sezon. <a href=\"https:\/\/www.24gliwice.pl\/wiadomosci\/piast-bez-dotacji-na-ii-polrocze-miasto-publicznie-domaga-sie-ujawnienia-danych-finansowych\/\" rel=\"noopener noreferrer\" target=\"_blank\">Rzecz dzia\u0142a si\u0119 w po\u0142owie sierpnia, pisali\u015bmy o tym tutaj. <\/a><\/p>\n<p>Ze wzgl\u0119du na brak wymaganych sprawozda\u0144 wstrzymano wyp\u0142at\u0119 Piastowi miejskiej dotacji na II p\u00f3\u0142rocze 2019 roku, przyznawanej w ramach wsparcia rozwoju sportu w dyscyplinach zespo\u0142owych. Poza wzmiank\u0105, \u017ce trwaj\u0105 rozmowy na ten temat, magistrat nie informowa\u0142 o dalszym biegu tej sprawy, jednak ju\u017c dwa tygodnie p\u00f3\u017aniej, po decyzji wydanej 29 sierpnia, pieni\u0105dze w kwocie 6 mln z\u0142otych zosta\u0142y klubowi przyznane. <\/p>\n<p>Nadz\u00f3r nad prawid\u0142ow\u0105 realizacj\u0105 zada\u0144 sp\u00f3\u0142ek z wi\u0119kszo\u015bciowym udzia\u0142em miasta, w tym r\u00f3wnie\u017c nad sp\u00f3\u0142k\u0105 Piast Gliwice S.A. sprawuje w Gliwicach wiceprezydent <strong>Adam Neumann<\/strong>. Widocznie tego rodzaju kontrola by\u0142a niedostateczna, gdy\u017c zdecydowano si\u0119 na wprowadzenie do Rady Nadzorczej klubu kolejnego wiceprezydenta &#8211; Krystiana Tomali. <\/p>\n<p>(\u017cms)<\/p>\n<div class=\"gliwi-a5-na-koncu-artykulow gliwi-entity-placement\" id=\"gliwi-165460601\"><div class=\"gliwi-adlabel\"><span style=\"font-size: 9px\">REKLAMA<\/span><\/div><div id=\"gliwi-3618696743\" style=\"margin-left: auto;margin-right: auto;text-align: center;\"><a data-no-instant=\"1\" href=\"https:\/\/prezeroarenagliwice.pl\/\" rel=\"noopener\" class=\"a2t-link\" target=\"_blank\" aria-label=\"20260309-PREZERO-WIOSNA-D\"><img loading=\"lazy\" decoding=\"async\" src=\"https:\/\/www.24gliwice.pl\/wiadomosci\/wp-content\/uploads\/2026\/03\/20260309-PREZERO-WIOSNA-D.webp\" alt=\"\"  srcset=\"https:\/\/www.24gliwice.pl\/wiadomosci\/wp-content\/uploads\/2026\/03\/20260309-PREZERO-WIOSNA-D.webp 750w, https:\/\/www.24gliwice.pl\/wiadomosci\/wp-content\/uploads\/2026\/03\/20260309-PREZERO-WIOSNA-D-410x109.webp 410w\" sizes=\"(max-width: 750px) 100vw, 750px\" class=\"no-lazyload\" width=\"750\" height=\"200\"  style=\"display: inline-block; max-width: 100%; height: auto;\" \/><\/a><\/div><\/div>","protected":false},"excerpt":{"rendered":"<p>Zast\u0119pca prezydenta Gliwic Krystian Tomala oraz prezes firmy Kar-Tel, Zbigniew Ka\u0142u\u017ca to nowi cz\u0142onkowie Rady Nadzorczej klubu Piast Gliwice S.A. Jak dowiadujemy si\u0119 z oficjalnej witryny internetowej Niebiesko-Czerwonych, we wtorek, 1 pa\u017adziernika, odby\u0142o si\u0119 Walne Zgromadzenie Akcjonariuszy Gliwickiego Klubu Sportowego \u201ePiast\u201d S.A. Na mocy podj\u0119tych uchwa\u0142 dokonano zmian w sk\u0142adzie Rady Nadzorczej Sp\u00f3\u0142ki. Do organu [&hellip;]<\/p>\n","protected":false},"author":15,"featured_media":104990,"comment_status":"open","ping_status":"closed","sticky":false,"template":"","format":"standard","meta":{"_monsterinsights_skip_tracking":false,"_monsterinsights_sitenote_active":false,"_monsterinsights_sitenote_note":"","_monsterinsights_sitenote_category":0,"footnotes":"","_links_to":"","_links_to_target":""},"categories":[3,1,9,23842],"tags":[16623,74,8438],"class_list":["post-141434","post","type-post","status-publish","format-standard","has-post-thumbnail","hentry","category-gliwice","category-wszystko","category-aktualnosci_lokalne","category-sport_gliwice","tag-kaluza","tag-piast-gliwice","tag-tomala"],"yoast_head":"<!-- This site is optimized with the Yoast SEO plugin v27.5 - https:\/\/yoast.com\/product\/yoast-seo-wordpress\/ -->\n<title>Spore zmiany w Radzie Nadzorczej Piasta Gliwice. W nowym sk\u0142adzie wiceprezydent oraz prezes Kar-Telu - 24GLIWICE - Portal Gliwice | codziennie nowe informacje<\/title>\n<meta name=\"robots\" content=\"index, follow, max-snippet:-1, max-image-preview:large, max-video-preview:-1\" \/>\n<link rel=\"canonical\" href=\"https:\/\/www.24gliwice.pl\/wiadomosci\/spore-zmiany-w-radzie-nadzorczej-piasta-gliwice-w-nowym-skladzie-wiceprezydent-oraz-prezes-kar-telu\/\" \/>\n<meta property=\"og:locale\" content=\"pl_PL\" \/>\n<meta property=\"og:type\" content=\"article\" \/>\n<meta property=\"og:title\" content=\"Spore zmiany w Radzie Nadzorczej Piasta Gliwice. W nowym sk\u0142adzie wiceprezydent oraz prezes Kar-Telu - 24GLIWICE - Portal Gliwice | codziennie nowe informacje\" \/>\n<meta property=\"og:description\" content=\"Zast\u0119pca prezydenta Gliwic Krystian Tomala oraz prezes firmy Kar-Tel, Zbigniew Ka\u0142u\u017ca to nowi cz\u0142onkowie Rady Nadzorczej klubu Piast Gliwice S.A. Jak dowiadujemy si\u0119 z oficjalnej witryny internetowej Niebiesko-Czerwonych, we wtorek, 1 pa\u017adziernika, odby\u0142o si\u0119 Walne Zgromadzenie Akcjonariuszy Gliwickiego Klubu Sportowego \u201ePiast\u201d S.A. Na mocy podj\u0119tych uchwa\u0142 dokonano zmian w sk\u0142adzie Rady Nadzorczej Sp\u00f3\u0142ki. Do organu [&hellip;]\" \/>\n<meta property=\"og:url\" content=\"https:\/\/www.24gliwice.pl\/wiadomosci\/spore-zmiany-w-radzie-nadzorczej-piasta-gliwice-w-nowym-skladzie-wiceprezydent-oraz-prezes-kar-telu\/\" \/>\n<meta property=\"og:site_name\" content=\"24GLIWICE - Portal Gliwice | codziennie nowe informacje\" \/>\n<meta property=\"article:publisher\" content=\"https:\/\/www.facebook.com\/24gliwice\" \/>\n<meta property=\"article:published_time\" content=\"2019-10-03T15:57:59+00:00\" \/>\n<meta property=\"article:modified_time\" content=\"2024-08-19T23:59:58+00:00\" \/>\n<meta property=\"og:image\" content=\"https:\/\/www.24gliwice.pl\/wiadomosci\/wp-content\/uploads\/2017\/09\/1-stadion-1-e1507549806512.jpg\" \/>\n\t<meta property=\"og:image:width\" content=\"810\" \/>\n\t<meta property=\"og:image:height\" content=\"457\" \/>\n\t<meta property=\"og:image:type\" content=\"image\/jpeg\" \/>\n<meta name=\"author\" content=\"\u017baneta Mrozek-Siewierska\" \/>\n<meta name=\"twitter:card\" content=\"summary_large_image\" \/>\n<meta name=\"twitter:creator\" content=\"@24gliwice\" \/>\n<meta name=\"twitter:site\" content=\"@24gliwice\" \/>\n<meta name=\"twitter:label1\" content=\"Napisane przez\" \/>\n\t<meta name=\"twitter:data1\" content=\"\u017baneta Mrozek-Siewierska\" \/>\n\t<meta name=\"twitter:label2\" content=\"Szacowany czas czytania\" \/>\n\t<meta name=\"twitter:data2\" content=\"2 minuty\" \/>\n<script type=\"application\/ld+json\" class=\"yoast-schema-graph\">{\"@context\":\"https:\\\/\\\/schema.org\",\"@graph\":[{\"@type\":\"Article\",\"@id\":\"https:\\\/\\\/www.24gliwice.pl\\\/wiadomosci\\\/spore-zmiany-w-radzie-nadzorczej-piasta-gliwice-w-nowym-skladzie-wiceprezydent-oraz-prezes-kar-telu\\\/#article\",\"isPartOf\":{\"@id\":\"https:\\\/\\\/www.24gliwice.pl\\\/wiadomosci\\\/spore-zmiany-w-radzie-nadzorczej-piasta-gliwice-w-nowym-skladzie-wiceprezydent-oraz-prezes-kar-telu\\\/\"},\"author\":{\"name\":\"\u017baneta Mrozek-Siewierska\",\"@id\":\"https:\\\/\\\/www.24gliwice.pl\\\/wiadomosci\\\/#\\\/schema\\\/person\\\/e42c650edd7f2fa332be3811fb166b6e\"},\"headline\":\"Spore zmiany w Radzie Nadzorczej Piasta Gliwice. W nowym sk\u0142adzie wiceprezydent oraz prezes Kar-Telu\",\"datePublished\":\"2019-10-03T15:57:59+00:00\",\"dateModified\":\"2024-08-19T23:59:58+00:00\",\"mainEntityOfPage\":{\"@id\":\"https:\\\/\\\/www.24gliwice.pl\\\/wiadomosci\\\/spore-zmiany-w-radzie-nadzorczej-piasta-gliwice-w-nowym-skladzie-wiceprezydent-oraz-prezes-kar-telu\\\/\"},\"wordCount\":351,\"commentCount\":0,\"publisher\":{\"@id\":\"https:\\\/\\\/www.24gliwice.pl\\\/wiadomosci\\\/#organization\"},\"image\":{\"@id\":\"https:\\\/\\\/www.24gliwice.pl\\\/wiadomosci\\\/spore-zmiany-w-radzie-nadzorczej-piasta-gliwice-w-nowym-skladzie-wiceprezydent-oraz-prezes-kar-telu\\\/#primaryimage\"},\"thumbnailUrl\":\"https:\\\/\\\/www.24gliwice.pl\\\/wiadomosci\\\/wp-content\\\/uploads\\\/2017\\\/09\\\/1-stadion-1-e1507549806512.jpg\",\"keywords\":[\"ka\u0142u\u017ca\",\"PIAST GLIWICE\",\"tomala\"],\"articleSection\":[\"Gliwice\",\"Najnowsze wiadomo\u015bci\",\"Portal Gliwice - Wiadomo\u015bci lokalne\",\"Sport\"],\"inLanguage\":\"pl-PL\",\"potentialAction\":[{\"@type\":\"CommentAction\",\"name\":\"Comment\",\"target\":[\"https:\\\/\\\/www.24gliwice.pl\\\/wiadomosci\\\/spore-zmiany-w-radzie-nadzorczej-piasta-gliwice-w-nowym-skladzie-wiceprezydent-oraz-prezes-kar-telu\\\/#respond\"]}]},{\"@type\":\"WebPage\",\"@id\":\"https:\\\/\\\/www.24gliwice.pl\\\/wiadomosci\\\/spore-zmiany-w-radzie-nadzorczej-piasta-gliwice-w-nowym-skladzie-wiceprezydent-oraz-prezes-kar-telu\\\/\",\"url\":\"https:\\\/\\\/www.24gliwice.pl\\\/wiadomosci\\\/spore-zmiany-w-radzie-nadzorczej-piasta-gliwice-w-nowym-skladzie-wiceprezydent-oraz-prezes-kar-telu\\\/\",\"name\":\"Spore zmiany w Radzie Nadzorczej Piasta Gliwice. W nowym sk\u0142adzie wiceprezydent oraz prezes Kar-Telu - 24GLIWICE - Portal Gliwice | codziennie nowe informacje\",\"isPartOf\":{\"@id\":\"https:\\\/\\\/www.24gliwice.pl\\\/wiadomosci\\\/#website\"},\"primaryImageOfPage\":{\"@id\":\"https:\\\/\\\/www.24gliwice.pl\\\/wiadomosci\\\/spore-zmiany-w-radzie-nadzorczej-piasta-gliwice-w-nowym-skladzie-wiceprezydent-oraz-prezes-kar-telu\\\/#primaryimage\"},\"image\":{\"@id\":\"https:\\\/\\\/www.24gliwice.pl\\\/wiadomosci\\\/spore-zmiany-w-radzie-nadzorczej-piasta-gliwice-w-nowym-skladzie-wiceprezydent-oraz-prezes-kar-telu\\\/#primaryimage\"},\"thumbnailUrl\":\"https:\\\/\\\/www.24gliwice.pl\\\/wiadomosci\\\/wp-content\\\/uploads\\\/2017\\\/09\\\/1-stadion-1-e1507549806512.jpg\",\"datePublished\":\"2019-10-03T15:57:59+00:00\",\"dateModified\":\"2024-08-19T23:59:58+00:00\",\"breadcrumb\":{\"@id\":\"https:\\\/\\\/www.24gliwice.pl\\\/wiadomosci\\\/spore-zmiany-w-radzie-nadzorczej-piasta-gliwice-w-nowym-skladzie-wiceprezydent-oraz-prezes-kar-telu\\\/#breadcrumb\"},\"inLanguage\":\"pl-PL\",\"potentialAction\":[{\"@type\":\"ReadAction\",\"target\":[\"https:\\\/\\\/www.24gliwice.pl\\\/wiadomosci\\\/spore-zmiany-w-radzie-nadzorczej-piasta-gliwice-w-nowym-skladzie-wiceprezydent-oraz-prezes-kar-telu\\\/\"]}]},{\"@type\":\"ImageObject\",\"inLanguage\":\"pl-PL\",\"@id\":\"https:\\\/\\\/www.24gliwice.pl\\\/wiadomosci\\\/spore-zmiany-w-radzie-nadzorczej-piasta-gliwice-w-nowym-skladzie-wiceprezydent-oraz-prezes-kar-telu\\\/#primaryimage\",\"url\":\"https:\\\/\\\/www.24gliwice.pl\\\/wiadomosci\\\/wp-content\\\/uploads\\\/2017\\\/09\\\/1-stadion-1-e1507549806512.jpg\",\"contentUrl\":\"https:\\\/\\\/www.24gliwice.pl\\\/wiadomosci\\\/wp-content\\\/uploads\\\/2017\\\/09\\\/1-stadion-1-e1507549806512.jpg\",\"width\":810,\"height\":457},{\"@type\":\"BreadcrumbList\",\"@id\":\"https:\\\/\\\/www.24gliwice.pl\\\/wiadomosci\\\/spore-zmiany-w-radzie-nadzorczej-piasta-gliwice-w-nowym-skladzie-wiceprezydent-oraz-prezes-kar-telu\\\/#breadcrumb\",\"itemListElement\":[{\"@type\":\"ListItem\",\"position\":1,\"name\":\"Strona g\u0142\u00f3wna\",\"item\":\"https:\\\/\\\/www.24gliwice.pl\\\/wiadomosci\\\/\"},{\"@type\":\"ListItem\",\"position\":2,\"name\":\"Spore zmiany w Radzie Nadzorczej Piasta Gliwice. W nowym sk\u0142adzie wiceprezydent oraz prezes Kar-Telu\"}]},{\"@type\":\"WebSite\",\"@id\":\"https:\\\/\\\/www.24gliwice.pl\\\/wiadomosci\\\/#website\",\"url\":\"https:\\\/\\\/www.24gliwice.pl\\\/wiadomosci\\\/\",\"name\":\"24GLIWICE - Portal Gliwice | codziennie nowe wiadomo\u015bci\",\"description\":\"Portal Miejski Gliwice\",\"publisher\":{\"@id\":\"https:\\\/\\\/www.24gliwice.pl\\\/wiadomosci\\\/#organization\"},\"potentialAction\":[{\"@type\":\"SearchAction\",\"target\":{\"@type\":\"EntryPoint\",\"urlTemplate\":\"https:\\\/\\\/www.24gliwice.pl\\\/wiadomosci\\\/?s={search_term_string}\"},\"query-input\":{\"@type\":\"PropertyValueSpecification\",\"valueRequired\":true,\"valueName\":\"search_term_string\"}}],\"inLanguage\":\"pl-PL\"},{\"@type\":\"Organization\",\"@id\":\"https:\\\/\\\/www.24gliwice.pl\\\/wiadomosci\\\/#organization\",\"name\":\"24gliwice\",\"url\":\"https:\\\/\\\/www.24gliwice.pl\\\/wiadomosci\\\/\",\"logo\":{\"@type\":\"ImageObject\",\"inLanguage\":\"pl-PL\",\"@id\":\"https:\\\/\\\/www.24gliwice.pl\\\/wiadomosci\\\/#\\\/schema\\\/logo\\\/image\\\/\",\"url\":\"https:\\\/\\\/www.24gliwice.pl\\\/wiadomosci\\\/wp-content\\\/uploads\\\/2024\\\/10\\\/24gliwice-logo-696.jpg\",\"contentUrl\":\"https:\\\/\\\/www.24gliwice.pl\\\/wiadomosci\\\/wp-content\\\/uploads\\\/2024\\\/10\\\/24gliwice-logo-696.jpg\",\"width\":696,\"height\":696,\"caption\":\"24gliwice\"},\"image\":{\"@id\":\"https:\\\/\\\/www.24gliwice.pl\\\/wiadomosci\\\/#\\\/schema\\\/logo\\\/image\\\/\"},\"sameAs\":[\"https:\\\/\\\/www.facebook.com\\\/24gliwice\",\"https:\\\/\\\/x.com\\\/24gliwice\",\"https:\\\/\\\/www.youtube.com\\\/@24gliwice\"]},{\"@type\":\"Person\",\"@id\":\"https:\\\/\\\/www.24gliwice.pl\\\/wiadomosci\\\/#\\\/schema\\\/person\\\/e42c650edd7f2fa332be3811fb166b6e\",\"name\":\"\u017baneta Mrozek-Siewierska\",\"image\":{\"@type\":\"ImageObject\",\"inLanguage\":\"pl-PL\",\"@id\":\"https:\\\/\\\/secure.gravatar.com\\\/avatar\\\/1881429e9c64597c77ad7aef2d0a19be69a3253e57534d16aa15bf3a4d34a0a3?s=96&d=mm&r=g\",\"url\":\"https:\\\/\\\/secure.gravatar.com\\\/avatar\\\/1881429e9c64597c77ad7aef2d0a19be69a3253e57534d16aa15bf3a4d34a0a3?s=96&d=mm&r=g\",\"contentUrl\":\"https:\\\/\\\/secure.gravatar.com\\\/avatar\\\/1881429e9c64597c77ad7aef2d0a19be69a3253e57534d16aa15bf3a4d34a0a3?s=96&d=mm&r=g\",\"caption\":\"\u017baneta Mrozek-Siewierska\"},\"url\":\"https:\\\/\\\/www.24gliwice.pl\\\/wiadomosci\\\/author\\\/zms\\\/\"}]}<\/script>\n<!-- \/ Yoast SEO plugin. -->","yoast_head_json":{"title":"Spore zmiany w Radzie Nadzorczej Piasta Gliwice. W nowym sk\u0142adzie wiceprezydent oraz prezes Kar-Telu - 24GLIWICE - Portal Gliwice | codziennie nowe informacje","robots":{"index":"index","follow":"follow","max-snippet":"max-snippet:-1","max-image-preview":"max-image-preview:large","max-video-preview":"max-video-preview:-1"},"canonical":"https:\/\/www.24gliwice.pl\/wiadomosci\/spore-zmiany-w-radzie-nadzorczej-piasta-gliwice-w-nowym-skladzie-wiceprezydent-oraz-prezes-kar-telu\/","og_locale":"pl_PL","og_type":"article","og_title":"Spore zmiany w Radzie Nadzorczej Piasta Gliwice. W nowym sk\u0142adzie wiceprezydent oraz prezes Kar-Telu - 24GLIWICE - Portal Gliwice | codziennie nowe informacje","og_description":"Zast\u0119pca prezydenta Gliwic Krystian Tomala oraz prezes firmy Kar-Tel, Zbigniew Ka\u0142u\u017ca to nowi cz\u0142onkowie Rady Nadzorczej klubu Piast Gliwice S.A. Jak dowiadujemy si\u0119 z oficjalnej witryny internetowej Niebiesko-Czerwonych, we wtorek, 1 pa\u017adziernika, odby\u0142o si\u0119 Walne Zgromadzenie Akcjonariuszy Gliwickiego Klubu Sportowego \u201ePiast\u201d S.A. Na mocy podj\u0119tych uchwa\u0142 dokonano zmian w sk\u0142adzie Rady Nadzorczej Sp\u00f3\u0142ki. Do organu [&hellip;]","og_url":"https:\/\/www.24gliwice.pl\/wiadomosci\/spore-zmiany-w-radzie-nadzorczej-piasta-gliwice-w-nowym-skladzie-wiceprezydent-oraz-prezes-kar-telu\/","og_site_name":"24GLIWICE - Portal Gliwice | codziennie nowe informacje","article_publisher":"https:\/\/www.facebook.com\/24gliwice","article_published_time":"2019-10-03T15:57:59+00:00","article_modified_time":"2024-08-19T23:59:58+00:00","og_image":[{"width":810,"height":457,"url":"https:\/\/www.24gliwice.pl\/wiadomosci\/wp-content\/uploads\/2017\/09\/1-stadion-1-e1507549806512.jpg","type":"image\/jpeg"}],"author":"\u017baneta Mrozek-Siewierska","twitter_card":"summary_large_image","twitter_creator":"@24gliwice","twitter_site":"@24gliwice","twitter_misc":{"Napisane przez":"\u017baneta Mrozek-Siewierska","Szacowany czas czytania":"2 minuty"},"schema":{"@context":"https:\/\/schema.org","@graph":[{"@type":"Article","@id":"https:\/\/www.24gliwice.pl\/wiadomosci\/spore-zmiany-w-radzie-nadzorczej-piasta-gliwice-w-nowym-skladzie-wiceprezydent-oraz-prezes-kar-telu\/#article","isPartOf":{"@id":"https:\/\/www.24gliwice.pl\/wiadomosci\/spore-zmiany-w-radzie-nadzorczej-piasta-gliwice-w-nowym-skladzie-wiceprezydent-oraz-prezes-kar-telu\/"},"author":{"name":"\u017baneta Mrozek-Siewierska","@id":"https:\/\/www.24gliwice.pl\/wiadomosci\/#\/schema\/person\/e42c650edd7f2fa332be3811fb166b6e"},"headline":"Spore zmiany w Radzie Nadzorczej Piasta Gliwice. W nowym sk\u0142adzie wiceprezydent oraz prezes Kar-Telu","datePublished":"2019-10-03T15:57:59+00:00","dateModified":"2024-08-19T23:59:58+00:00","mainEntityOfPage":{"@id":"https:\/\/www.24gliwice.pl\/wiadomosci\/spore-zmiany-w-radzie-nadzorczej-piasta-gliwice-w-nowym-skladzie-wiceprezydent-oraz-prezes-kar-telu\/"},"wordCount":351,"commentCount":0,"publisher":{"@id":"https:\/\/www.24gliwice.pl\/wiadomosci\/#organization"},"image":{"@id":"https:\/\/www.24gliwice.pl\/wiadomosci\/spore-zmiany-w-radzie-nadzorczej-piasta-gliwice-w-nowym-skladzie-wiceprezydent-oraz-prezes-kar-telu\/#primaryimage"},"thumbnailUrl":"https:\/\/www.24gliwice.pl\/wiadomosci\/wp-content\/uploads\/2017\/09\/1-stadion-1-e1507549806512.jpg","keywords":["ka\u0142u\u017ca","PIAST GLIWICE","tomala"],"articleSection":["Gliwice","Najnowsze wiadomo\u015bci","Portal Gliwice - Wiadomo\u015bci lokalne","Sport"],"inLanguage":"pl-PL","potentialAction":[{"@type":"CommentAction","name":"Comment","target":["https:\/\/www.24gliwice.pl\/wiadomosci\/spore-zmiany-w-radzie-nadzorczej-piasta-gliwice-w-nowym-skladzie-wiceprezydent-oraz-prezes-kar-telu\/#respond"]}]},{"@type":"WebPage","@id":"https:\/\/www.24gliwice.pl\/wiadomosci\/spore-zmiany-w-radzie-nadzorczej-piasta-gliwice-w-nowym-skladzie-wiceprezydent-oraz-prezes-kar-telu\/","url":"https:\/\/www.24gliwice.pl\/wiadomosci\/spore-zmiany-w-radzie-nadzorczej-piasta-gliwice-w-nowym-skladzie-wiceprezydent-oraz-prezes-kar-telu\/","name":"Spore zmiany w Radzie Nadzorczej Piasta Gliwice. W nowym sk\u0142adzie wiceprezydent oraz prezes Kar-Telu - 24GLIWICE - Portal Gliwice | codziennie nowe informacje","isPartOf":{"@id":"https:\/\/www.24gliwice.pl\/wiadomosci\/#website"},"primaryImageOfPage":{"@id":"https:\/\/www.24gliwice.pl\/wiadomosci\/spore-zmiany-w-radzie-nadzorczej-piasta-gliwice-w-nowym-skladzie-wiceprezydent-oraz-prezes-kar-telu\/#primaryimage"},"image":{"@id":"https:\/\/www.24gliwice.pl\/wiadomosci\/spore-zmiany-w-radzie-nadzorczej-piasta-gliwice-w-nowym-skladzie-wiceprezydent-oraz-prezes-kar-telu\/#primaryimage"},"thumbnailUrl":"https:\/\/www.24gliwice.pl\/wiadomosci\/wp-content\/uploads\/2017\/09\/1-stadion-1-e1507549806512.jpg","datePublished":"2019-10-03T15:57:59+00:00","dateModified":"2024-08-19T23:59:58+00:00","breadcrumb":{"@id":"https:\/\/www.24gliwice.pl\/wiadomosci\/spore-zmiany-w-radzie-nadzorczej-piasta-gliwice-w-nowym-skladzie-wiceprezydent-oraz-prezes-kar-telu\/#breadcrumb"},"inLanguage":"pl-PL","potentialAction":[{"@type":"ReadAction","target":["https:\/\/www.24gliwice.pl\/wiadomosci\/spore-zmiany-w-radzie-nadzorczej-piasta-gliwice-w-nowym-skladzie-wiceprezydent-oraz-prezes-kar-telu\/"]}]},{"@type":"ImageObject","inLanguage":"pl-PL","@id":"https:\/\/www.24gliwice.pl\/wiadomosci\/spore-zmiany-w-radzie-nadzorczej-piasta-gliwice-w-nowym-skladzie-wiceprezydent-oraz-prezes-kar-telu\/#primaryimage","url":"https:\/\/www.24gliwice.pl\/wiadomosci\/wp-content\/uploads\/2017\/09\/1-stadion-1-e1507549806512.jpg","contentUrl":"https:\/\/www.24gliwice.pl\/wiadomosci\/wp-content\/uploads\/2017\/09\/1-stadion-1-e1507549806512.jpg","width":810,"height":457},{"@type":"BreadcrumbList","@id":"https:\/\/www.24gliwice.pl\/wiadomosci\/spore-zmiany-w-radzie-nadzorczej-piasta-gliwice-w-nowym-skladzie-wiceprezydent-oraz-prezes-kar-telu\/#breadcrumb","itemListElement":[{"@type":"ListItem","position":1,"name":"Strona g\u0142\u00f3wna","item":"https:\/\/www.24gliwice.pl\/wiadomosci\/"},{"@type":"ListItem","position":2,"name":"Spore zmiany w Radzie Nadzorczej Piasta Gliwice. W nowym sk\u0142adzie wiceprezydent oraz prezes Kar-Telu"}]},{"@type":"WebSite","@id":"https:\/\/www.24gliwice.pl\/wiadomosci\/#website","url":"https:\/\/www.24gliwice.pl\/wiadomosci\/","name":"24GLIWICE - Portal Gliwice | codziennie nowe wiadomo\u015bci","description":"Portal Miejski Gliwice","publisher":{"@id":"https:\/\/www.24gliwice.pl\/wiadomosci\/#organization"},"potentialAction":[{"@type":"SearchAction","target":{"@type":"EntryPoint","urlTemplate":"https:\/\/www.24gliwice.pl\/wiadomosci\/?s={search_term_string}"},"query-input":{"@type":"PropertyValueSpecification","valueRequired":true,"valueName":"search_term_string"}}],"inLanguage":"pl-PL"},{"@type":"Organization","@id":"https:\/\/www.24gliwice.pl\/wiadomosci\/#organization","name":"24gliwice","url":"https:\/\/www.24gliwice.pl\/wiadomosci\/","logo":{"@type":"ImageObject","inLanguage":"pl-PL","@id":"https:\/\/www.24gliwice.pl\/wiadomosci\/#\/schema\/logo\/image\/","url":"https:\/\/www.24gliwice.pl\/wiadomosci\/wp-content\/uploads\/2024\/10\/24gliwice-logo-696.jpg","contentUrl":"https:\/\/www.24gliwice.pl\/wiadomosci\/wp-content\/uploads\/2024\/10\/24gliwice-logo-696.jpg","width":696,"height":696,"caption":"24gliwice"},"image":{"@id":"https:\/\/www.24gliwice.pl\/wiadomosci\/#\/schema\/logo\/image\/"},"sameAs":["https:\/\/www.facebook.com\/24gliwice","https:\/\/x.com\/24gliwice","https:\/\/www.youtube.com\/@24gliwice"]},{"@type":"Person","@id":"https:\/\/www.24gliwice.pl\/wiadomosci\/#\/schema\/person\/e42c650edd7f2fa332be3811fb166b6e","name":"\u017baneta Mrozek-Siewierska","image":{"@type":"ImageObject","inLanguage":"pl-PL","@id":"https:\/\/secure.gravatar.com\/avatar\/1881429e9c64597c77ad7aef2d0a19be69a3253e57534d16aa15bf3a4d34a0a3?s=96&d=mm&r=g","url":"https:\/\/secure.gravatar.com\/avatar\/1881429e9c64597c77ad7aef2d0a19be69a3253e57534d16aa15bf3a4d34a0a3?s=96&d=mm&r=g","contentUrl":"https:\/\/secure.gravatar.com\/avatar\/1881429e9c64597c77ad7aef2d0a19be69a3253e57534d16aa15bf3a4d34a0a3?s=96&d=mm&r=g","caption":"\u017baneta Mrozek-Siewierska"},"url":"https:\/\/www.24gliwice.pl\/wiadomosci\/author\/zms\/"}]}},"_links":{"self":[{"href":"https:\/\/www.24gliwice.pl\/wiadomosci\/wp-json\/wp\/v2\/posts\/141434","targetHints":{"allow":["GET"]}}],"collection":[{"href":"https:\/\/www.24gliwice.pl\/wiadomosci\/wp-json\/wp\/v2\/posts"}],"about":[{"href":"https:\/\/www.24gliwice.pl\/wiadomosci\/wp-json\/wp\/v2\/types\/post"}],"author":[{"embeddable":true,"href":"https:\/\/www.24gliwice.pl\/wiadomosci\/wp-json\/wp\/v2\/users\/15"}],"replies":[{"embeddable":true,"href":"https:\/\/www.24gliwice.pl\/wiadomosci\/wp-json\/wp\/v2\/comments?post=141434"}],"version-history":[{"count":0,"href":"https:\/\/www.24gliwice.pl\/wiadomosci\/wp-json\/wp\/v2\/posts\/141434\/revisions"}],"wp:featuredmedia":[{"embeddable":true,"href":"https:\/\/www.24gliwice.pl\/wiadomosci\/wp-json\/wp\/v2\/media\/104990"}],"wp:attachment":[{"href":"https:\/\/www.24gliwice.pl\/wiadomosci\/wp-json\/wp\/v2\/media?parent=141434"}],"wp:term":[{"taxonomy":"category","embeddable":true,"href":"https:\/\/www.24gliwice.pl\/wiadomosci\/wp-json\/wp\/v2\/categories?post=141434"},{"taxonomy":"post_tag","embeddable":true,"href":"https:\/\/www.24gliwice.pl\/wiadomosci\/wp-json\/wp\/v2\/tags?post=141434"}],"curies":[{"name":"wp","href":"https:\/\/api.w.org\/{rel}","templated":true}]}}