{"id":141940,"date":"2019-10-15T14:25:12","date_gmt":"2019-10-15T12:25:12","guid":{"rendered":"https:\/\/www.24gliwice.pl\/wiadomosci\/?p=141940"},"modified":"2019-10-15T14:25:12","modified_gmt":"2019-10-15T12:25:12","slug":"pijany-kierowca-zatrzymal-samochod-na-drzewie-nietrzezwi-za-kolkiem-to-ciagle-codziennosc","status":"publish","type":"post","link":"https:\/\/www.24gliwice.pl\/wiadomosci\/pijany-kierowca-zatrzymal-samochod-na-drzewie-nietrzezwi-za-kolkiem-to-ciagle-codziennosc\/","title":{"rendered":"Pijany kierowca zatrzyma\u0142 samoch\u00f3d na drzewie. Nietrze\u017awi &#8220;za k\u00f3\u0142kiem&#8221; to ci\u0105gle codzienno\u015b\u0107"},"content":{"rendered":"<div class=\"gliwi-a6-nad-leadem-artykulow gliwi-entity-placement\" id=\"gliwi-1621565465\"><div class=\"gliwi-adlabel\"><span style=\"font-size: 9px\">REKLAMA<\/span><\/div><div id=\"gliwi-488296866\" style=\"margin-bottom: 25px;margin-left: auto;margin-right: auto;text-align: center;\"><a data-no-instant=\"1\" href=\"https:\/\/dom100.eu\/\" rel=\"noopener\" class=\"a2t-link\" target=\"_blank\" aria-label=\"20260415 DOM100 D\"><img loading=\"lazy\" decoding=\"async\" src=\"https:\/\/www.24gliwice.pl\/wiadomosci\/wp-content\/uploads\/2026\/04\/20260415-DOM100-D.jpg\" alt=\"\"  srcset=\"https:\/\/www.24gliwice.pl\/wiadomosci\/wp-content\/uploads\/2026\/04\/20260415-DOM100-D.jpg 750w, https:\/\/www.24gliwice.pl\/wiadomosci\/wp-content\/uploads\/2026\/04\/20260415-DOM100-D-410x109.jpg 410w\" sizes=\"(max-width: 750px) 100vw, 750px\" class=\"no-lazyload\" width=\"750\" height=\"200\"  style=\"display: inline-block; max-width: 100%; height: auto;\" \/><\/a><\/div><\/div><h3>Tylko w poniedzia\u0142ek na terenie dzia\u0142ania gliwickiej policji zatrzymano czworo pijanych kieruj\u0105cych. Wszyscy stracili uprawnienia, czekaj\u0105 ich powa\u017cne konsekwencje finansowe oraz wyroki.<\/p>\n<p><strong>Godzina 4:10<\/strong>, ul. Tarnog\u00f3rska w Gliwicach: podczas kontroli drogowej patrol zatrzymuje 35-letniego gliwiczanina jad\u0105cego motocyklem marki Honda. M\u0119\u017cczyzna prowadzi, mimo \u017ce w jego krwi znajduje si\u0119 0,8 promila alkoholu.<\/p><div class=\"gliwi-a3-w-tresci-artykulow gliwi-entity-placement\" id=\"gliwi-813987816\"><div class=\"gliwi-adlabel\"><span style=\"font-size: 9px\">REKLAMA<\/span><\/div><div id=\"gliwi-3106794810\" style=\"margin-bottom: 30px;margin-left: auto;margin-right: auto;text-align: center;\"><a data-no-instant=\"1\" href=\"https:\/\/zlobek.halogen.org.pl\/\" rel=\"noopener\" class=\"a2t-link\" target=\"_blank\" aria-label=\"animator-zlobek_750x200\"><img loading=\"lazy\" decoding=\"async\" src=\"https:\/\/www.24gliwice.pl\/wiadomosci\/wp-content\/uploads\/2026\/02\/animator-zlobek_750x200.webp\" alt=\"\"  srcset=\"https:\/\/www.24gliwice.pl\/wiadomosci\/wp-content\/uploads\/2026\/02\/animator-zlobek_750x200.webp 750w, https:\/\/www.24gliwice.pl\/wiadomosci\/wp-content\/uploads\/2026\/02\/animator-zlobek_750x200-410x109.webp 410w\" sizes=\"(max-width: 750px) 100vw, 750px\" class=\"no-lazyload\" width=\"750\" height=\"200\"  style=\"display: inline-block; max-width: 100%; height: auto;\" \/><\/a><\/div><\/div>\n<p><strong>Godzina 9:40<\/strong>, knurowski odcinek autostrady A1: policjanci zatrzymuj\u0105 23-latk\u0119 kieruj\u0105c\u0105 samochodem marki Hyundai. Kobieta prowadzi w stanie nietrze\u017awo\u015bci \u2013 ponad 0,6 promila.<\/p>\n<p><strong>Godzina 10:00<\/strong>, Ku\u017ania Nieborowska, ul. Krywa\u0142dzka: policjanci z drog\u00f3wki zatrzymuj\u0105 do kontroli bmw. Kieruj\u0105cy nim 38-latek z Gliwic okazuje si\u0119 nietrze\u017awy \u2013 wynik badania to ponad 0,5 promila.<\/p>\n<p><strong>Godzina 21:31<\/strong>, ul. Jasna w Gliwicach: dochodzi do samoujawnienia si\u0119 sprawcy przest\u0119pstwa \u2013 mercedes na \u015bwi\u0119tokrzyskich numerach rejestracyjnych rozbija si\u0119 na drzewie. Na szcz\u0119\u015bcie nikt nie doznaje powa\u017cnych obra\u017ce\u0144. Kieruj\u0105cy, 35-letni gliwiczanin, jest kompletnie pijany, w jego organizmie kr\u0105\u017cy 2,2 promila alkoholu.<\/p>\n<p><iframe loading=\"lazy\" src=\"https:\/\/www.facebook.com\/plugins\/post.php?href=https%3A%2F%2Fwww.facebook.com%2Fspottedgliwice%2Fposts%2F2309197129202388&#038;width=500\" width=\"500\" height=\"612\" style=\"border:none;overflow:hidden\" scrolling=\"no\" frameborder=\"0\" allowTransparency=\"true\" allow=\"encrypted-media\"><\/iframe><\/p>\n<p>Policja przypomina, jak wygl\u0105da sprawa zawarto\u015bci alkoholu we krwi i odpowiadaj\u0105cej mu odpowiedzialno\u015bci karnej:<\/p>\n<p>* <strong>0,2-0,5 promila<\/strong> to tzw. jazda po u\u017cyciu alkoholu, traktowana jako wykroczenie; kary: areszt do 30 dni lub grzywna do 5 tys. z\u0142, 10 punkt\u00f3w karnych, zakaz prowadzenia pojazd\u00f3w od 6 miesi\u0119cy do 3 lat,<\/p>\n<p>* <strong>powy\u017cej 0,5 promila<\/strong> to wed\u0142ug prawa jazda w stanie nietrze\u017awo\u015bci, jest przest\u0119pstwem; niekt\u00f3re z katalogu kar: grzywna o wysoko\u015bci uzale\u017cnionej od dochod\u00f3w, do 540 stawek dziennych, 10 punkt\u00f3w karnych, kara ograniczenia wolno\u015bci lub kara pozbawienia wolno\u015bci do lat 2.<\/p>\n<p>Je\u017celi w czasie pope\u0142nienia przest\u0119pstwa przeciwko bezpiecze\u0144stwu w komunikacji sprawca by\u0142 w stanie nietrze\u017awo\u015bci, s\u0105d zawsze orzeka zakaz prowadzenia pojazd\u00f3w mechanicznych albo pojazd\u00f3w konkretnego rodzaju na okres nie kr\u00f3tszy ni\u017c 3 lata. <\/p>\n<h3>Je\u015bli kieruj\u0105c pojazdem w stanie nietrze\u017awo\u015bci, sprawca spowodowa\u0142 wypadek, w kt\u00f3rym s\u0105 zabici lub ranni, s\u0105d mo\u017ce orzec do\u017cywotni zakaz prowadzenia pojazd\u00f3w mechanicznych.<\/h3>\n<p>S\u0105d orzeka r\u00f3wnie\u017c \u015bwiadczenie pieni\u0119\u017cne na rzecz Funduszu Pomocy Pokrzywdzonym oraz Pomocy Postpenitencjarnej w wysoko\u015bci nie mniejszej ni\u017c 5 tys. z\u0142. Osoba, kt\u00f3ra w stanie nietrze\u017awo\u015bci lub pod wp\u0142ywem narkotyk\u00f3w spowodowa\u0142a wypadek \u015bmiertelny lub ci\u0119\u017ckie uszkodzenie cia\u0142a, jest skazywana na co najmniej 2 lata wi\u0119zienia bez zawieszenia. <\/p>\n<p>Pami\u0119tajmy te\u017c: ubezpieczenie OC nie chroni pijanego kieruj\u0105cego. Ubezpieczyciel wyp\u0142aci odszkodowanie osobie poszkodowanej przez pijanego kierowc\u0119, ale wyst\u0105pi do sprawcy z regresem prawnym. Regres to nic innego, jak odzyskanie wyp\u0142aconej kwoty od sprawcy. W naszym kraju zdarza\u0142y si\u0119 ju\u017c kilkusettysi\u0119czne kwoty regresu.<\/p>\n<p>(\u017cms)\/KMP Gliwice<\/p>\n<div class=\"gliwi-a5-na-koncu-artykulow gliwi-entity-placement\" id=\"gliwi-3246164243\"><div class=\"gliwi-adlabel\"><span style=\"font-size: 9px\">REKLAMA<\/span><\/div><div id=\"gliwi-2094201716\" style=\"margin-left: auto;margin-right: auto;text-align: center;\"><a data-no-instant=\"1\" href=\"https:\/\/prezeroarenagliwice.pl\/\" rel=\"noopener\" class=\"a2t-link\" target=\"_blank\" aria-label=\"20260309-PREZERO-WIOSNA-D\"><img loading=\"lazy\" decoding=\"async\" src=\"https:\/\/www.24gliwice.pl\/wiadomosci\/wp-content\/uploads\/2026\/03\/20260309-PREZERO-WIOSNA-D.webp\" alt=\"\"  srcset=\"https:\/\/www.24gliwice.pl\/wiadomosci\/wp-content\/uploads\/2026\/03\/20260309-PREZERO-WIOSNA-D.webp 750w, https:\/\/www.24gliwice.pl\/wiadomosci\/wp-content\/uploads\/2026\/03\/20260309-PREZERO-WIOSNA-D-410x109.webp 410w\" sizes=\"(max-width: 750px) 100vw, 750px\" class=\"no-lazyload\" width=\"750\" height=\"200\"  style=\"display: inline-block; max-width: 100%; height: auto;\" \/><\/a><\/div><\/div>","protected":false},"excerpt":{"rendered":"<p>Tylko w poniedzia\u0142ek na terenie dzia\u0142ania gliwickiej policji zatrzymano czworo pijanych kieruj\u0105cych. Wszyscy stracili uprawnienia, czekaj\u0105 ich powa\u017cne konsekwencje finansowe oraz wyroki. Godzina 4:10, ul. Tarnog\u00f3rska w Gliwicach: podczas kontroli drogowej patrol zatrzymuje 35-letniego gliwiczanina jad\u0105cego motocyklem marki Honda. M\u0119\u017cczyzna prowadzi, mimo \u017ce w jego krwi znajduje si\u0119 0,8 promila alkoholu. Godzina 9:40, knurowski odcinek [&hellip;]<\/p>\n","protected":false},"author":15,"featured_media":141955,"comment_status":"open","ping_status":"closed","sticky":false,"template":"","format":"standard","meta":{"_monsterinsights_skip_tracking":false,"_monsterinsights_sitenote_active":false,"_monsterinsights_sitenote_note":"","_monsterinsights_sitenote_category":0,"footnotes":"","_links_to":"","_links_to_target":""},"categories":[3,1,5],"tags":[6226,2079],"class_list":["post-141940","post","type-post","status-publish","format-standard","has-post-thumbnail","hentry","category-gliwice","category-wszystko","category-kryminalki","tag-alkohol","tag-pijany-kierowca"],"yoast_head":"<!-- This site is optimized with the Yoast SEO plugin v27.5 - https:\/\/yoast.com\/product\/yoast-seo-wordpress\/ -->\n<title>Pijany kierowca zatrzyma\u0142 samoch\u00f3d na drzewie. Nietrze\u017awi &quot;za k\u00f3\u0142kiem&quot; to ci\u0105gle codzienno\u015b\u0107 - 24GLIWICE - Portal Gliwice | codziennie nowe informacje<\/title>\n<meta name=\"robots\" content=\"index, follow, max-snippet:-1, max-image-preview:large, max-video-preview:-1\" \/>\n<link rel=\"canonical\" href=\"https:\/\/www.24gliwice.pl\/wiadomosci\/pijany-kierowca-zatrzymal-samochod-na-drzewie-nietrzezwi-za-kolkiem-to-ciagle-codziennosc\/\" \/>\n<meta property=\"og:locale\" content=\"pl_PL\" \/>\n<meta property=\"og:type\" content=\"article\" \/>\n<meta property=\"og:title\" content=\"Pijany kierowca zatrzyma\u0142 samoch\u00f3d na drzewie. Nietrze\u017awi &quot;za k\u00f3\u0142kiem&quot; to ci\u0105gle codzienno\u015b\u0107 - 24GLIWICE - Portal Gliwice | codziennie nowe informacje\" \/>\n<meta property=\"og:description\" content=\"Tylko w poniedzia\u0142ek na terenie dzia\u0142ania gliwickiej policji zatrzymano czworo pijanych kieruj\u0105cych. Wszyscy stracili uprawnienia, czekaj\u0105 ich powa\u017cne konsekwencje finansowe oraz wyroki. Godzina 4:10, ul. Tarnog\u00f3rska w Gliwicach: podczas kontroli drogowej patrol zatrzymuje 35-letniego gliwiczanina jad\u0105cego motocyklem marki Honda. M\u0119\u017cczyzna prowadzi, mimo \u017ce w jego krwi znajduje si\u0119 0,8 promila alkoholu. Godzina 9:40, knurowski odcinek [&hellip;]\" \/>\n<meta property=\"og:url\" content=\"https:\/\/www.24gliwice.pl\/wiadomosci\/pijany-kierowca-zatrzymal-samochod-na-drzewie-nietrzezwi-za-kolkiem-to-ciagle-codziennosc\/\" \/>\n<meta property=\"og:site_name\" content=\"24GLIWICE - Portal Gliwice | codziennie nowe informacje\" \/>\n<meta property=\"article:publisher\" content=\"https:\/\/www.facebook.com\/24gliwice\" \/>\n<meta property=\"article:published_time\" content=\"2019-10-15T12:25:12+00:00\" \/>\n<meta property=\"og:image\" content=\"https:\/\/www.24gliwice.pl\/wiadomosci\/wp-content\/uploads\/2019\/10\/auto-na-drzewie.jpg\" \/>\n\t<meta property=\"og:image:width\" content=\"895\" \/>\n\t<meta property=\"og:image:height\" content=\"505\" \/>\n\t<meta property=\"og:image:type\" content=\"image\/jpeg\" \/>\n<meta name=\"author\" content=\"\u017baneta Mrozek-Siewierska\" \/>\n<meta name=\"twitter:card\" content=\"summary_large_image\" \/>\n<meta name=\"twitter:creator\" content=\"@24gliwice\" \/>\n<meta name=\"twitter:site\" content=\"@24gliwice\" \/>\n<meta name=\"twitter:label1\" content=\"Napisane przez\" \/>\n\t<meta name=\"twitter:data1\" content=\"\u017baneta Mrozek-Siewierska\" \/>\n\t<meta name=\"twitter:label2\" content=\"Szacowany czas czytania\" \/>\n\t<meta name=\"twitter:data2\" content=\"2 minuty\" \/>\n<script type=\"application\/ld+json\" class=\"yoast-schema-graph\">{\"@context\":\"https:\\\/\\\/schema.org\",\"@graph\":[{\"@type\":\"Article\",\"@id\":\"https:\\\/\\\/www.24gliwice.pl\\\/wiadomosci\\\/pijany-kierowca-zatrzymal-samochod-na-drzewie-nietrzezwi-za-kolkiem-to-ciagle-codziennosc\\\/#article\",\"isPartOf\":{\"@id\":\"https:\\\/\\\/www.24gliwice.pl\\\/wiadomosci\\\/pijany-kierowca-zatrzymal-samochod-na-drzewie-nietrzezwi-za-kolkiem-to-ciagle-codziennosc\\\/\"},\"author\":{\"name\":\"\u017baneta Mrozek-Siewierska\",\"@id\":\"https:\\\/\\\/www.24gliwice.pl\\\/wiadomosci\\\/#\\\/schema\\\/person\\\/e42c650edd7f2fa332be3811fb166b6e\"},\"headline\":\"Pijany kierowca zatrzyma\u0142 samoch\u00f3d na drzewie. Nietrze\u017awi &#8220;za k\u00f3\u0142kiem&#8221; to ci\u0105gle codzienno\u015b\u0107\",\"datePublished\":\"2019-10-15T12:25:12+00:00\",\"mainEntityOfPage\":{\"@id\":\"https:\\\/\\\/www.24gliwice.pl\\\/wiadomosci\\\/pijany-kierowca-zatrzymal-samochod-na-drzewie-nietrzezwi-za-kolkiem-to-ciagle-codziennosc\\\/\"},\"wordCount\":451,\"commentCount\":0,\"publisher\":{\"@id\":\"https:\\\/\\\/www.24gliwice.pl\\\/wiadomosci\\\/#organization\"},\"image\":{\"@id\":\"https:\\\/\\\/www.24gliwice.pl\\\/wiadomosci\\\/pijany-kierowca-zatrzymal-samochod-na-drzewie-nietrzezwi-za-kolkiem-to-ciagle-codziennosc\\\/#primaryimage\"},\"thumbnailUrl\":\"https:\\\/\\\/www.24gliwice.pl\\\/wiadomosci\\\/wp-content\\\/uploads\\\/2019\\\/10\\\/auto-na-drzewie.jpg\",\"keywords\":[\"ALKOHOL\",\"PIJANY KIEROWCA\"],\"articleSection\":[\"Gliwice\",\"Najnowsze wiadomo\u015bci\",\"Prawo\"],\"inLanguage\":\"pl-PL\",\"potentialAction\":[{\"@type\":\"CommentAction\",\"name\":\"Comment\",\"target\":[\"https:\\\/\\\/www.24gliwice.pl\\\/wiadomosci\\\/pijany-kierowca-zatrzymal-samochod-na-drzewie-nietrzezwi-za-kolkiem-to-ciagle-codziennosc\\\/#respond\"]}]},{\"@type\":\"WebPage\",\"@id\":\"https:\\\/\\\/www.24gliwice.pl\\\/wiadomosci\\\/pijany-kierowca-zatrzymal-samochod-na-drzewie-nietrzezwi-za-kolkiem-to-ciagle-codziennosc\\\/\",\"url\":\"https:\\\/\\\/www.24gliwice.pl\\\/wiadomosci\\\/pijany-kierowca-zatrzymal-samochod-na-drzewie-nietrzezwi-za-kolkiem-to-ciagle-codziennosc\\\/\",\"name\":\"Pijany kierowca zatrzyma\u0142 samoch\u00f3d na drzewie. Nietrze\u017awi \\\"za k\u00f3\u0142kiem\\\" to ci\u0105gle codzienno\u015b\u0107 - 24GLIWICE - Portal Gliwice | codziennie nowe informacje\",\"isPartOf\":{\"@id\":\"https:\\\/\\\/www.24gliwice.pl\\\/wiadomosci\\\/#website\"},\"primaryImageOfPage\":{\"@id\":\"https:\\\/\\\/www.24gliwice.pl\\\/wiadomosci\\\/pijany-kierowca-zatrzymal-samochod-na-drzewie-nietrzezwi-za-kolkiem-to-ciagle-codziennosc\\\/#primaryimage\"},\"image\":{\"@id\":\"https:\\\/\\\/www.24gliwice.pl\\\/wiadomosci\\\/pijany-kierowca-zatrzymal-samochod-na-drzewie-nietrzezwi-za-kolkiem-to-ciagle-codziennosc\\\/#primaryimage\"},\"thumbnailUrl\":\"https:\\\/\\\/www.24gliwice.pl\\\/wiadomosci\\\/wp-content\\\/uploads\\\/2019\\\/10\\\/auto-na-drzewie.jpg\",\"datePublished\":\"2019-10-15T12:25:12+00:00\",\"breadcrumb\":{\"@id\":\"https:\\\/\\\/www.24gliwice.pl\\\/wiadomosci\\\/pijany-kierowca-zatrzymal-samochod-na-drzewie-nietrzezwi-za-kolkiem-to-ciagle-codziennosc\\\/#breadcrumb\"},\"inLanguage\":\"pl-PL\",\"potentialAction\":[{\"@type\":\"ReadAction\",\"target\":[\"https:\\\/\\\/www.24gliwice.pl\\\/wiadomosci\\\/pijany-kierowca-zatrzymal-samochod-na-drzewie-nietrzezwi-za-kolkiem-to-ciagle-codziennosc\\\/\"]}]},{\"@type\":\"ImageObject\",\"inLanguage\":\"pl-PL\",\"@id\":\"https:\\\/\\\/www.24gliwice.pl\\\/wiadomosci\\\/pijany-kierowca-zatrzymal-samochod-na-drzewie-nietrzezwi-za-kolkiem-to-ciagle-codziennosc\\\/#primaryimage\",\"url\":\"https:\\\/\\\/www.24gliwice.pl\\\/wiadomosci\\\/wp-content\\\/uploads\\\/2019\\\/10\\\/auto-na-drzewie.jpg\",\"contentUrl\":\"https:\\\/\\\/www.24gliwice.pl\\\/wiadomosci\\\/wp-content\\\/uploads\\\/2019\\\/10\\\/auto-na-drzewie.jpg\",\"width\":895,\"height\":505},{\"@type\":\"BreadcrumbList\",\"@id\":\"https:\\\/\\\/www.24gliwice.pl\\\/wiadomosci\\\/pijany-kierowca-zatrzymal-samochod-na-drzewie-nietrzezwi-za-kolkiem-to-ciagle-codziennosc\\\/#breadcrumb\",\"itemListElement\":[{\"@type\":\"ListItem\",\"position\":1,\"name\":\"Strona g\u0142\u00f3wna\",\"item\":\"https:\\\/\\\/www.24gliwice.pl\\\/wiadomosci\\\/\"},{\"@type\":\"ListItem\",\"position\":2,\"name\":\"Pijany kierowca zatrzyma\u0142 samoch\u00f3d na drzewie. Nietrze\u017awi &#8222;za k\u00f3\u0142kiem&#8221; to ci\u0105gle codzienno\u015b\u0107\"}]},{\"@type\":\"WebSite\",\"@id\":\"https:\\\/\\\/www.24gliwice.pl\\\/wiadomosci\\\/#website\",\"url\":\"https:\\\/\\\/www.24gliwice.pl\\\/wiadomosci\\\/\",\"name\":\"24GLIWICE - Portal Gliwice | codziennie nowe wiadomo\u015bci\",\"description\":\"Portal Miejski Gliwice\",\"publisher\":{\"@id\":\"https:\\\/\\\/www.24gliwice.pl\\\/wiadomosci\\\/#organization\"},\"potentialAction\":[{\"@type\":\"SearchAction\",\"target\":{\"@type\":\"EntryPoint\",\"urlTemplate\":\"https:\\\/\\\/www.24gliwice.pl\\\/wiadomosci\\\/?s={search_term_string}\"},\"query-input\":{\"@type\":\"PropertyValueSpecification\",\"valueRequired\":true,\"valueName\":\"search_term_string\"}}],\"inLanguage\":\"pl-PL\"},{\"@type\":\"Organization\",\"@id\":\"https:\\\/\\\/www.24gliwice.pl\\\/wiadomosci\\\/#organization\",\"name\":\"24gliwice\",\"url\":\"https:\\\/\\\/www.24gliwice.pl\\\/wiadomosci\\\/\",\"logo\":{\"@type\":\"ImageObject\",\"inLanguage\":\"pl-PL\",\"@id\":\"https:\\\/\\\/www.24gliwice.pl\\\/wiadomosci\\\/#\\\/schema\\\/logo\\\/image\\\/\",\"url\":\"https:\\\/\\\/www.24gliwice.pl\\\/wiadomosci\\\/wp-content\\\/uploads\\\/2024\\\/10\\\/24gliwice-logo-696.jpg\",\"contentUrl\":\"https:\\\/\\\/www.24gliwice.pl\\\/wiadomosci\\\/wp-content\\\/uploads\\\/2024\\\/10\\\/24gliwice-logo-696.jpg\",\"width\":696,\"height\":696,\"caption\":\"24gliwice\"},\"image\":{\"@id\":\"https:\\\/\\\/www.24gliwice.pl\\\/wiadomosci\\\/#\\\/schema\\\/logo\\\/image\\\/\"},\"sameAs\":[\"https:\\\/\\\/www.facebook.com\\\/24gliwice\",\"https:\\\/\\\/x.com\\\/24gliwice\",\"https:\\\/\\\/www.youtube.com\\\/@24gliwice\"]},{\"@type\":\"Person\",\"@id\":\"https:\\\/\\\/www.24gliwice.pl\\\/wiadomosci\\\/#\\\/schema\\\/person\\\/e42c650edd7f2fa332be3811fb166b6e\",\"name\":\"\u017baneta Mrozek-Siewierska\",\"image\":{\"@type\":\"ImageObject\",\"inLanguage\":\"pl-PL\",\"@id\":\"https:\\\/\\\/secure.gravatar.com\\\/avatar\\\/1881429e9c64597c77ad7aef2d0a19be69a3253e57534d16aa15bf3a4d34a0a3?s=96&d=mm&r=g\",\"url\":\"https:\\\/\\\/secure.gravatar.com\\\/avatar\\\/1881429e9c64597c77ad7aef2d0a19be69a3253e57534d16aa15bf3a4d34a0a3?s=96&d=mm&r=g\",\"contentUrl\":\"https:\\\/\\\/secure.gravatar.com\\\/avatar\\\/1881429e9c64597c77ad7aef2d0a19be69a3253e57534d16aa15bf3a4d34a0a3?s=96&d=mm&r=g\",\"caption\":\"\u017baneta Mrozek-Siewierska\"},\"url\":\"https:\\\/\\\/www.24gliwice.pl\\\/wiadomosci\\\/author\\\/zms\\\/\"}]}<\/script>\n<!-- \/ Yoast SEO plugin. -->","yoast_head_json":{"title":"Pijany kierowca zatrzyma\u0142 samoch\u00f3d na drzewie. Nietrze\u017awi \"za k\u00f3\u0142kiem\" to ci\u0105gle codzienno\u015b\u0107 - 24GLIWICE - Portal Gliwice | codziennie nowe informacje","robots":{"index":"index","follow":"follow","max-snippet":"max-snippet:-1","max-image-preview":"max-image-preview:large","max-video-preview":"max-video-preview:-1"},"canonical":"https:\/\/www.24gliwice.pl\/wiadomosci\/pijany-kierowca-zatrzymal-samochod-na-drzewie-nietrzezwi-za-kolkiem-to-ciagle-codziennosc\/","og_locale":"pl_PL","og_type":"article","og_title":"Pijany kierowca zatrzyma\u0142 samoch\u00f3d na drzewie. Nietrze\u017awi \"za k\u00f3\u0142kiem\" to ci\u0105gle codzienno\u015b\u0107 - 24GLIWICE - Portal Gliwice | codziennie nowe informacje","og_description":"Tylko w poniedzia\u0142ek na terenie dzia\u0142ania gliwickiej policji zatrzymano czworo pijanych kieruj\u0105cych. Wszyscy stracili uprawnienia, czekaj\u0105 ich powa\u017cne konsekwencje finansowe oraz wyroki. Godzina 4:10, ul. Tarnog\u00f3rska w Gliwicach: podczas kontroli drogowej patrol zatrzymuje 35-letniego gliwiczanina jad\u0105cego motocyklem marki Honda. M\u0119\u017cczyzna prowadzi, mimo \u017ce w jego krwi znajduje si\u0119 0,8 promila alkoholu. Godzina 9:40, knurowski odcinek [&hellip;]","og_url":"https:\/\/www.24gliwice.pl\/wiadomosci\/pijany-kierowca-zatrzymal-samochod-na-drzewie-nietrzezwi-za-kolkiem-to-ciagle-codziennosc\/","og_site_name":"24GLIWICE - Portal Gliwice | codziennie nowe informacje","article_publisher":"https:\/\/www.facebook.com\/24gliwice","article_published_time":"2019-10-15T12:25:12+00:00","og_image":[{"width":895,"height":505,"url":"https:\/\/www.24gliwice.pl\/wiadomosci\/wp-content\/uploads\/2019\/10\/auto-na-drzewie.jpg","type":"image\/jpeg"}],"author":"\u017baneta Mrozek-Siewierska","twitter_card":"summary_large_image","twitter_creator":"@24gliwice","twitter_site":"@24gliwice","twitter_misc":{"Napisane przez":"\u017baneta Mrozek-Siewierska","Szacowany czas czytania":"2 minuty"},"schema":{"@context":"https:\/\/schema.org","@graph":[{"@type":"Article","@id":"https:\/\/www.24gliwice.pl\/wiadomosci\/pijany-kierowca-zatrzymal-samochod-na-drzewie-nietrzezwi-za-kolkiem-to-ciagle-codziennosc\/#article","isPartOf":{"@id":"https:\/\/www.24gliwice.pl\/wiadomosci\/pijany-kierowca-zatrzymal-samochod-na-drzewie-nietrzezwi-za-kolkiem-to-ciagle-codziennosc\/"},"author":{"name":"\u017baneta Mrozek-Siewierska","@id":"https:\/\/www.24gliwice.pl\/wiadomosci\/#\/schema\/person\/e42c650edd7f2fa332be3811fb166b6e"},"headline":"Pijany kierowca zatrzyma\u0142 samoch\u00f3d na drzewie. Nietrze\u017awi &#8220;za k\u00f3\u0142kiem&#8221; to ci\u0105gle codzienno\u015b\u0107","datePublished":"2019-10-15T12:25:12+00:00","mainEntityOfPage":{"@id":"https:\/\/www.24gliwice.pl\/wiadomosci\/pijany-kierowca-zatrzymal-samochod-na-drzewie-nietrzezwi-za-kolkiem-to-ciagle-codziennosc\/"},"wordCount":451,"commentCount":0,"publisher":{"@id":"https:\/\/www.24gliwice.pl\/wiadomosci\/#organization"},"image":{"@id":"https:\/\/www.24gliwice.pl\/wiadomosci\/pijany-kierowca-zatrzymal-samochod-na-drzewie-nietrzezwi-za-kolkiem-to-ciagle-codziennosc\/#primaryimage"},"thumbnailUrl":"https:\/\/www.24gliwice.pl\/wiadomosci\/wp-content\/uploads\/2019\/10\/auto-na-drzewie.jpg","keywords":["ALKOHOL","PIJANY KIEROWCA"],"articleSection":["Gliwice","Najnowsze wiadomo\u015bci","Prawo"],"inLanguage":"pl-PL","potentialAction":[{"@type":"CommentAction","name":"Comment","target":["https:\/\/www.24gliwice.pl\/wiadomosci\/pijany-kierowca-zatrzymal-samochod-na-drzewie-nietrzezwi-za-kolkiem-to-ciagle-codziennosc\/#respond"]}]},{"@type":"WebPage","@id":"https:\/\/www.24gliwice.pl\/wiadomosci\/pijany-kierowca-zatrzymal-samochod-na-drzewie-nietrzezwi-za-kolkiem-to-ciagle-codziennosc\/","url":"https:\/\/www.24gliwice.pl\/wiadomosci\/pijany-kierowca-zatrzymal-samochod-na-drzewie-nietrzezwi-za-kolkiem-to-ciagle-codziennosc\/","name":"Pijany kierowca zatrzyma\u0142 samoch\u00f3d na drzewie. Nietrze\u017awi \"za k\u00f3\u0142kiem\" to ci\u0105gle codzienno\u015b\u0107 - 24GLIWICE - Portal Gliwice | codziennie nowe informacje","isPartOf":{"@id":"https:\/\/www.24gliwice.pl\/wiadomosci\/#website"},"primaryImageOfPage":{"@id":"https:\/\/www.24gliwice.pl\/wiadomosci\/pijany-kierowca-zatrzymal-samochod-na-drzewie-nietrzezwi-za-kolkiem-to-ciagle-codziennosc\/#primaryimage"},"image":{"@id":"https:\/\/www.24gliwice.pl\/wiadomosci\/pijany-kierowca-zatrzymal-samochod-na-drzewie-nietrzezwi-za-kolkiem-to-ciagle-codziennosc\/#primaryimage"},"thumbnailUrl":"https:\/\/www.24gliwice.pl\/wiadomosci\/wp-content\/uploads\/2019\/10\/auto-na-drzewie.jpg","datePublished":"2019-10-15T12:25:12+00:00","breadcrumb":{"@id":"https:\/\/www.24gliwice.pl\/wiadomosci\/pijany-kierowca-zatrzymal-samochod-na-drzewie-nietrzezwi-za-kolkiem-to-ciagle-codziennosc\/#breadcrumb"},"inLanguage":"pl-PL","potentialAction":[{"@type":"ReadAction","target":["https:\/\/www.24gliwice.pl\/wiadomosci\/pijany-kierowca-zatrzymal-samochod-na-drzewie-nietrzezwi-za-kolkiem-to-ciagle-codziennosc\/"]}]},{"@type":"ImageObject","inLanguage":"pl-PL","@id":"https:\/\/www.24gliwice.pl\/wiadomosci\/pijany-kierowca-zatrzymal-samochod-na-drzewie-nietrzezwi-za-kolkiem-to-ciagle-codziennosc\/#primaryimage","url":"https:\/\/www.24gliwice.pl\/wiadomosci\/wp-content\/uploads\/2019\/10\/auto-na-drzewie.jpg","contentUrl":"https:\/\/www.24gliwice.pl\/wiadomosci\/wp-content\/uploads\/2019\/10\/auto-na-drzewie.jpg","width":895,"height":505},{"@type":"BreadcrumbList","@id":"https:\/\/www.24gliwice.pl\/wiadomosci\/pijany-kierowca-zatrzymal-samochod-na-drzewie-nietrzezwi-za-kolkiem-to-ciagle-codziennosc\/#breadcrumb","itemListElement":[{"@type":"ListItem","position":1,"name":"Strona g\u0142\u00f3wna","item":"https:\/\/www.24gliwice.pl\/wiadomosci\/"},{"@type":"ListItem","position":2,"name":"Pijany kierowca zatrzyma\u0142 samoch\u00f3d na drzewie. Nietrze\u017awi &#8222;za k\u00f3\u0142kiem&#8221; to ci\u0105gle codzienno\u015b\u0107"}]},{"@type":"WebSite","@id":"https:\/\/www.24gliwice.pl\/wiadomosci\/#website","url":"https:\/\/www.24gliwice.pl\/wiadomosci\/","name":"24GLIWICE - Portal Gliwice | codziennie nowe wiadomo\u015bci","description":"Portal Miejski Gliwice","publisher":{"@id":"https:\/\/www.24gliwice.pl\/wiadomosci\/#organization"},"potentialAction":[{"@type":"SearchAction","target":{"@type":"EntryPoint","urlTemplate":"https:\/\/www.24gliwice.pl\/wiadomosci\/?s={search_term_string}"},"query-input":{"@type":"PropertyValueSpecification","valueRequired":true,"valueName":"search_term_string"}}],"inLanguage":"pl-PL"},{"@type":"Organization","@id":"https:\/\/www.24gliwice.pl\/wiadomosci\/#organization","name":"24gliwice","url":"https:\/\/www.24gliwice.pl\/wiadomosci\/","logo":{"@type":"ImageObject","inLanguage":"pl-PL","@id":"https:\/\/www.24gliwice.pl\/wiadomosci\/#\/schema\/logo\/image\/","url":"https:\/\/www.24gliwice.pl\/wiadomosci\/wp-content\/uploads\/2024\/10\/24gliwice-logo-696.jpg","contentUrl":"https:\/\/www.24gliwice.pl\/wiadomosci\/wp-content\/uploads\/2024\/10\/24gliwice-logo-696.jpg","width":696,"height":696,"caption":"24gliwice"},"image":{"@id":"https:\/\/www.24gliwice.pl\/wiadomosci\/#\/schema\/logo\/image\/"},"sameAs":["https:\/\/www.facebook.com\/24gliwice","https:\/\/x.com\/24gliwice","https:\/\/www.youtube.com\/@24gliwice"]},{"@type":"Person","@id":"https:\/\/www.24gliwice.pl\/wiadomosci\/#\/schema\/person\/e42c650edd7f2fa332be3811fb166b6e","name":"\u017baneta Mrozek-Siewierska","image":{"@type":"ImageObject","inLanguage":"pl-PL","@id":"https:\/\/secure.gravatar.com\/avatar\/1881429e9c64597c77ad7aef2d0a19be69a3253e57534d16aa15bf3a4d34a0a3?s=96&d=mm&r=g","url":"https:\/\/secure.gravatar.com\/avatar\/1881429e9c64597c77ad7aef2d0a19be69a3253e57534d16aa15bf3a4d34a0a3?s=96&d=mm&r=g","contentUrl":"https:\/\/secure.gravatar.com\/avatar\/1881429e9c64597c77ad7aef2d0a19be69a3253e57534d16aa15bf3a4d34a0a3?s=96&d=mm&r=g","caption":"\u017baneta Mrozek-Siewierska"},"url":"https:\/\/www.24gliwice.pl\/wiadomosci\/author\/zms\/"}]}},"_links":{"self":[{"href":"https:\/\/www.24gliwice.pl\/wiadomosci\/wp-json\/wp\/v2\/posts\/141940","targetHints":{"allow":["GET"]}}],"collection":[{"href":"https:\/\/www.24gliwice.pl\/wiadomosci\/wp-json\/wp\/v2\/posts"}],"about":[{"href":"https:\/\/www.24gliwice.pl\/wiadomosci\/wp-json\/wp\/v2\/types\/post"}],"author":[{"embeddable":true,"href":"https:\/\/www.24gliwice.pl\/wiadomosci\/wp-json\/wp\/v2\/users\/15"}],"replies":[{"embeddable":true,"href":"https:\/\/www.24gliwice.pl\/wiadomosci\/wp-json\/wp\/v2\/comments?post=141940"}],"version-history":[{"count":0,"href":"https:\/\/www.24gliwice.pl\/wiadomosci\/wp-json\/wp\/v2\/posts\/141940\/revisions"}],"wp:featuredmedia":[{"embeddable":true,"href":"https:\/\/www.24gliwice.pl\/wiadomosci\/wp-json\/wp\/v2\/media\/141955"}],"wp:attachment":[{"href":"https:\/\/www.24gliwice.pl\/wiadomosci\/wp-json\/wp\/v2\/media?parent=141940"}],"wp:term":[{"taxonomy":"category","embeddable":true,"href":"https:\/\/www.24gliwice.pl\/wiadomosci\/wp-json\/wp\/v2\/categories?post=141940"},{"taxonomy":"post_tag","embeddable":true,"href":"https:\/\/www.24gliwice.pl\/wiadomosci\/wp-json\/wp\/v2\/tags?post=141940"}],"curies":[{"name":"wp","href":"https:\/\/api.w.org\/{rel}","templated":true}]}}