{"id":142889,"date":"2019-11-07T12:21:40","date_gmt":"2019-11-07T11:21:40","guid":{"rendered":"https:\/\/www.24gliwice.pl\/wiadomosci\/?p=142889"},"modified":"2019-11-07T12:21:40","modified_gmt":"2019-11-07T11:21:40","slug":"pracownicy-fabryki-drutu-zadaja-podwyzek-niskie-zarobki-powoduja-selekcje-negatywna-w-zakladzie","status":"publish","type":"post","link":"https:\/\/www.24gliwice.pl\/wiadomosci\/pracownicy-fabryki-drutu-zadaja-podwyzek-niskie-zarobki-powoduja-selekcje-negatywna-w-zakladzie\/","title":{"rendered":"Pracownicy Fabryki Drutu \u017c\u0105daj\u0105 podwy\u017cek &#8220;Niskie zarobki powoduj\u0105 selekcj\u0119 negatywn\u0105 w zak\u0142adzie&#8221;"},"content":{"rendered":"<div class=\"gliwi-a6-nad-leadem-artykulow gliwi-entity-placement\" id=\"gliwi-3086330314\"><div class=\"gliwi-adlabel\"><span style=\"font-size: 9px\">REKLAMA<\/span><\/div><div id=\"gliwi-2333986931\" style=\"margin-bottom: 30px;margin-left: auto;margin-right: auto;text-align: center;\"><a data-no-instant=\"1\" href=\"https:\/\/przedszkole.halogen.org.pl\/\" rel=\"noopener\" class=\"a2t-link\" target=\"_blank\" aria-label=\"20260402-ANIMATOR-przedszkole_grafika_750x200\"><img loading=\"lazy\" decoding=\"async\" src=\"https:\/\/www.24gliwice.pl\/wiadomosci\/wp-content\/uploads\/2026\/04\/20260402-ANIMATOR-przedszkole_grafika_750x200.webp\" alt=\"\"  srcset=\"https:\/\/www.24gliwice.pl\/wiadomosci\/wp-content\/uploads\/2026\/04\/20260402-ANIMATOR-przedszkole_grafika_750x200.webp 750w, https:\/\/www.24gliwice.pl\/wiadomosci\/wp-content\/uploads\/2026\/04\/20260402-ANIMATOR-przedszkole_grafika_750x200-410x109.webp 410w\" sizes=\"(max-width: 750px) 100vw, 750px\" class=\"no-lazyload\" width=\"750\" height=\"200\"  style=\"display: inline-block; max-width: 100%; height: auto;\" \/><\/a><\/div><\/div><h3>Zak\u0142adowa organizacja \u201eSolidarno\u015bci\u201d w gliwickiej Fabryce Drutu domaga si\u0119 500 z\u0142 brutto podwy\u017cki wynagrodze\u0144 od 1 grudnia dla wszystkich pracownik\u00f3w. <\/h3>\n<p>\u2013  Mamy ca\u0142y szereg argument\u00f3w przemawiaj\u0105cych za konieczno\u015bci\u0105 pilnych podwy\u017cek p\u0142ac w firmie. Przedstawili\u015bmy je prezesowi w formie pisemnej 24 pa\u017adziernika. Na odpowied\u017a czekamy do 8 listopada \u2013 przekaza\u0142 \u015al\u0105sko-d\u0105browskiej Solidarno\u015bci <strong>Mariusz Pander<\/strong>, przewodnicz\u0105cy \u201eS\u201d w gliwickiej fabryce.<\/p>\n<p>\u2013 W wyst\u0105pieniu do prezesa podkre\u015blamy przed wszystkim fakt rosn\u0105cych koszt\u00f3w utrzymania. Wszyscy to odczuwamy. Ceny w sklepach bardzo posz\u0142y w g\u00f3r\u0119, ceny us\u0142ug, czynsze, rachunki. Tymczasem ostatni\u0105 podwy\u017ck\u0119 p\u0142ac mieli\u015bmy w zak\u0142adzie przesz\u0142o dwa lata temu. Co prawda w zesz\u0142ym roku pracodawca da\u0142 nam wy\u017csze premie, ale to s\u0105 sprawy jednorazowe. Za\u0142oga oczekuj\u0119 podwy\u017cki p\u0142ac zasadniczych, bo to daje wi\u0119ksze poczucie stabilizacji \u2013 zaznaczy\u0142 przewodnicz\u0105cy.<\/p><div class=\"gliwi-a3-w-tresci-artykulow gliwi-entity-placement\" id=\"gliwi-1184064571\"><div class=\"gliwi-adlabel\"><span style=\"font-size: 9px\">REKLAMA<\/span><\/div><div id=\"gliwi-4161856710\" style=\"margin-bottom: 30px;margin-left: auto;margin-right: auto;text-align: center;\"><a data-no-instant=\"1\" href=\"https:\/\/ogrodyandersa.pl\/\" rel=\"noopener\" class=\"a2t-link\" target=\"_blank\" aria-label=\"20260415 Ogrody Andersa KUP TERAZ D\"><img loading=\"lazy\" decoding=\"async\" src=\"https:\/\/www.24gliwice.pl\/wiadomosci\/wp-content\/uploads\/2026\/04\/20260415-Ogrody-Andersa-KUP-TERAZ-D.jpg\" alt=\"\"  srcset=\"https:\/\/www.24gliwice.pl\/wiadomosci\/wp-content\/uploads\/2026\/04\/20260415-Ogrody-Andersa-KUP-TERAZ-D.jpg 750w, https:\/\/www.24gliwice.pl\/wiadomosci\/wp-content\/uploads\/2026\/04\/20260415-Ogrody-Andersa-KUP-TERAZ-D-410x109.jpg 410w\" sizes=\"(max-width: 750px) 100vw, 750px\" class=\"no-lazyload\" width=\"750\" height=\"200\"  style=\"display: inline-block; max-width: 100%; height: auto;\" \/><\/a><\/div><\/div>\n<h3>Zak\u0142adow\u0105 \u201eSolidarno\u015b\u0107\u201d niepokoi te\u017c fakt coraz gorszego stosunku poziomu zarobk\u00f3w w fabryce do p\u0142acy minimalnej czy \u015bredniej krajowej.<\/h3>\n<p>\u2013 To oczywiste, \u017ce niskie zarobki powoduj\u0105 selekcj\u0119 negatywn\u0105 w zak\u0142adzie. Fachowcy patrz\u0105 na sytuacj\u0119 na rynku i zaczynaj\u0105 szuka\u0107 zatrudnienia gdzie indziej, gdzie zarobi\u0105 wi\u0119cej. W efekcie firma oszcz\u0119dzaj\u0105ca na p\u0142acach pracownik\u00f3w sama sobie strzela w kolano, bo traci ludzi \u2013 doda\u0142 Pander.<\/p>\n<p>Zwi\u0105zkowcy licz\u0105, \u017ce ich argumenty przekonaj\u0105 prezesa. \u2013 Jeste\u015bmy w stanie prowadzi\u0107 konstruktywne rozmowy i doj\u015b\u0107 do konsensu. W ko\u0144cu obu stronom, i pracownikom, i pracodawcy zale\u017cy na tym, aby firma funkcjonowa\u0142a dobrze i przynosi\u0142a dochody \u2013 podkre\u015bla przewodnicz\u0105cy \u201eSolidarno\u015bci\u201d w gliwickiej fabryce.<\/p>\n<p>Fabryka Drutu zatrudnia oko\u0142o 120 os\u00f3b, podwy\u017cka o 500 z\u0142otych brutto to koszt po stronie pracodawcy rz\u0119du ponad 600 z\u0142. Spe\u0142nienie postulat\u00f3w zwi\u0105zk\u00f3w zawodowych kosztowa\u0142oby firm\u0119 oko\u0142o 72 tys. z\u0142otych miesi\u0119cznie. <\/p>\n<p>(\u017cms)\/<a href=\"http:\/\/www.solidarnosckatowice.pl\/pl-PL\/pracownicy_gliwickiej_fabryki_chca_wyzszych_plac.html\" rel=\"noopener noreferrer\" target=\"_blank\">\u015al\u0105sko-d\u0105browska Solidarno\u015b\u0107(ny)<\/a><br \/>\nfot. \u0141G\/24gliwice.pl<\/p>\n<div class=\"gliwi-a5-na-koncu-artykulow gliwi-entity-placement\" id=\"gliwi-2690435524\"><div class=\"gliwi-adlabel\"><span style=\"font-size: 9px\">REKLAMA<\/span><\/div><div id=\"gliwi-1346387797\" style=\"margin-left: auto;margin-right: auto;text-align: center;\"><a data-no-instant=\"1\" href=\"https:\/\/prezeroarenagliwice.pl\/\" rel=\"noopener\" class=\"a2t-link\" target=\"_blank\" aria-label=\"20260309-PREZERO-WIOSNA-D\"><img loading=\"lazy\" decoding=\"async\" src=\"https:\/\/www.24gliwice.pl\/wiadomosci\/wp-content\/uploads\/2026\/03\/20260309-PREZERO-WIOSNA-D.webp\" alt=\"\"  srcset=\"https:\/\/www.24gliwice.pl\/wiadomosci\/wp-content\/uploads\/2026\/03\/20260309-PREZERO-WIOSNA-D.webp 750w, https:\/\/www.24gliwice.pl\/wiadomosci\/wp-content\/uploads\/2026\/03\/20260309-PREZERO-WIOSNA-D-410x109.webp 410w\" sizes=\"(max-width: 750px) 100vw, 750px\" class=\"no-lazyload\" width=\"750\" height=\"200\"  style=\"display: inline-block; max-width: 100%; height: auto;\" \/><\/a><\/div><\/div>","protected":false},"excerpt":{"rendered":"<p>Zak\u0142adowa organizacja \u201eSolidarno\u015bci\u201d w gliwickiej Fabryce Drutu domaga si\u0119 500 z\u0142 brutto podwy\u017cki wynagrodze\u0144 od 1 grudnia dla wszystkich pracownik\u00f3w. \u2013 Mamy ca\u0142y szereg argument\u00f3w przemawiaj\u0105cych za konieczno\u015bci\u0105 pilnych podwy\u017cek p\u0142ac w firmie. Przedstawili\u015bmy je prezesowi w formie pisemnej 24 pa\u017adziernika. Na odpowied\u017a czekamy do 8 listopada \u2013 przekaza\u0142 \u015al\u0105sko-d\u0105browskiej Solidarno\u015bci Mariusz Pander, przewodnicz\u0105cy \u201eS\u201d [&hellip;]<\/p>\n","protected":false},"author":15,"featured_media":143052,"comment_status":"open","ping_status":"closed","sticky":false,"template":"","format":"standard","meta":{"_monsterinsights_skip_tracking":false,"_monsterinsights_sitenote_active":false,"_monsterinsights_sitenote_note":"","_monsterinsights_sitenote_category":0,"footnotes":"","_links_to":"","_links_to_target":""},"categories":[3,1],"tags":[9906,5652,9578,5822,11030,12013,8835,11675],"class_list":["post-142889","post","type-post","status-publish","format-standard","has-post-thumbnail","hentry","category-gliwice","category-wszystko","tag-9906","tag-fabryka-drutu","tag-podwyzki","tag-solidarnosc","tag-wyplata","tag-zarobki","tag-zwiazki-zawodowe","tag-zwiazkowcy"],"yoast_head":"<!-- This site is optimized with the Yoast SEO plugin v27.5 - https:\/\/yoast.com\/product\/yoast-seo-wordpress\/ -->\n<title>Pracownicy Fabryki Drutu \u017c\u0105daj\u0105 podwy\u017cek &quot;Niskie zarobki powoduj\u0105 selekcj\u0119 negatywn\u0105 w zak\u0142adzie&quot; - 24GLIWICE - Portal Gliwice | codziennie nowe informacje<\/title>\n<meta name=\"robots\" content=\"index, follow, max-snippet:-1, max-image-preview:large, max-video-preview:-1\" \/>\n<link rel=\"canonical\" href=\"https:\/\/www.24gliwice.pl\/wiadomosci\/pracownicy-fabryki-drutu-zadaja-podwyzek-niskie-zarobki-powoduja-selekcje-negatywna-w-zakladzie\/\" \/>\n<meta property=\"og:locale\" content=\"pl_PL\" \/>\n<meta property=\"og:type\" content=\"article\" \/>\n<meta property=\"og:title\" content=\"Pracownicy Fabryki Drutu \u017c\u0105daj\u0105 podwy\u017cek &quot;Niskie zarobki powoduj\u0105 selekcj\u0119 negatywn\u0105 w zak\u0142adzie&quot; - 24GLIWICE - Portal Gliwice | codziennie nowe informacje\" \/>\n<meta property=\"og:description\" content=\"Zak\u0142adowa organizacja \u201eSolidarno\u015bci\u201d w gliwickiej Fabryce Drutu domaga si\u0119 500 z\u0142 brutto podwy\u017cki wynagrodze\u0144 od 1 grudnia dla wszystkich pracownik\u00f3w. \u2013 Mamy ca\u0142y szereg argument\u00f3w przemawiaj\u0105cych za konieczno\u015bci\u0105 pilnych podwy\u017cek p\u0142ac w firmie. Przedstawili\u015bmy je prezesowi w formie pisemnej 24 pa\u017adziernika. Na odpowied\u017a czekamy do 8 listopada \u2013 przekaza\u0142 \u015al\u0105sko-d\u0105browskiej Solidarno\u015bci Mariusz Pander, przewodnicz\u0105cy \u201eS\u201d [&hellip;]\" \/>\n<meta property=\"og:url\" content=\"https:\/\/www.24gliwice.pl\/wiadomosci\/pracownicy-fabryki-drutu-zadaja-podwyzek-niskie-zarobki-powoduja-selekcje-negatywna-w-zakladzie\/\" \/>\n<meta property=\"og:site_name\" content=\"24GLIWICE - Portal Gliwice | codziennie nowe informacje\" \/>\n<meta property=\"article:publisher\" content=\"https:\/\/www.facebook.com\/24gliwice\" \/>\n<meta property=\"article:published_time\" content=\"2019-11-07T11:21:40+00:00\" \/>\n<meta property=\"og:image\" content=\"https:\/\/www.24gliwice.pl\/wiadomosci\/wp-content\/uploads\/2019\/11\/fabryka-drutu-2-e1573122978910.jpg\" \/>\n\t<meta property=\"og:image:width\" content=\"810\" \/>\n\t<meta property=\"og:image:height\" content=\"455\" \/>\n\t<meta property=\"og:image:type\" content=\"image\/jpeg\" \/>\n<meta name=\"author\" content=\"\u017baneta Mrozek-Siewierska\" \/>\n<meta name=\"twitter:card\" content=\"summary_large_image\" \/>\n<meta name=\"twitter:creator\" content=\"@24gliwice\" \/>\n<meta name=\"twitter:site\" content=\"@24gliwice\" \/>\n<meta name=\"twitter:label1\" content=\"Napisane przez\" \/>\n\t<meta name=\"twitter:data1\" content=\"\u017baneta Mrozek-Siewierska\" \/>\n\t<meta name=\"twitter:label2\" content=\"Szacowany czas czytania\" \/>\n\t<meta name=\"twitter:data2\" content=\"2 minuty\" \/>\n<script type=\"application\/ld+json\" class=\"yoast-schema-graph\">{\"@context\":\"https:\\\/\\\/schema.org\",\"@graph\":[{\"@type\":\"Article\",\"@id\":\"https:\\\/\\\/www.24gliwice.pl\\\/wiadomosci\\\/pracownicy-fabryki-drutu-zadaja-podwyzek-niskie-zarobki-powoduja-selekcje-negatywna-w-zakladzie\\\/#article\",\"isPartOf\":{\"@id\":\"https:\\\/\\\/www.24gliwice.pl\\\/wiadomosci\\\/pracownicy-fabryki-drutu-zadaja-podwyzek-niskie-zarobki-powoduja-selekcje-negatywna-w-zakladzie\\\/\"},\"author\":{\"name\":\"\u017baneta Mrozek-Siewierska\",\"@id\":\"https:\\\/\\\/www.24gliwice.pl\\\/wiadomosci\\\/#\\\/schema\\\/person\\\/e42c650edd7f2fa332be3811fb166b6e\"},\"headline\":\"Pracownicy Fabryki Drutu \u017c\u0105daj\u0105 podwy\u017cek &#8220;Niskie zarobki powoduj\u0105 selekcj\u0119 negatywn\u0105 w zak\u0142adzie&#8221;\",\"datePublished\":\"2019-11-07T11:21:40+00:00\",\"mainEntityOfPage\":{\"@id\":\"https:\\\/\\\/www.24gliwice.pl\\\/wiadomosci\\\/pracownicy-fabryki-drutu-zadaja-podwyzek-niskie-zarobki-powoduja-selekcje-negatywna-w-zakladzie\\\/\"},\"wordCount\":334,\"commentCount\":0,\"publisher\":{\"@id\":\"https:\\\/\\\/www.24gliwice.pl\\\/wiadomosci\\\/#organization\"},\"image\":{\"@id\":\"https:\\\/\\\/www.24gliwice.pl\\\/wiadomosci\\\/pracownicy-fabryki-drutu-zadaja-podwyzek-niskie-zarobki-powoduja-selekcje-negatywna-w-zakladzie\\\/#primaryimage\"},\"thumbnailUrl\":\"https:\\\/\\\/www.24gliwice.pl\\\/wiadomosci\\\/wp-content\\\/uploads\\\/2019\\\/11\\\/fabryka-drutu-2-e1573122978910.jpg\",\"keywords\":[\"500+\",\"fabryka drutu\",\"podwy\u017cki\",\"solidarno\u015b\u0107\",\"wyp\u0142ata\",\"zarobki\",\"zwi\u0105zki zawodowe\",\"zwi\u0105zkowcy\"],\"articleSection\":[\"Gliwice\",\"Najnowsze wiadomo\u015bci\"],\"inLanguage\":\"pl-PL\",\"potentialAction\":[{\"@type\":\"CommentAction\",\"name\":\"Comment\",\"target\":[\"https:\\\/\\\/www.24gliwice.pl\\\/wiadomosci\\\/pracownicy-fabryki-drutu-zadaja-podwyzek-niskie-zarobki-powoduja-selekcje-negatywna-w-zakladzie\\\/#respond\"]}]},{\"@type\":\"WebPage\",\"@id\":\"https:\\\/\\\/www.24gliwice.pl\\\/wiadomosci\\\/pracownicy-fabryki-drutu-zadaja-podwyzek-niskie-zarobki-powoduja-selekcje-negatywna-w-zakladzie\\\/\",\"url\":\"https:\\\/\\\/www.24gliwice.pl\\\/wiadomosci\\\/pracownicy-fabryki-drutu-zadaja-podwyzek-niskie-zarobki-powoduja-selekcje-negatywna-w-zakladzie\\\/\",\"name\":\"Pracownicy Fabryki Drutu \u017c\u0105daj\u0105 podwy\u017cek \\\"Niskie zarobki powoduj\u0105 selekcj\u0119 negatywn\u0105 w zak\u0142adzie\\\" - 24GLIWICE - Portal Gliwice | codziennie nowe informacje\",\"isPartOf\":{\"@id\":\"https:\\\/\\\/www.24gliwice.pl\\\/wiadomosci\\\/#website\"},\"primaryImageOfPage\":{\"@id\":\"https:\\\/\\\/www.24gliwice.pl\\\/wiadomosci\\\/pracownicy-fabryki-drutu-zadaja-podwyzek-niskie-zarobki-powoduja-selekcje-negatywna-w-zakladzie\\\/#primaryimage\"},\"image\":{\"@id\":\"https:\\\/\\\/www.24gliwice.pl\\\/wiadomosci\\\/pracownicy-fabryki-drutu-zadaja-podwyzek-niskie-zarobki-powoduja-selekcje-negatywna-w-zakladzie\\\/#primaryimage\"},\"thumbnailUrl\":\"https:\\\/\\\/www.24gliwice.pl\\\/wiadomosci\\\/wp-content\\\/uploads\\\/2019\\\/11\\\/fabryka-drutu-2-e1573122978910.jpg\",\"datePublished\":\"2019-11-07T11:21:40+00:00\",\"breadcrumb\":{\"@id\":\"https:\\\/\\\/www.24gliwice.pl\\\/wiadomosci\\\/pracownicy-fabryki-drutu-zadaja-podwyzek-niskie-zarobki-powoduja-selekcje-negatywna-w-zakladzie\\\/#breadcrumb\"},\"inLanguage\":\"pl-PL\",\"potentialAction\":[{\"@type\":\"ReadAction\",\"target\":[\"https:\\\/\\\/www.24gliwice.pl\\\/wiadomosci\\\/pracownicy-fabryki-drutu-zadaja-podwyzek-niskie-zarobki-powoduja-selekcje-negatywna-w-zakladzie\\\/\"]}]},{\"@type\":\"ImageObject\",\"inLanguage\":\"pl-PL\",\"@id\":\"https:\\\/\\\/www.24gliwice.pl\\\/wiadomosci\\\/pracownicy-fabryki-drutu-zadaja-podwyzek-niskie-zarobki-powoduja-selekcje-negatywna-w-zakladzie\\\/#primaryimage\",\"url\":\"https:\\\/\\\/www.24gliwice.pl\\\/wiadomosci\\\/wp-content\\\/uploads\\\/2019\\\/11\\\/fabryka-drutu-2-e1573122978910.jpg\",\"contentUrl\":\"https:\\\/\\\/www.24gliwice.pl\\\/wiadomosci\\\/wp-content\\\/uploads\\\/2019\\\/11\\\/fabryka-drutu-2-e1573122978910.jpg\",\"width\":810,\"height\":455},{\"@type\":\"BreadcrumbList\",\"@id\":\"https:\\\/\\\/www.24gliwice.pl\\\/wiadomosci\\\/pracownicy-fabryki-drutu-zadaja-podwyzek-niskie-zarobki-powoduja-selekcje-negatywna-w-zakladzie\\\/#breadcrumb\",\"itemListElement\":[{\"@type\":\"ListItem\",\"position\":1,\"name\":\"Strona g\u0142\u00f3wna\",\"item\":\"https:\\\/\\\/www.24gliwice.pl\\\/wiadomosci\\\/\"},{\"@type\":\"ListItem\",\"position\":2,\"name\":\"Pracownicy Fabryki Drutu \u017c\u0105daj\u0105 podwy\u017cek &#8222;Niskie zarobki powoduj\u0105 selekcj\u0119 negatywn\u0105 w zak\u0142adzie&#8221;\"}]},{\"@type\":\"WebSite\",\"@id\":\"https:\\\/\\\/www.24gliwice.pl\\\/wiadomosci\\\/#website\",\"url\":\"https:\\\/\\\/www.24gliwice.pl\\\/wiadomosci\\\/\",\"name\":\"24GLIWICE - Portal Gliwice | codziennie nowe wiadomo\u015bci\",\"description\":\"Portal Miejski Gliwice\",\"publisher\":{\"@id\":\"https:\\\/\\\/www.24gliwice.pl\\\/wiadomosci\\\/#organization\"},\"potentialAction\":[{\"@type\":\"SearchAction\",\"target\":{\"@type\":\"EntryPoint\",\"urlTemplate\":\"https:\\\/\\\/www.24gliwice.pl\\\/wiadomosci\\\/?s={search_term_string}\"},\"query-input\":{\"@type\":\"PropertyValueSpecification\",\"valueRequired\":true,\"valueName\":\"search_term_string\"}}],\"inLanguage\":\"pl-PL\"},{\"@type\":\"Organization\",\"@id\":\"https:\\\/\\\/www.24gliwice.pl\\\/wiadomosci\\\/#organization\",\"name\":\"24gliwice\",\"url\":\"https:\\\/\\\/www.24gliwice.pl\\\/wiadomosci\\\/\",\"logo\":{\"@type\":\"ImageObject\",\"inLanguage\":\"pl-PL\",\"@id\":\"https:\\\/\\\/www.24gliwice.pl\\\/wiadomosci\\\/#\\\/schema\\\/logo\\\/image\\\/\",\"url\":\"https:\\\/\\\/www.24gliwice.pl\\\/wiadomosci\\\/wp-content\\\/uploads\\\/2024\\\/10\\\/24gliwice-logo-696.jpg\",\"contentUrl\":\"https:\\\/\\\/www.24gliwice.pl\\\/wiadomosci\\\/wp-content\\\/uploads\\\/2024\\\/10\\\/24gliwice-logo-696.jpg\",\"width\":696,\"height\":696,\"caption\":\"24gliwice\"},\"image\":{\"@id\":\"https:\\\/\\\/www.24gliwice.pl\\\/wiadomosci\\\/#\\\/schema\\\/logo\\\/image\\\/\"},\"sameAs\":[\"https:\\\/\\\/www.facebook.com\\\/24gliwice\",\"https:\\\/\\\/x.com\\\/24gliwice\",\"https:\\\/\\\/www.youtube.com\\\/@24gliwice\"]},{\"@type\":\"Person\",\"@id\":\"https:\\\/\\\/www.24gliwice.pl\\\/wiadomosci\\\/#\\\/schema\\\/person\\\/e42c650edd7f2fa332be3811fb166b6e\",\"name\":\"\u017baneta Mrozek-Siewierska\",\"image\":{\"@type\":\"ImageObject\",\"inLanguage\":\"pl-PL\",\"@id\":\"https:\\\/\\\/secure.gravatar.com\\\/avatar\\\/1881429e9c64597c77ad7aef2d0a19be69a3253e57534d16aa15bf3a4d34a0a3?s=96&d=mm&r=g\",\"url\":\"https:\\\/\\\/secure.gravatar.com\\\/avatar\\\/1881429e9c64597c77ad7aef2d0a19be69a3253e57534d16aa15bf3a4d34a0a3?s=96&d=mm&r=g\",\"contentUrl\":\"https:\\\/\\\/secure.gravatar.com\\\/avatar\\\/1881429e9c64597c77ad7aef2d0a19be69a3253e57534d16aa15bf3a4d34a0a3?s=96&d=mm&r=g\",\"caption\":\"\u017baneta Mrozek-Siewierska\"},\"url\":\"https:\\\/\\\/www.24gliwice.pl\\\/wiadomosci\\\/author\\\/zms\\\/\"}]}<\/script>\n<!-- \/ Yoast SEO plugin. -->","yoast_head_json":{"title":"Pracownicy Fabryki Drutu \u017c\u0105daj\u0105 podwy\u017cek \"Niskie zarobki powoduj\u0105 selekcj\u0119 negatywn\u0105 w zak\u0142adzie\" - 24GLIWICE - Portal Gliwice | codziennie nowe informacje","robots":{"index":"index","follow":"follow","max-snippet":"max-snippet:-1","max-image-preview":"max-image-preview:large","max-video-preview":"max-video-preview:-1"},"canonical":"https:\/\/www.24gliwice.pl\/wiadomosci\/pracownicy-fabryki-drutu-zadaja-podwyzek-niskie-zarobki-powoduja-selekcje-negatywna-w-zakladzie\/","og_locale":"pl_PL","og_type":"article","og_title":"Pracownicy Fabryki Drutu \u017c\u0105daj\u0105 podwy\u017cek \"Niskie zarobki powoduj\u0105 selekcj\u0119 negatywn\u0105 w zak\u0142adzie\" - 24GLIWICE - Portal Gliwice | codziennie nowe informacje","og_description":"Zak\u0142adowa organizacja \u201eSolidarno\u015bci\u201d w gliwickiej Fabryce Drutu domaga si\u0119 500 z\u0142 brutto podwy\u017cki wynagrodze\u0144 od 1 grudnia dla wszystkich pracownik\u00f3w. \u2013 Mamy ca\u0142y szereg argument\u00f3w przemawiaj\u0105cych za konieczno\u015bci\u0105 pilnych podwy\u017cek p\u0142ac w firmie. Przedstawili\u015bmy je prezesowi w formie pisemnej 24 pa\u017adziernika. Na odpowied\u017a czekamy do 8 listopada \u2013 przekaza\u0142 \u015al\u0105sko-d\u0105browskiej Solidarno\u015bci Mariusz Pander, przewodnicz\u0105cy \u201eS\u201d [&hellip;]","og_url":"https:\/\/www.24gliwice.pl\/wiadomosci\/pracownicy-fabryki-drutu-zadaja-podwyzek-niskie-zarobki-powoduja-selekcje-negatywna-w-zakladzie\/","og_site_name":"24GLIWICE - Portal Gliwice | codziennie nowe informacje","article_publisher":"https:\/\/www.facebook.com\/24gliwice","article_published_time":"2019-11-07T11:21:40+00:00","og_image":[{"width":810,"height":455,"url":"https:\/\/www.24gliwice.pl\/wiadomosci\/wp-content\/uploads\/2019\/11\/fabryka-drutu-2-e1573122978910.jpg","type":"image\/jpeg"}],"author":"\u017baneta Mrozek-Siewierska","twitter_card":"summary_large_image","twitter_creator":"@24gliwice","twitter_site":"@24gliwice","twitter_misc":{"Napisane przez":"\u017baneta Mrozek-Siewierska","Szacowany czas czytania":"2 minuty"},"schema":{"@context":"https:\/\/schema.org","@graph":[{"@type":"Article","@id":"https:\/\/www.24gliwice.pl\/wiadomosci\/pracownicy-fabryki-drutu-zadaja-podwyzek-niskie-zarobki-powoduja-selekcje-negatywna-w-zakladzie\/#article","isPartOf":{"@id":"https:\/\/www.24gliwice.pl\/wiadomosci\/pracownicy-fabryki-drutu-zadaja-podwyzek-niskie-zarobki-powoduja-selekcje-negatywna-w-zakladzie\/"},"author":{"name":"\u017baneta Mrozek-Siewierska","@id":"https:\/\/www.24gliwice.pl\/wiadomosci\/#\/schema\/person\/e42c650edd7f2fa332be3811fb166b6e"},"headline":"Pracownicy Fabryki Drutu \u017c\u0105daj\u0105 podwy\u017cek &#8220;Niskie zarobki powoduj\u0105 selekcj\u0119 negatywn\u0105 w zak\u0142adzie&#8221;","datePublished":"2019-11-07T11:21:40+00:00","mainEntityOfPage":{"@id":"https:\/\/www.24gliwice.pl\/wiadomosci\/pracownicy-fabryki-drutu-zadaja-podwyzek-niskie-zarobki-powoduja-selekcje-negatywna-w-zakladzie\/"},"wordCount":334,"commentCount":0,"publisher":{"@id":"https:\/\/www.24gliwice.pl\/wiadomosci\/#organization"},"image":{"@id":"https:\/\/www.24gliwice.pl\/wiadomosci\/pracownicy-fabryki-drutu-zadaja-podwyzek-niskie-zarobki-powoduja-selekcje-negatywna-w-zakladzie\/#primaryimage"},"thumbnailUrl":"https:\/\/www.24gliwice.pl\/wiadomosci\/wp-content\/uploads\/2019\/11\/fabryka-drutu-2-e1573122978910.jpg","keywords":["500+","fabryka drutu","podwy\u017cki","solidarno\u015b\u0107","wyp\u0142ata","zarobki","zwi\u0105zki zawodowe","zwi\u0105zkowcy"],"articleSection":["Gliwice","Najnowsze wiadomo\u015bci"],"inLanguage":"pl-PL","potentialAction":[{"@type":"CommentAction","name":"Comment","target":["https:\/\/www.24gliwice.pl\/wiadomosci\/pracownicy-fabryki-drutu-zadaja-podwyzek-niskie-zarobki-powoduja-selekcje-negatywna-w-zakladzie\/#respond"]}]},{"@type":"WebPage","@id":"https:\/\/www.24gliwice.pl\/wiadomosci\/pracownicy-fabryki-drutu-zadaja-podwyzek-niskie-zarobki-powoduja-selekcje-negatywna-w-zakladzie\/","url":"https:\/\/www.24gliwice.pl\/wiadomosci\/pracownicy-fabryki-drutu-zadaja-podwyzek-niskie-zarobki-powoduja-selekcje-negatywna-w-zakladzie\/","name":"Pracownicy Fabryki Drutu \u017c\u0105daj\u0105 podwy\u017cek \"Niskie zarobki powoduj\u0105 selekcj\u0119 negatywn\u0105 w zak\u0142adzie\" - 24GLIWICE - Portal Gliwice | codziennie nowe informacje","isPartOf":{"@id":"https:\/\/www.24gliwice.pl\/wiadomosci\/#website"},"primaryImageOfPage":{"@id":"https:\/\/www.24gliwice.pl\/wiadomosci\/pracownicy-fabryki-drutu-zadaja-podwyzek-niskie-zarobki-powoduja-selekcje-negatywna-w-zakladzie\/#primaryimage"},"image":{"@id":"https:\/\/www.24gliwice.pl\/wiadomosci\/pracownicy-fabryki-drutu-zadaja-podwyzek-niskie-zarobki-powoduja-selekcje-negatywna-w-zakladzie\/#primaryimage"},"thumbnailUrl":"https:\/\/www.24gliwice.pl\/wiadomosci\/wp-content\/uploads\/2019\/11\/fabryka-drutu-2-e1573122978910.jpg","datePublished":"2019-11-07T11:21:40+00:00","breadcrumb":{"@id":"https:\/\/www.24gliwice.pl\/wiadomosci\/pracownicy-fabryki-drutu-zadaja-podwyzek-niskie-zarobki-powoduja-selekcje-negatywna-w-zakladzie\/#breadcrumb"},"inLanguage":"pl-PL","potentialAction":[{"@type":"ReadAction","target":["https:\/\/www.24gliwice.pl\/wiadomosci\/pracownicy-fabryki-drutu-zadaja-podwyzek-niskie-zarobki-powoduja-selekcje-negatywna-w-zakladzie\/"]}]},{"@type":"ImageObject","inLanguage":"pl-PL","@id":"https:\/\/www.24gliwice.pl\/wiadomosci\/pracownicy-fabryki-drutu-zadaja-podwyzek-niskie-zarobki-powoduja-selekcje-negatywna-w-zakladzie\/#primaryimage","url":"https:\/\/www.24gliwice.pl\/wiadomosci\/wp-content\/uploads\/2019\/11\/fabryka-drutu-2-e1573122978910.jpg","contentUrl":"https:\/\/www.24gliwice.pl\/wiadomosci\/wp-content\/uploads\/2019\/11\/fabryka-drutu-2-e1573122978910.jpg","width":810,"height":455},{"@type":"BreadcrumbList","@id":"https:\/\/www.24gliwice.pl\/wiadomosci\/pracownicy-fabryki-drutu-zadaja-podwyzek-niskie-zarobki-powoduja-selekcje-negatywna-w-zakladzie\/#breadcrumb","itemListElement":[{"@type":"ListItem","position":1,"name":"Strona g\u0142\u00f3wna","item":"https:\/\/www.24gliwice.pl\/wiadomosci\/"},{"@type":"ListItem","position":2,"name":"Pracownicy Fabryki Drutu \u017c\u0105daj\u0105 podwy\u017cek &#8222;Niskie zarobki powoduj\u0105 selekcj\u0119 negatywn\u0105 w zak\u0142adzie&#8221;"}]},{"@type":"WebSite","@id":"https:\/\/www.24gliwice.pl\/wiadomosci\/#website","url":"https:\/\/www.24gliwice.pl\/wiadomosci\/","name":"24GLIWICE - Portal Gliwice | codziennie nowe wiadomo\u015bci","description":"Portal Miejski Gliwice","publisher":{"@id":"https:\/\/www.24gliwice.pl\/wiadomosci\/#organization"},"potentialAction":[{"@type":"SearchAction","target":{"@type":"EntryPoint","urlTemplate":"https:\/\/www.24gliwice.pl\/wiadomosci\/?s={search_term_string}"},"query-input":{"@type":"PropertyValueSpecification","valueRequired":true,"valueName":"search_term_string"}}],"inLanguage":"pl-PL"},{"@type":"Organization","@id":"https:\/\/www.24gliwice.pl\/wiadomosci\/#organization","name":"24gliwice","url":"https:\/\/www.24gliwice.pl\/wiadomosci\/","logo":{"@type":"ImageObject","inLanguage":"pl-PL","@id":"https:\/\/www.24gliwice.pl\/wiadomosci\/#\/schema\/logo\/image\/","url":"https:\/\/www.24gliwice.pl\/wiadomosci\/wp-content\/uploads\/2024\/10\/24gliwice-logo-696.jpg","contentUrl":"https:\/\/www.24gliwice.pl\/wiadomosci\/wp-content\/uploads\/2024\/10\/24gliwice-logo-696.jpg","width":696,"height":696,"caption":"24gliwice"},"image":{"@id":"https:\/\/www.24gliwice.pl\/wiadomosci\/#\/schema\/logo\/image\/"},"sameAs":["https:\/\/www.facebook.com\/24gliwice","https:\/\/x.com\/24gliwice","https:\/\/www.youtube.com\/@24gliwice"]},{"@type":"Person","@id":"https:\/\/www.24gliwice.pl\/wiadomosci\/#\/schema\/person\/e42c650edd7f2fa332be3811fb166b6e","name":"\u017baneta Mrozek-Siewierska","image":{"@type":"ImageObject","inLanguage":"pl-PL","@id":"https:\/\/secure.gravatar.com\/avatar\/1881429e9c64597c77ad7aef2d0a19be69a3253e57534d16aa15bf3a4d34a0a3?s=96&d=mm&r=g","url":"https:\/\/secure.gravatar.com\/avatar\/1881429e9c64597c77ad7aef2d0a19be69a3253e57534d16aa15bf3a4d34a0a3?s=96&d=mm&r=g","contentUrl":"https:\/\/secure.gravatar.com\/avatar\/1881429e9c64597c77ad7aef2d0a19be69a3253e57534d16aa15bf3a4d34a0a3?s=96&d=mm&r=g","caption":"\u017baneta Mrozek-Siewierska"},"url":"https:\/\/www.24gliwice.pl\/wiadomosci\/author\/zms\/"}]}},"_links":{"self":[{"href":"https:\/\/www.24gliwice.pl\/wiadomosci\/wp-json\/wp\/v2\/posts\/142889","targetHints":{"allow":["GET"]}}],"collection":[{"href":"https:\/\/www.24gliwice.pl\/wiadomosci\/wp-json\/wp\/v2\/posts"}],"about":[{"href":"https:\/\/www.24gliwice.pl\/wiadomosci\/wp-json\/wp\/v2\/types\/post"}],"author":[{"embeddable":true,"href":"https:\/\/www.24gliwice.pl\/wiadomosci\/wp-json\/wp\/v2\/users\/15"}],"replies":[{"embeddable":true,"href":"https:\/\/www.24gliwice.pl\/wiadomosci\/wp-json\/wp\/v2\/comments?post=142889"}],"version-history":[{"count":0,"href":"https:\/\/www.24gliwice.pl\/wiadomosci\/wp-json\/wp\/v2\/posts\/142889\/revisions"}],"wp:featuredmedia":[{"embeddable":true,"href":"https:\/\/www.24gliwice.pl\/wiadomosci\/wp-json\/wp\/v2\/media\/143052"}],"wp:attachment":[{"href":"https:\/\/www.24gliwice.pl\/wiadomosci\/wp-json\/wp\/v2\/media?parent=142889"}],"wp:term":[{"taxonomy":"category","embeddable":true,"href":"https:\/\/www.24gliwice.pl\/wiadomosci\/wp-json\/wp\/v2\/categories?post=142889"},{"taxonomy":"post_tag","embeddable":true,"href":"https:\/\/www.24gliwice.pl\/wiadomosci\/wp-json\/wp\/v2\/tags?post=142889"}],"curies":[{"name":"wp","href":"https:\/\/api.w.org\/{rel}","templated":true}]}}