{"id":143011,"date":"2019-11-07T00:57:44","date_gmt":"2019-11-06T23:57:44","guid":{"rendered":"https:\/\/www.24gliwice.pl\/wiadomosci\/?p=143011"},"modified":"2019-11-07T00:57:44","modified_gmt":"2019-11-06T23:57:44","slug":"potracenie-na-przejsciu-dla-pieszych-na-ulicy-przyszowskiej-nastolatka-ze-zlamaniem-trafila-do-szpitala","status":"publish","type":"post","link":"https:\/\/www.24gliwice.pl\/wiadomosci\/potracenie-na-przejsciu-dla-pieszych-na-ulicy-przyszowskiej-nastolatka-ze-zlamaniem-trafila-do-szpitala\/","title":{"rendered":"Potr\u0105cenie na przej\u015bciu dla pieszych na ulicy Przyszowskiej. Nastolatka ze z\u0142amaniem trafi\u0142a do szpitala"},"content":{"rendered":"<div class=\"gliwi-a6-nad-leadem-artykulow gliwi-entity-placement\" id=\"gliwi-1721416847\"><div class=\"gliwi-adlabel\"><span style=\"font-size: 9px\">REKLAMA<\/span><\/div><div id=\"gliwi-3534694634\" style=\"margin-bottom: 30px;margin-left: auto;margin-right: auto;text-align: center;\"><a data-no-instant=\"1\" href=\"https:\/\/przedszkole.halogen.org.pl\/\" rel=\"noopener\" class=\"a2t-link\" target=\"_blank\" aria-label=\"20260402-ANIMATOR-przedszkole_grafika_750x200\"><img loading=\"lazy\" decoding=\"async\" src=\"https:\/\/www.24gliwice.pl\/wiadomosci\/wp-content\/uploads\/2026\/04\/20260402-ANIMATOR-przedszkole_grafika_750x200.webp\" alt=\"\"  srcset=\"https:\/\/www.24gliwice.pl\/wiadomosci\/wp-content\/uploads\/2026\/04\/20260402-ANIMATOR-przedszkole_grafika_750x200.webp 750w, https:\/\/www.24gliwice.pl\/wiadomosci\/wp-content\/uploads\/2026\/04\/20260402-ANIMATOR-przedszkole_grafika_750x200-410x109.webp 410w\" sizes=\"(max-width: 750px) 100vw, 750px\" class=\"no-lazyload\" width=\"750\" height=\"200\"  style=\"display: inline-block; max-width: 100%; height: auto;\" \/><\/a><\/div><\/div><h3>Do wypadku na oznakowanym przej\u015bciu dla pieszych dosz\u0142o we wtorek o godzinie 14:30 przy ul. Przyszowskiej. 14-latka przechodzi\u0142a przez jezdni\u0119 prawid\u0142owo. Dozna\u0142a obra\u017ce\u0144 cia\u0142a w postaci z\u0142amania. Trafi\u0142a do szpitala.<\/h3>\n<p>Poszkodowana dziewczynka znajdowa\u0142a si\u0119 ju\u017c w po\u0142owie oznakowanego przej\u015bcia, gdy potr\u0105ci\u0142 j\u0105 samoch\u00f3d osobowy marki Mercedes, kierowany przez 36-letniego gliwiczanina. <\/p>\n<h3>Kierowca by\u0142 trze\u017awy. Zatrzymano mu brytyjskie prawo jazdy. Policja bada teraz dok\u0142adne okoliczno\u015bci zdarzenia.<\/h3>\n<p>&#8211; Raz jeszcze apelujemy do wszystkich, i kierowc\u00f3w, i pieszych o ostro\u017cno\u015b\u0107 na drogach, szczeg\u00f3lnie w okresie jesienno-zimowym, kiedy zmrok zapada wcze\u015bniej, ale i w ci\u0105gu dnia widoczno\u015b\u0107 nie zawsze jest dobra. W tym czasie pogarsza si\u0119 r\u00f3wnie\u017c koncentracja kieruj\u0105cych, dlatego tak wa\u017cna jest wzmo\u017cona czujno\u015b\u0107 &#8211; przekazuje podinspektor<strong> Marek S\u0142omski<\/strong>, oficer prasowy KMP Gliwice. <\/p><div class=\"gliwi-a3-w-tresci-artykulow gliwi-entity-placement\" id=\"gliwi-1670353401\"><div class=\"gliwi-adlabel\"><span style=\"font-size: 9px\">REKLAMA<\/span><\/div><div id=\"gliwi-951085504\" style=\"margin-bottom: 30px;margin-left: auto;margin-right: auto;text-align: center;\"><a data-no-instant=\"1\" href=\"https:\/\/zlobek.halogen.org.pl\/\" rel=\"noopener\" class=\"a2t-link\" target=\"_blank\" aria-label=\"animator-zlobek_750x200\"><img loading=\"lazy\" decoding=\"async\" src=\"https:\/\/www.24gliwice.pl\/wiadomosci\/wp-content\/uploads\/2026\/02\/animator-zlobek_750x200.webp\" alt=\"\"  srcset=\"https:\/\/www.24gliwice.pl\/wiadomosci\/wp-content\/uploads\/2026\/02\/animator-zlobek_750x200.webp 750w, https:\/\/www.24gliwice.pl\/wiadomosci\/wp-content\/uploads\/2026\/02\/animator-zlobek_750x200-410x109.webp 410w\" sizes=\"(max-width: 750px) 100vw, 750px\" class=\"no-lazyload\" width=\"750\" height=\"200\"  style=\"display: inline-block; max-width: 100%; height: auto;\" \/><\/a><\/div><\/div>\n<p>(\u017cms)\/KMP Gliwice<\/p>\n<div class=\"gliwi-a5-na-koncu-artykulow gliwi-entity-placement\" id=\"gliwi-3465292065\"><div class=\"gliwi-adlabel\"><span style=\"font-size: 9px\">REKLAMA<\/span><\/div><div id=\"gliwi-2634051450\" style=\"margin-left: auto;margin-right: auto;text-align: center;\"><a data-no-instant=\"1\" href=\"https:\/\/www.jasek.pl\/\" rel=\"noopener\" class=\"a2t-link\" target=\"_blank\" aria-label=\"20200401-jasek 600\"><img loading=\"lazy\" decoding=\"async\" src=\"https:\/\/www.24gliwice.pl\/wiadomosci\/wp-content\/uploads\/2020\/04\/20200401-jasek-600.jpg\" alt=\"\"  srcset=\"https:\/\/www.24gliwice.pl\/wiadomosci\/wp-content\/uploads\/2020\/04\/20200401-jasek-600.jpg 600w, https:\/\/www.24gliwice.pl\/wiadomosci\/wp-content\/uploads\/2020\/04\/20200401-jasek-600-410x109.jpg 410w\" sizes=\"(max-width: 600px) 100vw, 600px\" class=\"no-lazyload\" width=\"600\" height=\"160\"  style=\"display: inline-block; max-width: 100%; height: auto;\" \/><\/a><\/div><\/div>","protected":false},"excerpt":{"rendered":"<p>Do wypadku na oznakowanym przej\u015bciu dla pieszych dosz\u0142o we wtorek o godzinie 14:30 przy ul. Przyszowskiej. 14-latka przechodzi\u0142a przez jezdni\u0119 prawid\u0142owo. Dozna\u0142a obra\u017ce\u0144 cia\u0142a w postaci z\u0142amania. Trafi\u0142a do szpitala. Poszkodowana dziewczynka znajdowa\u0142a si\u0119 ju\u017c w po\u0142owie oznakowanego przej\u015bcia, gdy potr\u0105ci\u0142 j\u0105 samoch\u00f3d osobowy marki Mercedes, kierowany przez 36-letniego gliwiczanina. Kierowca by\u0142 trze\u017awy. Zatrzymano mu [&hellip;]<\/p>\n","protected":false},"author":15,"featured_media":141561,"comment_status":"open","ping_status":"closed","sticky":false,"template":"","format":"standard","meta":{"_monsterinsights_skip_tracking":false,"_monsterinsights_sitenote_active":false,"_monsterinsights_sitenote_note":"","_monsterinsights_sitenote_category":0,"footnotes":"","_links_to":"","_links_to_target":""},"categories":[3,1,5],"tags":[8023,16885,7098],"class_list":["post-143011","post","type-post","status-publish","format-standard","has-post-thumbnail","hentry","category-gliwice","category-wszystko","category-kryminalki","tag-potracenie-na-przejsciu-dla-pieszych","tag-potracenie-nastolatki","tag-potracenie"],"yoast_head":"<!-- This site is optimized with the Yoast SEO plugin v27.5 - https:\/\/yoast.com\/product\/yoast-seo-wordpress\/ -->\n<title>Potr\u0105cenie na przej\u015bciu dla pieszych na ulicy Przyszowskiej. Nastolatka ze z\u0142amaniem trafi\u0142a do szpitala - 24GLIWICE - Portal Gliwice | codziennie nowe informacje<\/title>\n<meta name=\"robots\" content=\"index, follow, max-snippet:-1, max-image-preview:large, max-video-preview:-1\" \/>\n<link rel=\"canonical\" href=\"https:\/\/www.24gliwice.pl\/wiadomosci\/potracenie-na-przejsciu-dla-pieszych-na-ulicy-przyszowskiej-nastolatka-ze-zlamaniem-trafila-do-szpitala\/\" \/>\n<meta property=\"og:locale\" content=\"pl_PL\" \/>\n<meta property=\"og:type\" content=\"article\" \/>\n<meta property=\"og:title\" content=\"Potr\u0105cenie na przej\u015bciu dla pieszych na ulicy Przyszowskiej. Nastolatka ze z\u0142amaniem trafi\u0142a do szpitala - 24GLIWICE - Portal Gliwice | codziennie nowe informacje\" \/>\n<meta property=\"og:description\" content=\"Do wypadku na oznakowanym przej\u015bciu dla pieszych dosz\u0142o we wtorek o godzinie 14:30 przy ul. Przyszowskiej. 14-latka przechodzi\u0142a przez jezdni\u0119 prawid\u0142owo. Dozna\u0142a obra\u017ce\u0144 cia\u0142a w postaci z\u0142amania. Trafi\u0142a do szpitala. Poszkodowana dziewczynka znajdowa\u0142a si\u0119 ju\u017c w po\u0142owie oznakowanego przej\u015bcia, gdy potr\u0105ci\u0142 j\u0105 samoch\u00f3d osobowy marki Mercedes, kierowany przez 36-letniego gliwiczanina. Kierowca by\u0142 trze\u017awy. Zatrzymano mu [&hellip;]\" \/>\n<meta property=\"og:url\" content=\"https:\/\/www.24gliwice.pl\/wiadomosci\/potracenie-na-przejsciu-dla-pieszych-na-ulicy-przyszowskiej-nastolatka-ze-zlamaniem-trafila-do-szpitala\/\" \/>\n<meta property=\"og:site_name\" content=\"24GLIWICE - Portal Gliwice | codziennie nowe informacje\" \/>\n<meta property=\"article:publisher\" content=\"https:\/\/www.facebook.com\/24gliwice\" \/>\n<meta property=\"article:published_time\" content=\"2019-11-06T23:57:44+00:00\" \/>\n<meta property=\"og:image\" content=\"https:\/\/www.24gliwice.pl\/wiadomosci\/wp-content\/uploads\/2019\/10\/1-przejscie-pasy-piesi-1.jpg\" \/>\n\t<meta property=\"og:image:width\" content=\"810\" \/>\n\t<meta property=\"og:image:height\" content=\"456\" \/>\n\t<meta property=\"og:image:type\" content=\"image\/jpeg\" \/>\n<meta name=\"author\" content=\"\u017baneta Mrozek-Siewierska\" \/>\n<meta name=\"twitter:card\" content=\"summary_large_image\" \/>\n<meta name=\"twitter:creator\" content=\"@24gliwice\" \/>\n<meta name=\"twitter:site\" content=\"@24gliwice\" \/>\n<meta name=\"twitter:label1\" content=\"Napisane przez\" \/>\n\t<meta name=\"twitter:data1\" content=\"\u017baneta Mrozek-Siewierska\" \/>\n\t<meta name=\"twitter:label2\" content=\"Szacowany czas czytania\" \/>\n\t<meta name=\"twitter:data2\" content=\"1 minuta\" \/>\n<script type=\"application\/ld+json\" class=\"yoast-schema-graph\">{\"@context\":\"https:\\\/\\\/schema.org\",\"@graph\":[{\"@type\":\"Article\",\"@id\":\"https:\\\/\\\/www.24gliwice.pl\\\/wiadomosci\\\/potracenie-na-przejsciu-dla-pieszych-na-ulicy-przyszowskiej-nastolatka-ze-zlamaniem-trafila-do-szpitala\\\/#article\",\"isPartOf\":{\"@id\":\"https:\\\/\\\/www.24gliwice.pl\\\/wiadomosci\\\/potracenie-na-przejsciu-dla-pieszych-na-ulicy-przyszowskiej-nastolatka-ze-zlamaniem-trafila-do-szpitala\\\/\"},\"author\":{\"name\":\"\u017baneta Mrozek-Siewierska\",\"@id\":\"https:\\\/\\\/www.24gliwice.pl\\\/wiadomosci\\\/#\\\/schema\\\/person\\\/e42c650edd7f2fa332be3811fb166b6e\"},\"headline\":\"Potr\u0105cenie na przej\u015bciu dla pieszych na ulicy Przyszowskiej. Nastolatka ze z\u0142amaniem trafi\u0142a do szpitala\",\"datePublished\":\"2019-11-06T23:57:44+00:00\",\"mainEntityOfPage\":{\"@id\":\"https:\\\/\\\/www.24gliwice.pl\\\/wiadomosci\\\/potracenie-na-przejsciu-dla-pieszych-na-ulicy-przyszowskiej-nastolatka-ze-zlamaniem-trafila-do-szpitala\\\/\"},\"wordCount\":166,\"commentCount\":0,\"publisher\":{\"@id\":\"https:\\\/\\\/www.24gliwice.pl\\\/wiadomosci\\\/#organization\"},\"image\":{\"@id\":\"https:\\\/\\\/www.24gliwice.pl\\\/wiadomosci\\\/potracenie-na-przejsciu-dla-pieszych-na-ulicy-przyszowskiej-nastolatka-ze-zlamaniem-trafila-do-szpitala\\\/#primaryimage\"},\"thumbnailUrl\":\"https:\\\/\\\/www.24gliwice.pl\\\/wiadomosci\\\/wp-content\\\/uploads\\\/2019\\\/10\\\/1-przejscie-pasy-piesi-1.jpg\",\"keywords\":[\"POTR\u0104CENIE NA PRZEJ\u015aCIU DLA PIESZYCH\",\"potr\u0105cenie nastolatki\",\"POTR\u0104CONIE\"],\"articleSection\":[\"Gliwice\",\"Najnowsze wiadomo\u015bci\",\"Prawo\"],\"inLanguage\":\"pl-PL\",\"potentialAction\":[{\"@type\":\"CommentAction\",\"name\":\"Comment\",\"target\":[\"https:\\\/\\\/www.24gliwice.pl\\\/wiadomosci\\\/potracenie-na-przejsciu-dla-pieszych-na-ulicy-przyszowskiej-nastolatka-ze-zlamaniem-trafila-do-szpitala\\\/#respond\"]}]},{\"@type\":\"WebPage\",\"@id\":\"https:\\\/\\\/www.24gliwice.pl\\\/wiadomosci\\\/potracenie-na-przejsciu-dla-pieszych-na-ulicy-przyszowskiej-nastolatka-ze-zlamaniem-trafila-do-szpitala\\\/\",\"url\":\"https:\\\/\\\/www.24gliwice.pl\\\/wiadomosci\\\/potracenie-na-przejsciu-dla-pieszych-na-ulicy-przyszowskiej-nastolatka-ze-zlamaniem-trafila-do-szpitala\\\/\",\"name\":\"Potr\u0105cenie na przej\u015bciu dla pieszych na ulicy Przyszowskiej. Nastolatka ze z\u0142amaniem trafi\u0142a do szpitala - 24GLIWICE - Portal Gliwice | codziennie nowe informacje\",\"isPartOf\":{\"@id\":\"https:\\\/\\\/www.24gliwice.pl\\\/wiadomosci\\\/#website\"},\"primaryImageOfPage\":{\"@id\":\"https:\\\/\\\/www.24gliwice.pl\\\/wiadomosci\\\/potracenie-na-przejsciu-dla-pieszych-na-ulicy-przyszowskiej-nastolatka-ze-zlamaniem-trafila-do-szpitala\\\/#primaryimage\"},\"image\":{\"@id\":\"https:\\\/\\\/www.24gliwice.pl\\\/wiadomosci\\\/potracenie-na-przejsciu-dla-pieszych-na-ulicy-przyszowskiej-nastolatka-ze-zlamaniem-trafila-do-szpitala\\\/#primaryimage\"},\"thumbnailUrl\":\"https:\\\/\\\/www.24gliwice.pl\\\/wiadomosci\\\/wp-content\\\/uploads\\\/2019\\\/10\\\/1-przejscie-pasy-piesi-1.jpg\",\"datePublished\":\"2019-11-06T23:57:44+00:00\",\"breadcrumb\":{\"@id\":\"https:\\\/\\\/www.24gliwice.pl\\\/wiadomosci\\\/potracenie-na-przejsciu-dla-pieszych-na-ulicy-przyszowskiej-nastolatka-ze-zlamaniem-trafila-do-szpitala\\\/#breadcrumb\"},\"inLanguage\":\"pl-PL\",\"potentialAction\":[{\"@type\":\"ReadAction\",\"target\":[\"https:\\\/\\\/www.24gliwice.pl\\\/wiadomosci\\\/potracenie-na-przejsciu-dla-pieszych-na-ulicy-przyszowskiej-nastolatka-ze-zlamaniem-trafila-do-szpitala\\\/\"]}]},{\"@type\":\"ImageObject\",\"inLanguage\":\"pl-PL\",\"@id\":\"https:\\\/\\\/www.24gliwice.pl\\\/wiadomosci\\\/potracenie-na-przejsciu-dla-pieszych-na-ulicy-przyszowskiej-nastolatka-ze-zlamaniem-trafila-do-szpitala\\\/#primaryimage\",\"url\":\"https:\\\/\\\/www.24gliwice.pl\\\/wiadomosci\\\/wp-content\\\/uploads\\\/2019\\\/10\\\/1-przejscie-pasy-piesi-1.jpg\",\"contentUrl\":\"https:\\\/\\\/www.24gliwice.pl\\\/wiadomosci\\\/wp-content\\\/uploads\\\/2019\\\/10\\\/1-przejscie-pasy-piesi-1.jpg\",\"width\":810,\"height\":456},{\"@type\":\"BreadcrumbList\",\"@id\":\"https:\\\/\\\/www.24gliwice.pl\\\/wiadomosci\\\/potracenie-na-przejsciu-dla-pieszych-na-ulicy-przyszowskiej-nastolatka-ze-zlamaniem-trafila-do-szpitala\\\/#breadcrumb\",\"itemListElement\":[{\"@type\":\"ListItem\",\"position\":1,\"name\":\"Strona g\u0142\u00f3wna\",\"item\":\"https:\\\/\\\/www.24gliwice.pl\\\/wiadomosci\\\/\"},{\"@type\":\"ListItem\",\"position\":2,\"name\":\"Potr\u0105cenie na przej\u015bciu dla pieszych na ulicy Przyszowskiej. Nastolatka ze z\u0142amaniem trafi\u0142a do szpitala\"}]},{\"@type\":\"WebSite\",\"@id\":\"https:\\\/\\\/www.24gliwice.pl\\\/wiadomosci\\\/#website\",\"url\":\"https:\\\/\\\/www.24gliwice.pl\\\/wiadomosci\\\/\",\"name\":\"24GLIWICE - Portal Gliwice | codziennie nowe wiadomo\u015bci\",\"description\":\"Portal Miejski Gliwice\",\"publisher\":{\"@id\":\"https:\\\/\\\/www.24gliwice.pl\\\/wiadomosci\\\/#organization\"},\"potentialAction\":[{\"@type\":\"SearchAction\",\"target\":{\"@type\":\"EntryPoint\",\"urlTemplate\":\"https:\\\/\\\/www.24gliwice.pl\\\/wiadomosci\\\/?s={search_term_string}\"},\"query-input\":{\"@type\":\"PropertyValueSpecification\",\"valueRequired\":true,\"valueName\":\"search_term_string\"}}],\"inLanguage\":\"pl-PL\"},{\"@type\":\"Organization\",\"@id\":\"https:\\\/\\\/www.24gliwice.pl\\\/wiadomosci\\\/#organization\",\"name\":\"24gliwice\",\"url\":\"https:\\\/\\\/www.24gliwice.pl\\\/wiadomosci\\\/\",\"logo\":{\"@type\":\"ImageObject\",\"inLanguage\":\"pl-PL\",\"@id\":\"https:\\\/\\\/www.24gliwice.pl\\\/wiadomosci\\\/#\\\/schema\\\/logo\\\/image\\\/\",\"url\":\"https:\\\/\\\/www.24gliwice.pl\\\/wiadomosci\\\/wp-content\\\/uploads\\\/2024\\\/10\\\/24gliwice-logo-696.jpg\",\"contentUrl\":\"https:\\\/\\\/www.24gliwice.pl\\\/wiadomosci\\\/wp-content\\\/uploads\\\/2024\\\/10\\\/24gliwice-logo-696.jpg\",\"width\":696,\"height\":696,\"caption\":\"24gliwice\"},\"image\":{\"@id\":\"https:\\\/\\\/www.24gliwice.pl\\\/wiadomosci\\\/#\\\/schema\\\/logo\\\/image\\\/\"},\"sameAs\":[\"https:\\\/\\\/www.facebook.com\\\/24gliwice\",\"https:\\\/\\\/x.com\\\/24gliwice\",\"https:\\\/\\\/www.youtube.com\\\/@24gliwice\"]},{\"@type\":\"Person\",\"@id\":\"https:\\\/\\\/www.24gliwice.pl\\\/wiadomosci\\\/#\\\/schema\\\/person\\\/e42c650edd7f2fa332be3811fb166b6e\",\"name\":\"\u017baneta Mrozek-Siewierska\",\"image\":{\"@type\":\"ImageObject\",\"inLanguage\":\"pl-PL\",\"@id\":\"https:\\\/\\\/secure.gravatar.com\\\/avatar\\\/1881429e9c64597c77ad7aef2d0a19be69a3253e57534d16aa15bf3a4d34a0a3?s=96&d=mm&r=g\",\"url\":\"https:\\\/\\\/secure.gravatar.com\\\/avatar\\\/1881429e9c64597c77ad7aef2d0a19be69a3253e57534d16aa15bf3a4d34a0a3?s=96&d=mm&r=g\",\"contentUrl\":\"https:\\\/\\\/secure.gravatar.com\\\/avatar\\\/1881429e9c64597c77ad7aef2d0a19be69a3253e57534d16aa15bf3a4d34a0a3?s=96&d=mm&r=g\",\"caption\":\"\u017baneta Mrozek-Siewierska\"},\"url\":\"https:\\\/\\\/www.24gliwice.pl\\\/wiadomosci\\\/author\\\/zms\\\/\"}]}<\/script>\n<!-- \/ Yoast SEO plugin. -->","yoast_head_json":{"title":"Potr\u0105cenie na przej\u015bciu dla pieszych na ulicy Przyszowskiej. Nastolatka ze z\u0142amaniem trafi\u0142a do szpitala - 24GLIWICE - Portal Gliwice | codziennie nowe informacje","robots":{"index":"index","follow":"follow","max-snippet":"max-snippet:-1","max-image-preview":"max-image-preview:large","max-video-preview":"max-video-preview:-1"},"canonical":"https:\/\/www.24gliwice.pl\/wiadomosci\/potracenie-na-przejsciu-dla-pieszych-na-ulicy-przyszowskiej-nastolatka-ze-zlamaniem-trafila-do-szpitala\/","og_locale":"pl_PL","og_type":"article","og_title":"Potr\u0105cenie na przej\u015bciu dla pieszych na ulicy Przyszowskiej. Nastolatka ze z\u0142amaniem trafi\u0142a do szpitala - 24GLIWICE - Portal Gliwice | codziennie nowe informacje","og_description":"Do wypadku na oznakowanym przej\u015bciu dla pieszych dosz\u0142o we wtorek o godzinie 14:30 przy ul. Przyszowskiej. 14-latka przechodzi\u0142a przez jezdni\u0119 prawid\u0142owo. Dozna\u0142a obra\u017ce\u0144 cia\u0142a w postaci z\u0142amania. Trafi\u0142a do szpitala. Poszkodowana dziewczynka znajdowa\u0142a si\u0119 ju\u017c w po\u0142owie oznakowanego przej\u015bcia, gdy potr\u0105ci\u0142 j\u0105 samoch\u00f3d osobowy marki Mercedes, kierowany przez 36-letniego gliwiczanina. Kierowca by\u0142 trze\u017awy. Zatrzymano mu [&hellip;]","og_url":"https:\/\/www.24gliwice.pl\/wiadomosci\/potracenie-na-przejsciu-dla-pieszych-na-ulicy-przyszowskiej-nastolatka-ze-zlamaniem-trafila-do-szpitala\/","og_site_name":"24GLIWICE - Portal Gliwice | codziennie nowe informacje","article_publisher":"https:\/\/www.facebook.com\/24gliwice","article_published_time":"2019-11-06T23:57:44+00:00","og_image":[{"width":810,"height":456,"url":"https:\/\/www.24gliwice.pl\/wiadomosci\/wp-content\/uploads\/2019\/10\/1-przejscie-pasy-piesi-1.jpg","type":"image\/jpeg"}],"author":"\u017baneta Mrozek-Siewierska","twitter_card":"summary_large_image","twitter_creator":"@24gliwice","twitter_site":"@24gliwice","twitter_misc":{"Napisane przez":"\u017baneta Mrozek-Siewierska","Szacowany czas czytania":"1 minuta"},"schema":{"@context":"https:\/\/schema.org","@graph":[{"@type":"Article","@id":"https:\/\/www.24gliwice.pl\/wiadomosci\/potracenie-na-przejsciu-dla-pieszych-na-ulicy-przyszowskiej-nastolatka-ze-zlamaniem-trafila-do-szpitala\/#article","isPartOf":{"@id":"https:\/\/www.24gliwice.pl\/wiadomosci\/potracenie-na-przejsciu-dla-pieszych-na-ulicy-przyszowskiej-nastolatka-ze-zlamaniem-trafila-do-szpitala\/"},"author":{"name":"\u017baneta Mrozek-Siewierska","@id":"https:\/\/www.24gliwice.pl\/wiadomosci\/#\/schema\/person\/e42c650edd7f2fa332be3811fb166b6e"},"headline":"Potr\u0105cenie na przej\u015bciu dla pieszych na ulicy Przyszowskiej. Nastolatka ze z\u0142amaniem trafi\u0142a do szpitala","datePublished":"2019-11-06T23:57:44+00:00","mainEntityOfPage":{"@id":"https:\/\/www.24gliwice.pl\/wiadomosci\/potracenie-na-przejsciu-dla-pieszych-na-ulicy-przyszowskiej-nastolatka-ze-zlamaniem-trafila-do-szpitala\/"},"wordCount":166,"commentCount":0,"publisher":{"@id":"https:\/\/www.24gliwice.pl\/wiadomosci\/#organization"},"image":{"@id":"https:\/\/www.24gliwice.pl\/wiadomosci\/potracenie-na-przejsciu-dla-pieszych-na-ulicy-przyszowskiej-nastolatka-ze-zlamaniem-trafila-do-szpitala\/#primaryimage"},"thumbnailUrl":"https:\/\/www.24gliwice.pl\/wiadomosci\/wp-content\/uploads\/2019\/10\/1-przejscie-pasy-piesi-1.jpg","keywords":["POTR\u0104CENIE NA PRZEJ\u015aCIU DLA PIESZYCH","potr\u0105cenie nastolatki","POTR\u0104CONIE"],"articleSection":["Gliwice","Najnowsze wiadomo\u015bci","Prawo"],"inLanguage":"pl-PL","potentialAction":[{"@type":"CommentAction","name":"Comment","target":["https:\/\/www.24gliwice.pl\/wiadomosci\/potracenie-na-przejsciu-dla-pieszych-na-ulicy-przyszowskiej-nastolatka-ze-zlamaniem-trafila-do-szpitala\/#respond"]}]},{"@type":"WebPage","@id":"https:\/\/www.24gliwice.pl\/wiadomosci\/potracenie-na-przejsciu-dla-pieszych-na-ulicy-przyszowskiej-nastolatka-ze-zlamaniem-trafila-do-szpitala\/","url":"https:\/\/www.24gliwice.pl\/wiadomosci\/potracenie-na-przejsciu-dla-pieszych-na-ulicy-przyszowskiej-nastolatka-ze-zlamaniem-trafila-do-szpitala\/","name":"Potr\u0105cenie na przej\u015bciu dla pieszych na ulicy Przyszowskiej. Nastolatka ze z\u0142amaniem trafi\u0142a do szpitala - 24GLIWICE - Portal Gliwice | codziennie nowe informacje","isPartOf":{"@id":"https:\/\/www.24gliwice.pl\/wiadomosci\/#website"},"primaryImageOfPage":{"@id":"https:\/\/www.24gliwice.pl\/wiadomosci\/potracenie-na-przejsciu-dla-pieszych-na-ulicy-przyszowskiej-nastolatka-ze-zlamaniem-trafila-do-szpitala\/#primaryimage"},"image":{"@id":"https:\/\/www.24gliwice.pl\/wiadomosci\/potracenie-na-przejsciu-dla-pieszych-na-ulicy-przyszowskiej-nastolatka-ze-zlamaniem-trafila-do-szpitala\/#primaryimage"},"thumbnailUrl":"https:\/\/www.24gliwice.pl\/wiadomosci\/wp-content\/uploads\/2019\/10\/1-przejscie-pasy-piesi-1.jpg","datePublished":"2019-11-06T23:57:44+00:00","breadcrumb":{"@id":"https:\/\/www.24gliwice.pl\/wiadomosci\/potracenie-na-przejsciu-dla-pieszych-na-ulicy-przyszowskiej-nastolatka-ze-zlamaniem-trafila-do-szpitala\/#breadcrumb"},"inLanguage":"pl-PL","potentialAction":[{"@type":"ReadAction","target":["https:\/\/www.24gliwice.pl\/wiadomosci\/potracenie-na-przejsciu-dla-pieszych-na-ulicy-przyszowskiej-nastolatka-ze-zlamaniem-trafila-do-szpitala\/"]}]},{"@type":"ImageObject","inLanguage":"pl-PL","@id":"https:\/\/www.24gliwice.pl\/wiadomosci\/potracenie-na-przejsciu-dla-pieszych-na-ulicy-przyszowskiej-nastolatka-ze-zlamaniem-trafila-do-szpitala\/#primaryimage","url":"https:\/\/www.24gliwice.pl\/wiadomosci\/wp-content\/uploads\/2019\/10\/1-przejscie-pasy-piesi-1.jpg","contentUrl":"https:\/\/www.24gliwice.pl\/wiadomosci\/wp-content\/uploads\/2019\/10\/1-przejscie-pasy-piesi-1.jpg","width":810,"height":456},{"@type":"BreadcrumbList","@id":"https:\/\/www.24gliwice.pl\/wiadomosci\/potracenie-na-przejsciu-dla-pieszych-na-ulicy-przyszowskiej-nastolatka-ze-zlamaniem-trafila-do-szpitala\/#breadcrumb","itemListElement":[{"@type":"ListItem","position":1,"name":"Strona g\u0142\u00f3wna","item":"https:\/\/www.24gliwice.pl\/wiadomosci\/"},{"@type":"ListItem","position":2,"name":"Potr\u0105cenie na przej\u015bciu dla pieszych na ulicy Przyszowskiej. Nastolatka ze z\u0142amaniem trafi\u0142a do szpitala"}]},{"@type":"WebSite","@id":"https:\/\/www.24gliwice.pl\/wiadomosci\/#website","url":"https:\/\/www.24gliwice.pl\/wiadomosci\/","name":"24GLIWICE - Portal Gliwice | codziennie nowe wiadomo\u015bci","description":"Portal Miejski Gliwice","publisher":{"@id":"https:\/\/www.24gliwice.pl\/wiadomosci\/#organization"},"potentialAction":[{"@type":"SearchAction","target":{"@type":"EntryPoint","urlTemplate":"https:\/\/www.24gliwice.pl\/wiadomosci\/?s={search_term_string}"},"query-input":{"@type":"PropertyValueSpecification","valueRequired":true,"valueName":"search_term_string"}}],"inLanguage":"pl-PL"},{"@type":"Organization","@id":"https:\/\/www.24gliwice.pl\/wiadomosci\/#organization","name":"24gliwice","url":"https:\/\/www.24gliwice.pl\/wiadomosci\/","logo":{"@type":"ImageObject","inLanguage":"pl-PL","@id":"https:\/\/www.24gliwice.pl\/wiadomosci\/#\/schema\/logo\/image\/","url":"https:\/\/www.24gliwice.pl\/wiadomosci\/wp-content\/uploads\/2024\/10\/24gliwice-logo-696.jpg","contentUrl":"https:\/\/www.24gliwice.pl\/wiadomosci\/wp-content\/uploads\/2024\/10\/24gliwice-logo-696.jpg","width":696,"height":696,"caption":"24gliwice"},"image":{"@id":"https:\/\/www.24gliwice.pl\/wiadomosci\/#\/schema\/logo\/image\/"},"sameAs":["https:\/\/www.facebook.com\/24gliwice","https:\/\/x.com\/24gliwice","https:\/\/www.youtube.com\/@24gliwice"]},{"@type":"Person","@id":"https:\/\/www.24gliwice.pl\/wiadomosci\/#\/schema\/person\/e42c650edd7f2fa332be3811fb166b6e","name":"\u017baneta Mrozek-Siewierska","image":{"@type":"ImageObject","inLanguage":"pl-PL","@id":"https:\/\/secure.gravatar.com\/avatar\/1881429e9c64597c77ad7aef2d0a19be69a3253e57534d16aa15bf3a4d34a0a3?s=96&d=mm&r=g","url":"https:\/\/secure.gravatar.com\/avatar\/1881429e9c64597c77ad7aef2d0a19be69a3253e57534d16aa15bf3a4d34a0a3?s=96&d=mm&r=g","contentUrl":"https:\/\/secure.gravatar.com\/avatar\/1881429e9c64597c77ad7aef2d0a19be69a3253e57534d16aa15bf3a4d34a0a3?s=96&d=mm&r=g","caption":"\u017baneta Mrozek-Siewierska"},"url":"https:\/\/www.24gliwice.pl\/wiadomosci\/author\/zms\/"}]}},"_links":{"self":[{"href":"https:\/\/www.24gliwice.pl\/wiadomosci\/wp-json\/wp\/v2\/posts\/143011","targetHints":{"allow":["GET"]}}],"collection":[{"href":"https:\/\/www.24gliwice.pl\/wiadomosci\/wp-json\/wp\/v2\/posts"}],"about":[{"href":"https:\/\/www.24gliwice.pl\/wiadomosci\/wp-json\/wp\/v2\/types\/post"}],"author":[{"embeddable":true,"href":"https:\/\/www.24gliwice.pl\/wiadomosci\/wp-json\/wp\/v2\/users\/15"}],"replies":[{"embeddable":true,"href":"https:\/\/www.24gliwice.pl\/wiadomosci\/wp-json\/wp\/v2\/comments?post=143011"}],"version-history":[{"count":0,"href":"https:\/\/www.24gliwice.pl\/wiadomosci\/wp-json\/wp\/v2\/posts\/143011\/revisions"}],"wp:featuredmedia":[{"embeddable":true,"href":"https:\/\/www.24gliwice.pl\/wiadomosci\/wp-json\/wp\/v2\/media\/141561"}],"wp:attachment":[{"href":"https:\/\/www.24gliwice.pl\/wiadomosci\/wp-json\/wp\/v2\/media?parent=143011"}],"wp:term":[{"taxonomy":"category","embeddable":true,"href":"https:\/\/www.24gliwice.pl\/wiadomosci\/wp-json\/wp\/v2\/categories?post=143011"},{"taxonomy":"post_tag","embeddable":true,"href":"https:\/\/www.24gliwice.pl\/wiadomosci\/wp-json\/wp\/v2\/tags?post=143011"}],"curies":[{"name":"wp","href":"https:\/\/api.w.org\/{rel}","templated":true}]}}