{"id":143758,"date":"2019-11-22T11:56:33","date_gmt":"2019-11-22T10:56:33","guid":{"rendered":"https:\/\/www.24gliwice.pl\/wiadomosci\/?p=143758"},"modified":"2019-11-22T11:56:33","modified_gmt":"2019-11-22T10:56:33","slug":"nie-zglosil-sie-w-komisariacie-policja-pokazala-jego-twarz-jest-podejrzany-o-zniszczenie-elewacji","status":"publish","type":"post","link":"https:\/\/www.24gliwice.pl\/wiadomosci\/nie-zglosil-sie-w-komisariacie-policja-pokazala-jego-twarz-jest-podejrzany-o-zniszczenie-elewacji\/","title":{"rendered":"Nie zg\u0142osi\u0142 si\u0119 w komisariacie, policja pokaza\u0142a jego twarz. Jest podejrzany o zniszczenie elewacji"},"content":{"rendered":"<div class=\"gliwi-a6-nad-leadem-artykulow gliwi-entity-placement\" id=\"gliwi-1806368772\"><div class=\"gliwi-adlabel\"><span style=\"font-size: 9px\">REKLAMA<\/span><\/div><div id=\"gliwi-3010203078\" style=\"margin-bottom: 30px;margin-left: auto;margin-right: auto;text-align: center;\"><a data-no-instant=\"1\" href=\"https:\/\/przedszkole.halogen.org.pl\/\" rel=\"noopener\" class=\"a2t-link\" target=\"_blank\" aria-label=\"20260402-ANIMATOR-przedszkole_grafika_750x200\"><img loading=\"lazy\" decoding=\"async\" src=\"https:\/\/www.24gliwice.pl\/wiadomosci\/wp-content\/uploads\/2026\/04\/20260402-ANIMATOR-przedszkole_grafika_750x200.webp\" alt=\"\"  srcset=\"https:\/\/www.24gliwice.pl\/wiadomosci\/wp-content\/uploads\/2026\/04\/20260402-ANIMATOR-przedszkole_grafika_750x200.webp 750w, https:\/\/www.24gliwice.pl\/wiadomosci\/wp-content\/uploads\/2026\/04\/20260402-ANIMATOR-przedszkole_grafika_750x200-410x109.webp 410w\" sizes=\"(max-width: 750px) 100vw, 750px\" class=\"no-lazyload\" width=\"750\" height=\"200\"  style=\"display: inline-block; max-width: 100%; height: auto;\" \/><\/a><\/div><\/div><h3>Mia\u0142 2 tygodnie czasu, \u017ceby stawi\u0107 si\u0119 w komisariacie policji, a jednak tego nie zrobi\u0142. Teraz jego twarz zobaczy\u0107 mo\u017ce ka\u017cdy. Podejrzany o zniszczenie elewacji widoczny jest na zdj\u0119ciach.<\/h3>\n<p><img loading=\"lazy\" decoding=\"async\" class=\"alignnone  wp-image-143765\" src=\"https:\/\/www.24gliwice.pl\/wiadomosci\/wp-content\/uploads\/2019\/11\/wizerunek-4.jpg\" alt=\"\" width=\"1332\" height=\"940\" srcset=\"https:\/\/www.24gliwice.pl\/wiadomosci\/wp-content\/uploads\/2019\/11\/wizerunek-4.jpg 567w, https:\/\/www.24gliwice.pl\/wiadomosci\/wp-content\/uploads\/2019\/11\/wizerunek-4-329x232.jpg 329w\" sizes=\"auto, (max-width: 1332px) 100vw, 1332px\" \/><\/p>\n<p>&#8211; II komisariat prowadzi post\u0119powanie dotycz\u0105ce zniszczenia mienia \u2013 pomalowano elewacj\u0119 budynku przy ul. Traugutta w Gliwicach. Do zdarzenia dosz\u0142o 31 sierpnia. Osoba podejrzewana o przest\u0119pstwo zosta\u0142a utrwalona na zapisie monitoringu. <a href=\"https:\/\/www.24gliwice.pl\/wiadomosci\/mezczyzna-ze-zdjec-ma-2-tygodnie-by-stawic-sie-w-komisariacie-po-tym-czasie-przestanie-byc-anonimowy\/\" target=\"_blank\" rel=\"noopener noreferrer\">Wcze\u015bniej zdecydowano o publikacji zamazanego wizerunku<\/a> z wezwaniem, by zarejestrowany m\u0119\u017cczyzna, kt\u00f3ry zapewne rozpozna si\u0119 na filmie, stawi\u0142 si\u0119 w II komisariacie \u2013 nie zrobi\u0142 tego, tym samym, w celu ustalenia to\u017csamo\u015bci, zaistnia\u0142a konieczno\u015b\u0107 opublikowania pe\u0142nego wizerunku &#8211; przekazuje podinspektor <strong>Marek S\u0142omski<\/strong>, oficer prasowy KMP Gliwice.<\/p>\n<h3>Sprawca wykona\u0142 na elewacji malunki, oczywi\u015bcie bez zgody w\u0142a\u015bciciela obiektu. Spowodowa\u0142 kilkutysi\u0119czne straty. W trakcie dochodzenia zabezpieczono film z kamery monitoringu, na kt\u00f3rym zarejestrowany zosta\u0142 m\u0119\u017cczyzna w wieku oko\u0142o 35-40 lat.<\/h3>\n<p>&#8211; Prosimy osoby, kt\u00f3re rozpozna\u0142y osob\u0119 z nagrania lub maj\u0105 podejrzenia co do jej to\u017csamo\u015bci, o kontakt Wydzia\u0142em Kryminalnym II Komisariatu Policji w Gliwicach przy ul. Warszawskiej 3c, tel. ca\u0142odobowy 32 239 02 00. Kontakt do prowadz\u0105cego spraw\u0119: 32 239 02 03, e-mail: <a href=\"mailto:maciej.gula@gliwice.ka.policja.gov.pl\" target=\"_blank\" rel=\"noopener noreferrer\">maciej.gula@gliwice.ka.policja.gov.pl<\/a> &#8211; apeluje S\u0142omski.<\/p><div class=\"gliwi-a3-w-tresci-artykulow gliwi-entity-placement\" id=\"gliwi-130200305\"><div class=\"gliwi-adlabel\"><span style=\"font-size: 9px\">REKLAMA<\/span><\/div><div id=\"gliwi-3044347259\" style=\"margin-bottom: 30px;margin-left: auto;margin-right: auto;text-align: center;\"><a data-no-instant=\"1\" href=\"https:\/\/zlobek.halogen.org.pl\/\" rel=\"noopener\" class=\"a2t-link\" target=\"_blank\" aria-label=\"animator-zlobek_750x200\"><img loading=\"lazy\" decoding=\"async\" src=\"https:\/\/www.24gliwice.pl\/wiadomosci\/wp-content\/uploads\/2026\/02\/animator-zlobek_750x200.webp\" alt=\"\"  srcset=\"https:\/\/www.24gliwice.pl\/wiadomosci\/wp-content\/uploads\/2026\/02\/animator-zlobek_750x200.webp 750w, https:\/\/www.24gliwice.pl\/wiadomosci\/wp-content\/uploads\/2026\/02\/animator-zlobek_750x200-410x109.webp 410w\" sizes=\"(max-width: 750px) 100vw, 750px\" class=\"no-lazyload\" width=\"750\" height=\"200\"  style=\"display: inline-block; max-width: 100%; height: auto;\" \/><\/a><\/div><\/div>\n<p><img loading=\"lazy\" decoding=\"async\" class=\"alignnone  wp-image-143763\" src=\"https:\/\/www.24gliwice.pl\/wiadomosci\/wp-content\/uploads\/2019\/11\/wizerunek-1.jpg\" alt=\"\" width=\"1611\" height=\"1139\" srcset=\"https:\/\/www.24gliwice.pl\/wiadomosci\/wp-content\/uploads\/2019\/11\/wizerunek-1.jpg 556w, https:\/\/www.24gliwice.pl\/wiadomosci\/wp-content\/uploads\/2019\/11\/wizerunek-1-328x232.jpg 328w\" sizes=\"auto, (max-width: 1611px) 100vw, 1611px\" \/><\/p>\n<p>Osobom informuj\u0105cym policja gwarantuje anonimowo\u015b\u0107. Nikt nie b\u0119dzie dopytywany czy w jakikolwiek spos\u00f3b niepokojony. Informacje mo\u017cna przesy\u0142a\u0107 za po\u015brednictwem anonimowej skrzynki mailowej \u2013 <a href=\"http:\/\/gliwice.slaska.policja.gov.pl\/ka9\/form\/dodaj34,Powiadom-nas.html\" target=\"_blank\" rel=\"noopener noreferrer\">\u201ePowiadom nas \u2013 Kliknij TU\u201d.<\/a><\/p>\n<p>(\u017cms)\/KMP Gliwice<br \/>\nfot. KMP Gliwice<\/p>\n<p><img loading=\"lazy\" decoding=\"async\" class=\"alignnone  wp-image-143764\" src=\"https:\/\/www.24gliwice.pl\/wiadomosci\/wp-content\/uploads\/2019\/11\/wizerunek-3.jpg\" alt=\"\" width=\"1438\" height=\"941\" srcset=\"https:\/\/www.24gliwice.pl\/wiadomosci\/wp-content\/uploads\/2019\/11\/wizerunek-3.jpg 605w, https:\/\/www.24gliwice.pl\/wiadomosci\/wp-content\/uploads\/2019\/11\/wizerunek-3-354x232.jpg 354w\" sizes=\"auto, (max-width: 1438px) 100vw, 1438px\" \/><\/p>\n<div class=\"gliwi-a5-na-koncu-artykulow gliwi-entity-placement\" id=\"gliwi-780026055\"><div class=\"gliwi-adlabel\"><span style=\"font-size: 9px\">REKLAMA<\/span><\/div><div id=\"gliwi-89201005\" style=\"margin-left: auto;margin-right: auto;text-align: center;\"><a data-no-instant=\"1\" href=\"https:\/\/prezeroarenagliwice.pl\/\" rel=\"noopener\" class=\"a2t-link\" target=\"_blank\" aria-label=\"20260309-PREZERO-WIOSNA-D\"><img loading=\"lazy\" decoding=\"async\" src=\"https:\/\/www.24gliwice.pl\/wiadomosci\/wp-content\/uploads\/2026\/03\/20260309-PREZERO-WIOSNA-D.webp\" alt=\"\"  srcset=\"https:\/\/www.24gliwice.pl\/wiadomosci\/wp-content\/uploads\/2026\/03\/20260309-PREZERO-WIOSNA-D.webp 750w, https:\/\/www.24gliwice.pl\/wiadomosci\/wp-content\/uploads\/2026\/03\/20260309-PREZERO-WIOSNA-D-410x109.webp 410w\" sizes=\"(max-width: 750px) 100vw, 750px\" class=\"no-lazyload\" width=\"750\" height=\"200\"  style=\"display: inline-block; max-width: 100%; height: auto;\" \/><\/a><\/div><\/div>","protected":false},"excerpt":{"rendered":"<p>Mia\u0142 2 tygodnie czasu, \u017ceby stawi\u0107 si\u0119 w komisariacie policji, a jednak tego nie zrobi\u0142. Teraz jego twarz zobaczy\u0107 mo\u017ce ka\u017cdy. Podejrzany o zniszczenie elewacji widoczny jest na zdj\u0119ciach. &#8211; II komisariat prowadzi post\u0119powanie dotycz\u0105ce zniszczenia mienia \u2013 pomalowano elewacj\u0119 budynku przy ul. Traugutta w Gliwicach. Do zdarzenia dosz\u0142o 31 sierpnia. Osoba podejrzewana o przest\u0119pstwo [&hellip;]<\/p>\n","protected":false},"author":15,"featured_media":143766,"comment_status":"open","ping_status":"closed","sticky":false,"template":"","format":"standard","meta":{"_monsterinsights_skip_tracking":false,"_monsterinsights_sitenote_active":false,"_monsterinsights_sitenote_note":"","_monsterinsights_sitenote_category":0,"footnotes":"","_links_to":"","_links_to_target":""},"categories":[3,1,5],"tags":[5180,8095,8812,9662,10704,10901],"class_list":["post-143758","post","type-post","status-publish","format-standard","has-post-thumbnail","hentry","category-gliwice","category-wszystko","category-kryminalki","tag-bohomazy","tag-grafitti","tag-podejrzany","tag-wizerunek","tag-zniszczenie-elewacji","tag-zniszczenie-mienia"],"yoast_head":"<!-- This site is optimized with the Yoast SEO plugin v27.5 - https:\/\/yoast.com\/product\/yoast-seo-wordpress\/ -->\n<title>Nie zg\u0142osi\u0142 si\u0119 w komisariacie, policja pokaza\u0142a jego twarz. Jest podejrzany o zniszczenie elewacji - 24GLIWICE - Portal Gliwice | codziennie nowe informacje<\/title>\n<meta name=\"robots\" content=\"index, follow, max-snippet:-1, max-image-preview:large, max-video-preview:-1\" \/>\n<link rel=\"canonical\" href=\"https:\/\/www.24gliwice.pl\/wiadomosci\/nie-zglosil-sie-w-komisariacie-policja-pokazala-jego-twarz-jest-podejrzany-o-zniszczenie-elewacji\/\" \/>\n<meta property=\"og:locale\" content=\"pl_PL\" \/>\n<meta property=\"og:type\" content=\"article\" \/>\n<meta property=\"og:title\" content=\"Nie zg\u0142osi\u0142 si\u0119 w komisariacie, policja pokaza\u0142a jego twarz. Jest podejrzany o zniszczenie elewacji - 24GLIWICE - Portal Gliwice | codziennie nowe informacje\" \/>\n<meta property=\"og:description\" content=\"Mia\u0142 2 tygodnie czasu, \u017ceby stawi\u0107 si\u0119 w komisariacie policji, a jednak tego nie zrobi\u0142. Teraz jego twarz zobaczy\u0107 mo\u017ce ka\u017cdy. Podejrzany o zniszczenie elewacji widoczny jest na zdj\u0119ciach. &#8211; II komisariat prowadzi post\u0119powanie dotycz\u0105ce zniszczenia mienia \u2013 pomalowano elewacj\u0119 budynku przy ul. Traugutta w Gliwicach. Do zdarzenia dosz\u0142o 31 sierpnia. Osoba podejrzewana o przest\u0119pstwo [&hellip;]\" \/>\n<meta property=\"og:url\" content=\"https:\/\/www.24gliwice.pl\/wiadomosci\/nie-zglosil-sie-w-komisariacie-policja-pokazala-jego-twarz-jest-podejrzany-o-zniszczenie-elewacji\/\" \/>\n<meta property=\"og:site_name\" content=\"24GLIWICE - Portal Gliwice | codziennie nowe informacje\" \/>\n<meta property=\"article:publisher\" content=\"https:\/\/www.facebook.com\/24gliwice\" \/>\n<meta property=\"article:published_time\" content=\"2019-11-22T10:56:33+00:00\" \/>\n<meta property=\"og:image\" content=\"https:\/\/www.24gliwice.pl\/wiadomosci\/wp-content\/uploads\/2019\/11\/wizrunek-2.jpg\" \/>\n\t<meta property=\"og:image:width\" content=\"809\" \/>\n\t<meta property=\"og:image:height\" content=\"455\" \/>\n\t<meta property=\"og:image:type\" content=\"image\/jpeg\" \/>\n<meta name=\"author\" content=\"\u017baneta Mrozek-Siewierska\" \/>\n<meta name=\"twitter:card\" content=\"summary_large_image\" \/>\n<meta name=\"twitter:creator\" content=\"@24gliwice\" \/>\n<meta name=\"twitter:site\" content=\"@24gliwice\" \/>\n<meta name=\"twitter:label1\" content=\"Napisane przez\" \/>\n\t<meta name=\"twitter:data1\" content=\"\u017baneta Mrozek-Siewierska\" \/>\n\t<meta name=\"twitter:label2\" content=\"Szacowany czas czytania\" \/>\n\t<meta name=\"twitter:data2\" content=\"1 minuta\" \/>\n<script type=\"application\/ld+json\" class=\"yoast-schema-graph\">{\"@context\":\"https:\\\/\\\/schema.org\",\"@graph\":[{\"@type\":\"Article\",\"@id\":\"https:\\\/\\\/www.24gliwice.pl\\\/wiadomosci\\\/nie-zglosil-sie-w-komisariacie-policja-pokazala-jego-twarz-jest-podejrzany-o-zniszczenie-elewacji\\\/#article\",\"isPartOf\":{\"@id\":\"https:\\\/\\\/www.24gliwice.pl\\\/wiadomosci\\\/nie-zglosil-sie-w-komisariacie-policja-pokazala-jego-twarz-jest-podejrzany-o-zniszczenie-elewacji\\\/\"},\"author\":{\"name\":\"\u017baneta Mrozek-Siewierska\",\"@id\":\"https:\\\/\\\/www.24gliwice.pl\\\/wiadomosci\\\/#\\\/schema\\\/person\\\/e42c650edd7f2fa332be3811fb166b6e\"},\"headline\":\"Nie zg\u0142osi\u0142 si\u0119 w komisariacie, policja pokaza\u0142a jego twarz. Jest podejrzany o zniszczenie elewacji\",\"datePublished\":\"2019-11-22T10:56:33+00:00\",\"mainEntityOfPage\":{\"@id\":\"https:\\\/\\\/www.24gliwice.pl\\\/wiadomosci\\\/nie-zglosil-sie-w-komisariacie-policja-pokazala-jego-twarz-jest-podejrzany-o-zniszczenie-elewacji\\\/\"},\"wordCount\":263,\"commentCount\":0,\"publisher\":{\"@id\":\"https:\\\/\\\/www.24gliwice.pl\\\/wiadomosci\\\/#organization\"},\"image\":{\"@id\":\"https:\\\/\\\/www.24gliwice.pl\\\/wiadomosci\\\/nie-zglosil-sie-w-komisariacie-policja-pokazala-jego-twarz-jest-podejrzany-o-zniszczenie-elewacji\\\/#primaryimage\"},\"thumbnailUrl\":\"https:\\\/\\\/www.24gliwice.pl\\\/wiadomosci\\\/wp-content\\\/uploads\\\/2019\\\/11\\\/wizrunek-2.jpg\",\"keywords\":[\"bohomazy\",\"grafitti\",\"PODEJRZANY\",\"WIZERUNEK\",\"zniszczenie elewacji\",\"zniszczenie mienia\"],\"articleSection\":[\"Gliwice\",\"Najnowsze wiadomo\u015bci\",\"Prawo\"],\"inLanguage\":\"pl-PL\",\"potentialAction\":[{\"@type\":\"CommentAction\",\"name\":\"Comment\",\"target\":[\"https:\\\/\\\/www.24gliwice.pl\\\/wiadomosci\\\/nie-zglosil-sie-w-komisariacie-policja-pokazala-jego-twarz-jest-podejrzany-o-zniszczenie-elewacji\\\/#respond\"]}]},{\"@type\":\"WebPage\",\"@id\":\"https:\\\/\\\/www.24gliwice.pl\\\/wiadomosci\\\/nie-zglosil-sie-w-komisariacie-policja-pokazala-jego-twarz-jest-podejrzany-o-zniszczenie-elewacji\\\/\",\"url\":\"https:\\\/\\\/www.24gliwice.pl\\\/wiadomosci\\\/nie-zglosil-sie-w-komisariacie-policja-pokazala-jego-twarz-jest-podejrzany-o-zniszczenie-elewacji\\\/\",\"name\":\"Nie zg\u0142osi\u0142 si\u0119 w komisariacie, policja pokaza\u0142a jego twarz. Jest podejrzany o zniszczenie elewacji - 24GLIWICE - Portal Gliwice | codziennie nowe informacje\",\"isPartOf\":{\"@id\":\"https:\\\/\\\/www.24gliwice.pl\\\/wiadomosci\\\/#website\"},\"primaryImageOfPage\":{\"@id\":\"https:\\\/\\\/www.24gliwice.pl\\\/wiadomosci\\\/nie-zglosil-sie-w-komisariacie-policja-pokazala-jego-twarz-jest-podejrzany-o-zniszczenie-elewacji\\\/#primaryimage\"},\"image\":{\"@id\":\"https:\\\/\\\/www.24gliwice.pl\\\/wiadomosci\\\/nie-zglosil-sie-w-komisariacie-policja-pokazala-jego-twarz-jest-podejrzany-o-zniszczenie-elewacji\\\/#primaryimage\"},\"thumbnailUrl\":\"https:\\\/\\\/www.24gliwice.pl\\\/wiadomosci\\\/wp-content\\\/uploads\\\/2019\\\/11\\\/wizrunek-2.jpg\",\"datePublished\":\"2019-11-22T10:56:33+00:00\",\"breadcrumb\":{\"@id\":\"https:\\\/\\\/www.24gliwice.pl\\\/wiadomosci\\\/nie-zglosil-sie-w-komisariacie-policja-pokazala-jego-twarz-jest-podejrzany-o-zniszczenie-elewacji\\\/#breadcrumb\"},\"inLanguage\":\"pl-PL\",\"potentialAction\":[{\"@type\":\"ReadAction\",\"target\":[\"https:\\\/\\\/www.24gliwice.pl\\\/wiadomosci\\\/nie-zglosil-sie-w-komisariacie-policja-pokazala-jego-twarz-jest-podejrzany-o-zniszczenie-elewacji\\\/\"]}]},{\"@type\":\"ImageObject\",\"inLanguage\":\"pl-PL\",\"@id\":\"https:\\\/\\\/www.24gliwice.pl\\\/wiadomosci\\\/nie-zglosil-sie-w-komisariacie-policja-pokazala-jego-twarz-jest-podejrzany-o-zniszczenie-elewacji\\\/#primaryimage\",\"url\":\"https:\\\/\\\/www.24gliwice.pl\\\/wiadomosci\\\/wp-content\\\/uploads\\\/2019\\\/11\\\/wizrunek-2.jpg\",\"contentUrl\":\"https:\\\/\\\/www.24gliwice.pl\\\/wiadomosci\\\/wp-content\\\/uploads\\\/2019\\\/11\\\/wizrunek-2.jpg\",\"width\":809,\"height\":455},{\"@type\":\"BreadcrumbList\",\"@id\":\"https:\\\/\\\/www.24gliwice.pl\\\/wiadomosci\\\/nie-zglosil-sie-w-komisariacie-policja-pokazala-jego-twarz-jest-podejrzany-o-zniszczenie-elewacji\\\/#breadcrumb\",\"itemListElement\":[{\"@type\":\"ListItem\",\"position\":1,\"name\":\"Strona g\u0142\u00f3wna\",\"item\":\"https:\\\/\\\/www.24gliwice.pl\\\/wiadomosci\\\/\"},{\"@type\":\"ListItem\",\"position\":2,\"name\":\"Nie zg\u0142osi\u0142 si\u0119 w komisariacie, policja pokaza\u0142a jego twarz. Jest podejrzany o zniszczenie elewacji\"}]},{\"@type\":\"WebSite\",\"@id\":\"https:\\\/\\\/www.24gliwice.pl\\\/wiadomosci\\\/#website\",\"url\":\"https:\\\/\\\/www.24gliwice.pl\\\/wiadomosci\\\/\",\"name\":\"24GLIWICE - Portal Gliwice | codziennie nowe wiadomo\u015bci\",\"description\":\"Portal Miejski Gliwice\",\"publisher\":{\"@id\":\"https:\\\/\\\/www.24gliwice.pl\\\/wiadomosci\\\/#organization\"},\"potentialAction\":[{\"@type\":\"SearchAction\",\"target\":{\"@type\":\"EntryPoint\",\"urlTemplate\":\"https:\\\/\\\/www.24gliwice.pl\\\/wiadomosci\\\/?s={search_term_string}\"},\"query-input\":{\"@type\":\"PropertyValueSpecification\",\"valueRequired\":true,\"valueName\":\"search_term_string\"}}],\"inLanguage\":\"pl-PL\"},{\"@type\":\"Organization\",\"@id\":\"https:\\\/\\\/www.24gliwice.pl\\\/wiadomosci\\\/#organization\",\"name\":\"24gliwice\",\"url\":\"https:\\\/\\\/www.24gliwice.pl\\\/wiadomosci\\\/\",\"logo\":{\"@type\":\"ImageObject\",\"inLanguage\":\"pl-PL\",\"@id\":\"https:\\\/\\\/www.24gliwice.pl\\\/wiadomosci\\\/#\\\/schema\\\/logo\\\/image\\\/\",\"url\":\"https:\\\/\\\/www.24gliwice.pl\\\/wiadomosci\\\/wp-content\\\/uploads\\\/2024\\\/10\\\/24gliwice-logo-696.jpg\",\"contentUrl\":\"https:\\\/\\\/www.24gliwice.pl\\\/wiadomosci\\\/wp-content\\\/uploads\\\/2024\\\/10\\\/24gliwice-logo-696.jpg\",\"width\":696,\"height\":696,\"caption\":\"24gliwice\"},\"image\":{\"@id\":\"https:\\\/\\\/www.24gliwice.pl\\\/wiadomosci\\\/#\\\/schema\\\/logo\\\/image\\\/\"},\"sameAs\":[\"https:\\\/\\\/www.facebook.com\\\/24gliwice\",\"https:\\\/\\\/x.com\\\/24gliwice\",\"https:\\\/\\\/www.youtube.com\\\/@24gliwice\"]},{\"@type\":\"Person\",\"@id\":\"https:\\\/\\\/www.24gliwice.pl\\\/wiadomosci\\\/#\\\/schema\\\/person\\\/e42c650edd7f2fa332be3811fb166b6e\",\"name\":\"\u017baneta Mrozek-Siewierska\",\"image\":{\"@type\":\"ImageObject\",\"inLanguage\":\"pl-PL\",\"@id\":\"https:\\\/\\\/secure.gravatar.com\\\/avatar\\\/1881429e9c64597c77ad7aef2d0a19be69a3253e57534d16aa15bf3a4d34a0a3?s=96&d=mm&r=g\",\"url\":\"https:\\\/\\\/secure.gravatar.com\\\/avatar\\\/1881429e9c64597c77ad7aef2d0a19be69a3253e57534d16aa15bf3a4d34a0a3?s=96&d=mm&r=g\",\"contentUrl\":\"https:\\\/\\\/secure.gravatar.com\\\/avatar\\\/1881429e9c64597c77ad7aef2d0a19be69a3253e57534d16aa15bf3a4d34a0a3?s=96&d=mm&r=g\",\"caption\":\"\u017baneta Mrozek-Siewierska\"},\"url\":\"https:\\\/\\\/www.24gliwice.pl\\\/wiadomosci\\\/author\\\/zms\\\/\"}]}<\/script>\n<!-- \/ Yoast SEO plugin. -->","yoast_head_json":{"title":"Nie zg\u0142osi\u0142 si\u0119 w komisariacie, policja pokaza\u0142a jego twarz. Jest podejrzany o zniszczenie elewacji - 24GLIWICE - Portal Gliwice | codziennie nowe informacje","robots":{"index":"index","follow":"follow","max-snippet":"max-snippet:-1","max-image-preview":"max-image-preview:large","max-video-preview":"max-video-preview:-1"},"canonical":"https:\/\/www.24gliwice.pl\/wiadomosci\/nie-zglosil-sie-w-komisariacie-policja-pokazala-jego-twarz-jest-podejrzany-o-zniszczenie-elewacji\/","og_locale":"pl_PL","og_type":"article","og_title":"Nie zg\u0142osi\u0142 si\u0119 w komisariacie, policja pokaza\u0142a jego twarz. Jest podejrzany o zniszczenie elewacji - 24GLIWICE - Portal Gliwice | codziennie nowe informacje","og_description":"Mia\u0142 2 tygodnie czasu, \u017ceby stawi\u0107 si\u0119 w komisariacie policji, a jednak tego nie zrobi\u0142. Teraz jego twarz zobaczy\u0107 mo\u017ce ka\u017cdy. Podejrzany o zniszczenie elewacji widoczny jest na zdj\u0119ciach. &#8211; II komisariat prowadzi post\u0119powanie dotycz\u0105ce zniszczenia mienia \u2013 pomalowano elewacj\u0119 budynku przy ul. Traugutta w Gliwicach. Do zdarzenia dosz\u0142o 31 sierpnia. Osoba podejrzewana o przest\u0119pstwo [&hellip;]","og_url":"https:\/\/www.24gliwice.pl\/wiadomosci\/nie-zglosil-sie-w-komisariacie-policja-pokazala-jego-twarz-jest-podejrzany-o-zniszczenie-elewacji\/","og_site_name":"24GLIWICE - Portal Gliwice | codziennie nowe informacje","article_publisher":"https:\/\/www.facebook.com\/24gliwice","article_published_time":"2019-11-22T10:56:33+00:00","og_image":[{"width":809,"height":455,"url":"https:\/\/www.24gliwice.pl\/wiadomosci\/wp-content\/uploads\/2019\/11\/wizrunek-2.jpg","type":"image\/jpeg"}],"author":"\u017baneta Mrozek-Siewierska","twitter_card":"summary_large_image","twitter_creator":"@24gliwice","twitter_site":"@24gliwice","twitter_misc":{"Napisane przez":"\u017baneta Mrozek-Siewierska","Szacowany czas czytania":"1 minuta"},"schema":{"@context":"https:\/\/schema.org","@graph":[{"@type":"Article","@id":"https:\/\/www.24gliwice.pl\/wiadomosci\/nie-zglosil-sie-w-komisariacie-policja-pokazala-jego-twarz-jest-podejrzany-o-zniszczenie-elewacji\/#article","isPartOf":{"@id":"https:\/\/www.24gliwice.pl\/wiadomosci\/nie-zglosil-sie-w-komisariacie-policja-pokazala-jego-twarz-jest-podejrzany-o-zniszczenie-elewacji\/"},"author":{"name":"\u017baneta Mrozek-Siewierska","@id":"https:\/\/www.24gliwice.pl\/wiadomosci\/#\/schema\/person\/e42c650edd7f2fa332be3811fb166b6e"},"headline":"Nie zg\u0142osi\u0142 si\u0119 w komisariacie, policja pokaza\u0142a jego twarz. Jest podejrzany o zniszczenie elewacji","datePublished":"2019-11-22T10:56:33+00:00","mainEntityOfPage":{"@id":"https:\/\/www.24gliwice.pl\/wiadomosci\/nie-zglosil-sie-w-komisariacie-policja-pokazala-jego-twarz-jest-podejrzany-o-zniszczenie-elewacji\/"},"wordCount":263,"commentCount":0,"publisher":{"@id":"https:\/\/www.24gliwice.pl\/wiadomosci\/#organization"},"image":{"@id":"https:\/\/www.24gliwice.pl\/wiadomosci\/nie-zglosil-sie-w-komisariacie-policja-pokazala-jego-twarz-jest-podejrzany-o-zniszczenie-elewacji\/#primaryimage"},"thumbnailUrl":"https:\/\/www.24gliwice.pl\/wiadomosci\/wp-content\/uploads\/2019\/11\/wizrunek-2.jpg","keywords":["bohomazy","grafitti","PODEJRZANY","WIZERUNEK","zniszczenie elewacji","zniszczenie mienia"],"articleSection":["Gliwice","Najnowsze wiadomo\u015bci","Prawo"],"inLanguage":"pl-PL","potentialAction":[{"@type":"CommentAction","name":"Comment","target":["https:\/\/www.24gliwice.pl\/wiadomosci\/nie-zglosil-sie-w-komisariacie-policja-pokazala-jego-twarz-jest-podejrzany-o-zniszczenie-elewacji\/#respond"]}]},{"@type":"WebPage","@id":"https:\/\/www.24gliwice.pl\/wiadomosci\/nie-zglosil-sie-w-komisariacie-policja-pokazala-jego-twarz-jest-podejrzany-o-zniszczenie-elewacji\/","url":"https:\/\/www.24gliwice.pl\/wiadomosci\/nie-zglosil-sie-w-komisariacie-policja-pokazala-jego-twarz-jest-podejrzany-o-zniszczenie-elewacji\/","name":"Nie zg\u0142osi\u0142 si\u0119 w komisariacie, policja pokaza\u0142a jego twarz. Jest podejrzany o zniszczenie elewacji - 24GLIWICE - Portal Gliwice | codziennie nowe informacje","isPartOf":{"@id":"https:\/\/www.24gliwice.pl\/wiadomosci\/#website"},"primaryImageOfPage":{"@id":"https:\/\/www.24gliwice.pl\/wiadomosci\/nie-zglosil-sie-w-komisariacie-policja-pokazala-jego-twarz-jest-podejrzany-o-zniszczenie-elewacji\/#primaryimage"},"image":{"@id":"https:\/\/www.24gliwice.pl\/wiadomosci\/nie-zglosil-sie-w-komisariacie-policja-pokazala-jego-twarz-jest-podejrzany-o-zniszczenie-elewacji\/#primaryimage"},"thumbnailUrl":"https:\/\/www.24gliwice.pl\/wiadomosci\/wp-content\/uploads\/2019\/11\/wizrunek-2.jpg","datePublished":"2019-11-22T10:56:33+00:00","breadcrumb":{"@id":"https:\/\/www.24gliwice.pl\/wiadomosci\/nie-zglosil-sie-w-komisariacie-policja-pokazala-jego-twarz-jest-podejrzany-o-zniszczenie-elewacji\/#breadcrumb"},"inLanguage":"pl-PL","potentialAction":[{"@type":"ReadAction","target":["https:\/\/www.24gliwice.pl\/wiadomosci\/nie-zglosil-sie-w-komisariacie-policja-pokazala-jego-twarz-jest-podejrzany-o-zniszczenie-elewacji\/"]}]},{"@type":"ImageObject","inLanguage":"pl-PL","@id":"https:\/\/www.24gliwice.pl\/wiadomosci\/nie-zglosil-sie-w-komisariacie-policja-pokazala-jego-twarz-jest-podejrzany-o-zniszczenie-elewacji\/#primaryimage","url":"https:\/\/www.24gliwice.pl\/wiadomosci\/wp-content\/uploads\/2019\/11\/wizrunek-2.jpg","contentUrl":"https:\/\/www.24gliwice.pl\/wiadomosci\/wp-content\/uploads\/2019\/11\/wizrunek-2.jpg","width":809,"height":455},{"@type":"BreadcrumbList","@id":"https:\/\/www.24gliwice.pl\/wiadomosci\/nie-zglosil-sie-w-komisariacie-policja-pokazala-jego-twarz-jest-podejrzany-o-zniszczenie-elewacji\/#breadcrumb","itemListElement":[{"@type":"ListItem","position":1,"name":"Strona g\u0142\u00f3wna","item":"https:\/\/www.24gliwice.pl\/wiadomosci\/"},{"@type":"ListItem","position":2,"name":"Nie zg\u0142osi\u0142 si\u0119 w komisariacie, policja pokaza\u0142a jego twarz. Jest podejrzany o zniszczenie elewacji"}]},{"@type":"WebSite","@id":"https:\/\/www.24gliwice.pl\/wiadomosci\/#website","url":"https:\/\/www.24gliwice.pl\/wiadomosci\/","name":"24GLIWICE - Portal Gliwice | codziennie nowe wiadomo\u015bci","description":"Portal Miejski Gliwice","publisher":{"@id":"https:\/\/www.24gliwice.pl\/wiadomosci\/#organization"},"potentialAction":[{"@type":"SearchAction","target":{"@type":"EntryPoint","urlTemplate":"https:\/\/www.24gliwice.pl\/wiadomosci\/?s={search_term_string}"},"query-input":{"@type":"PropertyValueSpecification","valueRequired":true,"valueName":"search_term_string"}}],"inLanguage":"pl-PL"},{"@type":"Organization","@id":"https:\/\/www.24gliwice.pl\/wiadomosci\/#organization","name":"24gliwice","url":"https:\/\/www.24gliwice.pl\/wiadomosci\/","logo":{"@type":"ImageObject","inLanguage":"pl-PL","@id":"https:\/\/www.24gliwice.pl\/wiadomosci\/#\/schema\/logo\/image\/","url":"https:\/\/www.24gliwice.pl\/wiadomosci\/wp-content\/uploads\/2024\/10\/24gliwice-logo-696.jpg","contentUrl":"https:\/\/www.24gliwice.pl\/wiadomosci\/wp-content\/uploads\/2024\/10\/24gliwice-logo-696.jpg","width":696,"height":696,"caption":"24gliwice"},"image":{"@id":"https:\/\/www.24gliwice.pl\/wiadomosci\/#\/schema\/logo\/image\/"},"sameAs":["https:\/\/www.facebook.com\/24gliwice","https:\/\/x.com\/24gliwice","https:\/\/www.youtube.com\/@24gliwice"]},{"@type":"Person","@id":"https:\/\/www.24gliwice.pl\/wiadomosci\/#\/schema\/person\/e42c650edd7f2fa332be3811fb166b6e","name":"\u017baneta Mrozek-Siewierska","image":{"@type":"ImageObject","inLanguage":"pl-PL","@id":"https:\/\/secure.gravatar.com\/avatar\/1881429e9c64597c77ad7aef2d0a19be69a3253e57534d16aa15bf3a4d34a0a3?s=96&d=mm&r=g","url":"https:\/\/secure.gravatar.com\/avatar\/1881429e9c64597c77ad7aef2d0a19be69a3253e57534d16aa15bf3a4d34a0a3?s=96&d=mm&r=g","contentUrl":"https:\/\/secure.gravatar.com\/avatar\/1881429e9c64597c77ad7aef2d0a19be69a3253e57534d16aa15bf3a4d34a0a3?s=96&d=mm&r=g","caption":"\u017baneta Mrozek-Siewierska"},"url":"https:\/\/www.24gliwice.pl\/wiadomosci\/author\/zms\/"}]}},"_links":{"self":[{"href":"https:\/\/www.24gliwice.pl\/wiadomosci\/wp-json\/wp\/v2\/posts\/143758","targetHints":{"allow":["GET"]}}],"collection":[{"href":"https:\/\/www.24gliwice.pl\/wiadomosci\/wp-json\/wp\/v2\/posts"}],"about":[{"href":"https:\/\/www.24gliwice.pl\/wiadomosci\/wp-json\/wp\/v2\/types\/post"}],"author":[{"embeddable":true,"href":"https:\/\/www.24gliwice.pl\/wiadomosci\/wp-json\/wp\/v2\/users\/15"}],"replies":[{"embeddable":true,"href":"https:\/\/www.24gliwice.pl\/wiadomosci\/wp-json\/wp\/v2\/comments?post=143758"}],"version-history":[{"count":0,"href":"https:\/\/www.24gliwice.pl\/wiadomosci\/wp-json\/wp\/v2\/posts\/143758\/revisions"}],"wp:featuredmedia":[{"embeddable":true,"href":"https:\/\/www.24gliwice.pl\/wiadomosci\/wp-json\/wp\/v2\/media\/143766"}],"wp:attachment":[{"href":"https:\/\/www.24gliwice.pl\/wiadomosci\/wp-json\/wp\/v2\/media?parent=143758"}],"wp:term":[{"taxonomy":"category","embeddable":true,"href":"https:\/\/www.24gliwice.pl\/wiadomosci\/wp-json\/wp\/v2\/categories?post=143758"},{"taxonomy":"post_tag","embeddable":true,"href":"https:\/\/www.24gliwice.pl\/wiadomosci\/wp-json\/wp\/v2\/tags?post=143758"}],"curies":[{"name":"wp","href":"https:\/\/api.w.org\/{rel}","templated":true}]}}