{"id":143846,"date":"2019-11-25T11:47:55","date_gmt":"2019-11-25T10:47:55","guid":{"rendered":"https:\/\/www.24gliwice.pl\/wiadomosci\/?p=143846"},"modified":"2019-11-25T11:47:55","modified_gmt":"2019-11-25T10:47:55","slug":"volkswagen-nagle-zmienil-pas-ruchu-powodujac-zderzenie-czolowe-nie-zyje-58-letnia-kierujaca-seicento","status":"publish","type":"post","link":"https:\/\/www.24gliwice.pl\/wiadomosci\/volkswagen-nagle-zmienil-pas-ruchu-powodujac-zderzenie-czolowe-nie-zyje-58-letnia-kierujaca-seicento\/","title":{"rendered":"Volkswagen nagle zmieni\u0142 pas ruchu powoduj\u0105c zderzenie czo\u0142owe. Nie \u017cyje 58-letnia kieruj\u0105ca seicento"},"content":{"rendered":"<div class=\"gliwi-a6-nad-leadem-artykulow gliwi-entity-placement\" id=\"gliwi-199136575\"><div class=\"gliwi-adlabel\"><span style=\"font-size: 9px\">REKLAMA<\/span><\/div><div id=\"gliwi-2068807140\" style=\"margin-bottom: 25px;margin-left: auto;margin-right: auto;text-align: center;\"><a data-no-instant=\"1\" href=\"https:\/\/dom100.eu\/\" rel=\"noopener\" class=\"a2t-link\" target=\"_blank\" aria-label=\"20260415 DOM100 D\"><img loading=\"lazy\" decoding=\"async\" src=\"https:\/\/www.24gliwice.pl\/wiadomosci\/wp-content\/uploads\/2026\/04\/20260415-DOM100-D.jpg\" alt=\"\"  srcset=\"https:\/\/www.24gliwice.pl\/wiadomosci\/wp-content\/uploads\/2026\/04\/20260415-DOM100-D.jpg 750w, https:\/\/www.24gliwice.pl\/wiadomosci\/wp-content\/uploads\/2026\/04\/20260415-DOM100-D-410x109.jpg 410w\" sizes=\"(max-width: 750px) 100vw, 750px\" class=\"no-lazyload\" width=\"750\" height=\"200\"  style=\"display: inline-block; max-width: 100%; height: auto;\" \/><\/a><\/div><\/div><h3>W pobli\u017cu miejscowo\u015bci Wilcza czo\u0142owo zderzy\u0142y si\u0119 ze sob\u0105 volkswagen i fiat seicento. Kieruj\u0105ca fiatem ponios\u0142a \u015bmier\u0107 na miejscu. Do tragicznego wypadku dosz\u0142o w sobot\u0119, 23 listopada, oko\u0142o godziny 6:20.<\/h3>\n<p>Ze wst\u0119pnych ustale\u0144 wynika, \u017ce 40-letni kierowca pickupa marki Volkswagen, jad\u0105c droga krajow\u0105 numer 78 od strony Gliwic, na prostym odcinku drogi, w terenie le\u015bnym, zjecha\u0142 na przeciwleg\u0142y pas ruchu, doprowadzaj\u0105c do czo\u0142owego zderzenia z fiatem seicento, jad\u0105cym prawid\u0142owo od strony Rybnika. <\/p>\n<h3>58-letnia kobieta kieruj\u0105ca niewielkim samochodem nie mia\u0142a szans na prze\u017cycie.<\/h3>\n<p>&#8211; Ruch w obu kierunkach zosta\u0142 wstrzymany. Na miejsce przyjecha\u0142y wszystkie s\u0142u\u017cby, policyjna ekipa \u015bledcza oraz prokurator. M\u0119\u017cczyzna kieruj\u0105cy volkswagenem by\u0142 trze\u017awy. Jedn\u0105 z hipotez dotycz\u0105cych przyczyn wypadku jest za\u015bni\u0119cie 40-latka za kierownic\u0105, jednak pe\u0142ne przyczyny i okoliczno\u015bci tej tragedii poznamy dopiero po zako\u0144czeniu \u015bledztwa &#8211; przekazuje podinspektor <strong>Marek S\u0142omski<\/strong>, oficer prasowy gliwickiej policji.<\/p><div class=\"gliwi-a3-w-tresci-artykulow gliwi-entity-placement\" id=\"gliwi-366838374\"><div class=\"gliwi-adlabel\"><span style=\"font-size: 9px\">REKLAMA<\/span><\/div><div id=\"gliwi-617471868\" style=\"margin-bottom: 30px;margin-left: auto;margin-right: auto;text-align: center;\"><a data-no-instant=\"1\" href=\"https:\/\/ogrodyandersa.pl\/\" rel=\"noopener\" class=\"a2t-link\" target=\"_blank\" aria-label=\"20260415 Ogrody Andersa KUP TERAZ D\"><img loading=\"lazy\" decoding=\"async\" src=\"https:\/\/www.24gliwice.pl\/wiadomosci\/wp-content\/uploads\/2026\/04\/20260415-Ogrody-Andersa-KUP-TERAZ-D.jpg\" alt=\"\"  srcset=\"https:\/\/www.24gliwice.pl\/wiadomosci\/wp-content\/uploads\/2026\/04\/20260415-Ogrody-Andersa-KUP-TERAZ-D.jpg 750w, https:\/\/www.24gliwice.pl\/wiadomosci\/wp-content\/uploads\/2026\/04\/20260415-Ogrody-Andersa-KUP-TERAZ-D-410x109.jpg 410w\" sizes=\"(max-width: 750px) 100vw, 750px\" class=\"no-lazyload\" width=\"750\" height=\"200\"  style=\"display: inline-block; max-width: 100%; height: auto;\" \/><\/a><\/div><\/div>\n<p>(\u017cms)\/KMP Gliwice<br \/>\nfot. zdj. pogl\u0105dowe<\/p>\n<div class=\"gliwi-a5-na-koncu-artykulow gliwi-entity-placement\" id=\"gliwi-944973226\"><div class=\"gliwi-adlabel\"><span style=\"font-size: 9px\">REKLAMA<\/span><\/div><div id=\"gliwi-3664409543\" style=\"margin-left: auto;margin-right: auto;text-align: center;\"><a data-no-instant=\"1\" href=\"https:\/\/www.jasek.pl\/\" rel=\"noopener\" class=\"a2t-link\" target=\"_blank\" aria-label=\"20200401-jasek 600\"><img loading=\"lazy\" decoding=\"async\" src=\"https:\/\/www.24gliwice.pl\/wiadomosci\/wp-content\/uploads\/2020\/04\/20200401-jasek-600.jpg\" alt=\"\"  srcset=\"https:\/\/www.24gliwice.pl\/wiadomosci\/wp-content\/uploads\/2020\/04\/20200401-jasek-600.jpg 600w, https:\/\/www.24gliwice.pl\/wiadomosci\/wp-content\/uploads\/2020\/04\/20200401-jasek-600-410x109.jpg 410w\" sizes=\"(max-width: 600px) 100vw, 600px\" class=\"no-lazyload\" width=\"600\" height=\"160\"  style=\"display: inline-block; max-width: 100%; height: auto;\" \/><\/a><\/div><\/div>","protected":false},"excerpt":{"rendered":"<p>W pobli\u017cu miejscowo\u015bci Wilcza czo\u0142owo zderzy\u0142y si\u0119 ze sob\u0105 volkswagen i fiat seicento. Kieruj\u0105ca fiatem ponios\u0142a \u015bmier\u0107 na miejscu. Do tragicznego wypadku dosz\u0142o w sobot\u0119, 23 listopada, oko\u0142o godziny 6:20. Ze wst\u0119pnych ustale\u0144 wynika, \u017ce 40-letni kierowca pickupa marki Volkswagen, jad\u0105c droga krajow\u0105 numer 78 od strony Gliwic, na prostym odcinku drogi, w terenie le\u015bnym, [&hellip;]<\/p>\n","protected":false},"author":15,"featured_media":118155,"comment_status":"open","ping_status":"closed","sticky":false,"template":"","format":"standard","meta":{"_monsterinsights_skip_tracking":false,"_monsterinsights_sitenote_active":false,"_monsterinsights_sitenote_note":"","_monsterinsights_sitenote_category":0,"footnotes":"","_links_to":"","_links_to_target":""},"categories":[3,1,5],"tags":[8641,8893,17022],"class_list":["post-143846","post","type-post","status-publish","format-standard","has-post-thumbnail","hentry","category-gliwice","category-wszystko","category-kryminalki","tag-czolowe-zderzenie","tag-smiertelny-wypadek","tag-zderzenie-samochodow"],"yoast_head":"<!-- This site is optimized with the Yoast SEO plugin v27.5 - https:\/\/yoast.com\/product\/yoast-seo-wordpress\/ -->\n<title>Volkswagen nagle zmieni\u0142 pas ruchu powoduj\u0105c zderzenie czo\u0142owe. Nie \u017cyje 58-letnia kieruj\u0105ca seicento - 24GLIWICE - Portal Gliwice | codziennie nowe informacje<\/title>\n<meta name=\"robots\" content=\"index, follow, max-snippet:-1, max-image-preview:large, max-video-preview:-1\" \/>\n<link rel=\"canonical\" href=\"https:\/\/www.24gliwice.pl\/wiadomosci\/volkswagen-nagle-zmienil-pas-ruchu-powodujac-zderzenie-czolowe-nie-zyje-58-letnia-kierujaca-seicento\/\" \/>\n<meta property=\"og:locale\" content=\"pl_PL\" \/>\n<meta property=\"og:type\" content=\"article\" \/>\n<meta property=\"og:title\" content=\"Volkswagen nagle zmieni\u0142 pas ruchu powoduj\u0105c zderzenie czo\u0142owe. Nie \u017cyje 58-letnia kieruj\u0105ca seicento - 24GLIWICE - Portal Gliwice | codziennie nowe informacje\" \/>\n<meta property=\"og:description\" content=\"W pobli\u017cu miejscowo\u015bci Wilcza czo\u0142owo zderzy\u0142y si\u0119 ze sob\u0105 volkswagen i fiat seicento. Kieruj\u0105ca fiatem ponios\u0142a \u015bmier\u0107 na miejscu. Do tragicznego wypadku dosz\u0142o w sobot\u0119, 23 listopada, oko\u0142o godziny 6:20. Ze wst\u0119pnych ustale\u0144 wynika, \u017ce 40-letni kierowca pickupa marki Volkswagen, jad\u0105c droga krajow\u0105 numer 78 od strony Gliwic, na prostym odcinku drogi, w terenie le\u015bnym, [&hellip;]\" \/>\n<meta property=\"og:url\" content=\"https:\/\/www.24gliwice.pl\/wiadomosci\/volkswagen-nagle-zmienil-pas-ruchu-powodujac-zderzenie-czolowe-nie-zyje-58-letnia-kierujaca-seicento\/\" \/>\n<meta property=\"og:site_name\" content=\"24GLIWICE - Portal Gliwice | codziennie nowe informacje\" \/>\n<meta property=\"article:publisher\" content=\"https:\/\/www.facebook.com\/24gliwice\" \/>\n<meta property=\"article:published_time\" content=\"2019-11-25T10:47:55+00:00\" \/>\n<meta property=\"og:image\" content=\"https:\/\/www.24gliwice.pl\/wiadomosci\/wp-content\/uploads\/2018\/06\/karetka-policja.jpg\" \/>\n\t<meta property=\"og:image:width\" content=\"810\" \/>\n\t<meta property=\"og:image:height\" content=\"455\" \/>\n\t<meta property=\"og:image:type\" content=\"image\/jpeg\" \/>\n<meta name=\"author\" content=\"\u017baneta Mrozek-Siewierska\" \/>\n<meta name=\"twitter:card\" content=\"summary_large_image\" \/>\n<meta name=\"twitter:creator\" content=\"@24gliwice\" \/>\n<meta name=\"twitter:site\" content=\"@24gliwice\" \/>\n<meta name=\"twitter:label1\" content=\"Napisane przez\" \/>\n\t<meta name=\"twitter:data1\" content=\"\u017baneta Mrozek-Siewierska\" \/>\n\t<meta name=\"twitter:label2\" content=\"Szacowany czas czytania\" \/>\n\t<meta name=\"twitter:data2\" content=\"1 minuta\" \/>\n<script type=\"application\/ld+json\" class=\"yoast-schema-graph\">{\"@context\":\"https:\\\/\\\/schema.org\",\"@graph\":[{\"@type\":\"Article\",\"@id\":\"https:\\\/\\\/www.24gliwice.pl\\\/wiadomosci\\\/volkswagen-nagle-zmienil-pas-ruchu-powodujac-zderzenie-czolowe-nie-zyje-58-letnia-kierujaca-seicento\\\/#article\",\"isPartOf\":{\"@id\":\"https:\\\/\\\/www.24gliwice.pl\\\/wiadomosci\\\/volkswagen-nagle-zmienil-pas-ruchu-powodujac-zderzenie-czolowe-nie-zyje-58-letnia-kierujaca-seicento\\\/\"},\"author\":{\"name\":\"\u017baneta Mrozek-Siewierska\",\"@id\":\"https:\\\/\\\/www.24gliwice.pl\\\/wiadomosci\\\/#\\\/schema\\\/person\\\/e42c650edd7f2fa332be3811fb166b6e\"},\"headline\":\"Volkswagen nagle zmieni\u0142 pas ruchu powoduj\u0105c zderzenie czo\u0142owe. Nie \u017cyje 58-letnia kieruj\u0105ca seicento\",\"datePublished\":\"2019-11-25T10:47:55+00:00\",\"mainEntityOfPage\":{\"@id\":\"https:\\\/\\\/www.24gliwice.pl\\\/wiadomosci\\\/volkswagen-nagle-zmienil-pas-ruchu-powodujac-zderzenie-czolowe-nie-zyje-58-letnia-kierujaca-seicento\\\/\"},\"wordCount\":188,\"commentCount\":0,\"publisher\":{\"@id\":\"https:\\\/\\\/www.24gliwice.pl\\\/wiadomosci\\\/#organization\"},\"image\":{\"@id\":\"https:\\\/\\\/www.24gliwice.pl\\\/wiadomosci\\\/volkswagen-nagle-zmienil-pas-ruchu-powodujac-zderzenie-czolowe-nie-zyje-58-letnia-kierujaca-seicento\\\/#primaryimage\"},\"thumbnailUrl\":\"https:\\\/\\\/www.24gliwice.pl\\\/wiadomosci\\\/wp-content\\\/uploads\\\/2018\\\/06\\\/karetka-policja-e1645526309306.jpg\",\"keywords\":[\"czo\u0142owe zderzenie\",\"\u015aMIERTELNY WYPADEK\",\"zderzenie samochod\u00f3w\"],\"articleSection\":[\"Gliwice\",\"Najnowsze wiadomo\u015bci\",\"Prawo\"],\"inLanguage\":\"pl-PL\",\"potentialAction\":[{\"@type\":\"CommentAction\",\"name\":\"Comment\",\"target\":[\"https:\\\/\\\/www.24gliwice.pl\\\/wiadomosci\\\/volkswagen-nagle-zmienil-pas-ruchu-powodujac-zderzenie-czolowe-nie-zyje-58-letnia-kierujaca-seicento\\\/#respond\"]}]},{\"@type\":\"WebPage\",\"@id\":\"https:\\\/\\\/www.24gliwice.pl\\\/wiadomosci\\\/volkswagen-nagle-zmienil-pas-ruchu-powodujac-zderzenie-czolowe-nie-zyje-58-letnia-kierujaca-seicento\\\/\",\"url\":\"https:\\\/\\\/www.24gliwice.pl\\\/wiadomosci\\\/volkswagen-nagle-zmienil-pas-ruchu-powodujac-zderzenie-czolowe-nie-zyje-58-letnia-kierujaca-seicento\\\/\",\"name\":\"Volkswagen nagle zmieni\u0142 pas ruchu powoduj\u0105c zderzenie czo\u0142owe. Nie \u017cyje 58-letnia kieruj\u0105ca seicento - 24GLIWICE - Portal Gliwice | codziennie nowe informacje\",\"isPartOf\":{\"@id\":\"https:\\\/\\\/www.24gliwice.pl\\\/wiadomosci\\\/#website\"},\"primaryImageOfPage\":{\"@id\":\"https:\\\/\\\/www.24gliwice.pl\\\/wiadomosci\\\/volkswagen-nagle-zmienil-pas-ruchu-powodujac-zderzenie-czolowe-nie-zyje-58-letnia-kierujaca-seicento\\\/#primaryimage\"},\"image\":{\"@id\":\"https:\\\/\\\/www.24gliwice.pl\\\/wiadomosci\\\/volkswagen-nagle-zmienil-pas-ruchu-powodujac-zderzenie-czolowe-nie-zyje-58-letnia-kierujaca-seicento\\\/#primaryimage\"},\"thumbnailUrl\":\"https:\\\/\\\/www.24gliwice.pl\\\/wiadomosci\\\/wp-content\\\/uploads\\\/2018\\\/06\\\/karetka-policja-e1645526309306.jpg\",\"datePublished\":\"2019-11-25T10:47:55+00:00\",\"breadcrumb\":{\"@id\":\"https:\\\/\\\/www.24gliwice.pl\\\/wiadomosci\\\/volkswagen-nagle-zmienil-pas-ruchu-powodujac-zderzenie-czolowe-nie-zyje-58-letnia-kierujaca-seicento\\\/#breadcrumb\"},\"inLanguage\":\"pl-PL\",\"potentialAction\":[{\"@type\":\"ReadAction\",\"target\":[\"https:\\\/\\\/www.24gliwice.pl\\\/wiadomosci\\\/volkswagen-nagle-zmienil-pas-ruchu-powodujac-zderzenie-czolowe-nie-zyje-58-letnia-kierujaca-seicento\\\/\"]}]},{\"@type\":\"ImageObject\",\"inLanguage\":\"pl-PL\",\"@id\":\"https:\\\/\\\/www.24gliwice.pl\\\/wiadomosci\\\/volkswagen-nagle-zmienil-pas-ruchu-powodujac-zderzenie-czolowe-nie-zyje-58-letnia-kierujaca-seicento\\\/#primaryimage\",\"url\":\"https:\\\/\\\/www.24gliwice.pl\\\/wiadomosci\\\/wp-content\\\/uploads\\\/2018\\\/06\\\/karetka-policja-e1645526309306.jpg\",\"contentUrl\":\"https:\\\/\\\/www.24gliwice.pl\\\/wiadomosci\\\/wp-content\\\/uploads\\\/2018\\\/06\\\/karetka-policja-e1645526309306.jpg\",\"width\":676,\"height\":358},{\"@type\":\"BreadcrumbList\",\"@id\":\"https:\\\/\\\/www.24gliwice.pl\\\/wiadomosci\\\/volkswagen-nagle-zmienil-pas-ruchu-powodujac-zderzenie-czolowe-nie-zyje-58-letnia-kierujaca-seicento\\\/#breadcrumb\",\"itemListElement\":[{\"@type\":\"ListItem\",\"position\":1,\"name\":\"Strona g\u0142\u00f3wna\",\"item\":\"https:\\\/\\\/www.24gliwice.pl\\\/wiadomosci\\\/\"},{\"@type\":\"ListItem\",\"position\":2,\"name\":\"Volkswagen nagle zmieni\u0142 pas ruchu powoduj\u0105c zderzenie czo\u0142owe. Nie \u017cyje 58-letnia kieruj\u0105ca seicento\"}]},{\"@type\":\"WebSite\",\"@id\":\"https:\\\/\\\/www.24gliwice.pl\\\/wiadomosci\\\/#website\",\"url\":\"https:\\\/\\\/www.24gliwice.pl\\\/wiadomosci\\\/\",\"name\":\"24GLIWICE - Portal Gliwice | codziennie nowe wiadomo\u015bci\",\"description\":\"Portal Miejski Gliwice\",\"publisher\":{\"@id\":\"https:\\\/\\\/www.24gliwice.pl\\\/wiadomosci\\\/#organization\"},\"potentialAction\":[{\"@type\":\"SearchAction\",\"target\":{\"@type\":\"EntryPoint\",\"urlTemplate\":\"https:\\\/\\\/www.24gliwice.pl\\\/wiadomosci\\\/?s={search_term_string}\"},\"query-input\":{\"@type\":\"PropertyValueSpecification\",\"valueRequired\":true,\"valueName\":\"search_term_string\"}}],\"inLanguage\":\"pl-PL\"},{\"@type\":\"Organization\",\"@id\":\"https:\\\/\\\/www.24gliwice.pl\\\/wiadomosci\\\/#organization\",\"name\":\"24gliwice\",\"url\":\"https:\\\/\\\/www.24gliwice.pl\\\/wiadomosci\\\/\",\"logo\":{\"@type\":\"ImageObject\",\"inLanguage\":\"pl-PL\",\"@id\":\"https:\\\/\\\/www.24gliwice.pl\\\/wiadomosci\\\/#\\\/schema\\\/logo\\\/image\\\/\",\"url\":\"https:\\\/\\\/www.24gliwice.pl\\\/wiadomosci\\\/wp-content\\\/uploads\\\/2024\\\/10\\\/24gliwice-logo-696.jpg\",\"contentUrl\":\"https:\\\/\\\/www.24gliwice.pl\\\/wiadomosci\\\/wp-content\\\/uploads\\\/2024\\\/10\\\/24gliwice-logo-696.jpg\",\"width\":696,\"height\":696,\"caption\":\"24gliwice\"},\"image\":{\"@id\":\"https:\\\/\\\/www.24gliwice.pl\\\/wiadomosci\\\/#\\\/schema\\\/logo\\\/image\\\/\"},\"sameAs\":[\"https:\\\/\\\/www.facebook.com\\\/24gliwice\",\"https:\\\/\\\/x.com\\\/24gliwice\",\"https:\\\/\\\/www.youtube.com\\\/@24gliwice\"]},{\"@type\":\"Person\",\"@id\":\"https:\\\/\\\/www.24gliwice.pl\\\/wiadomosci\\\/#\\\/schema\\\/person\\\/e42c650edd7f2fa332be3811fb166b6e\",\"name\":\"\u017baneta Mrozek-Siewierska\",\"image\":{\"@type\":\"ImageObject\",\"inLanguage\":\"pl-PL\",\"@id\":\"https:\\\/\\\/secure.gravatar.com\\\/avatar\\\/1881429e9c64597c77ad7aef2d0a19be69a3253e57534d16aa15bf3a4d34a0a3?s=96&d=mm&r=g\",\"url\":\"https:\\\/\\\/secure.gravatar.com\\\/avatar\\\/1881429e9c64597c77ad7aef2d0a19be69a3253e57534d16aa15bf3a4d34a0a3?s=96&d=mm&r=g\",\"contentUrl\":\"https:\\\/\\\/secure.gravatar.com\\\/avatar\\\/1881429e9c64597c77ad7aef2d0a19be69a3253e57534d16aa15bf3a4d34a0a3?s=96&d=mm&r=g\",\"caption\":\"\u017baneta Mrozek-Siewierska\"},\"url\":\"https:\\\/\\\/www.24gliwice.pl\\\/wiadomosci\\\/author\\\/zms\\\/\"}]}<\/script>\n<!-- \/ Yoast SEO plugin. -->","yoast_head_json":{"title":"Volkswagen nagle zmieni\u0142 pas ruchu powoduj\u0105c zderzenie czo\u0142owe. Nie \u017cyje 58-letnia kieruj\u0105ca seicento - 24GLIWICE - Portal Gliwice | codziennie nowe informacje","robots":{"index":"index","follow":"follow","max-snippet":"max-snippet:-1","max-image-preview":"max-image-preview:large","max-video-preview":"max-video-preview:-1"},"canonical":"https:\/\/www.24gliwice.pl\/wiadomosci\/volkswagen-nagle-zmienil-pas-ruchu-powodujac-zderzenie-czolowe-nie-zyje-58-letnia-kierujaca-seicento\/","og_locale":"pl_PL","og_type":"article","og_title":"Volkswagen nagle zmieni\u0142 pas ruchu powoduj\u0105c zderzenie czo\u0142owe. Nie \u017cyje 58-letnia kieruj\u0105ca seicento - 24GLIWICE - Portal Gliwice | codziennie nowe informacje","og_description":"W pobli\u017cu miejscowo\u015bci Wilcza czo\u0142owo zderzy\u0142y si\u0119 ze sob\u0105 volkswagen i fiat seicento. Kieruj\u0105ca fiatem ponios\u0142a \u015bmier\u0107 na miejscu. Do tragicznego wypadku dosz\u0142o w sobot\u0119, 23 listopada, oko\u0142o godziny 6:20. Ze wst\u0119pnych ustale\u0144 wynika, \u017ce 40-letni kierowca pickupa marki Volkswagen, jad\u0105c droga krajow\u0105 numer 78 od strony Gliwic, na prostym odcinku drogi, w terenie le\u015bnym, [&hellip;]","og_url":"https:\/\/www.24gliwice.pl\/wiadomosci\/volkswagen-nagle-zmienil-pas-ruchu-powodujac-zderzenie-czolowe-nie-zyje-58-letnia-kierujaca-seicento\/","og_site_name":"24GLIWICE - Portal Gliwice | codziennie nowe informacje","article_publisher":"https:\/\/www.facebook.com\/24gliwice","article_published_time":"2019-11-25T10:47:55+00:00","og_image":[{"width":810,"height":455,"url":"https:\/\/www.24gliwice.pl\/wiadomosci\/wp-content\/uploads\/2018\/06\/karetka-policja.jpg","type":"image\/jpeg"}],"author":"\u017baneta Mrozek-Siewierska","twitter_card":"summary_large_image","twitter_creator":"@24gliwice","twitter_site":"@24gliwice","twitter_misc":{"Napisane przez":"\u017baneta Mrozek-Siewierska","Szacowany czas czytania":"1 minuta"},"schema":{"@context":"https:\/\/schema.org","@graph":[{"@type":"Article","@id":"https:\/\/www.24gliwice.pl\/wiadomosci\/volkswagen-nagle-zmienil-pas-ruchu-powodujac-zderzenie-czolowe-nie-zyje-58-letnia-kierujaca-seicento\/#article","isPartOf":{"@id":"https:\/\/www.24gliwice.pl\/wiadomosci\/volkswagen-nagle-zmienil-pas-ruchu-powodujac-zderzenie-czolowe-nie-zyje-58-letnia-kierujaca-seicento\/"},"author":{"name":"\u017baneta Mrozek-Siewierska","@id":"https:\/\/www.24gliwice.pl\/wiadomosci\/#\/schema\/person\/e42c650edd7f2fa332be3811fb166b6e"},"headline":"Volkswagen nagle zmieni\u0142 pas ruchu powoduj\u0105c zderzenie czo\u0142owe. Nie \u017cyje 58-letnia kieruj\u0105ca seicento","datePublished":"2019-11-25T10:47:55+00:00","mainEntityOfPage":{"@id":"https:\/\/www.24gliwice.pl\/wiadomosci\/volkswagen-nagle-zmienil-pas-ruchu-powodujac-zderzenie-czolowe-nie-zyje-58-letnia-kierujaca-seicento\/"},"wordCount":188,"commentCount":0,"publisher":{"@id":"https:\/\/www.24gliwice.pl\/wiadomosci\/#organization"},"image":{"@id":"https:\/\/www.24gliwice.pl\/wiadomosci\/volkswagen-nagle-zmienil-pas-ruchu-powodujac-zderzenie-czolowe-nie-zyje-58-letnia-kierujaca-seicento\/#primaryimage"},"thumbnailUrl":"https:\/\/www.24gliwice.pl\/wiadomosci\/wp-content\/uploads\/2018\/06\/karetka-policja-e1645526309306.jpg","keywords":["czo\u0142owe zderzenie","\u015aMIERTELNY WYPADEK","zderzenie samochod\u00f3w"],"articleSection":["Gliwice","Najnowsze wiadomo\u015bci","Prawo"],"inLanguage":"pl-PL","potentialAction":[{"@type":"CommentAction","name":"Comment","target":["https:\/\/www.24gliwice.pl\/wiadomosci\/volkswagen-nagle-zmienil-pas-ruchu-powodujac-zderzenie-czolowe-nie-zyje-58-letnia-kierujaca-seicento\/#respond"]}]},{"@type":"WebPage","@id":"https:\/\/www.24gliwice.pl\/wiadomosci\/volkswagen-nagle-zmienil-pas-ruchu-powodujac-zderzenie-czolowe-nie-zyje-58-letnia-kierujaca-seicento\/","url":"https:\/\/www.24gliwice.pl\/wiadomosci\/volkswagen-nagle-zmienil-pas-ruchu-powodujac-zderzenie-czolowe-nie-zyje-58-letnia-kierujaca-seicento\/","name":"Volkswagen nagle zmieni\u0142 pas ruchu powoduj\u0105c zderzenie czo\u0142owe. Nie \u017cyje 58-letnia kieruj\u0105ca seicento - 24GLIWICE - Portal Gliwice | codziennie nowe informacje","isPartOf":{"@id":"https:\/\/www.24gliwice.pl\/wiadomosci\/#website"},"primaryImageOfPage":{"@id":"https:\/\/www.24gliwice.pl\/wiadomosci\/volkswagen-nagle-zmienil-pas-ruchu-powodujac-zderzenie-czolowe-nie-zyje-58-letnia-kierujaca-seicento\/#primaryimage"},"image":{"@id":"https:\/\/www.24gliwice.pl\/wiadomosci\/volkswagen-nagle-zmienil-pas-ruchu-powodujac-zderzenie-czolowe-nie-zyje-58-letnia-kierujaca-seicento\/#primaryimage"},"thumbnailUrl":"https:\/\/www.24gliwice.pl\/wiadomosci\/wp-content\/uploads\/2018\/06\/karetka-policja-e1645526309306.jpg","datePublished":"2019-11-25T10:47:55+00:00","breadcrumb":{"@id":"https:\/\/www.24gliwice.pl\/wiadomosci\/volkswagen-nagle-zmienil-pas-ruchu-powodujac-zderzenie-czolowe-nie-zyje-58-letnia-kierujaca-seicento\/#breadcrumb"},"inLanguage":"pl-PL","potentialAction":[{"@type":"ReadAction","target":["https:\/\/www.24gliwice.pl\/wiadomosci\/volkswagen-nagle-zmienil-pas-ruchu-powodujac-zderzenie-czolowe-nie-zyje-58-letnia-kierujaca-seicento\/"]}]},{"@type":"ImageObject","inLanguage":"pl-PL","@id":"https:\/\/www.24gliwice.pl\/wiadomosci\/volkswagen-nagle-zmienil-pas-ruchu-powodujac-zderzenie-czolowe-nie-zyje-58-letnia-kierujaca-seicento\/#primaryimage","url":"https:\/\/www.24gliwice.pl\/wiadomosci\/wp-content\/uploads\/2018\/06\/karetka-policja-e1645526309306.jpg","contentUrl":"https:\/\/www.24gliwice.pl\/wiadomosci\/wp-content\/uploads\/2018\/06\/karetka-policja-e1645526309306.jpg","width":676,"height":358},{"@type":"BreadcrumbList","@id":"https:\/\/www.24gliwice.pl\/wiadomosci\/volkswagen-nagle-zmienil-pas-ruchu-powodujac-zderzenie-czolowe-nie-zyje-58-letnia-kierujaca-seicento\/#breadcrumb","itemListElement":[{"@type":"ListItem","position":1,"name":"Strona g\u0142\u00f3wna","item":"https:\/\/www.24gliwice.pl\/wiadomosci\/"},{"@type":"ListItem","position":2,"name":"Volkswagen nagle zmieni\u0142 pas ruchu powoduj\u0105c zderzenie czo\u0142owe. Nie \u017cyje 58-letnia kieruj\u0105ca seicento"}]},{"@type":"WebSite","@id":"https:\/\/www.24gliwice.pl\/wiadomosci\/#website","url":"https:\/\/www.24gliwice.pl\/wiadomosci\/","name":"24GLIWICE - Portal Gliwice | codziennie nowe wiadomo\u015bci","description":"Portal Miejski Gliwice","publisher":{"@id":"https:\/\/www.24gliwice.pl\/wiadomosci\/#organization"},"potentialAction":[{"@type":"SearchAction","target":{"@type":"EntryPoint","urlTemplate":"https:\/\/www.24gliwice.pl\/wiadomosci\/?s={search_term_string}"},"query-input":{"@type":"PropertyValueSpecification","valueRequired":true,"valueName":"search_term_string"}}],"inLanguage":"pl-PL"},{"@type":"Organization","@id":"https:\/\/www.24gliwice.pl\/wiadomosci\/#organization","name":"24gliwice","url":"https:\/\/www.24gliwice.pl\/wiadomosci\/","logo":{"@type":"ImageObject","inLanguage":"pl-PL","@id":"https:\/\/www.24gliwice.pl\/wiadomosci\/#\/schema\/logo\/image\/","url":"https:\/\/www.24gliwice.pl\/wiadomosci\/wp-content\/uploads\/2024\/10\/24gliwice-logo-696.jpg","contentUrl":"https:\/\/www.24gliwice.pl\/wiadomosci\/wp-content\/uploads\/2024\/10\/24gliwice-logo-696.jpg","width":696,"height":696,"caption":"24gliwice"},"image":{"@id":"https:\/\/www.24gliwice.pl\/wiadomosci\/#\/schema\/logo\/image\/"},"sameAs":["https:\/\/www.facebook.com\/24gliwice","https:\/\/x.com\/24gliwice","https:\/\/www.youtube.com\/@24gliwice"]},{"@type":"Person","@id":"https:\/\/www.24gliwice.pl\/wiadomosci\/#\/schema\/person\/e42c650edd7f2fa332be3811fb166b6e","name":"\u017baneta Mrozek-Siewierska","image":{"@type":"ImageObject","inLanguage":"pl-PL","@id":"https:\/\/secure.gravatar.com\/avatar\/1881429e9c64597c77ad7aef2d0a19be69a3253e57534d16aa15bf3a4d34a0a3?s=96&d=mm&r=g","url":"https:\/\/secure.gravatar.com\/avatar\/1881429e9c64597c77ad7aef2d0a19be69a3253e57534d16aa15bf3a4d34a0a3?s=96&d=mm&r=g","contentUrl":"https:\/\/secure.gravatar.com\/avatar\/1881429e9c64597c77ad7aef2d0a19be69a3253e57534d16aa15bf3a4d34a0a3?s=96&d=mm&r=g","caption":"\u017baneta Mrozek-Siewierska"},"url":"https:\/\/www.24gliwice.pl\/wiadomosci\/author\/zms\/"}]}},"_links":{"self":[{"href":"https:\/\/www.24gliwice.pl\/wiadomosci\/wp-json\/wp\/v2\/posts\/143846","targetHints":{"allow":["GET"]}}],"collection":[{"href":"https:\/\/www.24gliwice.pl\/wiadomosci\/wp-json\/wp\/v2\/posts"}],"about":[{"href":"https:\/\/www.24gliwice.pl\/wiadomosci\/wp-json\/wp\/v2\/types\/post"}],"author":[{"embeddable":true,"href":"https:\/\/www.24gliwice.pl\/wiadomosci\/wp-json\/wp\/v2\/users\/15"}],"replies":[{"embeddable":true,"href":"https:\/\/www.24gliwice.pl\/wiadomosci\/wp-json\/wp\/v2\/comments?post=143846"}],"version-history":[{"count":0,"href":"https:\/\/www.24gliwice.pl\/wiadomosci\/wp-json\/wp\/v2\/posts\/143846\/revisions"}],"wp:featuredmedia":[{"embeddable":true,"href":"https:\/\/www.24gliwice.pl\/wiadomosci\/wp-json\/wp\/v2\/media\/118155"}],"wp:attachment":[{"href":"https:\/\/www.24gliwice.pl\/wiadomosci\/wp-json\/wp\/v2\/media?parent=143846"}],"wp:term":[{"taxonomy":"category","embeddable":true,"href":"https:\/\/www.24gliwice.pl\/wiadomosci\/wp-json\/wp\/v2\/categories?post=143846"},{"taxonomy":"post_tag","embeddable":true,"href":"https:\/\/www.24gliwice.pl\/wiadomosci\/wp-json\/wp\/v2\/tags?post=143846"}],"curies":[{"name":"wp","href":"https:\/\/api.w.org\/{rel}","templated":true}]}}