{"id":143859,"date":"2019-11-25T14:50:58","date_gmt":"2019-11-25T13:50:58","guid":{"rendered":"https:\/\/www.24gliwice.pl\/wiadomosci\/?p=143859"},"modified":"2019-11-25T14:50:58","modified_gmt":"2019-11-25T13:50:58","slug":"rozboj-w-sosnicy-sprawca-szedl-za-ofiara-od-przystanku-zaatakowal-w-klatce-schodowej","status":"publish","type":"post","link":"https:\/\/www.24gliwice.pl\/wiadomosci\/rozboj-w-sosnicy-sprawca-szedl-za-ofiara-od-przystanku-zaatakowal-w-klatce-schodowej\/","title":{"rendered":"Rozb\u00f3j w So\u015bnicy. Sprawca szed\u0142 za ofiar\u0105 od przystanku, zaatakowa\u0142 w klatce schodowej"},"content":{"rendered":"<div class=\"gliwi-a6-nad-leadem-artykulow gliwi-entity-placement\" id=\"gliwi-3054394150\"><div class=\"gliwi-adlabel\"><span style=\"font-size: 9px\">REKLAMA<\/span><\/div><div id=\"gliwi-359002454\" style=\"margin-bottom: 25px;margin-left: auto;margin-right: auto;text-align: center;\"><a data-no-instant=\"1\" href=\"https:\/\/dom100.eu\/\" rel=\"noopener\" class=\"a2t-link\" target=\"_blank\" aria-label=\"20260415 DOM100 D\"><img loading=\"lazy\" decoding=\"async\" src=\"https:\/\/www.24gliwice.pl\/wiadomosci\/wp-content\/uploads\/2026\/04\/20260415-DOM100-D.jpg\" alt=\"\"  srcset=\"https:\/\/www.24gliwice.pl\/wiadomosci\/wp-content\/uploads\/2026\/04\/20260415-DOM100-D.jpg 750w, https:\/\/www.24gliwice.pl\/wiadomosci\/wp-content\/uploads\/2026\/04\/20260415-DOM100-D-410x109.jpg 410w\" sizes=\"(max-width: 750px) 100vw, 750px\" class=\"no-lazyload\" width=\"750\" height=\"200\"  style=\"display: inline-block; max-width: 100%; height: auto;\" \/><\/a><\/div><\/div><h3>60-letnia kobieta zosta\u0142a napadni\u0119ta w klatce schodowej budynku w So\u015bnicy. Sprawca wyrwa\u0142 jej torebk\u0119 i uciek\u0142. Policyjnym patrolom skierowanym w rejon zdarzenia dosy\u0107 szybko uda\u0142o si\u0119 namierzy\u0107 napastnika.<\/h3>\n<p>Wydarzenia mia\u0142y miejsce w pi\u0105tek, 22 listopada, oko\u0142o godziny 19:00.<\/p>\n<p>Wed\u0142ug policyjnych ustale\u0144, napastnik upatrzy\u0142 sobie 60-latk\u0119, gdy ta sz\u0142a z przystanku autobusowego. Przyst\u0105pi\u0142 do ataku, kiedy kobieta wesz\u0142a do swojej klatki schodowej. U\u017cywaj\u0105c si\u0142y fizycznej, ukrad\u0142 torebk\u0119 z portfelem i telefonem kom\u00f3rkowym, po czym uciek\u0142 w nieznanym kierunku.<\/p><div class=\"gliwi-a3-w-tresci-artykulow gliwi-entity-placement\" id=\"gliwi-1826507476\"><div class=\"gliwi-adlabel\"><span style=\"font-size: 9px\">REKLAMA<\/span><\/div><div id=\"gliwi-2551639833\" style=\"margin-bottom: 30px;margin-left: auto;margin-right: auto;text-align: center;\"><a data-no-instant=\"1\" href=\"https:\/\/ogrodyandersa.pl\/\" rel=\"noopener\" class=\"a2t-link\" target=\"_blank\" aria-label=\"20260415 Ogrody Andersa KUP TERAZ D\"><img loading=\"lazy\" decoding=\"async\" src=\"https:\/\/www.24gliwice.pl\/wiadomosci\/wp-content\/uploads\/2026\/04\/20260415-Ogrody-Andersa-KUP-TERAZ-D.jpg\" alt=\"\"  srcset=\"https:\/\/www.24gliwice.pl\/wiadomosci\/wp-content\/uploads\/2026\/04\/20260415-Ogrody-Andersa-KUP-TERAZ-D.jpg 750w, https:\/\/www.24gliwice.pl\/wiadomosci\/wp-content\/uploads\/2026\/04\/20260415-Ogrody-Andersa-KUP-TERAZ-D-410x109.jpg 410w\" sizes=\"(max-width: 750px) 100vw, 750px\" class=\"no-lazyload\" width=\"750\" height=\"200\"  style=\"display: inline-block; max-width: 100%; height: auto;\" \/><\/a><\/div><\/div>\n<p>Powiadomiony telefonicznie oficer dy\u017curny miasta wys\u0142a\u0142 w rejon kilka za\u0142\u00f3g radiowoz\u00f3w. Jeden z patroli, w rejonie ul. Odrow\u0105\u017c\u00f3w, spostrzeg\u0142 m\u0119\u017cczyzn\u0119, kt\u00f3ry na widok str\u00f3\u017c\u00f3w prawa zacz\u0105\u0142 ucieka\u0107. <\/p>\n<h3>Zatrzymany i przeszukany, okaza\u0142 si\u0119 sprawc\u0105. Przy 28-latku znaleziono cz\u0119\u015b\u0107 przedmiot\u00f3w skradzionych pokrzywdzonej.<\/h3>\n<p>&#8211; Rozb\u00f3j to jedno z najpowa\u017cniejszych przest\u0119pstw, zawsze elektryzuj\u0105cych policjant\u00f3w. W takich przypadkach aparat bezpiecze\u0144stwa publicznego i wymiar sprawiedliwo\u015bci traktuj\u0105 przest\u0119pc\u00f3w ostro. S\u0119dzia S\u0105du Rejonowego w Gliwicach nie mia\u0142 w\u0105tpliwo\u015bci co do konieczno\u015bci zastosowania najsurowszego \u015brodka zapobiegawczego \u2013 tymczasowego aresztowania, przychylaj\u0105c si\u0119 tym samym do wniosku prokuratora. Gliwiczanin, przebywaj\u0105c w Areszcie \u015aledczym w Gliwicach, b\u0119dzie oczekiwa\u0142 na proces, a grozi mu nawet 12 lat pozbawienia wolno\u015bci &#8211; podsumowuje podinspektor <strong>Marek S\u0142omski<\/strong>, rzecznik gliwickiej policji. <\/p>\n<p>(\u017cms)\/KMP Gliwice<br \/>\nfot. KMP Gliwice<\/p>\n<div class=\"gliwi-a5-na-koncu-artykulow gliwi-entity-placement\" id=\"gliwi-3758275205\"><div class=\"gliwi-adlabel\"><span style=\"font-size: 9px\">REKLAMA<\/span><\/div><div id=\"gliwi-4250034771\" style=\"margin-left: auto;margin-right: auto;text-align: center;\"><a data-no-instant=\"1\" href=\"https:\/\/prezeroarenagliwice.pl\/\" rel=\"noopener\" class=\"a2t-link\" target=\"_blank\" aria-label=\"20260309-PREZERO-WIOSNA-D\"><img loading=\"lazy\" decoding=\"async\" src=\"https:\/\/www.24gliwice.pl\/wiadomosci\/wp-content\/uploads\/2026\/03\/20260309-PREZERO-WIOSNA-D.webp\" alt=\"\"  srcset=\"https:\/\/www.24gliwice.pl\/wiadomosci\/wp-content\/uploads\/2026\/03\/20260309-PREZERO-WIOSNA-D.webp 750w, https:\/\/www.24gliwice.pl\/wiadomosci\/wp-content\/uploads\/2026\/03\/20260309-PREZERO-WIOSNA-D-410x109.webp 410w\" sizes=\"(max-width: 750px) 100vw, 750px\" class=\"no-lazyload\" width=\"750\" height=\"200\"  style=\"display: inline-block; max-width: 100%; height: auto;\" \/><\/a><\/div><\/div>","protected":false},"excerpt":{"rendered":"<p>60-letnia kobieta zosta\u0142a napadni\u0119ta w klatce schodowej budynku w So\u015bnicy. Sprawca wyrwa\u0142 jej torebk\u0119 i uciek\u0142. Policyjnym patrolom skierowanym w rejon zdarzenia dosy\u0107 szybko uda\u0142o si\u0119 namierzy\u0107 napastnika. Wydarzenia mia\u0142y miejsce w pi\u0105tek, 22 listopada, oko\u0142o godziny 19:00. Wed\u0142ug policyjnych ustale\u0144, napastnik upatrzy\u0142 sobie 60-latk\u0119, gdy ta sz\u0142a z przystanku autobusowego. Przyst\u0105pi\u0142 do ataku, kiedy [&hellip;]<\/p>\n","protected":false},"author":15,"featured_media":143867,"comment_status":"open","ping_status":"closed","sticky":false,"template":"","format":"standard","meta":{"_monsterinsights_skip_tracking":false,"_monsterinsights_sitenote_active":false,"_monsterinsights_sitenote_note":"","_monsterinsights_sitenote_category":0,"footnotes":"","_links_to":"","_links_to_target":""},"categories":[3,1,5],"tags":[7511,11149,9633,17025,14618],"class_list":["post-143859","post","type-post","status-publish","format-standard","has-post-thumbnail","hentry","category-gliwice","category-wszystko","category-kryminalki","tag-napad","tag-napasc","tag-rozboj","tag-rozboj-w-sosnicy","tag-wyrwal-torebke"],"yoast_head":"<!-- This site is optimized with the Yoast SEO plugin v27.5 - https:\/\/yoast.com\/product\/yoast-seo-wordpress\/ -->\n<title>Rozb\u00f3j w So\u015bnicy. Sprawca szed\u0142 za ofiar\u0105 od przystanku, zaatakowa\u0142 w klatce schodowej - 24GLIWICE - Portal Gliwice | codziennie nowe informacje<\/title>\n<meta name=\"robots\" content=\"index, follow, max-snippet:-1, max-image-preview:large, max-video-preview:-1\" \/>\n<link rel=\"canonical\" href=\"https:\/\/www.24gliwice.pl\/wiadomosci\/rozboj-w-sosnicy-sprawca-szedl-za-ofiara-od-przystanku-zaatakowal-w-klatce-schodowej\/\" \/>\n<meta property=\"og:locale\" content=\"pl_PL\" \/>\n<meta property=\"og:type\" content=\"article\" \/>\n<meta property=\"og:title\" content=\"Rozb\u00f3j w So\u015bnicy. Sprawca szed\u0142 za ofiar\u0105 od przystanku, zaatakowa\u0142 w klatce schodowej - 24GLIWICE - Portal Gliwice | codziennie nowe informacje\" \/>\n<meta property=\"og:description\" content=\"60-letnia kobieta zosta\u0142a napadni\u0119ta w klatce schodowej budynku w So\u015bnicy. Sprawca wyrwa\u0142 jej torebk\u0119 i uciek\u0142. Policyjnym patrolom skierowanym w rejon zdarzenia dosy\u0107 szybko uda\u0142o si\u0119 namierzy\u0107 napastnika. Wydarzenia mia\u0142y miejsce w pi\u0105tek, 22 listopada, oko\u0142o godziny 19:00. Wed\u0142ug policyjnych ustale\u0144, napastnik upatrzy\u0142 sobie 60-latk\u0119, gdy ta sz\u0142a z przystanku autobusowego. Przyst\u0105pi\u0142 do ataku, kiedy [&hellip;]\" \/>\n<meta property=\"og:url\" content=\"https:\/\/www.24gliwice.pl\/wiadomosci\/rozboj-w-sosnicy-sprawca-szedl-za-ofiara-od-przystanku-zaatakowal-w-klatce-schodowej\/\" \/>\n<meta property=\"og:site_name\" content=\"24GLIWICE - Portal Gliwice | codziennie nowe informacje\" \/>\n<meta property=\"article:publisher\" content=\"https:\/\/www.facebook.com\/24gliwice\" \/>\n<meta property=\"article:published_time\" content=\"2019-11-25T13:50:58+00:00\" \/>\n<meta property=\"og:image\" content=\"https:\/\/www.24gliwice.pl\/wiadomosci\/wp-content\/uploads\/2019\/11\/rozb\u00f3j-w-so\u015bnicy-e1574677603101.jpg\" \/>\n\t<meta property=\"og:image:width\" content=\"810\" \/>\n\t<meta property=\"og:image:height\" content=\"455\" \/>\n\t<meta property=\"og:image:type\" content=\"image\/jpeg\" \/>\n<meta name=\"author\" content=\"\u017baneta Mrozek-Siewierska\" \/>\n<meta name=\"twitter:card\" content=\"summary_large_image\" \/>\n<meta name=\"twitter:creator\" content=\"@24gliwice\" \/>\n<meta name=\"twitter:site\" content=\"@24gliwice\" \/>\n<meta name=\"twitter:label1\" content=\"Napisane przez\" \/>\n\t<meta name=\"twitter:data1\" content=\"\u017baneta Mrozek-Siewierska\" \/>\n\t<meta name=\"twitter:label2\" content=\"Szacowany czas czytania\" \/>\n\t<meta name=\"twitter:data2\" content=\"1 minuta\" \/>\n<script type=\"application\/ld+json\" class=\"yoast-schema-graph\">{\"@context\":\"https:\\\/\\\/schema.org\",\"@graph\":[{\"@type\":\"Article\",\"@id\":\"https:\\\/\\\/www.24gliwice.pl\\\/wiadomosci\\\/rozboj-w-sosnicy-sprawca-szedl-za-ofiara-od-przystanku-zaatakowal-w-klatce-schodowej\\\/#article\",\"isPartOf\":{\"@id\":\"https:\\\/\\\/www.24gliwice.pl\\\/wiadomosci\\\/rozboj-w-sosnicy-sprawca-szedl-za-ofiara-od-przystanku-zaatakowal-w-klatce-schodowej\\\/\"},\"author\":{\"name\":\"\u017baneta Mrozek-Siewierska\",\"@id\":\"https:\\\/\\\/www.24gliwice.pl\\\/wiadomosci\\\/#\\\/schema\\\/person\\\/e42c650edd7f2fa332be3811fb166b6e\"},\"headline\":\"Rozb\u00f3j w So\u015bnicy. Sprawca szed\u0142 za ofiar\u0105 od przystanku, zaatakowa\u0142 w klatce schodowej\",\"datePublished\":\"2019-11-25T13:50:58+00:00\",\"mainEntityOfPage\":{\"@id\":\"https:\\\/\\\/www.24gliwice.pl\\\/wiadomosci\\\/rozboj-w-sosnicy-sprawca-szedl-za-ofiara-od-przystanku-zaatakowal-w-klatce-schodowej\\\/\"},\"wordCount\":251,\"commentCount\":0,\"publisher\":{\"@id\":\"https:\\\/\\\/www.24gliwice.pl\\\/wiadomosci\\\/#organization\"},\"image\":{\"@id\":\"https:\\\/\\\/www.24gliwice.pl\\\/wiadomosci\\\/rozboj-w-sosnicy-sprawca-szedl-za-ofiara-od-przystanku-zaatakowal-w-klatce-schodowej\\\/#primaryimage\"},\"thumbnailUrl\":\"https:\\\/\\\/www.24gliwice.pl\\\/wiadomosci\\\/wp-content\\\/uploads\\\/2019\\\/11\\\/rozb\u00f3j-w-so\u015bnicy-e1574677603101.jpg\",\"keywords\":[\"NAPAD\",\"napa\u015b\u0107\",\"ROZB\u00d3J\",\"rozb\u00f3j w so\u015bnicy\",\"wyrwa\u0142 torebk\u0119\"],\"articleSection\":[\"Gliwice\",\"Najnowsze wiadomo\u015bci\",\"Prawo\"],\"inLanguage\":\"pl-PL\",\"potentialAction\":[{\"@type\":\"CommentAction\",\"name\":\"Comment\",\"target\":[\"https:\\\/\\\/www.24gliwice.pl\\\/wiadomosci\\\/rozboj-w-sosnicy-sprawca-szedl-za-ofiara-od-przystanku-zaatakowal-w-klatce-schodowej\\\/#respond\"]}]},{\"@type\":\"WebPage\",\"@id\":\"https:\\\/\\\/www.24gliwice.pl\\\/wiadomosci\\\/rozboj-w-sosnicy-sprawca-szedl-za-ofiara-od-przystanku-zaatakowal-w-klatce-schodowej\\\/\",\"url\":\"https:\\\/\\\/www.24gliwice.pl\\\/wiadomosci\\\/rozboj-w-sosnicy-sprawca-szedl-za-ofiara-od-przystanku-zaatakowal-w-klatce-schodowej\\\/\",\"name\":\"Rozb\u00f3j w So\u015bnicy. Sprawca szed\u0142 za ofiar\u0105 od przystanku, zaatakowa\u0142 w klatce schodowej - 24GLIWICE - Portal Gliwice | codziennie nowe informacje\",\"isPartOf\":{\"@id\":\"https:\\\/\\\/www.24gliwice.pl\\\/wiadomosci\\\/#website\"},\"primaryImageOfPage\":{\"@id\":\"https:\\\/\\\/www.24gliwice.pl\\\/wiadomosci\\\/rozboj-w-sosnicy-sprawca-szedl-za-ofiara-od-przystanku-zaatakowal-w-klatce-schodowej\\\/#primaryimage\"},\"image\":{\"@id\":\"https:\\\/\\\/www.24gliwice.pl\\\/wiadomosci\\\/rozboj-w-sosnicy-sprawca-szedl-za-ofiara-od-przystanku-zaatakowal-w-klatce-schodowej\\\/#primaryimage\"},\"thumbnailUrl\":\"https:\\\/\\\/www.24gliwice.pl\\\/wiadomosci\\\/wp-content\\\/uploads\\\/2019\\\/11\\\/rozb\u00f3j-w-so\u015bnicy-e1574677603101.jpg\",\"datePublished\":\"2019-11-25T13:50:58+00:00\",\"breadcrumb\":{\"@id\":\"https:\\\/\\\/www.24gliwice.pl\\\/wiadomosci\\\/rozboj-w-sosnicy-sprawca-szedl-za-ofiara-od-przystanku-zaatakowal-w-klatce-schodowej\\\/#breadcrumb\"},\"inLanguage\":\"pl-PL\",\"potentialAction\":[{\"@type\":\"ReadAction\",\"target\":[\"https:\\\/\\\/www.24gliwice.pl\\\/wiadomosci\\\/rozboj-w-sosnicy-sprawca-szedl-za-ofiara-od-przystanku-zaatakowal-w-klatce-schodowej\\\/\"]}]},{\"@type\":\"ImageObject\",\"inLanguage\":\"pl-PL\",\"@id\":\"https:\\\/\\\/www.24gliwice.pl\\\/wiadomosci\\\/rozboj-w-sosnicy-sprawca-szedl-za-ofiara-od-przystanku-zaatakowal-w-klatce-schodowej\\\/#primaryimage\",\"url\":\"https:\\\/\\\/www.24gliwice.pl\\\/wiadomosci\\\/wp-content\\\/uploads\\\/2019\\\/11\\\/rozb\u00f3j-w-so\u015bnicy-e1574677603101.jpg\",\"contentUrl\":\"https:\\\/\\\/www.24gliwice.pl\\\/wiadomosci\\\/wp-content\\\/uploads\\\/2019\\\/11\\\/rozb\u00f3j-w-so\u015bnicy-e1574677603101.jpg\",\"width\":810,\"height\":455},{\"@type\":\"BreadcrumbList\",\"@id\":\"https:\\\/\\\/www.24gliwice.pl\\\/wiadomosci\\\/rozboj-w-sosnicy-sprawca-szedl-za-ofiara-od-przystanku-zaatakowal-w-klatce-schodowej\\\/#breadcrumb\",\"itemListElement\":[{\"@type\":\"ListItem\",\"position\":1,\"name\":\"Strona g\u0142\u00f3wna\",\"item\":\"https:\\\/\\\/www.24gliwice.pl\\\/wiadomosci\\\/\"},{\"@type\":\"ListItem\",\"position\":2,\"name\":\"Rozb\u00f3j w So\u015bnicy. Sprawca szed\u0142 za ofiar\u0105 od przystanku, zaatakowa\u0142 w klatce schodowej\"}]},{\"@type\":\"WebSite\",\"@id\":\"https:\\\/\\\/www.24gliwice.pl\\\/wiadomosci\\\/#website\",\"url\":\"https:\\\/\\\/www.24gliwice.pl\\\/wiadomosci\\\/\",\"name\":\"24GLIWICE - Portal Gliwice | codziennie nowe wiadomo\u015bci\",\"description\":\"Portal Miejski Gliwice\",\"publisher\":{\"@id\":\"https:\\\/\\\/www.24gliwice.pl\\\/wiadomosci\\\/#organization\"},\"potentialAction\":[{\"@type\":\"SearchAction\",\"target\":{\"@type\":\"EntryPoint\",\"urlTemplate\":\"https:\\\/\\\/www.24gliwice.pl\\\/wiadomosci\\\/?s={search_term_string}\"},\"query-input\":{\"@type\":\"PropertyValueSpecification\",\"valueRequired\":true,\"valueName\":\"search_term_string\"}}],\"inLanguage\":\"pl-PL\"},{\"@type\":\"Organization\",\"@id\":\"https:\\\/\\\/www.24gliwice.pl\\\/wiadomosci\\\/#organization\",\"name\":\"24gliwice\",\"url\":\"https:\\\/\\\/www.24gliwice.pl\\\/wiadomosci\\\/\",\"logo\":{\"@type\":\"ImageObject\",\"inLanguage\":\"pl-PL\",\"@id\":\"https:\\\/\\\/www.24gliwice.pl\\\/wiadomosci\\\/#\\\/schema\\\/logo\\\/image\\\/\",\"url\":\"https:\\\/\\\/www.24gliwice.pl\\\/wiadomosci\\\/wp-content\\\/uploads\\\/2024\\\/10\\\/24gliwice-logo-696.jpg\",\"contentUrl\":\"https:\\\/\\\/www.24gliwice.pl\\\/wiadomosci\\\/wp-content\\\/uploads\\\/2024\\\/10\\\/24gliwice-logo-696.jpg\",\"width\":696,\"height\":696,\"caption\":\"24gliwice\"},\"image\":{\"@id\":\"https:\\\/\\\/www.24gliwice.pl\\\/wiadomosci\\\/#\\\/schema\\\/logo\\\/image\\\/\"},\"sameAs\":[\"https:\\\/\\\/www.facebook.com\\\/24gliwice\",\"https:\\\/\\\/x.com\\\/24gliwice\",\"https:\\\/\\\/www.youtube.com\\\/@24gliwice\"]},{\"@type\":\"Person\",\"@id\":\"https:\\\/\\\/www.24gliwice.pl\\\/wiadomosci\\\/#\\\/schema\\\/person\\\/e42c650edd7f2fa332be3811fb166b6e\",\"name\":\"\u017baneta Mrozek-Siewierska\",\"image\":{\"@type\":\"ImageObject\",\"inLanguage\":\"pl-PL\",\"@id\":\"https:\\\/\\\/secure.gravatar.com\\\/avatar\\\/1881429e9c64597c77ad7aef2d0a19be69a3253e57534d16aa15bf3a4d34a0a3?s=96&d=mm&r=g\",\"url\":\"https:\\\/\\\/secure.gravatar.com\\\/avatar\\\/1881429e9c64597c77ad7aef2d0a19be69a3253e57534d16aa15bf3a4d34a0a3?s=96&d=mm&r=g\",\"contentUrl\":\"https:\\\/\\\/secure.gravatar.com\\\/avatar\\\/1881429e9c64597c77ad7aef2d0a19be69a3253e57534d16aa15bf3a4d34a0a3?s=96&d=mm&r=g\",\"caption\":\"\u017baneta Mrozek-Siewierska\"},\"url\":\"https:\\\/\\\/www.24gliwice.pl\\\/wiadomosci\\\/author\\\/zms\\\/\"}]}<\/script>\n<!-- \/ Yoast SEO plugin. -->","yoast_head_json":{"title":"Rozb\u00f3j w So\u015bnicy. Sprawca szed\u0142 za ofiar\u0105 od przystanku, zaatakowa\u0142 w klatce schodowej - 24GLIWICE - Portal Gliwice | codziennie nowe informacje","robots":{"index":"index","follow":"follow","max-snippet":"max-snippet:-1","max-image-preview":"max-image-preview:large","max-video-preview":"max-video-preview:-1"},"canonical":"https:\/\/www.24gliwice.pl\/wiadomosci\/rozboj-w-sosnicy-sprawca-szedl-za-ofiara-od-przystanku-zaatakowal-w-klatce-schodowej\/","og_locale":"pl_PL","og_type":"article","og_title":"Rozb\u00f3j w So\u015bnicy. Sprawca szed\u0142 za ofiar\u0105 od przystanku, zaatakowa\u0142 w klatce schodowej - 24GLIWICE - Portal Gliwice | codziennie nowe informacje","og_description":"60-letnia kobieta zosta\u0142a napadni\u0119ta w klatce schodowej budynku w So\u015bnicy. Sprawca wyrwa\u0142 jej torebk\u0119 i uciek\u0142. Policyjnym patrolom skierowanym w rejon zdarzenia dosy\u0107 szybko uda\u0142o si\u0119 namierzy\u0107 napastnika. Wydarzenia mia\u0142y miejsce w pi\u0105tek, 22 listopada, oko\u0142o godziny 19:00. Wed\u0142ug policyjnych ustale\u0144, napastnik upatrzy\u0142 sobie 60-latk\u0119, gdy ta sz\u0142a z przystanku autobusowego. Przyst\u0105pi\u0142 do ataku, kiedy [&hellip;]","og_url":"https:\/\/www.24gliwice.pl\/wiadomosci\/rozboj-w-sosnicy-sprawca-szedl-za-ofiara-od-przystanku-zaatakowal-w-klatce-schodowej\/","og_site_name":"24GLIWICE - Portal Gliwice | codziennie nowe informacje","article_publisher":"https:\/\/www.facebook.com\/24gliwice","article_published_time":"2019-11-25T13:50:58+00:00","og_image":[{"width":810,"height":455,"url":"https:\/\/www.24gliwice.pl\/wiadomosci\/wp-content\/uploads\/2019\/11\/rozb\u00f3j-w-so\u015bnicy-e1574677603101.jpg","type":"image\/jpeg"}],"author":"\u017baneta Mrozek-Siewierska","twitter_card":"summary_large_image","twitter_creator":"@24gliwice","twitter_site":"@24gliwice","twitter_misc":{"Napisane przez":"\u017baneta Mrozek-Siewierska","Szacowany czas czytania":"1 minuta"},"schema":{"@context":"https:\/\/schema.org","@graph":[{"@type":"Article","@id":"https:\/\/www.24gliwice.pl\/wiadomosci\/rozboj-w-sosnicy-sprawca-szedl-za-ofiara-od-przystanku-zaatakowal-w-klatce-schodowej\/#article","isPartOf":{"@id":"https:\/\/www.24gliwice.pl\/wiadomosci\/rozboj-w-sosnicy-sprawca-szedl-za-ofiara-od-przystanku-zaatakowal-w-klatce-schodowej\/"},"author":{"name":"\u017baneta Mrozek-Siewierska","@id":"https:\/\/www.24gliwice.pl\/wiadomosci\/#\/schema\/person\/e42c650edd7f2fa332be3811fb166b6e"},"headline":"Rozb\u00f3j w So\u015bnicy. Sprawca szed\u0142 za ofiar\u0105 od przystanku, zaatakowa\u0142 w klatce schodowej","datePublished":"2019-11-25T13:50:58+00:00","mainEntityOfPage":{"@id":"https:\/\/www.24gliwice.pl\/wiadomosci\/rozboj-w-sosnicy-sprawca-szedl-za-ofiara-od-przystanku-zaatakowal-w-klatce-schodowej\/"},"wordCount":251,"commentCount":0,"publisher":{"@id":"https:\/\/www.24gliwice.pl\/wiadomosci\/#organization"},"image":{"@id":"https:\/\/www.24gliwice.pl\/wiadomosci\/rozboj-w-sosnicy-sprawca-szedl-za-ofiara-od-przystanku-zaatakowal-w-klatce-schodowej\/#primaryimage"},"thumbnailUrl":"https:\/\/www.24gliwice.pl\/wiadomosci\/wp-content\/uploads\/2019\/11\/rozb\u00f3j-w-so\u015bnicy-e1574677603101.jpg","keywords":["NAPAD","napa\u015b\u0107","ROZB\u00d3J","rozb\u00f3j w so\u015bnicy","wyrwa\u0142 torebk\u0119"],"articleSection":["Gliwice","Najnowsze wiadomo\u015bci","Prawo"],"inLanguage":"pl-PL","potentialAction":[{"@type":"CommentAction","name":"Comment","target":["https:\/\/www.24gliwice.pl\/wiadomosci\/rozboj-w-sosnicy-sprawca-szedl-za-ofiara-od-przystanku-zaatakowal-w-klatce-schodowej\/#respond"]}]},{"@type":"WebPage","@id":"https:\/\/www.24gliwice.pl\/wiadomosci\/rozboj-w-sosnicy-sprawca-szedl-za-ofiara-od-przystanku-zaatakowal-w-klatce-schodowej\/","url":"https:\/\/www.24gliwice.pl\/wiadomosci\/rozboj-w-sosnicy-sprawca-szedl-za-ofiara-od-przystanku-zaatakowal-w-klatce-schodowej\/","name":"Rozb\u00f3j w So\u015bnicy. Sprawca szed\u0142 za ofiar\u0105 od przystanku, zaatakowa\u0142 w klatce schodowej - 24GLIWICE - Portal Gliwice | codziennie nowe informacje","isPartOf":{"@id":"https:\/\/www.24gliwice.pl\/wiadomosci\/#website"},"primaryImageOfPage":{"@id":"https:\/\/www.24gliwice.pl\/wiadomosci\/rozboj-w-sosnicy-sprawca-szedl-za-ofiara-od-przystanku-zaatakowal-w-klatce-schodowej\/#primaryimage"},"image":{"@id":"https:\/\/www.24gliwice.pl\/wiadomosci\/rozboj-w-sosnicy-sprawca-szedl-za-ofiara-od-przystanku-zaatakowal-w-klatce-schodowej\/#primaryimage"},"thumbnailUrl":"https:\/\/www.24gliwice.pl\/wiadomosci\/wp-content\/uploads\/2019\/11\/rozb\u00f3j-w-so\u015bnicy-e1574677603101.jpg","datePublished":"2019-11-25T13:50:58+00:00","breadcrumb":{"@id":"https:\/\/www.24gliwice.pl\/wiadomosci\/rozboj-w-sosnicy-sprawca-szedl-za-ofiara-od-przystanku-zaatakowal-w-klatce-schodowej\/#breadcrumb"},"inLanguage":"pl-PL","potentialAction":[{"@type":"ReadAction","target":["https:\/\/www.24gliwice.pl\/wiadomosci\/rozboj-w-sosnicy-sprawca-szedl-za-ofiara-od-przystanku-zaatakowal-w-klatce-schodowej\/"]}]},{"@type":"ImageObject","inLanguage":"pl-PL","@id":"https:\/\/www.24gliwice.pl\/wiadomosci\/rozboj-w-sosnicy-sprawca-szedl-za-ofiara-od-przystanku-zaatakowal-w-klatce-schodowej\/#primaryimage","url":"https:\/\/www.24gliwice.pl\/wiadomosci\/wp-content\/uploads\/2019\/11\/rozb\u00f3j-w-so\u015bnicy-e1574677603101.jpg","contentUrl":"https:\/\/www.24gliwice.pl\/wiadomosci\/wp-content\/uploads\/2019\/11\/rozb\u00f3j-w-so\u015bnicy-e1574677603101.jpg","width":810,"height":455},{"@type":"BreadcrumbList","@id":"https:\/\/www.24gliwice.pl\/wiadomosci\/rozboj-w-sosnicy-sprawca-szedl-za-ofiara-od-przystanku-zaatakowal-w-klatce-schodowej\/#breadcrumb","itemListElement":[{"@type":"ListItem","position":1,"name":"Strona g\u0142\u00f3wna","item":"https:\/\/www.24gliwice.pl\/wiadomosci\/"},{"@type":"ListItem","position":2,"name":"Rozb\u00f3j w So\u015bnicy. Sprawca szed\u0142 za ofiar\u0105 od przystanku, zaatakowa\u0142 w klatce schodowej"}]},{"@type":"WebSite","@id":"https:\/\/www.24gliwice.pl\/wiadomosci\/#website","url":"https:\/\/www.24gliwice.pl\/wiadomosci\/","name":"24GLIWICE - Portal Gliwice | codziennie nowe wiadomo\u015bci","description":"Portal Miejski Gliwice","publisher":{"@id":"https:\/\/www.24gliwice.pl\/wiadomosci\/#organization"},"potentialAction":[{"@type":"SearchAction","target":{"@type":"EntryPoint","urlTemplate":"https:\/\/www.24gliwice.pl\/wiadomosci\/?s={search_term_string}"},"query-input":{"@type":"PropertyValueSpecification","valueRequired":true,"valueName":"search_term_string"}}],"inLanguage":"pl-PL"},{"@type":"Organization","@id":"https:\/\/www.24gliwice.pl\/wiadomosci\/#organization","name":"24gliwice","url":"https:\/\/www.24gliwice.pl\/wiadomosci\/","logo":{"@type":"ImageObject","inLanguage":"pl-PL","@id":"https:\/\/www.24gliwice.pl\/wiadomosci\/#\/schema\/logo\/image\/","url":"https:\/\/www.24gliwice.pl\/wiadomosci\/wp-content\/uploads\/2024\/10\/24gliwice-logo-696.jpg","contentUrl":"https:\/\/www.24gliwice.pl\/wiadomosci\/wp-content\/uploads\/2024\/10\/24gliwice-logo-696.jpg","width":696,"height":696,"caption":"24gliwice"},"image":{"@id":"https:\/\/www.24gliwice.pl\/wiadomosci\/#\/schema\/logo\/image\/"},"sameAs":["https:\/\/www.facebook.com\/24gliwice","https:\/\/x.com\/24gliwice","https:\/\/www.youtube.com\/@24gliwice"]},{"@type":"Person","@id":"https:\/\/www.24gliwice.pl\/wiadomosci\/#\/schema\/person\/e42c650edd7f2fa332be3811fb166b6e","name":"\u017baneta Mrozek-Siewierska","image":{"@type":"ImageObject","inLanguage":"pl-PL","@id":"https:\/\/secure.gravatar.com\/avatar\/1881429e9c64597c77ad7aef2d0a19be69a3253e57534d16aa15bf3a4d34a0a3?s=96&d=mm&r=g","url":"https:\/\/secure.gravatar.com\/avatar\/1881429e9c64597c77ad7aef2d0a19be69a3253e57534d16aa15bf3a4d34a0a3?s=96&d=mm&r=g","contentUrl":"https:\/\/secure.gravatar.com\/avatar\/1881429e9c64597c77ad7aef2d0a19be69a3253e57534d16aa15bf3a4d34a0a3?s=96&d=mm&r=g","caption":"\u017baneta Mrozek-Siewierska"},"url":"https:\/\/www.24gliwice.pl\/wiadomosci\/author\/zms\/"}]}},"_links":{"self":[{"href":"https:\/\/www.24gliwice.pl\/wiadomosci\/wp-json\/wp\/v2\/posts\/143859","targetHints":{"allow":["GET"]}}],"collection":[{"href":"https:\/\/www.24gliwice.pl\/wiadomosci\/wp-json\/wp\/v2\/posts"}],"about":[{"href":"https:\/\/www.24gliwice.pl\/wiadomosci\/wp-json\/wp\/v2\/types\/post"}],"author":[{"embeddable":true,"href":"https:\/\/www.24gliwice.pl\/wiadomosci\/wp-json\/wp\/v2\/users\/15"}],"replies":[{"embeddable":true,"href":"https:\/\/www.24gliwice.pl\/wiadomosci\/wp-json\/wp\/v2\/comments?post=143859"}],"version-history":[{"count":0,"href":"https:\/\/www.24gliwice.pl\/wiadomosci\/wp-json\/wp\/v2\/posts\/143859\/revisions"}],"wp:featuredmedia":[{"embeddable":true,"href":"https:\/\/www.24gliwice.pl\/wiadomosci\/wp-json\/wp\/v2\/media\/143867"}],"wp:attachment":[{"href":"https:\/\/www.24gliwice.pl\/wiadomosci\/wp-json\/wp\/v2\/media?parent=143859"}],"wp:term":[{"taxonomy":"category","embeddable":true,"href":"https:\/\/www.24gliwice.pl\/wiadomosci\/wp-json\/wp\/v2\/categories?post=143859"},{"taxonomy":"post_tag","embeddable":true,"href":"https:\/\/www.24gliwice.pl\/wiadomosci\/wp-json\/wp\/v2\/tags?post=143859"}],"curies":[{"name":"wp","href":"https:\/\/api.w.org\/{rel}","templated":true}]}}