{"id":143868,"date":"2019-11-26T11:13:20","date_gmt":"2019-11-26T10:13:20","guid":{"rendered":"https:\/\/www.24gliwice.pl\/wiadomosci\/?p=143868"},"modified":"2019-11-26T11:13:20","modified_gmt":"2019-11-26T10:13:20","slug":"pierwszy-tydzien-grudnia-z-niezalezna-kinematografia-nadchodzi-festiwal-filmowy-goffr","status":"publish","type":"post","link":"https:\/\/www.24gliwice.pl\/wiadomosci\/pierwszy-tydzien-grudnia-z-niezalezna-kinematografia-nadchodzi-festiwal-filmowy-goffr\/","title":{"rendered":"Pierwszy tydzie\u0144 grudnia z niezale\u017cn\u0105 kinematografi\u0105. Nadchodzi festiwal filmowy GOFFR"},"content":{"rendered":"<div class=\"gliwi-a6-nad-leadem-artykulow gliwi-entity-placement\" id=\"gliwi-2072728805\"><div class=\"gliwi-adlabel\"><span style=\"font-size: 9px\">REKLAMA<\/span><\/div><div id=\"gliwi-1186661669\" style=\"margin-bottom: 30px;margin-left: auto;margin-right: auto;text-align: center;\"><a data-no-instant=\"1\" href=\"https:\/\/przedszkole.halogen.org.pl\/\" rel=\"noopener\" class=\"a2t-link\" target=\"_blank\" aria-label=\"20260402-ANIMATOR-przedszkole_grafika_750x200\"><img loading=\"lazy\" decoding=\"async\" src=\"https:\/\/www.24gliwice.pl\/wiadomosci\/wp-content\/uploads\/2026\/04\/20260402-ANIMATOR-przedszkole_grafika_750x200.webp\" alt=\"\"  srcset=\"https:\/\/www.24gliwice.pl\/wiadomosci\/wp-content\/uploads\/2026\/04\/20260402-ANIMATOR-przedszkole_grafika_750x200.webp 750w, https:\/\/www.24gliwice.pl\/wiadomosci\/wp-content\/uploads\/2026\/04\/20260402-ANIMATOR-przedszkole_grafika_750x200-410x109.webp 410w\" sizes=\"(max-width: 750px) 100vw, 750px\" class=\"no-lazyload\" width=\"750\" height=\"200\"  style=\"display: inline-block; max-width: 100%; height: auto;\" \/><\/a><\/div><\/div><h3>Konkursy filmowe, warsztaty fotograficzne, seanse specjalne i koncert \u2013 program Gliwickiego Offowego Festiwalu Filmowego to propozycja dla ka\u017cdego. Wydarzenie startuje ju\u017c 1 grudnia.<\/h3>\n<p>A na pocz\u0105tek festiwalu zaplanowano troch\u0119 nauki. Chodzi oczywi\u015bcie o umiej\u0119tno\u015bci przydatne dla filmowc\u00f3w \u2013 1 grudnia podczas warsztat\u00f3w fotograficznych poznamy tajniki o\u015bwietlenia w zdj\u0119ciach portretowych (godzina 14:00, Centrum Rozwoju Dzieci i M\u0142odzie\u017cy Bumerang w Centrum Handlowym Forum, ul. Lipowa 1). A ju\u017c od godziny 17:30 w Forum \u2013 pokazy film\u00f3w konkursowych nades\u0142anych przez dzieci i m\u0142odzie\u017c.<\/p>\n<p>Po kilkudniowej przerwie GOFFR wr\u00f3ci z czym\u015b bardzo smakowitym. Ju\u017c 5 grudnia w planie s\u0105 projekcje film\u00f3w, kt\u00f3re przyjad\u0105 do Gliwic z g\u00f3rskiego festiwalu filmowego Reel Rock 14 (Forum Inspiruj\u0105cych Spotka\u0144, Forum, ul. Lipowa 1). Mi\u0142o\u015bnicy adrenaliny i osoby z l\u0119kiem wysoko\u015bci \u2013 wszyscy s\u0105 mile widziani. Start o godzinie 18:00, wst\u0119p p\u0142atny na miejscu 10 z\u0142. <\/p><div class=\"gliwi-a3-w-tresci-artykulow gliwi-entity-placement\" id=\"gliwi-1077090436\"><div class=\"gliwi-adlabel\"><span style=\"font-size: 9px\">REKLAMA<\/span><\/div><div id=\"gliwi-2971129386\" style=\"margin-bottom: 30px;margin-left: auto;margin-right: auto;text-align: center;\"><a data-no-instant=\"1\" href=\"https:\/\/ogrodyandersa.pl\/\" rel=\"noopener\" class=\"a2t-link\" target=\"_blank\" aria-label=\"20260415 Ogrody Andersa KUP TERAZ D\"><img loading=\"lazy\" decoding=\"async\" src=\"https:\/\/www.24gliwice.pl\/wiadomosci\/wp-content\/uploads\/2026\/04\/20260415-Ogrody-Andersa-KUP-TERAZ-D.jpg\" alt=\"\"  srcset=\"https:\/\/www.24gliwice.pl\/wiadomosci\/wp-content\/uploads\/2026\/04\/20260415-Ogrody-Andersa-KUP-TERAZ-D.jpg 750w, https:\/\/www.24gliwice.pl\/wiadomosci\/wp-content\/uploads\/2026\/04\/20260415-Ogrody-Andersa-KUP-TERAZ-D-410x109.jpg 410w\" sizes=\"(max-width: 750px) 100vw, 750px\" class=\"no-lazyload\" width=\"750\" height=\"200\"  style=\"display: inline-block; max-width: 100%; height: auto;\" \/><\/a><\/div><\/div>\n<h3>Ostatni dzie\u0144 festiwalu \u2013 7 grudnia \u2013 b\u0119dzie obfitowa\u0142 w atrakcje od samego rana. O godzinie 10:00 dzieci spotkaj\u0105 si\u0119 z popularnym Panem Totim w Stacji Artystycznej Rynek (Rynek 4\u20135).<\/h3>\n<p>Na godzin\u0119 16:00 zaplanowano fina\u0142owy GOFFRowy pokaz konkursowy. W Centrum Handlowym Forum (Forum Inspiruj\u0105cych Spotka\u0144, ul. Lipowa 1) wy\u015bwietlone zostan\u0105 dzie\u0142a nades\u0142ane w kategorii studenckiej. Wst\u0119p wolny. Po wy\u0142onieniu zwyci\u0119zc\u00f3w zaplanowano koncert. O godzinie 19:30 wyst\u0105pi\u0105 NOON i <strong>Tomasz Mre\u0144ca<\/strong>. Znany z hip-hopowych i elektronicznych produkcji NOON tym razem wyst\u0105pi z lubi\u0105cym eksperymentowa\u0107 skrzypkiem Tomaszem Mre\u0144c\u0105 (obowi\u0105zuj\u0105 wej\u015bci\u00f3wki, 20 z\u0142). <\/p>\n<p><iframe loading=\"lazy\" width=\"810\" height=\"455\" src=\"https:\/\/www.youtube.com\/embed\/Nj-jzMcScbA\" frameborder=\"0\" allow=\"accelerometer; autoplay; encrypted-media; gyroscope; picture-in-picture\" allowfullscreen><\/iframe><\/p>\n<p>Organizatorem Gliwickiego Offowego Festiwalu Filmowego jest Stowarzyszenie GTW. <\/p>\n<h4>Program<\/h4>\n<p>01.12.2019, GODZ. 14:00 Warsztaty fotograficzne &#8211; O\u015bwietlenie w portrecie (Centrum Rozwoju Dzieci i M\u0142odzie\u017cy Bumerang, ul. Lipowa 1);<br \/>\n01.12.2019, GODZ. 17:30 Pokaz film\u00f3w konkursowych w kategorii dzieci i m\u0142odzie\u017c (Forum Inspiruj\u0105cych Spotka\u0144, ul. Lipowa 1);<br \/>\n05.12.2019, GODZ. 18:00 Pokaz film\u00f3w g\u00f3rskich Reel Rock 14 (Forum Inspiruj\u0105cych Spotka\u0144, Forum, ul. Lipowa 1);<br \/>\n07.12.2019, GODZ. 10:00 Warsztaty z Panem Totim (Stacja Artystyczna Rynek, Rynek 4-5);<br \/>\n07.12.2019, GODZ. 16:00 Pokaz studenckich film\u00f3w konkursowych (Forum Inspiruj\u0105cych Spotka\u0144, ul. Lipowa 1);<br \/>\n07.12.2019, GODZ. 19:30 Koncert NOON + Tomasz Mre\u0144ca (Forum Inspiruj\u0105cych Spotka\u0144, ul. Lipowa 1, wst\u0119p 20 z\u0142 &#8211; kup bilety na <a href=\"https:\/\/empikbilety.pl\/wydarzenie\/koncert-noon-w-ramach-xiii-festiwalu-filmow-goffr\/grudzien-2019\" rel=\"noopener noreferrer\" target=\"_blank\">EMPIK<\/a>, <a href=\"https:\/\/goingapp.pl\/evt\/2164219\/koncert-noon-w-ramach-xiii-festiwalu-filmow-goffr\" rel=\"noopener noreferrer\" target=\"_blank\">GOING<\/a> lub w Stacji Artystycznej Rynek (Rynek 4-5).<\/p>\n<p>(\u017cms)\/UM(mm)<\/p>\n<div class=\"gliwi-a5-na-koncu-artykulow gliwi-entity-placement\" id=\"gliwi-776755493\"><div class=\"gliwi-adlabel\"><span style=\"font-size: 9px\">REKLAMA<\/span><\/div><div id=\"gliwi-3045223996\" style=\"margin-left: auto;margin-right: auto;text-align: center;\"><a data-no-instant=\"1\" href=\"https:\/\/prezeroarenagliwice.pl\/\" rel=\"noopener\" class=\"a2t-link\" target=\"_blank\" aria-label=\"20260309-PREZERO-WIOSNA-D\"><img loading=\"lazy\" decoding=\"async\" src=\"https:\/\/www.24gliwice.pl\/wiadomosci\/wp-content\/uploads\/2026\/03\/20260309-PREZERO-WIOSNA-D.webp\" alt=\"\"  srcset=\"https:\/\/www.24gliwice.pl\/wiadomosci\/wp-content\/uploads\/2026\/03\/20260309-PREZERO-WIOSNA-D.webp 750w, https:\/\/www.24gliwice.pl\/wiadomosci\/wp-content\/uploads\/2026\/03\/20260309-PREZERO-WIOSNA-D-410x109.webp 410w\" sizes=\"(max-width: 750px) 100vw, 750px\" class=\"no-lazyload\" width=\"750\" height=\"200\"  style=\"display: inline-block; max-width: 100%; height: auto;\" \/><\/a><\/div><\/div>","protected":false},"excerpt":{"rendered":"<p>Konkursy filmowe, warsztaty fotograficzne, seanse specjalne i koncert \u2013 program Gliwickiego Offowego Festiwalu Filmowego to propozycja dla ka\u017cdego. Wydarzenie startuje ju\u017c 1 grudnia. A na pocz\u0105tek festiwalu zaplanowano troch\u0119 nauki. Chodzi oczywi\u015bcie o umiej\u0119tno\u015bci przydatne dla filmowc\u00f3w \u2013 1 grudnia podczas warsztat\u00f3w fotograficznych poznamy tajniki o\u015bwietlenia w zdj\u0119ciach portretowych (godzina 14:00, Centrum Rozwoju Dzieci i [&hellip;]<\/p>\n","protected":false},"author":15,"featured_media":143880,"comment_status":"open","ping_status":"closed","sticky":false,"template":"","format":"standard","meta":{"_monsterinsights_skip_tracking":false,"_monsterinsights_sitenote_active":false,"_monsterinsights_sitenote_note":"","_monsterinsights_sitenote_category":0,"footnotes":"","_links_to":"","_links_to_target":""},"categories":[3,6,1],"tags":[1078,2198,15805,10651,11068,4088,1187],"class_list":["post-143868","post","type-post","status-publish","format-standard","has-post-thumbnail","hentry","category-gliwice","category-kultura","category-wszystko","tag-festiwal-filmowy","tag-forum","tag-forum-inspirujacych-spotkan","tag-goffr","tag-gtw","tag-stacja-artystyczna-rynek","tag-warsztaty"],"yoast_head":"<!-- This site is optimized with the Yoast SEO plugin v27.5 - https:\/\/yoast.com\/product\/yoast-seo-wordpress\/ -->\n<title>Pierwszy tydzie\u0144 grudnia z niezale\u017cn\u0105 kinematografi\u0105. Nadchodzi festiwal filmowy GOFFR - 24GLIWICE - Portal Gliwice | codziennie nowe informacje<\/title>\n<meta name=\"robots\" content=\"index, follow, max-snippet:-1, max-image-preview:large, max-video-preview:-1\" \/>\n<link rel=\"canonical\" href=\"https:\/\/www.24gliwice.pl\/wiadomosci\/pierwszy-tydzien-grudnia-z-niezalezna-kinematografia-nadchodzi-festiwal-filmowy-goffr\/\" \/>\n<meta property=\"og:locale\" content=\"pl_PL\" \/>\n<meta property=\"og:type\" content=\"article\" \/>\n<meta property=\"og:title\" content=\"Pierwszy tydzie\u0144 grudnia z niezale\u017cn\u0105 kinematografi\u0105. Nadchodzi festiwal filmowy GOFFR - 24GLIWICE - Portal Gliwice | codziennie nowe informacje\" \/>\n<meta property=\"og:description\" content=\"Konkursy filmowe, warsztaty fotograficzne, seanse specjalne i koncert \u2013 program Gliwickiego Offowego Festiwalu Filmowego to propozycja dla ka\u017cdego. Wydarzenie startuje ju\u017c 1 grudnia. A na pocz\u0105tek festiwalu zaplanowano troch\u0119 nauki. Chodzi oczywi\u015bcie o umiej\u0119tno\u015bci przydatne dla filmowc\u00f3w \u2013 1 grudnia podczas warsztat\u00f3w fotograficznych poznamy tajniki o\u015bwietlenia w zdj\u0119ciach portretowych (godzina 14:00, Centrum Rozwoju Dzieci i [&hellip;]\" \/>\n<meta property=\"og:url\" content=\"https:\/\/www.24gliwice.pl\/wiadomosci\/pierwszy-tydzien-grudnia-z-niezalezna-kinematografia-nadchodzi-festiwal-filmowy-goffr\/\" \/>\n<meta property=\"og:site_name\" content=\"24GLIWICE - Portal Gliwice | codziennie nowe informacje\" \/>\n<meta property=\"article:publisher\" content=\"https:\/\/www.facebook.com\/24gliwice\" \/>\n<meta property=\"article:published_time\" content=\"2019-11-26T10:13:20+00:00\" \/>\n<meta property=\"og:image\" content=\"https:\/\/www.24gliwice.pl\/wiadomosci\/wp-content\/uploads\/2019\/11\/GOFFR-fot._r._souza-scaled-e1574680346944.jpg\" \/>\n\t<meta property=\"og:image:width\" content=\"810\" \/>\n\t<meta property=\"og:image:height\" content=\"456\" \/>\n\t<meta property=\"og:image:type\" content=\"image\/jpeg\" \/>\n<meta name=\"author\" content=\"\u017baneta Mrozek-Siewierska\" \/>\n<meta name=\"twitter:card\" content=\"summary_large_image\" \/>\n<meta name=\"twitter:creator\" content=\"@24gliwice\" \/>\n<meta name=\"twitter:site\" content=\"@24gliwice\" \/>\n<meta name=\"twitter:label1\" content=\"Napisane przez\" \/>\n\t<meta name=\"twitter:data1\" content=\"\u017baneta Mrozek-Siewierska\" \/>\n\t<meta name=\"twitter:label2\" content=\"Szacowany czas czytania\" \/>\n\t<meta name=\"twitter:data2\" content=\"2 minuty\" \/>\n<script type=\"application\/ld+json\" class=\"yoast-schema-graph\">{\"@context\":\"https:\\\/\\\/schema.org\",\"@graph\":[{\"@type\":\"Article\",\"@id\":\"https:\\\/\\\/www.24gliwice.pl\\\/wiadomosci\\\/pierwszy-tydzien-grudnia-z-niezalezna-kinematografia-nadchodzi-festiwal-filmowy-goffr\\\/#article\",\"isPartOf\":{\"@id\":\"https:\\\/\\\/www.24gliwice.pl\\\/wiadomosci\\\/pierwszy-tydzien-grudnia-z-niezalezna-kinematografia-nadchodzi-festiwal-filmowy-goffr\\\/\"},\"author\":{\"name\":\"\u017baneta Mrozek-Siewierska\",\"@id\":\"https:\\\/\\\/www.24gliwice.pl\\\/wiadomosci\\\/#\\\/schema\\\/person\\\/e42c650edd7f2fa332be3811fb166b6e\"},\"headline\":\"Pierwszy tydzie\u0144 grudnia z niezale\u017cn\u0105 kinematografi\u0105. Nadchodzi festiwal filmowy GOFFR\",\"datePublished\":\"2019-11-26T10:13:20+00:00\",\"mainEntityOfPage\":{\"@id\":\"https:\\\/\\\/www.24gliwice.pl\\\/wiadomosci\\\/pierwszy-tydzien-grudnia-z-niezalezna-kinematografia-nadchodzi-festiwal-filmowy-goffr\\\/\"},\"wordCount\":370,\"commentCount\":0,\"publisher\":{\"@id\":\"https:\\\/\\\/www.24gliwice.pl\\\/wiadomosci\\\/#organization\"},\"image\":{\"@id\":\"https:\\\/\\\/www.24gliwice.pl\\\/wiadomosci\\\/pierwszy-tydzien-grudnia-z-niezalezna-kinematografia-nadchodzi-festiwal-filmowy-goffr\\\/#primaryimage\"},\"thumbnailUrl\":\"https:\\\/\\\/www.24gliwice.pl\\\/wiadomosci\\\/wp-content\\\/uploads\\\/2019\\\/11\\\/GOFFR-fot._r._souza-scaled-e1574680346944.jpg\",\"keywords\":[\"festiwal filmowy\",\"FORUM\",\"forum inspiruj\u0105cych spotka\u0144\",\"goffr\",\"GTW\",\"STACJA ARTYSTYCZNA RYNEK\",\"WARSZTATY\"],\"articleSection\":[\"Gliwice\",\"Kultura, wydarzenia, imprezy\",\"Najnowsze wiadomo\u015bci\"],\"inLanguage\":\"pl-PL\",\"potentialAction\":[{\"@type\":\"CommentAction\",\"name\":\"Comment\",\"target\":[\"https:\\\/\\\/www.24gliwice.pl\\\/wiadomosci\\\/pierwszy-tydzien-grudnia-z-niezalezna-kinematografia-nadchodzi-festiwal-filmowy-goffr\\\/#respond\"]}]},{\"@type\":\"WebPage\",\"@id\":\"https:\\\/\\\/www.24gliwice.pl\\\/wiadomosci\\\/pierwszy-tydzien-grudnia-z-niezalezna-kinematografia-nadchodzi-festiwal-filmowy-goffr\\\/\",\"url\":\"https:\\\/\\\/www.24gliwice.pl\\\/wiadomosci\\\/pierwszy-tydzien-grudnia-z-niezalezna-kinematografia-nadchodzi-festiwal-filmowy-goffr\\\/\",\"name\":\"Pierwszy tydzie\u0144 grudnia z niezale\u017cn\u0105 kinematografi\u0105. Nadchodzi festiwal filmowy GOFFR - 24GLIWICE - Portal Gliwice | codziennie nowe informacje\",\"isPartOf\":{\"@id\":\"https:\\\/\\\/www.24gliwice.pl\\\/wiadomosci\\\/#website\"},\"primaryImageOfPage\":{\"@id\":\"https:\\\/\\\/www.24gliwice.pl\\\/wiadomosci\\\/pierwszy-tydzien-grudnia-z-niezalezna-kinematografia-nadchodzi-festiwal-filmowy-goffr\\\/#primaryimage\"},\"image\":{\"@id\":\"https:\\\/\\\/www.24gliwice.pl\\\/wiadomosci\\\/pierwszy-tydzien-grudnia-z-niezalezna-kinematografia-nadchodzi-festiwal-filmowy-goffr\\\/#primaryimage\"},\"thumbnailUrl\":\"https:\\\/\\\/www.24gliwice.pl\\\/wiadomosci\\\/wp-content\\\/uploads\\\/2019\\\/11\\\/GOFFR-fot._r._souza-scaled-e1574680346944.jpg\",\"datePublished\":\"2019-11-26T10:13:20+00:00\",\"breadcrumb\":{\"@id\":\"https:\\\/\\\/www.24gliwice.pl\\\/wiadomosci\\\/pierwszy-tydzien-grudnia-z-niezalezna-kinematografia-nadchodzi-festiwal-filmowy-goffr\\\/#breadcrumb\"},\"inLanguage\":\"pl-PL\",\"potentialAction\":[{\"@type\":\"ReadAction\",\"target\":[\"https:\\\/\\\/www.24gliwice.pl\\\/wiadomosci\\\/pierwszy-tydzien-grudnia-z-niezalezna-kinematografia-nadchodzi-festiwal-filmowy-goffr\\\/\"]}]},{\"@type\":\"ImageObject\",\"inLanguage\":\"pl-PL\",\"@id\":\"https:\\\/\\\/www.24gliwice.pl\\\/wiadomosci\\\/pierwszy-tydzien-grudnia-z-niezalezna-kinematografia-nadchodzi-festiwal-filmowy-goffr\\\/#primaryimage\",\"url\":\"https:\\\/\\\/www.24gliwice.pl\\\/wiadomosci\\\/wp-content\\\/uploads\\\/2019\\\/11\\\/GOFFR-fot._r._souza-scaled-e1574680346944.jpg\",\"contentUrl\":\"https:\\\/\\\/www.24gliwice.pl\\\/wiadomosci\\\/wp-content\\\/uploads\\\/2019\\\/11\\\/GOFFR-fot._r._souza-scaled-e1574680346944.jpg\",\"width\":810,\"height\":456,\"caption\":\"fot. R. Souza\\\/MSI\"},{\"@type\":\"BreadcrumbList\",\"@id\":\"https:\\\/\\\/www.24gliwice.pl\\\/wiadomosci\\\/pierwszy-tydzien-grudnia-z-niezalezna-kinematografia-nadchodzi-festiwal-filmowy-goffr\\\/#breadcrumb\",\"itemListElement\":[{\"@type\":\"ListItem\",\"position\":1,\"name\":\"Strona g\u0142\u00f3wna\",\"item\":\"https:\\\/\\\/www.24gliwice.pl\\\/wiadomosci\\\/\"},{\"@type\":\"ListItem\",\"position\":2,\"name\":\"Pierwszy tydzie\u0144 grudnia z niezale\u017cn\u0105 kinematografi\u0105. Nadchodzi festiwal filmowy GOFFR\"}]},{\"@type\":\"WebSite\",\"@id\":\"https:\\\/\\\/www.24gliwice.pl\\\/wiadomosci\\\/#website\",\"url\":\"https:\\\/\\\/www.24gliwice.pl\\\/wiadomosci\\\/\",\"name\":\"24GLIWICE - Portal Gliwice | codziennie nowe wiadomo\u015bci\",\"description\":\"Portal Miejski Gliwice\",\"publisher\":{\"@id\":\"https:\\\/\\\/www.24gliwice.pl\\\/wiadomosci\\\/#organization\"},\"potentialAction\":[{\"@type\":\"SearchAction\",\"target\":{\"@type\":\"EntryPoint\",\"urlTemplate\":\"https:\\\/\\\/www.24gliwice.pl\\\/wiadomosci\\\/?s={search_term_string}\"},\"query-input\":{\"@type\":\"PropertyValueSpecification\",\"valueRequired\":true,\"valueName\":\"search_term_string\"}}],\"inLanguage\":\"pl-PL\"},{\"@type\":\"Organization\",\"@id\":\"https:\\\/\\\/www.24gliwice.pl\\\/wiadomosci\\\/#organization\",\"name\":\"24gliwice\",\"url\":\"https:\\\/\\\/www.24gliwice.pl\\\/wiadomosci\\\/\",\"logo\":{\"@type\":\"ImageObject\",\"inLanguage\":\"pl-PL\",\"@id\":\"https:\\\/\\\/www.24gliwice.pl\\\/wiadomosci\\\/#\\\/schema\\\/logo\\\/image\\\/\",\"url\":\"https:\\\/\\\/www.24gliwice.pl\\\/wiadomosci\\\/wp-content\\\/uploads\\\/2024\\\/10\\\/24gliwice-logo-696.jpg\",\"contentUrl\":\"https:\\\/\\\/www.24gliwice.pl\\\/wiadomosci\\\/wp-content\\\/uploads\\\/2024\\\/10\\\/24gliwice-logo-696.jpg\",\"width\":696,\"height\":696,\"caption\":\"24gliwice\"},\"image\":{\"@id\":\"https:\\\/\\\/www.24gliwice.pl\\\/wiadomosci\\\/#\\\/schema\\\/logo\\\/image\\\/\"},\"sameAs\":[\"https:\\\/\\\/www.facebook.com\\\/24gliwice\",\"https:\\\/\\\/x.com\\\/24gliwice\",\"https:\\\/\\\/www.youtube.com\\\/@24gliwice\"]},{\"@type\":\"Person\",\"@id\":\"https:\\\/\\\/www.24gliwice.pl\\\/wiadomosci\\\/#\\\/schema\\\/person\\\/e42c650edd7f2fa332be3811fb166b6e\",\"name\":\"\u017baneta Mrozek-Siewierska\",\"image\":{\"@type\":\"ImageObject\",\"inLanguage\":\"pl-PL\",\"@id\":\"https:\\\/\\\/secure.gravatar.com\\\/avatar\\\/1881429e9c64597c77ad7aef2d0a19be69a3253e57534d16aa15bf3a4d34a0a3?s=96&d=mm&r=g\",\"url\":\"https:\\\/\\\/secure.gravatar.com\\\/avatar\\\/1881429e9c64597c77ad7aef2d0a19be69a3253e57534d16aa15bf3a4d34a0a3?s=96&d=mm&r=g\",\"contentUrl\":\"https:\\\/\\\/secure.gravatar.com\\\/avatar\\\/1881429e9c64597c77ad7aef2d0a19be69a3253e57534d16aa15bf3a4d34a0a3?s=96&d=mm&r=g\",\"caption\":\"\u017baneta Mrozek-Siewierska\"},\"url\":\"https:\\\/\\\/www.24gliwice.pl\\\/wiadomosci\\\/author\\\/zms\\\/\"}]}<\/script>\n<!-- \/ Yoast SEO plugin. -->","yoast_head_json":{"title":"Pierwszy tydzie\u0144 grudnia z niezale\u017cn\u0105 kinematografi\u0105. Nadchodzi festiwal filmowy GOFFR - 24GLIWICE - Portal Gliwice | codziennie nowe informacje","robots":{"index":"index","follow":"follow","max-snippet":"max-snippet:-1","max-image-preview":"max-image-preview:large","max-video-preview":"max-video-preview:-1"},"canonical":"https:\/\/www.24gliwice.pl\/wiadomosci\/pierwszy-tydzien-grudnia-z-niezalezna-kinematografia-nadchodzi-festiwal-filmowy-goffr\/","og_locale":"pl_PL","og_type":"article","og_title":"Pierwszy tydzie\u0144 grudnia z niezale\u017cn\u0105 kinematografi\u0105. Nadchodzi festiwal filmowy GOFFR - 24GLIWICE - Portal Gliwice | codziennie nowe informacje","og_description":"Konkursy filmowe, warsztaty fotograficzne, seanse specjalne i koncert \u2013 program Gliwickiego Offowego Festiwalu Filmowego to propozycja dla ka\u017cdego. Wydarzenie startuje ju\u017c 1 grudnia. A na pocz\u0105tek festiwalu zaplanowano troch\u0119 nauki. Chodzi oczywi\u015bcie o umiej\u0119tno\u015bci przydatne dla filmowc\u00f3w \u2013 1 grudnia podczas warsztat\u00f3w fotograficznych poznamy tajniki o\u015bwietlenia w zdj\u0119ciach portretowych (godzina 14:00, Centrum Rozwoju Dzieci i [&hellip;]","og_url":"https:\/\/www.24gliwice.pl\/wiadomosci\/pierwszy-tydzien-grudnia-z-niezalezna-kinematografia-nadchodzi-festiwal-filmowy-goffr\/","og_site_name":"24GLIWICE - Portal Gliwice | codziennie nowe informacje","article_publisher":"https:\/\/www.facebook.com\/24gliwice","article_published_time":"2019-11-26T10:13:20+00:00","og_image":[{"width":810,"height":456,"url":"https:\/\/www.24gliwice.pl\/wiadomosci\/wp-content\/uploads\/2019\/11\/GOFFR-fot._r._souza-scaled-e1574680346944.jpg","type":"image\/jpeg"}],"author":"\u017baneta Mrozek-Siewierska","twitter_card":"summary_large_image","twitter_creator":"@24gliwice","twitter_site":"@24gliwice","twitter_misc":{"Napisane przez":"\u017baneta Mrozek-Siewierska","Szacowany czas czytania":"2 minuty"},"schema":{"@context":"https:\/\/schema.org","@graph":[{"@type":"Article","@id":"https:\/\/www.24gliwice.pl\/wiadomosci\/pierwszy-tydzien-grudnia-z-niezalezna-kinematografia-nadchodzi-festiwal-filmowy-goffr\/#article","isPartOf":{"@id":"https:\/\/www.24gliwice.pl\/wiadomosci\/pierwszy-tydzien-grudnia-z-niezalezna-kinematografia-nadchodzi-festiwal-filmowy-goffr\/"},"author":{"name":"\u017baneta Mrozek-Siewierska","@id":"https:\/\/www.24gliwice.pl\/wiadomosci\/#\/schema\/person\/e42c650edd7f2fa332be3811fb166b6e"},"headline":"Pierwszy tydzie\u0144 grudnia z niezale\u017cn\u0105 kinematografi\u0105. Nadchodzi festiwal filmowy GOFFR","datePublished":"2019-11-26T10:13:20+00:00","mainEntityOfPage":{"@id":"https:\/\/www.24gliwice.pl\/wiadomosci\/pierwszy-tydzien-grudnia-z-niezalezna-kinematografia-nadchodzi-festiwal-filmowy-goffr\/"},"wordCount":370,"commentCount":0,"publisher":{"@id":"https:\/\/www.24gliwice.pl\/wiadomosci\/#organization"},"image":{"@id":"https:\/\/www.24gliwice.pl\/wiadomosci\/pierwszy-tydzien-grudnia-z-niezalezna-kinematografia-nadchodzi-festiwal-filmowy-goffr\/#primaryimage"},"thumbnailUrl":"https:\/\/www.24gliwice.pl\/wiadomosci\/wp-content\/uploads\/2019\/11\/GOFFR-fot._r._souza-scaled-e1574680346944.jpg","keywords":["festiwal filmowy","FORUM","forum inspiruj\u0105cych spotka\u0144","goffr","GTW","STACJA ARTYSTYCZNA RYNEK","WARSZTATY"],"articleSection":["Gliwice","Kultura, wydarzenia, imprezy","Najnowsze wiadomo\u015bci"],"inLanguage":"pl-PL","potentialAction":[{"@type":"CommentAction","name":"Comment","target":["https:\/\/www.24gliwice.pl\/wiadomosci\/pierwszy-tydzien-grudnia-z-niezalezna-kinematografia-nadchodzi-festiwal-filmowy-goffr\/#respond"]}]},{"@type":"WebPage","@id":"https:\/\/www.24gliwice.pl\/wiadomosci\/pierwszy-tydzien-grudnia-z-niezalezna-kinematografia-nadchodzi-festiwal-filmowy-goffr\/","url":"https:\/\/www.24gliwice.pl\/wiadomosci\/pierwszy-tydzien-grudnia-z-niezalezna-kinematografia-nadchodzi-festiwal-filmowy-goffr\/","name":"Pierwszy tydzie\u0144 grudnia z niezale\u017cn\u0105 kinematografi\u0105. Nadchodzi festiwal filmowy GOFFR - 24GLIWICE - Portal Gliwice | codziennie nowe informacje","isPartOf":{"@id":"https:\/\/www.24gliwice.pl\/wiadomosci\/#website"},"primaryImageOfPage":{"@id":"https:\/\/www.24gliwice.pl\/wiadomosci\/pierwszy-tydzien-grudnia-z-niezalezna-kinematografia-nadchodzi-festiwal-filmowy-goffr\/#primaryimage"},"image":{"@id":"https:\/\/www.24gliwice.pl\/wiadomosci\/pierwszy-tydzien-grudnia-z-niezalezna-kinematografia-nadchodzi-festiwal-filmowy-goffr\/#primaryimage"},"thumbnailUrl":"https:\/\/www.24gliwice.pl\/wiadomosci\/wp-content\/uploads\/2019\/11\/GOFFR-fot._r._souza-scaled-e1574680346944.jpg","datePublished":"2019-11-26T10:13:20+00:00","breadcrumb":{"@id":"https:\/\/www.24gliwice.pl\/wiadomosci\/pierwszy-tydzien-grudnia-z-niezalezna-kinematografia-nadchodzi-festiwal-filmowy-goffr\/#breadcrumb"},"inLanguage":"pl-PL","potentialAction":[{"@type":"ReadAction","target":["https:\/\/www.24gliwice.pl\/wiadomosci\/pierwszy-tydzien-grudnia-z-niezalezna-kinematografia-nadchodzi-festiwal-filmowy-goffr\/"]}]},{"@type":"ImageObject","inLanguage":"pl-PL","@id":"https:\/\/www.24gliwice.pl\/wiadomosci\/pierwszy-tydzien-grudnia-z-niezalezna-kinematografia-nadchodzi-festiwal-filmowy-goffr\/#primaryimage","url":"https:\/\/www.24gliwice.pl\/wiadomosci\/wp-content\/uploads\/2019\/11\/GOFFR-fot._r._souza-scaled-e1574680346944.jpg","contentUrl":"https:\/\/www.24gliwice.pl\/wiadomosci\/wp-content\/uploads\/2019\/11\/GOFFR-fot._r._souza-scaled-e1574680346944.jpg","width":810,"height":456,"caption":"fot. R. Souza\/MSI"},{"@type":"BreadcrumbList","@id":"https:\/\/www.24gliwice.pl\/wiadomosci\/pierwszy-tydzien-grudnia-z-niezalezna-kinematografia-nadchodzi-festiwal-filmowy-goffr\/#breadcrumb","itemListElement":[{"@type":"ListItem","position":1,"name":"Strona g\u0142\u00f3wna","item":"https:\/\/www.24gliwice.pl\/wiadomosci\/"},{"@type":"ListItem","position":2,"name":"Pierwszy tydzie\u0144 grudnia z niezale\u017cn\u0105 kinematografi\u0105. Nadchodzi festiwal filmowy GOFFR"}]},{"@type":"WebSite","@id":"https:\/\/www.24gliwice.pl\/wiadomosci\/#website","url":"https:\/\/www.24gliwice.pl\/wiadomosci\/","name":"24GLIWICE - Portal Gliwice | codziennie nowe wiadomo\u015bci","description":"Portal Miejski Gliwice","publisher":{"@id":"https:\/\/www.24gliwice.pl\/wiadomosci\/#organization"},"potentialAction":[{"@type":"SearchAction","target":{"@type":"EntryPoint","urlTemplate":"https:\/\/www.24gliwice.pl\/wiadomosci\/?s={search_term_string}"},"query-input":{"@type":"PropertyValueSpecification","valueRequired":true,"valueName":"search_term_string"}}],"inLanguage":"pl-PL"},{"@type":"Organization","@id":"https:\/\/www.24gliwice.pl\/wiadomosci\/#organization","name":"24gliwice","url":"https:\/\/www.24gliwice.pl\/wiadomosci\/","logo":{"@type":"ImageObject","inLanguage":"pl-PL","@id":"https:\/\/www.24gliwice.pl\/wiadomosci\/#\/schema\/logo\/image\/","url":"https:\/\/www.24gliwice.pl\/wiadomosci\/wp-content\/uploads\/2024\/10\/24gliwice-logo-696.jpg","contentUrl":"https:\/\/www.24gliwice.pl\/wiadomosci\/wp-content\/uploads\/2024\/10\/24gliwice-logo-696.jpg","width":696,"height":696,"caption":"24gliwice"},"image":{"@id":"https:\/\/www.24gliwice.pl\/wiadomosci\/#\/schema\/logo\/image\/"},"sameAs":["https:\/\/www.facebook.com\/24gliwice","https:\/\/x.com\/24gliwice","https:\/\/www.youtube.com\/@24gliwice"]},{"@type":"Person","@id":"https:\/\/www.24gliwice.pl\/wiadomosci\/#\/schema\/person\/e42c650edd7f2fa332be3811fb166b6e","name":"\u017baneta Mrozek-Siewierska","image":{"@type":"ImageObject","inLanguage":"pl-PL","@id":"https:\/\/secure.gravatar.com\/avatar\/1881429e9c64597c77ad7aef2d0a19be69a3253e57534d16aa15bf3a4d34a0a3?s=96&d=mm&r=g","url":"https:\/\/secure.gravatar.com\/avatar\/1881429e9c64597c77ad7aef2d0a19be69a3253e57534d16aa15bf3a4d34a0a3?s=96&d=mm&r=g","contentUrl":"https:\/\/secure.gravatar.com\/avatar\/1881429e9c64597c77ad7aef2d0a19be69a3253e57534d16aa15bf3a4d34a0a3?s=96&d=mm&r=g","caption":"\u017baneta Mrozek-Siewierska"},"url":"https:\/\/www.24gliwice.pl\/wiadomosci\/author\/zms\/"}]}},"_links":{"self":[{"href":"https:\/\/www.24gliwice.pl\/wiadomosci\/wp-json\/wp\/v2\/posts\/143868","targetHints":{"allow":["GET"]}}],"collection":[{"href":"https:\/\/www.24gliwice.pl\/wiadomosci\/wp-json\/wp\/v2\/posts"}],"about":[{"href":"https:\/\/www.24gliwice.pl\/wiadomosci\/wp-json\/wp\/v2\/types\/post"}],"author":[{"embeddable":true,"href":"https:\/\/www.24gliwice.pl\/wiadomosci\/wp-json\/wp\/v2\/users\/15"}],"replies":[{"embeddable":true,"href":"https:\/\/www.24gliwice.pl\/wiadomosci\/wp-json\/wp\/v2\/comments?post=143868"}],"version-history":[{"count":0,"href":"https:\/\/www.24gliwice.pl\/wiadomosci\/wp-json\/wp\/v2\/posts\/143868\/revisions"}],"wp:featuredmedia":[{"embeddable":true,"href":"https:\/\/www.24gliwice.pl\/wiadomosci\/wp-json\/wp\/v2\/media\/143880"}],"wp:attachment":[{"href":"https:\/\/www.24gliwice.pl\/wiadomosci\/wp-json\/wp\/v2\/media?parent=143868"}],"wp:term":[{"taxonomy":"category","embeddable":true,"href":"https:\/\/www.24gliwice.pl\/wiadomosci\/wp-json\/wp\/v2\/categories?post=143868"},{"taxonomy":"post_tag","embeddable":true,"href":"https:\/\/www.24gliwice.pl\/wiadomosci\/wp-json\/wp\/v2\/tags?post=143868"}],"curies":[{"name":"wp","href":"https:\/\/api.w.org\/{rel}","templated":true}]}}