{"id":143918,"date":"2019-11-26T13:28:17","date_gmt":"2019-11-26T12:28:17","guid":{"rendered":"https:\/\/www.24gliwice.pl\/wiadomosci\/?p=143918"},"modified":"2019-11-26T16:27:23","modified_gmt":"2019-11-26T15:27:23","slug":"oferta-remondisu-na-wywoz-smieci-odrzucona-urzad-zapowiada-analize-gospodarki-odpadami","status":"publish","type":"post","link":"https:\/\/www.24gliwice.pl\/wiadomosci\/oferta-remondisu-na-wywoz-smieci-odrzucona-urzad-zapowiada-analize-gospodarki-odpadami\/","title":{"rendered":"Oferta Remondisu na wyw\u00f3z \u015bmieci odrzucona. Urz\u0105d zapowiada &#8220;analiz\u0119 gospodarki odpadami&#8221; (TV)"},"content":{"rendered":"<div class=\"gliwi-a6-nad-leadem-artykulow gliwi-entity-placement\" id=\"gliwi-2324273148\"><div class=\"gliwi-adlabel\"><span style=\"font-size: 9px\">REKLAMA<\/span><\/div><div id=\"gliwi-2265098372\" style=\"margin-bottom: 25px;margin-left: auto;margin-right: auto;text-align: center;\"><a data-no-instant=\"1\" href=\"https:\/\/dom100.eu\/\" rel=\"noopener\" class=\"a2t-link\" target=\"_blank\" aria-label=\"20260415 DOM100 D\"><img loading=\"lazy\" decoding=\"async\" src=\"https:\/\/www.24gliwice.pl\/wiadomosci\/wp-content\/uploads\/2026\/04\/20260415-DOM100-D.jpg\" alt=\"\"  srcset=\"https:\/\/www.24gliwice.pl\/wiadomosci\/wp-content\/uploads\/2026\/04\/20260415-DOM100-D.jpg 750w, https:\/\/www.24gliwice.pl\/wiadomosci\/wp-content\/uploads\/2026\/04\/20260415-DOM100-D-410x109.jpg 410w\" sizes=\"(max-width: 750px) 100vw, 750px\" class=\"no-lazyload\" width=\"750\" height=\"200\"  style=\"display: inline-block; max-width: 100%; height: auto;\" \/><\/a><\/div><\/div><h3>Urz\u0119dnicy uniewa\u017cnili przetarg na wyw\u00f3z \u015bmieci na terenie miasta w latach 2020-2021. Jedyna oferta &#8211; z\u0142o\u017cona przez Remondis Gliwice &#8211; opiewa\u0142a na blisko 84 mln z\u0142otych. To o 25 mln z\u0142otych wi\u0119cej ni\u017c planowa\u0142 na ten cel przeznaczy\u0107 magistrat.<\/h3>\n<p>Przyj\u0119cie oferty z\u0142o\u017conej przez Remondis oznacza\u0142oby znacz\u0105c\u0105 podwy\u017ck\u0119 op\u0142at za wyw\u00f3z odpad\u00f3w komunalnych. Obecnie roczna kwota za ich odbi\u00f3r na 1 mieszka\u0144ca wynosi w Gliwicach 180 z\u0142otych. Po zmianach wzros\u0142aby o 40% &#8211; do 252 z\u0142otych. Uniewa\u017cnienie przetargu nie eliminuje ryzyka podwy\u017cek, natomiast stanowi sygna\u0142, \u017ce po raz pierwszy od lat urz\u0119dnicy b\u0119d\u0105 chcieli poszuka\u0107 innego rozwi\u0105zania.<\/p>\n<p style=\"padding-left: 40px;\">&#8211; Przetarg na odbi\u00f3r i zagospodarowanie odpad\u00f3w komunalnych z nieruchomo\u015bci zamieszka\u0142ych na terenie miasta Gliwice 2020-2021 zostanie og\u0142oszony niezw\u0142ocznie po przeprowadzeniu analizy gospodarki odpadami w mie\u015bcie Gliwice w celu ustalenia ewentualnych nowych zasad &#8211; informuje nas <strong>Mariola Pendzia\u0142ek<\/strong>, naczelnik Wydzia\u0142u Przedsi\u0119wzi\u0119\u0107 Gospodarczych i Us\u0142ug Komunalnych Urz\u0119du Miejskiego w Gliwicach.<\/p><div class=\"gliwi-a3-w-tresci-artykulow gliwi-entity-placement\" id=\"gliwi-2693353561\"><div class=\"gliwi-adlabel\"><span style=\"font-size: 9px\">REKLAMA<\/span><\/div><div id=\"gliwi-2881171322\" style=\"margin-bottom: 30px;margin-left: auto;margin-right: auto;text-align: center;\"><a data-no-instant=\"1\" href=\"https:\/\/ogrodyandersa.pl\/\" rel=\"noopener\" class=\"a2t-link\" target=\"_blank\" aria-label=\"20260415 Ogrody Andersa KUP TERAZ D\"><img loading=\"lazy\" decoding=\"async\" src=\"https:\/\/www.24gliwice.pl\/wiadomosci\/wp-content\/uploads\/2026\/04\/20260415-Ogrody-Andersa-KUP-TERAZ-D.jpg\" alt=\"\"  srcset=\"https:\/\/www.24gliwice.pl\/wiadomosci\/wp-content\/uploads\/2026\/04\/20260415-Ogrody-Andersa-KUP-TERAZ-D.jpg 750w, https:\/\/www.24gliwice.pl\/wiadomosci\/wp-content\/uploads\/2026\/04\/20260415-Ogrody-Andersa-KUP-TERAZ-D-410x109.jpg 410w\" sizes=\"(max-width: 750px) 100vw, 750px\" class=\"no-lazyload\" width=\"750\" height=\"200\"  style=\"display: inline-block; max-width: 100%; height: auto;\" \/><\/a><\/div><\/div>\n<h3>Temat odbioru odpad\u00f3w pojawi\u0142 si\u0119 podczas wtorkowej konferencji prasowej p.o. prezydenta Gliwic, <strong>Janusza Moszy\u0144skiego.<\/strong><\/h3>\n<p style=\"padding-left: 40px;\"><em>&#8211; Przetarg zosta\u0142 uniewa\u017cniony. B\u0119dzie to skutkowa\u0142o tym, \u017ce musimy teraz przyst\u0105pi\u0107 do negocjacji i udzielenia w trybie zam\u00f3wienia z wolnej r\u0119ki dotychczasowemu wykonawcy us\u0142ugi, zlecenia na wywo\u017cenie odpad\u00f3w<\/em> &#8211; m\u00f3wi\u0142 Moszy\u0144ski, kt\u00f3ry zapowiada docelowo spore zmiany.<br \/>\n<em>&#8211; Co jest tutaj do zrobienia? Po pierwsze chcemy zatrudni\u0107 firm\u0119 doradcz\u0105 zupe\u0142nie niezwi\u0105zan\u0105 z &#8211; po pierwsze (to musimy sprawdzi\u0107) z potencjalnymi oferentami, po drugie to te\u017c najlepiej spoza \u015bl\u0105ska, tak, \u017ceby unikn\u0105\u0107 jakichkolwiek w\u0105tpliwo\u015bci, co do obiektywizmu tego, bo to ma s\u0142u\u017cy\u0107 mnie przede wszystkim w podj\u0119ciu racjonalnej decyzji, co z tym dalej nale\u017cy zrobi\u0107. P\u00f3\u017aniej , z wykorzystaniem takiej analizy og\u0142oszenie nowego post\u0119powania. Tutaj zmieni\u0107 si\u0119 mo\u017ce kilka element\u00f3w. Po pierwsze kwestia taka, czy nadal mamy p\u0142aci\u0107 op\u0142aty za wyw\u00f3z odpad\u00f3w naliczane od metra kwadratowego, czy te\u017c przej\u015b\u0107 na op\u0142aty naliczane per capita, czyli od ilo\u015bci os\u00f3b. Praktycznie we wszystkich miastach aglomeracji te op\u0142aty s\u0105 naliczane od ilo\u015bci zamieszka\u0142ych w danym mieszkaniu, my jeste\u015bmy chyba jedynym lub prawie jedynym miastem, kt\u00f3re przyj\u0119\u0142o odmienny system<\/em> &#8211; zauwa\u017ca Moszy\u0144ski.<\/p>\n<p><iframe loading=\"lazy\" width=\"810\" height=\"456\" src=\"https:\/\/www.youtube.com\/embed\/K6O11C5tAO8\" frameborder=\"0\" allow=\"accelerometer; autoplay; encrypted-media; gyroscope; picture-in-picture\" allowfullscreen><\/iframe><\/p>\n<p>Jak informuj\u0105 urz\u0119dnicy analiza ma na celu &#8220;ustalenie ewentualnych nowych zasad gospodarowania odpadami na terenie miasta Gliwice&#8221;, a tak\u017ce ma odpowiedzie\u0107 na pytanie dotycz\u0105ce podzia\u0142u miasta na sektory. To spos\u00f3b, kt\u00f3ry kilka lat temu zaproponowa\u0142 na sesji Rady Miasta radny <strong>Dominik Dragon<\/strong>. Podzia\u0142 miasta na strefy mia\u0142by pozwoli\u0107 na dopuszczenie do przetargu mniejszych podmiot\u00f3w, a tym samym m\u00f3g\u0142by ograniczy\u0107 rol\u0119 jedynego monopolisty, jakim jest Remondis. Pomys\u0142 nie znalaz\u0142 w\u00f3wczas aprobaty <strong>Zygmunta Frankiewicza<\/strong> i poprzedniego zarz\u0105du miasta.<\/p>\n<p>Warto nadmieni\u0107, \u017ce problem rosn\u0105cych cen za wyw\u00f3z odpad\u00f3w jest jedn\u0105 z najcz\u0119\u015bciej podnoszonych kwestii w kampanii wyborczej.<br \/>\n&#8211; Nasza propozycja: podzielimy miasto na cztery cz\u0119\u015bci tak, aby do przetargu na odbi\u00f3r odpad\u00f3w mog\u0142y startowa\u0107 r\u00f3wnie\u017c mniejsze firmy. Z\u0142amiemy monopol, wprowadzimy konkurencj\u0119 dzi\u0119ki temu zahamujemy wzrost cen &#8211; m\u00f3wi\u0142 niedawno <strong>Kajetan Gornig<\/strong>, kt\u00f3ry do wybor\u00f3w idzie razem z Dragonem.<\/p>\n<p>Przypomnijmy, Remondis od lat odpowiada za wyw\u00f3z odpad\u00f3w w mie\u015bcie. Cztery lata temu firma (jako konsorcjum firm Remondis z Gliwic i Tarnowskich G\u00f3r) z\u0142o\u017cy\u0142a jedyn\u0105 ofert\u0105 w przetargu. Dwa lata temu z kolei oferent\u00f3w by\u0142o dw\u00f3ch \u2013 opr\u00f3cz gliwickiego przedsi\u0119biorstwa o zlecenie te\u017c stara\u0142a si\u0119 firma Alba z Chorzowa, kt\u00f3ra zaproponowa\u0142a o 6 milion\u00f3w z\u0142 dro\u017csze wykonanie.<\/p>\n<p>(msz)<\/p>\n<div class=\"gliwi-a5-na-koncu-artykulow gliwi-entity-placement\" id=\"gliwi-2446422735\"><div class=\"gliwi-adlabel\"><span style=\"font-size: 9px\">REKLAMA<\/span><\/div><div id=\"gliwi-1712277393\" style=\"margin-left: auto;margin-right: auto;text-align: center;\"><a data-no-instant=\"1\" href=\"https:\/\/prezeroarenagliwice.pl\/\" rel=\"noopener\" class=\"a2t-link\" target=\"_blank\" aria-label=\"20260309-PREZERO-WIOSNA-D\"><img loading=\"lazy\" decoding=\"async\" src=\"https:\/\/www.24gliwice.pl\/wiadomosci\/wp-content\/uploads\/2026\/03\/20260309-PREZERO-WIOSNA-D.webp\" alt=\"\"  srcset=\"https:\/\/www.24gliwice.pl\/wiadomosci\/wp-content\/uploads\/2026\/03\/20260309-PREZERO-WIOSNA-D.webp 750w, https:\/\/www.24gliwice.pl\/wiadomosci\/wp-content\/uploads\/2026\/03\/20260309-PREZERO-WIOSNA-D-410x109.webp 410w\" sizes=\"(max-width: 750px) 100vw, 750px\" class=\"no-lazyload\" width=\"750\" height=\"200\"  style=\"display: inline-block; max-width: 100%; height: auto;\" \/><\/a><\/div><\/div>","protected":false},"excerpt":{"rendered":"<p>Urz\u0119dnicy uniewa\u017cnili przetarg na wyw\u00f3z \u015bmieci na terenie miasta w latach 2020-2021. Jedyna oferta &#8211; z\u0142o\u017cona przez Remondis Gliwice &#8211; opiewa\u0142a na blisko 84 mln z\u0142otych. To o 25 mln z\u0142otych wi\u0119cej ni\u017c planowa\u0142 na ten cel przeznaczy\u0107 magistrat. Przyj\u0119cie oferty z\u0142o\u017conej przez Remondis oznacza\u0142oby znacz\u0105c\u0105 podwy\u017ck\u0119 op\u0142at za wyw\u00f3z odpad\u00f3w komunalnych. Obecnie roczna kwota [&hellip;]<\/p>\n","protected":false},"author":12,"featured_media":137075,"comment_status":"open","ping_status":"closed","sticky":false,"template":"","format":"standard","meta":{"_monsterinsights_skip_tracking":false,"_monsterinsights_sitenote_active":false,"_monsterinsights_sitenote_note":"","_monsterinsights_sitenote_category":0,"footnotes":"","_links_to":"","_links_to_target":""},"categories":[3,1,9,8,4],"tags":[16767,8942,2774,1140],"class_list":["post-143918","post","type-post","status-publish","format-standard","has-post-thumbnail","hentry","category-gliwice","category-wszystko","category-aktualnosci_lokalne","category-samorzad_polityka","category-telewizja-gliwice","tag-janusz-moszynski","tag-odpady","tag-remondis","tag-smieci"],"yoast_head":"<!-- This site is optimized with the Yoast SEO plugin v27.5 - https:\/\/yoast.com\/product\/yoast-seo-wordpress\/ -->\n<title>Oferta Remondisu na wyw\u00f3z \u015bmieci odrzucona. Urz\u0105d zapowiada &quot;analiz\u0119 gospodarki odpadami&quot; (TV) - 24GLIWICE - Portal Gliwice | codziennie nowe informacje<\/title>\n<meta name=\"robots\" content=\"index, follow, max-snippet:-1, max-image-preview:large, max-video-preview:-1\" \/>\n<link rel=\"canonical\" href=\"https:\/\/www.24gliwice.pl\/wiadomosci\/oferta-remondisu-na-wywoz-smieci-odrzucona-urzad-zapowiada-analize-gospodarki-odpadami\/\" \/>\n<meta property=\"og:locale\" content=\"pl_PL\" \/>\n<meta property=\"og:type\" content=\"article\" \/>\n<meta property=\"og:title\" content=\"Oferta Remondisu na wyw\u00f3z \u015bmieci odrzucona. Urz\u0105d zapowiada &quot;analiz\u0119 gospodarki odpadami&quot; (TV) - 24GLIWICE - Portal Gliwice | codziennie nowe informacje\" \/>\n<meta property=\"og:description\" content=\"Urz\u0119dnicy uniewa\u017cnili przetarg na wyw\u00f3z \u015bmieci na terenie miasta w latach 2020-2021. Jedyna oferta &#8211; z\u0142o\u017cona przez Remondis Gliwice &#8211; opiewa\u0142a na blisko 84 mln z\u0142otych. To o 25 mln z\u0142otych wi\u0119cej ni\u017c planowa\u0142 na ten cel przeznaczy\u0107 magistrat. Przyj\u0119cie oferty z\u0142o\u017conej przez Remondis oznacza\u0142oby znacz\u0105c\u0105 podwy\u017ck\u0119 op\u0142at za wyw\u00f3z odpad\u00f3w komunalnych. Obecnie roczna kwota [&hellip;]\" \/>\n<meta property=\"og:url\" content=\"https:\/\/www.24gliwice.pl\/wiadomosci\/oferta-remondisu-na-wywoz-smieci-odrzucona-urzad-zapowiada-analize-gospodarki-odpadami\/\" \/>\n<meta property=\"og:site_name\" content=\"24GLIWICE - Portal Gliwice | codziennie nowe informacje\" \/>\n<meta property=\"article:publisher\" content=\"https:\/\/www.facebook.com\/24gliwice\" \/>\n<meta property=\"article:published_time\" content=\"2019-11-26T12:28:17+00:00\" \/>\n<meta property=\"article:modified_time\" content=\"2019-11-26T15:27:23+00:00\" \/>\n<meta property=\"og:image\" content=\"https:\/\/www.24gliwice.pl\/wiadomosci\/wp-content\/uploads\/2019\/06\/1-smieci-odpady-remondis.jpg\" \/>\n\t<meta property=\"og:image:width\" content=\"810\" \/>\n\t<meta property=\"og:image:height\" content=\"456\" \/>\n\t<meta property=\"og:image:type\" content=\"image\/jpeg\" \/>\n<meta name=\"author\" content=\"Micha\u0142 Szewczyk\" \/>\n<meta name=\"twitter:card\" content=\"summary_large_image\" \/>\n<meta name=\"twitter:creator\" content=\"@24gliwice\" \/>\n<meta name=\"twitter:site\" content=\"@24gliwice\" \/>\n<meta name=\"twitter:label1\" content=\"Napisane przez\" \/>\n\t<meta name=\"twitter:data1\" content=\"Micha\u0142 Szewczyk\" \/>\n\t<meta name=\"twitter:label2\" content=\"Szacowany czas czytania\" \/>\n\t<meta name=\"twitter:data2\" content=\"3 minuty\" \/>\n<script type=\"application\/ld+json\" class=\"yoast-schema-graph\">{\"@context\":\"https:\\\/\\\/schema.org\",\"@graph\":[{\"@type\":\"Article\",\"@id\":\"https:\\\/\\\/www.24gliwice.pl\\\/wiadomosci\\\/oferta-remondisu-na-wywoz-smieci-odrzucona-urzad-zapowiada-analize-gospodarki-odpadami\\\/#article\",\"isPartOf\":{\"@id\":\"https:\\\/\\\/www.24gliwice.pl\\\/wiadomosci\\\/oferta-remondisu-na-wywoz-smieci-odrzucona-urzad-zapowiada-analize-gospodarki-odpadami\\\/\"},\"author\":{\"name\":\"Micha\u0142 Szewczyk\",\"@id\":\"https:\\\/\\\/www.24gliwice.pl\\\/wiadomosci\\\/#\\\/schema\\\/person\\\/940e8f8a097e322de4f463f061ef8d45\"},\"headline\":\"Oferta Remondisu na wyw\u00f3z \u015bmieci odrzucona. Urz\u0105d zapowiada &#8220;analiz\u0119 gospodarki odpadami&#8221; (TV)\",\"datePublished\":\"2019-11-26T12:28:17+00:00\",\"dateModified\":\"2019-11-26T15:27:23+00:00\",\"mainEntityOfPage\":{\"@id\":\"https:\\\/\\\/www.24gliwice.pl\\\/wiadomosci\\\/oferta-remondisu-na-wywoz-smieci-odrzucona-urzad-zapowiada-analize-gospodarki-odpadami\\\/\"},\"wordCount\":651,\"commentCount\":0,\"publisher\":{\"@id\":\"https:\\\/\\\/www.24gliwice.pl\\\/wiadomosci\\\/#organization\"},\"image\":{\"@id\":\"https:\\\/\\\/www.24gliwice.pl\\\/wiadomosci\\\/oferta-remondisu-na-wywoz-smieci-odrzucona-urzad-zapowiada-analize-gospodarki-odpadami\\\/#primaryimage\"},\"thumbnailUrl\":\"https:\\\/\\\/www.24gliwice.pl\\\/wiadomosci\\\/wp-content\\\/uploads\\\/2019\\\/06\\\/1-smieci-odpady-remondis.jpg\",\"keywords\":[\"JANUSZ MOSZY\u0143SKI\",\"ODPADY\",\"REMONDIS\",\"\u015aMIECI\"],\"articleSection\":[\"Gliwice\",\"Najnowsze wiadomo\u015bci\",\"Portal Gliwice - Wiadomo\u015bci lokalne\",\"Samorz\u0105d, polityka\",\"Telewizja, materia\u0142y wideo\"],\"inLanguage\":\"pl-PL\",\"potentialAction\":[{\"@type\":\"CommentAction\",\"name\":\"Comment\",\"target\":[\"https:\\\/\\\/www.24gliwice.pl\\\/wiadomosci\\\/oferta-remondisu-na-wywoz-smieci-odrzucona-urzad-zapowiada-analize-gospodarki-odpadami\\\/#respond\"]}]},{\"@type\":\"WebPage\",\"@id\":\"https:\\\/\\\/www.24gliwice.pl\\\/wiadomosci\\\/oferta-remondisu-na-wywoz-smieci-odrzucona-urzad-zapowiada-analize-gospodarki-odpadami\\\/\",\"url\":\"https:\\\/\\\/www.24gliwice.pl\\\/wiadomosci\\\/oferta-remondisu-na-wywoz-smieci-odrzucona-urzad-zapowiada-analize-gospodarki-odpadami\\\/\",\"name\":\"Oferta Remondisu na wyw\u00f3z \u015bmieci odrzucona. Urz\u0105d zapowiada \\\"analiz\u0119 gospodarki odpadami\\\" (TV) - 24GLIWICE - Portal Gliwice | codziennie nowe informacje\",\"isPartOf\":{\"@id\":\"https:\\\/\\\/www.24gliwice.pl\\\/wiadomosci\\\/#website\"},\"primaryImageOfPage\":{\"@id\":\"https:\\\/\\\/www.24gliwice.pl\\\/wiadomosci\\\/oferta-remondisu-na-wywoz-smieci-odrzucona-urzad-zapowiada-analize-gospodarki-odpadami\\\/#primaryimage\"},\"image\":{\"@id\":\"https:\\\/\\\/www.24gliwice.pl\\\/wiadomosci\\\/oferta-remondisu-na-wywoz-smieci-odrzucona-urzad-zapowiada-analize-gospodarki-odpadami\\\/#primaryimage\"},\"thumbnailUrl\":\"https:\\\/\\\/www.24gliwice.pl\\\/wiadomosci\\\/wp-content\\\/uploads\\\/2019\\\/06\\\/1-smieci-odpady-remondis.jpg\",\"datePublished\":\"2019-11-26T12:28:17+00:00\",\"dateModified\":\"2019-11-26T15:27:23+00:00\",\"breadcrumb\":{\"@id\":\"https:\\\/\\\/www.24gliwice.pl\\\/wiadomosci\\\/oferta-remondisu-na-wywoz-smieci-odrzucona-urzad-zapowiada-analize-gospodarki-odpadami\\\/#breadcrumb\"},\"inLanguage\":\"pl-PL\",\"potentialAction\":[{\"@type\":\"ReadAction\",\"target\":[\"https:\\\/\\\/www.24gliwice.pl\\\/wiadomosci\\\/oferta-remondisu-na-wywoz-smieci-odrzucona-urzad-zapowiada-analize-gospodarki-odpadami\\\/\"]}]},{\"@type\":\"ImageObject\",\"inLanguage\":\"pl-PL\",\"@id\":\"https:\\\/\\\/www.24gliwice.pl\\\/wiadomosci\\\/oferta-remondisu-na-wywoz-smieci-odrzucona-urzad-zapowiada-analize-gospodarki-odpadami\\\/#primaryimage\",\"url\":\"https:\\\/\\\/www.24gliwice.pl\\\/wiadomosci\\\/wp-content\\\/uploads\\\/2019\\\/06\\\/1-smieci-odpady-remondis.jpg\",\"contentUrl\":\"https:\\\/\\\/www.24gliwice.pl\\\/wiadomosci\\\/wp-content\\\/uploads\\\/2019\\\/06\\\/1-smieci-odpady-remondis.jpg\",\"width\":810,\"height\":456},{\"@type\":\"BreadcrumbList\",\"@id\":\"https:\\\/\\\/www.24gliwice.pl\\\/wiadomosci\\\/oferta-remondisu-na-wywoz-smieci-odrzucona-urzad-zapowiada-analize-gospodarki-odpadami\\\/#breadcrumb\",\"itemListElement\":[{\"@type\":\"ListItem\",\"position\":1,\"name\":\"Strona g\u0142\u00f3wna\",\"item\":\"https:\\\/\\\/www.24gliwice.pl\\\/wiadomosci\\\/\"},{\"@type\":\"ListItem\",\"position\":2,\"name\":\"Oferta Remondisu na wyw\u00f3z \u015bmieci odrzucona. Urz\u0105d zapowiada &#8222;analiz\u0119 gospodarki odpadami&#8221; (TV)\"}]},{\"@type\":\"WebSite\",\"@id\":\"https:\\\/\\\/www.24gliwice.pl\\\/wiadomosci\\\/#website\",\"url\":\"https:\\\/\\\/www.24gliwice.pl\\\/wiadomosci\\\/\",\"name\":\"24GLIWICE - Portal Gliwice | codziennie nowe wiadomo\u015bci\",\"description\":\"Portal Miejski Gliwice\",\"publisher\":{\"@id\":\"https:\\\/\\\/www.24gliwice.pl\\\/wiadomosci\\\/#organization\"},\"potentialAction\":[{\"@type\":\"SearchAction\",\"target\":{\"@type\":\"EntryPoint\",\"urlTemplate\":\"https:\\\/\\\/www.24gliwice.pl\\\/wiadomosci\\\/?s={search_term_string}\"},\"query-input\":{\"@type\":\"PropertyValueSpecification\",\"valueRequired\":true,\"valueName\":\"search_term_string\"}}],\"inLanguage\":\"pl-PL\"},{\"@type\":\"Organization\",\"@id\":\"https:\\\/\\\/www.24gliwice.pl\\\/wiadomosci\\\/#organization\",\"name\":\"24gliwice\",\"url\":\"https:\\\/\\\/www.24gliwice.pl\\\/wiadomosci\\\/\",\"logo\":{\"@type\":\"ImageObject\",\"inLanguage\":\"pl-PL\",\"@id\":\"https:\\\/\\\/www.24gliwice.pl\\\/wiadomosci\\\/#\\\/schema\\\/logo\\\/image\\\/\",\"url\":\"https:\\\/\\\/www.24gliwice.pl\\\/wiadomosci\\\/wp-content\\\/uploads\\\/2024\\\/10\\\/24gliwice-logo-696.jpg\",\"contentUrl\":\"https:\\\/\\\/www.24gliwice.pl\\\/wiadomosci\\\/wp-content\\\/uploads\\\/2024\\\/10\\\/24gliwice-logo-696.jpg\",\"width\":696,\"height\":696,\"caption\":\"24gliwice\"},\"image\":{\"@id\":\"https:\\\/\\\/www.24gliwice.pl\\\/wiadomosci\\\/#\\\/schema\\\/logo\\\/image\\\/\"},\"sameAs\":[\"https:\\\/\\\/www.facebook.com\\\/24gliwice\",\"https:\\\/\\\/x.com\\\/24gliwice\",\"https:\\\/\\\/www.youtube.com\\\/@24gliwice\"]},{\"@type\":\"Person\",\"@id\":\"https:\\\/\\\/www.24gliwice.pl\\\/wiadomosci\\\/#\\\/schema\\\/person\\\/940e8f8a097e322de4f463f061ef8d45\",\"name\":\"Micha\u0142 Szewczyk\",\"image\":{\"@type\":\"ImageObject\",\"inLanguage\":\"pl-PL\",\"@id\":\"https:\\\/\\\/secure.gravatar.com\\\/avatar\\\/771b8b6c74cd8d255e46392d605e01a86133900ef09b6ef3c8d451c9d92288cf?s=96&d=mm&r=g\",\"url\":\"https:\\\/\\\/secure.gravatar.com\\\/avatar\\\/771b8b6c74cd8d255e46392d605e01a86133900ef09b6ef3c8d451c9d92288cf?s=96&d=mm&r=g\",\"contentUrl\":\"https:\\\/\\\/secure.gravatar.com\\\/avatar\\\/771b8b6c74cd8d255e46392d605e01a86133900ef09b6ef3c8d451c9d92288cf?s=96&d=mm&r=g\",\"caption\":\"Micha\u0142 Szewczyk\"},\"sameAs\":[\"http:\\\/\\\/www.gazeta-miejska.pl\"],\"url\":\"https:\\\/\\\/www.24gliwice.pl\\\/wiadomosci\\\/author\\\/michal-szewczyk\\\/\"}]}<\/script>\n<!-- \/ Yoast SEO plugin. -->","yoast_head_json":{"title":"Oferta Remondisu na wyw\u00f3z \u015bmieci odrzucona. Urz\u0105d zapowiada \"analiz\u0119 gospodarki odpadami\" (TV) - 24GLIWICE - Portal Gliwice | codziennie nowe informacje","robots":{"index":"index","follow":"follow","max-snippet":"max-snippet:-1","max-image-preview":"max-image-preview:large","max-video-preview":"max-video-preview:-1"},"canonical":"https:\/\/www.24gliwice.pl\/wiadomosci\/oferta-remondisu-na-wywoz-smieci-odrzucona-urzad-zapowiada-analize-gospodarki-odpadami\/","og_locale":"pl_PL","og_type":"article","og_title":"Oferta Remondisu na wyw\u00f3z \u015bmieci odrzucona. Urz\u0105d zapowiada \"analiz\u0119 gospodarki odpadami\" (TV) - 24GLIWICE - Portal Gliwice | codziennie nowe informacje","og_description":"Urz\u0119dnicy uniewa\u017cnili przetarg na wyw\u00f3z \u015bmieci na terenie miasta w latach 2020-2021. Jedyna oferta &#8211; z\u0142o\u017cona przez Remondis Gliwice &#8211; opiewa\u0142a na blisko 84 mln z\u0142otych. To o 25 mln z\u0142otych wi\u0119cej ni\u017c planowa\u0142 na ten cel przeznaczy\u0107 magistrat. Przyj\u0119cie oferty z\u0142o\u017conej przez Remondis oznacza\u0142oby znacz\u0105c\u0105 podwy\u017ck\u0119 op\u0142at za wyw\u00f3z odpad\u00f3w komunalnych. Obecnie roczna kwota [&hellip;]","og_url":"https:\/\/www.24gliwice.pl\/wiadomosci\/oferta-remondisu-na-wywoz-smieci-odrzucona-urzad-zapowiada-analize-gospodarki-odpadami\/","og_site_name":"24GLIWICE - Portal Gliwice | codziennie nowe informacje","article_publisher":"https:\/\/www.facebook.com\/24gliwice","article_published_time":"2019-11-26T12:28:17+00:00","article_modified_time":"2019-11-26T15:27:23+00:00","og_image":[{"width":810,"height":456,"url":"https:\/\/www.24gliwice.pl\/wiadomosci\/wp-content\/uploads\/2019\/06\/1-smieci-odpady-remondis.jpg","type":"image\/jpeg"}],"author":"Micha\u0142 Szewczyk","twitter_card":"summary_large_image","twitter_creator":"@24gliwice","twitter_site":"@24gliwice","twitter_misc":{"Napisane przez":"Micha\u0142 Szewczyk","Szacowany czas czytania":"3 minuty"},"schema":{"@context":"https:\/\/schema.org","@graph":[{"@type":"Article","@id":"https:\/\/www.24gliwice.pl\/wiadomosci\/oferta-remondisu-na-wywoz-smieci-odrzucona-urzad-zapowiada-analize-gospodarki-odpadami\/#article","isPartOf":{"@id":"https:\/\/www.24gliwice.pl\/wiadomosci\/oferta-remondisu-na-wywoz-smieci-odrzucona-urzad-zapowiada-analize-gospodarki-odpadami\/"},"author":{"name":"Micha\u0142 Szewczyk","@id":"https:\/\/www.24gliwice.pl\/wiadomosci\/#\/schema\/person\/940e8f8a097e322de4f463f061ef8d45"},"headline":"Oferta Remondisu na wyw\u00f3z \u015bmieci odrzucona. Urz\u0105d zapowiada &#8220;analiz\u0119 gospodarki odpadami&#8221; (TV)","datePublished":"2019-11-26T12:28:17+00:00","dateModified":"2019-11-26T15:27:23+00:00","mainEntityOfPage":{"@id":"https:\/\/www.24gliwice.pl\/wiadomosci\/oferta-remondisu-na-wywoz-smieci-odrzucona-urzad-zapowiada-analize-gospodarki-odpadami\/"},"wordCount":651,"commentCount":0,"publisher":{"@id":"https:\/\/www.24gliwice.pl\/wiadomosci\/#organization"},"image":{"@id":"https:\/\/www.24gliwice.pl\/wiadomosci\/oferta-remondisu-na-wywoz-smieci-odrzucona-urzad-zapowiada-analize-gospodarki-odpadami\/#primaryimage"},"thumbnailUrl":"https:\/\/www.24gliwice.pl\/wiadomosci\/wp-content\/uploads\/2019\/06\/1-smieci-odpady-remondis.jpg","keywords":["JANUSZ MOSZY\u0143SKI","ODPADY","REMONDIS","\u015aMIECI"],"articleSection":["Gliwice","Najnowsze wiadomo\u015bci","Portal Gliwice - Wiadomo\u015bci lokalne","Samorz\u0105d, polityka","Telewizja, materia\u0142y wideo"],"inLanguage":"pl-PL","potentialAction":[{"@type":"CommentAction","name":"Comment","target":["https:\/\/www.24gliwice.pl\/wiadomosci\/oferta-remondisu-na-wywoz-smieci-odrzucona-urzad-zapowiada-analize-gospodarki-odpadami\/#respond"]}]},{"@type":"WebPage","@id":"https:\/\/www.24gliwice.pl\/wiadomosci\/oferta-remondisu-na-wywoz-smieci-odrzucona-urzad-zapowiada-analize-gospodarki-odpadami\/","url":"https:\/\/www.24gliwice.pl\/wiadomosci\/oferta-remondisu-na-wywoz-smieci-odrzucona-urzad-zapowiada-analize-gospodarki-odpadami\/","name":"Oferta Remondisu na wyw\u00f3z \u015bmieci odrzucona. Urz\u0105d zapowiada \"analiz\u0119 gospodarki odpadami\" (TV) - 24GLIWICE - Portal Gliwice | codziennie nowe informacje","isPartOf":{"@id":"https:\/\/www.24gliwice.pl\/wiadomosci\/#website"},"primaryImageOfPage":{"@id":"https:\/\/www.24gliwice.pl\/wiadomosci\/oferta-remondisu-na-wywoz-smieci-odrzucona-urzad-zapowiada-analize-gospodarki-odpadami\/#primaryimage"},"image":{"@id":"https:\/\/www.24gliwice.pl\/wiadomosci\/oferta-remondisu-na-wywoz-smieci-odrzucona-urzad-zapowiada-analize-gospodarki-odpadami\/#primaryimage"},"thumbnailUrl":"https:\/\/www.24gliwice.pl\/wiadomosci\/wp-content\/uploads\/2019\/06\/1-smieci-odpady-remondis.jpg","datePublished":"2019-11-26T12:28:17+00:00","dateModified":"2019-11-26T15:27:23+00:00","breadcrumb":{"@id":"https:\/\/www.24gliwice.pl\/wiadomosci\/oferta-remondisu-na-wywoz-smieci-odrzucona-urzad-zapowiada-analize-gospodarki-odpadami\/#breadcrumb"},"inLanguage":"pl-PL","potentialAction":[{"@type":"ReadAction","target":["https:\/\/www.24gliwice.pl\/wiadomosci\/oferta-remondisu-na-wywoz-smieci-odrzucona-urzad-zapowiada-analize-gospodarki-odpadami\/"]}]},{"@type":"ImageObject","inLanguage":"pl-PL","@id":"https:\/\/www.24gliwice.pl\/wiadomosci\/oferta-remondisu-na-wywoz-smieci-odrzucona-urzad-zapowiada-analize-gospodarki-odpadami\/#primaryimage","url":"https:\/\/www.24gliwice.pl\/wiadomosci\/wp-content\/uploads\/2019\/06\/1-smieci-odpady-remondis.jpg","contentUrl":"https:\/\/www.24gliwice.pl\/wiadomosci\/wp-content\/uploads\/2019\/06\/1-smieci-odpady-remondis.jpg","width":810,"height":456},{"@type":"BreadcrumbList","@id":"https:\/\/www.24gliwice.pl\/wiadomosci\/oferta-remondisu-na-wywoz-smieci-odrzucona-urzad-zapowiada-analize-gospodarki-odpadami\/#breadcrumb","itemListElement":[{"@type":"ListItem","position":1,"name":"Strona g\u0142\u00f3wna","item":"https:\/\/www.24gliwice.pl\/wiadomosci\/"},{"@type":"ListItem","position":2,"name":"Oferta Remondisu na wyw\u00f3z \u015bmieci odrzucona. Urz\u0105d zapowiada &#8222;analiz\u0119 gospodarki odpadami&#8221; (TV)"}]},{"@type":"WebSite","@id":"https:\/\/www.24gliwice.pl\/wiadomosci\/#website","url":"https:\/\/www.24gliwice.pl\/wiadomosci\/","name":"24GLIWICE - Portal Gliwice | codziennie nowe wiadomo\u015bci","description":"Portal Miejski Gliwice","publisher":{"@id":"https:\/\/www.24gliwice.pl\/wiadomosci\/#organization"},"potentialAction":[{"@type":"SearchAction","target":{"@type":"EntryPoint","urlTemplate":"https:\/\/www.24gliwice.pl\/wiadomosci\/?s={search_term_string}"},"query-input":{"@type":"PropertyValueSpecification","valueRequired":true,"valueName":"search_term_string"}}],"inLanguage":"pl-PL"},{"@type":"Organization","@id":"https:\/\/www.24gliwice.pl\/wiadomosci\/#organization","name":"24gliwice","url":"https:\/\/www.24gliwice.pl\/wiadomosci\/","logo":{"@type":"ImageObject","inLanguage":"pl-PL","@id":"https:\/\/www.24gliwice.pl\/wiadomosci\/#\/schema\/logo\/image\/","url":"https:\/\/www.24gliwice.pl\/wiadomosci\/wp-content\/uploads\/2024\/10\/24gliwice-logo-696.jpg","contentUrl":"https:\/\/www.24gliwice.pl\/wiadomosci\/wp-content\/uploads\/2024\/10\/24gliwice-logo-696.jpg","width":696,"height":696,"caption":"24gliwice"},"image":{"@id":"https:\/\/www.24gliwice.pl\/wiadomosci\/#\/schema\/logo\/image\/"},"sameAs":["https:\/\/www.facebook.com\/24gliwice","https:\/\/x.com\/24gliwice","https:\/\/www.youtube.com\/@24gliwice"]},{"@type":"Person","@id":"https:\/\/www.24gliwice.pl\/wiadomosci\/#\/schema\/person\/940e8f8a097e322de4f463f061ef8d45","name":"Micha\u0142 Szewczyk","image":{"@type":"ImageObject","inLanguage":"pl-PL","@id":"https:\/\/secure.gravatar.com\/avatar\/771b8b6c74cd8d255e46392d605e01a86133900ef09b6ef3c8d451c9d92288cf?s=96&d=mm&r=g","url":"https:\/\/secure.gravatar.com\/avatar\/771b8b6c74cd8d255e46392d605e01a86133900ef09b6ef3c8d451c9d92288cf?s=96&d=mm&r=g","contentUrl":"https:\/\/secure.gravatar.com\/avatar\/771b8b6c74cd8d255e46392d605e01a86133900ef09b6ef3c8d451c9d92288cf?s=96&d=mm&r=g","caption":"Micha\u0142 Szewczyk"},"sameAs":["http:\/\/www.gazeta-miejska.pl"],"url":"https:\/\/www.24gliwice.pl\/wiadomosci\/author\/michal-szewczyk\/"}]}},"_links":{"self":[{"href":"https:\/\/www.24gliwice.pl\/wiadomosci\/wp-json\/wp\/v2\/posts\/143918","targetHints":{"allow":["GET"]}}],"collection":[{"href":"https:\/\/www.24gliwice.pl\/wiadomosci\/wp-json\/wp\/v2\/posts"}],"about":[{"href":"https:\/\/www.24gliwice.pl\/wiadomosci\/wp-json\/wp\/v2\/types\/post"}],"author":[{"embeddable":true,"href":"https:\/\/www.24gliwice.pl\/wiadomosci\/wp-json\/wp\/v2\/users\/12"}],"replies":[{"embeddable":true,"href":"https:\/\/www.24gliwice.pl\/wiadomosci\/wp-json\/wp\/v2\/comments?post=143918"}],"version-history":[{"count":0,"href":"https:\/\/www.24gliwice.pl\/wiadomosci\/wp-json\/wp\/v2\/posts\/143918\/revisions"}],"wp:featuredmedia":[{"embeddable":true,"href":"https:\/\/www.24gliwice.pl\/wiadomosci\/wp-json\/wp\/v2\/media\/137075"}],"wp:attachment":[{"href":"https:\/\/www.24gliwice.pl\/wiadomosci\/wp-json\/wp\/v2\/media?parent=143918"}],"wp:term":[{"taxonomy":"category","embeddable":true,"href":"https:\/\/www.24gliwice.pl\/wiadomosci\/wp-json\/wp\/v2\/categories?post=143918"},{"taxonomy":"post_tag","embeddable":true,"href":"https:\/\/www.24gliwice.pl\/wiadomosci\/wp-json\/wp\/v2\/tags?post=143918"}],"curies":[{"name":"wp","href":"https:\/\/api.w.org\/{rel}","templated":true}]}}