{"id":144105,"date":"2019-11-28T22:38:54","date_gmt":"2019-11-28T21:38:54","guid":{"rendered":"https:\/\/www.24gliwice.pl\/wiadomosci\/?p=144105"},"modified":"2024-02-18T03:09:35","modified_gmt":"2024-02-18T02:09:35","slug":"niepozorne-drzewko-bohaterem-dnia-i-kampanii-wyborczej-oto-mlody-buk-karl","status":"publish","type":"post","link":"https:\/\/www.24gliwice.pl\/wiadomosci\/niepozorne-drzewko-bohaterem-dnia-i-kampanii-wyborczej-oto-mlody-buk-karl\/","title":{"rendered":"Niepozorne drzewko bohaterem dnia i&#8230; kampanii wyborczej. Oto m\u0142ody buk &#8220;Karl&#8221;"},"content":{"rendered":"<div class=\"gliwi-a6-nad-leadem-artykulow gliwi-entity-placement\" id=\"gliwi-518827562\"><div class=\"gliwi-adlabel\"><span style=\"font-size: 9px\">REKLAMA<\/span><\/div><div id=\"gliwi-1139841263\" style=\"margin-bottom: 25px;margin-left: auto;margin-right: auto;text-align: center;\"><a data-no-instant=\"1\" href=\"https:\/\/dom100.eu\/\" rel=\"noopener\" class=\"a2t-link\" target=\"_blank\" aria-label=\"20260415 DOM100 D\"><img loading=\"lazy\" decoding=\"async\" src=\"https:\/\/www.24gliwice.pl\/wiadomosci\/wp-content\/uploads\/2026\/04\/20260415-DOM100-D.jpg\" alt=\"\"  srcset=\"https:\/\/www.24gliwice.pl\/wiadomosci\/wp-content\/uploads\/2026\/04\/20260415-DOM100-D.jpg 750w, https:\/\/www.24gliwice.pl\/wiadomosci\/wp-content\/uploads\/2026\/04\/20260415-DOM100-D-410x109.jpg 410w\" sizes=\"(max-width: 750px) 100vw, 750px\" class=\"no-lazyload\" width=\"750\" height=\"200\"  style=\"display: inline-block; max-width: 100%; height: auto;\" \/><\/a><\/div><\/div><h3>Ma nieca\u0142e 2 metry wysoko\u015bci, wygl\u0105da do\u015b\u0107 niepozornie, jednak za spraw\u0105 akcji spo\u0142ecznik\u00f3w z grupy &#8220;Gliwice dla Schabika&#8221;, sta\u0142 si\u0119 bohaterem dnia, przyci\u0105gn\u0105\u0142 te\u017c uwag\u0119 trzech g\u0142\u00f3wnych kandydat\u00f3w na prezydenta Gliwic. Poznajcie Karla.<\/h3>\n<p>M\u0142ody buk, bo o nim mowa, posadzono w czwartek na skwerze przy alejce nad K\u0142odnic\u0105, w rejonie placu Pi\u0142sudskiego. Wszystko po to, \u017ceby upami\u0119tni\u0107 137. rocznic\u0119 urodzin <strong>Karla Schabika<\/strong>, wizjonera, wybitnego radcy budowlanego, kt\u00f3ry jak ma\u0142o kto w historii, mia\u0142 wp\u0142yw na obecny kszta\u0142t Gliwic. Mimo bezdyskusyjnych zas\u0142ug dla miasta, Schabik do dzisiaj nie doczeka\u0142 si\u0119 nawet nazwy ulicy swojego imienia.<\/p>\n<p>Czy to si\u0119 zmieni? Raczej tak. Nag\u0142a\u015bniana przez media (g\u0142\u00f3wnie Nowiny Gliwickie i 24gliwice) akcja spo\u0142ecznik\u00f3w z grupy Gliwice dla Schabika przyci\u0105gn\u0119\u0142a do sadzenia buka a\u017c trzech kandydat\u00f3w na prezydenta Gliwic. Za \u0142opaty zgodnie chwycili <strong>Adam Neumann<\/strong> razem z <strong>Kajetanem Gornigiem<\/strong>. Nie zawi\u00f3d\u0142 r\u00f3wnie\u017c <strong>Janusz Moszy\u0144ski<\/strong>, kt\u00f3ry, lekko sp\u00f3\u017aniony, zd\u0105\u017cy\u0142 wyr\u00f3wna\u0107 \u015bwie\u017co rozsypan\u0105 przy Karlu ziemi\u0119. Wszystko w \u015bwietle obiektyw\u00f3w. Nad g\u0142owami zebranych lata\u0142 dron, filmuj\u0105cy zdarzenie dla jednego z kandydat\u00f3w, w mediach spo\u0142eczno\u015bciowych zaroi\u0142o si\u0119 od licznych relacji.<\/p><div class=\"gliwi-a3-w-tresci-artykulow gliwi-entity-placement\" id=\"gliwi-3453141497\"><div class=\"gliwi-adlabel\"><span style=\"font-size: 9px\">REKLAMA<\/span><\/div><div id=\"gliwi-801118493\" style=\"margin-bottom: 30px;margin-left: auto;margin-right: auto;text-align: center;\"><a data-no-instant=\"1\" href=\"https:\/\/ogrodyandersa.pl\/\" rel=\"noopener\" class=\"a2t-link\" target=\"_blank\" aria-label=\"20260415 Ogrody Andersa KUP TERAZ D\"><img loading=\"lazy\" decoding=\"async\" src=\"https:\/\/www.24gliwice.pl\/wiadomosci\/wp-content\/uploads\/2026\/04\/20260415-Ogrody-Andersa-KUP-TERAZ-D.jpg\" alt=\"\"  srcset=\"https:\/\/www.24gliwice.pl\/wiadomosci\/wp-content\/uploads\/2026\/04\/20260415-Ogrody-Andersa-KUP-TERAZ-D.jpg 750w, https:\/\/www.24gliwice.pl\/wiadomosci\/wp-content\/uploads\/2026\/04\/20260415-Ogrody-Andersa-KUP-TERAZ-D-410x109.jpg 410w\" sizes=\"(max-width: 750px) 100vw, 750px\" class=\"no-lazyload\" width=\"750\" height=\"200\"  style=\"display: inline-block; max-width: 100%; height: auto;\" \/><\/a><\/div><\/div>\n<h3>I bardzo dobrze.<\/h3>\n<p>Chocia\u017c nag\u0142y zapa\u0142 kandydat\u00f3w mo\u017ce si\u0119 wyda\u0107 tylko efektem przedwyborczej gor\u0105czki, ma szans\u0119 przynie\u015b\u0107 jedn\u0105 istotn\u0105 korzy\u015b\u0107. W ko\u0144cu co\u015b drgnie w sprawie upami\u0119tnienia Karla Schabika. Prawie na pewno jeden z trzech kandydat\u00f3w obecnych dzisiaj na skwerze, w styczniu obejmie urz\u0105d prezydenta. <strong>Uczestnictwo w akcie sadzenia buka mo\u017cna uzna\u0107 za deklaracj\u0119 \u015bwiadomo\u015bci historycznego znaczenia wybitnego gliwiczanina, jakim by\u0142 Schabik.<\/strong> Pewnie szybko doczekamy si\u0119 nazwania jego imieniem skweru, bulwar\u00f3w czy ulicy. <\/p>\n<p>(mf)<\/p>\n<p><iframe loading=\"lazy\" width=\"810\" height=\"456\" src=\"https:\/\/www.youtube.com\/embed\/0xLxUWUNkrU\" frameborder=\"0\" allow=\"accelerometer; autoplay; encrypted-media; gyroscope; picture-in-picture\" allowfullscreen><\/iframe><\/p>\n<p><strong>Drzewo nazwane \u201eKarl\u201d zosta\u0142o podarowane przez Miejski Zarz\u0105d Us\u0142ug Komunalnych.<\/strong> Zasadzone je w \u015br\u00f3dmie\u015bciu, szczeg\u00f3lnie wa\u017cnym dla <strong>Karla Schabika<\/strong>. Jako kieruj\u0105cy ca\u0142o\u015bci\u0105 spraw budowlanych przedwojennych Gliwic (od 1921 roku przej\u0105\u0142 on tak\u017ce sprawy budownictwa podziemnego), Schabik mia\u0142 bezpo\u015bredni wp\u0142yw na powstawanie wielu projekt\u00f3w, tak urbanistycznych (ca\u0142ych fragment\u00f3w miasta), jak i pojedynczych budynk\u00f3w. Sam zaprojektowa\u0142 liceum im. Josepha von Eichendorff (Eichendorff Oberlyzeum) oraz Cmentarz Centralny przy wsp\u00f3\u0142pracy architekta ogrod\u00f3w Riedela.<br \/>\nW\u015br\u00f3d wielu za\u0142o\u017ce\u0144 urbanistycznych, powsta\u0142ych dzi\u0119ki Schabikowi, trzeba przede wszystkim wymieni\u0107 o\u015b widokow\u0105 na reprezentacyjn\u0105 zabudow\u0119 nowego centrum, wiod\u0105c\u0105 z pl. Krakowskiego ulicami Marcina Strzody i Stefana Wyszy\u0144skiego do pl. Pi\u0142sudskiego (tzw. o\u015b Schabika) oraz wytyczenie ulicy Styczy\u0144skiego jako osi widokowej na ko\u015bci\u00f3\u0142 w Szobiszowicach. (MSI)<\/p>\n<div class=\"gliwi-a5-na-koncu-artykulow gliwi-entity-placement\" id=\"gliwi-3541610585\"><div class=\"gliwi-adlabel\"><span style=\"font-size: 9px\">REKLAMA<\/span><\/div><div id=\"gliwi-1708553108\" style=\"margin-left: auto;margin-right: auto;text-align: center;\"><a data-no-instant=\"1\" href=\"https:\/\/prezeroarenagliwice.pl\/\" rel=\"noopener\" class=\"a2t-link\" target=\"_blank\" aria-label=\"20260309-PREZERO-WIOSNA-D\"><img loading=\"lazy\" decoding=\"async\" src=\"https:\/\/www.24gliwice.pl\/wiadomosci\/wp-content\/uploads\/2026\/03\/20260309-PREZERO-WIOSNA-D.webp\" alt=\"\"  srcset=\"https:\/\/www.24gliwice.pl\/wiadomosci\/wp-content\/uploads\/2026\/03\/20260309-PREZERO-WIOSNA-D.webp 750w, https:\/\/www.24gliwice.pl\/wiadomosci\/wp-content\/uploads\/2026\/03\/20260309-PREZERO-WIOSNA-D-410x109.webp 410w\" sizes=\"(max-width: 750px) 100vw, 750px\" class=\"no-lazyload\" width=\"750\" height=\"200\"  style=\"display: inline-block; max-width: 100%; height: auto;\" \/><\/a><\/div><\/div>","protected":false},"excerpt":{"rendered":"<p>Ma nieca\u0142e 2 metry wysoko\u015bci, wygl\u0105da do\u015b\u0107 niepozornie, jednak za spraw\u0105 akcji spo\u0142ecznik\u00f3w z grupy &#8220;Gliwice dla Schabika&#8221;, sta\u0142 si\u0119 bohaterem dnia, przyci\u0105gn\u0105\u0142 te\u017c uwag\u0119 trzech g\u0142\u00f3wnych kandydat\u00f3w na prezydenta Gliwic. Poznajcie Karla. M\u0142ody buk, bo o nim mowa, posadzono w czwartek na skwerze przy alejce nad K\u0142odnic\u0105, w rejonie placu Pi\u0142sudskiego. Wszystko po to, [&hellip;]<\/p>\n","protected":false},"author":4,"featured_media":144121,"comment_status":"open","ping_status":"closed","sticky":false,"template":"","format":"standard","meta":{"_monsterinsights_skip_tracking":false,"_monsterinsights_sitenote_active":false,"_monsterinsights_sitenote_note":"","_monsterinsights_sitenote_category":0,"footnotes":"","_links_to":"","_links_to_target":""},"categories":[3,1,9,8],"tags":[9869,16922,12176,4966,15915,7617],"class_list":["post-144105","post","type-post","status-publish","format-standard","has-post-thumbnail","hentry","category-gliwice","category-wszystko","category-aktualnosci_lokalne","category-samorzad_polityka","tag-gornig","tag-moszynski","tag-neumann","tag-plac-pilsudskiego","tag-schabik","tag-wybrzeze-wojska-polskiego"],"yoast_head":"<!-- This site is optimized with the Yoast SEO plugin v27.5 - https:\/\/yoast.com\/product\/yoast-seo-wordpress\/ -->\n<title>Niepozorne drzewko bohaterem dnia i... kampanii wyborczej. Oto m\u0142ody buk &quot;Karl&quot; - 24GLIWICE - Portal Gliwice | codziennie nowe informacje<\/title>\n<meta name=\"robots\" content=\"index, follow, max-snippet:-1, max-image-preview:large, max-video-preview:-1\" \/>\n<link rel=\"canonical\" href=\"https:\/\/www.24gliwice.pl\/wiadomosci\/niepozorne-drzewko-bohaterem-dnia-i-kampanii-wyborczej-oto-mlody-buk-karl\/\" \/>\n<meta property=\"og:locale\" content=\"pl_PL\" \/>\n<meta property=\"og:type\" content=\"article\" \/>\n<meta property=\"og:title\" content=\"Niepozorne drzewko bohaterem dnia i... kampanii wyborczej. Oto m\u0142ody buk &quot;Karl&quot; - 24GLIWICE - Portal Gliwice | codziennie nowe informacje\" \/>\n<meta property=\"og:description\" content=\"Ma nieca\u0142e 2 metry wysoko\u015bci, wygl\u0105da do\u015b\u0107 niepozornie, jednak za spraw\u0105 akcji spo\u0142ecznik\u00f3w z grupy &#8220;Gliwice dla Schabika&#8221;, sta\u0142 si\u0119 bohaterem dnia, przyci\u0105gn\u0105\u0142 te\u017c uwag\u0119 trzech g\u0142\u00f3wnych kandydat\u00f3w na prezydenta Gliwic. Poznajcie Karla. M\u0142ody buk, bo o nim mowa, posadzono w czwartek na skwerze przy alejce nad K\u0142odnic\u0105, w rejonie placu Pi\u0142sudskiego. Wszystko po to, [&hellip;]\" \/>\n<meta property=\"og:url\" content=\"https:\/\/www.24gliwice.pl\/wiadomosci\/niepozorne-drzewko-bohaterem-dnia-i-kampanii-wyborczej-oto-mlody-buk-karl\/\" \/>\n<meta property=\"og:site_name\" content=\"24GLIWICE - Portal Gliwice | codziennie nowe informacje\" \/>\n<meta property=\"article:publisher\" content=\"https:\/\/www.facebook.com\/24gliwice\" \/>\n<meta property=\"article:author\" content=\"https:\/\/www.facebook.com\/marcin.fabrykowski\" \/>\n<meta property=\"article:published_time\" content=\"2019-11-28T21:38:54+00:00\" \/>\n<meta property=\"article:modified_time\" content=\"2024-02-18T02:09:35+00:00\" \/>\n<meta property=\"og:image\" content=\"https:\/\/www.24gliwice.pl\/wiadomosci\/wp-content\/uploads\/2019\/11\/1-drzewo-sadzenie-schabik-1-001.jpg\" \/>\n\t<meta property=\"og:image:width\" content=\"810\" \/>\n\t<meta property=\"og:image:height\" content=\"456\" \/>\n\t<meta property=\"og:image:type\" content=\"image\/jpeg\" \/>\n<meta name=\"author\" content=\"Marcin Fabrykowski\" \/>\n<meta name=\"twitter:card\" content=\"summary_large_image\" \/>\n<meta name=\"twitter:creator\" content=\"@24gliwice\" \/>\n<meta name=\"twitter:site\" content=\"@24gliwice\" \/>\n<meta name=\"twitter:label1\" content=\"Napisane przez\" \/>\n\t<meta name=\"twitter:data1\" content=\"Marcin Fabrykowski\" \/>\n\t<meta name=\"twitter:label2\" content=\"Szacowany czas czytania\" \/>\n\t<meta name=\"twitter:data2\" content=\"2 minuty\" \/>\n<script type=\"application\/ld+json\" class=\"yoast-schema-graph\">{\"@context\":\"https:\\\/\\\/schema.org\",\"@graph\":[{\"@type\":\"Article\",\"@id\":\"https:\\\/\\\/www.24gliwice.pl\\\/wiadomosci\\\/niepozorne-drzewko-bohaterem-dnia-i-kampanii-wyborczej-oto-mlody-buk-karl\\\/#article\",\"isPartOf\":{\"@id\":\"https:\\\/\\\/www.24gliwice.pl\\\/wiadomosci\\\/niepozorne-drzewko-bohaterem-dnia-i-kampanii-wyborczej-oto-mlody-buk-karl\\\/\"},\"author\":{\"name\":\"Marcin Fabrykowski\",\"@id\":\"https:\\\/\\\/www.24gliwice.pl\\\/wiadomosci\\\/#\\\/schema\\\/person\\\/cb5857e4a4d048c15984c1edcc8ef0c0\"},\"headline\":\"Niepozorne drzewko bohaterem dnia i&#8230; kampanii wyborczej. Oto m\u0142ody buk &#8220;Karl&#8221;\",\"datePublished\":\"2019-11-28T21:38:54+00:00\",\"dateModified\":\"2024-02-18T02:09:35+00:00\",\"mainEntityOfPage\":{\"@id\":\"https:\\\/\\\/www.24gliwice.pl\\\/wiadomosci\\\/niepozorne-drzewko-bohaterem-dnia-i-kampanii-wyborczej-oto-mlody-buk-karl\\\/\"},\"wordCount\":452,\"commentCount\":0,\"publisher\":{\"@id\":\"https:\\\/\\\/www.24gliwice.pl\\\/wiadomosci\\\/#organization\"},\"image\":{\"@id\":\"https:\\\/\\\/www.24gliwice.pl\\\/wiadomosci\\\/niepozorne-drzewko-bohaterem-dnia-i-kampanii-wyborczej-oto-mlody-buk-karl\\\/#primaryimage\"},\"thumbnailUrl\":\"https:\\\/\\\/www.24gliwice.pl\\\/wiadomosci\\\/wp-content\\\/uploads\\\/2019\\\/11\\\/1-drzewo-sadzenie-schabik-1-001.jpg\",\"keywords\":[\"gornig\",\"moszy\u0144ski\",\"NEUMANN\",\"PLAC PI\u0141SUDSKIEGO\",\"schabik\",\"wybrze\u017ce wojska polskiego\"],\"articleSection\":[\"Gliwice\",\"Najnowsze wiadomo\u015bci\",\"Portal Gliwice - Wiadomo\u015bci lokalne\",\"Samorz\u0105d, polityka\"],\"inLanguage\":\"pl-PL\",\"potentialAction\":[{\"@type\":\"CommentAction\",\"name\":\"Comment\",\"target\":[\"https:\\\/\\\/www.24gliwice.pl\\\/wiadomosci\\\/niepozorne-drzewko-bohaterem-dnia-i-kampanii-wyborczej-oto-mlody-buk-karl\\\/#respond\"]}]},{\"@type\":\"WebPage\",\"@id\":\"https:\\\/\\\/www.24gliwice.pl\\\/wiadomosci\\\/niepozorne-drzewko-bohaterem-dnia-i-kampanii-wyborczej-oto-mlody-buk-karl\\\/\",\"url\":\"https:\\\/\\\/www.24gliwice.pl\\\/wiadomosci\\\/niepozorne-drzewko-bohaterem-dnia-i-kampanii-wyborczej-oto-mlody-buk-karl\\\/\",\"name\":\"Niepozorne drzewko bohaterem dnia i... kampanii wyborczej. Oto m\u0142ody buk \\\"Karl\\\" - 24GLIWICE - Portal Gliwice | codziennie nowe informacje\",\"isPartOf\":{\"@id\":\"https:\\\/\\\/www.24gliwice.pl\\\/wiadomosci\\\/#website\"},\"primaryImageOfPage\":{\"@id\":\"https:\\\/\\\/www.24gliwice.pl\\\/wiadomosci\\\/niepozorne-drzewko-bohaterem-dnia-i-kampanii-wyborczej-oto-mlody-buk-karl\\\/#primaryimage\"},\"image\":{\"@id\":\"https:\\\/\\\/www.24gliwice.pl\\\/wiadomosci\\\/niepozorne-drzewko-bohaterem-dnia-i-kampanii-wyborczej-oto-mlody-buk-karl\\\/#primaryimage\"},\"thumbnailUrl\":\"https:\\\/\\\/www.24gliwice.pl\\\/wiadomosci\\\/wp-content\\\/uploads\\\/2019\\\/11\\\/1-drzewo-sadzenie-schabik-1-001.jpg\",\"datePublished\":\"2019-11-28T21:38:54+00:00\",\"dateModified\":\"2024-02-18T02:09:35+00:00\",\"breadcrumb\":{\"@id\":\"https:\\\/\\\/www.24gliwice.pl\\\/wiadomosci\\\/niepozorne-drzewko-bohaterem-dnia-i-kampanii-wyborczej-oto-mlody-buk-karl\\\/#breadcrumb\"},\"inLanguage\":\"pl-PL\",\"potentialAction\":[{\"@type\":\"ReadAction\",\"target\":[\"https:\\\/\\\/www.24gliwice.pl\\\/wiadomosci\\\/niepozorne-drzewko-bohaterem-dnia-i-kampanii-wyborczej-oto-mlody-buk-karl\\\/\"]}]},{\"@type\":\"ImageObject\",\"inLanguage\":\"pl-PL\",\"@id\":\"https:\\\/\\\/www.24gliwice.pl\\\/wiadomosci\\\/niepozorne-drzewko-bohaterem-dnia-i-kampanii-wyborczej-oto-mlody-buk-karl\\\/#primaryimage\",\"url\":\"https:\\\/\\\/www.24gliwice.pl\\\/wiadomosci\\\/wp-content\\\/uploads\\\/2019\\\/11\\\/1-drzewo-sadzenie-schabik-1-001.jpg\",\"contentUrl\":\"https:\\\/\\\/www.24gliwice.pl\\\/wiadomosci\\\/wp-content\\\/uploads\\\/2019\\\/11\\\/1-drzewo-sadzenie-schabik-1-001.jpg\",\"width\":810,\"height\":456},{\"@type\":\"BreadcrumbList\",\"@id\":\"https:\\\/\\\/www.24gliwice.pl\\\/wiadomosci\\\/niepozorne-drzewko-bohaterem-dnia-i-kampanii-wyborczej-oto-mlody-buk-karl\\\/#breadcrumb\",\"itemListElement\":[{\"@type\":\"ListItem\",\"position\":1,\"name\":\"Strona g\u0142\u00f3wna\",\"item\":\"https:\\\/\\\/www.24gliwice.pl\\\/wiadomosci\\\/\"},{\"@type\":\"ListItem\",\"position\":2,\"name\":\"Niepozorne drzewko bohaterem dnia i&#8230; kampanii wyborczej. Oto m\u0142ody buk &#8222;Karl&#8221;\"}]},{\"@type\":\"WebSite\",\"@id\":\"https:\\\/\\\/www.24gliwice.pl\\\/wiadomosci\\\/#website\",\"url\":\"https:\\\/\\\/www.24gliwice.pl\\\/wiadomosci\\\/\",\"name\":\"24GLIWICE - Portal Gliwice | codziennie nowe wiadomo\u015bci\",\"description\":\"Portal Miejski Gliwice\",\"publisher\":{\"@id\":\"https:\\\/\\\/www.24gliwice.pl\\\/wiadomosci\\\/#organization\"},\"potentialAction\":[{\"@type\":\"SearchAction\",\"target\":{\"@type\":\"EntryPoint\",\"urlTemplate\":\"https:\\\/\\\/www.24gliwice.pl\\\/wiadomosci\\\/?s={search_term_string}\"},\"query-input\":{\"@type\":\"PropertyValueSpecification\",\"valueRequired\":true,\"valueName\":\"search_term_string\"}}],\"inLanguage\":\"pl-PL\"},{\"@type\":\"Organization\",\"@id\":\"https:\\\/\\\/www.24gliwice.pl\\\/wiadomosci\\\/#organization\",\"name\":\"24gliwice\",\"url\":\"https:\\\/\\\/www.24gliwice.pl\\\/wiadomosci\\\/\",\"logo\":{\"@type\":\"ImageObject\",\"inLanguage\":\"pl-PL\",\"@id\":\"https:\\\/\\\/www.24gliwice.pl\\\/wiadomosci\\\/#\\\/schema\\\/logo\\\/image\\\/\",\"url\":\"https:\\\/\\\/www.24gliwice.pl\\\/wiadomosci\\\/wp-content\\\/uploads\\\/2024\\\/10\\\/24gliwice-logo-696.jpg\",\"contentUrl\":\"https:\\\/\\\/www.24gliwice.pl\\\/wiadomosci\\\/wp-content\\\/uploads\\\/2024\\\/10\\\/24gliwice-logo-696.jpg\",\"width\":696,\"height\":696,\"caption\":\"24gliwice\"},\"image\":{\"@id\":\"https:\\\/\\\/www.24gliwice.pl\\\/wiadomosci\\\/#\\\/schema\\\/logo\\\/image\\\/\"},\"sameAs\":[\"https:\\\/\\\/www.facebook.com\\\/24gliwice\",\"https:\\\/\\\/x.com\\\/24gliwice\",\"https:\\\/\\\/www.youtube.com\\\/@24gliwice\"]},{\"@type\":\"Person\",\"@id\":\"https:\\\/\\\/www.24gliwice.pl\\\/wiadomosci\\\/#\\\/schema\\\/person\\\/cb5857e4a4d048c15984c1edcc8ef0c0\",\"name\":\"Marcin Fabrykowski\",\"image\":{\"@type\":\"ImageObject\",\"inLanguage\":\"pl-PL\",\"@id\":\"https:\\\/\\\/www.24gliwice.pl\\\/wiadomosci\\\/wp-content\\\/uploads\\\/2025\\\/11\\\/zdjecie-moje-marcin-300-96x96.jpg\",\"url\":\"https:\\\/\\\/www.24gliwice.pl\\\/wiadomosci\\\/wp-content\\\/uploads\\\/2025\\\/11\\\/zdjecie-moje-marcin-300-96x96.jpg\",\"contentUrl\":\"https:\\\/\\\/www.24gliwice.pl\\\/wiadomosci\\\/wp-content\\\/uploads\\\/2025\\\/11\\\/zdjecie-moje-marcin-300-96x96.jpg\",\"caption\":\"Marcin Fabrykowski\"},\"sameAs\":[\"http:\\\/\\\/24gliwice.pl\",\"https:\\\/\\\/www.facebook.com\\\/marcin.fabrykowski\"],\"url\":\"https:\\\/\\\/www.24gliwice.pl\\\/wiadomosci\\\/author\\\/marcin-fabrykowski\\\/\"}]}<\/script>\n<!-- \/ Yoast SEO plugin. -->","yoast_head_json":{"title":"Niepozorne drzewko bohaterem dnia i... kampanii wyborczej. Oto m\u0142ody buk \"Karl\" - 24GLIWICE - Portal Gliwice | codziennie nowe informacje","robots":{"index":"index","follow":"follow","max-snippet":"max-snippet:-1","max-image-preview":"max-image-preview:large","max-video-preview":"max-video-preview:-1"},"canonical":"https:\/\/www.24gliwice.pl\/wiadomosci\/niepozorne-drzewko-bohaterem-dnia-i-kampanii-wyborczej-oto-mlody-buk-karl\/","og_locale":"pl_PL","og_type":"article","og_title":"Niepozorne drzewko bohaterem dnia i... kampanii wyborczej. Oto m\u0142ody buk \"Karl\" - 24GLIWICE - Portal Gliwice | codziennie nowe informacje","og_description":"Ma nieca\u0142e 2 metry wysoko\u015bci, wygl\u0105da do\u015b\u0107 niepozornie, jednak za spraw\u0105 akcji spo\u0142ecznik\u00f3w z grupy &#8220;Gliwice dla Schabika&#8221;, sta\u0142 si\u0119 bohaterem dnia, przyci\u0105gn\u0105\u0142 te\u017c uwag\u0119 trzech g\u0142\u00f3wnych kandydat\u00f3w na prezydenta Gliwic. Poznajcie Karla. M\u0142ody buk, bo o nim mowa, posadzono w czwartek na skwerze przy alejce nad K\u0142odnic\u0105, w rejonie placu Pi\u0142sudskiego. Wszystko po to, [&hellip;]","og_url":"https:\/\/www.24gliwice.pl\/wiadomosci\/niepozorne-drzewko-bohaterem-dnia-i-kampanii-wyborczej-oto-mlody-buk-karl\/","og_site_name":"24GLIWICE - Portal Gliwice | codziennie nowe informacje","article_publisher":"https:\/\/www.facebook.com\/24gliwice","article_author":"https:\/\/www.facebook.com\/marcin.fabrykowski","article_published_time":"2019-11-28T21:38:54+00:00","article_modified_time":"2024-02-18T02:09:35+00:00","og_image":[{"width":810,"height":456,"url":"https:\/\/www.24gliwice.pl\/wiadomosci\/wp-content\/uploads\/2019\/11\/1-drzewo-sadzenie-schabik-1-001.jpg","type":"image\/jpeg"}],"author":"Marcin Fabrykowski","twitter_card":"summary_large_image","twitter_creator":"@24gliwice","twitter_site":"@24gliwice","twitter_misc":{"Napisane przez":"Marcin Fabrykowski","Szacowany czas czytania":"2 minuty"},"schema":{"@context":"https:\/\/schema.org","@graph":[{"@type":"Article","@id":"https:\/\/www.24gliwice.pl\/wiadomosci\/niepozorne-drzewko-bohaterem-dnia-i-kampanii-wyborczej-oto-mlody-buk-karl\/#article","isPartOf":{"@id":"https:\/\/www.24gliwice.pl\/wiadomosci\/niepozorne-drzewko-bohaterem-dnia-i-kampanii-wyborczej-oto-mlody-buk-karl\/"},"author":{"name":"Marcin Fabrykowski","@id":"https:\/\/www.24gliwice.pl\/wiadomosci\/#\/schema\/person\/cb5857e4a4d048c15984c1edcc8ef0c0"},"headline":"Niepozorne drzewko bohaterem dnia i&#8230; kampanii wyborczej. Oto m\u0142ody buk &#8220;Karl&#8221;","datePublished":"2019-11-28T21:38:54+00:00","dateModified":"2024-02-18T02:09:35+00:00","mainEntityOfPage":{"@id":"https:\/\/www.24gliwice.pl\/wiadomosci\/niepozorne-drzewko-bohaterem-dnia-i-kampanii-wyborczej-oto-mlody-buk-karl\/"},"wordCount":452,"commentCount":0,"publisher":{"@id":"https:\/\/www.24gliwice.pl\/wiadomosci\/#organization"},"image":{"@id":"https:\/\/www.24gliwice.pl\/wiadomosci\/niepozorne-drzewko-bohaterem-dnia-i-kampanii-wyborczej-oto-mlody-buk-karl\/#primaryimage"},"thumbnailUrl":"https:\/\/www.24gliwice.pl\/wiadomosci\/wp-content\/uploads\/2019\/11\/1-drzewo-sadzenie-schabik-1-001.jpg","keywords":["gornig","moszy\u0144ski","NEUMANN","PLAC PI\u0141SUDSKIEGO","schabik","wybrze\u017ce wojska polskiego"],"articleSection":["Gliwice","Najnowsze wiadomo\u015bci","Portal Gliwice - Wiadomo\u015bci lokalne","Samorz\u0105d, polityka"],"inLanguage":"pl-PL","potentialAction":[{"@type":"CommentAction","name":"Comment","target":["https:\/\/www.24gliwice.pl\/wiadomosci\/niepozorne-drzewko-bohaterem-dnia-i-kampanii-wyborczej-oto-mlody-buk-karl\/#respond"]}]},{"@type":"WebPage","@id":"https:\/\/www.24gliwice.pl\/wiadomosci\/niepozorne-drzewko-bohaterem-dnia-i-kampanii-wyborczej-oto-mlody-buk-karl\/","url":"https:\/\/www.24gliwice.pl\/wiadomosci\/niepozorne-drzewko-bohaterem-dnia-i-kampanii-wyborczej-oto-mlody-buk-karl\/","name":"Niepozorne drzewko bohaterem dnia i... kampanii wyborczej. Oto m\u0142ody buk \"Karl\" - 24GLIWICE - Portal Gliwice | codziennie nowe informacje","isPartOf":{"@id":"https:\/\/www.24gliwice.pl\/wiadomosci\/#website"},"primaryImageOfPage":{"@id":"https:\/\/www.24gliwice.pl\/wiadomosci\/niepozorne-drzewko-bohaterem-dnia-i-kampanii-wyborczej-oto-mlody-buk-karl\/#primaryimage"},"image":{"@id":"https:\/\/www.24gliwice.pl\/wiadomosci\/niepozorne-drzewko-bohaterem-dnia-i-kampanii-wyborczej-oto-mlody-buk-karl\/#primaryimage"},"thumbnailUrl":"https:\/\/www.24gliwice.pl\/wiadomosci\/wp-content\/uploads\/2019\/11\/1-drzewo-sadzenie-schabik-1-001.jpg","datePublished":"2019-11-28T21:38:54+00:00","dateModified":"2024-02-18T02:09:35+00:00","breadcrumb":{"@id":"https:\/\/www.24gliwice.pl\/wiadomosci\/niepozorne-drzewko-bohaterem-dnia-i-kampanii-wyborczej-oto-mlody-buk-karl\/#breadcrumb"},"inLanguage":"pl-PL","potentialAction":[{"@type":"ReadAction","target":["https:\/\/www.24gliwice.pl\/wiadomosci\/niepozorne-drzewko-bohaterem-dnia-i-kampanii-wyborczej-oto-mlody-buk-karl\/"]}]},{"@type":"ImageObject","inLanguage":"pl-PL","@id":"https:\/\/www.24gliwice.pl\/wiadomosci\/niepozorne-drzewko-bohaterem-dnia-i-kampanii-wyborczej-oto-mlody-buk-karl\/#primaryimage","url":"https:\/\/www.24gliwice.pl\/wiadomosci\/wp-content\/uploads\/2019\/11\/1-drzewo-sadzenie-schabik-1-001.jpg","contentUrl":"https:\/\/www.24gliwice.pl\/wiadomosci\/wp-content\/uploads\/2019\/11\/1-drzewo-sadzenie-schabik-1-001.jpg","width":810,"height":456},{"@type":"BreadcrumbList","@id":"https:\/\/www.24gliwice.pl\/wiadomosci\/niepozorne-drzewko-bohaterem-dnia-i-kampanii-wyborczej-oto-mlody-buk-karl\/#breadcrumb","itemListElement":[{"@type":"ListItem","position":1,"name":"Strona g\u0142\u00f3wna","item":"https:\/\/www.24gliwice.pl\/wiadomosci\/"},{"@type":"ListItem","position":2,"name":"Niepozorne drzewko bohaterem dnia i&#8230; kampanii wyborczej. Oto m\u0142ody buk &#8222;Karl&#8221;"}]},{"@type":"WebSite","@id":"https:\/\/www.24gliwice.pl\/wiadomosci\/#website","url":"https:\/\/www.24gliwice.pl\/wiadomosci\/","name":"24GLIWICE - Portal Gliwice | codziennie nowe wiadomo\u015bci","description":"Portal Miejski Gliwice","publisher":{"@id":"https:\/\/www.24gliwice.pl\/wiadomosci\/#organization"},"potentialAction":[{"@type":"SearchAction","target":{"@type":"EntryPoint","urlTemplate":"https:\/\/www.24gliwice.pl\/wiadomosci\/?s={search_term_string}"},"query-input":{"@type":"PropertyValueSpecification","valueRequired":true,"valueName":"search_term_string"}}],"inLanguage":"pl-PL"},{"@type":"Organization","@id":"https:\/\/www.24gliwice.pl\/wiadomosci\/#organization","name":"24gliwice","url":"https:\/\/www.24gliwice.pl\/wiadomosci\/","logo":{"@type":"ImageObject","inLanguage":"pl-PL","@id":"https:\/\/www.24gliwice.pl\/wiadomosci\/#\/schema\/logo\/image\/","url":"https:\/\/www.24gliwice.pl\/wiadomosci\/wp-content\/uploads\/2024\/10\/24gliwice-logo-696.jpg","contentUrl":"https:\/\/www.24gliwice.pl\/wiadomosci\/wp-content\/uploads\/2024\/10\/24gliwice-logo-696.jpg","width":696,"height":696,"caption":"24gliwice"},"image":{"@id":"https:\/\/www.24gliwice.pl\/wiadomosci\/#\/schema\/logo\/image\/"},"sameAs":["https:\/\/www.facebook.com\/24gliwice","https:\/\/x.com\/24gliwice","https:\/\/www.youtube.com\/@24gliwice"]},{"@type":"Person","@id":"https:\/\/www.24gliwice.pl\/wiadomosci\/#\/schema\/person\/cb5857e4a4d048c15984c1edcc8ef0c0","name":"Marcin Fabrykowski","image":{"@type":"ImageObject","inLanguage":"pl-PL","@id":"https:\/\/www.24gliwice.pl\/wiadomosci\/wp-content\/uploads\/2025\/11\/zdjecie-moje-marcin-300-96x96.jpg","url":"https:\/\/www.24gliwice.pl\/wiadomosci\/wp-content\/uploads\/2025\/11\/zdjecie-moje-marcin-300-96x96.jpg","contentUrl":"https:\/\/www.24gliwice.pl\/wiadomosci\/wp-content\/uploads\/2025\/11\/zdjecie-moje-marcin-300-96x96.jpg","caption":"Marcin Fabrykowski"},"sameAs":["http:\/\/24gliwice.pl","https:\/\/www.facebook.com\/marcin.fabrykowski"],"url":"https:\/\/www.24gliwice.pl\/wiadomosci\/author\/marcin-fabrykowski\/"}]}},"_links":{"self":[{"href":"https:\/\/www.24gliwice.pl\/wiadomosci\/wp-json\/wp\/v2\/posts\/144105","targetHints":{"allow":["GET"]}}],"collection":[{"href":"https:\/\/www.24gliwice.pl\/wiadomosci\/wp-json\/wp\/v2\/posts"}],"about":[{"href":"https:\/\/www.24gliwice.pl\/wiadomosci\/wp-json\/wp\/v2\/types\/post"}],"author":[{"embeddable":true,"href":"https:\/\/www.24gliwice.pl\/wiadomosci\/wp-json\/wp\/v2\/users\/4"}],"replies":[{"embeddable":true,"href":"https:\/\/www.24gliwice.pl\/wiadomosci\/wp-json\/wp\/v2\/comments?post=144105"}],"version-history":[{"count":0,"href":"https:\/\/www.24gliwice.pl\/wiadomosci\/wp-json\/wp\/v2\/posts\/144105\/revisions"}],"wp:featuredmedia":[{"embeddable":true,"href":"https:\/\/www.24gliwice.pl\/wiadomosci\/wp-json\/wp\/v2\/media\/144121"}],"wp:attachment":[{"href":"https:\/\/www.24gliwice.pl\/wiadomosci\/wp-json\/wp\/v2\/media?parent=144105"}],"wp:term":[{"taxonomy":"category","embeddable":true,"href":"https:\/\/www.24gliwice.pl\/wiadomosci\/wp-json\/wp\/v2\/categories?post=144105"},{"taxonomy":"post_tag","embeddable":true,"href":"https:\/\/www.24gliwice.pl\/wiadomosci\/wp-json\/wp\/v2\/tags?post=144105"}],"curies":[{"name":"wp","href":"https:\/\/api.w.org\/{rel}","templated":true}]}}