{"id":144135,"date":"2019-11-29T13:39:25","date_gmt":"2019-11-29T12:39:25","guid":{"rendered":"https:\/\/www.24gliwice.pl\/wiadomosci\/?p=144135"},"modified":"2019-11-29T20:31:00","modified_gmt":"2019-11-29T19:31:00","slug":"strajk-klimatyczny-pod-magistratem-janusz-moszynski-nie-mial-problemu-zeby-wyjsc-do-protestujacych-tv","status":"publish","type":"post","link":"https:\/\/www.24gliwice.pl\/wiadomosci\/strajk-klimatyczny-pod-magistratem-janusz-moszynski-nie-mial-problemu-zeby-wyjsc-do-protestujacych-tv\/","title":{"rendered":"Strajk Klimatyczny pod magistratem. Janusz Moszy\u0144ski nie mia\u0142 problemu, \u017ceby wyj\u015b\u0107 do protestuj\u0105cych (TV)"},"content":{"rendered":"<div class=\"gliwi-a6-nad-leadem-artykulow gliwi-entity-placement\" id=\"gliwi-2459028021\"><div class=\"gliwi-adlabel\"><span style=\"font-size: 9px\">REKLAMA<\/span><\/div><div id=\"gliwi-1060966505\" style=\"margin-bottom: 25px;margin-left: auto;margin-right: auto;text-align: center;\"><a data-no-instant=\"1\" href=\"https:\/\/dom100.eu\/\" rel=\"noopener\" class=\"a2t-link\" target=\"_blank\" aria-label=\"20260415 DOM100 D\"><img loading=\"lazy\" decoding=\"async\" src=\"https:\/\/www.24gliwice.pl\/wiadomosci\/wp-content\/uploads\/2026\/04\/20260415-DOM100-D.jpg\" alt=\"\"  srcset=\"https:\/\/www.24gliwice.pl\/wiadomosci\/wp-content\/uploads\/2026\/04\/20260415-DOM100-D.jpg 750w, https:\/\/www.24gliwice.pl\/wiadomosci\/wp-content\/uploads\/2026\/04\/20260415-DOM100-D-410x109.jpg 410w\" sizes=\"(max-width: 750px) 100vw, 750px\" class=\"no-lazyload\" width=\"750\" height=\"200\"  style=\"display: inline-block; max-width: 100%; height: auto;\" \/><\/a><\/div><\/div><p><iframe loading=\"lazy\" src=\"https:\/\/www.youtube.com\/embed\/3KgMKoePOSg\" width=\"810\" height=\"456\" frameborder=\"0\" allowfullscreen=\"allowfullscreen\"><span data-mce-type=\"bookmark\" style=\"display: inline-block; width: 0px; overflow: hidden; line-height: 0;\" class=\"mce_SELRES_start\">\ufeff<\/span><\/iframe><\/p>\n<h3>W Gliwicach odby\u0142 si\u0119 w pi\u0105tek M\u0142odzie\u017cowy Strajk Klimatyczny. Uczniowie szk\u00f3\u0142 \u015brednich i podstaw\u00f3wek zebrali si\u0119 na placu Krakowskim, \u017ceby wsp\u00f3lnie przemaszerowa\u0107 na skwer Doncaster pod Urz\u0119dem Miejskim. Tam spotkali si\u0119 z p.o. prezydenta miasta Januszem Moszy\u0144skim.<\/h3>\n<p>&#8220;Czarny Pi\u0105tek&#8221; sta\u0142 si\u0119 okazj\u0105 dla m\u0142odych gliwiczan, aby przypomnie\u0107, jak wa\u017cnym zagadnieniem dla wszystkich mieszka\u0144c\u00f3w planety jest przeciwdzia\u0142anie zmianom klimatu. Ponad setka os\u00f3b wzi\u0119\u0142a udzia\u0142 w legalnym zgromadzeniu publicznym, kt\u00f3re zabezpiecza\u0142a policja i stra\u017c miejska.<\/p><div class=\"gliwi-a3-w-tresci-artykulow gliwi-entity-placement\" id=\"gliwi-3866939300\"><div class=\"gliwi-adlabel\"><span style=\"font-size: 9px\">REKLAMA<\/span><\/div><div id=\"gliwi-1555485342\" style=\"margin-bottom: 30px;margin-left: auto;margin-right: auto;text-align: center;\"><a data-no-instant=\"1\" href=\"https:\/\/zlobek.halogen.org.pl\/\" rel=\"noopener\" class=\"a2t-link\" target=\"_blank\" aria-label=\"animator-zlobek_750x200\"><img loading=\"lazy\" decoding=\"async\" src=\"https:\/\/www.24gliwice.pl\/wiadomosci\/wp-content\/uploads\/2026\/02\/animator-zlobek_750x200.webp\" alt=\"\"  srcset=\"https:\/\/www.24gliwice.pl\/wiadomosci\/wp-content\/uploads\/2026\/02\/animator-zlobek_750x200.webp 750w, https:\/\/www.24gliwice.pl\/wiadomosci\/wp-content\/uploads\/2026\/02\/animator-zlobek_750x200-410x109.webp 410w\" sizes=\"(max-width: 750px) 100vw, 750px\" class=\"no-lazyload\" width=\"750\" height=\"200\"  style=\"display: inline-block; max-width: 100%; height: auto;\" \/><\/a><\/div><\/div>\n<p>W\u015br\u00f3d hase\u0142 wypisanych na transparentach, b\u0105d\u017a skandowanych przez uczestnik\u00f3w manifestacji, znalaz\u0142y si\u0119 &#8220;Najpierw natura, potem matura&#8221;, &#8220;Planeta, nie zysk&#8221;, &#8220;Chcemy umrze\u0107 ze staro\u015bci&#8221;, &#8220;Wol\u0119 pali\u0107 pety ni\u017c oddycha\u0107 tym powietrzem&#8221;, &#8220;Life in plastic it&#8217;s not fantastic&#8221;, &#8220;Make planet cool again&#8221;, &#8220;Dinozaury te\u017c my\u015bla\u0142y, \u017ce maj\u0105 czas&#8221;.<\/p>\n<p><img loading=\"lazy\" decoding=\"async\" class=\"alignnone size-full wp-image-144150\" src=\"https:\/\/www.24gliwice.pl\/wiadomosci\/wp-content\/uploads\/2019\/11\/4.jpg\" alt=\"\" width=\"2048\" height=\"1152\" \/><\/p>\n<h3>W trakcie pikiety uczniowie gliwickich szk\u00f3\u0142 domagali si\u0119 spotkania z prezydentem miasta.<\/h3>\n<p>Po kilku g\u0142o\u015bnych wezwaniach i wys\u0142aniu delegacji do magistratu, do m\u0142odzie\u017cy wyszed\u0142 pe\u0142ni\u0105cy te obowi\u0105zki <strong>Janusz Moszy\u0144ski. <\/strong><\/p>\n<p style=\"padding-left: 40px;\"><em>&#8211; Dobrze, \u017ce si\u0119 upominacie, dobrze, \u017ce z tym przychodzicie<\/em> &#8211; m\u00f3wi\u0142<strong> Moszy\u0144ski<\/strong> do zgromadzonej pod Urz\u0119dem Miejskim m\u0142odzie\u017cy.<em> &#8211; Mamy tutaj \u015bwietne zaplecze eksperckie i postaramy si\u0119 opracowa\u0107 w kr\u00f3tkim czasie wieloletni program, kt\u00f3ry jednak pozwoli to powietrze gliwickie uczyni\u0107 lepszym i zdrowszym do \u017cycia<\/em> &#8211; doda\u0142 Moszy\u0144ski.<\/p>\n<p>Akcja gliwickiej m\u0142odzie\u017cy nie umkn\u0119\u0142a r\u00f3wnie\u017c uwadze obecnego na prote\u015bcie <strong>Kajetana Gorniga<\/strong>, konkurenta Janusza Moszy\u0144skiego w wy\u015bcigu do prezydenckiego fotela.<\/p>\n<p style=\"padding-left: 40px;\"><em>&#8211; Przyszed\u0142em pos\u0142ucha\u0107 m\u0142odzie\u017cy, z ide\u0105 wagar\u00f3w si\u0119 nie zgadzam, ale rozumiem ch\u0119\u0107 m\u0142odzie\u017cy do wyra\u017cenia swojego zdania. Kiedy by\u0142em uczniem, robili\u015bmy akcje zbierania makulatury, to by\u0142 nasz wyraz troski o drzewa. Dzi\u015b sytuacja jest inna i wymaga innych form aktywno\u015bci dlatego trzymam za m\u0142odzie\u017c kciuki &#8211; komentuje Gornig.<\/em><\/p>\n<p><img loading=\"lazy\" decoding=\"async\" class=\"aligncenter size-full wp-image-144173\" src=\"https:\/\/www.24gliwice.pl\/wiadomosci\/wp-content\/uploads\/2019\/11\/1-gornig.jpg\" alt=\"\" width=\"810\" height=\"502\" srcset=\"https:\/\/www.24gliwice.pl\/wiadomosci\/wp-content\/uploads\/2019\/11\/1-gornig.jpg 810w, https:\/\/www.24gliwice.pl\/wiadomosci\/wp-content\/uploads\/2019\/11\/1-gornig-374x232.jpg 374w, https:\/\/www.24gliwice.pl\/wiadomosci\/wp-content\/uploads\/2019\/11\/1-gornig-734x455.jpg 734w, https:\/\/www.24gliwice.pl\/wiadomosci\/wp-content\/uploads\/2019\/11\/1-gornig-768x476.jpg 768w\" sizes=\"auto, (max-width: 810px) 100vw, 810px\" \/><\/p>\n<h3>Postulaty M\u0142odzie\u017cowego Strajku Klimatycznego<\/h3>\n<p>1. <em>\u017b\u0105damy <strong>prowadzenia polityki klimatycznej w oparciu o aktualne stanowisko nauki<\/strong> wyra\u017cone w najnowszych raportach Mi\u0119dzynarodowego Zespo\u0142u ds. Zmian Klimatu (IPCC) powo\u0142anego przez ONZ. Oczekujemy, \u017ce sugerowane przez \u015brodowisko naukowe rozwi\u0105zania b\u0119d\u0105 wdra\u017cane niezw\u0142ocznie we wsp\u00f3\u0142pracy mi\u0119dzynarodowej.<\/em><\/p>\n<p>2. <em>Wzywamy parlament polski, by oficjalnie uzna\u0142 katastrof\u0119 klimatyczn\u0105 poprzez <strong>og\u0142oszenie stanu kryzysu klimatycznego<\/strong>. Kwestia kryzysu nie mo\u017ce by\u0107 przedmiotem ideologicznych spor\u00f3w &#8211; w obliczu katastrofy musimy m\u00f3wi\u0107 wsp\u00f3lnym g\u0142osem, ponad podzia\u0142ami.<\/em><\/p>\n<p>3. <em>Domagamy si\u0119 <strong>zawarcia kompleksowej i aktualnej wiedzy o mechanizmach kryzysu klimatycznego<\/strong> w podstawie programowej na wszystkich szczeblach edukacji, przy zapewnieniu kadrze nauczycielskiej obowi\u0105zkowych szkole\u0144 w tym zakresie. Jednocze\u015bnie edukacj\u0119 klimatyczn\u0105 w pe\u0142nym zakresie swoich kompetencji powinny zapewnia\u0107 samorz\u0105dy lokalne.<\/em><\/p>\n<p><img loading=\"lazy\" decoding=\"async\" class=\"aligncenter size-full wp-image-144149\" src=\"https:\/\/www.24gliwice.pl\/wiadomosci\/wp-content\/uploads\/2019\/11\/1-e1575027167811.jpg\" alt=\"\" width=\"810\" height=\"456\" \/><\/p>\n<p>4. <em>\u017b\u0105damy przyj\u0119cia przez parlament RP <strong>ustawy powo\u0142uj\u0105cej eksperck\u0105 i niezale\u017cn\u0105 Rad\u0119 Klimatyczn\u0105<\/strong>, kt\u00f3rej zadaniem b\u0119dzie opracowanie strategii osi\u0105gni\u0119cia neutralno\u015bci klimatycznej Polski do roku 2040 oraz kontrola realizacji tej strategii. Ustawa ta musi by\u0107 stworzona przy aprobacie \u015brodowiska naukowego, maksymalnej transparentno\u015bci i przy szerokich konsultacjach spo\u0142ecznych.<\/em><\/p>\n<p>5. <em>Oczekujemy podj\u0119cia natychmiastowych krok\u00f3w prowadz\u0105cych do przeprowadzenia sprawiedliwej <strong>transformacji gospodarki w celu redukcji emisji gaz\u00f3w cieplarnianych.<\/strong> Wymagamy by respektowano prawa i potrzeby wszystkich kt\u00f3rych dotkn\u0105 skutki transformacji, szczeg\u00f3lnie os\u00f3b zatrudnionych w sektorach energetyki, rolnictwa, przemys\u0142u i transportu.<\/em><\/p>\n<p><strong>Postulat do medi\u00f3w:<\/strong><\/p>\n<p><strong>6<\/strong>. <strong><em>\u017b\u0105damy by media wzi\u0119\u0142y na siebie odpowiedzialno\u015b\u0107 za u\u015bwiadamianie spo\u0142ecze\u0144stwa o bezpo\u015brednich zagro\u017ceniach zwi\u0105zanych z kryzysem klimatycznym. Wzywamy do priorytetyzacji tematu katastrofy klimatycznej w przekazie medialnym oraz pos\u0142ugiwania si\u0119 j\u0119zykiem odzwierciedlaj\u0105cym wag\u0119 problemu.<\/em> <\/strong><\/p>\n<p><a href=\"https:\/\/www.24gliwice.pl\/wiadomosci\/wp-content\/uploads\/2019\/11\/PLAN-ADAPTACJI-MIASTA-GLIWICE-DO-ZMIAN-KLIMATU-DO-ROKU-2030.pdf\">PLAN ADAPTACJI MIASTA GLIWICE DO ZMIAN KLIMATU DO ROKU 2030<\/a><\/p>\n<div class=\"gliwi-a5-na-koncu-artykulow gliwi-entity-placement\" id=\"gliwi-3098910553\"><div class=\"gliwi-adlabel\"><span style=\"font-size: 9px\">REKLAMA<\/span><\/div><div id=\"gliwi-890318885\" style=\"margin-left: auto;margin-right: auto;text-align: center;\"><a data-no-instant=\"1\" href=\"https:\/\/prezeroarenagliwice.pl\/\" rel=\"noopener\" class=\"a2t-link\" target=\"_blank\" aria-label=\"20260309-PREZERO-WIOSNA-D\"><img loading=\"lazy\" decoding=\"async\" src=\"https:\/\/www.24gliwice.pl\/wiadomosci\/wp-content\/uploads\/2026\/03\/20260309-PREZERO-WIOSNA-D.webp\" alt=\"\"  srcset=\"https:\/\/www.24gliwice.pl\/wiadomosci\/wp-content\/uploads\/2026\/03\/20260309-PREZERO-WIOSNA-D.webp 750w, https:\/\/www.24gliwice.pl\/wiadomosci\/wp-content\/uploads\/2026\/03\/20260309-PREZERO-WIOSNA-D-410x109.webp 410w\" sizes=\"(max-width: 750px) 100vw, 750px\" class=\"no-lazyload\" width=\"750\" height=\"200\"  style=\"display: inline-block; max-width: 100%; height: auto;\" \/><\/a><\/div><\/div>","protected":false},"excerpt":{"rendered":"<p>\ufeff W Gliwicach odby\u0142 si\u0119 w pi\u0105tek M\u0142odzie\u017cowy Strajk Klimatyczny. Uczniowie szk\u00f3\u0142 \u015brednich i podstaw\u00f3wek zebrali si\u0119 na placu Krakowskim, \u017ceby wsp\u00f3lnie przemaszerowa\u0107 na skwer Doncaster pod Urz\u0119dem Miejskim. Tam spotkali si\u0119 z p.o. prezydenta miasta Januszem Moszy\u0144skim. &#8220;Czarny Pi\u0105tek&#8221; sta\u0142 si\u0119 okazj\u0105 dla m\u0142odych gliwiczan, aby przypomnie\u0107, jak wa\u017cnym zagadnieniem dla wszystkich mieszka\u0144c\u00f3w planety [&hellip;]<\/p>\n","protected":false},"author":15,"featured_media":144152,"comment_status":"open","ping_status":"closed","sticky":false,"template":"","format":"video","meta":{"_monsterinsights_skip_tracking":false,"_monsterinsights_sitenote_active":false,"_monsterinsights_sitenote_note":"","_monsterinsights_sitenote_category":0,"footnotes":"","_links_to":"","_links_to_target":""},"categories":[3,1,9,8,4],"tags":[543,16922,528,259,4263,9836],"class_list":["post-144135","post","type-post","status-publish","format-video","has-post-thumbnail","hentry","category-gliwice","category-wszystko","category-aktualnosci_lokalne","category-samorzad_polityka","category-telewizja-gliwice","tag-manifestacja","tag-moszynski","tag-protest","tag-skwer-doncaster","tag-urzad-miasta","tag-zgromadzenie","post_format-post-format-video"],"yoast_head":"<!-- This site is optimized with the Yoast SEO plugin v27.5 - https:\/\/yoast.com\/product\/yoast-seo-wordpress\/ -->\n<title>Strajk Klimatyczny pod magistratem. Janusz Moszy\u0144ski nie mia\u0142 problemu, \u017ceby wyj\u015b\u0107 do protestuj\u0105cych (TV) - 24GLIWICE - Portal Gliwice | codziennie nowe informacje<\/title>\n<meta name=\"robots\" content=\"index, follow, max-snippet:-1, max-image-preview:large, max-video-preview:-1\" \/>\n<link rel=\"canonical\" href=\"https:\/\/www.24gliwice.pl\/wiadomosci\/strajk-klimatyczny-pod-magistratem-janusz-moszynski-nie-mial-problemu-zeby-wyjsc-do-protestujacych-tv\/\" \/>\n<meta property=\"og:locale\" content=\"pl_PL\" \/>\n<meta property=\"og:type\" content=\"article\" \/>\n<meta property=\"og:title\" content=\"Strajk Klimatyczny pod magistratem. Janusz Moszy\u0144ski nie mia\u0142 problemu, \u017ceby wyj\u015b\u0107 do protestuj\u0105cych (TV) - 24GLIWICE - Portal Gliwice | codziennie nowe informacje\" \/>\n<meta property=\"og:description\" content=\"\ufeff W Gliwicach odby\u0142 si\u0119 w pi\u0105tek M\u0142odzie\u017cowy Strajk Klimatyczny. Uczniowie szk\u00f3\u0142 \u015brednich i podstaw\u00f3wek zebrali si\u0119 na placu Krakowskim, \u017ceby wsp\u00f3lnie przemaszerowa\u0107 na skwer Doncaster pod Urz\u0119dem Miejskim. Tam spotkali si\u0119 z p.o. prezydenta miasta Januszem Moszy\u0144skim. &#8220;Czarny Pi\u0105tek&#8221; sta\u0142 si\u0119 okazj\u0105 dla m\u0142odych gliwiczan, aby przypomnie\u0107, jak wa\u017cnym zagadnieniem dla wszystkich mieszka\u0144c\u00f3w planety [&hellip;]\" \/>\n<meta property=\"og:url\" content=\"https:\/\/www.24gliwice.pl\/wiadomosci\/strajk-klimatyczny-pod-magistratem-janusz-moszynski-nie-mial-problemu-zeby-wyjsc-do-protestujacych-tv\/\" \/>\n<meta property=\"og:site_name\" content=\"24GLIWICE - Portal Gliwice | codziennie nowe informacje\" \/>\n<meta property=\"article:publisher\" content=\"https:\/\/www.facebook.com\/24gliwice\" \/>\n<meta property=\"article:published_time\" content=\"2019-11-29T12:39:25+00:00\" \/>\n<meta property=\"article:modified_time\" content=\"2019-11-29T19:31:00+00:00\" \/>\n<meta property=\"og:image\" content=\"https:\/\/www.24gliwice.pl\/wiadomosci\/wp-content\/uploads\/2019\/11\/8-e1575027124826.jpg\" \/>\n\t<meta property=\"og:image:width\" content=\"810\" \/>\n\t<meta property=\"og:image:height\" content=\"456\" \/>\n\t<meta property=\"og:image:type\" content=\"image\/jpeg\" \/>\n<meta name=\"author\" content=\"\u017baneta Mrozek-Siewierska\" \/>\n<meta name=\"twitter:card\" content=\"summary_large_image\" \/>\n<meta name=\"twitter:creator\" content=\"@24gliwice\" \/>\n<meta name=\"twitter:site\" content=\"@24gliwice\" \/>\n<meta name=\"twitter:label1\" content=\"Napisane przez\" \/>\n\t<meta name=\"twitter:data1\" content=\"\u017baneta Mrozek-Siewierska\" \/>\n\t<meta name=\"twitter:label2\" content=\"Szacowany czas czytania\" \/>\n\t<meta name=\"twitter:data2\" content=\"3 minuty\" \/>\n<script type=\"application\/ld+json\" class=\"yoast-schema-graph\">{\"@context\":\"https:\\\/\\\/schema.org\",\"@graph\":[{\"@type\":\"Article\",\"@id\":\"https:\\\/\\\/www.24gliwice.pl\\\/wiadomosci\\\/strajk-klimatyczny-pod-magistratem-janusz-moszynski-nie-mial-problemu-zeby-wyjsc-do-protestujacych-tv\\\/#article\",\"isPartOf\":{\"@id\":\"https:\\\/\\\/www.24gliwice.pl\\\/wiadomosci\\\/strajk-klimatyczny-pod-magistratem-janusz-moszynski-nie-mial-problemu-zeby-wyjsc-do-protestujacych-tv\\\/\"},\"author\":{\"name\":\"\u017baneta Mrozek-Siewierska\",\"@id\":\"https:\\\/\\\/www.24gliwice.pl\\\/wiadomosci\\\/#\\\/schema\\\/person\\\/e42c650edd7f2fa332be3811fb166b6e\"},\"headline\":\"Strajk Klimatyczny pod magistratem. Janusz Moszy\u0144ski nie mia\u0142 problemu, \u017ceby wyj\u015b\u0107 do protestuj\u0105cych (TV)\",\"datePublished\":\"2019-11-29T12:39:25+00:00\",\"dateModified\":\"2019-11-29T19:31:00+00:00\",\"mainEntityOfPage\":{\"@id\":\"https:\\\/\\\/www.24gliwice.pl\\\/wiadomosci\\\/strajk-klimatyczny-pod-magistratem-janusz-moszynski-nie-mial-problemu-zeby-wyjsc-do-protestujacych-tv\\\/\"},\"wordCount\":634,\"commentCount\":0,\"publisher\":{\"@id\":\"https:\\\/\\\/www.24gliwice.pl\\\/wiadomosci\\\/#organization\"},\"image\":{\"@id\":\"https:\\\/\\\/www.24gliwice.pl\\\/wiadomosci\\\/strajk-klimatyczny-pod-magistratem-janusz-moszynski-nie-mial-problemu-zeby-wyjsc-do-protestujacych-tv\\\/#primaryimage\"},\"thumbnailUrl\":\"https:\\\/\\\/www.24gliwice.pl\\\/wiadomosci\\\/wp-content\\\/uploads\\\/2019\\\/11\\\/8-e1575027124826.jpg\",\"keywords\":[\"manifestacja\",\"moszy\u0144ski\",\"PROTEST\",\"skwer doncaster\",\"URZ\u0104D MIASTA\",\"zgromadzenie\"],\"articleSection\":[\"Gliwice\",\"Najnowsze wiadomo\u015bci\",\"Portal Gliwice - Wiadomo\u015bci lokalne\",\"Samorz\u0105d, polityka\",\"Telewizja, materia\u0142y wideo\"],\"inLanguage\":\"pl-PL\",\"potentialAction\":[{\"@type\":\"CommentAction\",\"name\":\"Comment\",\"target\":[\"https:\\\/\\\/www.24gliwice.pl\\\/wiadomosci\\\/strajk-klimatyczny-pod-magistratem-janusz-moszynski-nie-mial-problemu-zeby-wyjsc-do-protestujacych-tv\\\/#respond\"]}]},{\"@type\":\"WebPage\",\"@id\":\"https:\\\/\\\/www.24gliwice.pl\\\/wiadomosci\\\/strajk-klimatyczny-pod-magistratem-janusz-moszynski-nie-mial-problemu-zeby-wyjsc-do-protestujacych-tv\\\/\",\"url\":\"https:\\\/\\\/www.24gliwice.pl\\\/wiadomosci\\\/strajk-klimatyczny-pod-magistratem-janusz-moszynski-nie-mial-problemu-zeby-wyjsc-do-protestujacych-tv\\\/\",\"name\":\"Strajk Klimatyczny pod magistratem. Janusz Moszy\u0144ski nie mia\u0142 problemu, \u017ceby wyj\u015b\u0107 do protestuj\u0105cych (TV) - 24GLIWICE - Portal Gliwice | codziennie nowe informacje\",\"isPartOf\":{\"@id\":\"https:\\\/\\\/www.24gliwice.pl\\\/wiadomosci\\\/#website\"},\"primaryImageOfPage\":{\"@id\":\"https:\\\/\\\/www.24gliwice.pl\\\/wiadomosci\\\/strajk-klimatyczny-pod-magistratem-janusz-moszynski-nie-mial-problemu-zeby-wyjsc-do-protestujacych-tv\\\/#primaryimage\"},\"image\":{\"@id\":\"https:\\\/\\\/www.24gliwice.pl\\\/wiadomosci\\\/strajk-klimatyczny-pod-magistratem-janusz-moszynski-nie-mial-problemu-zeby-wyjsc-do-protestujacych-tv\\\/#primaryimage\"},\"thumbnailUrl\":\"https:\\\/\\\/www.24gliwice.pl\\\/wiadomosci\\\/wp-content\\\/uploads\\\/2019\\\/11\\\/8-e1575027124826.jpg\",\"datePublished\":\"2019-11-29T12:39:25+00:00\",\"dateModified\":\"2019-11-29T19:31:00+00:00\",\"breadcrumb\":{\"@id\":\"https:\\\/\\\/www.24gliwice.pl\\\/wiadomosci\\\/strajk-klimatyczny-pod-magistratem-janusz-moszynski-nie-mial-problemu-zeby-wyjsc-do-protestujacych-tv\\\/#breadcrumb\"},\"inLanguage\":\"pl-PL\",\"potentialAction\":[{\"@type\":\"ReadAction\",\"target\":[\"https:\\\/\\\/www.24gliwice.pl\\\/wiadomosci\\\/strajk-klimatyczny-pod-magistratem-janusz-moszynski-nie-mial-problemu-zeby-wyjsc-do-protestujacych-tv\\\/\"]}]},{\"@type\":\"ImageObject\",\"inLanguage\":\"pl-PL\",\"@id\":\"https:\\\/\\\/www.24gliwice.pl\\\/wiadomosci\\\/strajk-klimatyczny-pod-magistratem-janusz-moszynski-nie-mial-problemu-zeby-wyjsc-do-protestujacych-tv\\\/#primaryimage\",\"url\":\"https:\\\/\\\/www.24gliwice.pl\\\/wiadomosci\\\/wp-content\\\/uploads\\\/2019\\\/11\\\/8-e1575027124826.jpg\",\"contentUrl\":\"https:\\\/\\\/www.24gliwice.pl\\\/wiadomosci\\\/wp-content\\\/uploads\\\/2019\\\/11\\\/8-e1575027124826.jpg\",\"width\":810,\"height\":456},{\"@type\":\"BreadcrumbList\",\"@id\":\"https:\\\/\\\/www.24gliwice.pl\\\/wiadomosci\\\/strajk-klimatyczny-pod-magistratem-janusz-moszynski-nie-mial-problemu-zeby-wyjsc-do-protestujacych-tv\\\/#breadcrumb\",\"itemListElement\":[{\"@type\":\"ListItem\",\"position\":1,\"name\":\"Strona g\u0142\u00f3wna\",\"item\":\"https:\\\/\\\/www.24gliwice.pl\\\/wiadomosci\\\/\"},{\"@type\":\"ListItem\",\"position\":2,\"name\":\"Strajk Klimatyczny pod magistratem. Janusz Moszy\u0144ski nie mia\u0142 problemu, \u017ceby wyj\u015b\u0107 do protestuj\u0105cych (TV)\"}]},{\"@type\":\"WebSite\",\"@id\":\"https:\\\/\\\/www.24gliwice.pl\\\/wiadomosci\\\/#website\",\"url\":\"https:\\\/\\\/www.24gliwice.pl\\\/wiadomosci\\\/\",\"name\":\"24GLIWICE - Portal Gliwice | codziennie nowe wiadomo\u015bci\",\"description\":\"Portal Miejski Gliwice\",\"publisher\":{\"@id\":\"https:\\\/\\\/www.24gliwice.pl\\\/wiadomosci\\\/#organization\"},\"potentialAction\":[{\"@type\":\"SearchAction\",\"target\":{\"@type\":\"EntryPoint\",\"urlTemplate\":\"https:\\\/\\\/www.24gliwice.pl\\\/wiadomosci\\\/?s={search_term_string}\"},\"query-input\":{\"@type\":\"PropertyValueSpecification\",\"valueRequired\":true,\"valueName\":\"search_term_string\"}}],\"inLanguage\":\"pl-PL\"},{\"@type\":\"Organization\",\"@id\":\"https:\\\/\\\/www.24gliwice.pl\\\/wiadomosci\\\/#organization\",\"name\":\"24gliwice\",\"url\":\"https:\\\/\\\/www.24gliwice.pl\\\/wiadomosci\\\/\",\"logo\":{\"@type\":\"ImageObject\",\"inLanguage\":\"pl-PL\",\"@id\":\"https:\\\/\\\/www.24gliwice.pl\\\/wiadomosci\\\/#\\\/schema\\\/logo\\\/image\\\/\",\"url\":\"https:\\\/\\\/www.24gliwice.pl\\\/wiadomosci\\\/wp-content\\\/uploads\\\/2024\\\/10\\\/24gliwice-logo-696.jpg\",\"contentUrl\":\"https:\\\/\\\/www.24gliwice.pl\\\/wiadomosci\\\/wp-content\\\/uploads\\\/2024\\\/10\\\/24gliwice-logo-696.jpg\",\"width\":696,\"height\":696,\"caption\":\"24gliwice\"},\"image\":{\"@id\":\"https:\\\/\\\/www.24gliwice.pl\\\/wiadomosci\\\/#\\\/schema\\\/logo\\\/image\\\/\"},\"sameAs\":[\"https:\\\/\\\/www.facebook.com\\\/24gliwice\",\"https:\\\/\\\/x.com\\\/24gliwice\",\"https:\\\/\\\/www.youtube.com\\\/@24gliwice\"]},{\"@type\":\"Person\",\"@id\":\"https:\\\/\\\/www.24gliwice.pl\\\/wiadomosci\\\/#\\\/schema\\\/person\\\/e42c650edd7f2fa332be3811fb166b6e\",\"name\":\"\u017baneta Mrozek-Siewierska\",\"image\":{\"@type\":\"ImageObject\",\"inLanguage\":\"pl-PL\",\"@id\":\"https:\\\/\\\/secure.gravatar.com\\\/avatar\\\/1881429e9c64597c77ad7aef2d0a19be69a3253e57534d16aa15bf3a4d34a0a3?s=96&d=mm&r=g\",\"url\":\"https:\\\/\\\/secure.gravatar.com\\\/avatar\\\/1881429e9c64597c77ad7aef2d0a19be69a3253e57534d16aa15bf3a4d34a0a3?s=96&d=mm&r=g\",\"contentUrl\":\"https:\\\/\\\/secure.gravatar.com\\\/avatar\\\/1881429e9c64597c77ad7aef2d0a19be69a3253e57534d16aa15bf3a4d34a0a3?s=96&d=mm&r=g\",\"caption\":\"\u017baneta Mrozek-Siewierska\"},\"url\":\"https:\\\/\\\/www.24gliwice.pl\\\/wiadomosci\\\/author\\\/zms\\\/\"}]}<\/script>\n<!-- \/ Yoast SEO plugin. -->","yoast_head_json":{"title":"Strajk Klimatyczny pod magistratem. Janusz Moszy\u0144ski nie mia\u0142 problemu, \u017ceby wyj\u015b\u0107 do protestuj\u0105cych (TV) - 24GLIWICE - Portal Gliwice | codziennie nowe informacje","robots":{"index":"index","follow":"follow","max-snippet":"max-snippet:-1","max-image-preview":"max-image-preview:large","max-video-preview":"max-video-preview:-1"},"canonical":"https:\/\/www.24gliwice.pl\/wiadomosci\/strajk-klimatyczny-pod-magistratem-janusz-moszynski-nie-mial-problemu-zeby-wyjsc-do-protestujacych-tv\/","og_locale":"pl_PL","og_type":"article","og_title":"Strajk Klimatyczny pod magistratem. Janusz Moszy\u0144ski nie mia\u0142 problemu, \u017ceby wyj\u015b\u0107 do protestuj\u0105cych (TV) - 24GLIWICE - Portal Gliwice | codziennie nowe informacje","og_description":"\ufeff W Gliwicach odby\u0142 si\u0119 w pi\u0105tek M\u0142odzie\u017cowy Strajk Klimatyczny. Uczniowie szk\u00f3\u0142 \u015brednich i podstaw\u00f3wek zebrali si\u0119 na placu Krakowskim, \u017ceby wsp\u00f3lnie przemaszerowa\u0107 na skwer Doncaster pod Urz\u0119dem Miejskim. Tam spotkali si\u0119 z p.o. prezydenta miasta Januszem Moszy\u0144skim. &#8220;Czarny Pi\u0105tek&#8221; sta\u0142 si\u0119 okazj\u0105 dla m\u0142odych gliwiczan, aby przypomnie\u0107, jak wa\u017cnym zagadnieniem dla wszystkich mieszka\u0144c\u00f3w planety [&hellip;]","og_url":"https:\/\/www.24gliwice.pl\/wiadomosci\/strajk-klimatyczny-pod-magistratem-janusz-moszynski-nie-mial-problemu-zeby-wyjsc-do-protestujacych-tv\/","og_site_name":"24GLIWICE - Portal Gliwice | codziennie nowe informacje","article_publisher":"https:\/\/www.facebook.com\/24gliwice","article_published_time":"2019-11-29T12:39:25+00:00","article_modified_time":"2019-11-29T19:31:00+00:00","og_image":[{"width":810,"height":456,"url":"https:\/\/www.24gliwice.pl\/wiadomosci\/wp-content\/uploads\/2019\/11\/8-e1575027124826.jpg","type":"image\/jpeg"}],"author":"\u017baneta Mrozek-Siewierska","twitter_card":"summary_large_image","twitter_creator":"@24gliwice","twitter_site":"@24gliwice","twitter_misc":{"Napisane przez":"\u017baneta Mrozek-Siewierska","Szacowany czas czytania":"3 minuty"},"schema":{"@context":"https:\/\/schema.org","@graph":[{"@type":"Article","@id":"https:\/\/www.24gliwice.pl\/wiadomosci\/strajk-klimatyczny-pod-magistratem-janusz-moszynski-nie-mial-problemu-zeby-wyjsc-do-protestujacych-tv\/#article","isPartOf":{"@id":"https:\/\/www.24gliwice.pl\/wiadomosci\/strajk-klimatyczny-pod-magistratem-janusz-moszynski-nie-mial-problemu-zeby-wyjsc-do-protestujacych-tv\/"},"author":{"name":"\u017baneta Mrozek-Siewierska","@id":"https:\/\/www.24gliwice.pl\/wiadomosci\/#\/schema\/person\/e42c650edd7f2fa332be3811fb166b6e"},"headline":"Strajk Klimatyczny pod magistratem. Janusz Moszy\u0144ski nie mia\u0142 problemu, \u017ceby wyj\u015b\u0107 do protestuj\u0105cych (TV)","datePublished":"2019-11-29T12:39:25+00:00","dateModified":"2019-11-29T19:31:00+00:00","mainEntityOfPage":{"@id":"https:\/\/www.24gliwice.pl\/wiadomosci\/strajk-klimatyczny-pod-magistratem-janusz-moszynski-nie-mial-problemu-zeby-wyjsc-do-protestujacych-tv\/"},"wordCount":634,"commentCount":0,"publisher":{"@id":"https:\/\/www.24gliwice.pl\/wiadomosci\/#organization"},"image":{"@id":"https:\/\/www.24gliwice.pl\/wiadomosci\/strajk-klimatyczny-pod-magistratem-janusz-moszynski-nie-mial-problemu-zeby-wyjsc-do-protestujacych-tv\/#primaryimage"},"thumbnailUrl":"https:\/\/www.24gliwice.pl\/wiadomosci\/wp-content\/uploads\/2019\/11\/8-e1575027124826.jpg","keywords":["manifestacja","moszy\u0144ski","PROTEST","skwer doncaster","URZ\u0104D MIASTA","zgromadzenie"],"articleSection":["Gliwice","Najnowsze wiadomo\u015bci","Portal Gliwice - Wiadomo\u015bci lokalne","Samorz\u0105d, polityka","Telewizja, materia\u0142y wideo"],"inLanguage":"pl-PL","potentialAction":[{"@type":"CommentAction","name":"Comment","target":["https:\/\/www.24gliwice.pl\/wiadomosci\/strajk-klimatyczny-pod-magistratem-janusz-moszynski-nie-mial-problemu-zeby-wyjsc-do-protestujacych-tv\/#respond"]}]},{"@type":"WebPage","@id":"https:\/\/www.24gliwice.pl\/wiadomosci\/strajk-klimatyczny-pod-magistratem-janusz-moszynski-nie-mial-problemu-zeby-wyjsc-do-protestujacych-tv\/","url":"https:\/\/www.24gliwice.pl\/wiadomosci\/strajk-klimatyczny-pod-magistratem-janusz-moszynski-nie-mial-problemu-zeby-wyjsc-do-protestujacych-tv\/","name":"Strajk Klimatyczny pod magistratem. Janusz Moszy\u0144ski nie mia\u0142 problemu, \u017ceby wyj\u015b\u0107 do protestuj\u0105cych (TV) - 24GLIWICE - Portal Gliwice | codziennie nowe informacje","isPartOf":{"@id":"https:\/\/www.24gliwice.pl\/wiadomosci\/#website"},"primaryImageOfPage":{"@id":"https:\/\/www.24gliwice.pl\/wiadomosci\/strajk-klimatyczny-pod-magistratem-janusz-moszynski-nie-mial-problemu-zeby-wyjsc-do-protestujacych-tv\/#primaryimage"},"image":{"@id":"https:\/\/www.24gliwice.pl\/wiadomosci\/strajk-klimatyczny-pod-magistratem-janusz-moszynski-nie-mial-problemu-zeby-wyjsc-do-protestujacych-tv\/#primaryimage"},"thumbnailUrl":"https:\/\/www.24gliwice.pl\/wiadomosci\/wp-content\/uploads\/2019\/11\/8-e1575027124826.jpg","datePublished":"2019-11-29T12:39:25+00:00","dateModified":"2019-11-29T19:31:00+00:00","breadcrumb":{"@id":"https:\/\/www.24gliwice.pl\/wiadomosci\/strajk-klimatyczny-pod-magistratem-janusz-moszynski-nie-mial-problemu-zeby-wyjsc-do-protestujacych-tv\/#breadcrumb"},"inLanguage":"pl-PL","potentialAction":[{"@type":"ReadAction","target":["https:\/\/www.24gliwice.pl\/wiadomosci\/strajk-klimatyczny-pod-magistratem-janusz-moszynski-nie-mial-problemu-zeby-wyjsc-do-protestujacych-tv\/"]}]},{"@type":"ImageObject","inLanguage":"pl-PL","@id":"https:\/\/www.24gliwice.pl\/wiadomosci\/strajk-klimatyczny-pod-magistratem-janusz-moszynski-nie-mial-problemu-zeby-wyjsc-do-protestujacych-tv\/#primaryimage","url":"https:\/\/www.24gliwice.pl\/wiadomosci\/wp-content\/uploads\/2019\/11\/8-e1575027124826.jpg","contentUrl":"https:\/\/www.24gliwice.pl\/wiadomosci\/wp-content\/uploads\/2019\/11\/8-e1575027124826.jpg","width":810,"height":456},{"@type":"BreadcrumbList","@id":"https:\/\/www.24gliwice.pl\/wiadomosci\/strajk-klimatyczny-pod-magistratem-janusz-moszynski-nie-mial-problemu-zeby-wyjsc-do-protestujacych-tv\/#breadcrumb","itemListElement":[{"@type":"ListItem","position":1,"name":"Strona g\u0142\u00f3wna","item":"https:\/\/www.24gliwice.pl\/wiadomosci\/"},{"@type":"ListItem","position":2,"name":"Strajk Klimatyczny pod magistratem. Janusz Moszy\u0144ski nie mia\u0142 problemu, \u017ceby wyj\u015b\u0107 do protestuj\u0105cych (TV)"}]},{"@type":"WebSite","@id":"https:\/\/www.24gliwice.pl\/wiadomosci\/#website","url":"https:\/\/www.24gliwice.pl\/wiadomosci\/","name":"24GLIWICE - Portal Gliwice | codziennie nowe wiadomo\u015bci","description":"Portal Miejski Gliwice","publisher":{"@id":"https:\/\/www.24gliwice.pl\/wiadomosci\/#organization"},"potentialAction":[{"@type":"SearchAction","target":{"@type":"EntryPoint","urlTemplate":"https:\/\/www.24gliwice.pl\/wiadomosci\/?s={search_term_string}"},"query-input":{"@type":"PropertyValueSpecification","valueRequired":true,"valueName":"search_term_string"}}],"inLanguage":"pl-PL"},{"@type":"Organization","@id":"https:\/\/www.24gliwice.pl\/wiadomosci\/#organization","name":"24gliwice","url":"https:\/\/www.24gliwice.pl\/wiadomosci\/","logo":{"@type":"ImageObject","inLanguage":"pl-PL","@id":"https:\/\/www.24gliwice.pl\/wiadomosci\/#\/schema\/logo\/image\/","url":"https:\/\/www.24gliwice.pl\/wiadomosci\/wp-content\/uploads\/2024\/10\/24gliwice-logo-696.jpg","contentUrl":"https:\/\/www.24gliwice.pl\/wiadomosci\/wp-content\/uploads\/2024\/10\/24gliwice-logo-696.jpg","width":696,"height":696,"caption":"24gliwice"},"image":{"@id":"https:\/\/www.24gliwice.pl\/wiadomosci\/#\/schema\/logo\/image\/"},"sameAs":["https:\/\/www.facebook.com\/24gliwice","https:\/\/x.com\/24gliwice","https:\/\/www.youtube.com\/@24gliwice"]},{"@type":"Person","@id":"https:\/\/www.24gliwice.pl\/wiadomosci\/#\/schema\/person\/e42c650edd7f2fa332be3811fb166b6e","name":"\u017baneta Mrozek-Siewierska","image":{"@type":"ImageObject","inLanguage":"pl-PL","@id":"https:\/\/secure.gravatar.com\/avatar\/1881429e9c64597c77ad7aef2d0a19be69a3253e57534d16aa15bf3a4d34a0a3?s=96&d=mm&r=g","url":"https:\/\/secure.gravatar.com\/avatar\/1881429e9c64597c77ad7aef2d0a19be69a3253e57534d16aa15bf3a4d34a0a3?s=96&d=mm&r=g","contentUrl":"https:\/\/secure.gravatar.com\/avatar\/1881429e9c64597c77ad7aef2d0a19be69a3253e57534d16aa15bf3a4d34a0a3?s=96&d=mm&r=g","caption":"\u017baneta Mrozek-Siewierska"},"url":"https:\/\/www.24gliwice.pl\/wiadomosci\/author\/zms\/"}]}},"_links":{"self":[{"href":"https:\/\/www.24gliwice.pl\/wiadomosci\/wp-json\/wp\/v2\/posts\/144135","targetHints":{"allow":["GET"]}}],"collection":[{"href":"https:\/\/www.24gliwice.pl\/wiadomosci\/wp-json\/wp\/v2\/posts"}],"about":[{"href":"https:\/\/www.24gliwice.pl\/wiadomosci\/wp-json\/wp\/v2\/types\/post"}],"author":[{"embeddable":true,"href":"https:\/\/www.24gliwice.pl\/wiadomosci\/wp-json\/wp\/v2\/users\/15"}],"replies":[{"embeddable":true,"href":"https:\/\/www.24gliwice.pl\/wiadomosci\/wp-json\/wp\/v2\/comments?post=144135"}],"version-history":[{"count":0,"href":"https:\/\/www.24gliwice.pl\/wiadomosci\/wp-json\/wp\/v2\/posts\/144135\/revisions"}],"wp:featuredmedia":[{"embeddable":true,"href":"https:\/\/www.24gliwice.pl\/wiadomosci\/wp-json\/wp\/v2\/media\/144152"}],"wp:attachment":[{"href":"https:\/\/www.24gliwice.pl\/wiadomosci\/wp-json\/wp\/v2\/media?parent=144135"}],"wp:term":[{"taxonomy":"category","embeddable":true,"href":"https:\/\/www.24gliwice.pl\/wiadomosci\/wp-json\/wp\/v2\/categories?post=144135"},{"taxonomy":"post_tag","embeddable":true,"href":"https:\/\/www.24gliwice.pl\/wiadomosci\/wp-json\/wp\/v2\/tags?post=144135"}],"curies":[{"name":"wp","href":"https:\/\/api.w.org\/{rel}","templated":true}]}}