{"id":144162,"date":"2019-11-29T17:30:39","date_gmt":"2019-11-29T16:30:39","guid":{"rendered":"https:\/\/www.24gliwice.pl\/wiadomosci\/?p=144162"},"modified":"2019-11-29T17:30:39","modified_gmt":"2019-11-29T16:30:39","slug":"festyn-z-mikolajem-w-bardzo-szczytnym-celu-mozna-wylicytowac-obiad-ze-znana-polska-aktorka","status":"publish","type":"post","link":"https:\/\/www.24gliwice.pl\/wiadomosci\/festyn-z-mikolajem-w-bardzo-szczytnym-celu-mozna-wylicytowac-obiad-ze-znana-polska-aktorka\/","title":{"rendered":"Festyn z Miko\u0142ajem w bardzo szczytnym celu. Mo\u017cna wylicytowa\u0107 obiad ze znan\u0105 polsk\u0105 aktork\u0105"},"content":{"rendered":"<div class=\"gliwi-a6-nad-leadem-artykulow gliwi-entity-placement\" id=\"gliwi-2457314047\"><div class=\"gliwi-adlabel\"><span style=\"font-size: 9px\">REKLAMA<\/span><\/div><div id=\"gliwi-14200440\" style=\"margin-bottom: 25px;margin-left: auto;margin-right: auto;text-align: center;\"><a data-no-instant=\"1\" href=\"https:\/\/dom100.eu\/\" rel=\"noopener\" class=\"a2t-link\" target=\"_blank\" aria-label=\"20260415 DOM100 D\"><img loading=\"lazy\" decoding=\"async\" src=\"https:\/\/www.24gliwice.pl\/wiadomosci\/wp-content\/uploads\/2026\/04\/20260415-DOM100-D.jpg\" alt=\"\"  srcset=\"https:\/\/www.24gliwice.pl\/wiadomosci\/wp-content\/uploads\/2026\/04\/20260415-DOM100-D.jpg 750w, https:\/\/www.24gliwice.pl\/wiadomosci\/wp-content\/uploads\/2026\/04\/20260415-DOM100-D-410x109.jpg 410w\" sizes=\"(max-width: 750px) 100vw, 750px\" class=\"no-lazyload\" width=\"750\" height=\"200\"  style=\"display: inline-block; max-width: 100%; height: auto;\" \/><\/a><\/div><\/div><h3>6 grudnia to czas prezent\u00f3w, niespodzianek, dobrej zabawy i spe\u0142niania marze\u0144. Nie inaczej b\u0119dzie w tym roku. W SP nr 9 odb\u0119dzie si\u0119 festyn w szczytnym celu, na kt\u00f3rym nie zabraknie u\u015bmiechu, koncert\u00f3w i odwiedzin Miko\u0142aja. Zaproszeni s\u0105 wszyscy.<\/h3>\n<p>Festyn odb\u0119dzie si\u0119 w pi\u0105tek 6 grudnia w godzinach od 16:30 do 20:00 w budynku SP nr 9 przy ul. Jana III Sobieskiego 14. W\u015br\u00f3d atrakcji zaplanowano koncert uczni\u00f3w i absolwent\u00f3w \u201e9\u201d, kt\u00f3ry poprzedzi niesamowity wyst\u0119p iluzjonistyczny. <\/p>\n<h3>Nast\u0119pnie odb\u0119dzie si\u0119 spotkanie z Miko\u0142ajem, kt\u00f3ry z pewno\u015bci\u0105 b\u0119dzie mia\u0142 ze sob\u0105 s\u0142odki podarunek i ch\u0119tnie zrobi sobie z ka\u017cdym dzieckiem pami\u0105tkowe zdj\u0119cie. <\/h3>\n<p>Przewidziano tak\u017ce gie\u0142d\u0119 zabawek u\u017cywanych, ciekawe zabawy prowadzone przez harcerzy, kawiarenk\u0119 i straganiki z r\u0119kodzie\u0142em \u2013 b\u0119dzie mo\u017cna naby\u0107 kartki \u015bwi\u0105teczne, bombki, stroiki, choinki, pierniczki i anio\u0142ki wykonane przez uczni\u00f3w, nauczycieli i pracownik\u00f3w szko\u0142y. <\/p><div class=\"gliwi-a3-w-tresci-artykulow gliwi-entity-placement\" id=\"gliwi-3689660377\"><div class=\"gliwi-adlabel\"><span style=\"font-size: 9px\">REKLAMA<\/span><\/div><div id=\"gliwi-4248362018\" style=\"margin-bottom: 30px;margin-left: auto;margin-right: auto;text-align: center;\"><a data-no-instant=\"1\" href=\"https:\/\/ogrodyandersa.pl\/\" rel=\"noopener\" class=\"a2t-link\" target=\"_blank\" aria-label=\"20260415 Ogrody Andersa KUP TERAZ D\"><img loading=\"lazy\" decoding=\"async\" src=\"https:\/\/www.24gliwice.pl\/wiadomosci\/wp-content\/uploads\/2026\/04\/20260415-Ogrody-Andersa-KUP-TERAZ-D.jpg\" alt=\"\"  srcset=\"https:\/\/www.24gliwice.pl\/wiadomosci\/wp-content\/uploads\/2026\/04\/20260415-Ogrody-Andersa-KUP-TERAZ-D.jpg 750w, https:\/\/www.24gliwice.pl\/wiadomosci\/wp-content\/uploads\/2026\/04\/20260415-Ogrody-Andersa-KUP-TERAZ-D-410x109.jpg 410w\" sizes=\"(max-width: 750px) 100vw, 750px\" class=\"no-lazyload\" width=\"750\" height=\"200\"  style=\"display: inline-block; max-width: 100%; height: auto;\" \/><\/a><\/div><\/div>\n<p>Pojawi si\u0119 te\u017c stanowisko rejestracji dawc\u00f3w szpiku kostnego Fundacji DKMS, bo miko\u0142ajkowy festyn \u201e9\u201d ma szczytny cel \u2013 zbi\u00f3rk\u0119 funduszy na leczenie<strong> Martynki<\/strong>, uczennicy klasy 5, kt\u00f3ra walczy z bia\u0142aczk\u0105. W\u0142a\u015bnie dlatego na zako\u0144czenie wydarzenia odb\u0119dzie si\u0119 licytacja obiadu z aktork\u0105<strong> Ann\u0105 Mari\u0105 Buczek. <\/strong><\/p>\n<p>(\u017cms)\/UM(mf)<\/p>\n<div class=\"gliwi-a5-na-koncu-artykulow gliwi-entity-placement\" id=\"gliwi-3684308072\"><div class=\"gliwi-adlabel\"><span style=\"font-size: 9px\">REKLAMA<\/span><\/div><div id=\"gliwi-4190961220\" style=\"margin-left: auto;margin-right: auto;text-align: center;\"><a data-no-instant=\"1\" href=\"https:\/\/www.jasek.pl\/\" rel=\"noopener\" class=\"a2t-link\" target=\"_blank\" aria-label=\"20200401-jasek 600\"><img loading=\"lazy\" decoding=\"async\" src=\"https:\/\/www.24gliwice.pl\/wiadomosci\/wp-content\/uploads\/2020\/04\/20200401-jasek-600.jpg\" alt=\"\"  srcset=\"https:\/\/www.24gliwice.pl\/wiadomosci\/wp-content\/uploads\/2020\/04\/20200401-jasek-600.jpg 600w, https:\/\/www.24gliwice.pl\/wiadomosci\/wp-content\/uploads\/2020\/04\/20200401-jasek-600-410x109.jpg 410w\" sizes=\"(max-width: 600px) 100vw, 600px\" class=\"no-lazyload\" width=\"600\" height=\"160\"  style=\"display: inline-block; max-width: 100%; height: auto;\" \/><\/a><\/div><\/div>","protected":false},"excerpt":{"rendered":"<p>6 grudnia to czas prezent\u00f3w, niespodzianek, dobrej zabawy i spe\u0142niania marze\u0144. Nie inaczej b\u0119dzie w tym roku. W SP nr 9 odb\u0119dzie si\u0119 festyn w szczytnym celu, na kt\u00f3rym nie zabraknie u\u015bmiechu, koncert\u00f3w i odwiedzin Miko\u0142aja. Zaproszeni s\u0105 wszyscy. Festyn odb\u0119dzie si\u0119 w pi\u0105tek 6 grudnia w godzinach od 16:30 do 20:00 w budynku SP [&hellip;]<\/p>\n","protected":false},"author":15,"featured_media":144169,"comment_status":"closed","ping_status":"closed","sticky":false,"template":"","format":"standard","meta":{"_monsterinsights_skip_tracking":false,"_monsterinsights_sitenote_active":false,"_monsterinsights_sitenote_note":"","_monsterinsights_sitenote_category":0,"footnotes":"","_links_to":"","_links_to_target":""},"categories":[3,6,1],"tags":[12453,12450,9093,10654,16787,11842],"class_list":["post-144162","post","type-post","status-publish","format-standard","has-post-thumbnail","hentry","category-gliwice","category-kultura","category-wszystko","tag-bialaczka","tag-dkms","tag-festyn","tag-mikolajki","tag-rekodzielo","tag-zbiorka-srodkow"],"yoast_head":"<!-- This site is optimized with the Yoast SEO plugin v27.5 - https:\/\/yoast.com\/product\/yoast-seo-wordpress\/ -->\n<title>Festyn z Miko\u0142ajem w bardzo szczytnym celu. Mo\u017cna wylicytowa\u0107 obiad ze znan\u0105 polsk\u0105 aktork\u0105 - 24GLIWICE - Portal Gliwice | codziennie nowe informacje<\/title>\n<meta name=\"robots\" content=\"index, follow, max-snippet:-1, max-image-preview:large, max-video-preview:-1\" \/>\n<link rel=\"canonical\" href=\"https:\/\/www.24gliwice.pl\/wiadomosci\/festyn-z-mikolajem-w-bardzo-szczytnym-celu-mozna-wylicytowac-obiad-ze-znana-polska-aktorka\/\" \/>\n<meta property=\"og:locale\" content=\"pl_PL\" \/>\n<meta property=\"og:type\" content=\"article\" \/>\n<meta property=\"og:title\" content=\"Festyn z Miko\u0142ajem w bardzo szczytnym celu. Mo\u017cna wylicytowa\u0107 obiad ze znan\u0105 polsk\u0105 aktork\u0105 - 24GLIWICE - Portal Gliwice | codziennie nowe informacje\" \/>\n<meta property=\"og:description\" content=\"6 grudnia to czas prezent\u00f3w, niespodzianek, dobrej zabawy i spe\u0142niania marze\u0144. Nie inaczej b\u0119dzie w tym roku. W SP nr 9 odb\u0119dzie si\u0119 festyn w szczytnym celu, na kt\u00f3rym nie zabraknie u\u015bmiechu, koncert\u00f3w i odwiedzin Miko\u0142aja. Zaproszeni s\u0105 wszyscy. Festyn odb\u0119dzie si\u0119 w pi\u0105tek 6 grudnia w godzinach od 16:30 do 20:00 w budynku SP [&hellip;]\" \/>\n<meta property=\"og:url\" content=\"https:\/\/www.24gliwice.pl\/wiadomosci\/festyn-z-mikolajem-w-bardzo-szczytnym-celu-mozna-wylicytowac-obiad-ze-znana-polska-aktorka\/\" \/>\n<meta property=\"og:site_name\" content=\"24GLIWICE - Portal Gliwice | codziennie nowe informacje\" \/>\n<meta property=\"article:publisher\" content=\"https:\/\/www.facebook.com\/24gliwice\" \/>\n<meta property=\"article:published_time\" content=\"2019-11-29T16:30:39+00:00\" \/>\n<meta property=\"og:image\" content=\"https:\/\/www.24gliwice.pl\/wiadomosci\/wp-content\/uploads\/2019\/11\/miko\u0142ajki-w-szczytnym-celu.jpg\" \/>\n\t<meta property=\"og:image:width\" content=\"815\" \/>\n\t<meta property=\"og:image:height\" content=\"460\" \/>\n\t<meta property=\"og:image:type\" content=\"image\/jpeg\" \/>\n<meta name=\"author\" content=\"\u017baneta Mrozek-Siewierska\" \/>\n<meta name=\"twitter:card\" content=\"summary_large_image\" \/>\n<meta name=\"twitter:creator\" content=\"@24gliwice\" \/>\n<meta name=\"twitter:site\" content=\"@24gliwice\" \/>\n<meta name=\"twitter:label1\" content=\"Napisane przez\" \/>\n\t<meta name=\"twitter:data1\" content=\"\u017baneta Mrozek-Siewierska\" \/>\n\t<meta name=\"twitter:label2\" content=\"Szacowany czas czytania\" \/>\n\t<meta name=\"twitter:data2\" content=\"1 minuta\" \/>\n<script type=\"application\/ld+json\" class=\"yoast-schema-graph\">{\"@context\":\"https:\\\/\\\/schema.org\",\"@graph\":[{\"@type\":\"Article\",\"@id\":\"https:\\\/\\\/www.24gliwice.pl\\\/wiadomosci\\\/festyn-z-mikolajem-w-bardzo-szczytnym-celu-mozna-wylicytowac-obiad-ze-znana-polska-aktorka\\\/#article\",\"isPartOf\":{\"@id\":\"https:\\\/\\\/www.24gliwice.pl\\\/wiadomosci\\\/festyn-z-mikolajem-w-bardzo-szczytnym-celu-mozna-wylicytowac-obiad-ze-znana-polska-aktorka\\\/\"},\"author\":{\"name\":\"\u017baneta Mrozek-Siewierska\",\"@id\":\"https:\\\/\\\/www.24gliwice.pl\\\/wiadomosci\\\/#\\\/schema\\\/person\\\/e42c650edd7f2fa332be3811fb166b6e\"},\"headline\":\"Festyn z Miko\u0142ajem w bardzo szczytnym celu. Mo\u017cna wylicytowa\u0107 obiad ze znan\u0105 polsk\u0105 aktork\u0105\",\"datePublished\":\"2019-11-29T16:30:39+00:00\",\"mainEntityOfPage\":{\"@id\":\"https:\\\/\\\/www.24gliwice.pl\\\/wiadomosci\\\/festyn-z-mikolajem-w-bardzo-szczytnym-celu-mozna-wylicytowac-obiad-ze-znana-polska-aktorka\\\/\"},\"wordCount\":233,\"publisher\":{\"@id\":\"https:\\\/\\\/www.24gliwice.pl\\\/wiadomosci\\\/#organization\"},\"image\":{\"@id\":\"https:\\\/\\\/www.24gliwice.pl\\\/wiadomosci\\\/festyn-z-mikolajem-w-bardzo-szczytnym-celu-mozna-wylicytowac-obiad-ze-znana-polska-aktorka\\\/#primaryimage\"},\"thumbnailUrl\":\"https:\\\/\\\/www.24gliwice.pl\\\/wiadomosci\\\/wp-content\\\/uploads\\\/2019\\\/11\\\/miko\u0142ajki-w-szczytnym-celu.jpg\",\"keywords\":[\"bia\u0142aczka\",\"dkms\",\"festyn\",\"miko\u0142ajki\",\"r\u0119kodzie\u0142o\",\"zbi\u00f3rka \u015brodk\u00f3w\"],\"articleSection\":[\"Gliwice\",\"Kultura, wydarzenia, imprezy\",\"Najnowsze wiadomo\u015bci\"],\"inLanguage\":\"pl-PL\"},{\"@type\":\"WebPage\",\"@id\":\"https:\\\/\\\/www.24gliwice.pl\\\/wiadomosci\\\/festyn-z-mikolajem-w-bardzo-szczytnym-celu-mozna-wylicytowac-obiad-ze-znana-polska-aktorka\\\/\",\"url\":\"https:\\\/\\\/www.24gliwice.pl\\\/wiadomosci\\\/festyn-z-mikolajem-w-bardzo-szczytnym-celu-mozna-wylicytowac-obiad-ze-znana-polska-aktorka\\\/\",\"name\":\"Festyn z Miko\u0142ajem w bardzo szczytnym celu. Mo\u017cna wylicytowa\u0107 obiad ze znan\u0105 polsk\u0105 aktork\u0105 - 24GLIWICE - Portal Gliwice | codziennie nowe informacje\",\"isPartOf\":{\"@id\":\"https:\\\/\\\/www.24gliwice.pl\\\/wiadomosci\\\/#website\"},\"primaryImageOfPage\":{\"@id\":\"https:\\\/\\\/www.24gliwice.pl\\\/wiadomosci\\\/festyn-z-mikolajem-w-bardzo-szczytnym-celu-mozna-wylicytowac-obiad-ze-znana-polska-aktorka\\\/#primaryimage\"},\"image\":{\"@id\":\"https:\\\/\\\/www.24gliwice.pl\\\/wiadomosci\\\/festyn-z-mikolajem-w-bardzo-szczytnym-celu-mozna-wylicytowac-obiad-ze-znana-polska-aktorka\\\/#primaryimage\"},\"thumbnailUrl\":\"https:\\\/\\\/www.24gliwice.pl\\\/wiadomosci\\\/wp-content\\\/uploads\\\/2019\\\/11\\\/miko\u0142ajki-w-szczytnym-celu.jpg\",\"datePublished\":\"2019-11-29T16:30:39+00:00\",\"breadcrumb\":{\"@id\":\"https:\\\/\\\/www.24gliwice.pl\\\/wiadomosci\\\/festyn-z-mikolajem-w-bardzo-szczytnym-celu-mozna-wylicytowac-obiad-ze-znana-polska-aktorka\\\/#breadcrumb\"},\"inLanguage\":\"pl-PL\",\"potentialAction\":[{\"@type\":\"ReadAction\",\"target\":[\"https:\\\/\\\/www.24gliwice.pl\\\/wiadomosci\\\/festyn-z-mikolajem-w-bardzo-szczytnym-celu-mozna-wylicytowac-obiad-ze-znana-polska-aktorka\\\/\"]}]},{\"@type\":\"ImageObject\",\"inLanguage\":\"pl-PL\",\"@id\":\"https:\\\/\\\/www.24gliwice.pl\\\/wiadomosci\\\/festyn-z-mikolajem-w-bardzo-szczytnym-celu-mozna-wylicytowac-obiad-ze-znana-polska-aktorka\\\/#primaryimage\",\"url\":\"https:\\\/\\\/www.24gliwice.pl\\\/wiadomosci\\\/wp-content\\\/uploads\\\/2019\\\/11\\\/miko\u0142ajki-w-szczytnym-celu.jpg\",\"contentUrl\":\"https:\\\/\\\/www.24gliwice.pl\\\/wiadomosci\\\/wp-content\\\/uploads\\\/2019\\\/11\\\/miko\u0142ajki-w-szczytnym-celu.jpg\",\"width\":815,\"height\":460},{\"@type\":\"BreadcrumbList\",\"@id\":\"https:\\\/\\\/www.24gliwice.pl\\\/wiadomosci\\\/festyn-z-mikolajem-w-bardzo-szczytnym-celu-mozna-wylicytowac-obiad-ze-znana-polska-aktorka\\\/#breadcrumb\",\"itemListElement\":[{\"@type\":\"ListItem\",\"position\":1,\"name\":\"Strona g\u0142\u00f3wna\",\"item\":\"https:\\\/\\\/www.24gliwice.pl\\\/wiadomosci\\\/\"},{\"@type\":\"ListItem\",\"position\":2,\"name\":\"Festyn z Miko\u0142ajem w bardzo szczytnym celu. Mo\u017cna wylicytowa\u0107 obiad ze znan\u0105 polsk\u0105 aktork\u0105\"}]},{\"@type\":\"WebSite\",\"@id\":\"https:\\\/\\\/www.24gliwice.pl\\\/wiadomosci\\\/#website\",\"url\":\"https:\\\/\\\/www.24gliwice.pl\\\/wiadomosci\\\/\",\"name\":\"24GLIWICE - Portal Gliwice | codziennie nowe wiadomo\u015bci\",\"description\":\"Portal Miejski Gliwice\",\"publisher\":{\"@id\":\"https:\\\/\\\/www.24gliwice.pl\\\/wiadomosci\\\/#organization\"},\"potentialAction\":[{\"@type\":\"SearchAction\",\"target\":{\"@type\":\"EntryPoint\",\"urlTemplate\":\"https:\\\/\\\/www.24gliwice.pl\\\/wiadomosci\\\/?s={search_term_string}\"},\"query-input\":{\"@type\":\"PropertyValueSpecification\",\"valueRequired\":true,\"valueName\":\"search_term_string\"}}],\"inLanguage\":\"pl-PL\"},{\"@type\":\"Organization\",\"@id\":\"https:\\\/\\\/www.24gliwice.pl\\\/wiadomosci\\\/#organization\",\"name\":\"24gliwice\",\"url\":\"https:\\\/\\\/www.24gliwice.pl\\\/wiadomosci\\\/\",\"logo\":{\"@type\":\"ImageObject\",\"inLanguage\":\"pl-PL\",\"@id\":\"https:\\\/\\\/www.24gliwice.pl\\\/wiadomosci\\\/#\\\/schema\\\/logo\\\/image\\\/\",\"url\":\"https:\\\/\\\/www.24gliwice.pl\\\/wiadomosci\\\/wp-content\\\/uploads\\\/2024\\\/10\\\/24gliwice-logo-696.jpg\",\"contentUrl\":\"https:\\\/\\\/www.24gliwice.pl\\\/wiadomosci\\\/wp-content\\\/uploads\\\/2024\\\/10\\\/24gliwice-logo-696.jpg\",\"width\":696,\"height\":696,\"caption\":\"24gliwice\"},\"image\":{\"@id\":\"https:\\\/\\\/www.24gliwice.pl\\\/wiadomosci\\\/#\\\/schema\\\/logo\\\/image\\\/\"},\"sameAs\":[\"https:\\\/\\\/www.facebook.com\\\/24gliwice\",\"https:\\\/\\\/x.com\\\/24gliwice\",\"https:\\\/\\\/www.youtube.com\\\/@24gliwice\"]},{\"@type\":\"Person\",\"@id\":\"https:\\\/\\\/www.24gliwice.pl\\\/wiadomosci\\\/#\\\/schema\\\/person\\\/e42c650edd7f2fa332be3811fb166b6e\",\"name\":\"\u017baneta Mrozek-Siewierska\",\"image\":{\"@type\":\"ImageObject\",\"inLanguage\":\"pl-PL\",\"@id\":\"https:\\\/\\\/secure.gravatar.com\\\/avatar\\\/1881429e9c64597c77ad7aef2d0a19be69a3253e57534d16aa15bf3a4d34a0a3?s=96&d=mm&r=g\",\"url\":\"https:\\\/\\\/secure.gravatar.com\\\/avatar\\\/1881429e9c64597c77ad7aef2d0a19be69a3253e57534d16aa15bf3a4d34a0a3?s=96&d=mm&r=g\",\"contentUrl\":\"https:\\\/\\\/secure.gravatar.com\\\/avatar\\\/1881429e9c64597c77ad7aef2d0a19be69a3253e57534d16aa15bf3a4d34a0a3?s=96&d=mm&r=g\",\"caption\":\"\u017baneta Mrozek-Siewierska\"},\"url\":\"https:\\\/\\\/www.24gliwice.pl\\\/wiadomosci\\\/author\\\/zms\\\/\"}]}<\/script>\n<!-- \/ Yoast SEO plugin. -->","yoast_head_json":{"title":"Festyn z Miko\u0142ajem w bardzo szczytnym celu. Mo\u017cna wylicytowa\u0107 obiad ze znan\u0105 polsk\u0105 aktork\u0105 - 24GLIWICE - Portal Gliwice | codziennie nowe informacje","robots":{"index":"index","follow":"follow","max-snippet":"max-snippet:-1","max-image-preview":"max-image-preview:large","max-video-preview":"max-video-preview:-1"},"canonical":"https:\/\/www.24gliwice.pl\/wiadomosci\/festyn-z-mikolajem-w-bardzo-szczytnym-celu-mozna-wylicytowac-obiad-ze-znana-polska-aktorka\/","og_locale":"pl_PL","og_type":"article","og_title":"Festyn z Miko\u0142ajem w bardzo szczytnym celu. Mo\u017cna wylicytowa\u0107 obiad ze znan\u0105 polsk\u0105 aktork\u0105 - 24GLIWICE - Portal Gliwice | codziennie nowe informacje","og_description":"6 grudnia to czas prezent\u00f3w, niespodzianek, dobrej zabawy i spe\u0142niania marze\u0144. Nie inaczej b\u0119dzie w tym roku. W SP nr 9 odb\u0119dzie si\u0119 festyn w szczytnym celu, na kt\u00f3rym nie zabraknie u\u015bmiechu, koncert\u00f3w i odwiedzin Miko\u0142aja. Zaproszeni s\u0105 wszyscy. Festyn odb\u0119dzie si\u0119 w pi\u0105tek 6 grudnia w godzinach od 16:30 do 20:00 w budynku SP [&hellip;]","og_url":"https:\/\/www.24gliwice.pl\/wiadomosci\/festyn-z-mikolajem-w-bardzo-szczytnym-celu-mozna-wylicytowac-obiad-ze-znana-polska-aktorka\/","og_site_name":"24GLIWICE - Portal Gliwice | codziennie nowe informacje","article_publisher":"https:\/\/www.facebook.com\/24gliwice","article_published_time":"2019-11-29T16:30:39+00:00","og_image":[{"width":815,"height":460,"url":"https:\/\/www.24gliwice.pl\/wiadomosci\/wp-content\/uploads\/2019\/11\/miko\u0142ajki-w-szczytnym-celu.jpg","type":"image\/jpeg"}],"author":"\u017baneta Mrozek-Siewierska","twitter_card":"summary_large_image","twitter_creator":"@24gliwice","twitter_site":"@24gliwice","twitter_misc":{"Napisane przez":"\u017baneta Mrozek-Siewierska","Szacowany czas czytania":"1 minuta"},"schema":{"@context":"https:\/\/schema.org","@graph":[{"@type":"Article","@id":"https:\/\/www.24gliwice.pl\/wiadomosci\/festyn-z-mikolajem-w-bardzo-szczytnym-celu-mozna-wylicytowac-obiad-ze-znana-polska-aktorka\/#article","isPartOf":{"@id":"https:\/\/www.24gliwice.pl\/wiadomosci\/festyn-z-mikolajem-w-bardzo-szczytnym-celu-mozna-wylicytowac-obiad-ze-znana-polska-aktorka\/"},"author":{"name":"\u017baneta Mrozek-Siewierska","@id":"https:\/\/www.24gliwice.pl\/wiadomosci\/#\/schema\/person\/e42c650edd7f2fa332be3811fb166b6e"},"headline":"Festyn z Miko\u0142ajem w bardzo szczytnym celu. Mo\u017cna wylicytowa\u0107 obiad ze znan\u0105 polsk\u0105 aktork\u0105","datePublished":"2019-11-29T16:30:39+00:00","mainEntityOfPage":{"@id":"https:\/\/www.24gliwice.pl\/wiadomosci\/festyn-z-mikolajem-w-bardzo-szczytnym-celu-mozna-wylicytowac-obiad-ze-znana-polska-aktorka\/"},"wordCount":233,"publisher":{"@id":"https:\/\/www.24gliwice.pl\/wiadomosci\/#organization"},"image":{"@id":"https:\/\/www.24gliwice.pl\/wiadomosci\/festyn-z-mikolajem-w-bardzo-szczytnym-celu-mozna-wylicytowac-obiad-ze-znana-polska-aktorka\/#primaryimage"},"thumbnailUrl":"https:\/\/www.24gliwice.pl\/wiadomosci\/wp-content\/uploads\/2019\/11\/miko\u0142ajki-w-szczytnym-celu.jpg","keywords":["bia\u0142aczka","dkms","festyn","miko\u0142ajki","r\u0119kodzie\u0142o","zbi\u00f3rka \u015brodk\u00f3w"],"articleSection":["Gliwice","Kultura, wydarzenia, imprezy","Najnowsze wiadomo\u015bci"],"inLanguage":"pl-PL"},{"@type":"WebPage","@id":"https:\/\/www.24gliwice.pl\/wiadomosci\/festyn-z-mikolajem-w-bardzo-szczytnym-celu-mozna-wylicytowac-obiad-ze-znana-polska-aktorka\/","url":"https:\/\/www.24gliwice.pl\/wiadomosci\/festyn-z-mikolajem-w-bardzo-szczytnym-celu-mozna-wylicytowac-obiad-ze-znana-polska-aktorka\/","name":"Festyn z Miko\u0142ajem w bardzo szczytnym celu. Mo\u017cna wylicytowa\u0107 obiad ze znan\u0105 polsk\u0105 aktork\u0105 - 24GLIWICE - Portal Gliwice | codziennie nowe informacje","isPartOf":{"@id":"https:\/\/www.24gliwice.pl\/wiadomosci\/#website"},"primaryImageOfPage":{"@id":"https:\/\/www.24gliwice.pl\/wiadomosci\/festyn-z-mikolajem-w-bardzo-szczytnym-celu-mozna-wylicytowac-obiad-ze-znana-polska-aktorka\/#primaryimage"},"image":{"@id":"https:\/\/www.24gliwice.pl\/wiadomosci\/festyn-z-mikolajem-w-bardzo-szczytnym-celu-mozna-wylicytowac-obiad-ze-znana-polska-aktorka\/#primaryimage"},"thumbnailUrl":"https:\/\/www.24gliwice.pl\/wiadomosci\/wp-content\/uploads\/2019\/11\/miko\u0142ajki-w-szczytnym-celu.jpg","datePublished":"2019-11-29T16:30:39+00:00","breadcrumb":{"@id":"https:\/\/www.24gliwice.pl\/wiadomosci\/festyn-z-mikolajem-w-bardzo-szczytnym-celu-mozna-wylicytowac-obiad-ze-znana-polska-aktorka\/#breadcrumb"},"inLanguage":"pl-PL","potentialAction":[{"@type":"ReadAction","target":["https:\/\/www.24gliwice.pl\/wiadomosci\/festyn-z-mikolajem-w-bardzo-szczytnym-celu-mozna-wylicytowac-obiad-ze-znana-polska-aktorka\/"]}]},{"@type":"ImageObject","inLanguage":"pl-PL","@id":"https:\/\/www.24gliwice.pl\/wiadomosci\/festyn-z-mikolajem-w-bardzo-szczytnym-celu-mozna-wylicytowac-obiad-ze-znana-polska-aktorka\/#primaryimage","url":"https:\/\/www.24gliwice.pl\/wiadomosci\/wp-content\/uploads\/2019\/11\/miko\u0142ajki-w-szczytnym-celu.jpg","contentUrl":"https:\/\/www.24gliwice.pl\/wiadomosci\/wp-content\/uploads\/2019\/11\/miko\u0142ajki-w-szczytnym-celu.jpg","width":815,"height":460},{"@type":"BreadcrumbList","@id":"https:\/\/www.24gliwice.pl\/wiadomosci\/festyn-z-mikolajem-w-bardzo-szczytnym-celu-mozna-wylicytowac-obiad-ze-znana-polska-aktorka\/#breadcrumb","itemListElement":[{"@type":"ListItem","position":1,"name":"Strona g\u0142\u00f3wna","item":"https:\/\/www.24gliwice.pl\/wiadomosci\/"},{"@type":"ListItem","position":2,"name":"Festyn z Miko\u0142ajem w bardzo szczytnym celu. Mo\u017cna wylicytowa\u0107 obiad ze znan\u0105 polsk\u0105 aktork\u0105"}]},{"@type":"WebSite","@id":"https:\/\/www.24gliwice.pl\/wiadomosci\/#website","url":"https:\/\/www.24gliwice.pl\/wiadomosci\/","name":"24GLIWICE - Portal Gliwice | codziennie nowe wiadomo\u015bci","description":"Portal Miejski Gliwice","publisher":{"@id":"https:\/\/www.24gliwice.pl\/wiadomosci\/#organization"},"potentialAction":[{"@type":"SearchAction","target":{"@type":"EntryPoint","urlTemplate":"https:\/\/www.24gliwice.pl\/wiadomosci\/?s={search_term_string}"},"query-input":{"@type":"PropertyValueSpecification","valueRequired":true,"valueName":"search_term_string"}}],"inLanguage":"pl-PL"},{"@type":"Organization","@id":"https:\/\/www.24gliwice.pl\/wiadomosci\/#organization","name":"24gliwice","url":"https:\/\/www.24gliwice.pl\/wiadomosci\/","logo":{"@type":"ImageObject","inLanguage":"pl-PL","@id":"https:\/\/www.24gliwice.pl\/wiadomosci\/#\/schema\/logo\/image\/","url":"https:\/\/www.24gliwice.pl\/wiadomosci\/wp-content\/uploads\/2024\/10\/24gliwice-logo-696.jpg","contentUrl":"https:\/\/www.24gliwice.pl\/wiadomosci\/wp-content\/uploads\/2024\/10\/24gliwice-logo-696.jpg","width":696,"height":696,"caption":"24gliwice"},"image":{"@id":"https:\/\/www.24gliwice.pl\/wiadomosci\/#\/schema\/logo\/image\/"},"sameAs":["https:\/\/www.facebook.com\/24gliwice","https:\/\/x.com\/24gliwice","https:\/\/www.youtube.com\/@24gliwice"]},{"@type":"Person","@id":"https:\/\/www.24gliwice.pl\/wiadomosci\/#\/schema\/person\/e42c650edd7f2fa332be3811fb166b6e","name":"\u017baneta Mrozek-Siewierska","image":{"@type":"ImageObject","inLanguage":"pl-PL","@id":"https:\/\/secure.gravatar.com\/avatar\/1881429e9c64597c77ad7aef2d0a19be69a3253e57534d16aa15bf3a4d34a0a3?s=96&d=mm&r=g","url":"https:\/\/secure.gravatar.com\/avatar\/1881429e9c64597c77ad7aef2d0a19be69a3253e57534d16aa15bf3a4d34a0a3?s=96&d=mm&r=g","contentUrl":"https:\/\/secure.gravatar.com\/avatar\/1881429e9c64597c77ad7aef2d0a19be69a3253e57534d16aa15bf3a4d34a0a3?s=96&d=mm&r=g","caption":"\u017baneta Mrozek-Siewierska"},"url":"https:\/\/www.24gliwice.pl\/wiadomosci\/author\/zms\/"}]}},"_links":{"self":[{"href":"https:\/\/www.24gliwice.pl\/wiadomosci\/wp-json\/wp\/v2\/posts\/144162","targetHints":{"allow":["GET"]}}],"collection":[{"href":"https:\/\/www.24gliwice.pl\/wiadomosci\/wp-json\/wp\/v2\/posts"}],"about":[{"href":"https:\/\/www.24gliwice.pl\/wiadomosci\/wp-json\/wp\/v2\/types\/post"}],"author":[{"embeddable":true,"href":"https:\/\/www.24gliwice.pl\/wiadomosci\/wp-json\/wp\/v2\/users\/15"}],"replies":[{"embeddable":true,"href":"https:\/\/www.24gliwice.pl\/wiadomosci\/wp-json\/wp\/v2\/comments?post=144162"}],"version-history":[{"count":0,"href":"https:\/\/www.24gliwice.pl\/wiadomosci\/wp-json\/wp\/v2\/posts\/144162\/revisions"}],"wp:featuredmedia":[{"embeddable":true,"href":"https:\/\/www.24gliwice.pl\/wiadomosci\/wp-json\/wp\/v2\/media\/144169"}],"wp:attachment":[{"href":"https:\/\/www.24gliwice.pl\/wiadomosci\/wp-json\/wp\/v2\/media?parent=144162"}],"wp:term":[{"taxonomy":"category","embeddable":true,"href":"https:\/\/www.24gliwice.pl\/wiadomosci\/wp-json\/wp\/v2\/categories?post=144162"},{"taxonomy":"post_tag","embeddable":true,"href":"https:\/\/www.24gliwice.pl\/wiadomosci\/wp-json\/wp\/v2\/tags?post=144162"}],"curies":[{"name":"wp","href":"https:\/\/api.w.org\/{rel}","templated":true}]}}