{"id":144204,"date":"2019-12-01T14:04:06","date_gmt":"2019-12-01T13:04:06","guid":{"rendered":"https:\/\/www.24gliwice.pl\/wiadomosci\/?p=144204"},"modified":"2024-02-18T03:09:45","modified_gmt":"2024-02-18T02:09:45","slug":"adam-neumann-ostatnie-26-lat-to-nieslychanie-dobrze-wykonana-praca-dla-miasta","status":"publish","type":"post","link":"https:\/\/www.24gliwice.pl\/wiadomosci\/adam-neumann-ostatnie-26-lat-to-nieslychanie-dobrze-wykonana-praca-dla-miasta\/","title":{"rendered":"Adam Neumann: &#8220;Ostatnie 26 lat to nies\u0142ychanie dobrze wykonana praca dla miasta&#8221;"},"content":{"rendered":"<div class=\"gliwi-a6-nad-leadem-artykulow gliwi-entity-placement\" id=\"gliwi-4134496222\"><div class=\"gliwi-adlabel\"><span style=\"font-size: 9px\">REKLAMA<\/span><\/div><div id=\"gliwi-1594306525\" style=\"margin-bottom: 25px;margin-left: auto;margin-right: auto;text-align: center;\"><a data-no-instant=\"1\" href=\"https:\/\/dom100.eu\/\" rel=\"noopener\" class=\"a2t-link\" target=\"_blank\" aria-label=\"20260415 DOM100 D\"><img loading=\"lazy\" decoding=\"async\" src=\"https:\/\/www.24gliwice.pl\/wiadomosci\/wp-content\/uploads\/2026\/04\/20260415-DOM100-D.jpg\" alt=\"\"  srcset=\"https:\/\/www.24gliwice.pl\/wiadomosci\/wp-content\/uploads\/2026\/04\/20260415-DOM100-D.jpg 750w, https:\/\/www.24gliwice.pl\/wiadomosci\/wp-content\/uploads\/2026\/04\/20260415-DOM100-D-410x109.jpg 410w\" sizes=\"(max-width: 750px) 100vw, 750px\" class=\"no-lazyload\" width=\"750\" height=\"200\"  style=\"display: inline-block; max-width: 100%; height: auto;\" \/><\/a><\/div><\/div><h3>&#8211; Nie chc\u0119 by Gliwice by\u0142y zarz\u0105dzane przez populist\u00f3w trwoni\u0105cych to co zosta\u0142o osi\u0105gni\u0119te<\/h3>\n<p>&#8211; m\u00f3wi w rozmowie z 24gliwice.pl <strong>Adam Neumann<\/strong>, by\u0142y wiceprezydent Gliwic za rz\u0105d\u00f3w Zygmunta Frankiewicza i kandydat tego \u015brodowiska na prezydenta Gliwic w nadchodz\u0105cych wyborach. W wywiadzie poruszone zosta\u0142y kwestie m.in. autorskiego programu Neumanna, poparcia PO, afery hejterskiej, zieleni miejskiej, mo\u017cliwych zmian na ul. Siemi\u0144skiego i wiele innych.<\/p>\n<p><span style=\"color: #ff0000;\">Wywiad ukazuje si\u0119 w cyklu naszych rozm\u00f3w z kandydatami na prezydenta Gliwic. Zach\u0119camy te\u017c do lektury wywiadu z kontrkandydatem Adama Neumanna <strong><a style=\"color: #ff0000;\" href=\"https:\/\/www.24gliwice.pl\/wiadomosci\/kajetan-gornig-jestem-kandydatem-ktory-gwarantuje-swieza-wizje-miasta-jest-blizej-ludzi\/\" target=\"_blank\" rel=\"noopener noreferrer\">Kajetanem Gornigiem (link)<\/a>.<\/strong><\/span><\/p><div class=\"gliwi-a3-w-tresci-artykulow gliwi-entity-placement\" id=\"gliwi-228238828\"><div class=\"gliwi-adlabel\"><span style=\"font-size: 9px\">REKLAMA<\/span><\/div><div id=\"gliwi-2817756055\" style=\"margin-bottom: 30px;margin-left: auto;margin-right: auto;text-align: center;\"><a data-no-instant=\"1\" href=\"https:\/\/ogrodyandersa.pl\/\" rel=\"noopener\" class=\"a2t-link\" target=\"_blank\" aria-label=\"20260415 Ogrody Andersa KUP TERAZ D\"><img loading=\"lazy\" decoding=\"async\" src=\"https:\/\/www.24gliwice.pl\/wiadomosci\/wp-content\/uploads\/2026\/04\/20260415-Ogrody-Andersa-KUP-TERAZ-D.jpg\" alt=\"\"  srcset=\"https:\/\/www.24gliwice.pl\/wiadomosci\/wp-content\/uploads\/2026\/04\/20260415-Ogrody-Andersa-KUP-TERAZ-D.jpg 750w, https:\/\/www.24gliwice.pl\/wiadomosci\/wp-content\/uploads\/2026\/04\/20260415-Ogrody-Andersa-KUP-TERAZ-D-410x109.jpg 410w\" sizes=\"(max-width: 750px) 100vw, 750px\" class=\"no-lazyload\" width=\"750\" height=\"200\"  style=\"display: inline-block; max-width: 100%; height: auto;\" \/><\/a><\/div><\/div>\n<h4>Micha\u0142 Szewczyk, 24gliwice.pl: &#8211; Dzi\u0119kuj\u0119, \u017ce zgodzi\u0142 si\u0119 Pan na wywiad, od 5 lat pr\u00f3bowa\u0142em zaprosi\u0107 na rozmow\u0119 Zygmunta Frankiewicza, ale konsekwentnie odmawia\u0142.<\/h4>\n<p><strong>Adam Neumann, kandydat na prezydenta Miasta Gliwice:<\/strong> &#8211; Mo\u017ce redakcja \u201enadepn\u0119\u0142a mu na odcisk\u201d. Ostatnie 26 lat to nies\u0142ychanie dobrze wykonana praca dla miasta. Mo\u017cna doszukiwa\u0107 si\u0119 jaki\u015b potkni\u0119\u0107, ale to normalne i ka\u017cdy je ma. Generalnie jestem przekonany, \u017ce Zygmuntowi Frankiewiczowi nale\u017cy si\u0119 pe\u0142ny szacunek. Ale nie chc\u0119 m\u00f3wi\u0107 za du\u017co o przesz\u0142o\u015bci, ale o tym co ja mam do zaproponowania gliwiczanom.<\/p>\n<h4>&#8211; Zygmunt Frankiewicz nie organizowa\u0142 konferencji prasowych, unika\u0142 rozm\u00f3w z lokalnymi dziennikarzami, nie konsultowa\u0142 si\u0119 ze spo\u0142ecznikami. Pan m\u00f3wi, \u017ce b\u0119dzie \u201ekontynuowa\u0142 jego dzie\u0142o\u201d. Tak p\u00f3\u0142 \u017cartem, p\u00f3\u0142 serio, w tym kontek\u015bcie to troch\u0119 niepokoj\u0105ce.<\/h4>\n<p>&#8211; U\u017cy\u0142em tego sformu\u0142owania, poniewa\u017c jest to swego rodzaju dzie\u0142o \u2013 wyprowadzi\u0142 Gliwice ze stosunkowo biednego miasta &#8211; jakim Gliwice by\u0142y 26 lat temu &#8211; na jedno z najdynamiczniej rozwijaj\u0105cych si\u0119 miast w Polsce. Zamierzam to kontynuowa\u0107, ale chc\u0119 te\u017c wzbogaci\u0107 program o nowe elementy. I w\u0142a\u015bnie jednym z nich jest potrzeba konsultowania spraw miasta z mieszka\u0144cami Gliwic. Marzy mi si\u0119 wprowadzenie mechanizmu badania opinii publicznej. Cz\u0119sto przecie\u017c pojawia si\u0119 g\u0142os pewnej grupy, kt\u00f3ra jest jednak grup\u0105 mniejszo\u015bciow\u0105. Ja to szanuj\u0119, ale zamierzam sprawdza\u0107 co s\u0105dzi te\u017c milcz\u0105ca wi\u0119kszo\u015b\u0107. Takie badania mo\u017cna przeprowadza\u0107 przez profesjonalne firmy i dobrze funkcjonuje to np. w Wielkiej Brytanii.<\/p>\n<h4>&#8211; Przed paroma tygodniami do Gliwic z udzieleniem Panu poparcia przyjecha\u0142 Grzegorz Schetyna. Na konferencji pojawili si\u0119 najwa\u017cniejsi politycy, ale Pana nie by\u0142o. Dlaczego?<\/h4>\n<p>&#8211; Ta nieobecno\u015b\u0107 to podkre\u015blenie mojej bezpartyjno\u015bci i niezale\u017cno\u015bci. Zygmunt Frankiewicz zaprosi\u0142 do Gliwic Grzegorza Schetyn\u0119 \u017ceby przypomnie\u0107 o pakcie senackim (wedle kt\u00f3rego wszystkie znacz\u0105ce partie opozycyjne mia\u0142y nie wystawia\u0107 kontrkandydat\u00f3w). Poniewa\u017c uwa\u017camy, \u017ce um\u00f3w trzeba dotrzymywa\u0107, zapytali\u015bmy Schetyn\u0119 o opini\u0119, a ten potwierdzi\u0142 to stanowisko. Platforma po prostu dotrzyma\u0142a umowy.<\/p>\n<h4>&#8211; M\u00f3wi Pan o swojej bezpartyjno\u015bci, a jednocze\u015bnie ze wsparciem dla Pana przyje\u017cd\u017ca do Gliwic lider drugiej najwi\u0119kszej partii w Polsce. Troch\u0119 brakuje tu konsekwencji.<\/h4>\n<p>&#8211; Podzi\u0119kowa\u0142em oczywi\u015bcie Schetynie za to poparcie, ale on po prostu dotrzyma\u0142 danej wcze\u015bniej umowy.<\/p>\n<h4>&#8211; Ale nie wszyscy w gliwickiej PO poparli Pana kandydatur\u0119.<\/h4>\n<p>&#8211; Spotka\u0142em si\u0119 z ko\u0142em gliwickim PO, dyskusja trwa\u0142a dwie godziny. Atmosfera by\u0142a bardzo dobra. Na koniec spotkania, na wniosek Katarzyny Kuczy\u0144skiej-Budki dosz\u0142o do g\u0142osowania nad moj\u0105 kandydatur\u0105. Oko\u0142o 25 g\u0142os\u00f3w by\u0142o za, 4 osoby si\u0119 wstrzyma\u0142y, nikt nie by\u0142 przeciw. Dla mnie to jednoznaczny wyraz poparcia. Opr\u00f3cz PO popieraj\u0105 mnie tak\u017ce inne partie, kt\u00f3rych r\u00f3wnie\u017c nie jestem cz\u0142onkiem.<\/p>\n<h4>&#8211; Dlaczego Katarzyna Kuczy\u0144ska-Budka Pana nie popar\u0142a? Wyda\u0142a nawet w tej sprawie specjalne o\u015bwiadczenie.<\/h4>\n<p>&#8211; Ona chce by\u0107 wiceprezydentem. Sk\u0142ada\u0142a mi tak\u0105 propozycj\u0119 wraz ze swoim m\u0119\u017cem. Nawet zaproponowali pisemne porozumienie z Zygmuntem Frankiewiczem i ze mn\u0105. Oferowali op\u0142acon\u0105 przez nich pomoc w kampanii.<\/p>\n<h4>&#8211; Jaka by\u0142a Pana reakcja?<\/h4>\n<p>&#8211; Niezmienna, bo ja takich propozycji mam wiele. Na ten moment koncentruj\u0119 si\u0119 na programie dla gliwiczan, spotykam ze wszystkimi, kt\u00f3rzy tego oczekuj\u0105, staram si\u0119 wypracowa\u0107 merytoryczny obraz os\u00f3b, z kt\u00f3rymi rozmawiam. Dopiero po ewentualnych wygranych wyborach b\u0119d\u0119 podejmowa\u0142 decyzje personalne.<\/p>\n<h4>&#8211; Czyli nie odrzuci\u0142 Pan tej propozycji?<\/h4>\n<p>&#8211; Nie skre\u015bli\u0142em nikogo, ale te\u017c nikomu nic nie obieca\u0142em. I nie zrobi\u0119 tego.<\/p>\n<h4>&#8211; \u201eTo nie b\u0119d\u0105 trudne wybory do wygrania\u201d m\u00f3wi\u0142 prezydent Frankiewicz na konferencji przedstawiaj\u0105cej Pana kandydatur\u0119. Zgadza si\u0119 Pan z t\u0105 opini\u0105?<\/h4>\n<p>&#8211; Zygmunt Frankiewicz liczy\u0142 na to, \u017ce w tych wyborach dojdzie do swego rodzaju plebiscytu: kandydat PiSu przeciwko kandydatowi Frankiewicza. I w\u00f3wczas uzna\u0142 t\u0119 wybory za \u0142atwe do wygrania. Sytuacja si\u0119 zmieni\u0142a, kandydat\u00f3w b\u0119dzie wi\u0119cej. PiS stara si\u0119 sprawia\u0107 wra\u017cenie, \u017ce nie wystawia w Gliwicach kandydata. A przecie\u017c Janusz Moszy\u0144ski jest kandydatem PiSu i o tym wszyscy wiedz\u0105. Kajetan Gornig te\u017c jest wspierany przez PiS. Ja robi\u0119 swoje i koncentruj\u0119 si\u0119 na spotkaniach z gliwiczanami.<\/p>\n<h4>&#8211; Trwaj\u0105c\u0105 kampani\u0119 wyborcz\u0105 rozgrza\u0142a ostatnio <a href=\"https:\/\/www.24gliwice.pl\/wiadomosci\/sprzeciwiamy-sie-takim-dzialaniom-uwazajac-je-za-haniebne-wspolne-oswiadczenie-dziennikarzy\/\">afera hejterska<\/a>. Przedstawiono dowody, \u017ce redaktor serwisu Dzisiaj w Gliwicach, u\u017cywaj\u0105c fa\u0142szywego konta mia\u0142 obra\u017ca\u0107 wszystkich kandydat\u00f3w, opr\u00f3cz Adama Neumanna.<\/h4>\n<p>&#8211; Nie znam si\u0119 na Facebooku. Nowiny Gliwickie, kt\u00f3re poczu\u0142y si\u0119 obra\u017cone rzekomym trollem, obrazi\u0142y wcze\u015bniej mnie. Pani redaktor napisa\u0142a np. w trybie oznajmiaj\u0105cym, \u017ce poparcie Zygmunta Frankiewicza nie wystarczy by Neumann wygra\u0142 wybory. To ja jak mam to traktowa\u0107? To jest oznajmianie czytelnikom wyniku wybor\u00f3w.<\/p>\n<h4>&#8211; Panie Prezydencie, ale m\u00f3wimy o osobie, kt\u00f3ra od 2013 roku otrzyma\u0142a z wolnej r\u0119ki od magistratu 412 tysi\u0119cy z\u0142otych. Nie dziwi wi\u0119c, \u017ce niekt\u00f3rzy sugeruj\u0105 jakoby by\u0142a to pr\u00f3ba \u201eodwdzi\u0119czenia si\u0119\u201d.<\/h4>\n<p>&#8211; Pot\u0119piam wszystkie dzia\u0142ania niezgodne z prawem. Zapewniam, \u017ce nigdy niczego nie zleca\u0142em w tym zakresie. Wszystkie moje dzia\u0142ania s\u0105 transparentne i zgodne z kodeksem wyborczym. Ja nie znam si\u0119 na tym, wi\u0119c nie b\u0119d\u0119 prowadzi\u0142 dyskusji na ten temat. Je\u017celi kto\u015b ma takie podejrzenia i dowody, to powinien zg\u0142osi\u0107 spraw\u0119 do prokuratury.<\/p>\n<h4>&#8211; Jak Pan przyj\u0105\u0142 s\u0142owa Janusza Moszy\u0144skiego, \u017ce \u201ew Gliwicach nie ma gospodarza\u201d?<\/h4>\n<p>&#8211; My\u015bl\u0119, \u017ce gliwiczanie mu nie wierz\u0105. Janusz Moszy\u0144ski m\u00f3wi, \u017ce do 2006 roku Gliwice si\u0119 rozwija\u0142y, a teraz nie. To jest oczywista nieprawda, a mnie dotyka to osobi\u015bcie bo przez 13 lat rzetelnie pracowa\u0142em pe\u0142ni\u0105c funkcj\u0119 zast\u0119pcy prezydenta. Przeprowadzili\u015bmy ogromn\u0105 liczb\u0119 inwestycji. Dlatego za te s\u0142owa jestem na niego wyj\u0105tkowy z\u0142y, bo to oczywista nieprawda.<\/p>\n<h4>&#8211; Co zatem zaproponuje Gliwicom gospodarz Adam Neumann?<\/h4>\n<p>&#8211; Przede wszystkim chc\u0119 intensywnie kontynuowa\u0107 program, kt\u00f3ry razem realizowali\u015bmy z Zygmuntem Frankiewiczem. W ca\u0142o\u015bci jest dost\u0119pny na mojej stronie internetowej. Chc\u0119 wy\u0142\u0105czy\u0107 z ruchu samochodowego star\u00f3wk\u0119. Trzeba jednak to zrobi\u0107 odpowiedzialnie \u2013 najpierw wykona\u0107 studium wykonalno\u015bci parking\u00f3w wielopoziomowych na obrze\u017cach star\u00f3wki (by\u0107 mo\u017ce tak\u017ce podziemnych). Zamierzam od tego zacz\u0105\u0107 w pierwszej kolejno\u015bci. Ju\u017c rozmawia\u0142em z ekspertami i wiem, \u017ce jest to mo\u017cliwe.<\/p>\n<h4>&#8211; Ale ten pomys\u0142 pojawi\u0142 si\u0119 ju\u017c w kampanii wyborczej Zygmunta Frankiewicza w 2014 roku. Nied\u0142ugo po tamtych wyborach okaza\u0142o si\u0119, \u017ce jednak nie jest mo\u017cliwa jego realizacja.<\/h4>\n<p>&#8211; Proponuj\u0119 by gliwiczanie dali mi szans\u0119. Ja jestem naprawd\u0119 zdeterminowany by to zrobi\u0107. Wiele miast ju\u017c takie rozwi\u0105zania wprowadzi\u0142o. Lubi\u0119 podpatrywa\u0107 dobre pomys\u0142y, nie jestem alf\u0105 i omeg\u0105, dobre przyk\u0142ady trzeba kopiowa\u0107, ale najpierw odpowiedzialnie sprawdzaj\u0105c czy s\u0105 mo\u017cliwe do wprowadzenia tak\u017ce u nas.<\/p>\n<h4>&#8211; Dlaczego wdro\u017cenie tego pomys\u0142u nie by\u0142o forsowane wcze\u015bniej, tylko pojawia si\u0119 dopiero teraz, w kampanii wyborczej?<\/h4>\n<p>&#8211; Ja to robi\u0142em. Wiele godzin rozmawia\u0142em o tym z wiceprezydentem Piotrem Wieczorkiem. Na pewno chc\u0119 nada\u0107 tym dzia\u0142aniom wi\u0119ksz\u0105 dynamik\u0119 ni\u017c dotychczas.<\/p>\n<h4>&#8211; By\u0142 Pan ostatnio na ul. Siemi\u0144skiego?<\/h4>\n<p>&#8211; Rzadko tam bywam, ale przyznam, \u017ce ta ulica w obecnej formie mnie denerwuje.<\/p>\n<h4>&#8211; Dlaczego?<\/h4>\n<p>&#8211; Jestem in\u017cynierem. Uwa\u017cam, \u017ce na wersalce, ani cz\u0142owiek dobrze si\u0119 nie wy\u015bpi, ani nie posiedzi. Rzeczy powinny by\u0107 u\u017cytkowane zgodnie z przeznaczeniem, wtedy s\u0105 wygodne i si\u0119 sprawdzaj\u0105.<\/p>\n<h4>&#8211; Czyli jest Pan przeciwnikiem idei woonerf\u00f3w?<\/h4>\n<p>&#8211; Zrobi\u0142bym taki woonerf na pl. Inwalid\u00f3w, a nie na ul. Siemi\u0144skiego, kt\u00f3ra jest poza \u015bcis\u0142\u0105 star\u00f3wk\u0105. Troch\u0119 zostali\u015bmy przymuszeni przez architekt\u00f3w, dzia\u0142aczy miejskich do tego pomys\u0142u. Mam do tego stosunek negatywny.<\/p>\n<h4>&#8211; Je\u015bli zostanie Pan prezydentem na ul. Siemi\u0144skiego wr\u00f3c\u0105 samochody, jak dwa lata temu?<\/h4>\n<p>&#8211; Tego nie wiem. Mo\u017cliwe, \u017ce w tym wypadku dobrym rozwi\u0105zaniem b\u0119d\u0105 wspomniane badania opinii publicznej. Na wiele rzeczy nie mam szczeg\u00f3\u0142owych pomys\u0142\u00f3w, bo na wszystkim si\u0119 nie znam. Mam du\u017c\u0105 wiedz\u0119 np. na temat zarz\u0105dzania nieruchomo\u015bciami, gospodarki mieszkaniowej, geodezji, planowania przestrzennego i ochrony \u015brodowiska. W wielu tematach chc\u0119 s\u0142ucha\u0107 opinii fachowc\u00f3w.<\/p>\n<div id=\"attachment_144213\" style=\"width: 820px\" class=\"wp-caption aligncenter\"><img loading=\"lazy\" decoding=\"async\" aria-describedby=\"caption-attachment-144213\" class=\"size-full wp-image-144213\" src=\"https:\/\/www.24gliwice.pl\/wiadomosci\/wp-content\/uploads\/2019\/12\/adam-neumann-3.jpg\" alt=\"\" width=\"810\" height=\"540\" srcset=\"https:\/\/www.24gliwice.pl\/wiadomosci\/wp-content\/uploads\/2019\/12\/adam-neumann-3.jpg 810w, https:\/\/www.24gliwice.pl\/wiadomosci\/wp-content\/uploads\/2019\/12\/adam-neumann-3-348x232.jpg 348w, https:\/\/www.24gliwice.pl\/wiadomosci\/wp-content\/uploads\/2019\/12\/adam-neumann-3-683x455.jpg 683w, https:\/\/www.24gliwice.pl\/wiadomosci\/wp-content\/uploads\/2019\/12\/adam-neumann-3-768x512.jpg 768w\" sizes=\"auto, (max-width: 810px) 100vw, 810px\" \/><p id=\"caption-attachment-144213\" class=\"wp-caption-text\">Fot. mat. A. Neumann<\/p><\/div>\n<h4>&#8211; Dlaczego ZDM ma takie problemy, \u017ceby wprowadzi\u0107 na Siemi\u0144skiego czytelne zasady i przede wszystkim zapewni\u0107 bezpiecze\u0144stwo?<\/h4>\n<p>&#8211; Jestem przekonany, \u017ce nie mo\u017ce by\u0107 niebezpiecznie.<\/p>\n<h4>&#8211; A jest.<\/h4>\n<p>&#8211; Absolutnie trzeba co\u015b z tym zrobi\u0107.<\/p>\n<h4>&#8211; W kampanii wr\u00f3ci\u0142a do debaty kwestia lip z ul. Mickiewicza. Moszy\u0144ski i Gornig zapowiedzieli, \u017ce drzewa pozostawi\u0105 w spokoju. Pan tak\u017ce da mieszka\u0144com tak\u0105 gwarancj\u0119?<\/h4>\n<p>&#8211; O ile wiem, Mariusz \u015apiewok (do niedawna zast\u0119pca prezydenta miasta) wstrzyma\u0142 niedawno decyzj\u0119 o wycince. Ale ja nie odpowiem jednoznacznie. Temat powinien by\u0107 ponownie zbadany. Lipy s\u0105 wa\u017cne, ale bezpiecze\u0144stwo te\u017c jest wa\u017cne. Drzewa nie mog\u0105 rosn\u0105\u0107 w skrajni drogi, a tam tak jest.<\/p>\n<h4>&#8211; Ale przyk\u0142ad\u00f3w takich drzew w skrajni jest w mie\u015bcie mn\u00f3stwo, ZDM-owi przeszkadzaj\u0105 jednak te konkretne przy ul. Mickiewicza.<\/h4>\n<p>&#8211; Nie mam gotowej recepty. Je\u017celi zostan\u0119 prezydentem na pewno temat od pocz\u0105tku do ko\u0144ca sam zbadam, \u017ceby posi\u0105\u015b\u0107 na ten temat dok\u0142adn\u0105 wiedz\u0119. Nie zarz\u0105dza\u0142em ZDM podczas mojej pracy w urz\u0119dzie, co oczywi\u015bcie nie znaczy \u017ce nie bior\u0119 odpowiedzialno\u015bci za dzia\u0142anie tej jednostki. Tematy wra\u017cliwe &#8211; jak w\u0142a\u015bnie lipy z Mickiewicza &#8211; lubi\u0119 mie\u0107 osobi\u015bcie zbadane. Na razie tak nie jest, mam tu niedosyt wiedzy i na pewno do tego wr\u00f3c\u0119.<\/p>\n<h4>&#8211; Jest Pan licencjonowanym zarz\u0105dc\u0105 nieruchomo\u015bci. Jak to si\u0119 sta\u0142o, \u017ce miasto doprowadzi\u0142o do tak fatalnego stanu kamienice przy ul. Ko\u015bciuszki 44 i 46? Gdyby nie reakcja spo\u0142ecznik\u00f3w, jeden z budynk\u00f3w m\u00f3g\u0142by trafi\u0107 do rozbi\u00f3rki.<\/h4>\n<p>&#8211; Osobi\u015bcie podj\u0105\u0142em decyzj\u0119, \u017ceby po latach zarz\u0105dzania przez szpital (kt\u00f3ry ma problemy finansowe) budynki wr\u00f3ci\u0142y do miasta. Trafi\u0142y do nas rzeczywi\u015bcie w stanie op\u0142akanym, ale w planie przestrzennym jest wyra\u017any zapis, \u017ce nie mo\u017cna ich wyburzy\u0107, mia\u0142em zapewnienie w Wydziale Architektury, \u017ce nie b\u0119dzie zgody na rozbi\u00f3rk\u0119.<\/p>\n<h4>&#8211; To nie s\u0105 zwyk\u0142e kamienice, a szpital od pewnego czasu jest miejsk\u0105 sp\u00f3\u0142k\u0105. Widzieli\u015bmy si\u0119 ostatnio podczas inicjatywy Gliwice dla Schabika. Te kamienice powsta\u0142y za jego czas\u00f3w, a sam Schabik mieszka\u0142 pod numerem 42.<\/h4>\n<p>&#8211; Prosz\u0119 zauwa\u017cy\u0107, \u017ce miasto sprzeda\u0142o w ostatnim czasie wiele nieruchomo\u015bci prywatnym przedsi\u0119biorcom. Znalaz\u0142y one nowe \u017cycie (np. kamienice przy ul. Pleba\u0144skiej, na Stalmacha 4, budynek Starego Hufca czy dom kultury w \u017bernikach).<\/p>\n<h4>&#8211; Ale wr\u00f3\u0107my do Ko\u015bciuszki. Kto odpowiada za te zaniedbania?<\/h4>\n<p>&#8211; Odpowiada szpital. Naszym marzeniem jest by wszystko w Gliwicach by\u0142o super. Ale zdarzaj\u0105 si\u0119 takie przypadki jak ten. Szpital zaniedba\u0142 te nieruchomo\u015bci. Ale nie obwiniam tej plac\u00f3wki.<\/p>\n<h4>&#8211; To kto jest winny?<\/h4>\n<p>&#8211; Nominalnie szpital, kt\u00f3ry by\u0142 dzier\u017cawc\u0105, ale mam \u015bwiadomo\u015b\u0107 o niedobrze \u015brodk\u00f3w finansowych na leczenie pacjent\u00f3w, kt\u00f3ry uniemo\u017cliwia plac\u00f3wce skuteczne dzia\u0142anie.<\/p>\n<h4>&#8211; Janusz Moszy\u0144ski zapowiedzia\u0142 niedawno wprowadzenie bonifikaty z tytu\u0142u przekszta\u0142cenia u\u017cytkowania wieczystego. Wcze\u015bniej miasto nie chcia\u0142o tego zrobi\u0107. Jak Pan ocenia jego decyzj\u0119?<\/h4>\n<p>&#8211; Przede wszystkim Janusz Moszy\u0144ski nie ma tytu\u0142u, \u017ceby takie propozycje sk\u0142ada\u0107. Jego zadaniem jest administrowanie miastem przez niespe\u0142na trzymiesi\u0119czny okres.<\/p>\n<h4>&#8211; Ale prawo mu tego nie zabrania.<\/h4>\n<p>&#8211; Ale zabraniaj\u0105 mu tego moralno\u015b\u0107 i dobry obyczaj. M\u00f3wi\u0119 to bardzo wyra\u017anie: nie wygra\u0142 jeszcze wybor\u00f3w, nie ma mandatu spo\u0142ecznego i nie ma prawa zaci\u0105ga\u0107 takich zobowi\u0105za\u0144. To jest danie bonifikaty pewnej grupie ludno\u015bci, a ca\u0142a reszta musi za to zap\u0142aci\u0107. Nie ma prawa tego robi\u0107 bo to jest nieuczciwe \u2013 i przy najbli\u017cszej okazji powiem mu to prosto w oczy.<\/p>\n<h4>&#8211; Niemniej do\u0142\u0105czyliby\u015bmy do du\u017cej grupy miast, w tym najwi\u0119kszych w Polsce, kt\u00f3re tak\u0105 bonifikat\u0119 wprowadzi\u0142y.<\/h4>\n<p>&#8211; U\u017cytkowanie wieczyste jest nies\u0142ychanie trudnym tematem. Wykonali\u015bmy w urz\u0119dzie w tym wzgl\u0119dzie gigantyczn\u0105 prac\u0119. Teraz posz\u0142aby ona na marne. Daliby\u015bmy bonifikaty pewnej grupie ludno\u015bci, kosztem reszty, kt\u00f3ra jest w zdecydowanej wi\u0119kszo\u015bci. Nie zgadzam si\u0119 na takie dzia\u0142ania. Bonifikaty to z\u0142y pomys\u0142.<\/p>\n<h4>&#8211; W kampanii wyp\u0142yn\u0105\u0142 te\u017c problem podwy\u017cek za wyw\u00f3z \u015bmieci. Pana kontrkandydaci chc\u0105 zerwa\u0107 z monopolem Remondisu.<\/h4>\n<p>&#8211; Jestem przeciwnikiem monopoli, ale w panuj\u0105cych w Polsce warunkach, to co robili\u015bmy dotychczas, pozwala\u0142o na gospodarowanie odpadami tak, aby nie by\u0142o ba\u0142aganu. Dla przyk\u0142adu Ruda \u015al\u0105ska realizuj\u0105c proponowany przez Moszy\u0144skiego i Gorniga pomys\u0142 podzia\u0142u miasta na obszary zupe\u0142nie si\u0119 wysypa\u0142a. Ostatecznie poprosili gliwicki Remondis o pomoc, po to \u017ceby posprz\u0105ta\u0107 miasto. My dzia\u0142amy odpowiedzialnie. A pomys\u0142y z podzia\u0142em miasta na strefy s\u0105 z\u0142e i populistyczne.<\/p>\n<h4>&#8211; Od 2015 roku ZDM zorganizowa\u0142 22 przetargi, w kt\u00f3rych wystartowa\u0142 gliwicki PRUiM. Wygra\u0142 z nich 17. To nie budzi Pana podejrze\u0144?<\/h4>\n<p>&#8211; Wszystko jest w porz\u0105dku. Ka\u017cdy ma prawo wystartowa\u0107 w przetargu, Najwi\u0119ksz\u0105 zalet\u0105 tego rozwi\u0105zania jest to, \u017ce zdecydowana wi\u0119kszo\u015b\u0107 um\u00f3w jest dobrze realizowana i w terminie. To dobra i sprawdzona sp\u00f3\u0142ka komunalna.<\/p>\n<h4>&#8211; Spotykam si\u0119 ze opiniami, \u017ce post\u0119powania w mie\u015bcie wygrywaj\u0105 \u201eznajomi kr\u00f3lika\u201d.<\/h4>\n<p>&#8211; Przekszta\u0142cili\u015bmy wydzia\u0142 urz\u0119du miasta w firm\u0119, kt\u00f3ra \u015bwietnie sobie daje rad\u0119 na rynku us\u0142ug budowlanych. Do tych przetarg\u00f3w przyst\u0119puje wi\u0119cej firm, a PRUiM jest najta\u0144szy i dobry. Prosz\u0119 zauwa\u017cy\u0107, \u017ce nie by\u0142o znacz\u0105cych op\u00f3\u017anie\u0144. Je\u017celi kto\u015b ma podejrzenie, \u017ce co\u015b jest nie tak, niech sformu\u0142uje te zarzuty. Ja zamierzam by\u0107 transparentny i niczego si\u0119 nie ba\u0107. \u015awiat jest tak skomplikowany, a prawodawstwo tak zagmatwane i niejasne, \u017ce mieszka\u0144ca Gliwic \u015brednio interesuj\u0105 prawne zawi\u0142o\u015bci, ale chce mie\u0107 dobr\u0105 drog\u0105 i porz\u0105dek w mie\u015bcie. To wszystko ma mu zapewni\u0107 prezydent.<\/p>\n<h4>&#8211; Przegl\u0105da\u0142em Pana social media \u2013 cz\u0119sto udost\u0119pnia\u0142 Pan wpisy Janusza Korwin-Mikke i partii KORWiN. To w jaki\u015b spos\u00f3b definiuje Pana pogl\u0105dy polityczne?<\/h4>\n<p>&#8211; By\u0142em kiedy\u015b cz\u0142onkiem Unii Polityki Realnej. Mam pogl\u0105dy gospodarcze absolutnie wolnorynkowe. Ale obecnie mam \u017cal do Janusza Korwin-Mikke za sojusz z socjalistycznymi narodowcami. A przyk\u0142adem jest wystawienie w wyborach w Gliwicach kandydata Konfederacji, kt\u00f3ry by\u0142 cz\u0142onkiem Porozumienia Centrum i startowa\u0142 z list PiS &#8211; czyli dla mnie socjalisty. Znam pos\u0142\u00f3w Bosaka i So\u015bnierza i powiem im co o tym my\u015bl\u0119. Kompletnie mi to nie pasuje.<\/p>\n<h4>&#8211; W kwestiach obyczajowych te\u017c Korwin-Mikke jest Panu bliski?<\/h4>\n<p>&#8211; Jestem konserwatyst\u0105. W ka\u017cd\u0105 niedziel\u0119 chodz\u0119 do Ko\u015bcio\u0142a, nie wstydz\u0119 si\u0119 tego, ale te\u017c si\u0119 z tym nie obnosz\u0119. Obyczaje nie powinny by\u0107 tematem rozm\u00f3w publicznych ani tym bardziej ustaw. Ustawodawstwo powinno by\u0107 proste i zostawia\u0107 sfer\u0119 prywatno\u015bci w spokoju. Nie mo\u017ce by\u0107 tak, \u017ce pa\u0144stwo administracyjnie steruje ca\u0142ym \u017cyciem. Cz\u0119sto \u017cartuj\u0119, \u017ce Jaros\u0142aw Kaczy\u0144ski rano, jak wstanie z \u0142\u00f3\u017cka, zanim dojdzie do toalety, to przekroczy ze trzy przepisy. Pa\u0144stwo polskie jest przeregulowane i potem my w samorz\u0105dach zmagamy si\u0119 z absurdalnymi przepisami.<\/p>\n<h4>&#8211; Dlaczego 5 stycznia gliwiczanie powinni na Pana zag\u0142osowa\u0107?<\/h4>\n<p>&#8211; Bo jestem odpowiedzialny i do\u015bwiadczony. Mam dzieci, kt\u00f3re studiowa\u0142y za granic\u0105 i znalaz\u0142y w Europie zachodniej prac\u0119 w swoich zawodach \u2013 mimo to wr\u00f3ci\u0142y do Gliwic, tu mieszkaj\u0105, maj\u0105 rodziny i dzieci-moje wnuki. Nie chcia\u0142bym, \u017ceby mieszka\u0142y w Gliwicach zarz\u0105dzanych przez populist\u00f3w, trwoni\u0105cych to, co zosta\u0142o w mie\u015bcie osi\u0105gni\u0119te wyt\u0119\u017con\u0105 prac\u0105 i przemy\u015blanym rozwojem.<\/p>\n<p><img loading=\"lazy\" decoding=\"async\" class=\"aligncenter size-full wp-image-144211\" src=\"https:\/\/www.24gliwice.pl\/wiadomosci\/wp-content\/uploads\/2019\/12\/adam-neumann-1.jpg\" alt=\"\" width=\"810\" height=\"455\" srcset=\"https:\/\/www.24gliwice.pl\/wiadomosci\/wp-content\/uploads\/2019\/12\/adam-neumann-1.jpg 810w, https:\/\/www.24gliwice.pl\/wiadomosci\/wp-content\/uploads\/2019\/12\/adam-neumann-1-410x230.jpg 410w, https:\/\/www.24gliwice.pl\/wiadomosci\/wp-content\/uploads\/2019\/12\/adam-neumann-1-768x431.jpg 768w\" sizes=\"auto, (max-width: 810px) 100vw, 810px\" \/><\/p>\n<div class=\"gliwi-a5-na-koncu-artykulow gliwi-entity-placement\" id=\"gliwi-581342564\"><div class=\"gliwi-adlabel\"><span style=\"font-size: 9px\">REKLAMA<\/span><\/div><div id=\"gliwi-4239739425\" style=\"margin-left: auto;margin-right: auto;text-align: center;\"><a data-no-instant=\"1\" href=\"https:\/\/prezeroarenagliwice.pl\/\" rel=\"noopener\" class=\"a2t-link\" target=\"_blank\" aria-label=\"20260309-PREZERO-WIOSNA-D\"><img loading=\"lazy\" decoding=\"async\" src=\"https:\/\/www.24gliwice.pl\/wiadomosci\/wp-content\/uploads\/2026\/03\/20260309-PREZERO-WIOSNA-D.webp\" alt=\"\"  srcset=\"https:\/\/www.24gliwice.pl\/wiadomosci\/wp-content\/uploads\/2026\/03\/20260309-PREZERO-WIOSNA-D.webp 750w, https:\/\/www.24gliwice.pl\/wiadomosci\/wp-content\/uploads\/2026\/03\/20260309-PREZERO-WIOSNA-D-410x109.webp 410w\" sizes=\"(max-width: 750px) 100vw, 750px\" class=\"no-lazyload\" width=\"750\" height=\"200\"  style=\"display: inline-block; max-width: 100%; height: auto;\" \/><\/a><\/div><\/div>","protected":false},"excerpt":{"rendered":"<p>&#8211; Nie chc\u0119 by Gliwice by\u0142y zarz\u0105dzane przez populist\u00f3w trwoni\u0105cych to co zosta\u0142o osi\u0105gni\u0119te &#8211; m\u00f3wi w rozmowie z 24gliwice.pl Adam Neumann, by\u0142y wiceprezydent Gliwic za rz\u0105d\u00f3w Zygmunta Frankiewicza i kandydat tego \u015brodowiska na prezydenta Gliwic w nadchodz\u0105cych wyborach. W wywiadzie poruszone zosta\u0142y kwestie m.in. autorskiego programu Neumanna, poparcia PO, afery hejterskiej, zieleni miejskiej, mo\u017cliwych [&hellip;]<\/p>\n","protected":false},"author":12,"featured_media":144212,"comment_status":"open","ping_status":"closed","sticky":false,"template":"","format":"standard","meta":{"_monsterinsights_skip_tracking":false,"_monsterinsights_sitenote_active":false,"_monsterinsights_sitenote_note":"","_monsterinsights_sitenote_category":0,"footnotes":"","_links_to":"","_links_to_target":""},"categories":[3,1,9,8,12],"tags":[1203,2360,5678],"class_list":["post-144204","post","type-post","status-publish","format-standard","has-post-thumbnail","hentry","category-gliwice","category-wszystko","category-aktualnosci_lokalne","category-samorzad_polityka","category-wywiady","tag-adam-neumann","tag-wybory-gliwice","tag-wybory-prezydenckie"],"yoast_head":"<!-- This site is optimized with the Yoast SEO plugin v27.5 - https:\/\/yoast.com\/product\/yoast-seo-wordpress\/ -->\n<title>Adam Neumann: &quot;Ostatnie 26 lat to nies\u0142ychanie dobrze wykonana praca dla miasta&quot; - 24GLIWICE - Portal Gliwice | codziennie nowe informacje<\/title>\n<meta name=\"robots\" content=\"index, follow, max-snippet:-1, max-image-preview:large, max-video-preview:-1\" \/>\n<link rel=\"canonical\" href=\"https:\/\/www.24gliwice.pl\/wiadomosci\/adam-neumann-ostatnie-26-lat-to-nieslychanie-dobrze-wykonana-praca-dla-miasta\/\" \/>\n<meta property=\"og:locale\" content=\"pl_PL\" \/>\n<meta property=\"og:type\" content=\"article\" \/>\n<meta property=\"og:title\" content=\"Adam Neumann: &quot;Ostatnie 26 lat to nies\u0142ychanie dobrze wykonana praca dla miasta&quot; - 24GLIWICE - Portal Gliwice | codziennie nowe informacje\" \/>\n<meta property=\"og:description\" content=\"&#8211; Nie chc\u0119 by Gliwice by\u0142y zarz\u0105dzane przez populist\u00f3w trwoni\u0105cych to co zosta\u0142o osi\u0105gni\u0119te &#8211; m\u00f3wi w rozmowie z 24gliwice.pl Adam Neumann, by\u0142y wiceprezydent Gliwic za rz\u0105d\u00f3w Zygmunta Frankiewicza i kandydat tego \u015brodowiska na prezydenta Gliwic w nadchodz\u0105cych wyborach. W wywiadzie poruszone zosta\u0142y kwestie m.in. autorskiego programu Neumanna, poparcia PO, afery hejterskiej, zieleni miejskiej, mo\u017cliwych [&hellip;]\" \/>\n<meta property=\"og:url\" content=\"https:\/\/www.24gliwice.pl\/wiadomosci\/adam-neumann-ostatnie-26-lat-to-nieslychanie-dobrze-wykonana-praca-dla-miasta\/\" \/>\n<meta property=\"og:site_name\" content=\"24GLIWICE - Portal Gliwice | codziennie nowe informacje\" \/>\n<meta property=\"article:publisher\" content=\"https:\/\/www.facebook.com\/24gliwice\" \/>\n<meta property=\"article:published_time\" content=\"2019-12-01T13:04:06+00:00\" \/>\n<meta property=\"article:modified_time\" content=\"2024-02-18T02:09:45+00:00\" \/>\n<meta property=\"og:image\" content=\"https:\/\/www.24gliwice.pl\/wiadomosci\/wp-content\/uploads\/2019\/12\/adam-neumann-2.jpg\" \/>\n\t<meta property=\"og:image:width\" content=\"810\" \/>\n\t<meta property=\"og:image:height\" content=\"456\" \/>\n\t<meta property=\"og:image:type\" content=\"image\/jpeg\" \/>\n<meta name=\"author\" content=\"Micha\u0142 Szewczyk\" \/>\n<meta name=\"twitter:card\" content=\"summary_large_image\" \/>\n<meta name=\"twitter:creator\" content=\"@24gliwice\" \/>\n<meta name=\"twitter:site\" content=\"@24gliwice\" \/>\n<meta name=\"twitter:label1\" content=\"Napisane przez\" \/>\n\t<meta name=\"twitter:data1\" content=\"Micha\u0142 Szewczyk\" \/>\n\t<meta name=\"twitter:label2\" content=\"Szacowany czas czytania\" \/>\n\t<meta name=\"twitter:data2\" content=\"14 minut\" \/>\n<script type=\"application\/ld+json\" class=\"yoast-schema-graph\">{\"@context\":\"https:\\\/\\\/schema.org\",\"@graph\":[{\"@type\":\"Article\",\"@id\":\"https:\\\/\\\/www.24gliwice.pl\\\/wiadomosci\\\/adam-neumann-ostatnie-26-lat-to-nieslychanie-dobrze-wykonana-praca-dla-miasta\\\/#article\",\"isPartOf\":{\"@id\":\"https:\\\/\\\/www.24gliwice.pl\\\/wiadomosci\\\/adam-neumann-ostatnie-26-lat-to-nieslychanie-dobrze-wykonana-praca-dla-miasta\\\/\"},\"author\":{\"name\":\"Micha\u0142 Szewczyk\",\"@id\":\"https:\\\/\\\/www.24gliwice.pl\\\/wiadomosci\\\/#\\\/schema\\\/person\\\/940e8f8a097e322de4f463f061ef8d45\"},\"headline\":\"Adam Neumann: &#8220;Ostatnie 26 lat to nies\u0142ychanie dobrze wykonana praca dla miasta&#8221;\",\"datePublished\":\"2019-12-01T13:04:06+00:00\",\"dateModified\":\"2024-02-18T02:09:45+00:00\",\"mainEntityOfPage\":{\"@id\":\"https:\\\/\\\/www.24gliwice.pl\\\/wiadomosci\\\/adam-neumann-ostatnie-26-lat-to-nieslychanie-dobrze-wykonana-praca-dla-miasta\\\/\"},\"wordCount\":2792,\"commentCount\":0,\"publisher\":{\"@id\":\"https:\\\/\\\/www.24gliwice.pl\\\/wiadomosci\\\/#organization\"},\"image\":{\"@id\":\"https:\\\/\\\/www.24gliwice.pl\\\/wiadomosci\\\/adam-neumann-ostatnie-26-lat-to-nieslychanie-dobrze-wykonana-praca-dla-miasta\\\/#primaryimage\"},\"thumbnailUrl\":\"https:\\\/\\\/www.24gliwice.pl\\\/wiadomosci\\\/wp-content\\\/uploads\\\/2019\\\/12\\\/adam-neumann-2.jpg\",\"keywords\":[\"ADAM NEUMANN\",\"WYBORY GLIWICE\",\"WYBORY PREZYDENCKIE\"],\"articleSection\":[\"Gliwice\",\"Najnowsze wiadomo\u015bci\",\"Portal Gliwice - Wiadomo\u015bci lokalne\",\"Samorz\u0105d, polityka\",\"Wywiady\"],\"inLanguage\":\"pl-PL\",\"potentialAction\":[{\"@type\":\"CommentAction\",\"name\":\"Comment\",\"target\":[\"https:\\\/\\\/www.24gliwice.pl\\\/wiadomosci\\\/adam-neumann-ostatnie-26-lat-to-nieslychanie-dobrze-wykonana-praca-dla-miasta\\\/#respond\"]}]},{\"@type\":\"WebPage\",\"@id\":\"https:\\\/\\\/www.24gliwice.pl\\\/wiadomosci\\\/adam-neumann-ostatnie-26-lat-to-nieslychanie-dobrze-wykonana-praca-dla-miasta\\\/\",\"url\":\"https:\\\/\\\/www.24gliwice.pl\\\/wiadomosci\\\/adam-neumann-ostatnie-26-lat-to-nieslychanie-dobrze-wykonana-praca-dla-miasta\\\/\",\"name\":\"Adam Neumann: \\\"Ostatnie 26 lat to nies\u0142ychanie dobrze wykonana praca dla miasta\\\" - 24GLIWICE - Portal Gliwice | codziennie nowe informacje\",\"isPartOf\":{\"@id\":\"https:\\\/\\\/www.24gliwice.pl\\\/wiadomosci\\\/#website\"},\"primaryImageOfPage\":{\"@id\":\"https:\\\/\\\/www.24gliwice.pl\\\/wiadomosci\\\/adam-neumann-ostatnie-26-lat-to-nieslychanie-dobrze-wykonana-praca-dla-miasta\\\/#primaryimage\"},\"image\":{\"@id\":\"https:\\\/\\\/www.24gliwice.pl\\\/wiadomosci\\\/adam-neumann-ostatnie-26-lat-to-nieslychanie-dobrze-wykonana-praca-dla-miasta\\\/#primaryimage\"},\"thumbnailUrl\":\"https:\\\/\\\/www.24gliwice.pl\\\/wiadomosci\\\/wp-content\\\/uploads\\\/2019\\\/12\\\/adam-neumann-2.jpg\",\"datePublished\":\"2019-12-01T13:04:06+00:00\",\"dateModified\":\"2024-02-18T02:09:45+00:00\",\"breadcrumb\":{\"@id\":\"https:\\\/\\\/www.24gliwice.pl\\\/wiadomosci\\\/adam-neumann-ostatnie-26-lat-to-nieslychanie-dobrze-wykonana-praca-dla-miasta\\\/#breadcrumb\"},\"inLanguage\":\"pl-PL\",\"potentialAction\":[{\"@type\":\"ReadAction\",\"target\":[\"https:\\\/\\\/www.24gliwice.pl\\\/wiadomosci\\\/adam-neumann-ostatnie-26-lat-to-nieslychanie-dobrze-wykonana-praca-dla-miasta\\\/\"]}]},{\"@type\":\"ImageObject\",\"inLanguage\":\"pl-PL\",\"@id\":\"https:\\\/\\\/www.24gliwice.pl\\\/wiadomosci\\\/adam-neumann-ostatnie-26-lat-to-nieslychanie-dobrze-wykonana-praca-dla-miasta\\\/#primaryimage\",\"url\":\"https:\\\/\\\/www.24gliwice.pl\\\/wiadomosci\\\/wp-content\\\/uploads\\\/2019\\\/12\\\/adam-neumann-2.jpg\",\"contentUrl\":\"https:\\\/\\\/www.24gliwice.pl\\\/wiadomosci\\\/wp-content\\\/uploads\\\/2019\\\/12\\\/adam-neumann-2.jpg\",\"width\":810,\"height\":456,\"caption\":\"Fot. mat. A. Neumann\"},{\"@type\":\"BreadcrumbList\",\"@id\":\"https:\\\/\\\/www.24gliwice.pl\\\/wiadomosci\\\/adam-neumann-ostatnie-26-lat-to-nieslychanie-dobrze-wykonana-praca-dla-miasta\\\/#breadcrumb\",\"itemListElement\":[{\"@type\":\"ListItem\",\"position\":1,\"name\":\"Strona g\u0142\u00f3wna\",\"item\":\"https:\\\/\\\/www.24gliwice.pl\\\/wiadomosci\\\/\"},{\"@type\":\"ListItem\",\"position\":2,\"name\":\"Adam Neumann: &#8222;Ostatnie 26 lat to nies\u0142ychanie dobrze wykonana praca dla miasta&#8221;\"}]},{\"@type\":\"WebSite\",\"@id\":\"https:\\\/\\\/www.24gliwice.pl\\\/wiadomosci\\\/#website\",\"url\":\"https:\\\/\\\/www.24gliwice.pl\\\/wiadomosci\\\/\",\"name\":\"24GLIWICE - Portal Gliwice | codziennie nowe wiadomo\u015bci\",\"description\":\"Portal Miejski Gliwice\",\"publisher\":{\"@id\":\"https:\\\/\\\/www.24gliwice.pl\\\/wiadomosci\\\/#organization\"},\"potentialAction\":[{\"@type\":\"SearchAction\",\"target\":{\"@type\":\"EntryPoint\",\"urlTemplate\":\"https:\\\/\\\/www.24gliwice.pl\\\/wiadomosci\\\/?s={search_term_string}\"},\"query-input\":{\"@type\":\"PropertyValueSpecification\",\"valueRequired\":true,\"valueName\":\"search_term_string\"}}],\"inLanguage\":\"pl-PL\"},{\"@type\":\"Organization\",\"@id\":\"https:\\\/\\\/www.24gliwice.pl\\\/wiadomosci\\\/#organization\",\"name\":\"24gliwice\",\"url\":\"https:\\\/\\\/www.24gliwice.pl\\\/wiadomosci\\\/\",\"logo\":{\"@type\":\"ImageObject\",\"inLanguage\":\"pl-PL\",\"@id\":\"https:\\\/\\\/www.24gliwice.pl\\\/wiadomosci\\\/#\\\/schema\\\/logo\\\/image\\\/\",\"url\":\"https:\\\/\\\/www.24gliwice.pl\\\/wiadomosci\\\/wp-content\\\/uploads\\\/2024\\\/10\\\/24gliwice-logo-696.jpg\",\"contentUrl\":\"https:\\\/\\\/www.24gliwice.pl\\\/wiadomosci\\\/wp-content\\\/uploads\\\/2024\\\/10\\\/24gliwice-logo-696.jpg\",\"width\":696,\"height\":696,\"caption\":\"24gliwice\"},\"image\":{\"@id\":\"https:\\\/\\\/www.24gliwice.pl\\\/wiadomosci\\\/#\\\/schema\\\/logo\\\/image\\\/\"},\"sameAs\":[\"https:\\\/\\\/www.facebook.com\\\/24gliwice\",\"https:\\\/\\\/x.com\\\/24gliwice\",\"https:\\\/\\\/www.youtube.com\\\/@24gliwice\"]},{\"@type\":\"Person\",\"@id\":\"https:\\\/\\\/www.24gliwice.pl\\\/wiadomosci\\\/#\\\/schema\\\/person\\\/940e8f8a097e322de4f463f061ef8d45\",\"name\":\"Micha\u0142 Szewczyk\",\"image\":{\"@type\":\"ImageObject\",\"inLanguage\":\"pl-PL\",\"@id\":\"https:\\\/\\\/secure.gravatar.com\\\/avatar\\\/771b8b6c74cd8d255e46392d605e01a86133900ef09b6ef3c8d451c9d92288cf?s=96&d=mm&r=g\",\"url\":\"https:\\\/\\\/secure.gravatar.com\\\/avatar\\\/771b8b6c74cd8d255e46392d605e01a86133900ef09b6ef3c8d451c9d92288cf?s=96&d=mm&r=g\",\"contentUrl\":\"https:\\\/\\\/secure.gravatar.com\\\/avatar\\\/771b8b6c74cd8d255e46392d605e01a86133900ef09b6ef3c8d451c9d92288cf?s=96&d=mm&r=g\",\"caption\":\"Micha\u0142 Szewczyk\"},\"sameAs\":[\"http:\\\/\\\/www.gazeta-miejska.pl\"],\"url\":\"https:\\\/\\\/www.24gliwice.pl\\\/wiadomosci\\\/author\\\/michal-szewczyk\\\/\"}]}<\/script>\n<!-- \/ Yoast SEO plugin. -->","yoast_head_json":{"title":"Adam Neumann: \"Ostatnie 26 lat to nies\u0142ychanie dobrze wykonana praca dla miasta\" - 24GLIWICE - Portal Gliwice | codziennie nowe informacje","robots":{"index":"index","follow":"follow","max-snippet":"max-snippet:-1","max-image-preview":"max-image-preview:large","max-video-preview":"max-video-preview:-1"},"canonical":"https:\/\/www.24gliwice.pl\/wiadomosci\/adam-neumann-ostatnie-26-lat-to-nieslychanie-dobrze-wykonana-praca-dla-miasta\/","og_locale":"pl_PL","og_type":"article","og_title":"Adam Neumann: \"Ostatnie 26 lat to nies\u0142ychanie dobrze wykonana praca dla miasta\" - 24GLIWICE - Portal Gliwice | codziennie nowe informacje","og_description":"&#8211; Nie chc\u0119 by Gliwice by\u0142y zarz\u0105dzane przez populist\u00f3w trwoni\u0105cych to co zosta\u0142o osi\u0105gni\u0119te &#8211; m\u00f3wi w rozmowie z 24gliwice.pl Adam Neumann, by\u0142y wiceprezydent Gliwic za rz\u0105d\u00f3w Zygmunta Frankiewicza i kandydat tego \u015brodowiska na prezydenta Gliwic w nadchodz\u0105cych wyborach. W wywiadzie poruszone zosta\u0142y kwestie m.in. autorskiego programu Neumanna, poparcia PO, afery hejterskiej, zieleni miejskiej, mo\u017cliwych [&hellip;]","og_url":"https:\/\/www.24gliwice.pl\/wiadomosci\/adam-neumann-ostatnie-26-lat-to-nieslychanie-dobrze-wykonana-praca-dla-miasta\/","og_site_name":"24GLIWICE - Portal Gliwice | codziennie nowe informacje","article_publisher":"https:\/\/www.facebook.com\/24gliwice","article_published_time":"2019-12-01T13:04:06+00:00","article_modified_time":"2024-02-18T02:09:45+00:00","og_image":[{"width":810,"height":456,"url":"https:\/\/www.24gliwice.pl\/wiadomosci\/wp-content\/uploads\/2019\/12\/adam-neumann-2.jpg","type":"image\/jpeg"}],"author":"Micha\u0142 Szewczyk","twitter_card":"summary_large_image","twitter_creator":"@24gliwice","twitter_site":"@24gliwice","twitter_misc":{"Napisane przez":"Micha\u0142 Szewczyk","Szacowany czas czytania":"14 minut"},"schema":{"@context":"https:\/\/schema.org","@graph":[{"@type":"Article","@id":"https:\/\/www.24gliwice.pl\/wiadomosci\/adam-neumann-ostatnie-26-lat-to-nieslychanie-dobrze-wykonana-praca-dla-miasta\/#article","isPartOf":{"@id":"https:\/\/www.24gliwice.pl\/wiadomosci\/adam-neumann-ostatnie-26-lat-to-nieslychanie-dobrze-wykonana-praca-dla-miasta\/"},"author":{"name":"Micha\u0142 Szewczyk","@id":"https:\/\/www.24gliwice.pl\/wiadomosci\/#\/schema\/person\/940e8f8a097e322de4f463f061ef8d45"},"headline":"Adam Neumann: &#8220;Ostatnie 26 lat to nies\u0142ychanie dobrze wykonana praca dla miasta&#8221;","datePublished":"2019-12-01T13:04:06+00:00","dateModified":"2024-02-18T02:09:45+00:00","mainEntityOfPage":{"@id":"https:\/\/www.24gliwice.pl\/wiadomosci\/adam-neumann-ostatnie-26-lat-to-nieslychanie-dobrze-wykonana-praca-dla-miasta\/"},"wordCount":2792,"commentCount":0,"publisher":{"@id":"https:\/\/www.24gliwice.pl\/wiadomosci\/#organization"},"image":{"@id":"https:\/\/www.24gliwice.pl\/wiadomosci\/adam-neumann-ostatnie-26-lat-to-nieslychanie-dobrze-wykonana-praca-dla-miasta\/#primaryimage"},"thumbnailUrl":"https:\/\/www.24gliwice.pl\/wiadomosci\/wp-content\/uploads\/2019\/12\/adam-neumann-2.jpg","keywords":["ADAM NEUMANN","WYBORY GLIWICE","WYBORY PREZYDENCKIE"],"articleSection":["Gliwice","Najnowsze wiadomo\u015bci","Portal Gliwice - Wiadomo\u015bci lokalne","Samorz\u0105d, polityka","Wywiady"],"inLanguage":"pl-PL","potentialAction":[{"@type":"CommentAction","name":"Comment","target":["https:\/\/www.24gliwice.pl\/wiadomosci\/adam-neumann-ostatnie-26-lat-to-nieslychanie-dobrze-wykonana-praca-dla-miasta\/#respond"]}]},{"@type":"WebPage","@id":"https:\/\/www.24gliwice.pl\/wiadomosci\/adam-neumann-ostatnie-26-lat-to-nieslychanie-dobrze-wykonana-praca-dla-miasta\/","url":"https:\/\/www.24gliwice.pl\/wiadomosci\/adam-neumann-ostatnie-26-lat-to-nieslychanie-dobrze-wykonana-praca-dla-miasta\/","name":"Adam Neumann: \"Ostatnie 26 lat to nies\u0142ychanie dobrze wykonana praca dla miasta\" - 24GLIWICE - Portal Gliwice | codziennie nowe informacje","isPartOf":{"@id":"https:\/\/www.24gliwice.pl\/wiadomosci\/#website"},"primaryImageOfPage":{"@id":"https:\/\/www.24gliwice.pl\/wiadomosci\/adam-neumann-ostatnie-26-lat-to-nieslychanie-dobrze-wykonana-praca-dla-miasta\/#primaryimage"},"image":{"@id":"https:\/\/www.24gliwice.pl\/wiadomosci\/adam-neumann-ostatnie-26-lat-to-nieslychanie-dobrze-wykonana-praca-dla-miasta\/#primaryimage"},"thumbnailUrl":"https:\/\/www.24gliwice.pl\/wiadomosci\/wp-content\/uploads\/2019\/12\/adam-neumann-2.jpg","datePublished":"2019-12-01T13:04:06+00:00","dateModified":"2024-02-18T02:09:45+00:00","breadcrumb":{"@id":"https:\/\/www.24gliwice.pl\/wiadomosci\/adam-neumann-ostatnie-26-lat-to-nieslychanie-dobrze-wykonana-praca-dla-miasta\/#breadcrumb"},"inLanguage":"pl-PL","potentialAction":[{"@type":"ReadAction","target":["https:\/\/www.24gliwice.pl\/wiadomosci\/adam-neumann-ostatnie-26-lat-to-nieslychanie-dobrze-wykonana-praca-dla-miasta\/"]}]},{"@type":"ImageObject","inLanguage":"pl-PL","@id":"https:\/\/www.24gliwice.pl\/wiadomosci\/adam-neumann-ostatnie-26-lat-to-nieslychanie-dobrze-wykonana-praca-dla-miasta\/#primaryimage","url":"https:\/\/www.24gliwice.pl\/wiadomosci\/wp-content\/uploads\/2019\/12\/adam-neumann-2.jpg","contentUrl":"https:\/\/www.24gliwice.pl\/wiadomosci\/wp-content\/uploads\/2019\/12\/adam-neumann-2.jpg","width":810,"height":456,"caption":"Fot. mat. A. Neumann"},{"@type":"BreadcrumbList","@id":"https:\/\/www.24gliwice.pl\/wiadomosci\/adam-neumann-ostatnie-26-lat-to-nieslychanie-dobrze-wykonana-praca-dla-miasta\/#breadcrumb","itemListElement":[{"@type":"ListItem","position":1,"name":"Strona g\u0142\u00f3wna","item":"https:\/\/www.24gliwice.pl\/wiadomosci\/"},{"@type":"ListItem","position":2,"name":"Adam Neumann: &#8222;Ostatnie 26 lat to nies\u0142ychanie dobrze wykonana praca dla miasta&#8221;"}]},{"@type":"WebSite","@id":"https:\/\/www.24gliwice.pl\/wiadomosci\/#website","url":"https:\/\/www.24gliwice.pl\/wiadomosci\/","name":"24GLIWICE - Portal Gliwice | codziennie nowe wiadomo\u015bci","description":"Portal Miejski Gliwice","publisher":{"@id":"https:\/\/www.24gliwice.pl\/wiadomosci\/#organization"},"potentialAction":[{"@type":"SearchAction","target":{"@type":"EntryPoint","urlTemplate":"https:\/\/www.24gliwice.pl\/wiadomosci\/?s={search_term_string}"},"query-input":{"@type":"PropertyValueSpecification","valueRequired":true,"valueName":"search_term_string"}}],"inLanguage":"pl-PL"},{"@type":"Organization","@id":"https:\/\/www.24gliwice.pl\/wiadomosci\/#organization","name":"24gliwice","url":"https:\/\/www.24gliwice.pl\/wiadomosci\/","logo":{"@type":"ImageObject","inLanguage":"pl-PL","@id":"https:\/\/www.24gliwice.pl\/wiadomosci\/#\/schema\/logo\/image\/","url":"https:\/\/www.24gliwice.pl\/wiadomosci\/wp-content\/uploads\/2024\/10\/24gliwice-logo-696.jpg","contentUrl":"https:\/\/www.24gliwice.pl\/wiadomosci\/wp-content\/uploads\/2024\/10\/24gliwice-logo-696.jpg","width":696,"height":696,"caption":"24gliwice"},"image":{"@id":"https:\/\/www.24gliwice.pl\/wiadomosci\/#\/schema\/logo\/image\/"},"sameAs":["https:\/\/www.facebook.com\/24gliwice","https:\/\/x.com\/24gliwice","https:\/\/www.youtube.com\/@24gliwice"]},{"@type":"Person","@id":"https:\/\/www.24gliwice.pl\/wiadomosci\/#\/schema\/person\/940e8f8a097e322de4f463f061ef8d45","name":"Micha\u0142 Szewczyk","image":{"@type":"ImageObject","inLanguage":"pl-PL","@id":"https:\/\/secure.gravatar.com\/avatar\/771b8b6c74cd8d255e46392d605e01a86133900ef09b6ef3c8d451c9d92288cf?s=96&d=mm&r=g","url":"https:\/\/secure.gravatar.com\/avatar\/771b8b6c74cd8d255e46392d605e01a86133900ef09b6ef3c8d451c9d92288cf?s=96&d=mm&r=g","contentUrl":"https:\/\/secure.gravatar.com\/avatar\/771b8b6c74cd8d255e46392d605e01a86133900ef09b6ef3c8d451c9d92288cf?s=96&d=mm&r=g","caption":"Micha\u0142 Szewczyk"},"sameAs":["http:\/\/www.gazeta-miejska.pl"],"url":"https:\/\/www.24gliwice.pl\/wiadomosci\/author\/michal-szewczyk\/"}]}},"_links":{"self":[{"href":"https:\/\/www.24gliwice.pl\/wiadomosci\/wp-json\/wp\/v2\/posts\/144204","targetHints":{"allow":["GET"]}}],"collection":[{"href":"https:\/\/www.24gliwice.pl\/wiadomosci\/wp-json\/wp\/v2\/posts"}],"about":[{"href":"https:\/\/www.24gliwice.pl\/wiadomosci\/wp-json\/wp\/v2\/types\/post"}],"author":[{"embeddable":true,"href":"https:\/\/www.24gliwice.pl\/wiadomosci\/wp-json\/wp\/v2\/users\/12"}],"replies":[{"embeddable":true,"href":"https:\/\/www.24gliwice.pl\/wiadomosci\/wp-json\/wp\/v2\/comments?post=144204"}],"version-history":[{"count":0,"href":"https:\/\/www.24gliwice.pl\/wiadomosci\/wp-json\/wp\/v2\/posts\/144204\/revisions"}],"wp:featuredmedia":[{"embeddable":true,"href":"https:\/\/www.24gliwice.pl\/wiadomosci\/wp-json\/wp\/v2\/media\/144212"}],"wp:attachment":[{"href":"https:\/\/www.24gliwice.pl\/wiadomosci\/wp-json\/wp\/v2\/media?parent=144204"}],"wp:term":[{"taxonomy":"category","embeddable":true,"href":"https:\/\/www.24gliwice.pl\/wiadomosci\/wp-json\/wp\/v2\/categories?post=144204"},{"taxonomy":"post_tag","embeddable":true,"href":"https:\/\/www.24gliwice.pl\/wiadomosci\/wp-json\/wp\/v2\/tags?post=144204"}],"curies":[{"name":"wp","href":"https:\/\/api.w.org\/{rel}","templated":true}]}}