{"id":144398,"date":"2019-12-06T01:10:42","date_gmt":"2019-12-06T00:10:42","guid":{"rendered":"https:\/\/www.24gliwice.pl\/wiadomosci\/?p=144398"},"modified":"2019-12-06T01:19:35","modified_gmt":"2019-12-06T00:19:35","slug":"muzyczny-podwieczorek-ze-st-moniuszko-jest-to-kompozytor-tylez-znany-co-odkrywany","status":"publish","type":"post","link":"https:\/\/www.24gliwice.pl\/wiadomosci\/muzyczny-podwieczorek-ze-st-moniuszko-jest-to-kompozytor-tylez-znany-co-odkrywany\/","title":{"rendered":"Muzyczny podwieczorek ze St. Moniuszko. &#8220;Jest to kompozytor tyle\u017c znany, co odkrywany&#8221;"},"content":{"rendered":"<div class=\"gliwi-a6-nad-leadem-artykulow gliwi-entity-placement\" id=\"gliwi-3547312987\"><div class=\"gliwi-adlabel\"><span style=\"font-size: 9px\">REKLAMA<\/span><\/div><div id=\"gliwi-2143811511\" style=\"margin-bottom: 25px;margin-left: auto;margin-right: auto;text-align: center;\"><a data-no-instant=\"1\" href=\"https:\/\/dom100.eu\/\" rel=\"noopener\" class=\"a2t-link\" target=\"_blank\" aria-label=\"20260415 DOM100 D\"><img loading=\"lazy\" decoding=\"async\" src=\"https:\/\/www.24gliwice.pl\/wiadomosci\/wp-content\/uploads\/2026\/04\/20260415-DOM100-D.jpg\" alt=\"\"  srcset=\"https:\/\/www.24gliwice.pl\/wiadomosci\/wp-content\/uploads\/2026\/04\/20260415-DOM100-D.jpg 750w, https:\/\/www.24gliwice.pl\/wiadomosci\/wp-content\/uploads\/2026\/04\/20260415-DOM100-D-410x109.jpg 410w\" sizes=\"(max-width: 750px) 100vw, 750px\" class=\"no-lazyload\" width=\"750\" height=\"200\"  style=\"display: inline-block; max-width: 100%; height: auto;\" \/><\/a><\/div><\/div><h3>Bohaterem grudniowego Podwieczorku muzycznego w Willi Caro b\u0119dzie kompozytor Stanis\u0142aw Moniuszko. W niedziel\u0119, 8 grudnia, b\u0119dzie okazja by pos\u0142ucha\u0107 jego arii i pie\u015bni.<\/h3>\n<p>Koncert \u201eW salonie Pana Stanis\u0142awa\u201d wpisuje si\u0119 w obchody 200 rocznicy urodzin wybitnego muzyka. Arty\u015bci si\u0119gn\u0105 do pie\u015bni i oper <strong>Stanis\u0142awa Moniuszki<\/strong>, poszukaj\u0105 te\u017c inspiracji w \u015apiewnikach domowych.<\/p>\n<h3>Koncert rozpocznie si\u0119 o godzinie 16:00 w niedziel\u0119, 8 grudnia, w Willi Caro (ul. Dolnych Wa\u0142\u00f3w 8a).<\/h3>\n<p>Wyst\u0105pi\u0105 \u015bpiewacy <strong>Renata Dobosz, Danuta Widuch-Jagielska<\/strong> i <strong>Marek Ziemniewicz<\/strong> oraz pianista <strong>Piotr Oczkowski<\/strong>.<\/p><div class=\"gliwi-a3-w-tresci-artykulow gliwi-entity-placement\" id=\"gliwi-3399210423\"><div class=\"gliwi-adlabel\"><span style=\"font-size: 9px\">REKLAMA<\/span><\/div><div id=\"gliwi-3036201840\" style=\"margin-bottom: 30px;margin-left: auto;margin-right: auto;text-align: center;\"><a data-no-instant=\"1\" href=\"https:\/\/zlobek.halogen.org.pl\/\" rel=\"noopener\" class=\"a2t-link\" target=\"_blank\" aria-label=\"animator-zlobek_750x200\"><img loading=\"lazy\" decoding=\"async\" src=\"https:\/\/www.24gliwice.pl\/wiadomosci\/wp-content\/uploads\/2026\/02\/animator-zlobek_750x200.webp\" alt=\"\"  srcset=\"https:\/\/www.24gliwice.pl\/wiadomosci\/wp-content\/uploads\/2026\/02\/animator-zlobek_750x200.webp 750w, https:\/\/www.24gliwice.pl\/wiadomosci\/wp-content\/uploads\/2026\/02\/animator-zlobek_750x200-410x109.webp 410w\" sizes=\"(max-width: 750px) 100vw, 750px\" class=\"no-lazyload\" width=\"750\" height=\"200\"  style=\"display: inline-block; max-width: 100%; height: auto;\" \/><\/a><\/div><\/div>\n<p>&#8211; <em>Jak pokaza\u0142y liczne wydarzenia roku jubileuszowego, jest to jednak ci\u0105gle jeszcze kompozytor tyle\u017c znany, co odkrywany. Najbli\u017cszy koncert b\u0119dzie wi\u0119c okazj\u0105 aby przypomnie\u0107 sobie to, co jest nam bliskie: melodie towarzysz\u0105ce ka\u017cdemu z nas od najm\u0142odszych lat. Wsp\u00f3lnie z solistami przypomnimy te\u017c te pie\u015bni lub fragmenty moniuszkowskich oper, jak cho\u0107by Flis czy Hrabina, kt\u00f3re rzadziej goszcz\u0105 na scenie i estradzie<\/em> &#8211; czytamy w zapowiedzi wydarzenia na stronie Muzeum w Gliwicach.<\/p>\n<p>(\u017cms)\/UM(mm)<br \/>\nfot. MSI<\/p>\n<div class=\"gliwi-a5-na-koncu-artykulow gliwi-entity-placement\" id=\"gliwi-1677788601\"><div class=\"gliwi-adlabel\"><span style=\"font-size: 9px\">REKLAMA<\/span><\/div><div id=\"gliwi-4106378199\" style=\"margin-left: auto;margin-right: auto;text-align: center;\"><a data-no-instant=\"1\" href=\"https:\/\/prezeroarenagliwice.pl\/\" rel=\"noopener\" class=\"a2t-link\" target=\"_blank\" aria-label=\"20260309-PREZERO-WIOSNA-D\"><img loading=\"lazy\" decoding=\"async\" src=\"https:\/\/www.24gliwice.pl\/wiadomosci\/wp-content\/uploads\/2026\/03\/20260309-PREZERO-WIOSNA-D.webp\" alt=\"\"  srcset=\"https:\/\/www.24gliwice.pl\/wiadomosci\/wp-content\/uploads\/2026\/03\/20260309-PREZERO-WIOSNA-D.webp 750w, https:\/\/www.24gliwice.pl\/wiadomosci\/wp-content\/uploads\/2026\/03\/20260309-PREZERO-WIOSNA-D-410x109.webp 410w\" sizes=\"(max-width: 750px) 100vw, 750px\" class=\"no-lazyload\" width=\"750\" height=\"200\"  style=\"display: inline-block; max-width: 100%; height: auto;\" \/><\/a><\/div><\/div>","protected":false},"excerpt":{"rendered":"<p>Bohaterem grudniowego Podwieczorku muzycznego w Willi Caro b\u0119dzie kompozytor Stanis\u0142aw Moniuszko. W niedziel\u0119, 8 grudnia, b\u0119dzie okazja by pos\u0142ucha\u0107 jego arii i pie\u015bni. Koncert \u201eW salonie Pana Stanis\u0142awa\u201d wpisuje si\u0119 w obchody 200 rocznicy urodzin wybitnego muzyka. Arty\u015bci si\u0119gn\u0105 do pie\u015bni i oper Stanis\u0142awa Moniuszki, poszukaj\u0105 te\u017c inspiracji w \u015apiewnikach domowych. Koncert rozpocznie si\u0119 o [&hellip;]<\/p>\n","protected":false},"author":15,"featured_media":144527,"comment_status":"open","ping_status":"closed","sticky":false,"template":"","format":"standard","meta":{"_monsterinsights_skip_tracking":false,"_monsterinsights_sitenote_active":false,"_monsterinsights_sitenote_note":"","_monsterinsights_sitenote_category":0,"footnotes":"","_links_to":"","_links_to_target":""},"categories":[3,6,1],"tags":[15109,210],"class_list":["post-144398","post","type-post","status-publish","format-standard","has-post-thumbnail","hentry","category-gliwice","category-kultura","category-wszystko","tag-podwieczorek-muzyczny","tag-willa-caro"],"yoast_head":"<!-- This site is optimized with the Yoast SEO plugin v27.5 - https:\/\/yoast.com\/product\/yoast-seo-wordpress\/ -->\n<title>Muzyczny podwieczorek ze St. Moniuszko. &quot;Jest to kompozytor tyle\u017c znany, co odkrywany&quot; - 24GLIWICE - Portal Gliwice | codziennie nowe informacje<\/title>\n<meta name=\"robots\" content=\"index, follow, max-snippet:-1, max-image-preview:large, max-video-preview:-1\" \/>\n<link rel=\"canonical\" href=\"https:\/\/www.24gliwice.pl\/wiadomosci\/muzyczny-podwieczorek-ze-st-moniuszko-jest-to-kompozytor-tylez-znany-co-odkrywany\/\" \/>\n<meta property=\"og:locale\" content=\"pl_PL\" \/>\n<meta property=\"og:type\" content=\"article\" \/>\n<meta property=\"og:title\" content=\"Muzyczny podwieczorek ze St. Moniuszko. &quot;Jest to kompozytor tyle\u017c znany, co odkrywany&quot; - 24GLIWICE - Portal Gliwice | codziennie nowe informacje\" \/>\n<meta property=\"og:description\" content=\"Bohaterem grudniowego Podwieczorku muzycznego w Willi Caro b\u0119dzie kompozytor Stanis\u0142aw Moniuszko. W niedziel\u0119, 8 grudnia, b\u0119dzie okazja by pos\u0142ucha\u0107 jego arii i pie\u015bni. Koncert \u201eW salonie Pana Stanis\u0142awa\u201d wpisuje si\u0119 w obchody 200 rocznicy urodzin wybitnego muzyka. Arty\u015bci si\u0119gn\u0105 do pie\u015bni i oper Stanis\u0142awa Moniuszki, poszukaj\u0105 te\u017c inspiracji w \u015apiewnikach domowych. Koncert rozpocznie si\u0119 o [&hellip;]\" \/>\n<meta property=\"og:url\" content=\"https:\/\/www.24gliwice.pl\/wiadomosci\/muzyczny-podwieczorek-ze-st-moniuszko-jest-to-kompozytor-tylez-znany-co-odkrywany\/\" \/>\n<meta property=\"og:site_name\" content=\"24GLIWICE - Portal Gliwice | codziennie nowe informacje\" \/>\n<meta property=\"article:publisher\" content=\"https:\/\/www.facebook.com\/24gliwice\" \/>\n<meta property=\"article:published_time\" content=\"2019-12-06T00:10:42+00:00\" \/>\n<meta property=\"article:modified_time\" content=\"2019-12-06T00:19:35+00:00\" \/>\n<meta property=\"og:image\" content=\"https:\/\/www.24gliwice.pl\/wiadomosci\/wp-content\/uploads\/2019\/12\/moniuszko.jpg\" \/>\n\t<meta property=\"og:image:width\" content=\"755\" \/>\n\t<meta property=\"og:image:height\" content=\"425\" \/>\n\t<meta property=\"og:image:type\" content=\"image\/jpeg\" \/>\n<meta name=\"author\" content=\"\u017baneta Mrozek-Siewierska\" \/>\n<meta name=\"twitter:card\" content=\"summary_large_image\" \/>\n<meta name=\"twitter:creator\" content=\"@24gliwice\" \/>\n<meta name=\"twitter:site\" content=\"@24gliwice\" \/>\n<meta name=\"twitter:label1\" content=\"Napisane przez\" \/>\n\t<meta name=\"twitter:data1\" content=\"\u017baneta Mrozek-Siewierska\" \/>\n\t<meta name=\"twitter:label2\" content=\"Szacowany czas czytania\" \/>\n\t<meta name=\"twitter:data2\" content=\"1 minuta\" \/>\n<script type=\"application\/ld+json\" class=\"yoast-schema-graph\">{\"@context\":\"https:\\\/\\\/schema.org\",\"@graph\":[{\"@type\":\"Article\",\"@id\":\"https:\\\/\\\/www.24gliwice.pl\\\/wiadomosci\\\/muzyczny-podwieczorek-ze-st-moniuszko-jest-to-kompozytor-tylez-znany-co-odkrywany\\\/#article\",\"isPartOf\":{\"@id\":\"https:\\\/\\\/www.24gliwice.pl\\\/wiadomosci\\\/muzyczny-podwieczorek-ze-st-moniuszko-jest-to-kompozytor-tylez-znany-co-odkrywany\\\/\"},\"author\":{\"name\":\"\u017baneta Mrozek-Siewierska\",\"@id\":\"https:\\\/\\\/www.24gliwice.pl\\\/wiadomosci\\\/#\\\/schema\\\/person\\\/e42c650edd7f2fa332be3811fb166b6e\"},\"headline\":\"Muzyczny podwieczorek ze St. Moniuszko. &#8220;Jest to kompozytor tyle\u017c znany, co odkrywany&#8221;\",\"datePublished\":\"2019-12-06T00:10:42+00:00\",\"dateModified\":\"2019-12-06T00:19:35+00:00\",\"mainEntityOfPage\":{\"@id\":\"https:\\\/\\\/www.24gliwice.pl\\\/wiadomosci\\\/muzyczny-podwieczorek-ze-st-moniuszko-jest-to-kompozytor-tylez-znany-co-odkrywany\\\/\"},\"wordCount\":189,\"commentCount\":0,\"publisher\":{\"@id\":\"https:\\\/\\\/www.24gliwice.pl\\\/wiadomosci\\\/#organization\"},\"image\":{\"@id\":\"https:\\\/\\\/www.24gliwice.pl\\\/wiadomosci\\\/muzyczny-podwieczorek-ze-st-moniuszko-jest-to-kompozytor-tylez-znany-co-odkrywany\\\/#primaryimage\"},\"thumbnailUrl\":\"https:\\\/\\\/www.24gliwice.pl\\\/wiadomosci\\\/wp-content\\\/uploads\\\/2019\\\/12\\\/moniuszko.jpg\",\"keywords\":[\"podwieczorek muzyczny\",\"WILLA CARO\"],\"articleSection\":[\"Gliwice\",\"Kultura, wydarzenia, imprezy\",\"Najnowsze wiadomo\u015bci\"],\"inLanguage\":\"pl-PL\",\"potentialAction\":[{\"@type\":\"CommentAction\",\"name\":\"Comment\",\"target\":[\"https:\\\/\\\/www.24gliwice.pl\\\/wiadomosci\\\/muzyczny-podwieczorek-ze-st-moniuszko-jest-to-kompozytor-tylez-znany-co-odkrywany\\\/#respond\"]}]},{\"@type\":\"WebPage\",\"@id\":\"https:\\\/\\\/www.24gliwice.pl\\\/wiadomosci\\\/muzyczny-podwieczorek-ze-st-moniuszko-jest-to-kompozytor-tylez-znany-co-odkrywany\\\/\",\"url\":\"https:\\\/\\\/www.24gliwice.pl\\\/wiadomosci\\\/muzyczny-podwieczorek-ze-st-moniuszko-jest-to-kompozytor-tylez-znany-co-odkrywany\\\/\",\"name\":\"Muzyczny podwieczorek ze St. Moniuszko. \\\"Jest to kompozytor tyle\u017c znany, co odkrywany\\\" - 24GLIWICE - Portal Gliwice | codziennie nowe informacje\",\"isPartOf\":{\"@id\":\"https:\\\/\\\/www.24gliwice.pl\\\/wiadomosci\\\/#website\"},\"primaryImageOfPage\":{\"@id\":\"https:\\\/\\\/www.24gliwice.pl\\\/wiadomosci\\\/muzyczny-podwieczorek-ze-st-moniuszko-jest-to-kompozytor-tylez-znany-co-odkrywany\\\/#primaryimage\"},\"image\":{\"@id\":\"https:\\\/\\\/www.24gliwice.pl\\\/wiadomosci\\\/muzyczny-podwieczorek-ze-st-moniuszko-jest-to-kompozytor-tylez-znany-co-odkrywany\\\/#primaryimage\"},\"thumbnailUrl\":\"https:\\\/\\\/www.24gliwice.pl\\\/wiadomosci\\\/wp-content\\\/uploads\\\/2019\\\/12\\\/moniuszko.jpg\",\"datePublished\":\"2019-12-06T00:10:42+00:00\",\"dateModified\":\"2019-12-06T00:19:35+00:00\",\"breadcrumb\":{\"@id\":\"https:\\\/\\\/www.24gliwice.pl\\\/wiadomosci\\\/muzyczny-podwieczorek-ze-st-moniuszko-jest-to-kompozytor-tylez-znany-co-odkrywany\\\/#breadcrumb\"},\"inLanguage\":\"pl-PL\",\"potentialAction\":[{\"@type\":\"ReadAction\",\"target\":[\"https:\\\/\\\/www.24gliwice.pl\\\/wiadomosci\\\/muzyczny-podwieczorek-ze-st-moniuszko-jest-to-kompozytor-tylez-znany-co-odkrywany\\\/\"]}]},{\"@type\":\"ImageObject\",\"inLanguage\":\"pl-PL\",\"@id\":\"https:\\\/\\\/www.24gliwice.pl\\\/wiadomosci\\\/muzyczny-podwieczorek-ze-st-moniuszko-jest-to-kompozytor-tylez-znany-co-odkrywany\\\/#primaryimage\",\"url\":\"https:\\\/\\\/www.24gliwice.pl\\\/wiadomosci\\\/wp-content\\\/uploads\\\/2019\\\/12\\\/moniuszko.jpg\",\"contentUrl\":\"https:\\\/\\\/www.24gliwice.pl\\\/wiadomosci\\\/wp-content\\\/uploads\\\/2019\\\/12\\\/moniuszko.jpg\",\"width\":755,\"height\":425},{\"@type\":\"BreadcrumbList\",\"@id\":\"https:\\\/\\\/www.24gliwice.pl\\\/wiadomosci\\\/muzyczny-podwieczorek-ze-st-moniuszko-jest-to-kompozytor-tylez-znany-co-odkrywany\\\/#breadcrumb\",\"itemListElement\":[{\"@type\":\"ListItem\",\"position\":1,\"name\":\"Strona g\u0142\u00f3wna\",\"item\":\"https:\\\/\\\/www.24gliwice.pl\\\/wiadomosci\\\/\"},{\"@type\":\"ListItem\",\"position\":2,\"name\":\"Muzyczny podwieczorek ze St. Moniuszko. &#8222;Jest to kompozytor tyle\u017c znany, co odkrywany&#8221;\"}]},{\"@type\":\"WebSite\",\"@id\":\"https:\\\/\\\/www.24gliwice.pl\\\/wiadomosci\\\/#website\",\"url\":\"https:\\\/\\\/www.24gliwice.pl\\\/wiadomosci\\\/\",\"name\":\"24GLIWICE - Portal Gliwice | codziennie nowe wiadomo\u015bci\",\"description\":\"Portal Miejski Gliwice\",\"publisher\":{\"@id\":\"https:\\\/\\\/www.24gliwice.pl\\\/wiadomosci\\\/#organization\"},\"potentialAction\":[{\"@type\":\"SearchAction\",\"target\":{\"@type\":\"EntryPoint\",\"urlTemplate\":\"https:\\\/\\\/www.24gliwice.pl\\\/wiadomosci\\\/?s={search_term_string}\"},\"query-input\":{\"@type\":\"PropertyValueSpecification\",\"valueRequired\":true,\"valueName\":\"search_term_string\"}}],\"inLanguage\":\"pl-PL\"},{\"@type\":\"Organization\",\"@id\":\"https:\\\/\\\/www.24gliwice.pl\\\/wiadomosci\\\/#organization\",\"name\":\"24gliwice\",\"url\":\"https:\\\/\\\/www.24gliwice.pl\\\/wiadomosci\\\/\",\"logo\":{\"@type\":\"ImageObject\",\"inLanguage\":\"pl-PL\",\"@id\":\"https:\\\/\\\/www.24gliwice.pl\\\/wiadomosci\\\/#\\\/schema\\\/logo\\\/image\\\/\",\"url\":\"https:\\\/\\\/www.24gliwice.pl\\\/wiadomosci\\\/wp-content\\\/uploads\\\/2024\\\/10\\\/24gliwice-logo-696.jpg\",\"contentUrl\":\"https:\\\/\\\/www.24gliwice.pl\\\/wiadomosci\\\/wp-content\\\/uploads\\\/2024\\\/10\\\/24gliwice-logo-696.jpg\",\"width\":696,\"height\":696,\"caption\":\"24gliwice\"},\"image\":{\"@id\":\"https:\\\/\\\/www.24gliwice.pl\\\/wiadomosci\\\/#\\\/schema\\\/logo\\\/image\\\/\"},\"sameAs\":[\"https:\\\/\\\/www.facebook.com\\\/24gliwice\",\"https:\\\/\\\/x.com\\\/24gliwice\",\"https:\\\/\\\/www.youtube.com\\\/@24gliwice\"]},{\"@type\":\"Person\",\"@id\":\"https:\\\/\\\/www.24gliwice.pl\\\/wiadomosci\\\/#\\\/schema\\\/person\\\/e42c650edd7f2fa332be3811fb166b6e\",\"name\":\"\u017baneta Mrozek-Siewierska\",\"image\":{\"@type\":\"ImageObject\",\"inLanguage\":\"pl-PL\",\"@id\":\"https:\\\/\\\/secure.gravatar.com\\\/avatar\\\/1881429e9c64597c77ad7aef2d0a19be69a3253e57534d16aa15bf3a4d34a0a3?s=96&d=mm&r=g\",\"url\":\"https:\\\/\\\/secure.gravatar.com\\\/avatar\\\/1881429e9c64597c77ad7aef2d0a19be69a3253e57534d16aa15bf3a4d34a0a3?s=96&d=mm&r=g\",\"contentUrl\":\"https:\\\/\\\/secure.gravatar.com\\\/avatar\\\/1881429e9c64597c77ad7aef2d0a19be69a3253e57534d16aa15bf3a4d34a0a3?s=96&d=mm&r=g\",\"caption\":\"\u017baneta Mrozek-Siewierska\"},\"url\":\"https:\\\/\\\/www.24gliwice.pl\\\/wiadomosci\\\/author\\\/zms\\\/\"}]}<\/script>\n<!-- \/ Yoast SEO plugin. -->","yoast_head_json":{"title":"Muzyczny podwieczorek ze St. Moniuszko. \"Jest to kompozytor tyle\u017c znany, co odkrywany\" - 24GLIWICE - Portal Gliwice | codziennie nowe informacje","robots":{"index":"index","follow":"follow","max-snippet":"max-snippet:-1","max-image-preview":"max-image-preview:large","max-video-preview":"max-video-preview:-1"},"canonical":"https:\/\/www.24gliwice.pl\/wiadomosci\/muzyczny-podwieczorek-ze-st-moniuszko-jest-to-kompozytor-tylez-znany-co-odkrywany\/","og_locale":"pl_PL","og_type":"article","og_title":"Muzyczny podwieczorek ze St. Moniuszko. \"Jest to kompozytor tyle\u017c znany, co odkrywany\" - 24GLIWICE - Portal Gliwice | codziennie nowe informacje","og_description":"Bohaterem grudniowego Podwieczorku muzycznego w Willi Caro b\u0119dzie kompozytor Stanis\u0142aw Moniuszko. W niedziel\u0119, 8 grudnia, b\u0119dzie okazja by pos\u0142ucha\u0107 jego arii i pie\u015bni. Koncert \u201eW salonie Pana Stanis\u0142awa\u201d wpisuje si\u0119 w obchody 200 rocznicy urodzin wybitnego muzyka. Arty\u015bci si\u0119gn\u0105 do pie\u015bni i oper Stanis\u0142awa Moniuszki, poszukaj\u0105 te\u017c inspiracji w \u015apiewnikach domowych. Koncert rozpocznie si\u0119 o [&hellip;]","og_url":"https:\/\/www.24gliwice.pl\/wiadomosci\/muzyczny-podwieczorek-ze-st-moniuszko-jest-to-kompozytor-tylez-znany-co-odkrywany\/","og_site_name":"24GLIWICE - Portal Gliwice | codziennie nowe informacje","article_publisher":"https:\/\/www.facebook.com\/24gliwice","article_published_time":"2019-12-06T00:10:42+00:00","article_modified_time":"2019-12-06T00:19:35+00:00","og_image":[{"width":755,"height":425,"url":"https:\/\/www.24gliwice.pl\/wiadomosci\/wp-content\/uploads\/2019\/12\/moniuszko.jpg","type":"image\/jpeg"}],"author":"\u017baneta Mrozek-Siewierska","twitter_card":"summary_large_image","twitter_creator":"@24gliwice","twitter_site":"@24gliwice","twitter_misc":{"Napisane przez":"\u017baneta Mrozek-Siewierska","Szacowany czas czytania":"1 minuta"},"schema":{"@context":"https:\/\/schema.org","@graph":[{"@type":"Article","@id":"https:\/\/www.24gliwice.pl\/wiadomosci\/muzyczny-podwieczorek-ze-st-moniuszko-jest-to-kompozytor-tylez-znany-co-odkrywany\/#article","isPartOf":{"@id":"https:\/\/www.24gliwice.pl\/wiadomosci\/muzyczny-podwieczorek-ze-st-moniuszko-jest-to-kompozytor-tylez-znany-co-odkrywany\/"},"author":{"name":"\u017baneta Mrozek-Siewierska","@id":"https:\/\/www.24gliwice.pl\/wiadomosci\/#\/schema\/person\/e42c650edd7f2fa332be3811fb166b6e"},"headline":"Muzyczny podwieczorek ze St. Moniuszko. &#8220;Jest to kompozytor tyle\u017c znany, co odkrywany&#8221;","datePublished":"2019-12-06T00:10:42+00:00","dateModified":"2019-12-06T00:19:35+00:00","mainEntityOfPage":{"@id":"https:\/\/www.24gliwice.pl\/wiadomosci\/muzyczny-podwieczorek-ze-st-moniuszko-jest-to-kompozytor-tylez-znany-co-odkrywany\/"},"wordCount":189,"commentCount":0,"publisher":{"@id":"https:\/\/www.24gliwice.pl\/wiadomosci\/#organization"},"image":{"@id":"https:\/\/www.24gliwice.pl\/wiadomosci\/muzyczny-podwieczorek-ze-st-moniuszko-jest-to-kompozytor-tylez-znany-co-odkrywany\/#primaryimage"},"thumbnailUrl":"https:\/\/www.24gliwice.pl\/wiadomosci\/wp-content\/uploads\/2019\/12\/moniuszko.jpg","keywords":["podwieczorek muzyczny","WILLA CARO"],"articleSection":["Gliwice","Kultura, wydarzenia, imprezy","Najnowsze wiadomo\u015bci"],"inLanguage":"pl-PL","potentialAction":[{"@type":"CommentAction","name":"Comment","target":["https:\/\/www.24gliwice.pl\/wiadomosci\/muzyczny-podwieczorek-ze-st-moniuszko-jest-to-kompozytor-tylez-znany-co-odkrywany\/#respond"]}]},{"@type":"WebPage","@id":"https:\/\/www.24gliwice.pl\/wiadomosci\/muzyczny-podwieczorek-ze-st-moniuszko-jest-to-kompozytor-tylez-znany-co-odkrywany\/","url":"https:\/\/www.24gliwice.pl\/wiadomosci\/muzyczny-podwieczorek-ze-st-moniuszko-jest-to-kompozytor-tylez-znany-co-odkrywany\/","name":"Muzyczny podwieczorek ze St. Moniuszko. \"Jest to kompozytor tyle\u017c znany, co odkrywany\" - 24GLIWICE - Portal Gliwice | codziennie nowe informacje","isPartOf":{"@id":"https:\/\/www.24gliwice.pl\/wiadomosci\/#website"},"primaryImageOfPage":{"@id":"https:\/\/www.24gliwice.pl\/wiadomosci\/muzyczny-podwieczorek-ze-st-moniuszko-jest-to-kompozytor-tylez-znany-co-odkrywany\/#primaryimage"},"image":{"@id":"https:\/\/www.24gliwice.pl\/wiadomosci\/muzyczny-podwieczorek-ze-st-moniuszko-jest-to-kompozytor-tylez-znany-co-odkrywany\/#primaryimage"},"thumbnailUrl":"https:\/\/www.24gliwice.pl\/wiadomosci\/wp-content\/uploads\/2019\/12\/moniuszko.jpg","datePublished":"2019-12-06T00:10:42+00:00","dateModified":"2019-12-06T00:19:35+00:00","breadcrumb":{"@id":"https:\/\/www.24gliwice.pl\/wiadomosci\/muzyczny-podwieczorek-ze-st-moniuszko-jest-to-kompozytor-tylez-znany-co-odkrywany\/#breadcrumb"},"inLanguage":"pl-PL","potentialAction":[{"@type":"ReadAction","target":["https:\/\/www.24gliwice.pl\/wiadomosci\/muzyczny-podwieczorek-ze-st-moniuszko-jest-to-kompozytor-tylez-znany-co-odkrywany\/"]}]},{"@type":"ImageObject","inLanguage":"pl-PL","@id":"https:\/\/www.24gliwice.pl\/wiadomosci\/muzyczny-podwieczorek-ze-st-moniuszko-jest-to-kompozytor-tylez-znany-co-odkrywany\/#primaryimage","url":"https:\/\/www.24gliwice.pl\/wiadomosci\/wp-content\/uploads\/2019\/12\/moniuszko.jpg","contentUrl":"https:\/\/www.24gliwice.pl\/wiadomosci\/wp-content\/uploads\/2019\/12\/moniuszko.jpg","width":755,"height":425},{"@type":"BreadcrumbList","@id":"https:\/\/www.24gliwice.pl\/wiadomosci\/muzyczny-podwieczorek-ze-st-moniuszko-jest-to-kompozytor-tylez-znany-co-odkrywany\/#breadcrumb","itemListElement":[{"@type":"ListItem","position":1,"name":"Strona g\u0142\u00f3wna","item":"https:\/\/www.24gliwice.pl\/wiadomosci\/"},{"@type":"ListItem","position":2,"name":"Muzyczny podwieczorek ze St. Moniuszko. &#8222;Jest to kompozytor tyle\u017c znany, co odkrywany&#8221;"}]},{"@type":"WebSite","@id":"https:\/\/www.24gliwice.pl\/wiadomosci\/#website","url":"https:\/\/www.24gliwice.pl\/wiadomosci\/","name":"24GLIWICE - Portal Gliwice | codziennie nowe wiadomo\u015bci","description":"Portal Miejski Gliwice","publisher":{"@id":"https:\/\/www.24gliwice.pl\/wiadomosci\/#organization"},"potentialAction":[{"@type":"SearchAction","target":{"@type":"EntryPoint","urlTemplate":"https:\/\/www.24gliwice.pl\/wiadomosci\/?s={search_term_string}"},"query-input":{"@type":"PropertyValueSpecification","valueRequired":true,"valueName":"search_term_string"}}],"inLanguage":"pl-PL"},{"@type":"Organization","@id":"https:\/\/www.24gliwice.pl\/wiadomosci\/#organization","name":"24gliwice","url":"https:\/\/www.24gliwice.pl\/wiadomosci\/","logo":{"@type":"ImageObject","inLanguage":"pl-PL","@id":"https:\/\/www.24gliwice.pl\/wiadomosci\/#\/schema\/logo\/image\/","url":"https:\/\/www.24gliwice.pl\/wiadomosci\/wp-content\/uploads\/2024\/10\/24gliwice-logo-696.jpg","contentUrl":"https:\/\/www.24gliwice.pl\/wiadomosci\/wp-content\/uploads\/2024\/10\/24gliwice-logo-696.jpg","width":696,"height":696,"caption":"24gliwice"},"image":{"@id":"https:\/\/www.24gliwice.pl\/wiadomosci\/#\/schema\/logo\/image\/"},"sameAs":["https:\/\/www.facebook.com\/24gliwice","https:\/\/x.com\/24gliwice","https:\/\/www.youtube.com\/@24gliwice"]},{"@type":"Person","@id":"https:\/\/www.24gliwice.pl\/wiadomosci\/#\/schema\/person\/e42c650edd7f2fa332be3811fb166b6e","name":"\u017baneta Mrozek-Siewierska","image":{"@type":"ImageObject","inLanguage":"pl-PL","@id":"https:\/\/secure.gravatar.com\/avatar\/1881429e9c64597c77ad7aef2d0a19be69a3253e57534d16aa15bf3a4d34a0a3?s=96&d=mm&r=g","url":"https:\/\/secure.gravatar.com\/avatar\/1881429e9c64597c77ad7aef2d0a19be69a3253e57534d16aa15bf3a4d34a0a3?s=96&d=mm&r=g","contentUrl":"https:\/\/secure.gravatar.com\/avatar\/1881429e9c64597c77ad7aef2d0a19be69a3253e57534d16aa15bf3a4d34a0a3?s=96&d=mm&r=g","caption":"\u017baneta Mrozek-Siewierska"},"url":"https:\/\/www.24gliwice.pl\/wiadomosci\/author\/zms\/"}]}},"_links":{"self":[{"href":"https:\/\/www.24gliwice.pl\/wiadomosci\/wp-json\/wp\/v2\/posts\/144398","targetHints":{"allow":["GET"]}}],"collection":[{"href":"https:\/\/www.24gliwice.pl\/wiadomosci\/wp-json\/wp\/v2\/posts"}],"about":[{"href":"https:\/\/www.24gliwice.pl\/wiadomosci\/wp-json\/wp\/v2\/types\/post"}],"author":[{"embeddable":true,"href":"https:\/\/www.24gliwice.pl\/wiadomosci\/wp-json\/wp\/v2\/users\/15"}],"replies":[{"embeddable":true,"href":"https:\/\/www.24gliwice.pl\/wiadomosci\/wp-json\/wp\/v2\/comments?post=144398"}],"version-history":[{"count":0,"href":"https:\/\/www.24gliwice.pl\/wiadomosci\/wp-json\/wp\/v2\/posts\/144398\/revisions"}],"wp:featuredmedia":[{"embeddable":true,"href":"https:\/\/www.24gliwice.pl\/wiadomosci\/wp-json\/wp\/v2\/media\/144527"}],"wp:attachment":[{"href":"https:\/\/www.24gliwice.pl\/wiadomosci\/wp-json\/wp\/v2\/media?parent=144398"}],"wp:term":[{"taxonomy":"category","embeddable":true,"href":"https:\/\/www.24gliwice.pl\/wiadomosci\/wp-json\/wp\/v2\/categories?post=144398"},{"taxonomy":"post_tag","embeddable":true,"href":"https:\/\/www.24gliwice.pl\/wiadomosci\/wp-json\/wp\/v2\/tags?post=144398"}],"curies":[{"name":"wp","href":"https:\/\/api.w.org\/{rel}","templated":true}]}}