{"id":144482,"date":"2019-12-06T00:59:27","date_gmt":"2019-12-05T23:59:27","guid":{"rendered":"https:\/\/www.24gliwice.pl\/wiadomosci\/?p=144482"},"modified":"2019-12-06T00:59:27","modified_gmt":"2019-12-05T23:59:27","slug":"volkswagen-nagle-zmienil-pas-i-czolowo-zderzyl-sie-z-seicento-kierowca-zasnal-za-kierownica","status":"publish","type":"post","link":"https:\/\/www.24gliwice.pl\/wiadomosci\/volkswagen-nagle-zmienil-pas-i-czolowo-zderzyl-sie-z-seicento-kierowca-zasnal-za-kierownica\/","title":{"rendered":"Volkswagen nagle zmieni\u0142 pas i czo\u0142owo zderzy\u0142 si\u0119 z seicento. Kierowca zasn\u0105\u0142 za kierownic\u0105?"},"content":{"rendered":"<div class=\"gliwi-a6-nad-leadem-artykulow gliwi-entity-placement\" id=\"gliwi-4266409408\"><div class=\"gliwi-adlabel\"><span style=\"font-size: 9px\">REKLAMA<\/span><\/div><div id=\"gliwi-2375006646\" style=\"margin-bottom: 30px;margin-left: auto;margin-right: auto;text-align: center;\"><a data-no-instant=\"1\" href=\"https:\/\/przedszkole.halogen.org.pl\/\" rel=\"noopener\" class=\"a2t-link\" target=\"_blank\" aria-label=\"20260402-ANIMATOR-przedszkole_grafika_750x200\"><img loading=\"lazy\" decoding=\"async\" src=\"https:\/\/www.24gliwice.pl\/wiadomosci\/wp-content\/uploads\/2026\/04\/20260402-ANIMATOR-przedszkole_grafika_750x200.webp\" alt=\"\"  srcset=\"https:\/\/www.24gliwice.pl\/wiadomosci\/wp-content\/uploads\/2026\/04\/20260402-ANIMATOR-przedszkole_grafika_750x200.webp 750w, https:\/\/www.24gliwice.pl\/wiadomosci\/wp-content\/uploads\/2026\/04\/20260402-ANIMATOR-przedszkole_grafika_750x200-410x109.webp 410w\" sizes=\"(max-width: 750px) 100vw, 750px\" class=\"no-lazyload\" width=\"750\" height=\"200\"  style=\"display: inline-block; max-width: 100%; height: auto;\" \/><\/a><\/div><\/div><h3>Dramatyczny wypadek na terenie powiatu &#8211; czo\u0142owo zderzy\u0142y si\u0119 ze sob\u0105 volkswagen i fiat seicento. Do zdarzenia dosz\u0142o w czwartek, 5 grudnia, oko\u0142o godziny 6:00 rano. Kieruj\u0105ca fiatem z powa\u017cnymi obra\u017ceniami zosta\u0142a przetransportowana do szpitala.<\/h3>\n<p>Ze wst\u0119pnych ustale\u0144 wynika, \u017ce kierowca volkswagena caddy, jad\u0105c droga krajow\u0105 numer 94 od strony Pyskowic, na prostym odcinku drogi, zjecha\u0142 na przeciwleg\u0142y pas ruchu, doprowadzaj\u0105c do czo\u0142owego zderzenia z fiatem seicento, jad\u0105cym prawid\u0142owo od strony Toszka.<\/p>\n<p>&#8211; Ruch w obu kierunkach zosta\u0142 wstrzymany. Na miejsce przyjecha\u0142y wszystkie s\u0142u\u017cby, policyjna ekipa \u015bledcza. M\u0119\u017cczyzna kieruj\u0105cy volkswagenem by\u0142 trze\u017awy. Jedn\u0105 z hipotez dotycz\u0105cych przyczyn wypadku jest za\u015bni\u0119cie za kierownic\u0105, jednak pe\u0142ne przyczyny i okoliczno\u015bci tej tragedii poznamy dopiero po zako\u0144czeniu post\u0119powania &#8211; przekazuje podinspektor <strong>Marek S\u0142omski<\/strong>, oficer prasowy KMP Gliwice.<\/p><div class=\"gliwi-a3-w-tresci-artykulow gliwi-entity-placement\" id=\"gliwi-389495728\"><div class=\"gliwi-adlabel\"><span style=\"font-size: 9px\">REKLAMA<\/span><\/div><div id=\"gliwi-4082339236\" style=\"margin-bottom: 30px;margin-left: auto;margin-right: auto;text-align: center;\"><a data-no-instant=\"1\" href=\"https:\/\/zlobek.halogen.org.pl\/\" rel=\"noopener\" class=\"a2t-link\" target=\"_blank\" aria-label=\"animator-zlobek_750x200\"><img loading=\"lazy\" decoding=\"async\" src=\"https:\/\/www.24gliwice.pl\/wiadomosci\/wp-content\/uploads\/2026\/02\/animator-zlobek_750x200.webp\" alt=\"\"  srcset=\"https:\/\/www.24gliwice.pl\/wiadomosci\/wp-content\/uploads\/2026\/02\/animator-zlobek_750x200.webp 750w, https:\/\/www.24gliwice.pl\/wiadomosci\/wp-content\/uploads\/2026\/02\/animator-zlobek_750x200-410x109.webp 410w\" sizes=\"(max-width: 750px) 100vw, 750px\" class=\"no-lazyload\" width=\"750\" height=\"200\"  style=\"display: inline-block; max-width: 100%; height: auto;\" \/><\/a><\/div><\/div>\n<h4>Dwa czo\u0142owe zderzenia z seicento, podobne okoliczno\u015bci<\/h4>\n<p><a href=\"https:\/\/www.24gliwice.pl\/wiadomosci\/volkswagen-nagle-zmienil-pas-ruchu-powodujac-zderzenie-czolowe-nie-zyje-58-letnia-kierujaca-seicento\/\" target=\"_blank\" rel=\"noopener noreferrer\">To nie pierwszy tego rodzaju wypadek <\/a>w powiecie gliwickim w ci\u0105gu ostatnich dni. W sobot\u0119, 23 listopada, oko\u0142o godziny 6:15 na ulicy Rybnickiej w miejscowo\u015bci Wilcza (DK78 \u2013 40,7km) dosz\u0142o do czo\u0142owego zderzenia samochodu marki volkswagen amarok z fiatem seicento. Kieruj\u0105ca fiatem kobieta ponios\u0142a \u015bmier\u0107 na miejscu.<\/p>\n<h3>Tu\u017c po zdarzeniu policja r\u00f3wnie\u017c przekazywa\u0142a, \u017ce jedn\u0105 z hipotetycznych przyczyn jest za\u015bni\u0119cie za kierownic\u0105. Teraz szuka os\u00f3b, kt\u00f3re pomog\u0105 ustali\u0107, co tam dok\u0142adnie zasz\u0142o.<\/h3>\n<p>&#8211; \u015awiadk\u00f3w wypadku oraz osoby maj\u0105ce informacje na jego temat prosimy o telefoniczny (32 33 69 283 ) lub osobisty kontakt z Wydzia\u0142em Kryminalnym KMP Gliwice, ul. Powsta\u0144c\u00f3w Warszawy 12, pok\u00f3j 220 &#8211; przekazywa\u0142 kilka dni temu rzecznik policji.<\/p>\n<p>(\u017cms)\/KMP Gliwice<\/p>\n<div class=\"gliwi-a5-na-koncu-artykulow gliwi-entity-placement\" id=\"gliwi-1244361294\"><div class=\"gliwi-adlabel\"><span style=\"font-size: 9px\">REKLAMA<\/span><\/div><div id=\"gliwi-1959378783\" style=\"margin-left: auto;margin-right: auto;text-align: center;\"><a data-no-instant=\"1\" href=\"https:\/\/prezeroarenagliwice.pl\/\" rel=\"noopener\" class=\"a2t-link\" target=\"_blank\" aria-label=\"20260309-PREZERO-WIOSNA-D\"><img loading=\"lazy\" decoding=\"async\" src=\"https:\/\/www.24gliwice.pl\/wiadomosci\/wp-content\/uploads\/2026\/03\/20260309-PREZERO-WIOSNA-D.webp\" alt=\"\"  srcset=\"https:\/\/www.24gliwice.pl\/wiadomosci\/wp-content\/uploads\/2026\/03\/20260309-PREZERO-WIOSNA-D.webp 750w, https:\/\/www.24gliwice.pl\/wiadomosci\/wp-content\/uploads\/2026\/03\/20260309-PREZERO-WIOSNA-D-410x109.webp 410w\" sizes=\"(max-width: 750px) 100vw, 750px\" class=\"no-lazyload\" width=\"750\" height=\"200\"  style=\"display: inline-block; max-width: 100%; height: auto;\" \/><\/a><\/div><\/div>","protected":false},"excerpt":{"rendered":"<p>Dramatyczny wypadek na terenie powiatu &#8211; czo\u0142owo zderzy\u0142y si\u0119 ze sob\u0105 volkswagen i fiat seicento. Do zdarzenia dosz\u0142o w czwartek, 5 grudnia, oko\u0142o godziny 6:00 rano. Kieruj\u0105ca fiatem z powa\u017cnymi obra\u017ceniami zosta\u0142a przetransportowana do szpitala. Ze wst\u0119pnych ustale\u0144 wynika, \u017ce kierowca volkswagena caddy, jad\u0105c droga krajow\u0105 numer 94 od strony Pyskowic, na prostym odcinku drogi, [&hellip;]<\/p>\n","protected":false},"author":15,"featured_media":121165,"comment_status":"open","ping_status":"closed","sticky":false,"template":"","format":"standard","meta":{"_monsterinsights_skip_tracking":false,"_monsterinsights_sitenote_active":false,"_monsterinsights_sitenote_note":"","_monsterinsights_sitenote_category":0,"footnotes":"","_links_to":"","_links_to_target":""},"categories":[3,1,5],"tags":[8641],"class_list":["post-144482","post","type-post","status-publish","format-standard","has-post-thumbnail","hentry","category-gliwice","category-wszystko","category-kryminalki","tag-czolowe-zderzenie"],"yoast_head":"<!-- This site is optimized with the Yoast SEO plugin v27.5 - https:\/\/yoast.com\/product\/yoast-seo-wordpress\/ -->\n<title>Volkswagen nagle zmieni\u0142 pas i czo\u0142owo zderzy\u0142 si\u0119 z seicento. Kierowca zasn\u0105\u0142 za kierownic\u0105? - 24GLIWICE - Portal Gliwice | codziennie nowe informacje<\/title>\n<meta name=\"robots\" content=\"index, follow, max-snippet:-1, max-image-preview:large, max-video-preview:-1\" \/>\n<link rel=\"canonical\" href=\"https:\/\/www.24gliwice.pl\/wiadomosci\/volkswagen-nagle-zmienil-pas-i-czolowo-zderzyl-sie-z-seicento-kierowca-zasnal-za-kierownica\/\" \/>\n<meta property=\"og:locale\" content=\"pl_PL\" \/>\n<meta property=\"og:type\" content=\"article\" \/>\n<meta property=\"og:title\" content=\"Volkswagen nagle zmieni\u0142 pas i czo\u0142owo zderzy\u0142 si\u0119 z seicento. Kierowca zasn\u0105\u0142 za kierownic\u0105? - 24GLIWICE - Portal Gliwice | codziennie nowe informacje\" \/>\n<meta property=\"og:description\" content=\"Dramatyczny wypadek na terenie powiatu &#8211; czo\u0142owo zderzy\u0142y si\u0119 ze sob\u0105 volkswagen i fiat seicento. Do zdarzenia dosz\u0142o w czwartek, 5 grudnia, oko\u0142o godziny 6:00 rano. Kieruj\u0105ca fiatem z powa\u017cnymi obra\u017ceniami zosta\u0142a przetransportowana do szpitala. Ze wst\u0119pnych ustale\u0144 wynika, \u017ce kierowca volkswagena caddy, jad\u0105c droga krajow\u0105 numer 94 od strony Pyskowic, na prostym odcinku drogi, [&hellip;]\" \/>\n<meta property=\"og:url\" content=\"https:\/\/www.24gliwice.pl\/wiadomosci\/volkswagen-nagle-zmienil-pas-i-czolowo-zderzyl-sie-z-seicento-kierowca-zasnal-za-kierownica\/\" \/>\n<meta property=\"og:site_name\" content=\"24GLIWICE - Portal Gliwice | codziennie nowe informacje\" \/>\n<meta property=\"article:publisher\" content=\"https:\/\/www.facebook.com\/24gliwice\" \/>\n<meta property=\"article:published_time\" content=\"2019-12-05T23:59:27+00:00\" \/>\n<meta property=\"og:image\" content=\"https:\/\/www.24gliwice.pl\/wiadomosci\/wp-content\/uploads\/2018\/08\/policja-radiow\u00f3z-e1586429972252.jpeg\" \/>\n\t<meta property=\"og:image:width\" content=\"810\" \/>\n\t<meta property=\"og:image:height\" content=\"456\" \/>\n\t<meta property=\"og:image:type\" content=\"image\/jpeg\" \/>\n<meta name=\"author\" content=\"\u017baneta Mrozek-Siewierska\" \/>\n<meta name=\"twitter:card\" content=\"summary_large_image\" \/>\n<meta name=\"twitter:creator\" content=\"@24gliwice\" \/>\n<meta name=\"twitter:site\" content=\"@24gliwice\" \/>\n<meta name=\"twitter:label1\" content=\"Napisane przez\" \/>\n\t<meta name=\"twitter:data1\" content=\"\u017baneta Mrozek-Siewierska\" \/>\n\t<meta name=\"twitter:label2\" content=\"Szacowany czas czytania\" \/>\n\t<meta name=\"twitter:data2\" content=\"1 minuta\" \/>\n<script type=\"application\/ld+json\" class=\"yoast-schema-graph\">{\"@context\":\"https:\\\/\\\/schema.org\",\"@graph\":[{\"@type\":\"Article\",\"@id\":\"https:\\\/\\\/www.24gliwice.pl\\\/wiadomosci\\\/volkswagen-nagle-zmienil-pas-i-czolowo-zderzyl-sie-z-seicento-kierowca-zasnal-za-kierownica\\\/#article\",\"isPartOf\":{\"@id\":\"https:\\\/\\\/www.24gliwice.pl\\\/wiadomosci\\\/volkswagen-nagle-zmienil-pas-i-czolowo-zderzyl-sie-z-seicento-kierowca-zasnal-za-kierownica\\\/\"},\"author\":{\"name\":\"\u017baneta Mrozek-Siewierska\",\"@id\":\"https:\\\/\\\/www.24gliwice.pl\\\/wiadomosci\\\/#\\\/schema\\\/person\\\/e42c650edd7f2fa332be3811fb166b6e\"},\"headline\":\"Volkswagen nagle zmieni\u0142 pas i czo\u0142owo zderzy\u0142 si\u0119 z seicento. Kierowca zasn\u0105\u0142 za kierownic\u0105?\",\"datePublished\":\"2019-12-05T23:59:27+00:00\",\"mainEntityOfPage\":{\"@id\":\"https:\\\/\\\/www.24gliwice.pl\\\/wiadomosci\\\/volkswagen-nagle-zmienil-pas-i-czolowo-zderzyl-sie-z-seicento-kierowca-zasnal-za-kierownica\\\/\"},\"wordCount\":298,\"commentCount\":0,\"publisher\":{\"@id\":\"https:\\\/\\\/www.24gliwice.pl\\\/wiadomosci\\\/#organization\"},\"image\":{\"@id\":\"https:\\\/\\\/www.24gliwice.pl\\\/wiadomosci\\\/volkswagen-nagle-zmienil-pas-i-czolowo-zderzyl-sie-z-seicento-kierowca-zasnal-za-kierownica\\\/#primaryimage\"},\"thumbnailUrl\":\"https:\\\/\\\/www.24gliwice.pl\\\/wiadomosci\\\/wp-content\\\/uploads\\\/2018\\\/08\\\/policja-radiow\u00f3z-e1586429972252.jpeg\",\"keywords\":[\"czo\u0142owe zderzenie\"],\"articleSection\":[\"Gliwice\",\"Najnowsze wiadomo\u015bci\",\"Prawo\"],\"inLanguage\":\"pl-PL\",\"potentialAction\":[{\"@type\":\"CommentAction\",\"name\":\"Comment\",\"target\":[\"https:\\\/\\\/www.24gliwice.pl\\\/wiadomosci\\\/volkswagen-nagle-zmienil-pas-i-czolowo-zderzyl-sie-z-seicento-kierowca-zasnal-za-kierownica\\\/#respond\"]}]},{\"@type\":\"WebPage\",\"@id\":\"https:\\\/\\\/www.24gliwice.pl\\\/wiadomosci\\\/volkswagen-nagle-zmienil-pas-i-czolowo-zderzyl-sie-z-seicento-kierowca-zasnal-za-kierownica\\\/\",\"url\":\"https:\\\/\\\/www.24gliwice.pl\\\/wiadomosci\\\/volkswagen-nagle-zmienil-pas-i-czolowo-zderzyl-sie-z-seicento-kierowca-zasnal-za-kierownica\\\/\",\"name\":\"Volkswagen nagle zmieni\u0142 pas i czo\u0142owo zderzy\u0142 si\u0119 z seicento. Kierowca zasn\u0105\u0142 za kierownic\u0105? - 24GLIWICE - Portal Gliwice | codziennie nowe informacje\",\"isPartOf\":{\"@id\":\"https:\\\/\\\/www.24gliwice.pl\\\/wiadomosci\\\/#website\"},\"primaryImageOfPage\":{\"@id\":\"https:\\\/\\\/www.24gliwice.pl\\\/wiadomosci\\\/volkswagen-nagle-zmienil-pas-i-czolowo-zderzyl-sie-z-seicento-kierowca-zasnal-za-kierownica\\\/#primaryimage\"},\"image\":{\"@id\":\"https:\\\/\\\/www.24gliwice.pl\\\/wiadomosci\\\/volkswagen-nagle-zmienil-pas-i-czolowo-zderzyl-sie-z-seicento-kierowca-zasnal-za-kierownica\\\/#primaryimage\"},\"thumbnailUrl\":\"https:\\\/\\\/www.24gliwice.pl\\\/wiadomosci\\\/wp-content\\\/uploads\\\/2018\\\/08\\\/policja-radiow\u00f3z-e1586429972252.jpeg\",\"datePublished\":\"2019-12-05T23:59:27+00:00\",\"breadcrumb\":{\"@id\":\"https:\\\/\\\/www.24gliwice.pl\\\/wiadomosci\\\/volkswagen-nagle-zmienil-pas-i-czolowo-zderzyl-sie-z-seicento-kierowca-zasnal-za-kierownica\\\/#breadcrumb\"},\"inLanguage\":\"pl-PL\",\"potentialAction\":[{\"@type\":\"ReadAction\",\"target\":[\"https:\\\/\\\/www.24gliwice.pl\\\/wiadomosci\\\/volkswagen-nagle-zmienil-pas-i-czolowo-zderzyl-sie-z-seicento-kierowca-zasnal-za-kierownica\\\/\"]}]},{\"@type\":\"ImageObject\",\"inLanguage\":\"pl-PL\",\"@id\":\"https:\\\/\\\/www.24gliwice.pl\\\/wiadomosci\\\/volkswagen-nagle-zmienil-pas-i-czolowo-zderzyl-sie-z-seicento-kierowca-zasnal-za-kierownica\\\/#primaryimage\",\"url\":\"https:\\\/\\\/www.24gliwice.pl\\\/wiadomosci\\\/wp-content\\\/uploads\\\/2018\\\/08\\\/policja-radiow\u00f3z-e1586429972252.jpeg\",\"contentUrl\":\"https:\\\/\\\/www.24gliwice.pl\\\/wiadomosci\\\/wp-content\\\/uploads\\\/2018\\\/08\\\/policja-radiow\u00f3z-e1586429972252.jpeg\",\"width\":810,\"height\":456},{\"@type\":\"BreadcrumbList\",\"@id\":\"https:\\\/\\\/www.24gliwice.pl\\\/wiadomosci\\\/volkswagen-nagle-zmienil-pas-i-czolowo-zderzyl-sie-z-seicento-kierowca-zasnal-za-kierownica\\\/#breadcrumb\",\"itemListElement\":[{\"@type\":\"ListItem\",\"position\":1,\"name\":\"Strona g\u0142\u00f3wna\",\"item\":\"https:\\\/\\\/www.24gliwice.pl\\\/wiadomosci\\\/\"},{\"@type\":\"ListItem\",\"position\":2,\"name\":\"Volkswagen nagle zmieni\u0142 pas i czo\u0142owo zderzy\u0142 si\u0119 z seicento. Kierowca zasn\u0105\u0142 za kierownic\u0105?\"}]},{\"@type\":\"WebSite\",\"@id\":\"https:\\\/\\\/www.24gliwice.pl\\\/wiadomosci\\\/#website\",\"url\":\"https:\\\/\\\/www.24gliwice.pl\\\/wiadomosci\\\/\",\"name\":\"24GLIWICE - Portal Gliwice | codziennie nowe wiadomo\u015bci\",\"description\":\"Portal Miejski Gliwice\",\"publisher\":{\"@id\":\"https:\\\/\\\/www.24gliwice.pl\\\/wiadomosci\\\/#organization\"},\"potentialAction\":[{\"@type\":\"SearchAction\",\"target\":{\"@type\":\"EntryPoint\",\"urlTemplate\":\"https:\\\/\\\/www.24gliwice.pl\\\/wiadomosci\\\/?s={search_term_string}\"},\"query-input\":{\"@type\":\"PropertyValueSpecification\",\"valueRequired\":true,\"valueName\":\"search_term_string\"}}],\"inLanguage\":\"pl-PL\"},{\"@type\":\"Organization\",\"@id\":\"https:\\\/\\\/www.24gliwice.pl\\\/wiadomosci\\\/#organization\",\"name\":\"24gliwice\",\"url\":\"https:\\\/\\\/www.24gliwice.pl\\\/wiadomosci\\\/\",\"logo\":{\"@type\":\"ImageObject\",\"inLanguage\":\"pl-PL\",\"@id\":\"https:\\\/\\\/www.24gliwice.pl\\\/wiadomosci\\\/#\\\/schema\\\/logo\\\/image\\\/\",\"url\":\"https:\\\/\\\/www.24gliwice.pl\\\/wiadomosci\\\/wp-content\\\/uploads\\\/2024\\\/10\\\/24gliwice-logo-696.jpg\",\"contentUrl\":\"https:\\\/\\\/www.24gliwice.pl\\\/wiadomosci\\\/wp-content\\\/uploads\\\/2024\\\/10\\\/24gliwice-logo-696.jpg\",\"width\":696,\"height\":696,\"caption\":\"24gliwice\"},\"image\":{\"@id\":\"https:\\\/\\\/www.24gliwice.pl\\\/wiadomosci\\\/#\\\/schema\\\/logo\\\/image\\\/\"},\"sameAs\":[\"https:\\\/\\\/www.facebook.com\\\/24gliwice\",\"https:\\\/\\\/x.com\\\/24gliwice\",\"https:\\\/\\\/www.youtube.com\\\/@24gliwice\"]},{\"@type\":\"Person\",\"@id\":\"https:\\\/\\\/www.24gliwice.pl\\\/wiadomosci\\\/#\\\/schema\\\/person\\\/e42c650edd7f2fa332be3811fb166b6e\",\"name\":\"\u017baneta Mrozek-Siewierska\",\"image\":{\"@type\":\"ImageObject\",\"inLanguage\":\"pl-PL\",\"@id\":\"https:\\\/\\\/secure.gravatar.com\\\/avatar\\\/1881429e9c64597c77ad7aef2d0a19be69a3253e57534d16aa15bf3a4d34a0a3?s=96&d=mm&r=g\",\"url\":\"https:\\\/\\\/secure.gravatar.com\\\/avatar\\\/1881429e9c64597c77ad7aef2d0a19be69a3253e57534d16aa15bf3a4d34a0a3?s=96&d=mm&r=g\",\"contentUrl\":\"https:\\\/\\\/secure.gravatar.com\\\/avatar\\\/1881429e9c64597c77ad7aef2d0a19be69a3253e57534d16aa15bf3a4d34a0a3?s=96&d=mm&r=g\",\"caption\":\"\u017baneta Mrozek-Siewierska\"},\"url\":\"https:\\\/\\\/www.24gliwice.pl\\\/wiadomosci\\\/author\\\/zms\\\/\"}]}<\/script>\n<!-- \/ Yoast SEO plugin. -->","yoast_head_json":{"title":"Volkswagen nagle zmieni\u0142 pas i czo\u0142owo zderzy\u0142 si\u0119 z seicento. Kierowca zasn\u0105\u0142 za kierownic\u0105? - 24GLIWICE - Portal Gliwice | codziennie nowe informacje","robots":{"index":"index","follow":"follow","max-snippet":"max-snippet:-1","max-image-preview":"max-image-preview:large","max-video-preview":"max-video-preview:-1"},"canonical":"https:\/\/www.24gliwice.pl\/wiadomosci\/volkswagen-nagle-zmienil-pas-i-czolowo-zderzyl-sie-z-seicento-kierowca-zasnal-za-kierownica\/","og_locale":"pl_PL","og_type":"article","og_title":"Volkswagen nagle zmieni\u0142 pas i czo\u0142owo zderzy\u0142 si\u0119 z seicento. Kierowca zasn\u0105\u0142 za kierownic\u0105? - 24GLIWICE - Portal Gliwice | codziennie nowe informacje","og_description":"Dramatyczny wypadek na terenie powiatu &#8211; czo\u0142owo zderzy\u0142y si\u0119 ze sob\u0105 volkswagen i fiat seicento. Do zdarzenia dosz\u0142o w czwartek, 5 grudnia, oko\u0142o godziny 6:00 rano. Kieruj\u0105ca fiatem z powa\u017cnymi obra\u017ceniami zosta\u0142a przetransportowana do szpitala. Ze wst\u0119pnych ustale\u0144 wynika, \u017ce kierowca volkswagena caddy, jad\u0105c droga krajow\u0105 numer 94 od strony Pyskowic, na prostym odcinku drogi, [&hellip;]","og_url":"https:\/\/www.24gliwice.pl\/wiadomosci\/volkswagen-nagle-zmienil-pas-i-czolowo-zderzyl-sie-z-seicento-kierowca-zasnal-za-kierownica\/","og_site_name":"24GLIWICE - Portal Gliwice | codziennie nowe informacje","article_publisher":"https:\/\/www.facebook.com\/24gliwice","article_published_time":"2019-12-05T23:59:27+00:00","og_image":[{"width":810,"height":456,"url":"https:\/\/www.24gliwice.pl\/wiadomosci\/wp-content\/uploads\/2018\/08\/policja-radiow\u00f3z-e1586429972252.jpeg","type":"image\/jpeg"}],"author":"\u017baneta Mrozek-Siewierska","twitter_card":"summary_large_image","twitter_creator":"@24gliwice","twitter_site":"@24gliwice","twitter_misc":{"Napisane przez":"\u017baneta Mrozek-Siewierska","Szacowany czas czytania":"1 minuta"},"schema":{"@context":"https:\/\/schema.org","@graph":[{"@type":"Article","@id":"https:\/\/www.24gliwice.pl\/wiadomosci\/volkswagen-nagle-zmienil-pas-i-czolowo-zderzyl-sie-z-seicento-kierowca-zasnal-za-kierownica\/#article","isPartOf":{"@id":"https:\/\/www.24gliwice.pl\/wiadomosci\/volkswagen-nagle-zmienil-pas-i-czolowo-zderzyl-sie-z-seicento-kierowca-zasnal-za-kierownica\/"},"author":{"name":"\u017baneta Mrozek-Siewierska","@id":"https:\/\/www.24gliwice.pl\/wiadomosci\/#\/schema\/person\/e42c650edd7f2fa332be3811fb166b6e"},"headline":"Volkswagen nagle zmieni\u0142 pas i czo\u0142owo zderzy\u0142 si\u0119 z seicento. Kierowca zasn\u0105\u0142 za kierownic\u0105?","datePublished":"2019-12-05T23:59:27+00:00","mainEntityOfPage":{"@id":"https:\/\/www.24gliwice.pl\/wiadomosci\/volkswagen-nagle-zmienil-pas-i-czolowo-zderzyl-sie-z-seicento-kierowca-zasnal-za-kierownica\/"},"wordCount":298,"commentCount":0,"publisher":{"@id":"https:\/\/www.24gliwice.pl\/wiadomosci\/#organization"},"image":{"@id":"https:\/\/www.24gliwice.pl\/wiadomosci\/volkswagen-nagle-zmienil-pas-i-czolowo-zderzyl-sie-z-seicento-kierowca-zasnal-za-kierownica\/#primaryimage"},"thumbnailUrl":"https:\/\/www.24gliwice.pl\/wiadomosci\/wp-content\/uploads\/2018\/08\/policja-radiow\u00f3z-e1586429972252.jpeg","keywords":["czo\u0142owe zderzenie"],"articleSection":["Gliwice","Najnowsze wiadomo\u015bci","Prawo"],"inLanguage":"pl-PL","potentialAction":[{"@type":"CommentAction","name":"Comment","target":["https:\/\/www.24gliwice.pl\/wiadomosci\/volkswagen-nagle-zmienil-pas-i-czolowo-zderzyl-sie-z-seicento-kierowca-zasnal-za-kierownica\/#respond"]}]},{"@type":"WebPage","@id":"https:\/\/www.24gliwice.pl\/wiadomosci\/volkswagen-nagle-zmienil-pas-i-czolowo-zderzyl-sie-z-seicento-kierowca-zasnal-za-kierownica\/","url":"https:\/\/www.24gliwice.pl\/wiadomosci\/volkswagen-nagle-zmienil-pas-i-czolowo-zderzyl-sie-z-seicento-kierowca-zasnal-za-kierownica\/","name":"Volkswagen nagle zmieni\u0142 pas i czo\u0142owo zderzy\u0142 si\u0119 z seicento. Kierowca zasn\u0105\u0142 za kierownic\u0105? - 24GLIWICE - Portal Gliwice | codziennie nowe informacje","isPartOf":{"@id":"https:\/\/www.24gliwice.pl\/wiadomosci\/#website"},"primaryImageOfPage":{"@id":"https:\/\/www.24gliwice.pl\/wiadomosci\/volkswagen-nagle-zmienil-pas-i-czolowo-zderzyl-sie-z-seicento-kierowca-zasnal-za-kierownica\/#primaryimage"},"image":{"@id":"https:\/\/www.24gliwice.pl\/wiadomosci\/volkswagen-nagle-zmienil-pas-i-czolowo-zderzyl-sie-z-seicento-kierowca-zasnal-za-kierownica\/#primaryimage"},"thumbnailUrl":"https:\/\/www.24gliwice.pl\/wiadomosci\/wp-content\/uploads\/2018\/08\/policja-radiow\u00f3z-e1586429972252.jpeg","datePublished":"2019-12-05T23:59:27+00:00","breadcrumb":{"@id":"https:\/\/www.24gliwice.pl\/wiadomosci\/volkswagen-nagle-zmienil-pas-i-czolowo-zderzyl-sie-z-seicento-kierowca-zasnal-za-kierownica\/#breadcrumb"},"inLanguage":"pl-PL","potentialAction":[{"@type":"ReadAction","target":["https:\/\/www.24gliwice.pl\/wiadomosci\/volkswagen-nagle-zmienil-pas-i-czolowo-zderzyl-sie-z-seicento-kierowca-zasnal-za-kierownica\/"]}]},{"@type":"ImageObject","inLanguage":"pl-PL","@id":"https:\/\/www.24gliwice.pl\/wiadomosci\/volkswagen-nagle-zmienil-pas-i-czolowo-zderzyl-sie-z-seicento-kierowca-zasnal-za-kierownica\/#primaryimage","url":"https:\/\/www.24gliwice.pl\/wiadomosci\/wp-content\/uploads\/2018\/08\/policja-radiow\u00f3z-e1586429972252.jpeg","contentUrl":"https:\/\/www.24gliwice.pl\/wiadomosci\/wp-content\/uploads\/2018\/08\/policja-radiow\u00f3z-e1586429972252.jpeg","width":810,"height":456},{"@type":"BreadcrumbList","@id":"https:\/\/www.24gliwice.pl\/wiadomosci\/volkswagen-nagle-zmienil-pas-i-czolowo-zderzyl-sie-z-seicento-kierowca-zasnal-za-kierownica\/#breadcrumb","itemListElement":[{"@type":"ListItem","position":1,"name":"Strona g\u0142\u00f3wna","item":"https:\/\/www.24gliwice.pl\/wiadomosci\/"},{"@type":"ListItem","position":2,"name":"Volkswagen nagle zmieni\u0142 pas i czo\u0142owo zderzy\u0142 si\u0119 z seicento. Kierowca zasn\u0105\u0142 za kierownic\u0105?"}]},{"@type":"WebSite","@id":"https:\/\/www.24gliwice.pl\/wiadomosci\/#website","url":"https:\/\/www.24gliwice.pl\/wiadomosci\/","name":"24GLIWICE - Portal Gliwice | codziennie nowe wiadomo\u015bci","description":"Portal Miejski Gliwice","publisher":{"@id":"https:\/\/www.24gliwice.pl\/wiadomosci\/#organization"},"potentialAction":[{"@type":"SearchAction","target":{"@type":"EntryPoint","urlTemplate":"https:\/\/www.24gliwice.pl\/wiadomosci\/?s={search_term_string}"},"query-input":{"@type":"PropertyValueSpecification","valueRequired":true,"valueName":"search_term_string"}}],"inLanguage":"pl-PL"},{"@type":"Organization","@id":"https:\/\/www.24gliwice.pl\/wiadomosci\/#organization","name":"24gliwice","url":"https:\/\/www.24gliwice.pl\/wiadomosci\/","logo":{"@type":"ImageObject","inLanguage":"pl-PL","@id":"https:\/\/www.24gliwice.pl\/wiadomosci\/#\/schema\/logo\/image\/","url":"https:\/\/www.24gliwice.pl\/wiadomosci\/wp-content\/uploads\/2024\/10\/24gliwice-logo-696.jpg","contentUrl":"https:\/\/www.24gliwice.pl\/wiadomosci\/wp-content\/uploads\/2024\/10\/24gliwice-logo-696.jpg","width":696,"height":696,"caption":"24gliwice"},"image":{"@id":"https:\/\/www.24gliwice.pl\/wiadomosci\/#\/schema\/logo\/image\/"},"sameAs":["https:\/\/www.facebook.com\/24gliwice","https:\/\/x.com\/24gliwice","https:\/\/www.youtube.com\/@24gliwice"]},{"@type":"Person","@id":"https:\/\/www.24gliwice.pl\/wiadomosci\/#\/schema\/person\/e42c650edd7f2fa332be3811fb166b6e","name":"\u017baneta Mrozek-Siewierska","image":{"@type":"ImageObject","inLanguage":"pl-PL","@id":"https:\/\/secure.gravatar.com\/avatar\/1881429e9c64597c77ad7aef2d0a19be69a3253e57534d16aa15bf3a4d34a0a3?s=96&d=mm&r=g","url":"https:\/\/secure.gravatar.com\/avatar\/1881429e9c64597c77ad7aef2d0a19be69a3253e57534d16aa15bf3a4d34a0a3?s=96&d=mm&r=g","contentUrl":"https:\/\/secure.gravatar.com\/avatar\/1881429e9c64597c77ad7aef2d0a19be69a3253e57534d16aa15bf3a4d34a0a3?s=96&d=mm&r=g","caption":"\u017baneta Mrozek-Siewierska"},"url":"https:\/\/www.24gliwice.pl\/wiadomosci\/author\/zms\/"}]}},"_links":{"self":[{"href":"https:\/\/www.24gliwice.pl\/wiadomosci\/wp-json\/wp\/v2\/posts\/144482","targetHints":{"allow":["GET"]}}],"collection":[{"href":"https:\/\/www.24gliwice.pl\/wiadomosci\/wp-json\/wp\/v2\/posts"}],"about":[{"href":"https:\/\/www.24gliwice.pl\/wiadomosci\/wp-json\/wp\/v2\/types\/post"}],"author":[{"embeddable":true,"href":"https:\/\/www.24gliwice.pl\/wiadomosci\/wp-json\/wp\/v2\/users\/15"}],"replies":[{"embeddable":true,"href":"https:\/\/www.24gliwice.pl\/wiadomosci\/wp-json\/wp\/v2\/comments?post=144482"}],"version-history":[{"count":0,"href":"https:\/\/www.24gliwice.pl\/wiadomosci\/wp-json\/wp\/v2\/posts\/144482\/revisions"}],"wp:featuredmedia":[{"embeddable":true,"href":"https:\/\/www.24gliwice.pl\/wiadomosci\/wp-json\/wp\/v2\/media\/121165"}],"wp:attachment":[{"href":"https:\/\/www.24gliwice.pl\/wiadomosci\/wp-json\/wp\/v2\/media?parent=144482"}],"wp:term":[{"taxonomy":"category","embeddable":true,"href":"https:\/\/www.24gliwice.pl\/wiadomosci\/wp-json\/wp\/v2\/categories?post=144482"},{"taxonomy":"post_tag","embeddable":true,"href":"https:\/\/www.24gliwice.pl\/wiadomosci\/wp-json\/wp\/v2\/tags?post=144482"}],"curies":[{"name":"wp","href":"https:\/\/api.w.org\/{rel}","templated":true}]}}