{"id":144504,"date":"2019-12-05T15:50:03","date_gmt":"2019-12-05T14:50:03","guid":{"rendered":"https:\/\/www.24gliwice.pl\/wiadomosci\/?p=144504"},"modified":"2019-12-05T15:55:32","modified_gmt":"2019-12-05T14:55:32","slug":"zebrala-choc-miala-z-czego-zyc-sad-orzekl-kare-bedzie-musiala-pracowac-spolecznie","status":"publish","type":"post","link":"https:\/\/www.24gliwice.pl\/wiadomosci\/zebrala-choc-miala-z-czego-zyc-sad-orzekl-kare-bedzie-musiala-pracowac-spolecznie\/","title":{"rendered":"\u017bebra\u0142a, cho\u0107 mia\u0142a z czego \u017cy\u0107. S\u0105d orzek\u0142 kar\u0119 &#8211; b\u0119dzie musia\u0142a&#8230; popracowa\u0107 spo\u0142ecznie"},"content":{"rendered":"<div class=\"gliwi-a6-nad-leadem-artykulow gliwi-entity-placement\" id=\"gliwi-3567360296\"><div class=\"gliwi-adlabel\"><span style=\"font-size: 9px\">REKLAMA<\/span><\/div><div id=\"gliwi-1570918657\" style=\"margin-bottom: 30px;margin-left: auto;margin-right: auto;text-align: center;\"><a data-no-instant=\"1\" href=\"https:\/\/przedszkole.halogen.org.pl\/\" rel=\"noopener\" class=\"a2t-link\" target=\"_blank\" aria-label=\"20260402-ANIMATOR-przedszkole_grafika_750x200\"><img loading=\"lazy\" decoding=\"async\" src=\"https:\/\/www.24gliwice.pl\/wiadomosci\/wp-content\/uploads\/2026\/04\/20260402-ANIMATOR-przedszkole_grafika_750x200.webp\" alt=\"\"  srcset=\"https:\/\/www.24gliwice.pl\/wiadomosci\/wp-content\/uploads\/2026\/04\/20260402-ANIMATOR-przedszkole_grafika_750x200.webp 750w, https:\/\/www.24gliwice.pl\/wiadomosci\/wp-content\/uploads\/2026\/04\/20260402-ANIMATOR-przedszkole_grafika_750x200-410x109.webp 410w\" sizes=\"(max-width: 750px) 100vw, 750px\" class=\"no-lazyload\" width=\"750\" height=\"200\"  style=\"display: inline-block; max-width: 100%; height: auto;\" \/><\/a><\/div><\/div><h3>Kilka dni temu do tutejszej stra\u017cy miejskiej wp\u0142yn\u0105\u0142 wyrok nakazowy dotycz\u0105cy osoby \u017cebrz\u0105cej. S\u0105d w Gliwicach orzek\u0142 kar\u0119 ograniczenia wolno\u015bci polegaj\u0105c\u0105 na obowi\u0105zku wykonywania nieodp\u0142atnej kontrolowanej pracy na cele spo\u0142eczne w wymiarze 40 godzin.<\/h3>\n<p>Sytuacja mia\u0142a miejsce kilka miesi\u0119cy wcze\u015bniej, kiedy to stra\u017c interweniowa\u0142a wobec kobiety \u017cebrz\u0105cej w centrum miasta. 32-latka zaczepia\u0142a przechodni\u00f3w prosz\u0105c ich o pieni\u0105dze, mimo, \u017ce posiada\u0142a \u015brodki niezb\u0119dne do egzystencji.<\/p>\n<h3>Jak si\u0119 okazuje, podobnych sytuacji jest wi\u0119cej. Cz\u0119\u015b\u0107 \u017cebrz\u0105cych os\u00f3b, traktuje ten proceder jak \u0142atwy spos\u00f3b na zarobek.<\/h3>\n<p>&#8211; <em>Z tego miejsca apelujemy o rozwag\u0119. Pami\u0119tajmy, \u017ce ofiarowana \u201ez\u0142ot\u00f3wka\u201d niekoniecznie spo\u017cytkowana b\u0119dzie na zaspokojenie podstawowych potrzeb niezb\u0119dnych do \u017cycia, cz\u0119sto wydawana jest na u\u017cywki. Wiele os\u00f3b \u017cebrz\u0105cych nie chce zerwa\u0107 z tym zaj\u0119ciem, poniewa\u017c jest ono dochodowe i nie wymaga du\u017cego wysi\u0142ku. Przypominamy, \u017ce do pomocy bezdomnym i biednym s\u0105 wyznaczone odpowiednie instytucje. Problem najcz\u0119\u015bciej polega na tym, \u017ce w niekt\u00f3rych miejscach, tj. noclegownie, warunkiem udzielenia pomocy jest trze\u017awo\u015b\u0107. A z tym niestety bywa r\u00f3\u017cnie\u2026 <\/em> &#8211; przekazuje stra\u017c miejska w komunikacie na stronie internetowej.<\/p><div class=\"gliwi-a3-w-tresci-artykulow gliwi-entity-placement\" id=\"gliwi-673945629\"><div class=\"gliwi-adlabel\"><span style=\"font-size: 9px\">REKLAMA<\/span><\/div><div id=\"gliwi-2162153700\" style=\"margin-bottom: 30px;margin-left: auto;margin-right: auto;text-align: center;\"><a data-no-instant=\"1\" href=\"https:\/\/ogrodyandersa.pl\/\" rel=\"noopener\" class=\"a2t-link\" target=\"_blank\" aria-label=\"20260415 Ogrody Andersa KUP TERAZ D\"><img loading=\"lazy\" decoding=\"async\" src=\"https:\/\/www.24gliwice.pl\/wiadomosci\/wp-content\/uploads\/2026\/04\/20260415-Ogrody-Andersa-KUP-TERAZ-D.jpg\" alt=\"\"  srcset=\"https:\/\/www.24gliwice.pl\/wiadomosci\/wp-content\/uploads\/2026\/04\/20260415-Ogrody-Andersa-KUP-TERAZ-D.jpg 750w, https:\/\/www.24gliwice.pl\/wiadomosci\/wp-content\/uploads\/2026\/04\/20260415-Ogrody-Andersa-KUP-TERAZ-D-410x109.jpg 410w\" sizes=\"(max-width: 750px) 100vw, 750px\" class=\"no-lazyload\" width=\"750\" height=\"200\"  style=\"display: inline-block; max-width: 100%; height: auto;\" \/><\/a><\/div><\/div>\n<p>Zgodnie z art. 58 kodeksu wykrocze\u0144 kto, maj\u0105c \u015brodki egzystencji lub b\u0119d\u0105c zdolny do pracy, \u017cebrze w miejscu publicznym, podlega karze ograniczenia wolno\u015bci, grzywny do 1,5 tys. z\u0142otych albo karze nagany, a kto \u017cebrze w miejscu publicznym w spos\u00f3b natarczywy lub oszuka\u0144czy, podlega karze aresztu albo ograniczenia wolno\u015bci.<\/p>\n<p>(\u017cms)\/SM Gliwice<br \/>\nfot. SM Gliwice<\/p>\n<p><img loading=\"lazy\" decoding=\"async\" class=\"alignnone size-full wp-image-144510\" src=\"https:\/\/www.24gliwice.pl\/wiadomosci\/wp-content\/uploads\/2019\/12\/\u017cebranie-2.jpg\" alt=\"\" width=\"788\" height=\"783\" srcset=\"https:\/\/www.24gliwice.pl\/wiadomosci\/wp-content\/uploads\/2019\/12\/\u017cebranie-2.jpg 788w, https:\/\/www.24gliwice.pl\/wiadomosci\/wp-content\/uploads\/2019\/12\/\u017cebranie-2-233x232.jpg 233w, https:\/\/www.24gliwice.pl\/wiadomosci\/wp-content\/uploads\/2019\/12\/\u017cebranie-2-458x455.jpg 458w, https:\/\/www.24gliwice.pl\/wiadomosci\/wp-content\/uploads\/2019\/12\/\u017cebranie-2-90x90.jpg 90w, https:\/\/www.24gliwice.pl\/wiadomosci\/wp-content\/uploads\/2019\/12\/\u017cebranie-2-768x763.jpg 768w\" sizes=\"auto, (max-width: 788px) 100vw, 788px\" \/><\/p>\n<div class=\"gliwi-a5-na-koncu-artykulow gliwi-entity-placement\" id=\"gliwi-206339580\"><div class=\"gliwi-adlabel\"><span style=\"font-size: 9px\">REKLAMA<\/span><\/div><div id=\"gliwi-3431622864\" style=\"margin-left: auto;margin-right: auto;text-align: center;\"><a data-no-instant=\"1\" href=\"https:\/\/prezeroarenagliwice.pl\/\" rel=\"noopener\" class=\"a2t-link\" target=\"_blank\" aria-label=\"20260309-PREZERO-WIOSNA-D\"><img loading=\"lazy\" decoding=\"async\" src=\"https:\/\/www.24gliwice.pl\/wiadomosci\/wp-content\/uploads\/2026\/03\/20260309-PREZERO-WIOSNA-D.webp\" alt=\"\"  srcset=\"https:\/\/www.24gliwice.pl\/wiadomosci\/wp-content\/uploads\/2026\/03\/20260309-PREZERO-WIOSNA-D.webp 750w, https:\/\/www.24gliwice.pl\/wiadomosci\/wp-content\/uploads\/2026\/03\/20260309-PREZERO-WIOSNA-D-410x109.webp 410w\" sizes=\"(max-width: 750px) 100vw, 750px\" class=\"no-lazyload\" width=\"750\" height=\"200\"  style=\"display: inline-block; max-width: 100%; height: auto;\" \/><\/a><\/div><\/div>","protected":false},"excerpt":{"rendered":"<p>Kilka dni temu do tutejszej stra\u017cy miejskiej wp\u0142yn\u0105\u0142 wyrok nakazowy dotycz\u0105cy osoby \u017cebrz\u0105cej. S\u0105d w Gliwicach orzek\u0142 kar\u0119 ograniczenia wolno\u015bci polegaj\u0105c\u0105 na obowi\u0105zku wykonywania nieodp\u0142atnej kontrolowanej pracy na cele spo\u0142eczne w wymiarze 40 godzin. Sytuacja mia\u0142a miejsce kilka miesi\u0119cy wcze\u015bniej, kiedy to stra\u017c interweniowa\u0142a wobec kobiety \u017cebrz\u0105cej w centrum miasta. 32-latka zaczepia\u0142a przechodni\u00f3w prosz\u0105c ich [&hellip;]<\/p>\n","protected":false},"author":15,"featured_media":144511,"comment_status":"open","ping_status":"closed","sticky":false,"template":"","format":"standard","meta":{"_monsterinsights_skip_tracking":false,"_monsterinsights_sitenote_active":false,"_monsterinsights_sitenote_note":"","_monsterinsights_sitenote_category":0,"footnotes":"","_links_to":"","_links_to_target":""},"categories":[3,1,5],"tags":[1165,8564,10715,10714],"class_list":["post-144504","post","type-post","status-publish","format-standard","has-post-thumbnail","hentry","category-gliwice","category-wszystko","category-kryminalki","tag-straz-miejska","tag-wyrok","tag-zebrak","tag-zebranie"],"yoast_head":"<!-- This site is optimized with the Yoast SEO plugin v27.5 - https:\/\/yoast.com\/product\/yoast-seo-wordpress\/ -->\n<title>\u017bebra\u0142a, cho\u0107 mia\u0142a z czego \u017cy\u0107. S\u0105d orzek\u0142 kar\u0119 - b\u0119dzie musia\u0142a... popracowa\u0107 spo\u0142ecznie - 24GLIWICE - Portal Gliwice | codziennie nowe informacje<\/title>\n<meta name=\"robots\" content=\"index, follow, max-snippet:-1, max-image-preview:large, max-video-preview:-1\" \/>\n<link rel=\"canonical\" href=\"https:\/\/www.24gliwice.pl\/wiadomosci\/zebrala-choc-miala-z-czego-zyc-sad-orzekl-kare-bedzie-musiala-pracowac-spolecznie\/\" \/>\n<meta property=\"og:locale\" content=\"pl_PL\" \/>\n<meta property=\"og:type\" content=\"article\" \/>\n<meta property=\"og:title\" content=\"\u017bebra\u0142a, cho\u0107 mia\u0142a z czego \u017cy\u0107. S\u0105d orzek\u0142 kar\u0119 - b\u0119dzie musia\u0142a... popracowa\u0107 spo\u0142ecznie - 24GLIWICE - Portal Gliwice | codziennie nowe informacje\" \/>\n<meta property=\"og:description\" content=\"Kilka dni temu do tutejszej stra\u017cy miejskiej wp\u0142yn\u0105\u0142 wyrok nakazowy dotycz\u0105cy osoby \u017cebrz\u0105cej. S\u0105d w Gliwicach orzek\u0142 kar\u0119 ograniczenia wolno\u015bci polegaj\u0105c\u0105 na obowi\u0105zku wykonywania nieodp\u0142atnej kontrolowanej pracy na cele spo\u0142eczne w wymiarze 40 godzin. Sytuacja mia\u0142a miejsce kilka miesi\u0119cy wcze\u015bniej, kiedy to stra\u017c interweniowa\u0142a wobec kobiety \u017cebrz\u0105cej w centrum miasta. 32-latka zaczepia\u0142a przechodni\u00f3w prosz\u0105c ich [&hellip;]\" \/>\n<meta property=\"og:url\" content=\"https:\/\/www.24gliwice.pl\/wiadomosci\/zebrala-choc-miala-z-czego-zyc-sad-orzekl-kare-bedzie-musiala-pracowac-spolecznie\/\" \/>\n<meta property=\"og:site_name\" content=\"24GLIWICE - Portal Gliwice | codziennie nowe informacje\" \/>\n<meta property=\"article:publisher\" content=\"https:\/\/www.facebook.com\/24gliwice\" \/>\n<meta property=\"article:published_time\" content=\"2019-12-05T14:50:03+00:00\" \/>\n<meta property=\"article:modified_time\" content=\"2019-12-05T14:55:32+00:00\" \/>\n<meta property=\"og:image\" content=\"https:\/\/www.24gliwice.pl\/wiadomosci\/wp-content\/uploads\/2019\/12\/\u017cebranie-g\u0142\u00f3wne.jpg\" \/>\n\t<meta property=\"og:image:width\" content=\"797\" \/>\n\t<meta property=\"og:image:height\" content=\"448\" \/>\n\t<meta property=\"og:image:type\" content=\"image\/jpeg\" \/>\n<meta name=\"author\" content=\"\u017baneta Mrozek-Siewierska\" \/>\n<meta name=\"twitter:card\" content=\"summary_large_image\" \/>\n<meta name=\"twitter:creator\" content=\"@24gliwice\" \/>\n<meta name=\"twitter:site\" content=\"@24gliwice\" \/>\n<meta name=\"twitter:label1\" content=\"Napisane przez\" \/>\n\t<meta name=\"twitter:data1\" content=\"\u017baneta Mrozek-Siewierska\" \/>\n\t<meta name=\"twitter:label2\" content=\"Szacowany czas czytania\" \/>\n\t<meta name=\"twitter:data2\" content=\"1 minuta\" \/>\n<script type=\"application\/ld+json\" class=\"yoast-schema-graph\">{\"@context\":\"https:\\\/\\\/schema.org\",\"@graph\":[{\"@type\":\"Article\",\"@id\":\"https:\\\/\\\/www.24gliwice.pl\\\/wiadomosci\\\/zebrala-choc-miala-z-czego-zyc-sad-orzekl-kare-bedzie-musiala-pracowac-spolecznie\\\/#article\",\"isPartOf\":{\"@id\":\"https:\\\/\\\/www.24gliwice.pl\\\/wiadomosci\\\/zebrala-choc-miala-z-czego-zyc-sad-orzekl-kare-bedzie-musiala-pracowac-spolecznie\\\/\"},\"author\":{\"name\":\"\u017baneta Mrozek-Siewierska\",\"@id\":\"https:\\\/\\\/www.24gliwice.pl\\\/wiadomosci\\\/#\\\/schema\\\/person\\\/e42c650edd7f2fa332be3811fb166b6e\"},\"headline\":\"\u017bebra\u0142a, cho\u0107 mia\u0142a z czego \u017cy\u0107. S\u0105d orzek\u0142 kar\u0119 &#8211; b\u0119dzie musia\u0142a&#8230; popracowa\u0107 spo\u0142ecznie\",\"datePublished\":\"2019-12-05T14:50:03+00:00\",\"dateModified\":\"2019-12-05T14:55:32+00:00\",\"mainEntityOfPage\":{\"@id\":\"https:\\\/\\\/www.24gliwice.pl\\\/wiadomosci\\\/zebrala-choc-miala-z-czego-zyc-sad-orzekl-kare-bedzie-musiala-pracowac-spolecznie\\\/\"},\"wordCount\":289,\"commentCount\":0,\"publisher\":{\"@id\":\"https:\\\/\\\/www.24gliwice.pl\\\/wiadomosci\\\/#organization\"},\"image\":{\"@id\":\"https:\\\/\\\/www.24gliwice.pl\\\/wiadomosci\\\/zebrala-choc-miala-z-czego-zyc-sad-orzekl-kare-bedzie-musiala-pracowac-spolecznie\\\/#primaryimage\"},\"thumbnailUrl\":\"https:\\\/\\\/www.24gliwice.pl\\\/wiadomosci\\\/wp-content\\\/uploads\\\/2019\\\/12\\\/\u017cebranie-g\u0142\u00f3wne.jpg\",\"keywords\":[\"STRA\u017b MIEJSKA\",\"wyrok\",\"\u017cebrak\",\"\u017cebranie\"],\"articleSection\":[\"Gliwice\",\"Najnowsze wiadomo\u015bci\",\"Prawo\"],\"inLanguage\":\"pl-PL\",\"potentialAction\":[{\"@type\":\"CommentAction\",\"name\":\"Comment\",\"target\":[\"https:\\\/\\\/www.24gliwice.pl\\\/wiadomosci\\\/zebrala-choc-miala-z-czego-zyc-sad-orzekl-kare-bedzie-musiala-pracowac-spolecznie\\\/#respond\"]}]},{\"@type\":\"WebPage\",\"@id\":\"https:\\\/\\\/www.24gliwice.pl\\\/wiadomosci\\\/zebrala-choc-miala-z-czego-zyc-sad-orzekl-kare-bedzie-musiala-pracowac-spolecznie\\\/\",\"url\":\"https:\\\/\\\/www.24gliwice.pl\\\/wiadomosci\\\/zebrala-choc-miala-z-czego-zyc-sad-orzekl-kare-bedzie-musiala-pracowac-spolecznie\\\/\",\"name\":\"\u017bebra\u0142a, cho\u0107 mia\u0142a z czego \u017cy\u0107. S\u0105d orzek\u0142 kar\u0119 - b\u0119dzie musia\u0142a... popracowa\u0107 spo\u0142ecznie - 24GLIWICE - Portal Gliwice | codziennie nowe informacje\",\"isPartOf\":{\"@id\":\"https:\\\/\\\/www.24gliwice.pl\\\/wiadomosci\\\/#website\"},\"primaryImageOfPage\":{\"@id\":\"https:\\\/\\\/www.24gliwice.pl\\\/wiadomosci\\\/zebrala-choc-miala-z-czego-zyc-sad-orzekl-kare-bedzie-musiala-pracowac-spolecznie\\\/#primaryimage\"},\"image\":{\"@id\":\"https:\\\/\\\/www.24gliwice.pl\\\/wiadomosci\\\/zebrala-choc-miala-z-czego-zyc-sad-orzekl-kare-bedzie-musiala-pracowac-spolecznie\\\/#primaryimage\"},\"thumbnailUrl\":\"https:\\\/\\\/www.24gliwice.pl\\\/wiadomosci\\\/wp-content\\\/uploads\\\/2019\\\/12\\\/\u017cebranie-g\u0142\u00f3wne.jpg\",\"datePublished\":\"2019-12-05T14:50:03+00:00\",\"dateModified\":\"2019-12-05T14:55:32+00:00\",\"breadcrumb\":{\"@id\":\"https:\\\/\\\/www.24gliwice.pl\\\/wiadomosci\\\/zebrala-choc-miala-z-czego-zyc-sad-orzekl-kare-bedzie-musiala-pracowac-spolecznie\\\/#breadcrumb\"},\"inLanguage\":\"pl-PL\",\"potentialAction\":[{\"@type\":\"ReadAction\",\"target\":[\"https:\\\/\\\/www.24gliwice.pl\\\/wiadomosci\\\/zebrala-choc-miala-z-czego-zyc-sad-orzekl-kare-bedzie-musiala-pracowac-spolecznie\\\/\"]}]},{\"@type\":\"ImageObject\",\"inLanguage\":\"pl-PL\",\"@id\":\"https:\\\/\\\/www.24gliwice.pl\\\/wiadomosci\\\/zebrala-choc-miala-z-czego-zyc-sad-orzekl-kare-bedzie-musiala-pracowac-spolecznie\\\/#primaryimage\",\"url\":\"https:\\\/\\\/www.24gliwice.pl\\\/wiadomosci\\\/wp-content\\\/uploads\\\/2019\\\/12\\\/\u017cebranie-g\u0142\u00f3wne.jpg\",\"contentUrl\":\"https:\\\/\\\/www.24gliwice.pl\\\/wiadomosci\\\/wp-content\\\/uploads\\\/2019\\\/12\\\/\u017cebranie-g\u0142\u00f3wne.jpg\",\"width\":797,\"height\":448},{\"@type\":\"BreadcrumbList\",\"@id\":\"https:\\\/\\\/www.24gliwice.pl\\\/wiadomosci\\\/zebrala-choc-miala-z-czego-zyc-sad-orzekl-kare-bedzie-musiala-pracowac-spolecznie\\\/#breadcrumb\",\"itemListElement\":[{\"@type\":\"ListItem\",\"position\":1,\"name\":\"Strona g\u0142\u00f3wna\",\"item\":\"https:\\\/\\\/www.24gliwice.pl\\\/wiadomosci\\\/\"},{\"@type\":\"ListItem\",\"position\":2,\"name\":\"\u017bebra\u0142a, cho\u0107 mia\u0142a z czego \u017cy\u0107. S\u0105d orzek\u0142 kar\u0119 &#8211; b\u0119dzie musia\u0142a&#8230; popracowa\u0107 spo\u0142ecznie\"}]},{\"@type\":\"WebSite\",\"@id\":\"https:\\\/\\\/www.24gliwice.pl\\\/wiadomosci\\\/#website\",\"url\":\"https:\\\/\\\/www.24gliwice.pl\\\/wiadomosci\\\/\",\"name\":\"24GLIWICE - Portal Gliwice | codziennie nowe wiadomo\u015bci\",\"description\":\"Portal Miejski Gliwice\",\"publisher\":{\"@id\":\"https:\\\/\\\/www.24gliwice.pl\\\/wiadomosci\\\/#organization\"},\"potentialAction\":[{\"@type\":\"SearchAction\",\"target\":{\"@type\":\"EntryPoint\",\"urlTemplate\":\"https:\\\/\\\/www.24gliwice.pl\\\/wiadomosci\\\/?s={search_term_string}\"},\"query-input\":{\"@type\":\"PropertyValueSpecification\",\"valueRequired\":true,\"valueName\":\"search_term_string\"}}],\"inLanguage\":\"pl-PL\"},{\"@type\":\"Organization\",\"@id\":\"https:\\\/\\\/www.24gliwice.pl\\\/wiadomosci\\\/#organization\",\"name\":\"24gliwice\",\"url\":\"https:\\\/\\\/www.24gliwice.pl\\\/wiadomosci\\\/\",\"logo\":{\"@type\":\"ImageObject\",\"inLanguage\":\"pl-PL\",\"@id\":\"https:\\\/\\\/www.24gliwice.pl\\\/wiadomosci\\\/#\\\/schema\\\/logo\\\/image\\\/\",\"url\":\"https:\\\/\\\/www.24gliwice.pl\\\/wiadomosci\\\/wp-content\\\/uploads\\\/2024\\\/10\\\/24gliwice-logo-696.jpg\",\"contentUrl\":\"https:\\\/\\\/www.24gliwice.pl\\\/wiadomosci\\\/wp-content\\\/uploads\\\/2024\\\/10\\\/24gliwice-logo-696.jpg\",\"width\":696,\"height\":696,\"caption\":\"24gliwice\"},\"image\":{\"@id\":\"https:\\\/\\\/www.24gliwice.pl\\\/wiadomosci\\\/#\\\/schema\\\/logo\\\/image\\\/\"},\"sameAs\":[\"https:\\\/\\\/www.facebook.com\\\/24gliwice\",\"https:\\\/\\\/x.com\\\/24gliwice\",\"https:\\\/\\\/www.youtube.com\\\/@24gliwice\"]},{\"@type\":\"Person\",\"@id\":\"https:\\\/\\\/www.24gliwice.pl\\\/wiadomosci\\\/#\\\/schema\\\/person\\\/e42c650edd7f2fa332be3811fb166b6e\",\"name\":\"\u017baneta Mrozek-Siewierska\",\"image\":{\"@type\":\"ImageObject\",\"inLanguage\":\"pl-PL\",\"@id\":\"https:\\\/\\\/secure.gravatar.com\\\/avatar\\\/1881429e9c64597c77ad7aef2d0a19be69a3253e57534d16aa15bf3a4d34a0a3?s=96&d=mm&r=g\",\"url\":\"https:\\\/\\\/secure.gravatar.com\\\/avatar\\\/1881429e9c64597c77ad7aef2d0a19be69a3253e57534d16aa15bf3a4d34a0a3?s=96&d=mm&r=g\",\"contentUrl\":\"https:\\\/\\\/secure.gravatar.com\\\/avatar\\\/1881429e9c64597c77ad7aef2d0a19be69a3253e57534d16aa15bf3a4d34a0a3?s=96&d=mm&r=g\",\"caption\":\"\u017baneta Mrozek-Siewierska\"},\"url\":\"https:\\\/\\\/www.24gliwice.pl\\\/wiadomosci\\\/author\\\/zms\\\/\"}]}<\/script>\n<!-- \/ Yoast SEO plugin. -->","yoast_head_json":{"title":"\u017bebra\u0142a, cho\u0107 mia\u0142a z czego \u017cy\u0107. S\u0105d orzek\u0142 kar\u0119 - b\u0119dzie musia\u0142a... popracowa\u0107 spo\u0142ecznie - 24GLIWICE - Portal Gliwice | codziennie nowe informacje","robots":{"index":"index","follow":"follow","max-snippet":"max-snippet:-1","max-image-preview":"max-image-preview:large","max-video-preview":"max-video-preview:-1"},"canonical":"https:\/\/www.24gliwice.pl\/wiadomosci\/zebrala-choc-miala-z-czego-zyc-sad-orzekl-kare-bedzie-musiala-pracowac-spolecznie\/","og_locale":"pl_PL","og_type":"article","og_title":"\u017bebra\u0142a, cho\u0107 mia\u0142a z czego \u017cy\u0107. S\u0105d orzek\u0142 kar\u0119 - b\u0119dzie musia\u0142a... popracowa\u0107 spo\u0142ecznie - 24GLIWICE - Portal Gliwice | codziennie nowe informacje","og_description":"Kilka dni temu do tutejszej stra\u017cy miejskiej wp\u0142yn\u0105\u0142 wyrok nakazowy dotycz\u0105cy osoby \u017cebrz\u0105cej. S\u0105d w Gliwicach orzek\u0142 kar\u0119 ograniczenia wolno\u015bci polegaj\u0105c\u0105 na obowi\u0105zku wykonywania nieodp\u0142atnej kontrolowanej pracy na cele spo\u0142eczne w wymiarze 40 godzin. Sytuacja mia\u0142a miejsce kilka miesi\u0119cy wcze\u015bniej, kiedy to stra\u017c interweniowa\u0142a wobec kobiety \u017cebrz\u0105cej w centrum miasta. 32-latka zaczepia\u0142a przechodni\u00f3w prosz\u0105c ich [&hellip;]","og_url":"https:\/\/www.24gliwice.pl\/wiadomosci\/zebrala-choc-miala-z-czego-zyc-sad-orzekl-kare-bedzie-musiala-pracowac-spolecznie\/","og_site_name":"24GLIWICE - Portal Gliwice | codziennie nowe informacje","article_publisher":"https:\/\/www.facebook.com\/24gliwice","article_published_time":"2019-12-05T14:50:03+00:00","article_modified_time":"2019-12-05T14:55:32+00:00","og_image":[{"width":797,"height":448,"url":"https:\/\/www.24gliwice.pl\/wiadomosci\/wp-content\/uploads\/2019\/12\/\u017cebranie-g\u0142\u00f3wne.jpg","type":"image\/jpeg"}],"author":"\u017baneta Mrozek-Siewierska","twitter_card":"summary_large_image","twitter_creator":"@24gliwice","twitter_site":"@24gliwice","twitter_misc":{"Napisane przez":"\u017baneta Mrozek-Siewierska","Szacowany czas czytania":"1 minuta"},"schema":{"@context":"https:\/\/schema.org","@graph":[{"@type":"Article","@id":"https:\/\/www.24gliwice.pl\/wiadomosci\/zebrala-choc-miala-z-czego-zyc-sad-orzekl-kare-bedzie-musiala-pracowac-spolecznie\/#article","isPartOf":{"@id":"https:\/\/www.24gliwice.pl\/wiadomosci\/zebrala-choc-miala-z-czego-zyc-sad-orzekl-kare-bedzie-musiala-pracowac-spolecznie\/"},"author":{"name":"\u017baneta Mrozek-Siewierska","@id":"https:\/\/www.24gliwice.pl\/wiadomosci\/#\/schema\/person\/e42c650edd7f2fa332be3811fb166b6e"},"headline":"\u017bebra\u0142a, cho\u0107 mia\u0142a z czego \u017cy\u0107. S\u0105d orzek\u0142 kar\u0119 &#8211; b\u0119dzie musia\u0142a&#8230; popracowa\u0107 spo\u0142ecznie","datePublished":"2019-12-05T14:50:03+00:00","dateModified":"2019-12-05T14:55:32+00:00","mainEntityOfPage":{"@id":"https:\/\/www.24gliwice.pl\/wiadomosci\/zebrala-choc-miala-z-czego-zyc-sad-orzekl-kare-bedzie-musiala-pracowac-spolecznie\/"},"wordCount":289,"commentCount":0,"publisher":{"@id":"https:\/\/www.24gliwice.pl\/wiadomosci\/#organization"},"image":{"@id":"https:\/\/www.24gliwice.pl\/wiadomosci\/zebrala-choc-miala-z-czego-zyc-sad-orzekl-kare-bedzie-musiala-pracowac-spolecznie\/#primaryimage"},"thumbnailUrl":"https:\/\/www.24gliwice.pl\/wiadomosci\/wp-content\/uploads\/2019\/12\/\u017cebranie-g\u0142\u00f3wne.jpg","keywords":["STRA\u017b MIEJSKA","wyrok","\u017cebrak","\u017cebranie"],"articleSection":["Gliwice","Najnowsze wiadomo\u015bci","Prawo"],"inLanguage":"pl-PL","potentialAction":[{"@type":"CommentAction","name":"Comment","target":["https:\/\/www.24gliwice.pl\/wiadomosci\/zebrala-choc-miala-z-czego-zyc-sad-orzekl-kare-bedzie-musiala-pracowac-spolecznie\/#respond"]}]},{"@type":"WebPage","@id":"https:\/\/www.24gliwice.pl\/wiadomosci\/zebrala-choc-miala-z-czego-zyc-sad-orzekl-kare-bedzie-musiala-pracowac-spolecznie\/","url":"https:\/\/www.24gliwice.pl\/wiadomosci\/zebrala-choc-miala-z-czego-zyc-sad-orzekl-kare-bedzie-musiala-pracowac-spolecznie\/","name":"\u017bebra\u0142a, cho\u0107 mia\u0142a z czego \u017cy\u0107. S\u0105d orzek\u0142 kar\u0119 - b\u0119dzie musia\u0142a... popracowa\u0107 spo\u0142ecznie - 24GLIWICE - Portal Gliwice | codziennie nowe informacje","isPartOf":{"@id":"https:\/\/www.24gliwice.pl\/wiadomosci\/#website"},"primaryImageOfPage":{"@id":"https:\/\/www.24gliwice.pl\/wiadomosci\/zebrala-choc-miala-z-czego-zyc-sad-orzekl-kare-bedzie-musiala-pracowac-spolecznie\/#primaryimage"},"image":{"@id":"https:\/\/www.24gliwice.pl\/wiadomosci\/zebrala-choc-miala-z-czego-zyc-sad-orzekl-kare-bedzie-musiala-pracowac-spolecznie\/#primaryimage"},"thumbnailUrl":"https:\/\/www.24gliwice.pl\/wiadomosci\/wp-content\/uploads\/2019\/12\/\u017cebranie-g\u0142\u00f3wne.jpg","datePublished":"2019-12-05T14:50:03+00:00","dateModified":"2019-12-05T14:55:32+00:00","breadcrumb":{"@id":"https:\/\/www.24gliwice.pl\/wiadomosci\/zebrala-choc-miala-z-czego-zyc-sad-orzekl-kare-bedzie-musiala-pracowac-spolecznie\/#breadcrumb"},"inLanguage":"pl-PL","potentialAction":[{"@type":"ReadAction","target":["https:\/\/www.24gliwice.pl\/wiadomosci\/zebrala-choc-miala-z-czego-zyc-sad-orzekl-kare-bedzie-musiala-pracowac-spolecznie\/"]}]},{"@type":"ImageObject","inLanguage":"pl-PL","@id":"https:\/\/www.24gliwice.pl\/wiadomosci\/zebrala-choc-miala-z-czego-zyc-sad-orzekl-kare-bedzie-musiala-pracowac-spolecznie\/#primaryimage","url":"https:\/\/www.24gliwice.pl\/wiadomosci\/wp-content\/uploads\/2019\/12\/\u017cebranie-g\u0142\u00f3wne.jpg","contentUrl":"https:\/\/www.24gliwice.pl\/wiadomosci\/wp-content\/uploads\/2019\/12\/\u017cebranie-g\u0142\u00f3wne.jpg","width":797,"height":448},{"@type":"BreadcrumbList","@id":"https:\/\/www.24gliwice.pl\/wiadomosci\/zebrala-choc-miala-z-czego-zyc-sad-orzekl-kare-bedzie-musiala-pracowac-spolecznie\/#breadcrumb","itemListElement":[{"@type":"ListItem","position":1,"name":"Strona g\u0142\u00f3wna","item":"https:\/\/www.24gliwice.pl\/wiadomosci\/"},{"@type":"ListItem","position":2,"name":"\u017bebra\u0142a, cho\u0107 mia\u0142a z czego \u017cy\u0107. S\u0105d orzek\u0142 kar\u0119 &#8211; b\u0119dzie musia\u0142a&#8230; popracowa\u0107 spo\u0142ecznie"}]},{"@type":"WebSite","@id":"https:\/\/www.24gliwice.pl\/wiadomosci\/#website","url":"https:\/\/www.24gliwice.pl\/wiadomosci\/","name":"24GLIWICE - Portal Gliwice | codziennie nowe wiadomo\u015bci","description":"Portal Miejski Gliwice","publisher":{"@id":"https:\/\/www.24gliwice.pl\/wiadomosci\/#organization"},"potentialAction":[{"@type":"SearchAction","target":{"@type":"EntryPoint","urlTemplate":"https:\/\/www.24gliwice.pl\/wiadomosci\/?s={search_term_string}"},"query-input":{"@type":"PropertyValueSpecification","valueRequired":true,"valueName":"search_term_string"}}],"inLanguage":"pl-PL"},{"@type":"Organization","@id":"https:\/\/www.24gliwice.pl\/wiadomosci\/#organization","name":"24gliwice","url":"https:\/\/www.24gliwice.pl\/wiadomosci\/","logo":{"@type":"ImageObject","inLanguage":"pl-PL","@id":"https:\/\/www.24gliwice.pl\/wiadomosci\/#\/schema\/logo\/image\/","url":"https:\/\/www.24gliwice.pl\/wiadomosci\/wp-content\/uploads\/2024\/10\/24gliwice-logo-696.jpg","contentUrl":"https:\/\/www.24gliwice.pl\/wiadomosci\/wp-content\/uploads\/2024\/10\/24gliwice-logo-696.jpg","width":696,"height":696,"caption":"24gliwice"},"image":{"@id":"https:\/\/www.24gliwice.pl\/wiadomosci\/#\/schema\/logo\/image\/"},"sameAs":["https:\/\/www.facebook.com\/24gliwice","https:\/\/x.com\/24gliwice","https:\/\/www.youtube.com\/@24gliwice"]},{"@type":"Person","@id":"https:\/\/www.24gliwice.pl\/wiadomosci\/#\/schema\/person\/e42c650edd7f2fa332be3811fb166b6e","name":"\u017baneta Mrozek-Siewierska","image":{"@type":"ImageObject","inLanguage":"pl-PL","@id":"https:\/\/secure.gravatar.com\/avatar\/1881429e9c64597c77ad7aef2d0a19be69a3253e57534d16aa15bf3a4d34a0a3?s=96&d=mm&r=g","url":"https:\/\/secure.gravatar.com\/avatar\/1881429e9c64597c77ad7aef2d0a19be69a3253e57534d16aa15bf3a4d34a0a3?s=96&d=mm&r=g","contentUrl":"https:\/\/secure.gravatar.com\/avatar\/1881429e9c64597c77ad7aef2d0a19be69a3253e57534d16aa15bf3a4d34a0a3?s=96&d=mm&r=g","caption":"\u017baneta Mrozek-Siewierska"},"url":"https:\/\/www.24gliwice.pl\/wiadomosci\/author\/zms\/"}]}},"_links":{"self":[{"href":"https:\/\/www.24gliwice.pl\/wiadomosci\/wp-json\/wp\/v2\/posts\/144504","targetHints":{"allow":["GET"]}}],"collection":[{"href":"https:\/\/www.24gliwice.pl\/wiadomosci\/wp-json\/wp\/v2\/posts"}],"about":[{"href":"https:\/\/www.24gliwice.pl\/wiadomosci\/wp-json\/wp\/v2\/types\/post"}],"author":[{"embeddable":true,"href":"https:\/\/www.24gliwice.pl\/wiadomosci\/wp-json\/wp\/v2\/users\/15"}],"replies":[{"embeddable":true,"href":"https:\/\/www.24gliwice.pl\/wiadomosci\/wp-json\/wp\/v2\/comments?post=144504"}],"version-history":[{"count":0,"href":"https:\/\/www.24gliwice.pl\/wiadomosci\/wp-json\/wp\/v2\/posts\/144504\/revisions"}],"wp:featuredmedia":[{"embeddable":true,"href":"https:\/\/www.24gliwice.pl\/wiadomosci\/wp-json\/wp\/v2\/media\/144511"}],"wp:attachment":[{"href":"https:\/\/www.24gliwice.pl\/wiadomosci\/wp-json\/wp\/v2\/media?parent=144504"}],"wp:term":[{"taxonomy":"category","embeddable":true,"href":"https:\/\/www.24gliwice.pl\/wiadomosci\/wp-json\/wp\/v2\/categories?post=144504"},{"taxonomy":"post_tag","embeddable":true,"href":"https:\/\/www.24gliwice.pl\/wiadomosci\/wp-json\/wp\/v2\/tags?post=144504"}],"curies":[{"name":"wp","href":"https:\/\/api.w.org\/{rel}","templated":true}]}}